{"id":67233,"date":"2026-04-26T20:32:46","date_gmt":"2026-04-26T18:32:46","guid":{"rendered":"https:\/\/www.apfelpatient.de\/?p=67233"},"modified":"2026-04-26T20:34:08","modified_gmt":"2026-04-26T18:34:08","slug":"september-1st-is-the-ideal-date-for-ternus-ceo-to-start","status":"publish","type":"post","link":"https:\/\/www.apfelpatient.de\/en\/news\/1-september-idealer-termin-fuer-ternus-ceo-start","title":{"rendered":"Why September 1st is crucial for Ternus&#039; CEO start"},"content":{"rendered":"<p class=\"has-drop-cap\"><strong>Apple didn&#039;t choose the timing of John Ternus&#039;s CEO appointment by chance. September 1, 2026, is strategically ideal: Just a few days later, the most important event quarter of the year begins, the iPhone Ultra is immediately in the spotlight \u2013 and thanks to Mark Gurman, it becomes clear exactly why Ternus is chosen to present this product on stage.<\/strong><\/p>\n\n\n\n<p class=\"translation-block\">When Apple changes CEOs, the timing is never accidental. Apple plans such transitions down to the month \u2013 and this also applies to <a href=\"https:\/\/www.apfelpatient.de\/en\/news\/john-ternus-will-be-the-new-apple-ceo-cook-is-leaving\" id=\"https:\/\/www.apfelpatient.de\/news\/john-ternus-wird-neuer-apple-ceo-cook-geht\" data-wpel-link=\"internal\" target=\"_self\">the change<\/a> from Tim Cook to John Ternus on September 1, 2026. The date is just a few days before the September event, Apple&#039;s most important event of the year. This is not a coincidence, but rather strategically orchestrated. Mark Gurman provides further details in the current Power On newsletter that reveal why this particular handover date was chosen.<\/p>\n\n\n\n<p>Three factors make September 1st the perfect date: First, the September event with the first foldable iPhone; second, the start of the holiday quarter, Apple&#039;s most important sales period; and third, the strong product pipeline that Ternus is inheriting from Cook. All three together make for a picture-perfect start for the new CEO.<\/p>\n\n\n\n<h2 class=\"wp-block-heading\" id=\"h-das-september-event-als-perfekte-buhne\">The September event as the perfect stage<\/h2>\n\n\n\n<p class=\"translation-block\">The annual September event is always one of the most important Apple dates on the calendar. But this year will be special: Apple is expected <a href=\"https:\/\/www.apfelpatient.de\/en\/generally\/iphone-fold-all-rumors-and-facts-at-a-glance\" id=\"https:\/\/www.apfelpatient.de\/allgemein\/iphone-fold-alle-geruechte-und-fakten-im-ueberblick\" data-wpel-link=\"internal\" target=\"_self\">to unveil the first foldable iPhone<\/a> \u2013 a product that could shape the iPhone market for the next ten years.<\/p>\n\n\n\n<p>By choosing September 1st as his start date as CEO, Apple deliberately ensured that Ternus could present this historic product as CEO. The handover could have taken place a few weeks later \u2013 but then Cook would have had to announce the foldable device as CEO. This gives Ternus a symbolically perfect start: his first major appearance in his new role coincides with the unveiling of the most ambitious new iPhone model since the original iPhone.<\/p>\n\n\n\n<h2 class=\"wp-block-heading\" id=\"h-ternus-war-ohnehin-der-richtige-mann-furs-foldable\">Ternus was the right man for the foldable anyway<\/h2>\n\n\n\n<p class=\"translation-block\">But there's another practical reason. According to Gurman, Ternus personally oversaw the engineering and product development of the <a href=\"https:\/\/www.apfelpatient.de\/en\/rumors\/iphone-ultra-in-dummy-comparison-with-ipad-mini\" id=\"https:\/\/www.apfelpatient.de\/rumors\/iphone-ultra-im-dummy-vergleich-mit-ipad-mini\" data-wpel-link=\"internal\" target=\"_self\">iPhone Ultra<\/a>. This makes him the natural choice for the presentation on stage. Last year, Ternus already unveiled the iPhone Air \u2013 back then as head of hardware. He was also significantly more present in the accompanying interviews during the iPhone 17 launch week than in previous years.<\/p>\n\n\n\n<p>That Apple now deliberately &quot;wants to emphasize the idea that Ternus spearheaded this entire process,&quot; as Gurman writes, fits the strategy. Cook&#039;s departure is not surprising\u2014he is handing over the reins to someone who personally shaped Apple&#039;s most prominent new product. This is classic Apple storytelling.<\/p>\n\n\n\n<h2 class=\"wp-block-heading\" id=\"h-das-holiday-quartal-als-ruckenwind\">The holiday quarter as a tailwind<\/h2>\n\n\n\n<p>The second strategic advantage: Ternus assumes CEO responsibility just weeks before Apple&#039;s most important quarter. The holiday quarter begins at the end of September and encompasses both the iPhone launch and the Christmas season. It is traditionally Apple&#039;s strongest revenue quarter of the fiscal year.<\/p>\n\n\n\n<p>Expectations for the current holiday quarter are particularly high. Analysts are forecasting revenue of around $150 billion \u2013 a new record. If this forecast proves accurate, Ternus&#039;s tenure as CEO will begin with one of the most successful quarters in Apple&#039;s history. This will give him momentum and credibility for his own strategic decisions later on.<\/p>\n\n\n\n<h2 class=\"wp-block-heading\" id=\"h-eine-starke-pipeline-wie-damals-bei-cook\">A strong pipeline \u2013 like back then with Cook<\/h2>\n\n\n\n<p class=\"translation-block\">In his <a href=\"https:\/\/www.bloomberg.com\/news\/newsletters\/2026-04-26\/new-apple-ceo-john-ternus-first-major-product-is-the-foldable-iphone-road-map-mofu521p\" id=\"https:\/\/www.bloomberg.com\/news\/newsletters\/2026-04-26\/new-apple-ceo-john-ternus-first-major-product-is-the-foldable-iphone-road-map-mofu521p\" target=\"_blank\" rel=\"noreferrer noopener\" data-wpel-link=\"external\">newsletter<\/a>, Gurman draws an interesting parallel to the Cook takeover in 2011. At that time, Cook inherited an extremely strong product lineup from Steve Jobs: the iPad 2 was fresh on the market, the iPhone 4S followed shortly after with Siri, and the following year brought the iPhone 5, iPad mini and the MacBook Pro with Retina display.<\/p>\n\n\n\n<p class=\"translation-block\">Ternus is taking over in a similarly favorable position. According to Gurman, the current iPhone lineup is \"clearly the strongest yet,\" the MacBook family has just been completely revamped with new chips, and the MacBook Neo is selling better than Apple originally projected. Added to this are the new <a href=\"\/\/www.apfelpatient.de\/en\/generally\/10-new-apple-products-to-mark-the-start-of-ceo-ternus\" id=\"https:\/\/www.apfelpatient.de\/allgemein\/10-neue-apple-produkte-zum-start-von-ceo-ternus\" data-wpel-link=\"internal\" target=\"_self\">products<\/a> Apple is planning \u2013 including Apple Glasses, AI AirPods, the HomePad, and more.<\/p>\n\n\n\n<h2 class=\"wp-block-heading\" id=\"h-warum-kein-anderer-termin-gepasst-hatte\">Why no other date would have been suitable<\/h2>\n\n\n\n<p>When you consider the alternatives, it becomes clear why Apple chose September 1st:<\/p>\n\n\n\n<ul class=\"wp-block-list\">\n<li class=\"translation-block\"><strong>Early 2026<\/strong> would have been too early \u2013 Cook wouldn&#039;t have been able to finalize the foldable design.<\/li>\n\n\n\n<li class=\"translation-block\"><strong>WWDC in June<\/strong> would have been symbolically attractive, but Ternus would have had to launch without new products.<\/li>\n\n\n\n<li class=\"translation-block\"><strong>October or later<\/strong>: Cook would have presented the September event as CEO, with Ternus in the background<\/li>\n\n\n\n<li class=\"translation-block\"><strong>Early 2027<\/strong> would be too late \u2013 Apple didn&#039;t want to schedule the transition during peak sales season.<\/li>\n<\/ul>\n\n\n\n<p>September 1st is the precise moment when the fiscal year ends (September 30th), the event timing coincides, and the foldable product launch coincides. Cook exits with a smooth quarterly close, while Ternus begins with its most prestigious product and strongest quarter yet.<\/p>\n\n\n\n<h2 class=\"wp-block-heading\" id=\"h-was-das-fur-apple-beobachter-bedeutet\">What this means for Apple watchers<\/h2>\n\n\n\n<p>Those following the CEO transition should view the coming months primarily as a staged event. Cook will continue to act as CEO in the coming weeks and months, but will increasingly delegate appointments to Ternus. Ternus will make his first official appearance as CEO at the September event \u2013 possibly even with a key role in the foldable product presentation.<\/p>\n\n\n\n<p class=\"translation-block\">Also noteworthy is what happens after September 1st. <a href=\"https:\/\/www.apfelpatient.de\/en\/news\/cook-explains-why-he-is-now-stepping-down-as-ceo\" id=\"https:\/\/www.apfelpatient.de\/news\/cook-erklaert-darum-tritt-er-jetzt-als-ceo-ab\" data-wpel-link=\"internal\" target=\"_self\">Cook isn't retiring<\/a>, but rather assuming the role of Executive Chairman. In this capacity, he will continue to advise Ternus, but will withdraw from day-to-day operations. This orderly transition is another hallmark of a long-term succession plan \u2013 very much in the Apple style.<\/p>\n\n\n\n<p>Until then, September 1st remains firmly marked on the calendar. It will be the day Apple executes one of the most unusual and meticulously planned CEO change maneuvers in the tech industry. (Image: Shutterstock \/ jackpress)<\/p>\n\n\n\n<ul class=\"wp-block-list\">\n<li><a href=\"https:\/\/www.apfelpatient.de\/en\/news\/will-the-next-entry-level-ipad-be-the-ipad-neo\" type=\"link\" id=\"https:\/\/www.apfelpatient.de\/news\/wird-das-naechste-einsteiger-ipad-zum-ipad-neo\">Will the next entry-level iPad be called the &quot;iPad Neo&quot;?<\/a><\/li>\n\n\n\n<li><a href=\"https:\/\/www.apfelpatient.de\/en\/news\/ternus-via-vision-pro-we-are-only-at-the-beginning\">Ternus speaks about Vision Pro: \"We are only at the beginning\"<\/a><\/li>\n\n\n\n<li><a href=\"https:\/\/www.apfelpatient.de\/en\/news\/apple-tv-wins-two-peabody-awards-2026\">Apple TV wins two Peabody Awards 2026<\/a><\/li>\n\n\n\n<li><a href=\"https:\/\/www.apfelpatient.de\/en\/news\/openai-introduces-gpt-5-5-for-chatgpt-and-codex\">GPT-5.5 is here: OpenAI introduces a &quot;new intelligence class&quot; for ChatGPT and Codex<\/a><\/li>\n\n\n\n<li><a href=\"https:\/\/www.apfelpatient.de\/en\/news\/perplexity-ceo-the-iphone-benefits-from-ai\">Perplexity CEO: AI will make the iPhone more important, not obsolete<\/a><\/li>\n\n\n\n<li><a href=\"https:\/\/www.apfelpatient.de\/en\/news\/mac-mini-base-model-sold-out-at-apple\">Apple's entry-level Mac mini is sold out<\/a><\/li>\n\n\n\n<li><a href=\"https:\/\/www.apfelpatient.de\/en\/news\/cooking-apple-maps-was-my-first-big-mistake\">Apple Maps was Cook&#039;s &quot;first big mistake&quot; \u2013 Apple Watch his pride and joy<\/a><\/li>\n\n\n\n<li><a href=\"https:\/\/www.apfelpatient.de\/en\/news\/openai-images-2-0-image-generation-with-thinking\">OpenAI introduces ChatGPT Images 2.0 with Thinking capabilities<\/a><\/li>\n\n\n\n<li><a href=\"https:\/\/www.apfelpatient.de\/en\/news\/ios-26-4-2-closes-fbi-signal-security-vulnerability\">iOS 26.4.2 closes a security vulnerability exploited by the FBI<\/a><\/li>\n\n\n\n<li><a href=\"https:\/\/www.apfelpatient.de\/en\/news\/google-confirms-gemini-siri-is-coming-in-2026\">Google confirms: Gemini Siri is coming in 2026<\/a><\/li>\n\n\n\n<li><a href=\"https:\/\/www.apfelpatient.de\/en\/news\/ios-26-4-2-is-here-with-bug-fixes-and-security-patches\">iOS 26.4.2 is here: Update with bug fixes available<\/a><\/li>\n\n\n\n<li><a href=\"https:\/\/www.apfelpatient.de\/en\/news\/ternus-aims-to-make-apple-tv-more-competitive\">Ternus is an Apple TV fan and wants to make the service more competitive<\/a><\/li>\n\n\n\n<li><a href=\"https:\/\/www.apfelpatient.de\/en\/news\/talent-bonding-ternus-biggest-challenge\">Talent retention will be Ternus&#039; biggest challenge.<\/a><\/li>\n\n\n\n<li><a href=\"https:\/\/www.apfelpatient.de\/en\/news\/anthropic-myth-unauthorized-access-has-been-gained\">Unauthorized access to Anthropic&#039;s myth \u2013 a security risk for Apple?<\/a><\/li>\n\n\n\n<li><a href=\"https:\/\/www.apfelpatient.de\/en\/news\/apple-managed-to-keep-the-ceo-change-perfectly-secret\">What Apple's CEO change reveals about the Company<\/a><\/li>\n\n\n\n<li><a href=\"https:\/\/www.apfelpatient.de\/en\/news\/whatsapp-ai-summary-for-all-chats\">WhatsApp is testing AI summaries for unread chats<\/a><\/li>\n\n\n\n<li><a href=\"https:\/\/www.apfelpatient.de\/en\/news\/ternus-sees-new-breakthroughs-on-the-horizon-for-apple\">Ternus: \"Apple will change the world again\"<\/a><\/li>\n\n\n\n<li><a href=\"https:\/\/www.apfelpatient.de\/en\/news\/cook-explains-why-he-is-now-stepping-down-as-ceo\">Tim Cook explains why he is stepping down as CEO now<\/a><\/li>\n\n\n\n<li><a href=\"https:\/\/www.apfelpatient.de\/en\/news\/ios-27-plans-stricter-network-security\">iOS 27 and macOS 27 bring stricter Network Security<\/a><\/li>\n\n\n\n<li><a href=\"https:\/\/www.apfelpatient.de\/en\/news\/ternus-introduces-ai-platform-at-apple\">Ternus brings a new AI platform to the Hardware Team<\/a><\/li>\n\n\n\n<li><a href=\"https:\/\/www.apfelpatient.de\/en\/news\/how-wall-street-reacted-to-apples-ceo-change\">This is how Wall Street is reacting to Apple&#039;s CEO change<\/a><\/li>\n\n\n\n<li><a href=\"https:\/\/www.apfelpatient.de\/en\/news\/silo-season-3-starts-on-july-3rd-on-apple-tv\">Silo Season 3 premieres on July 3rd on Apple TV<\/a><\/li>\n\n\n\n<li><a href=\"https:\/\/www.apfelpatient.de\/en\/news\/cook-leak-was-an-apple-test-balloon-for-ternus\">The Cook resignation &quot;leak&quot; was a planned Apple test balloon.<\/a><\/li>\n\n\n\n<li><a href=\"https:\/\/www.apfelpatient.de\/en\/news\/ternus-is-a-decisive-ceo-for-apple\">Ternus: A decisive CEO for Apple<\/a><\/li>\n<\/ul>\n\n\n\n<h6 class=\"wp-block-heading translation-block\" id=\"h-kennt-ihr-schon-unsere-amazon-storefront-dort-findet-ihr-eine-handverlesene-auswahl-von-diversen-produkten-f-r-euer-iphone-und-co-viel-spa-beim-st-bern\"><em>Have you already visited our Amazon Storefront? There you&#039;ll find a hand-picked selection of various products for your iPhone and other devices \u2013 <span class=\"has-inline-color has-vivid-red-color\"><a href=\"https:\/\/www.amazon.de\/shop\/apfelpatientofficial\" class=\"ek-link\" data-wpel-link=\"exclude\" rel=\"follow noopener\" target=\"_self\"><span style=\"text-decoration: underline\" class=\"ek-underline\">enjoy browsing<\/span><\/a> !<\/span><\/em><\/h6>\n\n\n\n<h6 class=\"wp-block-heading translation-block\" id=\"h-der-beitrag-enthalt-partnerlinks\">This post contains <a data-type=\"URL\" data-id=\"https:\/\/www.apfelpatient.de\/partnerprogramm\" href=\"https:\/\/www.apfelpatient.de\/en\/partner-program\" data-wpel-link=\"internal\" target=\"_self\">affiliate links<\/a>.<\/h6>","protected":false},"excerpt":{"rendered":"<p>Apple inszeniert Ternus&#8216; CEO-Start am 1. September perfekt: Foldable-iPhone-Launch, Holiday-Quartal und starke Produkt-Pipeline.<\/p>","protected":false},"author":2,"featured_media":67232,"comment_status":"closed","ping_status":"open","sticky":false,"template":"","format":"standard","meta":{"jnews-multi-image_gallery":[],"jnews_single_post":{"format":"standard","override":[{"template":"2","parallax":"1","fullscreen":"1","layout":"right-sidebar","sidebar":"default-sidebar","second_sidebar":"default-sidebar","sticky_sidebar":"1","share_position":"top","share_float_style":"share-monocrhome","show_featured":"1","show_post_meta":"1","show_post_author":"1","show_post_author_image":"1","show_post_date":"1","post_date_format":"default","post_date_format_custom":"Y\/m\/d","show_post_category":"1","show_post_reading_time":"0","post_reading_time_wpm":"300","post_calculate_word_method":"str_word_count","show_zoom_button":"0","zoom_button_out_step":"2","zoom_button_in_step":"3","show_post_tag":"1","show_prev_next_post":"1","show_popup_post":"1","show_comment_section":"1","number_popup_post":"1","show_author_box":"0","show_post_related":"0","show_inline_post_related":"0"}],"image_override":[{"single_post_thumbnail_size":"crop-500","single_post_gallery_size":"crop-500"}],"trending_post_position":"meta","trending_post_label":"Trending","sponsored_post_label":"Sponsored by","disable_ad":"0"},"jnews_primary_category":{"id":"9"},"footnotes":""},"categories":[9],"tags":[13],"class_list":["post-67233","post","type-post","status-publish","format-standard","has-post-thumbnail","hentry","category-news","tag-techpatient"],"yoast_head":"<!-- This site is optimized with the Yoast SEO Premium plugin v27.4 (Yoast SEO v27.4) - https:\/\/yoast.com\/product\/yoast-seo-premium-wordpress\/ -->\n<title>1. September: Idealer Termin f\u00fcr Ternus&#039; CEO-Start Apfelpatient<\/title>\n<meta name=\"description\" content=\"Apple inszeniert Ternus&#039; CEO-Start am 1. September perfekt: Foldable-iPhone-Launch, Holiday-Quartal und starke Produkt-Pipeline.\" \/>\n<meta name=\"robots\" content=\"index, follow, max-snippet:-1, max-image-preview:large, max-video-preview:-1\" \/>\n<link rel=\"canonical\" href=\"https:\/\/www.apfelpatient.de\/en\/news\/september-1st-is-the-ideal-date-for-ternus-ceo-to-start\" \/>\n<meta property=\"og:locale\" content=\"en_US\" \/>\n<meta property=\"og:type\" content=\"article\" \/>\n<meta property=\"og:title\" content=\"Warum der 1. September f\u00fcr Ternus&#039; CEO-Start entscheidend ist\" \/>\n<meta property=\"og:description\" content=\"Apple inszeniert Ternus&#039; CEO-Start am 1. September perfekt: Foldable-iPhone-Launch, Holiday-Quartal und starke Produkt-Pipeline.\" \/>\n<meta property=\"og:url\" content=\"https:\/\/www.apfelpatient.de\/en\/news\/september-1st-is-the-ideal-date-for-ternus-ceo-to-start\" \/>\n<meta property=\"og:site_name\" content=\"Apfelpatient\" \/>\n<meta property=\"article:publisher\" content=\"https:\/\/www.facebook.com\/apfelpatientOfficial\" \/>\n<meta property=\"article:author\" content=\"https:\/\/www.facebook.com\/apfelpatientOfficial\" \/>\n<meta property=\"article:published_time\" content=\"2026-04-26T18:32:46+00:00\" \/>\n<meta property=\"article:modified_time\" content=\"2026-04-26T18:34:08+00:00\" \/>\n<meta property=\"og:image\" content=\"https:\/\/www.apfelpatient.de\/wp-content\/uploads\/2026\/04\/shutterstock_2673734377.jpg\" \/>\n\t<meta property=\"og:image:width\" content=\"1600\" \/>\n\t<meta property=\"og:image:height\" content=\"1067\" \/>\n\t<meta property=\"og:image:type\" content=\"image\/jpeg\" \/>\n<meta name=\"author\" content=\"Milan\" \/>\n<meta name=\"twitter:card\" content=\"summary_large_image\" \/>\n<meta name=\"twitter:description\" content=\"Apple inszeniert Ternus&#039; CEO-Start am 1. September perfekt: Foldable-iPhone-Launch, Holiday-Quartal und starke Produkt-Pipeline.\" \/>\n<meta name=\"twitter:label1\" content=\"Written by\" \/>\n\t<meta name=\"twitter:data1\" content=\"Milan\" \/>\n\t<meta name=\"twitter:label2\" content=\"Est. reading time\" \/>\n\t<meta name=\"twitter:data2\" content=\"7 minutes\" \/>\n<script type=\"application\/ld+json\" class=\"yoast-schema-graph\">{\"@context\":\"https:\\\/\\\/schema.org\",\"@graph\":[{\"@type\":\"NewsArticle\",\"@id\":\"https:\\\/\\\/www.apfelpatient.de\\\/news\\\/1-september-idealer-termin-fuer-ternus-ceo-start#article\",\"isPartOf\":{\"@id\":\"https:\\\/\\\/www.apfelpatient.de\\\/news\\\/1-september-idealer-termin-fuer-ternus-ceo-start\"},\"author\":{\"@type\":\"Organization\",\"@id\":\"https:\\\/\\\/www.apfelpatient.de\\\/en\\\/#organization\",\"name\":\"Apfelpatient\",\"url\":\"https:\\\/\\\/www.apfelpatient.de\\\/en\\\/\"},\"headline\":\"Warum der 1. September f\u00fcr Ternus&#8216; CEO-Start entscheidend ist\",\"datePublished\":\"2026-04-26T18:32:46+00:00\",\"dateModified\":\"2026-04-26T18:34:08+00:00\",\"mainEntityOfPage\":{\"@id\":\"https:\\\/\\\/www.apfelpatient.de\\\/news\\\/1-september-idealer-termin-fuer-ternus-ceo-start\"},\"wordCount\":1131,\"publisher\":{\"@type\":\"Organization\",\"@id\":\"https:\\\/\\\/www.apfelpatient.de\\\/en\\\/#organization\",\"name\":\"Apfelpatient\",\"url\":\"https:\\\/\\\/www.apfelpatient.de\\\/en\\\/\"},\"image\":{\"@id\":\"https:\\\/\\\/www.apfelpatient.de\\\/news\\\/1-september-idealer-termin-fuer-ternus-ceo-start#primaryimage\"},\"thumbnailUrl\":\"https:\\\/\\\/www.apfelpatient.de\\\/wp-content\\\/uploads\\\/2026\\\/04\\\/shutterstock_2673734377.jpg\",\"keywords\":[\"TechPatient\"],\"articleSection\":\"News\",\"inLanguage\":\"en-US\",\"copyrightYear\":\"2026\",\"copyrightHolder\":{\"@id\":\"https:\\\/\\\/www.apfelpatient.de\\\/en\\\/#organization\"}},{\"@type\":\"WebPage\",\"@id\":\"https:\\\/\\\/www.apfelpatient.de\\\/news\\\/1-september-idealer-termin-fuer-ternus-ceo-start\",\"url\":\"https:\\\/\\\/www.apfelpatient.de\\\/news\\\/1-september-idealer-termin-fuer-ternus-ceo-start\",\"name\":\"1. September: Idealer Termin f\u00fcr Ternus' CEO-Start Apfelpatient\",\"isPartOf\":{\"@id\":\"https:\\\/\\\/www.apfelpatient.de\\\/#website\"},\"primaryImageOfPage\":{\"@id\":\"https:\\\/\\\/www.apfelpatient.de\\\/news\\\/1-september-idealer-termin-fuer-ternus-ceo-start#primaryimage\"},\"image\":{\"@id\":\"https:\\\/\\\/www.apfelpatient.de\\\/news\\\/1-september-idealer-termin-fuer-ternus-ceo-start#primaryimage\"},\"thumbnailUrl\":\"https:\\\/\\\/www.apfelpatient.de\\\/wp-content\\\/uploads\\\/2026\\\/04\\\/shutterstock_2673734377.jpg\",\"datePublished\":\"2026-04-26T18:32:46+00:00\",\"dateModified\":\"2026-04-26T18:34:08+00:00\",\"description\":\"Apple inszeniert Ternus' CEO-Start am 1. September perfekt: Foldable-iPhone-Launch, Holiday-Quartal und starke Produkt-Pipeline.\",\"breadcrumb\":{\"@id\":\"https:\\\/\\\/www.apfelpatient.de\\\/news\\\/1-september-idealer-termin-fuer-ternus-ceo-start#breadcrumb\"},\"inLanguage\":\"en-US\",\"potentialAction\":[{\"@type\":\"ReadAction\",\"target\":[\"https:\\\/\\\/www.apfelpatient.de\\\/news\\\/1-september-idealer-termin-fuer-ternus-ceo-start\"]}]},{\"@type\":\"ImageObject\",\"inLanguage\":\"en-US\",\"@id\":\"https:\\\/\\\/www.apfelpatient.de\\\/news\\\/1-september-idealer-termin-fuer-ternus-ceo-start#primaryimage\",\"url\":\"https:\\\/\\\/www.apfelpatient.de\\\/wp-content\\\/uploads\\\/2026\\\/04\\\/shutterstock_2673734377.jpg\",\"contentUrl\":\"https:\\\/\\\/www.apfelpatient.de\\\/wp-content\\\/uploads\\\/2026\\\/04\\\/shutterstock_2673734377.jpg\",\"width\":1600,\"height\":1067,\"caption\":\"Bild: Shutterstock \\\/ jackpress\"},{\"@type\":\"BreadcrumbList\",\"@id\":\"https:\\\/\\\/www.apfelpatient.de\\\/news\\\/1-september-idealer-termin-fuer-ternus-ceo-start#breadcrumb\",\"itemListElement\":[{\"@type\":\"ListItem\",\"position\":1,\"name\":\"Startseite\",\"item\":\"https:\\\/\\\/www.apfelpatient.de\\\/\"},{\"@type\":\"ListItem\",\"position\":2,\"name\":\"Warum der 1. September f\u00fcr Ternus&#8216; CEO-Start entscheidend ist\"}]},{\"@type\":\"WebSite\",\"@id\":\"https:\\\/\\\/www.apfelpatient.de\\\/#website\",\"url\":\"https:\\\/\\\/www.apfelpatient.de\\\/\",\"name\":\"Apfelpatient\",\"description\":\"Alles rund um Apple!\",\"publisher\":{\"@type\":\"Organization\",\"@id\":\"https:\\\/\\\/www.apfelpatient.de\\\/en\\\/#organization\",\"name\":\"Apfelpatient\",\"url\":\"https:\\\/\\\/www.apfelpatient.de\\\/en\\\/\"},\"alternateName\":\"Apfelpatient\",\"potentialAction\":[{\"@type\":\"SearchAction\",\"target\":{\"@type\":\"EntryPoint\",\"urlTemplate\":\"https:\\\/\\\/www.apfelpatient.de\\\/?s={search_term_string}\"},\"query-input\":{\"@type\":\"PropertyValueSpecification\",\"valueRequired\":true,\"valueName\":\"search_term_string\"}}],\"inLanguage\":\"en-US\"},{\"@type\":[\"Person\",\"Organization\"],\"@id\":\"https:\\\/\\\/www.apfelpatient.de\\\/#\\\/schema\\\/person\\\/7dc56ad6c8e9824b76d2c08d4c140e13\",\"name\":\"Milan\",\"logo\":{\"@id\":\"https:\\\/\\\/www.apfelpatient.de\\\/#\\\/schema\\\/person\\\/image\\\/\"},\"description\":\"Hallo und herzlich willkommen auf meinem Technik-Blog! Als gro\u00dfer Apple-Fan berichte ich hier \u00fcber alles, was mit Apple zu tun hat: von den neuesten News und spannenden Ger\u00fcchten \u00fcber hilfreiche Tipps und Tricks bis hin zu ausf\u00fchrlichen Produkttests. Wenn du genauso technikbegeistert bist wie ich, bist du hier genau richtig!\",\"sameAs\":[\"https:\\\/\\\/www.facebook.com\\\/apfelpatientOfficial\",\"https:\\\/\\\/www.linkedin.com\\\/in\\\/milan-jovicic-42aa0231b\"],\"url\":\"https:\\\/\\\/www.apfelpatient.de\\\/en\\\/author\\\/apfeladmin\"}]}<\/script>\n<!-- \/ Yoast SEO Premium plugin. -->","yoast_head_json":{"title":"September 1st: Ideal date for Ternus&#039; CEO start Apfelpatient","description":"Apple perfectly orchestrates Ternus&#039; CEO start on September 1st: Foldable iPhone launch, holiday quarter and strong product pipeline.","robots":{"index":"index","follow":"follow","max-snippet":"max-snippet:-1","max-image-preview":"max-image-preview:large","max-video-preview":"max-video-preview:-1"},"canonical":"https:\/\/www.apfelpatient.de\/en\/news\/september-1st-is-the-ideal-date-for-ternus-ceo-to-start","og_locale":"en_US","og_type":"article","og_title":"Warum der 1. September f\u00fcr Ternus' CEO-Start entscheidend ist","og_description":"Apple inszeniert Ternus' CEO-Start am 1. September perfekt: Foldable-iPhone-Launch, Holiday-Quartal und starke Produkt-Pipeline.","og_url":"https:\/\/www.apfelpatient.de\/en\/news\/september-1st-is-the-ideal-date-for-ternus-ceo-to-start","og_site_name":"Apfelpatient","article_publisher":"https:\/\/www.facebook.com\/apfelpatientOfficial","article_author":"https:\/\/www.facebook.com\/apfelpatientOfficial","article_published_time":"2026-04-26T18:32:46+00:00","article_modified_time":"2026-04-26T18:34:08+00:00","og_image":[{"width":1600,"height":1067,"url":"https:\/\/www.apfelpatient.de\/wp-content\/uploads\/2026\/04\/shutterstock_2673734377.jpg","type":"image\/jpeg"}],"author":"Milan","twitter_card":"summary_large_image","twitter_description":"Apple inszeniert Ternus' CEO-Start am 1. September perfekt: Foldable-iPhone-Launch, Holiday-Quartal und starke Produkt-Pipeline.","twitter_misc":{"Written by":"Milan","Est. reading time":"7 minutes"},"schema":{"@context":"https:\/\/schema.org","@graph":[{"@type":"NewsArticle","@id":"https:\/\/www.apfelpatient.de\/news\/1-september-idealer-termin-fuer-ternus-ceo-start#article","isPartOf":{"@id":"https:\/\/www.apfelpatient.de\/news\/1-september-idealer-termin-fuer-ternus-ceo-start"},"author":{"@type":"Organization","@id":"https:\/\/www.apfelpatient.de\/en\/#organization","name":"Apfelpatient","url":"https:\/\/www.apfelpatient.de\/en\/"},"headline":"Warum der 1. September f\u00fcr Ternus&#8216; CEO-Start entscheidend ist","datePublished":"2026-04-26T18:32:46+00:00","dateModified":"2026-04-26T18:34:08+00:00","mainEntityOfPage":{"@id":"https:\/\/www.apfelpatient.de\/news\/1-september-idealer-termin-fuer-ternus-ceo-start"},"wordCount":1131,"publisher":{"@type":"Organization","@id":"https:\/\/www.apfelpatient.de\/en\/#organization","name":"Apfelpatient","url":"https:\/\/www.apfelpatient.de\/en\/"},"image":{"@id":"https:\/\/www.apfelpatient.de\/news\/1-september-idealer-termin-fuer-ternus-ceo-start#primaryimage"},"thumbnailUrl":"https:\/\/www.apfelpatient.de\/wp-content\/uploads\/2026\/04\/shutterstock_2673734377.jpg","keywords":["TechPatient"],"articleSection":"News","inLanguage":"en-US","copyrightYear":"2026","copyrightHolder":{"@id":"https:\/\/www.apfelpatient.de\/en\/#organization"}},{"@type":"WebPage","@id":"https:\/\/www.apfelpatient.de\/news\/1-september-idealer-termin-fuer-ternus-ceo-start","url":"https:\/\/www.apfelpatient.de\/news\/1-september-idealer-termin-fuer-ternus-ceo-start","name":"September 1st: Ideal date for Ternus&#039; CEO start Apfelpatient","isPartOf":{"@id":"https:\/\/www.apfelpatient.de\/#website"},"primaryImageOfPage":{"@id":"https:\/\/www.apfelpatient.de\/news\/1-september-idealer-termin-fuer-ternus-ceo-start#primaryimage"},"image":{"@id":"https:\/\/www.apfelpatient.de\/news\/1-september-idealer-termin-fuer-ternus-ceo-start#primaryimage"},"thumbnailUrl":"https:\/\/www.apfelpatient.de\/wp-content\/uploads\/2026\/04\/shutterstock_2673734377.jpg","datePublished":"2026-04-26T18:32:46+00:00","dateModified":"2026-04-26T18:34:08+00:00","description":"Apple perfectly orchestrates Ternus&#039; CEO start on September 1st: Foldable iPhone launch, holiday quarter and strong product pipeline.","breadcrumb":{"@id":"https:\/\/www.apfelpatient.de\/news\/1-september-idealer-termin-fuer-ternus-ceo-start#breadcrumb"},"inLanguage":"en-US","potentialAction":[{"@type":"ReadAction","target":["https:\/\/www.apfelpatient.de\/news\/1-september-idealer-termin-fuer-ternus-ceo-start"]}]},{"@type":"ImageObject","inLanguage":"en-US","@id":"https:\/\/www.apfelpatient.de\/news\/1-september-idealer-termin-fuer-ternus-ceo-start#primaryimage","url":"https:\/\/www.apfelpatient.de\/wp-content\/uploads\/2026\/04\/shutterstock_2673734377.jpg","contentUrl":"https:\/\/www.apfelpatient.de\/wp-content\/uploads\/2026\/04\/shutterstock_2673734377.jpg","width":1600,"height":1067,"caption":"Bild: Shutterstock \/ jackpress"},{"@type":"BreadcrumbList","@id":"https:\/\/www.apfelpatient.de\/news\/1-september-idealer-termin-fuer-ternus-ceo-start#breadcrumb","itemListElement":[{"@type":"ListItem","position":1,"name":"Startseite","item":"https:\/\/www.apfelpatient.de\/"},{"@type":"ListItem","position":2,"name":"Warum der 1. September f\u00fcr Ternus&#8216; CEO-Start entscheidend ist"}]},{"@type":"WebSite","@id":"https:\/\/www.apfelpatient.de\/#website","url":"https:\/\/www.apfelpatient.de\/","name":"apple patient","description":"Everything about Apple!","publisher":{"@type":"Organization","@id":"https:\/\/www.apfelpatient.de\/en\/#organization","name":"Apfelpatient","url":"https:\/\/www.apfelpatient.de\/en\/"},"alternateName":"Apfelpatient","potentialAction":[{"@type":"SearchAction","target":{"@type":"EntryPoint","urlTemplate":"https:\/\/www.apfelpatient.de\/?s={search_term_string}"},"query-input":{"@type":"PropertyValueSpecification","valueRequired":true,"valueName":"search_term_string"}}],"inLanguage":"en-US"},{"@type":["Person","Organization"],"@id":"https:\/\/www.apfelpatient.de\/#\/schema\/person\/7dc56ad6c8e9824b76d2c08d4c140e13","name":"Milan","logo":{"@id":"https:\/\/www.apfelpatient.de\/#\/schema\/person\/image\/"},"description":"Hello and welcome to my technology blog! As a big Apple fan, I report on everything to do with Apple: from the latest news and exciting rumors to helpful tips and tricks and detailed product tests. If you are as enthusiastic about technology as I am, you have come to the right place!","sameAs":["https:\/\/www.facebook.com\/apfelpatientOfficial","https:\/\/www.linkedin.com\/in\/milan-jovicic-42aa0231b"],"url":"https:\/\/www.apfelpatient.de\/en\/author\/apfeladmin"}]}},"_links":{"self":[{"href":"https:\/\/www.apfelpatient.de\/en\/wp-json\/wp\/v2\/posts\/67233","targetHints":{"allow":["GET"]}}],"collection":[{"href":"https:\/\/www.apfelpatient.de\/en\/wp-json\/wp\/v2\/posts"}],"about":[{"href":"https:\/\/www.apfelpatient.de\/en\/wp-json\/wp\/v2\/types\/post"}],"author":[{"embeddable":true,"href":"https:\/\/www.apfelpatient.de\/en\/wp-json\/wp\/v2\/users\/2"}],"replies":[{"embeddable":true,"href":"https:\/\/www.apfelpatient.de\/en\/wp-json\/wp\/v2\/comments?post=67233"}],"version-history":[{"count":3,"href":"https:\/\/www.apfelpatient.de\/en\/wp-json\/wp\/v2\/posts\/67233\/revisions"}],"predecessor-version":[{"id":67236,"href":"https:\/\/www.apfelpatient.de\/en\/wp-json\/wp\/v2\/posts\/67233\/revisions\/67236"}],"wp:featuredmedia":[{"embeddable":true,"href":"https:\/\/www.apfelpatient.de\/en\/wp-json\/wp\/v2\/media\/67232"}],"wp:attachment":[{"href":"https:\/\/www.apfelpatient.de\/en\/wp-json\/wp\/v2\/media?parent=67233"}],"wp:term":[{"taxonomy":"category","embeddable":true,"href":"https:\/\/www.apfelpatient.de\/en\/wp-json\/wp\/v2\/categories?post=67233"},{"taxonomy":"post_tag","embeddable":true,"href":"https:\/\/www.apfelpatient.de\/en\/wp-json\/wp\/v2\/tags?post=67233"}],"curies":[{"name":"wp","href":"https:\/\/api.w.org\/{rel}","templated":true}]}}