{"id":67216,"date":"2026-04-26T17:32:15","date_gmt":"2026-04-26T15:32:15","guid":{"rendered":"https:\/\/www.apfelpatient.de\/?p=67216"},"modified":"2026-04-26T17:33:19","modified_gmt":"2026-04-26T15:33:19","slug":"will-the-giant-ipad-fold-ever-come","status":"publish","type":"post","link":"https:\/\/www.apfelpatient.de\/en\/rumors\/riesiges-ipad-fold-kommt-es-ueberhaupt-noch","title":{"rendered":"Giant iPad Fold: Will it even be released?"},"content":{"rendered":"<p class=\"has-drop-cap\"><strong>While the iPhone Ultra (iPhone Fold) is nearing its market launch, the significantly larger iPad Fold remains in limbo. According to a new report, the planned 20-inch tablet could even end up as a pure experiment in Apple&#039;s labs \u2013 without ever going on sale.<\/strong><\/p>\n\n\n\n<p class=\"translation-block\">Apple's foldable devices have been a constant topic of rumor for years. While the iPhone Fold is now clearly taking shape and is expected to be released as <a href=\"https:\/\/www.apfelpatient.de\/en\/generally\/iphone-fold-all-rumors-and-facts-at-a-glance\" id=\"https:\/\/www.apfelpatient.de\/allgemein\/iphone-fold-alle-geruechte-und-fakten-im-ueberblick\" data-wpel-link=\"internal\" target=\"_self\">the iPhone Ultra<\/a> at the end of 2026, the larger foldable project being developed in parallel remains largely unexplored. Mark Gurman has provided an important <a href=\"\/\/www.bloomberg.com\/news\/newsletters\/2026-04-26\/new-apple-ceo-john-ternus-first-major-product-is-the-foldable-iphone-road-map-mofu521p\" id=\"https:\/\/www.bloomberg.com\/news\/newsletters\/2026-04-26\/new-apple-ceo-john-ternus-first-major-product-is-the-foldable-iphone-road-map-mofu521p\" target=\"_blank\" rel=\"noreferrer noopener\" data-wpel-link=\"external\">clue<\/a> in his latest \"Power On\" newsletter: The massive foldable iPad with a 20-inch display might remain in Apple's drawers.<\/p>\n\n\n\n<p class=\"translation-block\">The source of this information is noteworthy. According to Gurman, several people close to the project are saying that the planned giant tablet may remain an experimental prototype that never makes it to market. Intriguingly, the project has so far been a personal priority for John Ternus \u2013 the designated new Apple CEO, who <a href=\"https:\/\/www.apfelpatient.de\/en\/news\/john-ternus-will-be-the-new-apple-ceo-cook-is-leaving\" id=\"https:\/\/www.apfelpatient.de\/news\/john-ternus-wird-neuer-apple-ceo-cook-geht\" data-wpel-link=\"internal\" target=\"_self\">will take<\/a> office on September 1, 2026.<\/p>\n\n\n\n<h2 class=\"wp-block-heading\" id=\"h-warum-die-prioritaten-sich-verschieben-konnten\">Why priorities might shift<\/h2>\n\n\n\n<p class=\"translation-block\">This very change from hardware chief to CEO could now plunge the project into crisis. As head of hardware, Ternus was able to push forward personal pet projects \u2013 the iPad Fold was reportedly one of them. As CEO, however, he has to manage the entire company, from services and software to finance. Hardware projects will therefore be transferred to <a href=\"https:\/\/www.apfelpatient.de\/en\/news\/johnny-srouji-will-become-apples-chief-hardware-officer\" id=\"https:\/\/www.apfelpatient.de\/news\/johny-srouji-wird-apples-chief-hardware-officer\" data-wpel-link=\"internal\" target=\"_self\">Johny Srouji as the new Chief Hardware Officer<\/a> \u2013 who will set his own priorities.<\/p>\n\n\n\n<p>A project like the iPad Fold depends on a strong advocate within the company. If Ternus no longer personally pushes it, it could be quietly shelved. Apple has taken such steps several times before \u2013 the discontinued Apple Car and AirPower charging pad demonstrate that even ambitious projects can ultimately be abandoned.<\/p>\n\n\n\n<h2 class=\"wp-block-heading\" id=\"h-die-vorgeschichte-verschiebung-um-verschiebung\">The backstory: postponement after postponement<\/h2>\n\n\n\n<p>The iPad Fold has a history of constant delays. Originally, a market launch was planned for 2028. Then rumors surfaced that the release could be pushed back to 2029. Since March 2026, Gurman has been reporting that the giant tablet might not be released at all \u2013 and the latest report confirms this line of reasoning.<\/p>\n\n\n\n<p class=\"translation-block\">We already wrote about the <a href=\"https:\/\/www.apfelpatient.de\/en\/rumors\/ipad-fold-huge-display-uncertain-future\" id=\"https:\/\/www.apfelpatient.de\/rumors\/ipad-fold-riesiges-display-ungewisse-zukunft\" data-wpel-link=\"internal\" target=\"_self\">uncertain future<\/a> of the iPad Fold at the beginning of March. The problems were clear even then: design issues, practical implementation questions, and especially the typing experience on a 20-inch foldable device. These are all hurdles that Apple has apparently not yet been able to resolve satisfactorily.<\/p>\n\n\n\n<h2 class=\"wp-block-heading\" id=\"h-was-technisch-im-raum-steht\">What is technically possible?<\/h2>\n\n\n\n<p>The planned iPad Fold should \u2013 as far as is known \u2013 have the following features:<\/p>\n\n\n\n<ul class=\"wp-block-list\">\n<li class=\"translation-block\"><strong>Display<\/strong>: 18.8 to 20 inches when unfolded, crease-free folding<\/li>\n\n\n\n<li class=\"translation-block\"><strong>Glass surface<\/strong>: Ultra-thin cover glass instead of plastic, developed by Corning<\/li>\n\n\n\n<li class=\"translation-block\"><strong>Operating system<\/strong>: iPadOS, not a Mac\/iPad hybrid<\/li>\n\n\n\n<li class=\"translation-block\"><strong>Price<\/strong>: Positioned significantly above the iPhone Ultra<\/li>\n\n\n\n<li class=\"translation-block\"><strong>Target group<\/strong>: Premium professionals and particularly tech-savvy buyers<\/li>\n<\/ul>\n\n\n\n<p>The central design idea is a foldable iPad the size of a Mac display \u2013 unfolded, it looks roughly like two iPad Pros placed side by side. The device would be most portable when folded. Therefore, its portability depends heavily on the folding mechanism.<\/p>\n\n\n\n<h2 class=\"wp-block-heading\" id=\"h-das-problem-tippen-auf-einem-riesen-klappgerat\">The problem: Typing on a giant folding device<\/h2>\n\n\n\n<p>A recurring technical issue in reports is: How do you actually type on a 20-inch foldable device? An 18- or 20-inch display that folds in the middle doesn&#039;t have a flat typing surface. The obvious solutions would be either a virtual keyboard on one of the two halves \u2013 which significantly reduces the usable screen area \u2013 or an external keyboard connector \u2013 which contradicts the concept of a pure tablet and turns the device into an odd hybrid of tablet and laptop.<\/p>\n\n\n\n<p>The fact that this problem has not yet been convincingly solved is likely one of the main reasons for the delays. A foldable giant tablet where typing capability remains an open issue is not a typical Apple product.<\/p>\n\n\n\n<h2 class=\"wp-block-heading\" id=\"h-der-mogliche-ausweg-ein-kleineres-ipad-fold\">The possible solution: A smaller iPad Fold<\/h2>\n\n\n\n<p>Alongside the reports about the giant foldable iPad, other sources had already speculated about a smaller foldable model. This model could replace the iPad mini \u2013 with screen sizes between 7 and 8 inches when folded. However, these dimensions are so close to the iPhone Fold specifications that there may have been some confusion. Which foldable format Apple will ultimately choose for an iPad remains to be seen.<\/p>\n\n\n\n<h2 class=\"wp-block-heading\" id=\"h-was-bleibt-fur-foldable-fans\">What&#039;s left for foldable fans?<\/h2>\n\n\n\n<p>For Apple fans, the message is clear: those speculating about a foldable iPad shouldn&#039;t get their hopes up too soon. The project is in a state that can only be described as &quot;Schr\u00f6dinger&#039;s iPad&quot;\u2014it exists as a prototype, but might just as easily never reach the market.<\/p>\n\n\n\n<p>The iPhone Ultra, on the other hand, is expected to actually be released at the end of 2026. Those interested in foldable Apple devices thus have at least one concrete option \u2013 the giant iPad remains a pipe dream for now. How Ternus&#039;s strategy as CEO develops will likely be a decisive factor in the future of the iPad Fold. Should he abandon the project, Apple would have quietly buried one of its most ambitious hardware ventures of recent years. (Image: Shutterstock \/ Sandor Szmutko)<\/p>\n\n\n\n<ul class=\"wp-block-list\">\n<li><a href=\"https:\/\/www.apfelpatient.de\/en\/rumors\/the-iphone-18-is-getting-an-important-pro-feature\" type=\"link\" id=\"https:\/\/www.apfelpatient.de\/rumors\/iphone-18-bekommt-ein-wichtiges-pro-feature\">According to a leak, the iPhone 18 will get an important Pro feature<\/a><\/li>\n\n\n\n<li><a href=\"https:\/\/www.apfelpatient.de\/en\/rumors\/anniversary-iphone-gets-samsung-micro-curved-oled\">Anniversary iPhone 2027: Samsung delivers micro-curved OLED Display<\/a><\/li>\n\n\n\n<li><a href=\"https:\/\/www.apfelpatient.de\/en\/rumors\/six-new-apple-product-categories-in-development\">Apple is working on six completely new product categories<\/a><\/li>\n\n\n\n<li><a href=\"https:\/\/www.apfelpatient.de\/en\/rumors\/iphone-18-pro-max-dummy-shows-thicker-camera\">iPhone 18 Pro Max: Dummy shows thicker camera unit<\/a><\/li>\n\n\n\n<li><a href=\"https:\/\/www.apfelpatient.de\/en\/rumors\/iphone-ultra-in-dummy-comparison-with-ipad-mini\">iPhone Ultra Dummy: How it compares to the iPad mini and iPhone 17 Pro Max<\/a><\/li>\n\n\n\n<li><a href=\"https:\/\/www.apfelpatient.de\/en\/rumors\/iphone-18-display-and-chip-are-being-downgraded\">iPhone 18: Display and chip reportedly receive downgrades according to leak<\/a><\/li>\n\n\n\n<li><a href=\"https:\/\/www.apfelpatient.de\/en\/rumors\/iphone-18-pro-apples-four-stage-camera-plan\">iPhone 18 Pro launches Apple&#039;s four-stage plan for camera upgrades<\/a><\/li>\n\n\n\n<li><a href=\"https:\/\/www.apfelpatient.de\/en\/rumors\/iphone-18-pro-dark-cherry-confirmed-again\">iPhone 18 Pro: Leaker confirms Dark Cherry as a key color<\/a><\/li>\n\n\n\n<li><a href=\"https:\/\/www.apfelpatient.de\/en\/rumors\/siri-ceo-rockwell-is-considering-stepping-down\">Siri CEO Rockwell is reportedly considering stepping down<\/a><\/li>\n\n\n\n<li><a href=\"https:\/\/www.apfelpatient.de\/en\/rumors\/200-mp-telephoto-camera-for-iphone-only-from-2028-onwards\">A 200-megapixel telephoto camera for the iPhone is only realistic from 2028 onwards<\/a><\/li>\n\n\n\n<li><a href=\"https:\/\/www.apfelpatient.de\/en\/rumors\/apple-glasses-launch-planned-for-late-2026\">Apple Glasses: Launch planned for late 2026 \u2013 pressure from Meta is growing<\/a><\/li>\n\n\n\n<li><a href=\"https:\/\/www.apfelpatient.de\/en\/rumors\/iphone-18-apple-lowers-specs-to-reduce-costs\">iPhone 18: Apple lowers specifications to reduce costs<\/a><\/li>\n\n\n\n<li><a href=\"https:\/\/www.apfelpatient.de\/en\/rumors\/iphone-ultra-with-camera-control-but-without-sim\">iPhone Ultra: Apple relies on Camera Control and does away with SIM card<\/a><\/li>\n\n\n\n<li><a href=\"https:\/\/www.apfelpatient.de\/en\/rumors\/ios-27-these-four-iphones-lose-support\">iOS 27: Four iPhone models lose update support<\/a><\/li>\n\n\n\n<li><a href=\"https:\/\/www.apfelpatient.de\/en\/rumors\/iphone-18-pro-image-shows-the-four-new-colors\">iPhone 18 Pro: New image shows the four expected colors<\/a><\/li>\n\n\n\n<li><a href=\"https:\/\/www.apfelpatient.de\/en\/rumors\/ios-27-undo-and-redo-for-the-home-screen\">iOS 27: Home screen gets undo and redo function<\/a><\/li>\n\n\n\n<li><a href=\"https:\/\/www.apfelpatient.de\/en\/rumors\/siri-in-ios-27-new-design-in-wwdc-invitation\">Siri in iOS 27: Apple has already hidden the new Design in the WWDC invitation<\/a><\/li>\n\n\n\n<li><a href=\"https:\/\/www.apfelpatient.de\/en\/rumors\/mac-studio-m5-launch-delayed-until-october\">New Mac Studio may not arrive until October<\/a><\/li>\n\n\n\n<li><a href=\"https:\/\/www.apfelpatient.de\/en\/rumors\/macbook-ultra-launch-delayed-due-to-storage-crisis\">MacBook Ultra: Launch slightly delayed due to storage shortage<\/a><\/li>\n\n\n\n<li><a href=\"https:\/\/www.apfelpatient.de\/en\/rumors\/iphone-18-pro-leaked-in-four-colors-dark-cherry\">iPhone 18 Pro: Four colors leaked \u2013 including the new Dark Cherry<\/a><\/li>\n\n\n\n<li><a href=\"https:\/\/www.apfelpatient.de\/en\/rumors\/ios-27-leak-reveals-four-new-features\">iOS 27: Leak reveals four new features, including a Wallet upgrade<\/a><\/li>\n\n\n\n<li><a href=\"https:\/\/www.apfelpatient.de\/en\/rumors\/apple-watch-software-repair-soon-available-in-stores\">Apple Stores will soon be able to restore Apple Watch software on-site<\/a><\/li>\n\n\n\n<li><a href=\"https:\/\/www.apfelpatient.de\/en\/rumors\/apple-sends-siri-team-to-ai-coding-bootcamp\">Apple sends Siri engineers to AI coding boot camp<\/a><\/li>\n<\/ul>\n\n\n\n<h6 class=\"wp-block-heading translation-block\" id=\"h-kennt-ihr-schon-unsere-amazon-storefront-dort-findet-ihr-eine-handverlesene-auswahl-von-diversen-produkten-f-r-euer-iphone-und-co-viel-spa-beim-st-bern\"><em>Have you already visited our Amazon Storefront? There you&#039;ll find a hand-picked selection of various products for your iPhone and other devices \u2013 <span class=\"has-inline-color has-vivid-red-color\"><a href=\"https:\/\/www.amazon.de\/shop\/apfelpatientofficial\" class=\"ek-link\" data-wpel-link=\"exclude\" rel=\"follow noopener\" target=\"_self\"><span style=\"text-decoration: underline\" class=\"ek-underline\">enjoy browsing<\/span><\/a> !<\/span><\/em><\/h6>\n\n\n\n<h6 class=\"wp-block-heading translation-block\" id=\"h-der-beitrag-enthalt-partnerlinks\">This post contains <a data-type=\"URL\" data-id=\"https:\/\/www.apfelpatient.de\/partnerprogramm\" href=\"https:\/\/www.apfelpatient.de\/en\/partner-program\" data-wpel-link=\"internal\" target=\"_self\">affiliate links<\/a>.<\/h6>","protected":false},"excerpt":{"rendered":"<p>Apple&#039;s 20-inch iPad Fold could remain a mere experiment. With the change in CEO, the project loses its most important advocate.<\/p>","protected":false},"author":2,"featured_media":67215,"comment_status":"closed","ping_status":"open","sticky":false,"template":"","format":"standard","meta":{"jnews-multi-image_gallery":[],"jnews_single_post":{"format":"standard","override":[{"template":"2","parallax":"1","fullscreen":"1","layout":"right-sidebar","sidebar":"default-sidebar","second_sidebar":"default-sidebar","sticky_sidebar":"1","share_position":"top","share_float_style":"share-monocrhome","show_featured":"1","show_post_meta":"1","show_post_author":"1","show_post_author_image":"1","show_post_date":"1","post_date_format":"default","post_date_format_custom":"Y\/m\/d","show_post_category":"1","show_post_reading_time":"0","post_reading_time_wpm":"300","post_calculate_word_method":"str_word_count","show_zoom_button":"0","zoom_button_out_step":"2","zoom_button_in_step":"3","show_post_tag":"1","show_prev_next_post":"1","show_popup_post":"1","show_comment_section":"1","number_popup_post":"1","show_author_box":"0","show_post_related":"0","show_inline_post_related":"0"}],"image_override":[{"single_post_thumbnail_size":"crop-500","single_post_gallery_size":"crop-500"}],"trending_post_position":"meta","trending_post_label":"Trending","sponsored_post_label":"Sponsored by","disable_ad":"0"},"jnews_primary_category":{"id":"25"},"footnotes":""},"categories":[25],"tags":[18,66],"class_list":["post-67216","post","type-post","status-publish","format-standard","has-post-thumbnail","hentry","category-rumors","tag-ipad","tag-ipad-pro"],"yoast_head":"<!-- This site is optimized with the Yoast SEO Premium plugin v27.4 (Yoast SEO v27.4) - https:\/\/yoast.com\/product\/yoast-seo-premium-wordpress\/ -->\n<title>Riesiges iPad Fold: Kommt es \u00fcberhaupt noch? Apfelpatient<\/title>\n<meta name=\"description\" content=\"Apples 20-Zoll-iPad-Fold k\u00f6nnte ein reines Experiment bleiben. Mit dem CEO-Wechsel verliert das Projekt seinen wichtigsten Verfechter.\" \/>\n<meta name=\"robots\" content=\"index, follow, max-snippet:-1, max-image-preview:large, max-video-preview:-1\" \/>\n<link rel=\"canonical\" href=\"https:\/\/www.apfelpatient.de\/en\/rumors\/will-the-giant-ipad-fold-ever-come\" \/>\n<meta property=\"og:locale\" content=\"en_US\" \/>\n<meta property=\"og:type\" content=\"article\" \/>\n<meta property=\"og:title\" content=\"Riesiges iPad Fold: Erscheint es \u00fcberhaupt noch?\" \/>\n<meta property=\"og:description\" content=\"Apples 20-Zoll-iPad-Fold k\u00f6nnte ein reines Experiment bleiben. Mit dem CEO-Wechsel verliert das Projekt seinen wichtigsten Verfechter.\" \/>\n<meta property=\"og:url\" content=\"https:\/\/www.apfelpatient.de\/en\/rumors\/will-the-giant-ipad-fold-ever-come\" \/>\n<meta property=\"og:site_name\" content=\"Apfelpatient\" \/>\n<meta property=\"article:publisher\" content=\"https:\/\/www.facebook.com\/apfelpatientOfficial\" \/>\n<meta property=\"article:author\" content=\"https:\/\/www.facebook.com\/apfelpatientOfficial\" \/>\n<meta property=\"article:published_time\" content=\"2026-04-26T15:32:15+00:00\" \/>\n<meta property=\"article:modified_time\" content=\"2026-04-26T15:33:19+00:00\" \/>\n<meta property=\"og:image\" content=\"https:\/\/www.apfelpatient.de\/wp-content\/uploads\/2026\/04\/shutterstock_2083255906.jpg\" \/>\n\t<meta property=\"og:image:width\" content=\"1600\" \/>\n\t<meta property=\"og:image:height\" content=\"1067\" \/>\n\t<meta property=\"og:image:type\" content=\"image\/jpeg\" \/>\n<meta name=\"author\" content=\"Milan\" \/>\n<meta name=\"twitter:card\" content=\"summary_large_image\" \/>\n<meta name=\"twitter:description\" content=\"Apples 20-Zoll-iPad-Fold k\u00f6nnte ein reines Experiment bleiben. Mit dem CEO-Wechsel verliert das Projekt seinen wichtigsten Verfechter.\" \/>\n<meta name=\"twitter:label1\" content=\"Written by\" \/>\n\t<meta name=\"twitter:data1\" content=\"Milan\" \/>\n\t<meta name=\"twitter:label2\" content=\"Est. reading time\" \/>\n\t<meta name=\"twitter:data2\" content=\"6 minutes\" \/>\n<script type=\"application\/ld+json\" class=\"yoast-schema-graph\">{\"@context\":\"https:\\\/\\\/schema.org\",\"@graph\":[{\"@type\":\"NewsArticle\",\"@id\":\"https:\\\/\\\/www.apfelpatient.de\\\/rumors\\\/riesiges-ipad-fold-kommt-es-ueberhaupt-noch#article\",\"isPartOf\":{\"@id\":\"https:\\\/\\\/www.apfelpatient.de\\\/rumors\\\/riesiges-ipad-fold-kommt-es-ueberhaupt-noch\"},\"author\":{\"@type\":\"Organization\",\"@id\":\"https:\\\/\\\/www.apfelpatient.de\\\/en\\\/#organization\",\"name\":\"Apfelpatient\",\"url\":\"https:\\\/\\\/www.apfelpatient.de\\\/en\\\/\"},\"headline\":\"Riesiges iPad Fold: Erscheint es \u00fcberhaupt noch?\",\"datePublished\":\"2026-04-26T15:32:15+00:00\",\"dateModified\":\"2026-04-26T15:33:19+00:00\",\"mainEntityOfPage\":{\"@id\":\"https:\\\/\\\/www.apfelpatient.de\\\/rumors\\\/riesiges-ipad-fold-kommt-es-ueberhaupt-noch\"},\"wordCount\":1029,\"publisher\":{\"@type\":\"Organization\",\"@id\":\"https:\\\/\\\/www.apfelpatient.de\\\/en\\\/#organization\",\"name\":\"Apfelpatient\",\"url\":\"https:\\\/\\\/www.apfelpatient.de\\\/en\\\/\"},\"image\":{\"@id\":\"https:\\\/\\\/www.apfelpatient.de\\\/rumors\\\/riesiges-ipad-fold-kommt-es-ueberhaupt-noch#primaryimage\"},\"thumbnailUrl\":\"https:\\\/\\\/www.apfelpatient.de\\\/wp-content\\\/uploads\\\/2026\\\/04\\\/shutterstock_2083255906.jpg\",\"keywords\":[\"iPad\",\"iPad Pro\"],\"articleSection\":\"Rumors\",\"inLanguage\":\"en-US\",\"copyrightYear\":\"2026\",\"copyrightHolder\":{\"@id\":\"https:\\\/\\\/www.apfelpatient.de\\\/en\\\/#organization\"}},{\"@type\":\"WebPage\",\"@id\":\"https:\\\/\\\/www.apfelpatient.de\\\/rumors\\\/riesiges-ipad-fold-kommt-es-ueberhaupt-noch\",\"url\":\"https:\\\/\\\/www.apfelpatient.de\\\/rumors\\\/riesiges-ipad-fold-kommt-es-ueberhaupt-noch\",\"name\":\"Riesiges iPad Fold: Kommt es \u00fcberhaupt noch? Apfelpatient\",\"isPartOf\":{\"@id\":\"https:\\\/\\\/www.apfelpatient.de\\\/#website\"},\"primaryImageOfPage\":{\"@id\":\"https:\\\/\\\/www.apfelpatient.de\\\/rumors\\\/riesiges-ipad-fold-kommt-es-ueberhaupt-noch#primaryimage\"},\"image\":{\"@id\":\"https:\\\/\\\/www.apfelpatient.de\\\/rumors\\\/riesiges-ipad-fold-kommt-es-ueberhaupt-noch#primaryimage\"},\"thumbnailUrl\":\"https:\\\/\\\/www.apfelpatient.de\\\/wp-content\\\/uploads\\\/2026\\\/04\\\/shutterstock_2083255906.jpg\",\"datePublished\":\"2026-04-26T15:32:15+00:00\",\"dateModified\":\"2026-04-26T15:33:19+00:00\",\"description\":\"Apples 20-Zoll-iPad-Fold k\u00f6nnte ein reines Experiment bleiben. Mit dem CEO-Wechsel verliert das Projekt seinen wichtigsten Verfechter.\",\"breadcrumb\":{\"@id\":\"https:\\\/\\\/www.apfelpatient.de\\\/rumors\\\/riesiges-ipad-fold-kommt-es-ueberhaupt-noch#breadcrumb\"},\"inLanguage\":\"en-US\",\"potentialAction\":[{\"@type\":\"ReadAction\",\"target\":[\"https:\\\/\\\/www.apfelpatient.de\\\/rumors\\\/riesiges-ipad-fold-kommt-es-ueberhaupt-noch\"]}]},{\"@type\":\"ImageObject\",\"inLanguage\":\"en-US\",\"@id\":\"https:\\\/\\\/www.apfelpatient.de\\\/rumors\\\/riesiges-ipad-fold-kommt-es-ueberhaupt-noch#primaryimage\",\"url\":\"https:\\\/\\\/www.apfelpatient.de\\\/wp-content\\\/uploads\\\/2026\\\/04\\\/shutterstock_2083255906.jpg\",\"contentUrl\":\"https:\\\/\\\/www.apfelpatient.de\\\/wp-content\\\/uploads\\\/2026\\\/04\\\/shutterstock_2083255906.jpg\",\"width\":1600,\"height\":1067,\"caption\":\"Bild: Shutterstock \\\/ Sandor Szmutko\"},{\"@type\":\"BreadcrumbList\",\"@id\":\"https:\\\/\\\/www.apfelpatient.de\\\/rumors\\\/riesiges-ipad-fold-kommt-es-ueberhaupt-noch#breadcrumb\",\"itemListElement\":[{\"@type\":\"ListItem\",\"position\":1,\"name\":\"Startseite\",\"item\":\"https:\\\/\\\/www.apfelpatient.de\\\/\"},{\"@type\":\"ListItem\",\"position\":2,\"name\":\"Riesiges iPad Fold: Erscheint es \u00fcberhaupt noch?\"}]},{\"@type\":\"WebSite\",\"@id\":\"https:\\\/\\\/www.apfelpatient.de\\\/#website\",\"url\":\"https:\\\/\\\/www.apfelpatient.de\\\/\",\"name\":\"Apfelpatient\",\"description\":\"Alles rund um Apple!\",\"publisher\":{\"@type\":\"Organization\",\"@id\":\"https:\\\/\\\/www.apfelpatient.de\\\/en\\\/#organization\",\"name\":\"Apfelpatient\",\"url\":\"https:\\\/\\\/www.apfelpatient.de\\\/en\\\/\"},\"alternateName\":\"Apfelpatient\",\"potentialAction\":[{\"@type\":\"SearchAction\",\"target\":{\"@type\":\"EntryPoint\",\"urlTemplate\":\"https:\\\/\\\/www.apfelpatient.de\\\/?s={search_term_string}\"},\"query-input\":{\"@type\":\"PropertyValueSpecification\",\"valueRequired\":true,\"valueName\":\"search_term_string\"}}],\"inLanguage\":\"en-US\"},{\"@type\":[\"Person\",\"Organization\"],\"@id\":\"https:\\\/\\\/www.apfelpatient.de\\\/#\\\/schema\\\/person\\\/7dc56ad6c8e9824b76d2c08d4c140e13\",\"name\":\"Milan\",\"logo\":{\"@id\":\"https:\\\/\\\/www.apfelpatient.de\\\/#\\\/schema\\\/person\\\/image\\\/\"},\"description\":\"Hallo und herzlich willkommen auf meinem Technik-Blog! Als gro\u00dfer Apple-Fan berichte ich hier \u00fcber alles, was mit Apple zu tun hat: von den neuesten News und spannenden Ger\u00fcchten \u00fcber hilfreiche Tipps und Tricks bis hin zu ausf\u00fchrlichen Produkttests. Wenn du genauso technikbegeistert bist wie ich, bist du hier genau richtig!\",\"sameAs\":[\"https:\\\/\\\/www.facebook.com\\\/apfelpatientOfficial\",\"https:\\\/\\\/www.linkedin.com\\\/in\\\/milan-jovicic-42aa0231b\"],\"url\":\"https:\\\/\\\/www.apfelpatient.de\\\/en\\\/author\\\/apfeladmin\"}]}<\/script>\n<!-- \/ Yoast SEO Premium plugin. -->","yoast_head_json":{"title":"Giant iPad Fold: Will it ever happen? Apfelpatient","description":"Apple&#039;s 20-inch iPad Fold could remain a mere experiment. With the change in CEO, the project loses its most important advocate.","robots":{"index":"index","follow":"follow","max-snippet":"max-snippet:-1","max-image-preview":"max-image-preview:large","max-video-preview":"max-video-preview:-1"},"canonical":"https:\/\/www.apfelpatient.de\/en\/rumors\/will-the-giant-ipad-fold-ever-come","og_locale":"en_US","og_type":"article","og_title":"Riesiges iPad Fold: Erscheint es \u00fcberhaupt noch?","og_description":"Apples 20-Zoll-iPad-Fold k\u00f6nnte ein reines Experiment bleiben. Mit dem CEO-Wechsel verliert das Projekt seinen wichtigsten Verfechter.","og_url":"https:\/\/www.apfelpatient.de\/en\/rumors\/will-the-giant-ipad-fold-ever-come","og_site_name":"Apfelpatient","article_publisher":"https:\/\/www.facebook.com\/apfelpatientOfficial","article_author":"https:\/\/www.facebook.com\/apfelpatientOfficial","article_published_time":"2026-04-26T15:32:15+00:00","article_modified_time":"2026-04-26T15:33:19+00:00","og_image":[{"width":1600,"height":1067,"url":"https:\/\/www.apfelpatient.de\/wp-content\/uploads\/2026\/04\/shutterstock_2083255906.jpg","type":"image\/jpeg"}],"author":"Milan","twitter_card":"summary_large_image","twitter_description":"Apples 20-Zoll-iPad-Fold k\u00f6nnte ein reines Experiment bleiben. Mit dem CEO-Wechsel verliert das Projekt seinen wichtigsten Verfechter.","twitter_misc":{"Written by":"Milan","Est. reading time":"6 minutes"},"schema":{"@context":"https:\/\/schema.org","@graph":[{"@type":"NewsArticle","@id":"https:\/\/www.apfelpatient.de\/rumors\/riesiges-ipad-fold-kommt-es-ueberhaupt-noch#article","isPartOf":{"@id":"https:\/\/www.apfelpatient.de\/rumors\/riesiges-ipad-fold-kommt-es-ueberhaupt-noch"},"author":{"@type":"Organization","@id":"https:\/\/www.apfelpatient.de\/en\/#organization","name":"Apfelpatient","url":"https:\/\/www.apfelpatient.de\/en\/"},"headline":"Riesiges iPad Fold: Erscheint es \u00fcberhaupt noch?","datePublished":"2026-04-26T15:32:15+00:00","dateModified":"2026-04-26T15:33:19+00:00","mainEntityOfPage":{"@id":"https:\/\/www.apfelpatient.de\/rumors\/riesiges-ipad-fold-kommt-es-ueberhaupt-noch"},"wordCount":1029,"publisher":{"@type":"Organization","@id":"https:\/\/www.apfelpatient.de\/en\/#organization","name":"Apfelpatient","url":"https:\/\/www.apfelpatient.de\/en\/"},"image":{"@id":"https:\/\/www.apfelpatient.de\/rumors\/riesiges-ipad-fold-kommt-es-ueberhaupt-noch#primaryimage"},"thumbnailUrl":"https:\/\/www.apfelpatient.de\/wp-content\/uploads\/2026\/04\/shutterstock_2083255906.jpg","keywords":["iPad","iPad Pro"],"articleSection":"Rumors","inLanguage":"en-US","copyrightYear":"2026","copyrightHolder":{"@id":"https:\/\/www.apfelpatient.de\/en\/#organization"}},{"@type":"WebPage","@id":"https:\/\/www.apfelpatient.de\/rumors\/riesiges-ipad-fold-kommt-es-ueberhaupt-noch","url":"https:\/\/www.apfelpatient.de\/rumors\/riesiges-ipad-fold-kommt-es-ueberhaupt-noch","name":"Giant iPad Fold: Will it ever happen? Apfelpatient","isPartOf":{"@id":"https:\/\/www.apfelpatient.de\/#website"},"primaryImageOfPage":{"@id":"https:\/\/www.apfelpatient.de\/rumors\/riesiges-ipad-fold-kommt-es-ueberhaupt-noch#primaryimage"},"image":{"@id":"https:\/\/www.apfelpatient.de\/rumors\/riesiges-ipad-fold-kommt-es-ueberhaupt-noch#primaryimage"},"thumbnailUrl":"https:\/\/www.apfelpatient.de\/wp-content\/uploads\/2026\/04\/shutterstock_2083255906.jpg","datePublished":"2026-04-26T15:32:15+00:00","dateModified":"2026-04-26T15:33:19+00:00","description":"Apple&#039;s 20-inch iPad Fold could remain a mere experiment. With the change in CEO, the project loses its most important advocate.","breadcrumb":{"@id":"https:\/\/www.apfelpatient.de\/rumors\/riesiges-ipad-fold-kommt-es-ueberhaupt-noch#breadcrumb"},"inLanguage":"en-US","potentialAction":[{"@type":"ReadAction","target":["https:\/\/www.apfelpatient.de\/rumors\/riesiges-ipad-fold-kommt-es-ueberhaupt-noch"]}]},{"@type":"ImageObject","inLanguage":"en-US","@id":"https:\/\/www.apfelpatient.de\/rumors\/riesiges-ipad-fold-kommt-es-ueberhaupt-noch#primaryimage","url":"https:\/\/www.apfelpatient.de\/wp-content\/uploads\/2026\/04\/shutterstock_2083255906.jpg","contentUrl":"https:\/\/www.apfelpatient.de\/wp-content\/uploads\/2026\/04\/shutterstock_2083255906.jpg","width":1600,"height":1067,"caption":"Bild: Shutterstock \/ Sandor Szmutko"},{"@type":"BreadcrumbList","@id":"https:\/\/www.apfelpatient.de\/rumors\/riesiges-ipad-fold-kommt-es-ueberhaupt-noch#breadcrumb","itemListElement":[{"@type":"ListItem","position":1,"name":"Startseite","item":"https:\/\/www.apfelpatient.de\/"},{"@type":"ListItem","position":2,"name":"Riesiges iPad Fold: Erscheint es \u00fcberhaupt noch?"}]},{"@type":"WebSite","@id":"https:\/\/www.apfelpatient.de\/#website","url":"https:\/\/www.apfelpatient.de\/","name":"apple patient","description":"Everything about Apple!","publisher":{"@type":"Organization","@id":"https:\/\/www.apfelpatient.de\/en\/#organization","name":"Apfelpatient","url":"https:\/\/www.apfelpatient.de\/en\/"},"alternateName":"Apfelpatient","potentialAction":[{"@type":"SearchAction","target":{"@type":"EntryPoint","urlTemplate":"https:\/\/www.apfelpatient.de\/?s={search_term_string}"},"query-input":{"@type":"PropertyValueSpecification","valueRequired":true,"valueName":"search_term_string"}}],"inLanguage":"en-US"},{"@type":["Person","Organization"],"@id":"https:\/\/www.apfelpatient.de\/#\/schema\/person\/7dc56ad6c8e9824b76d2c08d4c140e13","name":"Milan","logo":{"@id":"https:\/\/www.apfelpatient.de\/#\/schema\/person\/image\/"},"description":"Hello and welcome to my technology blog! As a big Apple fan, I report on everything to do with Apple: from the latest news and exciting rumors to helpful tips and tricks and detailed product tests. If you are as enthusiastic about technology as I am, you have come to the right place!","sameAs":["https:\/\/www.facebook.com\/apfelpatientOfficial","https:\/\/www.linkedin.com\/in\/milan-jovicic-42aa0231b"],"url":"https:\/\/www.apfelpatient.de\/en\/author\/apfeladmin"}]}},"_links":{"self":[{"href":"https:\/\/www.apfelpatient.de\/en\/wp-json\/wp\/v2\/posts\/67216","targetHints":{"allow":["GET"]}}],"collection":[{"href":"https:\/\/www.apfelpatient.de\/en\/wp-json\/wp\/v2\/posts"}],"about":[{"href":"https:\/\/www.apfelpatient.de\/en\/wp-json\/wp\/v2\/types\/post"}],"author":[{"embeddable":true,"href":"https:\/\/www.apfelpatient.de\/en\/wp-json\/wp\/v2\/users\/2"}],"replies":[{"embeddable":true,"href":"https:\/\/www.apfelpatient.de\/en\/wp-json\/wp\/v2\/comments?post=67216"}],"version-history":[{"count":2,"href":"https:\/\/www.apfelpatient.de\/en\/wp-json\/wp\/v2\/posts\/67216\/revisions"}],"predecessor-version":[{"id":67218,"href":"https:\/\/www.apfelpatient.de\/en\/wp-json\/wp\/v2\/posts\/67216\/revisions\/67218"}],"wp:featuredmedia":[{"embeddable":true,"href":"https:\/\/www.apfelpatient.de\/en\/wp-json\/wp\/v2\/media\/67215"}],"wp:attachment":[{"href":"https:\/\/www.apfelpatient.de\/en\/wp-json\/wp\/v2\/media?parent=67216"}],"wp:term":[{"taxonomy":"category","embeddable":true,"href":"https:\/\/www.apfelpatient.de\/en\/wp-json\/wp\/v2\/categories?post=67216"},{"taxonomy":"post_tag","embeddable":true,"href":"https:\/\/www.apfelpatient.de\/en\/wp-json\/wp\/v2\/tags?post=67216"}],"curies":[{"name":"wp","href":"https:\/\/api.w.org\/{rel}","templated":true}]}}