{"id":6698,"date":"2019-10-14T23:42:40","date_gmt":"2019-10-14T21:42:40","guid":{"rendered":"https:\/\/www.apfelpatient.de\/?p=6698"},"modified":"2025-10-14T16:22:31","modified_gmt":"2025-10-14T14:22:31","slug":"apple-publishes-its-own-press-page-for-apple-tv","status":"publish","type":"post","link":"https:\/\/www.apfelpatient.de\/en\/news\/apple-veroeffentlicht-eigene-presseseite-fuer-apple-tv","title":{"rendered":"Apple publishes its own press page for Apple TV+"},"content":{"rendered":"<p class=\"p1\"><strong>The new streaming service Apple TV+ is ready to launch \u2013 it is finally set to launch on November 1st. As part of the preparations, Apple has now published its own media page for Apple TV+.<\/strong><\/p>\n<p class=\"p1\">The new press page is called \u201c<a href=\"https:\/\/apple-tv-plus-press.apple.com\/en-US\/originals\/\" target=\"_blank\" rel=\"noopener noreferrer\">Apple TV+ Press<\/a>&quot; and offers access to press materials related to Apple TV+. The new page states: &quot;Press materials for Apple TV+, the new home of the world&#039;s most creative storytellers.&quot; Apple usually publishes press releases about the latest announcements via the newsroom - but obviously content about the new streaming service is to be presented separately. The creation of such a special media page, separated from the usual company announcements, is primarily intended to make it easier to promote the content, as journalists have simplified access to the necessary resources. In addition to Apple, other film studios also have a similar process - including Netflix.<\/p>\n<p class=\"p1\"><strong>Apple TV+ Press<\/strong><\/p>\n<p class=\"p1\">Apple&#039;s new media site currently features a list of 15 different shows and movies. Some of the titles listed will be available on November 1st, while some of these shows or movies will be released at a later date. The content featured includes:<\/p>\n<ul>\n<li class=\"p1\">The Morning Show<\/li>\n<li class=\"p1\">lake<\/li>\n<li class=\"p1\">Dickinson<\/li>\n<li class=\"p1\">For All Mankind<\/li>\n<li class=\"p1\">Oprah<\/li>\n<li class=\"p1\">Helpsters<\/li>\n<li class=\"p1\">Snoopy in Space<\/li>\n<li class=\"p1\">ghostwriter<\/li>\n<li class=\"p1\">The Elephant Queen<\/li>\n<li class=\"p1\">Servant<\/li>\n<li class=\"p1\">Hala<\/li>\n<li class=\"p1\">Truth Be Told<\/li>\n<li class=\"p1\">Little America<\/li>\n<li class=\"p1\">The Banker<\/li>\n<li class=\"p1\">Little Voice<\/li>\n<\/ul>\n<figure id=\"attachment_6700\" aria-describedby=\"caption-attachment-6700\" style=\"width: 1500px\" class=\"wp-caption aligncenter\"><img decoding=\"async\" class=\"size-full wp-image-6700\" src=\"https:\/\/www.apfelpatient.de\/wp-content\/uploads\/2019\/10\/IMG_2821.png\" alt=\"Screenshot: Apfelpatient\" width=\"1500\" height=\"2700\" \/><figcaption id=\"caption-attachment-6700\" class=\"wp-caption-text\">Screenshot: Apfelpatient<\/figcaption><\/figure>\n<p class=\"p1\">Each individual title includes a description as well as links to trailers or videos or photos related to the project. A cast list with further details about the individual characters is also included. Producers, directors and authors are also listed.<\/p>\n<p class=\"p1\"><\/p>\n<p class=\"p1\">Corresponding social media links and a press contact can also be found there. Apple TV+ launches on November 1st and costs 4.99 euros per month - a free trial month including family sharing is also included. Current promotion: Buyers of selected Apple devices get free access to the new streaming service for a year. <em>(Screenshot: Apfelpatient)<\/em><\/p>\n<div class=\"simple-text tt-content size-4 title-droid margin-big\">\n<div class=\"simple-text tt-content size-4 title-droid margin-big\">\n<h5><em><strong>You don&#039;t want to miss any more news? Then subscribe to our <a href=\"https:\/\/t.me\/apfelpatient_official\">Telegram channel<\/a><\/strong><\/em><\/h5>\n<\/div>\n<\/div>","protected":false},"excerpt":{"rendered":"<p>Der neue Streaming-Dienst Apple TV+ steht in den Startl\u00f6chern &#8211; am 01. November soll es endlich losgehen. Im Zuge der Vorbereitungen hat Apple nun eine eigene Medienseite f\u00fcr Apple TV+ ver\u00f6ffentlicht. Die neue Presseseite hei\u00dft &#8222;Apple TV+ Press&#8220; und bietet dabei Zugang zu Pressematerial rund um Apple TV+. So hei\u00dft es auf der neuen Seite: [&hellip;]<\/p>\n","protected":false},"author":2,"featured_media":6699,"comment_status":"closed","ping_status":"open","sticky":false,"template":"","format":"standard","meta":{"jnews-multi-image_gallery":[],"jnews_single_post":[],"jnews_primary_category":[],"footnotes":""},"categories":[9],"tags":[34,156,248],"class_list":["post-6698","post","type-post","status-publish","format-standard","has-post-thumbnail","hentry","category-news","tag-apple-dienste","tag-apple-tv","tag-apple-tv-plus"],"yoast_head":"<!-- This site is optimized with the Yoast SEO Premium plugin v27.5 (Yoast SEO v27.5) - https:\/\/yoast.com\/product\/yoast-seo-premium-wordpress\/ -->\n<title>Apple ver\u00f6ffentlicht eigene Presseseite f\u00fcr Apple TV+<\/title>\n<meta name=\"description\" content=\"Der neue Streaming-Dienst Apple TV+ steht in den Startl\u00f6chern - am 01. November soll es endlich losgehen.\" \/>\n<meta name=\"robots\" content=\"index, follow, max-snippet:-1, max-image-preview:large, max-video-preview:-1\" \/>\n<link rel=\"canonical\" href=\"https:\/\/www.apfelpatient.de\/en\/news\/apple-publishes-its-own-press-page-for-apple-tv\" \/>\n<meta property=\"og:locale\" content=\"en_US\" \/>\n<meta property=\"og:type\" content=\"article\" \/>\n<meta property=\"og:title\" content=\"Apple ver\u00f6ffentlicht eigene Presseseite f\u00fcr Apple TV+\" \/>\n<meta property=\"og:description\" content=\"Der neue Streaming-Dienst Apple TV+ steht in den Startl\u00f6chern - am 01. November soll es endlich losgehen.\" \/>\n<meta property=\"og:url\" content=\"https:\/\/www.apfelpatient.de\/en\/news\/apple-publishes-its-own-press-page-for-apple-tv\" \/>\n<meta property=\"og:site_name\" content=\"Apfelpatient\" \/>\n<meta property=\"article:publisher\" content=\"https:\/\/www.facebook.com\/apfelpatientOfficial\" \/>\n<meta property=\"article:author\" content=\"https:\/\/www.facebook.com\/apfelpatientOfficial\" \/>\n<meta property=\"article:published_time\" content=\"2019-10-14T21:42:40+00:00\" \/>\n<meta property=\"article:modified_time\" content=\"2025-10-14T14:22:31+00:00\" \/>\n<meta property=\"og:image\" content=\"https:\/\/www.apfelpatient.de\/wp-content\/uploads\/2019\/10\/IMG_2818.png\" \/>\n\t<meta property=\"og:image:width\" content=\"1600\" \/>\n\t<meta property=\"og:image:height\" content=\"1600\" \/>\n\t<meta property=\"og:image:type\" content=\"image\/png\" \/>\n<meta name=\"author\" content=\"Milan\" \/>\n<meta name=\"twitter:card\" content=\"summary_large_image\" \/>\n<meta name=\"twitter:title\" content=\"Apple ver\u00f6ffentlicht eigene Presseseite f\u00fcr Apple TV+\" \/>\n<meta name=\"twitter:label1\" content=\"Written by\" \/>\n\t<meta name=\"twitter:data1\" content=\"Milan\" \/>\n\t<meta name=\"twitter:label2\" content=\"Est. reading time\" \/>\n\t<meta name=\"twitter:data2\" content=\"2 minutes\" \/>\n<script type=\"application\/ld+json\" class=\"yoast-schema-graph\">{\"@context\":\"https:\\\/\\\/schema.org\",\"@graph\":[{\"@type\":\"NewsArticle\",\"@id\":\"https:\\\/\\\/www.apfelpatient.de\\\/news\\\/apple-veroeffentlicht-eigene-presseseite-fuer-apple-tv#article\",\"isPartOf\":{\"@id\":\"https:\\\/\\\/www.apfelpatient.de\\\/news\\\/apple-veroeffentlicht-eigene-presseseite-fuer-apple-tv\"},\"author\":{\"@type\":\"Organization\",\"@id\":\"https:\\\/\\\/www.apfelpatient.de\\\/en\\\/#organization\",\"name\":\"Apfelpatient\",\"url\":\"https:\\\/\\\/www.apfelpatient.de\\\/en\\\/\"},\"headline\":\"Apple ver\u00f6ffentlicht eigene Presseseite f\u00fcr Apple TV+\",\"datePublished\":\"2019-10-14T21:42:40+00:00\",\"dateModified\":\"2025-10-14T14:22:31+00:00\",\"mainEntityOfPage\":{\"@id\":\"https:\\\/\\\/www.apfelpatient.de\\\/news\\\/apple-veroeffentlicht-eigene-presseseite-fuer-apple-tv\"},\"wordCount\":348,\"publisher\":{\"@type\":\"Organization\",\"@id\":\"https:\\\/\\\/www.apfelpatient.de\\\/en\\\/#organization\",\"name\":\"Apfelpatient\",\"url\":\"https:\\\/\\\/www.apfelpatient.de\\\/en\\\/\"},\"image\":{\"@id\":\"https:\\\/\\\/www.apfelpatient.de\\\/news\\\/apple-veroeffentlicht-eigene-presseseite-fuer-apple-tv#primaryimage\"},\"thumbnailUrl\":\"https:\\\/\\\/www.apfelpatient.de\\\/wp-content\\\/uploads\\\/2019\\\/10\\\/IMG_2818.png\",\"keywords\":[\"Apple Dienste\",\"Apple TV\",\"Apple TV Plus\"],\"articleSection\":\"News\",\"inLanguage\":\"en-US\",\"copyrightYear\":\"2019\",\"copyrightHolder\":{\"@id\":\"https:\\\/\\\/www.apfelpatient.de\\\/en\\\/#organization\"}},{\"@type\":\"WebPage\",\"@id\":\"https:\\\/\\\/www.apfelpatient.de\\\/news\\\/apple-veroeffentlicht-eigene-presseseite-fuer-apple-tv\",\"url\":\"https:\\\/\\\/www.apfelpatient.de\\\/news\\\/apple-veroeffentlicht-eigene-presseseite-fuer-apple-tv\",\"name\":\"Apple ver\u00f6ffentlicht eigene Presseseite f\u00fcr Apple TV+\",\"isPartOf\":{\"@id\":\"https:\\\/\\\/www.apfelpatient.de\\\/#website\"},\"primaryImageOfPage\":{\"@id\":\"https:\\\/\\\/www.apfelpatient.de\\\/news\\\/apple-veroeffentlicht-eigene-presseseite-fuer-apple-tv#primaryimage\"},\"image\":{\"@id\":\"https:\\\/\\\/www.apfelpatient.de\\\/news\\\/apple-veroeffentlicht-eigene-presseseite-fuer-apple-tv#primaryimage\"},\"thumbnailUrl\":\"https:\\\/\\\/www.apfelpatient.de\\\/wp-content\\\/uploads\\\/2019\\\/10\\\/IMG_2818.png\",\"datePublished\":\"2019-10-14T21:42:40+00:00\",\"dateModified\":\"2025-10-14T14:22:31+00:00\",\"description\":\"Der neue Streaming-Dienst Apple TV+ steht in den Startl\u00f6chern - am 01. November soll es endlich losgehen.\",\"breadcrumb\":{\"@id\":\"https:\\\/\\\/www.apfelpatient.de\\\/news\\\/apple-veroeffentlicht-eigene-presseseite-fuer-apple-tv#breadcrumb\"},\"inLanguage\":\"en-US\",\"potentialAction\":[{\"@type\":\"ReadAction\",\"target\":[\"https:\\\/\\\/www.apfelpatient.de\\\/news\\\/apple-veroeffentlicht-eigene-presseseite-fuer-apple-tv\"]}]},{\"@type\":\"ImageObject\",\"inLanguage\":\"en-US\",\"@id\":\"https:\\\/\\\/www.apfelpatient.de\\\/news\\\/apple-veroeffentlicht-eigene-presseseite-fuer-apple-tv#primaryimage\",\"url\":\"https:\\\/\\\/www.apfelpatient.de\\\/wp-content\\\/uploads\\\/2019\\\/10\\\/IMG_2818.png\",\"contentUrl\":\"https:\\\/\\\/www.apfelpatient.de\\\/wp-content\\\/uploads\\\/2019\\\/10\\\/IMG_2818.png\",\"width\":1600,\"height\":1600,\"caption\":\"Screenshot: Apfelpatient\"},{\"@type\":\"BreadcrumbList\",\"@id\":\"https:\\\/\\\/www.apfelpatient.de\\\/news\\\/apple-veroeffentlicht-eigene-presseseite-fuer-apple-tv#breadcrumb\",\"itemListElement\":[{\"@type\":\"ListItem\",\"position\":1,\"name\":\"Startseite\",\"item\":\"https:\\\/\\\/www.apfelpatient.de\\\/\"},{\"@type\":\"ListItem\",\"position\":2,\"name\":\"Apple ver\u00f6ffentlicht eigene Presseseite f\u00fcr Apple TV+\"}]},{\"@type\":\"WebSite\",\"@id\":\"https:\\\/\\\/www.apfelpatient.de\\\/#website\",\"url\":\"https:\\\/\\\/www.apfelpatient.de\\\/\",\"name\":\"Apfelpatient\",\"description\":\"Alles rund um Apple!\",\"publisher\":{\"@type\":\"Organization\",\"@id\":\"https:\\\/\\\/www.apfelpatient.de\\\/en\\\/#organization\",\"name\":\"Apfelpatient\",\"url\":\"https:\\\/\\\/www.apfelpatient.de\\\/en\\\/\"},\"alternateName\":\"Apfelpatient\",\"potentialAction\":[{\"@type\":\"SearchAction\",\"target\":{\"@type\":\"EntryPoint\",\"urlTemplate\":\"https:\\\/\\\/www.apfelpatient.de\\\/?s={search_term_string}\"},\"query-input\":{\"@type\":\"PropertyValueSpecification\",\"valueRequired\":true,\"valueName\":\"search_term_string\"}}],\"inLanguage\":\"en-US\"},{\"@type\":[\"Person\",\"Organization\"],\"@id\":\"https:\\\/\\\/www.apfelpatient.de\\\/#\\\/schema\\\/person\\\/7dc56ad6c8e9824b76d2c08d4c140e13\",\"name\":\"Milan\",\"logo\":{\"@id\":\"https:\\\/\\\/www.apfelpatient.de\\\/#\\\/schema\\\/person\\\/image\\\/\"},\"description\":\"Hallo und herzlich willkommen auf meinem Technik-Blog! Als gro\u00dfer Apple-Fan berichte ich hier \u00fcber alles, was mit Apple zu tun hat: von den neuesten News und spannenden Ger\u00fcchten \u00fcber hilfreiche Tipps und Tricks bis hin zu ausf\u00fchrlichen Produkttests. Wenn du genauso technikbegeistert bist wie ich, bist du hier genau richtig!\",\"sameAs\":[\"https:\\\/\\\/www.facebook.com\\\/apfelpatientOfficial\",\"https:\\\/\\\/www.linkedin.com\\\/in\\\/milan-jovicic-42aa0231b\"],\"url\":\"https:\\\/\\\/www.apfelpatient.de\\\/en\\\/author\\\/apfeladmin\"}]}<\/script>\n<!-- \/ Yoast SEO Premium plugin. -->","yoast_head_json":{"title":"Apple publishes its own press page for Apple TV+","description":"The new streaming service Apple TV+ is in the starting blocks - it is finally set to launch on November 1st.","robots":{"index":"index","follow":"follow","max-snippet":"max-snippet:-1","max-image-preview":"max-image-preview:large","max-video-preview":"max-video-preview:-1"},"canonical":"https:\/\/www.apfelpatient.de\/en\/news\/apple-publishes-its-own-press-page-for-apple-tv","og_locale":"en_US","og_type":"article","og_title":"Apple ver\u00f6ffentlicht eigene Presseseite f\u00fcr Apple TV+","og_description":"Der neue Streaming-Dienst Apple TV+ steht in den Startl\u00f6chern - am 01. November soll es endlich losgehen.","og_url":"https:\/\/www.apfelpatient.de\/en\/news\/apple-publishes-its-own-press-page-for-apple-tv","og_site_name":"Apfelpatient","article_publisher":"https:\/\/www.facebook.com\/apfelpatientOfficial","article_author":"https:\/\/www.facebook.com\/apfelpatientOfficial","article_published_time":"2019-10-14T21:42:40+00:00","article_modified_time":"2025-10-14T14:22:31+00:00","og_image":[{"width":1600,"height":1600,"url":"https:\/\/www.apfelpatient.de\/wp-content\/uploads\/2019\/10\/IMG_2818.png","type":"image\/png"}],"author":"Milan","twitter_card":"summary_large_image","twitter_title":"Apple ver\u00f6ffentlicht eigene Presseseite f\u00fcr Apple TV+","twitter_misc":{"Written by":"Milan","Est. reading time":"2 minutes"},"schema":{"@context":"https:\/\/schema.org","@graph":[{"@type":"NewsArticle","@id":"https:\/\/www.apfelpatient.de\/news\/apple-veroeffentlicht-eigene-presseseite-fuer-apple-tv#article","isPartOf":{"@id":"https:\/\/www.apfelpatient.de\/news\/apple-veroeffentlicht-eigene-presseseite-fuer-apple-tv"},"author":{"@type":"Organization","@id":"https:\/\/www.apfelpatient.de\/en\/#organization","name":"Apfelpatient","url":"https:\/\/www.apfelpatient.de\/en\/"},"headline":"Apple ver\u00f6ffentlicht eigene Presseseite f\u00fcr Apple TV+","datePublished":"2019-10-14T21:42:40+00:00","dateModified":"2025-10-14T14:22:31+00:00","mainEntityOfPage":{"@id":"https:\/\/www.apfelpatient.de\/news\/apple-veroeffentlicht-eigene-presseseite-fuer-apple-tv"},"wordCount":348,"publisher":{"@type":"Organization","@id":"https:\/\/www.apfelpatient.de\/en\/#organization","name":"Apfelpatient","url":"https:\/\/www.apfelpatient.de\/en\/"},"image":{"@id":"https:\/\/www.apfelpatient.de\/news\/apple-veroeffentlicht-eigene-presseseite-fuer-apple-tv#primaryimage"},"thumbnailUrl":"https:\/\/www.apfelpatient.de\/wp-content\/uploads\/2019\/10\/IMG_2818.png","keywords":["Apple Dienste","Apple TV","Apple TV Plus"],"articleSection":"News","inLanguage":"en-US","copyrightYear":"2019","copyrightHolder":{"@id":"https:\/\/www.apfelpatient.de\/en\/#organization"}},{"@type":"WebPage","@id":"https:\/\/www.apfelpatient.de\/news\/apple-veroeffentlicht-eigene-presseseite-fuer-apple-tv","url":"https:\/\/www.apfelpatient.de\/news\/apple-veroeffentlicht-eigene-presseseite-fuer-apple-tv","name":"Apple publishes its own press page for Apple TV+","isPartOf":{"@id":"https:\/\/www.apfelpatient.de\/#website"},"primaryImageOfPage":{"@id":"https:\/\/www.apfelpatient.de\/news\/apple-veroeffentlicht-eigene-presseseite-fuer-apple-tv#primaryimage"},"image":{"@id":"https:\/\/www.apfelpatient.de\/news\/apple-veroeffentlicht-eigene-presseseite-fuer-apple-tv#primaryimage"},"thumbnailUrl":"https:\/\/www.apfelpatient.de\/wp-content\/uploads\/2019\/10\/IMG_2818.png","datePublished":"2019-10-14T21:42:40+00:00","dateModified":"2025-10-14T14:22:31+00:00","description":"The new streaming service Apple TV+ is in the starting blocks - it is finally set to launch on November 1st.","breadcrumb":{"@id":"https:\/\/www.apfelpatient.de\/news\/apple-veroeffentlicht-eigene-presseseite-fuer-apple-tv#breadcrumb"},"inLanguage":"en-US","potentialAction":[{"@type":"ReadAction","target":["https:\/\/www.apfelpatient.de\/news\/apple-veroeffentlicht-eigene-presseseite-fuer-apple-tv"]}]},{"@type":"ImageObject","inLanguage":"en-US","@id":"https:\/\/www.apfelpatient.de\/news\/apple-veroeffentlicht-eigene-presseseite-fuer-apple-tv#primaryimage","url":"https:\/\/www.apfelpatient.de\/wp-content\/uploads\/2019\/10\/IMG_2818.png","contentUrl":"https:\/\/www.apfelpatient.de\/wp-content\/uploads\/2019\/10\/IMG_2818.png","width":1600,"height":1600,"caption":"Screenshot: Apfelpatient"},{"@type":"BreadcrumbList","@id":"https:\/\/www.apfelpatient.de\/news\/apple-veroeffentlicht-eigene-presseseite-fuer-apple-tv#breadcrumb","itemListElement":[{"@type":"ListItem","position":1,"name":"Startseite","item":"https:\/\/www.apfelpatient.de\/"},{"@type":"ListItem","position":2,"name":"Apple ver\u00f6ffentlicht eigene Presseseite f\u00fcr Apple TV+"}]},{"@type":"WebSite","@id":"https:\/\/www.apfelpatient.de\/#website","url":"https:\/\/www.apfelpatient.de\/","name":"apple patient","description":"Everything about Apple!","publisher":{"@type":"Organization","@id":"https:\/\/www.apfelpatient.de\/en\/#organization","name":"Apfelpatient","url":"https:\/\/www.apfelpatient.de\/en\/"},"alternateName":"Apfelpatient","potentialAction":[{"@type":"SearchAction","target":{"@type":"EntryPoint","urlTemplate":"https:\/\/www.apfelpatient.de\/?s={search_term_string}"},"query-input":{"@type":"PropertyValueSpecification","valueRequired":true,"valueName":"search_term_string"}}],"inLanguage":"en-US"},{"@type":["Person","Organization"],"@id":"https:\/\/www.apfelpatient.de\/#\/schema\/person\/7dc56ad6c8e9824b76d2c08d4c140e13","name":"Milan","logo":{"@id":"https:\/\/www.apfelpatient.de\/#\/schema\/person\/image\/"},"description":"Hello and welcome to my technology blog! As a big Apple fan, I report on everything to do with Apple: from the latest news and exciting rumors to helpful tips and tricks and detailed product tests. If you are as enthusiastic about technology as I am, you have come to the right place!","sameAs":["https:\/\/www.facebook.com\/apfelpatientOfficial","https:\/\/www.linkedin.com\/in\/milan-jovicic-42aa0231b"],"url":"https:\/\/www.apfelpatient.de\/en\/author\/apfeladmin"}]}},"_links":{"self":[{"href":"https:\/\/www.apfelpatient.de\/en\/wp-json\/wp\/v2\/posts\/6698","targetHints":{"allow":["GET"]}}],"collection":[{"href":"https:\/\/www.apfelpatient.de\/en\/wp-json\/wp\/v2\/posts"}],"about":[{"href":"https:\/\/www.apfelpatient.de\/en\/wp-json\/wp\/v2\/types\/post"}],"author":[{"embeddable":true,"href":"https:\/\/www.apfelpatient.de\/en\/wp-json\/wp\/v2\/users\/2"}],"replies":[{"embeddable":true,"href":"https:\/\/www.apfelpatient.de\/en\/wp-json\/wp\/v2\/comments?post=6698"}],"version-history":[{"count":0,"href":"https:\/\/www.apfelpatient.de\/en\/wp-json\/wp\/v2\/posts\/6698\/revisions"}],"wp:featuredmedia":[{"embeddable":true,"href":"https:\/\/www.apfelpatient.de\/en\/wp-json\/wp\/v2\/media\/6699"}],"wp:attachment":[{"href":"https:\/\/www.apfelpatient.de\/en\/wp-json\/wp\/v2\/media?parent=6698"}],"wp:term":[{"taxonomy":"category","embeddable":true,"href":"https:\/\/www.apfelpatient.de\/en\/wp-json\/wp\/v2\/categories?post=6698"},{"taxonomy":"post_tag","embeddable":true,"href":"https:\/\/www.apfelpatient.de\/en\/wp-json\/wp\/v2\/tags?post=6698"}],"curies":[{"name":"wp","href":"https:\/\/api.w.org\/{rel}","templated":true}]}}