{"id":6621,"date":"2019-10-11T16:13:02","date_gmt":"2019-10-11T14:13:02","guid":{"rendered":"https:\/\/www.apfelpatient.de\/?p=6621"},"modified":"2019-10-11T16:13:02","modified_gmt":"2019-10-11T14:13:02","slug":"macos-catalina-twitter-available-as-catalyst-app","status":"publish","type":"post","link":"https:\/\/www.apfelpatient.de\/en\/news\/macos-catalina-twitter-als-catalyst-app-erhaeltlich","title":{"rendered":"macOS Catalina - Twitter available as a Catalyst app"},"content":{"rendered":"<p class=\"p1\"><strong>The new macOS Catalina was released earlier this week and now Twitter is finally back.<\/strong><\/p>\n<p class=\"p1\">When it was announced in the summer that Twitter would be making a comeback on the Mac, many fans were over the moon. Apple&#039;s Catalyst made it possible - with the help of the tool, developers can port an iPad application directly to the Mac and Twitter has kept its promise. The short message service is now available to all users in the Mac App Store.<\/p>\n<p class=\"p1\">Every Twitter user will immediately recognize the app on the Mac - after all, it is similar to the iPad application. This means that the interface is almost identical except for a few minor optimizations. The range of functions has remained unchanged. Of course, there is also the beloved dark mode. The app recognizes whether this is activated system-wide in macOS and automatically adjusts the appearance of the application. Twitter itself commented on the topic in its own blog last summer as follows:<\/p>\n<p class=\"p1\"><em>&quot;The new Twitter app for Mac will use our existing iOS code base rather than being built from a separate code base, and follows the same successful strategy we&#039;ve used with Web to expand our supported clients. By supporting key Mac-specific behaviors in addition to our iOS code, we will be able to maintain feature parity between our iOS and Mac applications with relatively low long-term maintenance costs.&quot;<\/em><\/p>\n<p class=\"p1\"><\/p>\n<p class=\"p1\">The new Twitter app is currently being rolled out - but it should be available to most people in the Mac App Store by now. Alternatively, you can download the new application directly from the Mac App Store using this link. <em>(Photo by TeroVesalainen \/ Bigstockphoto)<\/em><\/p>\n<h5><em><strong>You don&#039;t want to miss any more news? Then subscribe to our <a href=\"https:\/\/t.me\/apfelpatient_official\">Telegram channel<\/a><\/strong><\/em><\/h5>","protected":false},"excerpt":{"rendered":"<p>Das neue macOS Catalina wurde Anfang dieser Woche ver\u00f6ffentlicht und nun ist Twitter endlich wieder zur\u00fcck. Als im Sommer bekannt wurde, dass Twitter ein Comeback auf den Mac feiern wird, waren viele Fans aus dem H\u00e4uschen. M\u00f6glich macht es Apples Catalyst &#8211; mit Hilfe des Tools k\u00f6nnen Entwickler eine iPad-Anwendung direkt auf den Mac portieren [&hellip;]<\/p>\n","protected":false},"author":2,"featured_media":6622,"comment_status":"closed","ping_status":"open","sticky":false,"template":"","format":"standard","meta":{"jnews-multi-image_gallery":[],"jnews_single_post":[],"jnews_primary_category":[],"footnotes":""},"categories":[9],"tags":[6,4,289,13,144],"class_list":["post-6621","post","type-post","status-publish","format-standard","has-post-thumbnail","hentry","category-news","tag-app-store","tag-macos","tag-macos-10-15-catalina","tag-techpatient","tag-twitter"],"yoast_head":"<!-- This site is optimized with the Yoast SEO Premium plugin v27.5 (Yoast SEO v27.5) - https:\/\/yoast.com\/product\/yoast-seo-premium-wordpress\/ -->\n<title>macOS Catalina - Twitter als Catalyst-App erh\u00e4ltlich<\/title>\n<meta name=\"description\" content=\"Das neue macOS Catalina wurde Anfang dieser Woche ver\u00f6ffentlicht und nun ist Twitter endlich wieder zur\u00fcck.\" \/>\n<meta name=\"robots\" content=\"index, follow, max-snippet:-1, max-image-preview:large, max-video-preview:-1\" \/>\n<link rel=\"canonical\" href=\"https:\/\/www.apfelpatient.de\/en\/news\/macos-catalina-twitter-available-as-catalyst-app\" \/>\n<meta property=\"og:locale\" content=\"en_US\" \/>\n<meta property=\"og:type\" content=\"article\" \/>\n<meta property=\"og:title\" content=\"macOS Catalina - Twitter als Catalyst-App erh\u00e4ltlich\" \/>\n<meta property=\"og:description\" content=\"Das neue macOS Catalina wurde Anfang dieser Woche ver\u00f6ffentlicht und nun ist Twitter endlich wieder zur\u00fcck.\" \/>\n<meta property=\"og:url\" content=\"https:\/\/www.apfelpatient.de\/en\/news\/macos-catalina-twitter-available-as-catalyst-app\" \/>\n<meta property=\"og:site_name\" content=\"Apfelpatient\" \/>\n<meta property=\"article:publisher\" content=\"https:\/\/www.facebook.com\/apfelpatientOfficial\" \/>\n<meta property=\"article:author\" content=\"https:\/\/www.facebook.com\/apfelpatientOfficial\" \/>\n<meta property=\"article:published_time\" content=\"2019-10-11T14:13:02+00:00\" \/>\n<meta property=\"og:image\" content=\"https:\/\/www.apfelpatient.de\/wp-content\/uploads\/2019\/10\/bigstock-215942665.jpg\" \/>\n\t<meta property=\"og:image:width\" content=\"1600\" \/>\n\t<meta property=\"og:image:height\" content=\"1049\" \/>\n\t<meta property=\"og:image:type\" content=\"image\/jpeg\" \/>\n<meta name=\"author\" content=\"Milan\" \/>\n<meta name=\"twitter:card\" content=\"summary_large_image\" \/>\n<meta name=\"twitter:title\" content=\"macOS Catalina - Twitter als Catalyst-App erh\u00e4ltlich\" \/>\n<meta name=\"twitter:label1\" content=\"Written by\" \/>\n\t<meta name=\"twitter:data1\" content=\"Milan\" \/>\n\t<meta name=\"twitter:label2\" content=\"Est. reading time\" \/>\n\t<meta name=\"twitter:data2\" content=\"1 minute\" \/>\n<script type=\"application\/ld+json\" class=\"yoast-schema-graph\">{\"@context\":\"https:\\\/\\\/schema.org\",\"@graph\":[{\"@type\":\"NewsArticle\",\"@id\":\"https:\\\/\\\/www.apfelpatient.de\\\/news\\\/macos-catalina-twitter-als-catalyst-app-erhaeltlich#article\",\"isPartOf\":{\"@id\":\"https:\\\/\\\/www.apfelpatient.de\\\/news\\\/macos-catalina-twitter-als-catalyst-app-erhaeltlich\"},\"author\":{\"@type\":\"Organization\",\"@id\":\"https:\\\/\\\/www.apfelpatient.de\\\/en\\\/#organization\",\"name\":\"Apfelpatient\",\"url\":\"https:\\\/\\\/www.apfelpatient.de\\\/en\\\/\"},\"headline\":\"macOS Catalina &#8211; Twitter als Catalyst-App erh\u00e4ltlich\",\"datePublished\":\"2019-10-11T14:13:02+00:00\",\"mainEntityOfPage\":{\"@id\":\"https:\\\/\\\/www.apfelpatient.de\\\/news\\\/macos-catalina-twitter-als-catalyst-app-erhaeltlich\"},\"wordCount\":299,\"publisher\":{\"@type\":\"Organization\",\"@id\":\"https:\\\/\\\/www.apfelpatient.de\\\/en\\\/#organization\",\"name\":\"Apfelpatient\",\"url\":\"https:\\\/\\\/www.apfelpatient.de\\\/en\\\/\"},\"image\":{\"@id\":\"https:\\\/\\\/www.apfelpatient.de\\\/news\\\/macos-catalina-twitter-als-catalyst-app-erhaeltlich#primaryimage\"},\"thumbnailUrl\":\"https:\\\/\\\/www.apfelpatient.de\\\/wp-content\\\/uploads\\\/2019\\\/10\\\/bigstock-215942665.jpg\",\"keywords\":[\"App Store\",\"macOS\",\"macOS 10.15 Catalina\",\"TechPatient\",\"Twitter\"],\"articleSection\":\"News\",\"inLanguage\":\"en-US\",\"copyrightYear\":\"2019\",\"copyrightHolder\":{\"@id\":\"https:\\\/\\\/www.apfelpatient.de\\\/en\\\/#organization\"}},{\"@type\":\"WebPage\",\"@id\":\"https:\\\/\\\/www.apfelpatient.de\\\/news\\\/macos-catalina-twitter-als-catalyst-app-erhaeltlich\",\"url\":\"https:\\\/\\\/www.apfelpatient.de\\\/news\\\/macos-catalina-twitter-als-catalyst-app-erhaeltlich\",\"name\":\"macOS Catalina - Twitter als Catalyst-App erh\u00e4ltlich\",\"isPartOf\":{\"@id\":\"https:\\\/\\\/www.apfelpatient.de\\\/#website\"},\"primaryImageOfPage\":{\"@id\":\"https:\\\/\\\/www.apfelpatient.de\\\/news\\\/macos-catalina-twitter-als-catalyst-app-erhaeltlich#primaryimage\"},\"image\":{\"@id\":\"https:\\\/\\\/www.apfelpatient.de\\\/news\\\/macos-catalina-twitter-als-catalyst-app-erhaeltlich#primaryimage\"},\"thumbnailUrl\":\"https:\\\/\\\/www.apfelpatient.de\\\/wp-content\\\/uploads\\\/2019\\\/10\\\/bigstock-215942665.jpg\",\"datePublished\":\"2019-10-11T14:13:02+00:00\",\"description\":\"Das neue macOS Catalina wurde Anfang dieser Woche ver\u00f6ffentlicht und nun ist Twitter endlich wieder zur\u00fcck.\",\"breadcrumb\":{\"@id\":\"https:\\\/\\\/www.apfelpatient.de\\\/news\\\/macos-catalina-twitter-als-catalyst-app-erhaeltlich#breadcrumb\"},\"inLanguage\":\"en-US\",\"potentialAction\":[{\"@type\":\"ReadAction\",\"target\":[\"https:\\\/\\\/www.apfelpatient.de\\\/news\\\/macos-catalina-twitter-als-catalyst-app-erhaeltlich\"]}]},{\"@type\":\"ImageObject\",\"inLanguage\":\"en-US\",\"@id\":\"https:\\\/\\\/www.apfelpatient.de\\\/news\\\/macos-catalina-twitter-als-catalyst-app-erhaeltlich#primaryimage\",\"url\":\"https:\\\/\\\/www.apfelpatient.de\\\/wp-content\\\/uploads\\\/2019\\\/10\\\/bigstock-215942665.jpg\",\"contentUrl\":\"https:\\\/\\\/www.apfelpatient.de\\\/wp-content\\\/uploads\\\/2019\\\/10\\\/bigstock-215942665.jpg\",\"width\":1600,\"height\":1049,\"caption\":\"JYVASKYLA FINLAND - JULY 2 2017: Twitter logo cut from cardboard on wooden stick against dark background. Twitter is a social media network that was founded in 2006. Illustrative editorial.\"},{\"@type\":\"BreadcrumbList\",\"@id\":\"https:\\\/\\\/www.apfelpatient.de\\\/news\\\/macos-catalina-twitter-als-catalyst-app-erhaeltlich#breadcrumb\",\"itemListElement\":[{\"@type\":\"ListItem\",\"position\":1,\"name\":\"Startseite\",\"item\":\"https:\\\/\\\/www.apfelpatient.de\\\/\"},{\"@type\":\"ListItem\",\"position\":2,\"name\":\"macOS Catalina &#8211; Twitter als Catalyst-App erh\u00e4ltlich\"}]},{\"@type\":\"WebSite\",\"@id\":\"https:\\\/\\\/www.apfelpatient.de\\\/#website\",\"url\":\"https:\\\/\\\/www.apfelpatient.de\\\/\",\"name\":\"Apfelpatient\",\"description\":\"Alles rund um Apple!\",\"publisher\":{\"@type\":\"Organization\",\"@id\":\"https:\\\/\\\/www.apfelpatient.de\\\/en\\\/#organization\",\"name\":\"Apfelpatient\",\"url\":\"https:\\\/\\\/www.apfelpatient.de\\\/en\\\/\"},\"alternateName\":\"Apfelpatient\",\"potentialAction\":[{\"@type\":\"SearchAction\",\"target\":{\"@type\":\"EntryPoint\",\"urlTemplate\":\"https:\\\/\\\/www.apfelpatient.de\\\/?s={search_term_string}\"},\"query-input\":{\"@type\":\"PropertyValueSpecification\",\"valueRequired\":true,\"valueName\":\"search_term_string\"}}],\"inLanguage\":\"en-US\"},{\"@type\":[\"Person\",\"Organization\"],\"@id\":\"https:\\\/\\\/www.apfelpatient.de\\\/#\\\/schema\\\/person\\\/35b3ddba5832f2bfc7fff5206d4f6b7b\",\"name\":\"Milan\",\"logo\":{\"@id\":\"https:\\\/\\\/www.apfelpatient.de\\\/#\\\/schema\\\/person\\\/image\\\/\"},\"description\":\"Hallo und herzlich willkommen auf meinem Technik-Blog! Als gro\u00dfer Apple-Fan berichte ich hier \u00fcber alles, was mit Apple zu tun hat: von den neuesten News und spannenden Ger\u00fcchten \u00fcber hilfreiche Tipps und Tricks bis hin zu ausf\u00fchrlichen Produkttests. Wenn du genauso technikbegeistert bist wie ich, bist du hier genau richtig!\",\"sameAs\":[\"https:\\\/\\\/www.facebook.com\\\/apfelpatientOfficial\",\"https:\\\/\\\/www.linkedin.com\\\/in\\\/milan-jovicic-42aa0231b\"],\"url\":\"https:\\\/\\\/www.apfelpatient.de\\\/en\\\/author\\\/apfeladmin\"}]}<\/script>\n<!-- \/ Yoast SEO Premium plugin. -->","yoast_head_json":{"title":"macOS Catalina - Twitter available as a Catalyst app","description":"The new macOS Catalina was released earlier this week and now Twitter is finally back.","robots":{"index":"index","follow":"follow","max-snippet":"max-snippet:-1","max-image-preview":"max-image-preview:large","max-video-preview":"max-video-preview:-1"},"canonical":"https:\/\/www.apfelpatient.de\/en\/news\/macos-catalina-twitter-available-as-catalyst-app","og_locale":"en_US","og_type":"article","og_title":"macOS Catalina - Twitter als Catalyst-App erh\u00e4ltlich","og_description":"Das neue macOS Catalina wurde Anfang dieser Woche ver\u00f6ffentlicht und nun ist Twitter endlich wieder zur\u00fcck.","og_url":"https:\/\/www.apfelpatient.de\/en\/news\/macos-catalina-twitter-available-as-catalyst-app","og_site_name":"Apfelpatient","article_publisher":"https:\/\/www.facebook.com\/apfelpatientOfficial","article_author":"https:\/\/www.facebook.com\/apfelpatientOfficial","article_published_time":"2019-10-11T14:13:02+00:00","og_image":[{"width":1600,"height":1049,"url":"https:\/\/www.apfelpatient.de\/wp-content\/uploads\/2019\/10\/bigstock-215942665.jpg","type":"image\/jpeg"}],"author":"Milan","twitter_card":"summary_large_image","twitter_title":"macOS Catalina - Twitter als Catalyst-App erh\u00e4ltlich","twitter_misc":{"Written by":"Milan","Est. reading time":"1 minute"},"schema":{"@context":"https:\/\/schema.org","@graph":[{"@type":"NewsArticle","@id":"https:\/\/www.apfelpatient.de\/news\/macos-catalina-twitter-als-catalyst-app-erhaeltlich#article","isPartOf":{"@id":"https:\/\/www.apfelpatient.de\/news\/macos-catalina-twitter-als-catalyst-app-erhaeltlich"},"author":{"@type":"Organization","@id":"https:\/\/www.apfelpatient.de\/en\/#organization","name":"Apfelpatient","url":"https:\/\/www.apfelpatient.de\/en\/"},"headline":"macOS Catalina &#8211; Twitter als Catalyst-App erh\u00e4ltlich","datePublished":"2019-10-11T14:13:02+00:00","mainEntityOfPage":{"@id":"https:\/\/www.apfelpatient.de\/news\/macos-catalina-twitter-als-catalyst-app-erhaeltlich"},"wordCount":299,"publisher":{"@type":"Organization","@id":"https:\/\/www.apfelpatient.de\/en\/#organization","name":"Apfelpatient","url":"https:\/\/www.apfelpatient.de\/en\/"},"image":{"@id":"https:\/\/www.apfelpatient.de\/news\/macos-catalina-twitter-als-catalyst-app-erhaeltlich#primaryimage"},"thumbnailUrl":"https:\/\/www.apfelpatient.de\/wp-content\/uploads\/2019\/10\/bigstock-215942665.jpg","keywords":["App Store","macOS","macOS 10.15 Catalina","TechPatient","Twitter"],"articleSection":"News","inLanguage":"en-US","copyrightYear":"2019","copyrightHolder":{"@id":"https:\/\/www.apfelpatient.de\/en\/#organization"}},{"@type":"WebPage","@id":"https:\/\/www.apfelpatient.de\/news\/macos-catalina-twitter-als-catalyst-app-erhaeltlich","url":"https:\/\/www.apfelpatient.de\/news\/macos-catalina-twitter-als-catalyst-app-erhaeltlich","name":"macOS Catalina - Twitter available as a Catalyst app","isPartOf":{"@id":"https:\/\/www.apfelpatient.de\/#website"},"primaryImageOfPage":{"@id":"https:\/\/www.apfelpatient.de\/news\/macos-catalina-twitter-als-catalyst-app-erhaeltlich#primaryimage"},"image":{"@id":"https:\/\/www.apfelpatient.de\/news\/macos-catalina-twitter-als-catalyst-app-erhaeltlich#primaryimage"},"thumbnailUrl":"https:\/\/www.apfelpatient.de\/wp-content\/uploads\/2019\/10\/bigstock-215942665.jpg","datePublished":"2019-10-11T14:13:02+00:00","description":"The new macOS Catalina was released earlier this week and now Twitter is finally back.","breadcrumb":{"@id":"https:\/\/www.apfelpatient.de\/news\/macos-catalina-twitter-als-catalyst-app-erhaeltlich#breadcrumb"},"inLanguage":"en-US","potentialAction":[{"@type":"ReadAction","target":["https:\/\/www.apfelpatient.de\/news\/macos-catalina-twitter-als-catalyst-app-erhaeltlich"]}]},{"@type":"ImageObject","inLanguage":"en-US","@id":"https:\/\/www.apfelpatient.de\/news\/macos-catalina-twitter-als-catalyst-app-erhaeltlich#primaryimage","url":"https:\/\/www.apfelpatient.de\/wp-content\/uploads\/2019\/10\/bigstock-215942665.jpg","contentUrl":"https:\/\/www.apfelpatient.de\/wp-content\/uploads\/2019\/10\/bigstock-215942665.jpg","width":1600,"height":1049,"caption":"JYVASKYLA FINLAND - JULY 2 2017: Twitter logo cut from cardboard on wooden stick against dark background. Twitter is a social media network that was founded in 2006. Illustrative editorial."},{"@type":"BreadcrumbList","@id":"https:\/\/www.apfelpatient.de\/news\/macos-catalina-twitter-als-catalyst-app-erhaeltlich#breadcrumb","itemListElement":[{"@type":"ListItem","position":1,"name":"Startseite","item":"https:\/\/www.apfelpatient.de\/"},{"@type":"ListItem","position":2,"name":"macOS Catalina &#8211; Twitter als Catalyst-App erh\u00e4ltlich"}]},{"@type":"WebSite","@id":"https:\/\/www.apfelpatient.de\/#website","url":"https:\/\/www.apfelpatient.de\/","name":"apple patient","description":"Everything about Apple!","publisher":{"@type":"Organization","@id":"https:\/\/www.apfelpatient.de\/en\/#organization","name":"Apfelpatient","url":"https:\/\/www.apfelpatient.de\/en\/"},"alternateName":"Apfelpatient","potentialAction":[{"@type":"SearchAction","target":{"@type":"EntryPoint","urlTemplate":"https:\/\/www.apfelpatient.de\/?s={search_term_string}"},"query-input":{"@type":"PropertyValueSpecification","valueRequired":true,"valueName":"search_term_string"}}],"inLanguage":"en-US"},{"@type":["Person","Organization"],"@id":"https:\/\/www.apfelpatient.de\/#\/schema\/person\/35b3ddba5832f2bfc7fff5206d4f6b7b","name":"Milan","logo":{"@id":"https:\/\/www.apfelpatient.de\/#\/schema\/person\/image\/"},"description":"Hello and welcome to my technology blog! As a big Apple fan, I report on everything to do with Apple: from the latest news and exciting rumors to helpful tips and tricks and detailed product tests. If you are as enthusiastic about technology as I am, you have come to the right place!","sameAs":["https:\/\/www.facebook.com\/apfelpatientOfficial","https:\/\/www.linkedin.com\/in\/milan-jovicic-42aa0231b"],"url":"https:\/\/www.apfelpatient.de\/en\/author\/apfeladmin"}]}},"_links":{"self":[{"href":"https:\/\/www.apfelpatient.de\/en\/wp-json\/wp\/v2\/posts\/6621","targetHints":{"allow":["GET"]}}],"collection":[{"href":"https:\/\/www.apfelpatient.de\/en\/wp-json\/wp\/v2\/posts"}],"about":[{"href":"https:\/\/www.apfelpatient.de\/en\/wp-json\/wp\/v2\/types\/post"}],"author":[{"embeddable":true,"href":"https:\/\/www.apfelpatient.de\/en\/wp-json\/wp\/v2\/users\/2"}],"replies":[{"embeddable":true,"href":"https:\/\/www.apfelpatient.de\/en\/wp-json\/wp\/v2\/comments?post=6621"}],"version-history":[{"count":0,"href":"https:\/\/www.apfelpatient.de\/en\/wp-json\/wp\/v2\/posts\/6621\/revisions"}],"wp:featuredmedia":[{"embeddable":true,"href":"https:\/\/www.apfelpatient.de\/en\/wp-json\/wp\/v2\/media\/6622"}],"wp:attachment":[{"href":"https:\/\/www.apfelpatient.de\/en\/wp-json\/wp\/v2\/media?parent=6621"}],"wp:term":[{"taxonomy":"category","embeddable":true,"href":"https:\/\/www.apfelpatient.de\/en\/wp-json\/wp\/v2\/categories?post=6621"},{"taxonomy":"post_tag","embeddable":true,"href":"https:\/\/www.apfelpatient.de\/en\/wp-json\/wp\/v2\/tags?post=6621"}],"curies":[{"name":"wp","href":"https:\/\/api.w.org\/{rel}","templated":true}]}}