{"id":65403,"date":"2026-03-17T16:58:40","date_gmt":"2026-03-17T15:58:40","guid":{"rendered":"https:\/\/www.apfelpatient.de\/?p=65403"},"modified":"2026-03-17T16:58:47","modified_gmt":"2026-03-17T15:58:47","slug":"tim-cook-speaks-plainly-about-apple-ai-and-his-resignation","status":"publish","type":"post","link":"https:\/\/www.apfelpatient.de\/en\/news\/tim-cook-spricht-klartext-zu-apple-ki-und-ruecktritt","title":{"rendered":"Tim Cook speaks plainly about Apple, AI and resignation"},"content":{"rendered":"<p class=\"has-drop-cap\"><strong>To mark its 50th anniversary, Apple is using the opportunity to reaffirm its role in the technology industry. In an interview on &quot;Good Morning America,&quot; CEO Tim Cook discusses Apple&#039;s most important achievements, current developments in artificial intelligence, major investments in the US, and rumors about his possible resignation.<\/strong><\/p>\n\n\n\n<p>In its anniversary year, Apple is presenting itself not only as an innovative technology company, but also as a company with social responsibility. In the interview, Tim Cook combines economic topics with statements on data privacy, conscious technology use, and political neutrality.<\/p>\n\n\n\n<h4 class=\"wp-block-heading\" id=\"h-apples-beitrage-und-soziale-initiativen\">Apple&#039;s contributions and social initiatives<\/h4>\n\n\n\n<p class=\"translation-block\">Cook highlighted several of Apple&#039;s key achievements: reinventing music and the smartphone, fostering creative work, and the Apple Watch as a life-saving product. At the same time, Apple <a href=\"https:\/\/x.com\/tim_cook\/status\/2033881798141481030?s=20\" id=\"https:\/\/x.com\/tim_cook\/status\/2033881798141481030?s=20\" target=\"_blank\" rel=\"noreferrer noopener\" data-wpel-link=\"external\">announced<\/a> plans to expand its partnership with &quot;Save the Music.&quot; The number of schools reached is expected to nearly double, with 25,000 children receiving music lessons next year.<\/p>\n\n\n\n<h4 class=\"wp-block-heading\" id=\"h-technologie-und-gesellschaft\">Technology and Society<\/h4>\n\n\n\n<p>Cook emphasizes that Apple doesn&#039;t want people spending too much time on their smartphones. Technology should improve everyday life, but not replace real life. Endless scrolling is pointless; instead, more time should be spent away from digital devices.<\/p>\n\n\n\n<h4 class=\"wp-block-heading\" id=\"h-kunstliche-intelligenz-und-datenschutz\">Artificial Intelligence and Data Protection<\/h4>\n\n\n\n<p>Cook describes artificial intelligence as a neutral technology whose impact depends on humans. Apple prioritizes data privacy. As many processes as possible run directly on the device and are encrypted. If necessary, Apple uses &quot;Private Cloud Compute,&quot; a cloud solution with comparable security standards to the device itself.<\/p>\n\n\n\n<h4 class=\"wp-block-heading\" id=\"h-investitionen-in-den-usa\">Investments in the USA<\/h4>\n\n\n\n<p>Apple plans to invest $600 billion over the next four years. This includes:<\/p>\n\n\n\n<ul class=\"wp-block-list\">\n<li>Glass production for iPhones in Kentucky<\/li>\n\n\n\n<li>Over 100 million chips from Arizona<\/li>\n\n\n\n<li>More than 20 billion semiconductors manufactured in the US<\/li>\n<\/ul>\n\n\n\n<p>This production applies to devices worldwide, not just the US market.<\/p>\n\n\n\n<h4 class=\"wp-block-heading\" id=\"h-zolle-und-politik\">Tariffs and policy<\/h4>\n\n\n\n<p>Regarding potential customs refunds of around $3.3 billion, Cook remains cautious. Apple is monitoring the legal developments and will decide only afterward. Politically, Cook considers himself neutral and focuses on substantive issues rather than party politics.<\/p>\n\n\n\n<h4 class=\"wp-block-heading\" id=\"h-rucktrittsgeruchte\">Resignation rumors<\/h4>\n\n\n\n<p>Cook firmly rejects rumors of a possible resignation. He emphasizes that he has loved his work for 28 years and cannot imagine a life without Apple.<\/p>\n\n\n\n<figure class=\"wp-block-embed is-type-video is-provider-youtube wp-block-embed-youtube wp-embed-aspect-16-9 wp-has-aspect-ratio\"><div class=\"wp-block-embed__wrapper\">\n <div class=\"brlbs-cmpnt-container brlbs-cmpnt-content-blocker brlbs-cmpnt-with-individual-styles\" data-borlabs-cookie-content-blocker-id=\"youtube-content-blocker\" data-borlabs-cookie-content=\"PGRpdiBjbGFzcz0iamVnX3ZpZGVvX2NvbnRhaW5lciBqZWdfdmlkZW9fY29udGVudCI+PGlmcmFtZSB0aXRsZT0iVGltIENvb2sgdGFsa3MgQXBwbGUmIzAzOTtzIDUwdGggYW5uaXZlcnNhcnkiIHdpZHRoPSI1MDAiIGhlaWdodD0iMjgxIiBzcmM9Imh0dHBzOi8vd3d3LnlvdXR1YmUtbm9jb29raWUuY29tL2VtYmVkL1BqZWhvVXU0OHJZP2ZlYXR1cmU9b2VtYmVkIiBmcmFtZWJvcmRlcj0iMCIgYWxsb3c9ImFjY2VsZXJvbWV0ZXI7IGF1dG9wbGF5OyBjbGlwYm9hcmQtd3JpdGU7IGVuY3J5cHRlZC1tZWRpYTsgZ3lyb3Njb3BlOyBwaWN0dXJlLWluLXBpY3R1cmU7IHdlYi1zaGFyZSIgcmVmZXJyZXJwb2xpY3k9InN0cmljdC1vcmlnaW4td2hlbi1jcm9zcy1vcmlnaW4iIGFsbG93ZnVsbHNjcmVlbj48L2lmcmFtZT48L2Rpdj4=\"><div class=\"brlbs-cmpnt-cb-preset-c brlbs-cmpnt-cb-youtube\"> <div class=\"brlbs-cmpnt-cb-thumbnail\" style=\"background-image: url('https:\/\/www.apfelpatient.de\/wp-content\/uploads\/borlabs-cookie\/1\/yt_PjehoUu48rY_hqdefault.jpg')\"><\/div> <div class=\"brlbs-cmpnt-cb-main\"> <div class=\"brlbs-cmpnt-cb-play-button\"><\/div> <div class=\"brlbs-cmpnt-cb-content\"> <p class=\"brlbs-cmpnt-cb-description\">You are currently viewing a placeholder content from <strong>YouTube<\/strong>. To access the actual content, click the button below. Please note that doing so will share data with third-party providers.<\/p> <a class=\"brlbs-cmpnt-cb-provider-toggle\" href=\"#\" data-borlabs-cookie-show-provider-information role=\"button\">More Information<\/a> <\/div> <div class=\"brlbs-cmpnt-cb-buttons\"> <a class=\"brlbs-cmpnt-cb-btn\" href=\"#\" data-borlabs-cookie-unblock role=\"button\">Unblock content<\/a> <a class=\"brlbs-cmpnt-cb-btn\" href=\"#\" data-borlabs-cookie-accept-service role=\"button\" style=\"display: inherit\">Accept required service and unblock content<\/a> <\/div> <\/div> <\/div><\/div>\n<\/div><\/figure>\n\n\n\n<h3 class=\"wp-block-heading\" id=\"h-apple-zwischen-innovation-und-verantwortung\">Apple between innovation and responsibility<\/h3>\n\n\n\n<p>The interview portrays Apple as a company that aims to combine innovation with responsibility. Alongside technological advancements, data privacy, social engagement, and economic investments are key priorities. At the same time, Tim Cook makes it clear that he remains firmly at the helm of Apple and intends to actively shape the company&#039;s future. (Image: Shutterstock \/ photovanessacarvalho)<\/p>\n\n\n\n<ul class=\"wp-block-list\">\n<li><a href=\"https:\/\/www.apfelpatient.de\/en\/news\/macbook-neo-youtuber-upgrades-storage-to-1-tb\" type=\"link\" id=\"https:\/\/www.apfelpatient.de\/news\/macbook-neo-youtuber-ruestet-speicher-auf-1-tb-auf\">MacBook Neo: YouTuber upgrades storage to 1 TB<\/a><\/li>\n\n\n\n<li><a href=\"https:\/\/www.apfelpatient.de\/en\/news\/apple-ai-creates-3d-models-from-just-one-image\">Apple AI creates 3D models from just one image<\/a><\/li>\n\n\n\n<li><a href=\"https:\/\/www.apfelpatient.de\/en\/news\/whatsapp-is-testing-guest-chat-an-overview-of-the-new-feature\">WhatsApp is testing guest chats: New feature at a glance<\/a><\/li>\n\n\n\n<li><a href=\"https:\/\/www.apfelpatient.de\/en\/news\/apple-tv-severance-season-3-production-starts-soon\">Apple TV: Severance Season 3 \u2013 Production starts soon<\/a><\/li>\n\n\n\n<li><a href=\"https:\/\/www.apfelpatient.de\/en\/news\/apple-officially-classifies-two-iphones-as-outdated\">Apple officially classifies two iPhones as obsolete<\/a><\/li>\n\n\n\n<li><a href=\"https:\/\/www.apfelpatient.de\/en\/news\/apple-adopts-motionvfx-bringing-more-power-to-final-cut-pro\">Apple acquires MotionVFX: More power for Final Cut Pro<\/a><\/li>\n\n\n\n<li><a href=\"https:\/\/www.apfelpatient.de\/en\/news\/apple-introduces-airpods-max-2-with-new-audio-features\">Apple introduces AirPods Max 2 with new audio features<\/a><\/li>\n\n\n\n<li><a href=\"https:\/\/www.apfelpatient.de\/en\/news\/apple-tv-racing-film-f1-wins-oscar-for-best-sound\">Apple TV: Racing film \"F1\" wins Oscar for best sound<\/a><\/li>\n\n\n\n<li><a href=\"https:\/\/www.apfelpatient.de\/en\/news\/apple-celebrates-50-years-of-innovation-and-creativity-worldwide\">Apple celebrates 50 years of innovation &amp; creativity worldwide<\/a><\/li>\n\n\n\n<li><a href=\"https:\/\/www.apfelpatient.de\/en\/news\/apple-increases-ipad-sales-despite-decline-in-the-tablet-market\">Apple increases iPad sales despite decline in the tablet market<\/a><\/li>\n\n\n\n<li><a href=\"https:\/\/www.apfelpatient.de\/en\/news\/macbook-neo-teardown-surprisingly-easy-to-repair\">MacBook Neo teardown: Surprisingly easy to repair<\/a><\/li>\n\n\n\n<li><a href=\"https:\/\/www.apfelpatient.de\/en\/news\/apple-lowers-commission-in-the-app-store-for-developers-in-china\">Apple lowers commission for developers in the App Store in China<\/a><\/li>\n\n\n\n<li><a href=\"https:\/\/www.apfelpatient.de\/en\/news\/macbook-neo-impresses-former-windows-boss-becomes-thoughtful\">MacBook Neo impresses \u2013 former Windows chief becomes thoughtful<\/a><\/li>\n\n\n\n<li><a href=\"https:\/\/www.apfelpatient.de\/en\/news\/apple-benefits-from-indias-new-production-incentives\">Apple benefits from India&#039;s new production incentives<\/a><\/li>\n\n\n\n<li><a href=\"https:\/\/www.apfelpatient.de\/en\/news\/macbook-neo-in-teardown-modularly-screwed-together-repairable\">MacBook Neo teardown: Modular, screwed together, repairable<\/a><\/li>\n\n\n\n<li><a href=\"https:\/\/www.apfelpatient.de\/en\/news\/apple-turns-50-tim-cook-looks-back-on-history-and-future\">Apple turns 50: Tim Cook looks back on history &amp; future<\/a><\/li>\n\n\n\n<li><a href=\"https:\/\/www.apfelpatient.de\/en\/news\/apple-closes-coruna-gap-with-updates-for-older-devices\">Apple closes Coruna vulnerability with updates for older devices<\/a><\/li>\n\n\n\n<li><a href=\"https:\/\/www.apfelpatient.de\/en\/news\/apple-releases-repair-manuals-for-iphone-17e\">Apple releases repair manuals for iPhone 17e &amp; Co.<\/a><\/li>\n\n\n\n<li><a href=\"https:\/\/www.apfelpatient.de\/en\/news\/apple-releases-updates-for-older-iphones-and-ipads\">Apple releases updates for older iPhones &amp; iPads<\/a><\/li>\n\n\n\n<li><a href=\"https:\/\/www.apfelpatient.de\/en\/news\/apple-studio-displays-now-have-twice-the-memory\">Apple Studio Displays get twice the memory<\/a><\/li>\n\n\n\n<li><a href=\"https:\/\/www.apfelpatient.de\/en\/news\/apple-and-samsung-will-dominate-the-smartphone-market-in-2025\">Apple &amp; Samsung will dominate the smartphone market in 2025<\/a><\/li>\n<\/ul>\n\n\n\n<h6 class=\"wp-block-heading translation-block\" id=\"h-kennt-ihr-schon-unsere-amazon-storefront-dort-findet-ihr-eine-handverlesene-auswahl-von-diversen-produkten-f-r-euer-iphone-und-co-viel-spa-beim-st-bern\"><em>Have you already visited our Amazon Storefront? There you&#039;ll find a hand-picked selection of various products for your iPhone and other devices \u2013 <span class=\"has-inline-color has-vivid-red-color\"><a href=\"https:\/\/www.amazon.de\/shop\/apfelpatientofficial\" class=\"ek-link\" data-wpel-link=\"exclude\" rel=\"follow noopener\" target=\"_self\"><span style=\"text-decoration: underline\" class=\"ek-underline\">enjoy browsing<\/span><\/a> !<\/span><\/em><\/h6>\n\n\n\n<h6 class=\"wp-block-heading translation-block\" id=\"h-der-beitrag-enthalt-partnerlinks\">This post contains <a data-type=\"URL\" data-id=\"https:\/\/www.apfelpatient.de\/partnerprogramm\" href=\"https:\/\/www.apfelpatient.de\/en\/partner-program\" data-wpel-link=\"internal\" target=\"_self\">affiliate links<\/a>.<\/h6>","protected":false},"excerpt":{"rendered":"<p>Apple in the spotlight: Tim Cook talks about AI, investments, data privacy, and resignation rumors. Read all the details of the interview now.<\/p>","protected":false},"author":2,"featured_media":65402,"comment_status":"closed","ping_status":"open","sticky":false,"template":"","format":"standard","meta":{"jnews-multi-image_gallery":[],"jnews_single_post":{"format":"standard","override":[{"template":"2","parallax":"1","fullscreen":"1","layout":"right-sidebar","sidebar":"default-sidebar","second_sidebar":"default-sidebar","sticky_sidebar":"1","share_position":"top","share_float_style":"share-monocrhome","show_featured":"1","show_post_meta":"1","show_post_author":"1","show_post_author_image":"1","show_post_date":"1","post_date_format":"default","post_date_format_custom":"Y\/m\/d","show_post_category":"1","show_post_reading_time":"0","post_reading_time_wpm":"300","post_calculate_word_method":"str_word_count","show_zoom_button":"0","zoom_button_out_step":"2","zoom_button_in_step":"3","show_post_tag":"1","show_prev_next_post":"1","show_popup_post":"1","show_comment_section":"1","number_popup_post":"1","show_author_box":"0","show_post_related":"0","show_inline_post_related":"0"}],"image_override":[{"single_post_thumbnail_size":"crop-500","single_post_gallery_size":"crop-500"}],"trending_post_position":"meta","trending_post_label":"Trending","sponsored_post_label":"Sponsored by","disable_ad":"0"},"jnews_primary_category":{"id":"9"},"footnotes":""},"categories":[9],"tags":[13],"class_list":["post-65403","post","type-post","status-publish","format-standard","has-post-thumbnail","hentry","category-news","tag-techpatient"],"yoast_head":"<!-- This site is optimized with the Yoast SEO Premium plugin v27.5 (Yoast SEO v27.5) - https:\/\/yoast.com\/product\/yoast-seo-premium-wordpress\/ -->\n<title>Tim Cook spricht Klartext zu Apple, KI und R\u00fccktritt Apfelpatient<\/title>\n<meta name=\"description\" content=\"Apple im Fokus: Tim Cook spricht \u00fcber KI, Investitionen, Datenschutz und R\u00fccktrittsger\u00fcchte. Jetzt alle Details zum Interview lesen.\" \/>\n<meta name=\"robots\" content=\"index, follow, max-snippet:-1, max-image-preview:large, max-video-preview:-1\" \/>\n<link rel=\"canonical\" href=\"https:\/\/www.apfelpatient.de\/en\/news\/tim-cook-speaks-plainly-about-apple-ai-and-his-resignation\" \/>\n<meta property=\"og:locale\" content=\"en_US\" \/>\n<meta property=\"og:type\" content=\"article\" \/>\n<meta property=\"og:title\" content=\"Tim Cook spricht Klartext zu Apple, KI und R\u00fccktritt\" \/>\n<meta property=\"og:description\" content=\"Apple im Fokus: Tim Cook spricht \u00fcber KI, Investitionen, Datenschutz und R\u00fccktrittsger\u00fcchte. Jetzt alle Details zum Interview lesen.\" \/>\n<meta property=\"og:url\" content=\"https:\/\/www.apfelpatient.de\/en\/news\/tim-cook-speaks-plainly-about-apple-ai-and-his-resignation\" \/>\n<meta property=\"og:site_name\" content=\"Apfelpatient\" \/>\n<meta property=\"article:publisher\" content=\"https:\/\/www.facebook.com\/apfelpatientOfficial\" \/>\n<meta property=\"article:author\" content=\"https:\/\/www.facebook.com\/apfelpatientOfficial\" \/>\n<meta property=\"article:published_time\" content=\"2026-03-17T15:58:40+00:00\" \/>\n<meta property=\"article:modified_time\" content=\"2026-03-17T15:58:47+00:00\" \/>\n<meta property=\"og:image\" content=\"https:\/\/www.apfelpatient.de\/wp-content\/uploads\/2026\/03\/shutterstock_1510109468.jpg\" \/>\n\t<meta property=\"og:image:width\" content=\"1600\" \/>\n\t<meta property=\"og:image:height\" content=\"1067\" \/>\n\t<meta property=\"og:image:type\" content=\"image\/jpeg\" \/>\n<meta name=\"author\" content=\"Milan\" \/>\n<meta name=\"twitter:card\" content=\"summary_large_image\" \/>\n<meta name=\"twitter:description\" content=\"Apple im Fokus: Tim Cook spricht \u00fcber KI, Investitionen, Datenschutz und R\u00fccktrittsger\u00fcchte. Jetzt alle Details zum Interview lesen.\" \/>\n<meta name=\"twitter:label1\" content=\"Written by\" \/>\n\t<meta name=\"twitter:data1\" content=\"Milan\" \/>\n\t<meta name=\"twitter:label2\" content=\"Est. reading time\" \/>\n\t<meta name=\"twitter:data2\" content=\"4 minutes\" \/>\n<script type=\"application\/ld+json\" class=\"yoast-schema-graph\">{\"@context\":\"https:\\\/\\\/schema.org\",\"@graph\":[{\"@type\":\"NewsArticle\",\"@id\":\"https:\\\/\\\/www.apfelpatient.de\\\/news\\\/tim-cook-spricht-klartext-zu-apple-ki-und-ruecktritt#article\",\"isPartOf\":{\"@id\":\"https:\\\/\\\/www.apfelpatient.de\\\/news\\\/tim-cook-spricht-klartext-zu-apple-ki-und-ruecktritt\"},\"author\":{\"@type\":\"Organization\",\"@id\":\"https:\\\/\\\/www.apfelpatient.de\\\/en\\\/#organization\",\"name\":\"Apfelpatient\",\"url\":\"https:\\\/\\\/www.apfelpatient.de\\\/en\\\/\"},\"headline\":\"Tim Cook spricht Klartext zu Apple, KI und R\u00fccktritt\",\"datePublished\":\"2026-03-17T15:58:40+00:00\",\"dateModified\":\"2026-03-17T15:58:47+00:00\",\"mainEntityOfPage\":{\"@id\":\"https:\\\/\\\/www.apfelpatient.de\\\/news\\\/tim-cook-spricht-klartext-zu-apple-ki-und-ruecktritt\"},\"wordCount\":636,\"publisher\":{\"@type\":\"Organization\",\"@id\":\"https:\\\/\\\/www.apfelpatient.de\\\/en\\\/#organization\",\"name\":\"Apfelpatient\",\"url\":\"https:\\\/\\\/www.apfelpatient.de\\\/en\\\/\"},\"image\":{\"@id\":\"https:\\\/\\\/www.apfelpatient.de\\\/news\\\/tim-cook-spricht-klartext-zu-apple-ki-und-ruecktritt#primaryimage\"},\"thumbnailUrl\":\"https:\\\/\\\/www.apfelpatient.de\\\/wp-content\\\/uploads\\\/2026\\\/03\\\/shutterstock_1510109468.jpg\",\"keywords\":[\"TechPatient\"],\"articleSection\":\"News\",\"inLanguage\":\"en-US\",\"copyrightYear\":\"2026\",\"copyrightHolder\":{\"@id\":\"https:\\\/\\\/www.apfelpatient.de\\\/en\\\/#organization\"}},{\"@type\":\"WebPage\",\"@id\":\"https:\\\/\\\/www.apfelpatient.de\\\/news\\\/tim-cook-spricht-klartext-zu-apple-ki-und-ruecktritt\",\"url\":\"https:\\\/\\\/www.apfelpatient.de\\\/news\\\/tim-cook-spricht-klartext-zu-apple-ki-und-ruecktritt\",\"name\":\"Tim Cook spricht Klartext zu Apple, KI und R\u00fccktritt Apfelpatient\",\"isPartOf\":{\"@id\":\"https:\\\/\\\/www.apfelpatient.de\\\/#website\"},\"primaryImageOfPage\":{\"@id\":\"https:\\\/\\\/www.apfelpatient.de\\\/news\\\/tim-cook-spricht-klartext-zu-apple-ki-und-ruecktritt#primaryimage\"},\"image\":{\"@id\":\"https:\\\/\\\/www.apfelpatient.de\\\/news\\\/tim-cook-spricht-klartext-zu-apple-ki-und-ruecktritt#primaryimage\"},\"thumbnailUrl\":\"https:\\\/\\\/www.apfelpatient.de\\\/wp-content\\\/uploads\\\/2026\\\/03\\\/shutterstock_1510109468.jpg\",\"datePublished\":\"2026-03-17T15:58:40+00:00\",\"dateModified\":\"2026-03-17T15:58:47+00:00\",\"description\":\"Apple im Fokus: Tim Cook spricht \u00fcber KI, Investitionen, Datenschutz und R\u00fccktrittsger\u00fcchte. Jetzt alle Details zum Interview lesen.\",\"breadcrumb\":{\"@id\":\"https:\\\/\\\/www.apfelpatient.de\\\/news\\\/tim-cook-spricht-klartext-zu-apple-ki-und-ruecktritt#breadcrumb\"},\"inLanguage\":\"en-US\",\"potentialAction\":[{\"@type\":\"ReadAction\",\"target\":[\"https:\\\/\\\/www.apfelpatient.de\\\/news\\\/tim-cook-spricht-klartext-zu-apple-ki-und-ruecktritt\"]}]},{\"@type\":\"ImageObject\",\"inLanguage\":\"en-US\",\"@id\":\"https:\\\/\\\/www.apfelpatient.de\\\/news\\\/tim-cook-spricht-klartext-zu-apple-ki-und-ruecktritt#primaryimage\",\"url\":\"https:\\\/\\\/www.apfelpatient.de\\\/wp-content\\\/uploads\\\/2026\\\/03\\\/shutterstock_1510109468.jpg\",\"contentUrl\":\"https:\\\/\\\/www.apfelpatient.de\\\/wp-content\\\/uploads\\\/2026\\\/03\\\/shutterstock_1510109468.jpg\",\"width\":1600,\"height\":1067,\"caption\":\"Bild: Shutterstock \\\/ photovanessacarvalho\"},{\"@type\":\"BreadcrumbList\",\"@id\":\"https:\\\/\\\/www.apfelpatient.de\\\/news\\\/tim-cook-spricht-klartext-zu-apple-ki-und-ruecktritt#breadcrumb\",\"itemListElement\":[{\"@type\":\"ListItem\",\"position\":1,\"name\":\"Startseite\",\"item\":\"https:\\\/\\\/www.apfelpatient.de\\\/\"},{\"@type\":\"ListItem\",\"position\":2,\"name\":\"Tim Cook spricht Klartext zu Apple, KI und R\u00fccktritt\"}]},{\"@type\":\"WebSite\",\"@id\":\"https:\\\/\\\/www.apfelpatient.de\\\/#website\",\"url\":\"https:\\\/\\\/www.apfelpatient.de\\\/\",\"name\":\"Apfelpatient\",\"description\":\"Alles rund um Apple!\",\"publisher\":{\"@type\":\"Organization\",\"@id\":\"https:\\\/\\\/www.apfelpatient.de\\\/en\\\/#organization\",\"name\":\"Apfelpatient\",\"url\":\"https:\\\/\\\/www.apfelpatient.de\\\/en\\\/\"},\"alternateName\":\"Apfelpatient\",\"potentialAction\":[{\"@type\":\"SearchAction\",\"target\":{\"@type\":\"EntryPoint\",\"urlTemplate\":\"https:\\\/\\\/www.apfelpatient.de\\\/?s={search_term_string}\"},\"query-input\":{\"@type\":\"PropertyValueSpecification\",\"valueRequired\":true,\"valueName\":\"search_term_string\"}}],\"inLanguage\":\"en-US\"},{\"@type\":[\"Person\",\"Organization\"],\"@id\":\"https:\\\/\\\/www.apfelpatient.de\\\/#\\\/schema\\\/person\\\/35b3ddba5832f2bfc7fff5206d4f6b7b\",\"name\":\"Milan\",\"logo\":{\"@id\":\"https:\\\/\\\/www.apfelpatient.de\\\/#\\\/schema\\\/person\\\/image\\\/\"},\"description\":\"Hallo und herzlich willkommen auf meinem Technik-Blog! Als gro\u00dfer Apple-Fan berichte ich hier \u00fcber alles, was mit Apple zu tun hat: von den neuesten News und spannenden Ger\u00fcchten \u00fcber hilfreiche Tipps und Tricks bis hin zu ausf\u00fchrlichen Produkttests. Wenn du genauso technikbegeistert bist wie ich, bist du hier genau richtig!\",\"sameAs\":[\"https:\\\/\\\/www.facebook.com\\\/apfelpatientOfficial\",\"https:\\\/\\\/www.linkedin.com\\\/in\\\/milan-jovicic-42aa0231b\"],\"url\":\"https:\\\/\\\/www.apfelpatient.de\\\/en\\\/author\\\/apfeladmin\"}]}<\/script>\n<!-- \/ Yoast SEO Premium plugin. -->","yoast_head_json":{"title":"Tim Cook speaks plainly about Apple, AI and resignation Apfelpatient","description":"Apple in the spotlight: Tim Cook talks about AI, investments, data privacy, and resignation rumors. Read all the details of the interview now.","robots":{"index":"index","follow":"follow","max-snippet":"max-snippet:-1","max-image-preview":"max-image-preview:large","max-video-preview":"max-video-preview:-1"},"canonical":"https:\/\/www.apfelpatient.de\/en\/news\/tim-cook-speaks-plainly-about-apple-ai-and-his-resignation","og_locale":"en_US","og_type":"article","og_title":"Tim Cook spricht Klartext zu Apple, KI und R\u00fccktritt","og_description":"Apple im Fokus: Tim Cook spricht \u00fcber KI, Investitionen, Datenschutz und R\u00fccktrittsger\u00fcchte. Jetzt alle Details zum Interview lesen.","og_url":"https:\/\/www.apfelpatient.de\/en\/news\/tim-cook-speaks-plainly-about-apple-ai-and-his-resignation","og_site_name":"Apfelpatient","article_publisher":"https:\/\/www.facebook.com\/apfelpatientOfficial","article_author":"https:\/\/www.facebook.com\/apfelpatientOfficial","article_published_time":"2026-03-17T15:58:40+00:00","article_modified_time":"2026-03-17T15:58:47+00:00","og_image":[{"width":1600,"height":1067,"url":"https:\/\/www.apfelpatient.de\/wp-content\/uploads\/2026\/03\/shutterstock_1510109468.jpg","type":"image\/jpeg"}],"author":"Milan","twitter_card":"summary_large_image","twitter_description":"Apple im Fokus: Tim Cook spricht \u00fcber KI, Investitionen, Datenschutz und R\u00fccktrittsger\u00fcchte. Jetzt alle Details zum Interview lesen.","twitter_misc":{"Written by":"Milan","Est. reading time":"4 minutes"},"schema":{"@context":"https:\/\/schema.org","@graph":[{"@type":"NewsArticle","@id":"https:\/\/www.apfelpatient.de\/news\/tim-cook-spricht-klartext-zu-apple-ki-und-ruecktritt#article","isPartOf":{"@id":"https:\/\/www.apfelpatient.de\/news\/tim-cook-spricht-klartext-zu-apple-ki-und-ruecktritt"},"author":{"@type":"Organization","@id":"https:\/\/www.apfelpatient.de\/en\/#organization","name":"Apfelpatient","url":"https:\/\/www.apfelpatient.de\/en\/"},"headline":"Tim Cook spricht Klartext zu Apple, KI und R\u00fccktritt","datePublished":"2026-03-17T15:58:40+00:00","dateModified":"2026-03-17T15:58:47+00:00","mainEntityOfPage":{"@id":"https:\/\/www.apfelpatient.de\/news\/tim-cook-spricht-klartext-zu-apple-ki-und-ruecktritt"},"wordCount":636,"publisher":{"@type":"Organization","@id":"https:\/\/www.apfelpatient.de\/en\/#organization","name":"Apfelpatient","url":"https:\/\/www.apfelpatient.de\/en\/"},"image":{"@id":"https:\/\/www.apfelpatient.de\/news\/tim-cook-spricht-klartext-zu-apple-ki-und-ruecktritt#primaryimage"},"thumbnailUrl":"https:\/\/www.apfelpatient.de\/wp-content\/uploads\/2026\/03\/shutterstock_1510109468.jpg","keywords":["TechPatient"],"articleSection":"News","inLanguage":"en-US","copyrightYear":"2026","copyrightHolder":{"@id":"https:\/\/www.apfelpatient.de\/en\/#organization"}},{"@type":"WebPage","@id":"https:\/\/www.apfelpatient.de\/news\/tim-cook-spricht-klartext-zu-apple-ki-und-ruecktritt","url":"https:\/\/www.apfelpatient.de\/news\/tim-cook-spricht-klartext-zu-apple-ki-und-ruecktritt","name":"Tim Cook speaks plainly about Apple, AI and resignation Apfelpatient","isPartOf":{"@id":"https:\/\/www.apfelpatient.de\/#website"},"primaryImageOfPage":{"@id":"https:\/\/www.apfelpatient.de\/news\/tim-cook-spricht-klartext-zu-apple-ki-und-ruecktritt#primaryimage"},"image":{"@id":"https:\/\/www.apfelpatient.de\/news\/tim-cook-spricht-klartext-zu-apple-ki-und-ruecktritt#primaryimage"},"thumbnailUrl":"https:\/\/www.apfelpatient.de\/wp-content\/uploads\/2026\/03\/shutterstock_1510109468.jpg","datePublished":"2026-03-17T15:58:40+00:00","dateModified":"2026-03-17T15:58:47+00:00","description":"Apple in the spotlight: Tim Cook talks about AI, investments, data privacy, and resignation rumors. Read all the details of the interview now.","breadcrumb":{"@id":"https:\/\/www.apfelpatient.de\/news\/tim-cook-spricht-klartext-zu-apple-ki-und-ruecktritt#breadcrumb"},"inLanguage":"en-US","potentialAction":[{"@type":"ReadAction","target":["https:\/\/www.apfelpatient.de\/news\/tim-cook-spricht-klartext-zu-apple-ki-und-ruecktritt"]}]},{"@type":"ImageObject","inLanguage":"en-US","@id":"https:\/\/www.apfelpatient.de\/news\/tim-cook-spricht-klartext-zu-apple-ki-und-ruecktritt#primaryimage","url":"https:\/\/www.apfelpatient.de\/wp-content\/uploads\/2026\/03\/shutterstock_1510109468.jpg","contentUrl":"https:\/\/www.apfelpatient.de\/wp-content\/uploads\/2026\/03\/shutterstock_1510109468.jpg","width":1600,"height":1067,"caption":"Bild: Shutterstock \/ photovanessacarvalho"},{"@type":"BreadcrumbList","@id":"https:\/\/www.apfelpatient.de\/news\/tim-cook-spricht-klartext-zu-apple-ki-und-ruecktritt#breadcrumb","itemListElement":[{"@type":"ListItem","position":1,"name":"Startseite","item":"https:\/\/www.apfelpatient.de\/"},{"@type":"ListItem","position":2,"name":"Tim Cook spricht Klartext zu Apple, KI und R\u00fccktritt"}]},{"@type":"WebSite","@id":"https:\/\/www.apfelpatient.de\/#website","url":"https:\/\/www.apfelpatient.de\/","name":"apple patient","description":"Everything about Apple!","publisher":{"@type":"Organization","@id":"https:\/\/www.apfelpatient.de\/en\/#organization","name":"Apfelpatient","url":"https:\/\/www.apfelpatient.de\/en\/"},"alternateName":"Apfelpatient","potentialAction":[{"@type":"SearchAction","target":{"@type":"EntryPoint","urlTemplate":"https:\/\/www.apfelpatient.de\/?s={search_term_string}"},"query-input":{"@type":"PropertyValueSpecification","valueRequired":true,"valueName":"search_term_string"}}],"inLanguage":"en-US"},{"@type":["Person","Organization"],"@id":"https:\/\/www.apfelpatient.de\/#\/schema\/person\/35b3ddba5832f2bfc7fff5206d4f6b7b","name":"Milan","logo":{"@id":"https:\/\/www.apfelpatient.de\/#\/schema\/person\/image\/"},"description":"Hello and welcome to my technology blog! As a big Apple fan, I report on everything to do with Apple: from the latest news and exciting rumors to helpful tips and tricks and detailed product tests. If you are as enthusiastic about technology as I am, you have come to the right place!","sameAs":["https:\/\/www.facebook.com\/apfelpatientOfficial","https:\/\/www.linkedin.com\/in\/milan-jovicic-42aa0231b"],"url":"https:\/\/www.apfelpatient.de\/en\/author\/apfeladmin"}]}},"_links":{"self":[{"href":"https:\/\/www.apfelpatient.de\/en\/wp-json\/wp\/v2\/posts\/65403","targetHints":{"allow":["GET"]}}],"collection":[{"href":"https:\/\/www.apfelpatient.de\/en\/wp-json\/wp\/v2\/posts"}],"about":[{"href":"https:\/\/www.apfelpatient.de\/en\/wp-json\/wp\/v2\/types\/post"}],"author":[{"embeddable":true,"href":"https:\/\/www.apfelpatient.de\/en\/wp-json\/wp\/v2\/users\/2"}],"replies":[{"embeddable":true,"href":"https:\/\/www.apfelpatient.de\/en\/wp-json\/wp\/v2\/comments?post=65403"}],"version-history":[{"count":1,"href":"https:\/\/www.apfelpatient.de\/en\/wp-json\/wp\/v2\/posts\/65403\/revisions"}],"predecessor-version":[{"id":65404,"href":"https:\/\/www.apfelpatient.de\/en\/wp-json\/wp\/v2\/posts\/65403\/revisions\/65404"}],"wp:featuredmedia":[{"embeddable":true,"href":"https:\/\/www.apfelpatient.de\/en\/wp-json\/wp\/v2\/media\/65402"}],"wp:attachment":[{"href":"https:\/\/www.apfelpatient.de\/en\/wp-json\/wp\/v2\/media?parent=65403"}],"wp:term":[{"taxonomy":"category","embeddable":true,"href":"https:\/\/www.apfelpatient.de\/en\/wp-json\/wp\/v2\/categories?post=65403"},{"taxonomy":"post_tag","embeddable":true,"href":"https:\/\/www.apfelpatient.de\/en\/wp-json\/wp\/v2\/tags?post=65403"}],"curies":[{"name":"wp","href":"https:\/\/api.w.org\/{rel}","templated":true}]}}