{"id":65383,"date":"2026-03-16T23:16:59","date_gmt":"2026-03-16T22:16:59","guid":{"rendered":"https:\/\/www.apfelpatient.de\/?p=65383"},"modified":"2026-03-16T23:17:14","modified_gmt":"2026-03-16T22:17:14","slug":"apple-tv-severance-season-3-production-starts-soon","status":"publish","type":"post","link":"https:\/\/www.apfelpatient.de\/en\/news\/apple-tv-severance-staffel-3-produktion-startet-bald","title":{"rendered":"Apple TV: Severance Season 3 \u2013 Production starts soon"},"content":{"rendered":"<p class=\"has-drop-cap\"><strong>The hit sci-fi series &quot;Severance&quot; on Apple TV will return for a third season. Following the huge success of the first two seasons, preparations for the next production phase are already underway. New statements from lead actor Adam Scott now provide the first concrete details about the start of filming, new characters, and a possible change in the directing team.<\/strong><\/p>\n\n\n\n<p>The information comes from an interview with the industry magazine Deadline, in which Scott spoke about the current state of production.<\/p>\n\n\n\n<h4 class=\"wp-block-heading\" id=\"h-severance-bleibt-eine-wichtige-serie-fur-apple-tv\">\"Severance\" remains an important series for Apple TV<\/h4>\n\n\n\n<p>\"Severance\" is one of the most popular series on Apple TV. The show blends science fiction, mystery, and psychological drama. At its heart is a technology that separates memories from those of work and personal life.<\/p>\n\n\n\n<p>This idea and the mysterious plot surrounding Lumon Industries quickly made the series one of the streaming service&#039;s most important titles.<\/p>\n\n\n\n<h4 class=\"wp-block-heading\" id=\"h-drehstart-von-severance-staffel-3-steht-kurz-bevor\">Filming for season 3 of \"Severance\" is about to begin<\/h4>\n\n\n\n<p class=\"translation-block\">In an interview with <a href=\"https:\/\/www.tiktok.com\/@deadline\/video\/7617916854463499550\" id=\"https:\/\/www.tiktok.com\/@deadline\/video\/7617916854463499550\" target=\"_blank\" rel=\"noreferrer noopener\" data-wpel-link=\"external\">Deadline<\/a>, Adam Scott was asked when filming for the third season would begin. Previous reports had already suggested that production could start in April. Scott indirectly confirmed this, saying:<\/p>\n\n\n\n<blockquote class=\"wp-block-quote is-layout-flow wp-block-quote-is-layout-flow\">\n<p>We\u2019re starting very soon\u2026Very, very soon. I\u2019ll put two \"verys\" on that.<\/p>\n<\/blockquote>\n\n\n\n<p>This statement suggests that filming for season 3 of &quot;Severance&quot; on Apple TV is imminent.<\/p>\n\n\n\n<h4 class=\"wp-block-heading\" id=\"h-neue-charaktere-fur-die-kommende-staffel\">New characters for the upcoming season<\/h4>\n\n\n\n<p>Scott also confirmed that new characters will appear in the third season. However, no specific details about roles or actors have yet been revealed. His statement on the matter:<\/p>\n\n\n\n<blockquote class=\"wp-block-quote is-layout-flow wp-block-quote-is-layout-flow\">\n<p>There will be exciting new characters, and we\u2019ll kind of\u2026get to that when we get to that.<\/p>\n<\/blockquote>\n\n\n\n<p>This makes it clear that the series&#039; cast of characters will be expanded.<\/p>\n\n\n\n<h4 class=\"wp-block-heading\" id=\"h-kogonada-als-moglicher-regisseur-der-dritten-staffel\">Kogonada as a possible director of the third season<\/h4>\n\n\n\n<p>Another important point concerns the director. In the first two seasons, Ben Stiller directed a total of eleven episodes. However, he will not be directing any episodes himself for season 3, but will remain creatively involved in the series.<\/p>\n\n\n\n<p class=\"translation-block\"><a href=\"https:\/\/www.worldofreel.com\/blog\/2026\/3\/15\/kogonoda\" id=\"https:\/\/www.worldofreel.com\/blog\/2026\/3\/15\/kogonoda\" target=\"_blank\" rel=\"noreferrer noopener\" data-wpel-link=\"external\">Reports<\/a> indicate that renowned director Kogonada could direct most or even all episodes of the new season. Adam Scott spoke very positively about him in an interview, describing him as a great filmmaker.<\/p>\n\n\n\n<p>These statements are considered strong confirmation of his involvement.<\/p>\n\n\n\n<figure class=\"wp-block-image size-full\"><img decoding=\"async\" width=\"1600\" height=\"1067\" src=\"https:\/\/www.apfelpatient.de\/wp-content\/uploads\/2024\/12\/Severance_Photo_020302.jpg\" alt=\"Apple Service\" class=\"wp-image-48754\" srcset=\"https:\/\/www.apfelpatient.de\/wp-content\/uploads\/2024\/12\/Severance_Photo_020302.jpg 1600w, https:\/\/www.apfelpatient.de\/wp-content\/uploads\/2024\/12\/Severance_Photo_020302-300x200.jpg 300w, https:\/\/www.apfelpatient.de\/wp-content\/uploads\/2024\/12\/Severance_Photo_020302-1024x683.jpg 1024w, https:\/\/www.apfelpatient.de\/wp-content\/uploads\/2024\/12\/Severance_Photo_020302-768x512.jpg 768w, https:\/\/www.apfelpatient.de\/wp-content\/uploads\/2024\/12\/Severance_Photo_020302-1536x1024.jpg 1536w, https:\/\/www.apfelpatient.de\/wp-content\/uploads\/2024\/12\/Severance_Photo_020302-750x500.jpg 750w, https:\/\/www.apfelpatient.de\/wp-content\/uploads\/2024\/12\/Severance_Photo_020302-1140x760.jpg 1140w\" sizes=\"(max-width: 1600px) 100vw, 1600px\" \/><figcaption class=\"wp-element-caption\">Image: Apple<\/figcaption><\/figure>\n\n\n\n<h4 class=\"wp-block-heading\" id=\"h-moglicher-starttermin-und-preis-von-apple-tv\">Possible launch date and price of Apple TV<\/h4>\n\n\n\n<p>An official release date for the new season has not yet been announced. If filming begins as expected in the spring, &quot;Severance&quot; Season 3 could potentially premiere on Apple TV in mid to late 2027.<\/p>\n\n\n\n<p>The Apple TV streaming service currently costs \u20ac9.99 per month. Alternatively, the service can be subscribed to at a reduced overall price via the Apple One bundle together with other Apple services.<\/p>\n\n\n\n<h3 class=\"wp-block-heading\" id=\"h-produktion-von-severance-staffel-3-startet-in-kurze\">Production of \"Severance\" Season 3 will start soon<\/h3>\n\n\n\n<p>Production on season 3 of &quot;Severance&quot; for Apple TV is about to begin. Adam Scott confirmed that filming will start very soon. At the same time, new characters were hinted at, and a possible change of director to Kogonada seems likely.<\/p>\n\n\n\n<p>Even though the release is not expected until 2027, current information shows that work on the next season is already well underway. (Image: Apple)<\/p>\n\n\n\n<ul class=\"wp-block-list\">\n<li><a href=\"https:\/\/www.apfelpatient.de\/en\/news\/apple-officially-classifies-two-iphones-as-outdated\" type=\"link\" id=\"https:\/\/www.apfelpatient.de\/news\/apple-stuft-zwei-iphones-offiziell-als-veraltet-ein\">Apple officially classifies two iPhones as obsolete<\/a><\/li>\n\n\n\n<li><a href=\"https:\/\/www.apfelpatient.de\/en\/news\/apple-adopts-motionvfx-bringing-more-power-to-final-cut-pro\">Apple acquires MotionVFX: More power for Final Cut Pro<\/a><\/li>\n\n\n\n<li><a href=\"https:\/\/www.apfelpatient.de\/en\/news\/apple-introduces-airpods-max-2-with-new-audio-features\">Apple introduces AirPods Max 2 with new audio features<\/a><\/li>\n\n\n\n<li><a href=\"https:\/\/www.apfelpatient.de\/en\/news\/apple-tv-racing-film-f1-wins-oscar-for-best-sound\">Apple TV: Racing film \"F1\" wins Oscar for best sound<\/a><\/li>\n\n\n\n<li><a href=\"https:\/\/www.apfelpatient.de\/en\/news\/apple-celebrates-50-years-of-innovation-and-creativity-worldwide\">Apple celebrates 50 years of innovation &amp; creativity worldwide<\/a><\/li>\n\n\n\n<li><a href=\"https:\/\/www.apfelpatient.de\/en\/news\/apple-increases-ipad-sales-despite-decline-in-the-tablet-market\">Apple increases iPad sales despite decline in the tablet market<\/a><\/li>\n\n\n\n<li><a href=\"https:\/\/www.apfelpatient.de\/en\/news\/macbook-neo-teardown-surprisingly-easy-to-repair\">MacBook Neo teardown: Surprisingly easy to repair<\/a><\/li>\n\n\n\n<li><a href=\"https:\/\/www.apfelpatient.de\/en\/news\/apple-lowers-commission-in-the-app-store-for-developers-in-china\">Apple lowers commission for developers in the App Store in China<\/a><\/li>\n\n\n\n<li><a href=\"https:\/\/www.apfelpatient.de\/en\/news\/macbook-neo-impresses-former-windows-boss-becomes-thoughtful\">MacBook Neo impresses \u2013 former Windows chief becomes thoughtful<\/a><\/li>\n\n\n\n<li><a href=\"https:\/\/www.apfelpatient.de\/en\/news\/apple-benefits-from-indias-new-production-incentives\">Apple benefits from India&#039;s new production incentives<\/a><\/li>\n\n\n\n<li><a href=\"https:\/\/www.apfelpatient.de\/en\/news\/macbook-neo-in-teardown-modularly-screwed-together-repairable\">MacBook Neo teardown: Modular, screwed together, repairable<\/a><\/li>\n\n\n\n<li><a href=\"https:\/\/www.apfelpatient.de\/en\/news\/apple-turns-50-tim-cook-looks-back-on-history-and-future\">Apple turns 50: Tim Cook looks back on history &amp; future<\/a><\/li>\n\n\n\n<li><a href=\"https:\/\/www.apfelpatient.de\/en\/news\/apple-closes-coruna-gap-with-updates-for-older-devices\">Apple closes Coruna vulnerability with updates for older devices<\/a><\/li>\n\n\n\n<li><a href=\"https:\/\/www.apfelpatient.de\/en\/news\/apple-releases-repair-manuals-for-iphone-17e\">Apple releases repair manuals for iPhone 17e &amp; Co.<\/a><\/li>\n\n\n\n<li><a href=\"https:\/\/www.apfelpatient.de\/en\/news\/apple-releases-updates-for-older-iphones-and-ipads\">Apple releases updates for older iPhones &amp; iPads<\/a><\/li>\n\n\n\n<li><a href=\"https:\/\/www.apfelpatient.de\/en\/news\/apple-studio-displays-now-have-twice-the-memory\">Apple Studio Displays get twice the memory<\/a><\/li>\n\n\n\n<li><a href=\"https:\/\/www.apfelpatient.de\/en\/news\/apple-and-samsung-will-dominate-the-smartphone-market-in-2025\">Apple &amp; Samsung will dominate the smartphone market in 2025<\/a><\/li>\n\n\n\n<li><a href=\"https:\/\/www.apfelpatient.de\/en\/news\/macbook-neo-charges-faster-with-a-more-powerful-power-adapter\">MacBook Neo charges faster with a more powerful power adapter<\/a><\/li>\n\n\n\n<li><a href=\"https:\/\/www.apfelpatient.de\/en\/news\/whatsapp-expands-its-platform-to-include-accounts-for-children\">WhatsApp expands its platform to include accounts for children<\/a><\/li>\n\n\n\n<li><a href=\"https:\/\/www.apfelpatient.de\/en\/news\/apple-arcade-new-games-updates-in-april-2026\">Apple Arcade: New games &amp; updates in April 2026<\/a><\/li>\n\n\n\n<li><a href=\"https:\/\/www.apfelpatient.de\/en\/news\/apples-seven-new-products-are-available-starting-today\">Apple \u2013 seven new products available from today<\/a><\/li>\n\n\n\n<li><a href=\"https:\/\/www.apfelpatient.de\/en\/news\/macbook-neo-asus-manager-calls-apples-laptop-a-shock\">MacBook Neo: ASUS manager calls Apple&#039;s laptop a shock<\/a><\/li>\n\n\n\n<li><a href=\"https:\/\/www.apfelpatient.de\/en\/news\/apple-relies-on-emg-and-ai-for-new-gesture-control\">Apple is relying on EMG and AI for new gesture control<\/a><\/li>\n<\/ul>\n\n\n\n<h6 class=\"wp-block-heading translation-block\" id=\"h-kennt-ihr-schon-unsere-amazon-storefront-dort-findet-ihr-eine-handverlesene-auswahl-von-diversen-produkten-f-r-euer-iphone-und-co-viel-spa-beim-st-bern\"><em>Have you already visited our Amazon Storefront? There you&#039;ll find a hand-picked selection of various products for your iPhone and other devices \u2013 <span class=\"has-inline-color has-vivid-red-color\"><a href=\"https:\/\/www.amazon.de\/shop\/apfelpatientofficial\" class=\"ek-link\" data-wpel-link=\"exclude\" rel=\"follow noopener\" target=\"_self\"><span style=\"text-decoration: underline\" class=\"ek-underline\">enjoy browsing<\/span><\/a> !<\/span><\/em><\/h6>\n\n\n\n<h6 class=\"wp-block-heading translation-block\" id=\"h-der-beitrag-enthalt-partnerlinks\">This post contains <a data-type=\"URL\" data-id=\"https:\/\/www.apfelpatient.de\/partnerprogramm\" href=\"https:\/\/www.apfelpatient.de\/en\/partner-program\" data-wpel-link=\"internal\" target=\"_self\">affiliate links<\/a>.<\/h6>","protected":false},"excerpt":{"rendered":"<p>Apple TV plant Staffel 3 von &#8222;Severance&#8220;. Der Drehstart r\u00fcckt n\u00e4her, neue Charaktere werden erwartet und ein Regiewechsel steht im Raum.<\/p>","protected":false},"author":2,"featured_media":65382,"comment_status":"closed","ping_status":"open","sticky":false,"template":"","format":"standard","meta":{"jnews-multi-image_gallery":[],"jnews_single_post":{"format":"standard","override":[{"template":"2","parallax":"1","fullscreen":"1","layout":"right-sidebar","sidebar":"default-sidebar","second_sidebar":"default-sidebar","sticky_sidebar":"1","share_position":"top","share_float_style":"share-monocrhome","show_featured":"1","show_post_meta":"1","show_post_author":"1","show_post_author_image":"1","show_post_date":"1","post_date_format":"default","post_date_format_custom":"Y\/m\/d","show_post_category":"1","show_post_reading_time":"0","post_reading_time_wpm":"300","post_calculate_word_method":"str_word_count","show_zoom_button":"0","zoom_button_out_step":"2","zoom_button_in_step":"3","show_post_tag":"1","show_prev_next_post":"1","show_popup_post":"1","show_comment_section":"1","number_popup_post":"1","show_author_box":"0","show_post_related":"0","show_inline_post_related":"0"}],"image_override":[{"single_post_thumbnail_size":"crop-500","single_post_gallery_size":"crop-500"}],"trending_post_position":"meta","trending_post_label":"Trending","sponsored_post_label":"Sponsored by","disable_ad":"0"},"jnews_primary_category":{"id":"9"},"footnotes":""},"categories":[9],"tags":[34,156],"class_list":["post-65383","post","type-post","status-publish","format-standard","has-post-thumbnail","hentry","category-news","tag-apple-dienste","tag-apple-tv"],"yoast_head":"<!-- This site is optimized with the Yoast SEO Premium plugin v27.5 (Yoast SEO v27.5) - https:\/\/yoast.com\/product\/yoast-seo-premium-wordpress\/ -->\n<title>Apple TV: Severance Staffel 3 \u2013 Produktion startet bald Apfelpatient<\/title>\n<meta name=\"description\" content=\"Apple TV plant Staffel 3 von &quot;Severance&quot;. Der Drehstart r\u00fcckt n\u00e4her, neue Charaktere werden erwartet und ein Regiewechsel steht im Raum.\" \/>\n<meta name=\"robots\" content=\"index, follow, max-snippet:-1, max-image-preview:large, max-video-preview:-1\" \/>\n<link rel=\"canonical\" href=\"https:\/\/www.apfelpatient.de\/en\/news\/apple-tv-severance-season-3-production-starts-soon\" \/>\n<meta property=\"og:locale\" content=\"en_US\" \/>\n<meta property=\"og:type\" content=\"article\" \/>\n<meta property=\"og:title\" content=\"Apple TV: Severance Staffel 3 \u2013 Produktion startet bald\" \/>\n<meta property=\"og:description\" content=\"Apple TV plant Staffel 3 von &quot;Severance&quot;. Der Drehstart r\u00fcckt n\u00e4her, neue Charaktere werden erwartet und ein Regiewechsel steht im Raum.\" \/>\n<meta property=\"og:url\" content=\"https:\/\/www.apfelpatient.de\/en\/news\/apple-tv-severance-season-3-production-starts-soon\" \/>\n<meta property=\"og:site_name\" content=\"Apfelpatient\" \/>\n<meta property=\"article:publisher\" content=\"https:\/\/www.facebook.com\/apfelpatientOfficial\" \/>\n<meta property=\"article:author\" content=\"https:\/\/www.facebook.com\/apfelpatientOfficial\" \/>\n<meta property=\"article:published_time\" content=\"2026-03-16T22:16:59+00:00\" \/>\n<meta property=\"article:modified_time\" content=\"2026-03-16T22:17:14+00:00\" \/>\n<meta property=\"og:image\" content=\"https:\/\/www.apfelpatient.de\/wp-content\/uploads\/2026\/03\/Severance_Photo_020306.jpg\" \/>\n\t<meta property=\"og:image:width\" content=\"1600\" \/>\n\t<meta property=\"og:image:height\" content=\"1067\" \/>\n\t<meta property=\"og:image:type\" content=\"image\/jpeg\" \/>\n<meta name=\"author\" content=\"Milan\" \/>\n<meta name=\"twitter:card\" content=\"summary_large_image\" \/>\n<meta name=\"twitter:description\" content=\"Apple TV plant Staffel 3 von &quot;Severance&quot;. Der Drehstart r\u00fcckt n\u00e4her, neue Charaktere werden erwartet und ein Regiewechsel steht im Raum.\" \/>\n<meta name=\"twitter:label1\" content=\"Written by\" \/>\n\t<meta name=\"twitter:data1\" content=\"Milan\" \/>\n\t<meta name=\"twitter:label2\" content=\"Est. reading time\" \/>\n\t<meta name=\"twitter:data2\" content=\"5 minutes\" \/>\n<script type=\"application\/ld+json\" class=\"yoast-schema-graph\">{\"@context\":\"https:\\\/\\\/schema.org\",\"@graph\":[{\"@type\":\"NewsArticle\",\"@id\":\"https:\\\/\\\/www.apfelpatient.de\\\/news\\\/apple-tv-severance-staffel-3-produktion-startet-bald#article\",\"isPartOf\":{\"@id\":\"https:\\\/\\\/www.apfelpatient.de\\\/news\\\/apple-tv-severance-staffel-3-produktion-startet-bald\"},\"author\":{\"@type\":\"Organization\",\"@id\":\"https:\\\/\\\/www.apfelpatient.de\\\/en\\\/#organization\",\"name\":\"Apfelpatient\",\"url\":\"https:\\\/\\\/www.apfelpatient.de\\\/en\\\/\"},\"headline\":\"Apple TV: Severance Staffel 3 \u2013 Produktion startet bald\",\"datePublished\":\"2026-03-16T22:16:59+00:00\",\"dateModified\":\"2026-03-16T22:17:14+00:00\",\"mainEntityOfPage\":{\"@id\":\"https:\\\/\\\/www.apfelpatient.de\\\/news\\\/apple-tv-severance-staffel-3-produktion-startet-bald\"},\"wordCount\":729,\"publisher\":{\"@type\":\"Organization\",\"@id\":\"https:\\\/\\\/www.apfelpatient.de\\\/en\\\/#organization\",\"name\":\"Apfelpatient\",\"url\":\"https:\\\/\\\/www.apfelpatient.de\\\/en\\\/\"},\"image\":{\"@id\":\"https:\\\/\\\/www.apfelpatient.de\\\/news\\\/apple-tv-severance-staffel-3-produktion-startet-bald#primaryimage\"},\"thumbnailUrl\":\"https:\\\/\\\/www.apfelpatient.de\\\/wp-content\\\/uploads\\\/2026\\\/03\\\/Severance_Photo_020306.jpg\",\"keywords\":[\"Apple Dienste\",\"Apple TV\"],\"articleSection\":\"News\",\"inLanguage\":\"en-US\",\"copyrightYear\":\"2026\",\"copyrightHolder\":{\"@id\":\"https:\\\/\\\/www.apfelpatient.de\\\/en\\\/#organization\"}},{\"@type\":\"WebPage\",\"@id\":\"https:\\\/\\\/www.apfelpatient.de\\\/news\\\/apple-tv-severance-staffel-3-produktion-startet-bald\",\"url\":\"https:\\\/\\\/www.apfelpatient.de\\\/news\\\/apple-tv-severance-staffel-3-produktion-startet-bald\",\"name\":\"Apple TV: Severance Staffel 3 \u2013 Produktion startet bald Apfelpatient\",\"isPartOf\":{\"@id\":\"https:\\\/\\\/www.apfelpatient.de\\\/#website\"},\"primaryImageOfPage\":{\"@id\":\"https:\\\/\\\/www.apfelpatient.de\\\/news\\\/apple-tv-severance-staffel-3-produktion-startet-bald#primaryimage\"},\"image\":{\"@id\":\"https:\\\/\\\/www.apfelpatient.de\\\/news\\\/apple-tv-severance-staffel-3-produktion-startet-bald#primaryimage\"},\"thumbnailUrl\":\"https:\\\/\\\/www.apfelpatient.de\\\/wp-content\\\/uploads\\\/2026\\\/03\\\/Severance_Photo_020306.jpg\",\"datePublished\":\"2026-03-16T22:16:59+00:00\",\"dateModified\":\"2026-03-16T22:17:14+00:00\",\"description\":\"Apple TV plant Staffel 3 von \\\"Severance\\\". Der Drehstart r\u00fcckt n\u00e4her, neue Charaktere werden erwartet und ein Regiewechsel steht im Raum.\",\"breadcrumb\":{\"@id\":\"https:\\\/\\\/www.apfelpatient.de\\\/news\\\/apple-tv-severance-staffel-3-produktion-startet-bald#breadcrumb\"},\"inLanguage\":\"en-US\",\"potentialAction\":[{\"@type\":\"ReadAction\",\"target\":[\"https:\\\/\\\/www.apfelpatient.de\\\/news\\\/apple-tv-severance-staffel-3-produktion-startet-bald\"]}]},{\"@type\":\"ImageObject\",\"inLanguage\":\"en-US\",\"@id\":\"https:\\\/\\\/www.apfelpatient.de\\\/news\\\/apple-tv-severance-staffel-3-produktion-startet-bald#primaryimage\",\"url\":\"https:\\\/\\\/www.apfelpatient.de\\\/wp-content\\\/uploads\\\/2026\\\/03\\\/Severance_Photo_020306.jpg\",\"contentUrl\":\"https:\\\/\\\/www.apfelpatient.de\\\/wp-content\\\/uploads\\\/2026\\\/03\\\/Severance_Photo_020306.jpg\",\"width\":1600,\"height\":1067,\"caption\":\"Bild: Apple\"},{\"@type\":\"BreadcrumbList\",\"@id\":\"https:\\\/\\\/www.apfelpatient.de\\\/news\\\/apple-tv-severance-staffel-3-produktion-startet-bald#breadcrumb\",\"itemListElement\":[{\"@type\":\"ListItem\",\"position\":1,\"name\":\"Startseite\",\"item\":\"https:\\\/\\\/www.apfelpatient.de\\\/\"},{\"@type\":\"ListItem\",\"position\":2,\"name\":\"Apple TV: Severance Staffel 3 \u2013 Produktion startet bald\"}]},{\"@type\":\"WebSite\",\"@id\":\"https:\\\/\\\/www.apfelpatient.de\\\/#website\",\"url\":\"https:\\\/\\\/www.apfelpatient.de\\\/\",\"name\":\"Apfelpatient\",\"description\":\"Alles rund um Apple!\",\"publisher\":{\"@type\":\"Organization\",\"@id\":\"https:\\\/\\\/www.apfelpatient.de\\\/en\\\/#organization\",\"name\":\"Apfelpatient\",\"url\":\"https:\\\/\\\/www.apfelpatient.de\\\/en\\\/\"},\"alternateName\":\"Apfelpatient\",\"potentialAction\":[{\"@type\":\"SearchAction\",\"target\":{\"@type\":\"EntryPoint\",\"urlTemplate\":\"https:\\\/\\\/www.apfelpatient.de\\\/?s={search_term_string}\"},\"query-input\":{\"@type\":\"PropertyValueSpecification\",\"valueRequired\":true,\"valueName\":\"search_term_string\"}}],\"inLanguage\":\"en-US\"},{\"@type\":[\"Person\",\"Organization\"],\"@id\":\"https:\\\/\\\/www.apfelpatient.de\\\/#\\\/schema\\\/person\\\/7dc56ad6c8e9824b76d2c08d4c140e13\",\"name\":\"Milan\",\"logo\":{\"@id\":\"https:\\\/\\\/www.apfelpatient.de\\\/#\\\/schema\\\/person\\\/image\\\/\"},\"description\":\"Hallo und herzlich willkommen auf meinem Technik-Blog! Als gro\u00dfer Apple-Fan berichte ich hier \u00fcber alles, was mit Apple zu tun hat: von den neuesten News und spannenden Ger\u00fcchten \u00fcber hilfreiche Tipps und Tricks bis hin zu ausf\u00fchrlichen Produkttests. Wenn du genauso technikbegeistert bist wie ich, bist du hier genau richtig!\",\"sameAs\":[\"https:\\\/\\\/www.facebook.com\\\/apfelpatientOfficial\",\"https:\\\/\\\/www.linkedin.com\\\/in\\\/milan-jovicic-42aa0231b\"],\"url\":\"https:\\\/\\\/www.apfelpatient.de\\\/en\\\/author\\\/apfeladmin\"}]}<\/script>\n<!-- \/ Yoast SEO Premium plugin. -->","yoast_head_json":{"title":"Apple TV: Severance Season 3 \u2013 Production starts soon Apfelpatient","description":"Apple TV is planning a third season of &quot;Severance.&quot; Filming is nearing its start date, new characters are expected, and a change of director is rumored.","robots":{"index":"index","follow":"follow","max-snippet":"max-snippet:-1","max-image-preview":"max-image-preview:large","max-video-preview":"max-video-preview:-1"},"canonical":"https:\/\/www.apfelpatient.de\/en\/news\/apple-tv-severance-season-3-production-starts-soon","og_locale":"en_US","og_type":"article","og_title":"Apple TV: Severance Staffel 3 \u2013 Produktion startet bald","og_description":"Apple TV plant Staffel 3 von \"Severance\". Der Drehstart r\u00fcckt n\u00e4her, neue Charaktere werden erwartet und ein Regiewechsel steht im Raum.","og_url":"https:\/\/www.apfelpatient.de\/en\/news\/apple-tv-severance-season-3-production-starts-soon","og_site_name":"Apfelpatient","article_publisher":"https:\/\/www.facebook.com\/apfelpatientOfficial","article_author":"https:\/\/www.facebook.com\/apfelpatientOfficial","article_published_time":"2026-03-16T22:16:59+00:00","article_modified_time":"2026-03-16T22:17:14+00:00","og_image":[{"width":1600,"height":1067,"url":"https:\/\/www.apfelpatient.de\/wp-content\/uploads\/2026\/03\/Severance_Photo_020306.jpg","type":"image\/jpeg"}],"author":"Milan","twitter_card":"summary_large_image","twitter_description":"Apple TV plant Staffel 3 von \"Severance\". Der Drehstart r\u00fcckt n\u00e4her, neue Charaktere werden erwartet und ein Regiewechsel steht im Raum.","twitter_misc":{"Written by":"Milan","Est. reading time":"5 minutes"},"schema":{"@context":"https:\/\/schema.org","@graph":[{"@type":"NewsArticle","@id":"https:\/\/www.apfelpatient.de\/news\/apple-tv-severance-staffel-3-produktion-startet-bald#article","isPartOf":{"@id":"https:\/\/www.apfelpatient.de\/news\/apple-tv-severance-staffel-3-produktion-startet-bald"},"author":{"@type":"Organization","@id":"https:\/\/www.apfelpatient.de\/en\/#organization","name":"Apfelpatient","url":"https:\/\/www.apfelpatient.de\/en\/"},"headline":"Apple TV: Severance Staffel 3 \u2013 Produktion startet bald","datePublished":"2026-03-16T22:16:59+00:00","dateModified":"2026-03-16T22:17:14+00:00","mainEntityOfPage":{"@id":"https:\/\/www.apfelpatient.de\/news\/apple-tv-severance-staffel-3-produktion-startet-bald"},"wordCount":729,"publisher":{"@type":"Organization","@id":"https:\/\/www.apfelpatient.de\/en\/#organization","name":"Apfelpatient","url":"https:\/\/www.apfelpatient.de\/en\/"},"image":{"@id":"https:\/\/www.apfelpatient.de\/news\/apple-tv-severance-staffel-3-produktion-startet-bald#primaryimage"},"thumbnailUrl":"https:\/\/www.apfelpatient.de\/wp-content\/uploads\/2026\/03\/Severance_Photo_020306.jpg","keywords":["Apple Dienste","Apple TV"],"articleSection":"News","inLanguage":"en-US","copyrightYear":"2026","copyrightHolder":{"@id":"https:\/\/www.apfelpatient.de\/en\/#organization"}},{"@type":"WebPage","@id":"https:\/\/www.apfelpatient.de\/news\/apple-tv-severance-staffel-3-produktion-startet-bald","url":"https:\/\/www.apfelpatient.de\/news\/apple-tv-severance-staffel-3-produktion-startet-bald","name":"Apple TV: Severance Season 3 \u2013 Production starts soon Apfelpatient","isPartOf":{"@id":"https:\/\/www.apfelpatient.de\/#website"},"primaryImageOfPage":{"@id":"https:\/\/www.apfelpatient.de\/news\/apple-tv-severance-staffel-3-produktion-startet-bald#primaryimage"},"image":{"@id":"https:\/\/www.apfelpatient.de\/news\/apple-tv-severance-staffel-3-produktion-startet-bald#primaryimage"},"thumbnailUrl":"https:\/\/www.apfelpatient.de\/wp-content\/uploads\/2026\/03\/Severance_Photo_020306.jpg","datePublished":"2026-03-16T22:16:59+00:00","dateModified":"2026-03-16T22:17:14+00:00","description":"Apple TV is planning a third season of &quot;Severance.&quot; Filming is nearing its start date, new characters are expected, and a change of director is rumored.","breadcrumb":{"@id":"https:\/\/www.apfelpatient.de\/news\/apple-tv-severance-staffel-3-produktion-startet-bald#breadcrumb"},"inLanguage":"en-US","potentialAction":[{"@type":"ReadAction","target":["https:\/\/www.apfelpatient.de\/news\/apple-tv-severance-staffel-3-produktion-startet-bald"]}]},{"@type":"ImageObject","inLanguage":"en-US","@id":"https:\/\/www.apfelpatient.de\/news\/apple-tv-severance-staffel-3-produktion-startet-bald#primaryimage","url":"https:\/\/www.apfelpatient.de\/wp-content\/uploads\/2026\/03\/Severance_Photo_020306.jpg","contentUrl":"https:\/\/www.apfelpatient.de\/wp-content\/uploads\/2026\/03\/Severance_Photo_020306.jpg","width":1600,"height":1067,"caption":"Bild: Apple"},{"@type":"BreadcrumbList","@id":"https:\/\/www.apfelpatient.de\/news\/apple-tv-severance-staffel-3-produktion-startet-bald#breadcrumb","itemListElement":[{"@type":"ListItem","position":1,"name":"Startseite","item":"https:\/\/www.apfelpatient.de\/"},{"@type":"ListItem","position":2,"name":"Apple TV: Severance Staffel 3 \u2013 Produktion startet bald"}]},{"@type":"WebSite","@id":"https:\/\/www.apfelpatient.de\/#website","url":"https:\/\/www.apfelpatient.de\/","name":"apple patient","description":"Everything about Apple!","publisher":{"@type":"Organization","@id":"https:\/\/www.apfelpatient.de\/en\/#organization","name":"Apfelpatient","url":"https:\/\/www.apfelpatient.de\/en\/"},"alternateName":"Apfelpatient","potentialAction":[{"@type":"SearchAction","target":{"@type":"EntryPoint","urlTemplate":"https:\/\/www.apfelpatient.de\/?s={search_term_string}"},"query-input":{"@type":"PropertyValueSpecification","valueRequired":true,"valueName":"search_term_string"}}],"inLanguage":"en-US"},{"@type":["Person","Organization"],"@id":"https:\/\/www.apfelpatient.de\/#\/schema\/person\/7dc56ad6c8e9824b76d2c08d4c140e13","name":"Milan","logo":{"@id":"https:\/\/www.apfelpatient.de\/#\/schema\/person\/image\/"},"description":"Hello and welcome to my technology blog! As a big Apple fan, I report on everything to do with Apple: from the latest news and exciting rumors to helpful tips and tricks and detailed product tests. If you are as enthusiastic about technology as I am, you have come to the right place!","sameAs":["https:\/\/www.facebook.com\/apfelpatientOfficial","https:\/\/www.linkedin.com\/in\/milan-jovicic-42aa0231b"],"url":"https:\/\/www.apfelpatient.de\/en\/author\/apfeladmin"}]}},"_links":{"self":[{"href":"https:\/\/www.apfelpatient.de\/en\/wp-json\/wp\/v2\/posts\/65383","targetHints":{"allow":["GET"]}}],"collection":[{"href":"https:\/\/www.apfelpatient.de\/en\/wp-json\/wp\/v2\/posts"}],"about":[{"href":"https:\/\/www.apfelpatient.de\/en\/wp-json\/wp\/v2\/types\/post"}],"author":[{"embeddable":true,"href":"https:\/\/www.apfelpatient.de\/en\/wp-json\/wp\/v2\/users\/2"}],"replies":[{"embeddable":true,"href":"https:\/\/www.apfelpatient.de\/en\/wp-json\/wp\/v2\/comments?post=65383"}],"version-history":[{"count":2,"href":"https:\/\/www.apfelpatient.de\/en\/wp-json\/wp\/v2\/posts\/65383\/revisions"}],"predecessor-version":[{"id":65385,"href":"https:\/\/www.apfelpatient.de\/en\/wp-json\/wp\/v2\/posts\/65383\/revisions\/65385"}],"wp:featuredmedia":[{"embeddable":true,"href":"https:\/\/www.apfelpatient.de\/en\/wp-json\/wp\/v2\/media\/65382"}],"wp:attachment":[{"href":"https:\/\/www.apfelpatient.de\/en\/wp-json\/wp\/v2\/media?parent=65383"}],"wp:term":[{"taxonomy":"category","embeddable":true,"href":"https:\/\/www.apfelpatient.de\/en\/wp-json\/wp\/v2\/categories?post=65383"},{"taxonomy":"post_tag","embeddable":true,"href":"https:\/\/www.apfelpatient.de\/en\/wp-json\/wp\/v2\/tags?post=65383"}],"curies":[{"name":"wp","href":"https:\/\/api.w.org\/{rel}","templated":true}]}}