{"id":65368,"date":"2026-03-16T17:21:18","date_gmt":"2026-03-16T16:21:18","guid":{"rendered":"https:\/\/www.apfelpatient.de\/?p=65368"},"modified":"2026-03-16T17:21:23","modified_gmt":"2026-03-16T16:21:23","slug":"apple-adopts-motionvfx-bringing-more-power-to-final-cut-pro","status":"publish","type":"post","link":"https:\/\/www.apfelpatient.de\/en\/news\/apple-uebernimmt-motionvfx-mehr-power-fuer-final-cut-pro","title":{"rendered":"Apple acquires MotionVFX: More power for Final Cut Pro"},"content":{"rendered":"<p class=\"has-drop-cap\"><strong>Apple has acquired MotionVFX, a well-known developer of visual effects, motion graphics tools, and extensions for Final Cut Pro. With this move, Apple further expands its position in the professional video editing market and strengthens its own creative ecosystem.<\/strong><\/p>\n\n\n\n<p>MotionVFX has been one of the most important third-party providers in the Final Cut Pro ecosystem for years. The company&#039;s plugins are used worldwide by YouTubers, filmmakers, and broadcast editors to enhance videos with high-quality effects, transitions, and motion graphics.<\/p>\n\n\n\n<p>MotionVFX was founded in 2009 by Polish entrepreneur Szymon Masiak. Since then, the company has developed plugins, templates, and visual effects for video editing, specializing in tools for Final Cut Pro, Apple Motion, and DaVinci Resolve.<\/p>\n\n\n\n<p class=\"translation-block\">In a <a href=\"https:\/\/www.motionvfx.com\" id=\"https:\/\/www.motionvfx.com\" target=\"_blank\" rel=\"noreferrer noopener\" data-wpel-link=\"external\">statement<\/a> on its website, MotionVFX confirmed the acquisition by Apple and explained that the company will now be part of the Apple team. The goal remains to support creatives and video editors in doing their best work.<\/p>\n\n\n\n<p>The company also emphasized that quality, user-friendliness, and good design have been central to its products for over 15 years. MotionVFX sees these same values reflected in Apple&#039;s products.<\/p>\n\n\n\n<h4 class=\"wp-block-heading\" id=\"h-motionvfx-wird-teil-von-apple\">MotionVFX will become part of Apple<\/h4>\n\n\n\n<p>As part of the acquisition, approximately 70 MotionVFX employees have moved to Apple. The company was already a global partner of Apple and worked closely with the Final Cut Pro ecosystem.<\/p>\n\n\n\n<p>With this integration, Apple not only gains access to MotionVFX&#039;s technologies and products, but also to an experienced development team with extensive expertise in motion graphics, templates, and visual effects.<\/p>\n\n\n\n<h4 class=\"wp-block-heading\" id=\"h-beliebte-plugins-im-final-cut-pro-okosystem\">Popular plugins in the Final Cut Pro ecosystem<\/h4>\n\n\n\n<p>MotionVFX has been one of the most well-known developers of plugins for Final Cut Pro for years. Their tools are frequently used to create professional effects and graphics without having to develop them entirely from scratch. Some of their most popular products include:<\/p>\n\n\n\n<ul class=\"wp-block-list\">\n<li class=\"translation-block\"><strong>mFilmLook<\/strong> \u2013 a plugin for cinematic color correction and film looks.<\/li>\n\n\n\n<li class=\"translation-block\"><strong>mO2<\/strong> \u2013 a tool that allows 3D models to be used directly in Final Cut Pro and Apple Motion.<\/li>\n\n\n\n<li class=\"translation-block\"><strong>Design Studio<\/strong> \u2013 a panel extension that allows you to browse and install effects and templates directly within Final Cut Pro.<\/li>\n<\/ul>\n\n\n\n<h4 class=\"wp-block-heading\" id=\"h-bedeutung-fur-apple-und-final-cut-pro\">Significance for Apple and Final Cut Pro<\/h4>\n\n\n\n<p>MotionVFX&#039;s expertise in templates, transitions, and 3D workflows could help Apple further expand Final Cut Pro&#039;s integrated graphics capabilities. This could make more effects directly available within the software in the future, without the need to install additional plugins.<\/p>\n\n\n\n<p class=\"translation-block\">The acquisition also fits with Apple&#039;s growing focus on professional content production and the expansion of its <a href=\"https:\/\/www.apfelpatient.de\/en\/news\/apple-creator-studios-new-creative-subscription-is-now-available\" id=\"https:\/\/www.apfelpatient.de\/news\/apple-creator-studio-neues-kreativ-abo-jetzt-verfuegbar\" data-wpel-link=\"internal\" target=\"_self\">new<\/a> subscription service, Apple Creator Studio.<\/p>\n\n\n\n<h4 class=\"wp-block-heading\" id=\"h-zukunft-der-motionvfx-produkte\">The future of MotionVFX products<\/h4>\n\n\n\n<p>It is not yet known whether MotionVFX&#039;s existing plugins will continue to be sold independently in the long term. For now, the entire plugin catalog remains available via the MotionVFX website and the company&#039;s marketplace.<\/p>\n\n\n\n<h3 class=\"wp-block-heading\" id=\"h-apple-starkt-sein-kreativ-okosystem-mit-motionvfx\">Apple strengthens its creative ecosystem with MotionVFX<\/h3>\n\n\n\n<p>With the acquisition of MotionVFX, Apple brings one of the most important developers in the Final Cut Pro ecosystem into its own team. The company brings more than 15 years of experience in the development of visual effects and motion graphics tools.<\/p>\n\n\n\n<p>For Apple, this move represents a further expansion of its creative platforms and a clear signal that professional video production and content creation will play an even greater role in the company&#039;s software ecosystem in the future. (Image: Apple)<\/p>\n\n\n\n<ul class=\"wp-block-list\">\n<li><a href=\"https:\/\/www.apfelpatient.de\/en\/news\/apple-introduces-airpods-max-2-with-new-audio-features\" type=\"link\" id=\"https:\/\/www.apfelpatient.de\/news\/apple-stellt-airpods-max-2-mit-neuen-audiofunktionen-vor\">Apple introduces AirPods Max 2 with new audio features<\/a><\/li>\n\n\n\n<li><a href=\"https:\/\/www.apfelpatient.de\/en\/news\/apple-tv-racing-film-f1-wins-oscar-for-best-sound\">Apple TV: Racing film \"F1\" wins Oscar for best sound<\/a><\/li>\n\n\n\n<li><a href=\"https:\/\/www.apfelpatient.de\/en\/news\/apple-celebrates-50-years-of-innovation-and-creativity-worldwide\">Apple celebrates 50 years of innovation &amp; creativity worldwide<\/a><\/li>\n\n\n\n<li><a href=\"https:\/\/www.apfelpatient.de\/en\/news\/apple-increases-ipad-sales-despite-decline-in-the-tablet-market\">Apple increases iPad sales despite decline in the tablet market<\/a><\/li>\n\n\n\n<li><a href=\"https:\/\/www.apfelpatient.de\/en\/news\/macbook-neo-teardown-surprisingly-easy-to-repair\">MacBook Neo teardown: Surprisingly easy to repair<\/a><\/li>\n\n\n\n<li><a href=\"https:\/\/www.apfelpatient.de\/en\/news\/apple-lowers-commission-in-the-app-store-for-developers-in-china\">Apple lowers commission for developers in the App Store in China<\/a><\/li>\n\n\n\n<li><a href=\"https:\/\/www.apfelpatient.de\/en\/news\/macbook-neo-impresses-former-windows-boss-becomes-thoughtful\">MacBook Neo impresses \u2013 former Windows chief becomes thoughtful<\/a><\/li>\n\n\n\n<li><a href=\"https:\/\/www.apfelpatient.de\/en\/news\/apple-benefits-from-indias-new-production-incentives\">Apple benefits from India&#039;s new production incentives<\/a><\/li>\n\n\n\n<li><a href=\"https:\/\/www.apfelpatient.de\/en\/news\/macbook-neo-in-teardown-modularly-screwed-together-repairable\">MacBook Neo teardown: Modular, screwed together, repairable<\/a><\/li>\n\n\n\n<li><a href=\"https:\/\/www.apfelpatient.de\/en\/news\/apple-turns-50-tim-cook-looks-back-on-history-and-future\">Apple turns 50: Tim Cook looks back on history &amp; future<\/a><\/li>\n\n\n\n<li><a href=\"https:\/\/www.apfelpatient.de\/en\/news\/apple-closes-coruna-gap-with-updates-for-older-devices\">Apple closes Coruna vulnerability with updates for older devices<\/a><\/li>\n\n\n\n<li><a href=\"https:\/\/www.apfelpatient.de\/en\/news\/apple-releases-repair-manuals-for-iphone-17e\">Apple releases repair manuals for iPhone 17e &amp; Co.<\/a><\/li>\n\n\n\n<li><a href=\"https:\/\/www.apfelpatient.de\/en\/news\/apple-releases-updates-for-older-iphones-and-ipads\">Apple releases updates for older iPhones &amp; iPads<\/a><\/li>\n\n\n\n<li><a href=\"https:\/\/www.apfelpatient.de\/en\/news\/apple-studio-displays-now-have-twice-the-memory\">Apple Studio Displays get twice the memory<\/a><\/li>\n\n\n\n<li><a href=\"https:\/\/www.apfelpatient.de\/en\/news\/apple-and-samsung-will-dominate-the-smartphone-market-in-2025\">Apple &amp; Samsung will dominate the smartphone market in 2025<\/a><\/li>\n\n\n\n<li><a href=\"https:\/\/www.apfelpatient.de\/en\/news\/macbook-neo-charges-faster-with-a-more-powerful-power-adapter\">MacBook Neo charges faster with a more powerful power adapter<\/a><\/li>\n\n\n\n<li><a href=\"https:\/\/www.apfelpatient.de\/en\/news\/whatsapp-expands-its-platform-to-include-accounts-for-children\">WhatsApp expands its platform to include accounts for children<\/a><\/li>\n\n\n\n<li><a href=\"https:\/\/www.apfelpatient.de\/en\/news\/apple-arcade-new-games-updates-in-april-2026\">Apple Arcade: New games &amp; updates in April 2026<\/a><\/li>\n\n\n\n<li><a href=\"https:\/\/www.apfelpatient.de\/en\/news\/apples-seven-new-products-are-available-starting-today\">Apple \u2013 seven new products available from today<\/a><\/li>\n\n\n\n<li><a href=\"https:\/\/www.apfelpatient.de\/en\/news\/macbook-neo-asus-manager-calls-apples-laptop-a-shock\">MacBook Neo: ASUS manager calls Apple&#039;s laptop a shock<\/a><\/li>\n\n\n\n<li><a href=\"https:\/\/www.apfelpatient.de\/en\/news\/apple-relies-on-emg-and-ai-for-new-gesture-control\">Apple is relying on EMG and AI for new gesture control<\/a><\/li>\n<\/ul>\n\n\n\n<h6 class=\"wp-block-heading translation-block\" id=\"h-kennt-ihr-schon-unsere-amazon-storefront-dort-findet-ihr-eine-handverlesene-auswahl-von-diversen-produkten-f-r-euer-iphone-und-co-viel-spa-beim-st-bern\"><em>Have you already visited our Amazon Storefront? There you&#039;ll find a hand-picked selection of various products for your iPhone and other devices \u2013 <span class=\"has-inline-color has-vivid-red-color\"><a href=\"https:\/\/www.amazon.de\/shop\/apfelpatientofficial\" class=\"ek-link\" data-wpel-link=\"exclude\" rel=\"follow noopener\" target=\"_self\"><span style=\"text-decoration: underline\" class=\"ek-underline\">enjoy browsing<\/span><\/a> !<\/span><\/em><\/h6>\n\n\n\n<h6 class=\"wp-block-heading translation-block\" id=\"h-der-beitrag-enthalt-partnerlinks\">This post contains <a data-type=\"URL\" data-id=\"https:\/\/www.apfelpatient.de\/partnerprogramm\" href=\"https:\/\/www.apfelpatient.de\/en\/partner-program\" data-wpel-link=\"internal\" target=\"_self\">affiliate links<\/a>.<\/h6>","protected":false},"excerpt":{"rendered":"<p>Apple acquires MotionVFX, a leading developer of Final Cut Pro plugins. What the deal means for video editors and Apple&#039;s creative tools.<\/p>","protected":false},"author":2,"featured_media":65370,"comment_status":"closed","ping_status":"open","sticky":false,"template":"","format":"standard","meta":{"jnews-multi-image_gallery":[],"jnews_single_post":{"format":"standard","override":[{"template":"2","parallax":"1","fullscreen":"1","layout":"right-sidebar","sidebar":"default-sidebar","second_sidebar":"default-sidebar","sticky_sidebar":"1","share_position":"top","share_float_style":"share-monocrhome","show_featured":"1","show_post_meta":"1","show_post_author":"1","show_post_author_image":"1","show_post_date":"1","post_date_format":"default","post_date_format_custom":"Y\/m\/d","show_post_category":"1","show_post_reading_time":"0","post_reading_time_wpm":"300","post_calculate_word_method":"str_word_count","show_zoom_button":"0","zoom_button_out_step":"2","zoom_button_in_step":"3","show_post_tag":"1","show_prev_next_post":"1","show_popup_post":"1","show_comment_section":"1","number_popup_post":"1","show_author_box":"0","show_post_related":"0","show_inline_post_related":"0"}],"image_override":[{"single_post_thumbnail_size":"crop-500","single_post_gallery_size":"crop-500"}],"trending_post_position":"meta","trending_post_label":"Trending","sponsored_post_label":"Sponsored by","disable_ad":"0"},"jnews_primary_category":{"id":"9"},"footnotes":""},"categories":[9],"tags":[34,4,13],"class_list":["post-65368","post","type-post","status-publish","format-standard","has-post-thumbnail","hentry","category-news","tag-apple-dienste","tag-macos","tag-techpatient"],"yoast_head":"<!-- This site is optimized with the Yoast SEO Premium plugin v27.5 (Yoast SEO v27.5) - https:\/\/yoast.com\/product\/yoast-seo-premium-wordpress\/ -->\n<title>Apple \u00fcbernimmt MotionVFX: Mehr Power f\u00fcr Final Cut Pro Apfelpatient<\/title>\n<meta name=\"description\" content=\"Apple kauft MotionVFX, einen f\u00fchrenden Entwickler von Final-Cut-Pro-Plugins. Was der Deal f\u00fcr Videoeditoren &amp; Apples Kreativtools bedeutet.\" \/>\n<meta name=\"robots\" content=\"index, follow, max-snippet:-1, max-image-preview:large, max-video-preview:-1\" \/>\n<link rel=\"canonical\" href=\"https:\/\/www.apfelpatient.de\/en\/news\/apple-adopts-motionvfx-bringing-more-power-to-final-cut-pro\" \/>\n<meta property=\"og:locale\" content=\"en_US\" \/>\n<meta property=\"og:type\" content=\"article\" \/>\n<meta property=\"og:title\" content=\"Apple \u00fcbernimmt MotionVFX: Mehr Power f\u00fcr Final Cut Pro\" \/>\n<meta property=\"og:description\" content=\"Apple kauft MotionVFX, einen f\u00fchrenden Entwickler von Final-Cut-Pro-Plugins. Was der Deal f\u00fcr Videoeditoren &amp; Apples Kreativtools bedeutet.\" \/>\n<meta property=\"og:url\" content=\"https:\/\/www.apfelpatient.de\/en\/news\/apple-adopts-motionvfx-bringing-more-power-to-final-cut-pro\" \/>\n<meta property=\"og:site_name\" content=\"Apfelpatient\" \/>\n<meta property=\"article:publisher\" content=\"https:\/\/www.facebook.com\/apfelpatientOfficial\" \/>\n<meta property=\"article:author\" content=\"https:\/\/www.facebook.com\/apfelpatientOfficial\" \/>\n<meta property=\"article:published_time\" content=\"2026-03-16T16:21:18+00:00\" \/>\n<meta property=\"article:modified_time\" content=\"2026-03-16T16:21:23+00:00\" \/>\n<meta property=\"og:image\" content=\"https:\/\/www.apfelpatient.de\/wp-content\/uploads\/2026\/03\/Final-Cut-Pro-Apple-Creator-Studio.jpeg\" \/>\n\t<meta property=\"og:image:width\" content=\"1600\" \/>\n\t<meta property=\"og:image:height\" content=\"1067\" \/>\n\t<meta property=\"og:image:type\" content=\"image\/jpeg\" \/>\n<meta name=\"author\" content=\"Milan\" \/>\n<meta name=\"twitter:card\" content=\"summary_large_image\" \/>\n<meta name=\"twitter:description\" content=\"Apple kauft MotionVFX, einen f\u00fchrenden Entwickler von Final-Cut-Pro-Plugins. Was der Deal f\u00fcr Videoeditoren &amp; Apples Kreativtools bedeutet.\" \/>\n<meta name=\"twitter:label1\" content=\"Written by\" \/>\n\t<meta name=\"twitter:data1\" content=\"Milan\" \/>\n\t<meta name=\"twitter:label2\" content=\"Est. reading time\" \/>\n\t<meta name=\"twitter:data2\" content=\"5 minutes\" \/>\n<script type=\"application\/ld+json\" class=\"yoast-schema-graph\">{\"@context\":\"https:\\\/\\\/schema.org\",\"@graph\":[{\"@type\":\"NewsArticle\",\"@id\":\"https:\\\/\\\/www.apfelpatient.de\\\/news\\\/apple-uebernimmt-motionvfx-mehr-power-fuer-final-cut-pro#article\",\"isPartOf\":{\"@id\":\"https:\\\/\\\/www.apfelpatient.de\\\/news\\\/apple-uebernimmt-motionvfx-mehr-power-fuer-final-cut-pro\"},\"author\":{\"@type\":\"Organization\",\"@id\":\"https:\\\/\\\/www.apfelpatient.de\\\/en\\\/#organization\",\"name\":\"Apfelpatient\",\"url\":\"https:\\\/\\\/www.apfelpatient.de\\\/en\\\/\"},\"headline\":\"Apple \u00fcbernimmt MotionVFX: Mehr Power f\u00fcr Final Cut Pro\",\"datePublished\":\"2026-03-16T16:21:18+00:00\",\"dateModified\":\"2026-03-16T16:21:23+00:00\",\"mainEntityOfPage\":{\"@id\":\"https:\\\/\\\/www.apfelpatient.de\\\/news\\\/apple-uebernimmt-motionvfx-mehr-power-fuer-final-cut-pro\"},\"wordCount\":738,\"publisher\":{\"@type\":\"Organization\",\"@id\":\"https:\\\/\\\/www.apfelpatient.de\\\/en\\\/#organization\",\"name\":\"Apfelpatient\",\"url\":\"https:\\\/\\\/www.apfelpatient.de\\\/en\\\/\"},\"image\":{\"@id\":\"https:\\\/\\\/www.apfelpatient.de\\\/news\\\/apple-uebernimmt-motionvfx-mehr-power-fuer-final-cut-pro#primaryimage\"},\"thumbnailUrl\":\"https:\\\/\\\/www.apfelpatient.de\\\/wp-content\\\/uploads\\\/2026\\\/03\\\/Final-Cut-Pro-Apple-Creator-Studio.jpeg\",\"keywords\":[\"Apple Dienste\",\"macOS\",\"TechPatient\"],\"articleSection\":\"News\",\"inLanguage\":\"en-US\",\"copyrightYear\":\"2026\",\"copyrightHolder\":{\"@id\":\"https:\\\/\\\/www.apfelpatient.de\\\/en\\\/#organization\"}},{\"@type\":\"WebPage\",\"@id\":\"https:\\\/\\\/www.apfelpatient.de\\\/news\\\/apple-uebernimmt-motionvfx-mehr-power-fuer-final-cut-pro\",\"url\":\"https:\\\/\\\/www.apfelpatient.de\\\/news\\\/apple-uebernimmt-motionvfx-mehr-power-fuer-final-cut-pro\",\"name\":\"Apple \u00fcbernimmt MotionVFX: Mehr Power f\u00fcr Final Cut Pro Apfelpatient\",\"isPartOf\":{\"@id\":\"https:\\\/\\\/www.apfelpatient.de\\\/#website\"},\"primaryImageOfPage\":{\"@id\":\"https:\\\/\\\/www.apfelpatient.de\\\/news\\\/apple-uebernimmt-motionvfx-mehr-power-fuer-final-cut-pro#primaryimage\"},\"image\":{\"@id\":\"https:\\\/\\\/www.apfelpatient.de\\\/news\\\/apple-uebernimmt-motionvfx-mehr-power-fuer-final-cut-pro#primaryimage\"},\"thumbnailUrl\":\"https:\\\/\\\/www.apfelpatient.de\\\/wp-content\\\/uploads\\\/2026\\\/03\\\/Final-Cut-Pro-Apple-Creator-Studio.jpeg\",\"datePublished\":\"2026-03-16T16:21:18+00:00\",\"dateModified\":\"2026-03-16T16:21:23+00:00\",\"description\":\"Apple kauft MotionVFX, einen f\u00fchrenden Entwickler von Final-Cut-Pro-Plugins. Was der Deal f\u00fcr Videoeditoren & Apples Kreativtools bedeutet.\",\"breadcrumb\":{\"@id\":\"https:\\\/\\\/www.apfelpatient.de\\\/news\\\/apple-uebernimmt-motionvfx-mehr-power-fuer-final-cut-pro#breadcrumb\"},\"inLanguage\":\"en-US\",\"potentialAction\":[{\"@type\":\"ReadAction\",\"target\":[\"https:\\\/\\\/www.apfelpatient.de\\\/news\\\/apple-uebernimmt-motionvfx-mehr-power-fuer-final-cut-pro\"]}]},{\"@type\":\"ImageObject\",\"inLanguage\":\"en-US\",\"@id\":\"https:\\\/\\\/www.apfelpatient.de\\\/news\\\/apple-uebernimmt-motionvfx-mehr-power-fuer-final-cut-pro#primaryimage\",\"url\":\"https:\\\/\\\/www.apfelpatient.de\\\/wp-content\\\/uploads\\\/2026\\\/03\\\/Final-Cut-Pro-Apple-Creator-Studio.jpeg\",\"contentUrl\":\"https:\\\/\\\/www.apfelpatient.de\\\/wp-content\\\/uploads\\\/2026\\\/03\\\/Final-Cut-Pro-Apple-Creator-Studio.jpeg\",\"width\":1600,\"height\":1067,\"caption\":\"Bild: Apple\"},{\"@type\":\"BreadcrumbList\",\"@id\":\"https:\\\/\\\/www.apfelpatient.de\\\/news\\\/apple-uebernimmt-motionvfx-mehr-power-fuer-final-cut-pro#breadcrumb\",\"itemListElement\":[{\"@type\":\"ListItem\",\"position\":1,\"name\":\"Startseite\",\"item\":\"https:\\\/\\\/www.apfelpatient.de\\\/\"},{\"@type\":\"ListItem\",\"position\":2,\"name\":\"Apple \u00fcbernimmt MotionVFX: Mehr Power f\u00fcr Final Cut Pro\"}]},{\"@type\":\"WebSite\",\"@id\":\"https:\\\/\\\/www.apfelpatient.de\\\/#website\",\"url\":\"https:\\\/\\\/www.apfelpatient.de\\\/\",\"name\":\"Apfelpatient\",\"description\":\"Alles rund um Apple!\",\"publisher\":{\"@type\":\"Organization\",\"@id\":\"https:\\\/\\\/www.apfelpatient.de\\\/en\\\/#organization\",\"name\":\"Apfelpatient\",\"url\":\"https:\\\/\\\/www.apfelpatient.de\\\/en\\\/\"},\"alternateName\":\"Apfelpatient\",\"potentialAction\":[{\"@type\":\"SearchAction\",\"target\":{\"@type\":\"EntryPoint\",\"urlTemplate\":\"https:\\\/\\\/www.apfelpatient.de\\\/?s={search_term_string}\"},\"query-input\":{\"@type\":\"PropertyValueSpecification\",\"valueRequired\":true,\"valueName\":\"search_term_string\"}}],\"inLanguage\":\"en-US\"},{\"@type\":[\"Person\",\"Organization\"],\"@id\":\"https:\\\/\\\/www.apfelpatient.de\\\/#\\\/schema\\\/person\\\/7dc56ad6c8e9824b76d2c08d4c140e13\",\"name\":\"Milan\",\"logo\":{\"@id\":\"https:\\\/\\\/www.apfelpatient.de\\\/#\\\/schema\\\/person\\\/image\\\/\"},\"description\":\"Hallo und herzlich willkommen auf meinem Technik-Blog! Als gro\u00dfer Apple-Fan berichte ich hier \u00fcber alles, was mit Apple zu tun hat: von den neuesten News und spannenden Ger\u00fcchten \u00fcber hilfreiche Tipps und Tricks bis hin zu ausf\u00fchrlichen Produkttests. Wenn du genauso technikbegeistert bist wie ich, bist du hier genau richtig!\",\"sameAs\":[\"https:\\\/\\\/www.facebook.com\\\/apfelpatientOfficial\",\"https:\\\/\\\/www.linkedin.com\\\/in\\\/milan-jovicic-42aa0231b\"],\"url\":\"https:\\\/\\\/www.apfelpatient.de\\\/en\\\/author\\\/apfeladmin\"}]}<\/script>\n<!-- \/ Yoast SEO Premium plugin. -->","yoast_head_json":{"title":"Apple acquires MotionVFX: More power for Final Cut Pro Apfelpatient","description":"Apple acquires MotionVFX, a leading developer of Final Cut Pro plugins. What the deal means for video editors and Apple&#039;s creative tools.","robots":{"index":"index","follow":"follow","max-snippet":"max-snippet:-1","max-image-preview":"max-image-preview:large","max-video-preview":"max-video-preview:-1"},"canonical":"https:\/\/www.apfelpatient.de\/en\/news\/apple-adopts-motionvfx-bringing-more-power-to-final-cut-pro","og_locale":"en_US","og_type":"article","og_title":"Apple \u00fcbernimmt MotionVFX: Mehr Power f\u00fcr Final Cut Pro","og_description":"Apple kauft MotionVFX, einen f\u00fchrenden Entwickler von Final-Cut-Pro-Plugins. Was der Deal f\u00fcr Videoeditoren & Apples Kreativtools bedeutet.","og_url":"https:\/\/www.apfelpatient.de\/en\/news\/apple-adopts-motionvfx-bringing-more-power-to-final-cut-pro","og_site_name":"Apfelpatient","article_publisher":"https:\/\/www.facebook.com\/apfelpatientOfficial","article_author":"https:\/\/www.facebook.com\/apfelpatientOfficial","article_published_time":"2026-03-16T16:21:18+00:00","article_modified_time":"2026-03-16T16:21:23+00:00","og_image":[{"width":1600,"height":1067,"url":"https:\/\/www.apfelpatient.de\/wp-content\/uploads\/2026\/03\/Final-Cut-Pro-Apple-Creator-Studio.jpeg","type":"image\/jpeg"}],"author":"Milan","twitter_card":"summary_large_image","twitter_description":"Apple kauft MotionVFX, einen f\u00fchrenden Entwickler von Final-Cut-Pro-Plugins. Was der Deal f\u00fcr Videoeditoren & Apples Kreativtools bedeutet.","twitter_misc":{"Written by":"Milan","Est. reading time":"5 minutes"},"schema":{"@context":"https:\/\/schema.org","@graph":[{"@type":"NewsArticle","@id":"https:\/\/www.apfelpatient.de\/news\/apple-uebernimmt-motionvfx-mehr-power-fuer-final-cut-pro#article","isPartOf":{"@id":"https:\/\/www.apfelpatient.de\/news\/apple-uebernimmt-motionvfx-mehr-power-fuer-final-cut-pro"},"author":{"@type":"Organization","@id":"https:\/\/www.apfelpatient.de\/en\/#organization","name":"Apfelpatient","url":"https:\/\/www.apfelpatient.de\/en\/"},"headline":"Apple \u00fcbernimmt MotionVFX: Mehr Power f\u00fcr Final Cut Pro","datePublished":"2026-03-16T16:21:18+00:00","dateModified":"2026-03-16T16:21:23+00:00","mainEntityOfPage":{"@id":"https:\/\/www.apfelpatient.de\/news\/apple-uebernimmt-motionvfx-mehr-power-fuer-final-cut-pro"},"wordCount":738,"publisher":{"@type":"Organization","@id":"https:\/\/www.apfelpatient.de\/en\/#organization","name":"Apfelpatient","url":"https:\/\/www.apfelpatient.de\/en\/"},"image":{"@id":"https:\/\/www.apfelpatient.de\/news\/apple-uebernimmt-motionvfx-mehr-power-fuer-final-cut-pro#primaryimage"},"thumbnailUrl":"https:\/\/www.apfelpatient.de\/wp-content\/uploads\/2026\/03\/Final-Cut-Pro-Apple-Creator-Studio.jpeg","keywords":["Apple Dienste","macOS","TechPatient"],"articleSection":"News","inLanguage":"en-US","copyrightYear":"2026","copyrightHolder":{"@id":"https:\/\/www.apfelpatient.de\/en\/#organization"}},{"@type":"WebPage","@id":"https:\/\/www.apfelpatient.de\/news\/apple-uebernimmt-motionvfx-mehr-power-fuer-final-cut-pro","url":"https:\/\/www.apfelpatient.de\/news\/apple-uebernimmt-motionvfx-mehr-power-fuer-final-cut-pro","name":"Apple acquires MotionVFX: More power for Final Cut Pro Apfelpatient","isPartOf":{"@id":"https:\/\/www.apfelpatient.de\/#website"},"primaryImageOfPage":{"@id":"https:\/\/www.apfelpatient.de\/news\/apple-uebernimmt-motionvfx-mehr-power-fuer-final-cut-pro#primaryimage"},"image":{"@id":"https:\/\/www.apfelpatient.de\/news\/apple-uebernimmt-motionvfx-mehr-power-fuer-final-cut-pro#primaryimage"},"thumbnailUrl":"https:\/\/www.apfelpatient.de\/wp-content\/uploads\/2026\/03\/Final-Cut-Pro-Apple-Creator-Studio.jpeg","datePublished":"2026-03-16T16:21:18+00:00","dateModified":"2026-03-16T16:21:23+00:00","description":"Apple acquires MotionVFX, a leading developer of Final Cut Pro plugins. What the deal means for video editors and Apple&#039;s creative tools.","breadcrumb":{"@id":"https:\/\/www.apfelpatient.de\/news\/apple-uebernimmt-motionvfx-mehr-power-fuer-final-cut-pro#breadcrumb"},"inLanguage":"en-US","potentialAction":[{"@type":"ReadAction","target":["https:\/\/www.apfelpatient.de\/news\/apple-uebernimmt-motionvfx-mehr-power-fuer-final-cut-pro"]}]},{"@type":"ImageObject","inLanguage":"en-US","@id":"https:\/\/www.apfelpatient.de\/news\/apple-uebernimmt-motionvfx-mehr-power-fuer-final-cut-pro#primaryimage","url":"https:\/\/www.apfelpatient.de\/wp-content\/uploads\/2026\/03\/Final-Cut-Pro-Apple-Creator-Studio.jpeg","contentUrl":"https:\/\/www.apfelpatient.de\/wp-content\/uploads\/2026\/03\/Final-Cut-Pro-Apple-Creator-Studio.jpeg","width":1600,"height":1067,"caption":"Bild: Apple"},{"@type":"BreadcrumbList","@id":"https:\/\/www.apfelpatient.de\/news\/apple-uebernimmt-motionvfx-mehr-power-fuer-final-cut-pro#breadcrumb","itemListElement":[{"@type":"ListItem","position":1,"name":"Startseite","item":"https:\/\/www.apfelpatient.de\/"},{"@type":"ListItem","position":2,"name":"Apple \u00fcbernimmt MotionVFX: Mehr Power f\u00fcr Final Cut Pro"}]},{"@type":"WebSite","@id":"https:\/\/www.apfelpatient.de\/#website","url":"https:\/\/www.apfelpatient.de\/","name":"apple patient","description":"Everything about Apple!","publisher":{"@type":"Organization","@id":"https:\/\/www.apfelpatient.de\/en\/#organization","name":"Apfelpatient","url":"https:\/\/www.apfelpatient.de\/en\/"},"alternateName":"Apfelpatient","potentialAction":[{"@type":"SearchAction","target":{"@type":"EntryPoint","urlTemplate":"https:\/\/www.apfelpatient.de\/?s={search_term_string}"},"query-input":{"@type":"PropertyValueSpecification","valueRequired":true,"valueName":"search_term_string"}}],"inLanguage":"en-US"},{"@type":["Person","Organization"],"@id":"https:\/\/www.apfelpatient.de\/#\/schema\/person\/7dc56ad6c8e9824b76d2c08d4c140e13","name":"Milan","logo":{"@id":"https:\/\/www.apfelpatient.de\/#\/schema\/person\/image\/"},"description":"Hello and welcome to my technology blog! As a big Apple fan, I report on everything to do with Apple: from the latest news and exciting rumors to helpful tips and tricks and detailed product tests. If you are as enthusiastic about technology as I am, you have come to the right place!","sameAs":["https:\/\/www.facebook.com\/apfelpatientOfficial","https:\/\/www.linkedin.com\/in\/milan-jovicic-42aa0231b"],"url":"https:\/\/www.apfelpatient.de\/en\/author\/apfeladmin"}]}},"_links":{"self":[{"href":"https:\/\/www.apfelpatient.de\/en\/wp-json\/wp\/v2\/posts\/65368","targetHints":{"allow":["GET"]}}],"collection":[{"href":"https:\/\/www.apfelpatient.de\/en\/wp-json\/wp\/v2\/posts"}],"about":[{"href":"https:\/\/www.apfelpatient.de\/en\/wp-json\/wp\/v2\/types\/post"}],"author":[{"embeddable":true,"href":"https:\/\/www.apfelpatient.de\/en\/wp-json\/wp\/v2\/users\/2"}],"replies":[{"embeddable":true,"href":"https:\/\/www.apfelpatient.de\/en\/wp-json\/wp\/v2\/comments?post=65368"}],"version-history":[{"count":1,"href":"https:\/\/www.apfelpatient.de\/en\/wp-json\/wp\/v2\/posts\/65368\/revisions"}],"predecessor-version":[{"id":65369,"href":"https:\/\/www.apfelpatient.de\/en\/wp-json\/wp\/v2\/posts\/65368\/revisions\/65369"}],"wp:featuredmedia":[{"embeddable":true,"href":"https:\/\/www.apfelpatient.de\/en\/wp-json\/wp\/v2\/media\/65370"}],"wp:attachment":[{"href":"https:\/\/www.apfelpatient.de\/en\/wp-json\/wp\/v2\/media?parent=65368"}],"wp:term":[{"taxonomy":"category","embeddable":true,"href":"https:\/\/www.apfelpatient.de\/en\/wp-json\/wp\/v2\/categories?post=65368"},{"taxonomy":"post_tag","embeddable":true,"href":"https:\/\/www.apfelpatient.de\/en\/wp-json\/wp\/v2\/tags?post=65368"}],"curies":[{"name":"wp","href":"https:\/\/api.w.org\/{rel}","templated":true}]}}