{"id":65342,"date":"2026-03-15T17:59:01","date_gmt":"2026-03-15T16:59:01","guid":{"rendered":"https:\/\/www.apfelpatient.de\/?p=65342"},"modified":"2026-03-15T17:59:07","modified_gmt":"2026-03-15T16:59:07","slug":"macbook-neo-2-apple-is-reportedly-planning-to-focus-on-performance","status":"publish","type":"post","link":"https:\/\/www.apfelpatient.de\/en\/rumors\/macbook-neo-2-apple-plant-wohl-fokus-auf-leistung","title":{"rendered":"MacBook Neo 2: Apple reportedly plans to focus on performance"},"content":{"rendered":"<p class=\"has-drop-cap\"><strong>The MacBook Neo 2 is one of the upcoming Apple devices that has been the subject of much discussion long before its release. A possible MacBook Neo 2 with a touchscreen, in particular, has fueled a great deal of speculation. Initial reports suggested that Apple might introduce touch controls for the first time in the second generation of its affordable MacBook.<\/strong><\/p>\n\n\n\n<p>However, recent statements from analysts and industry insiders indicate that this assessment has changed significantly. The likelihood of a touchscreen has rapidly shifted from \"possible\" to \"highly unlikely.\"<\/p>\n\n\n\n<p>Apple has consistently refrained from including touchscreens in MacBooks. Instead, the company relies on the combination of trackpad, keyboard, and macOS. Touch operation remains exclusive to devices like the iPhone and iPad.<\/p>\n\n\n\n<p class=\"translation-block\">The current MacBook Neo is Apple's most affordable notebook, starting at just <a href=\"https:\/\/amzn.to\/4rBEuBF\" id=\"https:\/\/amzn.to\/4rBEuBF\" target=\"_blank\" rel=\"noreferrer noopener follow\" data-wpel-link=\"exclude\">\u20ac699<\/a>. It uses the A18 Pro chip and has 8 GB of RAM. While Apple could introduce new hardware with the second generation, a touchscreen seems increasingly unlikely.<\/p>\n\n\n\n<h4 class=\"wp-block-heading\" id=\"h-touchscreen-geruchte-zum-macbook-neo-2\">Touchscreen rumors about the MacBook Neo 2<\/h4>\n\n\n\n<p>In September 2025, Apple analyst Ming-Chi Kuo stated that the MacBook Neo 2 might receive touch support. However, his statement was cautiously worded.<\/p>\n\n\n\n<p>Shortly afterwards, Kuo qualified this assessment and explained that a touchscreen was not safe after all.<\/p>\n\n\n\n<p class=\"translation-block\">Mark Gurman of <a href=\"https:\/\/www.bloomberg.com\/news\/newsletters\/2026-03-15\/apple-s-liquid-glass-ui-isn-t-going-anywhere-siri-home-hub-foldable-iphone-mmrpcylx\" id=\"https:\/\/www.bloomberg.com\/news\/newsletters\/2026-03-15\/apple-s-liquid-glass-ui-isn-t-going-anywhere-siri-home-hub-foldable-iphone-mmrpcylx\" target=\"_blank\" rel=\"noreferrer noopener\" data-wpel-link=\"external\">Bloomberg<\/a> was even more explicit. In his newsletter &quot;Power On,&quot; he stated that Apple has not yet decided whether touchscreen support will be extended to other Mac models at all.<\/p>\n\n\n\n<p>His assessment of the MacBook Neo is correspondingly clear: He would be &quot;shocked&quot; if the Neo were to get a touchscreen within the next three years.<\/p>\n\n\n\n<h4 class=\"wp-block-heading\" id=\"h-der-grund-der-niedrige-preis\">The reason: the low price<\/h4>\n\n\n\n<p>The main reason against a touchscreen is the price of the MacBook Neo. The device already starts at \u20ac699. A touchscreen would increase production costs, as additional display technology and sensors would be required. Even small additional costs could jeopardize the low entry price.<\/p>\n\n\n\n<p>Therefore, it is considered likely that the MacBook Neo 2 will continue to be released without a touchscreen.<\/p>\n\n\n\n<h4 class=\"wp-block-heading\" id=\"h-erwartete-verbesserungen-beim-macbook-neo-2\">Expected improvements in the MacBook Neo 2<\/h4>\n\n\n\n<p>Nevertheless, a second generation of the MacBook Neo is expected. According to Ming-Chi Kuo, the device could be released as early as next year.<\/p>\n\n\n\n<p>The most important upgrade is likely the A19 Pro chip. The current model still uses the A18 Pro.<\/p>\n\n\n\n<p>Additionally, the RAM is expected to be increased from 8 GB to 12 GB. This could further improve the device&#039;s multitasking and everyday tasks.<\/p>\n\n\n\n<h3 class=\"wp-block-heading\" id=\"h-macbook-neo-2-mehr-leistung-statt-touchscreen\">MacBook Neo 2: More power instead of a touchscreen<\/h3>\n\n\n\n<p>A MacBook Neo 2 with a touchscreen is now considered highly unlikely. Analysts assume that Apple will not integrate this feature into its budget MacBook for the time being.<\/p>\n\n\n\n<p>Instead, the second generation is expected to focus on increased performance and improved hardware. With an A19 Pro chip and 12 GB of RAM, the MacBook Neo 2 could still be a significant upgrade for Apple&#039;s most affordable MacBook line. (Image: Apple)<\/p>\n\n\n\n<ul class=\"wp-block-list\">\n<li><a href=\"https:\/\/www.apfelpatient.de\/en\/rumors\/ios-27-is-expected-to-significantly-improve-siri-ai-and-liquid-glass\" type=\"link\" id=\"https:\/\/www.apfelpatient.de\/rumors\/ios-27-soll-siri-ki-und-liquid-glass-deutlich-verbessern\">iOS 27 is expected to significantly improve Siri, AI, and Liquid Glass<\/a><\/li>\n\n\n\n<li><a href=\"https:\/\/www.apfelpatient.de\/en\/rumors\/apples-iphone-fold-is-about-to-begin-important-production\">iPhone Fold: Apple is about to start important production<\/a><\/li>\n\n\n\n<li><a href=\"https:\/\/www.apfelpatient.de\/en\/rumors\/iphone-fold-new-report-mentions-iphone-ultra\">iPhone Fold: New report mentions the iPhone Ultra<\/a><\/li>\n\n\n\n<li><a href=\"https:\/\/www.apfelpatient.de\/en\/rumors\/iphone-fold-new-leaks-regarding-storage-ram-and-price\">iPhone Fold: New leaks about storage, RAM and price<\/a><\/li>\n\n\n\n<li><a href=\"https:\/\/www.apfelpatient.de\/en\/rumors\/the-iphone-fold-offers-multitasking-and-ipad-like-navigation\">iPhone Fold offers multitasking and iPad-like navigation.<\/a><\/li>\n\n\n\n<li><a href=\"https:\/\/www.apfelpatient.de\/en\/rumors\/macbook-neo-what-apple-is-planning-for-upcoming-devices\">MacBook Neo &amp; Co.: This is what Apple is planning for upcoming devices<\/a><\/li>\n\n\n\n<li><a href=\"https:\/\/www.apfelpatient.de\/en\/rumors\/apple-apparently-has-no-plans-to-increase-the-price-of-the-iphone-18-pro\">iPhone 18 Pro: Apple apparently has no plans for a price increase<\/a><\/li>\n\n\n\n<li><a href=\"https:\/\/www.apfelpatient.de\/en\/rumors\/the-dynamic-island-mode-remains-unchanged-on-the-iphone-18-pro\">iPhone 18 Pro: Will Dynamic Island remain unchanged after all?<\/a><\/li>\n\n\n\n<li><a href=\"https:\/\/www.apfelpatient.de\/en\/rumors\/will-the-iphone-18-pro-max-be-thicker\">iPhone 18 Pro Max: Will Apple&#039;s new model be thicker?<\/a><\/li>\n\n\n\n<li><a href=\"https:\/\/www.apfelpatient.de\/en\/rumors\/apple-home-hub-leak-refers-to-watchos-interface-as-magsafe\">Apple Home Hub: Leak reveals watchOS interface &amp; MagSafe<\/a><\/li>\n\n\n\n<li><a href=\"https:\/\/www.apfelpatient.de\/en\/rumors\/apples-initial-plan-for-the-iphone-fold-was-completely-different\">iPhone Fold: Apple&#039;s initial plan was completely different<\/a><\/li>\n\n\n\n<li><a href=\"https:\/\/www.apfelpatient.de\/en\/rumors\/apple-tv-4k-and-homepod-are-apparently-waiting-for-a-new-siri\">Apple TV 4K and HomePod are apparently waiting for a new Siri<\/a><\/li>\n\n\n\n<li><a href=\"https:\/\/www.apfelpatient.de\/en\/rumors\/apple-plans-smart-home-hub-with-new-siri-in-the-fall\">Apple plans Smart Home Hub with new Siri in the Fall<\/a><\/li>\n\n\n\n<li><a href=\"https:\/\/www.apfelpatient.de\/en\/rumors\/apple-has-reportedly-already-finished-designing-the-iphone-18e\">Apple has reportedly already finished designing the iPhone 18e<\/a><\/li>\n\n\n\n<li><a href=\"https:\/\/www.apfelpatient.de\/en\/rumors\/iphone-fold-cad-files-show-possible-design\">iPhone Fold: CAD files reveal possible Design<\/a><\/li>\n\n\n\n<li><a href=\"https:\/\/www.apfelpatient.de\/en\/rumors\/macbook-neo-2-apples-affordable-mac-with-touchscreen\">MacBook Neo 2: Will Apple's affordable Mac come with touchscreen?<\/a><\/li>\n\n\n\n<li><a href=\"https:\/\/www.apfelpatient.de\/en\/rumors\/apple-will-rely-on-3d-printed-aluminum-in-the-future\">Apple will rely on 3D-printed aluminum in the future<\/a><\/li>\n\n\n\n<li><a href=\"https:\/\/www.apfelpatient.de\/en\/rumors\/mac-studio-m5-upgrade-could-be-released-at-wwdc-2026\">Mac Studio: M5 upgrade could arrive at WWDC 2026<\/a><\/li>\n\n\n\n<li><a href=\"https:\/\/www.apfelpatient.de\/en\/rumors\/apple-plans-new-colors-for-the-next-imac-update\">iMac: Apple plans new colors for the next update<\/a><\/li>\n\n\n\n<li><a href=\"https:\/\/www.apfelpatient.de\/en\/rumors\/apple-homepad-new-information-on-features-and-startup\">Apple HomePad: New information on features and launch<\/a><\/li>\n\n\n\n<li><a href=\"https:\/\/www.apfelpatient.de\/en\/rumors\/macbook-pro-major-upgrade-planned-with-oled-and-touchscreen\">MacBook Pro: Major upgrade planned with OLED and touchscreen<\/a><\/li>\n\n\n\n<li><a href=\"https:\/\/www.apfelpatient.de\/en\/rumors\/apple-could-unveil-three-ultra-devices-in-2026\">Apple could unveil three Ultra devices in 2026<\/a><\/li>\n\n\n\n<li><a href=\"https:\/\/www.apfelpatient.de\/en\/rumors\/apple-home-hub-new-indications-of-a-fall-2026-launch\">Apple Home Hub: New indications of a fall 2026 launch<\/a><\/li>\n<\/ul>\n\n\n\n<h6 class=\"wp-block-heading translation-block\" id=\"h-kennt-ihr-schon-unsere-amazon-storefront-dort-findet-ihr-eine-handverlesene-auswahl-von-diversen-produkten-f-r-euer-iphone-und-co-viel-spa-beim-st-bern\"><em>Have you already visited our Amazon Storefront? There you&#039;ll find a hand-picked selection of various products for your iPhone and other devices \u2013 <span class=\"has-inline-color has-vivid-red-color\"><a href=\"https:\/\/www.amazon.de\/shop\/apfelpatientofficial\" class=\"ek-link\" data-wpel-link=\"exclude\" rel=\"follow noopener\" target=\"_self\"><span style=\"text-decoration: underline\" class=\"ek-underline\">enjoy browsing<\/span><\/a> !<\/span><\/em><\/h6>\n\n\n\n<h6 class=\"wp-block-heading translation-block\" id=\"h-der-beitrag-enthalt-partnerlinks\">This post contains <a data-type=\"URL\" data-id=\"https:\/\/www.apfelpatient.de\/partnerprogramm\" href=\"https:\/\/www.apfelpatient.de\/en\/partner-program\" data-wpel-link=\"internal\" target=\"_self\">affiliate links<\/a>.<\/h6>","protected":false},"excerpt":{"rendered":"<p>Apple might be prioritizing performance over a touchscreen with the MacBook Neo 2. New information on the chip, RAM, and potential release date.<\/p>","protected":false},"author":2,"featured_media":65341,"comment_status":"closed","ping_status":"open","sticky":false,"template":"","format":"standard","meta":{"jnews-multi-image_gallery":[],"jnews_single_post":{"format":"standard","override":[{"template":"2","parallax":"1","fullscreen":"1","layout":"right-sidebar","sidebar":"default-sidebar","second_sidebar":"default-sidebar","sticky_sidebar":"1","share_position":"top","share_float_style":"share-monocrhome","show_featured":"1","show_post_meta":"1","show_post_author":"1","show_post_author_image":"1","show_post_date":"1","post_date_format":"default","post_date_format_custom":"Y\/m\/d","show_post_category":"1","show_post_reading_time":"0","post_reading_time_wpm":"300","post_calculate_word_method":"str_word_count","show_zoom_button":"0","zoom_button_out_step":"2","zoom_button_in_step":"3","show_post_tag":"1","show_prev_next_post":"1","show_popup_post":"1","show_comment_section":"1","number_popup_post":"1","show_author_box":"0","show_post_related":"0","show_inline_post_related":"0"}],"image_override":[{"single_post_thumbnail_size":"crop-500","single_post_gallery_size":"crop-500"}],"trending_post_position":"meta","trending_post_label":"Trending","sponsored_post_label":"Sponsored by","disable_ad":"0"},"jnews_primary_category":{"id":"25"},"footnotes":""},"categories":[25],"tags":[40,1315],"class_list":["post-65342","post","type-post","status-publish","format-standard","has-post-thumbnail","hentry","category-rumors","tag-mac","tag-macbook-neo"],"yoast_head":"<!-- This site is optimized with the Yoast SEO Premium plugin v27.5 (Yoast SEO v27.5) - https:\/\/yoast.com\/product\/yoast-seo-premium-wordpress\/ -->\n<title>MacBook Neo 2: Apple plant wohl Fokus auf Leistung Apfelpatient<\/title>\n<meta name=\"description\" content=\"Beim MacBook Neo 2 k\u00f6nnte Apple auf Leistung statt Touchscreen setzen. Neue Infos zu Chip, RAM und m\u00f6glichem Release.\" \/>\n<meta name=\"robots\" content=\"index, follow, max-snippet:-1, max-image-preview:large, max-video-preview:-1\" \/>\n<link rel=\"canonical\" href=\"https:\/\/www.apfelpatient.de\/en\/rumors\/macbook-neo-2-apple-is-reportedly-planning-to-focus-on-performance\" \/>\n<meta property=\"og:locale\" content=\"en_US\" \/>\n<meta property=\"og:type\" content=\"article\" \/>\n<meta property=\"og:title\" content=\"MacBook Neo 2: Apple plant wohl Fokus auf Leistung\" \/>\n<meta property=\"og:description\" content=\"Beim MacBook Neo 2 k\u00f6nnte Apple auf Leistung statt Touchscreen setzen. Neue Infos zu Chip, RAM und m\u00f6glichem Release.\" \/>\n<meta property=\"og:url\" content=\"https:\/\/www.apfelpatient.de\/en\/rumors\/macbook-neo-2-apple-is-reportedly-planning-to-focus-on-performance\" \/>\n<meta property=\"og:site_name\" content=\"Apfelpatient\" \/>\n<meta property=\"article:publisher\" content=\"https:\/\/www.facebook.com\/apfelpatientOfficial\" \/>\n<meta property=\"article:author\" content=\"https:\/\/www.facebook.com\/apfelpatientOfficial\" \/>\n<meta property=\"article:published_time\" content=\"2026-03-15T16:59:01+00:00\" \/>\n<meta property=\"article:modified_time\" content=\"2026-03-15T16:59:07+00:00\" \/>\n<meta property=\"og:image\" content=\"https:\/\/www.apfelpatient.de\/wp-content\/uploads\/2026\/03\/Apple-MacBook-Neo-lifestyle-01-260304-1.jpg\" \/>\n\t<meta property=\"og:image:width\" content=\"1600\" \/>\n\t<meta property=\"og:image:height\" content=\"900\" \/>\n\t<meta property=\"og:image:type\" content=\"image\/jpeg\" \/>\n<meta name=\"author\" content=\"Milan\" \/>\n<meta name=\"twitter:card\" content=\"summary_large_image\" \/>\n<meta name=\"twitter:description\" content=\"Beim MacBook Neo 2 k\u00f6nnte Apple auf Leistung statt Touchscreen setzen. Neue Infos zu Chip, RAM und m\u00f6glichem Release.\" \/>\n<meta name=\"twitter:label1\" content=\"Written by\" \/>\n\t<meta name=\"twitter:data1\" content=\"Milan\" \/>\n\t<meta name=\"twitter:label2\" content=\"Est. reading time\" \/>\n\t<meta name=\"twitter:data2\" content=\"4 minutes\" \/>\n<script type=\"application\/ld+json\" class=\"yoast-schema-graph\">{\"@context\":\"https:\\\/\\\/schema.org\",\"@graph\":[{\"@type\":\"NewsArticle\",\"@id\":\"https:\\\/\\\/www.apfelpatient.de\\\/rumors\\\/macbook-neo-2-apple-plant-wohl-fokus-auf-leistung#article\",\"isPartOf\":{\"@id\":\"https:\\\/\\\/www.apfelpatient.de\\\/rumors\\\/macbook-neo-2-apple-plant-wohl-fokus-auf-leistung\"},\"author\":{\"@type\":\"Organization\",\"@id\":\"https:\\\/\\\/www.apfelpatient.de\\\/en\\\/#organization\",\"name\":\"Apfelpatient\",\"url\":\"https:\\\/\\\/www.apfelpatient.de\\\/en\\\/\"},\"headline\":\"MacBook Neo 2: Apple plant wohl Fokus auf Leistung\",\"datePublished\":\"2026-03-15T16:59:01+00:00\",\"dateModified\":\"2026-03-15T16:59:07+00:00\",\"mainEntityOfPage\":{\"@id\":\"https:\\\/\\\/www.apfelpatient.de\\\/rumors\\\/macbook-neo-2-apple-plant-wohl-fokus-auf-leistung\"},\"wordCount\":695,\"publisher\":{\"@type\":\"Organization\",\"@id\":\"https:\\\/\\\/www.apfelpatient.de\\\/en\\\/#organization\",\"name\":\"Apfelpatient\",\"url\":\"https:\\\/\\\/www.apfelpatient.de\\\/en\\\/\"},\"image\":{\"@id\":\"https:\\\/\\\/www.apfelpatient.de\\\/rumors\\\/macbook-neo-2-apple-plant-wohl-fokus-auf-leistung#primaryimage\"},\"thumbnailUrl\":\"https:\\\/\\\/www.apfelpatient.de\\\/wp-content\\\/uploads\\\/2026\\\/03\\\/Apple-MacBook-Neo-lifestyle-01-260304-1.jpg\",\"keywords\":[\"Mac\",\"MacBook Neo\"],\"articleSection\":\"Rumors\",\"inLanguage\":\"en-US\",\"copyrightYear\":\"2026\",\"copyrightHolder\":{\"@id\":\"https:\\\/\\\/www.apfelpatient.de\\\/en\\\/#organization\"}},{\"@type\":\"WebPage\",\"@id\":\"https:\\\/\\\/www.apfelpatient.de\\\/rumors\\\/macbook-neo-2-apple-plant-wohl-fokus-auf-leistung\",\"url\":\"https:\\\/\\\/www.apfelpatient.de\\\/rumors\\\/macbook-neo-2-apple-plant-wohl-fokus-auf-leistung\",\"name\":\"MacBook Neo 2: Apple plant wohl Fokus auf Leistung Apfelpatient\",\"isPartOf\":{\"@id\":\"https:\\\/\\\/www.apfelpatient.de\\\/#website\"},\"primaryImageOfPage\":{\"@id\":\"https:\\\/\\\/www.apfelpatient.de\\\/rumors\\\/macbook-neo-2-apple-plant-wohl-fokus-auf-leistung#primaryimage\"},\"image\":{\"@id\":\"https:\\\/\\\/www.apfelpatient.de\\\/rumors\\\/macbook-neo-2-apple-plant-wohl-fokus-auf-leistung#primaryimage\"},\"thumbnailUrl\":\"https:\\\/\\\/www.apfelpatient.de\\\/wp-content\\\/uploads\\\/2026\\\/03\\\/Apple-MacBook-Neo-lifestyle-01-260304-1.jpg\",\"datePublished\":\"2026-03-15T16:59:01+00:00\",\"dateModified\":\"2026-03-15T16:59:07+00:00\",\"description\":\"Beim MacBook Neo 2 k\u00f6nnte Apple auf Leistung statt Touchscreen setzen. Neue Infos zu Chip, RAM und m\u00f6glichem Release.\",\"breadcrumb\":{\"@id\":\"https:\\\/\\\/www.apfelpatient.de\\\/rumors\\\/macbook-neo-2-apple-plant-wohl-fokus-auf-leistung#breadcrumb\"},\"inLanguage\":\"en-US\",\"potentialAction\":[{\"@type\":\"ReadAction\",\"target\":[\"https:\\\/\\\/www.apfelpatient.de\\\/rumors\\\/macbook-neo-2-apple-plant-wohl-fokus-auf-leistung\"]}]},{\"@type\":\"ImageObject\",\"inLanguage\":\"en-US\",\"@id\":\"https:\\\/\\\/www.apfelpatient.de\\\/rumors\\\/macbook-neo-2-apple-plant-wohl-fokus-auf-leistung#primaryimage\",\"url\":\"https:\\\/\\\/www.apfelpatient.de\\\/wp-content\\\/uploads\\\/2026\\\/03\\\/Apple-MacBook-Neo-lifestyle-01-260304-1.jpg\",\"contentUrl\":\"https:\\\/\\\/www.apfelpatient.de\\\/wp-content\\\/uploads\\\/2026\\\/03\\\/Apple-MacBook-Neo-lifestyle-01-260304-1.jpg\",\"width\":1600,\"height\":900,\"caption\":\"Bild: Apple\"},{\"@type\":\"BreadcrumbList\",\"@id\":\"https:\\\/\\\/www.apfelpatient.de\\\/rumors\\\/macbook-neo-2-apple-plant-wohl-fokus-auf-leistung#breadcrumb\",\"itemListElement\":[{\"@type\":\"ListItem\",\"position\":1,\"name\":\"Startseite\",\"item\":\"https:\\\/\\\/www.apfelpatient.de\\\/\"},{\"@type\":\"ListItem\",\"position\":2,\"name\":\"MacBook Neo 2: Apple plant wohl Fokus auf Leistung\"}]},{\"@type\":\"WebSite\",\"@id\":\"https:\\\/\\\/www.apfelpatient.de\\\/#website\",\"url\":\"https:\\\/\\\/www.apfelpatient.de\\\/\",\"name\":\"Apfelpatient\",\"description\":\"Alles rund um Apple!\",\"publisher\":{\"@type\":\"Organization\",\"@id\":\"https:\\\/\\\/www.apfelpatient.de\\\/en\\\/#organization\",\"name\":\"Apfelpatient\",\"url\":\"https:\\\/\\\/www.apfelpatient.de\\\/en\\\/\"},\"alternateName\":\"Apfelpatient\",\"potentialAction\":[{\"@type\":\"SearchAction\",\"target\":{\"@type\":\"EntryPoint\",\"urlTemplate\":\"https:\\\/\\\/www.apfelpatient.de\\\/?s={search_term_string}\"},\"query-input\":{\"@type\":\"PropertyValueSpecification\",\"valueRequired\":true,\"valueName\":\"search_term_string\"}}],\"inLanguage\":\"en-US\"},{\"@type\":[\"Person\",\"Organization\"],\"@id\":\"https:\\\/\\\/www.apfelpatient.de\\\/#\\\/schema\\\/person\\\/7dc56ad6c8e9824b76d2c08d4c140e13\",\"name\":\"Milan\",\"logo\":{\"@id\":\"https:\\\/\\\/www.apfelpatient.de\\\/#\\\/schema\\\/person\\\/image\\\/\"},\"description\":\"Hallo und herzlich willkommen auf meinem Technik-Blog! Als gro\u00dfer Apple-Fan berichte ich hier \u00fcber alles, was mit Apple zu tun hat: von den neuesten News und spannenden Ger\u00fcchten \u00fcber hilfreiche Tipps und Tricks bis hin zu ausf\u00fchrlichen Produkttests. Wenn du genauso technikbegeistert bist wie ich, bist du hier genau richtig!\",\"sameAs\":[\"https:\\\/\\\/www.facebook.com\\\/apfelpatientOfficial\",\"https:\\\/\\\/www.linkedin.com\\\/in\\\/milan-jovicic-42aa0231b\"],\"url\":\"https:\\\/\\\/www.apfelpatient.de\\\/en\\\/author\\\/apfeladmin\"}]}<\/script>\n<!-- \/ Yoast SEO Premium plugin. -->","yoast_head_json":{"title":"MacBook Neo 2: Apple reportedly plans to focus on performance Apfelpatient","description":"Apple might be prioritizing performance over a touchscreen with the MacBook Neo 2. New information on the chip, RAM, and potential release date.","robots":{"index":"index","follow":"follow","max-snippet":"max-snippet:-1","max-image-preview":"max-image-preview:large","max-video-preview":"max-video-preview:-1"},"canonical":"https:\/\/www.apfelpatient.de\/en\/rumors\/macbook-neo-2-apple-is-reportedly-planning-to-focus-on-performance","og_locale":"en_US","og_type":"article","og_title":"MacBook Neo 2: Apple plant wohl Fokus auf Leistung","og_description":"Beim MacBook Neo 2 k\u00f6nnte Apple auf Leistung statt Touchscreen setzen. Neue Infos zu Chip, RAM und m\u00f6glichem Release.","og_url":"https:\/\/www.apfelpatient.de\/en\/rumors\/macbook-neo-2-apple-is-reportedly-planning-to-focus-on-performance","og_site_name":"Apfelpatient","article_publisher":"https:\/\/www.facebook.com\/apfelpatientOfficial","article_author":"https:\/\/www.facebook.com\/apfelpatientOfficial","article_published_time":"2026-03-15T16:59:01+00:00","article_modified_time":"2026-03-15T16:59:07+00:00","og_image":[{"width":1600,"height":900,"url":"https:\/\/www.apfelpatient.de\/wp-content\/uploads\/2026\/03\/Apple-MacBook-Neo-lifestyle-01-260304-1.jpg","type":"image\/jpeg"}],"author":"Milan","twitter_card":"summary_large_image","twitter_description":"Beim MacBook Neo 2 k\u00f6nnte Apple auf Leistung statt Touchscreen setzen. Neue Infos zu Chip, RAM und m\u00f6glichem Release.","twitter_misc":{"Written by":"Milan","Est. reading time":"4 minutes"},"schema":{"@context":"https:\/\/schema.org","@graph":[{"@type":"NewsArticle","@id":"https:\/\/www.apfelpatient.de\/rumors\/macbook-neo-2-apple-plant-wohl-fokus-auf-leistung#article","isPartOf":{"@id":"https:\/\/www.apfelpatient.de\/rumors\/macbook-neo-2-apple-plant-wohl-fokus-auf-leistung"},"author":{"@type":"Organization","@id":"https:\/\/www.apfelpatient.de\/en\/#organization","name":"Apfelpatient","url":"https:\/\/www.apfelpatient.de\/en\/"},"headline":"MacBook Neo 2: Apple plant wohl Fokus auf Leistung","datePublished":"2026-03-15T16:59:01+00:00","dateModified":"2026-03-15T16:59:07+00:00","mainEntityOfPage":{"@id":"https:\/\/www.apfelpatient.de\/rumors\/macbook-neo-2-apple-plant-wohl-fokus-auf-leistung"},"wordCount":695,"publisher":{"@type":"Organization","@id":"https:\/\/www.apfelpatient.de\/en\/#organization","name":"Apfelpatient","url":"https:\/\/www.apfelpatient.de\/en\/"},"image":{"@id":"https:\/\/www.apfelpatient.de\/rumors\/macbook-neo-2-apple-plant-wohl-fokus-auf-leistung#primaryimage"},"thumbnailUrl":"https:\/\/www.apfelpatient.de\/wp-content\/uploads\/2026\/03\/Apple-MacBook-Neo-lifestyle-01-260304-1.jpg","keywords":["Mac","MacBook Neo"],"articleSection":"Rumors","inLanguage":"en-US","copyrightYear":"2026","copyrightHolder":{"@id":"https:\/\/www.apfelpatient.de\/en\/#organization"}},{"@type":"WebPage","@id":"https:\/\/www.apfelpatient.de\/rumors\/macbook-neo-2-apple-plant-wohl-fokus-auf-leistung","url":"https:\/\/www.apfelpatient.de\/rumors\/macbook-neo-2-apple-plant-wohl-fokus-auf-leistung","name":"MacBook Neo 2: Apple reportedly plans to focus on performance Apfelpatient","isPartOf":{"@id":"https:\/\/www.apfelpatient.de\/#website"},"primaryImageOfPage":{"@id":"https:\/\/www.apfelpatient.de\/rumors\/macbook-neo-2-apple-plant-wohl-fokus-auf-leistung#primaryimage"},"image":{"@id":"https:\/\/www.apfelpatient.de\/rumors\/macbook-neo-2-apple-plant-wohl-fokus-auf-leistung#primaryimage"},"thumbnailUrl":"https:\/\/www.apfelpatient.de\/wp-content\/uploads\/2026\/03\/Apple-MacBook-Neo-lifestyle-01-260304-1.jpg","datePublished":"2026-03-15T16:59:01+00:00","dateModified":"2026-03-15T16:59:07+00:00","description":"Apple might be prioritizing performance over a touchscreen with the MacBook Neo 2. New information on the chip, RAM, and potential release date.","breadcrumb":{"@id":"https:\/\/www.apfelpatient.de\/rumors\/macbook-neo-2-apple-plant-wohl-fokus-auf-leistung#breadcrumb"},"inLanguage":"en-US","potentialAction":[{"@type":"ReadAction","target":["https:\/\/www.apfelpatient.de\/rumors\/macbook-neo-2-apple-plant-wohl-fokus-auf-leistung"]}]},{"@type":"ImageObject","inLanguage":"en-US","@id":"https:\/\/www.apfelpatient.de\/rumors\/macbook-neo-2-apple-plant-wohl-fokus-auf-leistung#primaryimage","url":"https:\/\/www.apfelpatient.de\/wp-content\/uploads\/2026\/03\/Apple-MacBook-Neo-lifestyle-01-260304-1.jpg","contentUrl":"https:\/\/www.apfelpatient.de\/wp-content\/uploads\/2026\/03\/Apple-MacBook-Neo-lifestyle-01-260304-1.jpg","width":1600,"height":900,"caption":"Bild: Apple"},{"@type":"BreadcrumbList","@id":"https:\/\/www.apfelpatient.de\/rumors\/macbook-neo-2-apple-plant-wohl-fokus-auf-leistung#breadcrumb","itemListElement":[{"@type":"ListItem","position":1,"name":"Startseite","item":"https:\/\/www.apfelpatient.de\/"},{"@type":"ListItem","position":2,"name":"MacBook Neo 2: Apple plant wohl Fokus auf Leistung"}]},{"@type":"WebSite","@id":"https:\/\/www.apfelpatient.de\/#website","url":"https:\/\/www.apfelpatient.de\/","name":"apple patient","description":"Everything about Apple!","publisher":{"@type":"Organization","@id":"https:\/\/www.apfelpatient.de\/en\/#organization","name":"Apfelpatient","url":"https:\/\/www.apfelpatient.de\/en\/"},"alternateName":"Apfelpatient","potentialAction":[{"@type":"SearchAction","target":{"@type":"EntryPoint","urlTemplate":"https:\/\/www.apfelpatient.de\/?s={search_term_string}"},"query-input":{"@type":"PropertyValueSpecification","valueRequired":true,"valueName":"search_term_string"}}],"inLanguage":"en-US"},{"@type":["Person","Organization"],"@id":"https:\/\/www.apfelpatient.de\/#\/schema\/person\/7dc56ad6c8e9824b76d2c08d4c140e13","name":"Milan","logo":{"@id":"https:\/\/www.apfelpatient.de\/#\/schema\/person\/image\/"},"description":"Hello and welcome to my technology blog! As a big Apple fan, I report on everything to do with Apple: from the latest news and exciting rumors to helpful tips and tricks and detailed product tests. If you are as enthusiastic about technology as I am, you have come to the right place!","sameAs":["https:\/\/www.facebook.com\/apfelpatientOfficial","https:\/\/www.linkedin.com\/in\/milan-jovicic-42aa0231b"],"url":"https:\/\/www.apfelpatient.de\/en\/author\/apfeladmin"}]}},"_links":{"self":[{"href":"https:\/\/www.apfelpatient.de\/en\/wp-json\/wp\/v2\/posts\/65342","targetHints":{"allow":["GET"]}}],"collection":[{"href":"https:\/\/www.apfelpatient.de\/en\/wp-json\/wp\/v2\/posts"}],"about":[{"href":"https:\/\/www.apfelpatient.de\/en\/wp-json\/wp\/v2\/types\/post"}],"author":[{"embeddable":true,"href":"https:\/\/www.apfelpatient.de\/en\/wp-json\/wp\/v2\/users\/2"}],"replies":[{"embeddable":true,"href":"https:\/\/www.apfelpatient.de\/en\/wp-json\/wp\/v2\/comments?post=65342"}],"version-history":[{"count":1,"href":"https:\/\/www.apfelpatient.de\/en\/wp-json\/wp\/v2\/posts\/65342\/revisions"}],"predecessor-version":[{"id":65343,"href":"https:\/\/www.apfelpatient.de\/en\/wp-json\/wp\/v2\/posts\/65342\/revisions\/65343"}],"wp:featuredmedia":[{"embeddable":true,"href":"https:\/\/www.apfelpatient.de\/en\/wp-json\/wp\/v2\/media\/65341"}],"wp:attachment":[{"href":"https:\/\/www.apfelpatient.de\/en\/wp-json\/wp\/v2\/media?parent=65342"}],"wp:term":[{"taxonomy":"category","embeddable":true,"href":"https:\/\/www.apfelpatient.de\/en\/wp-json\/wp\/v2\/categories?post=65342"},{"taxonomy":"post_tag","embeddable":true,"href":"https:\/\/www.apfelpatient.de\/en\/wp-json\/wp\/v2\/tags?post=65342"}],"curies":[{"name":"wp","href":"https:\/\/api.w.org\/{rel}","templated":true}]}}