{"id":65238,"date":"2026-03-11T16:26:24","date_gmt":"2026-03-11T15:26:24","guid":{"rendered":"https:\/\/www.apfelpatient.de\/?p=65238"},"modified":"2026-03-11T16:26:30","modified_gmt":"2026-03-11T15:26:30","slug":"macbook-neo-what-apple-is-planning-for-upcoming-devices","status":"publish","type":"post","link":"https:\/\/www.apfelpatient.de\/en\/rumors\/macbook-neo-co-das-plant-apple-fuer-kommende-geraete","title":{"rendered":"MacBook Neo &amp; Co.: This is what Apple is planning for upcoming devices"},"content":{"rendered":"<p class=\"has-drop-cap\"><strong>With the MacBook Neo, Apple is bringing a MacBook to a significantly lower price point for the first time. The device costs around \u20ac699 and aims to bring the MacBook experience to a market segment that has so far been dominated by Chromebooks and inexpensive Windows laptops.<\/strong><\/p>\n\n\n\n<p class=\"translation-block\">To coincide with the device&#039;s launch, renowned Apple analyst Ming-Chi Kuo provides <a href=\"https:\/\/x.com\/mingchikuo\/status\/2031593711814193303?s=20\" id=\"https:\/\/x.com\/mingchikuo\/status\/2031593711814193303?s=20\" target=\"_blank\" rel=\"noreferrer noopener\" data-wpel-link=\"external\">new<\/a> information on sales figures, production, and potential future features. He also outlines a timeline for upcoming MacBooks with OLED displays, including a future MacBook Pro and a later MacBook Air.<\/p>\n\n\n\n<p>Back in June of last year, Ming-Chi Kuo first reported on an affordable Apple laptop. At the time, he spoke of a device with an approximately 13-inch display and an A18 Pro processor. He suggested a possible launch date of the end of the fourth quarter of 2025 or the beginning of the first quarter of 2026.<\/p>\n\n\n\n<p>The release is now scheduled for the end of the first quarter of 2026. While his timing prediction was slightly off, the key technical details are accurate. He was also close to reality regarding the colors. Kuo mentioned silver, blue, pink, and yellow, while Apple ultimately launched the device in silver, indigo, blush, and citrus.<\/p>\n\n\n\n<h4 class=\"wp-block-heading\" id=\"h-macbook-neo-apples-einstieg-in-den-gunstigen-laptopmarkt\">MacBook Neo: Apple&#039;s entry into the affordable laptop market<\/h4>\n\n\n\n<p>With the MacBook Neo, Apple is attempting to establish a MacBook in a price range around 700 euros for the first time. The device has a 13-inch display and is powered by the A18 Pro chip.<\/p>\n\n\n\n<p>Ming-Chi Kuo&#039;s original sales forecast was 5 to 7 million units in 2026. However, due to the slightly later market launch, he has revised this estimate to 4.5 to 5 million units. Of these, approximately 2 to 2.5 million units are expected to be shipped in the first half of 2026.<\/p>\n\n\n\n<h4 class=\"wp-block-heading\" id=\"h-produktion-und-lieferkette\">Production and supply chain<\/h4>\n\n\n\n<p>Currently, the MacBook Neo is manufactured exclusively by Quanta. However, according to Kuo, the supply chain could soon expand. Foxconn could also become involved in production in the near future.<\/p>\n\n\n\n<p>Additionally, Luxshare could try to secure a contract to assemble the MacBook Neo. Apple frequently works with multiple manufacturers to increase production capacity and maintain a stable supply chain.<\/p>\n\n\n\n<h4 class=\"wp-block-heading\" id=\"h-touchscreen-beim-macbook-neo-bleibt-unklar\">The touchscreen on the MacBook Neo remains unclear<\/h4>\n\n\n\n<p>Previous predictions suggested that the second-generation MacBook Neo might receive a touchscreen. This was based on competition from Chromebooks, where more than half of the devices support touch.<\/p>\n\n\n\n<p>However, according to new information from the supply chain, this feature is uncertain. Kuo suggests the Neo 2 might not get a touchscreen after all. Since the MacBook Neo is primarily intended to remain a budget-friendly MacBook, omitting this additional hardware would not be surprising.<\/p>\n\n\n\n<p>The first MacBook with a touchscreen could instead be a high-priced premium model.<\/p>\n\n\n\n<h4 class=\"wp-block-heading\" id=\"h-oled-macbook-pro-und-oled-macbook-air\">OLED MacBook Pro and OLED MacBook Air<\/h4>\n\n\n\n<p>In addition to the MacBook Neo, Kuo also mentions a timeline for future MacBook generations. He confirms reports by Bloomberg journalist Mark Gurman that Apple is working on a MacBook Pro with an OLED touchscreen.<\/p>\n\n\n\n<p>According to Kuo, this device could be released at the end of the fourth quarter of 2026 or the beginning of the first quarter of 2027.<\/p>\n\n\n\n<p>A MacBook Air with an OLED display is also planned. However, this model is expected much later. According to Kuo&#039;s estimate, an OLED MacBook Air might not be released until around 2028 or 2029.<\/p>\n\n\n\n<h3 class=\"wp-block-heading\" id=\"h-macbook-neo-und-die-zukunft-der-macbook-modelle\">MacBook Neo and the future of MacBook models<\/h3>\n\n\n\n<p>The MacBook Neo marks an important step in Apple&#039;s laptop strategy. With a price of around \u20ac699, Apple is launching a MacBook in a significantly more affordable market segment for the first time.<\/p>\n\n\n\n<p>According to Ming-Chi Kuo, 4.5 to 5 million units could be sold in 2026. The model is currently manufactured by Quanta, while Foxconn or Luxshare could also play a role in the future.<\/p>\n\n\n\n<p>Whether the MacBook Neo will have a touchscreen remains uncertain for now. At the same time, Apple is already working on future MacBooks with OLED displays, including a possible OLED MacBook Pro from 2026 or 2027, and an OLED MacBook Air towards the end of the decade. (Image: Apple)<\/p>\n\n\n\n<ul class=\"wp-block-list\">\n<li><a href=\"https:\/\/www.apfelpatient.de\/en\/rumors\/apple-apparently-has-no-plans-to-increase-the-price-of-the-iphone-18-pro\" type=\"link\" id=\"https:\/\/www.apfelpatient.de\/rumors\/iphone-18-pro-apple-plant-wohl-keine-preiserhoehung\">iPhone 18 Pro: Apple apparently has no plans for a price increase<\/a><\/li>\n\n\n\n<li><a href=\"https:\/\/www.apfelpatient.de\/en\/rumors\/the-dynamic-island-mode-remains-unchanged-on-the-iphone-18-pro\">iPhone 18 Pro: Will Dynamic Island remain unchanged after all?<\/a><\/li>\n\n\n\n<li><a href=\"https:\/\/www.apfelpatient.de\/en\/rumors\/will-the-iphone-18-pro-max-be-thicker\">iPhone 18 Pro Max: Will Apple&#039;s new model be thicker?<\/a><\/li>\n\n\n\n<li><a href=\"https:\/\/www.apfelpatient.de\/en\/rumors\/apple-home-hub-leak-refers-to-watchos-interface-as-magsafe\">Apple Home Hub: Leak reveals watchOS interface &amp; MagSafe<\/a><\/li>\n\n\n\n<li><a href=\"https:\/\/www.apfelpatient.de\/en\/rumors\/apples-initial-plan-for-the-iphone-fold-was-completely-different\">iPhone Fold: Apple&#039;s initial plan was completely different<\/a><\/li>\n\n\n\n<li><a href=\"https:\/\/www.apfelpatient.de\/en\/rumors\/apple-tv-4k-and-homepod-are-apparently-waiting-for-a-new-siri\">Apple TV 4K and HomePod are apparently waiting for a new Siri<\/a><\/li>\n\n\n\n<li><a href=\"https:\/\/www.apfelpatient.de\/en\/rumors\/apple-plans-smart-home-hub-with-new-siri-in-the-fall\">Apple plans Smart Home Hub with new Siri in the Fall<\/a><\/li>\n\n\n\n<li><a href=\"https:\/\/www.apfelpatient.de\/en\/rumors\/apple-has-reportedly-already-finished-designing-the-iphone-18e\">Apple has reportedly already finished designing the iPhone 18e<\/a><\/li>\n\n\n\n<li><a href=\"https:\/\/www.apfelpatient.de\/en\/rumors\/iphone-fold-cad-files-show-possible-design\">iPhone Fold: CAD files reveal possible Design<\/a><\/li>\n\n\n\n<li><a href=\"https:\/\/www.apfelpatient.de\/en\/rumors\/macbook-neo-2-apples-affordable-mac-with-touchscreen\">MacBook Neo 2: Will Apple's affordable Mac come with touchscreen?<\/a><\/li>\n\n\n\n<li><a href=\"https:\/\/www.apfelpatient.de\/en\/rumors\/apple-will-rely-on-3d-printed-aluminum-in-the-future\">Apple will rely on 3D-printed aluminum in the future<\/a><\/li>\n\n\n\n<li><a href=\"https:\/\/www.apfelpatient.de\/en\/rumors\/mac-studio-m5-upgrade-could-be-released-at-wwdc-2026\">Mac Studio: M5 upgrade could arrive at WWDC 2026<\/a><\/li>\n\n\n\n<li><a href=\"https:\/\/www.apfelpatient.de\/en\/rumors\/apple-plans-new-colors-for-the-next-imac-update\">iMac: Apple plans new colors for the next update<\/a><\/li>\n\n\n\n<li><a href=\"https:\/\/www.apfelpatient.de\/en\/rumors\/apple-homepad-new-information-on-features-and-startup\">Apple HomePad: New information on features and launch<\/a><\/li>\n\n\n\n<li><a href=\"https:\/\/www.apfelpatient.de\/en\/rumors\/macbook-pro-major-upgrade-planned-with-oled-and-touchscreen\">MacBook Pro: Major upgrade planned with OLED and touchscreen<\/a><\/li>\n\n\n\n<li><a href=\"https:\/\/www.apfelpatient.de\/en\/rumors\/apple-could-unveil-three-ultra-devices-in-2026\">Apple could unveil three Ultra devices in 2026<\/a><\/li>\n\n\n\n<li><a href=\"https:\/\/www.apfelpatient.de\/en\/rumors\/apple-home-hub-new-indications-of-a-fall-2026-launch\">Apple Home Hub: New indications of a fall 2026 launch<\/a><\/li>\n\n\n\n<li><a href=\"https:\/\/www.apfelpatient.de\/en\/rumors\/apple-outsources-siri-ai-servers-remain-unused\">Apple outsources Siri: AI servers remain unused<\/a><\/li>\n\n\n\n<li><a href=\"https:\/\/www.apfelpatient.de\/en\/rumors\/macbook-air-will-get-an-oled-display-for-the-first-time-in-2028\">MacBook Air will get an OLED display for the first time in 2028<\/a><\/li>\n\n\n\n<li><a href=\"https:\/\/www.apfelpatient.de\/en\/rumors\/wwdc-2026-apple-replaces-core-ml-with-core-ai-in-ios-27\">WWDC 2026: Apple replaces Core ML with Core AI in iOS 27<\/a><\/li>\n\n\n\n<li><a href=\"https:\/\/www.apfelpatient.de\/en\/rumors\/ipad-pro-2027-brings-internal-technology-upgrade\">iPad Pro 2027 brings internal technology upgrade<\/a><\/li>\n\n\n\n<li><a href=\"https:\/\/www.apfelpatient.de\/en\/rumors\/ipad-fold-huge-display-uncertain-future\">iPad Fold: Huge display, uncertain future<\/a><\/li>\n<\/ul>\n\n\n\n<h6 class=\"wp-block-heading translation-block\" id=\"h-kennt-ihr-schon-unsere-amazon-storefront-dort-findet-ihr-eine-handverlesene-auswahl-von-diversen-produkten-f-r-euer-iphone-und-co-viel-spa-beim-st-bern\"><em>Have you already visited our Amazon Storefront? There you&#039;ll find a hand-picked selection of various products for your iPhone and other devices \u2013 <span class=\"has-inline-color has-vivid-red-color\"><a href=\"https:\/\/www.amazon.de\/shop\/apfelpatientofficial\" class=\"ek-link\" data-wpel-link=\"exclude\" rel=\"follow noopener\" target=\"_self\"><span style=\"text-decoration: underline\" class=\"ek-underline\">enjoy browsing<\/span><\/a> !<\/span><\/em><\/h6>\n\n\n\n<h6 class=\"wp-block-heading translation-block\" id=\"h-der-beitrag-enthalt-partnerlinks\">This post contains <a data-type=\"URL\" data-id=\"https:\/\/www.apfelpatient.de\/partnerprogramm\" href=\"https:\/\/www.apfelpatient.de\/en\/partner-program\" data-wpel-link=\"internal\" target=\"_self\">affiliate links<\/a>.<\/h6>","protected":false},"excerpt":{"rendered":"<p>The MacBook Neo starts at around \u20ac699. New information on sales figures, production, and Apple&#039;s plans for the OLED MacBook Pro and MacBook Air.<\/p>","protected":false},"author":2,"featured_media":65063,"comment_status":"closed","ping_status":"open","sticky":false,"template":"","format":"standard","meta":{"jnews-multi-image_gallery":[],"jnews_single_post":{"format":"standard","override":[{"template":"2","parallax":"1","fullscreen":"1","layout":"right-sidebar","sidebar":"default-sidebar","second_sidebar":"default-sidebar","sticky_sidebar":"1","share_position":"top","share_float_style":"share-monocrhome","show_featured":"1","show_post_meta":"1","show_post_author":"1","show_post_author_image":"1","show_post_date":"1","post_date_format":"default","post_date_format_custom":"Y\/m\/d","show_post_category":"1","show_post_reading_time":"0","post_reading_time_wpm":"300","post_calculate_word_method":"str_word_count","show_zoom_button":"0","zoom_button_out_step":"2","zoom_button_in_step":"3","show_post_tag":"1","show_prev_next_post":"1","show_popup_post":"1","show_comment_section":"1","number_popup_post":"1","show_author_box":"0","show_post_related":"0","show_inline_post_related":"0"}],"image_override":[{"single_post_thumbnail_size":"crop-500","single_post_gallery_size":"crop-500"}],"trending_post_position":"meta","trending_post_label":"Trending","sponsored_post_label":"Sponsored by","disable_ad":"0"},"jnews_primary_category":{"id":"25"},"footnotes":""},"categories":[25],"tags":[40,41,1315,50],"class_list":["post-65238","post","type-post","status-publish","format-standard","has-post-thumbnail","hentry","category-rumors","tag-mac","tag-macbook-air","tag-macbook-neo","tag-macbook-pro"],"yoast_head":"<!-- This site is optimized with the Yoast SEO Premium plugin v27.4 (Yoast SEO v27.4) - https:\/\/yoast.com\/product\/yoast-seo-premium-wordpress\/ -->\n<title>MacBook Neo &amp; Co.: Das plant Apple f\u00fcr kommende Ger\u00e4te Apfelpatient<\/title>\n<meta name=\"description\" content=\"MacBook Neo startet f\u00fcr rund 699 Euro. Neue Infos zu Verkaufszahlen, Produktion und Apples Pl\u00e4nen f\u00fcr OLED MacBook Pro und MacBook Air.\" \/>\n<meta name=\"robots\" content=\"index, follow, max-snippet:-1, max-image-preview:large, max-video-preview:-1\" \/>\n<link rel=\"canonical\" href=\"https:\/\/www.apfelpatient.de\/en\/rumors\/macbook-neo-what-apple-is-planning-for-upcoming-devices\" \/>\n<meta property=\"og:locale\" content=\"en_US\" \/>\n<meta property=\"og:type\" content=\"article\" \/>\n<meta property=\"og:title\" content=\"MacBook Neo &amp; Co.: Das plant Apple f\u00fcr kommende Ger\u00e4te\" \/>\n<meta property=\"og:description\" content=\"MacBook Neo startet f\u00fcr rund 699 Euro. Neue Infos zu Verkaufszahlen, Produktion und Apples Pl\u00e4nen f\u00fcr OLED MacBook Pro und MacBook Air.\" \/>\n<meta property=\"og:url\" content=\"https:\/\/www.apfelpatient.de\/en\/rumors\/macbook-neo-what-apple-is-planning-for-upcoming-devices\" \/>\n<meta property=\"og:site_name\" content=\"Apfelpatient\" \/>\n<meta property=\"article:publisher\" content=\"https:\/\/www.facebook.com\/apfelpatientOfficial\" \/>\n<meta property=\"article:author\" content=\"https:\/\/www.facebook.com\/apfelpatientOfficial\" \/>\n<meta property=\"article:published_time\" content=\"2026-03-11T15:26:24+00:00\" \/>\n<meta property=\"article:modified_time\" content=\"2026-03-11T15:26:30+00:00\" \/>\n<meta property=\"og:image\" content=\"https:\/\/www.apfelpatient.de\/wp-content\/uploads\/2026\/03\/Apple-MacBook-Neo-Apple-Intelligence-summarize-notes-and-create-presentations-260304-1.jpeg\" \/>\n\t<meta property=\"og:image:width\" content=\"1600\" \/>\n\t<meta property=\"og:image:height\" content=\"1067\" \/>\n\t<meta property=\"og:image:type\" content=\"image\/jpeg\" \/>\n<meta name=\"author\" content=\"Milan\" \/>\n<meta name=\"twitter:card\" content=\"summary_large_image\" \/>\n<meta name=\"twitter:description\" content=\"MacBook Neo startet f\u00fcr rund 699 Euro. Neue Infos zu Verkaufszahlen, Produktion und Apples Pl\u00e4nen f\u00fcr OLED MacBook Pro und MacBook Air.\" \/>\n<meta name=\"twitter:label1\" content=\"Written by\" \/>\n\t<meta name=\"twitter:data1\" content=\"Milan\" \/>\n\t<meta name=\"twitter:label2\" content=\"Est. reading time\" \/>\n\t<meta name=\"twitter:data2\" content=\"5 minutes\" \/>\n<script type=\"application\/ld+json\" class=\"yoast-schema-graph\">{\"@context\":\"https:\\\/\\\/schema.org\",\"@graph\":[{\"@type\":\"NewsArticle\",\"@id\":\"https:\\\/\\\/www.apfelpatient.de\\\/rumors\\\/macbook-neo-co-das-plant-apple-fuer-kommende-geraete#article\",\"isPartOf\":{\"@id\":\"https:\\\/\\\/www.apfelpatient.de\\\/rumors\\\/macbook-neo-co-das-plant-apple-fuer-kommende-geraete\"},\"author\":{\"@type\":\"Organization\",\"@id\":\"https:\\\/\\\/www.apfelpatient.de\\\/en\\\/#organization\",\"name\":\"Apfelpatient\",\"url\":\"https:\\\/\\\/www.apfelpatient.de\\\/en\\\/\"},\"headline\":\"MacBook Neo &amp; Co.: Das plant Apple f\u00fcr kommende Ger\u00e4te\",\"datePublished\":\"2026-03-11T15:26:24+00:00\",\"dateModified\":\"2026-03-11T15:26:30+00:00\",\"mainEntityOfPage\":{\"@id\":\"https:\\\/\\\/www.apfelpatient.de\\\/rumors\\\/macbook-neo-co-das-plant-apple-fuer-kommende-geraete\"},\"wordCount\":836,\"publisher\":{\"@type\":\"Organization\",\"@id\":\"https:\\\/\\\/www.apfelpatient.de\\\/en\\\/#organization\",\"name\":\"Apfelpatient\",\"url\":\"https:\\\/\\\/www.apfelpatient.de\\\/en\\\/\"},\"image\":{\"@id\":\"https:\\\/\\\/www.apfelpatient.de\\\/rumors\\\/macbook-neo-co-das-plant-apple-fuer-kommende-geraete#primaryimage\"},\"thumbnailUrl\":\"https:\\\/\\\/www.apfelpatient.de\\\/wp-content\\\/uploads\\\/2026\\\/03\\\/Apple-MacBook-Neo-Apple-Intelligence-summarize-notes-and-create-presentations-260304-1.jpeg\",\"keywords\":[\"Mac\",\"MacBook Air\",\"MacBook Neo\",\"MacBook Pro\"],\"articleSection\":\"Rumors\",\"inLanguage\":\"en-US\",\"copyrightYear\":\"2026\",\"copyrightHolder\":{\"@id\":\"https:\\\/\\\/www.apfelpatient.de\\\/en\\\/#organization\"}},{\"@type\":\"WebPage\",\"@id\":\"https:\\\/\\\/www.apfelpatient.de\\\/rumors\\\/macbook-neo-co-das-plant-apple-fuer-kommende-geraete\",\"url\":\"https:\\\/\\\/www.apfelpatient.de\\\/rumors\\\/macbook-neo-co-das-plant-apple-fuer-kommende-geraete\",\"name\":\"MacBook Neo &amp; Co.: Das plant Apple f\u00fcr kommende Ger\u00e4te Apfelpatient\",\"isPartOf\":{\"@id\":\"https:\\\/\\\/www.apfelpatient.de\\\/#website\"},\"primaryImageOfPage\":{\"@id\":\"https:\\\/\\\/www.apfelpatient.de\\\/rumors\\\/macbook-neo-co-das-plant-apple-fuer-kommende-geraete#primaryimage\"},\"image\":{\"@id\":\"https:\\\/\\\/www.apfelpatient.de\\\/rumors\\\/macbook-neo-co-das-plant-apple-fuer-kommende-geraete#primaryimage\"},\"thumbnailUrl\":\"https:\\\/\\\/www.apfelpatient.de\\\/wp-content\\\/uploads\\\/2026\\\/03\\\/Apple-MacBook-Neo-Apple-Intelligence-summarize-notes-and-create-presentations-260304-1.jpeg\",\"datePublished\":\"2026-03-11T15:26:24+00:00\",\"dateModified\":\"2026-03-11T15:26:30+00:00\",\"description\":\"MacBook Neo startet f\u00fcr rund 699 Euro. Neue Infos zu Verkaufszahlen, Produktion und Apples Pl\u00e4nen f\u00fcr OLED MacBook Pro und MacBook Air.\",\"breadcrumb\":{\"@id\":\"https:\\\/\\\/www.apfelpatient.de\\\/rumors\\\/macbook-neo-co-das-plant-apple-fuer-kommende-geraete#breadcrumb\"},\"inLanguage\":\"en-US\",\"potentialAction\":[{\"@type\":\"ReadAction\",\"target\":[\"https:\\\/\\\/www.apfelpatient.de\\\/rumors\\\/macbook-neo-co-das-plant-apple-fuer-kommende-geraete\"]}]},{\"@type\":\"ImageObject\",\"inLanguage\":\"en-US\",\"@id\":\"https:\\\/\\\/www.apfelpatient.de\\\/rumors\\\/macbook-neo-co-das-plant-apple-fuer-kommende-geraete#primaryimage\",\"url\":\"https:\\\/\\\/www.apfelpatient.de\\\/wp-content\\\/uploads\\\/2026\\\/03\\\/Apple-MacBook-Neo-Apple-Intelligence-summarize-notes-and-create-presentations-260304-1.jpeg\",\"contentUrl\":\"https:\\\/\\\/www.apfelpatient.de\\\/wp-content\\\/uploads\\\/2026\\\/03\\\/Apple-MacBook-Neo-Apple-Intelligence-summarize-notes-and-create-presentations-260304-1.jpeg\",\"width\":1600,\"height\":1067,\"caption\":\"Bild: Apple\"},{\"@type\":\"BreadcrumbList\",\"@id\":\"https:\\\/\\\/www.apfelpatient.de\\\/rumors\\\/macbook-neo-co-das-plant-apple-fuer-kommende-geraete#breadcrumb\",\"itemListElement\":[{\"@type\":\"ListItem\",\"position\":1,\"name\":\"Startseite\",\"item\":\"https:\\\/\\\/www.apfelpatient.de\\\/\"},{\"@type\":\"ListItem\",\"position\":2,\"name\":\"MacBook Neo &amp; Co.: Das plant Apple f\u00fcr kommende Ger\u00e4te\"}]},{\"@type\":\"WebSite\",\"@id\":\"https:\\\/\\\/www.apfelpatient.de\\\/#website\",\"url\":\"https:\\\/\\\/www.apfelpatient.de\\\/\",\"name\":\"Apfelpatient\",\"description\":\"Alles rund um Apple!\",\"publisher\":{\"@type\":\"Organization\",\"@id\":\"https:\\\/\\\/www.apfelpatient.de\\\/en\\\/#organization\",\"name\":\"Apfelpatient\",\"url\":\"https:\\\/\\\/www.apfelpatient.de\\\/en\\\/\"},\"alternateName\":\"Apfelpatient\",\"potentialAction\":[{\"@type\":\"SearchAction\",\"target\":{\"@type\":\"EntryPoint\",\"urlTemplate\":\"https:\\\/\\\/www.apfelpatient.de\\\/?s={search_term_string}\"},\"query-input\":{\"@type\":\"PropertyValueSpecification\",\"valueRequired\":true,\"valueName\":\"search_term_string\"}}],\"inLanguage\":\"en-US\"},{\"@type\":[\"Person\",\"Organization\"],\"@id\":\"https:\\\/\\\/www.apfelpatient.de\\\/#\\\/schema\\\/person\\\/7dc56ad6c8e9824b76d2c08d4c140e13\",\"name\":\"Milan\",\"logo\":{\"@id\":\"https:\\\/\\\/www.apfelpatient.de\\\/#\\\/schema\\\/person\\\/image\\\/\"},\"description\":\"Hallo und herzlich willkommen auf meinem Technik-Blog! Als gro\u00dfer Apple-Fan berichte ich hier \u00fcber alles, was mit Apple zu tun hat: von den neuesten News und spannenden Ger\u00fcchten \u00fcber hilfreiche Tipps und Tricks bis hin zu ausf\u00fchrlichen Produkttests. Wenn du genauso technikbegeistert bist wie ich, bist du hier genau richtig!\",\"sameAs\":[\"https:\\\/\\\/www.facebook.com\\\/apfelpatientOfficial\",\"https:\\\/\\\/www.linkedin.com\\\/in\\\/milan-jovicic-42aa0231b\"],\"url\":\"https:\\\/\\\/www.apfelpatient.de\\\/en\\\/author\\\/apfeladmin\"}]}<\/script>\n<!-- \/ Yoast SEO Premium plugin. -->","yoast_head_json":{"title":"MacBook Neo &amp; Co.: This is what Apple is planning for upcoming devices Apfelpatient","description":"The MacBook Neo starts at around \u20ac699. New information on sales figures, production, and Apple&#039;s plans for the OLED MacBook Pro and MacBook Air.","robots":{"index":"index","follow":"follow","max-snippet":"max-snippet:-1","max-image-preview":"max-image-preview:large","max-video-preview":"max-video-preview:-1"},"canonical":"https:\/\/www.apfelpatient.de\/en\/rumors\/macbook-neo-what-apple-is-planning-for-upcoming-devices","og_locale":"en_US","og_type":"article","og_title":"MacBook Neo &amp; Co.: Das plant Apple f\u00fcr kommende Ger\u00e4te","og_description":"MacBook Neo startet f\u00fcr rund 699 Euro. Neue Infos zu Verkaufszahlen, Produktion und Apples Pl\u00e4nen f\u00fcr OLED MacBook Pro und MacBook Air.","og_url":"https:\/\/www.apfelpatient.de\/en\/rumors\/macbook-neo-what-apple-is-planning-for-upcoming-devices","og_site_name":"Apfelpatient","article_publisher":"https:\/\/www.facebook.com\/apfelpatientOfficial","article_author":"https:\/\/www.facebook.com\/apfelpatientOfficial","article_published_time":"2026-03-11T15:26:24+00:00","article_modified_time":"2026-03-11T15:26:30+00:00","og_image":[{"width":1600,"height":1067,"url":"https:\/\/www.apfelpatient.de\/wp-content\/uploads\/2026\/03\/Apple-MacBook-Neo-Apple-Intelligence-summarize-notes-and-create-presentations-260304-1.jpeg","type":"image\/jpeg"}],"author":"Milan","twitter_card":"summary_large_image","twitter_description":"MacBook Neo startet f\u00fcr rund 699 Euro. Neue Infos zu Verkaufszahlen, Produktion und Apples Pl\u00e4nen f\u00fcr OLED MacBook Pro und MacBook Air.","twitter_misc":{"Written by":"Milan","Est. reading time":"5 minutes"},"schema":{"@context":"https:\/\/schema.org","@graph":[{"@type":"NewsArticle","@id":"https:\/\/www.apfelpatient.de\/rumors\/macbook-neo-co-das-plant-apple-fuer-kommende-geraete#article","isPartOf":{"@id":"https:\/\/www.apfelpatient.de\/rumors\/macbook-neo-co-das-plant-apple-fuer-kommende-geraete"},"author":{"@type":"Organization","@id":"https:\/\/www.apfelpatient.de\/en\/#organization","name":"Apfelpatient","url":"https:\/\/www.apfelpatient.de\/en\/"},"headline":"MacBook Neo &amp; Co.: Das plant Apple f\u00fcr kommende Ger\u00e4te","datePublished":"2026-03-11T15:26:24+00:00","dateModified":"2026-03-11T15:26:30+00:00","mainEntityOfPage":{"@id":"https:\/\/www.apfelpatient.de\/rumors\/macbook-neo-co-das-plant-apple-fuer-kommende-geraete"},"wordCount":836,"publisher":{"@type":"Organization","@id":"https:\/\/www.apfelpatient.de\/en\/#organization","name":"Apfelpatient","url":"https:\/\/www.apfelpatient.de\/en\/"},"image":{"@id":"https:\/\/www.apfelpatient.de\/rumors\/macbook-neo-co-das-plant-apple-fuer-kommende-geraete#primaryimage"},"thumbnailUrl":"https:\/\/www.apfelpatient.de\/wp-content\/uploads\/2026\/03\/Apple-MacBook-Neo-Apple-Intelligence-summarize-notes-and-create-presentations-260304-1.jpeg","keywords":["Mac","MacBook Air","MacBook Neo","MacBook Pro"],"articleSection":"Rumors","inLanguage":"en-US","copyrightYear":"2026","copyrightHolder":{"@id":"https:\/\/www.apfelpatient.de\/en\/#organization"}},{"@type":"WebPage","@id":"https:\/\/www.apfelpatient.de\/rumors\/macbook-neo-co-das-plant-apple-fuer-kommende-geraete","url":"https:\/\/www.apfelpatient.de\/rumors\/macbook-neo-co-das-plant-apple-fuer-kommende-geraete","name":"MacBook Neo &amp; Co.: This is what Apple is planning for upcoming devices Apfelpatient","isPartOf":{"@id":"https:\/\/www.apfelpatient.de\/#website"},"primaryImageOfPage":{"@id":"https:\/\/www.apfelpatient.de\/rumors\/macbook-neo-co-das-plant-apple-fuer-kommende-geraete#primaryimage"},"image":{"@id":"https:\/\/www.apfelpatient.de\/rumors\/macbook-neo-co-das-plant-apple-fuer-kommende-geraete#primaryimage"},"thumbnailUrl":"https:\/\/www.apfelpatient.de\/wp-content\/uploads\/2026\/03\/Apple-MacBook-Neo-Apple-Intelligence-summarize-notes-and-create-presentations-260304-1.jpeg","datePublished":"2026-03-11T15:26:24+00:00","dateModified":"2026-03-11T15:26:30+00:00","description":"The MacBook Neo starts at around \u20ac699. New information on sales figures, production, and Apple&#039;s plans for the OLED MacBook Pro and MacBook Air.","breadcrumb":{"@id":"https:\/\/www.apfelpatient.de\/rumors\/macbook-neo-co-das-plant-apple-fuer-kommende-geraete#breadcrumb"},"inLanguage":"en-US","potentialAction":[{"@type":"ReadAction","target":["https:\/\/www.apfelpatient.de\/rumors\/macbook-neo-co-das-plant-apple-fuer-kommende-geraete"]}]},{"@type":"ImageObject","inLanguage":"en-US","@id":"https:\/\/www.apfelpatient.de\/rumors\/macbook-neo-co-das-plant-apple-fuer-kommende-geraete#primaryimage","url":"https:\/\/www.apfelpatient.de\/wp-content\/uploads\/2026\/03\/Apple-MacBook-Neo-Apple-Intelligence-summarize-notes-and-create-presentations-260304-1.jpeg","contentUrl":"https:\/\/www.apfelpatient.de\/wp-content\/uploads\/2026\/03\/Apple-MacBook-Neo-Apple-Intelligence-summarize-notes-and-create-presentations-260304-1.jpeg","width":1600,"height":1067,"caption":"Bild: Apple"},{"@type":"BreadcrumbList","@id":"https:\/\/www.apfelpatient.de\/rumors\/macbook-neo-co-das-plant-apple-fuer-kommende-geraete#breadcrumb","itemListElement":[{"@type":"ListItem","position":1,"name":"Startseite","item":"https:\/\/www.apfelpatient.de\/"},{"@type":"ListItem","position":2,"name":"MacBook Neo &amp; Co.: Das plant Apple f\u00fcr kommende Ger\u00e4te"}]},{"@type":"WebSite","@id":"https:\/\/www.apfelpatient.de\/#website","url":"https:\/\/www.apfelpatient.de\/","name":"apple patient","description":"Everything about Apple!","publisher":{"@type":"Organization","@id":"https:\/\/www.apfelpatient.de\/en\/#organization","name":"Apfelpatient","url":"https:\/\/www.apfelpatient.de\/en\/"},"alternateName":"Apfelpatient","potentialAction":[{"@type":"SearchAction","target":{"@type":"EntryPoint","urlTemplate":"https:\/\/www.apfelpatient.de\/?s={search_term_string}"},"query-input":{"@type":"PropertyValueSpecification","valueRequired":true,"valueName":"search_term_string"}}],"inLanguage":"en-US"},{"@type":["Person","Organization"],"@id":"https:\/\/www.apfelpatient.de\/#\/schema\/person\/7dc56ad6c8e9824b76d2c08d4c140e13","name":"Milan","logo":{"@id":"https:\/\/www.apfelpatient.de\/#\/schema\/person\/image\/"},"description":"Hello and welcome to my technology blog! As a big Apple fan, I report on everything to do with Apple: from the latest news and exciting rumors to helpful tips and tricks and detailed product tests. If you are as enthusiastic about technology as I am, you have come to the right place!","sameAs":["https:\/\/www.facebook.com\/apfelpatientOfficial","https:\/\/www.linkedin.com\/in\/milan-jovicic-42aa0231b"],"url":"https:\/\/www.apfelpatient.de\/en\/author\/apfeladmin"}]}},"_links":{"self":[{"href":"https:\/\/www.apfelpatient.de\/en\/wp-json\/wp\/v2\/posts\/65238","targetHints":{"allow":["GET"]}}],"collection":[{"href":"https:\/\/www.apfelpatient.de\/en\/wp-json\/wp\/v2\/posts"}],"about":[{"href":"https:\/\/www.apfelpatient.de\/en\/wp-json\/wp\/v2\/types\/post"}],"author":[{"embeddable":true,"href":"https:\/\/www.apfelpatient.de\/en\/wp-json\/wp\/v2\/users\/2"}],"replies":[{"embeddable":true,"href":"https:\/\/www.apfelpatient.de\/en\/wp-json\/wp\/v2\/comments?post=65238"}],"version-history":[{"count":1,"href":"https:\/\/www.apfelpatient.de\/en\/wp-json\/wp\/v2\/posts\/65238\/revisions"}],"predecessor-version":[{"id":65239,"href":"https:\/\/www.apfelpatient.de\/en\/wp-json\/wp\/v2\/posts\/65238\/revisions\/65239"}],"wp:featuredmedia":[{"embeddable":true,"href":"https:\/\/www.apfelpatient.de\/en\/wp-json\/wp\/v2\/media\/65063"}],"wp:attachment":[{"href":"https:\/\/www.apfelpatient.de\/en\/wp-json\/wp\/v2\/media?parent=65238"}],"wp:term":[{"taxonomy":"category","embeddable":true,"href":"https:\/\/www.apfelpatient.de\/en\/wp-json\/wp\/v2\/categories?post=65238"},{"taxonomy":"post_tag","embeddable":true,"href":"https:\/\/www.apfelpatient.de\/en\/wp-json\/wp\/v2\/tags?post=65238"}],"curies":[{"name":"wp","href":"https:\/\/api.w.org\/{rel}","templated":true}]}}