{"id":65236,"date":"2026-03-11T16:06:00","date_gmt":"2026-03-11T15:06:00","guid":{"rendered":"https:\/\/www.apfelpatient.de\/?p=65236"},"modified":"2026-03-11T16:06:07","modified_gmt":"2026-03-11T15:06:07","slug":"apple-apparently-has-no-plans-to-increase-the-price-of-the-iphone-18-pro","status":"publish","type":"post","link":"https:\/\/www.apfelpatient.de\/en\/rumors\/iphone-18-pro-apple-plant-wohl-keine-preiserhoehung","title":{"rendered":"iPhone 18 Pro: Apple apparently has no plans for a price increase"},"content":{"rendered":"<p class=\"has-drop-cap\"><strong>New assessments regarding the price development of the upcoming iPhone 18 Pro have emerged. Despite rising costs for key components, several industry analysts believe that Apple could keep the prices of the upcoming Pro models stable. Evidence from the supply chain, as well as the pricing of current Apple products, suggests that Apple is trying to avoid price increases as much as possible.<\/strong><\/p>\n\n\n\n<p>The smartphone market is currently under pressure because key components have become significantly more expensive. Memory chips, especially DRAM and NAND flash, have become particularly costly. This is primarily due to the rapid expansion of AI server infrastructures, which require large amounts of storage.<\/p>\n\n\n\n<p>Many manufacturers may therefore be forced to raise prices or adjust technical specifications. Apple, however, appears to be pursuing a strategy that cushions rising costs without significantly increasing the final prices of its devices.<\/p>\n\n\n\n<h4 class=\"wp-block-heading\" id=\"h-hinweise-aus-aktuellen-apple-produkten\">Indications from current Apple products<\/h4>\n\n\n\n<p>A possible clue to Apple&#039;s pricing strategy comes from two new devices. The iPhone 17e and the MacBook Neo were both launched at a starting price of \u20ac699. For renowned Apple analyst Ming-Chi Kuo, this pricing suggests that Apple is currently consciously trying to avoid price increases.<\/p>\n\n\n\n<h4 class=\"wp-block-heading\" id=\"h-analysten-erwarten-stabile-preise\">Analysts expect stable prices<\/h4>\n\n\n\n<p class=\"translation-block\">Ming-Chi Kuo <a href=\"https:\/\/x.com\/mingchikuo\/status\/2031593711814193303?s=20\" id=\"https:\/\/x.com\/mingchikuo\/status\/2031593711814193303?s=20\" target=\"_blank\" rel=\"noreferrer noopener\" data-wpel-link=\"external\">explained<\/a> on Platform X that Apple plans to capitalize on the turbulence in the global memory chip market. The company is securing components early, absorbing higher costs internally, and simultaneously trying to gain market share.<\/p>\n\n\n\n<p class=\"translation-block\">Back in <a href=\"https:\/\/www.apfelpatient.de\/en\/rumors\/apple-keeps-iphone-18-prices-unchanged-despite-rising-storage-costs\" id=\"https:\/\/www.apfelpatient.de\/rumors\/apple-haelt-iphone-18-preise-trotz-steigender-speicherkosten\" data-wpel-link=\"internal\" target=\"_self\">January<\/a>, Kuo had already said that Apple planned to avoid price increases for the iPhone 18 Pro as much as possible, even though the cost of components was rising.<\/p>\n\n\n\n<p class=\"translation-block\">Analyst Jeff Pu of GF Securities also <a href=\"https:\/\/www.apfelpatient.de\/en\/rumors\/iphone-18-pro-prices-will-likely-remain-stable-despite-high-costs\" id=\"https:\/\/www.apfelpatient.de\/rumors\/iphone-18-pro-preise-bleiben-wohl-trotz-hoher-kosten-stabil\" data-wpel-link=\"internal\" target=\"_self\">confirmed<\/a> this assessment in a report last month. His research within the Apple supply chain indicates that prices are likely to remain unchanged. According to him, entry prices could continue to be as follows:<\/p>\n\n\n\n<ul class=\"wp-block-list\">\n<li>$1,099 (\u20ac1,299) for the iPhone 18 Pro<\/li>\n\n\n\n<li>$1,199 (\u20ac1,449) for the iPhone 18 Pro Max<\/li>\n<\/ul>\n\n\n\n<h4 class=\"wp-block-heading\" id=\"h-steigende-speicherpreise-und-apples-strategie\">Rising storage prices and Apple&#039;s strategy<\/h4>\n\n\n\n<p>Prices for DRAM and NAND have risen sharply recently, primarily due to increased demand from companies building AI data centers. According to Kuo, Apple now negotiates memory chip prices with its suppliers quarterly instead of semi-annually. This allows the company to react more flexibly to market changes, but also makes it more susceptible to short-term price fluctuations.<\/p>\n\n\n\n<p class=\"translation-block\">A possible example of this cost management was recently seen with the Mac Studio. Apple <a href=\"https:\/\/www.apfelpatient.de\/en\/news\/mac-studio-512gb-ram-upgrade-no-longer-available-for-order\" id=\"https:\/\/www.apfelpatient.de\/news\/mac-studio-512-gb-ram-upgrade-nicht-mehr-bestellbar\" data-wpel-link=\"internal\" target=\"_self\">removed<\/a> the option to expand the storage to 512 GB, so that a maximum of 256 GB is now available. At the same time, the storage upgrade for the M3 Ultra became significantly more expensive: Upgrading from 96 GB to 256 GB now costs $2,000 instead of the previous $1,600.<\/p>\n\n\n\n<h4 class=\"wp-block-heading\" id=\"h-vorstellung-im-september-erwartet\">Presentation expected in September<\/h4>\n\n\n\n<p>Apple is expected to unveil the new iPhone 18 series models in September. Then we&#039;ll see if the analysts&#039; predictions are correct and if Apple can actually keep the prices for the iPhone 18 Pro stable.<\/p>\n\n\n\n<h3 class=\"wp-block-heading\" id=\"h-iphone-18-pro-hinweise-auf-stabile-preise-trotz-steigender-kosten\">iPhone 18 Pro: Indications of stable prices despite rising costs<\/h3>\n\n\n\n<p>Recent analyses from the supply chain suggest that Apple may maintain stable prices for the iPhone 18 Pro despite rising production costs. Indications from new products, flexible negotiations with suppliers, and Apple&#039;s strategy in the memory chip market all point to the possibility that the entry-level prices of the Pro models could remain unchanged. (Image: Shutterstock \/ jhxfilm)<\/p>\n\n\n\n<ul class=\"wp-block-list\">\n<li><a href=\"https:\/\/www.apfelpatient.de\/en\/rumors\/the-dynamic-island-mode-remains-unchanged-on-the-iphone-18-pro\" type=\"link\" id=\"https:\/\/www.apfelpatient.de\/rumors\/iphone-18-pro-bleibt-die-dynamic-island-doch-unveraendert\">iPhone 18 Pro: Will Dynamic Island remain unchanged after all?<\/a><\/li>\n\n\n\n<li><a href=\"https:\/\/www.apfelpatient.de\/en\/rumors\/will-the-iphone-18-pro-max-be-thicker\">iPhone 18 Pro Max: Will Apple&#039;s new model be thicker?<\/a><\/li>\n\n\n\n<li><a href=\"https:\/\/www.apfelpatient.de\/en\/rumors\/apple-home-hub-leak-refers-to-watchos-interface-as-magsafe\">Apple Home Hub: Leak reveals watchOS interface &amp; MagSafe<\/a><\/li>\n\n\n\n<li><a href=\"https:\/\/www.apfelpatient.de\/en\/rumors\/apples-initial-plan-for-the-iphone-fold-was-completely-different\">iPhone Fold: Apple&#039;s initial plan was completely different<\/a><\/li>\n\n\n\n<li><a href=\"https:\/\/www.apfelpatient.de\/en\/rumors\/apple-tv-4k-and-homepod-are-apparently-waiting-for-a-new-siri\">Apple TV 4K and HomePod are apparently waiting for a new Siri<\/a><\/li>\n\n\n\n<li><a href=\"https:\/\/www.apfelpatient.de\/en\/rumors\/apple-plans-smart-home-hub-with-new-siri-in-the-fall\">Apple plans Smart Home Hub with new Siri in the Fall<\/a><\/li>\n\n\n\n<li><a href=\"https:\/\/www.apfelpatient.de\/en\/rumors\/apple-has-reportedly-already-finished-designing-the-iphone-18e\">Apple has reportedly already finished designing the iPhone 18e<\/a><\/li>\n\n\n\n<li><a href=\"https:\/\/www.apfelpatient.de\/en\/rumors\/iphone-fold-cad-files-show-possible-design\">iPhone Fold: CAD files reveal possible Design<\/a><\/li>\n\n\n\n<li><a href=\"https:\/\/www.apfelpatient.de\/en\/rumors\/macbook-neo-2-apples-affordable-mac-with-touchscreen\">MacBook Neo 2: Will Apple's affordable Mac come with touchscreen?<\/a><\/li>\n\n\n\n<li><a href=\"https:\/\/www.apfelpatient.de\/en\/rumors\/apple-will-rely-on-3d-printed-aluminum-in-the-future\">Apple will rely on 3D-printed aluminum in the future<\/a><\/li>\n\n\n\n<li><a href=\"https:\/\/www.apfelpatient.de\/en\/rumors\/mac-studio-m5-upgrade-could-be-released-at-wwdc-2026\">Mac Studio: M5 upgrade could arrive at WWDC 2026<\/a><\/li>\n\n\n\n<li><a href=\"https:\/\/www.apfelpatient.de\/en\/rumors\/apple-plans-new-colors-for-the-next-imac-update\">iMac: Apple plans new colors for the next update<\/a><\/li>\n\n\n\n<li><a href=\"https:\/\/www.apfelpatient.de\/en\/rumors\/apple-homepad-new-information-on-features-and-startup\">Apple HomePad: New information on features and launch<\/a><\/li>\n\n\n\n<li><a href=\"https:\/\/www.apfelpatient.de\/en\/rumors\/macbook-pro-major-upgrade-planned-with-oled-and-touchscreen\">MacBook Pro: Major upgrade planned with OLED and touchscreen<\/a><\/li>\n\n\n\n<li><a href=\"https:\/\/www.apfelpatient.de\/en\/rumors\/apple-could-unveil-three-ultra-devices-in-2026\">Apple could unveil three Ultra devices in 2026<\/a><\/li>\n\n\n\n<li><a href=\"https:\/\/www.apfelpatient.de\/en\/rumors\/apple-home-hub-new-indications-of-a-fall-2026-launch\">Apple Home Hub: New indications of a fall 2026 launch<\/a><\/li>\n\n\n\n<li><a href=\"https:\/\/www.apfelpatient.de\/en\/rumors\/apple-outsources-siri-ai-servers-remain-unused\">Apple outsources Siri: AI servers remain unused<\/a><\/li>\n\n\n\n<li><a href=\"https:\/\/www.apfelpatient.de\/en\/rumors\/macbook-air-will-get-an-oled-display-for-the-first-time-in-2028\">MacBook Air will get an OLED display for the first time in 2028<\/a><\/li>\n\n\n\n<li><a href=\"https:\/\/www.apfelpatient.de\/en\/rumors\/wwdc-2026-apple-replaces-core-ml-with-core-ai-in-ios-27\">WWDC 2026: Apple replaces Core ML with Core AI in iOS 27<\/a><\/li>\n\n\n\n<li><a href=\"https:\/\/www.apfelpatient.de\/en\/rumors\/ipad-pro-2027-brings-internal-technology-upgrade\">iPad Pro 2027 brings internal technology upgrade<\/a><\/li>\n\n\n\n<li><a href=\"https:\/\/www.apfelpatient.de\/en\/rumors\/ipad-fold-huge-display-uncertain-future\">iPad Fold: Huge display, uncertain future<\/a><\/li>\n\n\n\n<li><a href=\"https:\/\/www.apfelpatient.de\/en\/rumors\/macbook-in-price-focus-apple-targets-switchers\">MacBook in price focus: Apple targets upgraders<\/a><\/li>\n\n\n\n<li><a href=\"https:\/\/www.apfelpatient.de\/en\/rumors\/studio-display-2-new-details-on-the-upgrade\">Studio Display 2: New details about the upgrade<\/a><\/li>\n<\/ul>\n\n\n\n<h6 class=\"wp-block-heading translation-block\" id=\"h-kennt-ihr-schon-unsere-amazon-storefront-dort-findet-ihr-eine-handverlesene-auswahl-von-diversen-produkten-f-r-euer-iphone-und-co-viel-spa-beim-st-bern\"><em>Have you already visited our Amazon Storefront? There you&#039;ll find a hand-picked selection of various products for your iPhone and other devices \u2013 <span class=\"has-inline-color has-vivid-red-color\"><a href=\"https:\/\/www.amazon.de\/shop\/apfelpatientofficial\" class=\"ek-link\" data-wpel-link=\"exclude\" rel=\"follow noopener\" target=\"_self\"><span style=\"text-decoration: underline\" class=\"ek-underline\">enjoy browsing<\/span><\/a> !<\/span><\/em><\/h6>\n\n\n\n<h6 class=\"wp-block-heading translation-block\" id=\"h-der-beitrag-enthalt-partnerlinks\">This post contains <a data-type=\"URL\" data-id=\"https:\/\/www.apfelpatient.de\/partnerprogramm\" href=\"https:\/\/www.apfelpatient.de\/en\/partner-program\" data-wpel-link=\"internal\" target=\"_self\">affiliate links<\/a>.<\/h6>","protected":false},"excerpt":{"rendered":"<p>New predictions for the iPhone 18 Pro: Despite expensive memory chips, Apple could keep prices stable. Details from the supply chain.<\/p>","protected":false},"author":2,"featured_media":65234,"comment_status":"closed","ping_status":"open","sticky":false,"template":"","format":"standard","meta":{"jnews-multi-image_gallery":[],"jnews_single_post":{"format":"standard","override":[{"template":"2","parallax":"1","fullscreen":"1","layout":"right-sidebar","sidebar":"default-sidebar","second_sidebar":"default-sidebar","sticky_sidebar":"1","share_position":"top","share_float_style":"share-monocrhome","show_featured":"1","show_post_meta":"1","show_post_author":"1","show_post_author_image":"1","show_post_date":"1","post_date_format":"default","post_date_format_custom":"Y\/m\/d","show_post_category":"1","show_post_reading_time":"0","post_reading_time_wpm":"300","post_calculate_word_method":"str_word_count","show_zoom_button":"0","zoom_button_out_step":"2","zoom_button_in_step":"3","show_post_tag":"1","show_prev_next_post":"1","show_popup_post":"1","show_comment_section":"1","number_popup_post":"1","show_author_box":"0","show_post_related":"0","show_inline_post_related":"0"}],"image_override":[{"single_post_thumbnail_size":"crop-500","single_post_gallery_size":"crop-500"}],"trending_post_position":"meta","trending_post_label":"Trending","sponsored_post_label":"Sponsored by","disable_ad":"0"},"jnews_primary_category":{"id":"25"},"footnotes":""},"categories":[25],"tags":[8,825,824],"class_list":["post-65236","post","type-post","status-publish","format-standard","has-post-thumbnail","hentry","category-rumors","tag-iphone","tag-iphone-18","tag-iphone-2026"],"yoast_head":"<!-- This site is optimized with the Yoast SEO Premium plugin v27.4 (Yoast SEO v27.4) - https:\/\/yoast.com\/product\/yoast-seo-premium-wordpress\/ -->\n<title>iPhone 18 Pro: Apple plant wohl keine Preiserh\u00f6hung Apfelpatient<\/title>\n<meta name=\"description\" content=\"Neue Prognosen zum iPhone 18 Pro: Trotz teurer Speicherchips k\u00f6nnte Apple die Preise stabil halten. Details aus der Lieferkette.\" \/>\n<meta name=\"robots\" content=\"index, follow, max-snippet:-1, max-image-preview:large, max-video-preview:-1\" \/>\n<link rel=\"canonical\" href=\"https:\/\/www.apfelpatient.de\/en\/rumors\/apple-apparently-has-no-plans-to-increase-the-price-of-the-iphone-18-pro\" \/>\n<meta property=\"og:locale\" content=\"en_US\" \/>\n<meta property=\"og:type\" content=\"article\" \/>\n<meta property=\"og:title\" content=\"iPhone 18 Pro: Apple plant wohl keine Preiserh\u00f6hung\" \/>\n<meta property=\"og:description\" content=\"Neue Prognosen zum iPhone 18 Pro: Trotz teurer Speicherchips k\u00f6nnte Apple die Preise stabil halten. Details aus der Lieferkette.\" \/>\n<meta property=\"og:url\" content=\"https:\/\/www.apfelpatient.de\/en\/rumors\/apple-apparently-has-no-plans-to-increase-the-price-of-the-iphone-18-pro\" \/>\n<meta property=\"og:site_name\" content=\"Apfelpatient\" \/>\n<meta property=\"article:publisher\" content=\"https:\/\/www.facebook.com\/apfelpatientOfficial\" \/>\n<meta property=\"article:author\" content=\"https:\/\/www.facebook.com\/apfelpatientOfficial\" \/>\n<meta property=\"article:published_time\" content=\"2026-03-11T15:06:00+00:00\" \/>\n<meta property=\"article:modified_time\" content=\"2026-03-11T15:06:07+00:00\" \/>\n<meta property=\"og:image\" content=\"https:\/\/www.apfelpatient.de\/wp-content\/uploads\/2026\/03\/shutterstock_2740988577.jpg\" \/>\n\t<meta property=\"og:image:width\" content=\"1600\" \/>\n\t<meta property=\"og:image:height\" content=\"1067\" \/>\n\t<meta property=\"og:image:type\" content=\"image\/jpeg\" \/>\n<meta name=\"author\" content=\"Milan\" \/>\n<meta name=\"twitter:card\" content=\"summary_large_image\" \/>\n<meta name=\"twitter:description\" content=\"Neue Prognosen zum iPhone 18 Pro: Trotz teurer Speicherchips k\u00f6nnte Apple die Preise stabil halten. Details aus der Lieferkette.\" \/>\n<meta name=\"twitter:label1\" content=\"Written by\" \/>\n\t<meta name=\"twitter:data1\" content=\"Milan\" \/>\n\t<meta name=\"twitter:label2\" content=\"Est. reading time\" \/>\n\t<meta name=\"twitter:data2\" content=\"5 minutes\" \/>\n<script type=\"application\/ld+json\" class=\"yoast-schema-graph\">{\"@context\":\"https:\\\/\\\/schema.org\",\"@graph\":[{\"@type\":\"NewsArticle\",\"@id\":\"https:\\\/\\\/www.apfelpatient.de\\\/rumors\\\/iphone-18-pro-apple-plant-wohl-keine-preiserhoehung#article\",\"isPartOf\":{\"@id\":\"https:\\\/\\\/www.apfelpatient.de\\\/rumors\\\/iphone-18-pro-apple-plant-wohl-keine-preiserhoehung\"},\"author\":{\"@type\":\"Organization\",\"@id\":\"https:\\\/\\\/www.apfelpatient.de\\\/en\\\/#organization\",\"name\":\"Apfelpatient\",\"url\":\"https:\\\/\\\/www.apfelpatient.de\\\/en\\\/\"},\"headline\":\"iPhone 18 Pro: Apple plant wohl keine Preiserh\u00f6hung\",\"datePublished\":\"2026-03-11T15:06:00+00:00\",\"dateModified\":\"2026-03-11T15:06:07+00:00\",\"mainEntityOfPage\":{\"@id\":\"https:\\\/\\\/www.apfelpatient.de\\\/rumors\\\/iphone-18-pro-apple-plant-wohl-keine-preiserhoehung\"},\"wordCount\":738,\"publisher\":{\"@type\":\"Organization\",\"@id\":\"https:\\\/\\\/www.apfelpatient.de\\\/en\\\/#organization\",\"name\":\"Apfelpatient\",\"url\":\"https:\\\/\\\/www.apfelpatient.de\\\/en\\\/\"},\"image\":{\"@id\":\"https:\\\/\\\/www.apfelpatient.de\\\/rumors\\\/iphone-18-pro-apple-plant-wohl-keine-preiserhoehung#primaryimage\"},\"thumbnailUrl\":\"https:\\\/\\\/www.apfelpatient.de\\\/wp-content\\\/uploads\\\/2026\\\/03\\\/shutterstock_2740988577.jpg\",\"keywords\":[\"iPhone\",\"iPhone 18\",\"iPhone 2026\"],\"articleSection\":\"Rumors\",\"inLanguage\":\"en-US\",\"copyrightYear\":\"2026\",\"copyrightHolder\":{\"@id\":\"https:\\\/\\\/www.apfelpatient.de\\\/en\\\/#organization\"}},{\"@type\":\"WebPage\",\"@id\":\"https:\\\/\\\/www.apfelpatient.de\\\/rumors\\\/iphone-18-pro-apple-plant-wohl-keine-preiserhoehung\",\"url\":\"https:\\\/\\\/www.apfelpatient.de\\\/rumors\\\/iphone-18-pro-apple-plant-wohl-keine-preiserhoehung\",\"name\":\"iPhone 18 Pro: Apple plant wohl keine Preiserh\u00f6hung Apfelpatient\",\"isPartOf\":{\"@id\":\"https:\\\/\\\/www.apfelpatient.de\\\/#website\"},\"primaryImageOfPage\":{\"@id\":\"https:\\\/\\\/www.apfelpatient.de\\\/rumors\\\/iphone-18-pro-apple-plant-wohl-keine-preiserhoehung#primaryimage\"},\"image\":{\"@id\":\"https:\\\/\\\/www.apfelpatient.de\\\/rumors\\\/iphone-18-pro-apple-plant-wohl-keine-preiserhoehung#primaryimage\"},\"thumbnailUrl\":\"https:\\\/\\\/www.apfelpatient.de\\\/wp-content\\\/uploads\\\/2026\\\/03\\\/shutterstock_2740988577.jpg\",\"datePublished\":\"2026-03-11T15:06:00+00:00\",\"dateModified\":\"2026-03-11T15:06:07+00:00\",\"description\":\"Neue Prognosen zum iPhone 18 Pro: Trotz teurer Speicherchips k\u00f6nnte Apple die Preise stabil halten. Details aus der Lieferkette.\",\"breadcrumb\":{\"@id\":\"https:\\\/\\\/www.apfelpatient.de\\\/rumors\\\/iphone-18-pro-apple-plant-wohl-keine-preiserhoehung#breadcrumb\"},\"inLanguage\":\"en-US\",\"potentialAction\":[{\"@type\":\"ReadAction\",\"target\":[\"https:\\\/\\\/www.apfelpatient.de\\\/rumors\\\/iphone-18-pro-apple-plant-wohl-keine-preiserhoehung\"]}]},{\"@type\":\"ImageObject\",\"inLanguage\":\"en-US\",\"@id\":\"https:\\\/\\\/www.apfelpatient.de\\\/rumors\\\/iphone-18-pro-apple-plant-wohl-keine-preiserhoehung#primaryimage\",\"url\":\"https:\\\/\\\/www.apfelpatient.de\\\/wp-content\\\/uploads\\\/2026\\\/03\\\/shutterstock_2740988577.jpg\",\"contentUrl\":\"https:\\\/\\\/www.apfelpatient.de\\\/wp-content\\\/uploads\\\/2026\\\/03\\\/shutterstock_2740988577.jpg\",\"width\":1600,\"height\":1067,\"caption\":\"Bild: Shutterstock \\\/ jhxfilm\"},{\"@type\":\"BreadcrumbList\",\"@id\":\"https:\\\/\\\/www.apfelpatient.de\\\/rumors\\\/iphone-18-pro-apple-plant-wohl-keine-preiserhoehung#breadcrumb\",\"itemListElement\":[{\"@type\":\"ListItem\",\"position\":1,\"name\":\"Startseite\",\"item\":\"https:\\\/\\\/www.apfelpatient.de\\\/\"},{\"@type\":\"ListItem\",\"position\":2,\"name\":\"iPhone 18 Pro: Apple plant wohl keine Preiserh\u00f6hung\"}]},{\"@type\":\"WebSite\",\"@id\":\"https:\\\/\\\/www.apfelpatient.de\\\/#website\",\"url\":\"https:\\\/\\\/www.apfelpatient.de\\\/\",\"name\":\"Apfelpatient\",\"description\":\"Alles rund um Apple!\",\"publisher\":{\"@type\":\"Organization\",\"@id\":\"https:\\\/\\\/www.apfelpatient.de\\\/en\\\/#organization\",\"name\":\"Apfelpatient\",\"url\":\"https:\\\/\\\/www.apfelpatient.de\\\/en\\\/\"},\"alternateName\":\"Apfelpatient\",\"potentialAction\":[{\"@type\":\"SearchAction\",\"target\":{\"@type\":\"EntryPoint\",\"urlTemplate\":\"https:\\\/\\\/www.apfelpatient.de\\\/?s={search_term_string}\"},\"query-input\":{\"@type\":\"PropertyValueSpecification\",\"valueRequired\":true,\"valueName\":\"search_term_string\"}}],\"inLanguage\":\"en-US\"},{\"@type\":[\"Person\",\"Organization\"],\"@id\":\"https:\\\/\\\/www.apfelpatient.de\\\/#\\\/schema\\\/person\\\/7dc56ad6c8e9824b76d2c08d4c140e13\",\"name\":\"Milan\",\"logo\":{\"@id\":\"https:\\\/\\\/www.apfelpatient.de\\\/#\\\/schema\\\/person\\\/image\\\/\"},\"description\":\"Hallo und herzlich willkommen auf meinem Technik-Blog! Als gro\u00dfer Apple-Fan berichte ich hier \u00fcber alles, was mit Apple zu tun hat: von den neuesten News und spannenden Ger\u00fcchten \u00fcber hilfreiche Tipps und Tricks bis hin zu ausf\u00fchrlichen Produkttests. Wenn du genauso technikbegeistert bist wie ich, bist du hier genau richtig!\",\"sameAs\":[\"https:\\\/\\\/www.facebook.com\\\/apfelpatientOfficial\",\"https:\\\/\\\/www.linkedin.com\\\/in\\\/milan-jovicic-42aa0231b\"],\"url\":\"https:\\\/\\\/www.apfelpatient.de\\\/en\\\/author\\\/apfeladmin\"}]}<\/script>\n<!-- \/ Yoast SEO Premium plugin. -->","yoast_head_json":{"title":"iPhone 18 Pro: Apple apparently has no plans for a price increase Apfelpatient","description":"New predictions for the iPhone 18 Pro: Despite expensive memory chips, Apple could keep prices stable. Details from the supply chain.","robots":{"index":"index","follow":"follow","max-snippet":"max-snippet:-1","max-image-preview":"max-image-preview:large","max-video-preview":"max-video-preview:-1"},"canonical":"https:\/\/www.apfelpatient.de\/en\/rumors\/apple-apparently-has-no-plans-to-increase-the-price-of-the-iphone-18-pro","og_locale":"en_US","og_type":"article","og_title":"iPhone 18 Pro: Apple plant wohl keine Preiserh\u00f6hung","og_description":"Neue Prognosen zum iPhone 18 Pro: Trotz teurer Speicherchips k\u00f6nnte Apple die Preise stabil halten. Details aus der Lieferkette.","og_url":"https:\/\/www.apfelpatient.de\/en\/rumors\/apple-apparently-has-no-plans-to-increase-the-price-of-the-iphone-18-pro","og_site_name":"Apfelpatient","article_publisher":"https:\/\/www.facebook.com\/apfelpatientOfficial","article_author":"https:\/\/www.facebook.com\/apfelpatientOfficial","article_published_time":"2026-03-11T15:06:00+00:00","article_modified_time":"2026-03-11T15:06:07+00:00","og_image":[{"width":1600,"height":1067,"url":"https:\/\/www.apfelpatient.de\/wp-content\/uploads\/2026\/03\/shutterstock_2740988577.jpg","type":"image\/jpeg"}],"author":"Milan","twitter_card":"summary_large_image","twitter_description":"Neue Prognosen zum iPhone 18 Pro: Trotz teurer Speicherchips k\u00f6nnte Apple die Preise stabil halten. Details aus der Lieferkette.","twitter_misc":{"Written by":"Milan","Est. reading time":"5 minutes"},"schema":{"@context":"https:\/\/schema.org","@graph":[{"@type":"NewsArticle","@id":"https:\/\/www.apfelpatient.de\/rumors\/iphone-18-pro-apple-plant-wohl-keine-preiserhoehung#article","isPartOf":{"@id":"https:\/\/www.apfelpatient.de\/rumors\/iphone-18-pro-apple-plant-wohl-keine-preiserhoehung"},"author":{"@type":"Organization","@id":"https:\/\/www.apfelpatient.de\/en\/#organization","name":"Apfelpatient","url":"https:\/\/www.apfelpatient.de\/en\/"},"headline":"iPhone 18 Pro: Apple plant wohl keine Preiserh\u00f6hung","datePublished":"2026-03-11T15:06:00+00:00","dateModified":"2026-03-11T15:06:07+00:00","mainEntityOfPage":{"@id":"https:\/\/www.apfelpatient.de\/rumors\/iphone-18-pro-apple-plant-wohl-keine-preiserhoehung"},"wordCount":738,"publisher":{"@type":"Organization","@id":"https:\/\/www.apfelpatient.de\/en\/#organization","name":"Apfelpatient","url":"https:\/\/www.apfelpatient.de\/en\/"},"image":{"@id":"https:\/\/www.apfelpatient.de\/rumors\/iphone-18-pro-apple-plant-wohl-keine-preiserhoehung#primaryimage"},"thumbnailUrl":"https:\/\/www.apfelpatient.de\/wp-content\/uploads\/2026\/03\/shutterstock_2740988577.jpg","keywords":["iPhone","iPhone 18","iPhone 2026"],"articleSection":"Rumors","inLanguage":"en-US","copyrightYear":"2026","copyrightHolder":{"@id":"https:\/\/www.apfelpatient.de\/en\/#organization"}},{"@type":"WebPage","@id":"https:\/\/www.apfelpatient.de\/rumors\/iphone-18-pro-apple-plant-wohl-keine-preiserhoehung","url":"https:\/\/www.apfelpatient.de\/rumors\/iphone-18-pro-apple-plant-wohl-keine-preiserhoehung","name":"iPhone 18 Pro: Apple apparently has no plans for a price increase Apfelpatient","isPartOf":{"@id":"https:\/\/www.apfelpatient.de\/#website"},"primaryImageOfPage":{"@id":"https:\/\/www.apfelpatient.de\/rumors\/iphone-18-pro-apple-plant-wohl-keine-preiserhoehung#primaryimage"},"image":{"@id":"https:\/\/www.apfelpatient.de\/rumors\/iphone-18-pro-apple-plant-wohl-keine-preiserhoehung#primaryimage"},"thumbnailUrl":"https:\/\/www.apfelpatient.de\/wp-content\/uploads\/2026\/03\/shutterstock_2740988577.jpg","datePublished":"2026-03-11T15:06:00+00:00","dateModified":"2026-03-11T15:06:07+00:00","description":"New predictions for the iPhone 18 Pro: Despite expensive memory chips, Apple could keep prices stable. Details from the supply chain.","breadcrumb":{"@id":"https:\/\/www.apfelpatient.de\/rumors\/iphone-18-pro-apple-plant-wohl-keine-preiserhoehung#breadcrumb"},"inLanguage":"en-US","potentialAction":[{"@type":"ReadAction","target":["https:\/\/www.apfelpatient.de\/rumors\/iphone-18-pro-apple-plant-wohl-keine-preiserhoehung"]}]},{"@type":"ImageObject","inLanguage":"en-US","@id":"https:\/\/www.apfelpatient.de\/rumors\/iphone-18-pro-apple-plant-wohl-keine-preiserhoehung#primaryimage","url":"https:\/\/www.apfelpatient.de\/wp-content\/uploads\/2026\/03\/shutterstock_2740988577.jpg","contentUrl":"https:\/\/www.apfelpatient.de\/wp-content\/uploads\/2026\/03\/shutterstock_2740988577.jpg","width":1600,"height":1067,"caption":"Bild: Shutterstock \/ jhxfilm"},{"@type":"BreadcrumbList","@id":"https:\/\/www.apfelpatient.de\/rumors\/iphone-18-pro-apple-plant-wohl-keine-preiserhoehung#breadcrumb","itemListElement":[{"@type":"ListItem","position":1,"name":"Startseite","item":"https:\/\/www.apfelpatient.de\/"},{"@type":"ListItem","position":2,"name":"iPhone 18 Pro: Apple plant wohl keine Preiserh\u00f6hung"}]},{"@type":"WebSite","@id":"https:\/\/www.apfelpatient.de\/#website","url":"https:\/\/www.apfelpatient.de\/","name":"apple patient","description":"Everything about Apple!","publisher":{"@type":"Organization","@id":"https:\/\/www.apfelpatient.de\/en\/#organization","name":"Apfelpatient","url":"https:\/\/www.apfelpatient.de\/en\/"},"alternateName":"Apfelpatient","potentialAction":[{"@type":"SearchAction","target":{"@type":"EntryPoint","urlTemplate":"https:\/\/www.apfelpatient.de\/?s={search_term_string}"},"query-input":{"@type":"PropertyValueSpecification","valueRequired":true,"valueName":"search_term_string"}}],"inLanguage":"en-US"},{"@type":["Person","Organization"],"@id":"https:\/\/www.apfelpatient.de\/#\/schema\/person\/7dc56ad6c8e9824b76d2c08d4c140e13","name":"Milan","logo":{"@id":"https:\/\/www.apfelpatient.de\/#\/schema\/person\/image\/"},"description":"Hello and welcome to my technology blog! As a big Apple fan, I report on everything to do with Apple: from the latest news and exciting rumors to helpful tips and tricks and detailed product tests. If you are as enthusiastic about technology as I am, you have come to the right place!","sameAs":["https:\/\/www.facebook.com\/apfelpatientOfficial","https:\/\/www.linkedin.com\/in\/milan-jovicic-42aa0231b"],"url":"https:\/\/www.apfelpatient.de\/en\/author\/apfeladmin"}]}},"_links":{"self":[{"href":"https:\/\/www.apfelpatient.de\/en\/wp-json\/wp\/v2\/posts\/65236","targetHints":{"allow":["GET"]}}],"collection":[{"href":"https:\/\/www.apfelpatient.de\/en\/wp-json\/wp\/v2\/posts"}],"about":[{"href":"https:\/\/www.apfelpatient.de\/en\/wp-json\/wp\/v2\/types\/post"}],"author":[{"embeddable":true,"href":"https:\/\/www.apfelpatient.de\/en\/wp-json\/wp\/v2\/users\/2"}],"replies":[{"embeddable":true,"href":"https:\/\/www.apfelpatient.de\/en\/wp-json\/wp\/v2\/comments?post=65236"}],"version-history":[{"count":1,"href":"https:\/\/www.apfelpatient.de\/en\/wp-json\/wp\/v2\/posts\/65236\/revisions"}],"predecessor-version":[{"id":65237,"href":"https:\/\/www.apfelpatient.de\/en\/wp-json\/wp\/v2\/posts\/65236\/revisions\/65237"}],"wp:featuredmedia":[{"embeddable":true,"href":"https:\/\/www.apfelpatient.de\/en\/wp-json\/wp\/v2\/media\/65234"}],"wp:attachment":[{"href":"https:\/\/www.apfelpatient.de\/en\/wp-json\/wp\/v2\/media?parent=65236"}],"wp:term":[{"taxonomy":"category","embeddable":true,"href":"https:\/\/www.apfelpatient.de\/en\/wp-json\/wp\/v2\/categories?post=65236"},{"taxonomy":"post_tag","embeddable":true,"href":"https:\/\/www.apfelpatient.de\/en\/wp-json\/wp\/v2\/tags?post=65236"}],"curies":[{"name":"wp","href":"https:\/\/api.w.org\/{rel}","templated":true}]}}