{"id":65177,"date":"2026-03-10T21:04:15","date_gmt":"2026-03-10T20:04:15","guid":{"rendered":"https:\/\/www.apfelpatient.de\/?p=65177"},"modified":"2026-03-10T21:04:21","modified_gmt":"2026-03-10T20:04:21","slug":"silo-season-3-is-scheduled-to-launch-on-apple-tv-this-summer","status":"publish","type":"post","link":"https:\/\/www.apfelpatient.de\/en\/news\/silo-staffel-3-soll-im-sommer-bei-apple-tv-starten","title":{"rendered":"Silo Season 3 is scheduled to premiere on Apple TV this summer"},"content":{"rendered":"<p class=\"has-drop-cap\"><strong>The dystopian science fiction series &quot;Silo&quot; is one of Apple TV&#039;s most popular shows. After the end of the second season, many were waiting for concrete information about its continuation. While it had been known for a long time that further seasons were in development, a release date for Silo Season 3 was still missing.<\/strong><\/p>\n\n\n\n<p>There&#039;s an important update now. Lead actress Rebecca Ferguson has revealed in an interview when the third season is expected to be released.<\/p>\n\n\n\n<p>Silo is set in a dystopian future where the last humans live in a vast underground silo. Strict rules, secrets about the past, and a complex power structure govern the lives of its inhabitants.<\/p>\n\n\n\n<p class=\"translation-block\">The series is one of Apple TV's most important productions. It was recently announced that filming for the fourth season has already <a href=\"https:\/\/www.apfelpatient.de\/en\/news\/apple-tv-confirms-silo-season-4-has-already-been-filmed\" id=\"https:\/\/www.apfelpatient.de\/news\/apple-tv-bestaetigt-silo-staffel-4-ist-schon-abgedreht\" data-wpel-link=\"internal\" target=\"_self\">wrapped<\/a>. However, it remained unclear when the third season would be released.<\/p>\n\n\n\n<h4 class=\"wp-block-heading\" id=\"h-rebecca-ferguson-bestatigt-start-im-sommer\">Rebecca Ferguson confirms start in summer<\/h4>\n\n\n\n<p class=\"translation-block\">The new information comes directly from Rebecca Ferguson, who plays the main character Juliette Nichols in the series. She recently appeared on the US show <a href=\"https:\/\/x.com\/thehoIyspearit\/status\/2031352895988461805?s=20\" id=\"https:\/\/x.com\/thehoIyspearit\/status\/2031352895988461805?s=20\" target=\"_blank\" rel=\"noreferrer noopener\" data-wpel-link=\"external\">TODAY<\/a> on NBC.<\/p>\n\n\n\n<p>Ferguson was actually talking about the upcoming \"Peaky Blinders\" film, in which she will appear alongside Cillian Murphy. However, during the interview, she was also asked about \"Silo\".<\/p>\n\n\n\n<p>She explained that Silo season 3 is scheduled to start in the summer. However, she couldn&#039;t give an exact date and only said that she could currently only confirm &quot;this summer&quot;.<\/p>\n\n\n\n<h4 class=\"wp-block-heading\" id=\"h-apple-tv-plant-mehrere-grosse-sommerpremieren\">Apple TV is planning several major summer premieres<\/h4>\n\n\n\n<p>Apple TV has already announced several major releases for the summer. These include, among others:<\/p>\n\n\n\n<ul class=\"wp-block-list\">\n<li>the series \"Cape Fear\" by Steven Spielberg and Martin Scorsese<\/li>\n\n\n\n<li>the thriller &quot;Lucky&quot; with Anya Taylor-Joy<\/li>\n\n\n\n<li>the fourth season of \"Ted Lasso\"<\/li>\n<\/ul>\n\n\n\n<p>With &quot;Silo&quot; season 3, another major series would appear in the summer program of the streaming service.<\/p>\n\n\n\n<ul class=\"wp-block-list\">\n<li><a href=\"https:\/\/www.apfelpatient.de\/en\/generally\/apple-tv-makes-the-silo-bigger-all-the-info-on-season-3\">Apple TV makes Silo bigger: All the info on season 3<\/a><\/li>\n<\/ul>\n\n\n\n<h3 class=\"wp-block-heading\" id=\"h-silo-staffel-3-soll-im-sommer-auf-apple-tv-starten\">Silo Season 3 is scheduled to premiere on Apple TV this summer<\/h3>\n\n\n\n<p>After a long period of radio silence, there is finally a first concrete timeframe for Silo Season 3. According to Rebecca Ferguson, the new season will be released on Apple TV this summer, although an exact date has not yet been confirmed.<\/p>\n\n\n\n<p>Apple TV currently costs \u20ac9.99 per month and can alternatively be subscribed to at a discounted price via the Apple One bundle. (Image: Apple)<\/p>\n\n\n\n<ul class=\"wp-block-list\">\n<li><a href=\"https:\/\/www.apfelpatient.de\/en\/news\/studio-display-xdr-apple-plant-update-for-full-calibration\" type=\"link\" id=\"https:\/\/www.apfelpatient.de\/news\/studio-display-xdr-apple-plant-update-fuer-volle-kalibrierung\">Studio Display XDR: Apple plans update for full calibration<\/a><\/li>\n\n\n\n<li><a href=\"https:\/\/www.apfelpatient.de\/en\/news\/m5-macbook-air-reviews-more-performance-than-expected\">M5 MacBook Air Reviews: More performance than expected<\/a><\/li>\n\n\n\n<li><a href=\"https:\/\/www.apfelpatient.de\/en\/news\/visionos-26-4-so-kommt-x-plane-12-auf-apple-vision-pro\">visionOS 26.4: How to get X-Plane 12 on Apple Vision Pro<\/a><\/li>\n\n\n\n<li><a href=\"https:\/\/www.apfelpatient.de\/en\/news\/macbook-neo-reviews-much-praise-despite-clear-limitations\">MacBook Neo Reviews: High praise despite clear limitations<\/a><\/li>\n\n\n\n<li><a href=\"https:\/\/www.apfelpatient.de\/en\/news\/apple-has-the-advantage-laptop-prices-could-rise-sharply\">Apple has the advantage: Laptop prices could rise sharply<\/a><\/li>\n\n\n\n<li><a href=\"https:\/\/www.apfelpatient.de\/en\/news\/apple-now-produces-one-in-four-iphones-in-india\">Apple now produces one in four iPhones in India<\/a><\/li>\n\n\n\n<li><a href=\"https:\/\/www.apfelpatient.de\/en\/news\/apple-att-german-publishers-demand-punishment\">Apple &amp; AT&amp;T: German publishers demand punishment<\/a><\/li>\n\n\n\n<li><a href=\"https:\/\/www.apfelpatient.de\/en\/news\/ios-26-4-beta-4-all-visible-changes-at-a-glance\">iOS 26.4 Beta 4: An overview of all visible changes<\/a><\/li>\n\n\n\n<li><a href=\"https:\/\/www.apfelpatient.de\/en\/news\/apples-macbook-neo-makes-repairs-significantly-cheaper\">MacBook Neo: Apple makes repairs significantly cheaper<\/a><\/li>\n\n\n\n<li><a href=\"https:\/\/www.apfelpatient.de\/en\/news\/chatgpt-uses-shazam-and-instantly-recognizes-songs-in-the-chat\">ChatGPT uses Shazam and instantly recognizes songs in the chat<\/a><\/li>\n\n\n\n<li><a href=\"https:\/\/www.apfelpatient.de\/en\/news\/cosmic-orange-trend-competitor-copies-apples-iphone\">Cosmic Orange Trend: Competitors copy Apple&#039;s iPhone<\/a><\/li>\n\n\n\n<li><a href=\"https:\/\/www.apfelpatient.de\/en\/news\/apple-tv-new-star-for-the-morning-show-season-5\">Apple TV: New star for &quot;The Morning Show&quot; season 5<\/a><\/li>\n\n\n\n<li><a href=\"https:\/\/www.apfelpatient.de\/en\/news\/macbook-pro-with-m5-pro-and-max-incredibly-fast-in-testing\">MacBook Pro with M5 Pro and Max tested: Incredibly fast<\/a><\/li>\n\n\n\n<li><a href=\"https:\/\/www.apfelpatient.de\/en\/news\/apple-studio-display-xdr-first-reviews-praise-upgrade\">Apple Studio Display XDR: First reviews praise upgrade<\/a><\/li>\n\n\n\n<li><a href=\"https:\/\/www.apfelpatient.de\/en\/news\/macos-26-4-brings-macbook-neo-wallpaper-to-all-macs\">macOS 26.4 brings MacBook Neo wallpapers to all Macs<\/a><\/li>\n\n\n\n<li><a href=\"https:\/\/www.apfelpatient.de\/en\/news\/ios-26-4-new-emojis-for-iphone-ipad-mac\">iOS 26.4: New emojis for iPhone, iPad &amp; Mac<\/a><\/li>\n\n\n\n<li><a href=\"https:\/\/www.apfelpatient.de\/en\/news\/ios-26-4-beta-4-is-here-apple-continues-the-testing-phase\">iOS 26.4 Beta 4 is here: Apple continues the testing phase<\/a><\/li>\n\n\n\n<li><a href=\"https:\/\/www.apfelpatient.de\/en\/news\/apple-now-integrates-magsafe-into-every-new-iphone\">Apple now integrates MagSafe into every new iPhone<\/a><\/li>\n\n\n\n<li><a href=\"https:\/\/www.apfelpatient.de\/en\/news\/m4-ipad-air-reviews-apples-powerful-tablet-gets-better\">M4 iPad Air Reviews: Apple&#039;s powerful tablet just got better<\/a><\/li>\n\n\n\n<li><a href=\"https:\/\/www.apfelpatient.de\/en\/news\/iphone-17e-first-tests-praise-the-new-budget-model\">iPhone 17e: Initial reviews praise the new budget model<\/a><\/li>\n\n\n\n<li><a href=\"https:\/\/www.apfelpatient.de\/en\/news\/apple-turns-50-tim-cook-calls-apple-unique\">Apple turns 50: Tim Cook calls Apple \"unique\"<\/a><\/li>\n\n\n\n<li><a href=\"https:\/\/www.apfelpatient.de\/en\/news\/macbook-air-with-m5-benchmark-shows-significant-improvement\">MacBook Air with M5: Benchmark shows significant improvement<\/a><\/li>\n<\/ul>\n\n\n\n<h6 class=\"wp-block-heading translation-block\" id=\"h-kennt-ihr-schon-unsere-amazon-storefront-dort-findet-ihr-eine-handverlesene-auswahl-von-diversen-produkten-f-r-euer-iphone-und-co-viel-spa-beim-st-bern\"><em>Have you already visited our Amazon Storefront? There you&#039;ll find a hand-picked selection of various products for your iPhone and other devices \u2013 <span class=\"has-inline-color has-vivid-red-color\"><a href=\"https:\/\/www.amazon.de\/shop\/apfelpatientofficial\" class=\"ek-link\" data-wpel-link=\"exclude\" rel=\"follow noopener\" target=\"_self\"><span style=\"text-decoration: underline\" class=\"ek-underline\">enjoy browsing<\/span><\/a> !<\/span><\/em><\/h6>\n\n\n\n<h6 class=\"wp-block-heading translation-block\" id=\"h-der-beitrag-enthalt-partnerlinks\">This post contains <a data-type=\"URL\" data-id=\"https:\/\/www.apfelpatient.de\/partnerprogramm\" href=\"https:\/\/www.apfelpatient.de\/en\/partner-program\" data-wpel-link=\"internal\" target=\"_self\">affiliate links<\/a>.<\/h6>","protected":false},"excerpt":{"rendered":"<p>Silo Season 3 is set to premiere this summer. A new interview with Rebecca Ferguson provides the first clues about the Apple TV series&#039; release.<\/p>","protected":false},"author":2,"featured_media":65176,"comment_status":"closed","ping_status":"open","sticky":false,"template":"","format":"standard","meta":{"jnews-multi-image_gallery":[],"jnews_single_post":{"format":"standard","override":[{"template":"2","parallax":"1","fullscreen":"1","layout":"right-sidebar","sidebar":"default-sidebar","second_sidebar":"default-sidebar","sticky_sidebar":"1","share_position":"top","share_float_style":"share-monocrhome","show_featured":"1","show_post_meta":"1","show_post_author":"1","show_post_author_image":"1","show_post_date":"1","post_date_format":"default","post_date_format_custom":"Y\/m\/d","show_post_category":"1","show_post_reading_time":"0","post_reading_time_wpm":"300","post_calculate_word_method":"str_word_count","show_zoom_button":"0","zoom_button_out_step":"2","zoom_button_in_step":"3","show_post_tag":"1","show_prev_next_post":"1","show_popup_post":"1","show_comment_section":"1","number_popup_post":"1","show_author_box":"0","show_post_related":"0","show_inline_post_related":"0"}],"image_override":[{"single_post_thumbnail_size":"crop-500","single_post_gallery_size":"crop-500"}],"trending_post_position":"meta","trending_post_label":"Trending","sponsored_post_label":"Sponsored by","disable_ad":"0"},"jnews_primary_category":{"id":"9"},"footnotes":""},"categories":[9],"tags":[34,156],"class_list":["post-65177","post","type-post","status-publish","format-standard","has-post-thumbnail","hentry","category-news","tag-apple-dienste","tag-apple-tv"],"yoast_head":"<!-- This site is optimized with the Yoast SEO Premium plugin v27.4 (Yoast SEO v27.4) - https:\/\/yoast.com\/product\/yoast-seo-premium-wordpress\/ -->\n<title>Silo Staffel 3 soll im Sommer bei Apple TV starten Apfelpatient<\/title>\n<meta name=\"description\" content=\"Silo Staffel 3 soll im Sommer erscheinen. Ein neues Interview mit Rebecca Ferguson liefert erstmals Hinweise zum Start der Apple-TV-Serie.\" \/>\n<meta name=\"robots\" content=\"index, follow, max-snippet:-1, max-image-preview:large, max-video-preview:-1\" \/>\n<link rel=\"canonical\" href=\"https:\/\/www.apfelpatient.de\/en\/news\/silo-season-3-is-scheduled-to-launch-on-apple-tv-this-summer\" \/>\n<meta property=\"og:locale\" content=\"en_US\" \/>\n<meta property=\"og:type\" content=\"article\" \/>\n<meta property=\"og:title\" content=\"Silo Staffel 3 soll im Sommer bei Apple TV starten\" \/>\n<meta property=\"og:description\" content=\"Silo Staffel 3 soll im Sommer erscheinen. Ein neues Interview mit Rebecca Ferguson liefert erstmals Hinweise zum Start der Apple-TV-Serie.\" \/>\n<meta property=\"og:url\" content=\"https:\/\/www.apfelpatient.de\/en\/news\/silo-season-3-is-scheduled-to-launch-on-apple-tv-this-summer\" \/>\n<meta property=\"og:site_name\" content=\"Apfelpatient\" \/>\n<meta property=\"article:publisher\" content=\"https:\/\/www.facebook.com\/apfelpatientOfficial\" \/>\n<meta property=\"article:author\" content=\"https:\/\/www.facebook.com\/apfelpatientOfficial\" \/>\n<meta property=\"article:published_time\" content=\"2026-03-10T20:04:15+00:00\" \/>\n<meta property=\"article:modified_time\" content=\"2026-03-10T20:04:21+00:00\" \/>\n<meta property=\"og:image\" content=\"https:\/\/www.apfelpatient.de\/wp-content\/uploads\/2026\/03\/Silo_Photo_0202.jpg\" \/>\n\t<meta property=\"og:image:width\" content=\"1600\" \/>\n\t<meta property=\"og:image:height\" content=\"668\" \/>\n\t<meta property=\"og:image:type\" content=\"image\/jpeg\" \/>\n<meta name=\"author\" content=\"Milan\" \/>\n<meta name=\"twitter:card\" content=\"summary_large_image\" \/>\n<meta name=\"twitter:description\" content=\"Silo Staffel 3 soll im Sommer erscheinen. Ein neues Interview mit Rebecca Ferguson liefert erstmals Hinweise zum Start der Apple-TV-Serie.\" \/>\n<meta name=\"twitter:label1\" content=\"Written by\" \/>\n\t<meta name=\"twitter:data1\" content=\"Milan\" \/>\n\t<meta name=\"twitter:label2\" content=\"Est. reading time\" \/>\n\t<meta name=\"twitter:data2\" content=\"4 minutes\" \/>\n<script type=\"application\/ld+json\" class=\"yoast-schema-graph\">{\"@context\":\"https:\\\/\\\/schema.org\",\"@graph\":[{\"@type\":\"NewsArticle\",\"@id\":\"https:\\\/\\\/www.apfelpatient.de\\\/news\\\/silo-staffel-3-soll-im-sommer-bei-apple-tv-starten#article\",\"isPartOf\":{\"@id\":\"https:\\\/\\\/www.apfelpatient.de\\\/news\\\/silo-staffel-3-soll-im-sommer-bei-apple-tv-starten\"},\"author\":{\"@type\":\"Organization\",\"@id\":\"https:\\\/\\\/www.apfelpatient.de\\\/en\\\/#organization\",\"name\":\"Apfelpatient\",\"url\":\"https:\\\/\\\/www.apfelpatient.de\\\/en\\\/\"},\"headline\":\"Silo Staffel 3 soll im Sommer bei Apple TV starten\",\"datePublished\":\"2026-03-10T20:04:15+00:00\",\"dateModified\":\"2026-03-10T20:04:21+00:00\",\"mainEntityOfPage\":{\"@id\":\"https:\\\/\\\/www.apfelpatient.de\\\/news\\\/silo-staffel-3-soll-im-sommer-bei-apple-tv-starten\"},\"wordCount\":569,\"publisher\":{\"@type\":\"Organization\",\"@id\":\"https:\\\/\\\/www.apfelpatient.de\\\/en\\\/#organization\",\"name\":\"Apfelpatient\",\"url\":\"https:\\\/\\\/www.apfelpatient.de\\\/en\\\/\"},\"image\":{\"@id\":\"https:\\\/\\\/www.apfelpatient.de\\\/news\\\/silo-staffel-3-soll-im-sommer-bei-apple-tv-starten#primaryimage\"},\"thumbnailUrl\":\"https:\\\/\\\/www.apfelpatient.de\\\/wp-content\\\/uploads\\\/2026\\\/03\\\/Silo_Photo_0202.jpg\",\"keywords\":[\"Apple Dienste\",\"Apple TV\"],\"articleSection\":\"News\",\"inLanguage\":\"en-US\",\"copyrightYear\":\"2026\",\"copyrightHolder\":{\"@id\":\"https:\\\/\\\/www.apfelpatient.de\\\/en\\\/#organization\"}},{\"@type\":\"WebPage\",\"@id\":\"https:\\\/\\\/www.apfelpatient.de\\\/news\\\/silo-staffel-3-soll-im-sommer-bei-apple-tv-starten\",\"url\":\"https:\\\/\\\/www.apfelpatient.de\\\/news\\\/silo-staffel-3-soll-im-sommer-bei-apple-tv-starten\",\"name\":\"Silo Staffel 3 soll im Sommer bei Apple TV starten Apfelpatient\",\"isPartOf\":{\"@id\":\"https:\\\/\\\/www.apfelpatient.de\\\/#website\"},\"primaryImageOfPage\":{\"@id\":\"https:\\\/\\\/www.apfelpatient.de\\\/news\\\/silo-staffel-3-soll-im-sommer-bei-apple-tv-starten#primaryimage\"},\"image\":{\"@id\":\"https:\\\/\\\/www.apfelpatient.de\\\/news\\\/silo-staffel-3-soll-im-sommer-bei-apple-tv-starten#primaryimage\"},\"thumbnailUrl\":\"https:\\\/\\\/www.apfelpatient.de\\\/wp-content\\\/uploads\\\/2026\\\/03\\\/Silo_Photo_0202.jpg\",\"datePublished\":\"2026-03-10T20:04:15+00:00\",\"dateModified\":\"2026-03-10T20:04:21+00:00\",\"description\":\"Silo Staffel 3 soll im Sommer erscheinen. Ein neues Interview mit Rebecca Ferguson liefert erstmals Hinweise zum Start der Apple-TV-Serie.\",\"breadcrumb\":{\"@id\":\"https:\\\/\\\/www.apfelpatient.de\\\/news\\\/silo-staffel-3-soll-im-sommer-bei-apple-tv-starten#breadcrumb\"},\"inLanguage\":\"en-US\",\"potentialAction\":[{\"@type\":\"ReadAction\",\"target\":[\"https:\\\/\\\/www.apfelpatient.de\\\/news\\\/silo-staffel-3-soll-im-sommer-bei-apple-tv-starten\"]}]},{\"@type\":\"ImageObject\",\"inLanguage\":\"en-US\",\"@id\":\"https:\\\/\\\/www.apfelpatient.de\\\/news\\\/silo-staffel-3-soll-im-sommer-bei-apple-tv-starten#primaryimage\",\"url\":\"https:\\\/\\\/www.apfelpatient.de\\\/wp-content\\\/uploads\\\/2026\\\/03\\\/Silo_Photo_0202.jpg\",\"contentUrl\":\"https:\\\/\\\/www.apfelpatient.de\\\/wp-content\\\/uploads\\\/2026\\\/03\\\/Silo_Photo_0202.jpg\",\"width\":1600,\"height\":668,\"caption\":\"Bild: Apple\"},{\"@type\":\"BreadcrumbList\",\"@id\":\"https:\\\/\\\/www.apfelpatient.de\\\/news\\\/silo-staffel-3-soll-im-sommer-bei-apple-tv-starten#breadcrumb\",\"itemListElement\":[{\"@type\":\"ListItem\",\"position\":1,\"name\":\"Startseite\",\"item\":\"https:\\\/\\\/www.apfelpatient.de\\\/\"},{\"@type\":\"ListItem\",\"position\":2,\"name\":\"Silo Staffel 3 soll im Sommer bei Apple TV starten\"}]},{\"@type\":\"WebSite\",\"@id\":\"https:\\\/\\\/www.apfelpatient.de\\\/#website\",\"url\":\"https:\\\/\\\/www.apfelpatient.de\\\/\",\"name\":\"Apfelpatient\",\"description\":\"Alles rund um Apple!\",\"publisher\":{\"@type\":\"Organization\",\"@id\":\"https:\\\/\\\/www.apfelpatient.de\\\/en\\\/#organization\",\"name\":\"Apfelpatient\",\"url\":\"https:\\\/\\\/www.apfelpatient.de\\\/en\\\/\"},\"alternateName\":\"Apfelpatient\",\"potentialAction\":[{\"@type\":\"SearchAction\",\"target\":{\"@type\":\"EntryPoint\",\"urlTemplate\":\"https:\\\/\\\/www.apfelpatient.de\\\/?s={search_term_string}\"},\"query-input\":{\"@type\":\"PropertyValueSpecification\",\"valueRequired\":true,\"valueName\":\"search_term_string\"}}],\"inLanguage\":\"en-US\"},{\"@type\":[\"Person\",\"Organization\"],\"@id\":\"https:\\\/\\\/www.apfelpatient.de\\\/#\\\/schema\\\/person\\\/7dc56ad6c8e9824b76d2c08d4c140e13\",\"name\":\"Milan\",\"logo\":{\"@id\":\"https:\\\/\\\/www.apfelpatient.de\\\/#\\\/schema\\\/person\\\/image\\\/\"},\"description\":\"Hallo und herzlich willkommen auf meinem Technik-Blog! Als gro\u00dfer Apple-Fan berichte ich hier \u00fcber alles, was mit Apple zu tun hat: von den neuesten News und spannenden Ger\u00fcchten \u00fcber hilfreiche Tipps und Tricks bis hin zu ausf\u00fchrlichen Produkttests. Wenn du genauso technikbegeistert bist wie ich, bist du hier genau richtig!\",\"sameAs\":[\"https:\\\/\\\/www.facebook.com\\\/apfelpatientOfficial\",\"https:\\\/\\\/www.linkedin.com\\\/in\\\/milan-jovicic-42aa0231b\"],\"url\":\"https:\\\/\\\/www.apfelpatient.de\\\/en\\\/author\\\/apfeladmin\"}]}<\/script>\n<!-- \/ Yoast SEO Premium plugin. -->","yoast_head_json":{"title":"Silo Season 3 is set to premiere on Apple TV this summer.","description":"Silo Season 3 is set to premiere this summer. A new interview with Rebecca Ferguson provides the first clues about the Apple TV series&#039; release.","robots":{"index":"index","follow":"follow","max-snippet":"max-snippet:-1","max-image-preview":"max-image-preview:large","max-video-preview":"max-video-preview:-1"},"canonical":"https:\/\/www.apfelpatient.de\/en\/news\/silo-season-3-is-scheduled-to-launch-on-apple-tv-this-summer","og_locale":"en_US","og_type":"article","og_title":"Silo Staffel 3 soll im Sommer bei Apple TV starten","og_description":"Silo Staffel 3 soll im Sommer erscheinen. Ein neues Interview mit Rebecca Ferguson liefert erstmals Hinweise zum Start der Apple-TV-Serie.","og_url":"https:\/\/www.apfelpatient.de\/en\/news\/silo-season-3-is-scheduled-to-launch-on-apple-tv-this-summer","og_site_name":"Apfelpatient","article_publisher":"https:\/\/www.facebook.com\/apfelpatientOfficial","article_author":"https:\/\/www.facebook.com\/apfelpatientOfficial","article_published_time":"2026-03-10T20:04:15+00:00","article_modified_time":"2026-03-10T20:04:21+00:00","og_image":[{"width":1600,"height":668,"url":"https:\/\/www.apfelpatient.de\/wp-content\/uploads\/2026\/03\/Silo_Photo_0202.jpg","type":"image\/jpeg"}],"author":"Milan","twitter_card":"summary_large_image","twitter_description":"Silo Staffel 3 soll im Sommer erscheinen. Ein neues Interview mit Rebecca Ferguson liefert erstmals Hinweise zum Start der Apple-TV-Serie.","twitter_misc":{"Written by":"Milan","Est. reading time":"4 minutes"},"schema":{"@context":"https:\/\/schema.org","@graph":[{"@type":"NewsArticle","@id":"https:\/\/www.apfelpatient.de\/news\/silo-staffel-3-soll-im-sommer-bei-apple-tv-starten#article","isPartOf":{"@id":"https:\/\/www.apfelpatient.de\/news\/silo-staffel-3-soll-im-sommer-bei-apple-tv-starten"},"author":{"@type":"Organization","@id":"https:\/\/www.apfelpatient.de\/en\/#organization","name":"Apfelpatient","url":"https:\/\/www.apfelpatient.de\/en\/"},"headline":"Silo Staffel 3 soll im Sommer bei Apple TV starten","datePublished":"2026-03-10T20:04:15+00:00","dateModified":"2026-03-10T20:04:21+00:00","mainEntityOfPage":{"@id":"https:\/\/www.apfelpatient.de\/news\/silo-staffel-3-soll-im-sommer-bei-apple-tv-starten"},"wordCount":569,"publisher":{"@type":"Organization","@id":"https:\/\/www.apfelpatient.de\/en\/#organization","name":"Apfelpatient","url":"https:\/\/www.apfelpatient.de\/en\/"},"image":{"@id":"https:\/\/www.apfelpatient.de\/news\/silo-staffel-3-soll-im-sommer-bei-apple-tv-starten#primaryimage"},"thumbnailUrl":"https:\/\/www.apfelpatient.de\/wp-content\/uploads\/2026\/03\/Silo_Photo_0202.jpg","keywords":["Apple Dienste","Apple TV"],"articleSection":"News","inLanguage":"en-US","copyrightYear":"2026","copyrightHolder":{"@id":"https:\/\/www.apfelpatient.de\/en\/#organization"}},{"@type":"WebPage","@id":"https:\/\/www.apfelpatient.de\/news\/silo-staffel-3-soll-im-sommer-bei-apple-tv-starten","url":"https:\/\/www.apfelpatient.de\/news\/silo-staffel-3-soll-im-sommer-bei-apple-tv-starten","name":"Silo Season 3 is set to premiere on Apple TV this summer.","isPartOf":{"@id":"https:\/\/www.apfelpatient.de\/#website"},"primaryImageOfPage":{"@id":"https:\/\/www.apfelpatient.de\/news\/silo-staffel-3-soll-im-sommer-bei-apple-tv-starten#primaryimage"},"image":{"@id":"https:\/\/www.apfelpatient.de\/news\/silo-staffel-3-soll-im-sommer-bei-apple-tv-starten#primaryimage"},"thumbnailUrl":"https:\/\/www.apfelpatient.de\/wp-content\/uploads\/2026\/03\/Silo_Photo_0202.jpg","datePublished":"2026-03-10T20:04:15+00:00","dateModified":"2026-03-10T20:04:21+00:00","description":"Silo Season 3 is set to premiere this summer. A new interview with Rebecca Ferguson provides the first clues about the Apple TV series&#039; release.","breadcrumb":{"@id":"https:\/\/www.apfelpatient.de\/news\/silo-staffel-3-soll-im-sommer-bei-apple-tv-starten#breadcrumb"},"inLanguage":"en-US","potentialAction":[{"@type":"ReadAction","target":["https:\/\/www.apfelpatient.de\/news\/silo-staffel-3-soll-im-sommer-bei-apple-tv-starten"]}]},{"@type":"ImageObject","inLanguage":"en-US","@id":"https:\/\/www.apfelpatient.de\/news\/silo-staffel-3-soll-im-sommer-bei-apple-tv-starten#primaryimage","url":"https:\/\/www.apfelpatient.de\/wp-content\/uploads\/2026\/03\/Silo_Photo_0202.jpg","contentUrl":"https:\/\/www.apfelpatient.de\/wp-content\/uploads\/2026\/03\/Silo_Photo_0202.jpg","width":1600,"height":668,"caption":"Bild: Apple"},{"@type":"BreadcrumbList","@id":"https:\/\/www.apfelpatient.de\/news\/silo-staffel-3-soll-im-sommer-bei-apple-tv-starten#breadcrumb","itemListElement":[{"@type":"ListItem","position":1,"name":"Startseite","item":"https:\/\/www.apfelpatient.de\/"},{"@type":"ListItem","position":2,"name":"Silo Staffel 3 soll im Sommer bei Apple TV starten"}]},{"@type":"WebSite","@id":"https:\/\/www.apfelpatient.de\/#website","url":"https:\/\/www.apfelpatient.de\/","name":"apple patient","description":"Everything about Apple!","publisher":{"@type":"Organization","@id":"https:\/\/www.apfelpatient.de\/en\/#organization","name":"Apfelpatient","url":"https:\/\/www.apfelpatient.de\/en\/"},"alternateName":"Apfelpatient","potentialAction":[{"@type":"SearchAction","target":{"@type":"EntryPoint","urlTemplate":"https:\/\/www.apfelpatient.de\/?s={search_term_string}"},"query-input":{"@type":"PropertyValueSpecification","valueRequired":true,"valueName":"search_term_string"}}],"inLanguage":"en-US"},{"@type":["Person","Organization"],"@id":"https:\/\/www.apfelpatient.de\/#\/schema\/person\/7dc56ad6c8e9824b76d2c08d4c140e13","name":"Milan","logo":{"@id":"https:\/\/www.apfelpatient.de\/#\/schema\/person\/image\/"},"description":"Hello and welcome to my technology blog! As a big Apple fan, I report on everything to do with Apple: from the latest news and exciting rumors to helpful tips and tricks and detailed product tests. If you are as enthusiastic about technology as I am, you have come to the right place!","sameAs":["https:\/\/www.facebook.com\/apfelpatientOfficial","https:\/\/www.linkedin.com\/in\/milan-jovicic-42aa0231b"],"url":"https:\/\/www.apfelpatient.de\/en\/author\/apfeladmin"}]}},"_links":{"self":[{"href":"https:\/\/www.apfelpatient.de\/en\/wp-json\/wp\/v2\/posts\/65177","targetHints":{"allow":["GET"]}}],"collection":[{"href":"https:\/\/www.apfelpatient.de\/en\/wp-json\/wp\/v2\/posts"}],"about":[{"href":"https:\/\/www.apfelpatient.de\/en\/wp-json\/wp\/v2\/types\/post"}],"author":[{"embeddable":true,"href":"https:\/\/www.apfelpatient.de\/en\/wp-json\/wp\/v2\/users\/2"}],"replies":[{"embeddable":true,"href":"https:\/\/www.apfelpatient.de\/en\/wp-json\/wp\/v2\/comments?post=65177"}],"version-history":[{"count":2,"href":"https:\/\/www.apfelpatient.de\/en\/wp-json\/wp\/v2\/posts\/65177\/revisions"}],"predecessor-version":[{"id":65179,"href":"https:\/\/www.apfelpatient.de\/en\/wp-json\/wp\/v2\/posts\/65177\/revisions\/65179"}],"wp:featuredmedia":[{"embeddable":true,"href":"https:\/\/www.apfelpatient.de\/en\/wp-json\/wp\/v2\/media\/65176"}],"wp:attachment":[{"href":"https:\/\/www.apfelpatient.de\/en\/wp-json\/wp\/v2\/media?parent=65177"}],"wp:term":[{"taxonomy":"category","embeddable":true,"href":"https:\/\/www.apfelpatient.de\/en\/wp-json\/wp\/v2\/categories?post=65177"},{"taxonomy":"post_tag","embeddable":true,"href":"https:\/\/www.apfelpatient.de\/en\/wp-json\/wp\/v2\/tags?post=65177"}],"curies":[{"name":"wp","href":"https:\/\/api.w.org\/{rel}","templated":true}]}}