{"id":6474,"date":"2019-10-04T15:57:58","date_gmt":"2019-10-04T13:57:58","guid":{"rendered":"https:\/\/www.apfelpatient.de\/?p=6474"},"modified":"2025-02-06T07:42:46","modified_gmt":"2025-02-06T06:42:46","slug":"iphone-11-iphone-11-pro-apple-increases-production","status":"publish","type":"post","link":"https:\/\/www.apfelpatient.de\/en\/rumors\/iphone-11-iphone-11-pro-apple-erhoeht-die-produktion","title":{"rendered":"iPhone 11 &amp; iPhone 11 Pro \u2013 Apple increases production"},"content":{"rendered":"<p class=\"p1\"><strong>Hardly anyone will buy the new square iPhone - it&#039;s &quot;ugly&quot; and just a &quot;reheated iPhone XS&quot;. These and other sayings could be read online all year long - and now Apple can&#039;t keep up with the orders.<\/strong><\/p>\n<p class=\"p1\">According to a new report from the Nikkei Asian Review, Apple is said to have increased production of the new iPhone generation by around 10 percent. Both the iPhone 11 and the iPhone 11 Pro are more popular than most people thought. Even Apple did not expect such high demand. The business magazine quoted an insider as saying:<\/p>\n<p class=\"p1\"><em>&quot;This fall is so much more vibrant than we expected - in the past, Apple was quite conservative in its contracting.&quot;<\/em><\/p>\n<p><strong>First demonize, then love<\/strong><\/p>\n<p class=\"p1\">According to the source, Apple is said to have increased production by around 8 million units. According to the report, production would be limited to the <a href=\"https:\/\/www.apfelpatient.de\/en\">iPhone 11<\/a> and <a href=\"https:\/\/www.apfelpatient.de\/en\">iPhone 11 Pro<\/a> - demand is significantly higher here than for the iPhone 11 Pro Max. For this reason, the production volume of the 6.5-inch device was revised downwards. Reports usually appear every year that Apple is reducing production volume after the market launch - in this case, things seem to be going better for Cupertino.<\/p>\n<p class=\"p1\"><\/p>\n<p class=\"p1\">The two biggest innovations in the 2019 iPhone generation are the improved camera and the longer battery life - obviously these two features are enough for many fans to upgrade - we don&#039;t want to be without them either. The iPhone 11 can be purchased from just 799 euros, while the iPhone 11 Pro is available from 1,149 euros. The starting price for the iPhone 11 Pro Max is around 1,249 euros. <em>(Photo by mariakray \/ Bigstockphoto)<\/em><\/p>\n<h5><em><strong>You don&#039;t want to miss any more news? Then subscribe to our <a href=\"https:\/\/t.me\/apfelpatient_official\">Telegram channel<\/a><\/strong><\/em><\/h5>","protected":false},"excerpt":{"rendered":"<p>Das neue iPhone mit dem Quadrat wird kaum einer kaufen &#8211; es ist &#8222;h\u00e4sslich&#8220; und lediglich ein &#8222;aufgew\u00e4rmtes iPhone XS&#8220;. Diese und andere Spr\u00fcche konnte man das ganze Jahr \u00fcber online lesen &#8211; und nun kommt Apple mit den Bestellungen nicht hinterher. Einem neuen Bericht der Nikkei Asian Review nach soll Apple nun die Produktion [&hellip;]<\/p>\n","protected":false},"author":2,"featured_media":6475,"comment_status":"closed","ping_status":"open","sticky":false,"template":"","format":"standard","meta":{"jnews-multi-image_gallery":[],"jnews_single_post":[],"jnews_primary_category":[],"footnotes":""},"categories":[25],"tags":[8,204,329,330],"class_list":["post-6474","post","type-post","status-publish","format-standard","has-post-thumbnail","hentry","category-rumors","tag-iphone","tag-iphone-11","tag-iphone-11-pro","tag-iphone-11-pro-max"],"yoast_head":"<!-- This site is optimized with the Yoast SEO Premium plugin v27.5 (Yoast SEO v27.5) - https:\/\/yoast.com\/product\/yoast-seo-premium-wordpress\/ -->\n<title>iPhone 11 &amp; iPhone 11 Pro - Apple erh\u00f6ht die Produktion<\/title>\n<meta name=\"description\" content=\"Sowohl das iPhone 11 als auch das iPhone 11 Pro sind beliebter als die meisten dachten.\" \/>\n<meta name=\"robots\" content=\"index, follow, max-snippet:-1, max-image-preview:large, max-video-preview:-1\" \/>\n<link rel=\"canonical\" href=\"https:\/\/www.apfelpatient.de\/en\/rumors\/iphone-11-iphone-11-pro-apple-increases-production\" \/>\n<meta property=\"og:locale\" content=\"en_US\" \/>\n<meta property=\"og:type\" content=\"article\" \/>\n<meta property=\"og:title\" content=\"iPhone 11 &amp; iPhone 11 Pro - Apple erh\u00f6ht die Produktion\" \/>\n<meta property=\"og:description\" content=\"Sowohl das iPhone 11 als auch das iPhone 11 Pro sind beliebter als die meisten dachten.\" \/>\n<meta property=\"og:url\" content=\"https:\/\/www.apfelpatient.de\/en\/rumors\/iphone-11-iphone-11-pro-apple-increases-production\" \/>\n<meta property=\"og:site_name\" content=\"Apfelpatient\" \/>\n<meta property=\"article:publisher\" content=\"https:\/\/www.facebook.com\/apfelpatientOfficial\" \/>\n<meta property=\"article:author\" content=\"https:\/\/www.facebook.com\/apfelpatientOfficial\" \/>\n<meta property=\"article:published_time\" content=\"2019-10-04T13:57:58+00:00\" \/>\n<meta property=\"article:modified_time\" content=\"2025-02-06T06:42:46+00:00\" \/>\n<meta property=\"og:image\" content=\"https:\/\/www.apfelpatient.de\/wp-content\/uploads\/2019\/10\/bigstock-Aventura-Florida-Usa-Septe-323765263.jpg\" \/>\n\t<meta property=\"og:image:width\" content=\"1600\" \/>\n\t<meta property=\"og:image:height\" content=\"1067\" \/>\n\t<meta property=\"og:image:type\" content=\"image\/jpeg\" \/>\n<meta name=\"author\" content=\"Milan\" \/>\n<meta name=\"twitter:card\" content=\"summary_large_image\" \/>\n<meta name=\"twitter:label1\" content=\"Written by\" \/>\n\t<meta name=\"twitter:data1\" content=\"Milan\" \/>\n\t<meta name=\"twitter:label2\" content=\"Est. reading time\" \/>\n\t<meta name=\"twitter:data2\" content=\"1 minute\" \/>\n<script type=\"application\/ld+json\" class=\"yoast-schema-graph\">{\"@context\":\"https:\\\/\\\/schema.org\",\"@graph\":[{\"@type\":\"NewsArticle\",\"@id\":\"https:\\\/\\\/www.apfelpatient.de\\\/rumors\\\/iphone-11-iphone-11-pro-apple-erhoeht-die-produktion#article\",\"isPartOf\":{\"@id\":\"https:\\\/\\\/www.apfelpatient.de\\\/rumors\\\/iphone-11-iphone-11-pro-apple-erhoeht-die-produktion\"},\"author\":{\"@type\":\"Organization\",\"@id\":\"https:\\\/\\\/www.apfelpatient.de\\\/en\\\/#organization\",\"name\":\"Apfelpatient\",\"url\":\"https:\\\/\\\/www.apfelpatient.de\\\/en\\\/\"},\"headline\":\"iPhone 11 &#038; iPhone 11 Pro &#8211; Apple erh\u00f6ht die Produktion\",\"datePublished\":\"2019-10-04T13:57:58+00:00\",\"dateModified\":\"2025-02-06T06:42:46+00:00\",\"mainEntityOfPage\":{\"@id\":\"https:\\\/\\\/www.apfelpatient.de\\\/rumors\\\/iphone-11-iphone-11-pro-apple-erhoeht-die-produktion\"},\"wordCount\":303,\"publisher\":{\"@type\":\"Organization\",\"@id\":\"https:\\\/\\\/www.apfelpatient.de\\\/en\\\/#organization\",\"name\":\"Apfelpatient\",\"url\":\"https:\\\/\\\/www.apfelpatient.de\\\/en\\\/\"},\"image\":{\"@id\":\"https:\\\/\\\/www.apfelpatient.de\\\/rumors\\\/iphone-11-iphone-11-pro-apple-erhoeht-die-produktion#primaryimage\"},\"thumbnailUrl\":\"https:\\\/\\\/www.apfelpatient.de\\\/wp-content\\\/uploads\\\/2019\\\/10\\\/bigstock-Aventura-Florida-Usa-Septe-323765263.jpg\",\"keywords\":[\"iPhone\",\"iPhone 11\",\"iPhone 11 Pro\",\"iPhone 11 Pro Max\"],\"articleSection\":\"Rumors\",\"inLanguage\":\"en-US\",\"copyrightYear\":\"2019\",\"copyrightHolder\":{\"@id\":\"https:\\\/\\\/www.apfelpatient.de\\\/en\\\/#organization\"}},{\"@type\":\"WebPage\",\"@id\":\"https:\\\/\\\/www.apfelpatient.de\\\/rumors\\\/iphone-11-iphone-11-pro-apple-erhoeht-die-produktion\",\"url\":\"https:\\\/\\\/www.apfelpatient.de\\\/rumors\\\/iphone-11-iphone-11-pro-apple-erhoeht-die-produktion\",\"name\":\"iPhone 11 & iPhone 11 Pro - Apple erh\u00f6ht die Produktion\",\"isPartOf\":{\"@id\":\"https:\\\/\\\/www.apfelpatient.de\\\/#website\"},\"primaryImageOfPage\":{\"@id\":\"https:\\\/\\\/www.apfelpatient.de\\\/rumors\\\/iphone-11-iphone-11-pro-apple-erhoeht-die-produktion#primaryimage\"},\"image\":{\"@id\":\"https:\\\/\\\/www.apfelpatient.de\\\/rumors\\\/iphone-11-iphone-11-pro-apple-erhoeht-die-produktion#primaryimage\"},\"thumbnailUrl\":\"https:\\\/\\\/www.apfelpatient.de\\\/wp-content\\\/uploads\\\/2019\\\/10\\\/bigstock-Aventura-Florida-Usa-Septe-323765263.jpg\",\"datePublished\":\"2019-10-04T13:57:58+00:00\",\"dateModified\":\"2025-02-06T06:42:46+00:00\",\"description\":\"Sowohl das iPhone 11 als auch das iPhone 11 Pro sind beliebter als die meisten dachten.\",\"breadcrumb\":{\"@id\":\"https:\\\/\\\/www.apfelpatient.de\\\/rumors\\\/iphone-11-iphone-11-pro-apple-erhoeht-die-produktion#breadcrumb\"},\"inLanguage\":\"en-US\",\"potentialAction\":[{\"@type\":\"ReadAction\",\"target\":[\"https:\\\/\\\/www.apfelpatient.de\\\/rumors\\\/iphone-11-iphone-11-pro-apple-erhoeht-die-produktion\"]}]},{\"@type\":\"ImageObject\",\"inLanguage\":\"en-US\",\"@id\":\"https:\\\/\\\/www.apfelpatient.de\\\/rumors\\\/iphone-11-iphone-11-pro-apple-erhoeht-die-produktion#primaryimage\",\"url\":\"https:\\\/\\\/www.apfelpatient.de\\\/wp-content\\\/uploads\\\/2019\\\/10\\\/bigstock-Aventura-Florida-Usa-Septe-323765263.jpg\",\"contentUrl\":\"https:\\\/\\\/www.apfelpatient.de\\\/wp-content\\\/uploads\\\/2019\\\/10\\\/bigstock-Aventura-Florida-Usa-Septe-323765263.jpg\",\"width\":1600,\"height\":1067,\"caption\":\"Aventura, Florida, USA - September 20, 2019: The iPhone 11, 11 Pro and Pro Max are displayed as the new smartphone by Apple goes on sale\"},{\"@type\":\"BreadcrumbList\",\"@id\":\"https:\\\/\\\/www.apfelpatient.de\\\/rumors\\\/iphone-11-iphone-11-pro-apple-erhoeht-die-produktion#breadcrumb\",\"itemListElement\":[{\"@type\":\"ListItem\",\"position\":1,\"name\":\"Startseite\",\"item\":\"https:\\\/\\\/www.apfelpatient.de\\\/\"},{\"@type\":\"ListItem\",\"position\":2,\"name\":\"iPhone 11 &#038; iPhone 11 Pro &#8211; Apple erh\u00f6ht die Produktion\"}]},{\"@type\":\"WebSite\",\"@id\":\"https:\\\/\\\/www.apfelpatient.de\\\/#website\",\"url\":\"https:\\\/\\\/www.apfelpatient.de\\\/\",\"name\":\"Apfelpatient\",\"description\":\"Alles rund um Apple!\",\"publisher\":{\"@type\":\"Organization\",\"@id\":\"https:\\\/\\\/www.apfelpatient.de\\\/en\\\/#organization\",\"name\":\"Apfelpatient\",\"url\":\"https:\\\/\\\/www.apfelpatient.de\\\/en\\\/\"},\"alternateName\":\"Apfelpatient\",\"potentialAction\":[{\"@type\":\"SearchAction\",\"target\":{\"@type\":\"EntryPoint\",\"urlTemplate\":\"https:\\\/\\\/www.apfelpatient.de\\\/?s={search_term_string}\"},\"query-input\":{\"@type\":\"PropertyValueSpecification\",\"valueRequired\":true,\"valueName\":\"search_term_string\"}}],\"inLanguage\":\"en-US\"},{\"@type\":[\"Person\",\"Organization\"],\"@id\":\"https:\\\/\\\/www.apfelpatient.de\\\/#\\\/schema\\\/person\\\/7dc56ad6c8e9824b76d2c08d4c140e13\",\"name\":\"Milan\",\"logo\":{\"@id\":\"https:\\\/\\\/www.apfelpatient.de\\\/#\\\/schema\\\/person\\\/image\\\/\"},\"description\":\"Hallo und herzlich willkommen auf meinem Technik-Blog! Als gro\u00dfer Apple-Fan berichte ich hier \u00fcber alles, was mit Apple zu tun hat: von den neuesten News und spannenden Ger\u00fcchten \u00fcber hilfreiche Tipps und Tricks bis hin zu ausf\u00fchrlichen Produkttests. Wenn du genauso technikbegeistert bist wie ich, bist du hier genau richtig!\",\"sameAs\":[\"https:\\\/\\\/www.facebook.com\\\/apfelpatientOfficial\",\"https:\\\/\\\/www.linkedin.com\\\/in\\\/milan-jovicic-42aa0231b\"],\"url\":\"https:\\\/\\\/www.apfelpatient.de\\\/en\\\/author\\\/apfeladmin\"}]}<\/script>\n<!-- \/ Yoast SEO Premium plugin. -->","yoast_head_json":{"title":"iPhone 11 &amp; iPhone 11 Pro - Apple increases production","description":"Both the iPhone 11 and iPhone 11 Pro are more popular than most people thought.","robots":{"index":"index","follow":"follow","max-snippet":"max-snippet:-1","max-image-preview":"max-image-preview:large","max-video-preview":"max-video-preview:-1"},"canonical":"https:\/\/www.apfelpatient.de\/en\/rumors\/iphone-11-iphone-11-pro-apple-increases-production","og_locale":"en_US","og_type":"article","og_title":"iPhone 11 & iPhone 11 Pro - Apple erh\u00f6ht die Produktion","og_description":"Sowohl das iPhone 11 als auch das iPhone 11 Pro sind beliebter als die meisten dachten.","og_url":"https:\/\/www.apfelpatient.de\/en\/rumors\/iphone-11-iphone-11-pro-apple-increases-production","og_site_name":"Apfelpatient","article_publisher":"https:\/\/www.facebook.com\/apfelpatientOfficial","article_author":"https:\/\/www.facebook.com\/apfelpatientOfficial","article_published_time":"2019-10-04T13:57:58+00:00","article_modified_time":"2025-02-06T06:42:46+00:00","og_image":[{"width":1600,"height":1067,"url":"https:\/\/www.apfelpatient.de\/wp-content\/uploads\/2019\/10\/bigstock-Aventura-Florida-Usa-Septe-323765263.jpg","type":"image\/jpeg"}],"author":"Milan","twitter_card":"summary_large_image","twitter_misc":{"Written by":"Milan","Est. reading time":"1 minute"},"schema":{"@context":"https:\/\/schema.org","@graph":[{"@type":"NewsArticle","@id":"https:\/\/www.apfelpatient.de\/rumors\/iphone-11-iphone-11-pro-apple-erhoeht-die-produktion#article","isPartOf":{"@id":"https:\/\/www.apfelpatient.de\/rumors\/iphone-11-iphone-11-pro-apple-erhoeht-die-produktion"},"author":{"@type":"Organization","@id":"https:\/\/www.apfelpatient.de\/en\/#organization","name":"Apfelpatient","url":"https:\/\/www.apfelpatient.de\/en\/"},"headline":"iPhone 11 &#038; iPhone 11 Pro &#8211; Apple erh\u00f6ht die Produktion","datePublished":"2019-10-04T13:57:58+00:00","dateModified":"2025-02-06T06:42:46+00:00","mainEntityOfPage":{"@id":"https:\/\/www.apfelpatient.de\/rumors\/iphone-11-iphone-11-pro-apple-erhoeht-die-produktion"},"wordCount":303,"publisher":{"@type":"Organization","@id":"https:\/\/www.apfelpatient.de\/en\/#organization","name":"Apfelpatient","url":"https:\/\/www.apfelpatient.de\/en\/"},"image":{"@id":"https:\/\/www.apfelpatient.de\/rumors\/iphone-11-iphone-11-pro-apple-erhoeht-die-produktion#primaryimage"},"thumbnailUrl":"https:\/\/www.apfelpatient.de\/wp-content\/uploads\/2019\/10\/bigstock-Aventura-Florida-Usa-Septe-323765263.jpg","keywords":["iPhone","iPhone 11","iPhone 11 Pro","iPhone 11 Pro Max"],"articleSection":"Rumors","inLanguage":"en-US","copyrightYear":"2019","copyrightHolder":{"@id":"https:\/\/www.apfelpatient.de\/en\/#organization"}},{"@type":"WebPage","@id":"https:\/\/www.apfelpatient.de\/rumors\/iphone-11-iphone-11-pro-apple-erhoeht-die-produktion","url":"https:\/\/www.apfelpatient.de\/rumors\/iphone-11-iphone-11-pro-apple-erhoeht-die-produktion","name":"iPhone 11 &amp; iPhone 11 Pro - Apple increases production","isPartOf":{"@id":"https:\/\/www.apfelpatient.de\/#website"},"primaryImageOfPage":{"@id":"https:\/\/www.apfelpatient.de\/rumors\/iphone-11-iphone-11-pro-apple-erhoeht-die-produktion#primaryimage"},"image":{"@id":"https:\/\/www.apfelpatient.de\/rumors\/iphone-11-iphone-11-pro-apple-erhoeht-die-produktion#primaryimage"},"thumbnailUrl":"https:\/\/www.apfelpatient.de\/wp-content\/uploads\/2019\/10\/bigstock-Aventura-Florida-Usa-Septe-323765263.jpg","datePublished":"2019-10-04T13:57:58+00:00","dateModified":"2025-02-06T06:42:46+00:00","description":"Both the iPhone 11 and iPhone 11 Pro are more popular than most people thought.","breadcrumb":{"@id":"https:\/\/www.apfelpatient.de\/rumors\/iphone-11-iphone-11-pro-apple-erhoeht-die-produktion#breadcrumb"},"inLanguage":"en-US","potentialAction":[{"@type":"ReadAction","target":["https:\/\/www.apfelpatient.de\/rumors\/iphone-11-iphone-11-pro-apple-erhoeht-die-produktion"]}]},{"@type":"ImageObject","inLanguage":"en-US","@id":"https:\/\/www.apfelpatient.de\/rumors\/iphone-11-iphone-11-pro-apple-erhoeht-die-produktion#primaryimage","url":"https:\/\/www.apfelpatient.de\/wp-content\/uploads\/2019\/10\/bigstock-Aventura-Florida-Usa-Septe-323765263.jpg","contentUrl":"https:\/\/www.apfelpatient.de\/wp-content\/uploads\/2019\/10\/bigstock-Aventura-Florida-Usa-Septe-323765263.jpg","width":1600,"height":1067,"caption":"Aventura, Florida, USA - September 20, 2019: The iPhone 11, 11 Pro and Pro Max are displayed as the new smartphone by Apple goes on sale"},{"@type":"BreadcrumbList","@id":"https:\/\/www.apfelpatient.de\/rumors\/iphone-11-iphone-11-pro-apple-erhoeht-die-produktion#breadcrumb","itemListElement":[{"@type":"ListItem","position":1,"name":"Startseite","item":"https:\/\/www.apfelpatient.de\/"},{"@type":"ListItem","position":2,"name":"iPhone 11 &#038; iPhone 11 Pro &#8211; Apple erh\u00f6ht die Produktion"}]},{"@type":"WebSite","@id":"https:\/\/www.apfelpatient.de\/#website","url":"https:\/\/www.apfelpatient.de\/","name":"apple patient","description":"Everything about Apple!","publisher":{"@type":"Organization","@id":"https:\/\/www.apfelpatient.de\/en\/#organization","name":"Apfelpatient","url":"https:\/\/www.apfelpatient.de\/en\/"},"alternateName":"Apfelpatient","potentialAction":[{"@type":"SearchAction","target":{"@type":"EntryPoint","urlTemplate":"https:\/\/www.apfelpatient.de\/?s={search_term_string}"},"query-input":{"@type":"PropertyValueSpecification","valueRequired":true,"valueName":"search_term_string"}}],"inLanguage":"en-US"},{"@type":["Person","Organization"],"@id":"https:\/\/www.apfelpatient.de\/#\/schema\/person\/7dc56ad6c8e9824b76d2c08d4c140e13","name":"Milan","logo":{"@id":"https:\/\/www.apfelpatient.de\/#\/schema\/person\/image\/"},"description":"Hello and welcome to my technology blog! As a big Apple fan, I report on everything to do with Apple: from the latest news and exciting rumors to helpful tips and tricks and detailed product tests. If you are as enthusiastic about technology as I am, you have come to the right place!","sameAs":["https:\/\/www.facebook.com\/apfelpatientOfficial","https:\/\/www.linkedin.com\/in\/milan-jovicic-42aa0231b"],"url":"https:\/\/www.apfelpatient.de\/en\/author\/apfeladmin"}]}},"_links":{"self":[{"href":"https:\/\/www.apfelpatient.de\/en\/wp-json\/wp\/v2\/posts\/6474","targetHints":{"allow":["GET"]}}],"collection":[{"href":"https:\/\/www.apfelpatient.de\/en\/wp-json\/wp\/v2\/posts"}],"about":[{"href":"https:\/\/www.apfelpatient.de\/en\/wp-json\/wp\/v2\/types\/post"}],"author":[{"embeddable":true,"href":"https:\/\/www.apfelpatient.de\/en\/wp-json\/wp\/v2\/users\/2"}],"replies":[{"embeddable":true,"href":"https:\/\/www.apfelpatient.de\/en\/wp-json\/wp\/v2\/comments?post=6474"}],"version-history":[{"count":0,"href":"https:\/\/www.apfelpatient.de\/en\/wp-json\/wp\/v2\/posts\/6474\/revisions"}],"wp:featuredmedia":[{"embeddable":true,"href":"https:\/\/www.apfelpatient.de\/en\/wp-json\/wp\/v2\/media\/6475"}],"wp:attachment":[{"href":"https:\/\/www.apfelpatient.de\/en\/wp-json\/wp\/v2\/media?parent=6474"}],"wp:term":[{"taxonomy":"category","embeddable":true,"href":"https:\/\/www.apfelpatient.de\/en\/wp-json\/wp\/v2\/categories?post=6474"},{"taxonomy":"post_tag","embeddable":true,"href":"https:\/\/www.apfelpatient.de\/en\/wp-json\/wp\/v2\/tags?post=6474"}],"curies":[{"name":"wp","href":"https:\/\/api.w.org\/{rel}","templated":true}]}}