{"id":63507,"date":"2026-02-01T17:52:54","date_gmt":"2026-02-01T16:52:54","guid":{"rendered":"https:\/\/www.apfelpatient.de\/?p=63507"},"modified":"2026-02-01T17:55:44","modified_gmt":"2026-02-01T16:55:44","slug":"macbook-pro-with-m5-pro-and-max-likely-to-be-released-in-february","status":"publish","type":"post","link":"https:\/\/www.apfelpatient.de\/en\/rumors\/macbook-pro-mit-m5-pro-und-max-release-wohl-im-februar","title":{"rendered":"MacBook Pro with M5 Pro and Max: Release likely in February"},"content":{"rendered":"<p class=\"has-drop-cap\"><strong>The MacBook Pro is on the verge of another performance upgrade. Several reports indicate that Apple plans to release new models alongside macOS 26.3. The focus is on the new M5 Pro and M5 Max chips. The information comes from well-connected sources and is accelerating in time, making an announcement in the near future seem likely.<\/strong><\/p>\n\n\n\n<p>When new Apple products are being analyzed, certain names play a central role. One of them is Mark Gurman, who has been considered a reliable source for internal Apple planning for years. His recent statements are further supported by other reports, which lends additional weight to the topic.<\/p>\n\n\n\n<h4 class=\"wp-block-heading\" id=\"h-veroffentlichung-im-umfeld-von-macos-26-3\">Released in conjunction with macOS 26.3<\/h4>\n\n\n\n<p class=\"translation-block\">According to Mark Gurman, Apple plans to introduce new MacBook Pro models as part of the macOS 26.3 release cycle. In a free preview of his \"Power On\" newsletter on <a href=\"\/\/www.bloomberg.com\/account\/newsletters\/power-on\u201c\" id=\"https:\/\/www.bloomberg.com\/account\/newsletters\/power-on\" target=\"_blank\" rel=\"noreferrer noopener\" data-wpel-link=\"external\">Bloomberg<\/a>, he wrote that a new MacBook Pro is specifically planned for this timeframe.<\/p>\n\n\n\n<h4 class=\"wp-block-heading\" id=\"h-stand-von-macos-26-3-und-erwarteter-zeitplan\">Current status of macOS 26.3 and expected timeline<\/h4>\n\n\n\n<p>macOS 26.3 is currently in beta testing. However, its release to the general public is expected in February. As is standard practice in the industry, a release candidate version is typically released beforehand, often just a few days before the final version.<\/p>\n\n\n\n<p>It is currently expected that this release candidate could be available very soon. If this is confirmed, it would coincide well with the announcement of new MacBook Pro models, which will ship with the new operating system.<\/p>\n\n\n\n<h4 class=\"wp-block-heading\" id=\"h-bestatigung-durch-weitere-quellen\">Confirmation by other sources<\/h4>\n\n\n\n<p class=\"translation-block\">Back in October, Marko Zivkovic reported on <a href=\"https:\/\/appleinsider.com\/articles\/25\/10\/10\/macos-tahoe-itself-has-leaked-2025-and-2026-mac-release-timelines\" id=\"https:\/\/appleinsider.com\/articles\/25\/10\/10\/macos-tahoe-itself-has-leaked-2025-and-2026-mac-release-timelines\" target=\"_blank\" rel=\"noreferrer noopener\" data-wpel-link=\"external\">AppleInsider<\/a> that MacBook Pro models with M5 Pro and M5 Max chips were expected to ship with macOS 26.3. Mark Gurman&#039;s recent statements align with this information in both content and timing.<\/p>\n\n\n\n<p>The fact that several independent sources share the same assessment increases the likelihood that Apple will actually follow this release plan.<\/p>\n\n\n\n<h4 class=\"wp-block-heading\" id=\"h-erwartete-neuerungen-beim-macbook-pro\">Expected new features in the MacBook Pro<\/h4>\n\n\n\n<p>Aside from the new M5 Pro and M5 Max chips, no major changes are expected for the upcoming MacBook Pro models. Design, display, ports, and casing are expected to remain unchanged. The focus is clearly on internal improvements, particularly in performance and energy efficiency, thanks to the new chip generation.<\/p>\n\n\n\n<p>This means that the MacBook Pro remains conceptually close to the current models and continues to be aimed at professional users for whom computing power and stability are particularly important.<\/p>\n\n\n\n<ul class=\"wp-block-list\">\n<li><a href=\"https:\/\/www.apfelpatient.de\/en\/news\/apple-is-redesigning-the-mac-buying-experience-in-the-online-store\" type=\"link\" id=\"https:\/\/www.apfelpatient.de\/news\/apple-gestaltet-den-mac-kauf-im-online-store-neu\">Apple is redesigning the Mac buying experience in the online store<\/a><\/li>\n<\/ul>\n\n\n\n<h4 class=\"wp-block-heading\" id=\"h-langfristiger-ausblick-grosses-redesign-geplant\">Long-term outlook: Major redesign planned<\/h4>\n\n\n\n<p>The changes are expected to be significantly more extensive in the coming years. A comprehensive redesign of the MacBook Pro is anticipated by the end of 2026 or 2027. Rumors suggest that Apple is working on an OLED display with touch functionality, new M6 Pro and M6 Max chips, an overall thinner design, and integrated cellular connectivity.<\/p>\n\n\n\n<p>Should this information prove true, the MacBook Pro would undergo one of its biggest developmental leaps since the introduction of Apple Silicon.<\/p>\n\n\n\n<ul class=\"wp-block-list\">\n<li><a href=\"https:\/\/www.apfelpatient.de\/en\/generally\/apple-in-february-2026-ios-26-3-siri-and-important-dates\" type=\"link\" id=\"https:\/\/www.apfelpatient.de\/allgemein\/apple-im-februar-2026-ios-26-3-siri-und-wichtige-termine\">Apple in February 2026: iOS 26.3, Siri and important dates<\/a><\/li>\n<\/ul>\n\n\n\n<h3 class=\"wp-block-heading\" id=\"h-macbook-pro-im-ubergang-fokus-auf-chips-statt-design\">MacBook Pro in transition: Focus on chips instead of design<\/h3>\n\n\n\n<p>In the short term, many signs point to a targeted, but manageable, update of the MacBook Pro. The combination of M5 Pro and M5 Max chips, along with macOS 26.3, is clearly the focus, while major design changes are absent. At the same time, long-term rumors indicate that Apple is strategically developing the MacBook Pro and is already preparing significant innovations for the coming years. (Image: Shutterstock \/ Lazy Camel)<\/p>\n\n\n\n<ul class=\"wp-block-list\">\n<li><a href=\"https:\/\/www.apfelpatient.de\/en\/rumors\/apple-pushes-ahead-with-siri-expansion-despite-staff-losses\" type=\"link\" id=\"https:\/\/www.apfelpatient.de\/rumors\/apple-treibt-siri-ausbau-voran-trotz-personeller-verluste\">Apple pushes ahead with Siri expansion despite staff losses<\/a><\/li>\n\n\n\n<li><a href=\"https:\/\/www.apfelpatient.de\/en\/rumors\/apple-is-planning-a-new-siri-with-google-claude-almost-got-the-nod\">Apple is planning a new Siri with Google \u2013 Claude almost got the chance.<\/a><\/li>\n\n\n\n<li><a href=\"https:\/\/www.apfelpatient.de\/en\/rumors\/apple-changes-iphone-strategy-and-splits-the-release-cycle\">Apple changes iPhone strategy and splits the release cycle<\/a><\/li>\n\n\n\n<li><a href=\"https:\/\/www.apfelpatient.de\/en\/rumors\/iphone-18-pro-new-camera-leaks-regarding-aperture-and-zoom\">iPhone 18 Pro: New camera leaks regarding aperture and zoom<\/a><\/li>\n\n\n\n<li><a href=\"https:\/\/www.apfelpatient.de\/en\/rumors\/apple-keeps-iphone-18-prices-unchanged-despite-rising-storage-costs\">Apple keeps iPhone 18 prices stable despite rising storage costs<\/a><\/li>\n\n\n\n<li><a href=\"https:\/\/www.apfelpatient.de\/en\/rumors\/the-iphone-fold-forces-samsung-to-develop-new-foldables\">iPhone Fold forces Samsung to develop new foldables<\/a><\/li>\n\n\n\n<li><a href=\"https:\/\/www.apfelpatient.de\/en\/rumors\/iphone-air-2-leak-reveals-new-details-about-face-id-hardware\">iPhone Air 2: Leak reveals new details about Face ID hardware<\/a><\/li>\n\n\n\n<li><a href=\"https:\/\/www.apfelpatient.de\/en\/rumors\/apple-plans-to-release-its-next-chip-the-m6-sooner-than-expected\">Apple is planning its next chip: Will the M6 arrive sooner than expected?<\/a><\/li>\n\n\n\n<li><a href=\"https:\/\/www.apfelpatient.de\/en\/rumors\/tim-cook-in-focus-resignation-rumors-and-apples-plans\">Tim Cook in focus: Resignation rumors and Apple&#039;s plans<\/a><\/li>\n\n\n\n<li><a href=\"https:\/\/www.apfelpatient.de\/en\/rumors\/apple-will-integrate-siri-deeply-into-core-apps-in-the-future\">Apple plans to deeply integrate Siri into core apps in the future<\/a><\/li>\n\n\n\n<li><a href=\"https:\/\/www.apfelpatient.de\/en\/rumors\/a-new-generation-of-macbook-pro-is-expected-but-not-immediately\">A new MacBook Pro generation is expected, but not immediately<\/a><\/li>\n\n\n\n<li><a href=\"https:\/\/www.apfelpatient.de\/en\/rumors\/apple-will-reveal-new-siri-features-in-just-a-few-weeks\">Apple will reveal new Siri features in just a few weeks<\/a><\/li>\n\n\n\n<li><a href=\"https:\/\/www.apfelpatient.de\/en\/rumors\/apple-plans-to-manufacture-its-own-chips-partly-with-intel\">Apple plans to manufacture some of its own chips with Intel<\/a><\/li>\n\n\n\n<li><a href=\"https:\/\/www.apfelpatient.de\/en\/rumors\/iphone-18-pro-this-is-how-much-the-new-dynamic-island-is-shrinking\">iPhone 18 Pro: This is how much the new Dynamic Island is shrinking<\/a><\/li>\n\n\n\n<li><a href=\"https:\/\/www.apfelpatient.de\/en\/rumors\/apple-design-under-new-leadership-john-ternus-in-focus\">Apple Design under new leadership: John Ternus in focus<\/a><\/li>\n\n\n\n<li><a href=\"https:\/\/www.apfelpatient.de\/en\/rumors\/iphone-rumors-2027-all-screen-later-than-expected\">iPhone Rumors 2027: All-Screen Later Than Expected?<\/a><\/li>\n\n\n\n<li><a href=\"https:\/\/www.apfelpatient.de\/en\/rumors\/report-apple-changes-ai-strategy-under-craig-federighi\">Report: Apple changes AI strategy under Craig Federighi<\/a><\/li>\n\n\n\n<li><a href=\"https:\/\/www.apfelpatient.de\/en\/rumors\/apple-home-hub-new-hints-at-a-rotatable-robot-base\">Apple Home Hub: New evidence of a rotatable robot base<\/a><\/li>\n\n\n\n<li><a href=\"https:\/\/www.apfelpatient.de\/en\/rumors\/apple-plans-ai-pin-new-wearable-could-come-in-2027\">Apple plans AI pin: New wearable could arrive in 2027<\/a><\/li>\n\n\n\n<li><a href=\"https:\/\/www.apfelpatient.de\/en\/rumors\/ios-27-siri-becomes-a-chatbot-with-deep-system-access\">iOS 27: Siri becomes a chatbot with deep system access<\/a><\/li>\n\n\n\n<li><a href=\"https:\/\/www.apfelpatient.de\/en\/rumors\/apple-is-internally-using-ai-chatbots-to-increase-productivity\">Apple is using AI chatbots internally to increase productivity<\/a><\/li>\n\n\n\n<li><a href=\"https:\/\/www.apfelpatient.de\/en\/rumors\/new-iphone-18-leak-suggests-extremely-bright-display\">iPhone 18: New leak suggests extremely bright display<\/a><\/li>\n\n\n\n<li><a href=\"https:\/\/www.apfelpatient.de\/en\/rumors\/iphone-18-pro-smaller-dynamic-island-instead-of-radical-redesign\">iPhone 18 Pro: Smaller Dynamic Island instead of a radical redesign<\/a><\/li>\n\n\n\n<li><a href=\"https:\/\/www.apfelpatient.de\/en\/rumors\/will-the-iphone-air-2-get-an-update-in-2026-or-not-until-2027\">iPhone Air 2: Will there be an update in 2026 or not until 2027?<\/a><\/li>\n<\/ul>\n\n\n\n<h6 class=\"wp-block-heading translation-block\" id=\"h-kennt-ihr-schon-unsere-amazon-storefront-dort-findet-ihr-eine-handverlesene-auswahl-von-diversen-produkten-f-r-euer-iphone-und-co-viel-spa-beim-st-bern\"><em>Have you already visited our Amazon Storefront? There you&#039;ll find a hand-picked selection of various products for your iPhone and other devices \u2013 <span class=\"has-inline-color has-vivid-red-color\"><a href=\"https:\/\/www.amazon.de\/shop\/apfelpatientofficial\" class=\"ek-link\" data-wpel-link=\"exclude\" rel=\"follow noopener\" target=\"_self\"><span style=\"text-decoration: underline\" class=\"ek-underline\">enjoy browsing<\/span><\/a> !<\/span><\/em><\/h6>\n\n\n\n<h6 class=\"wp-block-heading translation-block\" id=\"h-der-beitrag-enthalt-partnerlinks\">This post contains <a data-type=\"URL\" data-id=\"https:\/\/www.apfelpatient.de\/partnerprogramm\" href=\"https:\/\/www.apfelpatient.de\/en\/partner-program\" data-wpel-link=\"internal\" target=\"_self\">affiliate links<\/a>.<\/h6>","protected":false},"excerpt":{"rendered":"<p>MacBook Pro performance update: M5 Pro and Max are the focus, while macOS 26.3 is considered a possible starting point.<\/p>","protected":false},"author":2,"featured_media":63506,"comment_status":"closed","ping_status":"open","sticky":false,"template":"","format":"standard","meta":{"jnews-multi-image_gallery":[],"jnews_single_post":{"format":"standard","override":[{"template":"2","parallax":"1","fullscreen":"1","layout":"right-sidebar","sidebar":"default-sidebar","second_sidebar":"default-sidebar","sticky_sidebar":"1","share_position":"top","share_float_style":"share-monocrhome","show_featured":"1","show_post_meta":"1","show_post_author":"1","show_post_author_image":"1","show_post_date":"1","post_date_format":"default","post_date_format_custom":"Y\/m\/d","show_post_reading_time":"0","post_reading_time_wpm":"300","post_calculate_word_method":"str_word_count","show_zoom_button":"0","zoom_button_out_step":"2","zoom_button_in_step":"3","show_post_tag":"1","show_prev_next_post":"1","show_popup_post":"1","show_comment_section":"1","number_popup_post":"1","show_author_box":"0","show_post_related":"0","show_inline_post_related":"0"}],"image_override":[{"single_post_thumbnail_size":"crop-500","single_post_gallery_size":"crop-500"}],"trending_post_position":"meta","trending_post_label":"Trending","sponsored_post_label":"Sponsored by","disable_ad":"0"},"jnews_primary_category":{"id":"25"},"footnotes":""},"categories":[25],"tags":[3,1282,40,50,4,1286],"class_list":["post-63507","post","type-post","status-publish","format-standard","has-post-thumbnail","hentry","category-rumors","tag-ios","tag-ios-26-3","tag-mac","tag-macbook-pro","tag-macos","tag-macos-26-3"],"yoast_head":"<!-- This site is optimized with the Yoast SEO Premium plugin v27.5 (Yoast SEO v27.5) - https:\/\/yoast.com\/product\/yoast-seo-premium-wordpress\/ -->\n<title>MacBook Pro mit M5 Pro und Max: Release wohl im Februar Apfelpatient<\/title>\n<meta name=\"description\" content=\"MacBook Pro im Leistungs-Update: M5 Pro und Max stehen im Fokus, w\u00e4hrend macOS 26.3 als m\u00f6glicher Startpunkt gilt.\" \/>\n<meta name=\"robots\" content=\"index, follow, max-snippet:-1, max-image-preview:large, max-video-preview:-1\" \/>\n<link rel=\"canonical\" href=\"https:\/\/www.apfelpatient.de\/en\/rumors\/macbook-pro-with-m5-pro-and-max-likely-to-be-released-in-february\" \/>\n<meta property=\"og:locale\" content=\"en_US\" \/>\n<meta property=\"og:type\" content=\"article\" \/>\n<meta property=\"og:title\" content=\"MacBook Pro mit M5 Pro und Max: Release wohl im Februar\" \/>\n<meta property=\"og:description\" content=\"MacBook Pro im Leistungs-Update: M5 Pro und Max stehen im Fokus, w\u00e4hrend macOS 26.3 als m\u00f6glicher Startpunkt gilt.\" \/>\n<meta property=\"og:url\" content=\"https:\/\/www.apfelpatient.de\/en\/rumors\/macbook-pro-with-m5-pro-and-max-likely-to-be-released-in-february\" \/>\n<meta property=\"og:site_name\" content=\"Apfelpatient\" \/>\n<meta property=\"article:publisher\" content=\"https:\/\/www.facebook.com\/apfelpatientOfficial\" \/>\n<meta property=\"article:author\" content=\"https:\/\/www.facebook.com\/apfelpatientOfficial\" \/>\n<meta property=\"article:published_time\" content=\"2026-02-01T16:52:54+00:00\" \/>\n<meta property=\"article:modified_time\" content=\"2026-02-01T16:55:44+00:00\" \/>\n<meta property=\"og:image\" content=\"https:\/\/www.apfelpatient.de\/wp-content\/uploads\/2026\/02\/shutterstock_2163674527.jpg\" \/>\n\t<meta property=\"og:image:width\" content=\"1600\" \/>\n\t<meta property=\"og:image:height\" content=\"1067\" \/>\n\t<meta property=\"og:image:type\" content=\"image\/jpeg\" \/>\n<meta name=\"author\" content=\"Milan\" \/>\n<meta name=\"twitter:card\" content=\"summary_large_image\" \/>\n<meta name=\"twitter:description\" content=\"MacBook Pro im Leistungs-Update: M5 Pro und Max stehen im Fokus, w\u00e4hrend macOS 26.3 als m\u00f6glicher Startpunkt gilt.\" \/>\n<meta name=\"twitter:label1\" content=\"Written by\" \/>\n\t<meta name=\"twitter:data1\" content=\"Milan\" \/>\n\t<meta name=\"twitter:label2\" content=\"Est. reading time\" \/>\n\t<meta name=\"twitter:data2\" content=\"5 minutes\" \/>\n<script type=\"application\/ld+json\" class=\"yoast-schema-graph\">{\"@context\":\"https:\\\/\\\/schema.org\",\"@graph\":[{\"@type\":\"NewsArticle\",\"@id\":\"https:\\\/\\\/www.apfelpatient.de\\\/rumors\\\/macbook-pro-mit-m5-pro-und-max-release-wohl-im-februar#article\",\"isPartOf\":{\"@id\":\"https:\\\/\\\/www.apfelpatient.de\\\/rumors\\\/macbook-pro-mit-m5-pro-und-max-release-wohl-im-februar\"},\"author\":{\"@type\":\"Organization\",\"@id\":\"https:\\\/\\\/www.apfelpatient.de\\\/en\\\/#organization\",\"name\":\"Apfelpatient\",\"url\":\"https:\\\/\\\/www.apfelpatient.de\\\/en\\\/\"},\"headline\":\"MacBook Pro mit M5 Pro und Max: Release wohl im Februar\",\"datePublished\":\"2026-02-01T16:52:54+00:00\",\"dateModified\":\"2026-02-01T16:55:44+00:00\",\"mainEntityOfPage\":{\"@id\":\"https:\\\/\\\/www.apfelpatient.de\\\/rumors\\\/macbook-pro-mit-m5-pro-und-max-release-wohl-im-februar\"},\"wordCount\":768,\"publisher\":{\"@type\":\"Organization\",\"@id\":\"https:\\\/\\\/www.apfelpatient.de\\\/en\\\/#organization\",\"name\":\"Apfelpatient\",\"url\":\"https:\\\/\\\/www.apfelpatient.de\\\/en\\\/\"},\"image\":{\"@id\":\"https:\\\/\\\/www.apfelpatient.de\\\/rumors\\\/macbook-pro-mit-m5-pro-und-max-release-wohl-im-februar#primaryimage\"},\"thumbnailUrl\":\"https:\\\/\\\/www.apfelpatient.de\\\/wp-content\\\/uploads\\\/2026\\\/02\\\/shutterstock_2163674527.jpg\",\"keywords\":[\"iOS\",\"iOS 26.3\",\"Mac\",\"MacBook Pro\",\"macOS\",\"macOS 26.3\"],\"articleSection\":\"Rumors\",\"inLanguage\":\"en-US\",\"copyrightYear\":\"2026\",\"copyrightHolder\":{\"@id\":\"https:\\\/\\\/www.apfelpatient.de\\\/en\\\/#organization\"}},{\"@type\":\"WebPage\",\"@id\":\"https:\\\/\\\/www.apfelpatient.de\\\/rumors\\\/macbook-pro-mit-m5-pro-und-max-release-wohl-im-februar\",\"url\":\"https:\\\/\\\/www.apfelpatient.de\\\/rumors\\\/macbook-pro-mit-m5-pro-und-max-release-wohl-im-februar\",\"name\":\"MacBook Pro mit M5 Pro und Max: Release wohl im Februar Apfelpatient\",\"isPartOf\":{\"@id\":\"https:\\\/\\\/www.apfelpatient.de\\\/#website\"},\"primaryImageOfPage\":{\"@id\":\"https:\\\/\\\/www.apfelpatient.de\\\/rumors\\\/macbook-pro-mit-m5-pro-und-max-release-wohl-im-februar#primaryimage\"},\"image\":{\"@id\":\"https:\\\/\\\/www.apfelpatient.de\\\/rumors\\\/macbook-pro-mit-m5-pro-und-max-release-wohl-im-februar#primaryimage\"},\"thumbnailUrl\":\"https:\\\/\\\/www.apfelpatient.de\\\/wp-content\\\/uploads\\\/2026\\\/02\\\/shutterstock_2163674527.jpg\",\"datePublished\":\"2026-02-01T16:52:54+00:00\",\"dateModified\":\"2026-02-01T16:55:44+00:00\",\"description\":\"MacBook Pro im Leistungs-Update: M5 Pro und Max stehen im Fokus, w\u00e4hrend macOS 26.3 als m\u00f6glicher Startpunkt gilt.\",\"breadcrumb\":{\"@id\":\"https:\\\/\\\/www.apfelpatient.de\\\/rumors\\\/macbook-pro-mit-m5-pro-und-max-release-wohl-im-februar#breadcrumb\"},\"inLanguage\":\"en-US\",\"potentialAction\":[{\"@type\":\"ReadAction\",\"target\":[\"https:\\\/\\\/www.apfelpatient.de\\\/rumors\\\/macbook-pro-mit-m5-pro-und-max-release-wohl-im-februar\"]}]},{\"@type\":\"ImageObject\",\"inLanguage\":\"en-US\",\"@id\":\"https:\\\/\\\/www.apfelpatient.de\\\/rumors\\\/macbook-pro-mit-m5-pro-und-max-release-wohl-im-februar#primaryimage\",\"url\":\"https:\\\/\\\/www.apfelpatient.de\\\/wp-content\\\/uploads\\\/2026\\\/02\\\/shutterstock_2163674527.jpg\",\"contentUrl\":\"https:\\\/\\\/www.apfelpatient.de\\\/wp-content\\\/uploads\\\/2026\\\/02\\\/shutterstock_2163674527.jpg\",\"width\":1600,\"height\":1067,\"caption\":\"Bild: Shutterstock \\\/ Lazy Camel\"},{\"@type\":\"BreadcrumbList\",\"@id\":\"https:\\\/\\\/www.apfelpatient.de\\\/rumors\\\/macbook-pro-mit-m5-pro-und-max-release-wohl-im-februar#breadcrumb\",\"itemListElement\":[{\"@type\":\"ListItem\",\"position\":1,\"name\":\"Startseite\",\"item\":\"https:\\\/\\\/www.apfelpatient.de\\\/\"},{\"@type\":\"ListItem\",\"position\":2,\"name\":\"MacBook Pro mit M5 Pro und Max: Release wohl im Februar\"}]},{\"@type\":\"WebSite\",\"@id\":\"https:\\\/\\\/www.apfelpatient.de\\\/#website\",\"url\":\"https:\\\/\\\/www.apfelpatient.de\\\/\",\"name\":\"Apfelpatient\",\"description\":\"Alles rund um Apple!\",\"publisher\":{\"@type\":\"Organization\",\"@id\":\"https:\\\/\\\/www.apfelpatient.de\\\/en\\\/#organization\",\"name\":\"Apfelpatient\",\"url\":\"https:\\\/\\\/www.apfelpatient.de\\\/en\\\/\"},\"alternateName\":\"Apfelpatient\",\"potentialAction\":[{\"@type\":\"SearchAction\",\"target\":{\"@type\":\"EntryPoint\",\"urlTemplate\":\"https:\\\/\\\/www.apfelpatient.de\\\/?s={search_term_string}\"},\"query-input\":{\"@type\":\"PropertyValueSpecification\",\"valueRequired\":true,\"valueName\":\"search_term_string\"}}],\"inLanguage\":\"en-US\"},{\"@type\":[\"Person\",\"Organization\"],\"@id\":\"https:\\\/\\\/www.apfelpatient.de\\\/#\\\/schema\\\/person\\\/35b3ddba5832f2bfc7fff5206d4f6b7b\",\"name\":\"Milan\",\"logo\":{\"@id\":\"https:\\\/\\\/www.apfelpatient.de\\\/#\\\/schema\\\/person\\\/image\\\/\"},\"description\":\"Hallo und herzlich willkommen auf meinem Technik-Blog! Als gro\u00dfer Apple-Fan berichte ich hier \u00fcber alles, was mit Apple zu tun hat: von den neuesten News und spannenden Ger\u00fcchten \u00fcber hilfreiche Tipps und Tricks bis hin zu ausf\u00fchrlichen Produkttests. Wenn du genauso technikbegeistert bist wie ich, bist du hier genau richtig!\",\"sameAs\":[\"https:\\\/\\\/www.facebook.com\\\/apfelpatientOfficial\",\"https:\\\/\\\/www.linkedin.com\\\/in\\\/milan-jovicic-42aa0231b\"],\"url\":\"https:\\\/\\\/www.apfelpatient.de\\\/en\\\/author\\\/apfeladmin\"}]}<\/script>\n<!-- \/ Yoast SEO Premium plugin. -->","yoast_head_json":{"title":"MacBook Pro with M5 Pro and Max: Release likely in February Apfelpatient","description":"MacBook Pro performance update: M5 Pro and Max are the focus, while macOS 26.3 is considered a possible starting point.","robots":{"index":"index","follow":"follow","max-snippet":"max-snippet:-1","max-image-preview":"max-image-preview:large","max-video-preview":"max-video-preview:-1"},"canonical":"https:\/\/www.apfelpatient.de\/en\/rumors\/macbook-pro-with-m5-pro-and-max-likely-to-be-released-in-february","og_locale":"en_US","og_type":"article","og_title":"MacBook Pro mit M5 Pro und Max: Release wohl im Februar","og_description":"MacBook Pro im Leistungs-Update: M5 Pro und Max stehen im Fokus, w\u00e4hrend macOS 26.3 als m\u00f6glicher Startpunkt gilt.","og_url":"https:\/\/www.apfelpatient.de\/en\/rumors\/macbook-pro-with-m5-pro-and-max-likely-to-be-released-in-february","og_site_name":"Apfelpatient","article_publisher":"https:\/\/www.facebook.com\/apfelpatientOfficial","article_author":"https:\/\/www.facebook.com\/apfelpatientOfficial","article_published_time":"2026-02-01T16:52:54+00:00","article_modified_time":"2026-02-01T16:55:44+00:00","og_image":[{"width":1600,"height":1067,"url":"https:\/\/www.apfelpatient.de\/wp-content\/uploads\/2026\/02\/shutterstock_2163674527.jpg","type":"image\/jpeg"}],"author":"Milan","twitter_card":"summary_large_image","twitter_description":"MacBook Pro im Leistungs-Update: M5 Pro und Max stehen im Fokus, w\u00e4hrend macOS 26.3 als m\u00f6glicher Startpunkt gilt.","twitter_misc":{"Written by":"Milan","Est. reading time":"5 minutes"},"schema":{"@context":"https:\/\/schema.org","@graph":[{"@type":"NewsArticle","@id":"https:\/\/www.apfelpatient.de\/rumors\/macbook-pro-mit-m5-pro-und-max-release-wohl-im-februar#article","isPartOf":{"@id":"https:\/\/www.apfelpatient.de\/rumors\/macbook-pro-mit-m5-pro-und-max-release-wohl-im-februar"},"author":{"@type":"Organization","@id":"https:\/\/www.apfelpatient.de\/en\/#organization","name":"Apfelpatient","url":"https:\/\/www.apfelpatient.de\/en\/"},"headline":"MacBook Pro mit M5 Pro und Max: Release wohl im Februar","datePublished":"2026-02-01T16:52:54+00:00","dateModified":"2026-02-01T16:55:44+00:00","mainEntityOfPage":{"@id":"https:\/\/www.apfelpatient.de\/rumors\/macbook-pro-mit-m5-pro-und-max-release-wohl-im-februar"},"wordCount":768,"publisher":{"@type":"Organization","@id":"https:\/\/www.apfelpatient.de\/en\/#organization","name":"Apfelpatient","url":"https:\/\/www.apfelpatient.de\/en\/"},"image":{"@id":"https:\/\/www.apfelpatient.de\/rumors\/macbook-pro-mit-m5-pro-und-max-release-wohl-im-februar#primaryimage"},"thumbnailUrl":"https:\/\/www.apfelpatient.de\/wp-content\/uploads\/2026\/02\/shutterstock_2163674527.jpg","keywords":["iOS","iOS 26.3","Mac","MacBook Pro","macOS","macOS 26.3"],"articleSection":"Rumors","inLanguage":"en-US","copyrightYear":"2026","copyrightHolder":{"@id":"https:\/\/www.apfelpatient.de\/en\/#organization"}},{"@type":"WebPage","@id":"https:\/\/www.apfelpatient.de\/rumors\/macbook-pro-mit-m5-pro-und-max-release-wohl-im-februar","url":"https:\/\/www.apfelpatient.de\/rumors\/macbook-pro-mit-m5-pro-und-max-release-wohl-im-februar","name":"MacBook Pro with M5 Pro and Max: Release likely in February Apfelpatient","isPartOf":{"@id":"https:\/\/www.apfelpatient.de\/#website"},"primaryImageOfPage":{"@id":"https:\/\/www.apfelpatient.de\/rumors\/macbook-pro-mit-m5-pro-und-max-release-wohl-im-februar#primaryimage"},"image":{"@id":"https:\/\/www.apfelpatient.de\/rumors\/macbook-pro-mit-m5-pro-und-max-release-wohl-im-februar#primaryimage"},"thumbnailUrl":"https:\/\/www.apfelpatient.de\/wp-content\/uploads\/2026\/02\/shutterstock_2163674527.jpg","datePublished":"2026-02-01T16:52:54+00:00","dateModified":"2026-02-01T16:55:44+00:00","description":"MacBook Pro performance update: M5 Pro and Max are the focus, while macOS 26.3 is considered a possible starting point.","breadcrumb":{"@id":"https:\/\/www.apfelpatient.de\/rumors\/macbook-pro-mit-m5-pro-und-max-release-wohl-im-februar#breadcrumb"},"inLanguage":"en-US","potentialAction":[{"@type":"ReadAction","target":["https:\/\/www.apfelpatient.de\/rumors\/macbook-pro-mit-m5-pro-und-max-release-wohl-im-februar"]}]},{"@type":"ImageObject","inLanguage":"en-US","@id":"https:\/\/www.apfelpatient.de\/rumors\/macbook-pro-mit-m5-pro-und-max-release-wohl-im-februar#primaryimage","url":"https:\/\/www.apfelpatient.de\/wp-content\/uploads\/2026\/02\/shutterstock_2163674527.jpg","contentUrl":"https:\/\/www.apfelpatient.de\/wp-content\/uploads\/2026\/02\/shutterstock_2163674527.jpg","width":1600,"height":1067,"caption":"Bild: Shutterstock \/ Lazy Camel"},{"@type":"BreadcrumbList","@id":"https:\/\/www.apfelpatient.de\/rumors\/macbook-pro-mit-m5-pro-und-max-release-wohl-im-februar#breadcrumb","itemListElement":[{"@type":"ListItem","position":1,"name":"Startseite","item":"https:\/\/www.apfelpatient.de\/"},{"@type":"ListItem","position":2,"name":"MacBook Pro mit M5 Pro und Max: Release wohl im Februar"}]},{"@type":"WebSite","@id":"https:\/\/www.apfelpatient.de\/#website","url":"https:\/\/www.apfelpatient.de\/","name":"apple patient","description":"Everything about Apple!","publisher":{"@type":"Organization","@id":"https:\/\/www.apfelpatient.de\/en\/#organization","name":"Apfelpatient","url":"https:\/\/www.apfelpatient.de\/en\/"},"alternateName":"Apfelpatient","potentialAction":[{"@type":"SearchAction","target":{"@type":"EntryPoint","urlTemplate":"https:\/\/www.apfelpatient.de\/?s={search_term_string}"},"query-input":{"@type":"PropertyValueSpecification","valueRequired":true,"valueName":"search_term_string"}}],"inLanguage":"en-US"},{"@type":["Person","Organization"],"@id":"https:\/\/www.apfelpatient.de\/#\/schema\/person\/35b3ddba5832f2bfc7fff5206d4f6b7b","name":"Milan","logo":{"@id":"https:\/\/www.apfelpatient.de\/#\/schema\/person\/image\/"},"description":"Hello and welcome to my technology blog! As a big Apple fan, I report on everything to do with Apple: from the latest news and exciting rumors to helpful tips and tricks and detailed product tests. If you are as enthusiastic about technology as I am, you have come to the right place!","sameAs":["https:\/\/www.facebook.com\/apfelpatientOfficial","https:\/\/www.linkedin.com\/in\/milan-jovicic-42aa0231b"],"url":"https:\/\/www.apfelpatient.de\/en\/author\/apfeladmin"}]}},"_links":{"self":[{"href":"https:\/\/www.apfelpatient.de\/en\/wp-json\/wp\/v2\/posts\/63507","targetHints":{"allow":["GET"]}}],"collection":[{"href":"https:\/\/www.apfelpatient.de\/en\/wp-json\/wp\/v2\/posts"}],"about":[{"href":"https:\/\/www.apfelpatient.de\/en\/wp-json\/wp\/v2\/types\/post"}],"author":[{"embeddable":true,"href":"https:\/\/www.apfelpatient.de\/en\/wp-json\/wp\/v2\/users\/2"}],"replies":[{"embeddable":true,"href":"https:\/\/www.apfelpatient.de\/en\/wp-json\/wp\/v2\/comments?post=63507"}],"version-history":[{"count":2,"href":"https:\/\/www.apfelpatient.de\/en\/wp-json\/wp\/v2\/posts\/63507\/revisions"}],"predecessor-version":[{"id":63509,"href":"https:\/\/www.apfelpatient.de\/en\/wp-json\/wp\/v2\/posts\/63507\/revisions\/63509"}],"wp:featuredmedia":[{"embeddable":true,"href":"https:\/\/www.apfelpatient.de\/en\/wp-json\/wp\/v2\/media\/63506"}],"wp:attachment":[{"href":"https:\/\/www.apfelpatient.de\/en\/wp-json\/wp\/v2\/media?parent=63507"}],"wp:term":[{"taxonomy":"category","embeddable":true,"href":"https:\/\/www.apfelpatient.de\/en\/wp-json\/wp\/v2\/categories?post=63507"},{"taxonomy":"post_tag","embeddable":true,"href":"https:\/\/www.apfelpatient.de\/en\/wp-json\/wp\/v2\/tags?post=63507"}],"curies":[{"name":"wp","href":"https:\/\/api.w.org\/{rel}","templated":true}]}}