{"id":63481,"date":"2026-01-30T23:46:20","date_gmt":"2026-01-30T22:46:20","guid":{"rendered":"https:\/\/www.apfelpatient.de\/?p=63481"},"modified":"2026-01-30T23:48:33","modified_gmt":"2026-01-30T22:48:33","slug":"apple-tv-announces-release-date-for-sugar-season-2","status":"publish","type":"post","link":"https:\/\/www.apfelpatient.de\/en\/news\/apple-tv-gibt-starttermin-fuer-sugar-staffel-2-bekannt","title":{"rendered":"Apple TV announces release date for Sugar Season 2"},"content":{"rendered":"<p class=\"has-drop-cap\"><strong>Apple TV is bringing back the neo-noir crime series Sugar. After a highly acclaimed first season, the series, starring Colin Farrell, returns for a second season. It once again tells a modern take on the classic private detective story, set in Los Angeles and characterized by a quiet, dark tone.<\/strong><\/p>\n\n\n\n<p>With the release of a first look, Apple TV has officially confirmed that John Sugar&#039;s story continues. The first season was hailed as one of the best neo-noir thrillers of recent years and particularly praised for its unexpected twist. The second season builds on this success in terms of both content and style.<\/p>\n\n\n\n<h4 class=\"wp-block-heading\" id=\"h-starttermin-und-veroffentlichung-auf-apple-tv\">Release date and availability on Apple TV<\/h4>\n\n\n\n<p>The second season of &quot;Sugar&quot; consists of eight episodes and premieres worldwide on Friday, June 19, on Apple TV. A first episode will be released, followed by a new episode every Friday until August 7.<\/p>\n\n\n\n<figure class=\"wp-block-image size-full\"><img decoding=\"async\" width=\"1600\" height=\"1067\" src=\"https:\/\/www.apfelpatient.de\/wp-content\/uploads\/2026\/01\/013026_Sugar_First_Look_Reveal_News_Post_Big_Image_02.jpg\" alt=\"Apple TV Sugar Season 2\" class=\"wp-image-63476\" srcset=\"https:\/\/www.apfelpatient.de\/wp-content\/uploads\/2026\/01\/013026_Sugar_First_Look_Reveal_News_Post_Big_Image_02.jpg 1600w, https:\/\/www.apfelpatient.de\/wp-content\/uploads\/2026\/01\/013026_Sugar_First_Look_Reveal_News_Post_Big_Image_02-300x200.jpg 300w, https:\/\/www.apfelpatient.de\/wp-content\/uploads\/2026\/01\/013026_Sugar_First_Look_Reveal_News_Post_Big_Image_02-1024x683.jpg 1024w, https:\/\/www.apfelpatient.de\/wp-content\/uploads\/2026\/01\/013026_Sugar_First_Look_Reveal_News_Post_Big_Image_02-768x512.jpg 768w, https:\/\/www.apfelpatient.de\/wp-content\/uploads\/2026\/01\/013026_Sugar_First_Look_Reveal_News_Post_Big_Image_02-1536x1024.jpg 1536w, https:\/\/www.apfelpatient.de\/wp-content\/uploads\/2026\/01\/013026_Sugar_First_Look_Reveal_News_Post_Big_Image_02-18x12.jpg 18w, https:\/\/www.apfelpatient.de\/wp-content\/uploads\/2026\/01\/013026_Sugar_First_Look_Reveal_News_Post_Big_Image_02-750x500.jpg 750w, https:\/\/www.apfelpatient.de\/wp-content\/uploads\/2026\/01\/013026_Sugar_First_Look_Reveal_News_Post_Big_Image_02-1140x760.jpg 1140w\" sizes=\"(max-width: 1600px) 100vw, 1600px\" \/><figcaption class=\"wp-element-caption\">Image: Apple<\/figcaption><\/figure>\n\n\n\n<h4 class=\"wp-block-heading\" id=\"h-handlung-der-zweiten-staffel\">Plot of the second season<\/h4>\n\n\n\n<p>The series once again centers on John Sugar, a seasoned private investigator and film buff from Los Angeles. In the new season, he takes on a case involving the troubled older brother of an up-and-coming local boxer. At the same time, he continues his search for his missing sister, a mystery that continues to weigh heavily on him. As the investigation unfolds, the case evolves into a citywide conspiracy with sinister motives, forcing Sugar to confront his own moral boundaries.<\/p>\n\n\n\n<figure class=\"wp-block-image size-full\"><img decoding=\"async\" width=\"1600\" height=\"1066\" src=\"https:\/\/www.apfelpatient.de\/wp-content\/uploads\/2026\/01\/013026_Sugar_First_Look_Reveal_News_Post_Big_Image_03.jpg\" alt=\"Apple TV Sugar Season 2\" class=\"wp-image-63477\" srcset=\"https:\/\/www.apfelpatient.de\/wp-content\/uploads\/2026\/01\/013026_Sugar_First_Look_Reveal_News_Post_Big_Image_03.jpg 1600w, https:\/\/www.apfelpatient.de\/wp-content\/uploads\/2026\/01\/013026_Sugar_First_Look_Reveal_News_Post_Big_Image_03-300x200.jpg 300w, https:\/\/www.apfelpatient.de\/wp-content\/uploads\/2026\/01\/013026_Sugar_First_Look_Reveal_News_Post_Big_Image_03-1024x682.jpg 1024w, https:\/\/www.apfelpatient.de\/wp-content\/uploads\/2026\/01\/013026_Sugar_First_Look_Reveal_News_Post_Big_Image_03-768x512.jpg 768w, https:\/\/www.apfelpatient.de\/wp-content\/uploads\/2026\/01\/013026_Sugar_First_Look_Reveal_News_Post_Big_Image_03-1536x1023.jpg 1536w, https:\/\/www.apfelpatient.de\/wp-content\/uploads\/2026\/01\/013026_Sugar_First_Look_Reveal_News_Post_Big_Image_03-18x12.jpg 18w, https:\/\/www.apfelpatient.de\/wp-content\/uploads\/2026\/01\/013026_Sugar_First_Look_Reveal_News_Post_Big_Image_03-750x500.jpg 750w, https:\/\/www.apfelpatient.de\/wp-content\/uploads\/2026\/01\/013026_Sugar_First_Look_Reveal_News_Post_Big_Image_03-1140x760.jpg 1140w\" sizes=\"(max-width: 1600px) 100vw, 1600px\" \/><figcaption class=\"wp-element-caption\">Image: Apple<\/figcaption><\/figure>\n\n\n\n<h4 class=\"wp-block-heading\" id=\"h-besetzung-ruckkehrer-und-neue-rollen\">Cast: Returning actors and new roles<\/h4>\n\n\n\n<p>Colin Farrell returns in the lead role and also serves as an executive producer. New additions to the cast for the second season include Jin Ha, Raymond Lee, Tony Dalton, Laura Donnelly, and Sasha Calle. Shea Whigham also joins the series as a special guest star.<\/p>\n\n\n\n<figure class=\"wp-block-image size-full\"><img decoding=\"async\" width=\"1600\" height=\"1066\" src=\"https:\/\/www.apfelpatient.de\/wp-content\/uploads\/2026\/01\/013026_Sugar_First_Look_Reveal_News_Post_Big_Image_04.jpg\" alt=\"Apple TV Sugar Season 2\" class=\"wp-image-63478\" srcset=\"https:\/\/www.apfelpatient.de\/wp-content\/uploads\/2026\/01\/013026_Sugar_First_Look_Reveal_News_Post_Big_Image_04.jpg 1600w, https:\/\/www.apfelpatient.de\/wp-content\/uploads\/2026\/01\/013026_Sugar_First_Look_Reveal_News_Post_Big_Image_04-300x200.jpg 300w, https:\/\/www.apfelpatient.de\/wp-content\/uploads\/2026\/01\/013026_Sugar_First_Look_Reveal_News_Post_Big_Image_04-1024x682.jpg 1024w, https:\/\/www.apfelpatient.de\/wp-content\/uploads\/2026\/01\/013026_Sugar_First_Look_Reveal_News_Post_Big_Image_04-768x512.jpg 768w, https:\/\/www.apfelpatient.de\/wp-content\/uploads\/2026\/01\/013026_Sugar_First_Look_Reveal_News_Post_Big_Image_04-1536x1023.jpg 1536w, https:\/\/www.apfelpatient.de\/wp-content\/uploads\/2026\/01\/013026_Sugar_First_Look_Reveal_News_Post_Big_Image_04-18x12.jpg 18w, https:\/\/www.apfelpatient.de\/wp-content\/uploads\/2026\/01\/013026_Sugar_First_Look_Reveal_News_Post_Big_Image_04-750x500.jpg 750w, https:\/\/www.apfelpatient.de\/wp-content\/uploads\/2026\/01\/013026_Sugar_First_Look_Reveal_News_Post_Big_Image_04-1140x760.jpg 1140w\" sizes=\"(max-width: 1600px) 100vw, 1600px\" \/><figcaption class=\"wp-element-caption\">Image: Apple<\/figcaption><\/figure>\n\n\n\n<h4 class=\"wp-block-heading\" id=\"h-kreativteam-und-produktion\">Creative team and production<\/h4>\n\n\n\n<p>Sam Catlin is the creative director of the second season, also serving as an executive producer under his label Short Drive Entertainment. Other executive producers include Audrey Chon and Simon Kinberg for Genre Films, as part of Kinberg&#039;s overall deal with Apple TV, as well as Colin Farrell, Scott Greenberg, and Chip Vucelich. &quot;Sugar&quot; was developed by Mark Protosevich.<\/p>\n\n\n\n<figure class=\"wp-block-image size-full\"><img decoding=\"async\" width=\"1600\" height=\"1067\" src=\"https:\/\/www.apfelpatient.de\/wp-content\/uploads\/2026\/01\/013026_Sugar_First_Look_Reveal_News_Post_Big_Image_05.jpg\" alt=\"Apple TV Sugar Season 2\" class=\"wp-image-63480\" srcset=\"https:\/\/www.apfelpatient.de\/wp-content\/uploads\/2026\/01\/013026_Sugar_First_Look_Reveal_News_Post_Big_Image_05.jpg 1600w, https:\/\/www.apfelpatient.de\/wp-content\/uploads\/2026\/01\/013026_Sugar_First_Look_Reveal_News_Post_Big_Image_05-300x200.jpg 300w, https:\/\/www.apfelpatient.de\/wp-content\/uploads\/2026\/01\/013026_Sugar_First_Look_Reveal_News_Post_Big_Image_05-1024x683.jpg 1024w, https:\/\/www.apfelpatient.de\/wp-content\/uploads\/2026\/01\/013026_Sugar_First_Look_Reveal_News_Post_Big_Image_05-768x512.jpg 768w, https:\/\/www.apfelpatient.de\/wp-content\/uploads\/2026\/01\/013026_Sugar_First_Look_Reveal_News_Post_Big_Image_05-1536x1024.jpg 1536w, https:\/\/www.apfelpatient.de\/wp-content\/uploads\/2026\/01\/013026_Sugar_First_Look_Reveal_News_Post_Big_Image_05-18x12.jpg 18w, https:\/\/www.apfelpatient.de\/wp-content\/uploads\/2026\/01\/013026_Sugar_First_Look_Reveal_News_Post_Big_Image_05-750x500.jpg 750w, https:\/\/www.apfelpatient.de\/wp-content\/uploads\/2026\/01\/013026_Sugar_First_Look_Reveal_News_Post_Big_Image_05-1140x760.jpg 1140w\" sizes=\"(max-width: 1600px) 100vw, 1600px\" \/><figcaption class=\"wp-element-caption\">Image: Apple<\/figcaption><\/figure>\n\n\n\n<h4 class=\"wp-block-heading\" id=\"h-einordnung-im-apple-tv-programm\">Placement in the Apple TV program<\/h4>\n\n\n\n<p>The complete first season of &quot;Sugar&quot; is already available worldwide on Apple TV. The streaming service launched on November 1, 2019, and focuses exclusively on original content. Apple TV has since received hundreds of awards, including successes like Ted Lasso and the Oscar-winning CODA.<\/p>\n\n\n\n<ul class=\"wp-block-list\">\n<li><a href=\"https:\/\/www.apfelpatient.de\/en\/news\/apple-tv-celebrates-f1-as-the-most-watched-film-of-all-time\" type=\"link\" id=\"https:\/\/www.apfelpatient.de\/news\/apple-tv-feiert-f1-als-meistgesehenen-film-aller-zeiten\">Apple TV celebrates F1 as the most-watched film of all time<\/a><\/li>\n\n\n\n<li><a href=\"https:\/\/www.apfelpatient.de\/en\/news\/apple-secures-the-rights-to-the-cosmere-universe\" type=\"link\" id=\"https:\/\/www.apfelpatient.de\/news\/apple-sichert-sich-die-rechte-am-cosmere-universum\">Apple secures the rights to the Cosmere universe<\/a><\/li>\n\n\n\n<li><a href=\"https:\/\/www.apfelpatient.de\/en\/news\/apple-tv-criminal-record-season-2-starts-in-april\" type=\"link\" id=\"https:\/\/www.apfelpatient.de\/news\/apple-tv-criminal-record-staffel-2-startet-im-april\">Apple TV: Criminal Record Season 2 starts in April<\/a><\/li>\n\n\n\n<li><a href=\"https:\/\/www.apfelpatient.de\/en\/news\/apple-tv-confirms-ted-lasso-season-4-for-summer-2026\" type=\"link\" id=\"https:\/\/www.apfelpatient.de\/news\/apple-tv-bestaetigt-ted-lasso-staffel-4-fuer-sommer-2026\">Apple TV confirms Ted Lasso Season 4 for Summer 2026<\/a><\/li>\n<\/ul>\n\n\n\n<h3 class=\"wp-block-heading\" id=\"h-sugar-als-fester-bestandteil-im-serienangebot-von-apple-tv\">\"Sugar\" as a permanent fixture in Apple TV's series offerings<\/h3>\n\n\n\n<p class=\"translation-block\">With season 2, \"Sugar\" remains an important part of Apple TV's <a href=\"\/\/www.apple.com\/tv-pr\/news\/2026\/01\/apples-stylish-neo-noir-detective-story-sugar-starring-and-executive-produced-by-academy-award-nominee-colin-farrell-set-to-return-for-season-two-on-friday-july-19\/\u201c\" id=\"https:\/\/www.apple.com\/tv-pr\/news\/2026\/01\/apples-stylish-neo-noir-detective-story-sugar-starring-and-executive-produced-by-academy-award-nominee-colin-farrell-set-to-return-for-season-two-on-friday-july-19\/\" target=\"_blank\" rel=\"noreferrer noopener follow\" data-wpel-link=\"exclude\">programming<\/a>. The combination of a classic detective story, modern direction, and a well-developed main character is continued and expanded. The weekly release schedule underscores the aim of building suspense over several weeks and firmly establishing the series within Apple TV's lineup. (Image: Apple)<\/p>\n\n\n\n<ul class=\"wp-block-list\">\n<li><a href=\"https:\/\/www.apfelpatient.de\/en\/news\/tim-cook-believes-apples-best-work-is-yet-to-come\" type=\"link\" id=\"https:\/\/www.apfelpatient.de\/news\/tim-cook-sieht-apples-beste-arbeit-erst-noch-kommen\">Tim Cook believes Apple's best work is yet to come<\/a><\/li>\n\n\n\n<li><a href=\"https:\/\/www.apfelpatient.de\/en\/news\/apple-stock-in-focus-jp-morgan-raises-price-target-to-325-us-dollars\">Apple stock in focus: JP Morgan raises price target to $325<\/a><\/li>\n\n\n\n<li><a href=\"https:\/\/www.apfelpatient.de\/en\/news\/n2see-for-macos-control-of-windows-on-external-displays\">N2See for macOS: Control over windows on external displays<\/a><\/li>\n\n\n\n<li><a href=\"https:\/\/www.apfelpatient.de\/en\/news\/apple-was-surprised-by-the-demand-for-airpods-pro-3\">Apple was surprised by the demand for AirPods Pro 3<\/a><\/li>\n\n\n\n<li><a href=\"https:\/\/www.apfelpatient.de\/en\/news\/apple-explains-its-strategy-in-the-face-of-rising-ram-and-ssd-prices\">Apple explains its strategy in the face of rising RAM and SSD prices<\/a><\/li>\n\n\n\n<li><a href=\"https:\/\/www.apfelpatient.de\/en\/news\/tim-cook-apple-remains-committed-to-data-privacy-despite-the-google-partnership\">Tim Cook: Apple remains committed to data privacy despite Google partnership<\/a><\/li>\n\n\n\n<li><a href=\"https:\/\/www.apfelpatient.de\/en\/news\/apple-reports-25-billion-active-devices-worldwide\">Apple reports 2.5 billion active devices worldwide<\/a><\/li>\n\n\n\n<li><a href=\"https:\/\/www.apfelpatient.de\/en\/news\/apple-reports-record-sales-and-strong-profit-growth-in-q1-2026\">Apple Q1 2026: Record revenue and strong profit growth<\/a><\/li>\n\n\n\n<li><a href=\"https:\/\/www.apfelpatient.de\/en\/news\/apple-tv-celebrates-f1-as-the-most-watched-film-of-all-time\">Apple TV celebrates F1 as the most-watched film of all time<\/a><\/li>\n\n\n\n<li><a href=\"https:\/\/www.apfelpatient.de\/en\/news\/apple-confirms-qai-acquisition-for-2-billion\">Apple confirms acquisition of Q.ai for $2 billion<\/a><\/li>\n\n\n\n<li><a href=\"https:\/\/www.apfelpatient.de\/en\/news\/iphone-16-to-top-smartphone-charts-in-2025\">The iPhone 16 will top the smartphone charts in 2025<\/a><\/li>\n\n\n\n<li><a href=\"https:\/\/www.apfelpatient.de\/en\/news\/apple-strengthens-design-team-with-halide-co-founder\">Apple strengthens design team with Halide co-founder<\/a><\/li>\n\n\n\n<li><a href=\"https:\/\/www.apfelpatient.de\/en\/news\/apple-secures-the-rights-to-the-cosmere-universe\">Apple secures the rights to the Cosmere universe<\/a><\/li>\n\n\n\n<li><a href=\"https:\/\/www.apfelpatient.de\/en\/news\/ios-26-3-beta-3-warning-these-continuity-features-will-fail\">iOS 26.3 Beta 3 Warning: These Continuity features will be unavailable<\/a><\/li>\n\n\n\n<li><a href=\"https:\/\/www.apfelpatient.de\/en\/news\/patreon-and-apples-new-deadline-once-again-draws-criticism\">Patreon and Apple: New deadline once again draws criticism<\/a><\/li>\n\n\n\n<li><a href=\"https:\/\/www.apfelpatient.de\/en\/news\/apple-watch-demonstrates-benefits-in-study-on-afib-aftercare\">Apple Watch shows benefits in study on AFib aftercare<\/a><\/li>\n\n\n\n<li><a href=\"https:\/\/www.apfelpatient.de\/en\/news\/apple-loses-top-position-at-tsm-due-to-ai-boom\">Apple loses top position at TSMC due to AI boom<\/a><\/li>\n\n\n\n<li><a href=\"https:\/\/www.apfelpatient.de\/en\/news\/airtag-2-teardown-shows-all-internal-innovations\">AirTag 2: Teardown reveals all internal innovations<\/a><\/li>\n\n\n\n<li><a href=\"https:\/\/www.apfelpatient.de\/en\/news\/apple-anticipates-a-strong-quarter-iphone-17-and-ai-in-focus\">Apple poised for a strong quarter: iPhone 17 and AI in focus<\/a><\/li>\n\n\n\n<li><a href=\"https:\/\/www.apfelpatient.de\/en\/news\/apple-creator-studios-new-creative-subscription-is-now-available\">Apple Creator Studio: new creative subscription now available<\/a><\/li>\n\n\n\n<li><a href=\"https:\/\/www.apfelpatient.de\/en\/news\/apple-tv-criminal-record-season-2-starts-in-april\">Apple TV: Criminal Record Season 2 starts in April<\/a><\/li>\n\n\n\n<li><a href=\"https:\/\/www.apfelpatient.de\/en\/news\/apple-tv-confirms-ted-lasso-season-4-for-summer-2026\">Apple TV confirms Ted Lasso Season 4 for Summer 2026<\/a><\/li>\n\n\n\n<li><a href=\"https:\/\/www.apfelpatient.de\/en\/news\/tim-cook-comments-internally-on-the-minneapolis-shooting\">Tim Cook comments internally on the Minneapolis shooting<\/a><\/li>\n<\/ul>\n\n\n\n<h6 class=\"wp-block-heading translation-block\" id=\"h-kennt-ihr-schon-unsere-amazon-storefront-dort-findet-ihr-eine-handverlesene-auswahl-von-diversen-produkten-f-r-euer-iphone-und-co-viel-spa-beim-st-bern\"><em>Have you already visited our Amazon Storefront? There you&#039;ll find a hand-picked selection of various products for your iPhone and other devices \u2013 <span class=\"has-inline-color has-vivid-red-color\"><a href=\"https:\/\/www.amazon.de\/shop\/apfelpatientofficial\" class=\"ek-link\" data-wpel-link=\"exclude\" rel=\"follow noopener\" target=\"_self\"><span style=\"text-decoration: underline\" class=\"ek-underline\">enjoy browsing<\/span><\/a> !<\/span><\/em><\/h6>\n\n\n\n<h6 class=\"wp-block-heading translation-block\" id=\"h-der-beitrag-enthalt-partnerlinks\">This post contains <a data-type=\"URL\" data-id=\"https:\/\/www.apfelpatient.de\/partnerprogramm\" href=\"https:\/\/www.apfelpatient.de\/en\/partner-program\" data-wpel-link=\"internal\" target=\"_self\">affiliate links<\/a>.<\/h6>","protected":false},"excerpt":{"rendered":"<p>Apple TV confirms Sugar Season 2: The neo-noir crime thriller starring Colin Farrell continues. All the information on plot, cast, and release.<\/p>","protected":false},"author":2,"featured_media":63475,"comment_status":"closed","ping_status":"open","sticky":false,"template":"","format":"standard","meta":{"jnews-multi-image_gallery":[],"jnews_single_post":{"format":"standard","override":[{"template":"2","parallax":"1","fullscreen":"1","layout":"right-sidebar","sidebar":"default-sidebar","second_sidebar":"default-sidebar","sticky_sidebar":"1","share_position":"top","share_float_style":"share-monocrhome","show_featured":"1","show_post_meta":"1","show_post_author":"1","show_post_author_image":"1","show_post_date":"1","post_date_format":"default","post_date_format_custom":"Y\/m\/d","show_post_reading_time":"0","post_reading_time_wpm":"300","post_calculate_word_method":"str_word_count","show_zoom_button":"0","zoom_button_out_step":"2","zoom_button_in_step":"3","show_post_tag":"1","show_prev_next_post":"1","show_popup_post":"1","show_comment_section":"1","number_popup_post":"1","show_author_box":"0","show_post_related":"0","show_inline_post_related":"0"}],"image_override":[{"single_post_thumbnail_size":"crop-500","single_post_gallery_size":"crop-500"}],"trending_post_position":"meta","trending_post_label":"Trending","sponsored_post_label":"Sponsored by","disable_ad":"0"},"jnews_primary_category":{"id":"9"},"footnotes":""},"categories":[9],"tags":[34,156],"class_list":["post-63481","post","type-post","status-publish","format-standard","has-post-thumbnail","hentry","category-news","tag-apple-dienste","tag-apple-tv"],"yoast_head":"<!-- This site is optimized with the Yoast SEO Premium plugin v27.5 (Yoast SEO v27.5) - https:\/\/yoast.com\/product\/yoast-seo-premium-wordpress\/ -->\n<title>Apple TV gibt Starttermin f\u00fcr Sugar Staffel 2 bekannt Apfelpatient<\/title>\n<meta name=\"description\" content=\"Apple TV best\u00e4tigt Sugar Staffel 2: Der Neo-Noir-Krimi mit Colin Farrell geht weiter. Alle Infos zu Handlung, Cast und Ver\u00f6ffentlichung.\" \/>\n<meta name=\"robots\" content=\"index, follow, max-snippet:-1, max-image-preview:large, max-video-preview:-1\" \/>\n<link rel=\"canonical\" href=\"https:\/\/www.apfelpatient.de\/en\/news\/apple-tv-announces-release-date-for-sugar-season-2\" \/>\n<meta property=\"og:locale\" content=\"en_US\" \/>\n<meta property=\"og:type\" content=\"article\" \/>\n<meta property=\"og:title\" content=\"Apple TV gibt Starttermin f\u00fcr Sugar Staffel 2 bekannt\" \/>\n<meta property=\"og:description\" content=\"Apple TV best\u00e4tigt Sugar Staffel 2: Der Neo-Noir-Krimi mit Colin Farrell geht weiter. Alle Infos zu Handlung, Cast und Ver\u00f6ffentlichung.\" \/>\n<meta property=\"og:url\" content=\"https:\/\/www.apfelpatient.de\/en\/news\/apple-tv-announces-release-date-for-sugar-season-2\" \/>\n<meta property=\"og:site_name\" content=\"Apfelpatient\" \/>\n<meta property=\"article:publisher\" content=\"https:\/\/www.facebook.com\/apfelpatientOfficial\" \/>\n<meta property=\"article:author\" content=\"https:\/\/www.facebook.com\/apfelpatientOfficial\" \/>\n<meta property=\"article:published_time\" content=\"2026-01-30T22:46:20+00:00\" \/>\n<meta property=\"article:modified_time\" content=\"2026-01-30T22:48:33+00:00\" \/>\n<meta property=\"og:image\" content=\"https:\/\/www.apfelpatient.de\/wp-content\/uploads\/2026\/01\/013026_Sugar_Season_Two_Big_Image_01.jpg\" \/>\n\t<meta property=\"og:image:width\" content=\"1600\" \/>\n\t<meta property=\"og:image:height\" content=\"1066\" \/>\n\t<meta property=\"og:image:type\" content=\"image\/jpeg\" \/>\n<meta name=\"author\" content=\"Milan\" \/>\n<meta name=\"twitter:card\" content=\"summary_large_image\" \/>\n<meta name=\"twitter:description\" content=\"Apple TV best\u00e4tigt Sugar Staffel 2: Der Neo-Noir-Krimi mit Colin Farrell geht weiter. Alle Infos zu Handlung, Cast und Ver\u00f6ffentlichung.\" \/>\n<meta name=\"twitter:label1\" content=\"Written by\" \/>\n\t<meta name=\"twitter:data1\" content=\"Milan\" \/>\n\t<meta name=\"twitter:label2\" content=\"Est. reading time\" \/>\n\t<meta name=\"twitter:data2\" content=\"5 minutes\" \/>\n<script type=\"application\/ld+json\" class=\"yoast-schema-graph\">{\"@context\":\"https:\\\/\\\/schema.org\",\"@graph\":[{\"@type\":\"NewsArticle\",\"@id\":\"https:\\\/\\\/www.apfelpatient.de\\\/news\\\/apple-tv-gibt-starttermin-fuer-sugar-staffel-2-bekannt#article\",\"isPartOf\":{\"@id\":\"https:\\\/\\\/www.apfelpatient.de\\\/news\\\/apple-tv-gibt-starttermin-fuer-sugar-staffel-2-bekannt\"},\"author\":{\"@type\":\"Organization\",\"@id\":\"https:\\\/\\\/www.apfelpatient.de\\\/en\\\/#organization\",\"name\":\"Apfelpatient\",\"url\":\"https:\\\/\\\/www.apfelpatient.de\\\/en\\\/\"},\"headline\":\"Apple TV gibt Starttermin f\u00fcr Sugar Staffel 2 bekannt\",\"datePublished\":\"2026-01-30T22:46:20+00:00\",\"dateModified\":\"2026-01-30T22:48:33+00:00\",\"mainEntityOfPage\":{\"@id\":\"https:\\\/\\\/www.apfelpatient.de\\\/news\\\/apple-tv-gibt-starttermin-fuer-sugar-staffel-2-bekannt\"},\"wordCount\":697,\"publisher\":{\"@type\":\"Organization\",\"@id\":\"https:\\\/\\\/www.apfelpatient.de\\\/en\\\/#organization\",\"name\":\"Apfelpatient\",\"url\":\"https:\\\/\\\/www.apfelpatient.de\\\/en\\\/\"},\"image\":{\"@id\":\"https:\\\/\\\/www.apfelpatient.de\\\/news\\\/apple-tv-gibt-starttermin-fuer-sugar-staffel-2-bekannt#primaryimage\"},\"thumbnailUrl\":\"https:\\\/\\\/www.apfelpatient.de\\\/wp-content\\\/uploads\\\/2026\\\/01\\\/013026_Sugar_Season_Two_Big_Image_01.jpg\",\"keywords\":[\"Apple Dienste\",\"Apple TV\"],\"articleSection\":\"News\",\"inLanguage\":\"en-US\",\"copyrightYear\":\"2026\",\"copyrightHolder\":{\"@id\":\"https:\\\/\\\/www.apfelpatient.de\\\/en\\\/#organization\"}},{\"@type\":\"WebPage\",\"@id\":\"https:\\\/\\\/www.apfelpatient.de\\\/news\\\/apple-tv-gibt-starttermin-fuer-sugar-staffel-2-bekannt\",\"url\":\"https:\\\/\\\/www.apfelpatient.de\\\/news\\\/apple-tv-gibt-starttermin-fuer-sugar-staffel-2-bekannt\",\"name\":\"Apple TV gibt Starttermin f\u00fcr Sugar Staffel 2 bekannt Apfelpatient\",\"isPartOf\":{\"@id\":\"https:\\\/\\\/www.apfelpatient.de\\\/#website\"},\"primaryImageOfPage\":{\"@id\":\"https:\\\/\\\/www.apfelpatient.de\\\/news\\\/apple-tv-gibt-starttermin-fuer-sugar-staffel-2-bekannt#primaryimage\"},\"image\":{\"@id\":\"https:\\\/\\\/www.apfelpatient.de\\\/news\\\/apple-tv-gibt-starttermin-fuer-sugar-staffel-2-bekannt#primaryimage\"},\"thumbnailUrl\":\"https:\\\/\\\/www.apfelpatient.de\\\/wp-content\\\/uploads\\\/2026\\\/01\\\/013026_Sugar_Season_Two_Big_Image_01.jpg\",\"datePublished\":\"2026-01-30T22:46:20+00:00\",\"dateModified\":\"2026-01-30T22:48:33+00:00\",\"description\":\"Apple TV best\u00e4tigt Sugar Staffel 2: Der Neo-Noir-Krimi mit Colin Farrell geht weiter. Alle Infos zu Handlung, Cast und Ver\u00f6ffentlichung.\",\"breadcrumb\":{\"@id\":\"https:\\\/\\\/www.apfelpatient.de\\\/news\\\/apple-tv-gibt-starttermin-fuer-sugar-staffel-2-bekannt#breadcrumb\"},\"inLanguage\":\"en-US\",\"potentialAction\":[{\"@type\":\"ReadAction\",\"target\":[\"https:\\\/\\\/www.apfelpatient.de\\\/news\\\/apple-tv-gibt-starttermin-fuer-sugar-staffel-2-bekannt\"]}]},{\"@type\":\"ImageObject\",\"inLanguage\":\"en-US\",\"@id\":\"https:\\\/\\\/www.apfelpatient.de\\\/news\\\/apple-tv-gibt-starttermin-fuer-sugar-staffel-2-bekannt#primaryimage\",\"url\":\"https:\\\/\\\/www.apfelpatient.de\\\/wp-content\\\/uploads\\\/2026\\\/01\\\/013026_Sugar_Season_Two_Big_Image_01.jpg\",\"contentUrl\":\"https:\\\/\\\/www.apfelpatient.de\\\/wp-content\\\/uploads\\\/2026\\\/01\\\/013026_Sugar_Season_Two_Big_Image_01.jpg\",\"width\":1600,\"height\":1066,\"caption\":\"Bild: Apple\"},{\"@type\":\"BreadcrumbList\",\"@id\":\"https:\\\/\\\/www.apfelpatient.de\\\/news\\\/apple-tv-gibt-starttermin-fuer-sugar-staffel-2-bekannt#breadcrumb\",\"itemListElement\":[{\"@type\":\"ListItem\",\"position\":1,\"name\":\"Startseite\",\"item\":\"https:\\\/\\\/www.apfelpatient.de\\\/\"},{\"@type\":\"ListItem\",\"position\":2,\"name\":\"Apple TV gibt Starttermin f\u00fcr Sugar Staffel 2 bekannt\"}]},{\"@type\":\"WebSite\",\"@id\":\"https:\\\/\\\/www.apfelpatient.de\\\/#website\",\"url\":\"https:\\\/\\\/www.apfelpatient.de\\\/\",\"name\":\"Apfelpatient\",\"description\":\"Alles rund um Apple!\",\"publisher\":{\"@type\":\"Organization\",\"@id\":\"https:\\\/\\\/www.apfelpatient.de\\\/en\\\/#organization\",\"name\":\"Apfelpatient\",\"url\":\"https:\\\/\\\/www.apfelpatient.de\\\/en\\\/\"},\"alternateName\":\"Apfelpatient\",\"potentialAction\":[{\"@type\":\"SearchAction\",\"target\":{\"@type\":\"EntryPoint\",\"urlTemplate\":\"https:\\\/\\\/www.apfelpatient.de\\\/?s={search_term_string}\"},\"query-input\":{\"@type\":\"PropertyValueSpecification\",\"valueRequired\":true,\"valueName\":\"search_term_string\"}}],\"inLanguage\":\"en-US\"},{\"@type\":[\"Person\",\"Organization\"],\"@id\":\"https:\\\/\\\/www.apfelpatient.de\\\/#\\\/schema\\\/person\\\/35b3ddba5832f2bfc7fff5206d4f6b7b\",\"name\":\"Milan\",\"logo\":{\"@id\":\"https:\\\/\\\/www.apfelpatient.de\\\/#\\\/schema\\\/person\\\/image\\\/\"},\"description\":\"Hallo und herzlich willkommen auf meinem Technik-Blog! Als gro\u00dfer Apple-Fan berichte ich hier \u00fcber alles, was mit Apple zu tun hat: von den neuesten News und spannenden Ger\u00fcchten \u00fcber hilfreiche Tipps und Tricks bis hin zu ausf\u00fchrlichen Produkttests. Wenn du genauso technikbegeistert bist wie ich, bist du hier genau richtig!\",\"sameAs\":[\"https:\\\/\\\/www.facebook.com\\\/apfelpatientOfficial\",\"https:\\\/\\\/www.linkedin.com\\\/in\\\/milan-jovicic-42aa0231b\"],\"url\":\"https:\\\/\\\/www.apfelpatient.de\\\/en\\\/author\\\/apfeladmin\"}]}<\/script>\n<!-- \/ Yoast SEO Premium plugin. -->","yoast_head_json":{"title":"Apple TV announces release date for Sugar Season 2 Apfelpatient","description":"Apple TV confirms Sugar Season 2: The neo-noir crime thriller starring Colin Farrell continues. All the information on plot, cast, and release.","robots":{"index":"index","follow":"follow","max-snippet":"max-snippet:-1","max-image-preview":"max-image-preview:large","max-video-preview":"max-video-preview:-1"},"canonical":"https:\/\/www.apfelpatient.de\/en\/news\/apple-tv-announces-release-date-for-sugar-season-2","og_locale":"en_US","og_type":"article","og_title":"Apple TV gibt Starttermin f\u00fcr Sugar Staffel 2 bekannt","og_description":"Apple TV best\u00e4tigt Sugar Staffel 2: Der Neo-Noir-Krimi mit Colin Farrell geht weiter. Alle Infos zu Handlung, Cast und Ver\u00f6ffentlichung.","og_url":"https:\/\/www.apfelpatient.de\/en\/news\/apple-tv-announces-release-date-for-sugar-season-2","og_site_name":"Apfelpatient","article_publisher":"https:\/\/www.facebook.com\/apfelpatientOfficial","article_author":"https:\/\/www.facebook.com\/apfelpatientOfficial","article_published_time":"2026-01-30T22:46:20+00:00","article_modified_time":"2026-01-30T22:48:33+00:00","og_image":[{"width":1600,"height":1066,"url":"https:\/\/www.apfelpatient.de\/wp-content\/uploads\/2026\/01\/013026_Sugar_Season_Two_Big_Image_01.jpg","type":"image\/jpeg"}],"author":"Milan","twitter_card":"summary_large_image","twitter_description":"Apple TV best\u00e4tigt Sugar Staffel 2: Der Neo-Noir-Krimi mit Colin Farrell geht weiter. Alle Infos zu Handlung, Cast und Ver\u00f6ffentlichung.","twitter_misc":{"Written by":"Milan","Est. reading time":"5 minutes"},"schema":{"@context":"https:\/\/schema.org","@graph":[{"@type":"NewsArticle","@id":"https:\/\/www.apfelpatient.de\/news\/apple-tv-gibt-starttermin-fuer-sugar-staffel-2-bekannt#article","isPartOf":{"@id":"https:\/\/www.apfelpatient.de\/news\/apple-tv-gibt-starttermin-fuer-sugar-staffel-2-bekannt"},"author":{"@type":"Organization","@id":"https:\/\/www.apfelpatient.de\/en\/#organization","name":"Apfelpatient","url":"https:\/\/www.apfelpatient.de\/en\/"},"headline":"Apple TV gibt Starttermin f\u00fcr Sugar Staffel 2 bekannt","datePublished":"2026-01-30T22:46:20+00:00","dateModified":"2026-01-30T22:48:33+00:00","mainEntityOfPage":{"@id":"https:\/\/www.apfelpatient.de\/news\/apple-tv-gibt-starttermin-fuer-sugar-staffel-2-bekannt"},"wordCount":697,"publisher":{"@type":"Organization","@id":"https:\/\/www.apfelpatient.de\/en\/#organization","name":"Apfelpatient","url":"https:\/\/www.apfelpatient.de\/en\/"},"image":{"@id":"https:\/\/www.apfelpatient.de\/news\/apple-tv-gibt-starttermin-fuer-sugar-staffel-2-bekannt#primaryimage"},"thumbnailUrl":"https:\/\/www.apfelpatient.de\/wp-content\/uploads\/2026\/01\/013026_Sugar_Season_Two_Big_Image_01.jpg","keywords":["Apple Dienste","Apple TV"],"articleSection":"News","inLanguage":"en-US","copyrightYear":"2026","copyrightHolder":{"@id":"https:\/\/www.apfelpatient.de\/en\/#organization"}},{"@type":"WebPage","@id":"https:\/\/www.apfelpatient.de\/news\/apple-tv-gibt-starttermin-fuer-sugar-staffel-2-bekannt","url":"https:\/\/www.apfelpatient.de\/news\/apple-tv-gibt-starttermin-fuer-sugar-staffel-2-bekannt","name":"Apple TV announces release date for Sugar Season 2 Apfelpatient","isPartOf":{"@id":"https:\/\/www.apfelpatient.de\/#website"},"primaryImageOfPage":{"@id":"https:\/\/www.apfelpatient.de\/news\/apple-tv-gibt-starttermin-fuer-sugar-staffel-2-bekannt#primaryimage"},"image":{"@id":"https:\/\/www.apfelpatient.de\/news\/apple-tv-gibt-starttermin-fuer-sugar-staffel-2-bekannt#primaryimage"},"thumbnailUrl":"https:\/\/www.apfelpatient.de\/wp-content\/uploads\/2026\/01\/013026_Sugar_Season_Two_Big_Image_01.jpg","datePublished":"2026-01-30T22:46:20+00:00","dateModified":"2026-01-30T22:48:33+00:00","description":"Apple TV confirms Sugar Season 2: The neo-noir crime thriller starring Colin Farrell continues. All the information on plot, cast, and release.","breadcrumb":{"@id":"https:\/\/www.apfelpatient.de\/news\/apple-tv-gibt-starttermin-fuer-sugar-staffel-2-bekannt#breadcrumb"},"inLanguage":"en-US","potentialAction":[{"@type":"ReadAction","target":["https:\/\/www.apfelpatient.de\/news\/apple-tv-gibt-starttermin-fuer-sugar-staffel-2-bekannt"]}]},{"@type":"ImageObject","inLanguage":"en-US","@id":"https:\/\/www.apfelpatient.de\/news\/apple-tv-gibt-starttermin-fuer-sugar-staffel-2-bekannt#primaryimage","url":"https:\/\/www.apfelpatient.de\/wp-content\/uploads\/2026\/01\/013026_Sugar_Season_Two_Big_Image_01.jpg","contentUrl":"https:\/\/www.apfelpatient.de\/wp-content\/uploads\/2026\/01\/013026_Sugar_Season_Two_Big_Image_01.jpg","width":1600,"height":1066,"caption":"Bild: Apple"},{"@type":"BreadcrumbList","@id":"https:\/\/www.apfelpatient.de\/news\/apple-tv-gibt-starttermin-fuer-sugar-staffel-2-bekannt#breadcrumb","itemListElement":[{"@type":"ListItem","position":1,"name":"Startseite","item":"https:\/\/www.apfelpatient.de\/"},{"@type":"ListItem","position":2,"name":"Apple TV gibt Starttermin f\u00fcr Sugar Staffel 2 bekannt"}]},{"@type":"WebSite","@id":"https:\/\/www.apfelpatient.de\/#website","url":"https:\/\/www.apfelpatient.de\/","name":"apple patient","description":"Everything about Apple!","publisher":{"@type":"Organization","@id":"https:\/\/www.apfelpatient.de\/en\/#organization","name":"Apfelpatient","url":"https:\/\/www.apfelpatient.de\/en\/"},"alternateName":"Apfelpatient","potentialAction":[{"@type":"SearchAction","target":{"@type":"EntryPoint","urlTemplate":"https:\/\/www.apfelpatient.de\/?s={search_term_string}"},"query-input":{"@type":"PropertyValueSpecification","valueRequired":true,"valueName":"search_term_string"}}],"inLanguage":"en-US"},{"@type":["Person","Organization"],"@id":"https:\/\/www.apfelpatient.de\/#\/schema\/person\/35b3ddba5832f2bfc7fff5206d4f6b7b","name":"Milan","logo":{"@id":"https:\/\/www.apfelpatient.de\/#\/schema\/person\/image\/"},"description":"Hello and welcome to my technology blog! As a big Apple fan, I report on everything to do with Apple: from the latest news and exciting rumors to helpful tips and tricks and detailed product tests. If you are as enthusiastic about technology as I am, you have come to the right place!","sameAs":["https:\/\/www.facebook.com\/apfelpatientOfficial","https:\/\/www.linkedin.com\/in\/milan-jovicic-42aa0231b"],"url":"https:\/\/www.apfelpatient.de\/en\/author\/apfeladmin"}]}},"_links":{"self":[{"href":"https:\/\/www.apfelpatient.de\/en\/wp-json\/wp\/v2\/posts\/63481","targetHints":{"allow":["GET"]}}],"collection":[{"href":"https:\/\/www.apfelpatient.de\/en\/wp-json\/wp\/v2\/posts"}],"about":[{"href":"https:\/\/www.apfelpatient.de\/en\/wp-json\/wp\/v2\/types\/post"}],"author":[{"embeddable":true,"href":"https:\/\/www.apfelpatient.de\/en\/wp-json\/wp\/v2\/users\/2"}],"replies":[{"embeddable":true,"href":"https:\/\/www.apfelpatient.de\/en\/wp-json\/wp\/v2\/comments?post=63481"}],"version-history":[{"count":2,"href":"https:\/\/www.apfelpatient.de\/en\/wp-json\/wp\/v2\/posts\/63481\/revisions"}],"predecessor-version":[{"id":63483,"href":"https:\/\/www.apfelpatient.de\/en\/wp-json\/wp\/v2\/posts\/63481\/revisions\/63483"}],"wp:featuredmedia":[{"embeddable":true,"href":"https:\/\/www.apfelpatient.de\/en\/wp-json\/wp\/v2\/media\/63475"}],"wp:attachment":[{"href":"https:\/\/www.apfelpatient.de\/en\/wp-json\/wp\/v2\/media?parent=63481"}],"wp:term":[{"taxonomy":"category","embeddable":true,"href":"https:\/\/www.apfelpatient.de\/en\/wp-json\/wp\/v2\/categories?post=63481"},{"taxonomy":"post_tag","embeddable":true,"href":"https:\/\/www.apfelpatient.de\/en\/wp-json\/wp\/v2\/tags?post=63481"}],"curies":[{"name":"wp","href":"https:\/\/api.w.org\/{rel}","templated":true}]}}