{"id":6347,"date":"2019-09-29T17:39:13","date_gmt":"2019-09-29T15:39:13","guid":{"rendered":"https:\/\/www.apfelpatient.de\/?p=6347"},"modified":"2025-10-14T16:23:03","modified_gmt":"2025-10-14T14:23:03","slug":"apple-tv-movies-to-debut-in-theaters","status":"publish","type":"post","link":"https:\/\/www.apfelpatient.de\/en\/rumors\/apple-tv-filme-sollen-im-kino-debuetieren","title":{"rendered":"Apple TV+ \u2013 Films to debut in theaters"},"content":{"rendered":"<p class=\"p2\"><strong>Apple&#039;s new streaming service, Apple TV+, will launch in over 100 countries on November 1st. Now, clues about Apple&#039;s plans regarding its own film productions have leaked out.<\/strong><\/p>\n<p class=\"p2\">The Wall Street Journal has published a new report on Apple TV+. The newspaper claims to have learned new information about Apple&#039;s plans. According to the report, Apple plans to release self-produced films in cinemas first before making them available to Apple TV+ subscribers in the corresponding TV app. But why does Apple want to go to the cinema? According to the WSJ, Apple wants to attract more Hollywood personalities. Many top directors and producers are still interested in classic cinema - a feature that is not the case with Netflix Originals, for example. Whether this will make Apple more attractive to such Hollywood personalities remains to be seen, of course. But that&#039;s not all.<\/p>\n<p class=\"p2\"><strong>Three movies already scheduled<\/strong><\/p>\n<p class=\"p2\">Apple is said to have hired Hollywood strategists to increase its chances of winning an Oscar or an Emmy - one of these people is said to be Greg Foster. One of the first projects is said to be the documentary &quot;The Elephant Queen&quot; - according to the Wall Street Journal. The films &quot;The Banker&quot; and &quot;Hala&quot; are also said to be scheduled for a theatrical release. Apple even wants to qualify for a film award with &quot;The Elephant Queen&quot;. The information on this is said to come from insiders - according to the WSJ. In addition, Cupertino is said to be already preparing the launch for the first major film - &quot;On the Rocks&quot; with Rashida Jones in the lead role - according to the sources.<\/p>\n<p class=\"p1\"><\/p>\n<p class=\"p2\">The film could even premiere at the Cannes Film Festival next year. The insiders reiterate that Apple is not interested in selling cinema tickets. The aim is to become more attractive to young talent. The subscription for Apple TV+ will cost $4.99 (\u20ac5) a month and of course includes a free trial month - family sharing will also be included. The service will launch on November 1st in over 100 countries - including Germany. <em>(Photo by vectorpocket \/ Bigstockphoto)<\/em><\/p>\n<h5><em><strong>You don&#039;t want to miss any more news? Then subscribe to our <a href=\"https:\/\/t.me\/apfelpatient_official\">Telegram channel<\/a><\/strong><\/em><\/h5>","protected":false},"excerpt":{"rendered":"<p>Apples neuer Streaming-Dienst, Apple TV+, wird bekanntlich am 01. November in \u00fcber 100 L\u00e4ndern starten. Nun sind Hinweise auf Apples Pl\u00e4ne in Bezug auf eigene Filmproduktionen durchgesickert. Das Wall Street Journal hat einen neuen Bericht zum Thema Apple TV+ ver\u00f6ffentlicht. Die Zeitung will neue Informationen zu Apples Pl\u00e4nen erfahren haben. Demnach plant Apple selbstproduzierte Filme [&hellip;]<\/p>\n","protected":false},"author":2,"featured_media":6348,"comment_status":"closed","ping_status":"open","sticky":false,"template":"","format":"standard","meta":{"jnews-multi-image_gallery":[],"jnews_single_post":[],"jnews_primary_category":[],"footnotes":""},"categories":[25],"tags":[34,156,248],"class_list":["post-6347","post","type-post","status-publish","format-standard","has-post-thumbnail","hentry","category-rumors","tag-apple-dienste","tag-apple-tv","tag-apple-tv-plus"],"yoast_head":"<!-- This site is optimized with the Yoast SEO Premium plugin v27.5 (Yoast SEO v27.5) - https:\/\/yoast.com\/product\/yoast-seo-premium-wordpress\/ -->\n<title>Apple TV+ - Filme sollen im Kino deb\u00fctieren<\/title>\n<meta name=\"description\" content=\"Apples neuer Streaming-Dienst, Apple TV+, wird bekanntlich am 01. November in \u00fcber 100 L\u00e4ndern starten.\" \/>\n<meta name=\"robots\" content=\"index, follow, max-snippet:-1, max-image-preview:large, max-video-preview:-1\" \/>\n<link rel=\"canonical\" href=\"https:\/\/www.apfelpatient.de\/en\/rumors\/apple-tv-movies-to-debut-in-theaters\" \/>\n<meta property=\"og:locale\" content=\"en_US\" \/>\n<meta property=\"og:type\" content=\"article\" \/>\n<meta property=\"og:title\" content=\"Apple TV+ - Filme sollen im Kino deb\u00fctieren\" \/>\n<meta property=\"og:description\" content=\"Apples neuer Streaming-Dienst, Apple TV+, wird bekanntlich am 01. November in \u00fcber 100 L\u00e4ndern starten.\" \/>\n<meta property=\"og:url\" content=\"https:\/\/www.apfelpatient.de\/en\/rumors\/apple-tv-movies-to-debut-in-theaters\" \/>\n<meta property=\"og:site_name\" content=\"Apfelpatient\" \/>\n<meta property=\"article:publisher\" content=\"https:\/\/www.facebook.com\/apfelpatientOfficial\" \/>\n<meta property=\"article:author\" content=\"https:\/\/www.facebook.com\/apfelpatientOfficial\" \/>\n<meta property=\"article:published_time\" content=\"2019-09-29T15:39:13+00:00\" \/>\n<meta property=\"article:modified_time\" content=\"2025-10-14T14:23:03+00:00\" \/>\n<meta property=\"og:image\" content=\"https:\/\/www.apfelpatient.de\/wp-content\/uploads\/2019\/09\/bigstock-White-Luminous-Cinema-Movie-Th-257907181.jpg\" \/>\n\t<meta property=\"og:image:width\" content=\"1600\" \/>\n\t<meta property=\"og:image:height\" content=\"995\" \/>\n\t<meta property=\"og:image:type\" content=\"image\/jpeg\" \/>\n<meta name=\"author\" content=\"Milan\" \/>\n<meta name=\"twitter:card\" content=\"summary_large_image\" \/>\n<meta name=\"twitter:label1\" content=\"Written by\" \/>\n\t<meta name=\"twitter:data1\" content=\"Milan\" \/>\n\t<meta name=\"twitter:label2\" content=\"Est. reading time\" \/>\n\t<meta name=\"twitter:data2\" content=\"2 minutes\" \/>\n<script type=\"application\/ld+json\" class=\"yoast-schema-graph\">{\"@context\":\"https:\\\/\\\/schema.org\",\"@graph\":[{\"@type\":\"NewsArticle\",\"@id\":\"https:\\\/\\\/www.apfelpatient.de\\\/rumors\\\/apple-tv-filme-sollen-im-kino-debuetieren#article\",\"isPartOf\":{\"@id\":\"https:\\\/\\\/www.apfelpatient.de\\\/rumors\\\/apple-tv-filme-sollen-im-kino-debuetieren\"},\"author\":{\"@type\":\"Organization\",\"@id\":\"https:\\\/\\\/www.apfelpatient.de\\\/en\\\/#organization\",\"name\":\"Apfelpatient\",\"url\":\"https:\\\/\\\/www.apfelpatient.de\\\/en\\\/\"},\"headline\":\"Apple TV+ &#8211; Filme sollen im Kino deb\u00fctieren\",\"datePublished\":\"2019-09-29T15:39:13+00:00\",\"dateModified\":\"2025-10-14T14:23:03+00:00\",\"mainEntityOfPage\":{\"@id\":\"https:\\\/\\\/www.apfelpatient.de\\\/rumors\\\/apple-tv-filme-sollen-im-kino-debuetieren\"},\"wordCount\":361,\"publisher\":{\"@type\":\"Organization\",\"@id\":\"https:\\\/\\\/www.apfelpatient.de\\\/en\\\/#organization\",\"name\":\"Apfelpatient\",\"url\":\"https:\\\/\\\/www.apfelpatient.de\\\/en\\\/\"},\"image\":{\"@id\":\"https:\\\/\\\/www.apfelpatient.de\\\/rumors\\\/apple-tv-filme-sollen-im-kino-debuetieren#primaryimage\"},\"thumbnailUrl\":\"https:\\\/\\\/www.apfelpatient.de\\\/wp-content\\\/uploads\\\/2019\\\/09\\\/bigstock-White-Luminous-Cinema-Movie-Th-257907181.jpg\",\"keywords\":[\"Apple Dienste\",\"Apple TV\",\"Apple TV Plus\"],\"articleSection\":\"Rumors\",\"inLanguage\":\"en-US\",\"copyrightYear\":\"2019\",\"copyrightHolder\":{\"@id\":\"https:\\\/\\\/www.apfelpatient.de\\\/en\\\/#organization\"}},{\"@type\":\"WebPage\",\"@id\":\"https:\\\/\\\/www.apfelpatient.de\\\/rumors\\\/apple-tv-filme-sollen-im-kino-debuetieren\",\"url\":\"https:\\\/\\\/www.apfelpatient.de\\\/rumors\\\/apple-tv-filme-sollen-im-kino-debuetieren\",\"name\":\"Apple TV+ - Filme sollen im Kino deb\u00fctieren\",\"isPartOf\":{\"@id\":\"https:\\\/\\\/www.apfelpatient.de\\\/#website\"},\"primaryImageOfPage\":{\"@id\":\"https:\\\/\\\/www.apfelpatient.de\\\/rumors\\\/apple-tv-filme-sollen-im-kino-debuetieren#primaryimage\"},\"image\":{\"@id\":\"https:\\\/\\\/www.apfelpatient.de\\\/rumors\\\/apple-tv-filme-sollen-im-kino-debuetieren#primaryimage\"},\"thumbnailUrl\":\"https:\\\/\\\/www.apfelpatient.de\\\/wp-content\\\/uploads\\\/2019\\\/09\\\/bigstock-White-Luminous-Cinema-Movie-Th-257907181.jpg\",\"datePublished\":\"2019-09-29T15:39:13+00:00\",\"dateModified\":\"2025-10-14T14:23:03+00:00\",\"description\":\"Apples neuer Streaming-Dienst, Apple TV+, wird bekanntlich am 01. November in \u00fcber 100 L\u00e4ndern starten.\",\"breadcrumb\":{\"@id\":\"https:\\\/\\\/www.apfelpatient.de\\\/rumors\\\/apple-tv-filme-sollen-im-kino-debuetieren#breadcrumb\"},\"inLanguage\":\"en-US\",\"potentialAction\":[{\"@type\":\"ReadAction\",\"target\":[\"https:\\\/\\\/www.apfelpatient.de\\\/rumors\\\/apple-tv-filme-sollen-im-kino-debuetieren\"]}]},{\"@type\":\"ImageObject\",\"inLanguage\":\"en-US\",\"@id\":\"https:\\\/\\\/www.apfelpatient.de\\\/rumors\\\/apple-tv-filme-sollen-im-kino-debuetieren#primaryimage\",\"url\":\"https:\\\/\\\/www.apfelpatient.de\\\/wp-content\\\/uploads\\\/2019\\\/09\\\/bigstock-White-Luminous-Cinema-Movie-Th-257907181.jpg\",\"contentUrl\":\"https:\\\/\\\/www.apfelpatient.de\\\/wp-content\\\/uploads\\\/2019\\\/09\\\/bigstock-White-Luminous-Cinema-Movie-Th-257907181.jpg\",\"width\":1600,\"height\":995,\"caption\":\"White luminous cinema movie theatre screen with red curtains and rows of chairs, realistic illustration, background. Concept movie premiere, poster with interior of a cinema and space for text\"},{\"@type\":\"BreadcrumbList\",\"@id\":\"https:\\\/\\\/www.apfelpatient.de\\\/rumors\\\/apple-tv-filme-sollen-im-kino-debuetieren#breadcrumb\",\"itemListElement\":[{\"@type\":\"ListItem\",\"position\":1,\"name\":\"Startseite\",\"item\":\"https:\\\/\\\/www.apfelpatient.de\\\/\"},{\"@type\":\"ListItem\",\"position\":2,\"name\":\"Apple TV+ &#8211; Filme sollen im Kino deb\u00fctieren\"}]},{\"@type\":\"WebSite\",\"@id\":\"https:\\\/\\\/www.apfelpatient.de\\\/#website\",\"url\":\"https:\\\/\\\/www.apfelpatient.de\\\/\",\"name\":\"Apfelpatient\",\"description\":\"Alles rund um Apple!\",\"publisher\":{\"@type\":\"Organization\",\"@id\":\"https:\\\/\\\/www.apfelpatient.de\\\/en\\\/#organization\",\"name\":\"Apfelpatient\",\"url\":\"https:\\\/\\\/www.apfelpatient.de\\\/en\\\/\"},\"alternateName\":\"Apfelpatient\",\"potentialAction\":[{\"@type\":\"SearchAction\",\"target\":{\"@type\":\"EntryPoint\",\"urlTemplate\":\"https:\\\/\\\/www.apfelpatient.de\\\/?s={search_term_string}\"},\"query-input\":{\"@type\":\"PropertyValueSpecification\",\"valueRequired\":true,\"valueName\":\"search_term_string\"}}],\"inLanguage\":\"en-US\"},{\"@type\":[\"Person\",\"Organization\"],\"@id\":\"https:\\\/\\\/www.apfelpatient.de\\\/#\\\/schema\\\/person\\\/7dc56ad6c8e9824b76d2c08d4c140e13\",\"name\":\"Milan\",\"logo\":{\"@id\":\"https:\\\/\\\/www.apfelpatient.de\\\/#\\\/schema\\\/person\\\/image\\\/\"},\"description\":\"Hallo und herzlich willkommen auf meinem Technik-Blog! Als gro\u00dfer Apple-Fan berichte ich hier \u00fcber alles, was mit Apple zu tun hat: von den neuesten News und spannenden Ger\u00fcchten \u00fcber hilfreiche Tipps und Tricks bis hin zu ausf\u00fchrlichen Produkttests. Wenn du genauso technikbegeistert bist wie ich, bist du hier genau richtig!\",\"sameAs\":[\"https:\\\/\\\/www.facebook.com\\\/apfelpatientOfficial\",\"https:\\\/\\\/www.linkedin.com\\\/in\\\/milan-jovicic-42aa0231b\"],\"url\":\"https:\\\/\\\/www.apfelpatient.de\\\/en\\\/author\\\/apfeladmin\"}]}<\/script>\n<!-- \/ Yoast SEO Premium plugin. -->","yoast_head_json":{"title":"Apple TV+ - Films to debut in theaters","description":"Apple&#039;s new streaming service, Apple TV+, will launch on November 1st in over 100 countries.","robots":{"index":"index","follow":"follow","max-snippet":"max-snippet:-1","max-image-preview":"max-image-preview:large","max-video-preview":"max-video-preview:-1"},"canonical":"https:\/\/www.apfelpatient.de\/en\/rumors\/apple-tv-movies-to-debut-in-theaters","og_locale":"en_US","og_type":"article","og_title":"Apple TV+ - Filme sollen im Kino deb\u00fctieren","og_description":"Apples neuer Streaming-Dienst, Apple TV+, wird bekanntlich am 01. November in \u00fcber 100 L\u00e4ndern starten.","og_url":"https:\/\/www.apfelpatient.de\/en\/rumors\/apple-tv-movies-to-debut-in-theaters","og_site_name":"Apfelpatient","article_publisher":"https:\/\/www.facebook.com\/apfelpatientOfficial","article_author":"https:\/\/www.facebook.com\/apfelpatientOfficial","article_published_time":"2019-09-29T15:39:13+00:00","article_modified_time":"2025-10-14T14:23:03+00:00","og_image":[{"width":1600,"height":995,"url":"https:\/\/www.apfelpatient.de\/wp-content\/uploads\/2019\/09\/bigstock-White-Luminous-Cinema-Movie-Th-257907181.jpg","type":"image\/jpeg"}],"author":"Milan","twitter_card":"summary_large_image","twitter_misc":{"Written by":"Milan","Est. reading time":"2 minutes"},"schema":{"@context":"https:\/\/schema.org","@graph":[{"@type":"NewsArticle","@id":"https:\/\/www.apfelpatient.de\/rumors\/apple-tv-filme-sollen-im-kino-debuetieren#article","isPartOf":{"@id":"https:\/\/www.apfelpatient.de\/rumors\/apple-tv-filme-sollen-im-kino-debuetieren"},"author":{"@type":"Organization","@id":"https:\/\/www.apfelpatient.de\/en\/#organization","name":"Apfelpatient","url":"https:\/\/www.apfelpatient.de\/en\/"},"headline":"Apple TV+ &#8211; Filme sollen im Kino deb\u00fctieren","datePublished":"2019-09-29T15:39:13+00:00","dateModified":"2025-10-14T14:23:03+00:00","mainEntityOfPage":{"@id":"https:\/\/www.apfelpatient.de\/rumors\/apple-tv-filme-sollen-im-kino-debuetieren"},"wordCount":361,"publisher":{"@type":"Organization","@id":"https:\/\/www.apfelpatient.de\/en\/#organization","name":"Apfelpatient","url":"https:\/\/www.apfelpatient.de\/en\/"},"image":{"@id":"https:\/\/www.apfelpatient.de\/rumors\/apple-tv-filme-sollen-im-kino-debuetieren#primaryimage"},"thumbnailUrl":"https:\/\/www.apfelpatient.de\/wp-content\/uploads\/2019\/09\/bigstock-White-Luminous-Cinema-Movie-Th-257907181.jpg","keywords":["Apple Dienste","Apple TV","Apple TV Plus"],"articleSection":"Rumors","inLanguage":"en-US","copyrightYear":"2019","copyrightHolder":{"@id":"https:\/\/www.apfelpatient.de\/en\/#organization"}},{"@type":"WebPage","@id":"https:\/\/www.apfelpatient.de\/rumors\/apple-tv-filme-sollen-im-kino-debuetieren","url":"https:\/\/www.apfelpatient.de\/rumors\/apple-tv-filme-sollen-im-kino-debuetieren","name":"Apple TV+ - Films to debut in theaters","isPartOf":{"@id":"https:\/\/www.apfelpatient.de\/#website"},"primaryImageOfPage":{"@id":"https:\/\/www.apfelpatient.de\/rumors\/apple-tv-filme-sollen-im-kino-debuetieren#primaryimage"},"image":{"@id":"https:\/\/www.apfelpatient.de\/rumors\/apple-tv-filme-sollen-im-kino-debuetieren#primaryimage"},"thumbnailUrl":"https:\/\/www.apfelpatient.de\/wp-content\/uploads\/2019\/09\/bigstock-White-Luminous-Cinema-Movie-Th-257907181.jpg","datePublished":"2019-09-29T15:39:13+00:00","dateModified":"2025-10-14T14:23:03+00:00","description":"Apple&#039;s new streaming service, Apple TV+, will launch on November 1st in over 100 countries.","breadcrumb":{"@id":"https:\/\/www.apfelpatient.de\/rumors\/apple-tv-filme-sollen-im-kino-debuetieren#breadcrumb"},"inLanguage":"en-US","potentialAction":[{"@type":"ReadAction","target":["https:\/\/www.apfelpatient.de\/rumors\/apple-tv-filme-sollen-im-kino-debuetieren"]}]},{"@type":"ImageObject","inLanguage":"en-US","@id":"https:\/\/www.apfelpatient.de\/rumors\/apple-tv-filme-sollen-im-kino-debuetieren#primaryimage","url":"https:\/\/www.apfelpatient.de\/wp-content\/uploads\/2019\/09\/bigstock-White-Luminous-Cinema-Movie-Th-257907181.jpg","contentUrl":"https:\/\/www.apfelpatient.de\/wp-content\/uploads\/2019\/09\/bigstock-White-Luminous-Cinema-Movie-Th-257907181.jpg","width":1600,"height":995,"caption":"White luminous cinema movie theatre screen with red curtains and rows of chairs, realistic illustration, background. Concept movie premiere, poster with interior of a cinema and space for text"},{"@type":"BreadcrumbList","@id":"https:\/\/www.apfelpatient.de\/rumors\/apple-tv-filme-sollen-im-kino-debuetieren#breadcrumb","itemListElement":[{"@type":"ListItem","position":1,"name":"Startseite","item":"https:\/\/www.apfelpatient.de\/"},{"@type":"ListItem","position":2,"name":"Apple TV+ &#8211; Filme sollen im Kino deb\u00fctieren"}]},{"@type":"WebSite","@id":"https:\/\/www.apfelpatient.de\/#website","url":"https:\/\/www.apfelpatient.de\/","name":"apple patient","description":"Everything about Apple!","publisher":{"@type":"Organization","@id":"https:\/\/www.apfelpatient.de\/en\/#organization","name":"Apfelpatient","url":"https:\/\/www.apfelpatient.de\/en\/"},"alternateName":"Apfelpatient","potentialAction":[{"@type":"SearchAction","target":{"@type":"EntryPoint","urlTemplate":"https:\/\/www.apfelpatient.de\/?s={search_term_string}"},"query-input":{"@type":"PropertyValueSpecification","valueRequired":true,"valueName":"search_term_string"}}],"inLanguage":"en-US"},{"@type":["Person","Organization"],"@id":"https:\/\/www.apfelpatient.de\/#\/schema\/person\/7dc56ad6c8e9824b76d2c08d4c140e13","name":"Milan","logo":{"@id":"https:\/\/www.apfelpatient.de\/#\/schema\/person\/image\/"},"description":"Hello and welcome to my technology blog! As a big Apple fan, I report on everything to do with Apple: from the latest news and exciting rumors to helpful tips and tricks and detailed product tests. If you are as enthusiastic about technology as I am, you have come to the right place!","sameAs":["https:\/\/www.facebook.com\/apfelpatientOfficial","https:\/\/www.linkedin.com\/in\/milan-jovicic-42aa0231b"],"url":"https:\/\/www.apfelpatient.de\/en\/author\/apfeladmin"}]}},"_links":{"self":[{"href":"https:\/\/www.apfelpatient.de\/en\/wp-json\/wp\/v2\/posts\/6347","targetHints":{"allow":["GET"]}}],"collection":[{"href":"https:\/\/www.apfelpatient.de\/en\/wp-json\/wp\/v2\/posts"}],"about":[{"href":"https:\/\/www.apfelpatient.de\/en\/wp-json\/wp\/v2\/types\/post"}],"author":[{"embeddable":true,"href":"https:\/\/www.apfelpatient.de\/en\/wp-json\/wp\/v2\/users\/2"}],"replies":[{"embeddable":true,"href":"https:\/\/www.apfelpatient.de\/en\/wp-json\/wp\/v2\/comments?post=6347"}],"version-history":[{"count":0,"href":"https:\/\/www.apfelpatient.de\/en\/wp-json\/wp\/v2\/posts\/6347\/revisions"}],"wp:featuredmedia":[{"embeddable":true,"href":"https:\/\/www.apfelpatient.de\/en\/wp-json\/wp\/v2\/media\/6348"}],"wp:attachment":[{"href":"https:\/\/www.apfelpatient.de\/en\/wp-json\/wp\/v2\/media?parent=6347"}],"wp:term":[{"taxonomy":"category","embeddable":true,"href":"https:\/\/www.apfelpatient.de\/en\/wp-json\/wp\/v2\/categories?post=6347"},{"taxonomy":"post_tag","embeddable":true,"href":"https:\/\/www.apfelpatient.de\/en\/wp-json\/wp\/v2\/tags?post=6347"}],"curies":[{"name":"wp","href":"https:\/\/api.w.org\/{rel}","templated":true}]}}