{"id":63457,"date":"2026-01-30T14:43:44","date_gmt":"2026-01-30T13:43:44","guid":{"rendered":"https:\/\/www.apfelpatient.de\/?p=63457"},"modified":"2026-01-30T14:48:13","modified_gmt":"2026-01-30T13:48:13","slug":"apple-changes-iphone-strategy-and-splits-the-release-cycle","status":"publish","type":"post","link":"https:\/\/www.apfelpatient.de\/en\/rumors\/apple-aendert-iphone-strategie-und-teilt-den-release-zyklus","title":{"rendered":"Apple changes iPhone strategy and splits the release cycle"},"content":{"rendered":"<p class=\"has-drop-cap\"><strong>Apple is apparently facing a significant change in its iPhone launch strategy. A new report from Nikkei Asia suggests that Apple intends to break with its previously structured release cycle. The information corroborates earlier reports from several reputable sources and is now coalescing into a concrete scenario. The focus is on a staggered market launch, increased pressure on the supply chain, and preparations for a particularly demanding new product.<\/strong><\/p>\n\n\n\n<p>For some time now, there have been indications that Apple is internally working on a new strategy for the iPhone. Reports from The Information, Bloomberg, and the well-known analyst Ming-Chi Kuo had already hinted at this development. The latest Nikkei report confirms these assessments and provides additional details. It becomes particularly clear that economic and production constraints are playing a larger role than before.<\/p>\n\n\n\n<h4 class=\"wp-block-heading\" id=\"h-geteilter-iphone-einfuhrungszyklus-ab-2026\">Split iPhone launch cycle starting in 2026<\/h4>\n\n\n\n<p class=\"translation-block\">According to <a href=\"https:\/\/asia.nikkei.com\/business\/technology\/apple-to-prioritize-premium-iphone-launches-in-2026-amid-memory-crunch\" id=\"https:\/\/asia.nikkei.com\/business\/technology\/apple-to-prioritize-premium-iphone-launches-in-2026-amid-memory-crunch\" target=\"_blank\" rel=\"noreferrer noopener\" data-wpel-link=\"external\">Nikkei Asia<\/a>, Apple plans to stagger the iPhone launch cycle. Starting with the iPhone 18 model, not all devices will be released simultaneously. The iPhone 18 Pro, the iPhone 18 Pro Max, and Apple's first foldable iPhone are reportedly slated for the second half of 2026.<\/p>\n\n\n\n<p>The regular iPhone 18 is expected to follow in the first half of 2027. An updated iPhone 18e is also anticipated around this time, although this model is not explicitly mentioned in the Nikkei report. Additionally, a second-generation iPhone Air is in development, but its market launch is apparently not planned for this year.<\/p>\n\n\n\n<h4 class=\"wp-block-heading\" id=\"h-fokus-auf-premium-modelle-und-erlose\">Focus on premium models and revenues<\/h4>\n\n\n\n<p>The phased approach pursues several goals. Firstly, Apple aims to use its internal resources more efficiently, and secondly, to increase revenue from high-priced models. The Pro models, in particular, play a central role in this, as they generate significantly higher margins.<\/p>\n\n\n\n<p>The report also points to rising costs for memory chips and an overall strained supply chain. These factors make it more difficult for Apple to launch large quantities of different models simultaneously.<\/p>\n\n\n\n<h4 class=\"wp-block-heading\" id=\"h-lieferketten-unter-druck\">Supply chains under pressure<\/h4>\n\n\n\n<p>A senior employee of an Apple supplier told Nikkei that a smoothly functioning supply chain is currently one of the biggest challenges. In addition to logistical problems, a changed marketing strategy also contributed to the decision to focus more on premium devices.<\/p>\n\n\n\n<p>Additional pressure arises from the fact that several suppliers are increasingly shifting their resources to AI companies like Nvidia, Google, and Amazon. These companies are investing heavily in new hardware and claiming production capacities that Apple has also previously used.<\/p>\n\n\n\n<p>It&#039;s noteworthy that Apple itself pointed to iPhone supply shortages during its recent earnings press conference. This shows that the problems are not merely theoretical, but are already having a concrete impact.<\/p>\n\n\n\n<h4 class=\"wp-block-heading\" id=\"h-das-faltbare-iphone-als-kritischer-faktor\">The foldable iPhone as a critical factor<\/h4>\n\n\n\n<p>The timing of this strategic realignment is closely linked to Apple&#039;s most ambitious new product. The planned mass production of a foldable iPhone places significantly higher demands on the company than previous models. More complex manufacturing techniques and new materials increase the risk of production errors and delays.<\/p>\n\n\n\n<p>For Apple, it is therefore crucial to minimize potential problems before and during the planned fall launch. A split release cycle provides more time to stabilize processes and specifically mitigate bottlenecks.<\/p>\n\n\n\n<h3 class=\"wp-block-heading\" id=\"h-mehr-kontrolle-weniger-risiko-apples-neuer-ansatz\">More control, less risk: Apple&#039;s new approach<\/h3>\n\n\n\n<p>Even though Apple hasn&#039;t officially confirmed a departure from its traditional fall release schedule, recent reports speak volumes. The planned staggered iPhone launch is intended to help reduce production risks, better control costs, and focus on high-margin premium devices. Should this strategy prove successful, it could change how Apple plans, produces, and launches new iPhones in the long run. (Image: Shutterstock \/ Ringo Chiu)<\/p>\n\n\n\n<ul class=\"wp-block-list\">\n<li><a href=\"https:\/\/www.apfelpatient.de\/en\/rumors\/iphone-18-pro-new-camera-leaks-regarding-aperture-and-zoom\" type=\"link\" id=\"https:\/\/www.apfelpatient.de\/rumors\/iphone-18-pro-neue-kamera-leaks-zu-blende-und-zoom\">iPhone 18 Pro: New camera leaks regarding aperture and zoom<\/a><\/li>\n\n\n\n<li><a href=\"https:\/\/www.apfelpatient.de\/en\/rumors\/apple-keeps-iphone-18-prices-unchanged-despite-rising-storage-costs\">Apple keeps iPhone 18 prices stable despite rising storage costs<\/a><\/li>\n\n\n\n<li><a href=\"https:\/\/www.apfelpatient.de\/en\/rumors\/the-iphone-fold-forces-samsung-to-develop-new-foldables\">iPhone Fold forces Samsung to develop new foldables<\/a><\/li>\n\n\n\n<li><a href=\"https:\/\/www.apfelpatient.de\/en\/rumors\/iphone-air-2-leak-reveals-new-details-about-face-id-hardware\">iPhone Air 2: Leak reveals new details about Face ID hardware<\/a><\/li>\n\n\n\n<li><a href=\"https:\/\/www.apfelpatient.de\/en\/rumors\/apple-plans-to-release-its-next-chip-the-m6-sooner-than-expected\">Apple is planning its next chip: Will the M6 arrive sooner than expected?<\/a><\/li>\n\n\n\n<li><a href=\"https:\/\/www.apfelpatient.de\/en\/rumors\/tim-cook-in-focus-resignation-rumors-and-apples-plans\">Tim Cook in focus: Resignation rumors and Apple&#039;s plans<\/a><\/li>\n\n\n\n<li><a href=\"https:\/\/www.apfelpatient.de\/en\/rumors\/apple-will-integrate-siri-deeply-into-core-apps-in-the-future\">Apple plans to deeply integrate Siri into core apps in the future<\/a><\/li>\n\n\n\n<li><a href=\"https:\/\/www.apfelpatient.de\/en\/rumors\/a-new-generation-of-macbook-pro-is-expected-but-not-immediately\">A new MacBook Pro generation is expected, but not immediately<\/a><\/li>\n\n\n\n<li><a href=\"https:\/\/www.apfelpatient.de\/en\/rumors\/apple-will-reveal-new-siri-features-in-just-a-few-weeks\">Apple will reveal new Siri features in just a few weeks<\/a><\/li>\n\n\n\n<li><a href=\"https:\/\/www.apfelpatient.de\/en\/rumors\/apple-plans-to-manufacture-its-own-chips-partly-with-intel\">Apple plans to manufacture some of its own chips with Intel<\/a><\/li>\n\n\n\n<li><a href=\"https:\/\/www.apfelpatient.de\/en\/rumors\/iphone-18-pro-this-is-how-much-the-new-dynamic-island-is-shrinking\">iPhone 18 Pro: This is how much the new Dynamic Island is shrinking<\/a><\/li>\n\n\n\n<li><a href=\"https:\/\/www.apfelpatient.de\/en\/rumors\/apple-design-under-new-leadership-john-ternus-in-focus\">Apple Design under new leadership: John Ternus in focus<\/a><\/li>\n\n\n\n<li><a href=\"https:\/\/www.apfelpatient.de\/en\/rumors\/iphone-rumors-2027-all-screen-later-than-expected\">iPhone Rumors 2027: All-Screen Later Than Expected?<\/a><\/li>\n\n\n\n<li><a href=\"https:\/\/www.apfelpatient.de\/en\/rumors\/report-apple-changes-ai-strategy-under-craig-federighi\">Report: Apple changes AI strategy under Craig Federighi<\/a><\/li>\n\n\n\n<li><a href=\"https:\/\/www.apfelpatient.de\/en\/rumors\/apple-home-hub-new-hints-at-a-rotatable-robot-base\">Apple Home Hub: New evidence of a rotatable robot base<\/a><\/li>\n\n\n\n<li><a href=\"https:\/\/www.apfelpatient.de\/en\/rumors\/apple-plans-ai-pin-new-wearable-could-come-in-2027\">Apple plans AI pin: New wearable could arrive in 2027<\/a><\/li>\n\n\n\n<li><a href=\"https:\/\/www.apfelpatient.de\/en\/rumors\/ios-27-siri-becomes-a-chatbot-with-deep-system-access\">iOS 27: Siri becomes a chatbot with deep system access<\/a><\/li>\n\n\n\n<li><a href=\"https:\/\/www.apfelpatient.de\/en\/rumors\/apple-is-internally-using-ai-chatbots-to-increase-productivity\">Apple is using AI chatbots internally to increase productivity<\/a><\/li>\n\n\n\n<li><a href=\"https:\/\/www.apfelpatient.de\/en\/rumors\/new-iphone-18-leak-suggests-extremely-bright-display\">iPhone 18: New leak suggests extremely bright display<\/a><\/li>\n\n\n\n<li><a href=\"https:\/\/www.apfelpatient.de\/en\/rumors\/iphone-18-pro-smaller-dynamic-island-instead-of-radical-redesign\">iPhone 18 Pro: Smaller Dynamic Island instead of a radical redesign<\/a><\/li>\n\n\n\n<li><a href=\"https:\/\/www.apfelpatient.de\/en\/rumors\/will-the-iphone-air-2-get-an-update-in-2026-or-not-until-2027\">iPhone Air 2: Will there be an update in 2026 or not until 2027?<\/a><\/li>\n\n\n\n<li><a href=\"https:\/\/www.apfelpatient.de\/en\/rumors\/iphone-18-pro-leaker-contradicts-rumors-about-the-front-camera\">iPhone 18 Pro: Leaker contradicts rumors about the front camera<\/a><\/li>\n\n\n\n<li><a href=\"https:\/\/www.apfelpatient.de\/en\/rumors\/iphone-18-pro-and-face-id-what-apple-is-planning-for-the-display\">iPhone 18 Pro and Face ID: What Apple is planning for the display<\/a><\/li>\n\n\n\n<li><a href=\"https:\/\/www.apfelpatient.de\/en\/rumors\/macbook-pro-m5-max-pre-release-performance-predictions\">M5 Max MacBook Pro before release: Performance predictions<\/a><\/li>\n<\/ul>\n\n\n\n<h6 class=\"wp-block-heading translation-block\" id=\"h-kennt-ihr-schon-unsere-amazon-storefront-dort-findet-ihr-eine-handverlesene-auswahl-von-diversen-produkten-f-r-euer-iphone-und-co-viel-spa-beim-st-bern\"><em>Have you already visited our Amazon Storefront? There you&#039;ll find a hand-picked selection of various products for your iPhone and other devices \u2013 <span class=\"has-inline-color has-vivid-red-color\"><a href=\"https:\/\/www.amazon.de\/shop\/apfelpatientofficial\" class=\"ek-link\" data-wpel-link=\"exclude\" rel=\"follow noopener\" target=\"_self\"><span style=\"text-decoration: underline\" class=\"ek-underline\">enjoy browsing<\/span><\/a> !<\/span><\/em><\/h6>\n\n\n\n<h6 class=\"wp-block-heading translation-block\" id=\"h-der-beitrag-enthalt-partnerlinks\">This post contains <a data-type=\"URL\" data-id=\"https:\/\/www.apfelpatient.de\/partnerprogramm\" href=\"https:\/\/www.apfelpatient.de\/en\/partner-program\" data-wpel-link=\"internal\" target=\"_self\">affiliate links<\/a>.<\/h6>","protected":false},"excerpt":{"rendered":"<p>Apple is responding to increasing pressure and changing its iPhone release schedule. New details reveal why Pro models will be prioritized going forward.<\/p>","protected":false},"author":2,"featured_media":63456,"comment_status":"closed","ping_status":"open","sticky":false,"template":"","format":"standard","meta":{"jnews-multi-image_gallery":[],"jnews_single_post":{"format":"standard","override":[{"template":"2","parallax":"1","fullscreen":"1","layout":"right-sidebar","sidebar":"default-sidebar","second_sidebar":"default-sidebar","sticky_sidebar":"1","share_position":"top","share_float_style":"share-monocrhome","show_featured":"1","show_post_meta":"1","show_post_author":"1","show_post_author_image":"1","show_post_date":"1","post_date_format":"default","post_date_format_custom":"Y\/m\/d","show_post_reading_time":"0","post_reading_time_wpm":"300","post_calculate_word_method":"str_word_count","show_zoom_button":"0","zoom_button_out_step":"2","zoom_button_in_step":"3","show_post_tag":"1","show_prev_next_post":"1","show_popup_post":"1","show_comment_section":"1","number_popup_post":"1","show_author_box":"0","show_post_related":"0","show_inline_post_related":"0"}],"image_override":[{"single_post_thumbnail_size":"crop-500","single_post_gallery_size":"crop-500"}],"trending_post_position":"meta","trending_post_label":"Trending","sponsored_post_label":"Sponsored by","disable_ad":"0"},"jnews_primary_category":{"id":"25"},"footnotes":""},"categories":[25],"tags":[8,825,1289,824,897,1250],"class_list":["post-63457","post","type-post","status-publish","format-standard","has-post-thumbnail","hentry","category-rumors","tag-iphone","tag-iphone-18","tag-iphone-18e","tag-iphone-2026","tag-iphone-2027","tag-iphone-air"],"yoast_head":"<!-- This site is optimized with the Yoast SEO Premium plugin v27.5 (Yoast SEO v27.5) - https:\/\/yoast.com\/product\/yoast-seo-premium-wordpress\/ -->\n<title>Apple \u00e4ndert iPhone-Strategie und teilt den Release-Zyklus Apfelpatient<\/title>\n<meta name=\"description\" content=\"Apple reagiert auf steigenden Druck und \u00e4ndert den iPhone-Release. Neue Details zeigen, warum Pro-Modelle k\u00fcnftig Vorrang haben.\" \/>\n<meta name=\"robots\" content=\"index, follow, max-snippet:-1, max-image-preview:large, max-video-preview:-1\" \/>\n<link rel=\"canonical\" href=\"https:\/\/www.apfelpatient.de\/en\/rumors\/apple-changes-iphone-strategy-and-splits-the-release-cycle\" \/>\n<meta property=\"og:locale\" content=\"en_US\" \/>\n<meta property=\"og:type\" content=\"article\" \/>\n<meta property=\"og:title\" content=\"Apple \u00e4ndert iPhone-Strategie und teilt den Release-Zyklus\" \/>\n<meta property=\"og:description\" content=\"Apple reagiert auf steigenden Druck und \u00e4ndert den iPhone-Release. Neue Details zeigen, warum Pro-Modelle k\u00fcnftig Vorrang haben.\" \/>\n<meta property=\"og:url\" content=\"https:\/\/www.apfelpatient.de\/en\/rumors\/apple-changes-iphone-strategy-and-splits-the-release-cycle\" \/>\n<meta property=\"og:site_name\" content=\"Apfelpatient\" \/>\n<meta property=\"article:publisher\" content=\"https:\/\/www.facebook.com\/apfelpatientOfficial\" \/>\n<meta property=\"article:author\" content=\"https:\/\/www.facebook.com\/apfelpatientOfficial\" \/>\n<meta property=\"article:published_time\" content=\"2026-01-30T13:43:44+00:00\" \/>\n<meta property=\"article:modified_time\" content=\"2026-01-30T13:48:13+00:00\" \/>\n<meta property=\"og:image\" content=\"https:\/\/www.apfelpatient.de\/wp-content\/uploads\/2026\/01\/shutterstock_2680240981.jpg\" \/>\n\t<meta property=\"og:image:width\" content=\"1600\" \/>\n\t<meta property=\"og:image:height\" content=\"1065\" \/>\n\t<meta property=\"og:image:type\" content=\"image\/jpeg\" \/>\n<meta name=\"author\" content=\"Milan\" \/>\n<meta name=\"twitter:card\" content=\"summary_large_image\" \/>\n<meta name=\"twitter:description\" content=\"Apple reagiert auf steigenden Druck und \u00e4ndert den iPhone-Release. Neue Details zeigen, warum Pro-Modelle k\u00fcnftig Vorrang haben.\" \/>\n<meta name=\"twitter:label1\" content=\"Written by\" \/>\n\t<meta name=\"twitter:data1\" content=\"Milan\" \/>\n\t<meta name=\"twitter:label2\" content=\"Est. reading time\" \/>\n\t<meta name=\"twitter:data2\" content=\"5 minutes\" \/>\n<script type=\"application\/ld+json\" class=\"yoast-schema-graph\">{\"@context\":\"https:\\\/\\\/schema.org\",\"@graph\":[{\"@type\":\"NewsArticle\",\"@id\":\"https:\\\/\\\/www.apfelpatient.de\\\/rumors\\\/apple-aendert-iphone-strategie-und-teilt-den-release-zyklus#article\",\"isPartOf\":{\"@id\":\"https:\\\/\\\/www.apfelpatient.de\\\/rumors\\\/apple-aendert-iphone-strategie-und-teilt-den-release-zyklus\"},\"author\":{\"@type\":\"Organization\",\"@id\":\"https:\\\/\\\/www.apfelpatient.de\\\/en\\\/#organization\",\"name\":\"Apfelpatient\",\"url\":\"https:\\\/\\\/www.apfelpatient.de\\\/en\\\/\"},\"headline\":\"Apple \u00e4ndert iPhone-Strategie und teilt den Release-Zyklus\",\"datePublished\":\"2026-01-30T13:43:44+00:00\",\"dateModified\":\"2026-01-30T13:48:13+00:00\",\"mainEntityOfPage\":{\"@id\":\"https:\\\/\\\/www.apfelpatient.de\\\/rumors\\\/apple-aendert-iphone-strategie-und-teilt-den-release-zyklus\"},\"wordCount\":829,\"publisher\":{\"@type\":\"Organization\",\"@id\":\"https:\\\/\\\/www.apfelpatient.de\\\/en\\\/#organization\",\"name\":\"Apfelpatient\",\"url\":\"https:\\\/\\\/www.apfelpatient.de\\\/en\\\/\"},\"image\":{\"@id\":\"https:\\\/\\\/www.apfelpatient.de\\\/rumors\\\/apple-aendert-iphone-strategie-und-teilt-den-release-zyklus#primaryimage\"},\"thumbnailUrl\":\"https:\\\/\\\/www.apfelpatient.de\\\/wp-content\\\/uploads\\\/2026\\\/01\\\/shutterstock_2680240981.jpg\",\"keywords\":[\"iPhone\",\"iPhone 18\",\"iPhone 18e\",\"iPhone 2026\",\"iPhone 2027\",\"iPhone Air\"],\"articleSection\":\"Rumors\",\"inLanguage\":\"en-US\",\"copyrightYear\":\"2026\",\"copyrightHolder\":{\"@id\":\"https:\\\/\\\/www.apfelpatient.de\\\/en\\\/#organization\"}},{\"@type\":\"WebPage\",\"@id\":\"https:\\\/\\\/www.apfelpatient.de\\\/rumors\\\/apple-aendert-iphone-strategie-und-teilt-den-release-zyklus\",\"url\":\"https:\\\/\\\/www.apfelpatient.de\\\/rumors\\\/apple-aendert-iphone-strategie-und-teilt-den-release-zyklus\",\"name\":\"Apple \u00e4ndert iPhone-Strategie und teilt den Release-Zyklus Apfelpatient\",\"isPartOf\":{\"@id\":\"https:\\\/\\\/www.apfelpatient.de\\\/#website\"},\"primaryImageOfPage\":{\"@id\":\"https:\\\/\\\/www.apfelpatient.de\\\/rumors\\\/apple-aendert-iphone-strategie-und-teilt-den-release-zyklus#primaryimage\"},\"image\":{\"@id\":\"https:\\\/\\\/www.apfelpatient.de\\\/rumors\\\/apple-aendert-iphone-strategie-und-teilt-den-release-zyklus#primaryimage\"},\"thumbnailUrl\":\"https:\\\/\\\/www.apfelpatient.de\\\/wp-content\\\/uploads\\\/2026\\\/01\\\/shutterstock_2680240981.jpg\",\"datePublished\":\"2026-01-30T13:43:44+00:00\",\"dateModified\":\"2026-01-30T13:48:13+00:00\",\"description\":\"Apple reagiert auf steigenden Druck und \u00e4ndert den iPhone-Release. Neue Details zeigen, warum Pro-Modelle k\u00fcnftig Vorrang haben.\",\"breadcrumb\":{\"@id\":\"https:\\\/\\\/www.apfelpatient.de\\\/rumors\\\/apple-aendert-iphone-strategie-und-teilt-den-release-zyklus#breadcrumb\"},\"inLanguage\":\"en-US\",\"potentialAction\":[{\"@type\":\"ReadAction\",\"target\":[\"https:\\\/\\\/www.apfelpatient.de\\\/rumors\\\/apple-aendert-iphone-strategie-und-teilt-den-release-zyklus\"]}]},{\"@type\":\"ImageObject\",\"inLanguage\":\"en-US\",\"@id\":\"https:\\\/\\\/www.apfelpatient.de\\\/rumors\\\/apple-aendert-iphone-strategie-und-teilt-den-release-zyklus#primaryimage\",\"url\":\"https:\\\/\\\/www.apfelpatient.de\\\/wp-content\\\/uploads\\\/2026\\\/01\\\/shutterstock_2680240981.jpg\",\"contentUrl\":\"https:\\\/\\\/www.apfelpatient.de\\\/wp-content\\\/uploads\\\/2026\\\/01\\\/shutterstock_2680240981.jpg\",\"width\":1600,\"height\":1065,\"caption\":\"Bild: Shutterstock \\\/ Ringo Chiu\"},{\"@type\":\"BreadcrumbList\",\"@id\":\"https:\\\/\\\/www.apfelpatient.de\\\/rumors\\\/apple-aendert-iphone-strategie-und-teilt-den-release-zyklus#breadcrumb\",\"itemListElement\":[{\"@type\":\"ListItem\",\"position\":1,\"name\":\"Startseite\",\"item\":\"https:\\\/\\\/www.apfelpatient.de\\\/\"},{\"@type\":\"ListItem\",\"position\":2,\"name\":\"Apple \u00e4ndert iPhone-Strategie und teilt den Release-Zyklus\"}]},{\"@type\":\"WebSite\",\"@id\":\"https:\\\/\\\/www.apfelpatient.de\\\/#website\",\"url\":\"https:\\\/\\\/www.apfelpatient.de\\\/\",\"name\":\"Apfelpatient\",\"description\":\"Alles rund um Apple!\",\"publisher\":{\"@type\":\"Organization\",\"@id\":\"https:\\\/\\\/www.apfelpatient.de\\\/en\\\/#organization\",\"name\":\"Apfelpatient\",\"url\":\"https:\\\/\\\/www.apfelpatient.de\\\/en\\\/\"},\"alternateName\":\"Apfelpatient\",\"potentialAction\":[{\"@type\":\"SearchAction\",\"target\":{\"@type\":\"EntryPoint\",\"urlTemplate\":\"https:\\\/\\\/www.apfelpatient.de\\\/?s={search_term_string}\"},\"query-input\":{\"@type\":\"PropertyValueSpecification\",\"valueRequired\":true,\"valueName\":\"search_term_string\"}}],\"inLanguage\":\"en-US\"},{\"@type\":[\"Person\",\"Organization\"],\"@id\":\"https:\\\/\\\/www.apfelpatient.de\\\/#\\\/schema\\\/person\\\/35b3ddba5832f2bfc7fff5206d4f6b7b\",\"name\":\"Milan\",\"logo\":{\"@id\":\"https:\\\/\\\/www.apfelpatient.de\\\/#\\\/schema\\\/person\\\/image\\\/\"},\"description\":\"Hallo und herzlich willkommen auf meinem Technik-Blog! Als gro\u00dfer Apple-Fan berichte ich hier \u00fcber alles, was mit Apple zu tun hat: von den neuesten News und spannenden Ger\u00fcchten \u00fcber hilfreiche Tipps und Tricks bis hin zu ausf\u00fchrlichen Produkttests. Wenn du genauso technikbegeistert bist wie ich, bist du hier genau richtig!\",\"sameAs\":[\"https:\\\/\\\/www.facebook.com\\\/apfelpatientOfficial\",\"https:\\\/\\\/www.linkedin.com\\\/in\\\/milan-jovicic-42aa0231b\"],\"url\":\"https:\\\/\\\/www.apfelpatient.de\\\/en\\\/author\\\/apfeladmin\"}]}<\/script>\n<!-- \/ Yoast SEO Premium plugin. -->","yoast_head_json":{"title":"Apple changes iPhone strategy and splits the release cycle Apfelpatient","description":"Apple is responding to increasing pressure and changing its iPhone release schedule. New details reveal why Pro models will be prioritized going forward.","robots":{"index":"index","follow":"follow","max-snippet":"max-snippet:-1","max-image-preview":"max-image-preview:large","max-video-preview":"max-video-preview:-1"},"canonical":"https:\/\/www.apfelpatient.de\/en\/rumors\/apple-changes-iphone-strategy-and-splits-the-release-cycle","og_locale":"en_US","og_type":"article","og_title":"Apple \u00e4ndert iPhone-Strategie und teilt den Release-Zyklus","og_description":"Apple reagiert auf steigenden Druck und \u00e4ndert den iPhone-Release. Neue Details zeigen, warum Pro-Modelle k\u00fcnftig Vorrang haben.","og_url":"https:\/\/www.apfelpatient.de\/en\/rumors\/apple-changes-iphone-strategy-and-splits-the-release-cycle","og_site_name":"Apfelpatient","article_publisher":"https:\/\/www.facebook.com\/apfelpatientOfficial","article_author":"https:\/\/www.facebook.com\/apfelpatientOfficial","article_published_time":"2026-01-30T13:43:44+00:00","article_modified_time":"2026-01-30T13:48:13+00:00","og_image":[{"width":1600,"height":1065,"url":"https:\/\/www.apfelpatient.de\/wp-content\/uploads\/2026\/01\/shutterstock_2680240981.jpg","type":"image\/jpeg"}],"author":"Milan","twitter_card":"summary_large_image","twitter_description":"Apple reagiert auf steigenden Druck und \u00e4ndert den iPhone-Release. Neue Details zeigen, warum Pro-Modelle k\u00fcnftig Vorrang haben.","twitter_misc":{"Written by":"Milan","Est. reading time":"5 minutes"},"schema":{"@context":"https:\/\/schema.org","@graph":[{"@type":"NewsArticle","@id":"https:\/\/www.apfelpatient.de\/rumors\/apple-aendert-iphone-strategie-und-teilt-den-release-zyklus#article","isPartOf":{"@id":"https:\/\/www.apfelpatient.de\/rumors\/apple-aendert-iphone-strategie-und-teilt-den-release-zyklus"},"author":{"@type":"Organization","@id":"https:\/\/www.apfelpatient.de\/en\/#organization","name":"Apfelpatient","url":"https:\/\/www.apfelpatient.de\/en\/"},"headline":"Apple \u00e4ndert iPhone-Strategie und teilt den Release-Zyklus","datePublished":"2026-01-30T13:43:44+00:00","dateModified":"2026-01-30T13:48:13+00:00","mainEntityOfPage":{"@id":"https:\/\/www.apfelpatient.de\/rumors\/apple-aendert-iphone-strategie-und-teilt-den-release-zyklus"},"wordCount":829,"publisher":{"@type":"Organization","@id":"https:\/\/www.apfelpatient.de\/en\/#organization","name":"Apfelpatient","url":"https:\/\/www.apfelpatient.de\/en\/"},"image":{"@id":"https:\/\/www.apfelpatient.de\/rumors\/apple-aendert-iphone-strategie-und-teilt-den-release-zyklus#primaryimage"},"thumbnailUrl":"https:\/\/www.apfelpatient.de\/wp-content\/uploads\/2026\/01\/shutterstock_2680240981.jpg","keywords":["iPhone","iPhone 18","iPhone 18e","iPhone 2026","iPhone 2027","iPhone Air"],"articleSection":"Rumors","inLanguage":"en-US","copyrightYear":"2026","copyrightHolder":{"@id":"https:\/\/www.apfelpatient.de\/en\/#organization"}},{"@type":"WebPage","@id":"https:\/\/www.apfelpatient.de\/rumors\/apple-aendert-iphone-strategie-und-teilt-den-release-zyklus","url":"https:\/\/www.apfelpatient.de\/rumors\/apple-aendert-iphone-strategie-und-teilt-den-release-zyklus","name":"Apple changes iPhone strategy and splits the release cycle Apfelpatient","isPartOf":{"@id":"https:\/\/www.apfelpatient.de\/#website"},"primaryImageOfPage":{"@id":"https:\/\/www.apfelpatient.de\/rumors\/apple-aendert-iphone-strategie-und-teilt-den-release-zyklus#primaryimage"},"image":{"@id":"https:\/\/www.apfelpatient.de\/rumors\/apple-aendert-iphone-strategie-und-teilt-den-release-zyklus#primaryimage"},"thumbnailUrl":"https:\/\/www.apfelpatient.de\/wp-content\/uploads\/2026\/01\/shutterstock_2680240981.jpg","datePublished":"2026-01-30T13:43:44+00:00","dateModified":"2026-01-30T13:48:13+00:00","description":"Apple is responding to increasing pressure and changing its iPhone release schedule. New details reveal why Pro models will be prioritized going forward.","breadcrumb":{"@id":"https:\/\/www.apfelpatient.de\/rumors\/apple-aendert-iphone-strategie-und-teilt-den-release-zyklus#breadcrumb"},"inLanguage":"en-US","potentialAction":[{"@type":"ReadAction","target":["https:\/\/www.apfelpatient.de\/rumors\/apple-aendert-iphone-strategie-und-teilt-den-release-zyklus"]}]},{"@type":"ImageObject","inLanguage":"en-US","@id":"https:\/\/www.apfelpatient.de\/rumors\/apple-aendert-iphone-strategie-und-teilt-den-release-zyklus#primaryimage","url":"https:\/\/www.apfelpatient.de\/wp-content\/uploads\/2026\/01\/shutterstock_2680240981.jpg","contentUrl":"https:\/\/www.apfelpatient.de\/wp-content\/uploads\/2026\/01\/shutterstock_2680240981.jpg","width":1600,"height":1065,"caption":"Bild: Shutterstock \/ Ringo Chiu"},{"@type":"BreadcrumbList","@id":"https:\/\/www.apfelpatient.de\/rumors\/apple-aendert-iphone-strategie-und-teilt-den-release-zyklus#breadcrumb","itemListElement":[{"@type":"ListItem","position":1,"name":"Startseite","item":"https:\/\/www.apfelpatient.de\/"},{"@type":"ListItem","position":2,"name":"Apple \u00e4ndert iPhone-Strategie und teilt den Release-Zyklus"}]},{"@type":"WebSite","@id":"https:\/\/www.apfelpatient.de\/#website","url":"https:\/\/www.apfelpatient.de\/","name":"apple patient","description":"Everything about Apple!","publisher":{"@type":"Organization","@id":"https:\/\/www.apfelpatient.de\/en\/#organization","name":"Apfelpatient","url":"https:\/\/www.apfelpatient.de\/en\/"},"alternateName":"Apfelpatient","potentialAction":[{"@type":"SearchAction","target":{"@type":"EntryPoint","urlTemplate":"https:\/\/www.apfelpatient.de\/?s={search_term_string}"},"query-input":{"@type":"PropertyValueSpecification","valueRequired":true,"valueName":"search_term_string"}}],"inLanguage":"en-US"},{"@type":["Person","Organization"],"@id":"https:\/\/www.apfelpatient.de\/#\/schema\/person\/35b3ddba5832f2bfc7fff5206d4f6b7b","name":"Milan","logo":{"@id":"https:\/\/www.apfelpatient.de\/#\/schema\/person\/image\/"},"description":"Hello and welcome to my technology blog! As a big Apple fan, I report on everything to do with Apple: from the latest news and exciting rumors to helpful tips and tricks and detailed product tests. If you are as enthusiastic about technology as I am, you have come to the right place!","sameAs":["https:\/\/www.facebook.com\/apfelpatientOfficial","https:\/\/www.linkedin.com\/in\/milan-jovicic-42aa0231b"],"url":"https:\/\/www.apfelpatient.de\/en\/author\/apfeladmin"}]}},"_links":{"self":[{"href":"https:\/\/www.apfelpatient.de\/en\/wp-json\/wp\/v2\/posts\/63457","targetHints":{"allow":["GET"]}}],"collection":[{"href":"https:\/\/www.apfelpatient.de\/en\/wp-json\/wp\/v2\/posts"}],"about":[{"href":"https:\/\/www.apfelpatient.de\/en\/wp-json\/wp\/v2\/types\/post"}],"author":[{"embeddable":true,"href":"https:\/\/www.apfelpatient.de\/en\/wp-json\/wp\/v2\/users\/2"}],"replies":[{"embeddable":true,"href":"https:\/\/www.apfelpatient.de\/en\/wp-json\/wp\/v2\/comments?post=63457"}],"version-history":[{"count":2,"href":"https:\/\/www.apfelpatient.de\/en\/wp-json\/wp\/v2\/posts\/63457\/revisions"}],"predecessor-version":[{"id":63459,"href":"https:\/\/www.apfelpatient.de\/en\/wp-json\/wp\/v2\/posts\/63457\/revisions\/63459"}],"wp:featuredmedia":[{"embeddable":true,"href":"https:\/\/www.apfelpatient.de\/en\/wp-json\/wp\/v2\/media\/63456"}],"wp:attachment":[{"href":"https:\/\/www.apfelpatient.de\/en\/wp-json\/wp\/v2\/media?parent=63457"}],"wp:term":[{"taxonomy":"category","embeddable":true,"href":"https:\/\/www.apfelpatient.de\/en\/wp-json\/wp\/v2\/categories?post=63457"},{"taxonomy":"post_tag","embeddable":true,"href":"https:\/\/www.apfelpatient.de\/en\/wp-json\/wp\/v2\/tags?post=63457"}],"curies":[{"name":"wp","href":"https:\/\/api.w.org\/{rel}","templated":true}]}}