{"id":63441,"date":"2026-01-30T00:19:38","date_gmt":"2026-01-29T23:19:38","guid":{"rendered":"https:\/\/www.apfelpatient.de\/?p=63441"},"modified":"2026-01-30T00:21:35","modified_gmt":"2026-01-29T23:21:35","slug":"apple-explains-its-strategy-in-the-face-of-rising-ram-and-ssd-prices","status":"publish","type":"post","link":"https:\/\/www.apfelpatient.de\/en\/news\/apple-erklaert-strategie-bei-steigenden-ram-und-ssd-preisen","title":{"rendered":"Apple explains its strategy in the face of rising RAM and SSD prices"},"content":{"rendered":"<p class=\"has-drop-cap\"><strong>Apple is currently facing significantly rising prices for RAM and SSD memory chips. This development affects large parts of the semiconductor supply chain and also impacts the company&#039;s cost structure. Nevertheless, Apple remains resilient, pointing to strong financial results and a clear assessment of the financial consequences.<\/strong><\/p>\n\n\n\n<p>During a conference call with stock analysts, Apple CEO Tim Cook addressed the current situation in detail. The focus was on the sharply increased prices of memory chips, which play a crucial role in many Apple products. Cook objectively assessed the impact and offered an outlook on possible future developments.<\/p>\n\n\n\n<h4 class=\"wp-block-heading\" id=\"h-steigende-preise-in-der-lieferkette\">Rising prices in the supply chain<\/h4>\n\n\n\n<p>Tim Cook explained that RAM and SSD storage prices in the supply chain had recently risen rapidly. However, this price development had only a minimal impact on Apple&#039;s gross margin in the fourth quarter of calendar year 2025. At the same time, Cook made it clear that the company expects a somewhat stronger impact on the gross margin in the current quarter.<\/p>\n\n\n\n<p>While the higher costs for memory chips do represent a burden, Apple currently considers them manageable. The company does not foresee any immediate threat to profitability.<\/p>\n\n\n\n<h4 class=\"wp-block-heading\" id=\"h-apples-umgang-mit-steigenden-kosten\">Apple&#039;s handling of rising costs<\/h4>\n\n\n\n<p>Cook emphasized that Apple is aware of the rising prices and is closely monitoring the situation. In the event that the costs for RAM and SSD storage remain high or continue to rise in the long term, Apple intends to explore a range of options to respond. These are long-term measures, though no specific steps or strategies were detailed. The statements suggest that Apple wants to remain flexible and make structural adjustments as needed.<\/p>\n\n\n\n<h4 class=\"wp-block-heading\" id=\"h-starke-geschaftszahlen-trotz-herausforderungen\">Strong business figures despite challenges<\/h4>\n\n\n\n<p class=\"translation-block\">Despite the challenging situation with memory chips, Apple continues to report very strong business results. Last quarter, the company <a href=\"https:\/\/www.apfelpatient.de\/en\/news\/apple-reports-record-sales-and-strong-profit-growth-in-q1-2026\" id=\"https:\/\/www.apfelpatient.de\/news\/apple-q1-2026-rekordumsatz-und-starkes-gewinnwachstum\" data-wpel-link=\"internal\" target=\"_self\">reported<\/a> record revenue of $143.8 billion, a 16 percent increase year over year. For the current quarter, Apple forecasts revenue growth of 13 to 16 percent compared to the same period last year.<\/p>\n\n\n\n<p>Profitability also remains at a high level. Apple expects a gross margin of between 48 and 49 percent, which shows that rising component prices have not yet had a fundamental impact on the company&#039;s financial strength.<\/p>\n\n\n\n<h3 class=\"wp-block-heading\" id=\"h-apple-bleibt-trotz-steigender-speicherpreise-stabil-aufgestellt\">Apple remains stable despite rising memory prices<\/h3>\n\n\n\n<p class=\"translation-block\">Apple is taking the rising prices for RAM and memory chips seriously, but so far considers the impact to be limited. Slight pressures on gross margins are possible in the short term, while the company is keeping various options open for the long term. At the same time, record sales, high growth forecasts, and a stable margin underscore that Apple remains very well positioned even under more challenging market conditions. The best products for you: Our <a href=\"https:\/\/www.amazon.de\/shop\/apfelpatientofficial\" target=\"_blank\" rel=\"noreferrer noopener follow\" data-wpel-link=\"exclude\">Amazon storefront<\/a> offers a wide selection of accessories, including those for HomeKit. (Image: Shutterstock \/ Oasishifi)<\/p>\n\n\n\n<ul class=\"wp-block-list\">\n<li><a href=\"https:\/\/www.apfelpatient.de\/en\/news\/tim-cook-apple-remains-committed-to-data-privacy-despite-the-google-partnership\" type=\"link\" id=\"https:\/\/www.apfelpatient.de\/news\/tim-cook-apple-bleibt-bei-datenschutz-trotz-google-partnerschaft\">Tim Cook: Apple remains committed to data privacy despite Google partnership<\/a><\/li>\n\n\n\n<li><a href=\"https:\/\/www.apfelpatient.de\/en\/news\/apple-reports-25-billion-active-devices-worldwide\">Apple reports 2.5 billion active devices worldwide<\/a><\/li>\n\n\n\n<li><a href=\"https:\/\/www.apfelpatient.de\/en\/news\/apple-reports-record-sales-and-strong-profit-growth-in-q1-2026\">Apple Q1 2026: Record revenue and strong profit growth<\/a><\/li>\n\n\n\n<li><a href=\"https:\/\/www.apfelpatient.de\/en\/news\/apple-tv-celebrates-f1-as-the-most-watched-film-of-all-time\">Apple TV celebrates F1 as the most-watched film of all time<\/a><\/li>\n\n\n\n<li><a href=\"https:\/\/www.apfelpatient.de\/en\/news\/apple-confirms-qai-acquisition-for-2-billion\">Apple confirms acquisition of Q.ai for $2 billion<\/a><\/li>\n\n\n\n<li><a href=\"https:\/\/www.apfelpatient.de\/en\/news\/iphone-16-to-top-smartphone-charts-in-2025\">The iPhone 16 will top the smartphone charts in 2025<\/a><\/li>\n\n\n\n<li><a href=\"https:\/\/www.apfelpatient.de\/en\/news\/apple-strengthens-design-team-with-halide-co-founder\">Apple strengthens design team with Halide co-founder<\/a><\/li>\n\n\n\n<li><a href=\"https:\/\/www.apfelpatient.de\/en\/news\/apple-secures-the-rights-to-the-cosmere-universe\">Apple secures the rights to the Cosmere universe<\/a><\/li>\n\n\n\n<li><a href=\"https:\/\/www.apfelpatient.de\/en\/news\/ios-26-3-beta-3-warning-these-continuity-features-will-fail\">iOS 26.3 Beta 3 Warning: These Continuity features will be unavailable<\/a><\/li>\n\n\n\n<li><a href=\"https:\/\/www.apfelpatient.de\/en\/news\/patreon-and-apples-new-deadline-once-again-draws-criticism\">Patreon and Apple: New deadline once again draws criticism<\/a><\/li>\n\n\n\n<li><a href=\"https:\/\/www.apfelpatient.de\/en\/news\/apple-watch-demonstrates-benefits-in-study-on-afib-aftercare\">Apple Watch shows benefits in study on AFib aftercare<\/a><\/li>\n\n\n\n<li><a href=\"https:\/\/www.apfelpatient.de\/en\/news\/apple-loses-top-position-at-tsm-due-to-ai-boom\">Apple loses top position at TSMC due to AI boom<\/a><\/li>\n\n\n\n<li><a href=\"https:\/\/www.apfelpatient.de\/en\/news\/airtag-2-teardown-shows-all-internal-innovations\">AirTag 2: Teardown reveals all internal innovations<\/a><\/li>\n\n\n\n<li><a href=\"https:\/\/www.apfelpatient.de\/en\/news\/apple-anticipates-a-strong-quarter-iphone-17-and-ai-in-focus\">Apple poised for a strong quarter: iPhone 17 and AI in focus<\/a><\/li>\n\n\n\n<li><a href=\"https:\/\/www.apfelpatient.de\/en\/news\/apple-creator-studios-new-creative-subscription-is-now-available\">Apple Creator Studio: new creative subscription now available<\/a><\/li>\n\n\n\n<li><a href=\"https:\/\/www.apfelpatient.de\/en\/news\/apple-tv-criminal-record-season-2-starts-in-april\">Apple TV: Criminal Record Season 2 starts in April<\/a><\/li>\n\n\n\n<li><a href=\"https:\/\/www.apfelpatient.de\/en\/news\/apple-tv-confirms-ted-lasso-season-4-for-summer-2026\">Apple TV confirms Ted Lasso Season 4 for Summer 2026<\/a><\/li>\n\n\n\n<li><a href=\"https:\/\/www.apfelpatient.de\/en\/news\/tim-cook-comments-internally-on-the-minneapolis-shooting\">Tim Cook comments internally on the Minneapolis shooting<\/a><\/li>\n\n\n\n<li><a href=\"https:\/\/www.apfelpatient.de\/en\/news\/apple-tv-received-nine-nominations-at-the-writers-guild-awards\">Apple TV received nine nominations at the Writers Guild Awards<\/a><\/li>\n\n\n\n<li><a href=\"https:\/\/www.apfelpatient.de\/en\/news\/apple-tv-extends-shrinking-for-a-fourth-season\">Apple TV has renewed &quot;Shrinking&quot; for a fourth season<\/a><\/li>\n\n\n\n<li><a href=\"https:\/\/www.apfelpatient.de\/en\/news\/app-store-report-reveals-the-extent-of-problematic-apps\">App Store: Report reveals extent of problematic apps<\/a><\/li>\n\n\n\n<li><a href=\"https:\/\/www.apfelpatient.de\/en\/news\/apples-ipad-turns-16-this-is-how-the-tablet-era-began\">Apple&#039;s iPad turns 16 \u2013 this is how the tablet era began<\/a><\/li>\n\n\n\n<li><a href=\"https:\/\/www.apfelpatient.de\/en\/news\/whatsapp-improves-data-protection-with-an-anti-spyware-update\">WhatsApp improves data protection with anti-spyware update<\/a><\/li>\n<\/ul>\n\n\n\n<h6 class=\"wp-block-heading translation-block\" id=\"h-kennt-ihr-schon-unsere-amazon-storefront-dort-findet-ihr-eine-handverlesene-auswahl-von-diversen-produkten-f-r-euer-iphone-und-co-viel-spa-beim-st-bern\"><em>Have you already visited our Amazon Storefront? There you&#039;ll find a hand-picked selection of various products for your iPhone and other devices \u2013 <span class=\"has-inline-color has-vivid-red-color\"><a href=\"https:\/\/www.amazon.de\/shop\/apfelpatientofficial\" class=\"ek-link\" data-wpel-link=\"exclude\" rel=\"follow noopener\" target=\"_self\"><span style=\"text-decoration: underline\" class=\"ek-underline\">enjoy browsing<\/span><\/a> !<\/span><\/em><\/h6>\n\n\n\n<h6 class=\"wp-block-heading translation-block\" id=\"h-der-beitrag-enthalt-partnerlinks\">This post contains <a data-type=\"URL\" data-id=\"https:\/\/www.apfelpatient.de\/partnerprogramm\" href=\"https:\/\/www.apfelpatient.de\/en\/partner-program\" data-wpel-link=\"internal\" target=\"_self\">affiliate links<\/a>.<\/h6>","protected":false},"excerpt":{"rendered":"<p>Apple speaks openly about rising RAM and SSD prices, expects slight margin pressures, but nevertheless remains clearly on a growth path.<\/p>","protected":false},"author":2,"featured_media":63440,"comment_status":"closed","ping_status":"open","sticky":false,"template":"","format":"standard","meta":{"jnews-multi-image_gallery":[],"jnews_single_post":{"format":"standard","override":[{"template":"2","parallax":"1","fullscreen":"1","layout":"right-sidebar","sidebar":"default-sidebar","second_sidebar":"default-sidebar","sticky_sidebar":"1","share_position":"top","share_float_style":"share-monocrhome","show_featured":"1","show_post_meta":"1","show_post_author":"1","show_post_author_image":"1","show_post_date":"1","post_date_format":"default","post_date_format_custom":"Y\/m\/d","show_post_reading_time":"0","post_reading_time_wpm":"300","post_calculate_word_method":"str_word_count","show_zoom_button":"0","zoom_button_out_step":"2","zoom_button_in_step":"3","show_post_tag":"1","show_prev_next_post":"1","show_popup_post":"1","show_comment_section":"1","number_popup_post":"1","show_author_box":"0","show_post_related":"0","show_inline_post_related":"0"}],"image_override":[{"single_post_thumbnail_size":"crop-500","single_post_gallery_size":"crop-500"}],"trending_post_position":"meta","trending_post_label":"Trending","sponsored_post_label":"Sponsored by","disable_ad":"0"},"jnews_primary_category":{"id":"9"},"footnotes":""},"categories":[9],"tags":[18,8,40,13],"class_list":["post-63441","post","type-post","status-publish","format-standard","has-post-thumbnail","hentry","category-news","tag-ipad","tag-iphone","tag-mac","tag-techpatient"],"yoast_head":"<!-- This site is optimized with the Yoast SEO Premium plugin v27.5 (Yoast SEO v27.5) - https:\/\/yoast.com\/product\/yoast-seo-premium-wordpress\/ -->\n<title>Apple erkl\u00e4rt Strategie bei steigenden RAM- und SSD-Preisen Apfelpatient<\/title>\n<meta name=\"description\" content=\"Apple spricht offen \u00fcber steigende RAM- und SSD-Preise, erwartet leichte Margenbelastungen und bleibt dennoch klar auf Wachstumskurs.\" \/>\n<meta name=\"robots\" content=\"index, follow, max-snippet:-1, max-image-preview:large, max-video-preview:-1\" \/>\n<link rel=\"canonical\" href=\"https:\/\/www.apfelpatient.de\/en\/news\/apple-explains-its-strategy-in-the-face-of-rising-ram-and-ssd-prices\" \/>\n<meta property=\"og:locale\" content=\"en_US\" \/>\n<meta property=\"og:type\" content=\"article\" \/>\n<meta property=\"og:title\" content=\"Apple erkl\u00e4rt Strategie bei steigenden RAM- und SSD-Preisen\" \/>\n<meta property=\"og:description\" content=\"Apple spricht offen \u00fcber steigende RAM- und SSD-Preise, erwartet leichte Margenbelastungen und bleibt dennoch klar auf Wachstumskurs.\" \/>\n<meta property=\"og:url\" content=\"https:\/\/www.apfelpatient.de\/en\/news\/apple-explains-its-strategy-in-the-face-of-rising-ram-and-ssd-prices\" \/>\n<meta property=\"og:site_name\" content=\"Apfelpatient\" \/>\n<meta property=\"article:publisher\" content=\"https:\/\/www.facebook.com\/apfelpatientOfficial\" \/>\n<meta property=\"article:author\" content=\"https:\/\/www.facebook.com\/apfelpatientOfficial\" \/>\n<meta property=\"article:published_time\" content=\"2026-01-29T23:19:38+00:00\" \/>\n<meta property=\"article:modified_time\" content=\"2026-01-29T23:21:35+00:00\" \/>\n<meta property=\"og:image\" content=\"https:\/\/www.apfelpatient.de\/wp-content\/uploads\/2026\/01\/shutterstock_2280385213.jpg\" \/>\n\t<meta property=\"og:image:width\" content=\"1600\" \/>\n\t<meta property=\"og:image:height\" content=\"1067\" \/>\n\t<meta property=\"og:image:type\" content=\"image\/jpeg\" \/>\n<meta name=\"author\" content=\"Milan\" \/>\n<meta name=\"twitter:card\" content=\"summary_large_image\" \/>\n<meta name=\"twitter:description\" content=\"Apple spricht offen \u00fcber steigende RAM- und SSD-Preise, erwartet leichte Margenbelastungen und bleibt dennoch klar auf Wachstumskurs.\" \/>\n<meta name=\"twitter:label1\" content=\"Written by\" \/>\n\t<meta name=\"twitter:data1\" content=\"Milan\" \/>\n\t<meta name=\"twitter:label2\" content=\"Est. reading time\" \/>\n\t<meta name=\"twitter:data2\" content=\"4 minutes\" \/>\n<script type=\"application\/ld+json\" class=\"yoast-schema-graph\">{\"@context\":\"https:\\\/\\\/schema.org\",\"@graph\":[{\"@type\":\"NewsArticle\",\"@id\":\"https:\\\/\\\/www.apfelpatient.de\\\/news\\\/apple-erklaert-strategie-bei-steigenden-ram-und-ssd-preisen#article\",\"isPartOf\":{\"@id\":\"https:\\\/\\\/www.apfelpatient.de\\\/news\\\/apple-erklaert-strategie-bei-steigenden-ram-und-ssd-preisen\"},\"author\":{\"@type\":\"Organization\",\"@id\":\"https:\\\/\\\/www.apfelpatient.de\\\/en\\\/#organization\",\"name\":\"Apfelpatient\",\"url\":\"https:\\\/\\\/www.apfelpatient.de\\\/en\\\/\"},\"headline\":\"Apple erkl\u00e4rt Strategie bei steigenden RAM- und SSD-Preisen\",\"datePublished\":\"2026-01-29T23:19:38+00:00\",\"dateModified\":\"2026-01-29T23:21:35+00:00\",\"mainEntityOfPage\":{\"@id\":\"https:\\\/\\\/www.apfelpatient.de\\\/news\\\/apple-erklaert-strategie-bei-steigenden-ram-und-ssd-preisen\"},\"wordCount\":659,\"publisher\":{\"@type\":\"Organization\",\"@id\":\"https:\\\/\\\/www.apfelpatient.de\\\/en\\\/#organization\",\"name\":\"Apfelpatient\",\"url\":\"https:\\\/\\\/www.apfelpatient.de\\\/en\\\/\"},\"image\":{\"@id\":\"https:\\\/\\\/www.apfelpatient.de\\\/news\\\/apple-erklaert-strategie-bei-steigenden-ram-und-ssd-preisen#primaryimage\"},\"thumbnailUrl\":\"https:\\\/\\\/www.apfelpatient.de\\\/wp-content\\\/uploads\\\/2026\\\/01\\\/shutterstock_2280385213.jpg\",\"keywords\":[\"iPad\",\"iPhone\",\"Mac\",\"TechPatient\"],\"articleSection\":\"News\",\"inLanguage\":\"en-US\",\"copyrightYear\":\"2026\",\"copyrightHolder\":{\"@id\":\"https:\\\/\\\/www.apfelpatient.de\\\/en\\\/#organization\"}},{\"@type\":\"WebPage\",\"@id\":\"https:\\\/\\\/www.apfelpatient.de\\\/news\\\/apple-erklaert-strategie-bei-steigenden-ram-und-ssd-preisen\",\"url\":\"https:\\\/\\\/www.apfelpatient.de\\\/news\\\/apple-erklaert-strategie-bei-steigenden-ram-und-ssd-preisen\",\"name\":\"Apple erkl\u00e4rt Strategie bei steigenden RAM- und SSD-Preisen Apfelpatient\",\"isPartOf\":{\"@id\":\"https:\\\/\\\/www.apfelpatient.de\\\/#website\"},\"primaryImageOfPage\":{\"@id\":\"https:\\\/\\\/www.apfelpatient.de\\\/news\\\/apple-erklaert-strategie-bei-steigenden-ram-und-ssd-preisen#primaryimage\"},\"image\":{\"@id\":\"https:\\\/\\\/www.apfelpatient.de\\\/news\\\/apple-erklaert-strategie-bei-steigenden-ram-und-ssd-preisen#primaryimage\"},\"thumbnailUrl\":\"https:\\\/\\\/www.apfelpatient.de\\\/wp-content\\\/uploads\\\/2026\\\/01\\\/shutterstock_2280385213.jpg\",\"datePublished\":\"2026-01-29T23:19:38+00:00\",\"dateModified\":\"2026-01-29T23:21:35+00:00\",\"description\":\"Apple spricht offen \u00fcber steigende RAM- und SSD-Preise, erwartet leichte Margenbelastungen und bleibt dennoch klar auf Wachstumskurs.\",\"breadcrumb\":{\"@id\":\"https:\\\/\\\/www.apfelpatient.de\\\/news\\\/apple-erklaert-strategie-bei-steigenden-ram-und-ssd-preisen#breadcrumb\"},\"inLanguage\":\"en-US\",\"potentialAction\":[{\"@type\":\"ReadAction\",\"target\":[\"https:\\\/\\\/www.apfelpatient.de\\\/news\\\/apple-erklaert-strategie-bei-steigenden-ram-und-ssd-preisen\"]}]},{\"@type\":\"ImageObject\",\"inLanguage\":\"en-US\",\"@id\":\"https:\\\/\\\/www.apfelpatient.de\\\/news\\\/apple-erklaert-strategie-bei-steigenden-ram-und-ssd-preisen#primaryimage\",\"url\":\"https:\\\/\\\/www.apfelpatient.de\\\/wp-content\\\/uploads\\\/2026\\\/01\\\/shutterstock_2280385213.jpg\",\"contentUrl\":\"https:\\\/\\\/www.apfelpatient.de\\\/wp-content\\\/uploads\\\/2026\\\/01\\\/shutterstock_2280385213.jpg\",\"width\":1600,\"height\":1067,\"caption\":\"Bild: Shutterstock \\\/ Oasishifi\"},{\"@type\":\"BreadcrumbList\",\"@id\":\"https:\\\/\\\/www.apfelpatient.de\\\/news\\\/apple-erklaert-strategie-bei-steigenden-ram-und-ssd-preisen#breadcrumb\",\"itemListElement\":[{\"@type\":\"ListItem\",\"position\":1,\"name\":\"Startseite\",\"item\":\"https:\\\/\\\/www.apfelpatient.de\\\/\"},{\"@type\":\"ListItem\",\"position\":2,\"name\":\"Apple erkl\u00e4rt Strategie bei steigenden RAM- und SSD-Preisen\"}]},{\"@type\":\"WebSite\",\"@id\":\"https:\\\/\\\/www.apfelpatient.de\\\/#website\",\"url\":\"https:\\\/\\\/www.apfelpatient.de\\\/\",\"name\":\"Apfelpatient\",\"description\":\"Alles rund um Apple!\",\"publisher\":{\"@type\":\"Organization\",\"@id\":\"https:\\\/\\\/www.apfelpatient.de\\\/en\\\/#organization\",\"name\":\"Apfelpatient\",\"url\":\"https:\\\/\\\/www.apfelpatient.de\\\/en\\\/\"},\"alternateName\":\"Apfelpatient\",\"potentialAction\":[{\"@type\":\"SearchAction\",\"target\":{\"@type\":\"EntryPoint\",\"urlTemplate\":\"https:\\\/\\\/www.apfelpatient.de\\\/?s={search_term_string}\"},\"query-input\":{\"@type\":\"PropertyValueSpecification\",\"valueRequired\":true,\"valueName\":\"search_term_string\"}}],\"inLanguage\":\"en-US\"},{\"@type\":[\"Person\",\"Organization\"],\"@id\":\"https:\\\/\\\/www.apfelpatient.de\\\/#\\\/schema\\\/person\\\/7dc56ad6c8e9824b76d2c08d4c140e13\",\"name\":\"Milan\",\"logo\":{\"@id\":\"https:\\\/\\\/www.apfelpatient.de\\\/#\\\/schema\\\/person\\\/image\\\/\"},\"description\":\"Hallo und herzlich willkommen auf meinem Technik-Blog! Als gro\u00dfer Apple-Fan berichte ich hier \u00fcber alles, was mit Apple zu tun hat: von den neuesten News und spannenden Ger\u00fcchten \u00fcber hilfreiche Tipps und Tricks bis hin zu ausf\u00fchrlichen Produkttests. Wenn du genauso technikbegeistert bist wie ich, bist du hier genau richtig!\",\"sameAs\":[\"https:\\\/\\\/www.facebook.com\\\/apfelpatientOfficial\",\"https:\\\/\\\/www.linkedin.com\\\/in\\\/milan-jovicic-42aa0231b\"],\"url\":\"https:\\\/\\\/www.apfelpatient.de\\\/en\\\/author\\\/apfeladmin\"}]}<\/script>\n<!-- \/ Yoast SEO Premium plugin. -->","yoast_head_json":{"title":"Apple explains its strategy in the face of rising RAM and SSD prices Apfelpatient","description":"Apple speaks openly about rising RAM and SSD prices, expects slight margin pressures, but nevertheless remains clearly on a growth path.","robots":{"index":"index","follow":"follow","max-snippet":"max-snippet:-1","max-image-preview":"max-image-preview:large","max-video-preview":"max-video-preview:-1"},"canonical":"https:\/\/www.apfelpatient.de\/en\/news\/apple-explains-its-strategy-in-the-face-of-rising-ram-and-ssd-prices","og_locale":"en_US","og_type":"article","og_title":"Apple erkl\u00e4rt Strategie bei steigenden RAM- und SSD-Preisen","og_description":"Apple spricht offen \u00fcber steigende RAM- und SSD-Preise, erwartet leichte Margenbelastungen und bleibt dennoch klar auf Wachstumskurs.","og_url":"https:\/\/www.apfelpatient.de\/en\/news\/apple-explains-its-strategy-in-the-face-of-rising-ram-and-ssd-prices","og_site_name":"Apfelpatient","article_publisher":"https:\/\/www.facebook.com\/apfelpatientOfficial","article_author":"https:\/\/www.facebook.com\/apfelpatientOfficial","article_published_time":"2026-01-29T23:19:38+00:00","article_modified_time":"2026-01-29T23:21:35+00:00","og_image":[{"width":1600,"height":1067,"url":"https:\/\/www.apfelpatient.de\/wp-content\/uploads\/2026\/01\/shutterstock_2280385213.jpg","type":"image\/jpeg"}],"author":"Milan","twitter_card":"summary_large_image","twitter_description":"Apple spricht offen \u00fcber steigende RAM- und SSD-Preise, erwartet leichte Margenbelastungen und bleibt dennoch klar auf Wachstumskurs.","twitter_misc":{"Written by":"Milan","Est. reading time":"4 minutes"},"schema":{"@context":"https:\/\/schema.org","@graph":[{"@type":"NewsArticle","@id":"https:\/\/www.apfelpatient.de\/news\/apple-erklaert-strategie-bei-steigenden-ram-und-ssd-preisen#article","isPartOf":{"@id":"https:\/\/www.apfelpatient.de\/news\/apple-erklaert-strategie-bei-steigenden-ram-und-ssd-preisen"},"author":{"@type":"Organization","@id":"https:\/\/www.apfelpatient.de\/en\/#organization","name":"Apfelpatient","url":"https:\/\/www.apfelpatient.de\/en\/"},"headline":"Apple erkl\u00e4rt Strategie bei steigenden RAM- und SSD-Preisen","datePublished":"2026-01-29T23:19:38+00:00","dateModified":"2026-01-29T23:21:35+00:00","mainEntityOfPage":{"@id":"https:\/\/www.apfelpatient.de\/news\/apple-erklaert-strategie-bei-steigenden-ram-und-ssd-preisen"},"wordCount":659,"publisher":{"@type":"Organization","@id":"https:\/\/www.apfelpatient.de\/en\/#organization","name":"Apfelpatient","url":"https:\/\/www.apfelpatient.de\/en\/"},"image":{"@id":"https:\/\/www.apfelpatient.de\/news\/apple-erklaert-strategie-bei-steigenden-ram-und-ssd-preisen#primaryimage"},"thumbnailUrl":"https:\/\/www.apfelpatient.de\/wp-content\/uploads\/2026\/01\/shutterstock_2280385213.jpg","keywords":["iPad","iPhone","Mac","TechPatient"],"articleSection":"News","inLanguage":"en-US","copyrightYear":"2026","copyrightHolder":{"@id":"https:\/\/www.apfelpatient.de\/en\/#organization"}},{"@type":"WebPage","@id":"https:\/\/www.apfelpatient.de\/news\/apple-erklaert-strategie-bei-steigenden-ram-und-ssd-preisen","url":"https:\/\/www.apfelpatient.de\/news\/apple-erklaert-strategie-bei-steigenden-ram-und-ssd-preisen","name":"Apple explains its strategy in the face of rising RAM and SSD prices Apfelpatient","isPartOf":{"@id":"https:\/\/www.apfelpatient.de\/#website"},"primaryImageOfPage":{"@id":"https:\/\/www.apfelpatient.de\/news\/apple-erklaert-strategie-bei-steigenden-ram-und-ssd-preisen#primaryimage"},"image":{"@id":"https:\/\/www.apfelpatient.de\/news\/apple-erklaert-strategie-bei-steigenden-ram-und-ssd-preisen#primaryimage"},"thumbnailUrl":"https:\/\/www.apfelpatient.de\/wp-content\/uploads\/2026\/01\/shutterstock_2280385213.jpg","datePublished":"2026-01-29T23:19:38+00:00","dateModified":"2026-01-29T23:21:35+00:00","description":"Apple speaks openly about rising RAM and SSD prices, expects slight margin pressures, but nevertheless remains clearly on a growth path.","breadcrumb":{"@id":"https:\/\/www.apfelpatient.de\/news\/apple-erklaert-strategie-bei-steigenden-ram-und-ssd-preisen#breadcrumb"},"inLanguage":"en-US","potentialAction":[{"@type":"ReadAction","target":["https:\/\/www.apfelpatient.de\/news\/apple-erklaert-strategie-bei-steigenden-ram-und-ssd-preisen"]}]},{"@type":"ImageObject","inLanguage":"en-US","@id":"https:\/\/www.apfelpatient.de\/news\/apple-erklaert-strategie-bei-steigenden-ram-und-ssd-preisen#primaryimage","url":"https:\/\/www.apfelpatient.de\/wp-content\/uploads\/2026\/01\/shutterstock_2280385213.jpg","contentUrl":"https:\/\/www.apfelpatient.de\/wp-content\/uploads\/2026\/01\/shutterstock_2280385213.jpg","width":1600,"height":1067,"caption":"Bild: Shutterstock \/ Oasishifi"},{"@type":"BreadcrumbList","@id":"https:\/\/www.apfelpatient.de\/news\/apple-erklaert-strategie-bei-steigenden-ram-und-ssd-preisen#breadcrumb","itemListElement":[{"@type":"ListItem","position":1,"name":"Startseite","item":"https:\/\/www.apfelpatient.de\/"},{"@type":"ListItem","position":2,"name":"Apple erkl\u00e4rt Strategie bei steigenden RAM- und SSD-Preisen"}]},{"@type":"WebSite","@id":"https:\/\/www.apfelpatient.de\/#website","url":"https:\/\/www.apfelpatient.de\/","name":"apple patient","description":"Everything about Apple!","publisher":{"@type":"Organization","@id":"https:\/\/www.apfelpatient.de\/en\/#organization","name":"Apfelpatient","url":"https:\/\/www.apfelpatient.de\/en\/"},"alternateName":"Apfelpatient","potentialAction":[{"@type":"SearchAction","target":{"@type":"EntryPoint","urlTemplate":"https:\/\/www.apfelpatient.de\/?s={search_term_string}"},"query-input":{"@type":"PropertyValueSpecification","valueRequired":true,"valueName":"search_term_string"}}],"inLanguage":"en-US"},{"@type":["Person","Organization"],"@id":"https:\/\/www.apfelpatient.de\/#\/schema\/person\/7dc56ad6c8e9824b76d2c08d4c140e13","name":"Milan","logo":{"@id":"https:\/\/www.apfelpatient.de\/#\/schema\/person\/image\/"},"description":"Hello and welcome to my technology blog! As a big Apple fan, I report on everything to do with Apple: from the latest news and exciting rumors to helpful tips and tricks and detailed product tests. If you are as enthusiastic about technology as I am, you have come to the right place!","sameAs":["https:\/\/www.facebook.com\/apfelpatientOfficial","https:\/\/www.linkedin.com\/in\/milan-jovicic-42aa0231b"],"url":"https:\/\/www.apfelpatient.de\/en\/author\/apfeladmin"}]}},"_links":{"self":[{"href":"https:\/\/www.apfelpatient.de\/en\/wp-json\/wp\/v2\/posts\/63441","targetHints":{"allow":["GET"]}}],"collection":[{"href":"https:\/\/www.apfelpatient.de\/en\/wp-json\/wp\/v2\/posts"}],"about":[{"href":"https:\/\/www.apfelpatient.de\/en\/wp-json\/wp\/v2\/types\/post"}],"author":[{"embeddable":true,"href":"https:\/\/www.apfelpatient.de\/en\/wp-json\/wp\/v2\/users\/2"}],"replies":[{"embeddable":true,"href":"https:\/\/www.apfelpatient.de\/en\/wp-json\/wp\/v2\/comments?post=63441"}],"version-history":[{"count":2,"href":"https:\/\/www.apfelpatient.de\/en\/wp-json\/wp\/v2\/posts\/63441\/revisions"}],"predecessor-version":[{"id":63443,"href":"https:\/\/www.apfelpatient.de\/en\/wp-json\/wp\/v2\/posts\/63441\/revisions\/63443"}],"wp:featuredmedia":[{"embeddable":true,"href":"https:\/\/www.apfelpatient.de\/en\/wp-json\/wp\/v2\/media\/63440"}],"wp:attachment":[{"href":"https:\/\/www.apfelpatient.de\/en\/wp-json\/wp\/v2\/media?parent=63441"}],"wp:term":[{"taxonomy":"category","embeddable":true,"href":"https:\/\/www.apfelpatient.de\/en\/wp-json\/wp\/v2\/categories?post=63441"},{"taxonomy":"post_tag","embeddable":true,"href":"https:\/\/www.apfelpatient.de\/en\/wp-json\/wp\/v2\/tags?post=63441"}],"curies":[{"name":"wp","href":"https:\/\/api.w.org\/{rel}","templated":true}]}}