{"id":6341,"date":"2019-09-29T15:56:38","date_gmt":"2019-09-29T13:56:38","guid":{"rendered":"https:\/\/www.apfelpatient.de\/?p=6341"},"modified":"2025-02-06T08:33:17","modified_gmt":"2025-02-06T07:33:17","slug":"keynote-what-we-can-expect-from-apple-in-october","status":"publish","type":"post","link":"https:\/\/www.apfelpatient.de\/en\/allgemein\/keynote-das-koennen-wir-von-apple-im-oktober-erwarten","title":{"rendered":"Keynote \u2013 What we can expect from Apple in October"},"content":{"rendered":"<p class=\"p1\"><strong>The annual Apple September event is over, the new iPhone and Apple Watch generation as well as a small iPad were released. Was that it for this year? No, we don&#039;t think so.<\/strong><\/p>\n<p class=\"p1\">In recent years, Apple has always held two fall events - while new iPhones and Apple Watch models were introduced in September, we have so far been able to look forward to new iPad Pro and Mac models in October. In addition to rumors, there are also other indications that point to a second event. But what exactly should we start with? Let&#039;s take the fourth generation iPad Pro.<\/p>\n<p class=\"p1\"><strong>iPad Pro 4<\/strong><\/p>\n<p class=\"p1\">In recent weeks, rumors have been circulating about new iPad Pro models. Unfortunately, these differ in two key points - features and launch date. While one camp assumes that Apple will present the new iPad Pro in October with a triple camera, the other camp believes that it will be presented in spring 2020. They also claim to have learned that the iPad Pro will not come with a triple camera, but with a 3D camera. The new module is said to be based on Time-of-Flight technology. But what is true? The reports come from <a href=\"https:\/\/www.apfelpatient.de\/en\">various sources<\/a>, all of which have one thing in common - their statements have often turned out to be true. Another indication of new iPad Pro models is the official EEC database. If manufacturers want to bring new devices onto the market, they must first be registered with the Eurasian Economic Commission (EEC) and that is exactly what Apple has done.<\/p>\n<p class=\"p1\"><\/p>\n<p class=\"p1\">Apple usually registers this just a few months before the product is launched on the market. In the case of the alleged iPad Pro 2019 models, this was the case in the summer. Apple registered five new iPads in the EEC database at the beginning of July - the operating system is said to be iPadOS, according to the description. One model was introduced in September - the 10.2-inch tablet for a low price. So four more models are still missing. The iPad Pro is known to be available in two sizes: 11-inch and 12.9-inch. Both versions are available in WIFI and WIFI+Cellular versions. If you don&#039;t believe the rumors, this fact should make you sit up and take notice. Of course, no one can predict with any certainty which camera technology the new iPad Pro will be delivered with - but an October launch should still be realistic.<\/p>\n<p class=\"p1\"><strong>MacBook Pro 16\u2033<\/strong><\/p>\n<p class=\"p1\">Rumors about the iPhone 11 have been with us since January 2019 - almost at the same time, the first report about a MacBook Pro with a completely new design appeared. The rumors about the new notebook increased over the summer and many analysts and market observers now expect a presentation in October. But what exactly should the new MacBook Pro be able to do? Sources report an Apple laptop with an almost edgeless display - the screen is said to be around 16 inches in size. In addition to a new display, a new keyboard technology is also to be expected. Everyone should know the stories about Apple&#039;s butterfly keyboard by now. According to some rumors, the new keyboard is said to have been developed on the basis of scissor switches - i.e. with a real pressure mechanism like in previous years. Despite the old technology, the design of the upcoming keyboard is said to be completely new - Apple also wants to increase the durability of the keys. Fiberglass will supposedly be used here - this is reported by star analyst Ming-Chi Kuo, among others. You can find out everything we know so far about the supposed MacBook Pro 16 &quot; <a href=\"https:\/\/www.apfelpatient.de\/en\">here<\/a>.<\/p>\n<p class=\"p1\"><strong>Apple TV<\/strong><\/p>\n<p class=\"p1\">On November 1st, Apple&#039;s new streaming service Apple TV+ is set to launch and challenge established providers such as Netflix. At the beginning of the year, the company announced that it wanted to offer its HomeKit and AirPlay connections on devices from other manufacturers. If you used to need an Apple TV, you can now use AirPlay 2 and Co. with a compatible Smart TV. The device is stored in the Home application and can then be linked to the HomePod, for example. But that&#039;s not all. Apple&#039;s new Apple TV app is also set to be available on such TVs - Samsung made the launch. This will enable Cupertino to reach more people and thus further expand the new streaming service. When this innovation was announced, many fans thought that Apple would bury its popular Apple TV TV box. But there are now isolated indications that Cupertino could introduce a new Apple TV model - some even believe that the new box is not a box but a stick like Amazon&#039;s Fire Stick. But let&#039;s go with the latest rumor. According to this, the new Apple TV 5 will be equipped with an A12 chip. The device will also be released with an HDMI 2.1 port. The port would enable the transmission of 4K videos at 120 frames per second - Apple Arcade would also benefit from the new A-series chip and HDMI 2.1. The new TV box could possibly be presented in October. However, since there are hardly any solid rumors about it, the whole thing should be viewed with extreme skepticism. But with tvOS 13, the company is proving its interest in this product range - in our opinion, the Apple TV definitely has a future.<\/p>\n<p class=\"p1\"><strong>Apple Tags<\/strong><\/p>\n<p class=\"p1\">A few months ago, a discovery in iOS 13 revealed that Apple was planning a tracker for personal items. This is intended to prevent the loss of keys and the like. Sources such as analyst Ming-Chi Kuo have already commented on the new tracker and confirmed that Apple has something up its sleeve. These so-called &quot;Apple Tags&quot; feature ultra-wideband technology - this is also available in 2019 iPhones. Ultra-wideband (UWB) is a power-saving radio technology with short ranges, but it enables very precise location determination - especially indoors. Products such as Tile rely on Bluetooth - this allows for less precise location determination. The distance between two UWB devices can be measured much better, as this calculates the time it takes for a radio wave to travel between the two devices. But why should Apple introduce this accessory in October? You can find the answer in iOS 13. On September 20, the product was included in the code of the final iOS 13 version. <a href=\"https:\/\/www.apfelpatient.de\/en\">found<\/a> \u2013 the details were very extensive, which is why the functionality is now largely known. So the question is not whether the \u201cApple Tags\u201d will come, but when.<\/p>\n<p class=\"p1\"><strong>Mac Pro &amp; Pro Monitor<\/strong><\/p>\n<p class=\"p1\">At WWDC 2019, Apple introduced two new hardware products - the new Mac Pro and Apple Pro Monitor XDR. The new devices are real high-end products from Apple - the Mac Pro 2019 and Apple Pro Monitor XDR are primarily intended to appeal to film studios and the like. The Mac Pro can be equipped with a new Intel Xeon processor and accommodate up to 28 cores. The new Apple Pro Monitor XDR is also impressive. The new backlight gives the display a brightness of up to 1600 nits. The 32&quot; monitor offers a resolution of 6015 x 2284 - according to Apple, this is a 6K Retina display. Both devices are due to be released in the fall, according to the company. It can be assumed that Cupertino will take advantage of the opportunity to highlight both products again during a keynote and then have them finally launched. Alternatively, a press release would of course also be conceivable \u2013 but observers assume that both high-end machines are too important to be mentioned in just one press release.<\/p>\n<p class=\"p1\"><strong>closing remarks<\/strong><\/p>\n<p class=\"p1\">The question of whether Apple will actually hold another keynote in October remains unanswered for the time being - as long as no concrete leaks emerge, we can only speculate. However, since rumors about new products and relevant clues have taken over, we can be optimistic.<\/p>\n<p class=\"p1\"><\/p>\n<p class=\"p1\">Apple could of course decide differently at any time and introduce a new pattern \u2013 but at the moment it can be assumed that at the latest <a href=\"https:\/\/www.apfelpatient.de\/en\">end of October<\/a> Tim Cook will once again take the stage with the words \u201cGood morning and welcome to the Steve Jobs Theatre\u201d. You can find out when the keynote will take place in our <a href=\"https:\/\/www.apfelpatient.de\/en\">analysis<\/a>. <em>(Photo by Syntheticmessiah \/ Bigstockphoto)<\/em><\/p>\n<h5><em><strong>You don&#039;t want to miss any more news? Then subscribe to our <a href=\"https:\/\/t.me\/apfelpatient_official\">Telegram channel<\/a><\/strong><\/em><\/h5>","protected":false},"excerpt":{"rendered":"<p>Das allj\u00e4hrliche Apple September-Event ist vorbei, die neue iPhone- und Apple Watch-Generation sowie ein kleines iPad wurden dabei ver\u00f6ffentlicht. War es das f\u00fcr dieses Jahr? Nein, das glauben wir nicht. In den letzten Jahren hat Apple immer zwei Herbst-Veranstaltungen ausgetragen &#8211; w\u00e4hrend im September neue iPhones sowie Apple Watch-Modelle vorgestellt wurden, durften wir uns bislang [&hellip;]<\/p>\n","protected":false},"author":2,"featured_media":6342,"comment_status":"closed","ping_status":"open","sticky":false,"template":"","format":"standard","meta":{"jnews-multi-image_gallery":[],"jnews_single_post":{"subtitle":"","format":"standard","video":"","gallery":"","source_name":"","source_url":"","via_name":"","via_url":"","override":[{"single_blog_custom":"","sidebar":"","second_sidebar":"","share_position":"","share_float_style":"","post_date_format":"","post_date_format_custom":"","post_reading_time_wpm":"","zoom_button_out_step":"1","zoom_button_in_step":"1","number_popup_post":"1"}],"image_override":[{"single_post_thumbnail_size":"","single_post_gallery_size":""}],"trending_post_position":"","trending_post_label":"","sponsored_post_label":"","sponsored_post_name":"","sponsored_post_url":"","sponsored_post_logo":"","sponsored_post_desc":""},"jnews_primary_category":{"id":""},"footnotes":""},"categories":[2],"tags":[328,112,3,199,18,184,8,40,155],"class_list":["post-6341","post","type-post","status-publish","format-standard","has-post-thumbnail","hentry","category-allgemein","tag-airtag","tag-apple-keynote","tag-ios","tag-ios-13","tag-ipad","tag-ipad-pro-2019","tag-iphone","tag-mac","tag-zubehoer"],"yoast_head":"<!-- This site is optimized with the Yoast SEO Premium plugin v27.5 (Yoast SEO v27.5) - https:\/\/yoast.com\/product\/yoast-seo-premium-wordpress\/ -->\n<title>Apple Keynotes | Was hat Apple im Oktober zu bieten? | Apfelpatient<\/title>\n<meta name=\"description\" content=\"Vom neuen iPad Pro 4 \u00fcber das MacBook Pro 16&quot;, Apple TV, Tags, Mac Pro bis hin zum Pro Monitor. Wird es im bald weitere Apple Keynotes geben?\" \/>\n<meta name=\"robots\" content=\"index, follow, max-snippet:-1, max-image-preview:large, max-video-preview:-1\" \/>\n<link rel=\"canonical\" href=\"https:\/\/www.apfelpatient.de\/en\/generally\/keynote-what-we-can-expect-from-apple-in-october\" \/>\n<meta property=\"og:locale\" content=\"en_US\" \/>\n<meta property=\"og:type\" content=\"article\" \/>\n<meta property=\"og:title\" content=\"Keynote - Das k\u00f6nnen wir von Apple im Oktober erwarten\" \/>\n<meta property=\"og:description\" content=\"Vom neuen iPad Pro 4 \u00fcber das MacBook Pro 16&quot;, Apple TV, Tags, Mac Pro bis hin zum Pro Monitor. Wird es im bald weitere Apple Keynotes geben?\" \/>\n<meta property=\"og:url\" content=\"https:\/\/www.apfelpatient.de\/en\/generally\/keynote-what-we-can-expect-from-apple-in-october\" \/>\n<meta property=\"og:site_name\" content=\"Apfelpatient\" \/>\n<meta property=\"article:publisher\" content=\"https:\/\/www.facebook.com\/apfelpatientOfficial\" \/>\n<meta property=\"article:author\" content=\"https:\/\/www.facebook.com\/apfelpatientOfficial\" \/>\n<meta property=\"article:published_time\" content=\"2019-09-29T13:56:38+00:00\" \/>\n<meta property=\"article:modified_time\" content=\"2025-02-06T07:33:17+00:00\" \/>\n<meta property=\"og:image\" content=\"https:\/\/www.apfelpatient.de\/wp-content\/uploads\/2019\/09\/bigstock-Autumn-Trees-In-Sunny-October-255183799.jpg\" \/>\n\t<meta property=\"og:image:width\" content=\"1600\" \/>\n\t<meta property=\"og:image:height\" content=\"1037\" \/>\n\t<meta property=\"og:image:type\" content=\"image\/jpeg\" \/>\n<meta name=\"author\" content=\"Milan\" \/>\n<meta name=\"twitter:card\" content=\"summary_large_image\" \/>\n<meta name=\"twitter:label1\" content=\"Written by\" \/>\n\t<meta name=\"twitter:data1\" content=\"Milan\" \/>\n\t<meta name=\"twitter:label2\" content=\"Est. reading time\" \/>\n\t<meta name=\"twitter:data2\" content=\"7 minutes\" \/>\n<script type=\"application\/ld+json\" class=\"yoast-schema-graph\">{\"@context\":\"https:\\\/\\\/schema.org\",\"@graph\":[{\"@type\":\"NewsArticle\",\"@id\":\"https:\\\/\\\/www.apfelpatient.de\\\/allgemein\\\/keynote-das-koennen-wir-von-apple-im-oktober-erwarten#article\",\"isPartOf\":{\"@id\":\"https:\\\/\\\/www.apfelpatient.de\\\/allgemein\\\/keynote-das-koennen-wir-von-apple-im-oktober-erwarten\"},\"author\":{\"@type\":\"Organization\",\"@id\":\"https:\\\/\\\/www.apfelpatient.de\\\/en\\\/#organization\",\"name\":\"Apfelpatient\",\"url\":\"https:\\\/\\\/www.apfelpatient.de\\\/en\\\/\"},\"headline\":\"Keynote &#8211; Das k\u00f6nnen wir von Apple im Oktober erwarten\",\"datePublished\":\"2019-09-29T13:56:38+00:00\",\"dateModified\":\"2025-02-06T07:33:17+00:00\",\"mainEntityOfPage\":{\"@id\":\"https:\\\/\\\/www.apfelpatient.de\\\/allgemein\\\/keynote-das-koennen-wir-von-apple-im-oktober-erwarten\"},\"wordCount\":1389,\"publisher\":{\"@type\":\"Organization\",\"@id\":\"https:\\\/\\\/www.apfelpatient.de\\\/en\\\/#organization\",\"name\":\"Apfelpatient\",\"url\":\"https:\\\/\\\/www.apfelpatient.de\\\/en\\\/\"},\"image\":{\"@id\":\"https:\\\/\\\/www.apfelpatient.de\\\/allgemein\\\/keynote-das-koennen-wir-von-apple-im-oktober-erwarten#primaryimage\"},\"thumbnailUrl\":\"https:\\\/\\\/www.apfelpatient.de\\\/wp-content\\\/uploads\\\/2019\\\/09\\\/bigstock-Autumn-Trees-In-Sunny-October-255183799.jpg\",\"keywords\":[\"AirTags\",\"Apple Keynote\",\"iOS\",\"iOS 13\",\"iPad\",\"iPad Pro 2019\",\"iPhone\",\"Mac\",\"Zubeh\u00f6r\"],\"articleSection\":\"Allgemein\",\"inLanguage\":\"en-US\",\"copyrightYear\":\"2019\",\"copyrightHolder\":{\"@id\":\"https:\\\/\\\/www.apfelpatient.de\\\/en\\\/#organization\"}},{\"@type\":\"WebPage\",\"@id\":\"https:\\\/\\\/www.apfelpatient.de\\\/allgemein\\\/keynote-das-koennen-wir-von-apple-im-oktober-erwarten\",\"url\":\"https:\\\/\\\/www.apfelpatient.de\\\/allgemein\\\/keynote-das-koennen-wir-von-apple-im-oktober-erwarten\",\"name\":\"Apple Keynotes | Was hat Apple im Oktober zu bieten? | Apfelpatient\",\"isPartOf\":{\"@id\":\"https:\\\/\\\/www.apfelpatient.de\\\/#website\"},\"primaryImageOfPage\":{\"@id\":\"https:\\\/\\\/www.apfelpatient.de\\\/allgemein\\\/keynote-das-koennen-wir-von-apple-im-oktober-erwarten#primaryimage\"},\"image\":{\"@id\":\"https:\\\/\\\/www.apfelpatient.de\\\/allgemein\\\/keynote-das-koennen-wir-von-apple-im-oktober-erwarten#primaryimage\"},\"thumbnailUrl\":\"https:\\\/\\\/www.apfelpatient.de\\\/wp-content\\\/uploads\\\/2019\\\/09\\\/bigstock-Autumn-Trees-In-Sunny-October-255183799.jpg\",\"datePublished\":\"2019-09-29T13:56:38+00:00\",\"dateModified\":\"2025-02-06T07:33:17+00:00\",\"description\":\"Vom neuen iPad Pro 4 \u00fcber das MacBook Pro 16\\\", Apple TV, Tags, Mac Pro bis hin zum Pro Monitor. Wird es im bald weitere Apple Keynotes geben?\",\"breadcrumb\":{\"@id\":\"https:\\\/\\\/www.apfelpatient.de\\\/allgemein\\\/keynote-das-koennen-wir-von-apple-im-oktober-erwarten#breadcrumb\"},\"inLanguage\":\"en-US\",\"potentialAction\":[{\"@type\":\"ReadAction\",\"target\":[\"https:\\\/\\\/www.apfelpatient.de\\\/allgemein\\\/keynote-das-koennen-wir-von-apple-im-oktober-erwarten\"]}]},{\"@type\":\"ImageObject\",\"inLanguage\":\"en-US\",\"@id\":\"https:\\\/\\\/www.apfelpatient.de\\\/allgemein\\\/keynote-das-koennen-wir-von-apple-im-oktober-erwarten#primaryimage\",\"url\":\"https:\\\/\\\/www.apfelpatient.de\\\/wp-content\\\/uploads\\\/2019\\\/09\\\/bigstock-Autumn-Trees-In-Sunny-October-255183799.jpg\",\"contentUrl\":\"https:\\\/\\\/www.apfelpatient.de\\\/wp-content\\\/uploads\\\/2019\\\/09\\\/bigstock-Autumn-Trees-In-Sunny-October-255183799.jpg\",\"width\":1600,\"height\":1037,\"caption\":\"Autumn trees in sunny October park lit by evening sunshine. Colorful autumn landscape with sunbeams breaking through the autumn trees. Sunny autumn landscape with spreading autumn trees in the autumn park. Autumn sunny nature\"},{\"@type\":\"BreadcrumbList\",\"@id\":\"https:\\\/\\\/www.apfelpatient.de\\\/allgemein\\\/keynote-das-koennen-wir-von-apple-im-oktober-erwarten#breadcrumb\",\"itemListElement\":[{\"@type\":\"ListItem\",\"position\":1,\"name\":\"Startseite\",\"item\":\"https:\\\/\\\/www.apfelpatient.de\\\/\"},{\"@type\":\"ListItem\",\"position\":2,\"name\":\"Keynote &#8211; Das k\u00f6nnen wir von Apple im Oktober erwarten\"}]},{\"@type\":\"WebSite\",\"@id\":\"https:\\\/\\\/www.apfelpatient.de\\\/#website\",\"url\":\"https:\\\/\\\/www.apfelpatient.de\\\/\",\"name\":\"Apfelpatient\",\"description\":\"Alles rund um Apple!\",\"publisher\":{\"@type\":\"Organization\",\"@id\":\"https:\\\/\\\/www.apfelpatient.de\\\/en\\\/#organization\",\"name\":\"Apfelpatient\",\"url\":\"https:\\\/\\\/www.apfelpatient.de\\\/en\\\/\"},\"alternateName\":\"Apfelpatient\",\"potentialAction\":[{\"@type\":\"SearchAction\",\"target\":{\"@type\":\"EntryPoint\",\"urlTemplate\":\"https:\\\/\\\/www.apfelpatient.de\\\/?s={search_term_string}\"},\"query-input\":{\"@type\":\"PropertyValueSpecification\",\"valueRequired\":true,\"valueName\":\"search_term_string\"}}],\"inLanguage\":\"en-US\"},{\"@type\":[\"Person\",\"Organization\"],\"@id\":\"https:\\\/\\\/www.apfelpatient.de\\\/#\\\/schema\\\/person\\\/7dc56ad6c8e9824b76d2c08d4c140e13\",\"name\":\"Milan\",\"logo\":{\"@id\":\"https:\\\/\\\/www.apfelpatient.de\\\/#\\\/schema\\\/person\\\/image\\\/\"},\"description\":\"Hallo und herzlich willkommen auf meinem Technik-Blog! Als gro\u00dfer Apple-Fan berichte ich hier \u00fcber alles, was mit Apple zu tun hat: von den neuesten News und spannenden Ger\u00fcchten \u00fcber hilfreiche Tipps und Tricks bis hin zu ausf\u00fchrlichen Produkttests. Wenn du genauso technikbegeistert bist wie ich, bist du hier genau richtig!\",\"sameAs\":[\"https:\\\/\\\/www.facebook.com\\\/apfelpatientOfficial\",\"https:\\\/\\\/www.linkedin.com\\\/in\\\/milan-jovicic-42aa0231b\"],\"url\":\"https:\\\/\\\/www.apfelpatient.de\\\/en\\\/author\\\/apfeladmin\"}]}<\/script>\n<!-- \/ Yoast SEO Premium plugin. -->","yoast_head_json":{"title":"Apple Keynotes | What does Apple have to offer in October? | Apfelpatient","description":"From the new iPad Pro 4 to the MacBook Pro 16&quot;, Apple TV, Tags, Mac Pro and the Pro Monitor. Will there be more Apple Keynotes soon?","robots":{"index":"index","follow":"follow","max-snippet":"max-snippet:-1","max-image-preview":"max-image-preview:large","max-video-preview":"max-video-preview:-1"},"canonical":"https:\/\/www.apfelpatient.de\/en\/generally\/keynote-what-we-can-expect-from-apple-in-october","og_locale":"en_US","og_type":"article","og_title":"Keynote - Das k\u00f6nnen wir von Apple im Oktober erwarten","og_description":"Vom neuen iPad Pro 4 \u00fcber das MacBook Pro 16\", Apple TV, Tags, Mac Pro bis hin zum Pro Monitor. Wird es im bald weitere Apple Keynotes geben?","og_url":"https:\/\/www.apfelpatient.de\/en\/generally\/keynote-what-we-can-expect-from-apple-in-october","og_site_name":"Apfelpatient","article_publisher":"https:\/\/www.facebook.com\/apfelpatientOfficial","article_author":"https:\/\/www.facebook.com\/apfelpatientOfficial","article_published_time":"2019-09-29T13:56:38+00:00","article_modified_time":"2025-02-06T07:33:17+00:00","og_image":[{"width":1600,"height":1037,"url":"https:\/\/www.apfelpatient.de\/wp-content\/uploads\/2019\/09\/bigstock-Autumn-Trees-In-Sunny-October-255183799.jpg","type":"image\/jpeg"}],"author":"Milan","twitter_card":"summary_large_image","twitter_misc":{"Written by":"Milan","Est. reading time":"7 minutes"},"schema":{"@context":"https:\/\/schema.org","@graph":[{"@type":"NewsArticle","@id":"https:\/\/www.apfelpatient.de\/allgemein\/keynote-das-koennen-wir-von-apple-im-oktober-erwarten#article","isPartOf":{"@id":"https:\/\/www.apfelpatient.de\/allgemein\/keynote-das-koennen-wir-von-apple-im-oktober-erwarten"},"author":{"@type":"Organization","@id":"https:\/\/www.apfelpatient.de\/en\/#organization","name":"Apfelpatient","url":"https:\/\/www.apfelpatient.de\/en\/"},"headline":"Keynote &#8211; Das k\u00f6nnen wir von Apple im Oktober erwarten","datePublished":"2019-09-29T13:56:38+00:00","dateModified":"2025-02-06T07:33:17+00:00","mainEntityOfPage":{"@id":"https:\/\/www.apfelpatient.de\/allgemein\/keynote-das-koennen-wir-von-apple-im-oktober-erwarten"},"wordCount":1389,"publisher":{"@type":"Organization","@id":"https:\/\/www.apfelpatient.de\/en\/#organization","name":"Apfelpatient","url":"https:\/\/www.apfelpatient.de\/en\/"},"image":{"@id":"https:\/\/www.apfelpatient.de\/allgemein\/keynote-das-koennen-wir-von-apple-im-oktober-erwarten#primaryimage"},"thumbnailUrl":"https:\/\/www.apfelpatient.de\/wp-content\/uploads\/2019\/09\/bigstock-Autumn-Trees-In-Sunny-October-255183799.jpg","keywords":["AirTags","Apple Keynote","iOS","iOS 13","iPad","iPad Pro 2019","iPhone","Mac","Zubeh\u00f6r"],"articleSection":"Allgemein","inLanguage":"en-US","copyrightYear":"2019","copyrightHolder":{"@id":"https:\/\/www.apfelpatient.de\/en\/#organization"}},{"@type":"WebPage","@id":"https:\/\/www.apfelpatient.de\/allgemein\/keynote-das-koennen-wir-von-apple-im-oktober-erwarten","url":"https:\/\/www.apfelpatient.de\/allgemein\/keynote-das-koennen-wir-von-apple-im-oktober-erwarten","name":"Apple Keynotes | What does Apple have to offer in October? | Apfelpatient","isPartOf":{"@id":"https:\/\/www.apfelpatient.de\/#website"},"primaryImageOfPage":{"@id":"https:\/\/www.apfelpatient.de\/allgemein\/keynote-das-koennen-wir-von-apple-im-oktober-erwarten#primaryimage"},"image":{"@id":"https:\/\/www.apfelpatient.de\/allgemein\/keynote-das-koennen-wir-von-apple-im-oktober-erwarten#primaryimage"},"thumbnailUrl":"https:\/\/www.apfelpatient.de\/wp-content\/uploads\/2019\/09\/bigstock-Autumn-Trees-In-Sunny-October-255183799.jpg","datePublished":"2019-09-29T13:56:38+00:00","dateModified":"2025-02-06T07:33:17+00:00","description":"From the new iPad Pro 4 to the MacBook Pro 16&quot;, Apple TV, Tags, Mac Pro and the Pro Monitor. Will there be more Apple Keynotes soon?","breadcrumb":{"@id":"https:\/\/www.apfelpatient.de\/allgemein\/keynote-das-koennen-wir-von-apple-im-oktober-erwarten#breadcrumb"},"inLanguage":"en-US","potentialAction":[{"@type":"ReadAction","target":["https:\/\/www.apfelpatient.de\/allgemein\/keynote-das-koennen-wir-von-apple-im-oktober-erwarten"]}]},{"@type":"ImageObject","inLanguage":"en-US","@id":"https:\/\/www.apfelpatient.de\/allgemein\/keynote-das-koennen-wir-von-apple-im-oktober-erwarten#primaryimage","url":"https:\/\/www.apfelpatient.de\/wp-content\/uploads\/2019\/09\/bigstock-Autumn-Trees-In-Sunny-October-255183799.jpg","contentUrl":"https:\/\/www.apfelpatient.de\/wp-content\/uploads\/2019\/09\/bigstock-Autumn-Trees-In-Sunny-October-255183799.jpg","width":1600,"height":1037,"caption":"Autumn trees in sunny October park lit by evening sunshine. Colorful autumn landscape with sunbeams breaking through the autumn trees. Sunny autumn landscape with spreading autumn trees in the autumn park. Autumn sunny nature"},{"@type":"BreadcrumbList","@id":"https:\/\/www.apfelpatient.de\/allgemein\/keynote-das-koennen-wir-von-apple-im-oktober-erwarten#breadcrumb","itemListElement":[{"@type":"ListItem","position":1,"name":"Startseite","item":"https:\/\/www.apfelpatient.de\/"},{"@type":"ListItem","position":2,"name":"Keynote &#8211; Das k\u00f6nnen wir von Apple im Oktober erwarten"}]},{"@type":"WebSite","@id":"https:\/\/www.apfelpatient.de\/#website","url":"https:\/\/www.apfelpatient.de\/","name":"apple patient","description":"Everything about Apple!","publisher":{"@type":"Organization","@id":"https:\/\/www.apfelpatient.de\/en\/#organization","name":"Apfelpatient","url":"https:\/\/www.apfelpatient.de\/en\/"},"alternateName":"Apfelpatient","potentialAction":[{"@type":"SearchAction","target":{"@type":"EntryPoint","urlTemplate":"https:\/\/www.apfelpatient.de\/?s={search_term_string}"},"query-input":{"@type":"PropertyValueSpecification","valueRequired":true,"valueName":"search_term_string"}}],"inLanguage":"en-US"},{"@type":["Person","Organization"],"@id":"https:\/\/www.apfelpatient.de\/#\/schema\/person\/7dc56ad6c8e9824b76d2c08d4c140e13","name":"Milan","logo":{"@id":"https:\/\/www.apfelpatient.de\/#\/schema\/person\/image\/"},"description":"Hello and welcome to my technology blog! As a big Apple fan, I report on everything to do with Apple: from the latest news and exciting rumors to helpful tips and tricks and detailed product tests. If you are as enthusiastic about technology as I am, you have come to the right place!","sameAs":["https:\/\/www.facebook.com\/apfelpatientOfficial","https:\/\/www.linkedin.com\/in\/milan-jovicic-42aa0231b"],"url":"https:\/\/www.apfelpatient.de\/en\/author\/apfeladmin"}]}},"_links":{"self":[{"href":"https:\/\/www.apfelpatient.de\/en\/wp-json\/wp\/v2\/posts\/6341","targetHints":{"allow":["GET"]}}],"collection":[{"href":"https:\/\/www.apfelpatient.de\/en\/wp-json\/wp\/v2\/posts"}],"about":[{"href":"https:\/\/www.apfelpatient.de\/en\/wp-json\/wp\/v2\/types\/post"}],"author":[{"embeddable":true,"href":"https:\/\/www.apfelpatient.de\/en\/wp-json\/wp\/v2\/users\/2"}],"replies":[{"embeddable":true,"href":"https:\/\/www.apfelpatient.de\/en\/wp-json\/wp\/v2\/comments?post=6341"}],"version-history":[{"count":0,"href":"https:\/\/www.apfelpatient.de\/en\/wp-json\/wp\/v2\/posts\/6341\/revisions"}],"wp:featuredmedia":[{"embeddable":true,"href":"https:\/\/www.apfelpatient.de\/en\/wp-json\/wp\/v2\/media\/6342"}],"wp:attachment":[{"href":"https:\/\/www.apfelpatient.de\/en\/wp-json\/wp\/v2\/media?parent=6341"}],"wp:term":[{"taxonomy":"category","embeddable":true,"href":"https:\/\/www.apfelpatient.de\/en\/wp-json\/wp\/v2\/categories?post=6341"},{"taxonomy":"post_tag","embeddable":true,"href":"https:\/\/www.apfelpatient.de\/en\/wp-json\/wp\/v2\/tags?post=6341"}],"curies":[{"name":"wp","href":"https:\/\/api.w.org\/{rel}","templated":true}]}}