{"id":63355,"date":"2026-01-28T15:26:12","date_gmt":"2026-01-28T14:26:12","guid":{"rendered":"https:\/\/www.apfelpatient.de\/?p=63355"},"modified":"2026-01-28T15:29:58","modified_gmt":"2026-01-28T14:29:58","slug":"apple-tv-criminal-record-season-2-starts-in-april","status":"publish","type":"post","link":"https:\/\/www.apfelpatient.de\/en\/news\/apple-tv-criminal-record-staffel-2-startet-im-april","title":{"rendered":"Apple TV: Criminal Record Season 2 starts in April"},"content":{"rendered":"<p class=\"has-drop-cap\"><strong>Apple TV has released initial details about the second season of the crime thriller Criminal Record. In addition to the official release date, first glimpses into the new season have also been revealed. The series is among the highest-rated crime shows on Apple TV and once again features a politically charged story set in contemporary London.<\/strong><\/p>\n\n\n\n<p>Following the success of the first season, Apple TV+ remains true to its thematic focus: realistic police work, moral gray areas, and characters who are not simply good or evil. Season two once again centers on Peter Capaldi and Cush Jumbo. Both continue to star in the series and also serve as executive producers.<\/p>\n\n\n\n<h4 class=\"wp-block-heading\" id=\"h-starttermin-und-veroffentlichungsplan\">Launch date and release schedule<\/h4>\n\n\n\n<p>The second season of &quot;Criminal Record&quot; premieres worldwide on Wednesday, April 22, exclusively on Apple TV. A first episode will be released, followed by a new episode every week until the season concludes on Wednesday, June 10. The second season consists of eight episodes in total.<\/p>\n\n\n\n<h4 class=\"wp-block-heading\" id=\"h-handlung-der-zweiten-staffel\">Plot of the second season<\/h4>\n\n\n\n<p>\"Criminal Record\", from BAFTA-nominated writer Paul Rutman, remains a strongly character-driven drama in its second season. The setting is once again present-day London, portrayed as a politically tense and socially divided metropolis.<\/p>\n\n\n\n<p>The story once again centers on Detective Sergeant June Lenker (Cush Jumbo) and Detective Chief Inspector Daniel Hegarty (Peter Capaldi). The two detectives remain rivals, but a new case forces them into an unwilling collaboration. The starting point is the murder of a young man who is stabbed to death during a political rally.<\/p>\n\n\n\n<p>The investigation progresses rapidly. The search for the perpetrator evolves into a covert operation aimed at preventing a far-right bomb attack in central London. The series once again explores the limits of police work, particularly when truth, power, and personal interests collide.<\/p>\n\n\n\n<figure class=\"wp-block-image size-full\"><img decoding=\"async\" width=\"1600\" height=\"1067\" src=\"https:\/\/www.apfelpatient.de\/wp-content\/uploads\/2026\/01\/012826_Criminal_Record_First_Look_Premiere_Date_Big_Image_01.jpg\" alt=\"Apple TV Criminal Record Season 2\" class=\"wp-image-63353\" srcset=\"https:\/\/www.apfelpatient.de\/wp-content\/uploads\/2026\/01\/012826_Criminal_Record_First_Look_Premiere_Date_Big_Image_01.jpg 1600w, https:\/\/www.apfelpatient.de\/wp-content\/uploads\/2026\/01\/012826_Criminal_Record_First_Look_Premiere_Date_Big_Image_01-300x200.jpg 300w, https:\/\/www.apfelpatient.de\/wp-content\/uploads\/2026\/01\/012826_Criminal_Record_First_Look_Premiere_Date_Big_Image_01-1024x683.jpg 1024w, https:\/\/www.apfelpatient.de\/wp-content\/uploads\/2026\/01\/012826_Criminal_Record_First_Look_Premiere_Date_Big_Image_01-768x512.jpg 768w, https:\/\/www.apfelpatient.de\/wp-content\/uploads\/2026\/01\/012826_Criminal_Record_First_Look_Premiere_Date_Big_Image_01-1536x1024.jpg 1536w, https:\/\/www.apfelpatient.de\/wp-content\/uploads\/2026\/01\/012826_Criminal_Record_First_Look_Premiere_Date_Big_Image_01-18x12.jpg 18w, https:\/\/www.apfelpatient.de\/wp-content\/uploads\/2026\/01\/012826_Criminal_Record_First_Look_Premiere_Date_Big_Image_01-750x500.jpg 750w, https:\/\/www.apfelpatient.de\/wp-content\/uploads\/2026\/01\/012826_Criminal_Record_First_Look_Premiere_Date_Big_Image_01-1140x760.jpg 1140w\" sizes=\"(max-width: 1600px) 100vw, 1600px\" \/><figcaption class=\"wp-element-caption\">Image: Apple<\/figcaption><\/figure>\n\n\n\n<h4 class=\"wp-block-heading\" id=\"h-besetzung-und-kreative-beteiligte\">Cast and creative team<\/h4>\n\n\n\n<p>Peter Capaldi returns as Detective Chief Inspector Daniel Hegarty, and Cush Jumbo reprises his role as Detective Sergeant June Lenker. The expanded cast for the second season includes Dustin Demri-Burns, Luca Pasqualino, Luther Ford, Lyndsey Marshal, and Peter Sullivan. Additionally, familiar faces from the first season return, including Shaun Dooley, Stephen Campbell Moore, and Charlie Creed-Miles.<\/p>\n\n\n\n<p>Ben A. Williams and Joelle Mae David will direct the second season. &quot;Criminal Record&quot; is produced by Tod Productions and STV Studios for Apple TV. Executive producers include BAFTA Scotland Award winner Elaine Collins, Paul Rutman, and Capaldi and Jumbo themselves.<\/p>\n\n\n\n<h4 class=\"wp-block-heading\" id=\"h-apple-tv-als-plattform\">Apple TV as a platform<\/h4>\n\n\n\n<p>Apple TV offers a program of drama and comedy series, feature films, documentaries, and content for children and families. The service has been available since November 1, 2019, and was the first globally launched streaming service with exclusively original content.<\/p>\n\n\n\n<p>To date, Apple TV productions have been honored with 689 awards and 3,249 nominations. Among the most well-known titles are multiple Emmy Award-winning series such as &quot;Ted Lasso&quot; and the Oscar-winning film &quot;CODA&quot;.<\/p>\n\n\n\n<h4 class=\"wp-block-heading\" id=\"h-verfugbarkeit-und-abo-details\">Availability and subscription details<\/h4>\n\n\n\n<p>Apple TV is available through the Apple TV app in more than 100 countries and regions and can be used on over one billion devices. These include iPhone, iPad, Apple TV 4K, Mac, Apple Vision Pro, numerous smart TVs from Samsung, LG, Sony, TCL, and VIZIO, streaming devices such as Roku and Amazon Fire TV, Chromecast with Google TV, and PlayStation and Xbox consoles. The service is also accessible via a web browser at tv.apple.com.<\/p>\n\n\n\n<p>The subscription costs \u20ac9.99 per month and includes a seven-day free trial for new customers. For a limited time, buyers of a new iPhone, iPad, Apple TV 4K, or Mac receive three months of Apple TV for free, provided the device is newly activated. This offer is valid once per Family Sharing group and renews automatically until canceled.<\/p>\n\n\n\n<ul class=\"wp-block-list\">\n<li><a href=\"https:\/\/www.apfelpatient.de\/en\/news\/apple-tv-extends-shrinking-for-a-fourth-season\">Apple TV has renewed &quot;Shrinking&quot; for a fourth season<\/a><\/li>\n\n\n\n<li><a href=\"https:\/\/www.apfelpatient.de\/en\/news\/apple-tv-and-the-2026-oscars-f1-becomes-a-beacon-of-hope\">Apple TV and the 2026 Oscars: F1 becomes a beacon of hope<\/a><\/li>\n\n\n\n<li><a href=\"https:\/\/www.apfelpatient.de\/en\/news\/apple-tv-reveals-release-date-for-for-all-mankind-season-5\">Apple TV reveals release date for For All Mankind Season 5<\/a><\/li>\n\n\n\n<li><a href=\"https:\/\/www.apfelpatient.de\/en\/news\/apple-tv-receives-seven-nominations-at-the-2026-pga-awards\">Apple TV receives seven nominations at the 2026 PGA Awards<\/a><\/li>\n\n\n\n<li><a href=\"https:\/\/www.apfelpatient.de\/en\/news\/apple-tv-wins-seven-awards-at-critics-choice-awards\">Apple TV wins seven awards at Critics&#039; Choice Awards<\/a><\/li>\n\n\n\n<li><a href=\"https:\/\/www.apfelpatient.de\/en\/generally\/apple-tv-in-january-2026-all-series-premieres-at-a-glance\">Apple TV in January 2026: An overview of all series premieres<\/a><\/li>\n\n\n\n<li><a href=\"https:\/\/www.apfelpatient.de\/en\/news\/apple-tv-sweeps-the-board-at-the-83-golden-globe-awards\">Apple TV sweeps the 83rd Golden Globe Awards<\/a><\/li>\n\n\n\n<li><a href=\"https:\/\/www.apfelpatient.de\/en\/news\/apple-tv-received-nine-nominations-at-the-writers-guild-awards\">Apple TV received nine nominations at the Writers Guild Awards<\/a><\/li>\n<\/ul>\n\n\n\n<h3 class=\"wp-block-heading\" id=\"h-politischer-krimi-mit-klarer-handschrift-bei-apple-tv\">A political thriller with a distinct style, available on Apple TV<\/h3>\n\n\n\n<p class=\"translation-block\">With the second season of &quot;Criminal Record,&quot; Apple TV <a href=\"\/\/www.apple.com\/tv-pr\/news\/2026\/01\/apple-tv-shares-first-look-and-premiere-date-for-second-season-of-the-critically-hailed-crime-thriller-criminal-record-starring-and-executive-produced-by-academy-award-winner-peter-capaldi-and-critics-choice-award-nominee-cush-jumbo\/\u201c\" id=\"https:\/\/www.apple.com\/tv-pr\/news\/2026\/01\/apple-tv-shares-first-look-and-premiere-date-for-second-season-of-the-critically-hailed-crime-thriller-criminal-record-starring-and-executive-produced-by-academy-award-winner-peter-capaldi-and-critics-choice-award-nominee-cush-jumbo\/\" target=\"_blank\" rel=\"noreferrer noopener follow\" data-wpel-link=\"exclude\">continues<\/a> its strategy of producing high-quality and socially relevant crime series. The clear release schedule, consistent creative direction, and the return of the main characters make the sequel a key series launch this spring. Thematically, the series remains closely tied to current political issues and reaffirms its position as a serious crime drama within Apple TV&#039;s streaming service. (Image: Apple)<\/p>\n\n\n\n<ul class=\"wp-block-list\">\n<li><a href=\"https:\/\/www.apfelpatient.de\/en\/news\/apple-tv-confirms-ted-lasso-season-4-for-summer-2026\" type=\"link\" id=\"https:\/\/www.apfelpatient.de\/news\/apple-tv-bestaetigt-ted-lasso-staffel-4-fuer-sommer-2026\">Apple TV confirms Ted Lasso Season 4 for Summer 2026<\/a><\/li>\n\n\n\n<li><a href=\"https:\/\/www.apfelpatient.de\/en\/news\/tim-cook-comments-internally-on-the-minneapolis-shooting\">Tim Cook comments internally on the Minneapolis shooting<\/a><\/li>\n\n\n\n<li><a href=\"https:\/\/www.apfelpatient.de\/en\/news\/apple-tv-received-nine-nominations-at-the-writers-guild-awards\">Apple TV received nine nominations at the Writers Guild Awards<\/a><\/li>\n\n\n\n<li><a href=\"https:\/\/www.apfelpatient.de\/en\/news\/apple-tv-extends-shrinking-for-a-fourth-season\">Apple TV has renewed &quot;Shrinking&quot; for a fourth season<\/a><\/li>\n\n\n\n<li><a href=\"https:\/\/www.apfelpatient.de\/en\/news\/app-store-report-reveals-the-extent-of-problematic-apps\">App Store: Report reveals extent of problematic apps<\/a><\/li>\n\n\n\n<li><a href=\"https:\/\/www.apfelpatient.de\/en\/news\/apples-ipad-turns-16-this-is-how-the-tablet-era-began\">Apple&#039;s iPad turns 16 \u2013 this is how the tablet era began<\/a><\/li>\n\n\n\n<li><a href=\"https:\/\/www.apfelpatient.de\/en\/news\/whatsapp-improves-data-protection-with-an-anti-spyware-update\">WhatsApp improves data protection with anti-spyware update<\/a><\/li>\n\n\n\n<li><a href=\"https:\/\/www.apfelpatient.de\/en\/news\/apple-services-weaker-iphone-17-pro-compensates-for-many-things\">Apple Services weaker? iPhone 17 Pro compensates for a lot<\/a><\/li>\n\n\n\n<li><a href=\"https:\/\/www.apfelpatient.de\/en\/news\/meta-plant-premium-subscriptions-for-instagram-facebook-and-whatsapp\">Meta plans premium subscriptions for Instagram, Facebook and WhatsApp<\/a><\/li>\n\n\n\n<li><a href=\"https:\/\/www.apfelpatient.de\/en\/news\/iphone-5s-receives-ios-update-13-years-after-market-launch\">iPhone 5s receives iOS update 13 years after market launch<\/a><\/li>\n\n\n\n<li><a href=\"https:\/\/www.apfelpatient.de\/en\/news\/apple-is-profiting-from-the-premium-boom-in-the-indian-market\">Apple is benefiting from the premium boom in the Indian market<\/a><\/li>\n\n\n\n<li><a href=\"https:\/\/www.apfelpatient.de\/en\/news\/ios-26-3-restricts-location-data-for-network-operators\">iOS 26.3 restricts location data for network operators<\/a><\/li>\n\n\n\n<li><a href=\"https:\/\/www.apfelpatient.de\/en\/news\/chatgpt-health-under-test-ai-misreads-heart-data\">ChatGPT Health put to the test: When AI misreads heart data<\/a><\/li>\n\n\n\n<li><a href=\"https:\/\/www.apfelpatient.de\/en\/news\/apple-continues-testing-phase-ios-26-3-beta-3-is-here\">Apple continues testing phase: iOS 26.3 Beta 3 is here<\/a><\/li>\n\n\n\n<li><a href=\"https:\/\/www.apfelpatient.de\/en\/news\/ios-26-2-1-brings-airtag-2-support-and-important-fixes\">iOS 26.2.1 brings AirTag 2 support and important fixes<\/a><\/li>\n\n\n\n<li><a href=\"https:\/\/www.apfelpatient.de\/en\/news\/grok-produced-csam-images-investigations-are-underway-in-the-eu\">Grok produced CSAM images: Investigations are underway in the EU<\/a><\/li>\n\n\n\n<li><a href=\"https:\/\/www.apfelpatient.de\/en\/news\/apple-stock-on-the-rise-jp-morgan-raises-target-to-315\">Apple stock on the rise: JP Morgan raises target to $315<\/a><\/li>\n\n\n\n<li><a href=\"https:\/\/www.apfelpatient.de\/en\/news\/apple-introduces-new-black-unity-apple-watch-band\">Apple introduces new Black Unity Apple Watch band<\/a><\/li>\n\n\n\n<li><a href=\"https:\/\/www.apfelpatient.de\/en\/news\/airtag-2-unveiled-extended-range-tracking-and-protection\">AirTag 2 unveiled: Greater range, tracking and protection<\/a><\/li>\n\n\n\n<li><a href=\"https:\/\/www.apfelpatient.de\/en\/news\/apple-and-new-macs-are-coming-meaning-higher-storage-prices\">Apple and new Macs: Will memory prices rise?<\/a><\/li>\n\n\n\n<li><a href=\"https:\/\/www.apfelpatient.de\/en\/news\/apple-and-india-antitrust-case-with-global-implications\">Apple and India: Antitrust case with global implications<\/a><\/li>\n\n\n\n<li><a href=\"https:\/\/www.apfelpatient.de\/en\/news\/data-leak-without-hacking-this-is-how-149-million-passwords-got-online\">Data leak without a hack: How 149 million passwords got online<\/a><\/li>\n\n\n\n<li><a href=\"https:\/\/www.apfelpatient.de\/en\/news\/whatsapp-is-testing-a-new-group-function-for-chat-flows\">WhatsApp is testing a new group feature for chat histories<\/a><\/li>\n\n\n\n<li><a href=\"https:\/\/www.apfelpatient.de\/en\/news\/apple-remains-the-industry-benchmark-in-the-fortune-ranking-2026\">Apple remains the industry benchmark in the Fortune 2026 ranking<\/a><\/li>\n<\/ul>\n\n\n\n<h6 class=\"wp-block-heading translation-block\" id=\"h-kennt-ihr-schon-unsere-amazon-storefront-dort-findet-ihr-eine-handverlesene-auswahl-von-diversen-produkten-f-r-euer-iphone-und-co-viel-spa-beim-st-bern\"><em>Have you already visited our Amazon Storefront? There you&#039;ll find a hand-picked selection of various products for your iPhone and other devices \u2013 <span class=\"has-inline-color has-vivid-red-color\"><a href=\"https:\/\/www.amazon.de\/shop\/apfelpatientofficial\" class=\"ek-link\" data-wpel-link=\"exclude\" rel=\"follow noopener\" target=\"_self\"><span style=\"text-decoration: underline\" class=\"ek-underline\">enjoy browsing<\/span><\/a> !<\/span><\/em><\/h6>\n\n\n\n<h6 class=\"wp-block-heading translation-block\" id=\"h-der-beitrag-enthalt-partnerlinks\">This post contains <a data-type=\"URL\" data-id=\"https:\/\/www.apfelpatient.de\/partnerprogramm\" href=\"https:\/\/www.apfelpatient.de\/en\/partner-program\" data-wpel-link=\"internal\" target=\"_self\">affiliate links<\/a>.<\/h6>","protected":false},"excerpt":{"rendered":"<p>Apple TV brings back Criminal Record: Season 2 starts in April with a new case, political tension and familiar main actors.<\/p>","protected":false},"author":2,"featured_media":63354,"comment_status":"closed","ping_status":"open","sticky":false,"template":"","format":"standard","meta":{"jnews-multi-image_gallery":[],"jnews_single_post":{"format":"standard","override":[{"template":"2","parallax":"1","fullscreen":"1","layout":"right-sidebar","sidebar":"default-sidebar","second_sidebar":"default-sidebar","sticky_sidebar":"1","share_position":"top","share_float_style":"share-monocrhome","show_featured":"1","show_post_meta":"1","show_post_author":"1","show_post_author_image":"1","show_post_date":"1","post_date_format":"default","post_date_format_custom":"Y\/m\/d","show_post_reading_time":"0","post_reading_time_wpm":"300","post_calculate_word_method":"str_word_count","show_zoom_button":"0","zoom_button_out_step":"2","zoom_button_in_step":"3","show_post_tag":"1","show_prev_next_post":"1","show_popup_post":"1","show_comment_section":"1","number_popup_post":"1","show_author_box":"0","show_post_related":"0","show_inline_post_related":"0"}],"image_override":[{"single_post_thumbnail_size":"crop-500","single_post_gallery_size":"crop-500"}],"trending_post_position":"meta","trending_post_label":"Trending","sponsored_post_label":"Sponsored by","disable_ad":"0"},"jnews_primary_category":{"id":"9"},"footnotes":""},"categories":[9],"tags":[34,156],"class_list":["post-63355","post","type-post","status-publish","format-standard","has-post-thumbnail","hentry","category-news","tag-apple-dienste","tag-apple-tv"],"yoast_head":"<!-- This site is optimized with the Yoast SEO Premium plugin v27.5 (Yoast SEO v27.5) - https:\/\/yoast.com\/product\/yoast-seo-premium-wordpress\/ -->\n<title>Apple TV: Criminal Record Staffel 2 startet im April Apfelpatient<\/title>\n<meta name=\"description\" content=\"Apple TV bringt Criminal Record zur\u00fcck: Staffel 2 startet im April mit neuem Fall, politischer Spannung und bekannten Hauptdarstellern.\" \/>\n<meta name=\"robots\" content=\"index, follow, max-snippet:-1, max-image-preview:large, max-video-preview:-1\" \/>\n<link rel=\"canonical\" href=\"https:\/\/www.apfelpatient.de\/en\/news\/apple-tv-criminal-record-season-2-starts-in-april\" \/>\n<meta property=\"og:locale\" content=\"en_US\" \/>\n<meta property=\"og:type\" content=\"article\" \/>\n<meta property=\"og:title\" content=\"Apple TV: Criminal Record Staffel 2 startet im April\" \/>\n<meta property=\"og:description\" content=\"Apple TV bringt Criminal Record zur\u00fcck: Staffel 2 startet im April mit neuem Fall, politischer Spannung und bekannten Hauptdarstellern.\" \/>\n<meta property=\"og:url\" content=\"https:\/\/www.apfelpatient.de\/en\/news\/apple-tv-criminal-record-season-2-starts-in-april\" \/>\n<meta property=\"og:site_name\" content=\"Apfelpatient\" \/>\n<meta property=\"article:publisher\" content=\"https:\/\/www.facebook.com\/apfelpatientOfficial\" \/>\n<meta property=\"article:author\" content=\"https:\/\/www.facebook.com\/apfelpatientOfficial\" \/>\n<meta property=\"article:published_time\" content=\"2026-01-28T14:26:12+00:00\" \/>\n<meta property=\"article:modified_time\" content=\"2026-01-28T14:29:58+00:00\" \/>\n<meta property=\"og:image\" content=\"https:\/\/www.apfelpatient.de\/wp-content\/uploads\/2026\/01\/012826_Criminal_Record_First_Look_Premiere_Date_Big_Image_02.jpg\" \/>\n\t<meta property=\"og:image:width\" content=\"1600\" \/>\n\t<meta property=\"og:image:height\" content=\"1067\" \/>\n\t<meta property=\"og:image:type\" content=\"image\/jpeg\" \/>\n<meta name=\"author\" content=\"Milan\" \/>\n<meta name=\"twitter:card\" content=\"summary_large_image\" \/>\n<meta name=\"twitter:description\" content=\"Apple TV bringt Criminal Record zur\u00fcck: Staffel 2 startet im April mit neuem Fall, politischer Spannung und bekannten Hauptdarstellern.\" \/>\n<meta name=\"twitter:label1\" content=\"Written by\" \/>\n\t<meta name=\"twitter:data1\" content=\"Milan\" \/>\n\t<meta name=\"twitter:label2\" content=\"Est. reading time\" \/>\n\t<meta name=\"twitter:data2\" content=\"6 minutes\" \/>\n<script type=\"application\/ld+json\" class=\"yoast-schema-graph\">{\"@context\":\"https:\\\/\\\/schema.org\",\"@graph\":[{\"@type\":\"NewsArticle\",\"@id\":\"https:\\\/\\\/www.apfelpatient.de\\\/news\\\/apple-tv-criminal-record-staffel-2-startet-im-april#article\",\"isPartOf\":{\"@id\":\"https:\\\/\\\/www.apfelpatient.de\\\/news\\\/apple-tv-criminal-record-staffel-2-startet-im-april\"},\"author\":{\"@type\":\"Organization\",\"@id\":\"https:\\\/\\\/www.apfelpatient.de\\\/en\\\/#organization\",\"name\":\"Apfelpatient\",\"url\":\"https:\\\/\\\/www.apfelpatient.de\\\/en\\\/\"},\"headline\":\"Apple TV: Criminal Record Staffel 2 startet im April\",\"datePublished\":\"2026-01-28T14:26:12+00:00\",\"dateModified\":\"2026-01-28T14:29:58+00:00\",\"mainEntityOfPage\":{\"@id\":\"https:\\\/\\\/www.apfelpatient.de\\\/news\\\/apple-tv-criminal-record-staffel-2-startet-im-april\"},\"wordCount\":984,\"publisher\":{\"@type\":\"Organization\",\"@id\":\"https:\\\/\\\/www.apfelpatient.de\\\/en\\\/#organization\",\"name\":\"Apfelpatient\",\"url\":\"https:\\\/\\\/www.apfelpatient.de\\\/en\\\/\"},\"image\":{\"@id\":\"https:\\\/\\\/www.apfelpatient.de\\\/news\\\/apple-tv-criminal-record-staffel-2-startet-im-april#primaryimage\"},\"thumbnailUrl\":\"https:\\\/\\\/www.apfelpatient.de\\\/wp-content\\\/uploads\\\/2026\\\/01\\\/012826_Criminal_Record_First_Look_Premiere_Date_Big_Image_02.jpg\",\"keywords\":[\"Apple Dienste\",\"Apple TV\"],\"articleSection\":\"News\",\"inLanguage\":\"en-US\",\"copyrightYear\":\"2026\",\"copyrightHolder\":{\"@id\":\"https:\\\/\\\/www.apfelpatient.de\\\/en\\\/#organization\"}},{\"@type\":\"WebPage\",\"@id\":\"https:\\\/\\\/www.apfelpatient.de\\\/news\\\/apple-tv-criminal-record-staffel-2-startet-im-april\",\"url\":\"https:\\\/\\\/www.apfelpatient.de\\\/news\\\/apple-tv-criminal-record-staffel-2-startet-im-april\",\"name\":\"Apple TV: Criminal Record Staffel 2 startet im April Apfelpatient\",\"isPartOf\":{\"@id\":\"https:\\\/\\\/www.apfelpatient.de\\\/#website\"},\"primaryImageOfPage\":{\"@id\":\"https:\\\/\\\/www.apfelpatient.de\\\/news\\\/apple-tv-criminal-record-staffel-2-startet-im-april#primaryimage\"},\"image\":{\"@id\":\"https:\\\/\\\/www.apfelpatient.de\\\/news\\\/apple-tv-criminal-record-staffel-2-startet-im-april#primaryimage\"},\"thumbnailUrl\":\"https:\\\/\\\/www.apfelpatient.de\\\/wp-content\\\/uploads\\\/2026\\\/01\\\/012826_Criminal_Record_First_Look_Premiere_Date_Big_Image_02.jpg\",\"datePublished\":\"2026-01-28T14:26:12+00:00\",\"dateModified\":\"2026-01-28T14:29:58+00:00\",\"description\":\"Apple TV bringt Criminal Record zur\u00fcck: Staffel 2 startet im April mit neuem Fall, politischer Spannung und bekannten Hauptdarstellern.\",\"breadcrumb\":{\"@id\":\"https:\\\/\\\/www.apfelpatient.de\\\/news\\\/apple-tv-criminal-record-staffel-2-startet-im-april#breadcrumb\"},\"inLanguage\":\"en-US\",\"potentialAction\":[{\"@type\":\"ReadAction\",\"target\":[\"https:\\\/\\\/www.apfelpatient.de\\\/news\\\/apple-tv-criminal-record-staffel-2-startet-im-april\"]}]},{\"@type\":\"ImageObject\",\"inLanguage\":\"en-US\",\"@id\":\"https:\\\/\\\/www.apfelpatient.de\\\/news\\\/apple-tv-criminal-record-staffel-2-startet-im-april#primaryimage\",\"url\":\"https:\\\/\\\/www.apfelpatient.de\\\/wp-content\\\/uploads\\\/2026\\\/01\\\/012826_Criminal_Record_First_Look_Premiere_Date_Big_Image_02.jpg\",\"contentUrl\":\"https:\\\/\\\/www.apfelpatient.de\\\/wp-content\\\/uploads\\\/2026\\\/01\\\/012826_Criminal_Record_First_Look_Premiere_Date_Big_Image_02.jpg\",\"width\":1600,\"height\":1067,\"caption\":\"Bild: Apple\"},{\"@type\":\"BreadcrumbList\",\"@id\":\"https:\\\/\\\/www.apfelpatient.de\\\/news\\\/apple-tv-criminal-record-staffel-2-startet-im-april#breadcrumb\",\"itemListElement\":[{\"@type\":\"ListItem\",\"position\":1,\"name\":\"Startseite\",\"item\":\"https:\\\/\\\/www.apfelpatient.de\\\/\"},{\"@type\":\"ListItem\",\"position\":2,\"name\":\"Apple TV: Criminal Record Staffel 2 startet im April\"}]},{\"@type\":\"WebSite\",\"@id\":\"https:\\\/\\\/www.apfelpatient.de\\\/#website\",\"url\":\"https:\\\/\\\/www.apfelpatient.de\\\/\",\"name\":\"Apfelpatient\",\"description\":\"Alles rund um Apple!\",\"publisher\":{\"@type\":\"Organization\",\"@id\":\"https:\\\/\\\/www.apfelpatient.de\\\/en\\\/#organization\",\"name\":\"Apfelpatient\",\"url\":\"https:\\\/\\\/www.apfelpatient.de\\\/en\\\/\"},\"alternateName\":\"Apfelpatient\",\"potentialAction\":[{\"@type\":\"SearchAction\",\"target\":{\"@type\":\"EntryPoint\",\"urlTemplate\":\"https:\\\/\\\/www.apfelpatient.de\\\/?s={search_term_string}\"},\"query-input\":{\"@type\":\"PropertyValueSpecification\",\"valueRequired\":true,\"valueName\":\"search_term_string\"}}],\"inLanguage\":\"en-US\"},{\"@type\":[\"Person\",\"Organization\"],\"@id\":\"https:\\\/\\\/www.apfelpatient.de\\\/#\\\/schema\\\/person\\\/7dc56ad6c8e9824b76d2c08d4c140e13\",\"name\":\"Milan\",\"logo\":{\"@id\":\"https:\\\/\\\/www.apfelpatient.de\\\/#\\\/schema\\\/person\\\/image\\\/\"},\"description\":\"Hallo und herzlich willkommen auf meinem Technik-Blog! Als gro\u00dfer Apple-Fan berichte ich hier \u00fcber alles, was mit Apple zu tun hat: von den neuesten News und spannenden Ger\u00fcchten \u00fcber hilfreiche Tipps und Tricks bis hin zu ausf\u00fchrlichen Produkttests. Wenn du genauso technikbegeistert bist wie ich, bist du hier genau richtig!\",\"sameAs\":[\"https:\\\/\\\/www.facebook.com\\\/apfelpatientOfficial\",\"https:\\\/\\\/www.linkedin.com\\\/in\\\/milan-jovicic-42aa0231b\"],\"url\":\"https:\\\/\\\/www.apfelpatient.de\\\/en\\\/author\\\/apfeladmin\"}]}<\/script>\n<!-- \/ Yoast SEO Premium plugin. -->","yoast_head_json":{"title":"Apple TV: Criminal Record Season 2 starts in April Apfelpatient","description":"Apple TV brings back Criminal Record: Season 2 starts in April with a new case, political tension and familiar main actors.","robots":{"index":"index","follow":"follow","max-snippet":"max-snippet:-1","max-image-preview":"max-image-preview:large","max-video-preview":"max-video-preview:-1"},"canonical":"https:\/\/www.apfelpatient.de\/en\/news\/apple-tv-criminal-record-season-2-starts-in-april","og_locale":"en_US","og_type":"article","og_title":"Apple TV: Criminal Record Staffel 2 startet im April","og_description":"Apple TV bringt Criminal Record zur\u00fcck: Staffel 2 startet im April mit neuem Fall, politischer Spannung und bekannten Hauptdarstellern.","og_url":"https:\/\/www.apfelpatient.de\/en\/news\/apple-tv-criminal-record-season-2-starts-in-april","og_site_name":"Apfelpatient","article_publisher":"https:\/\/www.facebook.com\/apfelpatientOfficial","article_author":"https:\/\/www.facebook.com\/apfelpatientOfficial","article_published_time":"2026-01-28T14:26:12+00:00","article_modified_time":"2026-01-28T14:29:58+00:00","og_image":[{"width":1600,"height":1067,"url":"https:\/\/www.apfelpatient.de\/wp-content\/uploads\/2026\/01\/012826_Criminal_Record_First_Look_Premiere_Date_Big_Image_02.jpg","type":"image\/jpeg"}],"author":"Milan","twitter_card":"summary_large_image","twitter_description":"Apple TV bringt Criminal Record zur\u00fcck: Staffel 2 startet im April mit neuem Fall, politischer Spannung und bekannten Hauptdarstellern.","twitter_misc":{"Written by":"Milan","Est. reading time":"6 minutes"},"schema":{"@context":"https:\/\/schema.org","@graph":[{"@type":"NewsArticle","@id":"https:\/\/www.apfelpatient.de\/news\/apple-tv-criminal-record-staffel-2-startet-im-april#article","isPartOf":{"@id":"https:\/\/www.apfelpatient.de\/news\/apple-tv-criminal-record-staffel-2-startet-im-april"},"author":{"@type":"Organization","@id":"https:\/\/www.apfelpatient.de\/en\/#organization","name":"Apfelpatient","url":"https:\/\/www.apfelpatient.de\/en\/"},"headline":"Apple TV: Criminal Record Staffel 2 startet im April","datePublished":"2026-01-28T14:26:12+00:00","dateModified":"2026-01-28T14:29:58+00:00","mainEntityOfPage":{"@id":"https:\/\/www.apfelpatient.de\/news\/apple-tv-criminal-record-staffel-2-startet-im-april"},"wordCount":984,"publisher":{"@type":"Organization","@id":"https:\/\/www.apfelpatient.de\/en\/#organization","name":"Apfelpatient","url":"https:\/\/www.apfelpatient.de\/en\/"},"image":{"@id":"https:\/\/www.apfelpatient.de\/news\/apple-tv-criminal-record-staffel-2-startet-im-april#primaryimage"},"thumbnailUrl":"https:\/\/www.apfelpatient.de\/wp-content\/uploads\/2026\/01\/012826_Criminal_Record_First_Look_Premiere_Date_Big_Image_02.jpg","keywords":["Apple Dienste","Apple TV"],"articleSection":"News","inLanguage":"en-US","copyrightYear":"2026","copyrightHolder":{"@id":"https:\/\/www.apfelpatient.de\/en\/#organization"}},{"@type":"WebPage","@id":"https:\/\/www.apfelpatient.de\/news\/apple-tv-criminal-record-staffel-2-startet-im-april","url":"https:\/\/www.apfelpatient.de\/news\/apple-tv-criminal-record-staffel-2-startet-im-april","name":"Apple TV: Criminal Record Season 2 starts in April Apfelpatient","isPartOf":{"@id":"https:\/\/www.apfelpatient.de\/#website"},"primaryImageOfPage":{"@id":"https:\/\/www.apfelpatient.de\/news\/apple-tv-criminal-record-staffel-2-startet-im-april#primaryimage"},"image":{"@id":"https:\/\/www.apfelpatient.de\/news\/apple-tv-criminal-record-staffel-2-startet-im-april#primaryimage"},"thumbnailUrl":"https:\/\/www.apfelpatient.de\/wp-content\/uploads\/2026\/01\/012826_Criminal_Record_First_Look_Premiere_Date_Big_Image_02.jpg","datePublished":"2026-01-28T14:26:12+00:00","dateModified":"2026-01-28T14:29:58+00:00","description":"Apple TV brings back Criminal Record: Season 2 starts in April with a new case, political tension and familiar main actors.","breadcrumb":{"@id":"https:\/\/www.apfelpatient.de\/news\/apple-tv-criminal-record-staffel-2-startet-im-april#breadcrumb"},"inLanguage":"en-US","potentialAction":[{"@type":"ReadAction","target":["https:\/\/www.apfelpatient.de\/news\/apple-tv-criminal-record-staffel-2-startet-im-april"]}]},{"@type":"ImageObject","inLanguage":"en-US","@id":"https:\/\/www.apfelpatient.de\/news\/apple-tv-criminal-record-staffel-2-startet-im-april#primaryimage","url":"https:\/\/www.apfelpatient.de\/wp-content\/uploads\/2026\/01\/012826_Criminal_Record_First_Look_Premiere_Date_Big_Image_02.jpg","contentUrl":"https:\/\/www.apfelpatient.de\/wp-content\/uploads\/2026\/01\/012826_Criminal_Record_First_Look_Premiere_Date_Big_Image_02.jpg","width":1600,"height":1067,"caption":"Bild: Apple"},{"@type":"BreadcrumbList","@id":"https:\/\/www.apfelpatient.de\/news\/apple-tv-criminal-record-staffel-2-startet-im-april#breadcrumb","itemListElement":[{"@type":"ListItem","position":1,"name":"Startseite","item":"https:\/\/www.apfelpatient.de\/"},{"@type":"ListItem","position":2,"name":"Apple TV: Criminal Record Staffel 2 startet im April"}]},{"@type":"WebSite","@id":"https:\/\/www.apfelpatient.de\/#website","url":"https:\/\/www.apfelpatient.de\/","name":"apple patient","description":"Everything about Apple!","publisher":{"@type":"Organization","@id":"https:\/\/www.apfelpatient.de\/en\/#organization","name":"Apfelpatient","url":"https:\/\/www.apfelpatient.de\/en\/"},"alternateName":"Apfelpatient","potentialAction":[{"@type":"SearchAction","target":{"@type":"EntryPoint","urlTemplate":"https:\/\/www.apfelpatient.de\/?s={search_term_string}"},"query-input":{"@type":"PropertyValueSpecification","valueRequired":true,"valueName":"search_term_string"}}],"inLanguage":"en-US"},{"@type":["Person","Organization"],"@id":"https:\/\/www.apfelpatient.de\/#\/schema\/person\/7dc56ad6c8e9824b76d2c08d4c140e13","name":"Milan","logo":{"@id":"https:\/\/www.apfelpatient.de\/#\/schema\/person\/image\/"},"description":"Hello and welcome to my technology blog! As a big Apple fan, I report on everything to do with Apple: from the latest news and exciting rumors to helpful tips and tricks and detailed product tests. If you are as enthusiastic about technology as I am, you have come to the right place!","sameAs":["https:\/\/www.facebook.com\/apfelpatientOfficial","https:\/\/www.linkedin.com\/in\/milan-jovicic-42aa0231b"],"url":"https:\/\/www.apfelpatient.de\/en\/author\/apfeladmin"}]}},"_links":{"self":[{"href":"https:\/\/www.apfelpatient.de\/en\/wp-json\/wp\/v2\/posts\/63355","targetHints":{"allow":["GET"]}}],"collection":[{"href":"https:\/\/www.apfelpatient.de\/en\/wp-json\/wp\/v2\/posts"}],"about":[{"href":"https:\/\/www.apfelpatient.de\/en\/wp-json\/wp\/v2\/types\/post"}],"author":[{"embeddable":true,"href":"https:\/\/www.apfelpatient.de\/en\/wp-json\/wp\/v2\/users\/2"}],"replies":[{"embeddable":true,"href":"https:\/\/www.apfelpatient.de\/en\/wp-json\/wp\/v2\/comments?post=63355"}],"version-history":[{"count":2,"href":"https:\/\/www.apfelpatient.de\/en\/wp-json\/wp\/v2\/posts\/63355\/revisions"}],"predecessor-version":[{"id":63357,"href":"https:\/\/www.apfelpatient.de\/en\/wp-json\/wp\/v2\/posts\/63355\/revisions\/63357"}],"wp:featuredmedia":[{"embeddable":true,"href":"https:\/\/www.apfelpatient.de\/en\/wp-json\/wp\/v2\/media\/63354"}],"wp:attachment":[{"href":"https:\/\/www.apfelpatient.de\/en\/wp-json\/wp\/v2\/media?parent=63355"}],"wp:term":[{"taxonomy":"category","embeddable":true,"href":"https:\/\/www.apfelpatient.de\/en\/wp-json\/wp\/v2\/categories?post=63355"},{"taxonomy":"post_tag","embeddable":true,"href":"https:\/\/www.apfelpatient.de\/en\/wp-json\/wp\/v2\/tags?post=63355"}],"curies":[{"name":"wp","href":"https:\/\/api.w.org\/{rel}","templated":true}]}}