{"id":63347,"date":"2026-01-28T14:12:14","date_gmt":"2026-01-28T13:12:14","guid":{"rendered":"https:\/\/www.apfelpatient.de\/?p=63347"},"modified":"2026-02-02T17:41:03","modified_gmt":"2026-02-02T16:41:03","slug":"apple-tv-confirms-ted-lasso-season-4-for-summer-2026","status":"publish","type":"post","link":"https:\/\/www.apfelpatient.de\/en\/news\/apple-tv-bestaetigt-ted-lasso-staffel-4-fuer-sommer-2026","title":{"rendered":"Apple TV confirms Ted Lasso Season 4 for Summer 2026"},"content":{"rendered":"<p class=\"has-drop-cap\"><strong>Apple TV was long considered an insider tip in the streaming market. That changed fundamentally with one series: Ted Lasso became the platform&#039;s biggest hit and permanently shaped its image. Even after the end of the third season, initially announced as the final one, interest remained high. Now it&#039;s clear: the series will continue, and Apple TV has announced a tentative release window for the first time.<\/strong><\/p>\n\n\n\n<p class=\"translation-block\">The fourth season of \"Ted Lasso\" is slated for release in summer 2026. A specific release date hasn't been announced yet, but Apple TV has officially confirmed the timeframe and shared some behind-the-scenes glimpses of the ongoing production. The continuation isn't surprising. The show's continued success and pressure from fans and company executives alike ensured the project's continuation. Tim Cook was also reportedly a supporter of the show's return (via <a href=\"\/\/deadline.com\/2026\/01\/ted-lasso-season-4-release-window-photos-son-jason-sudeikis-1236699627\/\u201c\" id=\"https:\/\/deadline.com\/2026\/01\/ted-lasso-season-4-release-window-photos-son-jason-sudeikis-1236699627\/\" target=\"_blank\" rel=\"noreferrer noopener\" data-wpel-link=\"external\">Deadline<\/a>).<\/p>\n\n\n\n<h4 class=\"wp-block-heading\" id=\"h-handlung-und-inhaltliche-ausrichtung\">Plot and content orientation<\/h4>\n\n\n\n<p>In the fourth season, Ted Lasso returns to Richmond. He is once again played by Jason Sudeikis, who is also the co-creator of the series. This time, the story takes a new direction. Ted no longer coaches a men&#039;s team, but instead a women&#039;s soccer team in the second division. While soccer remains central, it is told from a new perspective.<\/p>\n\n\n\n<figure class=\"wp-block-image size-full\"><img decoding=\"async\" width=\"1600\" height=\"1067\" src=\"https:\/\/www.apfelpatient.de\/wp-content\/uploads\/2026\/02\/012626_Ted_Lasso_Premiere_Timing_First-Look_Images_News_Big_Image_02.jpg\" alt=\"Apple TV Ted Lasso Season 4\" class=\"wp-image-63553\" srcset=\"https:\/\/www.apfelpatient.de\/wp-content\/uploads\/2026\/02\/012626_Ted_Lasso_Premiere_Timing_First-Look_Images_News_Big_Image_02.jpg 1600w, https:\/\/www.apfelpatient.de\/wp-content\/uploads\/2026\/02\/012626_Ted_Lasso_Premiere_Timing_First-Look_Images_News_Big_Image_02-300x200.jpg 300w, https:\/\/www.apfelpatient.de\/wp-content\/uploads\/2026\/02\/012626_Ted_Lasso_Premiere_Timing_First-Look_Images_News_Big_Image_02-1024x683.jpg 1024w, https:\/\/www.apfelpatient.de\/wp-content\/uploads\/2026\/02\/012626_Ted_Lasso_Premiere_Timing_First-Look_Images_News_Big_Image_02-768x512.jpg 768w, https:\/\/www.apfelpatient.de\/wp-content\/uploads\/2026\/02\/012626_Ted_Lasso_Premiere_Timing_First-Look_Images_News_Big_Image_02-1536x1024.jpg 1536w, https:\/\/www.apfelpatient.de\/wp-content\/uploads\/2026\/02\/012626_Ted_Lasso_Premiere_Timing_First-Look_Images_News_Big_Image_02-18x12.jpg 18w, https:\/\/www.apfelpatient.de\/wp-content\/uploads\/2026\/02\/012626_Ted_Lasso_Premiere_Timing_First-Look_Images_News_Big_Image_02-750x500.jpg 750w, https:\/\/www.apfelpatient.de\/wp-content\/uploads\/2026\/02\/012626_Ted_Lasso_Premiere_Timing_First-Look_Images_News_Big_Image_02-1140x760.jpg 1140w\" sizes=\"(max-width: 1600px) 100vw, 1600px\" \/><figcaption class=\"wp-element-caption\">Image: Apple<\/figcaption><\/figure>\n\n\n\n<p>An important new character is an assistant coach, played by Tanya Reynolds. She supports Ted as he works with the new team. Ted&#039;s son Henry also returns, played by Grant Feely. In one scene, he is seen with Ted and Annette Badland at the familiar pub, the Crown &amp; Anchor, which was a regular feature in previous seasons.<\/p>\n\n\n\n<figure class=\"wp-block-image size-full\"><img decoding=\"async\" width=\"1600\" height=\"900\" src=\"https:\/\/www.apfelpatient.de\/wp-content\/uploads\/2026\/02\/012626_Ted_Lasso_Premiere_Timing_First-Look_Images_News_Big_Image_04.jpg\" alt=\"Apple TV Ted Lasso Season 4\" class=\"wp-image-63555\" srcset=\"https:\/\/www.apfelpatient.de\/wp-content\/uploads\/2026\/02\/012626_Ted_Lasso_Premiere_Timing_First-Look_Images_News_Big_Image_04.jpg 1600w, https:\/\/www.apfelpatient.de\/wp-content\/uploads\/2026\/02\/012626_Ted_Lasso_Premiere_Timing_First-Look_Images_News_Big_Image_04-300x169.jpg 300w, https:\/\/www.apfelpatient.de\/wp-content\/uploads\/2026\/02\/012626_Ted_Lasso_Premiere_Timing_First-Look_Images_News_Big_Image_04-1024x576.jpg 1024w, https:\/\/www.apfelpatient.de\/wp-content\/uploads\/2026\/02\/012626_Ted_Lasso_Premiere_Timing_First-Look_Images_News_Big_Image_04-768x432.jpg 768w, https:\/\/www.apfelpatient.de\/wp-content\/uploads\/2026\/02\/012626_Ted_Lasso_Premiere_Timing_First-Look_Images_News_Big_Image_04-1536x864.jpg 1536w, https:\/\/www.apfelpatient.de\/wp-content\/uploads\/2026\/02\/012626_Ted_Lasso_Premiere_Timing_First-Look_Images_News_Big_Image_04-18x10.jpg 18w, https:\/\/www.apfelpatient.de\/wp-content\/uploads\/2026\/02\/012626_Ted_Lasso_Premiere_Timing_First-Look_Images_News_Big_Image_04-750x422.jpg 750w, https:\/\/www.apfelpatient.de\/wp-content\/uploads\/2026\/02\/012626_Ted_Lasso_Premiere_Timing_First-Look_Images_News_Big_Image_04-1140x641.jpg 1140w\" sizes=\"(max-width: 1600px) 100vw, 1600px\" \/><figcaption class=\"wp-element-caption\">Image: Apple<\/figcaption><\/figure>\n\n\n\n<h4 class=\"wp-block-heading\" id=\"h-besetzung-ruckkehrer-und-neuzugange\">Cast: Returning players and newcomers<\/h4>\n\n\n\n<p>Apple TV is opting for a mix of familiar faces and new ones for the fourth season. The return of Hannah Waddingham, Juno Temple, Jeremy Swift, and Brett Goldstein has been confirmed. These characters remain central to the series.<\/p>\n\n\n\n<p>Faye Marsey, known from &quot;Game of Thrones&quot; and &quot;Andor,&quot; is a new addition to the cast. Her involvement expands the ensemble and suggests additional storylines in the upcoming season.<\/p>\n\n\n\n<figure class=\"wp-block-image size-full\"><img decoding=\"async\" width=\"1600\" height=\"1067\" src=\"https:\/\/www.apfelpatient.de\/wp-content\/uploads\/2026\/02\/012626_Ted_Lasso_Premiere_Timing_First-Look_Images_News_Big_Image_01.jpg\" alt=\"Apple TV Ted Lasso Season 4\" class=\"wp-image-63552\" srcset=\"https:\/\/www.apfelpatient.de\/wp-content\/uploads\/2026\/02\/012626_Ted_Lasso_Premiere_Timing_First-Look_Images_News_Big_Image_01.jpg 1600w, https:\/\/www.apfelpatient.de\/wp-content\/uploads\/2026\/02\/012626_Ted_Lasso_Premiere_Timing_First-Look_Images_News_Big_Image_01-300x200.jpg 300w, https:\/\/www.apfelpatient.de\/wp-content\/uploads\/2026\/02\/012626_Ted_Lasso_Premiere_Timing_First-Look_Images_News_Big_Image_01-1024x683.jpg 1024w, https:\/\/www.apfelpatient.de\/wp-content\/uploads\/2026\/02\/012626_Ted_Lasso_Premiere_Timing_First-Look_Images_News_Big_Image_01-768x512.jpg 768w, https:\/\/www.apfelpatient.de\/wp-content\/uploads\/2026\/02\/012626_Ted_Lasso_Premiere_Timing_First-Look_Images_News_Big_Image_01-1536x1024.jpg 1536w, https:\/\/www.apfelpatient.de\/wp-content\/uploads\/2026\/02\/012626_Ted_Lasso_Premiere_Timing_First-Look_Images_News_Big_Image_01-18x12.jpg 18w, https:\/\/www.apfelpatient.de\/wp-content\/uploads\/2026\/02\/012626_Ted_Lasso_Premiere_Timing_First-Look_Images_News_Big_Image_01-750x500.jpg 750w, https:\/\/www.apfelpatient.de\/wp-content\/uploads\/2026\/02\/012626_Ted_Lasso_Premiere_Timing_First-Look_Images_News_Big_Image_01-1140x760.jpg 1140w\" sizes=\"(max-width: 1600px) 100vw, 1600px\" \/><figcaption class=\"wp-element-caption\">Image: Apple<\/figcaption><\/figure>\n\n\n\n<h4 class=\"wp-block-heading\" id=\"h-kreatives-team-hinter-der-serie\">Creative team behind the series<\/h4>\n\n\n\n<p>Continuity is maintained behind the scenes as well. Brett Goldstein remains involved as a writer and executive producer. Additionally, Sarah Walker and Phoebe Walsh join the team as writers and producers.<\/p>\n\n\n\n<p>Jack Burditt joins the team as an executive producer. Burditt was most recently responsible for the series &quot;Nobody Wants This.&quot; His involvement is part of a comprehensive deal he recently signed with Apple TV.<\/p>\n\n\n\n<h4 class=\"wp-block-heading\" id=\"h-produktion-und-dreh\">Production and filming<\/h4>\n\n\n\n<p>The fourth season of &quot;Ted Lasso&quot; is currently in production. Filming took place in London in the summer of 2025. The information and impressions released so far from this phase confirm that Apple TV continues to prioritize high production standards.<\/p>\n\n\n\n<ul class=\"wp-block-list\">\n<li><a href=\"https:\/\/www.apfelpatient.de\/en\/news\/apple-tv-extends-shrinking-for-a-fourth-season\">Apple TV has renewed &quot;Shrinking&quot; for a fourth season<\/a><\/li>\n\n\n\n<li><a href=\"https:\/\/www.apfelpatient.de\/en\/news\/apple-tv-and-the-2026-oscars-f1-becomes-a-beacon-of-hope\">Apple TV and the 2026 Oscars: F1 becomes a beacon of hope<\/a><\/li>\n\n\n\n<li><a href=\"https:\/\/www.apfelpatient.de\/en\/news\/apple-tv-reveals-release-date-for-for-all-mankind-season-5\">Apple TV reveals release date for For All Mankind Season 5<\/a><\/li>\n\n\n\n<li><a href=\"https:\/\/www.apfelpatient.de\/en\/news\/apple-tv-announces-major-documentary-series-about-andre-agassi\">Apple TV announces major documentary series about Andre Agassi<\/a><\/li>\n\n\n\n<li><a href=\"https:\/\/www.apfelpatient.de\/en\/news\/apple-tv-receives-new-nominations-at-naacp-mpse-awards\">Apple TV receives new nominations at NAACP &amp; MPSE Awards<\/a><\/li>\n\n\n\n<li><a href=\"https:\/\/www.apfelpatient.de\/en\/news\/apple-tv-receives-seven-nominations-at-the-2026-pga-awards\">Apple TV receives seven nominations at the 2026 PGA Awards<\/a><\/li>\n\n\n\n<li><a href=\"https:\/\/www.apfelpatient.de\/en\/news\/apple-tv-dominates-actor-awards-with-comedy-hit-the-studio\">Apple TV dominates Actor Awards with comedy hit The Studio<\/a><\/li>\n\n\n\n<li><a href=\"https:\/\/www.apfelpatient.de\/en\/news\/apple-tv-wins-seven-awards-at-critics-choice-awards\">Apple TV wins seven awards at Critics&#039; Choice Awards<\/a><\/li>\n\n\n\n<li><a href=\"https:\/\/www.apfelpatient.de\/en\/generally\/apple-tv-in-january-2026-all-series-premieres-at-a-glance\">Apple TV in January 2026: An overview of all series premieres<\/a><\/li>\n\n\n\n<li><a href=\"https:\/\/www.apfelpatient.de\/en\/news\/apple-tv-sweeps-the-board-at-the-83-golden-globe-awards\">Apple TV sweeps the 83rd Golden Globe Awards<\/a><\/li>\n\n\n\n<li><a href=\"https:\/\/www.apfelpatient.de\/en\/news\/apple-tv-received-nine-nominations-at-the-writers-guild-awards\" type=\"link\" id=\"https:\/\/www.apfelpatient.de\/news\/apple-tv-mit-neun-nennungen-bei-den-writers-guild-awards\">Apple TV received nine nominations at the Writers Guild Awards<\/a><\/li>\n<\/ul>\n\n\n\n<h3 class=\"wp-block-heading\" id=\"h-mehr-als-eine-fortsetzung-fur-apple-tv\">More than a sequel for Apple TV<\/h3>\n\n\n\n<p>With the fourth season of &quot;Ted Lasso,&quot; Apple TV is consistently focusing on its strongest brand. The planned summer 2026 release provides a clear timeframe, even if some patience is still required. The plot, cast, and creative team demonstrate that the series isn&#039;t simply continuing, but rather evolving in terms of content. &quot;Ted Lasso&quot; thus remains a central component of Apple TV&#039;s strategy and a key factor in the streaming service&#039;s positioning. (Image: Apple)<\/p>\n\n\n\n<ul class=\"wp-block-list\">\n<li><a href=\"https:\/\/www.apfelpatient.de\/en\/news\/tim-cook-comments-internally-on-the-minneapolis-shooting\" type=\"link\" id=\"https:\/\/www.apfelpatient.de\/news\/tim-cook-aeussert-sich-intern-zur-schiesserei-in-minneapolis\">Tim Cook comments internally on the Minneapolis shooting<\/a><\/li>\n\n\n\n<li><a href=\"https:\/\/www.apfelpatient.de\/en\/news\/apple-tv-received-nine-nominations-at-the-writers-guild-awards\">Apple TV received nine nominations at the Writers Guild Awards<\/a><\/li>\n\n\n\n<li><a href=\"https:\/\/www.apfelpatient.de\/en\/news\/apple-tv-extends-shrinking-for-a-fourth-season\">Apple TV has renewed &quot;Shrinking&quot; for a fourth season<\/a><\/li>\n\n\n\n<li><a href=\"https:\/\/www.apfelpatient.de\/en\/news\/app-store-report-reveals-the-extent-of-problematic-apps\">App Store: Report reveals extent of problematic apps<\/a><\/li>\n\n\n\n<li><a href=\"https:\/\/www.apfelpatient.de\/en\/news\/apples-ipad-turns-16-this-is-how-the-tablet-era-began\">Apple&#039;s iPad turns 16 \u2013 this is how the tablet era began<\/a><\/li>\n\n\n\n<li><a href=\"https:\/\/www.apfelpatient.de\/en\/news\/whatsapp-improves-data-protection-with-an-anti-spyware-update\">WhatsApp improves data protection with anti-spyware update<\/a><\/li>\n\n\n\n<li><a href=\"https:\/\/www.apfelpatient.de\/en\/news\/apple-services-weaker-iphone-17-pro-compensates-for-many-things\">Apple Services weaker? iPhone 17 Pro compensates for a lot<\/a><\/li>\n\n\n\n<li><a href=\"https:\/\/www.apfelpatient.de\/en\/news\/meta-plant-premium-subscriptions-for-instagram-facebook-and-whatsapp\">Meta plans premium subscriptions for Instagram, Facebook and WhatsApp<\/a><\/li>\n\n\n\n<li><a href=\"https:\/\/www.apfelpatient.de\/en\/news\/iphone-5s-receives-ios-update-13-years-after-market-launch\">iPhone 5s receives iOS update 13 years after market launch<\/a><\/li>\n\n\n\n<li><a href=\"https:\/\/www.apfelpatient.de\/en\/news\/apple-is-profiting-from-the-premium-boom-in-the-indian-market\">Apple is benefiting from the premium boom in the Indian market<\/a><\/li>\n\n\n\n<li><a href=\"https:\/\/www.apfelpatient.de\/en\/news\/ios-26-3-restricts-location-data-for-network-operators\">iOS 26.3 restricts location data for network operators<\/a><\/li>\n\n\n\n<li><a href=\"https:\/\/www.apfelpatient.de\/en\/news\/chatgpt-health-under-test-ai-misreads-heart-data\">ChatGPT Health put to the test: When AI misreads heart data<\/a><\/li>\n\n\n\n<li><a href=\"https:\/\/www.apfelpatient.de\/en\/news\/apple-continues-testing-phase-ios-26-3-beta-3-is-here\">Apple continues testing phase: iOS 26.3 Beta 3 is here<\/a><\/li>\n\n\n\n<li><a href=\"https:\/\/www.apfelpatient.de\/en\/news\/ios-26-2-1-brings-airtag-2-support-and-important-fixes\">iOS 26.2.1 brings AirTag 2 support and important fixes<\/a><\/li>\n\n\n\n<li><a href=\"https:\/\/www.apfelpatient.de\/en\/news\/grok-produced-csam-images-investigations-are-underway-in-the-eu\">Grok produced CSAM images: Investigations are underway in the EU<\/a><\/li>\n\n\n\n<li><a href=\"https:\/\/www.apfelpatient.de\/en\/news\/apple-stock-on-the-rise-jp-morgan-raises-target-to-315\">Apple stock on the rise: JP Morgan raises target to $315<\/a><\/li>\n\n\n\n<li><a href=\"https:\/\/www.apfelpatient.de\/en\/news\/apple-introduces-new-black-unity-apple-watch-band\">Apple introduces new Black Unity Apple Watch band<\/a><\/li>\n\n\n\n<li><a href=\"https:\/\/www.apfelpatient.de\/en\/news\/airtag-2-unveiled-extended-range-tracking-and-protection\">AirTag 2 unveiled: Greater range, tracking and protection<\/a><\/li>\n\n\n\n<li><a href=\"https:\/\/www.apfelpatient.de\/en\/news\/apple-and-new-macs-are-coming-meaning-higher-storage-prices\">Apple and new Macs: Will memory prices rise?<\/a><\/li>\n\n\n\n<li><a href=\"https:\/\/www.apfelpatient.de\/en\/news\/apple-and-india-antitrust-case-with-global-implications\">Apple and India: Antitrust case with global implications<\/a><\/li>\n\n\n\n<li><a href=\"https:\/\/www.apfelpatient.de\/en\/news\/data-leak-without-hacking-this-is-how-149-million-passwords-got-online\">Data leak without a hack: How 149 million passwords got online<\/a><\/li>\n\n\n\n<li><a href=\"https:\/\/www.apfelpatient.de\/en\/news\/whatsapp-is-testing-a-new-group-function-for-chat-flows\">WhatsApp is testing a new group feature for chat histories<\/a><\/li>\n\n\n\n<li><a href=\"https:\/\/www.apfelpatient.de\/en\/news\/apple-remains-the-industry-benchmark-in-the-fortune-ranking-2026\">Apple remains the industry benchmark in the Fortune 2026 ranking<\/a><\/li>\n\n\n\n<li><a href=\"https:\/\/www.apfelpatient.de\/en\/news\/apple-event-for-creatives-the-new-macbook-pro-is-coming\">Apple Event for Creatives: Is the new MacBook Pro coming?<\/a><\/li>\n<\/ul>\n\n\n\n<h6 class=\"wp-block-heading translation-block\" id=\"h-kennt-ihr-schon-unsere-amazon-storefront-dort-findet-ihr-eine-handverlesene-auswahl-von-diversen-produkten-f-r-euer-iphone-und-co-viel-spa-beim-st-bern\"><em>Have you already visited our Amazon Storefront? There you&#039;ll find a hand-picked selection of various products for your iPhone and other devices \u2013 <span class=\"has-inline-color has-vivid-red-color\"><a href=\"https:\/\/www.amazon.de\/shop\/apfelpatientofficial\" class=\"ek-link\" data-wpel-link=\"exclude\" rel=\"follow noopener\" target=\"_self\"><span style=\"text-decoration: underline\" class=\"ek-underline\">enjoy browsing<\/span><\/a> !<\/span><\/em><\/h6>\n\n\n\n<h6 class=\"wp-block-heading translation-block\" id=\"h-der-beitrag-enthalt-partnerlinks\">This post contains <a data-type=\"URL\" data-id=\"https:\/\/www.apfelpatient.de\/partnerprogramm\" href=\"https:\/\/www.apfelpatient.de\/en\/partner-program\" data-wpel-link=\"internal\" target=\"_self\">affiliate links<\/a>.<\/h6>","protected":false},"excerpt":{"rendered":"<p>Apple TV is bringing back Ted Lasso. Season 4 starts in summer 2026 and features new teams, familiar stars, and creative continuity.<\/p>","protected":false},"author":2,"featured_media":63554,"comment_status":"closed","ping_status":"open","sticky":false,"template":"","format":"standard","meta":{"jnews-multi-image_gallery":[],"jnews_single_post":{"format":"standard","override":[{"template":"2","parallax":"1","fullscreen":"1","layout":"right-sidebar","sidebar":"default-sidebar","second_sidebar":"default-sidebar","sticky_sidebar":"1","share_position":"top","share_float_style":"share-monocrhome","show_featured":"1","show_post_meta":"1","show_post_author":"1","show_post_author_image":"1","show_post_date":"1","post_date_format":"default","post_date_format_custom":"Y\/m\/d","show_post_reading_time":"0","post_reading_time_wpm":"300","post_calculate_word_method":"str_word_count","show_zoom_button":"0","zoom_button_out_step":"2","zoom_button_in_step":"3","show_post_tag":"1","show_prev_next_post":"1","show_popup_post":"1","show_comment_section":"1","number_popup_post":"1","show_author_box":"0","show_post_related":"0","show_inline_post_related":"0"}],"image_override":[{"single_post_thumbnail_size":"crop-500","single_post_gallery_size":"crop-500"}],"trending_post_position":"meta","trending_post_label":"Trending","sponsored_post_label":"Sponsored by","disable_ad":"0"},"jnews_primary_category":{"id":"9"},"footnotes":""},"categories":[9],"tags":[34,156],"class_list":["post-63347","post","type-post","status-publish","format-standard","has-post-thumbnail","hentry","category-news","tag-apple-dienste","tag-apple-tv"],"yoast_head":"<!-- This site is optimized with the Yoast SEO Premium plugin v27.5 (Yoast SEO v27.5) - https:\/\/yoast.com\/product\/yoast-seo-premium-wordpress\/ -->\n<title>Apple TV best\u00e4tigt Ted Lasso Staffel 4 f\u00fcr Sommer 2026 Apfelpatient<\/title>\n<meta name=\"description\" content=\"Apple TV bringt Ted Lasso zur\u00fcck. Staffel 4 startet im Sommer 2026 und setzt auf neue Teams, bekannte Stars und kreative Kontinuit\u00e4t.\" \/>\n<meta name=\"robots\" content=\"index, follow, max-snippet:-1, max-image-preview:large, max-video-preview:-1\" \/>\n<link rel=\"canonical\" href=\"https:\/\/www.apfelpatient.de\/en\/news\/apple-tv-confirms-ted-lasso-season-4-for-summer-2026\" \/>\n<meta property=\"og:locale\" content=\"en_US\" \/>\n<meta property=\"og:type\" content=\"article\" \/>\n<meta property=\"og:title\" content=\"Apple TV best\u00e4tigt Ted Lasso Staffel 4 f\u00fcr Sommer 2026\" \/>\n<meta property=\"og:description\" content=\"Apple TV bringt Ted Lasso zur\u00fcck. Staffel 4 startet im Sommer 2026 und setzt auf neue Teams, bekannte Stars und kreative Kontinuit\u00e4t.\" \/>\n<meta property=\"og:url\" content=\"https:\/\/www.apfelpatient.de\/en\/news\/apple-tv-confirms-ted-lasso-season-4-for-summer-2026\" \/>\n<meta property=\"og:site_name\" content=\"Apfelpatient\" \/>\n<meta property=\"article:publisher\" content=\"https:\/\/www.facebook.com\/apfelpatientOfficial\" \/>\n<meta property=\"article:author\" content=\"https:\/\/www.facebook.com\/apfelpatientOfficial\" \/>\n<meta property=\"article:published_time\" content=\"2026-01-28T13:12:14+00:00\" \/>\n<meta property=\"article:modified_time\" content=\"2026-02-02T16:41:03+00:00\" \/>\n<meta property=\"og:image\" content=\"https:\/\/www.apfelpatient.de\/wp-content\/uploads\/2026\/02\/012626_Ted_Lasso_Premiere_Timing_First-Look_Images_News_Big_Image_03.jpg\" \/>\n\t<meta property=\"og:image:width\" content=\"1600\" \/>\n\t<meta property=\"og:image:height\" content=\"1066\" \/>\n\t<meta property=\"og:image:type\" content=\"image\/jpeg\" \/>\n<meta name=\"author\" content=\"Milan\" \/>\n<meta name=\"twitter:card\" content=\"summary_large_image\" \/>\n<meta name=\"twitter:description\" content=\"Apple TV bringt Ted Lasso zur\u00fcck. Staffel 4 startet im Sommer 2026 und setzt auf neue Teams, bekannte Stars und kreative Kontinuit\u00e4t.\" \/>\n<meta name=\"twitter:label1\" content=\"Written by\" \/>\n\t<meta name=\"twitter:data1\" content=\"Milan\" \/>\n\t<meta name=\"twitter:label2\" content=\"Est. reading time\" \/>\n\t<meta name=\"twitter:data2\" content=\"6 minutes\" \/>\n<script type=\"application\/ld+json\" class=\"yoast-schema-graph\">{\"@context\":\"https:\\\/\\\/schema.org\",\"@graph\":[{\"@type\":\"NewsArticle\",\"@id\":\"https:\\\/\\\/www.apfelpatient.de\\\/news\\\/apple-tv-bestaetigt-ted-lasso-staffel-4-fuer-sommer-2026#article\",\"isPartOf\":{\"@id\":\"https:\\\/\\\/www.apfelpatient.de\\\/news\\\/apple-tv-bestaetigt-ted-lasso-staffel-4-fuer-sommer-2026\"},\"author\":{\"@type\":\"Organization\",\"@id\":\"https:\\\/\\\/www.apfelpatient.de\\\/en\\\/#organization\",\"name\":\"Apfelpatient\",\"url\":\"https:\\\/\\\/www.apfelpatient.de\\\/en\\\/\"},\"headline\":\"Apple TV best\u00e4tigt Ted Lasso Staffel 4 f\u00fcr Sommer 2026\",\"datePublished\":\"2026-01-28T13:12:14+00:00\",\"dateModified\":\"2026-02-02T16:41:03+00:00\",\"mainEntityOfPage\":{\"@id\":\"https:\\\/\\\/www.apfelpatient.de\\\/news\\\/apple-tv-bestaetigt-ted-lasso-staffel-4-fuer-sommer-2026\"},\"wordCount\":878,\"publisher\":{\"@type\":\"Organization\",\"@id\":\"https:\\\/\\\/www.apfelpatient.de\\\/en\\\/#organization\",\"name\":\"Apfelpatient\",\"url\":\"https:\\\/\\\/www.apfelpatient.de\\\/en\\\/\"},\"image\":{\"@id\":\"https:\\\/\\\/www.apfelpatient.de\\\/news\\\/apple-tv-bestaetigt-ted-lasso-staffel-4-fuer-sommer-2026#primaryimage\"},\"thumbnailUrl\":\"https:\\\/\\\/www.apfelpatient.de\\\/wp-content\\\/uploads\\\/2026\\\/02\\\/012626_Ted_Lasso_Premiere_Timing_First-Look_Images_News_Big_Image_03.jpg\",\"keywords\":[\"Apple Dienste\",\"Apple TV\"],\"articleSection\":\"News\",\"inLanguage\":\"en-US\",\"copyrightYear\":\"2026\",\"copyrightHolder\":{\"@id\":\"https:\\\/\\\/www.apfelpatient.de\\\/en\\\/#organization\"}},{\"@type\":\"WebPage\",\"@id\":\"https:\\\/\\\/www.apfelpatient.de\\\/news\\\/apple-tv-bestaetigt-ted-lasso-staffel-4-fuer-sommer-2026\",\"url\":\"https:\\\/\\\/www.apfelpatient.de\\\/news\\\/apple-tv-bestaetigt-ted-lasso-staffel-4-fuer-sommer-2026\",\"name\":\"Apple TV best\u00e4tigt Ted Lasso Staffel 4 f\u00fcr Sommer 2026 Apfelpatient\",\"isPartOf\":{\"@id\":\"https:\\\/\\\/www.apfelpatient.de\\\/#website\"},\"primaryImageOfPage\":{\"@id\":\"https:\\\/\\\/www.apfelpatient.de\\\/news\\\/apple-tv-bestaetigt-ted-lasso-staffel-4-fuer-sommer-2026#primaryimage\"},\"image\":{\"@id\":\"https:\\\/\\\/www.apfelpatient.de\\\/news\\\/apple-tv-bestaetigt-ted-lasso-staffel-4-fuer-sommer-2026#primaryimage\"},\"thumbnailUrl\":\"https:\\\/\\\/www.apfelpatient.de\\\/wp-content\\\/uploads\\\/2026\\\/02\\\/012626_Ted_Lasso_Premiere_Timing_First-Look_Images_News_Big_Image_03.jpg\",\"datePublished\":\"2026-01-28T13:12:14+00:00\",\"dateModified\":\"2026-02-02T16:41:03+00:00\",\"description\":\"Apple TV bringt Ted Lasso zur\u00fcck. Staffel 4 startet im Sommer 2026 und setzt auf neue Teams, bekannte Stars und kreative Kontinuit\u00e4t.\",\"breadcrumb\":{\"@id\":\"https:\\\/\\\/www.apfelpatient.de\\\/news\\\/apple-tv-bestaetigt-ted-lasso-staffel-4-fuer-sommer-2026#breadcrumb\"},\"inLanguage\":\"en-US\",\"potentialAction\":[{\"@type\":\"ReadAction\",\"target\":[\"https:\\\/\\\/www.apfelpatient.de\\\/news\\\/apple-tv-bestaetigt-ted-lasso-staffel-4-fuer-sommer-2026\"]}]},{\"@type\":\"ImageObject\",\"inLanguage\":\"en-US\",\"@id\":\"https:\\\/\\\/www.apfelpatient.de\\\/news\\\/apple-tv-bestaetigt-ted-lasso-staffel-4-fuer-sommer-2026#primaryimage\",\"url\":\"https:\\\/\\\/www.apfelpatient.de\\\/wp-content\\\/uploads\\\/2026\\\/02\\\/012626_Ted_Lasso_Premiere_Timing_First-Look_Images_News_Big_Image_03.jpg\",\"contentUrl\":\"https:\\\/\\\/www.apfelpatient.de\\\/wp-content\\\/uploads\\\/2026\\\/02\\\/012626_Ted_Lasso_Premiere_Timing_First-Look_Images_News_Big_Image_03.jpg\",\"width\":1600,\"height\":1066,\"caption\":\"Bild: Apple\"},{\"@type\":\"BreadcrumbList\",\"@id\":\"https:\\\/\\\/www.apfelpatient.de\\\/news\\\/apple-tv-bestaetigt-ted-lasso-staffel-4-fuer-sommer-2026#breadcrumb\",\"itemListElement\":[{\"@type\":\"ListItem\",\"position\":1,\"name\":\"Startseite\",\"item\":\"https:\\\/\\\/www.apfelpatient.de\\\/\"},{\"@type\":\"ListItem\",\"position\":2,\"name\":\"Apple TV best\u00e4tigt Ted Lasso Staffel 4 f\u00fcr Sommer 2026\"}]},{\"@type\":\"WebSite\",\"@id\":\"https:\\\/\\\/www.apfelpatient.de\\\/#website\",\"url\":\"https:\\\/\\\/www.apfelpatient.de\\\/\",\"name\":\"Apfelpatient\",\"description\":\"Alles rund um Apple!\",\"publisher\":{\"@type\":\"Organization\",\"@id\":\"https:\\\/\\\/www.apfelpatient.de\\\/en\\\/#organization\",\"name\":\"Apfelpatient\",\"url\":\"https:\\\/\\\/www.apfelpatient.de\\\/en\\\/\"},\"alternateName\":\"Apfelpatient\",\"potentialAction\":[{\"@type\":\"SearchAction\",\"target\":{\"@type\":\"EntryPoint\",\"urlTemplate\":\"https:\\\/\\\/www.apfelpatient.de\\\/?s={search_term_string}\"},\"query-input\":{\"@type\":\"PropertyValueSpecification\",\"valueRequired\":true,\"valueName\":\"search_term_string\"}}],\"inLanguage\":\"en-US\"},{\"@type\":[\"Person\",\"Organization\"],\"@id\":\"https:\\\/\\\/www.apfelpatient.de\\\/#\\\/schema\\\/person\\\/7dc56ad6c8e9824b76d2c08d4c140e13\",\"name\":\"Milan\",\"logo\":{\"@id\":\"https:\\\/\\\/www.apfelpatient.de\\\/#\\\/schema\\\/person\\\/image\\\/\"},\"description\":\"Hallo und herzlich willkommen auf meinem Technik-Blog! Als gro\u00dfer Apple-Fan berichte ich hier \u00fcber alles, was mit Apple zu tun hat: von den neuesten News und spannenden Ger\u00fcchten \u00fcber hilfreiche Tipps und Tricks bis hin zu ausf\u00fchrlichen Produkttests. Wenn du genauso technikbegeistert bist wie ich, bist du hier genau richtig!\",\"sameAs\":[\"https:\\\/\\\/www.facebook.com\\\/apfelpatientOfficial\",\"https:\\\/\\\/www.linkedin.com\\\/in\\\/milan-jovicic-42aa0231b\"],\"url\":\"https:\\\/\\\/www.apfelpatient.de\\\/en\\\/author\\\/apfeladmin\"}]}<\/script>\n<!-- \/ Yoast SEO Premium plugin. -->","yoast_head_json":{"title":"Apple TV confirms Ted Lasso Season 4 for Summer 2026 Apfelpatient","description":"Apple TV is bringing back Ted Lasso. Season 4 starts in summer 2026 and features new teams, familiar stars, and creative continuity.","robots":{"index":"index","follow":"follow","max-snippet":"max-snippet:-1","max-image-preview":"max-image-preview:large","max-video-preview":"max-video-preview:-1"},"canonical":"https:\/\/www.apfelpatient.de\/en\/news\/apple-tv-confirms-ted-lasso-season-4-for-summer-2026","og_locale":"en_US","og_type":"article","og_title":"Apple TV best\u00e4tigt Ted Lasso Staffel 4 f\u00fcr Sommer 2026","og_description":"Apple TV bringt Ted Lasso zur\u00fcck. Staffel 4 startet im Sommer 2026 und setzt auf neue Teams, bekannte Stars und kreative Kontinuit\u00e4t.","og_url":"https:\/\/www.apfelpatient.de\/en\/news\/apple-tv-confirms-ted-lasso-season-4-for-summer-2026","og_site_name":"Apfelpatient","article_publisher":"https:\/\/www.facebook.com\/apfelpatientOfficial","article_author":"https:\/\/www.facebook.com\/apfelpatientOfficial","article_published_time":"2026-01-28T13:12:14+00:00","article_modified_time":"2026-02-02T16:41:03+00:00","og_image":[{"width":1600,"height":1066,"url":"https:\/\/www.apfelpatient.de\/wp-content\/uploads\/2026\/02\/012626_Ted_Lasso_Premiere_Timing_First-Look_Images_News_Big_Image_03.jpg","type":"image\/jpeg"}],"author":"Milan","twitter_card":"summary_large_image","twitter_description":"Apple TV bringt Ted Lasso zur\u00fcck. Staffel 4 startet im Sommer 2026 und setzt auf neue Teams, bekannte Stars und kreative Kontinuit\u00e4t.","twitter_misc":{"Written by":"Milan","Est. reading time":"6 minutes"},"schema":{"@context":"https:\/\/schema.org","@graph":[{"@type":"NewsArticle","@id":"https:\/\/www.apfelpatient.de\/news\/apple-tv-bestaetigt-ted-lasso-staffel-4-fuer-sommer-2026#article","isPartOf":{"@id":"https:\/\/www.apfelpatient.de\/news\/apple-tv-bestaetigt-ted-lasso-staffel-4-fuer-sommer-2026"},"author":{"@type":"Organization","@id":"https:\/\/www.apfelpatient.de\/en\/#organization","name":"Apfelpatient","url":"https:\/\/www.apfelpatient.de\/en\/"},"headline":"Apple TV best\u00e4tigt Ted Lasso Staffel 4 f\u00fcr Sommer 2026","datePublished":"2026-01-28T13:12:14+00:00","dateModified":"2026-02-02T16:41:03+00:00","mainEntityOfPage":{"@id":"https:\/\/www.apfelpatient.de\/news\/apple-tv-bestaetigt-ted-lasso-staffel-4-fuer-sommer-2026"},"wordCount":878,"publisher":{"@type":"Organization","@id":"https:\/\/www.apfelpatient.de\/en\/#organization","name":"Apfelpatient","url":"https:\/\/www.apfelpatient.de\/en\/"},"image":{"@id":"https:\/\/www.apfelpatient.de\/news\/apple-tv-bestaetigt-ted-lasso-staffel-4-fuer-sommer-2026#primaryimage"},"thumbnailUrl":"https:\/\/www.apfelpatient.de\/wp-content\/uploads\/2026\/02\/012626_Ted_Lasso_Premiere_Timing_First-Look_Images_News_Big_Image_03.jpg","keywords":["Apple Dienste","Apple TV"],"articleSection":"News","inLanguage":"en-US","copyrightYear":"2026","copyrightHolder":{"@id":"https:\/\/www.apfelpatient.de\/en\/#organization"}},{"@type":"WebPage","@id":"https:\/\/www.apfelpatient.de\/news\/apple-tv-bestaetigt-ted-lasso-staffel-4-fuer-sommer-2026","url":"https:\/\/www.apfelpatient.de\/news\/apple-tv-bestaetigt-ted-lasso-staffel-4-fuer-sommer-2026","name":"Apple TV confirms Ted Lasso Season 4 for Summer 2026 Apfelpatient","isPartOf":{"@id":"https:\/\/www.apfelpatient.de\/#website"},"primaryImageOfPage":{"@id":"https:\/\/www.apfelpatient.de\/news\/apple-tv-bestaetigt-ted-lasso-staffel-4-fuer-sommer-2026#primaryimage"},"image":{"@id":"https:\/\/www.apfelpatient.de\/news\/apple-tv-bestaetigt-ted-lasso-staffel-4-fuer-sommer-2026#primaryimage"},"thumbnailUrl":"https:\/\/www.apfelpatient.de\/wp-content\/uploads\/2026\/02\/012626_Ted_Lasso_Premiere_Timing_First-Look_Images_News_Big_Image_03.jpg","datePublished":"2026-01-28T13:12:14+00:00","dateModified":"2026-02-02T16:41:03+00:00","description":"Apple TV is bringing back Ted Lasso. Season 4 starts in summer 2026 and features new teams, familiar stars, and creative continuity.","breadcrumb":{"@id":"https:\/\/www.apfelpatient.de\/news\/apple-tv-bestaetigt-ted-lasso-staffel-4-fuer-sommer-2026#breadcrumb"},"inLanguage":"en-US","potentialAction":[{"@type":"ReadAction","target":["https:\/\/www.apfelpatient.de\/news\/apple-tv-bestaetigt-ted-lasso-staffel-4-fuer-sommer-2026"]}]},{"@type":"ImageObject","inLanguage":"en-US","@id":"https:\/\/www.apfelpatient.de\/news\/apple-tv-bestaetigt-ted-lasso-staffel-4-fuer-sommer-2026#primaryimage","url":"https:\/\/www.apfelpatient.de\/wp-content\/uploads\/2026\/02\/012626_Ted_Lasso_Premiere_Timing_First-Look_Images_News_Big_Image_03.jpg","contentUrl":"https:\/\/www.apfelpatient.de\/wp-content\/uploads\/2026\/02\/012626_Ted_Lasso_Premiere_Timing_First-Look_Images_News_Big_Image_03.jpg","width":1600,"height":1066,"caption":"Bild: Apple"},{"@type":"BreadcrumbList","@id":"https:\/\/www.apfelpatient.de\/news\/apple-tv-bestaetigt-ted-lasso-staffel-4-fuer-sommer-2026#breadcrumb","itemListElement":[{"@type":"ListItem","position":1,"name":"Startseite","item":"https:\/\/www.apfelpatient.de\/"},{"@type":"ListItem","position":2,"name":"Apple TV best\u00e4tigt Ted Lasso Staffel 4 f\u00fcr Sommer 2026"}]},{"@type":"WebSite","@id":"https:\/\/www.apfelpatient.de\/#website","url":"https:\/\/www.apfelpatient.de\/","name":"apple patient","description":"Everything about Apple!","publisher":{"@type":"Organization","@id":"https:\/\/www.apfelpatient.de\/en\/#organization","name":"Apfelpatient","url":"https:\/\/www.apfelpatient.de\/en\/"},"alternateName":"Apfelpatient","potentialAction":[{"@type":"SearchAction","target":{"@type":"EntryPoint","urlTemplate":"https:\/\/www.apfelpatient.de\/?s={search_term_string}"},"query-input":{"@type":"PropertyValueSpecification","valueRequired":true,"valueName":"search_term_string"}}],"inLanguage":"en-US"},{"@type":["Person","Organization"],"@id":"https:\/\/www.apfelpatient.de\/#\/schema\/person\/7dc56ad6c8e9824b76d2c08d4c140e13","name":"Milan","logo":{"@id":"https:\/\/www.apfelpatient.de\/#\/schema\/person\/image\/"},"description":"Hello and welcome to my technology blog! As a big Apple fan, I report on everything to do with Apple: from the latest news and exciting rumors to helpful tips and tricks and detailed product tests. If you are as enthusiastic about technology as I am, you have come to the right place!","sameAs":["https:\/\/www.facebook.com\/apfelpatientOfficial","https:\/\/www.linkedin.com\/in\/milan-jovicic-42aa0231b"],"url":"https:\/\/www.apfelpatient.de\/en\/author\/apfeladmin"}]}},"_links":{"self":[{"href":"https:\/\/www.apfelpatient.de\/en\/wp-json\/wp\/v2\/posts\/63347","targetHints":{"allow":["GET"]}}],"collection":[{"href":"https:\/\/www.apfelpatient.de\/en\/wp-json\/wp\/v2\/posts"}],"about":[{"href":"https:\/\/www.apfelpatient.de\/en\/wp-json\/wp\/v2\/types\/post"}],"author":[{"embeddable":true,"href":"https:\/\/www.apfelpatient.de\/en\/wp-json\/wp\/v2\/users\/2"}],"replies":[{"embeddable":true,"href":"https:\/\/www.apfelpatient.de\/en\/wp-json\/wp\/v2\/comments?post=63347"}],"version-history":[{"count":3,"href":"https:\/\/www.apfelpatient.de\/en\/wp-json\/wp\/v2\/posts\/63347\/revisions"}],"predecessor-version":[{"id":63563,"href":"https:\/\/www.apfelpatient.de\/en\/wp-json\/wp\/v2\/posts\/63347\/revisions\/63563"}],"wp:featuredmedia":[{"embeddable":true,"href":"https:\/\/www.apfelpatient.de\/en\/wp-json\/wp\/v2\/media\/63554"}],"wp:attachment":[{"href":"https:\/\/www.apfelpatient.de\/en\/wp-json\/wp\/v2\/media?parent=63347"}],"wp:term":[{"taxonomy":"category","embeddable":true,"href":"https:\/\/www.apfelpatient.de\/en\/wp-json\/wp\/v2\/categories?post=63347"},{"taxonomy":"post_tag","embeddable":true,"href":"https:\/\/www.apfelpatient.de\/en\/wp-json\/wp\/v2\/tags?post=63347"}],"curies":[{"name":"wp","href":"https:\/\/api.w.org\/{rel}","templated":true}]}}