{"id":63341,"date":"2026-01-28T04:45:37","date_gmt":"2026-01-28T03:45:37","guid":{"rendered":"https:\/\/www.apfelpatient.de\/?p=63341"},"modified":"2026-01-28T04:47:55","modified_gmt":"2026-01-28T03:47:55","slug":"tim-cook-comments-internally-on-the-minneapolis-shooting","status":"publish","type":"post","link":"https:\/\/www.apfelpatient.de\/en\/news\/tim-cook-aeussert-sich-intern-zur-schiesserei-in-minneapolis","title":{"rendered":"Tim Cook comments internally on the Minneapolis shooting"},"content":{"rendered":"<p class=\"has-drop-cap\"><strong>Tim Cook addressed the deadly events in Minneapolis in an internal memo to Apple employees. This came after public criticism of his attendance at a VIP event at the White House, just hours after Alex Pretti was shot and killed by ICE agents. The contents of the memo, published by Bloomberg, offer insight into how the Apple CEO views the situation internally.<\/strong><\/p>\n\n\n\n<p>Since Donald Trump&#039;s re-election, Tim Cook has been a regular presence at US government events. These include political announcements at the White House, cabinet briefings, and international meetings with government officials. Trump frequently mentions Cook positively in speeches and emphasizes his role in the US economy.<\/p>\n\n\n\n<p>This close relationship with the government has long been the subject of critical scrutiny. It came under renewed scrutiny last weekend when Tim Cook attended an exclusive preview of the documentary &quot;Melania&quot; at the White House. Just hours earlier, Alex Pretti had been shot and killed by ICE agents in Minneapolis. This timing sparked strong reactions and renewed debate about Cook&#039;s relationship with the president.<\/p>\n\n\n\n<h4 class=\"wp-block-heading\" id=\"h-die-interne-mitteilung-von-tim-cook\">Tim Cook&#039;s internal memo<\/h4>\n\n\n\n<p class=\"translation-block\">Following the public reaction, Tim Cook sent an internal message to Apple employees, according to <a href=\"https:\/\/www.bloomberg.com\/news\/articles\/2026-01-28\/apple-s-cook-calls-for-deescalation-after-latest-ice-shooting?embedded-checkout=true\" id=\"https:\/\/www.bloomberg.com\/news\/articles\/2026-01-28\/apple-s-cook-calls-for-deescalation-after-latest-ice-shooting?embedded-checkout=true\" target=\"_blank\" rel=\"noreferrer noopener\" data-wpel-link=\"external\">Bloomberg<\/a>. In it, he referred generally to \"the events in Minneapolis\" and refrained from a detailed political analysis.<\/p>\n\n\n\n<p>At the beginning of his letter, Cook stated that the events had deeply shaken him. His prayers and deepest sympathy were with the families, the affected communities, and all those suffering the consequences.<\/p>\n\n\n\n<h4 class=\"wp-block-heading\" id=\"h-appell-zur-deeskalation-und-werteverstandnis\">Appeal for de-escalation and understanding of values<\/h4>\n\n\n\n<p>In the statement, Tim Cook emphasizes that now is the time to de-escalate the situation. He writes that America is strongest when it lives up to its highest ideals. These include treating all people with respect and dignity, regardless of who they are or where they come from. He also highlights the importance of our shared humanity.<\/p>\n\n\n\n<p>Cook explicitly links these principles to Apple&#039;s corporate culture. He makes it clear that the company has always championed these values and considers them an integral part of its identity.<\/p>\n\n\n\n<h4 class=\"wp-block-heading\" id=\"h-gesprach-mit-donald-trump\">Interview with Donald Trump<\/h4>\n\n\n\n<p>Another point in the internal memo concerns a personal conversation between Tim Cook and Donald Trump. Cook writes that he had a good conversation with the president this week and shared his own views. He does not specify the content of this exchange. However, he mentions that he appreciates the president&#039;s openness to addressing issues that concern many people.<\/p>\n\n\n\n<h4 class=\"wp-block-heading\" id=\"h-reaktionen-innerhalb-von-apple\">Reactions within Apple<\/h4>\n\n\n\n<p>In his letter, Tim Cook also addresses the emotional strain that these events are causing for many employees. He acknowledges that the situation is difficult and upsetting, and expresses understanding for these reactions.<\/p>\n\n\n\n<p>At the same time, he expresses pride in Apple&#039;s teams. He particularly emphasizes how much employees worldwide care about events outside the company. He describes this empathy as one of Apple&#039;s greatest strengths and something that is valued throughout the company. Finally, he explicitly thanks the employees for their work and dedication.<\/p>\n\n\n\n<h4 class=\"wp-block-heading\" id=\"h-einordnung-im-weiteren-kontext\">Contextualization<\/h4>\n\n\n\n<p>Tim Cook&#039;s statement was released on the same day that other leading figures in the tech industry commented on the recent killings. These included Sam Altman of OpenAI and Dario Amodei of Anthropic.<\/p>\n\n\n\n<p>Like Tim Cook, they also avoided a direct confrontation with the US government. Altman stated that ICE went too far, while Amodei emphasized the importance of upholding democratic values.<\/p>\n\n\n\n<h3 class=\"wp-block-heading\" id=\"h-apple-ceo-tim-cook-ein-vorsichtiger-balanceakt-zwischen-haltung-und-zuruckhaltung\">Apple CEO Tim Cook: A cautious balancing act between stance and restraint<\/h3>\n\n\n\n<p>The internal letter reveals how Tim Cook attempts to respond to criticism and societal tensions without engaging in open political confrontation. The memo remains general, emphasizing values, empathy, and de-escalation, and is clearly internally focused. At the same time, it illustrates the ongoing balancing act that Tim Cook, as CEO of a global technology company, must perform between political engagement, public expectations, and corporate restraint. (Image: Shutterstock \/ Ringo Chiu)<\/p>\n\n\n\n<ul class=\"wp-block-list\">\n<li><a href=\"https:\/\/www.apfelpatient.de\/en\/news\/apple-tv-received-nine-nominations-at-the-writers-guild-awards\" type=\"link\" id=\"https:\/\/www.apfelpatient.de\/news\/apple-tv-mit-neun-nennungen-bei-den-writers-guild-awards\">Apple TV received nine nominations at the Writers Guild Awards<\/a><\/li>\n\n\n\n<li><a href=\"https:\/\/www.apfelpatient.de\/en\/news\/apple-tv-extends-shrinking-for-a-fourth-season\">Apple TV has renewed &quot;Shrinking&quot; for a fourth season<\/a><\/li>\n\n\n\n<li><a href=\"https:\/\/www.apfelpatient.de\/en\/news\/app-store-report-reveals-the-extent-of-problematic-apps\">App Store: Report reveals extent of problematic apps<\/a><\/li>\n\n\n\n<li><a href=\"https:\/\/www.apfelpatient.de\/en\/news\/apples-ipad-turns-16-this-is-how-the-tablet-era-began\">Apple&#039;s iPad turns 16 \u2013 this is how the tablet era began<\/a><\/li>\n\n\n\n<li><a href=\"https:\/\/www.apfelpatient.de\/en\/news\/whatsapp-improves-data-protection-with-an-anti-spyware-update\">WhatsApp improves data protection with anti-spyware update<\/a><\/li>\n\n\n\n<li><a href=\"https:\/\/www.apfelpatient.de\/en\/news\/apple-services-weaker-iphone-17-pro-compensates-for-many-things\">Apple Services weaker? iPhone 17 Pro compensates for a lot<\/a><\/li>\n\n\n\n<li><a href=\"https:\/\/www.apfelpatient.de\/en\/news\/meta-plant-premium-subscriptions-for-instagram-facebook-and-whatsapp\">Meta plans premium subscriptions for Instagram, Facebook and WhatsApp<\/a><\/li>\n\n\n\n<li><a href=\"https:\/\/www.apfelpatient.de\/en\/news\/iphone-5s-receives-ios-update-13-years-after-market-launch\">iPhone 5s receives iOS update 13 years after market launch<\/a><\/li>\n\n\n\n<li><a href=\"https:\/\/www.apfelpatient.de\/en\/news\/apple-is-profiting-from-the-premium-boom-in-the-indian-market\">Apple is benefiting from the premium boom in the Indian market<\/a><\/li>\n\n\n\n<li><a href=\"https:\/\/www.apfelpatient.de\/en\/news\/ios-26-3-restricts-location-data-for-network-operators\">iOS 26.3 restricts location data for network operators<\/a><\/li>\n\n\n\n<li><a href=\"https:\/\/www.apfelpatient.de\/en\/news\/chatgpt-health-under-test-ai-misreads-heart-data\">ChatGPT Health put to the test: When AI misreads heart data<\/a><\/li>\n\n\n\n<li><a href=\"https:\/\/www.apfelpatient.de\/en\/news\/apple-continues-testing-phase-ios-26-3-beta-3-is-here\">Apple continues testing phase: iOS 26.3 Beta 3 is here<\/a><\/li>\n\n\n\n<li><a href=\"https:\/\/www.apfelpatient.de\/en\/news\/ios-26-2-1-brings-airtag-2-support-and-important-fixes\">iOS 26.2.1 brings AirTag 2 support and important fixes<\/a><\/li>\n\n\n\n<li><a href=\"https:\/\/www.apfelpatient.de\/en\/news\/grok-produced-csam-images-investigations-are-underway-in-the-eu\">Grok produced CSAM images: Investigations are underway in the EU<\/a><\/li>\n\n\n\n<li><a href=\"https:\/\/www.apfelpatient.de\/en\/news\/apple-stock-on-the-rise-jp-morgan-raises-target-to-315\">Apple stock on the rise: JP Morgan raises target to $315<\/a><\/li>\n\n\n\n<li><a href=\"https:\/\/www.apfelpatient.de\/en\/news\/apple-introduces-new-black-unity-apple-watch-band\">Apple introduces new Black Unity Apple Watch band<\/a><\/li>\n\n\n\n<li><a href=\"https:\/\/www.apfelpatient.de\/en\/news\/airtag-2-unveiled-extended-range-tracking-and-protection\">AirTag 2 unveiled: Greater range, tracking and protection<\/a><\/li>\n\n\n\n<li><a href=\"https:\/\/www.apfelpatient.de\/en\/news\/apple-and-new-macs-are-coming-meaning-higher-storage-prices\">Apple and new Macs: Will memory prices rise?<\/a><\/li>\n\n\n\n<li><a href=\"https:\/\/www.apfelpatient.de\/en\/news\/apple-and-india-antitrust-case-with-global-implications\">Apple and India: Antitrust case with global implications<\/a><\/li>\n\n\n\n<li><a href=\"https:\/\/www.apfelpatient.de\/en\/news\/data-leak-without-hacking-this-is-how-149-million-passwords-got-online\">Data leak without a hack: How 149 million passwords got online<\/a><\/li>\n\n\n\n<li><a href=\"https:\/\/www.apfelpatient.de\/en\/news\/whatsapp-is-testing-a-new-group-function-for-chat-flows\">WhatsApp is testing a new group feature for chat histories<\/a><\/li>\n\n\n\n<li><a href=\"https:\/\/www.apfelpatient.de\/en\/news\/apple-remains-the-industry-benchmark-in-the-fortune-ranking-2026\">Apple remains the industry benchmark in the Fortune 2026 ranking<\/a><\/li>\n\n\n\n<li><a href=\"https:\/\/www.apfelpatient.de\/en\/news\/apple-event-for-creatives-the-new-macbook-pro-is-coming\">Apple Event for Creatives: Is the new MacBook Pro coming?<\/a><\/li>\n<\/ul>\n\n\n\n<h6 class=\"wp-block-heading translation-block\" id=\"h-kennt-ihr-schon-unsere-amazon-storefront-dort-findet-ihr-eine-handverlesene-auswahl-von-diversen-produkten-f-r-euer-iphone-und-co-viel-spa-beim-st-bern\"><em>Have you already visited our Amazon Storefront? There you&#039;ll find a hand-picked selection of various products for your iPhone and other devices \u2013 <span class=\"has-inline-color has-vivid-red-color\"><a href=\"https:\/\/www.amazon.de\/shop\/apfelpatientofficial\" class=\"ek-link\" data-wpel-link=\"exclude\" rel=\"follow noopener\" target=\"_self\"><span style=\"text-decoration: underline\" class=\"ek-underline\">enjoy browsing<\/span><\/a> !<\/span><\/em><\/h6>\n\n\n\n<h6 class=\"wp-block-heading translation-block\" id=\"h-der-beitrag-enthalt-partnerlinks\">This post contains <a data-type=\"URL\" data-id=\"https:\/\/www.apfelpatient.de\/partnerprogramm\" href=\"https:\/\/www.apfelpatient.de\/en\/partner-program\" data-wpel-link=\"internal\" target=\"_self\">affiliate links<\/a>.<\/h6>","protected":false},"excerpt":{"rendered":"<p>Tim Cook responds with an internal memo to the shooting in Minneapolis and the debate about his closeness to Trump.<\/p>","protected":false},"author":2,"featured_media":63340,"comment_status":"closed","ping_status":"open","sticky":false,"template":"","format":"standard","meta":{"jnews-multi-image_gallery":[],"jnews_single_post":{"format":"standard","override":[{"template":"2","parallax":"1","fullscreen":"1","layout":"right-sidebar","sidebar":"default-sidebar","second_sidebar":"default-sidebar","sticky_sidebar":"1","share_position":"top","share_float_style":"share-monocrhome","show_featured":"1","show_post_meta":"1","show_post_author":"1","show_post_author_image":"1","show_post_date":"1","post_date_format":"default","post_date_format_custom":"Y\/m\/d","show_post_reading_time":"0","post_reading_time_wpm":"300","post_calculate_word_method":"str_word_count","show_zoom_button":"0","zoom_button_out_step":"2","zoom_button_in_step":"3","show_post_tag":"1","show_prev_next_post":"1","show_popup_post":"1","show_comment_section":"1","number_popup_post":"1","show_author_box":"0","show_post_related":"0","show_inline_post_related":"0"}],"image_override":[{"single_post_thumbnail_size":"crop-500","single_post_gallery_size":"crop-500"}],"trending_post_position":"meta","trending_post_label":"Trending","sponsored_post_label":"Sponsored by","disable_ad":"0"},"jnews_primary_category":{"id":"9"},"footnotes":""},"categories":[9],"tags":[13],"class_list":["post-63341","post","type-post","status-publish","format-standard","has-post-thumbnail","hentry","category-news","tag-techpatient"],"yoast_head":"<!-- This site is optimized with the Yoast SEO Premium plugin v27.5 (Yoast SEO v27.5) - https:\/\/yoast.com\/product\/yoast-seo-premium-wordpress\/ -->\n<title>Tim Cook \u00e4u\u00dfert sich intern zur Schie\u00dferei in Minneapolis Apfelpatient<\/title>\n<meta name=\"description\" content=\"Tim Cook reagiert mit einer internen Mitteilung auf die Schie\u00dferei in Minneapolis und die Debatte um seine N\u00e4he zu Trump.\" \/>\n<meta name=\"robots\" content=\"index, follow, max-snippet:-1, max-image-preview:large, max-video-preview:-1\" \/>\n<link rel=\"canonical\" href=\"https:\/\/www.apfelpatient.de\/en\/news\/tim-cook-comments-internally-on-the-minneapolis-shooting\" \/>\n<meta property=\"og:locale\" content=\"en_US\" \/>\n<meta property=\"og:type\" content=\"article\" \/>\n<meta property=\"og:title\" content=\"Tim Cook \u00e4u\u00dfert sich intern zur Schie\u00dferei in Minneapolis\" \/>\n<meta property=\"og:description\" content=\"Tim Cook reagiert mit einer internen Mitteilung auf die Schie\u00dferei in Minneapolis und die Debatte um seine N\u00e4he zu Trump.\" \/>\n<meta property=\"og:url\" content=\"https:\/\/www.apfelpatient.de\/en\/news\/tim-cook-comments-internally-on-the-minneapolis-shooting\" \/>\n<meta property=\"og:site_name\" content=\"Apfelpatient\" \/>\n<meta property=\"article:publisher\" content=\"https:\/\/www.facebook.com\/apfelpatientOfficial\" \/>\n<meta property=\"article:author\" content=\"https:\/\/www.facebook.com\/apfelpatientOfficial\" \/>\n<meta property=\"article:published_time\" content=\"2026-01-28T03:45:37+00:00\" \/>\n<meta property=\"article:modified_time\" content=\"2026-01-28T03:47:55+00:00\" \/>\n<meta property=\"og:image\" content=\"https:\/\/www.apfelpatient.de\/wp-content\/uploads\/2026\/01\/shutterstock_1996576031.jpg\" \/>\n\t<meta property=\"og:image:width\" content=\"1600\" \/>\n\t<meta property=\"og:image:height\" content=\"1066\" \/>\n\t<meta property=\"og:image:type\" content=\"image\/jpeg\" \/>\n<meta name=\"author\" content=\"Milan\" \/>\n<meta name=\"twitter:card\" content=\"summary_large_image\" \/>\n<meta name=\"twitter:description\" content=\"Tim Cook reagiert mit einer internen Mitteilung auf die Schie\u00dferei in Minneapolis und die Debatte um seine N\u00e4he zu Trump.\" \/>\n<meta name=\"twitter:label1\" content=\"Written by\" \/>\n\t<meta name=\"twitter:data1\" content=\"Milan\" \/>\n\t<meta name=\"twitter:label2\" content=\"Est. reading time\" \/>\n\t<meta name=\"twitter:data2\" content=\"6 minutes\" \/>\n<script type=\"application\/ld+json\" class=\"yoast-schema-graph\">{\"@context\":\"https:\\\/\\\/schema.org\",\"@graph\":[{\"@type\":\"NewsArticle\",\"@id\":\"https:\\\/\\\/www.apfelpatient.de\\\/news\\\/tim-cook-aeussert-sich-intern-zur-schiesserei-in-minneapolis#article\",\"isPartOf\":{\"@id\":\"https:\\\/\\\/www.apfelpatient.de\\\/news\\\/tim-cook-aeussert-sich-intern-zur-schiesserei-in-minneapolis\"},\"author\":{\"@type\":\"Organization\",\"@id\":\"https:\\\/\\\/www.apfelpatient.de\\\/en\\\/#organization\",\"name\":\"Apfelpatient\",\"url\":\"https:\\\/\\\/www.apfelpatient.de\\\/en\\\/\"},\"headline\":\"Tim Cook \u00e4u\u00dfert sich intern zur Schie\u00dferei in Minneapolis\",\"datePublished\":\"2026-01-28T03:45:37+00:00\",\"dateModified\":\"2026-01-28T03:47:55+00:00\",\"mainEntityOfPage\":{\"@id\":\"https:\\\/\\\/www.apfelpatient.de\\\/news\\\/tim-cook-aeussert-sich-intern-zur-schiesserei-in-minneapolis\"},\"wordCount\":925,\"publisher\":{\"@type\":\"Organization\",\"@id\":\"https:\\\/\\\/www.apfelpatient.de\\\/en\\\/#organization\",\"name\":\"Apfelpatient\",\"url\":\"https:\\\/\\\/www.apfelpatient.de\\\/en\\\/\"},\"image\":{\"@id\":\"https:\\\/\\\/www.apfelpatient.de\\\/news\\\/tim-cook-aeussert-sich-intern-zur-schiesserei-in-minneapolis#primaryimage\"},\"thumbnailUrl\":\"https:\\\/\\\/www.apfelpatient.de\\\/wp-content\\\/uploads\\\/2026\\\/01\\\/shutterstock_1996576031.jpg\",\"keywords\":[\"TechPatient\"],\"articleSection\":\"News\",\"inLanguage\":\"en-US\",\"copyrightYear\":\"2026\",\"copyrightHolder\":{\"@id\":\"https:\\\/\\\/www.apfelpatient.de\\\/en\\\/#organization\"}},{\"@type\":\"WebPage\",\"@id\":\"https:\\\/\\\/www.apfelpatient.de\\\/news\\\/tim-cook-aeussert-sich-intern-zur-schiesserei-in-minneapolis\",\"url\":\"https:\\\/\\\/www.apfelpatient.de\\\/news\\\/tim-cook-aeussert-sich-intern-zur-schiesserei-in-minneapolis\",\"name\":\"Tim Cook \u00e4u\u00dfert sich intern zur Schie\u00dferei in Minneapolis Apfelpatient\",\"isPartOf\":{\"@id\":\"https:\\\/\\\/www.apfelpatient.de\\\/#website\"},\"primaryImageOfPage\":{\"@id\":\"https:\\\/\\\/www.apfelpatient.de\\\/news\\\/tim-cook-aeussert-sich-intern-zur-schiesserei-in-minneapolis#primaryimage\"},\"image\":{\"@id\":\"https:\\\/\\\/www.apfelpatient.de\\\/news\\\/tim-cook-aeussert-sich-intern-zur-schiesserei-in-minneapolis#primaryimage\"},\"thumbnailUrl\":\"https:\\\/\\\/www.apfelpatient.de\\\/wp-content\\\/uploads\\\/2026\\\/01\\\/shutterstock_1996576031.jpg\",\"datePublished\":\"2026-01-28T03:45:37+00:00\",\"dateModified\":\"2026-01-28T03:47:55+00:00\",\"description\":\"Tim Cook reagiert mit einer internen Mitteilung auf die Schie\u00dferei in Minneapolis und die Debatte um seine N\u00e4he zu Trump.\",\"breadcrumb\":{\"@id\":\"https:\\\/\\\/www.apfelpatient.de\\\/news\\\/tim-cook-aeussert-sich-intern-zur-schiesserei-in-minneapolis#breadcrumb\"},\"inLanguage\":\"en-US\",\"potentialAction\":[{\"@type\":\"ReadAction\",\"target\":[\"https:\\\/\\\/www.apfelpatient.de\\\/news\\\/tim-cook-aeussert-sich-intern-zur-schiesserei-in-minneapolis\"]}]},{\"@type\":\"ImageObject\",\"inLanguage\":\"en-US\",\"@id\":\"https:\\\/\\\/www.apfelpatient.de\\\/news\\\/tim-cook-aeussert-sich-intern-zur-schiesserei-in-minneapolis#primaryimage\",\"url\":\"https:\\\/\\\/www.apfelpatient.de\\\/wp-content\\\/uploads\\\/2026\\\/01\\\/shutterstock_1996576031.jpg\",\"contentUrl\":\"https:\\\/\\\/www.apfelpatient.de\\\/wp-content\\\/uploads\\\/2026\\\/01\\\/shutterstock_1996576031.jpg\",\"width\":1600,\"height\":1066,\"caption\":\"Bild: Shutterstock \\\/ Ringo Chiu\"},{\"@type\":\"BreadcrumbList\",\"@id\":\"https:\\\/\\\/www.apfelpatient.de\\\/news\\\/tim-cook-aeussert-sich-intern-zur-schiesserei-in-minneapolis#breadcrumb\",\"itemListElement\":[{\"@type\":\"ListItem\",\"position\":1,\"name\":\"Startseite\",\"item\":\"https:\\\/\\\/www.apfelpatient.de\\\/\"},{\"@type\":\"ListItem\",\"position\":2,\"name\":\"Tim Cook \u00e4u\u00dfert sich intern zur Schie\u00dferei in Minneapolis\"}]},{\"@type\":\"WebSite\",\"@id\":\"https:\\\/\\\/www.apfelpatient.de\\\/#website\",\"url\":\"https:\\\/\\\/www.apfelpatient.de\\\/\",\"name\":\"Apfelpatient\",\"description\":\"Alles rund um Apple!\",\"publisher\":{\"@type\":\"Organization\",\"@id\":\"https:\\\/\\\/www.apfelpatient.de\\\/en\\\/#organization\",\"name\":\"Apfelpatient\",\"url\":\"https:\\\/\\\/www.apfelpatient.de\\\/en\\\/\"},\"alternateName\":\"Apfelpatient\",\"potentialAction\":[{\"@type\":\"SearchAction\",\"target\":{\"@type\":\"EntryPoint\",\"urlTemplate\":\"https:\\\/\\\/www.apfelpatient.de\\\/?s={search_term_string}\"},\"query-input\":{\"@type\":\"PropertyValueSpecification\",\"valueRequired\":true,\"valueName\":\"search_term_string\"}}],\"inLanguage\":\"en-US\"},{\"@type\":[\"Person\",\"Organization\"],\"@id\":\"https:\\\/\\\/www.apfelpatient.de\\\/#\\\/schema\\\/person\\\/7dc56ad6c8e9824b76d2c08d4c140e13\",\"name\":\"Milan\",\"logo\":{\"@id\":\"https:\\\/\\\/www.apfelpatient.de\\\/#\\\/schema\\\/person\\\/image\\\/\"},\"description\":\"Hallo und herzlich willkommen auf meinem Technik-Blog! Als gro\u00dfer Apple-Fan berichte ich hier \u00fcber alles, was mit Apple zu tun hat: von den neuesten News und spannenden Ger\u00fcchten \u00fcber hilfreiche Tipps und Tricks bis hin zu ausf\u00fchrlichen Produkttests. Wenn du genauso technikbegeistert bist wie ich, bist du hier genau richtig!\",\"sameAs\":[\"https:\\\/\\\/www.facebook.com\\\/apfelpatientOfficial\",\"https:\\\/\\\/www.linkedin.com\\\/in\\\/milan-jovicic-42aa0231b\"],\"url\":\"https:\\\/\\\/www.apfelpatient.de\\\/en\\\/author\\\/apfeladmin\"}]}<\/script>\n<!-- \/ Yoast SEO Premium plugin. -->","yoast_head_json":{"title":"Tim Cook comments internally on the Minneapolis shooting Apfelpatient","description":"Tim Cook responds with an internal memo to the shooting in Minneapolis and the debate about his closeness to Trump.","robots":{"index":"index","follow":"follow","max-snippet":"max-snippet:-1","max-image-preview":"max-image-preview:large","max-video-preview":"max-video-preview:-1"},"canonical":"https:\/\/www.apfelpatient.de\/en\/news\/tim-cook-comments-internally-on-the-minneapolis-shooting","og_locale":"en_US","og_type":"article","og_title":"Tim Cook \u00e4u\u00dfert sich intern zur Schie\u00dferei in Minneapolis","og_description":"Tim Cook reagiert mit einer internen Mitteilung auf die Schie\u00dferei in Minneapolis und die Debatte um seine N\u00e4he zu Trump.","og_url":"https:\/\/www.apfelpatient.de\/en\/news\/tim-cook-comments-internally-on-the-minneapolis-shooting","og_site_name":"Apfelpatient","article_publisher":"https:\/\/www.facebook.com\/apfelpatientOfficial","article_author":"https:\/\/www.facebook.com\/apfelpatientOfficial","article_published_time":"2026-01-28T03:45:37+00:00","article_modified_time":"2026-01-28T03:47:55+00:00","og_image":[{"width":1600,"height":1066,"url":"https:\/\/www.apfelpatient.de\/wp-content\/uploads\/2026\/01\/shutterstock_1996576031.jpg","type":"image\/jpeg"}],"author":"Milan","twitter_card":"summary_large_image","twitter_description":"Tim Cook reagiert mit einer internen Mitteilung auf die Schie\u00dferei in Minneapolis und die Debatte um seine N\u00e4he zu Trump.","twitter_misc":{"Written by":"Milan","Est. reading time":"6 minutes"},"schema":{"@context":"https:\/\/schema.org","@graph":[{"@type":"NewsArticle","@id":"https:\/\/www.apfelpatient.de\/news\/tim-cook-aeussert-sich-intern-zur-schiesserei-in-minneapolis#article","isPartOf":{"@id":"https:\/\/www.apfelpatient.de\/news\/tim-cook-aeussert-sich-intern-zur-schiesserei-in-minneapolis"},"author":{"@type":"Organization","@id":"https:\/\/www.apfelpatient.de\/en\/#organization","name":"Apfelpatient","url":"https:\/\/www.apfelpatient.de\/en\/"},"headline":"Tim Cook \u00e4u\u00dfert sich intern zur Schie\u00dferei in Minneapolis","datePublished":"2026-01-28T03:45:37+00:00","dateModified":"2026-01-28T03:47:55+00:00","mainEntityOfPage":{"@id":"https:\/\/www.apfelpatient.de\/news\/tim-cook-aeussert-sich-intern-zur-schiesserei-in-minneapolis"},"wordCount":925,"publisher":{"@type":"Organization","@id":"https:\/\/www.apfelpatient.de\/en\/#organization","name":"Apfelpatient","url":"https:\/\/www.apfelpatient.de\/en\/"},"image":{"@id":"https:\/\/www.apfelpatient.de\/news\/tim-cook-aeussert-sich-intern-zur-schiesserei-in-minneapolis#primaryimage"},"thumbnailUrl":"https:\/\/www.apfelpatient.de\/wp-content\/uploads\/2026\/01\/shutterstock_1996576031.jpg","keywords":["TechPatient"],"articleSection":"News","inLanguage":"en-US","copyrightYear":"2026","copyrightHolder":{"@id":"https:\/\/www.apfelpatient.de\/en\/#organization"}},{"@type":"WebPage","@id":"https:\/\/www.apfelpatient.de\/news\/tim-cook-aeussert-sich-intern-zur-schiesserei-in-minneapolis","url":"https:\/\/www.apfelpatient.de\/news\/tim-cook-aeussert-sich-intern-zur-schiesserei-in-minneapolis","name":"Tim Cook comments internally on the Minneapolis shooting Apfelpatient","isPartOf":{"@id":"https:\/\/www.apfelpatient.de\/#website"},"primaryImageOfPage":{"@id":"https:\/\/www.apfelpatient.de\/news\/tim-cook-aeussert-sich-intern-zur-schiesserei-in-minneapolis#primaryimage"},"image":{"@id":"https:\/\/www.apfelpatient.de\/news\/tim-cook-aeussert-sich-intern-zur-schiesserei-in-minneapolis#primaryimage"},"thumbnailUrl":"https:\/\/www.apfelpatient.de\/wp-content\/uploads\/2026\/01\/shutterstock_1996576031.jpg","datePublished":"2026-01-28T03:45:37+00:00","dateModified":"2026-01-28T03:47:55+00:00","description":"Tim Cook responds with an internal memo to the shooting in Minneapolis and the debate about his closeness to Trump.","breadcrumb":{"@id":"https:\/\/www.apfelpatient.de\/news\/tim-cook-aeussert-sich-intern-zur-schiesserei-in-minneapolis#breadcrumb"},"inLanguage":"en-US","potentialAction":[{"@type":"ReadAction","target":["https:\/\/www.apfelpatient.de\/news\/tim-cook-aeussert-sich-intern-zur-schiesserei-in-minneapolis"]}]},{"@type":"ImageObject","inLanguage":"en-US","@id":"https:\/\/www.apfelpatient.de\/news\/tim-cook-aeussert-sich-intern-zur-schiesserei-in-minneapolis#primaryimage","url":"https:\/\/www.apfelpatient.de\/wp-content\/uploads\/2026\/01\/shutterstock_1996576031.jpg","contentUrl":"https:\/\/www.apfelpatient.de\/wp-content\/uploads\/2026\/01\/shutterstock_1996576031.jpg","width":1600,"height":1066,"caption":"Bild: Shutterstock \/ Ringo Chiu"},{"@type":"BreadcrumbList","@id":"https:\/\/www.apfelpatient.de\/news\/tim-cook-aeussert-sich-intern-zur-schiesserei-in-minneapolis#breadcrumb","itemListElement":[{"@type":"ListItem","position":1,"name":"Startseite","item":"https:\/\/www.apfelpatient.de\/"},{"@type":"ListItem","position":2,"name":"Tim Cook \u00e4u\u00dfert sich intern zur Schie\u00dferei in Minneapolis"}]},{"@type":"WebSite","@id":"https:\/\/www.apfelpatient.de\/#website","url":"https:\/\/www.apfelpatient.de\/","name":"apple patient","description":"Everything about Apple!","publisher":{"@type":"Organization","@id":"https:\/\/www.apfelpatient.de\/en\/#organization","name":"Apfelpatient","url":"https:\/\/www.apfelpatient.de\/en\/"},"alternateName":"Apfelpatient","potentialAction":[{"@type":"SearchAction","target":{"@type":"EntryPoint","urlTemplate":"https:\/\/www.apfelpatient.de\/?s={search_term_string}"},"query-input":{"@type":"PropertyValueSpecification","valueRequired":true,"valueName":"search_term_string"}}],"inLanguage":"en-US"},{"@type":["Person","Organization"],"@id":"https:\/\/www.apfelpatient.de\/#\/schema\/person\/7dc56ad6c8e9824b76d2c08d4c140e13","name":"Milan","logo":{"@id":"https:\/\/www.apfelpatient.de\/#\/schema\/person\/image\/"},"description":"Hello and welcome to my technology blog! As a big Apple fan, I report on everything to do with Apple: from the latest news and exciting rumors to helpful tips and tricks and detailed product tests. If you are as enthusiastic about technology as I am, you have come to the right place!","sameAs":["https:\/\/www.facebook.com\/apfelpatientOfficial","https:\/\/www.linkedin.com\/in\/milan-jovicic-42aa0231b"],"url":"https:\/\/www.apfelpatient.de\/en\/author\/apfeladmin"}]}},"_links":{"self":[{"href":"https:\/\/www.apfelpatient.de\/en\/wp-json\/wp\/v2\/posts\/63341","targetHints":{"allow":["GET"]}}],"collection":[{"href":"https:\/\/www.apfelpatient.de\/en\/wp-json\/wp\/v2\/posts"}],"about":[{"href":"https:\/\/www.apfelpatient.de\/en\/wp-json\/wp\/v2\/types\/post"}],"author":[{"embeddable":true,"href":"https:\/\/www.apfelpatient.de\/en\/wp-json\/wp\/v2\/users\/2"}],"replies":[{"embeddable":true,"href":"https:\/\/www.apfelpatient.de\/en\/wp-json\/wp\/v2\/comments?post=63341"}],"version-history":[{"count":1,"href":"https:\/\/www.apfelpatient.de\/en\/wp-json\/wp\/v2\/posts\/63341\/revisions"}],"predecessor-version":[{"id":63342,"href":"https:\/\/www.apfelpatient.de\/en\/wp-json\/wp\/v2\/posts\/63341\/revisions\/63342"}],"wp:featuredmedia":[{"embeddable":true,"href":"https:\/\/www.apfelpatient.de\/en\/wp-json\/wp\/v2\/media\/63340"}],"wp:attachment":[{"href":"https:\/\/www.apfelpatient.de\/en\/wp-json\/wp\/v2\/media?parent=63341"}],"wp:term":[{"taxonomy":"category","embeddable":true,"href":"https:\/\/www.apfelpatient.de\/en\/wp-json\/wp\/v2\/categories?post=63341"},{"taxonomy":"post_tag","embeddable":true,"href":"https:\/\/www.apfelpatient.de\/en\/wp-json\/wp\/v2\/tags?post=63341"}],"curies":[{"name":"wp","href":"https:\/\/api.w.org\/{rel}","templated":true}]}}