{"id":63227,"date":"2026-01-26T16:15:26","date_gmt":"2026-01-26T15:15:26","guid":{"rendered":"https:\/\/www.apfelpatient.de\/?p=63227"},"modified":"2026-01-26T16:19:12","modified_gmt":"2026-01-26T15:19:12","slug":"apple-introduces-new-black-unity-apple-watch-band","status":"publish","type":"post","link":"https:\/\/www.apfelpatient.de\/en\/news\/apple-stellt-neues-black-unity-apple-watch-armband-vor","title":{"rendered":"Apple introduces new Black Unity Apple Watch band"},"content":{"rendered":"<p class=\"has-drop-cap\"><strong>Apple has announced a new special edition band for the Apple Watch. With the Unity Connection Braided Solo Loop, the company expands its Black Unity series and honors Black History Month. The focus is on the themes of connection, cultural identity, and social engagement. The band is available for order now and combines symbolic design with functional functionality.<\/strong><\/p>\n\n\n\n<p>Apple has been using the Black Unity initiative for several years to highlight cultural diversity while providing concrete support to communities worldwide. The new Unity Connection Braided Solo Loop follows this approach. It&#039;s not just an accessory for the Apple Watch, but part of a larger concept that combines design, sustainability, and social responsibility.<\/p>\n\n\n\n<h4 class=\"wp-block-heading\" id=\"h-gestaltung-und-material\">Design and material<\/h4>\n\n\n\n<p>The Unity Connection Braided Solo Loop, like all previous Black Unity bands, was designed by Black creatives and collaborators at Apple. Its color scheme is inspired by the Pan-African flag and features red, green, and black.<\/p>\n\n\n\n<p>Technically, the bracelet is created by weaving filaments of recycled polyester yarn around ultra-thin silicone threads. High-precision braiding machines are used to ensure a uniform structure. The bracelet feels soft, has a slightly textured surface, and is sweat- and water-resistant. Upon closer inspection, several color gradations within the red, green, and black tones become apparent, giving the design additional depth and vibrancy.<\/p>\n\n\n\n<figure class=\"wp-block-image size-full\"><img decoding=\"async\" width=\"1600\" height=\"1600\" src=\"https:\/\/www.apfelpatient.de\/wp-content\/uploads\/2026\/01\/Apple-Watch-Black-Unity-Connection-Braided-Solo-Loop.jpg\" alt=\"Apple Black Unity Apple Watch\" class=\"wp-image-63225\" srcset=\"https:\/\/www.apfelpatient.de\/wp-content\/uploads\/2026\/01\/Apple-Watch-Black-Unity-Connection-Braided-Solo-Loop.jpg 1600w, https:\/\/www.apfelpatient.de\/wp-content\/uploads\/2026\/01\/Apple-Watch-Black-Unity-Connection-Braided-Solo-Loop-300x300.jpg 300w, https:\/\/www.apfelpatient.de\/wp-content\/uploads\/2026\/01\/Apple-Watch-Black-Unity-Connection-Braided-Solo-Loop-1024x1024.jpg 1024w, https:\/\/www.apfelpatient.de\/wp-content\/uploads\/2026\/01\/Apple-Watch-Black-Unity-Connection-Braided-Solo-Loop-150x150.jpg 150w, https:\/\/www.apfelpatient.de\/wp-content\/uploads\/2026\/01\/Apple-Watch-Black-Unity-Connection-Braided-Solo-Loop-768x768.jpg 768w, https:\/\/www.apfelpatient.de\/wp-content\/uploads\/2026\/01\/Apple-Watch-Black-Unity-Connection-Braided-Solo-Loop-1536x1536.jpg 1536w, https:\/\/www.apfelpatient.de\/wp-content\/uploads\/2026\/01\/Apple-Watch-Black-Unity-Connection-Braided-Solo-Loop-12x12.jpg 12w, https:\/\/www.apfelpatient.de\/wp-content\/uploads\/2026\/01\/Apple-Watch-Black-Unity-Connection-Braided-Solo-Loop-75x75.jpg 75w, https:\/\/www.apfelpatient.de\/wp-content\/uploads\/2026\/01\/Apple-Watch-Black-Unity-Connection-Braided-Solo-Loop-350x350.jpg 350w, https:\/\/www.apfelpatient.de\/wp-content\/uploads\/2026\/01\/Apple-Watch-Black-Unity-Connection-Braided-Solo-Loop-750x750.jpg 750w, https:\/\/www.apfelpatient.de\/wp-content\/uploads\/2026\/01\/Apple-Watch-Black-Unity-Connection-Braided-Solo-Loop-1140x1140.jpg 1140w\" sizes=\"(max-width: 1600px) 100vw, 1600px\" \/><figcaption class=\"wp-element-caption\">Image: Apple<\/figcaption><\/figure>\n\n\n\n<h4 class=\"wp-block-heading\" id=\"h-nachhaltigkeit-im-fokus\">Sustainability in focus<\/h4>\n\n\n\n<p>Apple also uses recycled materials for this Black Unity band. The polyester yarn used comes from recycling processes and fits into Apple&#039;s long-term environmental strategy. The goal is to develop products that are not only durable but also manufactured with the least possible use of resources.<\/p>\n\n\n\n<h4 class=\"wp-block-heading\" id=\"h-unterstutzung-fur-communitys-weltweit\">Support for communities worldwide<\/h4>\n\n\n\n<p>Alongside the launch of the new Apple Watch Band, Apple continues its social commitment. Through its Black Unity initiative, the company supports organizations that promote unity through educational, cultural, and creative programs. Current supported organizations include the Boys &amp; Girls Clubs of America, Urban Arts in New York City, Youth Music in London, the Art Gallery of New South Wales in Sydney, and Enactus Mexico in Mexico City.<\/p>\n\n\n\n<p>These grants build on Apple&#039;s long-standing commitment to strengthening economic, educational, and creative opportunities in underserved communities around the world.<\/p>\n\n\n\n<h4 class=\"wp-block-heading\" id=\"h-preise-grossen-und-verfugbarkeit\">Prices, sizes and availability<\/h4>\n\n\n\n<p class=\"translation-block\">The Unity Connection Braided Solo Loop is available to order now from the Apple Store online and in the Apple Store app. The price is <a href=\"https:\/\/www.apple.com\/de\/shop\/product\/mhuk4zm\/a\/42-mm-black-unity-geflochtenes-solo-loop-unity-connection-gr\u00f6\u00dfe-0?fnode=b3282fcf25e0beb297517ebb95563d998a0347676f0d9440b312e513453a2a999bbf8d1d685ab9de10c2b9227fe26e70dc8a6c450e0acff0fc2f2feda953bcce572855d9a7f130b2e071db5164e09f76\" id=\"https:\/\/www.apple.com\/de\/shop\/product\/mhuk4zm\/a\/42-mm-black-unity-geflochtenes-solo-loop-unity-connection-gr\u00f6\u00dfe-0?fnode=b3282fcf25e0beb297517ebb95563d998a0347676f0d9440b312e513453a2a999bbf8d1d685ab9de10c2b9227fe26e70dc8a6c450e0acff0fc2f2feda953bcce572855d9a7f130b2e071db5164e09f76\" target=\"_blank\" rel=\"noreferrer noopener follow\" data-wpel-link=\"exclude\">\u20ac99<\/a> including VAT. The band will also be available in physical Apple Stores later this week.<\/p>\n\n\n\n<p>It is offered in sizes 0 to 12. It is designed for case sizes of 42 mm and 46 mm and is compatible with the Apple Watch Series 4 or later, the Apple Watch SE, and all Apple Watch Ultra models. The 46 mm band is used with the Apple Watch Ultra.<\/p>\n\n\n\n<h3 class=\"wp-block-heading\" id=\"h-apples-ansatz-produkt-und-engagement\">Apple&#039;s approach: Product and commitment<\/h3>\n\n\n\n<p class=\"translation-block\">With the Unity Connection Braided Solo Loop, Apple <a href=\"https:\/\/www.apple.com\/newsroom\/2026\/01\/apple-unveils-the-new-black-unity-apple-watch-band\/\" id=\"https:\/\/www.apple.com\/newsroom\/2026\/01\/apple-unveils-the-new-black-unity-apple-watch-band\/\" target=\"_blank\" rel=\"noreferrer noopener follow\" data-wpel-link=\"exclude\">continues<\/a> its Black Unity series. The new Apple Watch band combines symbolic design, sustainable materials, and precise craftsmanship. At the same time, the product remains part of a larger commitment that makes cultural diversity visible and provides concrete support for creative and social projects worldwide. (Image: Apple)<\/p>\n\n\n\n<ul class=\"wp-block-list\">\n<li><a href=\"https:\/\/www.apfelpatient.de\/en\/news\/airtag-2-unveiled-extended-range-tracking-and-protection\" type=\"link\" id=\"https:\/\/www.apfelpatient.de\/news\/airtag-2-vorgestellt-mehr-reichweite-ortung-und-schutz\">AirTag 2 unveiled: Greater range, tracking and protection<\/a><\/li>\n\n\n\n<li><a href=\"https:\/\/www.apfelpatient.de\/en\/news\/apple-and-new-macs-are-coming-meaning-higher-storage-prices\">Apple and new Macs: Will memory prices rise?<\/a><\/li>\n\n\n\n<li><a href=\"https:\/\/www.apfelpatient.de\/en\/news\/apple-and-india-antitrust-case-with-global-implications\">Apple and India: Antitrust case with global implications<\/a><\/li>\n\n\n\n<li><a href=\"https:\/\/www.apfelpatient.de\/en\/news\/data-leak-without-hacking-this-is-how-149-million-passwords-got-online\">Data leak without a hack: How 149 million passwords got online<\/a><\/li>\n\n\n\n<li><a href=\"https:\/\/www.apfelpatient.de\/en\/news\/whatsapp-is-testing-a-new-group-function-for-chat-flows\">WhatsApp is testing a new group feature for chat histories<\/a><\/li>\n\n\n\n<li><a href=\"https:\/\/www.apfelpatient.de\/en\/news\/apple-remains-the-industry-benchmark-in-the-fortune-ranking-2026\">Apple remains the industry benchmark in the Fortune 2026 ranking<\/a><\/li>\n\n\n\n<li><a href=\"https:\/\/www.apfelpatient.de\/en\/news\/apple-event-for-creatives-the-new-macbook-pro-is-coming\">Apple Event for Creatives: Is the new MacBook Pro coming?<\/a><\/li>\n\n\n\n<li><a href=\"https:\/\/www.apfelpatient.de\/en\/news\/apple-ai-lawsuit-judge-rejects-musks-source-code-request\">Apple AI lawsuit: Judge rejects Musk&#039;s source code request<\/a><\/li>\n\n\n\n<li><a href=\"https:\/\/www.apfelpatient.de\/en\/news\/apple-accuses-the-eu-of-political-delaying-tactics\">Apple accuses the EU of political delaying tactics<\/a><\/li>\n\n\n\n<li><a href=\"https:\/\/www.apfelpatient.de\/en\/news\/the-app-store-will-have-significantly-more-advertising-starting-in-march-2026\">App Store: Significantly more advertising will be added starting in March 2026<\/a><\/li>\n\n\n\n<li><a href=\"https:\/\/www.apfelpatient.de\/en\/news\/apple-watch-improves-early-detection-of-atrial-fibrillation\">Apple Watch improves early detection of atrial fibrillation<\/a><\/li>\n\n\n\n<li><a href=\"https:\/\/www.apfelpatient.de\/en\/news\/apple-significantly-increased-its-lobbying-spending-in-the-us-in-2025\">Apple significantly increased its lobbying spending in the US in 2025<\/a><\/li>\n\n\n\n<li><a href=\"https:\/\/www.apfelpatient.de\/en\/news\/apple-under-pressure-investors-demand-transparency-from-china\">Apple under pressure: Investors demand transparency regarding China<\/a><\/li>\n\n\n\n<li><a href=\"https:\/\/www.apfelpatient.de\/en\/news\/apple-tv-and-the-2026-oscars-f1-becomes-a-beacon-of-hope\">Apple TV and the 2026 Oscars: F1 becomes a beacon of hope<\/a><\/li>\n\n\n\n<li><a href=\"https:\/\/www.apfelpatient.de\/en\/news\/apple-lures-buyers-in-china-with-new-years-discounts\">Apple is enticing buyers in China with New Year's discounts<\/a><\/li>\n\n\n\n<li><a href=\"https:\/\/www.apfelpatient.de\/en\/news\/chatgpt-atlas-new-update-makes-the-ai-browser-better\">ChatGPT Atlas: New update improves the AI browser<\/a><\/li>\n\n\n\n<li><a href=\"https:\/\/www.apfelpatient.de\/en\/news\/apple-leads-the-global-500-as-the-most-valuable-brand-in-2026\">Apple leads the Global 500 2026 as the most valuable brand<\/a><\/li>\n\n\n\n<li><a href=\"https:\/\/www.apfelpatient.de\/en\/news\/apple-supplier-luxshare-hackers-steal-product-data\">Apple supplier Luxshare: Hackers steal product data<\/a><\/li>\n\n\n\n<li><a href=\"https:\/\/www.apfelpatient.de\/en\/news\/threads-introduces-advertising-worldwide-this-is-now-changing\">Threads is introducing advertising worldwide \u2013 here&#039;s what&#039;s changing now<\/a><\/li>\n\n\n\n<li><a href=\"https:\/\/www.apfelpatient.de\/en\/news\/apple-tv-reveals-release-date-for-for-all-mankind-season-5\">Apple TV reveals release date for For All Mankind Season 5<\/a><\/li>\n\n\n\n<li><a href=\"https:\/\/www.apfelpatient.de\/en\/news\/apple-responds-to-boe-problems-and-relies-on-samsung\">Apple responds to BOE problems and relies on Samsung<\/a><\/li>\n\n\n\n<li><a href=\"https:\/\/www.apfelpatient.de\/en\/news\/apple-and-tracking-frances-ruling-has-far-reaching-implications\">Apple and tracking: France&#039;s landmark ruling<\/a><\/li>\n\n\n\n<li><a href=\"https:\/\/www.apfelpatient.de\/en\/news\/apple-delivers-new-firmware-for-magic-keyboard-on-ipad-pro-air\">iPad Pro &amp; Air: Apple releases new firmware for Magic Keyboard<\/a><\/li>\n\n\n\n<li><a href=\"https:\/\/www.apfelpatient.de\/en\/news\/apple-threatens-patent-lawsuit-over-eye-contact-function\">Apple faces patent lawsuit over Eye Contact feature<\/a><\/li>\n\n\n\n<li><a href=\"https:\/\/www.apfelpatient.de\/en\/news\/apple-faces-a-protracted-dispute-over-fall-detection\">Apple faces a protracted dispute over fall detection<\/a><\/li>\n\n\n\n<li><a href=\"https:\/\/www.apfelpatient.de\/en\/news\/iphone-17-pro-tests-dispel-concerns-about-discoloration\">iPhone 17 Pro: Tests dispel concerns about discoloration<\/a><\/li>\n<\/ul>\n\n\n\n<h6 class=\"wp-block-heading translation-block\" id=\"h-kennt-ihr-schon-unsere-amazon-storefront-dort-findet-ihr-eine-handverlesene-auswahl-von-diversen-produkten-f-r-euer-iphone-und-co-viel-spa-beim-st-bern\"><em>Have you already visited our Amazon Storefront? There you&#039;ll find a hand-picked selection of various products for your iPhone and other devices \u2013 <span class=\"has-inline-color has-vivid-red-color\"><a href=\"https:\/\/www.amazon.de\/shop\/apfelpatientofficial\" class=\"ek-link\" data-wpel-link=\"exclude\" rel=\"follow noopener\" target=\"_self\"><span style=\"text-decoration: underline\" class=\"ek-underline\">enjoy browsing<\/span><\/a> !<\/span><\/em><\/h6>\n\n\n\n<h6 class=\"wp-block-heading translation-block\" id=\"h-der-beitrag-enthalt-partnerlinks\">This post contains <a data-type=\"URL\" data-id=\"https:\/\/www.apfelpatient.de\/partnerprogramm\" href=\"https:\/\/www.apfelpatient.de\/en\/partner-program\" data-wpel-link=\"internal\" target=\"_self\">affiliate links<\/a>.<\/h6>","protected":false},"excerpt":{"rendered":"<p>Apple expands its Black Unity line with a new Apple Watch band that unites cultural diversity, connection, and design.<\/p>","protected":false},"author":2,"featured_media":63226,"comment_status":"closed","ping_status":"open","sticky":false,"template":"","format":"standard","meta":{"jnews-multi-image_gallery":[],"jnews_single_post":{"format":"standard","override":[{"template":"2","parallax":"1","fullscreen":"1","layout":"right-sidebar","sidebar":"default-sidebar","second_sidebar":"default-sidebar","sticky_sidebar":"1","share_position":"top","share_float_style":"share-monocrhome","show_featured":"1","show_post_meta":"1","show_post_author":"1","show_post_author_image":"1","show_post_date":"1","post_date_format":"default","post_date_format_custom":"Y\/m\/d","show_post_reading_time":"0","post_reading_time_wpm":"300","post_calculate_word_method":"str_word_count","show_zoom_button":"0","zoom_button_out_step":"2","zoom_button_in_step":"3","show_post_tag":"1","show_prev_next_post":"1","show_popup_post":"1","show_comment_section":"1","number_popup_post":"1","show_author_box":"0","show_post_related":"0","show_inline_post_related":"0"}],"image_override":[{"single_post_thumbnail_size":"crop-500","single_post_gallery_size":"crop-500"}],"trending_post_position":"meta","trending_post_label":"Trending","sponsored_post_label":"Sponsored by","disable_ad":"0"},"jnews_primary_category":{"id":"9"},"footnotes":""},"categories":[9],"tags":[14],"class_list":["post-63227","post","type-post","status-publish","format-standard","has-post-thumbnail","hentry","category-news","tag-apple-watch"],"yoast_head":"<!-- This site is optimized with the Yoast SEO Premium plugin v27.4 (Yoast SEO v27.4) - https:\/\/yoast.com\/product\/yoast-seo-premium-wordpress\/ -->\n<title>Apple stellt neues Black Unity Apple Watch Armband vor Apfelpatient<\/title>\n<meta name=\"description\" content=\"Apple erweitert die Black-Unity-Reihe mit einem neuen Apple Watch Armband, das kulturelle Vielfalt, Verbundenheit und Design vereint.\" \/>\n<meta name=\"robots\" content=\"index, follow, max-snippet:-1, max-image-preview:large, max-video-preview:-1\" \/>\n<link rel=\"canonical\" href=\"https:\/\/www.apfelpatient.de\/en\/news\/apple-introduces-new-black-unity-apple-watch-band\" \/>\n<meta property=\"og:locale\" content=\"en_US\" \/>\n<meta property=\"og:type\" content=\"article\" \/>\n<meta property=\"og:title\" content=\"Apple stellt neues Black Unity Apple Watch Armband vor\" \/>\n<meta property=\"og:description\" content=\"Apple erweitert die Black-Unity-Reihe mit einem neuen Apple Watch Armband, das kulturelle Vielfalt, Verbundenheit und Design vereint.\" \/>\n<meta property=\"og:url\" content=\"https:\/\/www.apfelpatient.de\/en\/news\/apple-introduces-new-black-unity-apple-watch-band\" \/>\n<meta property=\"og:site_name\" content=\"Apfelpatient\" \/>\n<meta property=\"article:publisher\" content=\"https:\/\/www.facebook.com\/apfelpatientOfficial\" \/>\n<meta property=\"article:author\" content=\"https:\/\/www.facebook.com\/apfelpatientOfficial\" \/>\n<meta property=\"article:published_time\" content=\"2026-01-26T15:15:26+00:00\" \/>\n<meta property=\"article:modified_time\" content=\"2026-01-26T15:19:12+00:00\" \/>\n<meta property=\"og:image\" content=\"https:\/\/www.apfelpatient.de\/wp-content\/uploads\/2026\/01\/Apple-Watch-Black-Unity-Connection-hero.jpg\" \/>\n\t<meta property=\"og:image:width\" content=\"1600\" \/>\n\t<meta property=\"og:image:height\" content=\"900\" \/>\n\t<meta property=\"og:image:type\" content=\"image\/jpeg\" \/>\n<meta name=\"author\" content=\"Milan\" \/>\n<meta name=\"twitter:card\" content=\"summary_large_image\" \/>\n<meta name=\"twitter:description\" content=\"Apple erweitert die Black-Unity-Reihe mit einem neuen Apple Watch Armband, das kulturelle Vielfalt, Verbundenheit und Design vereint.\" \/>\n<meta name=\"twitter:label1\" content=\"Written by\" \/>\n\t<meta name=\"twitter:data1\" content=\"Milan\" \/>\n\t<meta name=\"twitter:label2\" content=\"Est. reading time\" \/>\n\t<meta name=\"twitter:data2\" content=\"5 minutes\" \/>\n<script type=\"application\/ld+json\" class=\"yoast-schema-graph\">{\"@context\":\"https:\\\/\\\/schema.org\",\"@graph\":[{\"@type\":\"NewsArticle\",\"@id\":\"https:\\\/\\\/www.apfelpatient.de\\\/news\\\/apple-stellt-neues-black-unity-apple-watch-armband-vor#article\",\"isPartOf\":{\"@id\":\"https:\\\/\\\/www.apfelpatient.de\\\/news\\\/apple-stellt-neues-black-unity-apple-watch-armband-vor\"},\"author\":{\"@type\":\"Organization\",\"@id\":\"https:\\\/\\\/www.apfelpatient.de\\\/en\\\/#organization\",\"name\":\"Apfelpatient\",\"url\":\"https:\\\/\\\/www.apfelpatient.de\\\/en\\\/\"},\"headline\":\"Apple stellt neues Black Unity Apple Watch Armband vor\",\"datePublished\":\"2026-01-26T15:15:26+00:00\",\"dateModified\":\"2026-01-26T15:19:12+00:00\",\"mainEntityOfPage\":{\"@id\":\"https:\\\/\\\/www.apfelpatient.de\\\/news\\\/apple-stellt-neues-black-unity-apple-watch-armband-vor\"},\"wordCount\":768,\"publisher\":{\"@type\":\"Organization\",\"@id\":\"https:\\\/\\\/www.apfelpatient.de\\\/en\\\/#organization\",\"name\":\"Apfelpatient\",\"url\":\"https:\\\/\\\/www.apfelpatient.de\\\/en\\\/\"},\"image\":{\"@id\":\"https:\\\/\\\/www.apfelpatient.de\\\/news\\\/apple-stellt-neues-black-unity-apple-watch-armband-vor#primaryimage\"},\"thumbnailUrl\":\"https:\\\/\\\/www.apfelpatient.de\\\/wp-content\\\/uploads\\\/2026\\\/01\\\/Apple-Watch-Black-Unity-Connection-hero.jpg\",\"keywords\":[\"Apple Watch\"],\"articleSection\":\"News\",\"inLanguage\":\"en-US\",\"copyrightYear\":\"2026\",\"copyrightHolder\":{\"@id\":\"https:\\\/\\\/www.apfelpatient.de\\\/en\\\/#organization\"}},{\"@type\":\"WebPage\",\"@id\":\"https:\\\/\\\/www.apfelpatient.de\\\/news\\\/apple-stellt-neues-black-unity-apple-watch-armband-vor\",\"url\":\"https:\\\/\\\/www.apfelpatient.de\\\/news\\\/apple-stellt-neues-black-unity-apple-watch-armband-vor\",\"name\":\"Apple stellt neues Black Unity Apple Watch Armband vor Apfelpatient\",\"isPartOf\":{\"@id\":\"https:\\\/\\\/www.apfelpatient.de\\\/#website\"},\"primaryImageOfPage\":{\"@id\":\"https:\\\/\\\/www.apfelpatient.de\\\/news\\\/apple-stellt-neues-black-unity-apple-watch-armband-vor#primaryimage\"},\"image\":{\"@id\":\"https:\\\/\\\/www.apfelpatient.de\\\/news\\\/apple-stellt-neues-black-unity-apple-watch-armband-vor#primaryimage\"},\"thumbnailUrl\":\"https:\\\/\\\/www.apfelpatient.de\\\/wp-content\\\/uploads\\\/2026\\\/01\\\/Apple-Watch-Black-Unity-Connection-hero.jpg\",\"datePublished\":\"2026-01-26T15:15:26+00:00\",\"dateModified\":\"2026-01-26T15:19:12+00:00\",\"description\":\"Apple erweitert die Black-Unity-Reihe mit einem neuen Apple Watch Armband, das kulturelle Vielfalt, Verbundenheit und Design vereint.\",\"breadcrumb\":{\"@id\":\"https:\\\/\\\/www.apfelpatient.de\\\/news\\\/apple-stellt-neues-black-unity-apple-watch-armband-vor#breadcrumb\"},\"inLanguage\":\"en-US\",\"potentialAction\":[{\"@type\":\"ReadAction\",\"target\":[\"https:\\\/\\\/www.apfelpatient.de\\\/news\\\/apple-stellt-neues-black-unity-apple-watch-armband-vor\"]}]},{\"@type\":\"ImageObject\",\"inLanguage\":\"en-US\",\"@id\":\"https:\\\/\\\/www.apfelpatient.de\\\/news\\\/apple-stellt-neues-black-unity-apple-watch-armband-vor#primaryimage\",\"url\":\"https:\\\/\\\/www.apfelpatient.de\\\/wp-content\\\/uploads\\\/2026\\\/01\\\/Apple-Watch-Black-Unity-Connection-hero.jpg\",\"contentUrl\":\"https:\\\/\\\/www.apfelpatient.de\\\/wp-content\\\/uploads\\\/2026\\\/01\\\/Apple-Watch-Black-Unity-Connection-hero.jpg\",\"width\":1600,\"height\":900,\"caption\":\"Bild: Apple\"},{\"@type\":\"BreadcrumbList\",\"@id\":\"https:\\\/\\\/www.apfelpatient.de\\\/news\\\/apple-stellt-neues-black-unity-apple-watch-armband-vor#breadcrumb\",\"itemListElement\":[{\"@type\":\"ListItem\",\"position\":1,\"name\":\"Startseite\",\"item\":\"https:\\\/\\\/www.apfelpatient.de\\\/\"},{\"@type\":\"ListItem\",\"position\":2,\"name\":\"Apple stellt neues Black Unity Apple Watch Armband vor\"}]},{\"@type\":\"WebSite\",\"@id\":\"https:\\\/\\\/www.apfelpatient.de\\\/#website\",\"url\":\"https:\\\/\\\/www.apfelpatient.de\\\/\",\"name\":\"Apfelpatient\",\"description\":\"Alles rund um Apple!\",\"publisher\":{\"@type\":\"Organization\",\"@id\":\"https:\\\/\\\/www.apfelpatient.de\\\/en\\\/#organization\",\"name\":\"Apfelpatient\",\"url\":\"https:\\\/\\\/www.apfelpatient.de\\\/en\\\/\"},\"alternateName\":\"Apfelpatient\",\"potentialAction\":[{\"@type\":\"SearchAction\",\"target\":{\"@type\":\"EntryPoint\",\"urlTemplate\":\"https:\\\/\\\/www.apfelpatient.de\\\/?s={search_term_string}\"},\"query-input\":{\"@type\":\"PropertyValueSpecification\",\"valueRequired\":true,\"valueName\":\"search_term_string\"}}],\"inLanguage\":\"en-US\"},{\"@type\":[\"Person\",\"Organization\"],\"@id\":\"https:\\\/\\\/www.apfelpatient.de\\\/#\\\/schema\\\/person\\\/7dc56ad6c8e9824b76d2c08d4c140e13\",\"name\":\"Milan\",\"logo\":{\"@id\":\"https:\\\/\\\/www.apfelpatient.de\\\/#\\\/schema\\\/person\\\/image\\\/\"},\"description\":\"Hallo und herzlich willkommen auf meinem Technik-Blog! Als gro\u00dfer Apple-Fan berichte ich hier \u00fcber alles, was mit Apple zu tun hat: von den neuesten News und spannenden Ger\u00fcchten \u00fcber hilfreiche Tipps und Tricks bis hin zu ausf\u00fchrlichen Produkttests. Wenn du genauso technikbegeistert bist wie ich, bist du hier genau richtig!\",\"sameAs\":[\"https:\\\/\\\/www.facebook.com\\\/apfelpatientOfficial\",\"https:\\\/\\\/www.linkedin.com\\\/in\\\/milan-jovicic-42aa0231b\"],\"url\":\"https:\\\/\\\/www.apfelpatient.de\\\/en\\\/author\\\/apfeladmin\"}]}<\/script>\n<!-- \/ Yoast SEO Premium plugin. -->","yoast_head_json":{"title":"Apple introduces new Black Unity Apple Watch band Apfelpatient","description":"Apple expands its Black Unity line with a new Apple Watch band that unites cultural diversity, connection, and design.","robots":{"index":"index","follow":"follow","max-snippet":"max-snippet:-1","max-image-preview":"max-image-preview:large","max-video-preview":"max-video-preview:-1"},"canonical":"https:\/\/www.apfelpatient.de\/en\/news\/apple-introduces-new-black-unity-apple-watch-band","og_locale":"en_US","og_type":"article","og_title":"Apple stellt neues Black Unity Apple Watch Armband vor","og_description":"Apple erweitert die Black-Unity-Reihe mit einem neuen Apple Watch Armband, das kulturelle Vielfalt, Verbundenheit und Design vereint.","og_url":"https:\/\/www.apfelpatient.de\/en\/news\/apple-introduces-new-black-unity-apple-watch-band","og_site_name":"Apfelpatient","article_publisher":"https:\/\/www.facebook.com\/apfelpatientOfficial","article_author":"https:\/\/www.facebook.com\/apfelpatientOfficial","article_published_time":"2026-01-26T15:15:26+00:00","article_modified_time":"2026-01-26T15:19:12+00:00","og_image":[{"width":1600,"height":900,"url":"https:\/\/www.apfelpatient.de\/wp-content\/uploads\/2026\/01\/Apple-Watch-Black-Unity-Connection-hero.jpg","type":"image\/jpeg"}],"author":"Milan","twitter_card":"summary_large_image","twitter_description":"Apple erweitert die Black-Unity-Reihe mit einem neuen Apple Watch Armband, das kulturelle Vielfalt, Verbundenheit und Design vereint.","twitter_misc":{"Written by":"Milan","Est. reading time":"5 minutes"},"schema":{"@context":"https:\/\/schema.org","@graph":[{"@type":"NewsArticle","@id":"https:\/\/www.apfelpatient.de\/news\/apple-stellt-neues-black-unity-apple-watch-armband-vor#article","isPartOf":{"@id":"https:\/\/www.apfelpatient.de\/news\/apple-stellt-neues-black-unity-apple-watch-armband-vor"},"author":{"@type":"Organization","@id":"https:\/\/www.apfelpatient.de\/en\/#organization","name":"Apfelpatient","url":"https:\/\/www.apfelpatient.de\/en\/"},"headline":"Apple stellt neues Black Unity Apple Watch Armband vor","datePublished":"2026-01-26T15:15:26+00:00","dateModified":"2026-01-26T15:19:12+00:00","mainEntityOfPage":{"@id":"https:\/\/www.apfelpatient.de\/news\/apple-stellt-neues-black-unity-apple-watch-armband-vor"},"wordCount":768,"publisher":{"@type":"Organization","@id":"https:\/\/www.apfelpatient.de\/en\/#organization","name":"Apfelpatient","url":"https:\/\/www.apfelpatient.de\/en\/"},"image":{"@id":"https:\/\/www.apfelpatient.de\/news\/apple-stellt-neues-black-unity-apple-watch-armband-vor#primaryimage"},"thumbnailUrl":"https:\/\/www.apfelpatient.de\/wp-content\/uploads\/2026\/01\/Apple-Watch-Black-Unity-Connection-hero.jpg","keywords":["Apple Watch"],"articleSection":"News","inLanguage":"en-US","copyrightYear":"2026","copyrightHolder":{"@id":"https:\/\/www.apfelpatient.de\/en\/#organization"}},{"@type":"WebPage","@id":"https:\/\/www.apfelpatient.de\/news\/apple-stellt-neues-black-unity-apple-watch-armband-vor","url":"https:\/\/www.apfelpatient.de\/news\/apple-stellt-neues-black-unity-apple-watch-armband-vor","name":"Apple introduces new Black Unity Apple Watch band Apfelpatient","isPartOf":{"@id":"https:\/\/www.apfelpatient.de\/#website"},"primaryImageOfPage":{"@id":"https:\/\/www.apfelpatient.de\/news\/apple-stellt-neues-black-unity-apple-watch-armband-vor#primaryimage"},"image":{"@id":"https:\/\/www.apfelpatient.de\/news\/apple-stellt-neues-black-unity-apple-watch-armband-vor#primaryimage"},"thumbnailUrl":"https:\/\/www.apfelpatient.de\/wp-content\/uploads\/2026\/01\/Apple-Watch-Black-Unity-Connection-hero.jpg","datePublished":"2026-01-26T15:15:26+00:00","dateModified":"2026-01-26T15:19:12+00:00","description":"Apple expands its Black Unity line with a new Apple Watch band that unites cultural diversity, connection, and design.","breadcrumb":{"@id":"https:\/\/www.apfelpatient.de\/news\/apple-stellt-neues-black-unity-apple-watch-armband-vor#breadcrumb"},"inLanguage":"en-US","potentialAction":[{"@type":"ReadAction","target":["https:\/\/www.apfelpatient.de\/news\/apple-stellt-neues-black-unity-apple-watch-armband-vor"]}]},{"@type":"ImageObject","inLanguage":"en-US","@id":"https:\/\/www.apfelpatient.de\/news\/apple-stellt-neues-black-unity-apple-watch-armband-vor#primaryimage","url":"https:\/\/www.apfelpatient.de\/wp-content\/uploads\/2026\/01\/Apple-Watch-Black-Unity-Connection-hero.jpg","contentUrl":"https:\/\/www.apfelpatient.de\/wp-content\/uploads\/2026\/01\/Apple-Watch-Black-Unity-Connection-hero.jpg","width":1600,"height":900,"caption":"Bild: Apple"},{"@type":"BreadcrumbList","@id":"https:\/\/www.apfelpatient.de\/news\/apple-stellt-neues-black-unity-apple-watch-armband-vor#breadcrumb","itemListElement":[{"@type":"ListItem","position":1,"name":"Startseite","item":"https:\/\/www.apfelpatient.de\/"},{"@type":"ListItem","position":2,"name":"Apple stellt neues Black Unity Apple Watch Armband vor"}]},{"@type":"WebSite","@id":"https:\/\/www.apfelpatient.de\/#website","url":"https:\/\/www.apfelpatient.de\/","name":"apple patient","description":"Everything about Apple!","publisher":{"@type":"Organization","@id":"https:\/\/www.apfelpatient.de\/en\/#organization","name":"Apfelpatient","url":"https:\/\/www.apfelpatient.de\/en\/"},"alternateName":"Apfelpatient","potentialAction":[{"@type":"SearchAction","target":{"@type":"EntryPoint","urlTemplate":"https:\/\/www.apfelpatient.de\/?s={search_term_string}"},"query-input":{"@type":"PropertyValueSpecification","valueRequired":true,"valueName":"search_term_string"}}],"inLanguage":"en-US"},{"@type":["Person","Organization"],"@id":"https:\/\/www.apfelpatient.de\/#\/schema\/person\/7dc56ad6c8e9824b76d2c08d4c140e13","name":"Milan","logo":{"@id":"https:\/\/www.apfelpatient.de\/#\/schema\/person\/image\/"},"description":"Hello and welcome to my technology blog! As a big Apple fan, I report on everything to do with Apple: from the latest news and exciting rumors to helpful tips and tricks and detailed product tests. If you are as enthusiastic about technology as I am, you have come to the right place!","sameAs":["https:\/\/www.facebook.com\/apfelpatientOfficial","https:\/\/www.linkedin.com\/in\/milan-jovicic-42aa0231b"],"url":"https:\/\/www.apfelpatient.de\/en\/author\/apfeladmin"}]}},"_links":{"self":[{"href":"https:\/\/www.apfelpatient.de\/en\/wp-json\/wp\/v2\/posts\/63227","targetHints":{"allow":["GET"]}}],"collection":[{"href":"https:\/\/www.apfelpatient.de\/en\/wp-json\/wp\/v2\/posts"}],"about":[{"href":"https:\/\/www.apfelpatient.de\/en\/wp-json\/wp\/v2\/types\/post"}],"author":[{"embeddable":true,"href":"https:\/\/www.apfelpatient.de\/en\/wp-json\/wp\/v2\/users\/2"}],"replies":[{"embeddable":true,"href":"https:\/\/www.apfelpatient.de\/en\/wp-json\/wp\/v2\/comments?post=63227"}],"version-history":[{"count":2,"href":"https:\/\/www.apfelpatient.de\/en\/wp-json\/wp\/v2\/posts\/63227\/revisions"}],"predecessor-version":[{"id":63229,"href":"https:\/\/www.apfelpatient.de\/en\/wp-json\/wp\/v2\/posts\/63227\/revisions\/63229"}],"wp:featuredmedia":[{"embeddable":true,"href":"https:\/\/www.apfelpatient.de\/en\/wp-json\/wp\/v2\/media\/63226"}],"wp:attachment":[{"href":"https:\/\/www.apfelpatient.de\/en\/wp-json\/wp\/v2\/media?parent=63227"}],"wp:term":[{"taxonomy":"category","embeddable":true,"href":"https:\/\/www.apfelpatient.de\/en\/wp-json\/wp\/v2\/categories?post=63227"},{"taxonomy":"post_tag","embeddable":true,"href":"https:\/\/www.apfelpatient.de\/en\/wp-json\/wp\/v2\/tags?post=63227"}],"curies":[{"name":"wp","href":"https:\/\/api.w.org\/{rel}","templated":true}]}}