{"id":63205,"date":"2026-01-25T20:04:06","date_gmt":"2026-01-25T19:04:06","guid":{"rendered":"https:\/\/www.apfelpatient.de\/?p=63205"},"modified":"2026-01-25T20:08:07","modified_gmt":"2026-01-25T19:08:07","slug":"tim-cook-in-focus-resignation-rumors-and-apples-plans","status":"publish","type":"post","link":"https:\/\/www.apfelpatient.de\/en\/rumors\/tim-cook-im-fokus-ruecktrittsgeruechte-und-apples-plaene","title":{"rendered":"Tim Cook in focus: Resignation rumors and Apple&#039;s plans"},"content":{"rendered":"<p class=\"has-drop-cap\"><strong>For some time now, there has been increasing discussion about when Tim Cook might step down as Apple CEO. Different media reports cite varying timeframes. While some assume a departure is imminent, others consider a resignation in the near future rather unlikely. One thing is clear, however: Tim Cook&#039;s successor is a topic that Apple is apparently already addressing internally.<\/strong><\/p>\n\n\n\n<p class=\"translation-block\">The latest debate was triggered by a Financial Times <a href=\"https:\/\/www.apfelpatient.de\/en\/rumors\/tim-cook-could-step-down-as-ceo-of-apple-in-2026\" id=\"https:\/\/www.apfelpatient.de\/rumors\/tim-cook-koennte-2026-an-der-spitze-von-apple-zuruecktreten\" data-wpel-link=\"internal\" target=\"_self\">report<\/a> stating that Apple was preparing for the possibility that Tim Cook might step down as CEO as early as 2026. This assessment attracted attention because it suggests a relatively early timeframe.<\/p>\n\n\n\n<p class=\"translation-block\">However, Mark Gurman, considered one of the best-informed Apple observers, disagrees. In his recent \"Power On\" newsletter on Bloomberg, he describes this timeframe as \"unlikely.\" According to <a href=\"\/\/www.bloomberg.com\/news\/newsletters\/2026-01-25\/inside-apple-s-ai-shake-up-ai-safari-and-plans-for-new-siri-in-ios-26-4-ios-27-mktqy7xb?cmpid=BBD012526_POWERON\u201c\" id=\"https:\/\/www.bloomberg.com\/news\/newsletters\/2026-01-25\/inside-apple-s-ai-shake-up-ai-safari-and-plans-for-new-siri-in-ios-26-4-ios-27-mktqy7xb?cmpid=BBD012526_POWERON\" target=\"_blank\" rel=\"noreferrer noopener\" data-wpel-link=\"external\">Gurman<\/a>, a retirement at the beginning of 2026 is not to be expected.<\/p>\n\n\n\n<h4 class=\"wp-block-heading\" id=\"h-wie-lange-bleibt-tim-cook-noch-ceo\">How much longer will Tim Cook remain CEO?<\/h4>\n\n\n\n<p>Mark Gurman has previously stated that he would be surprised if Tim Cook were to step down before mid-2026. In his estimation, Cook could remain in office at least until the WWDC developers conference in June. A departure in the near future, therefore, does not appear to be planned.<\/p>\n\n\n\n<p>Tim Cook has been CEO of Apple since August 2011. Last year, he reached the standard retirement age of 65. This fact alone has intensified speculation about a possible resignation. At the same time, there are strong indications that Apple is not seeking a quick change at the top, but rather preparing for the transition over the long term.<\/p>\n\n\n\n<h4 class=\"wp-block-heading\" id=\"h-wird-tim-cook-vorsitzender-des-apple-vorstands\">Will Tim Cook become chairman of Apple&#039;s board?<\/h4>\n\n\n\n<p>Besides the timing of his resignation, there is also speculation about a possible new role for Tim Cook. It has been repeatedly suggested that he could take over as chairman of Apple&#039;s board of directors after stepping down as CEO.<\/p>\n\n\n\n<p>However, it currently appears unlikely that this change will take place anytime soon. The current CEO, Arthur D. Levinson, is standing for re-election at the annual general meeting on February 24th.<\/p>\n\n\n\n<p>While Apple has an internal policy that directors generally should not seek re-election after reaching the age of 75, the company is explicitly asking its shareholders to approve an exception for Levinson. This is justified, among other things, by his extensive experience and comprehensive expertise. This suggests that a change at the head of the supervisory board is not planned in the near future.<\/p>\n\n\n\n<ul class=\"wp-block-list\">\n<li><a href=\"https:\/\/www.apfelpatient.de\/en\/generally\/apple-is-more-successful-than-ever-thanks-to-tim-cook\">Apple is more successful than ever \u2013 thanks to Tim Cook<\/a><\/li>\n\n\n\n<li><a href=\"https:\/\/www.apfelpatient.de\/en\/generally\/apple-park-apples-architectural-vision-in-detail\">Apple Park: Apple&#039;s architectural vision in detail<\/a><\/li>\n<\/ul>\n\n\n\n<h4 class=\"wp-block-heading\" id=\"h-wer-gilt-als-nachfolger-von-tim-cook\">Who is considered Tim Cook&#039;s successor?<\/h4>\n\n\n\n<p>John Ternus is currently considered the most likely successor to Tim Cook. He is Senior Vice President of Hardware Engineering at Apple and thus responsible for a key area of the company.<\/p>\n\n\n\n<p>According to Mark Gurman, Tim Cook handed over control of Apple&#039;s design teams to John Ternus at the end of last year. This move is seen as a clear signal. Gurman says this decision makes it &quot;crystal clear&quot; that Ternus is currently the leading candidate for the CEO position. At Apple, the gradual transfer of key responsibilities is traditionally considered preparation for a leadership change.<\/p>\n\n\n\n<ul class=\"wp-block-list\">\n<li><a href=\"https:\/\/www.apfelpatient.de\/en\/news\/tim-cook-is-the-longest-serving-apple-ceo\">Tim Cook is the longest-serving Apple CEO<\/a><\/li>\n\n\n\n<li><a href=\"https:\/\/www.apfelpatient.de\/en\/news\/apple-is-hiring-john-ternus-to-become-its-next-ceo\">Apple is building up John Ternus \u2013 will he be the next CEO?<\/a><\/li>\n<\/ul>\n\n\n\n<h3 class=\"wp-block-heading\" id=\"h-apple-setzt-weiter-auf-stabilitat-unter-tim-cook\">Apple continues to prioritize stability under Tim Cook<\/h3>\n\n\n\n<p>Even though there are increasing signs that Tim Cook&#039;s time as Apple CEO is coming to an end, the available information does not indicate an imminent resignation. Mark Gurman&#039;s assessment suggests that the change at the top of the company is still at least several months away.<\/p>\n\n\n\n<p>Tim Cook will remain a key figure at Apple for the time being. His departure appears to be carefully planned and will apparently be handled without hasty decisions. For Apple, this primarily means continuity, while behind the scenes, preparations are already underway for the next generation of company leadership. (Image: Shutterstock \/ Ringo Chiu)<\/p>\n\n\n\n<ul class=\"wp-block-list\">\n<li><a href=\"https:\/\/www.apfelpatient.de\/en\/rumors\/apple-will-integrate-siri-deeply-into-core-apps-in-the-future\" type=\"link\" id=\"https:\/\/www.apfelpatient.de\/rumors\/apple-will-siri-kuenftig-tief-in-zentrale-kern-apps-einbinden\">Apple plans to deeply integrate Siri into core apps in the future<\/a><\/li>\n\n\n\n<li><a href=\"https:\/\/www.apfelpatient.de\/en\/rumors\/a-new-generation-of-macbook-pro-is-expected-but-not-immediately\">A new MacBook Pro generation is expected, but not immediately<\/a><\/li>\n\n\n\n<li><a href=\"https:\/\/www.apfelpatient.de\/en\/rumors\/apple-will-reveal-new-siri-features-in-just-a-few-weeks\">Apple will reveal new Siri features in just a few weeks<\/a><\/li>\n\n\n\n<li><a href=\"https:\/\/www.apfelpatient.de\/en\/rumors\/apple-plans-to-manufacture-its-own-chips-partly-with-intel\">Apple plans to manufacture some of its own chips with Intel<\/a><\/li>\n\n\n\n<li><a href=\"https:\/\/www.apfelpatient.de\/en\/rumors\/iphone-18-pro-this-is-how-much-the-new-dynamic-island-is-shrinking\">iPhone 18 Pro: This is how much the new Dynamic Island is shrinking<\/a><\/li>\n\n\n\n<li><a href=\"https:\/\/www.apfelpatient.de\/en\/rumors\/apple-design-under-new-leadership-john-ternus-in-focus\">Apple Design under new leadership: John Ternus in focus<\/a><\/li>\n\n\n\n<li><a href=\"https:\/\/www.apfelpatient.de\/en\/rumors\/iphone-rumors-2027-all-screen-later-than-expected\">iPhone Rumors 2027: All-Screen Later Than Expected?<\/a><\/li>\n\n\n\n<li><a href=\"https:\/\/www.apfelpatient.de\/en\/rumors\/report-apple-changes-ai-strategy-under-craig-federighi\">Report: Apple changes AI strategy under Craig Federighi<\/a><\/li>\n\n\n\n<li><a href=\"https:\/\/www.apfelpatient.de\/en\/rumors\/apple-home-hub-new-hints-at-a-rotatable-robot-base\">Apple Home Hub: New evidence of a rotatable robot base<\/a><\/li>\n\n\n\n<li><a href=\"https:\/\/www.apfelpatient.de\/en\/rumors\/apple-plans-ai-pin-new-wearable-could-come-in-2027\">Apple plans AI pin: New wearable could arrive in 2027<\/a><\/li>\n\n\n\n<li><a href=\"https:\/\/www.apfelpatient.de\/en\/rumors\/ios-27-siri-becomes-a-chatbot-with-deep-system-access\">iOS 27: Siri becomes a chatbot with deep system access<\/a><\/li>\n\n\n\n<li><a href=\"https:\/\/www.apfelpatient.de\/en\/rumors\/apple-is-internally-using-ai-chatbots-to-increase-productivity\">Apple is using AI chatbots internally to increase productivity<\/a><\/li>\n\n\n\n<li><a href=\"https:\/\/www.apfelpatient.de\/en\/rumors\/new-iphone-18-leak-suggests-extremely-bright-display\">iPhone 18: New leak suggests extremely bright display<\/a><\/li>\n\n\n\n<li><a href=\"https:\/\/www.apfelpatient.de\/en\/rumors\/iphone-18-pro-smaller-dynamic-island-instead-of-radical-redesign\">iPhone 18 Pro: Smaller Dynamic Island instead of a radical redesign<\/a><\/li>\n\n\n\n<li><a href=\"https:\/\/www.apfelpatient.de\/en\/rumors\/will-the-iphone-air-2-get-an-update-in-2026-or-not-until-2027\">iPhone Air 2: Will there be an update in 2026 or not until 2027?<\/a><\/li>\n\n\n\n<li><a href=\"https:\/\/www.apfelpatient.de\/en\/rumors\/iphone-18-pro-leaker-contradicts-rumors-about-the-front-camera\">iPhone 18 Pro: Leaker contradicts rumors about the front camera<\/a><\/li>\n\n\n\n<li><a href=\"https:\/\/www.apfelpatient.de\/en\/rumors\/iphone-18-pro-and-face-id-what-apple-is-planning-for-the-display\">iPhone 18 Pro and Face ID: What Apple is planning for the display<\/a><\/li>\n\n\n\n<li><a href=\"https:\/\/www.apfelpatient.de\/en\/rumors\/macbook-pro-m5-max-pre-release-performance-predictions\">M5 Max MacBook Pro before release: Performance predictions<\/a><\/li>\n\n\n\n<li><a href=\"https:\/\/www.apfelpatient.de\/en\/rumors\/iphone-18-pro-new-front-design-with-camera-on-the-left\">iPhone 18 Pro: New front design with camera on the left?<\/a><\/li>\n\n\n\n<li><a href=\"https:\/\/www.apfelpatient.de\/en\/rumors\/macbook-pro-with-oled-takes-a-crucial-production-step\">MacBook Pro with OLED takes a crucial production step<\/a><\/li>\n\n\n\n<li><a href=\"https:\/\/www.apfelpatient.de\/en\/rumors\/iphone-fold-new-details-on-technology-ai-market-strategy\">iPhone Fold: New details on technology, AI &amp; market strategy<\/a><\/li>\n\n\n\n<li><a href=\"https:\/\/www.apfelpatient.de\/en\/rumors\/apple-and-tsmcs-ai-boom-puts-the-chip-alliance-to-the-test\">Apple and TSMC: AI boom puts the chip alliance to the test<\/a><\/li>\n\n\n\n<li><a href=\"https:\/\/www.apfelpatient.de\/en\/rumors\/iphone-17e-dynamic-island-is-coming-display-remains-at-60-hz\">iPhone 17e: Dynamic Island is coming, display remains at 60 Hz<\/a><\/li>\n\n\n\n<li><a href=\"https:\/\/www.apfelpatient.de\/en\/rumors\/ios-26-4-could-significantly-enhance-apple-notes\">iOS 26.4 could significantly improve Apple Notes<\/a><\/li>\n<\/ul>\n\n\n\n<h6 class=\"wp-block-heading translation-block\" id=\"h-kennt-ihr-schon-unsere-amazon-storefront-dort-findet-ihr-eine-handverlesene-auswahl-von-diversen-produkten-f-r-euer-iphone-und-co-viel-spa-beim-st-bern\"><em>Have you already visited our Amazon Storefront? There you&#039;ll find a hand-picked selection of various products for your iPhone and other devices \u2013 <span class=\"has-inline-color has-vivid-red-color\"><a href=\"https:\/\/www.amazon.de\/shop\/apfelpatientofficial\" class=\"ek-link\" data-wpel-link=\"exclude\" rel=\"follow noopener\" target=\"_self\"><span style=\"text-decoration: underline\" class=\"ek-underline\">enjoy browsing<\/span><\/a> !<\/span><\/em><\/h6>\n\n\n\n<h6 class=\"wp-block-heading translation-block\" id=\"h-der-beitrag-enthalt-partnerlinks\">This post contains <a data-type=\"URL\" data-id=\"https:\/\/www.apfelpatient.de\/partnerprogramm\" href=\"https:\/\/www.apfelpatient.de\/en\/partner-program\" data-wpel-link=\"internal\" target=\"_self\">affiliate links<\/a>.<\/h6>","protected":false},"excerpt":{"rendered":"<p>Will Tim Cook remain CEO for much longer? New information about Apple&#039;s plans shows why a short-term resignation is currently considered unlikely.<\/p>","protected":false},"author":2,"featured_media":63204,"comment_status":"closed","ping_status":"open","sticky":false,"template":"","format":"standard","meta":{"jnews-multi-image_gallery":[],"jnews_single_post":{"format":"standard","override":[{"template":"2","parallax":"1","fullscreen":"1","layout":"right-sidebar","sidebar":"default-sidebar","second_sidebar":"default-sidebar","sticky_sidebar":"1","share_position":"top","share_float_style":"share-monocrhome","show_featured":"1","show_post_meta":"1","show_post_author":"1","show_post_author_image":"1","show_post_date":"1","post_date_format":"default","post_date_format_custom":"Y\/m\/d","show_post_reading_time":"0","post_reading_time_wpm":"300","post_calculate_word_method":"str_word_count","show_zoom_button":"0","zoom_button_out_step":"2","zoom_button_in_step":"3","show_post_tag":"1","show_prev_next_post":"1","show_popup_post":"1","show_comment_section":"1","number_popup_post":"1","show_author_box":"0","show_post_related":"0","show_inline_post_related":"0"}],"image_override":[{"single_post_thumbnail_size":"crop-500","single_post_gallery_size":"crop-500"}],"trending_post_position":"meta","trending_post_label":"Trending","sponsored_post_label":"Sponsored by","disable_ad":"0"},"jnews_primary_category":{"id":"25"},"footnotes":""},"categories":[25],"tags":[13],"class_list":["post-63205","post","type-post","status-publish","format-standard","has-post-thumbnail","hentry","category-rumors","tag-techpatient"],"yoast_head":"<!-- This site is optimized with the Yoast SEO Premium plugin v27.4 (Yoast SEO v27.4) - https:\/\/yoast.com\/product\/yoast-seo-premium-wordpress\/ -->\n<title>Tim Cook im Fokus: R\u00fccktrittsger\u00fcchte und Apples Pl\u00e4ne Apfelpatient<\/title>\n<meta name=\"description\" content=\"Bleibt Tim Cook noch lange CEO? Neue Infos zu Apples Planung zeigen, weshalb ein kurzfristiger R\u00fccktritt derzeit als unwahrscheinlich gilt.\" \/>\n<meta name=\"robots\" content=\"index, follow, max-snippet:-1, max-image-preview:large, max-video-preview:-1\" \/>\n<link rel=\"canonical\" href=\"https:\/\/www.apfelpatient.de\/en\/rumors\/tim-cook-in-focus-resignation-rumors-and-apples-plans\" \/>\n<meta property=\"og:locale\" content=\"en_US\" \/>\n<meta property=\"og:type\" content=\"article\" \/>\n<meta property=\"og:title\" content=\"Tim Cook im Fokus: R\u00fccktrittsger\u00fcchte und Apples Pl\u00e4ne\" \/>\n<meta property=\"og:description\" content=\"Bleibt Tim Cook noch lange CEO? Neue Infos zu Apples Planung zeigen, weshalb ein kurzfristiger R\u00fccktritt derzeit als unwahrscheinlich gilt.\" \/>\n<meta property=\"og:url\" content=\"https:\/\/www.apfelpatient.de\/en\/rumors\/tim-cook-in-focus-resignation-rumors-and-apples-plans\" \/>\n<meta property=\"og:site_name\" content=\"Apfelpatient\" \/>\n<meta property=\"article:publisher\" content=\"https:\/\/www.facebook.com\/apfelpatientOfficial\" \/>\n<meta property=\"article:author\" content=\"https:\/\/www.facebook.com\/apfelpatientOfficial\" \/>\n<meta property=\"article:published_time\" content=\"2026-01-25T19:04:06+00:00\" \/>\n<meta property=\"article:modified_time\" content=\"2026-01-25T19:08:07+00:00\" \/>\n<meta property=\"og:image\" content=\"https:\/\/www.apfelpatient.de\/wp-content\/uploads\/2026\/01\/shutterstock_1996576061.jpg\" \/>\n\t<meta property=\"og:image:width\" content=\"1600\" \/>\n\t<meta property=\"og:image:height\" content=\"1067\" \/>\n\t<meta property=\"og:image:type\" content=\"image\/jpeg\" \/>\n<meta name=\"author\" content=\"Milan\" \/>\n<meta name=\"twitter:card\" content=\"summary_large_image\" \/>\n<meta name=\"twitter:description\" content=\"Bleibt Tim Cook noch lange CEO? Neue Infos zu Apples Planung zeigen, weshalb ein kurzfristiger R\u00fccktritt derzeit als unwahrscheinlich gilt.\" \/>\n<meta name=\"twitter:label1\" content=\"Written by\" \/>\n\t<meta name=\"twitter:data1\" content=\"Milan\" \/>\n\t<meta name=\"twitter:label2\" content=\"Est. reading time\" \/>\n\t<meta name=\"twitter:data2\" content=\"5 minutes\" \/>\n<script type=\"application\/ld+json\" class=\"yoast-schema-graph\">{\"@context\":\"https:\\\/\\\/schema.org\",\"@graph\":[{\"@type\":\"NewsArticle\",\"@id\":\"https:\\\/\\\/www.apfelpatient.de\\\/rumors\\\/tim-cook-im-fokus-ruecktrittsgeruechte-und-apples-plaene#article\",\"isPartOf\":{\"@id\":\"https:\\\/\\\/www.apfelpatient.de\\\/rumors\\\/tim-cook-im-fokus-ruecktrittsgeruechte-und-apples-plaene\"},\"author\":{\"@type\":\"Organization\",\"@id\":\"https:\\\/\\\/www.apfelpatient.de\\\/en\\\/#organization\",\"name\":\"Apfelpatient\",\"url\":\"https:\\\/\\\/www.apfelpatient.de\\\/en\\\/\"},\"headline\":\"Tim Cook im Fokus: R\u00fccktrittsger\u00fcchte und Apples Pl\u00e4ne\",\"datePublished\":\"2026-01-25T19:04:06+00:00\",\"dateModified\":\"2026-01-25T19:08:07+00:00\",\"mainEntityOfPage\":{\"@id\":\"https:\\\/\\\/www.apfelpatient.de\\\/rumors\\\/tim-cook-im-fokus-ruecktrittsgeruechte-und-apples-plaene\"},\"wordCount\":872,\"publisher\":{\"@type\":\"Organization\",\"@id\":\"https:\\\/\\\/www.apfelpatient.de\\\/en\\\/#organization\",\"name\":\"Apfelpatient\",\"url\":\"https:\\\/\\\/www.apfelpatient.de\\\/en\\\/\"},\"image\":{\"@id\":\"https:\\\/\\\/www.apfelpatient.de\\\/rumors\\\/tim-cook-im-fokus-ruecktrittsgeruechte-und-apples-plaene#primaryimage\"},\"thumbnailUrl\":\"https:\\\/\\\/www.apfelpatient.de\\\/wp-content\\\/uploads\\\/2026\\\/01\\\/shutterstock_1996576061.jpg\",\"keywords\":[\"TechPatient\"],\"articleSection\":\"Rumors\",\"inLanguage\":\"en-US\",\"copyrightYear\":\"2026\",\"copyrightHolder\":{\"@id\":\"https:\\\/\\\/www.apfelpatient.de\\\/en\\\/#organization\"}},{\"@type\":\"WebPage\",\"@id\":\"https:\\\/\\\/www.apfelpatient.de\\\/rumors\\\/tim-cook-im-fokus-ruecktrittsgeruechte-und-apples-plaene\",\"url\":\"https:\\\/\\\/www.apfelpatient.de\\\/rumors\\\/tim-cook-im-fokus-ruecktrittsgeruechte-und-apples-plaene\",\"name\":\"Tim Cook im Fokus: R\u00fccktrittsger\u00fcchte und Apples Pl\u00e4ne Apfelpatient\",\"isPartOf\":{\"@id\":\"https:\\\/\\\/www.apfelpatient.de\\\/#website\"},\"primaryImageOfPage\":{\"@id\":\"https:\\\/\\\/www.apfelpatient.de\\\/rumors\\\/tim-cook-im-fokus-ruecktrittsgeruechte-und-apples-plaene#primaryimage\"},\"image\":{\"@id\":\"https:\\\/\\\/www.apfelpatient.de\\\/rumors\\\/tim-cook-im-fokus-ruecktrittsgeruechte-und-apples-plaene#primaryimage\"},\"thumbnailUrl\":\"https:\\\/\\\/www.apfelpatient.de\\\/wp-content\\\/uploads\\\/2026\\\/01\\\/shutterstock_1996576061.jpg\",\"datePublished\":\"2026-01-25T19:04:06+00:00\",\"dateModified\":\"2026-01-25T19:08:07+00:00\",\"description\":\"Bleibt Tim Cook noch lange CEO? Neue Infos zu Apples Planung zeigen, weshalb ein kurzfristiger R\u00fccktritt derzeit als unwahrscheinlich gilt.\",\"breadcrumb\":{\"@id\":\"https:\\\/\\\/www.apfelpatient.de\\\/rumors\\\/tim-cook-im-fokus-ruecktrittsgeruechte-und-apples-plaene#breadcrumb\"},\"inLanguage\":\"en-US\",\"potentialAction\":[{\"@type\":\"ReadAction\",\"target\":[\"https:\\\/\\\/www.apfelpatient.de\\\/rumors\\\/tim-cook-im-fokus-ruecktrittsgeruechte-und-apples-plaene\"]}]},{\"@type\":\"ImageObject\",\"inLanguage\":\"en-US\",\"@id\":\"https:\\\/\\\/www.apfelpatient.de\\\/rumors\\\/tim-cook-im-fokus-ruecktrittsgeruechte-und-apples-plaene#primaryimage\",\"url\":\"https:\\\/\\\/www.apfelpatient.de\\\/wp-content\\\/uploads\\\/2026\\\/01\\\/shutterstock_1996576061.jpg\",\"contentUrl\":\"https:\\\/\\\/www.apfelpatient.de\\\/wp-content\\\/uploads\\\/2026\\\/01\\\/shutterstock_1996576061.jpg\",\"width\":1600,\"height\":1067,\"caption\":\"Bild: Shutterstock \\\/ Ringo Chiu\"},{\"@type\":\"BreadcrumbList\",\"@id\":\"https:\\\/\\\/www.apfelpatient.de\\\/rumors\\\/tim-cook-im-fokus-ruecktrittsgeruechte-und-apples-plaene#breadcrumb\",\"itemListElement\":[{\"@type\":\"ListItem\",\"position\":1,\"name\":\"Startseite\",\"item\":\"https:\\\/\\\/www.apfelpatient.de\\\/\"},{\"@type\":\"ListItem\",\"position\":2,\"name\":\"Tim Cook im Fokus: R\u00fccktrittsger\u00fcchte und Apples Pl\u00e4ne\"}]},{\"@type\":\"WebSite\",\"@id\":\"https:\\\/\\\/www.apfelpatient.de\\\/#website\",\"url\":\"https:\\\/\\\/www.apfelpatient.de\\\/\",\"name\":\"Apfelpatient\",\"description\":\"Alles rund um Apple!\",\"publisher\":{\"@type\":\"Organization\",\"@id\":\"https:\\\/\\\/www.apfelpatient.de\\\/en\\\/#organization\",\"name\":\"Apfelpatient\",\"url\":\"https:\\\/\\\/www.apfelpatient.de\\\/en\\\/\"},\"alternateName\":\"Apfelpatient\",\"potentialAction\":[{\"@type\":\"SearchAction\",\"target\":{\"@type\":\"EntryPoint\",\"urlTemplate\":\"https:\\\/\\\/www.apfelpatient.de\\\/?s={search_term_string}\"},\"query-input\":{\"@type\":\"PropertyValueSpecification\",\"valueRequired\":true,\"valueName\":\"search_term_string\"}}],\"inLanguage\":\"en-US\"},{\"@type\":[\"Person\",\"Organization\"],\"@id\":\"https:\\\/\\\/www.apfelpatient.de\\\/#\\\/schema\\\/person\\\/7dc56ad6c8e9824b76d2c08d4c140e13\",\"name\":\"Milan\",\"logo\":{\"@id\":\"https:\\\/\\\/www.apfelpatient.de\\\/#\\\/schema\\\/person\\\/image\\\/\"},\"description\":\"Hallo und herzlich willkommen auf meinem Technik-Blog! Als gro\u00dfer Apple-Fan berichte ich hier \u00fcber alles, was mit Apple zu tun hat: von den neuesten News und spannenden Ger\u00fcchten \u00fcber hilfreiche Tipps und Tricks bis hin zu ausf\u00fchrlichen Produkttests. Wenn du genauso technikbegeistert bist wie ich, bist du hier genau richtig!\",\"sameAs\":[\"https:\\\/\\\/www.facebook.com\\\/apfelpatientOfficial\",\"https:\\\/\\\/www.linkedin.com\\\/in\\\/milan-jovicic-42aa0231b\"],\"url\":\"https:\\\/\\\/www.apfelpatient.de\\\/en\\\/author\\\/apfeladmin\"}]}<\/script>\n<!-- \/ Yoast SEO Premium plugin. -->","yoast_head_json":{"title":"Tim Cook in focus: Resignation rumors and Apple&#039;s plans Apfelpatient","description":"Will Tim Cook remain CEO for much longer? New information about Apple&#039;s plans shows why a short-term resignation is currently considered unlikely.","robots":{"index":"index","follow":"follow","max-snippet":"max-snippet:-1","max-image-preview":"max-image-preview:large","max-video-preview":"max-video-preview:-1"},"canonical":"https:\/\/www.apfelpatient.de\/en\/rumors\/tim-cook-in-focus-resignation-rumors-and-apples-plans","og_locale":"en_US","og_type":"article","og_title":"Tim Cook im Fokus: R\u00fccktrittsger\u00fcchte und Apples Pl\u00e4ne","og_description":"Bleibt Tim Cook noch lange CEO? Neue Infos zu Apples Planung zeigen, weshalb ein kurzfristiger R\u00fccktritt derzeit als unwahrscheinlich gilt.","og_url":"https:\/\/www.apfelpatient.de\/en\/rumors\/tim-cook-in-focus-resignation-rumors-and-apples-plans","og_site_name":"Apfelpatient","article_publisher":"https:\/\/www.facebook.com\/apfelpatientOfficial","article_author":"https:\/\/www.facebook.com\/apfelpatientOfficial","article_published_time":"2026-01-25T19:04:06+00:00","article_modified_time":"2026-01-25T19:08:07+00:00","og_image":[{"width":1600,"height":1067,"url":"https:\/\/www.apfelpatient.de\/wp-content\/uploads\/2026\/01\/shutterstock_1996576061.jpg","type":"image\/jpeg"}],"author":"Milan","twitter_card":"summary_large_image","twitter_description":"Bleibt Tim Cook noch lange CEO? Neue Infos zu Apples Planung zeigen, weshalb ein kurzfristiger R\u00fccktritt derzeit als unwahrscheinlich gilt.","twitter_misc":{"Written by":"Milan","Est. reading time":"5 minutes"},"schema":{"@context":"https:\/\/schema.org","@graph":[{"@type":"NewsArticle","@id":"https:\/\/www.apfelpatient.de\/rumors\/tim-cook-im-fokus-ruecktrittsgeruechte-und-apples-plaene#article","isPartOf":{"@id":"https:\/\/www.apfelpatient.de\/rumors\/tim-cook-im-fokus-ruecktrittsgeruechte-und-apples-plaene"},"author":{"@type":"Organization","@id":"https:\/\/www.apfelpatient.de\/en\/#organization","name":"Apfelpatient","url":"https:\/\/www.apfelpatient.de\/en\/"},"headline":"Tim Cook im Fokus: R\u00fccktrittsger\u00fcchte und Apples Pl\u00e4ne","datePublished":"2026-01-25T19:04:06+00:00","dateModified":"2026-01-25T19:08:07+00:00","mainEntityOfPage":{"@id":"https:\/\/www.apfelpatient.de\/rumors\/tim-cook-im-fokus-ruecktrittsgeruechte-und-apples-plaene"},"wordCount":872,"publisher":{"@type":"Organization","@id":"https:\/\/www.apfelpatient.de\/en\/#organization","name":"Apfelpatient","url":"https:\/\/www.apfelpatient.de\/en\/"},"image":{"@id":"https:\/\/www.apfelpatient.de\/rumors\/tim-cook-im-fokus-ruecktrittsgeruechte-und-apples-plaene#primaryimage"},"thumbnailUrl":"https:\/\/www.apfelpatient.de\/wp-content\/uploads\/2026\/01\/shutterstock_1996576061.jpg","keywords":["TechPatient"],"articleSection":"Rumors","inLanguage":"en-US","copyrightYear":"2026","copyrightHolder":{"@id":"https:\/\/www.apfelpatient.de\/en\/#organization"}},{"@type":"WebPage","@id":"https:\/\/www.apfelpatient.de\/rumors\/tim-cook-im-fokus-ruecktrittsgeruechte-und-apples-plaene","url":"https:\/\/www.apfelpatient.de\/rumors\/tim-cook-im-fokus-ruecktrittsgeruechte-und-apples-plaene","name":"Tim Cook in focus: Resignation rumors and Apple&#039;s plans Apfelpatient","isPartOf":{"@id":"https:\/\/www.apfelpatient.de\/#website"},"primaryImageOfPage":{"@id":"https:\/\/www.apfelpatient.de\/rumors\/tim-cook-im-fokus-ruecktrittsgeruechte-und-apples-plaene#primaryimage"},"image":{"@id":"https:\/\/www.apfelpatient.de\/rumors\/tim-cook-im-fokus-ruecktrittsgeruechte-und-apples-plaene#primaryimage"},"thumbnailUrl":"https:\/\/www.apfelpatient.de\/wp-content\/uploads\/2026\/01\/shutterstock_1996576061.jpg","datePublished":"2026-01-25T19:04:06+00:00","dateModified":"2026-01-25T19:08:07+00:00","description":"Will Tim Cook remain CEO for much longer? New information about Apple&#039;s plans shows why a short-term resignation is currently considered unlikely.","breadcrumb":{"@id":"https:\/\/www.apfelpatient.de\/rumors\/tim-cook-im-fokus-ruecktrittsgeruechte-und-apples-plaene#breadcrumb"},"inLanguage":"en-US","potentialAction":[{"@type":"ReadAction","target":["https:\/\/www.apfelpatient.de\/rumors\/tim-cook-im-fokus-ruecktrittsgeruechte-und-apples-plaene"]}]},{"@type":"ImageObject","inLanguage":"en-US","@id":"https:\/\/www.apfelpatient.de\/rumors\/tim-cook-im-fokus-ruecktrittsgeruechte-und-apples-plaene#primaryimage","url":"https:\/\/www.apfelpatient.de\/wp-content\/uploads\/2026\/01\/shutterstock_1996576061.jpg","contentUrl":"https:\/\/www.apfelpatient.de\/wp-content\/uploads\/2026\/01\/shutterstock_1996576061.jpg","width":1600,"height":1067,"caption":"Bild: Shutterstock \/ Ringo Chiu"},{"@type":"BreadcrumbList","@id":"https:\/\/www.apfelpatient.de\/rumors\/tim-cook-im-fokus-ruecktrittsgeruechte-und-apples-plaene#breadcrumb","itemListElement":[{"@type":"ListItem","position":1,"name":"Startseite","item":"https:\/\/www.apfelpatient.de\/"},{"@type":"ListItem","position":2,"name":"Tim Cook im Fokus: R\u00fccktrittsger\u00fcchte und Apples Pl\u00e4ne"}]},{"@type":"WebSite","@id":"https:\/\/www.apfelpatient.de\/#website","url":"https:\/\/www.apfelpatient.de\/","name":"apple patient","description":"Everything about Apple!","publisher":{"@type":"Organization","@id":"https:\/\/www.apfelpatient.de\/en\/#organization","name":"Apfelpatient","url":"https:\/\/www.apfelpatient.de\/en\/"},"alternateName":"Apfelpatient","potentialAction":[{"@type":"SearchAction","target":{"@type":"EntryPoint","urlTemplate":"https:\/\/www.apfelpatient.de\/?s={search_term_string}"},"query-input":{"@type":"PropertyValueSpecification","valueRequired":true,"valueName":"search_term_string"}}],"inLanguage":"en-US"},{"@type":["Person","Organization"],"@id":"https:\/\/www.apfelpatient.de\/#\/schema\/person\/7dc56ad6c8e9824b76d2c08d4c140e13","name":"Milan","logo":{"@id":"https:\/\/www.apfelpatient.de\/#\/schema\/person\/image\/"},"description":"Hello and welcome to my technology blog! As a big Apple fan, I report on everything to do with Apple: from the latest news and exciting rumors to helpful tips and tricks and detailed product tests. If you are as enthusiastic about technology as I am, you have come to the right place!","sameAs":["https:\/\/www.facebook.com\/apfelpatientOfficial","https:\/\/www.linkedin.com\/in\/milan-jovicic-42aa0231b"],"url":"https:\/\/www.apfelpatient.de\/en\/author\/apfeladmin"}]}},"_links":{"self":[{"href":"https:\/\/www.apfelpatient.de\/en\/wp-json\/wp\/v2\/posts\/63205","targetHints":{"allow":["GET"]}}],"collection":[{"href":"https:\/\/www.apfelpatient.de\/en\/wp-json\/wp\/v2\/posts"}],"about":[{"href":"https:\/\/www.apfelpatient.de\/en\/wp-json\/wp\/v2\/types\/post"}],"author":[{"embeddable":true,"href":"https:\/\/www.apfelpatient.de\/en\/wp-json\/wp\/v2\/users\/2"}],"replies":[{"embeddable":true,"href":"https:\/\/www.apfelpatient.de\/en\/wp-json\/wp\/v2\/comments?post=63205"}],"version-history":[{"count":1,"href":"https:\/\/www.apfelpatient.de\/en\/wp-json\/wp\/v2\/posts\/63205\/revisions"}],"predecessor-version":[{"id":63206,"href":"https:\/\/www.apfelpatient.de\/en\/wp-json\/wp\/v2\/posts\/63205\/revisions\/63206"}],"wp:featuredmedia":[{"embeddable":true,"href":"https:\/\/www.apfelpatient.de\/en\/wp-json\/wp\/v2\/media\/63204"}],"wp:attachment":[{"href":"https:\/\/www.apfelpatient.de\/en\/wp-json\/wp\/v2\/media?parent=63205"}],"wp:term":[{"taxonomy":"category","embeddable":true,"href":"https:\/\/www.apfelpatient.de\/en\/wp-json\/wp\/v2\/categories?post=63205"},{"taxonomy":"post_tag","embeddable":true,"href":"https:\/\/www.apfelpatient.de\/en\/wp-json\/wp\/v2\/tags?post=63205"}],"curies":[{"name":"wp","href":"https:\/\/api.w.org\/{rel}","templated":true}]}}