{"id":63194,"date":"2026-01-25T16:47:28","date_gmt":"2026-01-25T15:47:28","guid":{"rendered":"https:\/\/www.apfelpatient.de\/?p=63194"},"modified":"2026-01-25T16:49:46","modified_gmt":"2026-01-25T15:49:46","slug":"a-new-generation-of-macbook-pro-is-expected-but-not-immediately","status":"publish","type":"post","link":"https:\/\/www.apfelpatient.de\/en\/rumors\/neue-macbook-pro-generation-wird-erwartet-aber-nicht-zeitnah","title":{"rendered":"A new MacBook Pro generation is expected, but not immediately"},"content":{"rendered":"<p class=\"has-drop-cap\"><strong>Many rumors are currently circulating about the MacBook Pro, promising the imminent release of new models. Some even suggest a launch within days. However, these predictions are being tempered by new information. Recent reports indicate that Apple is planning major Mac updates not in the short term, but in the near future.<\/strong><\/p>\n\n\n\n<p>In the Apple world, rumors often originate from supply chains, internal product identifiers, or speculation surrounding events. However, what&#039;s crucial is which sources have proven reliable in the past. Mark Gurman is considered one of the most accurate Apple leakers, especially when it comes to specific launch windows. His recent statements paint a significantly different picture than many short-term predictions.<\/p>\n\n\n\n<h4 class=\"wp-block-heading\" id=\"h-keine-neuen-macbook-modelle-in-den-nachsten-tagen\">No new MacBook models in the next few days<\/h4>\n\n\n\n<p class=\"translation-block\">According to Mark Gurman, Apple will not be unveiling any new MacBook models in the coming days. In his &quot;Power On&quot; newsletter for Bloomberg, he <a href=\"\/\/www.bloomberg.com\/news\/newsletters\/2026-01-25\/inside-apple-s-ai-shake-up-ai-safari-and-plans-for-new-siri-in-ios-26-4-ios-27-mktqy7xb?cmpid=BBD012526_POWERON\u201c\" id=\"https:\/\/www.bloomberg.com\/news\/newsletters\/2026-01-25\/inside-apple-s-ai-shake-up-ai-safari-and-plans-for-new-siri-in-ios-26-4-ios-27-mktqy7xb?cmpid=BBD012526_POWERON\" target=\"_blank\" rel=\"noreferrer noopener\" data-wpel-link=\"external\">explains<\/a> that while new versions of the MacBook Pro, MacBook Air, and Mac Studio are expected in early 2026, they will not be released in the next few days. This contradicts reports suggesting an imminent presentation.<\/p>\n\n\n\n<p>Especially with short-term launches, Gurman has demonstrated a very high success rate in the past. His assessments therefore carry more weight than many other rumors circulating in the industry.<\/p>\n\n\n\n<h4 class=\"wp-block-heading\" id=\"h-der-m5-chip-ist-noch-nicht-im-gesamten-mac-lineup-angekommen\">The M5 chip has not yet arrived in the entire Mac lineup<\/h4>\n\n\n\n<p>Currently, the M5 generation is not yet widely represented in the Mac ecosystem. The M5 chip is currently only found in the entry-level 14-inch MacBook Pro. Apple seems to be deliberately waiting before transitioning the rest of its product line. According to Gurman, Apple plans a broader rollout of the M5 chips this year to close the existing gap within the Mac product line.<\/p>\n\n\n\n<h4 class=\"wp-block-heading\" id=\"h-macbook-pro-update-mit-m5-pro-und-m5-max\">MacBook Pro: Update with M5 Pro and M5 Max<\/h4>\n\n\n\n<p>The MacBook Pro is expected to receive a classic performance update in early 2026. New variants with the M5 Pro and M5 Max processors are anticipated. Major design changes are not expected. Instead, the focus will be on improved technical specifications and increased performance.<\/p>\n\n\n\n<p>A comprehensive redesign of the MacBook Pro with an OLED touchscreen is planned, but is not expected until the end of 2026. Therefore, the next generation will retain the existing design language.<\/p>\n\n\n\n<h4 class=\"wp-block-heading\" id=\"h-macbook-air-und-ein-neues-gunstiges-macbook\">MacBook Air and a new, affordable MacBook<\/h4>\n\n\n\n<p>The 13-inch and 15-inch MacBook Air are also due for an update. Given the availability of the M5 chip series, a switch to the new processor is considered likely. Product identifiers revealed in July 2025 also point to a market launch in early 2026.<\/p>\n\n\n\n<p>Content-wise, only minor changes are expected. Besides the new chip, the improvements are likely to be primarily technical in nature. While an OLED display is considered a long-term goal, it is not expected until 2028 at the earliest.<\/p>\n\n\n\n<p>Particularly noteworthy is another notebook, internally referred to as a budget MacBook. This model is expected to be released with reduced specifications and will likely use an A18 Pro chip, the same one used in the iPhone. The goal is to offer the lowest possible entry price.<\/p>\n\n\n\n<h4 class=\"wp-block-heading\" id=\"h-desktop-macs-mac-mini-und-mac-studio\">Desktop Macs: Mac mini and Mac Studio<\/h4>\n\n\n\n<p>Updates for desktop Macs are also planned for this year. The Mac mini is expected to receive an update with M5 and M5 Pro chips. The Mac Studio is expected to get at least an M5 Max. It remains unclear whether and in what form an Ultra variant will be offered.<\/p>\n\n\n\n<h4 class=\"wp-block-heading\" id=\"h-apple-studio-display-zwei-neue-varianten-im-gesprach\">Apple Studio Display: Two new variants under discussion<\/h4>\n\n\n\n<p>Revisions are also expected for the Apple Studio Display. One model is rumored to be an update to the existing 27-inch 5K display and will feature Mini-LED backlighting instead of traditional LED.<\/p>\n\n\n\n<p>There is also speculation about another display, which could be larger. A 32-inch screen with a resolution of 6K or even 7K is being discussed. However, no concrete details or timelines are yet available.<\/p>\n\n\n\n<h4 class=\"wp-block-heading\" id=\"h-der-blick-nach-vorn-m6-konnte-schneller-kommen-als-erwartet\">Looking ahead: M6 could arrive sooner than expected<\/h4>\n\n\n\n<p>Although the M5 is currently the focus, Gurman believes the M6 chip could appear sooner than expected. Apple doesn&#039;t seem to be afraid of short generation cycles. A case in point is the short gap of only five months between the introduction of the M3 and the M4. This strategy could also lead to faster and more frequent performance improvements for the MacBook Pro in the future.<\/p>\n\n\n\n<h3 class=\"wp-block-heading\" id=\"h-keine-schnellen-releases-mac-strategie-fur-2026\">No quick releases: Mac strategy for 2026<\/h3>\n\n\n\n<p>Current information clearly argues against a short-term release of new MacBook models. Instead, there are strong indications that Apple will implement a broader rollout of the M5 generation throughout 2026, including new MacBook Pro models with the M5 Pro and M5 Max. Major design changes, such as an OLED touchscreen, are still planned but are not part of this update cycle. Thus, Apple continues to pursue a gradual renewal of its Mac product line in 2026, prioritizing technological advancements over fundamental design changes. (Image: Shutterstock \/ Dontree_M)<\/p>\n\n\n\n<ul class=\"wp-block-list\">\n<li><a href=\"https:\/\/www.apfelpatient.de\/en\/rumors\/apple-will-reveal-new-siri-features-in-just-a-few-weeks\" type=\"link\" id=\"https:\/\/www.apfelpatient.de\/rumors\/apple-zeigt-neue-siri-funktionen-bereits-in-wenigen-wochen\">Apple will reveal new Siri features in just a few weeks<\/a><\/li>\n\n\n\n<li><a href=\"https:\/\/www.apfelpatient.de\/en\/rumors\/apple-plans-to-manufacture-its-own-chips-partly-with-intel\">Apple plans to manufacture some of its own chips with Intel<\/a><\/li>\n\n\n\n<li><a href=\"https:\/\/www.apfelpatient.de\/en\/rumors\/iphone-18-pro-this-is-how-much-the-new-dynamic-island-is-shrinking\">iPhone 18 Pro: This is how much the new Dynamic Island is shrinking<\/a><\/li>\n\n\n\n<li><a href=\"https:\/\/www.apfelpatient.de\/en\/rumors\/apple-design-under-new-leadership-john-ternus-in-focus\">Apple Design under new leadership: John Ternus in focus<\/a><\/li>\n\n\n\n<li><a href=\"https:\/\/www.apfelpatient.de\/en\/rumors\/iphone-rumors-2027-all-screen-later-than-expected\">iPhone Rumors 2027: All-Screen Later Than Expected?<\/a><\/li>\n\n\n\n<li><a href=\"https:\/\/www.apfelpatient.de\/en\/rumors\/report-apple-changes-ai-strategy-under-craig-federighi\">Report: Apple changes AI strategy under Craig Federighi<\/a><\/li>\n\n\n\n<li><a href=\"https:\/\/www.apfelpatient.de\/en\/rumors\/apple-home-hub-new-hints-at-a-rotatable-robot-base\">Apple Home Hub: New evidence of a rotatable robot base<\/a><\/li>\n\n\n\n<li><a href=\"https:\/\/www.apfelpatient.de\/en\/rumors\/apple-plans-ai-pin-new-wearable-could-come-in-2027\">Apple plans AI pin: New wearable could arrive in 2027<\/a><\/li>\n\n\n\n<li><a href=\"https:\/\/www.apfelpatient.de\/en\/rumors\/ios-27-siri-becomes-a-chatbot-with-deep-system-access\">iOS 27: Siri becomes a chatbot with deep system access<\/a><\/li>\n\n\n\n<li><a href=\"https:\/\/www.apfelpatient.de\/en\/rumors\/apple-is-internally-using-ai-chatbots-to-increase-productivity\">Apple is using AI chatbots internally to increase productivity<\/a><\/li>\n\n\n\n<li><a href=\"https:\/\/www.apfelpatient.de\/en\/rumors\/new-iphone-18-leak-suggests-extremely-bright-display\">iPhone 18: New leak suggests extremely bright display<\/a><\/li>\n\n\n\n<li><a href=\"https:\/\/www.apfelpatient.de\/en\/rumors\/iphone-18-pro-smaller-dynamic-island-instead-of-radical-redesign\">iPhone 18 Pro: Smaller Dynamic Island instead of a radical redesign<\/a><\/li>\n\n\n\n<li><a href=\"https:\/\/www.apfelpatient.de\/en\/rumors\/will-the-iphone-air-2-get-an-update-in-2026-or-not-until-2027\">iPhone Air 2: Will there be an update in 2026 or not until 2027?<\/a><\/li>\n\n\n\n<li><a href=\"https:\/\/www.apfelpatient.de\/en\/rumors\/iphone-18-pro-leaker-contradicts-rumors-about-the-front-camera\">iPhone 18 Pro: Leaker contradicts rumors about the front camera<\/a><\/li>\n\n\n\n<li><a href=\"https:\/\/www.apfelpatient.de\/en\/rumors\/iphone-18-pro-and-face-id-what-apple-is-planning-for-the-display\">iPhone 18 Pro and Face ID: What Apple is planning for the display<\/a><\/li>\n\n\n\n<li><a href=\"https:\/\/www.apfelpatient.de\/en\/rumors\/macbook-pro-m5-max-pre-release-performance-predictions\">M5 Max MacBook Pro before release: Performance predictions<\/a><\/li>\n\n\n\n<li><a href=\"https:\/\/www.apfelpatient.de\/en\/rumors\/iphone-18-pro-new-front-design-with-camera-on-the-left\">iPhone 18 Pro: New front design with camera on the left?<\/a><\/li>\n\n\n\n<li><a href=\"https:\/\/www.apfelpatient.de\/en\/rumors\/macbook-pro-with-oled-takes-a-crucial-production-step\">MacBook Pro with OLED takes a crucial production step<\/a><\/li>\n\n\n\n<li><a href=\"https:\/\/www.apfelpatient.de\/en\/rumors\/iphone-fold-new-details-on-technology-ai-market-strategy\">iPhone Fold: New details on technology, AI &amp; market strategy<\/a><\/li>\n\n\n\n<li><a href=\"https:\/\/www.apfelpatient.de\/en\/rumors\/apple-and-tsmcs-ai-boom-puts-the-chip-alliance-to-the-test\">Apple and TSMC: AI boom puts the chip alliance to the test<\/a><\/li>\n\n\n\n<li><a href=\"https:\/\/www.apfelpatient.de\/en\/rumors\/iphone-17e-dynamic-island-is-coming-display-remains-at-60-hz\">iPhone 17e: Dynamic Island is coming, display remains at 60 Hz<\/a><\/li>\n\n\n\n<li><a href=\"https:\/\/www.apfelpatient.de\/en\/rumors\/ios-26-4-could-significantly-enhance-apple-notes\">iOS 26.4 could significantly improve Apple Notes<\/a><\/li>\n\n\n\n<li><a href=\"https:\/\/www.apfelpatient.de\/en\/rumors\/iphone-fold-liquid-metal-hinge-and-titanium-case\">iPhone Fold: Liquid metal hinge and titanium casing<\/a><\/li>\n\n\n\n<li><a href=\"https:\/\/www.apfelpatient.de\/en\/rumors\/iphone-18-pro-leak-suggests-major-changes-to-the-display\">iPhone 18 Pro: Leak suggests major changes to the display<\/a><\/li>\n<\/ul>\n\n\n\n<h6 class=\"wp-block-heading translation-block\" id=\"h-kennt-ihr-schon-unsere-amazon-storefront-dort-findet-ihr-eine-handverlesene-auswahl-von-diversen-produkten-f-r-euer-iphone-und-co-viel-spa-beim-st-bern\"><em>Have you already visited our Amazon Storefront? There you&#039;ll find a hand-picked selection of various products for your iPhone and other devices \u2013 <span class=\"has-inline-color has-vivid-red-color\"><a href=\"https:\/\/www.amazon.de\/shop\/apfelpatientofficial\" class=\"ek-link\" data-wpel-link=\"exclude\" rel=\"follow noopener\" target=\"_self\"><span style=\"text-decoration: underline\" class=\"ek-underline\">enjoy browsing<\/span><\/a> !<\/span><\/em><\/h6>\n\n\n\n<h6 class=\"wp-block-heading translation-block\" id=\"h-der-beitrag-enthalt-partnerlinks\">This post contains <a data-type=\"URL\" data-id=\"https:\/\/www.apfelpatient.de\/partnerprogramm\" href=\"https:\/\/www.apfelpatient.de\/en\/partner-program\" data-wpel-link=\"internal\" target=\"_self\">affiliate links<\/a>.<\/h6>","protected":false},"excerpt":{"rendered":"<p>MacBook Pro rumors under scrutiny: No short-term release, M5 chips in preparation and Apple&#039;s strategy for 2026.<\/p>","protected":false},"author":2,"featured_media":63193,"comment_status":"closed","ping_status":"open","sticky":false,"template":"","format":"standard","meta":{"jnews-multi-image_gallery":[],"jnews_single_post":{"format":"standard","override":[{"template":"2","parallax":"1","fullscreen":"1","layout":"right-sidebar","sidebar":"default-sidebar","second_sidebar":"default-sidebar","sticky_sidebar":"1","share_position":"top","share_float_style":"share-monocrhome","show_featured":"1","show_post_meta":"1","show_post_author":"1","show_post_author_image":"1","show_post_date":"1","post_date_format":"default","post_date_format_custom":"Y\/m\/d","show_post_reading_time":"0","post_reading_time_wpm":"300","post_calculate_word_method":"str_word_count","show_zoom_button":"0","zoom_button_out_step":"2","zoom_button_in_step":"3","show_post_tag":"1","show_prev_next_post":"1","show_popup_post":"1","show_comment_section":"1","number_popup_post":"1","show_author_box":"0","show_post_related":"0","show_inline_post_related":"0"}],"image_override":[{"single_post_thumbnail_size":"crop-500","single_post_gallery_size":"crop-500"}],"trending_post_position":"meta","trending_post_label":"Trending","sponsored_post_label":"Sponsored by","disable_ad":"0"},"jnews_primary_category":{"id":"25"},"footnotes":""},"categories":[25],"tags":[40,73,704,49,41,50,1186],"class_list":["post-63194","post","type-post","status-publish","format-standard","has-post-thumbnail","hentry","category-rumors","tag-mac","tag-mac-mini","tag-mac-studio","tag-macbook","tag-macbook-air","tag-macbook-pro","tag-studio-display"],"yoast_head":"<!-- This site is optimized with the Yoast SEO Premium plugin v27.4 (Yoast SEO v27.4) - https:\/\/yoast.com\/product\/yoast-seo-premium-wordpress\/ -->\n<title>Neue MacBook Pro Generation wird erwartet aber nicht zeitnah Apfelpatient<\/title>\n<meta name=\"description\" content=\"MacBook Pro Ger\u00fcchte im Check: Keine kurzfristige Ver\u00f6ffentlichung, M5-Chips in Vorbereitung und Apples Strategie f\u00fcr das Jahr 2026.\" \/>\n<meta name=\"robots\" content=\"index, follow, max-snippet:-1, max-image-preview:large, max-video-preview:-1\" \/>\n<link rel=\"canonical\" href=\"https:\/\/www.apfelpatient.de\/en\/rumors\/a-new-generation-of-macbook-pro-is-expected-but-not-immediately\" \/>\n<meta property=\"og:locale\" content=\"en_US\" \/>\n<meta property=\"og:type\" content=\"article\" \/>\n<meta property=\"og:title\" content=\"Neue MacBook Pro Generation wird erwartet aber nicht zeitnah\" \/>\n<meta property=\"og:description\" content=\"MacBook Pro Ger\u00fcchte im Check: Keine kurzfristige Ver\u00f6ffentlichung, M5-Chips in Vorbereitung und Apples Strategie f\u00fcr das Jahr 2026.\" \/>\n<meta property=\"og:url\" content=\"https:\/\/www.apfelpatient.de\/en\/rumors\/a-new-generation-of-macbook-pro-is-expected-but-not-immediately\" \/>\n<meta property=\"og:site_name\" content=\"Apfelpatient\" \/>\n<meta property=\"article:publisher\" content=\"https:\/\/www.facebook.com\/apfelpatientOfficial\" \/>\n<meta property=\"article:author\" content=\"https:\/\/www.facebook.com\/apfelpatientOfficial\" \/>\n<meta property=\"article:published_time\" content=\"2026-01-25T15:47:28+00:00\" \/>\n<meta property=\"article:modified_time\" content=\"2026-01-25T15:49:46+00:00\" \/>\n<meta property=\"og:image\" content=\"https:\/\/www.apfelpatient.de\/wp-content\/uploads\/2026\/01\/shutterstock_2404467521.jpg\" \/>\n\t<meta property=\"og:image:width\" content=\"1600\" \/>\n\t<meta property=\"og:image:height\" content=\"1067\" \/>\n\t<meta property=\"og:image:type\" content=\"image\/jpeg\" \/>\n<meta name=\"author\" content=\"Milan\" \/>\n<meta name=\"twitter:card\" content=\"summary_large_image\" \/>\n<meta name=\"twitter:description\" content=\"MacBook Pro Ger\u00fcchte im Check: Keine kurzfristige Ver\u00f6ffentlichung, M5-Chips in Vorbereitung und Apples Strategie f\u00fcr das Jahr 2026.\" \/>\n<meta name=\"twitter:label1\" content=\"Written by\" \/>\n\t<meta name=\"twitter:data1\" content=\"Milan\" \/>\n\t<meta name=\"twitter:label2\" content=\"Est. reading time\" \/>\n\t<meta name=\"twitter:data2\" content=\"6 minutes\" \/>\n<script type=\"application\/ld+json\" class=\"yoast-schema-graph\">{\"@context\":\"https:\\\/\\\/schema.org\",\"@graph\":[{\"@type\":\"NewsArticle\",\"@id\":\"https:\\\/\\\/www.apfelpatient.de\\\/rumors\\\/neue-macbook-pro-generation-wird-erwartet-aber-nicht-zeitnah#article\",\"isPartOf\":{\"@id\":\"https:\\\/\\\/www.apfelpatient.de\\\/rumors\\\/neue-macbook-pro-generation-wird-erwartet-aber-nicht-zeitnah\"},\"author\":{\"@type\":\"Organization\",\"@id\":\"https:\\\/\\\/www.apfelpatient.de\\\/en\\\/#organization\",\"name\":\"Apfelpatient\",\"url\":\"https:\\\/\\\/www.apfelpatient.de\\\/en\\\/\"},\"headline\":\"Neue MacBook Pro Generation wird erwartet aber nicht zeitnah\",\"datePublished\":\"2026-01-25T15:47:28+00:00\",\"dateModified\":\"2026-01-25T15:49:46+00:00\",\"mainEntityOfPage\":{\"@id\":\"https:\\\/\\\/www.apfelpatient.de\\\/rumors\\\/neue-macbook-pro-generation-wird-erwartet-aber-nicht-zeitnah\"},\"wordCount\":997,\"publisher\":{\"@type\":\"Organization\",\"@id\":\"https:\\\/\\\/www.apfelpatient.de\\\/en\\\/#organization\",\"name\":\"Apfelpatient\",\"url\":\"https:\\\/\\\/www.apfelpatient.de\\\/en\\\/\"},\"image\":{\"@id\":\"https:\\\/\\\/www.apfelpatient.de\\\/rumors\\\/neue-macbook-pro-generation-wird-erwartet-aber-nicht-zeitnah#primaryimage\"},\"thumbnailUrl\":\"https:\\\/\\\/www.apfelpatient.de\\\/wp-content\\\/uploads\\\/2026\\\/01\\\/shutterstock_2404467521.jpg\",\"keywords\":[\"Mac\",\"Mac mini\",\"Mac Studio\",\"MacBook\",\"MacBook Air\",\"MacBook Pro\",\"Studio Display\"],\"articleSection\":\"Rumors\",\"inLanguage\":\"en-US\",\"copyrightYear\":\"2026\",\"copyrightHolder\":{\"@id\":\"https:\\\/\\\/www.apfelpatient.de\\\/en\\\/#organization\"}},{\"@type\":\"WebPage\",\"@id\":\"https:\\\/\\\/www.apfelpatient.de\\\/rumors\\\/neue-macbook-pro-generation-wird-erwartet-aber-nicht-zeitnah\",\"url\":\"https:\\\/\\\/www.apfelpatient.de\\\/rumors\\\/neue-macbook-pro-generation-wird-erwartet-aber-nicht-zeitnah\",\"name\":\"Neue MacBook Pro Generation wird erwartet aber nicht zeitnah Apfelpatient\",\"isPartOf\":{\"@id\":\"https:\\\/\\\/www.apfelpatient.de\\\/#website\"},\"primaryImageOfPage\":{\"@id\":\"https:\\\/\\\/www.apfelpatient.de\\\/rumors\\\/neue-macbook-pro-generation-wird-erwartet-aber-nicht-zeitnah#primaryimage\"},\"image\":{\"@id\":\"https:\\\/\\\/www.apfelpatient.de\\\/rumors\\\/neue-macbook-pro-generation-wird-erwartet-aber-nicht-zeitnah#primaryimage\"},\"thumbnailUrl\":\"https:\\\/\\\/www.apfelpatient.de\\\/wp-content\\\/uploads\\\/2026\\\/01\\\/shutterstock_2404467521.jpg\",\"datePublished\":\"2026-01-25T15:47:28+00:00\",\"dateModified\":\"2026-01-25T15:49:46+00:00\",\"description\":\"MacBook Pro Ger\u00fcchte im Check: Keine kurzfristige Ver\u00f6ffentlichung, M5-Chips in Vorbereitung und Apples Strategie f\u00fcr das Jahr 2026.\",\"breadcrumb\":{\"@id\":\"https:\\\/\\\/www.apfelpatient.de\\\/rumors\\\/neue-macbook-pro-generation-wird-erwartet-aber-nicht-zeitnah#breadcrumb\"},\"inLanguage\":\"en-US\",\"potentialAction\":[{\"@type\":\"ReadAction\",\"target\":[\"https:\\\/\\\/www.apfelpatient.de\\\/rumors\\\/neue-macbook-pro-generation-wird-erwartet-aber-nicht-zeitnah\"]}]},{\"@type\":\"ImageObject\",\"inLanguage\":\"en-US\",\"@id\":\"https:\\\/\\\/www.apfelpatient.de\\\/rumors\\\/neue-macbook-pro-generation-wird-erwartet-aber-nicht-zeitnah#primaryimage\",\"url\":\"https:\\\/\\\/www.apfelpatient.de\\\/wp-content\\\/uploads\\\/2026\\\/01\\\/shutterstock_2404467521.jpg\",\"contentUrl\":\"https:\\\/\\\/www.apfelpatient.de\\\/wp-content\\\/uploads\\\/2026\\\/01\\\/shutterstock_2404467521.jpg\",\"width\":1600,\"height\":1067,\"caption\":\"Bild: Shutterstock \\\/ Dontree_M\"},{\"@type\":\"BreadcrumbList\",\"@id\":\"https:\\\/\\\/www.apfelpatient.de\\\/rumors\\\/neue-macbook-pro-generation-wird-erwartet-aber-nicht-zeitnah#breadcrumb\",\"itemListElement\":[{\"@type\":\"ListItem\",\"position\":1,\"name\":\"Startseite\",\"item\":\"https:\\\/\\\/www.apfelpatient.de\\\/\"},{\"@type\":\"ListItem\",\"position\":2,\"name\":\"Neue MacBook Pro Generation wird erwartet aber nicht zeitnah\"}]},{\"@type\":\"WebSite\",\"@id\":\"https:\\\/\\\/www.apfelpatient.de\\\/#website\",\"url\":\"https:\\\/\\\/www.apfelpatient.de\\\/\",\"name\":\"Apfelpatient\",\"description\":\"Alles rund um Apple!\",\"publisher\":{\"@type\":\"Organization\",\"@id\":\"https:\\\/\\\/www.apfelpatient.de\\\/en\\\/#organization\",\"name\":\"Apfelpatient\",\"url\":\"https:\\\/\\\/www.apfelpatient.de\\\/en\\\/\"},\"alternateName\":\"Apfelpatient\",\"potentialAction\":[{\"@type\":\"SearchAction\",\"target\":{\"@type\":\"EntryPoint\",\"urlTemplate\":\"https:\\\/\\\/www.apfelpatient.de\\\/?s={search_term_string}\"},\"query-input\":{\"@type\":\"PropertyValueSpecification\",\"valueRequired\":true,\"valueName\":\"search_term_string\"}}],\"inLanguage\":\"en-US\"},{\"@type\":[\"Person\",\"Organization\"],\"@id\":\"https:\\\/\\\/www.apfelpatient.de\\\/#\\\/schema\\\/person\\\/7dc56ad6c8e9824b76d2c08d4c140e13\",\"name\":\"Milan\",\"logo\":{\"@id\":\"https:\\\/\\\/www.apfelpatient.de\\\/#\\\/schema\\\/person\\\/image\\\/\"},\"description\":\"Hallo und herzlich willkommen auf meinem Technik-Blog! Als gro\u00dfer Apple-Fan berichte ich hier \u00fcber alles, was mit Apple zu tun hat: von den neuesten News und spannenden Ger\u00fcchten \u00fcber hilfreiche Tipps und Tricks bis hin zu ausf\u00fchrlichen Produkttests. Wenn du genauso technikbegeistert bist wie ich, bist du hier genau richtig!\",\"sameAs\":[\"https:\\\/\\\/www.facebook.com\\\/apfelpatientOfficial\",\"https:\\\/\\\/www.linkedin.com\\\/in\\\/milan-jovicic-42aa0231b\"],\"url\":\"https:\\\/\\\/www.apfelpatient.de\\\/en\\\/author\\\/apfeladmin\"}]}<\/script>\n<!-- \/ Yoast SEO Premium plugin. -->","yoast_head_json":{"title":"A new MacBook Pro generation is expected, but not immediately. Apfelpatient","description":"MacBook Pro rumors under scrutiny: No short-term release, M5 chips in preparation and Apple&#039;s strategy for 2026.","robots":{"index":"index","follow":"follow","max-snippet":"max-snippet:-1","max-image-preview":"max-image-preview:large","max-video-preview":"max-video-preview:-1"},"canonical":"https:\/\/www.apfelpatient.de\/en\/rumors\/a-new-generation-of-macbook-pro-is-expected-but-not-immediately","og_locale":"en_US","og_type":"article","og_title":"Neue MacBook Pro Generation wird erwartet aber nicht zeitnah","og_description":"MacBook Pro Ger\u00fcchte im Check: Keine kurzfristige Ver\u00f6ffentlichung, M5-Chips in Vorbereitung und Apples Strategie f\u00fcr das Jahr 2026.","og_url":"https:\/\/www.apfelpatient.de\/en\/rumors\/a-new-generation-of-macbook-pro-is-expected-but-not-immediately","og_site_name":"Apfelpatient","article_publisher":"https:\/\/www.facebook.com\/apfelpatientOfficial","article_author":"https:\/\/www.facebook.com\/apfelpatientOfficial","article_published_time":"2026-01-25T15:47:28+00:00","article_modified_time":"2026-01-25T15:49:46+00:00","og_image":[{"width":1600,"height":1067,"url":"https:\/\/www.apfelpatient.de\/wp-content\/uploads\/2026\/01\/shutterstock_2404467521.jpg","type":"image\/jpeg"}],"author":"Milan","twitter_card":"summary_large_image","twitter_description":"MacBook Pro Ger\u00fcchte im Check: Keine kurzfristige Ver\u00f6ffentlichung, M5-Chips in Vorbereitung und Apples Strategie f\u00fcr das Jahr 2026.","twitter_misc":{"Written by":"Milan","Est. reading time":"6 minutes"},"schema":{"@context":"https:\/\/schema.org","@graph":[{"@type":"NewsArticle","@id":"https:\/\/www.apfelpatient.de\/rumors\/neue-macbook-pro-generation-wird-erwartet-aber-nicht-zeitnah#article","isPartOf":{"@id":"https:\/\/www.apfelpatient.de\/rumors\/neue-macbook-pro-generation-wird-erwartet-aber-nicht-zeitnah"},"author":{"@type":"Organization","@id":"https:\/\/www.apfelpatient.de\/en\/#organization","name":"Apfelpatient","url":"https:\/\/www.apfelpatient.de\/en\/"},"headline":"Neue MacBook Pro Generation wird erwartet aber nicht zeitnah","datePublished":"2026-01-25T15:47:28+00:00","dateModified":"2026-01-25T15:49:46+00:00","mainEntityOfPage":{"@id":"https:\/\/www.apfelpatient.de\/rumors\/neue-macbook-pro-generation-wird-erwartet-aber-nicht-zeitnah"},"wordCount":997,"publisher":{"@type":"Organization","@id":"https:\/\/www.apfelpatient.de\/en\/#organization","name":"Apfelpatient","url":"https:\/\/www.apfelpatient.de\/en\/"},"image":{"@id":"https:\/\/www.apfelpatient.de\/rumors\/neue-macbook-pro-generation-wird-erwartet-aber-nicht-zeitnah#primaryimage"},"thumbnailUrl":"https:\/\/www.apfelpatient.de\/wp-content\/uploads\/2026\/01\/shutterstock_2404467521.jpg","keywords":["Mac","Mac mini","Mac Studio","MacBook","MacBook Air","MacBook Pro","Studio Display"],"articleSection":"Rumors","inLanguage":"en-US","copyrightYear":"2026","copyrightHolder":{"@id":"https:\/\/www.apfelpatient.de\/en\/#organization"}},{"@type":"WebPage","@id":"https:\/\/www.apfelpatient.de\/rumors\/neue-macbook-pro-generation-wird-erwartet-aber-nicht-zeitnah","url":"https:\/\/www.apfelpatient.de\/rumors\/neue-macbook-pro-generation-wird-erwartet-aber-nicht-zeitnah","name":"A new MacBook Pro generation is expected, but not immediately. Apfelpatient","isPartOf":{"@id":"https:\/\/www.apfelpatient.de\/#website"},"primaryImageOfPage":{"@id":"https:\/\/www.apfelpatient.de\/rumors\/neue-macbook-pro-generation-wird-erwartet-aber-nicht-zeitnah#primaryimage"},"image":{"@id":"https:\/\/www.apfelpatient.de\/rumors\/neue-macbook-pro-generation-wird-erwartet-aber-nicht-zeitnah#primaryimage"},"thumbnailUrl":"https:\/\/www.apfelpatient.de\/wp-content\/uploads\/2026\/01\/shutterstock_2404467521.jpg","datePublished":"2026-01-25T15:47:28+00:00","dateModified":"2026-01-25T15:49:46+00:00","description":"MacBook Pro rumors under scrutiny: No short-term release, M5 chips in preparation and Apple&#039;s strategy for 2026.","breadcrumb":{"@id":"https:\/\/www.apfelpatient.de\/rumors\/neue-macbook-pro-generation-wird-erwartet-aber-nicht-zeitnah#breadcrumb"},"inLanguage":"en-US","potentialAction":[{"@type":"ReadAction","target":["https:\/\/www.apfelpatient.de\/rumors\/neue-macbook-pro-generation-wird-erwartet-aber-nicht-zeitnah"]}]},{"@type":"ImageObject","inLanguage":"en-US","@id":"https:\/\/www.apfelpatient.de\/rumors\/neue-macbook-pro-generation-wird-erwartet-aber-nicht-zeitnah#primaryimage","url":"https:\/\/www.apfelpatient.de\/wp-content\/uploads\/2026\/01\/shutterstock_2404467521.jpg","contentUrl":"https:\/\/www.apfelpatient.de\/wp-content\/uploads\/2026\/01\/shutterstock_2404467521.jpg","width":1600,"height":1067,"caption":"Bild: Shutterstock \/ Dontree_M"},{"@type":"BreadcrumbList","@id":"https:\/\/www.apfelpatient.de\/rumors\/neue-macbook-pro-generation-wird-erwartet-aber-nicht-zeitnah#breadcrumb","itemListElement":[{"@type":"ListItem","position":1,"name":"Startseite","item":"https:\/\/www.apfelpatient.de\/"},{"@type":"ListItem","position":2,"name":"Neue MacBook Pro Generation wird erwartet aber nicht zeitnah"}]},{"@type":"WebSite","@id":"https:\/\/www.apfelpatient.de\/#website","url":"https:\/\/www.apfelpatient.de\/","name":"apple patient","description":"Everything about Apple!","publisher":{"@type":"Organization","@id":"https:\/\/www.apfelpatient.de\/en\/#organization","name":"Apfelpatient","url":"https:\/\/www.apfelpatient.de\/en\/"},"alternateName":"Apfelpatient","potentialAction":[{"@type":"SearchAction","target":{"@type":"EntryPoint","urlTemplate":"https:\/\/www.apfelpatient.de\/?s={search_term_string}"},"query-input":{"@type":"PropertyValueSpecification","valueRequired":true,"valueName":"search_term_string"}}],"inLanguage":"en-US"},{"@type":["Person","Organization"],"@id":"https:\/\/www.apfelpatient.de\/#\/schema\/person\/7dc56ad6c8e9824b76d2c08d4c140e13","name":"Milan","logo":{"@id":"https:\/\/www.apfelpatient.de\/#\/schema\/person\/image\/"},"description":"Hello and welcome to my technology blog! As a big Apple fan, I report on everything to do with Apple: from the latest news and exciting rumors to helpful tips and tricks and detailed product tests. If you are as enthusiastic about technology as I am, you have come to the right place!","sameAs":["https:\/\/www.facebook.com\/apfelpatientOfficial","https:\/\/www.linkedin.com\/in\/milan-jovicic-42aa0231b"],"url":"https:\/\/www.apfelpatient.de\/en\/author\/apfeladmin"}]}},"_links":{"self":[{"href":"https:\/\/www.apfelpatient.de\/en\/wp-json\/wp\/v2\/posts\/63194","targetHints":{"allow":["GET"]}}],"collection":[{"href":"https:\/\/www.apfelpatient.de\/en\/wp-json\/wp\/v2\/posts"}],"about":[{"href":"https:\/\/www.apfelpatient.de\/en\/wp-json\/wp\/v2\/types\/post"}],"author":[{"embeddable":true,"href":"https:\/\/www.apfelpatient.de\/en\/wp-json\/wp\/v2\/users\/2"}],"replies":[{"embeddable":true,"href":"https:\/\/www.apfelpatient.de\/en\/wp-json\/wp\/v2\/comments?post=63194"}],"version-history":[{"count":2,"href":"https:\/\/www.apfelpatient.de\/en\/wp-json\/wp\/v2\/posts\/63194\/revisions"}],"predecessor-version":[{"id":63196,"href":"https:\/\/www.apfelpatient.de\/en\/wp-json\/wp\/v2\/posts\/63194\/revisions\/63196"}],"wp:featuredmedia":[{"embeddable":true,"href":"https:\/\/www.apfelpatient.de\/en\/wp-json\/wp\/v2\/media\/63193"}],"wp:attachment":[{"href":"https:\/\/www.apfelpatient.de\/en\/wp-json\/wp\/v2\/media?parent=63194"}],"wp:term":[{"taxonomy":"category","embeddable":true,"href":"https:\/\/www.apfelpatient.de\/en\/wp-json\/wp\/v2\/categories?post=63194"},{"taxonomy":"post_tag","embeddable":true,"href":"https:\/\/www.apfelpatient.de\/en\/wp-json\/wp\/v2\/tags?post=63194"}],"curies":[{"name":"wp","href":"https:\/\/api.w.org\/{rel}","templated":true}]}}