{"id":63143,"date":"2026-01-23T15:36:36","date_gmt":"2026-01-23T14:36:36","guid":{"rendered":"https:\/\/www.apfelpatient.de\/?p=63143"},"modified":"2026-01-23T15:38:47","modified_gmt":"2026-01-23T14:38:47","slug":"apple-event-for-creatives-the-new-macbook-pro-is-coming","status":"publish","type":"post","link":"https:\/\/www.apfelpatient.de\/en\/news\/apple-event-fuer-kreative-kommt-das-neue-macbook-pro","title":{"rendered":"Apple Event for Creatives: Is the new MacBook Pro coming?"},"content":{"rendered":"<p class=\"has-drop-cap\"><strong>Apple is planning a multi-day event for creative professionals in the US at the end of January. The gathering will take place in Los Angeles from January 27th to 29th and is already generating speculation. The reason: the timing, target audience, and setting of the event align remarkably well with potential product announcements. The focus is expected to be on new MacBook Pro models with more powerful chips.<\/strong><\/p>\n\n\n\n<p>Apple has long used events for more than just product launches. New devices are often embedded in themed formats specifically targeting certain user groups. Creative professionals have been one of the company&#039;s most important target audiences for years. The newly announced event follows this strategy and coincides with several other important Apple events.<\/p>\n\n\n\n<h4 class=\"wp-block-heading\" id=\"h-apple-experience-einladung-an-ausgewahlte-kreative\">Apple Experience: Invitation to selected creatives<\/h4>\n\n\n\n<p>Apple has invited select creatives to an &quot;Apple Experience&quot; event. The event will take place in Los Angeles from January 27th to 29th. Officially, the event is aimed at creatives from various fields, including video, music, and design.<\/p>\n\n\n\n<p class=\"translation-block\">The first concrete clue came from creative Petr Mara. He posted a photo of his invitation on Instagram on January 7th. At that time, the <a href=\"https:\/\/www.instagram.com\/p\/DTNCKGSjMQ9\/\" id=\"https:\/\/www.instagram.com\/p\/DTNCKGSjMQ9\/\" target=\"_blank\" rel=\"noreferrer noopener follow\" data-wpel-link=\"exclude\">post<\/a> went largely unnoticed. Only later did other users pick up the story, giving the event wider attention on social media. Mara had already been invited to an Apple event in September, where he was able to test the new iPhone 17 Pro models.<\/p>\n\n\n\n<h4 class=\"wp-block-heading\" id=\"h-verbindung-zum-neuen-creator-studio-paket\">Connection to the new Creator Studio package<\/h4>\n\n\n\n<p>A key component of the event is likely to be Apple&#039;s new Creator Studio suite. This app bundle was recently announced and will be released on Wednesday, January 28th \u2013 coinciding with the event itself. The suite includes several professional applications, such as Final Cut Pro, Logic Pro, and Pixelmator Pro. The selection of apps clearly indicates that Apple is targeting professional users with high demands on both hardware and software.<\/p>\n\n\n\n<p>The timing of the app launch and the event is considered strong evidence that Apple is deliberately linking the two topics. In this context, new hardware for professional users would also fit well into the overall picture.<\/p>\n\n\n\n<h4 class=\"wp-block-heading\" id=\"h-neue-macbook-pro-modelle-im-gesprach\">New MacBook Pro models under discussion<\/h4>\n\n\n\n<p>Since October, the 14-inch MacBook Pro base model has been available with an M5 chip. Therefore, updating the more powerful variants is considered the next logical step. New MacBook Pro models with M5 Pro and M5 Max chips are expected. These should deliver noticeable performance gains, especially for computationally intensive tasks such as video editing, music production, and software development.<\/p>\n\n\n\n<p>Aside from the processor, Apple made only one other significant change to the base model in October: the switch to PCIe 5.0 storage. According to Apple, this enables up to twice the SSD read and write speeds compared to the previous generation. No major design changes have been introduced so far.<\/p>\n\n\n\n<h4 class=\"wp-block-heading\" id=\"h-nahe-zur-quartalsbilanz-als-weiterer-faktor\">Proximity to the quarterly balance sheet as a further factor<\/h4>\n\n\n\n<p class=\"translation-block\">Another important point is to look at Apple&#039;s financial calendar. The next quarterly earnings press conference is <a href=\"https:\/\/www.apfelpatient.de\/en\/news\/forecasts-and-expectations-for-apples-q1-2026-results\" id=\"https:\/\/www.apfelpatient.de\/news\/prognosen-und-erwartungen-zu-apples-ergebnissen-q1-2026\" data-wpel-link=\"internal\" target=\"_self\">scheduled<\/a> for Thursday, January 29th. Apple has a history of unveiling new products shortly before such events. This strategy regularly generates additional attention and sends positive signals ahead of the financial results. Therefore, many observers do not consider it a coincidence that the creative event runs precisely until this date.<\/p>\n\n\n\n<ul class=\"wp-block-list\">\n<li><a href=\"https:\/\/www.apfelpatient.de\/en\/generally\/apple-creator-studio-or-adobe-creative-cloud-pro\">Apple Creator Studio or Adobe Creative Cloud Pro?<\/a><\/li>\n<\/ul>\n\n\n\n<h3 class=\"wp-block-heading\" id=\"h-apple-schafft-den-rahmen-fur-mogliche-hardware-neuheiten\">Apple sets the framework for potential new hardware releases<\/h3>\n\n\n\n<p>The Apple Experience event in Los Angeles brings together several familiar Apple patterns: a focus on creative professionals, close integration of software and hardware, and a strategically chosen timeframe just before the quarterly earnings report. No product launch has been officially confirmed yet. Nevertheless, many factors suggest that Apple will use the opportunity to present new MacBook Pro models with M5 Pro and M5 Max chips. Whether this actually happens should become clear next week. (Image: Shutterstock \/ Anton Gvozdikov)<\/p>\n\n\n\n<ul class=\"wp-block-list\">\n<li><a href=\"https:\/\/www.apfelpatient.de\/en\/news\/apple-ai-lawsuit-judge-rejects-musks-source-code-request\">Apple AI lawsuit: Judge rejects Musk&#039;s source code request<\/a><\/li>\n\n\n\n<li><a href=\"https:\/\/www.apfelpatient.de\/en\/news\/apple-accuses-the-eu-of-political-delaying-tactics\">Apple accuses the EU of political delaying tactics<\/a><\/li>\n\n\n\n<li><a href=\"https:\/\/www.apfelpatient.de\/en\/news\/the-app-store-will-have-significantly-more-advertising-starting-in-march-2026\">App Store: Significantly more advertising will be added starting in March 2026<\/a><\/li>\n\n\n\n<li><a href=\"https:\/\/www.apfelpatient.de\/en\/news\/apple-watch-improves-early-detection-of-atrial-fibrillation\">Apple Watch improves early detection of atrial fibrillation<\/a><\/li>\n\n\n\n<li><a href=\"https:\/\/www.apfelpatient.de\/en\/news\/apple-significantly-increased-its-lobbying-spending-in-the-us-in-2025\">Apple significantly increased its lobbying spending in the US in 2025<\/a><\/li>\n\n\n\n<li><a href=\"https:\/\/www.apfelpatient.de\/en\/news\/apple-under-pressure-investors-demand-transparency-from-china\">Apple under pressure: Investors demand transparency regarding China<\/a><\/li>\n\n\n\n<li><a href=\"https:\/\/www.apfelpatient.de\/en\/news\/apple-tv-and-the-2026-oscars-f1-becomes-a-beacon-of-hope\">Apple TV and the 2026 Oscars: F1 becomes a beacon of hope<\/a><\/li>\n\n\n\n<li><a href=\"https:\/\/www.apfelpatient.de\/en\/news\/apple-lures-buyers-in-china-with-new-years-discounts\">Apple is enticing buyers in China with New Year's discounts<\/a><\/li>\n\n\n\n<li><a href=\"https:\/\/www.apfelpatient.de\/en\/news\/chatgpt-atlas-new-update-makes-the-ai-browser-better\">ChatGPT Atlas: New update improves the AI browser<\/a><\/li>\n\n\n\n<li><a href=\"https:\/\/www.apfelpatient.de\/en\/news\/apple-leads-the-global-500-as-the-most-valuable-brand-in-2026\">Apple leads the Global 500 2026 as the most valuable brand<\/a><\/li>\n\n\n\n<li><a href=\"https:\/\/www.apfelpatient.de\/en\/news\/apple-supplier-luxshare-hackers-steal-product-data\">Apple supplier Luxshare: Hackers steal product data<\/a><\/li>\n\n\n\n<li><a href=\"https:\/\/www.apfelpatient.de\/en\/news\/threads-introduces-advertising-worldwide-this-is-now-changing\">Threads is introducing advertising worldwide \u2013 here&#039;s what&#039;s changing now<\/a><\/li>\n\n\n\n<li><a href=\"https:\/\/www.apfelpatient.de\/en\/news\/apple-tv-reveals-release-date-for-for-all-mankind-season-5\">Apple TV reveals release date for For All Mankind Season 5<\/a><\/li>\n\n\n\n<li><a href=\"https:\/\/www.apfelpatient.de\/en\/news\/apple-responds-to-boe-problems-and-relies-on-samsung\">Apple responds to BOE problems and relies on Samsung<\/a><\/li>\n\n\n\n<li><a href=\"https:\/\/www.apfelpatient.de\/en\/news\/apple-and-tracking-frances-ruling-has-far-reaching-implications\">Apple and tracking: France&#039;s landmark ruling<\/a><\/li>\n\n\n\n<li><a href=\"https:\/\/www.apfelpatient.de\/en\/news\/apple-delivers-new-firmware-for-magic-keyboard-on-ipad-pro-air\">iPad Pro &amp; Air: Apple releases new firmware for Magic Keyboard<\/a><\/li>\n\n\n\n<li><a href=\"https:\/\/www.apfelpatient.de\/en\/news\/apple-threatens-patent-lawsuit-over-eye-contact-function\">Apple faces patent lawsuit over Eye Contact feature<\/a><\/li>\n\n\n\n<li><a href=\"https:\/\/www.apfelpatient.de\/en\/news\/apple-faces-a-protracted-dispute-over-fall-detection\">Apple faces a protracted dispute over fall detection<\/a><\/li>\n\n\n\n<li><a href=\"https:\/\/www.apfelpatient.de\/en\/news\/iphone-17-pro-tests-dispel-concerns-about-discoloration\">iPhone 17 Pro: Tests dispel concerns about discoloration<\/a><\/li>\n\n\n\n<li><a href=\"https:\/\/www.apfelpatient.de\/en\/news\/apple-will-clearly-prevail-against-market-trend-in-china-in-2025\">Apple clearly prevailed against market trend in China in 2025<\/a><\/li>\n\n\n\n<li><a href=\"https:\/\/www.apfelpatient.de\/en\/news\/firehound-analyzes-app-store-apps-with-serious-data-leaks\">Firehound analyzes app store apps with serious data leaks<\/a><\/li>\n\n\n\n<li><a href=\"https:\/\/www.apfelpatient.de\/en\/news\/whatsapp-web-voice-video-group-calls-are-coming\">WhatsApp Web: Voice &amp; video group calls are coming soon<\/a><\/li>\n\n\n\n<li><a href=\"https:\/\/www.apfelpatient.de\/en\/news\/threads-wins-over-mobile-users-and-leaves-x-behind\">Threads is gaining mobile users and leaving X behind<\/a><\/li>\n\n\n\n<li><a href=\"https:\/\/www.apfelpatient.de\/en\/news\/openai-is-specifically-preparing-for-its-first-hardware-launch-in-2026\">OpenAI is specifically preparing for its first hardware launch in 2026<\/a><\/li>\n\n\n\n<li><a href=\"https:\/\/www.apfelpatient.de\/en\/news\/new-macbook-pro-update-in-sight-delivery-times-as-an-indication\">New MacBook Pro update on the horizon? Delivery times as a hint<\/a><\/li>\n<\/ul>\n\n\n\n<h6 class=\"wp-block-heading translation-block\" id=\"h-kennt-ihr-schon-unsere-amazon-storefront-dort-findet-ihr-eine-handverlesene-auswahl-von-diversen-produkten-f-r-euer-iphone-und-co-viel-spa-beim-st-bern\"><em>Have you already visited our Amazon Storefront? There you&#039;ll find a hand-picked selection of various products for your iPhone and other devices \u2013 <span class=\"has-inline-color has-vivid-red-color\"><a href=\"https:\/\/www.amazon.de\/shop\/apfelpatientofficial\" class=\"ek-link\" data-wpel-link=\"exclude\" rel=\"follow noopener\" target=\"_self\"><span style=\"text-decoration: underline\" class=\"ek-underline\">enjoy browsing<\/span><\/a> !<\/span><\/em><\/h6>\n\n\n\n<h6 class=\"wp-block-heading translation-block\" id=\"h-der-beitrag-enthalt-partnerlinks\">This post contains <a data-type=\"URL\" data-id=\"https:\/\/www.apfelpatient.de\/partnerprogramm\" href=\"https:\/\/www.apfelpatient.de\/en\/partner-program\" data-wpel-link=\"internal\" target=\"_self\">affiliate links<\/a>.<\/h6>","protected":false},"excerpt":{"rendered":"<p>Apple is focusing on creative professionals at the end of January. The event in Los Angeles takes place before the quarterly results and could unveil new MacBook Pros.<\/p>","protected":false},"author":2,"featured_media":63142,"comment_status":"closed","ping_status":"open","sticky":false,"template":"","format":"standard","meta":{"jnews-multi-image_gallery":[],"jnews_single_post":{"format":"standard","override":[{"template":"2","parallax":"1","fullscreen":"1","layout":"right-sidebar","sidebar":"default-sidebar","second_sidebar":"default-sidebar","sticky_sidebar":"1","share_position":"top","share_float_style":"share-monocrhome","show_featured":"1","show_post_meta":"1","show_post_author":"1","show_post_author_image":"1","show_post_date":"1","post_date_format":"default","post_date_format_custom":"Y\/m\/d","show_post_reading_time":"0","post_reading_time_wpm":"300","post_calculate_word_method":"str_word_count","show_zoom_button":"0","zoom_button_out_step":"2","zoom_button_in_step":"3","show_post_tag":"1","show_prev_next_post":"1","show_popup_post":"1","show_comment_section":"1","number_popup_post":"1","show_author_box":"0","show_post_related":"0","show_inline_post_related":"0"}],"image_override":[{"single_post_thumbnail_size":"crop-500","single_post_gallery_size":"crop-500"}],"trending_post_position":"meta","trending_post_label":"Trending","sponsored_post_label":"Sponsored by","disable_ad":"0"},"jnews_primary_category":{"id":"9"},"footnotes":""},"categories":[9],"tags":[1304,34,40,50],"class_list":["post-63143","post","type-post","status-publish","format-standard","has-post-thumbnail","hentry","category-news","tag-apple-creator-studio","tag-apple-dienste","tag-mac","tag-macbook-pro"],"yoast_head":"<!-- This site is optimized with the Yoast SEO Premium plugin v27.4 (Yoast SEO v27.4) - https:\/\/yoast.com\/product\/yoast-seo-premium-wordpress\/ -->\n<title>Apple Event f\u00fcr Kreative: Kommt das neue MacBook Pro? Apfelpatient<\/title>\n<meta name=\"description\" content=\"Apple setzt Ende Januar auf Kreative. Das Event in Los Angeles f\u00e4llt vor die Quartalszahlen und k\u00f6nnte neue MacBook Pros bringen.\" \/>\n<meta name=\"robots\" content=\"index, follow, max-snippet:-1, max-image-preview:large, max-video-preview:-1\" \/>\n<link rel=\"canonical\" href=\"https:\/\/www.apfelpatient.de\/en\/news\/apple-event-for-creatives-the-new-macbook-pro-is-coming\" \/>\n<meta property=\"og:locale\" content=\"en_US\" \/>\n<meta property=\"og:type\" content=\"article\" \/>\n<meta property=\"og:title\" content=\"Apple Event f\u00fcr Kreative: Kommt das neue MacBook Pro?\" \/>\n<meta property=\"og:description\" content=\"Apple setzt Ende Januar auf Kreative. Das Event in Los Angeles f\u00e4llt vor die Quartalszahlen und k\u00f6nnte neue MacBook Pros bringen.\" \/>\n<meta property=\"og:url\" content=\"https:\/\/www.apfelpatient.de\/en\/news\/apple-event-for-creatives-the-new-macbook-pro-is-coming\" \/>\n<meta property=\"og:site_name\" content=\"Apfelpatient\" \/>\n<meta property=\"article:publisher\" content=\"https:\/\/www.facebook.com\/apfelpatientOfficial\" \/>\n<meta property=\"article:author\" content=\"https:\/\/www.facebook.com\/apfelpatientOfficial\" \/>\n<meta property=\"article:published_time\" content=\"2026-01-23T14:36:36+00:00\" \/>\n<meta property=\"article:modified_time\" content=\"2026-01-23T14:38:47+00:00\" \/>\n<meta property=\"og:image\" content=\"https:\/\/www.apfelpatient.de\/wp-content\/uploads\/2026\/01\/shutterstock_2455978983.jpg\" \/>\n\t<meta property=\"og:image:width\" content=\"1600\" \/>\n\t<meta property=\"og:image:height\" content=\"1067\" \/>\n\t<meta property=\"og:image:type\" content=\"image\/jpeg\" \/>\n<meta name=\"author\" content=\"Milan\" \/>\n<meta name=\"twitter:card\" content=\"summary_large_image\" \/>\n<meta name=\"twitter:description\" content=\"Apple setzt Ende Januar auf Kreative. Das Event in Los Angeles f\u00e4llt vor die Quartalszahlen und k\u00f6nnte neue MacBook Pros bringen.\" \/>\n<meta name=\"twitter:label1\" content=\"Written by\" \/>\n\t<meta name=\"twitter:data1\" content=\"Milan\" \/>\n\t<meta name=\"twitter:label2\" content=\"Est. reading time\" \/>\n\t<meta name=\"twitter:data2\" content=\"5 minutes\" \/>\n<script type=\"application\/ld+json\" class=\"yoast-schema-graph\">{\"@context\":\"https:\\\/\\\/schema.org\",\"@graph\":[{\"@type\":\"NewsArticle\",\"@id\":\"https:\\\/\\\/www.apfelpatient.de\\\/news\\\/apple-event-fuer-kreative-kommt-das-neue-macbook-pro#article\",\"isPartOf\":{\"@id\":\"https:\\\/\\\/www.apfelpatient.de\\\/news\\\/apple-event-fuer-kreative-kommt-das-neue-macbook-pro\"},\"author\":{\"@type\":\"Organization\",\"@id\":\"https:\\\/\\\/www.apfelpatient.de\\\/en\\\/#organization\",\"name\":\"Apfelpatient\",\"url\":\"https:\\\/\\\/www.apfelpatient.de\\\/en\\\/\"},\"headline\":\"Apple Event f\u00fcr Kreative: Kommt das neue MacBook Pro?\",\"datePublished\":\"2026-01-23T14:36:36+00:00\",\"dateModified\":\"2026-01-23T14:38:47+00:00\",\"mainEntityOfPage\":{\"@id\":\"https:\\\/\\\/www.apfelpatient.de\\\/news\\\/apple-event-fuer-kreative-kommt-das-neue-macbook-pro\"},\"wordCount\":832,\"publisher\":{\"@type\":\"Organization\",\"@id\":\"https:\\\/\\\/www.apfelpatient.de\\\/en\\\/#organization\",\"name\":\"Apfelpatient\",\"url\":\"https:\\\/\\\/www.apfelpatient.de\\\/en\\\/\"},\"image\":{\"@id\":\"https:\\\/\\\/www.apfelpatient.de\\\/news\\\/apple-event-fuer-kreative-kommt-das-neue-macbook-pro#primaryimage\"},\"thumbnailUrl\":\"https:\\\/\\\/www.apfelpatient.de\\\/wp-content\\\/uploads\\\/2026\\\/01\\\/shutterstock_2455978983.jpg\",\"keywords\":[\"Apple Creator Studio\",\"Apple Dienste\",\"Mac\",\"MacBook Pro\"],\"articleSection\":\"News\",\"inLanguage\":\"en-US\",\"copyrightYear\":\"2026\",\"copyrightHolder\":{\"@id\":\"https:\\\/\\\/www.apfelpatient.de\\\/en\\\/#organization\"}},{\"@type\":\"WebPage\",\"@id\":\"https:\\\/\\\/www.apfelpatient.de\\\/news\\\/apple-event-fuer-kreative-kommt-das-neue-macbook-pro\",\"url\":\"https:\\\/\\\/www.apfelpatient.de\\\/news\\\/apple-event-fuer-kreative-kommt-das-neue-macbook-pro\",\"name\":\"Apple Event f\u00fcr Kreative: Kommt das neue MacBook Pro? Apfelpatient\",\"isPartOf\":{\"@id\":\"https:\\\/\\\/www.apfelpatient.de\\\/#website\"},\"primaryImageOfPage\":{\"@id\":\"https:\\\/\\\/www.apfelpatient.de\\\/news\\\/apple-event-fuer-kreative-kommt-das-neue-macbook-pro#primaryimage\"},\"image\":{\"@id\":\"https:\\\/\\\/www.apfelpatient.de\\\/news\\\/apple-event-fuer-kreative-kommt-das-neue-macbook-pro#primaryimage\"},\"thumbnailUrl\":\"https:\\\/\\\/www.apfelpatient.de\\\/wp-content\\\/uploads\\\/2026\\\/01\\\/shutterstock_2455978983.jpg\",\"datePublished\":\"2026-01-23T14:36:36+00:00\",\"dateModified\":\"2026-01-23T14:38:47+00:00\",\"description\":\"Apple setzt Ende Januar auf Kreative. Das Event in Los Angeles f\u00e4llt vor die Quartalszahlen und k\u00f6nnte neue MacBook Pros bringen.\",\"breadcrumb\":{\"@id\":\"https:\\\/\\\/www.apfelpatient.de\\\/news\\\/apple-event-fuer-kreative-kommt-das-neue-macbook-pro#breadcrumb\"},\"inLanguage\":\"en-US\",\"potentialAction\":[{\"@type\":\"ReadAction\",\"target\":[\"https:\\\/\\\/www.apfelpatient.de\\\/news\\\/apple-event-fuer-kreative-kommt-das-neue-macbook-pro\"]}]},{\"@type\":\"ImageObject\",\"inLanguage\":\"en-US\",\"@id\":\"https:\\\/\\\/www.apfelpatient.de\\\/news\\\/apple-event-fuer-kreative-kommt-das-neue-macbook-pro#primaryimage\",\"url\":\"https:\\\/\\\/www.apfelpatient.de\\\/wp-content\\\/uploads\\\/2026\\\/01\\\/shutterstock_2455978983.jpg\",\"contentUrl\":\"https:\\\/\\\/www.apfelpatient.de\\\/wp-content\\\/uploads\\\/2026\\\/01\\\/shutterstock_2455978983.jpg\",\"width\":1600,\"height\":1067,\"caption\":\"Bild: Shutterstock \\\/ Anton Gvozdikov\"},{\"@type\":\"BreadcrumbList\",\"@id\":\"https:\\\/\\\/www.apfelpatient.de\\\/news\\\/apple-event-fuer-kreative-kommt-das-neue-macbook-pro#breadcrumb\",\"itemListElement\":[{\"@type\":\"ListItem\",\"position\":1,\"name\":\"Startseite\",\"item\":\"https:\\\/\\\/www.apfelpatient.de\\\/\"},{\"@type\":\"ListItem\",\"position\":2,\"name\":\"Apple Event f\u00fcr Kreative: Kommt das neue MacBook Pro?\"}]},{\"@type\":\"WebSite\",\"@id\":\"https:\\\/\\\/www.apfelpatient.de\\\/#website\",\"url\":\"https:\\\/\\\/www.apfelpatient.de\\\/\",\"name\":\"Apfelpatient\",\"description\":\"Alles rund um Apple!\",\"publisher\":{\"@type\":\"Organization\",\"@id\":\"https:\\\/\\\/www.apfelpatient.de\\\/en\\\/#organization\",\"name\":\"Apfelpatient\",\"url\":\"https:\\\/\\\/www.apfelpatient.de\\\/en\\\/\"},\"alternateName\":\"Apfelpatient\",\"potentialAction\":[{\"@type\":\"SearchAction\",\"target\":{\"@type\":\"EntryPoint\",\"urlTemplate\":\"https:\\\/\\\/www.apfelpatient.de\\\/?s={search_term_string}\"},\"query-input\":{\"@type\":\"PropertyValueSpecification\",\"valueRequired\":true,\"valueName\":\"search_term_string\"}}],\"inLanguage\":\"en-US\"},{\"@type\":[\"Person\",\"Organization\"],\"@id\":\"https:\\\/\\\/www.apfelpatient.de\\\/#\\\/schema\\\/person\\\/7dc56ad6c8e9824b76d2c08d4c140e13\",\"name\":\"Milan\",\"logo\":{\"@id\":\"https:\\\/\\\/www.apfelpatient.de\\\/#\\\/schema\\\/person\\\/image\\\/\"},\"description\":\"Hallo und herzlich willkommen auf meinem Technik-Blog! Als gro\u00dfer Apple-Fan berichte ich hier \u00fcber alles, was mit Apple zu tun hat: von den neuesten News und spannenden Ger\u00fcchten \u00fcber hilfreiche Tipps und Tricks bis hin zu ausf\u00fchrlichen Produkttests. Wenn du genauso technikbegeistert bist wie ich, bist du hier genau richtig!\",\"sameAs\":[\"https:\\\/\\\/www.facebook.com\\\/apfelpatientOfficial\",\"https:\\\/\\\/www.linkedin.com\\\/in\\\/milan-jovicic-42aa0231b\"],\"url\":\"https:\\\/\\\/www.apfelpatient.de\\\/en\\\/author\\\/apfeladmin\"}]}<\/script>\n<!-- \/ Yoast SEO Premium plugin. -->","yoast_head_json":{"title":"Apple Event for Creatives: Is the new MacBook Pro coming? Apfelpatient","description":"Apple is focusing on creative professionals at the end of January. The event in Los Angeles takes place before the quarterly results and could unveil new MacBook Pros.","robots":{"index":"index","follow":"follow","max-snippet":"max-snippet:-1","max-image-preview":"max-image-preview:large","max-video-preview":"max-video-preview:-1"},"canonical":"https:\/\/www.apfelpatient.de\/en\/news\/apple-event-for-creatives-the-new-macbook-pro-is-coming","og_locale":"en_US","og_type":"article","og_title":"Apple Event f\u00fcr Kreative: Kommt das neue MacBook Pro?","og_description":"Apple setzt Ende Januar auf Kreative. Das Event in Los Angeles f\u00e4llt vor die Quartalszahlen und k\u00f6nnte neue MacBook Pros bringen.","og_url":"https:\/\/www.apfelpatient.de\/en\/news\/apple-event-for-creatives-the-new-macbook-pro-is-coming","og_site_name":"Apfelpatient","article_publisher":"https:\/\/www.facebook.com\/apfelpatientOfficial","article_author":"https:\/\/www.facebook.com\/apfelpatientOfficial","article_published_time":"2026-01-23T14:36:36+00:00","article_modified_time":"2026-01-23T14:38:47+00:00","og_image":[{"width":1600,"height":1067,"url":"https:\/\/www.apfelpatient.de\/wp-content\/uploads\/2026\/01\/shutterstock_2455978983.jpg","type":"image\/jpeg"}],"author":"Milan","twitter_card":"summary_large_image","twitter_description":"Apple setzt Ende Januar auf Kreative. Das Event in Los Angeles f\u00e4llt vor die Quartalszahlen und k\u00f6nnte neue MacBook Pros bringen.","twitter_misc":{"Written by":"Milan","Est. reading time":"5 minutes"},"schema":{"@context":"https:\/\/schema.org","@graph":[{"@type":"NewsArticle","@id":"https:\/\/www.apfelpatient.de\/news\/apple-event-fuer-kreative-kommt-das-neue-macbook-pro#article","isPartOf":{"@id":"https:\/\/www.apfelpatient.de\/news\/apple-event-fuer-kreative-kommt-das-neue-macbook-pro"},"author":{"@type":"Organization","@id":"https:\/\/www.apfelpatient.de\/en\/#organization","name":"Apfelpatient","url":"https:\/\/www.apfelpatient.de\/en\/"},"headline":"Apple Event f\u00fcr Kreative: Kommt das neue MacBook Pro?","datePublished":"2026-01-23T14:36:36+00:00","dateModified":"2026-01-23T14:38:47+00:00","mainEntityOfPage":{"@id":"https:\/\/www.apfelpatient.de\/news\/apple-event-fuer-kreative-kommt-das-neue-macbook-pro"},"wordCount":832,"publisher":{"@type":"Organization","@id":"https:\/\/www.apfelpatient.de\/en\/#organization","name":"Apfelpatient","url":"https:\/\/www.apfelpatient.de\/en\/"},"image":{"@id":"https:\/\/www.apfelpatient.de\/news\/apple-event-fuer-kreative-kommt-das-neue-macbook-pro#primaryimage"},"thumbnailUrl":"https:\/\/www.apfelpatient.de\/wp-content\/uploads\/2026\/01\/shutterstock_2455978983.jpg","keywords":["Apple Creator Studio","Apple Dienste","Mac","MacBook Pro"],"articleSection":"News","inLanguage":"en-US","copyrightYear":"2026","copyrightHolder":{"@id":"https:\/\/www.apfelpatient.de\/en\/#organization"}},{"@type":"WebPage","@id":"https:\/\/www.apfelpatient.de\/news\/apple-event-fuer-kreative-kommt-das-neue-macbook-pro","url":"https:\/\/www.apfelpatient.de\/news\/apple-event-fuer-kreative-kommt-das-neue-macbook-pro","name":"Apple Event for Creatives: Is the new MacBook Pro coming? Apfelpatient","isPartOf":{"@id":"https:\/\/www.apfelpatient.de\/#website"},"primaryImageOfPage":{"@id":"https:\/\/www.apfelpatient.de\/news\/apple-event-fuer-kreative-kommt-das-neue-macbook-pro#primaryimage"},"image":{"@id":"https:\/\/www.apfelpatient.de\/news\/apple-event-fuer-kreative-kommt-das-neue-macbook-pro#primaryimage"},"thumbnailUrl":"https:\/\/www.apfelpatient.de\/wp-content\/uploads\/2026\/01\/shutterstock_2455978983.jpg","datePublished":"2026-01-23T14:36:36+00:00","dateModified":"2026-01-23T14:38:47+00:00","description":"Apple is focusing on creative professionals at the end of January. The event in Los Angeles takes place before the quarterly results and could unveil new MacBook Pros.","breadcrumb":{"@id":"https:\/\/www.apfelpatient.de\/news\/apple-event-fuer-kreative-kommt-das-neue-macbook-pro#breadcrumb"},"inLanguage":"en-US","potentialAction":[{"@type":"ReadAction","target":["https:\/\/www.apfelpatient.de\/news\/apple-event-fuer-kreative-kommt-das-neue-macbook-pro"]}]},{"@type":"ImageObject","inLanguage":"en-US","@id":"https:\/\/www.apfelpatient.de\/news\/apple-event-fuer-kreative-kommt-das-neue-macbook-pro#primaryimage","url":"https:\/\/www.apfelpatient.de\/wp-content\/uploads\/2026\/01\/shutterstock_2455978983.jpg","contentUrl":"https:\/\/www.apfelpatient.de\/wp-content\/uploads\/2026\/01\/shutterstock_2455978983.jpg","width":1600,"height":1067,"caption":"Bild: Shutterstock \/ Anton Gvozdikov"},{"@type":"BreadcrumbList","@id":"https:\/\/www.apfelpatient.de\/news\/apple-event-fuer-kreative-kommt-das-neue-macbook-pro#breadcrumb","itemListElement":[{"@type":"ListItem","position":1,"name":"Startseite","item":"https:\/\/www.apfelpatient.de\/"},{"@type":"ListItem","position":2,"name":"Apple Event f\u00fcr Kreative: Kommt das neue MacBook Pro?"}]},{"@type":"WebSite","@id":"https:\/\/www.apfelpatient.de\/#website","url":"https:\/\/www.apfelpatient.de\/","name":"apple patient","description":"Everything about Apple!","publisher":{"@type":"Organization","@id":"https:\/\/www.apfelpatient.de\/en\/#organization","name":"Apfelpatient","url":"https:\/\/www.apfelpatient.de\/en\/"},"alternateName":"Apfelpatient","potentialAction":[{"@type":"SearchAction","target":{"@type":"EntryPoint","urlTemplate":"https:\/\/www.apfelpatient.de\/?s={search_term_string}"},"query-input":{"@type":"PropertyValueSpecification","valueRequired":true,"valueName":"search_term_string"}}],"inLanguage":"en-US"},{"@type":["Person","Organization"],"@id":"https:\/\/www.apfelpatient.de\/#\/schema\/person\/7dc56ad6c8e9824b76d2c08d4c140e13","name":"Milan","logo":{"@id":"https:\/\/www.apfelpatient.de\/#\/schema\/person\/image\/"},"description":"Hello and welcome to my technology blog! As a big Apple fan, I report on everything to do with Apple: from the latest news and exciting rumors to helpful tips and tricks and detailed product tests. If you are as enthusiastic about technology as I am, you have come to the right place!","sameAs":["https:\/\/www.facebook.com\/apfelpatientOfficial","https:\/\/www.linkedin.com\/in\/milan-jovicic-42aa0231b"],"url":"https:\/\/www.apfelpatient.de\/en\/author\/apfeladmin"}]}},"_links":{"self":[{"href":"https:\/\/www.apfelpatient.de\/en\/wp-json\/wp\/v2\/posts\/63143","targetHints":{"allow":["GET"]}}],"collection":[{"href":"https:\/\/www.apfelpatient.de\/en\/wp-json\/wp\/v2\/posts"}],"about":[{"href":"https:\/\/www.apfelpatient.de\/en\/wp-json\/wp\/v2\/types\/post"}],"author":[{"embeddable":true,"href":"https:\/\/www.apfelpatient.de\/en\/wp-json\/wp\/v2\/users\/2"}],"replies":[{"embeddable":true,"href":"https:\/\/www.apfelpatient.de\/en\/wp-json\/wp\/v2\/comments?post=63143"}],"version-history":[{"count":2,"href":"https:\/\/www.apfelpatient.de\/en\/wp-json\/wp\/v2\/posts\/63143\/revisions"}],"predecessor-version":[{"id":63145,"href":"https:\/\/www.apfelpatient.de\/en\/wp-json\/wp\/v2\/posts\/63143\/revisions\/63145"}],"wp:featuredmedia":[{"embeddable":true,"href":"https:\/\/www.apfelpatient.de\/en\/wp-json\/wp\/v2\/media\/63142"}],"wp:attachment":[{"href":"https:\/\/www.apfelpatient.de\/en\/wp-json\/wp\/v2\/media?parent=63143"}],"wp:term":[{"taxonomy":"category","embeddable":true,"href":"https:\/\/www.apfelpatient.de\/en\/wp-json\/wp\/v2\/categories?post=63143"},{"taxonomy":"post_tag","embeddable":true,"href":"https:\/\/www.apfelpatient.de\/en\/wp-json\/wp\/v2\/tags?post=63143"}],"curies":[{"name":"wp","href":"https:\/\/api.w.org\/{rel}","templated":true}]}}