{"id":6313,"date":"2019-09-27T00:28:22","date_gmt":"2019-09-26T22:28:22","guid":{"rendered":"https:\/\/www.apfelpatient.de\/?p=6313"},"modified":"2025-02-06T07:47:48","modified_gmt":"2025-02-06T06:47:48","slug":"ios-13-apple-updates-garageband","status":"publish","type":"post","link":"https:\/\/www.apfelpatient.de\/en\/news\/ios-13-apple-aktualisiert-garageband","title":{"rendered":"iOS 13 \u2013 Apple updates GarageBand"},"content":{"rendered":"<p class=\"p2\"><strong>Apple recently <a href=\"https:\/\/www.apfelpatient.de\/en\">iMovie and Clips<\/a> adapted to iOS 13. GarageBand has now also been made fit for the new iPhone and iPad operating system.<\/strong><\/p>\n<p class=\"p2\">The update for GarageBand contains two major new features - firstly, the app gets dark mode and secondly, it gets access to external hard drives, SD cards and flash drives. A new sound package with over 350 loops and more has also been added. In addition to new features, performance and stability optimizations have of course been made. Below you will find a list of all the new features and improvements in full. <em>(Photo by hadrian \/ Bigstockphoto)<\/em><\/p>\n<p class=\"p2\"><strong>GarageBand version 2.3.8<\/strong><\/p>\n<p class=\"p1\"><\/p>\n<ul>\n<li class=\"p2\">Support for Dark Mode and the new Share Sheet in iOS 13<\/li>\n<li class=\"p2\">Access files from external hard drives, SD card readers and USB drives<\/li>\n<li class=\"p2\">Improved sound quality of Apple Loops when changing tempo and key<\/li>\n<li class=\"p2\">The new sound pack \u201cSkyline Heat\u201d is available as a free download in GarageBand.<\/li>\n<li class=\"p2\">Apple Loops can be searched by the sound library package name<\/li>\n<li class=\"p2\">performance and stability improvements<\/li>\n<\/ul>\n<h5><em><strong>You don&#039;t want to miss any more news? Then subscribe to our <a href=\"https:\/\/t.me\/apfelpatient_official\">Telegram channel<\/a><\/strong><\/em><\/h5>","protected":false},"excerpt":{"rendered":"<p>Erst k\u00fcrzlich hat Apple iMovie sowie Clips an iOS 13 angepasst. Nun wurde auch GarageBand f\u00fcr das neue iPhone- und iPad-Betriebssystem fit gemacht. Das Update f\u00fcr GarageBand enth\u00e4lt zwei gro\u00dfe Neuerungen &#8211; zum Einen bekommt die App den Dark Mode und zum Anderen erh\u00e4lt sie Zugang zu externen Festplatten, SD-Karten und Flash-Laufwerken. Des weiteren wurde [&hellip;]<\/p>\n","protected":false},"author":2,"featured_media":6309,"comment_status":"closed","ping_status":"open","sticky":false,"template":"","format":"standard","meta":{"jnews-multi-image_gallery":[],"jnews_single_post":[],"jnews_primary_category":[],"footnotes":""},"categories":[9],"tags":[3,199,327],"class_list":["post-6313","post","type-post","status-publish","format-standard","has-post-thumbnail","hentry","category-news","tag-ios","tag-ios-13","tag-ios-13-1"],"yoast_head":"<!-- This site is optimized with the Yoast SEO Premium plugin v27.5 (Yoast SEO v27.5) - https:\/\/yoast.com\/product\/yoast-seo-premium-wordpress\/ -->\n<title>iOS 13 - Apple aktualisiert GarageBand<\/title>\n<meta name=\"description\" content=\"Erst k\u00fcrzlich hat Apple iMovie sowie Clips an iOS 13 angepasst. Nun wurde auch GarageBand f\u00fcr das neue iPhone- und iPad-Betriebssystem fit gemacht.\" \/>\n<meta name=\"robots\" content=\"index, follow, max-snippet:-1, max-image-preview:large, max-video-preview:-1\" \/>\n<link rel=\"canonical\" href=\"https:\/\/www.apfelpatient.de\/en\/news\/ios-13-apple-updates-garageband\" \/>\n<meta property=\"og:locale\" content=\"en_US\" \/>\n<meta property=\"og:type\" content=\"article\" \/>\n<meta property=\"og:title\" content=\"iOS 13 - Apple aktualisiert GarageBand\" \/>\n<meta property=\"og:description\" content=\"Erst k\u00fcrzlich hat Apple iMovie sowie Clips an iOS 13 angepasst. Nun wurde auch GarageBand f\u00fcr das neue iPhone- und iPad-Betriebssystem fit gemacht.\" \/>\n<meta property=\"og:url\" content=\"https:\/\/www.apfelpatient.de\/en\/news\/ios-13-apple-updates-garageband\" \/>\n<meta property=\"og:site_name\" content=\"Apfelpatient\" \/>\n<meta property=\"article:publisher\" content=\"https:\/\/www.facebook.com\/apfelpatientOfficial\" \/>\n<meta property=\"article:author\" content=\"https:\/\/www.facebook.com\/apfelpatientOfficial\" \/>\n<meta property=\"article:published_time\" content=\"2019-09-26T22:28:22+00:00\" \/>\n<meta property=\"article:modified_time\" content=\"2025-02-06T06:47:48+00:00\" \/>\n<meta property=\"og:image\" content=\"https:\/\/www.apfelpatient.de\/wp-content\/uploads\/2019\/09\/bigstock-Strasbourg-France-Sep-260010961.jpg\" \/>\n\t<meta property=\"og:image:width\" content=\"1600\" \/>\n\t<meta property=\"og:image:height\" content=\"1100\" \/>\n\t<meta property=\"og:image:type\" content=\"image\/jpeg\" \/>\n<meta name=\"author\" content=\"Milan\" \/>\n<meta name=\"twitter:card\" content=\"summary_large_image\" \/>\n<meta name=\"twitter:label1\" content=\"Written by\" \/>\n\t<meta name=\"twitter:data1\" content=\"Milan\" \/>\n\t<meta name=\"twitter:label2\" content=\"Est. reading time\" \/>\n\t<meta name=\"twitter:data2\" content=\"1 minute\" \/>\n<script type=\"application\/ld+json\" class=\"yoast-schema-graph\">{\"@context\":\"https:\\\/\\\/schema.org\",\"@graph\":[{\"@type\":\"NewsArticle\",\"@id\":\"https:\\\/\\\/www.apfelpatient.de\\\/news\\\/ios-13-apple-aktualisiert-garageband#article\",\"isPartOf\":{\"@id\":\"https:\\\/\\\/www.apfelpatient.de\\\/news\\\/ios-13-apple-aktualisiert-garageband\"},\"author\":{\"@type\":\"Organization\",\"@id\":\"https:\\\/\\\/www.apfelpatient.de\\\/en\\\/#organization\",\"name\":\"Apfelpatient\",\"url\":\"https:\\\/\\\/www.apfelpatient.de\\\/en\\\/\"},\"headline\":\"iOS 13 &#8211; Apple aktualisiert GarageBand\",\"datePublished\":\"2019-09-26T22:28:22+00:00\",\"dateModified\":\"2025-02-06T06:47:48+00:00\",\"mainEntityOfPage\":{\"@id\":\"https:\\\/\\\/www.apfelpatient.de\\\/news\\\/ios-13-apple-aktualisiert-garageband\"},\"wordCount\":174,\"publisher\":{\"@type\":\"Organization\",\"@id\":\"https:\\\/\\\/www.apfelpatient.de\\\/en\\\/#organization\",\"name\":\"Apfelpatient\",\"url\":\"https:\\\/\\\/www.apfelpatient.de\\\/en\\\/\"},\"image\":{\"@id\":\"https:\\\/\\\/www.apfelpatient.de\\\/news\\\/ios-13-apple-aktualisiert-garageband#primaryimage\"},\"thumbnailUrl\":\"https:\\\/\\\/www.apfelpatient.de\\\/wp-content\\\/uploads\\\/2019\\\/09\\\/bigstock-Strasbourg-France-Sep-260010961.jpg\",\"keywords\":[\"iOS\",\"iOS 13\",\"iOS 13.1\"],\"articleSection\":\"News\",\"inLanguage\":\"en-US\",\"copyrightYear\":\"2019\",\"copyrightHolder\":{\"@id\":\"https:\\\/\\\/www.apfelpatient.de\\\/en\\\/#organization\"}},{\"@type\":\"WebPage\",\"@id\":\"https:\\\/\\\/www.apfelpatient.de\\\/news\\\/ios-13-apple-aktualisiert-garageband\",\"url\":\"https:\\\/\\\/www.apfelpatient.de\\\/news\\\/ios-13-apple-aktualisiert-garageband\",\"name\":\"iOS 13 - Apple aktualisiert GarageBand\",\"isPartOf\":{\"@id\":\"https:\\\/\\\/www.apfelpatient.de\\\/#website\"},\"primaryImageOfPage\":{\"@id\":\"https:\\\/\\\/www.apfelpatient.de\\\/news\\\/ios-13-apple-aktualisiert-garageband#primaryimage\"},\"image\":{\"@id\":\"https:\\\/\\\/www.apfelpatient.de\\\/news\\\/ios-13-apple-aktualisiert-garageband#primaryimage\"},\"thumbnailUrl\":\"https:\\\/\\\/www.apfelpatient.de\\\/wp-content\\\/uploads\\\/2019\\\/09\\\/bigstock-Strasbourg-France-Sep-260010961.jpg\",\"datePublished\":\"2019-09-26T22:28:22+00:00\",\"dateModified\":\"2025-02-06T06:47:48+00:00\",\"description\":\"Erst k\u00fcrzlich hat Apple iMovie sowie Clips an iOS 13 angepasst. Nun wurde auch GarageBand f\u00fcr das neue iPhone- und iPad-Betriebssystem fit gemacht.\",\"breadcrumb\":{\"@id\":\"https:\\\/\\\/www.apfelpatient.de\\\/news\\\/ios-13-apple-aktualisiert-garageband#breadcrumb\"},\"inLanguage\":\"en-US\",\"potentialAction\":[{\"@type\":\"ReadAction\",\"target\":[\"https:\\\/\\\/www.apfelpatient.de\\\/news\\\/ios-13-apple-aktualisiert-garageband\"]}]},{\"@type\":\"ImageObject\",\"inLanguage\":\"en-US\",\"@id\":\"https:\\\/\\\/www.apfelpatient.de\\\/news\\\/ios-13-apple-aktualisiert-garageband#primaryimage\",\"url\":\"https:\\\/\\\/www.apfelpatient.de\\\/wp-content\\\/uploads\\\/2019\\\/09\\\/bigstock-Strasbourg-France-Sep-260010961.jpg\",\"contentUrl\":\"https:\\\/\\\/www.apfelpatient.de\\\/wp-content\\\/uploads\\\/2019\\\/09\\\/bigstock-Strasbourg-France-Sep-260010961.jpg\",\"width\":1600,\"height\":1100,\"caption\":\"STRASBOURG, FRANCE - SEP 21, 2018: Senior man using drums in GarageBand music creation app on the iphone Xs Max during launch day in the Apple Store\"},{\"@type\":\"BreadcrumbList\",\"@id\":\"https:\\\/\\\/www.apfelpatient.de\\\/news\\\/ios-13-apple-aktualisiert-garageband#breadcrumb\",\"itemListElement\":[{\"@type\":\"ListItem\",\"position\":1,\"name\":\"Startseite\",\"item\":\"https:\\\/\\\/www.apfelpatient.de\\\/\"},{\"@type\":\"ListItem\",\"position\":2,\"name\":\"iOS 13 &#8211; Apple aktualisiert GarageBand\"}]},{\"@type\":\"WebSite\",\"@id\":\"https:\\\/\\\/www.apfelpatient.de\\\/#website\",\"url\":\"https:\\\/\\\/www.apfelpatient.de\\\/\",\"name\":\"Apfelpatient\",\"description\":\"Alles rund um Apple!\",\"publisher\":{\"@type\":\"Organization\",\"@id\":\"https:\\\/\\\/www.apfelpatient.de\\\/en\\\/#organization\",\"name\":\"Apfelpatient\",\"url\":\"https:\\\/\\\/www.apfelpatient.de\\\/en\\\/\"},\"alternateName\":\"Apfelpatient\",\"potentialAction\":[{\"@type\":\"SearchAction\",\"target\":{\"@type\":\"EntryPoint\",\"urlTemplate\":\"https:\\\/\\\/www.apfelpatient.de\\\/?s={search_term_string}\"},\"query-input\":{\"@type\":\"PropertyValueSpecification\",\"valueRequired\":true,\"valueName\":\"search_term_string\"}}],\"inLanguage\":\"en-US\"},{\"@type\":[\"Person\",\"Organization\"],\"@id\":\"https:\\\/\\\/www.apfelpatient.de\\\/#\\\/schema\\\/person\\\/7dc56ad6c8e9824b76d2c08d4c140e13\",\"name\":\"Milan\",\"logo\":{\"@id\":\"https:\\\/\\\/www.apfelpatient.de\\\/#\\\/schema\\\/person\\\/image\\\/\"},\"description\":\"Hallo und herzlich willkommen auf meinem Technik-Blog! Als gro\u00dfer Apple-Fan berichte ich hier \u00fcber alles, was mit Apple zu tun hat: von den neuesten News und spannenden Ger\u00fcchten \u00fcber hilfreiche Tipps und Tricks bis hin zu ausf\u00fchrlichen Produkttests. Wenn du genauso technikbegeistert bist wie ich, bist du hier genau richtig!\",\"sameAs\":[\"https:\\\/\\\/www.facebook.com\\\/apfelpatientOfficial\",\"https:\\\/\\\/www.linkedin.com\\\/in\\\/milan-jovicic-42aa0231b\"],\"url\":\"https:\\\/\\\/www.apfelpatient.de\\\/en\\\/author\\\/apfeladmin\"}]}<\/script>\n<!-- \/ Yoast SEO Premium plugin. -->","yoast_head_json":{"title":"iOS 13 - Apple updates GarageBand","description":"Apple recently adapted iMovie and Clips to iOS 13. Now GarageBand has also been made fit for the new iPhone and iPad operating system.","robots":{"index":"index","follow":"follow","max-snippet":"max-snippet:-1","max-image-preview":"max-image-preview:large","max-video-preview":"max-video-preview:-1"},"canonical":"https:\/\/www.apfelpatient.de\/en\/news\/ios-13-apple-updates-garageband","og_locale":"en_US","og_type":"article","og_title":"iOS 13 - Apple aktualisiert GarageBand","og_description":"Erst k\u00fcrzlich hat Apple iMovie sowie Clips an iOS 13 angepasst. Nun wurde auch GarageBand f\u00fcr das neue iPhone- und iPad-Betriebssystem fit gemacht.","og_url":"https:\/\/www.apfelpatient.de\/en\/news\/ios-13-apple-updates-garageband","og_site_name":"Apfelpatient","article_publisher":"https:\/\/www.facebook.com\/apfelpatientOfficial","article_author":"https:\/\/www.facebook.com\/apfelpatientOfficial","article_published_time":"2019-09-26T22:28:22+00:00","article_modified_time":"2025-02-06T06:47:48+00:00","og_image":[{"width":1600,"height":1100,"url":"https:\/\/www.apfelpatient.de\/wp-content\/uploads\/2019\/09\/bigstock-Strasbourg-France-Sep-260010961.jpg","type":"image\/jpeg"}],"author":"Milan","twitter_card":"summary_large_image","twitter_misc":{"Written by":"Milan","Est. reading time":"1 minute"},"schema":{"@context":"https:\/\/schema.org","@graph":[{"@type":"NewsArticle","@id":"https:\/\/www.apfelpatient.de\/news\/ios-13-apple-aktualisiert-garageband#article","isPartOf":{"@id":"https:\/\/www.apfelpatient.de\/news\/ios-13-apple-aktualisiert-garageband"},"author":{"@type":"Organization","@id":"https:\/\/www.apfelpatient.de\/en\/#organization","name":"Apfelpatient","url":"https:\/\/www.apfelpatient.de\/en\/"},"headline":"iOS 13 &#8211; Apple aktualisiert GarageBand","datePublished":"2019-09-26T22:28:22+00:00","dateModified":"2025-02-06T06:47:48+00:00","mainEntityOfPage":{"@id":"https:\/\/www.apfelpatient.de\/news\/ios-13-apple-aktualisiert-garageband"},"wordCount":174,"publisher":{"@type":"Organization","@id":"https:\/\/www.apfelpatient.de\/en\/#organization","name":"Apfelpatient","url":"https:\/\/www.apfelpatient.de\/en\/"},"image":{"@id":"https:\/\/www.apfelpatient.de\/news\/ios-13-apple-aktualisiert-garageband#primaryimage"},"thumbnailUrl":"https:\/\/www.apfelpatient.de\/wp-content\/uploads\/2019\/09\/bigstock-Strasbourg-France-Sep-260010961.jpg","keywords":["iOS","iOS 13","iOS 13.1"],"articleSection":"News","inLanguage":"en-US","copyrightYear":"2019","copyrightHolder":{"@id":"https:\/\/www.apfelpatient.de\/en\/#organization"}},{"@type":"WebPage","@id":"https:\/\/www.apfelpatient.de\/news\/ios-13-apple-aktualisiert-garageband","url":"https:\/\/www.apfelpatient.de\/news\/ios-13-apple-aktualisiert-garageband","name":"iOS 13 - Apple updates GarageBand","isPartOf":{"@id":"https:\/\/www.apfelpatient.de\/#website"},"primaryImageOfPage":{"@id":"https:\/\/www.apfelpatient.de\/news\/ios-13-apple-aktualisiert-garageband#primaryimage"},"image":{"@id":"https:\/\/www.apfelpatient.de\/news\/ios-13-apple-aktualisiert-garageband#primaryimage"},"thumbnailUrl":"https:\/\/www.apfelpatient.de\/wp-content\/uploads\/2019\/09\/bigstock-Strasbourg-France-Sep-260010961.jpg","datePublished":"2019-09-26T22:28:22+00:00","dateModified":"2025-02-06T06:47:48+00:00","description":"Apple recently adapted iMovie and Clips to iOS 13. Now GarageBand has also been made fit for the new iPhone and iPad operating system.","breadcrumb":{"@id":"https:\/\/www.apfelpatient.de\/news\/ios-13-apple-aktualisiert-garageband#breadcrumb"},"inLanguage":"en-US","potentialAction":[{"@type":"ReadAction","target":["https:\/\/www.apfelpatient.de\/news\/ios-13-apple-aktualisiert-garageband"]}]},{"@type":"ImageObject","inLanguage":"en-US","@id":"https:\/\/www.apfelpatient.de\/news\/ios-13-apple-aktualisiert-garageband#primaryimage","url":"https:\/\/www.apfelpatient.de\/wp-content\/uploads\/2019\/09\/bigstock-Strasbourg-France-Sep-260010961.jpg","contentUrl":"https:\/\/www.apfelpatient.de\/wp-content\/uploads\/2019\/09\/bigstock-Strasbourg-France-Sep-260010961.jpg","width":1600,"height":1100,"caption":"STRASBOURG, FRANCE - SEP 21, 2018: Senior man using drums in GarageBand music creation app on the iphone Xs Max during launch day in the Apple Store"},{"@type":"BreadcrumbList","@id":"https:\/\/www.apfelpatient.de\/news\/ios-13-apple-aktualisiert-garageband#breadcrumb","itemListElement":[{"@type":"ListItem","position":1,"name":"Startseite","item":"https:\/\/www.apfelpatient.de\/"},{"@type":"ListItem","position":2,"name":"iOS 13 &#8211; Apple aktualisiert GarageBand"}]},{"@type":"WebSite","@id":"https:\/\/www.apfelpatient.de\/#website","url":"https:\/\/www.apfelpatient.de\/","name":"apple patient","description":"Everything about Apple!","publisher":{"@type":"Organization","@id":"https:\/\/www.apfelpatient.de\/en\/#organization","name":"Apfelpatient","url":"https:\/\/www.apfelpatient.de\/en\/"},"alternateName":"Apfelpatient","potentialAction":[{"@type":"SearchAction","target":{"@type":"EntryPoint","urlTemplate":"https:\/\/www.apfelpatient.de\/?s={search_term_string}"},"query-input":{"@type":"PropertyValueSpecification","valueRequired":true,"valueName":"search_term_string"}}],"inLanguage":"en-US"},{"@type":["Person","Organization"],"@id":"https:\/\/www.apfelpatient.de\/#\/schema\/person\/7dc56ad6c8e9824b76d2c08d4c140e13","name":"Milan","logo":{"@id":"https:\/\/www.apfelpatient.de\/#\/schema\/person\/image\/"},"description":"Hello and welcome to my technology blog! As a big Apple fan, I report on everything to do with Apple: from the latest news and exciting rumors to helpful tips and tricks and detailed product tests. If you are as enthusiastic about technology as I am, you have come to the right place!","sameAs":["https:\/\/www.facebook.com\/apfelpatientOfficial","https:\/\/www.linkedin.com\/in\/milan-jovicic-42aa0231b"],"url":"https:\/\/www.apfelpatient.de\/en\/author\/apfeladmin"}]}},"_links":{"self":[{"href":"https:\/\/www.apfelpatient.de\/en\/wp-json\/wp\/v2\/posts\/6313","targetHints":{"allow":["GET"]}}],"collection":[{"href":"https:\/\/www.apfelpatient.de\/en\/wp-json\/wp\/v2\/posts"}],"about":[{"href":"https:\/\/www.apfelpatient.de\/en\/wp-json\/wp\/v2\/types\/post"}],"author":[{"embeddable":true,"href":"https:\/\/www.apfelpatient.de\/en\/wp-json\/wp\/v2\/users\/2"}],"replies":[{"embeddable":true,"href":"https:\/\/www.apfelpatient.de\/en\/wp-json\/wp\/v2\/comments?post=6313"}],"version-history":[{"count":0,"href":"https:\/\/www.apfelpatient.de\/en\/wp-json\/wp\/v2\/posts\/6313\/revisions"}],"wp:featuredmedia":[{"embeddable":true,"href":"https:\/\/www.apfelpatient.de\/en\/wp-json\/wp\/v2\/media\/6309"}],"wp:attachment":[{"href":"https:\/\/www.apfelpatient.de\/en\/wp-json\/wp\/v2\/media?parent=6313"}],"wp:term":[{"taxonomy":"category","embeddable":true,"href":"https:\/\/www.apfelpatient.de\/en\/wp-json\/wp\/v2\/categories?post=6313"},{"taxonomy":"post_tag","embeddable":true,"href":"https:\/\/www.apfelpatient.de\/en\/wp-json\/wp\/v2\/tags?post=6313"}],"curies":[{"name":"wp","href":"https:\/\/api.w.org\/{rel}","templated":true}]}}