{"id":63111,"date":"2026-01-22T23:13:11","date_gmt":"2026-01-22T22:13:11","guid":{"rendered":"https:\/\/www.apfelpatient.de\/?p=63111"},"modified":"2026-01-22T23:16:17","modified_gmt":"2026-01-22T22:16:17","slug":"apple-design-under-new-leadership-john-ternus-in-focus","status":"publish","type":"post","link":"https:\/\/www.apfelpatient.de\/en\/rumors\/apple-design-unter-neuer-fuehrung-john-ternus-im-fokus","title":{"rendered":"Apple Design under new leadership: John Ternus in focus"},"content":{"rendered":"<p class=\"has-drop-cap\"><strong>At Apple, design isn&#039;t an afterthought, but a strategic core of the company. Changes in this area almost always have a major impact on the company&#039;s long-term direction. This is precisely the case with the latest development. John Ternus, previously head of hardware, is now also taking over responsibility for Apple&#039;s design teams.<\/strong><\/p>\n\n\n\n<p>Apple traditionally prepares for leadership transitions early and in a structured manner. Tasks are gradually expanded, responsibilities adjusted, and key individuals introduced into new roles. The transfer of design responsibility to John Ternus follows this established pattern and aligns with the long-standing speculation about Apple&#039;s future CEO succession.<\/p>\n\n\n\n<h4 class=\"wp-block-heading\" id=\"h-john-ternus-ubernimmt-die-designteams\">John Ternus takes over the design teams<\/h4>\n\n\n\n<p class=\"translation-block\">John Ternus has been leading Apple's design teams since the end of last year. According to <a href=\"https:\/\/www.bloomberg.com\/news\/articles\/2026-01-22\/apple-hardware-chief-john-ternus-now-overseeing-design-tim-cook-ceo-succession\" id=\"https:\/\/www.bloomberg.com\/news\/articles\/2026-01-22\/apple-hardware-chief-john-ternus-now-overseeing-design-tim-cook-ceo-succession\" target=\"_blank\" rel=\"noreferrer noopener\" data-wpel-link=\"external\">Bloomberg<\/a>, this decision was made by Apple CEO Tim Cook in the final months of 2025. With this move, Apple significantly expands Ternus's responsibilities beyond his previous role as head of hardware development.<\/p>\n\n\n\n<p>Previously, the software and hardware design teams were led by former Chief Operating Officer Jeff Williams. Williams left the company in 2025. At the time of his retirement, Apple stated that the design teams would report directly to Tim Cook. In practice, however, Cook appears to have delegated this operational responsibility to Ternus.<\/p>\n\n\n\n<h4 class=\"wp-block-heading\" id=\"h-die-bedeutung-von-design-bei-apple\">The importance of design at Apple<\/h4>\n\n\n\n<p>Design has always been a top priority at Apple. For many years, Jony Ive, as chief designer, shaped the company&#039;s visual identity and product philosophy. After his departure, Jeff Williams took over this role. Now, with John Ternus, another high-ranking manager is at the helm of the design department.<\/p>\n\n\n\n<p>Within the management team, Ternus is considered the &quot;Executive Sponsor&quot; for design. In this role, he handles communication between the design staff and senior management. He represents design at management meetings, coordinates the heads of the design teams, and ensures that design decisions are integrated into Apple&#039;s overall strategic planning.<\/p>\n\n\n\n<h4 class=\"wp-block-heading\" id=\"h-entscheidungen-im-konsens\">Decisions by consensus<\/h4>\n\n\n\n<p>Despite his expanded responsibilities, Ternus does not make design decisions alone. At Apple, fundamental design questions continue to be decided by consensus. Software engineering chief Craig Federighi and marketing chief Greg Joswiak retain influence over the overall aesthetics and direction of the products. This collaboration is intended to ensure that hardware, software, and marketing follow a consistent design philosophy.<\/p>\n\n\n\n<h4 class=\"wp-block-heading\" id=\"h-vorbereitung-auf-die-ceo-nachfolge\">Preparing for CEO succession<\/h4>\n\n\n\n<p>Several reports identify John Ternus as the most likely candidate to succeed Tim Cook as Apple CEO. Cook turned 65 last year, but there are no concrete plans for his retirement. Nevertheless, internal developments suggest that Apple is actively preparing for the next leadership phase.<\/p>\n\n\n\n<p>At 50, Ternus is the youngest senior executive in Apple&#039;s top management. Should he one day be appointed CEO, he could be in for a long tenure. His career to date within the company suggests strong internal ties and a deep understanding of its operations.<\/p>\n\n\n\n<h4 class=\"wp-block-heading\" id=\"h-starken-und-interne-kritik\">Strengths and internal criticism<\/h4>\n\n\n\n<p>John Ternus has led Apple&#039;s hardware development team for years. Internally, he is described as balanced, detail-oriented, and extremely knowledgeable about the company&#039;s global supply chain. These qualities are considered key factors in Apple&#039;s operational success.<\/p>\n\n\n\n<p>At the same time, there are also critical voices. Some employees see him as too risk-averse, criticize his lack of experience in geopolitical issues, and doubt that he possesses enough charisma to lead Apple externally as CEO. However, these concerns contrast sharply with his steadily growing influence within the company.<\/p>\n\n\n\n<h3 class=\"wp-block-heading\" id=\"h-john-ternus-ruckt-weiter-ins-machtzentrum-von-apple\">John Ternus is moving further into the power center of Apple<\/h3>\n\n\n\n<p>John Ternus&#039;s appointment as head of design is another step in Apple&#039;s long-term leadership plan. Design remains a central element of the company&#039;s strategy, and with Ternus, an experienced hardware manager moves further into the center of power. Whether he will actually succeed Tim Cook as Apple&#039;s CEO one day remains to be seen. What is clear, however, is that Apple is seriously preparing for this option and is prioritizing internal continuity. (Image: Apple)<\/p>\n\n\n\n<ul class=\"wp-block-list\">\n<li><a href=\"https:\/\/www.apfelpatient.de\/en\/rumors\/iphone-rumors-2027-all-screen-later-than-expected\" type=\"link\" id=\"https:\/\/www.apfelpatient.de\/rumors\/iphone-geruechte-2027-all-screen-spaeter-als-gedacht\">iPhone Rumors 2027: All-Screen Later Than Expected?<\/a><\/li>\n\n\n\n<li><a href=\"https:\/\/www.apfelpatient.de\/en\/rumors\/report-apple-changes-ai-strategy-under-craig-federighi\">Report: Apple changes AI strategy under Craig Federighi<\/a><\/li>\n\n\n\n<li><a href=\"https:\/\/www.apfelpatient.de\/en\/rumors\/apple-home-hub-new-hints-at-a-rotatable-robot-base\">Apple Home Hub: New evidence of a rotatable robot base<\/a><\/li>\n\n\n\n<li><a href=\"https:\/\/www.apfelpatient.de\/en\/rumors\/apple-plans-ai-pin-new-wearable-could-come-in-2027\">Apple plans AI pin: New wearable could arrive in 2027<\/a><\/li>\n\n\n\n<li><a href=\"https:\/\/www.apfelpatient.de\/en\/rumors\/ios-27-siri-becomes-a-chatbot-with-deep-system-access\">iOS 27: Siri becomes a chatbot with deep system access<\/a><\/li>\n\n\n\n<li><a href=\"https:\/\/www.apfelpatient.de\/en\/rumors\/apple-is-internally-using-ai-chatbots-to-increase-productivity\">Apple is using AI chatbots internally to increase productivity<\/a><\/li>\n\n\n\n<li><a href=\"https:\/\/www.apfelpatient.de\/en\/rumors\/new-iphone-18-leak-suggests-extremely-bright-display\">iPhone 18: New leak suggests extremely bright display<\/a><\/li>\n\n\n\n<li><a href=\"https:\/\/www.apfelpatient.de\/en\/rumors\/iphone-18-pro-smaller-dynamic-island-instead-of-radical-redesign\">iPhone 18 Pro: Smaller Dynamic Island instead of a radical redesign<\/a><\/li>\n\n\n\n<li><a href=\"https:\/\/www.apfelpatient.de\/en\/rumors\/will-the-iphone-air-2-get-an-update-in-2026-or-not-until-2027\">iPhone Air 2: Will there be an update in 2026 or not until 2027?<\/a><\/li>\n\n\n\n<li><a href=\"https:\/\/www.apfelpatient.de\/en\/rumors\/iphone-18-pro-leaker-contradicts-rumors-about-the-front-camera\">iPhone 18 Pro: Leaker contradicts rumors about the front camera<\/a><\/li>\n\n\n\n<li><a href=\"https:\/\/www.apfelpatient.de\/en\/rumors\/iphone-18-pro-and-face-id-what-apple-is-planning-for-the-display\">iPhone 18 Pro and Face ID: What Apple is planning for the display<\/a><\/li>\n\n\n\n<li><a href=\"https:\/\/www.apfelpatient.de\/en\/rumors\/macbook-pro-m5-max-pre-release-performance-predictions\">M5 Max MacBook Pro before release: Performance predictions<\/a><\/li>\n\n\n\n<li><a href=\"https:\/\/www.apfelpatient.de\/en\/rumors\/iphone-18-pro-new-front-design-with-camera-on-the-left\">iPhone 18 Pro: New front design with camera on the left?<\/a><\/li>\n\n\n\n<li><a href=\"https:\/\/www.apfelpatient.de\/en\/rumors\/macbook-pro-with-oled-takes-a-crucial-production-step\">MacBook Pro with OLED takes a crucial production step<\/a><\/li>\n\n\n\n<li><a href=\"https:\/\/www.apfelpatient.de\/en\/rumors\/iphone-fold-new-details-on-technology-ai-market-strategy\">iPhone Fold: New details on technology, AI &amp; market strategy<\/a><\/li>\n\n\n\n<li><a href=\"https:\/\/www.apfelpatient.de\/en\/rumors\/apple-and-tsmcs-ai-boom-puts-the-chip-alliance-to-the-test\">Apple and TSMC: AI boom puts the chip alliance to the test<\/a><\/li>\n\n\n\n<li><a href=\"https:\/\/www.apfelpatient.de\/en\/rumors\/iphone-17e-dynamic-island-is-coming-display-remains-at-60-hz\">iPhone 17e: Dynamic Island is coming, display remains at 60 Hz<\/a><\/li>\n\n\n\n<li><a href=\"https:\/\/www.apfelpatient.de\/en\/rumors\/ios-26-4-could-significantly-enhance-apple-notes\">iOS 26.4 could significantly improve Apple Notes<\/a><\/li>\n\n\n\n<li><a href=\"https:\/\/www.apfelpatient.de\/en\/rumors\/iphone-fold-liquid-metal-hinge-and-titanium-case\">iPhone Fold: Liquid metal hinge and titanium casing<\/a><\/li>\n\n\n\n<li><a href=\"https:\/\/www.apfelpatient.de\/en\/rumors\/iphone-18-pro-leak-suggests-major-changes-to-the-display\">iPhone 18 Pro: Leak suggests major changes to the display<\/a><\/li>\n\n\n\n<li><a href=\"https:\/\/www.apfelpatient.de\/en\/rumors\/apple-could-unveil-a-high-end-macbook-pro-on-january-28th\">Apple could unveil a high-end MacBook Pro on January 28th<\/a><\/li>\n\n\n\n<li><a href=\"https:\/\/www.apfelpatient.de\/en\/rumors\/apple-is-hit-by-the-ai-boom-key-chip-components-are-lacking-worldwide\">Apple is hit by the AI boom: Important chip components are in short supply worldwide<\/a><\/li>\n\n\n\n<li><a href=\"https:\/\/www.apfelpatient.de\/en\/rumors\/apple-optimizes-gemini-for-siri-even-without-google-branding\">Apple optimizes Gemini for Siri even without Google branding<\/a><\/li>\n\n\n\n<li><a href=\"https:\/\/www.apfelpatient.de\/en\/rumors\/apple-glasses-how-a-niche-product-finally-becomes-a-mass-market\">Apple Glasses: How the niche market finally becomes a mass market<\/a><\/li>\n<\/ul>\n\n\n\n<h6 class=\"wp-block-heading translation-block\" id=\"h-kennt-ihr-schon-unsere-amazon-storefront-dort-findet-ihr-eine-handverlesene-auswahl-von-diversen-produkten-f-r-euer-iphone-und-co-viel-spa-beim-st-bern\"><em>Have you already visited our Amazon Storefront? There you&#039;ll find a hand-picked selection of various products for your iPhone and other devices \u2013 <span class=\"has-inline-color has-vivid-red-color\"><a href=\"https:\/\/www.amazon.de\/shop\/apfelpatientofficial\" class=\"ek-link\" data-wpel-link=\"exclude\" rel=\"follow noopener\" target=\"_self\"><span style=\"text-decoration: underline\" class=\"ek-underline\">enjoy browsing<\/span><\/a> !<\/span><\/em><\/h6>\n\n\n\n<h6 class=\"wp-block-heading translation-block\" id=\"h-der-beitrag-enthalt-partnerlinks\">This post contains <a data-type=\"URL\" data-id=\"https:\/\/www.apfelpatient.de\/partnerprogramm\" href=\"https:\/\/www.apfelpatient.de\/en\/partner-program\" data-wpel-link=\"internal\" target=\"_self\">affiliate links<\/a>.<\/h6>","protected":false},"excerpt":{"rendered":"<p>Apple is strengthening its design and placing John Ternus at the center of its leadership. What&#039;s behind this move and how it will shape the future!<\/p>","protected":false},"author":2,"featured_media":59311,"comment_status":"closed","ping_status":"open","sticky":false,"template":"","format":"standard","meta":{"jnews-multi-image_gallery":[],"jnews_single_post":{"format":"standard","override":[{"template":"2","parallax":"1","fullscreen":"1","layout":"right-sidebar","sidebar":"default-sidebar","second_sidebar":"default-sidebar","sticky_sidebar":"1","share_position":"top","share_float_style":"share-monocrhome","show_featured":"1","show_post_meta":"1","show_post_author":"1","show_post_author_image":"1","show_post_date":"1","post_date_format":"default","post_date_format_custom":"Y\/m\/d","show_post_reading_time":"0","post_reading_time_wpm":"300","post_calculate_word_method":"str_word_count","show_zoom_button":"0","zoom_button_out_step":"2","zoom_button_in_step":"3","show_post_tag":"1","show_prev_next_post":"1","show_popup_post":"1","show_comment_section":"1","number_popup_post":"1","show_author_box":"0","show_post_related":"0","show_inline_post_related":"0"}],"image_override":[{"single_post_thumbnail_size":"crop-500","single_post_gallery_size":"crop-500"}],"trending_post_position":"meta","trending_post_label":"Trending","sponsored_post_label":"Sponsored by","disable_ad":"0"},"jnews_primary_category":{"id":"25"},"footnotes":""},"categories":[25],"tags":[13],"class_list":["post-63111","post","type-post","status-publish","format-standard","has-post-thumbnail","hentry","category-rumors","tag-techpatient"],"yoast_head":"<!-- This site is optimized with the Yoast SEO Premium plugin v27.4 (Yoast SEO v27.4) - https:\/\/yoast.com\/product\/yoast-seo-premium-wordpress\/ -->\n<title>Apple Design unter neuer F\u00fchrung: John Ternus im Fokus Apfelpatient<\/title>\n<meta name=\"description\" content=\"Apple st\u00e4rkt das Design und r\u00fcckt John Ternus ins Zentrum der F\u00fchrung. Was hinter dem Schritt steckt und wie er die Zukunft pr\u00e4gt!\" \/>\n<meta name=\"robots\" content=\"index, follow, max-snippet:-1, max-image-preview:large, max-video-preview:-1\" \/>\n<link rel=\"canonical\" href=\"https:\/\/www.apfelpatient.de\/en\/rumors\/apple-design-under-new-leadership-john-ternus-in-focus\" \/>\n<meta property=\"og:locale\" content=\"en_US\" \/>\n<meta property=\"og:type\" content=\"article\" \/>\n<meta property=\"og:title\" content=\"Apple Design unter neuer F\u00fchrung: John Ternus im Fokus\" \/>\n<meta property=\"og:description\" content=\"Apple st\u00e4rkt das Design und r\u00fcckt John Ternus ins Zentrum der F\u00fchrung. Was hinter dem Schritt steckt und wie er die Zukunft pr\u00e4gt!\" \/>\n<meta property=\"og:url\" content=\"https:\/\/www.apfelpatient.de\/en\/rumors\/apple-design-under-new-leadership-john-ternus-in-focus\" \/>\n<meta property=\"og:site_name\" content=\"Apfelpatient\" \/>\n<meta property=\"article:publisher\" content=\"https:\/\/www.facebook.com\/apfelpatientOfficial\" \/>\n<meta property=\"article:author\" content=\"https:\/\/www.facebook.com\/apfelpatientOfficial\" \/>\n<meta property=\"article:published_time\" content=\"2026-01-22T22:13:11+00:00\" \/>\n<meta property=\"article:modified_time\" content=\"2026-01-22T22:16:17+00:00\" \/>\n<meta property=\"og:image\" content=\"https:\/\/www.apfelpatient.de\/wp-content\/uploads\/2025\/10\/John-Ternus-Apple.jpg\" \/>\n\t<meta property=\"og:image:width\" content=\"1600\" \/>\n\t<meta property=\"og:image:height\" content=\"991\" \/>\n\t<meta property=\"og:image:type\" content=\"image\/jpeg\" \/>\n<meta name=\"author\" content=\"Milan\" \/>\n<meta name=\"twitter:card\" content=\"summary_large_image\" \/>\n<meta name=\"twitter:description\" content=\"Apple st\u00e4rkt das Design und r\u00fcckt John Ternus ins Zentrum der F\u00fchrung. Was hinter dem Schritt steckt und wie er die Zukunft pr\u00e4gt!\" \/>\n<meta name=\"twitter:label1\" content=\"Written by\" \/>\n\t<meta name=\"twitter:data1\" content=\"Milan\" \/>\n\t<meta name=\"twitter:label2\" content=\"Est. reading time\" \/>\n\t<meta name=\"twitter:data2\" content=\"5 minutes\" \/>\n<script type=\"application\/ld+json\" class=\"yoast-schema-graph\">{\"@context\":\"https:\\\/\\\/schema.org\",\"@graph\":[{\"@type\":\"NewsArticle\",\"@id\":\"https:\\\/\\\/www.apfelpatient.de\\\/rumors\\\/apple-design-unter-neuer-fuehrung-john-ternus-im-fokus#article\",\"isPartOf\":{\"@id\":\"https:\\\/\\\/www.apfelpatient.de\\\/rumors\\\/apple-design-unter-neuer-fuehrung-john-ternus-im-fokus\"},\"author\":{\"@type\":\"Organization\",\"@id\":\"https:\\\/\\\/www.apfelpatient.de\\\/en\\\/#organization\",\"name\":\"Apfelpatient\",\"url\":\"https:\\\/\\\/www.apfelpatient.de\\\/en\\\/\"},\"headline\":\"Apple Design unter neuer F\u00fchrung: John Ternus im Fokus\",\"datePublished\":\"2026-01-22T22:13:11+00:00\",\"dateModified\":\"2026-01-22T22:16:17+00:00\",\"mainEntityOfPage\":{\"@id\":\"https:\\\/\\\/www.apfelpatient.de\\\/rumors\\\/apple-design-unter-neuer-fuehrung-john-ternus-im-fokus\"},\"wordCount\":868,\"publisher\":{\"@type\":\"Organization\",\"@id\":\"https:\\\/\\\/www.apfelpatient.de\\\/en\\\/#organization\",\"name\":\"Apfelpatient\",\"url\":\"https:\\\/\\\/www.apfelpatient.de\\\/en\\\/\"},\"image\":{\"@id\":\"https:\\\/\\\/www.apfelpatient.de\\\/rumors\\\/apple-design-unter-neuer-fuehrung-john-ternus-im-fokus#primaryimage\"},\"thumbnailUrl\":\"https:\\\/\\\/www.apfelpatient.de\\\/wp-content\\\/uploads\\\/2025\\\/10\\\/John-Ternus-Apple.jpg\",\"keywords\":[\"TechPatient\"],\"articleSection\":\"Rumors\",\"inLanguage\":\"en-US\",\"copyrightYear\":\"2026\",\"copyrightHolder\":{\"@id\":\"https:\\\/\\\/www.apfelpatient.de\\\/en\\\/#organization\"}},{\"@type\":\"WebPage\",\"@id\":\"https:\\\/\\\/www.apfelpatient.de\\\/rumors\\\/apple-design-unter-neuer-fuehrung-john-ternus-im-fokus\",\"url\":\"https:\\\/\\\/www.apfelpatient.de\\\/rumors\\\/apple-design-unter-neuer-fuehrung-john-ternus-im-fokus\",\"name\":\"Apple Design unter neuer F\u00fchrung: John Ternus im Fokus Apfelpatient\",\"isPartOf\":{\"@id\":\"https:\\\/\\\/www.apfelpatient.de\\\/#website\"},\"primaryImageOfPage\":{\"@id\":\"https:\\\/\\\/www.apfelpatient.de\\\/rumors\\\/apple-design-unter-neuer-fuehrung-john-ternus-im-fokus#primaryimage\"},\"image\":{\"@id\":\"https:\\\/\\\/www.apfelpatient.de\\\/rumors\\\/apple-design-unter-neuer-fuehrung-john-ternus-im-fokus#primaryimage\"},\"thumbnailUrl\":\"https:\\\/\\\/www.apfelpatient.de\\\/wp-content\\\/uploads\\\/2025\\\/10\\\/John-Ternus-Apple.jpg\",\"datePublished\":\"2026-01-22T22:13:11+00:00\",\"dateModified\":\"2026-01-22T22:16:17+00:00\",\"description\":\"Apple st\u00e4rkt das Design und r\u00fcckt John Ternus ins Zentrum der F\u00fchrung. Was hinter dem Schritt steckt und wie er die Zukunft pr\u00e4gt!\",\"breadcrumb\":{\"@id\":\"https:\\\/\\\/www.apfelpatient.de\\\/rumors\\\/apple-design-unter-neuer-fuehrung-john-ternus-im-fokus#breadcrumb\"},\"inLanguage\":\"en-US\",\"potentialAction\":[{\"@type\":\"ReadAction\",\"target\":[\"https:\\\/\\\/www.apfelpatient.de\\\/rumors\\\/apple-design-unter-neuer-fuehrung-john-ternus-im-fokus\"]}]},{\"@type\":\"ImageObject\",\"inLanguage\":\"en-US\",\"@id\":\"https:\\\/\\\/www.apfelpatient.de\\\/rumors\\\/apple-design-unter-neuer-fuehrung-john-ternus-im-fokus#primaryimage\",\"url\":\"https:\\\/\\\/www.apfelpatient.de\\\/wp-content\\\/uploads\\\/2025\\\/10\\\/John-Ternus-Apple.jpg\",\"contentUrl\":\"https:\\\/\\\/www.apfelpatient.de\\\/wp-content\\\/uploads\\\/2025\\\/10\\\/John-Ternus-Apple.jpg\",\"width\":1600,\"height\":991,\"caption\":\"Bild: Apple\"},{\"@type\":\"BreadcrumbList\",\"@id\":\"https:\\\/\\\/www.apfelpatient.de\\\/rumors\\\/apple-design-unter-neuer-fuehrung-john-ternus-im-fokus#breadcrumb\",\"itemListElement\":[{\"@type\":\"ListItem\",\"position\":1,\"name\":\"Startseite\",\"item\":\"https:\\\/\\\/www.apfelpatient.de\\\/\"},{\"@type\":\"ListItem\",\"position\":2,\"name\":\"Apple Design unter neuer F\u00fchrung: John Ternus im Fokus\"}]},{\"@type\":\"WebSite\",\"@id\":\"https:\\\/\\\/www.apfelpatient.de\\\/#website\",\"url\":\"https:\\\/\\\/www.apfelpatient.de\\\/\",\"name\":\"Apfelpatient\",\"description\":\"Alles rund um Apple!\",\"publisher\":{\"@type\":\"Organization\",\"@id\":\"https:\\\/\\\/www.apfelpatient.de\\\/en\\\/#organization\",\"name\":\"Apfelpatient\",\"url\":\"https:\\\/\\\/www.apfelpatient.de\\\/en\\\/\"},\"alternateName\":\"Apfelpatient\",\"potentialAction\":[{\"@type\":\"SearchAction\",\"target\":{\"@type\":\"EntryPoint\",\"urlTemplate\":\"https:\\\/\\\/www.apfelpatient.de\\\/?s={search_term_string}\"},\"query-input\":{\"@type\":\"PropertyValueSpecification\",\"valueRequired\":true,\"valueName\":\"search_term_string\"}}],\"inLanguage\":\"en-US\"},{\"@type\":[\"Person\",\"Organization\"],\"@id\":\"https:\\\/\\\/www.apfelpatient.de\\\/#\\\/schema\\\/person\\\/7dc56ad6c8e9824b76d2c08d4c140e13\",\"name\":\"Milan\",\"logo\":{\"@id\":\"https:\\\/\\\/www.apfelpatient.de\\\/#\\\/schema\\\/person\\\/image\\\/\"},\"description\":\"Hallo und herzlich willkommen auf meinem Technik-Blog! Als gro\u00dfer Apple-Fan berichte ich hier \u00fcber alles, was mit Apple zu tun hat: von den neuesten News und spannenden Ger\u00fcchten \u00fcber hilfreiche Tipps und Tricks bis hin zu ausf\u00fchrlichen Produkttests. Wenn du genauso technikbegeistert bist wie ich, bist du hier genau richtig!\",\"sameAs\":[\"https:\\\/\\\/www.facebook.com\\\/apfelpatientOfficial\",\"https:\\\/\\\/www.linkedin.com\\\/in\\\/milan-jovicic-42aa0231b\"],\"url\":\"https:\\\/\\\/www.apfelpatient.de\\\/en\\\/author\\\/apfeladmin\"}]}<\/script>\n<!-- \/ Yoast SEO Premium plugin. -->","yoast_head_json":{"title":"Apple Design under new leadership: John Ternus in focus Apfelpatient","description":"Apple is strengthening its design and placing John Ternus at the center of its leadership. What&#039;s behind this move and how it will shape the future!","robots":{"index":"index","follow":"follow","max-snippet":"max-snippet:-1","max-image-preview":"max-image-preview:large","max-video-preview":"max-video-preview:-1"},"canonical":"https:\/\/www.apfelpatient.de\/en\/rumors\/apple-design-under-new-leadership-john-ternus-in-focus","og_locale":"en_US","og_type":"article","og_title":"Apple Design unter neuer F\u00fchrung: John Ternus im Fokus","og_description":"Apple st\u00e4rkt das Design und r\u00fcckt John Ternus ins Zentrum der F\u00fchrung. Was hinter dem Schritt steckt und wie er die Zukunft pr\u00e4gt!","og_url":"https:\/\/www.apfelpatient.de\/en\/rumors\/apple-design-under-new-leadership-john-ternus-in-focus","og_site_name":"Apfelpatient","article_publisher":"https:\/\/www.facebook.com\/apfelpatientOfficial","article_author":"https:\/\/www.facebook.com\/apfelpatientOfficial","article_published_time":"2026-01-22T22:13:11+00:00","article_modified_time":"2026-01-22T22:16:17+00:00","og_image":[{"width":1600,"height":991,"url":"https:\/\/www.apfelpatient.de\/wp-content\/uploads\/2025\/10\/John-Ternus-Apple.jpg","type":"image\/jpeg"}],"author":"Milan","twitter_card":"summary_large_image","twitter_description":"Apple st\u00e4rkt das Design und r\u00fcckt John Ternus ins Zentrum der F\u00fchrung. Was hinter dem Schritt steckt und wie er die Zukunft pr\u00e4gt!","twitter_misc":{"Written by":"Milan","Est. reading time":"5 minutes"},"schema":{"@context":"https:\/\/schema.org","@graph":[{"@type":"NewsArticle","@id":"https:\/\/www.apfelpatient.de\/rumors\/apple-design-unter-neuer-fuehrung-john-ternus-im-fokus#article","isPartOf":{"@id":"https:\/\/www.apfelpatient.de\/rumors\/apple-design-unter-neuer-fuehrung-john-ternus-im-fokus"},"author":{"@type":"Organization","@id":"https:\/\/www.apfelpatient.de\/en\/#organization","name":"Apfelpatient","url":"https:\/\/www.apfelpatient.de\/en\/"},"headline":"Apple Design unter neuer F\u00fchrung: John Ternus im Fokus","datePublished":"2026-01-22T22:13:11+00:00","dateModified":"2026-01-22T22:16:17+00:00","mainEntityOfPage":{"@id":"https:\/\/www.apfelpatient.de\/rumors\/apple-design-unter-neuer-fuehrung-john-ternus-im-fokus"},"wordCount":868,"publisher":{"@type":"Organization","@id":"https:\/\/www.apfelpatient.de\/en\/#organization","name":"Apfelpatient","url":"https:\/\/www.apfelpatient.de\/en\/"},"image":{"@id":"https:\/\/www.apfelpatient.de\/rumors\/apple-design-unter-neuer-fuehrung-john-ternus-im-fokus#primaryimage"},"thumbnailUrl":"https:\/\/www.apfelpatient.de\/wp-content\/uploads\/2025\/10\/John-Ternus-Apple.jpg","keywords":["TechPatient"],"articleSection":"Rumors","inLanguage":"en-US","copyrightYear":"2026","copyrightHolder":{"@id":"https:\/\/www.apfelpatient.de\/en\/#organization"}},{"@type":"WebPage","@id":"https:\/\/www.apfelpatient.de\/rumors\/apple-design-unter-neuer-fuehrung-john-ternus-im-fokus","url":"https:\/\/www.apfelpatient.de\/rumors\/apple-design-unter-neuer-fuehrung-john-ternus-im-fokus","name":"Apple Design under new leadership: John Ternus in focus Apfelpatient","isPartOf":{"@id":"https:\/\/www.apfelpatient.de\/#website"},"primaryImageOfPage":{"@id":"https:\/\/www.apfelpatient.de\/rumors\/apple-design-unter-neuer-fuehrung-john-ternus-im-fokus#primaryimage"},"image":{"@id":"https:\/\/www.apfelpatient.de\/rumors\/apple-design-unter-neuer-fuehrung-john-ternus-im-fokus#primaryimage"},"thumbnailUrl":"https:\/\/www.apfelpatient.de\/wp-content\/uploads\/2025\/10\/John-Ternus-Apple.jpg","datePublished":"2026-01-22T22:13:11+00:00","dateModified":"2026-01-22T22:16:17+00:00","description":"Apple is strengthening its design and placing John Ternus at the center of its leadership. What&#039;s behind this move and how it will shape the future!","breadcrumb":{"@id":"https:\/\/www.apfelpatient.de\/rumors\/apple-design-unter-neuer-fuehrung-john-ternus-im-fokus#breadcrumb"},"inLanguage":"en-US","potentialAction":[{"@type":"ReadAction","target":["https:\/\/www.apfelpatient.de\/rumors\/apple-design-unter-neuer-fuehrung-john-ternus-im-fokus"]}]},{"@type":"ImageObject","inLanguage":"en-US","@id":"https:\/\/www.apfelpatient.de\/rumors\/apple-design-unter-neuer-fuehrung-john-ternus-im-fokus#primaryimage","url":"https:\/\/www.apfelpatient.de\/wp-content\/uploads\/2025\/10\/John-Ternus-Apple.jpg","contentUrl":"https:\/\/www.apfelpatient.de\/wp-content\/uploads\/2025\/10\/John-Ternus-Apple.jpg","width":1600,"height":991,"caption":"Bild: Apple"},{"@type":"BreadcrumbList","@id":"https:\/\/www.apfelpatient.de\/rumors\/apple-design-unter-neuer-fuehrung-john-ternus-im-fokus#breadcrumb","itemListElement":[{"@type":"ListItem","position":1,"name":"Startseite","item":"https:\/\/www.apfelpatient.de\/"},{"@type":"ListItem","position":2,"name":"Apple Design unter neuer F\u00fchrung: John Ternus im Fokus"}]},{"@type":"WebSite","@id":"https:\/\/www.apfelpatient.de\/#website","url":"https:\/\/www.apfelpatient.de\/","name":"apple patient","description":"Everything about Apple!","publisher":{"@type":"Organization","@id":"https:\/\/www.apfelpatient.de\/en\/#organization","name":"Apfelpatient","url":"https:\/\/www.apfelpatient.de\/en\/"},"alternateName":"Apfelpatient","potentialAction":[{"@type":"SearchAction","target":{"@type":"EntryPoint","urlTemplate":"https:\/\/www.apfelpatient.de\/?s={search_term_string}"},"query-input":{"@type":"PropertyValueSpecification","valueRequired":true,"valueName":"search_term_string"}}],"inLanguage":"en-US"},{"@type":["Person","Organization"],"@id":"https:\/\/www.apfelpatient.de\/#\/schema\/person\/7dc56ad6c8e9824b76d2c08d4c140e13","name":"Milan","logo":{"@id":"https:\/\/www.apfelpatient.de\/#\/schema\/person\/image\/"},"description":"Hello and welcome to my technology blog! As a big Apple fan, I report on everything to do with Apple: from the latest news and exciting rumors to helpful tips and tricks and detailed product tests. If you are as enthusiastic about technology as I am, you have come to the right place!","sameAs":["https:\/\/www.facebook.com\/apfelpatientOfficial","https:\/\/www.linkedin.com\/in\/milan-jovicic-42aa0231b"],"url":"https:\/\/www.apfelpatient.de\/en\/author\/apfeladmin"}]}},"_links":{"self":[{"href":"https:\/\/www.apfelpatient.de\/en\/wp-json\/wp\/v2\/posts\/63111","targetHints":{"allow":["GET"]}}],"collection":[{"href":"https:\/\/www.apfelpatient.de\/en\/wp-json\/wp\/v2\/posts"}],"about":[{"href":"https:\/\/www.apfelpatient.de\/en\/wp-json\/wp\/v2\/types\/post"}],"author":[{"embeddable":true,"href":"https:\/\/www.apfelpatient.de\/en\/wp-json\/wp\/v2\/users\/2"}],"replies":[{"embeddable":true,"href":"https:\/\/www.apfelpatient.de\/en\/wp-json\/wp\/v2\/comments?post=63111"}],"version-history":[{"count":1,"href":"https:\/\/www.apfelpatient.de\/en\/wp-json\/wp\/v2\/posts\/63111\/revisions"}],"predecessor-version":[{"id":63112,"href":"https:\/\/www.apfelpatient.de\/en\/wp-json\/wp\/v2\/posts\/63111\/revisions\/63112"}],"wp:featuredmedia":[{"embeddable":true,"href":"https:\/\/www.apfelpatient.de\/en\/wp-json\/wp\/v2\/media\/59311"}],"wp:attachment":[{"href":"https:\/\/www.apfelpatient.de\/en\/wp-json\/wp\/v2\/media?parent=63111"}],"wp:term":[{"taxonomy":"category","embeddable":true,"href":"https:\/\/www.apfelpatient.de\/en\/wp-json\/wp\/v2\/categories?post=63111"},{"taxonomy":"post_tag","embeddable":true,"href":"https:\/\/www.apfelpatient.de\/en\/wp-json\/wp\/v2\/tags?post=63111"}],"curies":[{"name":"wp","href":"https:\/\/api.w.org\/{rel}","templated":true}]}}