{"id":63049,"date":"2026-01-21T16:46:33","date_gmt":"2026-01-21T15:46:33","guid":{"rendered":"https:\/\/www.apfelpatient.de\/?p=63049"},"modified":"2026-01-21T16:48:19","modified_gmt":"2026-01-21T15:48:19","slug":"apple-tv-reveals-release-date-for-for-all-mankind-season-5","status":"publish","type":"post","link":"https:\/\/www.apfelpatient.de\/en\/news\/apple-tv-enthuellt-starttermin-von-for-all-mankind-staffel-5","title":{"rendered":"Apple TV reveals release date for For All Mankind Season 5"},"content":{"rendered":"<p class=\"has-drop-cap\"><strong>Apple TV has released a first look at the fifth season of the space drama For All Mankind, and the official release date has now been announced. The series has been one of Apple TV&#039;s most important original productions for years and has garnered critical and audience acclaim worldwide. Season five continues the alternate history of space exploration.<\/strong><\/p>\n\n\n\n<p>\u201e&quot;For All Mankind&quot; blends science fiction, political drama, and personal storytelling. Since its first season, the series has explored how the world would have unfolded if the space race had taken a different turn. Apple TV uses the fifth season to further develop this scenario, placing a stronger focus on Mars and its growing importance.<\/p>\n\n\n\n<h4 class=\"wp-block-heading\" id=\"h-starttermin-und-ausstrahlung\">Start date and broadcast<\/h4>\n\n\n\n<p>The fifth season of &quot;For All Mankind&quot; premieres worldwide on Apple TV on Friday, March 27. The new season consists of ten episodes. The first episode will be released, followed by a new episode every Friday until May 29. This weekly release schedule remains unchanged.<\/p>\n\n\n\n<h4 class=\"wp-block-heading\" id=\"h-handlung-und-zeitliche-einordnung\">Plot and temporal context<\/h4>\n\n\n\n<p>The fifth season picks up several years after the so-called Goldilocks asteroid theft. The Mars settlement of Happy Valley has changed dramatically during this time. From a research station, it has become a functioning colony with thousands of inhabitants. At the same time, Happy Valley now serves as a base for new missions that will take them even further into the solar system.<\/p>\n\n\n\n<p>However, as the colony grows, new conflicts arise. The nations of Earth increasingly demand control, laws, and clear responsibilities on the Red Planet. This exacerbates tensions between the people living on Mars and their former home on Earth. This very conflict between autonomy and control forms a central theme of the new season.<\/p>\n\n\n\n<figure class=\"wp-block-image size-full\"><img decoding=\"async\" width=\"1600\" height=\"799\" src=\"https:\/\/www.apfelpatient.de\/wp-content\/uploads\/2026\/01\/012126_For_all_Mankind_Season5_Announcement_Teaser_Trailer_Big_Image_01.jpg\" alt=\"Apple TV For All Mankind Season 5\" class=\"wp-image-63047\" srcset=\"https:\/\/www.apfelpatient.de\/wp-content\/uploads\/2026\/01\/012126_For_all_Mankind_Season5_Announcement_Teaser_Trailer_Big_Image_01.jpg 1600w, https:\/\/www.apfelpatient.de\/wp-content\/uploads\/2026\/01\/012126_For_all_Mankind_Season5_Announcement_Teaser_Trailer_Big_Image_01-300x150.jpg 300w, https:\/\/www.apfelpatient.de\/wp-content\/uploads\/2026\/01\/012126_For_all_Mankind_Season5_Announcement_Teaser_Trailer_Big_Image_01-1024x511.jpg 1024w, https:\/\/www.apfelpatient.de\/wp-content\/uploads\/2026\/01\/012126_For_all_Mankind_Season5_Announcement_Teaser_Trailer_Big_Image_01-768x384.jpg 768w, https:\/\/www.apfelpatient.de\/wp-content\/uploads\/2026\/01\/012126_For_all_Mankind_Season5_Announcement_Teaser_Trailer_Big_Image_01-1536x767.jpg 1536w, https:\/\/www.apfelpatient.de\/wp-content\/uploads\/2026\/01\/012126_For_all_Mankind_Season5_Announcement_Teaser_Trailer_Big_Image_01-18x9.jpg 18w, https:\/\/www.apfelpatient.de\/wp-content\/uploads\/2026\/01\/012126_For_all_Mankind_Season5_Announcement_Teaser_Trailer_Big_Image_01-360x180.jpg 360w, https:\/\/www.apfelpatient.de\/wp-content\/uploads\/2026\/01\/012126_For_all_Mankind_Season5_Announcement_Teaser_Trailer_Big_Image_01-750x375.jpg 750w, https:\/\/www.apfelpatient.de\/wp-content\/uploads\/2026\/01\/012126_For_all_Mankind_Season5_Announcement_Teaser_Trailer_Big_Image_01-1140x569.jpg 1140w\" sizes=\"(max-width: 1600px) 100vw, 1600px\" \/><figcaption class=\"wp-element-caption\">Image: Apple<\/figcaption><\/figure>\n\n\n\n<h4 class=\"wp-block-heading\" id=\"h-besetzung-der-funften-staffel\">Casting of the fifth season<\/h4>\n\n\n\n<p>The regular cast for the fifth season includes Joel Kinnaman, Toby Kebbell, Edi Gathegi, Cynthy Wu, Coral Pe\u00f1a, and Wrenn Schmidt. The ensemble is joined by new series regulars: Mireille Enos, known from &quot;The Killing&quot; and &quot;Hanna&quot;; Costa Ronin from &quot;The Americans&quot; and &quot;Homeland&quot;; Sean Kaufman from &quot;The Summer I Turned Pretty&quot;; Ruby Cruz from &quot;Bottoms&quot;; and Ines Asserson from &quot;Royalteen.&quot; This expands and rejuvenates the cast.<\/p>\n\n\n\n<h4 class=\"wp-block-heading\" id=\"h-kreative-verantwortung-und-produktion\">Creative responsibility and production<\/h4>\n\n\n\n<p>&quot;For All Mankind&quot; was developed by Ronald D. Moore, Matt Wolpert, and Ben Nedivi. Moore is an Emmy Award winner, and Wolpert and Nedivi have been nominated for multiple Emmys. Wolpert and Nedivi serve as showrunners and executive producers alongside Moore, Maril Davis of Tall Ship Productions, Kira Snyder, David Weddle, Bradley Thompson, and Seth Edelstein. The series is produced by Sony Pictures Television for Apple TV.<\/p>\n\n\n\n<h4 class=\"wp-block-heading\" id=\"h-apple-tv-als-plattform-fur-preisgekronte-originalinhalte\">Apple TV as a platform for award-winning original content<\/h4>\n\n\n\n<p>All four seasons of &quot;For All Mankind&quot; are already available in their entirety on Apple TV. The streaming service also offers drama and comedy series, feature films, documentaries, and content for children and families, and can be used on various devices.<\/p>\n\n\n\n<p>Apple TV launched on November 1, 2019, and was the first streaming service worldwide to launch exclusively with original content. Since then, Apple Original films, series, and documentaries have garnered a total of 682 awards and 3,208 nominations. Among the most well-known titles are the multiple Emmy Award-winning comedy series &quot;The Studio&quot; and &quot;Ted Lasso,&quot; as well as the Oscar-winning film &quot;CODA.&quot;.<\/p>\n\n\n\n<ul class=\"wp-block-list\">\n<li><a href=\"https:\/\/www.apfelpatient.de\/en\/news\/apple-tv-announces-major-documentary-series-about-andre-agassi\" type=\"link\" id=\"https:\/\/www.apfelpatient.de\/news\/apple-tv-kuendigt-grosse-dokumentarserie-ueber-andre-agassi-an\">Apple TV announces major documentary series about Andre Agassi<\/a><\/li>\n\n\n\n<li><a href=\"https:\/\/www.apfelpatient.de\/en\/news\/apple-tv-receives-new-nominations-at-naacp-mpse-awards\">Apple TV receives new nominations at NAACP &amp; MPSE Awards<\/a><\/li>\n\n\n\n<li><a href=\"https:\/\/www.apfelpatient.de\/en\/news\/apple-tv-receives-seven-nominations-at-the-2026-pga-awards\">Apple TV receives seven nominations at the 2026 PGA Awards<\/a><\/li>\n\n\n\n<li><a href=\"https:\/\/www.apfelpatient.de\/en\/news\/apple-tv-dominates-actor-awards-with-comedy-hit-the-studio\">Apple TV dominates Actor Awards with comedy hit The Studio<\/a><\/li>\n\n\n\n<li><a href=\"https:\/\/www.apfelpatient.de\/en\/news\/apple-tv-wins-seven-awards-at-critics-choice-awards\">Apple TV wins seven awards at Critics&#039; Choice Awards<\/a><\/li>\n\n\n\n<li><a href=\"https:\/\/www.apfelpatient.de\/en\/generally\/apple-tv-in-january-2026-all-series-premieres-at-a-glance\">Apple TV in January 2026: An overview of all series premieres<\/a><\/li>\n\n\n\n<li><a href=\"https:\/\/www.apfelpatient.de\/en\/news\/apple-tv-sweeps-the-board-at-the-83-golden-globe-awards\">Apple TV sweeps the 83rd Golden Globe Awards<\/a><\/li>\n<\/ul>\n\n\n\n<h3 class=\"wp-block-heading\" id=\"h-ein-neuer-meilenstein-fur-for-all-mankind-auf-apple-tv\">A new milestone for &quot;For All Mankind&quot; on Apple TV<\/h3>\n\n\n\n<p class=\"translation-block\">With the fifth season of &quot;For All Mankind,&quot; Apple TV continues <a href=\"\/\/www.apple.com\/tv-pr\/news\/2026\/01\/apple-tv-reveals-first-look-at-season-five-of-hit-space-drama-for-all-mankind\/\u201c\" id=\"https:\/\/www.apple.com\/tv-pr\/news\/2026\/01\/apple-tv-reveals-first-look-at-season-five-of-hit-space-drama-for-all-mankind\/\" target=\"_blank\" rel=\"noreferrer noopener follow\" data-wpel-link=\"exclude\">to<\/a> expand its successful science fiction series. The growing Mars colony, new political tensions, and an expanded cast ensure a clear progression of the storyline. The premiere on March 27th marks not only the series&#039; return but also another important milestone in Apple TV&#039;s original programming lineup. (Image: Apple)<\/p>\n\n\n\n<ul class=\"wp-block-list\">\n<li><a href=\"https:\/\/www.apfelpatient.de\/en\/news\/apple-responds-to-boe-problems-and-relies-on-samsung\" type=\"link\" id=\"https:\/\/www.apfelpatient.de\/news\/apple-reagiert-auf-boe-probleme-und-setzt-auf-samsung\">Apple responds to BOE problems and relies on Samsung<\/a><\/li>\n\n\n\n<li><a href=\"https:\/\/www.apfelpatient.de\/en\/news\/apple-and-tracking-frances-ruling-has-far-reaching-implications\">Apple and tracking: France&#039;s landmark ruling<\/a><\/li>\n\n\n\n<li><a href=\"https:\/\/www.apfelpatient.de\/en\/news\/apple-delivers-new-firmware-for-magic-keyboard-on-ipad-pro-air\">iPad Pro &amp; Air: Apple releases new firmware for Magic Keyboard<\/a><\/li>\n\n\n\n<li><a href=\"https:\/\/www.apfelpatient.de\/en\/news\/apple-threatens-patent-lawsuit-over-eye-contact-function\">Apple faces patent lawsuit over Eye Contact feature<\/a><\/li>\n\n\n\n<li><a href=\"https:\/\/www.apfelpatient.de\/en\/news\/apple-faces-a-protracted-dispute-over-fall-detection\">Apple faces a protracted dispute over fall detection<\/a><\/li>\n\n\n\n<li><a href=\"https:\/\/www.apfelpatient.de\/en\/news\/iphone-17-pro-tests-dispel-concerns-about-discoloration\">iPhone 17 Pro: Tests dispel concerns about discoloration<\/a><\/li>\n\n\n\n<li><a href=\"https:\/\/www.apfelpatient.de\/en\/news\/apple-will-clearly-prevail-against-market-trend-in-china-in-2025\">Apple clearly prevailed against market trend in China in 2025<\/a><\/li>\n\n\n\n<li><a href=\"https:\/\/www.apfelpatient.de\/en\/news\/firehound-analyzes-app-store-apps-with-serious-data-leaks\">Firehound analyzes app store apps with serious data leaks<\/a><\/li>\n\n\n\n<li><a href=\"https:\/\/www.apfelpatient.de\/en\/news\/whatsapp-web-voice-video-group-calls-are-coming\">WhatsApp Web: Voice &amp; video group calls are coming soon<\/a><\/li>\n\n\n\n<li><a href=\"https:\/\/www.apfelpatient.de\/en\/news\/threads-wins-over-mobile-users-and-leaves-x-behind\">Threads is gaining mobile users and leaving X behind<\/a><\/li>\n\n\n\n<li><a href=\"https:\/\/www.apfelpatient.de\/en\/news\/openai-is-specifically-preparing-for-its-first-hardware-launch-in-2026\">OpenAI is specifically preparing for its first hardware launch in 2026<\/a><\/li>\n\n\n\n<li><a href=\"https:\/\/www.apfelpatient.de\/en\/news\/new-macbook-pro-update-in-sight-delivery-times-as-an-indication\">New MacBook Pro update on the horizon? Delivery times as a hint<\/a><\/li>\n\n\n\n<li><a href=\"https:\/\/www.apfelpatient.de\/en\/news\/apple-lisa-jackson-retires-after-13-years\">Apple: Lisa Jackson retires after 13 years<\/a><\/li>\n\n\n\n<li><a href=\"https:\/\/www.apfelpatient.de\/en\/news\/apple-music-shows-trailer-for-the-super-bowl-lx-halftime-show\">Apple Music shows trailers for the Super Bowl LX Halftime Show<\/a><\/li>\n\n\n\n<li><a href=\"https:\/\/www.apfelpatient.de\/en\/news\/apple-opens-new-sainte-catherine-store-in-montreal\">Apple opens new Sainte-Catherine Store in Montreal<\/a><\/li>\n\n\n\n<li><a href=\"https:\/\/www.apfelpatient.de\/en\/news\/chatgpt-introduces-a-cheap-subscription-and-tests-advertising\">ChatGPT introduces affordable subscription and tests advertising<\/a><\/li>\n\n\n\n<li><a href=\"https:\/\/www.apfelpatient.de\/en\/news\/apple-ignores-deadlines-and-angers-indian-authorities\">Apple ignores deadlines and angers Indian authorities<\/a><\/li>\n\n\n\n<li><a href=\"https:\/\/www.apfelpatient.de\/en\/news\/korea-rejects-elon-musks-application-in-dispute-against-apple\">Korea rejects Elon Musk&#039;s motion in dispute against Apple<\/a><\/li>\n\n\n\n<li><a href=\"https:\/\/www.apfelpatient.de\/en\/news\/gemini-personal-intelligence-offers-a-glimpse-into-the-future-of-siri\">Gemini Personal Intelligence offers insights into the future of Siri<\/a><\/li>\n\n\n\n<li><a href=\"https:\/\/www.apfelpatient.de\/en\/news\/apple-display-discovers-new-model-appears-in-database\">Apple Display discovered: New model appears in database<\/a><\/li>\n\n\n\n<li><a href=\"https:\/\/www.apfelpatient.de\/en\/news\/apple-is-redesigning-siri-and-entering-into-a-multi-billion-dollar-deal-with-google\">Apple is redesigning Siri and entering into a billion-dollar deal with Google<\/a><\/li>\n\n\n\n<li><a href=\"https:\/\/www.apfelpatient.de\/en\/news\/forecasts-and-expectations-for-apples-q1-2026-results\">Forecasts and expectations for Apple&#039;s Q1 2026 results<\/a><\/li>\n\n\n\n<li><a href=\"https:\/\/www.apfelpatient.de\/en\/news\/subscriptions-as-a-growth-engine-of-the-global-app-economy\">Subscriptions as a growth engine of the global app economy<\/a><\/li>\n\n\n\n<li><a href=\"https:\/\/www.apfelpatient.de\/en\/news\/apple-card-the-reasons-for-the-end-with-goldman-sachs\">Apple Card: The reasons for the end with Goldman Sachs<\/a><\/li>\n<\/ul>\n\n\n\n<h6 class=\"wp-block-heading translation-block\" id=\"h-kennt-ihr-schon-unsere-amazon-storefront-dort-findet-ihr-eine-handverlesene-auswahl-von-diversen-produkten-f-r-euer-iphone-und-co-viel-spa-beim-st-bern\"><em>Have you already visited our Amazon Storefront? There you&#039;ll find a hand-picked selection of various products for your iPhone and other devices \u2013 <span class=\"has-inline-color has-vivid-red-color\"><a href=\"https:\/\/www.amazon.de\/shop\/apfelpatientofficial\" class=\"ek-link\" data-wpel-link=\"exclude\" rel=\"follow noopener\" target=\"_self\"><span style=\"text-decoration: underline\" class=\"ek-underline\">enjoy browsing<\/span><\/a> !<\/span><\/em><\/h6>\n\n\n\n<h6 class=\"wp-block-heading translation-block\" id=\"h-der-beitrag-enthalt-partnerlinks\">This post contains <a data-type=\"URL\" data-id=\"https:\/\/www.apfelpatient.de\/partnerprogramm\" href=\"https:\/\/www.apfelpatient.de\/en\/partner-program\" data-wpel-link=\"internal\" target=\"_self\">affiliate links<\/a>.<\/h6>","protected":false},"excerpt":{"rendered":"<p>Apple TV launches For All Mankind season 5, continuing the alternate space exploration story with new political tensions.<\/p>","protected":false},"author":2,"featured_media":63048,"comment_status":"closed","ping_status":"open","sticky":false,"template":"","format":"standard","meta":{"jnews-multi-image_gallery":[],"jnews_single_post":{"format":"standard","override":[{"template":"2","parallax":"1","fullscreen":"1","layout":"right-sidebar","sidebar":"default-sidebar","second_sidebar":"default-sidebar","sticky_sidebar":"1","share_position":"top","share_float_style":"share-monocrhome","show_featured":"1","show_post_meta":"1","show_post_author":"1","show_post_author_image":"1","show_post_date":"1","post_date_format":"default","post_date_format_custom":"Y\/m\/d","show_post_reading_time":"0","post_reading_time_wpm":"300","post_calculate_word_method":"str_word_count","show_zoom_button":"0","zoom_button_out_step":"2","zoom_button_in_step":"3","show_post_tag":"1","show_prev_next_post":"1","show_popup_post":"1","show_comment_section":"1","number_popup_post":"1","show_author_box":"0","show_post_related":"0","show_inline_post_related":"0"}],"image_override":[{"single_post_thumbnail_size":"crop-500","single_post_gallery_size":"crop-500"}],"trending_post_position":"meta","trending_post_label":"Trending","sponsored_post_label":"Sponsored by","disable_ad":"0"},"jnews_primary_category":{"id":"9"},"footnotes":""},"categories":[9],"tags":[34,156],"class_list":["post-63049","post","type-post","status-publish","format-standard","has-post-thumbnail","hentry","category-news","tag-apple-dienste","tag-apple-tv"],"yoast_head":"<!-- This site is optimized with the Yoast SEO Premium plugin v27.4 (Yoast SEO v27.4) - https:\/\/yoast.com\/product\/yoast-seo-premium-wordpress\/ -->\n<title>Apple TV enth\u00fcllt Starttermin von For All Mankind Staffel 5 Apfelpatient<\/title>\n<meta name=\"description\" content=\"Apple TV bringt For All Mankind Staffel 5 an den Start und setzt die alternative Raumfahrtgeschichte mit neuen politischen Spannungen fort.\" \/>\n<meta name=\"robots\" content=\"index, follow, max-snippet:-1, max-image-preview:large, max-video-preview:-1\" \/>\n<link rel=\"canonical\" href=\"https:\/\/www.apfelpatient.de\/en\/news\/apple-tv-reveals-release-date-for-for-all-mankind-season-5\" \/>\n<meta property=\"og:locale\" content=\"en_US\" \/>\n<meta property=\"og:type\" content=\"article\" \/>\n<meta property=\"og:title\" content=\"Apple TV enth\u00fcllt Starttermin von For All Mankind Staffel 5\" \/>\n<meta property=\"og:description\" content=\"Apple TV bringt For All Mankind Staffel 5 an den Start und setzt die alternative Raumfahrtgeschichte mit neuen politischen Spannungen fort.\" \/>\n<meta property=\"og:url\" content=\"https:\/\/www.apfelpatient.de\/en\/news\/apple-tv-reveals-release-date-for-for-all-mankind-season-5\" \/>\n<meta property=\"og:site_name\" content=\"Apfelpatient\" \/>\n<meta property=\"article:publisher\" content=\"https:\/\/www.facebook.com\/apfelpatientOfficial\" \/>\n<meta property=\"article:author\" content=\"https:\/\/www.facebook.com\/apfelpatientOfficial\" \/>\n<meta property=\"article:published_time\" content=\"2026-01-21T15:46:33+00:00\" \/>\n<meta property=\"article:modified_time\" content=\"2026-01-21T15:48:19+00:00\" \/>\n<meta property=\"og:image\" content=\"https:\/\/www.apfelpatient.de\/wp-content\/uploads\/2026\/01\/Apple_TV_For_All_Mankind_key_art_16x9-1024x576.png\" \/>\n\t<meta property=\"og:image:width\" content=\"1024\" \/>\n\t<meta property=\"og:image:height\" content=\"576\" \/>\n\t<meta property=\"og:image:type\" content=\"image\/png\" \/>\n<meta name=\"author\" content=\"Milan\" \/>\n<meta name=\"twitter:card\" content=\"summary_large_image\" \/>\n<meta name=\"twitter:description\" content=\"Apple TV bringt For All Mankind Staffel 5 an den Start und setzt die alternative Raumfahrtgeschichte mit neuen politischen Spannungen fort.\" \/>\n<meta name=\"twitter:label1\" content=\"Written by\" \/>\n\t<meta name=\"twitter:data1\" content=\"Milan\" \/>\n\t<meta name=\"twitter:label2\" content=\"Est. reading time\" \/>\n\t<meta name=\"twitter:data2\" content=\"6 minutes\" \/>\n<script type=\"application\/ld+json\" class=\"yoast-schema-graph\">{\"@context\":\"https:\\\/\\\/schema.org\",\"@graph\":[{\"@type\":\"NewsArticle\",\"@id\":\"https:\\\/\\\/www.apfelpatient.de\\\/news\\\/apple-tv-enthuellt-starttermin-von-for-all-mankind-staffel-5#article\",\"isPartOf\":{\"@id\":\"https:\\\/\\\/www.apfelpatient.de\\\/news\\\/apple-tv-enthuellt-starttermin-von-for-all-mankind-staffel-5\"},\"author\":{\"@type\":\"Organization\",\"@id\":\"https:\\\/\\\/www.apfelpatient.de\\\/en\\\/#organization\",\"name\":\"Apfelpatient\",\"url\":\"https:\\\/\\\/www.apfelpatient.de\\\/en\\\/\"},\"headline\":\"Apple TV enth\u00fcllt Starttermin von For All Mankind Staffel 5\",\"datePublished\":\"2026-01-21T15:46:33+00:00\",\"dateModified\":\"2026-01-21T15:48:19+00:00\",\"mainEntityOfPage\":{\"@id\":\"https:\\\/\\\/www.apfelpatient.de\\\/news\\\/apple-tv-enthuellt-starttermin-von-for-all-mankind-staffel-5\"},\"wordCount\":931,\"publisher\":{\"@type\":\"Organization\",\"@id\":\"https:\\\/\\\/www.apfelpatient.de\\\/en\\\/#organization\",\"name\":\"Apfelpatient\",\"url\":\"https:\\\/\\\/www.apfelpatient.de\\\/en\\\/\"},\"image\":{\"@id\":\"https:\\\/\\\/www.apfelpatient.de\\\/news\\\/apple-tv-enthuellt-starttermin-von-for-all-mankind-staffel-5#primaryimage\"},\"thumbnailUrl\":\"https:\\\/\\\/www.apfelpatient.de\\\/wp-content\\\/uploads\\\/2026\\\/01\\\/Apple_TV_For_All_Mankind_key_art_16x9.png\",\"keywords\":[\"Apple Dienste\",\"Apple TV\"],\"articleSection\":\"News\",\"inLanguage\":\"en-US\",\"copyrightYear\":\"2026\",\"copyrightHolder\":{\"@id\":\"https:\\\/\\\/www.apfelpatient.de\\\/en\\\/#organization\"}},{\"@type\":\"WebPage\",\"@id\":\"https:\\\/\\\/www.apfelpatient.de\\\/news\\\/apple-tv-enthuellt-starttermin-von-for-all-mankind-staffel-5\",\"url\":\"https:\\\/\\\/www.apfelpatient.de\\\/news\\\/apple-tv-enthuellt-starttermin-von-for-all-mankind-staffel-5\",\"name\":\"Apple TV enth\u00fcllt Starttermin von For All Mankind Staffel 5 Apfelpatient\",\"isPartOf\":{\"@id\":\"https:\\\/\\\/www.apfelpatient.de\\\/#website\"},\"primaryImageOfPage\":{\"@id\":\"https:\\\/\\\/www.apfelpatient.de\\\/news\\\/apple-tv-enthuellt-starttermin-von-for-all-mankind-staffel-5#primaryimage\"},\"image\":{\"@id\":\"https:\\\/\\\/www.apfelpatient.de\\\/news\\\/apple-tv-enthuellt-starttermin-von-for-all-mankind-staffel-5#primaryimage\"},\"thumbnailUrl\":\"https:\\\/\\\/www.apfelpatient.de\\\/wp-content\\\/uploads\\\/2026\\\/01\\\/Apple_TV_For_All_Mankind_key_art_16x9.png\",\"datePublished\":\"2026-01-21T15:46:33+00:00\",\"dateModified\":\"2026-01-21T15:48:19+00:00\",\"description\":\"Apple TV bringt For All Mankind Staffel 5 an den Start und setzt die alternative Raumfahrtgeschichte mit neuen politischen Spannungen fort.\",\"breadcrumb\":{\"@id\":\"https:\\\/\\\/www.apfelpatient.de\\\/news\\\/apple-tv-enthuellt-starttermin-von-for-all-mankind-staffel-5#breadcrumb\"},\"inLanguage\":\"en-US\",\"potentialAction\":[{\"@type\":\"ReadAction\",\"target\":[\"https:\\\/\\\/www.apfelpatient.de\\\/news\\\/apple-tv-enthuellt-starttermin-von-for-all-mankind-staffel-5\"]}]},{\"@type\":\"ImageObject\",\"inLanguage\":\"en-US\",\"@id\":\"https:\\\/\\\/www.apfelpatient.de\\\/news\\\/apple-tv-enthuellt-starttermin-von-for-all-mankind-staffel-5#primaryimage\",\"url\":\"https:\\\/\\\/www.apfelpatient.de\\\/wp-content\\\/uploads\\\/2026\\\/01\\\/Apple_TV_For_All_Mankind_key_art_16x9.png\",\"contentUrl\":\"https:\\\/\\\/www.apfelpatient.de\\\/wp-content\\\/uploads\\\/2026\\\/01\\\/Apple_TV_For_All_Mankind_key_art_16x9.png\",\"width\":1600,\"height\":900,\"caption\":\"Bild: Apple\"},{\"@type\":\"BreadcrumbList\",\"@id\":\"https:\\\/\\\/www.apfelpatient.de\\\/news\\\/apple-tv-enthuellt-starttermin-von-for-all-mankind-staffel-5#breadcrumb\",\"itemListElement\":[{\"@type\":\"ListItem\",\"position\":1,\"name\":\"Startseite\",\"item\":\"https:\\\/\\\/www.apfelpatient.de\\\/\"},{\"@type\":\"ListItem\",\"position\":2,\"name\":\"Apple TV enth\u00fcllt Starttermin von For All Mankind Staffel 5\"}]},{\"@type\":\"WebSite\",\"@id\":\"https:\\\/\\\/www.apfelpatient.de\\\/#website\",\"url\":\"https:\\\/\\\/www.apfelpatient.de\\\/\",\"name\":\"Apfelpatient\",\"description\":\"Alles rund um Apple!\",\"publisher\":{\"@type\":\"Organization\",\"@id\":\"https:\\\/\\\/www.apfelpatient.de\\\/en\\\/#organization\",\"name\":\"Apfelpatient\",\"url\":\"https:\\\/\\\/www.apfelpatient.de\\\/en\\\/\"},\"alternateName\":\"Apfelpatient\",\"potentialAction\":[{\"@type\":\"SearchAction\",\"target\":{\"@type\":\"EntryPoint\",\"urlTemplate\":\"https:\\\/\\\/www.apfelpatient.de\\\/?s={search_term_string}\"},\"query-input\":{\"@type\":\"PropertyValueSpecification\",\"valueRequired\":true,\"valueName\":\"search_term_string\"}}],\"inLanguage\":\"en-US\"},{\"@type\":[\"Person\",\"Organization\"],\"@id\":\"https:\\\/\\\/www.apfelpatient.de\\\/#\\\/schema\\\/person\\\/7dc56ad6c8e9824b76d2c08d4c140e13\",\"name\":\"Milan\",\"logo\":{\"@id\":\"https:\\\/\\\/www.apfelpatient.de\\\/#\\\/schema\\\/person\\\/image\\\/\"},\"description\":\"Hallo und herzlich willkommen auf meinem Technik-Blog! Als gro\u00dfer Apple-Fan berichte ich hier \u00fcber alles, was mit Apple zu tun hat: von den neuesten News und spannenden Ger\u00fcchten \u00fcber hilfreiche Tipps und Tricks bis hin zu ausf\u00fchrlichen Produkttests. Wenn du genauso technikbegeistert bist wie ich, bist du hier genau richtig!\",\"sameAs\":[\"https:\\\/\\\/www.facebook.com\\\/apfelpatientOfficial\",\"https:\\\/\\\/www.linkedin.com\\\/in\\\/milan-jovicic-42aa0231b\"],\"url\":\"https:\\\/\\\/www.apfelpatient.de\\\/en\\\/author\\\/apfeladmin\"}]}<\/script>\n<!-- \/ Yoast SEO Premium plugin. -->","yoast_head_json":{"title":"Apple TV reveals release date for For All Mankind Season 5 Apfelpatient","description":"Apple TV launches For All Mankind season 5, continuing the alternate space exploration story with new political tensions.","robots":{"index":"index","follow":"follow","max-snippet":"max-snippet:-1","max-image-preview":"max-image-preview:large","max-video-preview":"max-video-preview:-1"},"canonical":"https:\/\/www.apfelpatient.de\/en\/news\/apple-tv-reveals-release-date-for-for-all-mankind-season-5","og_locale":"en_US","og_type":"article","og_title":"Apple TV enth\u00fcllt Starttermin von For All Mankind Staffel 5","og_description":"Apple TV bringt For All Mankind Staffel 5 an den Start und setzt die alternative Raumfahrtgeschichte mit neuen politischen Spannungen fort.","og_url":"https:\/\/www.apfelpatient.de\/en\/news\/apple-tv-reveals-release-date-for-for-all-mankind-season-5","og_site_name":"Apfelpatient","article_publisher":"https:\/\/www.facebook.com\/apfelpatientOfficial","article_author":"https:\/\/www.facebook.com\/apfelpatientOfficial","article_published_time":"2026-01-21T15:46:33+00:00","article_modified_time":"2026-01-21T15:48:19+00:00","og_image":[{"width":1024,"height":576,"url":"https:\/\/www.apfelpatient.de\/wp-content\/uploads\/2026\/01\/Apple_TV_For_All_Mankind_key_art_16x9-1024x576.png","type":"image\/png"}],"author":"Milan","twitter_card":"summary_large_image","twitter_description":"Apple TV bringt For All Mankind Staffel 5 an den Start und setzt die alternative Raumfahrtgeschichte mit neuen politischen Spannungen fort.","twitter_misc":{"Written by":"Milan","Est. reading time":"6 minutes"},"schema":{"@context":"https:\/\/schema.org","@graph":[{"@type":"NewsArticle","@id":"https:\/\/www.apfelpatient.de\/news\/apple-tv-enthuellt-starttermin-von-for-all-mankind-staffel-5#article","isPartOf":{"@id":"https:\/\/www.apfelpatient.de\/news\/apple-tv-enthuellt-starttermin-von-for-all-mankind-staffel-5"},"author":{"@type":"Organization","@id":"https:\/\/www.apfelpatient.de\/en\/#organization","name":"Apfelpatient","url":"https:\/\/www.apfelpatient.de\/en\/"},"headline":"Apple TV enth\u00fcllt Starttermin von For All Mankind Staffel 5","datePublished":"2026-01-21T15:46:33+00:00","dateModified":"2026-01-21T15:48:19+00:00","mainEntityOfPage":{"@id":"https:\/\/www.apfelpatient.de\/news\/apple-tv-enthuellt-starttermin-von-for-all-mankind-staffel-5"},"wordCount":931,"publisher":{"@type":"Organization","@id":"https:\/\/www.apfelpatient.de\/en\/#organization","name":"Apfelpatient","url":"https:\/\/www.apfelpatient.de\/en\/"},"image":{"@id":"https:\/\/www.apfelpatient.de\/news\/apple-tv-enthuellt-starttermin-von-for-all-mankind-staffel-5#primaryimage"},"thumbnailUrl":"https:\/\/www.apfelpatient.de\/wp-content\/uploads\/2026\/01\/Apple_TV_For_All_Mankind_key_art_16x9.png","keywords":["Apple Dienste","Apple TV"],"articleSection":"News","inLanguage":"en-US","copyrightYear":"2026","copyrightHolder":{"@id":"https:\/\/www.apfelpatient.de\/en\/#organization"}},{"@type":"WebPage","@id":"https:\/\/www.apfelpatient.de\/news\/apple-tv-enthuellt-starttermin-von-for-all-mankind-staffel-5","url":"https:\/\/www.apfelpatient.de\/news\/apple-tv-enthuellt-starttermin-von-for-all-mankind-staffel-5","name":"Apple TV reveals release date for For All Mankind Season 5 Apfelpatient","isPartOf":{"@id":"https:\/\/www.apfelpatient.de\/#website"},"primaryImageOfPage":{"@id":"https:\/\/www.apfelpatient.de\/news\/apple-tv-enthuellt-starttermin-von-for-all-mankind-staffel-5#primaryimage"},"image":{"@id":"https:\/\/www.apfelpatient.de\/news\/apple-tv-enthuellt-starttermin-von-for-all-mankind-staffel-5#primaryimage"},"thumbnailUrl":"https:\/\/www.apfelpatient.de\/wp-content\/uploads\/2026\/01\/Apple_TV_For_All_Mankind_key_art_16x9.png","datePublished":"2026-01-21T15:46:33+00:00","dateModified":"2026-01-21T15:48:19+00:00","description":"Apple TV launches For All Mankind season 5, continuing the alternate space exploration story with new political tensions.","breadcrumb":{"@id":"https:\/\/www.apfelpatient.de\/news\/apple-tv-enthuellt-starttermin-von-for-all-mankind-staffel-5#breadcrumb"},"inLanguage":"en-US","potentialAction":[{"@type":"ReadAction","target":["https:\/\/www.apfelpatient.de\/news\/apple-tv-enthuellt-starttermin-von-for-all-mankind-staffel-5"]}]},{"@type":"ImageObject","inLanguage":"en-US","@id":"https:\/\/www.apfelpatient.de\/news\/apple-tv-enthuellt-starttermin-von-for-all-mankind-staffel-5#primaryimage","url":"https:\/\/www.apfelpatient.de\/wp-content\/uploads\/2026\/01\/Apple_TV_For_All_Mankind_key_art_16x9.png","contentUrl":"https:\/\/www.apfelpatient.de\/wp-content\/uploads\/2026\/01\/Apple_TV_For_All_Mankind_key_art_16x9.png","width":1600,"height":900,"caption":"Bild: Apple"},{"@type":"BreadcrumbList","@id":"https:\/\/www.apfelpatient.de\/news\/apple-tv-enthuellt-starttermin-von-for-all-mankind-staffel-5#breadcrumb","itemListElement":[{"@type":"ListItem","position":1,"name":"Startseite","item":"https:\/\/www.apfelpatient.de\/"},{"@type":"ListItem","position":2,"name":"Apple TV enth\u00fcllt Starttermin von For All Mankind Staffel 5"}]},{"@type":"WebSite","@id":"https:\/\/www.apfelpatient.de\/#website","url":"https:\/\/www.apfelpatient.de\/","name":"apple patient","description":"Everything about Apple!","publisher":{"@type":"Organization","@id":"https:\/\/www.apfelpatient.de\/en\/#organization","name":"Apfelpatient","url":"https:\/\/www.apfelpatient.de\/en\/"},"alternateName":"Apfelpatient","potentialAction":[{"@type":"SearchAction","target":{"@type":"EntryPoint","urlTemplate":"https:\/\/www.apfelpatient.de\/?s={search_term_string}"},"query-input":{"@type":"PropertyValueSpecification","valueRequired":true,"valueName":"search_term_string"}}],"inLanguage":"en-US"},{"@type":["Person","Organization"],"@id":"https:\/\/www.apfelpatient.de\/#\/schema\/person\/7dc56ad6c8e9824b76d2c08d4c140e13","name":"Milan","logo":{"@id":"https:\/\/www.apfelpatient.de\/#\/schema\/person\/image\/"},"description":"Hello and welcome to my technology blog! As a big Apple fan, I report on everything to do with Apple: from the latest news and exciting rumors to helpful tips and tricks and detailed product tests. If you are as enthusiastic about technology as I am, you have come to the right place!","sameAs":["https:\/\/www.facebook.com\/apfelpatientOfficial","https:\/\/www.linkedin.com\/in\/milan-jovicic-42aa0231b"],"url":"https:\/\/www.apfelpatient.de\/en\/author\/apfeladmin"}]}},"_links":{"self":[{"href":"https:\/\/www.apfelpatient.de\/en\/wp-json\/wp\/v2\/posts\/63049","targetHints":{"allow":["GET"]}}],"collection":[{"href":"https:\/\/www.apfelpatient.de\/en\/wp-json\/wp\/v2\/posts"}],"about":[{"href":"https:\/\/www.apfelpatient.de\/en\/wp-json\/wp\/v2\/types\/post"}],"author":[{"embeddable":true,"href":"https:\/\/www.apfelpatient.de\/en\/wp-json\/wp\/v2\/users\/2"}],"replies":[{"embeddable":true,"href":"https:\/\/www.apfelpatient.de\/en\/wp-json\/wp\/v2\/comments?post=63049"}],"version-history":[{"count":2,"href":"https:\/\/www.apfelpatient.de\/en\/wp-json\/wp\/v2\/posts\/63049\/revisions"}],"predecessor-version":[{"id":63051,"href":"https:\/\/www.apfelpatient.de\/en\/wp-json\/wp\/v2\/posts\/63049\/revisions\/63051"}],"wp:featuredmedia":[{"embeddable":true,"href":"https:\/\/www.apfelpatient.de\/en\/wp-json\/wp\/v2\/media\/63048"}],"wp:attachment":[{"href":"https:\/\/www.apfelpatient.de\/en\/wp-json\/wp\/v2\/media?parent=63049"}],"wp:term":[{"taxonomy":"category","embeddable":true,"href":"https:\/\/www.apfelpatient.de\/en\/wp-json\/wp\/v2\/categories?post=63049"},{"taxonomy":"post_tag","embeddable":true,"href":"https:\/\/www.apfelpatient.de\/en\/wp-json\/wp\/v2\/tags?post=63049"}],"curies":[{"name":"wp","href":"https:\/\/api.w.org\/{rel}","templated":true}]}}