{"id":61826,"date":"2025-12-10T20:25:25","date_gmt":"2025-12-10T19:25:25","guid":{"rendered":"https:\/\/www.apfelpatient.de\/?p=61826"},"modified":"2025-12-10T20:54:46","modified_gmt":"2025-12-10T19:54:46","slug":"apple-tv-builds-its-reputation-with-new-afi-awards","status":"publish","type":"post","link":"https:\/\/www.apfelpatient.de\/en\/news\/apple-tv-baut-seinen-ruf-durch-neue-afi-ehrungen-aus","title":{"rendered":"Apple TV enhances its reputation with new AFI accolades"},"content":{"rendered":"<p class=\"has-drop-cap\"><strong>Apple TV has become a fixture in the international television landscape. Repeated recognition from the American Film Institute demonstrates the high regard in which the service&#039;s productions are held. Three Apple TV series were selected for the 2025 AFI Awards: Pluribus, Severance, and The Studio. This selection is seen as a clear indication of the standing Apple TV has achieved within the industry.<\/strong><\/p>\n\n\n\n<p>Each year, the AFI awards ten films and ten series deemed particularly relevant to the cultural and artistic landscape of that year. Since the launch of Apple TV in November 2019, productions from the streaming service have almost consistently been among the honorees. Only in the first year after the launch did no awards go to Apple TV. The AFI Awards do not exclude individual achievements but rather focus on the entire creative team. This principle has shaped the awards ceremony for more than 25 years.<\/p>\n\n\n\n<h4 class=\"wp-block-heading\" id=\"h-afi-wurdigt-drei-apple-tv-serien\">AFI honors three Apple TV series<\/h4>\n\n\n\n<p class=\"translation-block\">For 2025, the AFI has included three Apple TV titles in its list: Pluribus, Severance, and The Studio. All three exemplify the streaming service&#039;s focus on high-quality, original series. AFI President Bob Gazzale emphasized in a <a href=\"https:\/\/www.afi.com\/news\/afi-awards-2025-honorees-announced\/\" target=\"_blank\" rel=\"noreferrer noopener\" data-wpel-link=\"external\">statement<\/a> that the awards are intended to foster a community without competition. The selected teams have demonstrated how art can have an impact even in challenging times.<\/p>\n\n\n\n<p>The official ceremony will take place on January 9, 2026. The selection was made by a jury that included director Thomas Schlamme, known for The West Wing and Sports Night. Actress Lily Gladstone, who appeared in Apple&#039;s Killers of the Flower Moon, was also on the jury.<\/p>\n\n\n\n<h4 class=\"wp-block-heading\" id=\"h-ruckblick-auf-fruhere-apple-erfolge\">A look back at Apple&#039;s past successes<\/h4>\n\n\n\n<p>Apple TV has received numerous awards in recent years. In the film category, winners include CODA and The Tragedy of Macbeth from 2021. The Apple film Killers of the Flower Moon also received an AFI Award in 2023.<\/p>\n\n\n\n<p>In the television category, Ted Lasso and Severance are among the most successful titles, each having received two awards. Other series such as The Morning Show, Pachinko, Schmigadoon!, and Shrinking have also been recognized in various years. For 2025, Severance and Pluribus are also nominated for Golden Globes. This further increases the visibility of these two shows and demonstrates their widespread recognition beyond the AFI awards.<\/p>\n\n\n\n<h4 class=\"wp-block-heading\" id=\"h-die-bedeutung-fur-apple-tv\">The significance for Apple TV<\/h4>\n\n\n\n<p>The repeated awards underscore Apple TV&#039;s unwavering commitment to quality. The platform has quickly established itself as a provider of high-quality series with a distinctive style. Its annual presence at the AFI Awards demonstrates that its productions not only resonate with audiences but also impress expert juries.<\/p>\n\n\n\n<p>A trend that has been developing since 2019 is becoming apparent: Apple TV is investing in strong content, working with renowned creatives, and emphasizing clear narrative concepts. The AFI awards confirm this approach.<\/p>\n\n\n\n<ul class=\"wp-block-list\">\n<li><a href=\"https:\/\/www.apfelpatient.de\/en\/news\/apple-tv-reveals-new-features-for-the-f1-streaming-experience\">Apple TV reveals new features for the F1 streaming experience<\/a><\/li>\n\n\n\n<li><a href=\"https:\/\/www.apfelpatient.de\/en\/news\/apple-tv-severance-season-3-with-a-new-release-schedule\">Apple TV: Severance Season 3 with a new release schedule<\/a><\/li>\n\n\n\n<li><a href=\"https:\/\/www.apfelpatient.de\/en\/news\/apple-tv-surprises-with-date-for-tehran-season-3\">Apple TV surprises with release date for Tehran Season 3<\/a><\/li>\n\n\n\n<li><a href=\"https:\/\/www.apfelpatient.de\/en\/news\/apple-tv-expands-its-offerings-with-your-friends-neighbours-s2\">Apple TV expands its offerings with Your Friends &amp; Neighbors S2<\/a><\/li>\n\n\n\n<li><a href=\"https:\/\/www.apfelpatient.de\/en\/news\/apple-and-f1-are-already-exploring-new-avenues-of-cooperation\">Apple and F1 are already exploring new avenues of cooperation<\/a><\/li>\n\n\n\n<li><a href=\"https:\/\/www.apfelpatient.de\/en\/news\/apple-strengthens-its-presence-in-sports-through-real-madrid-content\">Apple strengthens its presence in sports through Real Madrid content<\/a><\/li>\n\n\n\n<li><a href=\"https:\/\/www.apfelpatient.de\/en\/news\/apple-tvs-mysterious-deletions-raise-new-questions\">Apple TV: Mysterious deletions raise new questions<\/a><\/li>\n\n\n\n<li><a href=\"https:\/\/www.apfelpatient.de\/en\/news\/apple-tv-will-keep-friday-night-baseball-free-until-2028\">Apple TV will keep Friday Night Baseball free until 2028<\/a><\/li>\n\n\n\n<li><a href=\"https:\/\/www.apfelpatient.de\/en\/news\/f1-the-movie-how-realistic-is-a-sequel-really\">F1 The Movie: How realistic is a sequel really?<\/a><\/li>\n\n\n\n<li><a href=\"https:\/\/www.apfelpatient.de\/en\/news\/apple-shortens-mls-deal-new-contract-ends-in-2029\">Apple shortens MLS deal: New contract ends in 2029<\/a><\/li>\n\n\n\n<li><a href=\"https:\/\/www.apfelpatient.de\/en\/news\/apple-tv-will-show-all-mls-games-in-2026-at-no-extra-cost\">Apple TV will show all MLS games in 2026 at no extra cost.<\/a><\/li>\n\n\n\n<li><a href=\"https:\/\/www.apfelpatient.de\/en\/news\/sci-fi-hit-monarch-second-season-available-on-apple-tv-from-february-2026\">Sci-fi hit Monarch: Season 2 premieres in February 2026 on Apple TV<\/a><\/li>\n<\/ul>\n\n\n\n<h3 class=\"wp-block-heading\" id=\"h-apple-tv-starkt-seine-position-in-der-serienwelt\">Apple TV strengthens its position in the world of TV series<\/h3>\n\n\n\n<p>The 2025 AFI Awards demonstrate the significant impact Apple TV has had on the television landscape. Pluribus, Severance, and The Studio are among the three most important television achievements of the year. Combined with its successes in previous years, this paints a clear picture of significant growth. Apple TV is not just another streaming service, but a provider that has secured its place in the industry through consistent quality. (Image: Apple)<\/p>\n\n\n\n<ul class=\"wp-block-list\">\n<li><a href=\"https:\/\/www.apfelpatient.de\/en\/news\/apple-citi-sees-strong-growth-and-raises-price-target\">Apple: Citi sees strong growth and raises price target<\/a><\/li>\n\n\n\n<li><a href=\"https:\/\/www.apfelpatient.de\/en\/news\/thanks-to-ai-the-apple-watch-becomes-a-tool-for-disease-prediction\">Thanks to AI, the Apple Watch is becoming a tool for disease prediction<\/a><\/li>\n\n\n\n<li><a href=\"https:\/\/www.apfelpatient.de\/en\/news\/apple-and-google-simplify-switching-and-support-dma-according-to-the-eu\">Apple and Google simplify switching and support DMA, according to the EU<\/a><\/li>\n\n\n\n<li><a href=\"https:\/\/www.apfelpatient.de\/en\/news\/disney-plans-to-expand-its-board-of-directors-and-is-betting-on-jeff-williams\">Disney plans to expand its board of directors and is counting on Jeff Williams<\/a><\/li>\n\n\n\n<li><a href=\"https:\/\/www.apfelpatient.de\/en\/news\/iphone-fold-analysts-see-a-high-impact-on-the-segment\">iPhone Fold: Analysts see a strong impact on the segment<\/a><\/li>\n\n\n\n<li><a href=\"https:\/\/www.apfelpatient.de\/en\/news\/apple-arcade-announces-fresh-content-for-january-2026\">Apple Arcade announces fresh content for January 2026<\/a><\/li>\n\n\n\n<li><a href=\"https:\/\/www.apfelpatient.de\/en\/news\/google-is-focusing-on-ai-powered-smart-glasses-and-plans-a-market-launch-in-2026\">Google is focusing on AI-powered smart glasses and plans to launch them in 2026<\/a><\/li>\n\n\n\n<li><a href=\"https:\/\/www.apfelpatient.de\/en\/news\/netflix-guarantees-warner-will-continue-producing-for-apple-tv\">Netflix guarantees: Warner will continue producing for Apple TV<\/a><\/li>\n\n\n\n<li><a href=\"https:\/\/www.apfelpatient.de\/en\/news\/apple-and-google-simplify-switching-between-devices\">Apple and Google simplify switching between devices<\/a><\/li>\n\n\n\n<li><a href=\"https:\/\/www.apfelpatient.de\/en\/news\/the-iphone-16-was-the-number-one-phone-worldwide-in-the-third-quarter-of-2025\">The iPhone 16 was the number one phone worldwide in the third quarter of 2025<\/a><\/li>\n\n\n\n<li><a href=\"https:\/\/www.apfelpatient.de\/en\/news\/paramount-is-fighting-against-the-sale-of-warner-bros-to-netflix\">Paramount is fighting against the sale of Warner Bros. to Netflix<\/a><\/li>\n\n\n\n<li><a href=\"https:\/\/www.apfelpatient.de\/en\/news\/apple-tv-receives-14-nominations-at-the-2026-golden-globes\">Apple TV receives 14 nominations at the 2026 Golden Globes<\/a><\/li>\n\n\n\n<li><a href=\"https:\/\/www.apfelpatient.de\/en\/news\/apple-remains-stable-johnny-srouji-confirms-he-will-stay-with-the-company\">Apple remains stable: Johny Srouji confirms he will stay with the company<\/a><\/li>\n\n\n\n<li><a href=\"https:\/\/www.apfelpatient.de\/en\/news\/apple-fitness-introduces-german-and-much-more\">Apple Fitness+ introduces German and much more<\/a><\/li>\n\n\n\n<li><a href=\"https:\/\/www.apfelpatient.de\/en\/news\/apple-with-new-ai-focus-wedbush-raises-price-target\">Apple with new AI focus: Wedbush raises price target<\/a><\/li>\n\n\n\n<li><a href=\"https:\/\/www.apfelpatient.de\/en\/news\/apple-tv-reveals-new-features-for-the-f1-streaming-experience\">Apple TV reveals new features for the F1 streaming experience<\/a><\/li>\n\n\n\n<li><a href=\"https:\/\/www.apfelpatient.de\/en\/news\/evercore-has-higher-expectations-for-apple-and-raises-its-price-target-to-325\">Evercore has higher expectations for Apple and raises its price target to $325<\/a><\/li>\n\n\n\n<li><a href=\"https:\/\/www.apfelpatient.de\/en\/news\/indias-plan-to-permanently-activate-gps-has-once-again-sparked-criticism\">India plans to permanently activate A-GPS, sparking renewed criticism<\/a><\/li>\n\n\n\n<li><a href=\"https:\/\/www.apfelpatient.de\/en\/news\/apples-new-design-era-is-generating-internal-enthusiasm-despite-major-changes\">Apple&#039;s new design era is generating internal enthusiasm despite major upheaval<\/a><\/li>\n\n\n\n<li><a href=\"https:\/\/www.apfelpatient.de\/en\/news\/apple-is-struggling-with-talent-exodus-to-openai-and-internal-resignations\">Apple is struggling with talent exodus to OpenAI and internal resignations<\/a><\/li>\n\n\n\n<li><a href=\"https:\/\/www.apfelpatient.de\/en\/news\/netflix-acquires-warner-bros-and-hbo-max-for-83-billion\">Netflix acquires Warner Bros. and HBO Max for 83 billion<\/a><\/li>\n\n\n\n<li><a href=\"https:\/\/www.apfelpatient.de\/en\/news\/sam-altman-and-jony-ive-lose-the-io-trademark-dispute\">Sam Altman and Jony Ive lose the io trademark dispute<\/a><\/li>\n\n\n\n<li><a href=\"https:\/\/www.apfelpatient.de\/en\/news\/apple-confirms-departure-of-two-more-executives\">Apple confirms departure of two more executives<\/a><\/li>\n<\/ul>\n\n\n\n<h6 class=\"wp-block-heading translation-block\" id=\"h-kennt-ihr-schon-unsere-amazon-storefront-dort-findet-ihr-eine-handverlesene-auswahl-von-diversen-produkten-f-r-euer-iphone-und-co-viel-spa-beim-st-bern\"><em>Have you already visited our Amazon Storefront? There you&#039;ll find a hand-picked selection of various products for your iPhone and other devices \u2013 <span class=\"has-inline-color has-vivid-red-color\"><a href=\"https:\/\/www.amazon.de\/shop\/apfelpatientofficial\" class=\"ek-link\" data-wpel-link=\"exclude\" rel=\"follow noopener\" target=\"_self\"><span style=\"text-decoration: underline\" class=\"ek-underline\">enjoy browsing<\/span><\/a> !<\/span><\/em><\/h6>\n\n\n\n<h6 class=\"wp-block-heading translation-block\" id=\"h-der-beitrag-enthalt-partnerlinks\">This post contains <a data-type=\"URL\" data-id=\"https:\/\/www.apfelpatient.de\/partnerprogramm\" href=\"https:\/\/www.apfelpatient.de\/en\/partner-program\" data-wpel-link=\"internal\" target=\"_self\">affiliate links<\/a>.<\/h6>","protected":false},"excerpt":{"rendered":"<p>Apple TV received great recognition at the 2025 AFI Awards, once again demonstrating its focus on quality, creativity and strong storytelling.<\/p>","protected":false},"author":2,"featured_media":61825,"comment_status":"closed","ping_status":"open","sticky":false,"template":"","format":"standard","meta":{"jnews-multi-image_gallery":[],"jnews_single_post":{"format":"standard","override":[{"template":"2","parallax":"1","fullscreen":"1","layout":"right-sidebar","sidebar":"default-sidebar","second_sidebar":"default-sidebar","sticky_sidebar":"1","share_position":"top","share_float_style":"share-monocrhome","show_featured":"1","show_post_meta":"1","show_post_author":"1","show_post_author_image":"1","show_post_date":"1","post_date_format":"default","post_date_format_custom":"Y\/m\/d","show_post_reading_time":"0","post_reading_time_wpm":"300","post_calculate_word_method":"str_word_count","show_zoom_button":"0","zoom_button_out_step":"2","zoom_button_in_step":"3","show_post_tag":"1","show_prev_next_post":"1","show_popup_post":"1","show_comment_section":"1","number_popup_post":"1","show_author_box":"0","show_post_related":"0","show_inline_post_related":"0"}],"image_override":[{"single_post_thumbnail_size":"crop-500","single_post_gallery_size":"crop-500"}],"trending_post_position":"meta","trending_post_label":"Trending","sponsored_post_label":"Sponsored by","disable_ad":"0"},"jnews_primary_category":{"id":"9"},"footnotes":""},"categories":[9],"tags":[34,156],"class_list":["post-61826","post","type-post","status-publish","format-standard","has-post-thumbnail","hentry","category-news","tag-apple-dienste","tag-apple-tv"],"yoast_head":"<!-- This site is optimized with the Yoast SEO Premium plugin v27.4 (Yoast SEO v27.4) - https:\/\/yoast.com\/product\/yoast-seo-premium-wordpress\/ -->\n<title>Apple TV baut seinen Ruf durch neue AFI-Ehrungen aus Apfelpatient<\/title>\n<meta name=\"description\" content=\"Apple TV feiert 2025 gro\u00dfe Anerkennung bei den AFI Awards und beweist erneut den Fokus auf Qualit\u00e4t, Kreativit\u00e4t und starke Erz\u00e4hlweisen.\" \/>\n<meta name=\"robots\" content=\"index, follow, max-snippet:-1, max-image-preview:large, max-video-preview:-1\" \/>\n<link rel=\"canonical\" href=\"https:\/\/www.apfelpatient.de\/en\/news\/apple-tv-builds-its-reputation-with-new-afi-awards\" \/>\n<meta property=\"og:locale\" content=\"en_US\" \/>\n<meta property=\"og:type\" content=\"article\" \/>\n<meta property=\"og:title\" content=\"Apple TV baut seinen Ruf durch neue AFI-Ehrungen aus\" \/>\n<meta property=\"og:description\" content=\"Apple TV feiert 2025 gro\u00dfe Anerkennung bei den AFI Awards und beweist erneut den Fokus auf Qualit\u00e4t, Kreativit\u00e4t und starke Erz\u00e4hlweisen.\" \/>\n<meta property=\"og:url\" content=\"https:\/\/www.apfelpatient.de\/en\/news\/apple-tv-builds-its-reputation-with-new-afi-awards\" \/>\n<meta property=\"og:site_name\" content=\"Apfelpatient\" \/>\n<meta property=\"article:publisher\" content=\"https:\/\/www.facebook.com\/apfelpatientOfficial\" \/>\n<meta property=\"article:author\" content=\"https:\/\/www.facebook.com\/apfelpatientOfficial\" \/>\n<meta property=\"article:published_time\" content=\"2025-12-10T19:25:25+00:00\" \/>\n<meta property=\"article:modified_time\" content=\"2025-12-10T19:54:46+00:00\" \/>\n<meta property=\"og:image\" content=\"https:\/\/www.apfelpatient.de\/wp-content\/uploads\/2025\/12\/Severance_Photo_0201.jpg\" \/>\n\t<meta property=\"og:image:width\" content=\"1600\" \/>\n\t<meta property=\"og:image:height\" content=\"669\" \/>\n\t<meta property=\"og:image:type\" content=\"image\/jpeg\" \/>\n<meta name=\"author\" content=\"Milan\" \/>\n<meta name=\"twitter:card\" content=\"summary_large_image\" \/>\n<meta name=\"twitter:description\" content=\"Apple TV feiert 2025 gro\u00dfe Anerkennung bei den AFI Awards und beweist erneut den Fokus auf Qualit\u00e4t, Kreativit\u00e4t und starke Erz\u00e4hlweisen.\" \/>\n<meta name=\"twitter:label1\" content=\"Written by\" \/>\n\t<meta name=\"twitter:data1\" content=\"Milan\" \/>\n\t<meta name=\"twitter:label2\" content=\"Est. reading time\" \/>\n\t<meta name=\"twitter:data2\" content=\"15 minutes\" \/>\n<script type=\"application\/ld+json\" class=\"yoast-schema-graph\">{\"@context\":\"https:\\\/\\\/schema.org\",\"@graph\":[{\"@type\":\"NewsArticle\",\"@id\":\"https:\\\/\\\/www.apfelpatient.de\\\/news\\\/apple-tv-baut-seinen-ruf-durch-neue-afi-ehrungen-aus#article\",\"isPartOf\":{\"@id\":\"https:\\\/\\\/www.apfelpatient.de\\\/news\\\/apple-tv-baut-seinen-ruf-durch-neue-afi-ehrungen-aus\"},\"author\":{\"@type\":\"Organization\",\"@id\":\"https:\\\/\\\/www.apfelpatient.de\\\/en\\\/#organization\",\"name\":\"Apfelpatient\",\"url\":\"https:\\\/\\\/www.apfelpatient.de\\\/en\\\/\"},\"headline\":\"Apple TV baut seinen Ruf durch neue AFI-Ehrungen aus\",\"datePublished\":\"2025-12-10T19:25:25+00:00\",\"dateModified\":\"2025-12-10T19:54:46+00:00\",\"mainEntityOfPage\":{\"@id\":\"https:\\\/\\\/www.apfelpatient.de\\\/news\\\/apple-tv-baut-seinen-ruf-durch-neue-afi-ehrungen-aus\"},\"wordCount\":899,\"publisher\":{\"@type\":\"Organization\",\"@id\":\"https:\\\/\\\/www.apfelpatient.de\\\/en\\\/#organization\",\"name\":\"Apfelpatient\",\"url\":\"https:\\\/\\\/www.apfelpatient.de\\\/en\\\/\"},\"image\":{\"@id\":\"https:\\\/\\\/www.apfelpatient.de\\\/news\\\/apple-tv-baut-seinen-ruf-durch-neue-afi-ehrungen-aus#primaryimage\"},\"thumbnailUrl\":\"https:\\\/\\\/www.apfelpatient.de\\\/wp-content\\\/uploads\\\/2025\\\/12\\\/Severance_Photo_0201.jpg\",\"keywords\":[\"Apple Dienste\",\"Apple TV\"],\"articleSection\":\"News\",\"inLanguage\":\"en-US\",\"copyrightYear\":\"2025\",\"copyrightHolder\":{\"@id\":\"https:\\\/\\\/www.apfelpatient.de\\\/en\\\/#organization\"}},{\"@type\":\"WebPage\",\"@id\":\"https:\\\/\\\/www.apfelpatient.de\\\/news\\\/apple-tv-baut-seinen-ruf-durch-neue-afi-ehrungen-aus\",\"url\":\"https:\\\/\\\/www.apfelpatient.de\\\/news\\\/apple-tv-baut-seinen-ruf-durch-neue-afi-ehrungen-aus\",\"name\":\"Apple TV baut seinen Ruf durch neue AFI-Ehrungen aus Apfelpatient\",\"isPartOf\":{\"@id\":\"https:\\\/\\\/www.apfelpatient.de\\\/#website\"},\"primaryImageOfPage\":{\"@id\":\"https:\\\/\\\/www.apfelpatient.de\\\/news\\\/apple-tv-baut-seinen-ruf-durch-neue-afi-ehrungen-aus#primaryimage\"},\"image\":{\"@id\":\"https:\\\/\\\/www.apfelpatient.de\\\/news\\\/apple-tv-baut-seinen-ruf-durch-neue-afi-ehrungen-aus#primaryimage\"},\"thumbnailUrl\":\"https:\\\/\\\/www.apfelpatient.de\\\/wp-content\\\/uploads\\\/2025\\\/12\\\/Severance_Photo_0201.jpg\",\"datePublished\":\"2025-12-10T19:25:25+00:00\",\"dateModified\":\"2025-12-10T19:54:46+00:00\",\"description\":\"Apple TV feiert 2025 gro\u00dfe Anerkennung bei den AFI Awards und beweist erneut den Fokus auf Qualit\u00e4t, Kreativit\u00e4t und starke Erz\u00e4hlweisen.\",\"breadcrumb\":{\"@id\":\"https:\\\/\\\/www.apfelpatient.de\\\/news\\\/apple-tv-baut-seinen-ruf-durch-neue-afi-ehrungen-aus#breadcrumb\"},\"inLanguage\":\"en-US\",\"potentialAction\":[{\"@type\":\"ReadAction\",\"target\":[\"https:\\\/\\\/www.apfelpatient.de\\\/news\\\/apple-tv-baut-seinen-ruf-durch-neue-afi-ehrungen-aus\"]}]},{\"@type\":\"ImageObject\",\"inLanguage\":\"en-US\",\"@id\":\"https:\\\/\\\/www.apfelpatient.de\\\/news\\\/apple-tv-baut-seinen-ruf-durch-neue-afi-ehrungen-aus#primaryimage\",\"url\":\"https:\\\/\\\/www.apfelpatient.de\\\/wp-content\\\/uploads\\\/2025\\\/12\\\/Severance_Photo_0201.jpg\",\"contentUrl\":\"https:\\\/\\\/www.apfelpatient.de\\\/wp-content\\\/uploads\\\/2025\\\/12\\\/Severance_Photo_0201.jpg\",\"width\":1600,\"height\":669,\"caption\":\"Bild: Apple\"},{\"@type\":\"BreadcrumbList\",\"@id\":\"https:\\\/\\\/www.apfelpatient.de\\\/news\\\/apple-tv-baut-seinen-ruf-durch-neue-afi-ehrungen-aus#breadcrumb\",\"itemListElement\":[{\"@type\":\"ListItem\",\"position\":1,\"name\":\"Startseite\",\"item\":\"https:\\\/\\\/www.apfelpatient.de\\\/\"},{\"@type\":\"ListItem\",\"position\":2,\"name\":\"Apple TV baut seinen Ruf durch neue AFI-Ehrungen aus\"}]},{\"@type\":\"WebSite\",\"@id\":\"https:\\\/\\\/www.apfelpatient.de\\\/#website\",\"url\":\"https:\\\/\\\/www.apfelpatient.de\\\/\",\"name\":\"Apfelpatient\",\"description\":\"Alles rund um Apple!\",\"publisher\":{\"@type\":\"Organization\",\"@id\":\"https:\\\/\\\/www.apfelpatient.de\\\/en\\\/#organization\",\"name\":\"Apfelpatient\",\"url\":\"https:\\\/\\\/www.apfelpatient.de\\\/en\\\/\"},\"alternateName\":\"Apfelpatient\",\"potentialAction\":[{\"@type\":\"SearchAction\",\"target\":{\"@type\":\"EntryPoint\",\"urlTemplate\":\"https:\\\/\\\/www.apfelpatient.de\\\/?s={search_term_string}\"},\"query-input\":{\"@type\":\"PropertyValueSpecification\",\"valueRequired\":true,\"valueName\":\"search_term_string\"}}],\"inLanguage\":\"en-US\"},{\"@type\":[\"Person\",\"Organization\"],\"@id\":\"https:\\\/\\\/www.apfelpatient.de\\\/#\\\/schema\\\/person\\\/7dc56ad6c8e9824b76d2c08d4c140e13\",\"name\":\"Milan\",\"logo\":{\"@id\":\"https:\\\/\\\/www.apfelpatient.de\\\/#\\\/schema\\\/person\\\/image\\\/\"},\"description\":\"Hallo und herzlich willkommen auf meinem Technik-Blog! Als gro\u00dfer Apple-Fan berichte ich hier \u00fcber alles, was mit Apple zu tun hat: von den neuesten News und spannenden Ger\u00fcchten \u00fcber hilfreiche Tipps und Tricks bis hin zu ausf\u00fchrlichen Produkttests. Wenn du genauso technikbegeistert bist wie ich, bist du hier genau richtig!\",\"sameAs\":[\"https:\\\/\\\/www.facebook.com\\\/apfelpatientOfficial\",\"https:\\\/\\\/www.linkedin.com\\\/in\\\/milan-jovicic-42aa0231b\"],\"url\":\"https:\\\/\\\/www.apfelpatient.de\\\/en\\\/author\\\/apfeladmin\"}]}<\/script>\n<!-- \/ Yoast SEO Premium plugin. -->","yoast_head_json":{"title":"Apple TV builds its reputation with new AFI honors Apfelpatient","description":"Apple TV received great recognition at the 2025 AFI Awards, once again demonstrating its focus on quality, creativity and strong storytelling.","robots":{"index":"index","follow":"follow","max-snippet":"max-snippet:-1","max-image-preview":"max-image-preview:large","max-video-preview":"max-video-preview:-1"},"canonical":"https:\/\/www.apfelpatient.de\/en\/news\/apple-tv-builds-its-reputation-with-new-afi-awards","og_locale":"en_US","og_type":"article","og_title":"Apple TV baut seinen Ruf durch neue AFI-Ehrungen aus","og_description":"Apple TV feiert 2025 gro\u00dfe Anerkennung bei den AFI Awards und beweist erneut den Fokus auf Qualit\u00e4t, Kreativit\u00e4t und starke Erz\u00e4hlweisen.","og_url":"https:\/\/www.apfelpatient.de\/en\/news\/apple-tv-builds-its-reputation-with-new-afi-awards","og_site_name":"Apfelpatient","article_publisher":"https:\/\/www.facebook.com\/apfelpatientOfficial","article_author":"https:\/\/www.facebook.com\/apfelpatientOfficial","article_published_time":"2025-12-10T19:25:25+00:00","article_modified_time":"2025-12-10T19:54:46+00:00","og_image":[{"width":1600,"height":669,"url":"https:\/\/www.apfelpatient.de\/wp-content\/uploads\/2025\/12\/Severance_Photo_0201.jpg","type":"image\/jpeg"}],"author":"Milan","twitter_card":"summary_large_image","twitter_description":"Apple TV feiert 2025 gro\u00dfe Anerkennung bei den AFI Awards und beweist erneut den Fokus auf Qualit\u00e4t, Kreativit\u00e4t und starke Erz\u00e4hlweisen.","twitter_misc":{"Written by":"Milan","Est. reading time":"15 minutes"},"schema":{"@context":"https:\/\/schema.org","@graph":[{"@type":"NewsArticle","@id":"https:\/\/www.apfelpatient.de\/news\/apple-tv-baut-seinen-ruf-durch-neue-afi-ehrungen-aus#article","isPartOf":{"@id":"https:\/\/www.apfelpatient.de\/news\/apple-tv-baut-seinen-ruf-durch-neue-afi-ehrungen-aus"},"author":{"@type":"Organization","@id":"https:\/\/www.apfelpatient.de\/en\/#organization","name":"Apfelpatient","url":"https:\/\/www.apfelpatient.de\/en\/"},"headline":"Apple TV baut seinen Ruf durch neue AFI-Ehrungen aus","datePublished":"2025-12-10T19:25:25+00:00","dateModified":"2025-12-10T19:54:46+00:00","mainEntityOfPage":{"@id":"https:\/\/www.apfelpatient.de\/news\/apple-tv-baut-seinen-ruf-durch-neue-afi-ehrungen-aus"},"wordCount":899,"publisher":{"@type":"Organization","@id":"https:\/\/www.apfelpatient.de\/en\/#organization","name":"Apfelpatient","url":"https:\/\/www.apfelpatient.de\/en\/"},"image":{"@id":"https:\/\/www.apfelpatient.de\/news\/apple-tv-baut-seinen-ruf-durch-neue-afi-ehrungen-aus#primaryimage"},"thumbnailUrl":"https:\/\/www.apfelpatient.de\/wp-content\/uploads\/2025\/12\/Severance_Photo_0201.jpg","keywords":["Apple Dienste","Apple TV"],"articleSection":"News","inLanguage":"en-US","copyrightYear":"2025","copyrightHolder":{"@id":"https:\/\/www.apfelpatient.de\/en\/#organization"}},{"@type":"WebPage","@id":"https:\/\/www.apfelpatient.de\/news\/apple-tv-baut-seinen-ruf-durch-neue-afi-ehrungen-aus","url":"https:\/\/www.apfelpatient.de\/news\/apple-tv-baut-seinen-ruf-durch-neue-afi-ehrungen-aus","name":"Apple TV builds its reputation with new AFI honors Apfelpatient","isPartOf":{"@id":"https:\/\/www.apfelpatient.de\/#website"},"primaryImageOfPage":{"@id":"https:\/\/www.apfelpatient.de\/news\/apple-tv-baut-seinen-ruf-durch-neue-afi-ehrungen-aus#primaryimage"},"image":{"@id":"https:\/\/www.apfelpatient.de\/news\/apple-tv-baut-seinen-ruf-durch-neue-afi-ehrungen-aus#primaryimage"},"thumbnailUrl":"https:\/\/www.apfelpatient.de\/wp-content\/uploads\/2025\/12\/Severance_Photo_0201.jpg","datePublished":"2025-12-10T19:25:25+00:00","dateModified":"2025-12-10T19:54:46+00:00","description":"Apple TV received great recognition at the 2025 AFI Awards, once again demonstrating its focus on quality, creativity and strong storytelling.","breadcrumb":{"@id":"https:\/\/www.apfelpatient.de\/news\/apple-tv-baut-seinen-ruf-durch-neue-afi-ehrungen-aus#breadcrumb"},"inLanguage":"en-US","potentialAction":[{"@type":"ReadAction","target":["https:\/\/www.apfelpatient.de\/news\/apple-tv-baut-seinen-ruf-durch-neue-afi-ehrungen-aus"]}]},{"@type":"ImageObject","inLanguage":"en-US","@id":"https:\/\/www.apfelpatient.de\/news\/apple-tv-baut-seinen-ruf-durch-neue-afi-ehrungen-aus#primaryimage","url":"https:\/\/www.apfelpatient.de\/wp-content\/uploads\/2025\/12\/Severance_Photo_0201.jpg","contentUrl":"https:\/\/www.apfelpatient.de\/wp-content\/uploads\/2025\/12\/Severance_Photo_0201.jpg","width":1600,"height":669,"caption":"Bild: Apple"},{"@type":"BreadcrumbList","@id":"https:\/\/www.apfelpatient.de\/news\/apple-tv-baut-seinen-ruf-durch-neue-afi-ehrungen-aus#breadcrumb","itemListElement":[{"@type":"ListItem","position":1,"name":"Startseite","item":"https:\/\/www.apfelpatient.de\/"},{"@type":"ListItem","position":2,"name":"Apple TV baut seinen Ruf durch neue AFI-Ehrungen aus"}]},{"@type":"WebSite","@id":"https:\/\/www.apfelpatient.de\/#website","url":"https:\/\/www.apfelpatient.de\/","name":"apple patient","description":"Everything about Apple!","publisher":{"@type":"Organization","@id":"https:\/\/www.apfelpatient.de\/en\/#organization","name":"Apfelpatient","url":"https:\/\/www.apfelpatient.de\/en\/"},"alternateName":"Apfelpatient","potentialAction":[{"@type":"SearchAction","target":{"@type":"EntryPoint","urlTemplate":"https:\/\/www.apfelpatient.de\/?s={search_term_string}"},"query-input":{"@type":"PropertyValueSpecification","valueRequired":true,"valueName":"search_term_string"}}],"inLanguage":"en-US"},{"@type":["Person","Organization"],"@id":"https:\/\/www.apfelpatient.de\/#\/schema\/person\/7dc56ad6c8e9824b76d2c08d4c140e13","name":"Milan","logo":{"@id":"https:\/\/www.apfelpatient.de\/#\/schema\/person\/image\/"},"description":"Hello and welcome to my technology blog! As a big Apple fan, I report on everything to do with Apple: from the latest news and exciting rumors to helpful tips and tricks and detailed product tests. If you are as enthusiastic about technology as I am, you have come to the right place!","sameAs":["https:\/\/www.facebook.com\/apfelpatientOfficial","https:\/\/www.linkedin.com\/in\/milan-jovicic-42aa0231b"],"url":"https:\/\/www.apfelpatient.de\/en\/author\/apfeladmin"}]}},"_links":{"self":[{"href":"https:\/\/www.apfelpatient.de\/en\/wp-json\/wp\/v2\/posts\/61826","targetHints":{"allow":["GET"]}}],"collection":[{"href":"https:\/\/www.apfelpatient.de\/en\/wp-json\/wp\/v2\/posts"}],"about":[{"href":"https:\/\/www.apfelpatient.de\/en\/wp-json\/wp\/v2\/types\/post"}],"author":[{"embeddable":true,"href":"https:\/\/www.apfelpatient.de\/en\/wp-json\/wp\/v2\/users\/2"}],"replies":[{"embeddable":true,"href":"https:\/\/www.apfelpatient.de\/en\/wp-json\/wp\/v2\/comments?post=61826"}],"version-history":[{"count":2,"href":"https:\/\/www.apfelpatient.de\/en\/wp-json\/wp\/v2\/posts\/61826\/revisions"}],"predecessor-version":[{"id":61828,"href":"https:\/\/www.apfelpatient.de\/en\/wp-json\/wp\/v2\/posts\/61826\/revisions\/61828"}],"wp:featuredmedia":[{"embeddable":true,"href":"https:\/\/www.apfelpatient.de\/en\/wp-json\/wp\/v2\/media\/61825"}],"wp:attachment":[{"href":"https:\/\/www.apfelpatient.de\/en\/wp-json\/wp\/v2\/media?parent=61826"}],"wp:term":[{"taxonomy":"category","embeddable":true,"href":"https:\/\/www.apfelpatient.de\/en\/wp-json\/wp\/v2\/categories?post=61826"},{"taxonomy":"post_tag","embeddable":true,"href":"https:\/\/www.apfelpatient.de\/en\/wp-json\/wp\/v2\/tags?post=61826"}],"curies":[{"name":"wp","href":"https:\/\/api.w.org\/{rel}","templated":true}]}}