{"id":61715,"date":"2025-12-05T20:11:02","date_gmt":"2025-12-05T19:11:02","guid":{"rendered":"https:\/\/www.apfelpatient.de\/?p=61715"},"modified":"2025-12-05T20:13:12","modified_gmt":"2025-12-05T19:13:12","slug":"apple-will-rely-on-intel-for-parts-of-its-chip-manufacturing-in-the-future","status":"publish","type":"post","link":"https:\/\/www.apfelpatient.de\/en\/rumors\/apple-setzt-kuenftig-in-teilen-der-chipfertigung-auf-intel","title":{"rendered":"Apple will rely on Intel for parts of its chip manufacturing in the future"},"content":{"rendered":"<p class=\"has-drop-cap\"><strong>Apple could restructure part of its chip manufacturing for iPhones, Macs, and iPads in the coming years. Reports from the analyst community paint a picture in which Intel will once again play a role in Apple&#039;s supply chain, this time only as a manufacturer and not as a developer. This potential move is intended to reduce risk in global production and lessen Apple&#039;s dependence on individual manufacturing partners. There is growing evidence that Intel could actively begin manufacturing Apple chips as early as 2027 or 2028.<\/strong><\/p>\n\n\n\n<p>Apple has relied on its own chip development for years and almost entirely on TSMC for manufacturing. However, the enormous demand for modern manufacturing capacity and the geopolitical situation mean that alternatives are becoming increasingly important. Analyst reports show how Apple intends to diversify its supply chain. Intel could benefit from this, as the company plans to launch advanced manufacturing processes like 18A and 14A in the coming years. These developments open up new options for Apple to distribute and secure the production of its own ARM-based chips.<\/p>\n\n\n\n<h4 class=\"wp-block-heading\" id=\"h-intel-soll-ab-2028-erste-iphone-chips-fertigen\">Intel is expected to start manufacturing the first iPhone chips in 2028.<\/h4>\n\n\n\n<p class=\"translation-block\">An analysis by investment firm <a href=\"https:\/\/en.gf.com.cn\" target=\"_blank\" rel=\"noreferrer noopener\" data-wpel-link=\"external\">GF Securities<\/a> suggests that Intel could take over part of the manufacturing for Apple&#039;s non-Pro iPhone chips starting in 2028. Analyst Jeff Pu describes how Intel is expected to use its future 14A process to produce models like the A22 chip. Based on the current timeline, this chip would be suitable for devices such as a potential iPhone 20 and iPhone 20e.<\/p>\n\n\n\n<p>The memo contains no in-depth technical details, but makes it clear that Intel is not involved in the development. Apple would continue to design the chip architecture, while Intel would solely act as an additional manufacturing partner.<\/p>\n\n\n\n<h4 class=\"wp-block-heading\" id=\"h-apple-behalt-die-volle-kontrolle-uber-das-chipdesign\">Apple retains full control over the chip design.<\/h4>\n\n\n\n<p>The proposed plans do not signify a return to the earlier Intel era of Macs. Back then, Apple used processors developed by Intel itself, based on the x86 architecture. Today, Apple develops all iPhone, iPad, and Mac chips internally using ARM technology.<\/p>\n\n\n\n<p>Intel would therefore only take over the production of a portion of the chips. TSMC would remain the primary manufacturer. Intel would merely be a supplementary partner, providing capacity and broadening Apple&#039;s supply network.<\/p>\n\n\n\n<h4 class=\"wp-block-heading\" id=\"h-erste-zusammenarbeit-im-mac-und-ipad-bereich-konnte-schon-2027-starten\">Initial collaborations in the Mac and iPad sector could start as early as 2027.<\/h4>\n\n\n\n<p>Renowned analyst Ming-Chi Kuo expects Intel to begin manufacturing an entry-level M-series chip as early as mid-2027. This chip is expected to be produced using the new 18A manufacturing process, which is considered one of the first sub-2nm nodes to be entirely manufactured in North America.<\/p>\n\n\n\n<p>This step would be the preliminary phase for a later expansion to iPhone chips. If this collaboration succeeds, Apple could also outsource parts of its A-series production to Intel&#039;s factories starting in 2028.<\/p>\n\n\n\n<h4 class=\"wp-block-heading\" id=\"h-bedeutung-fur-die-weltweite-lieferkette\">Importance for the global supply chain<\/h4>\n\n\n\n<p>A production contract with Intel would have several advantages. The supply chain would become more resilient, as Apple would no longer be solely dependent on TSMC. At the same time, Apple would partially shift manufacturing to the US, which could reduce political and logistical risks.<\/p>\n\n\n\n<p>Intel would also benefit. The company has been trying to strengthen its foundry division for years. A customer like Apple would be a massive prestige boost and proof of the competitiveness of its own manufacturing technology.<\/p>\n\n\n\n<h4 class=\"wp-block-heading\" id=\"h-ruckblick-auf-fruhere-kooperationen\">Looking back at previous collaborations<\/h4>\n\n\n\n<p>Intel already supplied cellular modems to Apple between the iPhone 7 and iPhone 11. This phase ended when Apple switched back to relying entirely on Qualcomm. Therefore, a new collaboration wouldn&#039;t be unprecedented, although this time it would be in a completely different area and under different technical conditions.<\/p>\n\n\n\n<h3 class=\"wp-block-heading\" id=\"h-neue-rollenverteilung-in-der-produktion-der-apple-chips\">New division of roles in the production of Apple chips<\/h3>\n\n\n\n<p>Reports suggest that Apple will redistribute its chip production in the coming years. Intel could manufacture chips for Macs and iPads starting in 2027, and for iPhones from 2028. Apple would remain the developer of ARM chips, while Intel and TSMC would share production.<\/p>\n\n\n\n<p>For Apple, this move would bring stability, flexibility, and a broader geographical distribution of manufacturing. For Intel, it would be an important milestone on the path back to technological relevance in the foundry market. Exactly what form the collaboration will take depends on how reliable and competitive Intel&#039;s new manufacturing processes actually prove to be. (Image: Shutterstock \/ PJ McDonnell)<\/p>\n\n\n\n<ul class=\"wp-block-list\">\n<li><a href=\"https:\/\/www.apfelpatient.de\/en\/rumors\/chatgpt-under-pressure-openai-accelerates-the-gpt-5-2-release\">ChatGPT under pressure: OpenAI accelerates the GPT-5.2 release<\/a><\/li>\n\n\n\n<li><a href=\"https:\/\/www.apfelpatient.de\/en\/rumors\/iphone-fold-esim-focus-clashes-with-chinas-sim-habits\">iPhone Fold: eSIM focus clashes with China&#039;s SIM habits<\/a><\/li>\n\n\n\n<li><a href=\"https:\/\/www.apfelpatient.de\/en\/rumors\/apple-report-provides-new-scenarios-for-ceo-succession\">Apple: Report provides new scenarios for CEO succession<\/a><\/li>\n\n\n\n<li><a href=\"https:\/\/www.apfelpatient.de\/en\/rumors\/iphone-17e-dynamic-island-reportedly-not-planned\">iPhone 17e: Dynamic Island reportedly not planned<\/a><\/li>\n\n\n\n<li><a href=\"https:\/\/www.apfelpatient.de\/en\/rumors\/apple-is-considering-intel-as-a-second-partner-for-upcoming-m-chips\">Apple is considering Intel as a second partner for upcoming M-chips<\/a><\/li>\n\n\n\n<li><a href=\"https:\/\/www.apfelpatient.de\/en\/rumors\/the-iphone-17-dominates-singles-day-and-surpasses-the-competition\">iPhone 17 dominates Singles Day and surpasses the competition<\/a><\/li>\n\n\n\n<li><a href=\"https:\/\/www.apfelpatient.de\/en\/rumors\/the-weak-iphone-air-forces-competitors-to-rethink-their-strategies\">Weak iPhone Air forces competitors to rethink their strategies<\/a><\/li>\n\n\n\n<li><a href=\"https:\/\/www.apfelpatient.de\/en\/rumors\/the-ipad-mini-8-will-probably-not-be-released-until-the-third-quarter-of-2026\">The iPad mini 8 will likely not be released until the third quarter of 2026<\/a><\/li>\n\n\n\n<li><a href=\"https:\/\/www.apfelpatient.de\/en\/rumors\/the-iphone-fold-could-be-the-most-expensive-iphone-at-2400\">The iPhone Fold could be the most expensive iPhone at $2,400<\/a><\/li>\n\n\n\n<li><a href=\"https:\/\/www.apfelpatient.de\/en\/rumors\/samsung-adapts-bixby-to-apples-ai-approach-with-perplexity\">Samsung is adapting Bixby to Apple's AI approach with Perplexity<\/a><\/li>\n\n\n\n<li><a href=\"https:\/\/www.apfelpatient.de\/en\/rumors\/the-iphone-fold-is-clearly-moving-towards-mass-production\">The iPhone Fold is clearly moving towards mass production<\/a><\/li>\n\n\n\n<li><a href=\"https:\/\/www.apfelpatient.de\/en\/rumors\/ios-27-marks-the-beginning-of-a-new-quality-phase\">iOS 27 marks the beginning of a new quality phase<\/a><\/li>\n\n\n\n<li><a href=\"https:\/\/www.apfelpatient.de\/en\/rumors\/tim-cook-will-likely-remain-apple-ceo-for-longer-despite-new-rumors\">Tim Cook will likely remain CEO of Apple for longer despite new rumors<\/a><\/li>\n\n\n\n<li><a href=\"https:\/\/www.apfelpatient.de\/en\/rumors\/apple-will-launch-new-affordable-devices-in-2026\">Apple will launch new, affordable devices in 2026<\/a><\/li>\n\n\n\n<li><a href=\"https:\/\/www.apfelpatient.de\/en\/rumors\/the-iphone-fold-will-probably-be-the-iphone-with-the-strongest-battery-life\">The iPhone Fold will likely be the iPhone with the strongest battery life<\/a><\/li>\n\n\n\n<li><a href=\"https:\/\/www.apfelpatient.de\/en\/rumors\/airpods-pro-2026-new-premium-model-could-be-more-expensive\">AirPods Pro 2026: New premium model could be more expensive<\/a><\/li>\n\n\n\n<li><a href=\"https:\/\/www.apfelpatient.de\/en\/rumors\/the-apple-watch-redesign-is-not-expected-to-be-released-before-2028\">Apple Watch: Redesign expected no earlier than 2028<\/a><\/li>\n\n\n\n<li><a href=\"https:\/\/www.apfelpatient.de\/en\/rumors\/apple-plans-interactive-iphone-cases-with-new-touch-sensors\">Apple plans interactive iPhone cases with new touch sensors<\/a><\/li>\n\n\n\n<li><a href=\"https:\/\/www.apfelpatient.de\/en\/rumors\/apple-fitness-in-focus-possible-subscription-changes\">Apple Fitness+ in focus for possible subscription changes<\/a><\/li>\n\n\n\n<li><a href=\"https:\/\/www.apfelpatient.de\/en\/rumors\/tesla-and-apple-carplay-how-concrete-is-the-support-really\">Tesla and Apple CarPlay: How concrete is the support really?<\/a><\/li>\n\n\n\n<li><a href=\"https:\/\/www.apfelpatient.de\/en\/rumors\/iphone-future-apple-switches-to-semi-annual-releases\">iPhone future: Apple switches to semi-annual releases<\/a><\/li>\n\n\n\n<li><a href=\"https:\/\/www.apfelpatient.de\/en\/rumors\/a-2026-model-was-never-planned-for-the-iphone-air\">A 2026 model was never planned for the iPhone Air<\/a><\/li>\n<\/ul>\n\n\n\n<h6 class=\"wp-block-heading translation-block\" id=\"h-kennt-ihr-schon-unsere-amazon-storefront-dort-findet-ihr-eine-handverlesene-auswahl-von-diversen-produkten-f-r-euer-iphone-und-co-viel-spa-beim-st-bern\"><em>Have you already visited our Amazon Storefront? There you&#039;ll find a hand-picked selection of various products for your iPhone and other devices \u2013 <span class=\"has-inline-color has-vivid-red-color\"><a href=\"https:\/\/www.amazon.de\/shop\/apfelpatientofficial\" class=\"ek-link\" data-wpel-link=\"exclude\" rel=\"follow noopener\" target=\"_self\"><span style=\"text-decoration: underline\" class=\"ek-underline\">enjoy browsing<\/span><\/a> !<\/span><\/em><\/h6>\n\n\n\n<h6 class=\"wp-block-heading translation-block\" id=\"h-der-beitrag-enthalt-partnerlinks\">This post contains <a data-type=\"URL\" data-id=\"https:\/\/www.apfelpatient.de\/partnerprogramm\" href=\"https:\/\/www.apfelpatient.de\/en\/partner-program\" data-wpel-link=\"internal\" target=\"_self\">affiliate links<\/a>.<\/h6>","protected":false},"excerpt":{"rendered":"<p>According to analysts, Apple is planning a new chip strategy in which Intel will take over part of the manufacturing from 2027 onwards and the supply chain will be broadened.<\/p>","protected":false},"author":2,"featured_media":61710,"comment_status":"closed","ping_status":"open","sticky":false,"template":"","format":"standard","meta":{"jnews-multi-image_gallery":[],"jnews_single_post":{"format":"standard","override":[{"template":"2","parallax":"1","fullscreen":"1","layout":"right-sidebar","sidebar":"default-sidebar","second_sidebar":"default-sidebar","sticky_sidebar":"1","share_position":"top","share_float_style":"share-monocrhome","show_featured":"1","show_post_meta":"1","show_post_author":"1","show_post_author_image":"1","show_post_date":"1","post_date_format":"default","post_date_format_custom":"Y\/m\/d","show_post_reading_time":"0","post_reading_time_wpm":"300","post_calculate_word_method":"str_word_count","show_zoom_button":"0","zoom_button_out_step":"2","zoom_button_in_step":"3","show_post_tag":"1","show_prev_next_post":"1","show_popup_post":"1","show_comment_section":"1","number_popup_post":"1","show_author_box":"0","show_post_related":"0","show_inline_post_related":"0"}],"image_override":[{"single_post_thumbnail_size":"crop-500","single_post_gallery_size":"crop-500"}],"trending_post_position":"meta","trending_post_label":"Trending","sponsored_post_label":"Sponsored by","disable_ad":"0"},"jnews_primary_category":{"id":"25"},"footnotes":""},"categories":[25],"tags":[420,131,18,8,40],"class_list":["post-61715","post","type-post","status-publish","format-standard","has-post-thumbnail","hentry","category-rumors","tag-apple-silicon","tag-intel","tag-ipad","tag-iphone","tag-mac"],"yoast_head":"<!-- This site is optimized with the Yoast SEO Premium plugin v27.4 (Yoast SEO v27.4) - https:\/\/yoast.com\/product\/yoast-seo-premium-wordpress\/ -->\n<title>Apple setzt k\u00fcnftig in Teilen der Chipfertigung auf Intel Apfelpatient<\/title>\n<meta name=\"description\" content=\"Apple plant laut Analysten eine neue Chipstrategie, bei der Intel ab 2027 einen Teil der Fertigung \u00fcbernimmt &amp; die Lieferkette breiter wird.\" \/>\n<meta name=\"robots\" content=\"index, follow, max-snippet:-1, max-image-preview:large, max-video-preview:-1\" \/>\n<link rel=\"canonical\" href=\"https:\/\/www.apfelpatient.de\/en\/rumors\/apple-will-rely-on-intel-for-parts-of-its-chip-manufacturing-in-the-future\" \/>\n<meta property=\"og:locale\" content=\"en_US\" \/>\n<meta property=\"og:type\" content=\"article\" \/>\n<meta property=\"og:title\" content=\"Apple setzt k\u00fcnftig in Teilen der Chipfertigung auf Intel\" \/>\n<meta property=\"og:description\" content=\"Apple plant laut Analysten eine neue Chipstrategie, bei der Intel ab 2027 einen Teil der Fertigung \u00fcbernimmt &amp; die Lieferkette breiter wird.\" \/>\n<meta property=\"og:url\" content=\"https:\/\/www.apfelpatient.de\/en\/rumors\/apple-will-rely-on-intel-for-parts-of-its-chip-manufacturing-in-the-future\" \/>\n<meta property=\"og:site_name\" content=\"Apfelpatient\" \/>\n<meta property=\"article:publisher\" content=\"https:\/\/www.facebook.com\/apfelpatientOfficial\" \/>\n<meta property=\"article:author\" content=\"https:\/\/www.facebook.com\/apfelpatientOfficial\" \/>\n<meta property=\"article:published_time\" content=\"2025-12-05T19:11:02+00:00\" \/>\n<meta property=\"article:modified_time\" content=\"2025-12-05T19:13:12+00:00\" \/>\n<meta property=\"og:image\" content=\"https:\/\/www.apfelpatient.de\/wp-content\/uploads\/2025\/12\/shutterstock_2662899661.jpg\" \/>\n\t<meta property=\"og:image:width\" content=\"1600\" \/>\n\t<meta property=\"og:image:height\" content=\"1067\" \/>\n\t<meta property=\"og:image:type\" content=\"image\/jpeg\" \/>\n<meta name=\"author\" content=\"Milan\" \/>\n<meta name=\"twitter:card\" content=\"summary_large_image\" \/>\n<meta name=\"twitter:description\" content=\"Apple plant laut Analysten eine neue Chipstrategie, bei der Intel ab 2027 einen Teil der Fertigung \u00fcbernimmt &amp; die Lieferkette breiter wird.\" \/>\n<meta name=\"twitter:label1\" content=\"Written by\" \/>\n\t<meta name=\"twitter:data1\" content=\"Milan\" \/>\n\t<meta name=\"twitter:label2\" content=\"Est. reading time\" \/>\n\t<meta name=\"twitter:data2\" content=\"6 minutes\" \/>\n<script type=\"application\/ld+json\" class=\"yoast-schema-graph\">{\"@context\":\"https:\\\/\\\/schema.org\",\"@graph\":[{\"@type\":\"NewsArticle\",\"@id\":\"https:\\\/\\\/www.apfelpatient.de\\\/rumors\\\/apple-setzt-kuenftig-in-teilen-der-chipfertigung-auf-intel#article\",\"isPartOf\":{\"@id\":\"https:\\\/\\\/www.apfelpatient.de\\\/rumors\\\/apple-setzt-kuenftig-in-teilen-der-chipfertigung-auf-intel\"},\"author\":{\"@type\":\"Organization\",\"@id\":\"https:\\\/\\\/www.apfelpatient.de\\\/en\\\/#organization\",\"name\":\"Apfelpatient\",\"url\":\"https:\\\/\\\/www.apfelpatient.de\\\/en\\\/\"},\"headline\":\"Apple setzt k\u00fcnftig in Teilen der Chipfertigung auf Intel\",\"datePublished\":\"2025-12-05T19:11:02+00:00\",\"dateModified\":\"2025-12-05T19:13:12+00:00\",\"mainEntityOfPage\":{\"@id\":\"https:\\\/\\\/www.apfelpatient.de\\\/rumors\\\/apple-setzt-kuenftig-in-teilen-der-chipfertigung-auf-intel\"},\"wordCount\":927,\"publisher\":{\"@type\":\"Organization\",\"@id\":\"https:\\\/\\\/www.apfelpatient.de\\\/en\\\/#organization\",\"name\":\"Apfelpatient\",\"url\":\"https:\\\/\\\/www.apfelpatient.de\\\/en\\\/\"},\"image\":{\"@id\":\"https:\\\/\\\/www.apfelpatient.de\\\/rumors\\\/apple-setzt-kuenftig-in-teilen-der-chipfertigung-auf-intel#primaryimage\"},\"thumbnailUrl\":\"https:\\\/\\\/www.apfelpatient.de\\\/wp-content\\\/uploads\\\/2025\\\/12\\\/shutterstock_2662899661.jpg\",\"keywords\":[\"Apple Silicon\",\"Intel\",\"iPad\",\"iPhone\",\"Mac\"],\"articleSection\":\"Rumors\",\"inLanguage\":\"en-US\",\"copyrightYear\":\"2025\",\"copyrightHolder\":{\"@id\":\"https:\\\/\\\/www.apfelpatient.de\\\/en\\\/#organization\"}},{\"@type\":\"WebPage\",\"@id\":\"https:\\\/\\\/www.apfelpatient.de\\\/rumors\\\/apple-setzt-kuenftig-in-teilen-der-chipfertigung-auf-intel\",\"url\":\"https:\\\/\\\/www.apfelpatient.de\\\/rumors\\\/apple-setzt-kuenftig-in-teilen-der-chipfertigung-auf-intel\",\"name\":\"Apple setzt k\u00fcnftig in Teilen der Chipfertigung auf Intel Apfelpatient\",\"isPartOf\":{\"@id\":\"https:\\\/\\\/www.apfelpatient.de\\\/#website\"},\"primaryImageOfPage\":{\"@id\":\"https:\\\/\\\/www.apfelpatient.de\\\/rumors\\\/apple-setzt-kuenftig-in-teilen-der-chipfertigung-auf-intel#primaryimage\"},\"image\":{\"@id\":\"https:\\\/\\\/www.apfelpatient.de\\\/rumors\\\/apple-setzt-kuenftig-in-teilen-der-chipfertigung-auf-intel#primaryimage\"},\"thumbnailUrl\":\"https:\\\/\\\/www.apfelpatient.de\\\/wp-content\\\/uploads\\\/2025\\\/12\\\/shutterstock_2662899661.jpg\",\"datePublished\":\"2025-12-05T19:11:02+00:00\",\"dateModified\":\"2025-12-05T19:13:12+00:00\",\"description\":\"Apple plant laut Analysten eine neue Chipstrategie, bei der Intel ab 2027 einen Teil der Fertigung \u00fcbernimmt & die Lieferkette breiter wird.\",\"breadcrumb\":{\"@id\":\"https:\\\/\\\/www.apfelpatient.de\\\/rumors\\\/apple-setzt-kuenftig-in-teilen-der-chipfertigung-auf-intel#breadcrumb\"},\"inLanguage\":\"en-US\",\"potentialAction\":[{\"@type\":\"ReadAction\",\"target\":[\"https:\\\/\\\/www.apfelpatient.de\\\/rumors\\\/apple-setzt-kuenftig-in-teilen-der-chipfertigung-auf-intel\"]}]},{\"@type\":\"ImageObject\",\"inLanguage\":\"en-US\",\"@id\":\"https:\\\/\\\/www.apfelpatient.de\\\/rumors\\\/apple-setzt-kuenftig-in-teilen-der-chipfertigung-auf-intel#primaryimage\",\"url\":\"https:\\\/\\\/www.apfelpatient.de\\\/wp-content\\\/uploads\\\/2025\\\/12\\\/shutterstock_2662899661.jpg\",\"contentUrl\":\"https:\\\/\\\/www.apfelpatient.de\\\/wp-content\\\/uploads\\\/2025\\\/12\\\/shutterstock_2662899661.jpg\",\"width\":1600,\"height\":1067,\"caption\":\"Bild: Shutterstock \\\/ PJ McDonnell\"},{\"@type\":\"BreadcrumbList\",\"@id\":\"https:\\\/\\\/www.apfelpatient.de\\\/rumors\\\/apple-setzt-kuenftig-in-teilen-der-chipfertigung-auf-intel#breadcrumb\",\"itemListElement\":[{\"@type\":\"ListItem\",\"position\":1,\"name\":\"Startseite\",\"item\":\"https:\\\/\\\/www.apfelpatient.de\\\/\"},{\"@type\":\"ListItem\",\"position\":2,\"name\":\"Apple setzt k\u00fcnftig in Teilen der Chipfertigung auf Intel\"}]},{\"@type\":\"WebSite\",\"@id\":\"https:\\\/\\\/www.apfelpatient.de\\\/#website\",\"url\":\"https:\\\/\\\/www.apfelpatient.de\\\/\",\"name\":\"Apfelpatient\",\"description\":\"Alles rund um Apple!\",\"publisher\":{\"@type\":\"Organization\",\"@id\":\"https:\\\/\\\/www.apfelpatient.de\\\/en\\\/#organization\",\"name\":\"Apfelpatient\",\"url\":\"https:\\\/\\\/www.apfelpatient.de\\\/en\\\/\"},\"alternateName\":\"Apfelpatient\",\"potentialAction\":[{\"@type\":\"SearchAction\",\"target\":{\"@type\":\"EntryPoint\",\"urlTemplate\":\"https:\\\/\\\/www.apfelpatient.de\\\/?s={search_term_string}\"},\"query-input\":{\"@type\":\"PropertyValueSpecification\",\"valueRequired\":true,\"valueName\":\"search_term_string\"}}],\"inLanguage\":\"en-US\"},{\"@type\":[\"Person\",\"Organization\"],\"@id\":\"https:\\\/\\\/www.apfelpatient.de\\\/#\\\/schema\\\/person\\\/7dc56ad6c8e9824b76d2c08d4c140e13\",\"name\":\"Milan\",\"logo\":{\"@id\":\"https:\\\/\\\/www.apfelpatient.de\\\/#\\\/schema\\\/person\\\/image\\\/\"},\"description\":\"Hallo und herzlich willkommen auf meinem Technik-Blog! Als gro\u00dfer Apple-Fan berichte ich hier \u00fcber alles, was mit Apple zu tun hat: von den neuesten News und spannenden Ger\u00fcchten \u00fcber hilfreiche Tipps und Tricks bis hin zu ausf\u00fchrlichen Produkttests. Wenn du genauso technikbegeistert bist wie ich, bist du hier genau richtig!\",\"sameAs\":[\"https:\\\/\\\/www.facebook.com\\\/apfelpatientOfficial\",\"https:\\\/\\\/www.linkedin.com\\\/in\\\/milan-jovicic-42aa0231b\"],\"url\":\"https:\\\/\\\/www.apfelpatient.de\\\/en\\\/author\\\/apfeladmin\"}]}<\/script>\n<!-- \/ Yoast SEO Premium plugin. -->","yoast_head_json":{"title":"Apple will rely on Intel Apfelpatient chips for parts of its future chip manufacturing.","description":"According to analysts, Apple is planning a new chip strategy in which Intel will take over part of the manufacturing from 2027 onwards and the supply chain will be broadened.","robots":{"index":"index","follow":"follow","max-snippet":"max-snippet:-1","max-image-preview":"max-image-preview:large","max-video-preview":"max-video-preview:-1"},"canonical":"https:\/\/www.apfelpatient.de\/en\/rumors\/apple-will-rely-on-intel-for-parts-of-its-chip-manufacturing-in-the-future","og_locale":"en_US","og_type":"article","og_title":"Apple setzt k\u00fcnftig in Teilen der Chipfertigung auf Intel","og_description":"Apple plant laut Analysten eine neue Chipstrategie, bei der Intel ab 2027 einen Teil der Fertigung \u00fcbernimmt & die Lieferkette breiter wird.","og_url":"https:\/\/www.apfelpatient.de\/en\/rumors\/apple-will-rely-on-intel-for-parts-of-its-chip-manufacturing-in-the-future","og_site_name":"Apfelpatient","article_publisher":"https:\/\/www.facebook.com\/apfelpatientOfficial","article_author":"https:\/\/www.facebook.com\/apfelpatientOfficial","article_published_time":"2025-12-05T19:11:02+00:00","article_modified_time":"2025-12-05T19:13:12+00:00","og_image":[{"width":1600,"height":1067,"url":"https:\/\/www.apfelpatient.de\/wp-content\/uploads\/2025\/12\/shutterstock_2662899661.jpg","type":"image\/jpeg"}],"author":"Milan","twitter_card":"summary_large_image","twitter_description":"Apple plant laut Analysten eine neue Chipstrategie, bei der Intel ab 2027 einen Teil der Fertigung \u00fcbernimmt & die Lieferkette breiter wird.","twitter_misc":{"Written by":"Milan","Est. reading time":"6 minutes"},"schema":{"@context":"https:\/\/schema.org","@graph":[{"@type":"NewsArticle","@id":"https:\/\/www.apfelpatient.de\/rumors\/apple-setzt-kuenftig-in-teilen-der-chipfertigung-auf-intel#article","isPartOf":{"@id":"https:\/\/www.apfelpatient.de\/rumors\/apple-setzt-kuenftig-in-teilen-der-chipfertigung-auf-intel"},"author":{"@type":"Organization","@id":"https:\/\/www.apfelpatient.de\/en\/#organization","name":"Apfelpatient","url":"https:\/\/www.apfelpatient.de\/en\/"},"headline":"Apple setzt k\u00fcnftig in Teilen der Chipfertigung auf Intel","datePublished":"2025-12-05T19:11:02+00:00","dateModified":"2025-12-05T19:13:12+00:00","mainEntityOfPage":{"@id":"https:\/\/www.apfelpatient.de\/rumors\/apple-setzt-kuenftig-in-teilen-der-chipfertigung-auf-intel"},"wordCount":927,"publisher":{"@type":"Organization","@id":"https:\/\/www.apfelpatient.de\/en\/#organization","name":"Apfelpatient","url":"https:\/\/www.apfelpatient.de\/en\/"},"image":{"@id":"https:\/\/www.apfelpatient.de\/rumors\/apple-setzt-kuenftig-in-teilen-der-chipfertigung-auf-intel#primaryimage"},"thumbnailUrl":"https:\/\/www.apfelpatient.de\/wp-content\/uploads\/2025\/12\/shutterstock_2662899661.jpg","keywords":["Apple Silicon","Intel","iPad","iPhone","Mac"],"articleSection":"Rumors","inLanguage":"en-US","copyrightYear":"2025","copyrightHolder":{"@id":"https:\/\/www.apfelpatient.de\/en\/#organization"}},{"@type":"WebPage","@id":"https:\/\/www.apfelpatient.de\/rumors\/apple-setzt-kuenftig-in-teilen-der-chipfertigung-auf-intel","url":"https:\/\/www.apfelpatient.de\/rumors\/apple-setzt-kuenftig-in-teilen-der-chipfertigung-auf-intel","name":"Apple will rely on Intel Apfelpatient chips for parts of its future chip manufacturing.","isPartOf":{"@id":"https:\/\/www.apfelpatient.de\/#website"},"primaryImageOfPage":{"@id":"https:\/\/www.apfelpatient.de\/rumors\/apple-setzt-kuenftig-in-teilen-der-chipfertigung-auf-intel#primaryimage"},"image":{"@id":"https:\/\/www.apfelpatient.de\/rumors\/apple-setzt-kuenftig-in-teilen-der-chipfertigung-auf-intel#primaryimage"},"thumbnailUrl":"https:\/\/www.apfelpatient.de\/wp-content\/uploads\/2025\/12\/shutterstock_2662899661.jpg","datePublished":"2025-12-05T19:11:02+00:00","dateModified":"2025-12-05T19:13:12+00:00","description":"According to analysts, Apple is planning a new chip strategy in which Intel will take over part of the manufacturing from 2027 onwards and the supply chain will be broadened.","breadcrumb":{"@id":"https:\/\/www.apfelpatient.de\/rumors\/apple-setzt-kuenftig-in-teilen-der-chipfertigung-auf-intel#breadcrumb"},"inLanguage":"en-US","potentialAction":[{"@type":"ReadAction","target":["https:\/\/www.apfelpatient.de\/rumors\/apple-setzt-kuenftig-in-teilen-der-chipfertigung-auf-intel"]}]},{"@type":"ImageObject","inLanguage":"en-US","@id":"https:\/\/www.apfelpatient.de\/rumors\/apple-setzt-kuenftig-in-teilen-der-chipfertigung-auf-intel#primaryimage","url":"https:\/\/www.apfelpatient.de\/wp-content\/uploads\/2025\/12\/shutterstock_2662899661.jpg","contentUrl":"https:\/\/www.apfelpatient.de\/wp-content\/uploads\/2025\/12\/shutterstock_2662899661.jpg","width":1600,"height":1067,"caption":"Bild: Shutterstock \/ PJ McDonnell"},{"@type":"BreadcrumbList","@id":"https:\/\/www.apfelpatient.de\/rumors\/apple-setzt-kuenftig-in-teilen-der-chipfertigung-auf-intel#breadcrumb","itemListElement":[{"@type":"ListItem","position":1,"name":"Startseite","item":"https:\/\/www.apfelpatient.de\/"},{"@type":"ListItem","position":2,"name":"Apple setzt k\u00fcnftig in Teilen der Chipfertigung auf Intel"}]},{"@type":"WebSite","@id":"https:\/\/www.apfelpatient.de\/#website","url":"https:\/\/www.apfelpatient.de\/","name":"apple patient","description":"Everything about Apple!","publisher":{"@type":"Organization","@id":"https:\/\/www.apfelpatient.de\/en\/#organization","name":"Apfelpatient","url":"https:\/\/www.apfelpatient.de\/en\/"},"alternateName":"Apfelpatient","potentialAction":[{"@type":"SearchAction","target":{"@type":"EntryPoint","urlTemplate":"https:\/\/www.apfelpatient.de\/?s={search_term_string}"},"query-input":{"@type":"PropertyValueSpecification","valueRequired":true,"valueName":"search_term_string"}}],"inLanguage":"en-US"},{"@type":["Person","Organization"],"@id":"https:\/\/www.apfelpatient.de\/#\/schema\/person\/7dc56ad6c8e9824b76d2c08d4c140e13","name":"Milan","logo":{"@id":"https:\/\/www.apfelpatient.de\/#\/schema\/person\/image\/"},"description":"Hello and welcome to my technology blog! As a big Apple fan, I report on everything to do with Apple: from the latest news and exciting rumors to helpful tips and tricks and detailed product tests. If you are as enthusiastic about technology as I am, you have come to the right place!","sameAs":["https:\/\/www.facebook.com\/apfelpatientOfficial","https:\/\/www.linkedin.com\/in\/milan-jovicic-42aa0231b"],"url":"https:\/\/www.apfelpatient.de\/en\/author\/apfeladmin"}]}},"_links":{"self":[{"href":"https:\/\/www.apfelpatient.de\/en\/wp-json\/wp\/v2\/posts\/61715","targetHints":{"allow":["GET"]}}],"collection":[{"href":"https:\/\/www.apfelpatient.de\/en\/wp-json\/wp\/v2\/posts"}],"about":[{"href":"https:\/\/www.apfelpatient.de\/en\/wp-json\/wp\/v2\/types\/post"}],"author":[{"embeddable":true,"href":"https:\/\/www.apfelpatient.de\/en\/wp-json\/wp\/v2\/users\/2"}],"replies":[{"embeddable":true,"href":"https:\/\/www.apfelpatient.de\/en\/wp-json\/wp\/v2\/comments?post=61715"}],"version-history":[{"count":1,"href":"https:\/\/www.apfelpatient.de\/en\/wp-json\/wp\/v2\/posts\/61715\/revisions"}],"predecessor-version":[{"id":61716,"href":"https:\/\/www.apfelpatient.de\/en\/wp-json\/wp\/v2\/posts\/61715\/revisions\/61716"}],"wp:featuredmedia":[{"embeddable":true,"href":"https:\/\/www.apfelpatient.de\/en\/wp-json\/wp\/v2\/media\/61710"}],"wp:attachment":[{"href":"https:\/\/www.apfelpatient.de\/en\/wp-json\/wp\/v2\/media?parent=61715"}],"wp:term":[{"taxonomy":"category","embeddable":true,"href":"https:\/\/www.apfelpatient.de\/en\/wp-json\/wp\/v2\/categories?post=61715"},{"taxonomy":"post_tag","embeddable":true,"href":"https:\/\/www.apfelpatient.de\/en\/wp-json\/wp\/v2\/tags?post=61715"}],"curies":[{"name":"wp","href":"https:\/\/api.w.org\/{rel}","templated":true}]}}