{"id":61707,"date":"2025-12-05T19:30:19","date_gmt":"2025-12-05T18:30:19","guid":{"rendered":"https:\/\/www.apfelpatient.de\/?p=61707"},"modified":"2025-12-05T19:31:05","modified_gmt":"2025-12-05T18:31:05","slug":"apples-new-design-era-is-generating-internal-enthusiasm-despite-major-changes","status":"publish","type":"post","link":"https:\/\/www.apfelpatient.de\/en\/news\/neue-apple-designaera-begeistert-intern-trotz-grosser-umbrueche","title":{"rendered":"Apple&#039;s new design era is generating internal enthusiasm despite major upheaval"},"content":{"rendered":"<p class=\"has-drop-cap\"><strong>Apple is currently undergoing a period marked by several personnel changes. The departure of Alan Dye, the former Vice President of Human Interface Design, has triggered a particularly strong reaction. At the same time, this change heralds a new design era under Steve Lemay, which has been received surprisingly positively internally. An experienced Apple designer has publicly expressed his support, demonstrating the immense potential of this new era.<\/strong><\/p>\n\n\n\n<p class=\"translation-block\">Several executives have left Apple in a short period of time. Besides Alan Dye, this also affected former AI chief <a href=\"https:\/\/www.apfelpatient.de\/en\/news\/apple-reorganizes-ai-change-at-the-top-after-siri-flop\" data-wpel-link=\"internal\" target=\"_self\">John Giannandrea<\/a>, as well as <a href=\"https:\/\/www.apfelpatient.de\/en\/news\/apple-confirms-departure-of-two-more-executives\" data-wpel-link=\"internal\" target=\"_self\">Katherine Adams and Lisa Jackson<\/a>. Such upheavals usually create uncertainty. This time, however, the mood is unusually optimistic, especially within the design team. The positive response to Lemay's new role indicates that Apple is planning for a clear, fresh direction internally. The words of a long-time designer clearly underscore this.<\/p>\n\n\n\n<h4 class=\"wp-block-heading\" id=\"h-eine-designspitze-geht-ein-neuer-fokus-entsteht\">One design trend is gone, a new focus is emerging.<\/h4>\n\n\n\n<p class=\"translation-block\">The <a href=\"https:\/\/www.apfelpatient.de\/en\/news\/apple-loses-ui-chief-designer-alan-dye-to-meta\" data-wpel-link=\"internal\" target=\"_self\">news<\/a> of Dye&#039;s move to Meta was first reported by Bloomberg. His departure coincided with other changes within the company, but the design department garnered the most public attention. According to John Gruber, several internal sources <a href=\"https:\/\/www.apfelpatient.de\/en\/news\/apple-why-alan-dyes-departure-is-seen-as-an-opportunity\" data-wpel-link=\"internal\" target=\"_self\">were<\/a> clearly relieved by the decision to appoint Lemay to head Human Interface Design. Some were even said to be enthusiastic.<\/p>\n\n\n\n<p class=\"translation-block\">That this enthusiasm wasn&#039;t just confined to behind the scenes was demonstrated by a public <a href=\"https:\/\/x.com\/chan_k\/status\/1996825927561658854?s=20\" target=\"_blank\" rel=\"noreferrer noopener\" data-wpel-link=\"external\">post<\/a> from Apple designer Chan Karunamuni. He wrote on X that he couldn&#039;t be more excited about the new design era under Lemay. This comment stands out because Karunamuni isn&#039;t just a team member, but someone with a long and deep connection to Apple&#039;s design culture.<\/p>\n\n\n\n<h4 class=\"wp-block-heading\" id=\"h-warum-karunamunis-einschatzung-gewicht-hat\">Why Karunamuni&#039;s assessment carries weight<\/h4>\n\n\n\n<p>Karunamuni has worked at Apple for about 15 years and during that time has contributed to key concepts that have fundamentally shaped the use of the iPhone and iOS. His contributions include the gesture-based user interface of the iPhone X, Dynamic Island, the new flashlight in iOS 18, and several core features of the Liquid Glass design.<\/p>\n\n\n\n<p>The gestures of the iPhone X marked the beginning of a new control logic without a Home button. Dynamic Island changed the role of the top of the screen, making it an active interface element. The Liquid Glass design provided a more modern, smoother, and technically sophisticated appearance for many UI areas. The new flashlight in iOS 18 is also an example of how small functions can be visibly improved through thoughtful design.<\/p>\n\n\n\n<p>When someone with this track record publicly emphasizes how positively the upcoming era under Lemay is viewed, it shows that internal expectations are high. His statement doesn&#039;t come across as a diplomatic comment, but rather as genuine confidence.<\/p>\n\n\n\n<h4 class=\"wp-block-heading\" id=\"h-was-die-neue-designara-verspricht\">What the new design era promises<\/h4>\n\n\n\n<p>Steve Lemay is no newcomer to the design team. He has worked in a leading position on Apple&#039;s visual and functional design language for many years. His style is considered clear, structured, and strongly user-centric. This partly explains why long-time designers apparently see the change in leadership more as an opportunity than a risk.<\/p>\n\n\n\n<p>Karunamuni has known Lemay as his superior for a decade and a half. The fact that he describes this new phase as particularly exciting suggests that Lemay is perceived internally as someone who brings clear ideas and a motivating work ethic. At a time when several departments are being realigned, this could be a significant advantage.<\/p>\n\n\n\n<h3 class=\"wp-block-heading\" id=\"h-der-startschuss-fur-eine-frische-designphase-bei-apple\">The starting signal for a new design phase at Apple<\/h3>\n\n\n\n<p>The change at the top of Human Interface Design is not just an organizational step, but also a sign of a new design direction at Apple. The positive feedback from within the design team, especially from Chan Karunamuni, shows that there is a great deal of internal confidence in Steve Lemay. The fact that a designer who contributed to some of the most impressive UI elements in recent Apple history so clearly welcomes this development speaks to an exciting future. This new design era at Apple could be among the most innovative in recent years. (Image: Shutterstock \/ slvn_an)<\/p>\n\n\n\n<ul class=\"wp-block-list\">\n<li><a href=\"https:\/\/www.apfelpatient.de\/en\/news\/apple-is-struggling-with-talent-exodus-to-openai-and-internal-resignations\">Apple is struggling with talent exodus to OpenAI and internal resignations<\/a><\/li>\n\n\n\n<li><a href=\"https:\/\/www.apfelpatient.de\/en\/news\/netflix-acquires-warner-bros-and-hbo-max-for-83-billion\">Netflix acquires Warner Bros. and HBO Max for 83 billion<\/a><\/li>\n\n\n\n<li><a href=\"https:\/\/www.apfelpatient.de\/en\/news\/sam-altman-and-jony-ive-lose-the-io-trademark-dispute\">Sam Altman and Jony Ive lose the io trademark dispute<\/a><\/li>\n\n\n\n<li><a href=\"https:\/\/www.apfelpatient.de\/en\/news\/apple-confirms-departure-of-two-more-executives\">Apple confirms departure of two more executives<\/a><\/li>\n\n\n\n<li><a href=\"https:\/\/www.apfelpatient.de\/en\/news\/apple-tv-severance-season-3-with-a-new-release-schedule\">Apple TV: Severance Season 3 with a new release schedule<\/a><\/li>\n\n\n\n<li><a href=\"https:\/\/www.apfelpatient.de\/en\/news\/apple-tv-surprises-with-date-for-tehran-season-3\">Apple TV surprises with release date for Tehran Season 3<\/a><\/li>\n\n\n\n<li><a href=\"https:\/\/www.apfelpatient.de\/en\/news\/russia-blocks-facetime-and-tightens-digital-pressure\">Russia blocks FaceTime and tightens digital pressure<\/a><\/li>\n\n\n\n<li><a href=\"https:\/\/www.apfelpatient.de\/en\/news\/iphone-air-is-rapidly-losing-value-according-to-current-market-analysis\">iPhone Air is rapidly losing value according to current market analysis<\/a><\/li>\n\n\n\n<li><a href=\"https:\/\/www.apfelpatient.de\/en\/news\/the-lack-of-a-night-mode-in-portrait-mode-on-the-iphone-17-pro-is-drawing-criticism\">The lack of Night Mode in Portrait mode on the iPhone 17 Pro is drawing criticism<\/a><\/li>\n\n\n\n<li><a href=\"https:\/\/www.apfelpatient.de\/en\/news\/apple-announces-the-winner-of-the-2025-podcast-awards\">Apple announces the winner of the 2025 Podcast Awards<\/a><\/li>\n\n\n\n<li><a href=\"https:\/\/www.apfelpatient.de\/en\/news\/apple-presents-the-winners-of-the-app-store-awards-2025\">Apple presents the winners of the App Store Awards 2025<\/a><\/li>\n\n\n\n<li><a href=\"https:\/\/www.apfelpatient.de\/en\/news\/apple-why-alan-dyes-departure-is-seen-as-an-opportunity\">Apple: Why Alan Dye&#039;s departure is seen as an opportunity<\/a><\/li>\n\n\n\n<li><a href=\"https:\/\/www.apfelpatient.de\/en\/news\/apple-celebrates-creativity-with-luminous-projections-in-london\">Apple celebrates creativity with glowing projections in London<\/a><\/li>\n\n\n\n<li><a href=\"https:\/\/www.apfelpatient.de\/en\/news\/apple-loses-ui-chief-designer-alan-dye-to-meta\">Apple loses UI chief designer Alan Dye to Meta<\/a><\/li>\n\n\n\n<li><a href=\"https:\/\/www.apfelpatient.de\/en\/news\/ios-26-2-rc-releases-an-overview-of-all-new-features\">iOS 26.2 RC released: All new features at a glance<\/a><\/li>\n\n\n\n<li><a href=\"https:\/\/www.apfelpatient.de\/en\/news\/apple-tv-expands-its-offerings-with-your-friends-neighbours-s2\">Apple TV expands its offerings with Your Friends &amp; Neighbors S2<\/a><\/li>\n\n\n\n<li><a href=\"https:\/\/www.apfelpatient.de\/en\/news\/after-apples-resistance-india-abandons-its-mandatory-app-plans\">Following Apple's opposition, India scraps its mandatory app plans<\/a><\/li>\n<\/ul>\n\n\n\n<h6 class=\"wp-block-heading translation-block\" id=\"h-kennt-ihr-schon-unsere-amazon-storefront-dort-findet-ihr-eine-handverlesene-auswahl-von-diversen-produkten-f-r-euer-iphone-und-co-viel-spa-beim-st-bern\"><em>Have you already visited our Amazon Storefront? There you&#039;ll find a hand-picked selection of various products for your iPhone and other devices \u2013 <span class=\"has-inline-color has-vivid-red-color\"><a href=\"https:\/\/www.amazon.de\/shop\/apfelpatientofficial\" class=\"ek-link\" data-wpel-link=\"exclude\" rel=\"follow noopener\" target=\"_self\"><span style=\"text-decoration: underline\" class=\"ek-underline\">enjoy browsing<\/span><\/a> !<\/span><\/em><\/h6>\n\n\n\n<h6 class=\"wp-block-heading translation-block\" id=\"h-der-beitrag-enthalt-partnerlinks\">This post contains <a data-type=\"URL\" data-id=\"https:\/\/www.apfelpatient.de\/partnerprogramm\" href=\"https:\/\/www.apfelpatient.de\/en\/partner-program\" data-wpel-link=\"internal\" target=\"_self\">affiliate links<\/a>.<\/h6>","protected":false},"excerpt":{"rendered":"<p>Apple is entering a new design era with Steve Lemay, which is receiving a lot of internal support and is openly endorsed by experienced designers.<\/p>","protected":false},"author":2,"featured_media":61706,"comment_status":"closed","ping_status":"open","sticky":false,"template":"","format":"standard","meta":{"jnews-multi-image_gallery":[],"jnews_single_post":{"format":"standard","override":[{"template":"2","parallax":"1","fullscreen":"1","layout":"right-sidebar","sidebar":"default-sidebar","second_sidebar":"default-sidebar","sticky_sidebar":"1","share_position":"top","share_float_style":"share-monocrhome","show_featured":"1","show_post_meta":"1","show_post_author":"1","show_post_author_image":"1","show_post_date":"1","post_date_format":"default","post_date_format_custom":"Y\/m\/d","show_post_reading_time":"0","post_reading_time_wpm":"300","post_calculate_word_method":"str_word_count","show_zoom_button":"0","zoom_button_out_step":"2","zoom_button_in_step":"3","show_post_tag":"1","show_prev_next_post":"1","show_popup_post":"1","show_comment_section":"1","number_popup_post":"1","show_author_box":"0","show_post_related":"0","show_inline_post_related":"0"}],"image_override":[{"single_post_thumbnail_size":"crop-500","single_post_gallery_size":"crop-500"}],"trending_post_position":"meta","trending_post_label":"Trending","sponsored_post_label":"Sponsored by","disable_ad":"0"},"jnews_primary_category":{"id":"9"},"footnotes":""},"categories":[9],"tags":[3,33,4,13,95,844,21],"class_list":["post-61707","post","type-post","status-publish","format-standard","has-post-thumbnail","hentry","category-news","tag-ios","tag-ipados","tag-macos","tag-techpatient","tag-tvos","tag-visionos","tag-watchos"],"yoast_head":"<!-- This site is optimized with the Yoast SEO Premium plugin v27.4 (Yoast SEO v27.4) - https:\/\/yoast.com\/product\/yoast-seo-premium-wordpress\/ -->\n<title>Neue Apple Design\u00e4ra begeistert intern trotz gro\u00dfer Umbr\u00fcche Apfelpatient<\/title>\n<meta name=\"description\" content=\"Apple startet mit Steve Lemay in eine neue Design\u00e4ra, die intern viel R\u00fcckenwind erh\u00e4lt und von erfahrenen Designern offen unterst\u00fctzt wird.\" \/>\n<meta name=\"robots\" content=\"index, follow, max-snippet:-1, max-image-preview:large, max-video-preview:-1\" \/>\n<link rel=\"canonical\" href=\"https:\/\/www.apfelpatient.de\/en\/news\/apples-new-design-era-is-generating-internal-enthusiasm-despite-major-changes\" \/>\n<meta property=\"og:locale\" content=\"en_US\" \/>\n<meta property=\"og:type\" content=\"article\" \/>\n<meta property=\"og:title\" content=\"Neue Apple Design\u00e4ra begeistert intern trotz gro\u00dfer Umbr\u00fcche\" \/>\n<meta property=\"og:description\" content=\"Apple startet mit Steve Lemay in eine neue Design\u00e4ra, die intern viel R\u00fcckenwind erh\u00e4lt und von erfahrenen Designern offen unterst\u00fctzt wird.\" \/>\n<meta property=\"og:url\" content=\"https:\/\/www.apfelpatient.de\/en\/news\/apples-new-design-era-is-generating-internal-enthusiasm-despite-major-changes\" \/>\n<meta property=\"og:site_name\" content=\"Apfelpatient\" \/>\n<meta property=\"article:publisher\" content=\"https:\/\/www.facebook.com\/apfelpatientOfficial\" \/>\n<meta property=\"article:author\" content=\"https:\/\/www.facebook.com\/apfelpatientOfficial\" \/>\n<meta property=\"article:published_time\" content=\"2025-12-05T18:30:19+00:00\" \/>\n<meta property=\"article:modified_time\" content=\"2025-12-05T18:31:05+00:00\" \/>\n<meta property=\"og:image\" content=\"https:\/\/www.apfelpatient.de\/wp-content\/uploads\/2025\/12\/shutterstock_2644717577.jpg\" \/>\n\t<meta property=\"og:image:width\" content=\"1600\" \/>\n\t<meta property=\"og:image:height\" content=\"901\" \/>\n\t<meta property=\"og:image:type\" content=\"image\/jpeg\" \/>\n<meta name=\"author\" content=\"Milan\" \/>\n<meta name=\"twitter:card\" content=\"summary_large_image\" \/>\n<meta name=\"twitter:description\" content=\"Apple startet mit Steve Lemay in eine neue Design\u00e4ra, die intern viel R\u00fcckenwind erh\u00e4lt und von erfahrenen Designern offen unterst\u00fctzt wird.\" \/>\n<meta name=\"twitter:label1\" content=\"Written by\" \/>\n\t<meta name=\"twitter:data1\" content=\"Milan\" \/>\n\t<meta name=\"twitter:label2\" content=\"Est. reading time\" \/>\n\t<meta name=\"twitter:data2\" content=\"5 minutes\" \/>\n<script type=\"application\/ld+json\" class=\"yoast-schema-graph\">{\"@context\":\"https:\\\/\\\/schema.org\",\"@graph\":[{\"@type\":\"NewsArticle\",\"@id\":\"https:\\\/\\\/www.apfelpatient.de\\\/news\\\/neue-apple-designaera-begeistert-intern-trotz-grosser-umbrueche#article\",\"isPartOf\":{\"@id\":\"https:\\\/\\\/www.apfelpatient.de\\\/news\\\/neue-apple-designaera-begeistert-intern-trotz-grosser-umbrueche\"},\"author\":{\"@type\":\"Organization\",\"@id\":\"https:\\\/\\\/www.apfelpatient.de\\\/en\\\/#organization\",\"name\":\"Apfelpatient\",\"url\":\"https:\\\/\\\/www.apfelpatient.de\\\/en\\\/\"},\"headline\":\"Neue Apple Design\u00e4ra begeistert intern trotz gro\u00dfer Umbr\u00fcche\",\"datePublished\":\"2025-12-05T18:30:19+00:00\",\"dateModified\":\"2025-12-05T18:31:05+00:00\",\"mainEntityOfPage\":{\"@id\":\"https:\\\/\\\/www.apfelpatient.de\\\/news\\\/neue-apple-designaera-begeistert-intern-trotz-grosser-umbrueche\"},\"wordCount\":821,\"publisher\":{\"@type\":\"Organization\",\"@id\":\"https:\\\/\\\/www.apfelpatient.de\\\/en\\\/#organization\",\"name\":\"Apfelpatient\",\"url\":\"https:\\\/\\\/www.apfelpatient.de\\\/en\\\/\"},\"image\":{\"@id\":\"https:\\\/\\\/www.apfelpatient.de\\\/news\\\/neue-apple-designaera-begeistert-intern-trotz-grosser-umbrueche#primaryimage\"},\"thumbnailUrl\":\"https:\\\/\\\/www.apfelpatient.de\\\/wp-content\\\/uploads\\\/2025\\\/12\\\/shutterstock_2644717577.jpg\",\"keywords\":[\"iOS\",\"iPadOS\",\"macOS\",\"TechPatient\",\"tvOS\",\"visionOS\",\"watchOS\"],\"articleSection\":\"News\",\"inLanguage\":\"en-US\",\"copyrightYear\":\"2025\",\"copyrightHolder\":{\"@id\":\"https:\\\/\\\/www.apfelpatient.de\\\/en\\\/#organization\"}},{\"@type\":\"WebPage\",\"@id\":\"https:\\\/\\\/www.apfelpatient.de\\\/news\\\/neue-apple-designaera-begeistert-intern-trotz-grosser-umbrueche\",\"url\":\"https:\\\/\\\/www.apfelpatient.de\\\/news\\\/neue-apple-designaera-begeistert-intern-trotz-grosser-umbrueche\",\"name\":\"Neue Apple Design\u00e4ra begeistert intern trotz gro\u00dfer Umbr\u00fcche Apfelpatient\",\"isPartOf\":{\"@id\":\"https:\\\/\\\/www.apfelpatient.de\\\/#website\"},\"primaryImageOfPage\":{\"@id\":\"https:\\\/\\\/www.apfelpatient.de\\\/news\\\/neue-apple-designaera-begeistert-intern-trotz-grosser-umbrueche#primaryimage\"},\"image\":{\"@id\":\"https:\\\/\\\/www.apfelpatient.de\\\/news\\\/neue-apple-designaera-begeistert-intern-trotz-grosser-umbrueche#primaryimage\"},\"thumbnailUrl\":\"https:\\\/\\\/www.apfelpatient.de\\\/wp-content\\\/uploads\\\/2025\\\/12\\\/shutterstock_2644717577.jpg\",\"datePublished\":\"2025-12-05T18:30:19+00:00\",\"dateModified\":\"2025-12-05T18:31:05+00:00\",\"description\":\"Apple startet mit Steve Lemay in eine neue Design\u00e4ra, die intern viel R\u00fcckenwind erh\u00e4lt und von erfahrenen Designern offen unterst\u00fctzt wird.\",\"breadcrumb\":{\"@id\":\"https:\\\/\\\/www.apfelpatient.de\\\/news\\\/neue-apple-designaera-begeistert-intern-trotz-grosser-umbrueche#breadcrumb\"},\"inLanguage\":\"en-US\",\"potentialAction\":[{\"@type\":\"ReadAction\",\"target\":[\"https:\\\/\\\/www.apfelpatient.de\\\/news\\\/neue-apple-designaera-begeistert-intern-trotz-grosser-umbrueche\"]}]},{\"@type\":\"ImageObject\",\"inLanguage\":\"en-US\",\"@id\":\"https:\\\/\\\/www.apfelpatient.de\\\/news\\\/neue-apple-designaera-begeistert-intern-trotz-grosser-umbrueche#primaryimage\",\"url\":\"https:\\\/\\\/www.apfelpatient.de\\\/wp-content\\\/uploads\\\/2025\\\/12\\\/shutterstock_2644717577.jpg\",\"contentUrl\":\"https:\\\/\\\/www.apfelpatient.de\\\/wp-content\\\/uploads\\\/2025\\\/12\\\/shutterstock_2644717577.jpg\",\"width\":1600,\"height\":901,\"caption\":\"Bild: Shutterstock \\\/ slvn_an\"},{\"@type\":\"BreadcrumbList\",\"@id\":\"https:\\\/\\\/www.apfelpatient.de\\\/news\\\/neue-apple-designaera-begeistert-intern-trotz-grosser-umbrueche#breadcrumb\",\"itemListElement\":[{\"@type\":\"ListItem\",\"position\":1,\"name\":\"Startseite\",\"item\":\"https:\\\/\\\/www.apfelpatient.de\\\/\"},{\"@type\":\"ListItem\",\"position\":2,\"name\":\"Neue Apple Design\u00e4ra begeistert intern trotz gro\u00dfer Umbr\u00fcche\"}]},{\"@type\":\"WebSite\",\"@id\":\"https:\\\/\\\/www.apfelpatient.de\\\/#website\",\"url\":\"https:\\\/\\\/www.apfelpatient.de\\\/\",\"name\":\"Apfelpatient\",\"description\":\"Alles rund um Apple!\",\"publisher\":{\"@type\":\"Organization\",\"@id\":\"https:\\\/\\\/www.apfelpatient.de\\\/en\\\/#organization\",\"name\":\"Apfelpatient\",\"url\":\"https:\\\/\\\/www.apfelpatient.de\\\/en\\\/\"},\"alternateName\":\"Apfelpatient\",\"potentialAction\":[{\"@type\":\"SearchAction\",\"target\":{\"@type\":\"EntryPoint\",\"urlTemplate\":\"https:\\\/\\\/www.apfelpatient.de\\\/?s={search_term_string}\"},\"query-input\":{\"@type\":\"PropertyValueSpecification\",\"valueRequired\":true,\"valueName\":\"search_term_string\"}}],\"inLanguage\":\"en-US\"},{\"@type\":[\"Person\",\"Organization\"],\"@id\":\"https:\\\/\\\/www.apfelpatient.de\\\/#\\\/schema\\\/person\\\/7dc56ad6c8e9824b76d2c08d4c140e13\",\"name\":\"Milan\",\"logo\":{\"@id\":\"https:\\\/\\\/www.apfelpatient.de\\\/#\\\/schema\\\/person\\\/image\\\/\"},\"description\":\"Hallo und herzlich willkommen auf meinem Technik-Blog! Als gro\u00dfer Apple-Fan berichte ich hier \u00fcber alles, was mit Apple zu tun hat: von den neuesten News und spannenden Ger\u00fcchten \u00fcber hilfreiche Tipps und Tricks bis hin zu ausf\u00fchrlichen Produkttests. Wenn du genauso technikbegeistert bist wie ich, bist du hier genau richtig!\",\"sameAs\":[\"https:\\\/\\\/www.facebook.com\\\/apfelpatientOfficial\",\"https:\\\/\\\/www.linkedin.com\\\/in\\\/milan-jovicic-42aa0231b\"],\"url\":\"https:\\\/\\\/www.apfelpatient.de\\\/en\\\/author\\\/apfeladmin\"}]}<\/script>\n<!-- \/ Yoast SEO Premium plugin. -->","yoast_head_json":{"title":"Apple&#039;s new design era is generating internal enthusiasm despite major changes Apfelpatient","description":"Apple is entering a new design era with Steve Lemay, which is receiving a lot of internal support and is openly endorsed by experienced designers.","robots":{"index":"index","follow":"follow","max-snippet":"max-snippet:-1","max-image-preview":"max-image-preview:large","max-video-preview":"max-video-preview:-1"},"canonical":"https:\/\/www.apfelpatient.de\/en\/news\/apples-new-design-era-is-generating-internal-enthusiasm-despite-major-changes","og_locale":"en_US","og_type":"article","og_title":"Neue Apple Design\u00e4ra begeistert intern trotz gro\u00dfer Umbr\u00fcche","og_description":"Apple startet mit Steve Lemay in eine neue Design\u00e4ra, die intern viel R\u00fcckenwind erh\u00e4lt und von erfahrenen Designern offen unterst\u00fctzt wird.","og_url":"https:\/\/www.apfelpatient.de\/en\/news\/apples-new-design-era-is-generating-internal-enthusiasm-despite-major-changes","og_site_name":"Apfelpatient","article_publisher":"https:\/\/www.facebook.com\/apfelpatientOfficial","article_author":"https:\/\/www.facebook.com\/apfelpatientOfficial","article_published_time":"2025-12-05T18:30:19+00:00","article_modified_time":"2025-12-05T18:31:05+00:00","og_image":[{"width":1600,"height":901,"url":"https:\/\/www.apfelpatient.de\/wp-content\/uploads\/2025\/12\/shutterstock_2644717577.jpg","type":"image\/jpeg"}],"author":"Milan","twitter_card":"summary_large_image","twitter_description":"Apple startet mit Steve Lemay in eine neue Design\u00e4ra, die intern viel R\u00fcckenwind erh\u00e4lt und von erfahrenen Designern offen unterst\u00fctzt wird.","twitter_misc":{"Written by":"Milan","Est. reading time":"5 minutes"},"schema":{"@context":"https:\/\/schema.org","@graph":[{"@type":"NewsArticle","@id":"https:\/\/www.apfelpatient.de\/news\/neue-apple-designaera-begeistert-intern-trotz-grosser-umbrueche#article","isPartOf":{"@id":"https:\/\/www.apfelpatient.de\/news\/neue-apple-designaera-begeistert-intern-trotz-grosser-umbrueche"},"author":{"@type":"Organization","@id":"https:\/\/www.apfelpatient.de\/en\/#organization","name":"Apfelpatient","url":"https:\/\/www.apfelpatient.de\/en\/"},"headline":"Neue Apple Design\u00e4ra begeistert intern trotz gro\u00dfer Umbr\u00fcche","datePublished":"2025-12-05T18:30:19+00:00","dateModified":"2025-12-05T18:31:05+00:00","mainEntityOfPage":{"@id":"https:\/\/www.apfelpatient.de\/news\/neue-apple-designaera-begeistert-intern-trotz-grosser-umbrueche"},"wordCount":821,"publisher":{"@type":"Organization","@id":"https:\/\/www.apfelpatient.de\/en\/#organization","name":"Apfelpatient","url":"https:\/\/www.apfelpatient.de\/en\/"},"image":{"@id":"https:\/\/www.apfelpatient.de\/news\/neue-apple-designaera-begeistert-intern-trotz-grosser-umbrueche#primaryimage"},"thumbnailUrl":"https:\/\/www.apfelpatient.de\/wp-content\/uploads\/2025\/12\/shutterstock_2644717577.jpg","keywords":["iOS","iPadOS","macOS","TechPatient","tvOS","visionOS","watchOS"],"articleSection":"News","inLanguage":"en-US","copyrightYear":"2025","copyrightHolder":{"@id":"https:\/\/www.apfelpatient.de\/en\/#organization"}},{"@type":"WebPage","@id":"https:\/\/www.apfelpatient.de\/news\/neue-apple-designaera-begeistert-intern-trotz-grosser-umbrueche","url":"https:\/\/www.apfelpatient.de\/news\/neue-apple-designaera-begeistert-intern-trotz-grosser-umbrueche","name":"Apple&#039;s new design era is generating internal enthusiasm despite major changes Apfelpatient","isPartOf":{"@id":"https:\/\/www.apfelpatient.de\/#website"},"primaryImageOfPage":{"@id":"https:\/\/www.apfelpatient.de\/news\/neue-apple-designaera-begeistert-intern-trotz-grosser-umbrueche#primaryimage"},"image":{"@id":"https:\/\/www.apfelpatient.de\/news\/neue-apple-designaera-begeistert-intern-trotz-grosser-umbrueche#primaryimage"},"thumbnailUrl":"https:\/\/www.apfelpatient.de\/wp-content\/uploads\/2025\/12\/shutterstock_2644717577.jpg","datePublished":"2025-12-05T18:30:19+00:00","dateModified":"2025-12-05T18:31:05+00:00","description":"Apple is entering a new design era with Steve Lemay, which is receiving a lot of internal support and is openly endorsed by experienced designers.","breadcrumb":{"@id":"https:\/\/www.apfelpatient.de\/news\/neue-apple-designaera-begeistert-intern-trotz-grosser-umbrueche#breadcrumb"},"inLanguage":"en-US","potentialAction":[{"@type":"ReadAction","target":["https:\/\/www.apfelpatient.de\/news\/neue-apple-designaera-begeistert-intern-trotz-grosser-umbrueche"]}]},{"@type":"ImageObject","inLanguage":"en-US","@id":"https:\/\/www.apfelpatient.de\/news\/neue-apple-designaera-begeistert-intern-trotz-grosser-umbrueche#primaryimage","url":"https:\/\/www.apfelpatient.de\/wp-content\/uploads\/2025\/12\/shutterstock_2644717577.jpg","contentUrl":"https:\/\/www.apfelpatient.de\/wp-content\/uploads\/2025\/12\/shutterstock_2644717577.jpg","width":1600,"height":901,"caption":"Bild: Shutterstock \/ slvn_an"},{"@type":"BreadcrumbList","@id":"https:\/\/www.apfelpatient.de\/news\/neue-apple-designaera-begeistert-intern-trotz-grosser-umbrueche#breadcrumb","itemListElement":[{"@type":"ListItem","position":1,"name":"Startseite","item":"https:\/\/www.apfelpatient.de\/"},{"@type":"ListItem","position":2,"name":"Neue Apple Design\u00e4ra begeistert intern trotz gro\u00dfer Umbr\u00fcche"}]},{"@type":"WebSite","@id":"https:\/\/www.apfelpatient.de\/#website","url":"https:\/\/www.apfelpatient.de\/","name":"apple patient","description":"Everything about Apple!","publisher":{"@type":"Organization","@id":"https:\/\/www.apfelpatient.de\/en\/#organization","name":"Apfelpatient","url":"https:\/\/www.apfelpatient.de\/en\/"},"alternateName":"Apfelpatient","potentialAction":[{"@type":"SearchAction","target":{"@type":"EntryPoint","urlTemplate":"https:\/\/www.apfelpatient.de\/?s={search_term_string}"},"query-input":{"@type":"PropertyValueSpecification","valueRequired":true,"valueName":"search_term_string"}}],"inLanguage":"en-US"},{"@type":["Person","Organization"],"@id":"https:\/\/www.apfelpatient.de\/#\/schema\/person\/7dc56ad6c8e9824b76d2c08d4c140e13","name":"Milan","logo":{"@id":"https:\/\/www.apfelpatient.de\/#\/schema\/person\/image\/"},"description":"Hello and welcome to my technology blog! As a big Apple fan, I report on everything to do with Apple: from the latest news and exciting rumors to helpful tips and tricks and detailed product tests. If you are as enthusiastic about technology as I am, you have come to the right place!","sameAs":["https:\/\/www.facebook.com\/apfelpatientOfficial","https:\/\/www.linkedin.com\/in\/milan-jovicic-42aa0231b"],"url":"https:\/\/www.apfelpatient.de\/en\/author\/apfeladmin"}]}},"_links":{"self":[{"href":"https:\/\/www.apfelpatient.de\/en\/wp-json\/wp\/v2\/posts\/61707","targetHints":{"allow":["GET"]}}],"collection":[{"href":"https:\/\/www.apfelpatient.de\/en\/wp-json\/wp\/v2\/posts"}],"about":[{"href":"https:\/\/www.apfelpatient.de\/en\/wp-json\/wp\/v2\/types\/post"}],"author":[{"embeddable":true,"href":"https:\/\/www.apfelpatient.de\/en\/wp-json\/wp\/v2\/users\/2"}],"replies":[{"embeddable":true,"href":"https:\/\/www.apfelpatient.de\/en\/wp-json\/wp\/v2\/comments?post=61707"}],"version-history":[{"count":1,"href":"https:\/\/www.apfelpatient.de\/en\/wp-json\/wp\/v2\/posts\/61707\/revisions"}],"predecessor-version":[{"id":61708,"href":"https:\/\/www.apfelpatient.de\/en\/wp-json\/wp\/v2\/posts\/61707\/revisions\/61708"}],"wp:featuredmedia":[{"embeddable":true,"href":"https:\/\/www.apfelpatient.de\/en\/wp-json\/wp\/v2\/media\/61706"}],"wp:attachment":[{"href":"https:\/\/www.apfelpatient.de\/en\/wp-json\/wp\/v2\/media?parent=61707"}],"wp:term":[{"taxonomy":"category","embeddable":true,"href":"https:\/\/www.apfelpatient.de\/en\/wp-json\/wp\/v2\/categories?post=61707"},{"taxonomy":"post_tag","embeddable":true,"href":"https:\/\/www.apfelpatient.de\/en\/wp-json\/wp\/v2\/tags?post=61707"}],"curies":[{"name":"wp","href":"https:\/\/api.w.org\/{rel}","templated":true}]}}