{"id":61678,"date":"2025-12-04T20:46:23","date_gmt":"2025-12-04T19:46:23","guid":{"rendered":"https:\/\/www.apfelpatient.de\/?p=61678"},"modified":"2025-12-04T20:47:16","modified_gmt":"2025-12-04T19:47:16","slug":"apple-tv-surprises-with-date-for-tehran-season-3","status":"publish","type":"post","link":"https:\/\/www.apfelpatient.de\/en\/news\/apple-tv-ueberrascht-mit-termin-fuer-tehran-staffel-3","title":{"rendered":"Apple TV surprises with release date for Tehran Season 3"},"content":{"rendered":"<p class=\"has-drop-cap\"><strong>Apple TV is preparing to launch a long-delayed thriller series. Tehran, one of the streaming service&#039;s most popular international productions, returns with a new season after years of uncertainty. The third season premieres in January, and a fourth is already in production. This move puts Apple TV back in the spotlight for its thriller offerings and strengthens its overall series profile.<\/strong><\/p>\n\n\n\n<p>The new season of Tehran was originally ready for broadcast in 2023. However, due to political developments in the Middle East and the war between Israel and Hamas, Apple TV postponed the international release indefinitely. While the season aired in its entirety on the Israeli channel Kan 11 at the end of 2024, the worldwide release continued to await approval. With this latest announcement, Apple TV has now clarified the situation.<\/p>\n\n\n\n<h4 class=\"wp-block-heading\" id=\"h-die-dritte-staffel-von-tehran-startet-im-januar\">The third season of Tehran starts in January<\/h4>\n\n\n\n<p>The third season premieres on Friday, January 9th, on Apple TV. A single episode will be released for the premiere, followed by weekly episodes until February 27th. This maintains the established release schedule that Apple TV uses for many of its original productions.<\/p>\n\n\n\n<p>The series is one of the longest-running thrillers on the platform. It tells the story of a Mossad agent working deep undercover in Tehran who repeatedly finds herself in life-threatening situations. Niv Sultan reprises her role as lead.<\/p>\n\n\n\n<figure class=\"wp-block-image size-full\"><img decoding=\"async\" width=\"1600\" height=\"1067\" src=\"https:\/\/www.apfelpatient.de\/wp-content\/uploads\/2025\/12\/120425_Tehran_Season_Three_Announcement_Big_Image_05.jpg\" alt=\"Apple TV Tehran\" class=\"wp-image-61677\" srcset=\"https:\/\/www.apfelpatient.de\/wp-content\/uploads\/2025\/12\/120425_Tehran_Season_Three_Announcement_Big_Image_05.jpg 1600w, https:\/\/www.apfelpatient.de\/wp-content\/uploads\/2025\/12\/120425_Tehran_Season_Three_Announcement_Big_Image_05-300x200.jpg 300w, https:\/\/www.apfelpatient.de\/wp-content\/uploads\/2025\/12\/120425_Tehran_Season_Three_Announcement_Big_Image_05-1024x683.jpg 1024w, https:\/\/www.apfelpatient.de\/wp-content\/uploads\/2025\/12\/120425_Tehran_Season_Three_Announcement_Big_Image_05-768x512.jpg 768w, https:\/\/www.apfelpatient.de\/wp-content\/uploads\/2025\/12\/120425_Tehran_Season_Three_Announcement_Big_Image_05-1536x1024.jpg 1536w, https:\/\/www.apfelpatient.de\/wp-content\/uploads\/2025\/12\/120425_Tehran_Season_Three_Announcement_Big_Image_05-18x12.jpg 18w, https:\/\/www.apfelpatient.de\/wp-content\/uploads\/2025\/12\/120425_Tehran_Season_Three_Announcement_Big_Image_05-750x500.jpg 750w, https:\/\/www.apfelpatient.de\/wp-content\/uploads\/2025\/12\/120425_Tehran_Season_Three_Announcement_Big_Image_05-1140x760.jpg 1140w\" sizes=\"(max-width: 1600px) 100vw, 1600px\" \/><figcaption class=\"wp-element-caption\">Image: Apple<\/figcaption><\/figure>\n\n\n\n<h4 class=\"wp-block-heading\" id=\"h-hugh-laurie-erganzt-die-besetzung\">Hugh Laurie joins the cast<\/h4>\n\n\n\n<p>Apple TV has secured a well-known name for the new season. Hugh Laurie joins the cast, generating additional buzz. He joins the international cast that has been a hallmark of the show in previous seasons.<\/p>\n\n\n\n<h4 class=\"wp-block-heading\" id=\"h-grunde-fur-die-lange-verzogerung\">Reasons for the long delay<\/h4>\n\n\n\n<p>The third season was filmed back in 2023. However, the planned release was delayed after the outbreak of war between Israel and Hamas. Apple TV postponed the international release indefinitely and remained silent on the situation for a long time. While viewers in Israel were able to watch the new episodes as early as December 2024, the worldwide release date remained uncertain until Apple TV recently announced a January premiere.<\/p>\n\n\n\n<figure class=\"wp-block-image size-full\"><img decoding=\"async\" width=\"1600\" height=\"1067\" src=\"https:\/\/www.apfelpatient.de\/wp-content\/uploads\/2025\/12\/120425_Tehran_Season_Three_Announcement_Big_Image_03.jpg\" alt=\"Apple TV Tehran\" class=\"wp-image-61675\" srcset=\"https:\/\/www.apfelpatient.de\/wp-content\/uploads\/2025\/12\/120425_Tehran_Season_Three_Announcement_Big_Image_03.jpg 1600w, https:\/\/www.apfelpatient.de\/wp-content\/uploads\/2025\/12\/120425_Tehran_Season_Three_Announcement_Big_Image_03-300x200.jpg 300w, https:\/\/www.apfelpatient.de\/wp-content\/uploads\/2025\/12\/120425_Tehran_Season_Three_Announcement_Big_Image_03-1024x683.jpg 1024w, https:\/\/www.apfelpatient.de\/wp-content\/uploads\/2025\/12\/120425_Tehran_Season_Three_Announcement_Big_Image_03-768x512.jpg 768w, https:\/\/www.apfelpatient.de\/wp-content\/uploads\/2025\/12\/120425_Tehran_Season_Three_Announcement_Big_Image_03-1536x1024.jpg 1536w, https:\/\/www.apfelpatient.de\/wp-content\/uploads\/2025\/12\/120425_Tehran_Season_Three_Announcement_Big_Image_03-18x12.jpg 18w, https:\/\/www.apfelpatient.de\/wp-content\/uploads\/2025\/12\/120425_Tehran_Season_Three_Announcement_Big_Image_03-750x500.jpg 750w, https:\/\/www.apfelpatient.de\/wp-content\/uploads\/2025\/12\/120425_Tehran_Season_Three_Announcement_Big_Image_03-1140x760.jpg 1140w\" sizes=\"(max-width: 1600px) 100vw, 1600px\" \/><figcaption class=\"wp-element-caption\">Image: Apple<\/figcaption><\/figure>\n\n\n\n<h4 class=\"wp-block-heading\" id=\"h-vierte-staffel-bereits-in-produktion\">Fourth season already in production<\/h4>\n\n\n\n<p class=\"translation-block\">Apple <a href=\"https:\/\/www.apple.com\/tv-pr\/news\/2025\/12\/apple-tv-renews-international-emmy-award-winning-series-tehran-for-season-four-and-sets-season-three-premiere-for-january-9-2026\/#:~:text=Thefourthseasonof\u201cTehran\u201disnowinproductionandseasonsoneandtwoarestreaminggloballyonAppleTV.\" target=\"_blank\" rel=\"noreferrer noopener follow\" data-wpel-link=\"exclude\">has confirmed<\/a> in a press release that the fourth season of Tehran is already in production. Barring further delays, the next seasons are expected to be released in 2026 and 2027. This clearly indicates Apple TV&#039;s commitment to continuing the series.<\/p>\n\n\n\n<ul class=\"wp-block-list\">\n<li><a href=\"https:\/\/www.apfelpatient.de\/en\/generally\/apple-tv-highlights-for-december-2025-at-a-glance\">Apple TV Highlights for December 2025 at a Glance<\/a><\/li>\n<\/ul>\n\n\n\n<h4 class=\"wp-block-heading\" id=\"h-andere-thriller-projekte-bleiben-verschoben\">Other thriller projects remain postponed<\/h4>\n\n\n\n<p class=\"translation-block\">Alongside Tehran, another series is also causing delays. <a href=\"https:\/\/www.apfelpatient.de\/en\/news\/apple-tv-postpones-the-savant-jessica-chastain-reacts\" data-wpel-link=\"internal\" target=\"_self\">The Savant,<\/a> starring Jessica Chastain, was scheduled to premiere on September 26th but was pulled from the schedule shortly before the date. To date, there is no new release date. However, the return of Tehran demonstrates that Apple TV is committed to its international thriller productions despite such postponements.<\/p>\n\n\n\n<figure class=\"wp-block-embed is-type-video is-provider-youtube wp-block-embed-youtube wp-embed-aspect-16-9 wp-has-aspect-ratio\"><div class=\"wp-block-embed__wrapper\">\n <div class=\"brlbs-cmpnt-container brlbs-cmpnt-content-blocker brlbs-cmpnt-with-individual-styles\" data-borlabs-cookie-content-blocker-id=\"youtube-content-blocker\" data-borlabs-cookie-content=\"PGRpdiBjbGFzcz0iamVnX3ZpZGVvX2NvbnRhaW5lciBqZWdfdmlkZW9fY29udGVudCI+PGlmcmFtZSB0aXRsZT0iVGVocmFuIOKAlCBTZWFzb24gMyBPZmZpY2lhbCBUcmFpbGVyIHwgQXBwbGUgVFYiIHdpZHRoPSI1MDAiIGhlaWdodD0iMjgxIiBzcmM9Imh0dHBzOi8vd3d3LnlvdXR1YmUtbm9jb29raWUuY29tL2VtYmVkL20tR3pjVi1xR19zP2ZlYXR1cmU9b2VtYmVkIiBmcmFtZWJvcmRlcj0iMCIgYWxsb3c9ImFjY2VsZXJvbWV0ZXI7IGF1dG9wbGF5OyBjbGlwYm9hcmQtd3JpdGU7IGVuY3J5cHRlZC1tZWRpYTsgZ3lyb3Njb3BlOyBwaWN0dXJlLWluLXBpY3R1cmU7IHdlYi1zaGFyZSIgcmVmZXJyZXJwb2xpY3k9InN0cmljdC1vcmlnaW4td2hlbi1jcm9zcy1vcmlnaW4iIGFsbG93ZnVsbHNjcmVlbj48L2lmcmFtZT48L2Rpdj4=\"><div class=\"brlbs-cmpnt-cb-preset-c brlbs-cmpnt-cb-youtube\"> <div class=\"brlbs-cmpnt-cb-thumbnail\" style=\"background-image: url('https:\/\/www.apfelpatient.de\/wp-content\/uploads\/borlabs-cookie\/1\/yt_m-GzcV-qG_s_hqdefault.jpg')\"><\/div> <div class=\"brlbs-cmpnt-cb-main\"> <div class=\"brlbs-cmpnt-cb-play-button\"><\/div> <div class=\"brlbs-cmpnt-cb-content\"> <p class=\"brlbs-cmpnt-cb-description\">You are currently viewing a placeholder content from <strong>YouTube<\/strong>. To access the actual content, click the button below. Please note that doing so will share data with third-party providers.<\/p> <a class=\"brlbs-cmpnt-cb-provider-toggle\" href=\"#\" data-borlabs-cookie-show-provider-information role=\"button\">More Information<\/a> <\/div> <div class=\"brlbs-cmpnt-cb-buttons\"> <a class=\"brlbs-cmpnt-cb-btn\" href=\"#\" data-borlabs-cookie-unblock role=\"button\">Unblock content<\/a> <a class=\"brlbs-cmpnt-cb-btn\" href=\"#\" data-borlabs-cookie-accept-service role=\"button\" style=\"display: inherit\">Accept required service and unblock content<\/a> <\/div> <\/div> <\/div><\/div>\n<\/div><\/figure>\n\n\n\n<h4 class=\"wp-block-heading\" id=\"h-apple-tv-bleibt-eine-plattform-fur-hochwertige-serien\">Apple TV remains a platform for high-quality series<\/h4>\n\n\n\n<p>Besides Tehran, Apple TV offers a wide range of successful series, including Ted Lasso, Severance, and Pluribus. The service costs \u20ac9.99 per month and is also available in the Apple One bundle. The first two seasons of Tehran are already available on Apple TV, providing a smooth transition to the third season.<\/p>\n\n\n\n<ul class=\"wp-block-list\">\n<li><a href=\"https:\/\/www.apfelpatient.de\/en\/news\/apple-tv-expands-its-offerings-with-your-friends-neighbours-s2\">Apple TV expands its offerings with Your Friends &amp; Neighbors S2<\/a><\/li>\n\n\n\n<li><a href=\"https:\/\/www.apfelpatient.de\/en\/news\/apple-and-f1-are-already-exploring-new-avenues-of-cooperation\">Apple and F1 are already exploring new avenues of cooperation<\/a><\/li>\n\n\n\n<li><a href=\"https:\/\/www.apfelpatient.de\/en\/news\/apple-strengthens-its-presence-in-sports-through-real-madrid-content\">Apple strengthens its presence in sports through Real Madrid content<\/a><\/li>\n\n\n\n<li><a href=\"https:\/\/www.apfelpatient.de\/en\/news\/apple-tvs-mysterious-deletions-raise-new-questions\">Apple TV: Mysterious deletions raise new questions<\/a><\/li>\n\n\n\n<li><a href=\"https:\/\/www.apfelpatient.de\/en\/news\/apple-tv-will-keep-friday-night-baseball-free-until-2028\">Apple TV will keep Friday Night Baseball free until 2028<\/a><\/li>\n\n\n\n<li><a href=\"https:\/\/www.apfelpatient.de\/en\/news\/f1-the-movie-how-realistic-is-a-sequel-really\">F1 The Movie: How realistic is a sequel really?<\/a><\/li>\n\n\n\n<li><a href=\"https:\/\/www.apfelpatient.de\/en\/news\/apple-shortens-mls-deal-new-contract-ends-in-2029\">Apple shortens MLS deal: New contract ends in 2029<\/a><\/li>\n\n\n\n<li><a href=\"https:\/\/www.apfelpatient.de\/en\/news\/apple-tv-will-show-all-mls-games-in-2026-at-no-extra-cost\">Apple TV will show all MLS games in 2026 at no extra cost.<\/a><\/li>\n\n\n\n<li><a href=\"https:\/\/www.apfelpatient.de\/en\/news\/sci-fi-hit-monarch-second-season-available-on-apple-tv-from-february-2026\">Sci-fi hit Monarch: Season 2 premieres in February 2026 on Apple TV<\/a><\/li>\n<\/ul>\n\n\n\n<h3 class=\"wp-block-heading\" id=\"h-apple-tv-starkt-sein-internationales-serienprofil\">Apple TV strengthens its international series profile<\/h3>\n\n\n\n<p>With the announcement of the January launch, Apple TV ends a long period of uncertainty. Tehran returns with new episodes and an expanded cast and will remain an important part of the streaming service&#039;s thriller offerings. The combination of an already filmed season, a weekly release schedule, and a confirmed continuation shows that Apple TV is planning for the series long-term and will continue to develop it. (Image: Apple)<\/p>\n\n\n\n<ul class=\"wp-block-list\">\n<li><a href=\"https:\/\/www.apfelpatient.de\/en\/news\/russia-blocks-facetime-and-tightens-digital-pressure\">Russia blocks FaceTime and tightens digital pressure<\/a><\/li>\n\n\n\n<li><a href=\"https:\/\/www.apfelpatient.de\/en\/news\/iphone-air-is-rapidly-losing-value-according-to-current-market-analysis\">iPhone Air is rapidly losing value according to current market analysis<\/a><\/li>\n\n\n\n<li><a href=\"https:\/\/www.apfelpatient.de\/en\/news\/the-lack-of-a-night-mode-in-portrait-mode-on-the-iphone-17-pro-is-drawing-criticism\">The lack of Night Mode in Portrait mode on the iPhone 17 Pro is drawing criticism<\/a><\/li>\n\n\n\n<li><a href=\"https:\/\/www.apfelpatient.de\/en\/news\/apple-announces-the-winner-of-the-2025-podcast-awards\">Apple announces the winner of the 2025 Podcast Awards<\/a><\/li>\n\n\n\n<li><a href=\"https:\/\/www.apfelpatient.de\/en\/news\/apple-presents-the-winners-of-the-app-store-awards-2025\">Apple presents the winners of the App Store Awards 2025<\/a><\/li>\n\n\n\n<li><a href=\"https:\/\/www.apfelpatient.de\/en\/news\/apple-why-alan-dyes-departure-is-seen-as-an-opportunity\">Apple: Why Alan Dye&#039;s departure is seen as an opportunity<\/a><\/li>\n\n\n\n<li><a href=\"https:\/\/www.apfelpatient.de\/en\/news\/apple-celebrates-creativity-with-luminous-projections-in-london\">Apple celebrates creativity with glowing projections in London<\/a><\/li>\n\n\n\n<li><a href=\"https:\/\/www.apfelpatient.de\/en\/news\/apple-loses-ui-chief-designer-alan-dye-to-meta\">Apple loses UI chief designer Alan Dye to Meta<\/a><\/li>\n\n\n\n<li><a href=\"https:\/\/www.apfelpatient.de\/en\/news\/ios-26-2-rc-releases-an-overview-of-all-new-features\">iOS 26.2 RC released: All new features at a glance<\/a><\/li>\n\n\n\n<li><a href=\"https:\/\/www.apfelpatient.de\/en\/news\/apple-tv-expands-its-offerings-with-your-friends-neighbours-s2\">Apple TV expands its offerings with Your Friends &amp; Neighbors S2<\/a><\/li>\n\n\n\n<li><a href=\"https:\/\/www.apfelpatient.de\/en\/news\/after-apples-resistance-india-abandons-its-mandatory-app-plans\">Following Apple's opposition, India scraps its mandatory app plans<\/a><\/li>\n\n\n\n<li><a href=\"https:\/\/www.apfelpatient.de\/en\/news\/apple-study-shows-potential-of-modern-heart-sensor-technology\">Apple study shows potential of modern heart sensor technology<\/a><\/li>\n\n\n\n<li><a href=\"https:\/\/www.apfelpatient.de\/en\/news\/apple-in-focus-eu-allows-antitrust-lawsuit-from-the-netherlands-to-proceed\">Apple in focus: EU allows antitrust lawsuit from the Netherlands<\/a><\/li>\n\n\n\n<li><a href=\"https:\/\/www.apfelpatient.de\/en\/news\/iphone-air-benefits-from-new-firmware-for-magsafe-battery\">iPhone Air benefits from new firmware for MagSafe battery<\/a><\/li>\n\n\n\n<li><a href=\"https:\/\/www.apfelpatient.de\/en\/news\/the-iphone-17-leads-to-significant-global-sales-records-for-apple\">The iPhone 17 has Apple celebrating significant global sales records<\/a><\/li>\n\n\n\n<li><a href=\"https:\/\/www.apfelpatient.de\/en\/news\/apple-and-app-tracking-are-the-focus-of-german-antitrust-authorities\">Apple and app tracking are in the spotlight of German antitrust authorities<\/a><\/li>\n\n\n\n<li><a href=\"https:\/\/www.apfelpatient.de\/en\/news\/apple-health-and-chatgpt-new-leak-reveals-possible-connection\">Apple Health and ChatGPT: New leak reveals possible integration<\/a><\/li>\n\n\n\n<li><a href=\"https:\/\/www.apfelpatient.de\/en\/news\/samsung-presents-a-triple-foldable-smartphone\">Samsung presents a triple-folding smartphone<\/a><\/li>\n<\/ul>\n\n\n\n<h6 class=\"wp-block-heading translation-block\" id=\"h-kennt-ihr-schon-unsere-amazon-storefront-dort-findet-ihr-eine-handverlesene-auswahl-von-diversen-produkten-f-r-euer-iphone-und-co-viel-spa-beim-st-bern\"><em>Have you already visited our Amazon Storefront? There you&#039;ll find a hand-picked selection of various products for your iPhone and other devices \u2013 <span class=\"has-inline-color has-vivid-red-color\"><a href=\"https:\/\/www.amazon.de\/shop\/apfelpatientofficial\" class=\"ek-link\" data-wpel-link=\"exclude\" rel=\"follow noopener\" target=\"_self\"><span style=\"text-decoration: underline\" class=\"ek-underline\">enjoy browsing<\/span><\/a> !<\/span><\/em><\/h6>\n\n\n\n<h6 class=\"wp-block-heading translation-block\" id=\"h-der-beitrag-enthalt-partnerlinks\">This post contains <a data-type=\"URL\" data-id=\"https:\/\/www.apfelpatient.de\/partnerprogramm\" href=\"https:\/\/www.apfelpatient.de\/en\/partner-program\" data-wpel-link=\"internal\" target=\"_self\">affiliate links<\/a>.<\/h6>","protected":false},"excerpt":{"rendered":"<p>Apple TV is bringing Tehran back after a long delay, launching season 3 in January. All the information on dates, cast, and the future of the series.<\/p>","protected":false},"author":2,"featured_media":61676,"comment_status":"closed","ping_status":"open","sticky":false,"template":"","format":"standard","meta":{"jnews-multi-image_gallery":[],"jnews_single_post":{"format":"standard","override":[{"template":"2","parallax":"1","fullscreen":"1","layout":"right-sidebar","sidebar":"default-sidebar","second_sidebar":"default-sidebar","sticky_sidebar":"1","share_position":"top","share_float_style":"share-monocrhome","show_featured":"1","show_post_meta":"1","show_post_author":"1","show_post_author_image":"1","show_post_date":"1","post_date_format":"default","post_date_format_custom":"Y\/m\/d","show_post_reading_time":"0","post_reading_time_wpm":"300","post_calculate_word_method":"str_word_count","show_zoom_button":"0","zoom_button_out_step":"2","zoom_button_in_step":"3","show_post_tag":"1","show_prev_next_post":"1","show_popup_post":"1","show_comment_section":"1","number_popup_post":"1","show_author_box":"0","show_post_related":"0","show_inline_post_related":"0"}],"image_override":[{"single_post_thumbnail_size":"crop-500","single_post_gallery_size":"crop-500"}],"trending_post_position":"meta","trending_post_label":"Trending","sponsored_post_label":"Sponsored by","disable_ad":"0"},"jnews_primary_category":{"id":"9"},"footnotes":""},"categories":[9],"tags":[34,156],"class_list":["post-61678","post","type-post","status-publish","format-standard","has-post-thumbnail","hentry","category-news","tag-apple-dienste","tag-apple-tv"],"yoast_head":"<!-- This site is optimized with the Yoast SEO Premium plugin v27.4 (Yoast SEO v27.4) - https:\/\/yoast.com\/product\/yoast-seo-premium-wordpress\/ -->\n<title>Apple TV \u00fcberrascht mit Termin f\u00fcr Tehran Staffel 3 Apfelpatient<\/title>\n<meta name=\"description\" content=\"Apple TV bringt Tehran nach langer Verz\u00f6gerung zur\u00fcck und startet Staffel 3 im Januar. Alle Infos zu Terminen, Cast und Zukunft der Serie.\" \/>\n<meta name=\"robots\" content=\"index, follow, max-snippet:-1, max-image-preview:large, max-video-preview:-1\" \/>\n<link rel=\"canonical\" href=\"https:\/\/www.apfelpatient.de\/en\/news\/apple-tv-surprises-with-date-for-tehran-season-3\" \/>\n<meta property=\"og:locale\" content=\"en_US\" \/>\n<meta property=\"og:type\" content=\"article\" \/>\n<meta property=\"og:title\" content=\"Apple TV \u00fcberrascht mit Termin f\u00fcr Tehran Staffel 3\" \/>\n<meta property=\"og:description\" content=\"Apple TV bringt Tehran nach langer Verz\u00f6gerung zur\u00fcck und startet Staffel 3 im Januar. Alle Infos zu Terminen, Cast und Zukunft der Serie.\" \/>\n<meta property=\"og:url\" content=\"https:\/\/www.apfelpatient.de\/en\/news\/apple-tv-surprises-with-date-for-tehran-season-3\" \/>\n<meta property=\"og:site_name\" content=\"Apfelpatient\" \/>\n<meta property=\"article:publisher\" content=\"https:\/\/www.facebook.com\/apfelpatientOfficial\" \/>\n<meta property=\"article:author\" content=\"https:\/\/www.facebook.com\/apfelpatientOfficial\" \/>\n<meta property=\"article:published_time\" content=\"2025-12-04T19:46:23+00:00\" \/>\n<meta property=\"article:modified_time\" content=\"2025-12-04T19:47:16+00:00\" \/>\n<meta property=\"og:image\" content=\"https:\/\/www.apfelpatient.de\/wp-content\/uploads\/2025\/12\/120425_Tehran_Season_Three_Announcement_Big_Image_04.jpg\" \/>\n\t<meta property=\"og:image:width\" content=\"1600\" \/>\n\t<meta property=\"og:image:height\" content=\"1067\" \/>\n\t<meta property=\"og:image:type\" content=\"image\/jpeg\" \/>\n<meta name=\"author\" content=\"Milan\" \/>\n<meta name=\"twitter:card\" content=\"summary_large_image\" \/>\n<meta name=\"twitter:description\" content=\"Apple TV bringt Tehran nach langer Verz\u00f6gerung zur\u00fcck und startet Staffel 3 im Januar. Alle Infos zu Terminen, Cast und Zukunft der Serie.\" \/>\n<meta name=\"twitter:label1\" content=\"Written by\" \/>\n\t<meta name=\"twitter:data1\" content=\"Milan\" \/>\n\t<meta name=\"twitter:label2\" content=\"Est. reading time\" \/>\n\t<meta name=\"twitter:data2\" content=\"6 minutes\" \/>\n<script type=\"application\/ld+json\" class=\"yoast-schema-graph\">{\"@context\":\"https:\\\/\\\/schema.org\",\"@graph\":[{\"@type\":\"NewsArticle\",\"@id\":\"https:\\\/\\\/www.apfelpatient.de\\\/news\\\/apple-tv-ueberrascht-mit-termin-fuer-tehran-staffel-3#article\",\"isPartOf\":{\"@id\":\"https:\\\/\\\/www.apfelpatient.de\\\/news\\\/apple-tv-ueberrascht-mit-termin-fuer-tehran-staffel-3\"},\"author\":{\"@type\":\"Organization\",\"@id\":\"https:\\\/\\\/www.apfelpatient.de\\\/en\\\/#organization\",\"name\":\"Apfelpatient\",\"url\":\"https:\\\/\\\/www.apfelpatient.de\\\/en\\\/\"},\"headline\":\"Apple TV \u00fcberrascht mit Termin f\u00fcr Tehran Staffel 3\",\"datePublished\":\"2025-12-04T19:46:23+00:00\",\"dateModified\":\"2025-12-04T19:47:16+00:00\",\"mainEntityOfPage\":{\"@id\":\"https:\\\/\\\/www.apfelpatient.de\\\/news\\\/apple-tv-ueberrascht-mit-termin-fuer-tehran-staffel-3\"},\"wordCount\":860,\"publisher\":{\"@type\":\"Organization\",\"@id\":\"https:\\\/\\\/www.apfelpatient.de\\\/en\\\/#organization\",\"name\":\"Apfelpatient\",\"url\":\"https:\\\/\\\/www.apfelpatient.de\\\/en\\\/\"},\"image\":{\"@id\":\"https:\\\/\\\/www.apfelpatient.de\\\/news\\\/apple-tv-ueberrascht-mit-termin-fuer-tehran-staffel-3#primaryimage\"},\"thumbnailUrl\":\"https:\\\/\\\/www.apfelpatient.de\\\/wp-content\\\/uploads\\\/2025\\\/12\\\/120425_Tehran_Season_Three_Announcement_Big_Image_04.jpg\",\"keywords\":[\"Apple Dienste\",\"Apple TV\"],\"articleSection\":\"News\",\"inLanguage\":\"en-US\",\"copyrightYear\":\"2025\",\"copyrightHolder\":{\"@id\":\"https:\\\/\\\/www.apfelpatient.de\\\/en\\\/#organization\"}},{\"@type\":\"WebPage\",\"@id\":\"https:\\\/\\\/www.apfelpatient.de\\\/news\\\/apple-tv-ueberrascht-mit-termin-fuer-tehran-staffel-3\",\"url\":\"https:\\\/\\\/www.apfelpatient.de\\\/news\\\/apple-tv-ueberrascht-mit-termin-fuer-tehran-staffel-3\",\"name\":\"Apple TV \u00fcberrascht mit Termin f\u00fcr Tehran Staffel 3 Apfelpatient\",\"isPartOf\":{\"@id\":\"https:\\\/\\\/www.apfelpatient.de\\\/#website\"},\"primaryImageOfPage\":{\"@id\":\"https:\\\/\\\/www.apfelpatient.de\\\/news\\\/apple-tv-ueberrascht-mit-termin-fuer-tehran-staffel-3#primaryimage\"},\"image\":{\"@id\":\"https:\\\/\\\/www.apfelpatient.de\\\/news\\\/apple-tv-ueberrascht-mit-termin-fuer-tehran-staffel-3#primaryimage\"},\"thumbnailUrl\":\"https:\\\/\\\/www.apfelpatient.de\\\/wp-content\\\/uploads\\\/2025\\\/12\\\/120425_Tehran_Season_Three_Announcement_Big_Image_04.jpg\",\"datePublished\":\"2025-12-04T19:46:23+00:00\",\"dateModified\":\"2025-12-04T19:47:16+00:00\",\"description\":\"Apple TV bringt Tehran nach langer Verz\u00f6gerung zur\u00fcck und startet Staffel 3 im Januar. Alle Infos zu Terminen, Cast und Zukunft der Serie.\",\"breadcrumb\":{\"@id\":\"https:\\\/\\\/www.apfelpatient.de\\\/news\\\/apple-tv-ueberrascht-mit-termin-fuer-tehran-staffel-3#breadcrumb\"},\"inLanguage\":\"en-US\",\"potentialAction\":[{\"@type\":\"ReadAction\",\"target\":[\"https:\\\/\\\/www.apfelpatient.de\\\/news\\\/apple-tv-ueberrascht-mit-termin-fuer-tehran-staffel-3\"]}]},{\"@type\":\"ImageObject\",\"inLanguage\":\"en-US\",\"@id\":\"https:\\\/\\\/www.apfelpatient.de\\\/news\\\/apple-tv-ueberrascht-mit-termin-fuer-tehran-staffel-3#primaryimage\",\"url\":\"https:\\\/\\\/www.apfelpatient.de\\\/wp-content\\\/uploads\\\/2025\\\/12\\\/120425_Tehran_Season_Three_Announcement_Big_Image_04.jpg\",\"contentUrl\":\"https:\\\/\\\/www.apfelpatient.de\\\/wp-content\\\/uploads\\\/2025\\\/12\\\/120425_Tehran_Season_Three_Announcement_Big_Image_04.jpg\",\"width\":1600,\"height\":1067,\"caption\":\"Bild: Apple\"},{\"@type\":\"BreadcrumbList\",\"@id\":\"https:\\\/\\\/www.apfelpatient.de\\\/news\\\/apple-tv-ueberrascht-mit-termin-fuer-tehran-staffel-3#breadcrumb\",\"itemListElement\":[{\"@type\":\"ListItem\",\"position\":1,\"name\":\"Startseite\",\"item\":\"https:\\\/\\\/www.apfelpatient.de\\\/\"},{\"@type\":\"ListItem\",\"position\":2,\"name\":\"Apple TV \u00fcberrascht mit Termin f\u00fcr Tehran Staffel 3\"}]},{\"@type\":\"WebSite\",\"@id\":\"https:\\\/\\\/www.apfelpatient.de\\\/#website\",\"url\":\"https:\\\/\\\/www.apfelpatient.de\\\/\",\"name\":\"Apfelpatient\",\"description\":\"Alles rund um Apple!\",\"publisher\":{\"@type\":\"Organization\",\"@id\":\"https:\\\/\\\/www.apfelpatient.de\\\/en\\\/#organization\",\"name\":\"Apfelpatient\",\"url\":\"https:\\\/\\\/www.apfelpatient.de\\\/en\\\/\"},\"alternateName\":\"Apfelpatient\",\"potentialAction\":[{\"@type\":\"SearchAction\",\"target\":{\"@type\":\"EntryPoint\",\"urlTemplate\":\"https:\\\/\\\/www.apfelpatient.de\\\/?s={search_term_string}\"},\"query-input\":{\"@type\":\"PropertyValueSpecification\",\"valueRequired\":true,\"valueName\":\"search_term_string\"}}],\"inLanguage\":\"en-US\"},{\"@type\":[\"Person\",\"Organization\"],\"@id\":\"https:\\\/\\\/www.apfelpatient.de\\\/#\\\/schema\\\/person\\\/7dc56ad6c8e9824b76d2c08d4c140e13\",\"name\":\"Milan\",\"logo\":{\"@id\":\"https:\\\/\\\/www.apfelpatient.de\\\/#\\\/schema\\\/person\\\/image\\\/\"},\"description\":\"Hallo und herzlich willkommen auf meinem Technik-Blog! Als gro\u00dfer Apple-Fan berichte ich hier \u00fcber alles, was mit Apple zu tun hat: von den neuesten News und spannenden Ger\u00fcchten \u00fcber hilfreiche Tipps und Tricks bis hin zu ausf\u00fchrlichen Produkttests. Wenn du genauso technikbegeistert bist wie ich, bist du hier genau richtig!\",\"sameAs\":[\"https:\\\/\\\/www.facebook.com\\\/apfelpatientOfficial\",\"https:\\\/\\\/www.linkedin.com\\\/in\\\/milan-jovicic-42aa0231b\"],\"url\":\"https:\\\/\\\/www.apfelpatient.de\\\/en\\\/author\\\/apfeladmin\"}]}<\/script>\n<!-- \/ Yoast SEO Premium plugin. -->","yoast_head_json":{"title":"Apple TV surprises with release date for Tehran Season 3 Apfelpatient","description":"Apple TV is bringing Tehran back after a long delay, launching season 3 in January. All the information on dates, cast, and the future of the series.","robots":{"index":"index","follow":"follow","max-snippet":"max-snippet:-1","max-image-preview":"max-image-preview:large","max-video-preview":"max-video-preview:-1"},"canonical":"https:\/\/www.apfelpatient.de\/en\/news\/apple-tv-surprises-with-date-for-tehran-season-3","og_locale":"en_US","og_type":"article","og_title":"Apple TV \u00fcberrascht mit Termin f\u00fcr Tehran Staffel 3","og_description":"Apple TV bringt Tehran nach langer Verz\u00f6gerung zur\u00fcck und startet Staffel 3 im Januar. Alle Infos zu Terminen, Cast und Zukunft der Serie.","og_url":"https:\/\/www.apfelpatient.de\/en\/news\/apple-tv-surprises-with-date-for-tehran-season-3","og_site_name":"Apfelpatient","article_publisher":"https:\/\/www.facebook.com\/apfelpatientOfficial","article_author":"https:\/\/www.facebook.com\/apfelpatientOfficial","article_published_time":"2025-12-04T19:46:23+00:00","article_modified_time":"2025-12-04T19:47:16+00:00","og_image":[{"width":1600,"height":1067,"url":"https:\/\/www.apfelpatient.de\/wp-content\/uploads\/2025\/12\/120425_Tehran_Season_Three_Announcement_Big_Image_04.jpg","type":"image\/jpeg"}],"author":"Milan","twitter_card":"summary_large_image","twitter_description":"Apple TV bringt Tehran nach langer Verz\u00f6gerung zur\u00fcck und startet Staffel 3 im Januar. Alle Infos zu Terminen, Cast und Zukunft der Serie.","twitter_misc":{"Written by":"Milan","Est. reading time":"6 minutes"},"schema":{"@context":"https:\/\/schema.org","@graph":[{"@type":"NewsArticle","@id":"https:\/\/www.apfelpatient.de\/news\/apple-tv-ueberrascht-mit-termin-fuer-tehran-staffel-3#article","isPartOf":{"@id":"https:\/\/www.apfelpatient.de\/news\/apple-tv-ueberrascht-mit-termin-fuer-tehran-staffel-3"},"author":{"@type":"Organization","@id":"https:\/\/www.apfelpatient.de\/en\/#organization","name":"Apfelpatient","url":"https:\/\/www.apfelpatient.de\/en\/"},"headline":"Apple TV \u00fcberrascht mit Termin f\u00fcr Tehran Staffel 3","datePublished":"2025-12-04T19:46:23+00:00","dateModified":"2025-12-04T19:47:16+00:00","mainEntityOfPage":{"@id":"https:\/\/www.apfelpatient.de\/news\/apple-tv-ueberrascht-mit-termin-fuer-tehran-staffel-3"},"wordCount":860,"publisher":{"@type":"Organization","@id":"https:\/\/www.apfelpatient.de\/en\/#organization","name":"Apfelpatient","url":"https:\/\/www.apfelpatient.de\/en\/"},"image":{"@id":"https:\/\/www.apfelpatient.de\/news\/apple-tv-ueberrascht-mit-termin-fuer-tehran-staffel-3#primaryimage"},"thumbnailUrl":"https:\/\/www.apfelpatient.de\/wp-content\/uploads\/2025\/12\/120425_Tehran_Season_Three_Announcement_Big_Image_04.jpg","keywords":["Apple Dienste","Apple TV"],"articleSection":"News","inLanguage":"en-US","copyrightYear":"2025","copyrightHolder":{"@id":"https:\/\/www.apfelpatient.de\/en\/#organization"}},{"@type":"WebPage","@id":"https:\/\/www.apfelpatient.de\/news\/apple-tv-ueberrascht-mit-termin-fuer-tehran-staffel-3","url":"https:\/\/www.apfelpatient.de\/news\/apple-tv-ueberrascht-mit-termin-fuer-tehran-staffel-3","name":"Apple TV surprises with release date for Tehran Season 3 Apfelpatient","isPartOf":{"@id":"https:\/\/www.apfelpatient.de\/#website"},"primaryImageOfPage":{"@id":"https:\/\/www.apfelpatient.de\/news\/apple-tv-ueberrascht-mit-termin-fuer-tehran-staffel-3#primaryimage"},"image":{"@id":"https:\/\/www.apfelpatient.de\/news\/apple-tv-ueberrascht-mit-termin-fuer-tehran-staffel-3#primaryimage"},"thumbnailUrl":"https:\/\/www.apfelpatient.de\/wp-content\/uploads\/2025\/12\/120425_Tehran_Season_Three_Announcement_Big_Image_04.jpg","datePublished":"2025-12-04T19:46:23+00:00","dateModified":"2025-12-04T19:47:16+00:00","description":"Apple TV is bringing Tehran back after a long delay, launching season 3 in January. All the information on dates, cast, and the future of the series.","breadcrumb":{"@id":"https:\/\/www.apfelpatient.de\/news\/apple-tv-ueberrascht-mit-termin-fuer-tehran-staffel-3#breadcrumb"},"inLanguage":"en-US","potentialAction":[{"@type":"ReadAction","target":["https:\/\/www.apfelpatient.de\/news\/apple-tv-ueberrascht-mit-termin-fuer-tehran-staffel-3"]}]},{"@type":"ImageObject","inLanguage":"en-US","@id":"https:\/\/www.apfelpatient.de\/news\/apple-tv-ueberrascht-mit-termin-fuer-tehran-staffel-3#primaryimage","url":"https:\/\/www.apfelpatient.de\/wp-content\/uploads\/2025\/12\/120425_Tehran_Season_Three_Announcement_Big_Image_04.jpg","contentUrl":"https:\/\/www.apfelpatient.de\/wp-content\/uploads\/2025\/12\/120425_Tehran_Season_Three_Announcement_Big_Image_04.jpg","width":1600,"height":1067,"caption":"Bild: Apple"},{"@type":"BreadcrumbList","@id":"https:\/\/www.apfelpatient.de\/news\/apple-tv-ueberrascht-mit-termin-fuer-tehran-staffel-3#breadcrumb","itemListElement":[{"@type":"ListItem","position":1,"name":"Startseite","item":"https:\/\/www.apfelpatient.de\/"},{"@type":"ListItem","position":2,"name":"Apple TV \u00fcberrascht mit Termin f\u00fcr Tehran Staffel 3"}]},{"@type":"WebSite","@id":"https:\/\/www.apfelpatient.de\/#website","url":"https:\/\/www.apfelpatient.de\/","name":"apple patient","description":"Everything about Apple!","publisher":{"@type":"Organization","@id":"https:\/\/www.apfelpatient.de\/en\/#organization","name":"Apfelpatient","url":"https:\/\/www.apfelpatient.de\/en\/"},"alternateName":"Apfelpatient","potentialAction":[{"@type":"SearchAction","target":{"@type":"EntryPoint","urlTemplate":"https:\/\/www.apfelpatient.de\/?s={search_term_string}"},"query-input":{"@type":"PropertyValueSpecification","valueRequired":true,"valueName":"search_term_string"}}],"inLanguage":"en-US"},{"@type":["Person","Organization"],"@id":"https:\/\/www.apfelpatient.de\/#\/schema\/person\/7dc56ad6c8e9824b76d2c08d4c140e13","name":"Milan","logo":{"@id":"https:\/\/www.apfelpatient.de\/#\/schema\/person\/image\/"},"description":"Hello and welcome to my technology blog! As a big Apple fan, I report on everything to do with Apple: from the latest news and exciting rumors to helpful tips and tricks and detailed product tests. If you are as enthusiastic about technology as I am, you have come to the right place!","sameAs":["https:\/\/www.facebook.com\/apfelpatientOfficial","https:\/\/www.linkedin.com\/in\/milan-jovicic-42aa0231b"],"url":"https:\/\/www.apfelpatient.de\/en\/author\/apfeladmin"}]}},"_links":{"self":[{"href":"https:\/\/www.apfelpatient.de\/en\/wp-json\/wp\/v2\/posts\/61678","targetHints":{"allow":["GET"]}}],"collection":[{"href":"https:\/\/www.apfelpatient.de\/en\/wp-json\/wp\/v2\/posts"}],"about":[{"href":"https:\/\/www.apfelpatient.de\/en\/wp-json\/wp\/v2\/types\/post"}],"author":[{"embeddable":true,"href":"https:\/\/www.apfelpatient.de\/en\/wp-json\/wp\/v2\/users\/2"}],"replies":[{"embeddable":true,"href":"https:\/\/www.apfelpatient.de\/en\/wp-json\/wp\/v2\/comments?post=61678"}],"version-history":[{"count":2,"href":"https:\/\/www.apfelpatient.de\/en\/wp-json\/wp\/v2\/posts\/61678\/revisions"}],"predecessor-version":[{"id":61680,"href":"https:\/\/www.apfelpatient.de\/en\/wp-json\/wp\/v2\/posts\/61678\/revisions\/61680"}],"wp:featuredmedia":[{"embeddable":true,"href":"https:\/\/www.apfelpatient.de\/en\/wp-json\/wp\/v2\/media\/61676"}],"wp:attachment":[{"href":"https:\/\/www.apfelpatient.de\/en\/wp-json\/wp\/v2\/media?parent=61678"}],"wp:term":[{"taxonomy":"category","embeddable":true,"href":"https:\/\/www.apfelpatient.de\/en\/wp-json\/wp\/v2\/categories?post=61678"},{"taxonomy":"post_tag","embeddable":true,"href":"https:\/\/www.apfelpatient.de\/en\/wp-json\/wp\/v2\/tags?post=61678"}],"curies":[{"name":"wp","href":"https:\/\/api.w.org\/{rel}","templated":true}]}}