{"id":61663,"date":"2025-12-04T19:42:50","date_gmt":"2025-12-04T18:42:50","guid":{"rendered":"https:\/\/www.apfelpatient.de\/?p=61663"},"modified":"2025-12-04T19:43:44","modified_gmt":"2025-12-04T18:43:44","slug":"the-lack-of-a-night-mode-in-portrait-mode-on-the-iphone-17-pro-is-drawing-criticism","status":"publish","type":"post","link":"https:\/\/www.apfelpatient.de\/en\/news\/iphone-17-pro-ohne-nachtmodus-im-portraetmodus-sorgt-fuer-kritik","title":{"rendered":"The lack of Night Mode in Portrait mode on the iPhone 17 Pro is drawing criticism"},"content":{"rendered":"<p class=\"has-drop-cap\"><strong>The iPhone 17 Pro brings many technical improvements, but loses a feature that has been standard on Pro models since 2020. Portrait mode can no longer be used in conjunction with Night mode on the iPhone 17 Pro and iPhone 17 Pro Max. This limitation is particularly noticeable because it quickly becomes apparent in everyday use, and because previous devices handled it without any problems. The absence of Night mode in Portrait mode is therefore causing discussion, especially among users who relied on this combination.<\/strong><\/p>\n\n\n\n<p>Since the iPhone 12 Pro, the combination of Portrait mode and Night mode has been an essential tool for capturing clear, color-accurate portraits with true depth of field in low light. The iPhone 17 Pro breaks with this tradition. Although the camera hardware is powerful enough, the feature is completely absent. There have been no official explanations so far. The effect is simply noticeable and has been causing confusion in forums, reviews, and discussions for months.<\/p>\n\n\n\n<h4 class=\"wp-block-heading\" id=\"h-keine-portrats-im-nachtmodus-auf-dem-iphone-17-pro\">No portrait mode in Night mode on the iPhone 17 Pro<\/h4>\n\n\n\n<p>In practical testing of the iPhone 17 Pro, it immediately becomes apparent that Night mode disappears as soon as Portrait mode is selected. The camera app then displays neither the crescent moon icon nor the option to manually activate Night mode. Automatic activation also fails to occur. This affects both the iPhone 17 Pro and the iPhone 17 Pro Max.<\/p>\n\n\n\n<p>At first glance, this change doesn&#039;t appear to be a technical error, but rather a deliberate adjustment. Especially since the function has been reliably available for generations.<\/p>\n\n\n\n<h4 class=\"wp-block-heading\" id=\"h-wie-sich-das-verhalten-testen-lasst\">How to test the behavior<\/h4>\n\n\n\n<p>The limitation can easily be verified. In photo mode, simply open the camera and cover the rear cameras. This simulates low-light conditions. The crescent moon icon for night mode will automatically appear in the top right corner. The corresponding switch will also appear in the options menu.<\/p>\n\n\n\n<p>If portrait mode is selected in the carousel instead and the same low-light simulation is performed, no crescent moon appears. There is also no night mode switch in the options menu. The camera simply takes normal portrait photos without any night optimization.<\/p>\n\n\n\n<h4 class=\"wp-block-heading\" id=\"h-vergleich-zu-alteren-pro-modellen\">Comparison to older Pro models<\/h4>\n\n\n\n<p>All Pro models since the iPhone 12 Pro support Portrait mode in Night mode. This includes the iPhone 12 Pro, 12 Pro Max, 13 Pro, 13 Pro Max, 14 Pro, 14 Pro Max, 15 Pro, 15 Pro Max, 16 Pro, and 16 Pro Max. On these devices, Night mode does not disappear when Portrait mode is selected.<\/p>\n\n\n\n<p class=\"translation-block\">Apple <a href=\"https:\/\/support.apple.com\/en-gb\/guide\/iphone\/iph1a3c5b4c3\/26\/ios\/26\" target=\"_blank\" rel=\"noreferrer noopener\" data-wpel-link=\"external\">lists<\/a> these exact models in the official iOS 26 user guide. The iPhone 17 Pro is completely missing. This suggests that the change is planned and not due to a software bug.<\/p>\n\n\n\n<h4 class=\"wp-block-heading\" id=\"h-hinweise-aus-der-community\">Suggestions from the community<\/h4>\n\n\n\n<p class=\"translation-block\">Reports surfaced weeks ago in <a href=\"https:\/\/www.reddit.com\/r\/iPhone17Pro\/comments\/1ofwqv6\/night_mode_in_portrait_mode_has_been_removed\/?rdt=62776\" target=\"_blank\" rel=\"noreferrer noopener\" data-wpel-link=\"external\">Reddit posts<\/a> and Apple&#039;s own <a href=\"https:\/\/discussions.apple.com\/thread\/256157141?sortBy=rank\" target=\"_blank\" rel=\"noreferrer noopener\" data-wpel-link=\"external\">discussion forums<\/a> that the Portrait mode on the iPhone 17 Pro no longer offers a Night mode. Interestingly, the <a href=\"https:\/\/www.dxomark.com\/apple-iphone-17-pro-camera-test\/\" target=\"_blank\" rel=\"noreferrer noopener\" data-wpel-link=\"external\">DXOMARK camera test<\/a> also pointed out this limitation in September, but the issue didn&#039;t receive much attention.<\/p>\n\n\n\n<p>The fact that the discussion only gained momentum late is probably due to Apple not communicating the change and many users only noticing in everyday life that something is missing.<\/p>\n\n\n\n<h4 class=\"wp-block-heading\" id=\"h-mogliche-technische-grunde\">Possible technical reasons<\/h4>\n\n\n\n<p>The iPhone 17 Pro&#039;s camera hardware could theoretically still combine both modes. That&#039;s why the decision seems confusing. One possible reason lies in the resolution. Night mode photos are traditionally taken at 12 megapixels, while portrait photos on the iPhone 17 Pro are taken at 24 megapixels. It could be that Apple is focusing more on the higher resolution in portrait mode and therefore didn&#039;t implement the previous combination.<\/p>\n\n\n\n<p>Apple has not yet officially issued a statement or announced whether a software update might bring back the feature.<\/p>\n\n\n\n<h4 class=\"wp-block-heading\" id=\"h-warum-es-wie-ein-ruckschritt-wirkt\">Why it seems like a step backwards<\/h4>\n\n\n\n<p>For those who regularly used the combination of Portrait and Night mode, its absence feels like a step backward. Portraits taken at night or in dark indoor spaces suffer in quality because the optimized low-light algorithms don&#039;t work. This means the loss of a feature that has been a key characteristic of the Pro series for years.<\/p>\n\n\n\n<p>Users upgrading from a 15 Pro or 16 Pro to the 17 Pro will quickly notice the difference. While the camera remains powerful, certain shooting situations are no longer as flexible.<\/p>\n\n\n\n<h3 class=\"wp-block-heading\" id=\"h-iphone-17-pro-eine-funktion-die-uberraschend-verschwunden-ist\">iPhone 17 Pro: A feature that has surprisingly disappeared<\/h3>\n\n\n\n<p>The iPhone 17 Pro brings many new features, but the lack of Night mode in Portrait mode is a noticeable detail that has practical implications. This feature has long been standard on Pro models. Its absence feels unusual and raises questions that Apple has yet to answer.<\/p>\n\n\n\n<p>Until an official statement or update is released, the limitation remains in place. Anyone using the iPhone 17 Pro or planning to buy one should be aware that portrait photos in low light no longer offer the same level of support as in previous generations. (Image: Shutterstock \/ Stockinq)<\/p>\n\n\n\n<ul class=\"wp-block-list\">\n<li><a href=\"https:\/\/www.apfelpatient.de\/en\/news\/apple-announces-the-winner-of-the-2025-podcast-awards\">Apple announces the winner of the 2025 Podcast Awards<\/a><\/li>\n\n\n\n<li><a href=\"https:\/\/www.apfelpatient.de\/en\/news\/apple-presents-the-winners-of-the-app-store-awards-2025\">Apple presents the winners of the App Store Awards 2025<\/a><\/li>\n\n\n\n<li><a href=\"https:\/\/www.apfelpatient.de\/en\/news\/apple-why-alan-dyes-departure-is-seen-as-an-opportunity\">Apple: Why Alan Dye&#039;s departure is seen as an opportunity<\/a><\/li>\n\n\n\n<li><a href=\"https:\/\/www.apfelpatient.de\/en\/news\/apple-celebrates-creativity-with-luminous-projections-in-london\">Apple celebrates creativity with glowing projections in London<\/a><\/li>\n\n\n\n<li><a href=\"https:\/\/www.apfelpatient.de\/en\/news\/apple-loses-ui-chief-designer-alan-dye-to-meta\">Apple loses UI chief designer Alan Dye to Meta<\/a><\/li>\n\n\n\n<li><a href=\"https:\/\/www.apfelpatient.de\/en\/news\/ios-26-2-rc-releases-an-overview-of-all-new-features\">iOS 26.2 RC released: All new features at a glance<\/a><\/li>\n\n\n\n<li><a href=\"https:\/\/www.apfelpatient.de\/en\/news\/apple-tv-expands-its-offerings-with-your-friends-neighbours-s2\">Apple TV expands its offerings with Your Friends &amp; Neighbors S2<\/a><\/li>\n\n\n\n<li><a href=\"https:\/\/www.apfelpatient.de\/en\/news\/after-apples-resistance-india-abandons-its-mandatory-app-plans\">Following Apple's opposition, India scraps its mandatory app plans<\/a><\/li>\n\n\n\n<li><a href=\"https:\/\/www.apfelpatient.de\/en\/news\/apple-study-shows-potential-of-modern-heart-sensor-technology\">Apple study shows potential of modern heart sensor technology<\/a><\/li>\n\n\n\n<li><a href=\"https:\/\/www.apfelpatient.de\/en\/news\/apple-in-focus-eu-allows-antitrust-lawsuit-from-the-netherlands-to-proceed\">Apple in focus: EU allows antitrust lawsuit from the Netherlands<\/a><\/li>\n\n\n\n<li><a href=\"https:\/\/www.apfelpatient.de\/en\/news\/iphone-air-benefits-from-new-firmware-for-magsafe-battery\">iPhone Air benefits from new firmware for MagSafe battery<\/a><\/li>\n\n\n\n<li><a href=\"https:\/\/www.apfelpatient.de\/en\/news\/the-iphone-17-leads-to-significant-global-sales-records-for-apple\">The iPhone 17 has Apple celebrating significant global sales records<\/a><\/li>\n\n\n\n<li><a href=\"https:\/\/www.apfelpatient.de\/en\/news\/apple-and-app-tracking-are-the-focus-of-german-antitrust-authorities\">Apple and app tracking are in the spotlight of German antitrust authorities<\/a><\/li>\n\n\n\n<li><a href=\"https:\/\/www.apfelpatient.de\/en\/news\/apple-health-and-chatgpt-new-leak-reveals-possible-connection\">Apple Health and ChatGPT: New leak reveals possible integration<\/a><\/li>\n\n\n\n<li><a href=\"https:\/\/www.apfelpatient.de\/en\/news\/samsung-presents-a-triple-foldable-smartphone\">Samsung presents a triple-folding smartphone<\/a><\/li>\n\n\n\n<li><a href=\"https:\/\/www.apfelpatient.de\/en\/news\/apples-macos-cuts-security-bonuses-sparking-new-criticism\">macOS: Apple cuts security rewards, sparking new criticism<\/a><\/li>\n\n\n\n<li><a href=\"https:\/\/www.apfelpatient.de\/en\/news\/apple-is-reorganizing-its-ai-while-openai-is-responding-with-code-red\">Apple is reorganizing its AI while OpenAI responds with Code Red<\/a><\/li>\n\n\n\n<li><a href=\"https:\/\/www.apfelpatient.de\/en\/news\/apple-rejects-indias-mandatory-app-and-warns-about-data-privacy-concerns\">Apple rejects India's mandatory app and warns about data privacy concerns<\/a><\/li>\n\n\n\n<li><a href=\"https:\/\/www.apfelpatient.de\/en\/news\/apple-music-replay-2025-reveals-the-years-key-trends\">Apple Music Replay 2025 reveals the year&#039;s key trends<\/a><\/li>\n\n\n\n<li><a href=\"https:\/\/www.apfelpatient.de\/en\/news\/apple-reorganizes-ai-change-at-the-top-after-siri-flop\">Apple reorganizes AI: Change at the top after Siri flop<\/a><\/li>\n\n\n\n<li><a href=\"https:\/\/www.apfelpatient.de\/en\/news\/apple-in-india-government-forces-state-security-app\">Apple in India: Government forces state security app<\/a><\/li>\n\n\n\n<li><a href=\"https:\/\/www.apfelpatient.de\/en\/news\/google-is-partnering-with-aws-to-build-more-robust-cloud-networks\">Google is partnering with AWS to create more robust cloud networks<\/a><\/li>\n\n\n\n<li><a href=\"https:\/\/www.apfelpatient.de\/en\/news\/studio-display-m5-ipad-pro-suggests-a-major-update-is-coming\">Studio Display: M5 iPad Pro hints at a major update<\/a><\/li>\n\n\n\n<li><a href=\"https:\/\/www.apfelpatient.de\/en\/news\/apple-tv-surprises-with-strong-growth-in-2025-thanks-to-sports\">Apple TV surprises with strong growth in sports in 2025<\/a><\/li>\n<\/ul>\n\n\n\n<h6 class=\"wp-block-heading translation-block\" id=\"h-kennt-ihr-schon-unsere-amazon-storefront-dort-findet-ihr-eine-handverlesene-auswahl-von-diversen-produkten-f-r-euer-iphone-und-co-viel-spa-beim-st-bern\"><em>Have you already visited our Amazon Storefront? There you&#039;ll find a hand-picked selection of various products for your iPhone and other devices \u2013 <span class=\"has-inline-color has-vivid-red-color\"><a href=\"https:\/\/www.amazon.de\/shop\/apfelpatientofficial\" class=\"ek-link\" data-wpel-link=\"exclude\" rel=\"follow noopener\" target=\"_self\"><span style=\"text-decoration: underline\" class=\"ek-underline\">enjoy browsing<\/span><\/a> !<\/span><\/em><\/h6>\n\n\n\n<h6 class=\"wp-block-heading translation-block\" id=\"h-der-beitrag-enthalt-partnerlinks\">This post contains <a data-type=\"URL\" data-id=\"https:\/\/www.apfelpatient.de\/partnerprogramm\" href=\"https:\/\/www.apfelpatient.de\/en\/partner-program\" data-wpel-link=\"internal\" target=\"_self\">affiliate links<\/a>.<\/h6>","protected":false},"excerpt":{"rendered":"<p>The iPhone 17 Pro does not offer a night mode in portrait mode, presenting users with a noticeable limitation in low-light conditions.<\/p>","protected":false},"author":2,"featured_media":61662,"comment_status":"closed","ping_status":"open","sticky":false,"template":"","format":"standard","meta":{"jnews-multi-image_gallery":[],"jnews_single_post":{"format":"standard","override":[{"template":"2","parallax":"1","fullscreen":"1","layout":"right-sidebar","sidebar":"default-sidebar","second_sidebar":"default-sidebar","sticky_sidebar":"1","share_position":"top","share_float_style":"share-monocrhome","show_featured":"1","show_post_meta":"1","show_post_author":"1","show_post_author_image":"1","show_post_date":"1","post_date_format":"default","post_date_format_custom":"Y\/m\/d","show_post_reading_time":"0","post_reading_time_wpm":"300","post_calculate_word_method":"str_word_count","show_zoom_button":"0","zoom_button_out_step":"2","zoom_button_in_step":"3","show_post_tag":"1","show_prev_next_post":"1","show_popup_post":"1","show_comment_section":"1","number_popup_post":"1","show_author_box":"0","show_post_related":"0","show_inline_post_related":"0"}],"image_override":[{"single_post_thumbnail_size":"crop-500","single_post_gallery_size":"crop-500"}],"trending_post_position":"meta","trending_post_label":"Trending","sponsored_post_label":"Sponsored by","disable_ad":"0"},"jnews_primary_category":{"id":"9"},"footnotes":""},"categories":[9],"tags":[8,819],"class_list":["post-61663","post","type-post","status-publish","format-standard","has-post-thumbnail","hentry","category-news","tag-iphone","tag-iphone-17"],"yoast_head":"<!-- This site is optimized with the Yoast SEO Premium plugin v27.4 (Yoast SEO v27.4) - https:\/\/yoast.com\/product\/yoast-seo-premium-wordpress\/ -->\n<title>iPhone 17 Pro ohne Nachtmodus im Portr\u00e4tmodus sorgt f\u00fcr Kritik Apfelpatient<\/title>\n<meta name=\"description\" content=\"Das iPhone 17 Pro bietet keinen Nachtmodus im Portr\u00e4tmodus und stellt Nutzer vor eine sp\u00fcrbare Einschr\u00e4nkung bei Low-Light.\" \/>\n<meta name=\"robots\" content=\"index, follow, max-snippet:-1, max-image-preview:large, max-video-preview:-1\" \/>\n<link rel=\"canonical\" href=\"https:\/\/www.apfelpatient.de\/en\/news\/the-lack-of-a-night-mode-in-portrait-mode-on-the-iphone-17-pro-is-drawing-criticism\" \/>\n<meta property=\"og:locale\" content=\"en_US\" \/>\n<meta property=\"og:type\" content=\"article\" \/>\n<meta property=\"og:title\" content=\"iPhone 17 Pro ohne Nachtmodus im Portr\u00e4tmodus sorgt f\u00fcr Kritik\" \/>\n<meta property=\"og:description\" content=\"Das iPhone 17 Pro bietet keinen Nachtmodus im Portr\u00e4tmodus und stellt Nutzer vor eine sp\u00fcrbare Einschr\u00e4nkung bei Low-Light.\" \/>\n<meta property=\"og:url\" content=\"https:\/\/www.apfelpatient.de\/en\/news\/the-lack-of-a-night-mode-in-portrait-mode-on-the-iphone-17-pro-is-drawing-criticism\" \/>\n<meta property=\"og:site_name\" content=\"Apfelpatient\" \/>\n<meta property=\"article:publisher\" content=\"https:\/\/www.facebook.com\/apfelpatientOfficial\" \/>\n<meta property=\"article:author\" content=\"https:\/\/www.facebook.com\/apfelpatientOfficial\" \/>\n<meta property=\"article:published_time\" content=\"2025-12-04T18:42:50+00:00\" \/>\n<meta property=\"article:modified_time\" content=\"2025-12-04T18:43:44+00:00\" \/>\n<meta property=\"og:image\" content=\"https:\/\/www.apfelpatient.de\/wp-content\/uploads\/2025\/12\/shutterstock_2695669911.jpg\" \/>\n\t<meta property=\"og:image:width\" content=\"1600\" \/>\n\t<meta property=\"og:image:height\" content=\"1067\" \/>\n\t<meta property=\"og:image:type\" content=\"image\/jpeg\" \/>\n<meta name=\"author\" content=\"Milan\" \/>\n<meta name=\"twitter:card\" content=\"summary_large_image\" \/>\n<meta name=\"twitter:description\" content=\"Das iPhone 17 Pro bietet keinen Nachtmodus im Portr\u00e4tmodus und stellt Nutzer vor eine sp\u00fcrbare Einschr\u00e4nkung bei Low-Light.\" \/>\n<meta name=\"twitter:label1\" content=\"Written by\" \/>\n\t<meta name=\"twitter:data1\" content=\"Milan\" \/>\n\t<meta name=\"twitter:label2\" content=\"Est. reading time\" \/>\n\t<meta name=\"twitter:data2\" content=\"6 minutes\" \/>\n<script type=\"application\/ld+json\" class=\"yoast-schema-graph\">{\"@context\":\"https:\\\/\\\/schema.org\",\"@graph\":[{\"@type\":\"NewsArticle\",\"@id\":\"https:\\\/\\\/www.apfelpatient.de\\\/news\\\/iphone-17-pro-ohne-nachtmodus-im-portraetmodus-sorgt-fuer-kritik#article\",\"isPartOf\":{\"@id\":\"https:\\\/\\\/www.apfelpatient.de\\\/news\\\/iphone-17-pro-ohne-nachtmodus-im-portraetmodus-sorgt-fuer-kritik\"},\"author\":{\"@type\":\"Organization\",\"@id\":\"https:\\\/\\\/www.apfelpatient.de\\\/en\\\/#organization\",\"name\":\"Apfelpatient\",\"url\":\"https:\\\/\\\/www.apfelpatient.de\\\/en\\\/\"},\"headline\":\"iPhone 17 Pro ohne Nachtmodus im Portr\u00e4tmodus sorgt f\u00fcr Kritik\",\"datePublished\":\"2025-12-04T18:42:50+00:00\",\"dateModified\":\"2025-12-04T18:43:44+00:00\",\"mainEntityOfPage\":{\"@id\":\"https:\\\/\\\/www.apfelpatient.de\\\/news\\\/iphone-17-pro-ohne-nachtmodus-im-portraetmodus-sorgt-fuer-kritik\"},\"wordCount\":1042,\"publisher\":{\"@type\":\"Organization\",\"@id\":\"https:\\\/\\\/www.apfelpatient.de\\\/en\\\/#organization\",\"name\":\"Apfelpatient\",\"url\":\"https:\\\/\\\/www.apfelpatient.de\\\/en\\\/\"},\"image\":{\"@id\":\"https:\\\/\\\/www.apfelpatient.de\\\/news\\\/iphone-17-pro-ohne-nachtmodus-im-portraetmodus-sorgt-fuer-kritik#primaryimage\"},\"thumbnailUrl\":\"https:\\\/\\\/www.apfelpatient.de\\\/wp-content\\\/uploads\\\/2025\\\/12\\\/shutterstock_2695669911.jpg\",\"keywords\":[\"iPhone\",\"iPhone 17\"],\"articleSection\":\"News\",\"inLanguage\":\"en-US\",\"copyrightYear\":\"2025\",\"copyrightHolder\":{\"@id\":\"https:\\\/\\\/www.apfelpatient.de\\\/en\\\/#organization\"}},{\"@type\":\"WebPage\",\"@id\":\"https:\\\/\\\/www.apfelpatient.de\\\/news\\\/iphone-17-pro-ohne-nachtmodus-im-portraetmodus-sorgt-fuer-kritik\",\"url\":\"https:\\\/\\\/www.apfelpatient.de\\\/news\\\/iphone-17-pro-ohne-nachtmodus-im-portraetmodus-sorgt-fuer-kritik\",\"name\":\"iPhone 17 Pro ohne Nachtmodus im Portr\u00e4tmodus sorgt f\u00fcr Kritik Apfelpatient\",\"isPartOf\":{\"@id\":\"https:\\\/\\\/www.apfelpatient.de\\\/#website\"},\"primaryImageOfPage\":{\"@id\":\"https:\\\/\\\/www.apfelpatient.de\\\/news\\\/iphone-17-pro-ohne-nachtmodus-im-portraetmodus-sorgt-fuer-kritik#primaryimage\"},\"image\":{\"@id\":\"https:\\\/\\\/www.apfelpatient.de\\\/news\\\/iphone-17-pro-ohne-nachtmodus-im-portraetmodus-sorgt-fuer-kritik#primaryimage\"},\"thumbnailUrl\":\"https:\\\/\\\/www.apfelpatient.de\\\/wp-content\\\/uploads\\\/2025\\\/12\\\/shutterstock_2695669911.jpg\",\"datePublished\":\"2025-12-04T18:42:50+00:00\",\"dateModified\":\"2025-12-04T18:43:44+00:00\",\"description\":\"Das iPhone 17 Pro bietet keinen Nachtmodus im Portr\u00e4tmodus und stellt Nutzer vor eine sp\u00fcrbare Einschr\u00e4nkung bei Low-Light.\",\"breadcrumb\":{\"@id\":\"https:\\\/\\\/www.apfelpatient.de\\\/news\\\/iphone-17-pro-ohne-nachtmodus-im-portraetmodus-sorgt-fuer-kritik#breadcrumb\"},\"inLanguage\":\"en-US\",\"potentialAction\":[{\"@type\":\"ReadAction\",\"target\":[\"https:\\\/\\\/www.apfelpatient.de\\\/news\\\/iphone-17-pro-ohne-nachtmodus-im-portraetmodus-sorgt-fuer-kritik\"]}]},{\"@type\":\"ImageObject\",\"inLanguage\":\"en-US\",\"@id\":\"https:\\\/\\\/www.apfelpatient.de\\\/news\\\/iphone-17-pro-ohne-nachtmodus-im-portraetmodus-sorgt-fuer-kritik#primaryimage\",\"url\":\"https:\\\/\\\/www.apfelpatient.de\\\/wp-content\\\/uploads\\\/2025\\\/12\\\/shutterstock_2695669911.jpg\",\"contentUrl\":\"https:\\\/\\\/www.apfelpatient.de\\\/wp-content\\\/uploads\\\/2025\\\/12\\\/shutterstock_2695669911.jpg\",\"width\":1600,\"height\":1067,\"caption\":\"Bild: Shutterstock \\\/ Stockinq\"},{\"@type\":\"BreadcrumbList\",\"@id\":\"https:\\\/\\\/www.apfelpatient.de\\\/news\\\/iphone-17-pro-ohne-nachtmodus-im-portraetmodus-sorgt-fuer-kritik#breadcrumb\",\"itemListElement\":[{\"@type\":\"ListItem\",\"position\":1,\"name\":\"Startseite\",\"item\":\"https:\\\/\\\/www.apfelpatient.de\\\/\"},{\"@type\":\"ListItem\",\"position\":2,\"name\":\"iPhone 17 Pro ohne Nachtmodus im Portr\u00e4tmodus sorgt f\u00fcr Kritik\"}]},{\"@type\":\"WebSite\",\"@id\":\"https:\\\/\\\/www.apfelpatient.de\\\/#website\",\"url\":\"https:\\\/\\\/www.apfelpatient.de\\\/\",\"name\":\"Apfelpatient\",\"description\":\"Alles rund um Apple!\",\"publisher\":{\"@type\":\"Organization\",\"@id\":\"https:\\\/\\\/www.apfelpatient.de\\\/en\\\/#organization\",\"name\":\"Apfelpatient\",\"url\":\"https:\\\/\\\/www.apfelpatient.de\\\/en\\\/\"},\"alternateName\":\"Apfelpatient\",\"potentialAction\":[{\"@type\":\"SearchAction\",\"target\":{\"@type\":\"EntryPoint\",\"urlTemplate\":\"https:\\\/\\\/www.apfelpatient.de\\\/?s={search_term_string}\"},\"query-input\":{\"@type\":\"PropertyValueSpecification\",\"valueRequired\":true,\"valueName\":\"search_term_string\"}}],\"inLanguage\":\"en-US\"},{\"@type\":[\"Person\",\"Organization\"],\"@id\":\"https:\\\/\\\/www.apfelpatient.de\\\/#\\\/schema\\\/person\\\/7dc56ad6c8e9824b76d2c08d4c140e13\",\"name\":\"Milan\",\"logo\":{\"@id\":\"https:\\\/\\\/www.apfelpatient.de\\\/#\\\/schema\\\/person\\\/image\\\/\"},\"description\":\"Hallo und herzlich willkommen auf meinem Technik-Blog! Als gro\u00dfer Apple-Fan berichte ich hier \u00fcber alles, was mit Apple zu tun hat: von den neuesten News und spannenden Ger\u00fcchten \u00fcber hilfreiche Tipps und Tricks bis hin zu ausf\u00fchrlichen Produkttests. Wenn du genauso technikbegeistert bist wie ich, bist du hier genau richtig!\",\"sameAs\":[\"https:\\\/\\\/www.facebook.com\\\/apfelpatientOfficial\",\"https:\\\/\\\/www.linkedin.com\\\/in\\\/milan-jovicic-42aa0231b\"],\"url\":\"https:\\\/\\\/www.apfelpatient.de\\\/en\\\/author\\\/apfeladmin\"}]}<\/script>\n<!-- \/ Yoast SEO Premium plugin. -->","yoast_head_json":{"title":"The lack of a night mode in portrait mode on the iPhone 17 Pro is drawing criticism. Apfelpatient","description":"The iPhone 17 Pro does not offer a night mode in portrait mode, presenting users with a noticeable limitation in low-light conditions.","robots":{"index":"index","follow":"follow","max-snippet":"max-snippet:-1","max-image-preview":"max-image-preview:large","max-video-preview":"max-video-preview:-1"},"canonical":"https:\/\/www.apfelpatient.de\/en\/news\/the-lack-of-a-night-mode-in-portrait-mode-on-the-iphone-17-pro-is-drawing-criticism","og_locale":"en_US","og_type":"article","og_title":"iPhone 17 Pro ohne Nachtmodus im Portr\u00e4tmodus sorgt f\u00fcr Kritik","og_description":"Das iPhone 17 Pro bietet keinen Nachtmodus im Portr\u00e4tmodus und stellt Nutzer vor eine sp\u00fcrbare Einschr\u00e4nkung bei Low-Light.","og_url":"https:\/\/www.apfelpatient.de\/en\/news\/the-lack-of-a-night-mode-in-portrait-mode-on-the-iphone-17-pro-is-drawing-criticism","og_site_name":"Apfelpatient","article_publisher":"https:\/\/www.facebook.com\/apfelpatientOfficial","article_author":"https:\/\/www.facebook.com\/apfelpatientOfficial","article_published_time":"2025-12-04T18:42:50+00:00","article_modified_time":"2025-12-04T18:43:44+00:00","og_image":[{"width":1600,"height":1067,"url":"https:\/\/www.apfelpatient.de\/wp-content\/uploads\/2025\/12\/shutterstock_2695669911.jpg","type":"image\/jpeg"}],"author":"Milan","twitter_card":"summary_large_image","twitter_description":"Das iPhone 17 Pro bietet keinen Nachtmodus im Portr\u00e4tmodus und stellt Nutzer vor eine sp\u00fcrbare Einschr\u00e4nkung bei Low-Light.","twitter_misc":{"Written by":"Milan","Est. reading time":"6 minutes"},"schema":{"@context":"https:\/\/schema.org","@graph":[{"@type":"NewsArticle","@id":"https:\/\/www.apfelpatient.de\/news\/iphone-17-pro-ohne-nachtmodus-im-portraetmodus-sorgt-fuer-kritik#article","isPartOf":{"@id":"https:\/\/www.apfelpatient.de\/news\/iphone-17-pro-ohne-nachtmodus-im-portraetmodus-sorgt-fuer-kritik"},"author":{"@type":"Organization","@id":"https:\/\/www.apfelpatient.de\/en\/#organization","name":"Apfelpatient","url":"https:\/\/www.apfelpatient.de\/en\/"},"headline":"iPhone 17 Pro ohne Nachtmodus im Portr\u00e4tmodus sorgt f\u00fcr Kritik","datePublished":"2025-12-04T18:42:50+00:00","dateModified":"2025-12-04T18:43:44+00:00","mainEntityOfPage":{"@id":"https:\/\/www.apfelpatient.de\/news\/iphone-17-pro-ohne-nachtmodus-im-portraetmodus-sorgt-fuer-kritik"},"wordCount":1042,"publisher":{"@type":"Organization","@id":"https:\/\/www.apfelpatient.de\/en\/#organization","name":"Apfelpatient","url":"https:\/\/www.apfelpatient.de\/en\/"},"image":{"@id":"https:\/\/www.apfelpatient.de\/news\/iphone-17-pro-ohne-nachtmodus-im-portraetmodus-sorgt-fuer-kritik#primaryimage"},"thumbnailUrl":"https:\/\/www.apfelpatient.de\/wp-content\/uploads\/2025\/12\/shutterstock_2695669911.jpg","keywords":["iPhone","iPhone 17"],"articleSection":"News","inLanguage":"en-US","copyrightYear":"2025","copyrightHolder":{"@id":"https:\/\/www.apfelpatient.de\/en\/#organization"}},{"@type":"WebPage","@id":"https:\/\/www.apfelpatient.de\/news\/iphone-17-pro-ohne-nachtmodus-im-portraetmodus-sorgt-fuer-kritik","url":"https:\/\/www.apfelpatient.de\/news\/iphone-17-pro-ohne-nachtmodus-im-portraetmodus-sorgt-fuer-kritik","name":"The lack of a night mode in portrait mode on the iPhone 17 Pro is drawing criticism. Apfelpatient","isPartOf":{"@id":"https:\/\/www.apfelpatient.de\/#website"},"primaryImageOfPage":{"@id":"https:\/\/www.apfelpatient.de\/news\/iphone-17-pro-ohne-nachtmodus-im-portraetmodus-sorgt-fuer-kritik#primaryimage"},"image":{"@id":"https:\/\/www.apfelpatient.de\/news\/iphone-17-pro-ohne-nachtmodus-im-portraetmodus-sorgt-fuer-kritik#primaryimage"},"thumbnailUrl":"https:\/\/www.apfelpatient.de\/wp-content\/uploads\/2025\/12\/shutterstock_2695669911.jpg","datePublished":"2025-12-04T18:42:50+00:00","dateModified":"2025-12-04T18:43:44+00:00","description":"The iPhone 17 Pro does not offer a night mode in portrait mode, presenting users with a noticeable limitation in low-light conditions.","breadcrumb":{"@id":"https:\/\/www.apfelpatient.de\/news\/iphone-17-pro-ohne-nachtmodus-im-portraetmodus-sorgt-fuer-kritik#breadcrumb"},"inLanguage":"en-US","potentialAction":[{"@type":"ReadAction","target":["https:\/\/www.apfelpatient.de\/news\/iphone-17-pro-ohne-nachtmodus-im-portraetmodus-sorgt-fuer-kritik"]}]},{"@type":"ImageObject","inLanguage":"en-US","@id":"https:\/\/www.apfelpatient.de\/news\/iphone-17-pro-ohne-nachtmodus-im-portraetmodus-sorgt-fuer-kritik#primaryimage","url":"https:\/\/www.apfelpatient.de\/wp-content\/uploads\/2025\/12\/shutterstock_2695669911.jpg","contentUrl":"https:\/\/www.apfelpatient.de\/wp-content\/uploads\/2025\/12\/shutterstock_2695669911.jpg","width":1600,"height":1067,"caption":"Bild: Shutterstock \/ Stockinq"},{"@type":"BreadcrumbList","@id":"https:\/\/www.apfelpatient.de\/news\/iphone-17-pro-ohne-nachtmodus-im-portraetmodus-sorgt-fuer-kritik#breadcrumb","itemListElement":[{"@type":"ListItem","position":1,"name":"Startseite","item":"https:\/\/www.apfelpatient.de\/"},{"@type":"ListItem","position":2,"name":"iPhone 17 Pro ohne Nachtmodus im Portr\u00e4tmodus sorgt f\u00fcr Kritik"}]},{"@type":"WebSite","@id":"https:\/\/www.apfelpatient.de\/#website","url":"https:\/\/www.apfelpatient.de\/","name":"apple patient","description":"Everything about Apple!","publisher":{"@type":"Organization","@id":"https:\/\/www.apfelpatient.de\/en\/#organization","name":"Apfelpatient","url":"https:\/\/www.apfelpatient.de\/en\/"},"alternateName":"Apfelpatient","potentialAction":[{"@type":"SearchAction","target":{"@type":"EntryPoint","urlTemplate":"https:\/\/www.apfelpatient.de\/?s={search_term_string}"},"query-input":{"@type":"PropertyValueSpecification","valueRequired":true,"valueName":"search_term_string"}}],"inLanguage":"en-US"},{"@type":["Person","Organization"],"@id":"https:\/\/www.apfelpatient.de\/#\/schema\/person\/7dc56ad6c8e9824b76d2c08d4c140e13","name":"Milan","logo":{"@id":"https:\/\/www.apfelpatient.de\/#\/schema\/person\/image\/"},"description":"Hello and welcome to my technology blog! As a big Apple fan, I report on everything to do with Apple: from the latest news and exciting rumors to helpful tips and tricks and detailed product tests. If you are as enthusiastic about technology as I am, you have come to the right place!","sameAs":["https:\/\/www.facebook.com\/apfelpatientOfficial","https:\/\/www.linkedin.com\/in\/milan-jovicic-42aa0231b"],"url":"https:\/\/www.apfelpatient.de\/en\/author\/apfeladmin"}]}},"_links":{"self":[{"href":"https:\/\/www.apfelpatient.de\/en\/wp-json\/wp\/v2\/posts\/61663","targetHints":{"allow":["GET"]}}],"collection":[{"href":"https:\/\/www.apfelpatient.de\/en\/wp-json\/wp\/v2\/posts"}],"about":[{"href":"https:\/\/www.apfelpatient.de\/en\/wp-json\/wp\/v2\/types\/post"}],"author":[{"embeddable":true,"href":"https:\/\/www.apfelpatient.de\/en\/wp-json\/wp\/v2\/users\/2"}],"replies":[{"embeddable":true,"href":"https:\/\/www.apfelpatient.de\/en\/wp-json\/wp\/v2\/comments?post=61663"}],"version-history":[{"count":1,"href":"https:\/\/www.apfelpatient.de\/en\/wp-json\/wp\/v2\/posts\/61663\/revisions"}],"predecessor-version":[{"id":61664,"href":"https:\/\/www.apfelpatient.de\/en\/wp-json\/wp\/v2\/posts\/61663\/revisions\/61664"}],"wp:featuredmedia":[{"embeddable":true,"href":"https:\/\/www.apfelpatient.de\/en\/wp-json\/wp\/v2\/media\/61662"}],"wp:attachment":[{"href":"https:\/\/www.apfelpatient.de\/en\/wp-json\/wp\/v2\/media?parent=61663"}],"wp:term":[{"taxonomy":"category","embeddable":true,"href":"https:\/\/www.apfelpatient.de\/en\/wp-json\/wp\/v2\/categories?post=61663"},{"taxonomy":"post_tag","embeddable":true,"href":"https:\/\/www.apfelpatient.de\/en\/wp-json\/wp\/v2\/tags?post=61663"}],"curies":[{"name":"wp","href":"https:\/\/api.w.org\/{rel}","templated":true}]}}