{"id":61654,"date":"2025-12-04T14:14:56","date_gmt":"2025-12-04T13:14:56","guid":{"rendered":"https:\/\/www.apfelpatient.de\/?p=61654"},"modified":"2025-12-04T14:15:00","modified_gmt":"2025-12-04T13:15:00","slug":"apple-why-alan-dyes-departure-is-seen-as-an-opportunity","status":"publish","type":"post","link":"https:\/\/www.apfelpatient.de\/en\/news\/apple-warum-der-abgang-von-alan-dye-als-chance-gilt","title":{"rendered":"Apple: Why Alan Dye&#039;s departure is seen as an opportunity"},"content":{"rendered":"<p class=\"has-drop-cap\"><strong>When something changes in Apple&#039;s design department, it&#039;s rarely a big deal, but it usually has an impact. Alan Dye&#039;s departure, however, comes as a surprise to many. For almost a decade, he was responsible for human interface design and, in that role, significantly shaped the direction of many user interfaces. The fact that Meta is now his next destination makes the move all the more intriguing \u2013 for both companies.<\/strong><\/p>\n\n\n\n<p>Alan Dye is leaving Apple. He has been Vice President of Human Interface Design since 2015, responsible for key design elements of Apple&#039;s user interfaces. According to a Bloomberg report, he will be building a new design studio at Meta, which, according to Mark Zuckerberg, will combine design, fashion, and technology. Billy Sorrentino, Apple&#039;s deputy head of design, is also making the move. Within Apple&#039;s design department, it is also speculated that other members of Dye&#039;s immediate team may also join Meta.<\/p>\n\n\n\n<p class=\"translation-block\">Apple has now officially <a href=\"https:\/\/www.apfelpatient.de\/en\/news\/apple-loses-ui-chief-designer-alan-dye-to-meta\" data-wpel-link=\"internal\" target=\"_self\">confirmed<\/a> the departure. In a statement, CEO Tim Cook announced that Steve Lemay will take over as head of Human Interface Design. Lemay has been with Apple for 26 years, where he has worked as an interface and interaction designer, among other roles.<\/p>\n\n\n\n<h4 class=\"wp-block-heading\" id=\"h-reaktionen-bei-apple-zufriedenheit-uber-den-wechsel\">Reactions at Apple: Satisfaction with the switch<\/h4>\n\n\n\n<p class=\"translation-block\">John Gruber, operator of the blog Daring Fireball, has addressed the topic at length in a recent <a href=\"https:\/\/daringfireball.net\/2025\/12\/bad_dye_job\" target=\"_blank\" rel=\"noreferrer noopener\" data-wpel-link=\"external\">post<\/a>. He reports that several sources close to Apple not only welcomed the change internally, but in some cases even celebrated it. The phrase \"happy \u2013 if not ecstatic\" aptly describes the general sentiment.<\/p>\n\n\n\n<p>Steve Lemay enjoys a high reputation within the company. He is known for his meticulous attention to detail and high level of craftsmanship \u2013 qualities that, according to Gruber&#039;s sources, were noticeably lacking under Dye. While there is some criticism of Lemay&#039;s previous projects, such as certain limitations in iPadOS&#039;s multitasking capabilities, this does little to diminish his overall popularity and the respect he commands within the company.<\/p>\n\n\n\n<p>Gruber describes Lemay as a classic interface designer who never sought the limelight. Nevertheless, he built trust within the company over the years. A source familiar with the internal decision-making processes, according to Gruber, says:<\/p>\n\n\n\n<blockquote class=\"wp-block-quote is-layout-flow wp-block-quote-is-layout-flow\">\n<p>I don&#039;t think there was a better choice than Lemay.<\/p>\n<\/blockquote>\n\n\n\n<h4 class=\"wp-block-heading\" id=\"h-internes-stimmungsbild-hoffnung-auf-neue-designkultur\">Internal sentiment: Hope for a new design culture<\/h4>\n\n\n\n<p>Within the company, there had long been little hope that Alan Dye would ever be replaced. According to Gruber, no one expected him to leave voluntarily. All the greater, then, is the relief that the design department can now embark on a new path with Lemay at the helm.<\/p>\n\n\n\n<p>The criticism of Dye isn&#039;t loud or personal, but it&#039;s clear: his era is associated with a lack of polish and attention to detail. Lemay, on the other hand, embodies precisely these values. His taking over is seen internally as an opportunity to return to a style that once defined Apple.<\/p>\n\n\n\n<h3 class=\"wp-block-heading\" id=\"h-apple-stellt-die-weichen-fur-eine-neue-designara\">Apple is setting the course for a new design era.<\/h3>\n\n\n\n<p>With the departure of Alan Dye and the appointment of Steve Lemay, Apple is undergoing a change that is more than just a leadership shift. It&#039;s about a realignment of its design culture. While Dye will be working at Meta at the intersection of technology and fashion, at Apple, someone is taking the helm who is considered down-to-earth, precise, and experienced within the company.<\/p>\n\n\n\n<p>The internal reaction has been correspondingly positive. Even those who don&#039;t support Lemay in every decision acknowledge his expertise and respect as a person. This makes it clear: the change marks a new beginning \u2013 not a dramatic one, but with a clear direction. (Image: Shutterstock \/ Barbara Ash)<\/p>\n\n\n\n<ul class=\"wp-block-list\">\n<li><a href=\"https:\/\/www.apfelpatient.de\/en\/news\/apple-celebrates-creativity-with-luminous-projections-in-london\">Apple celebrates creativity with glowing projections in London<\/a><\/li>\n\n\n\n<li><a href=\"https:\/\/www.apfelpatient.de\/en\/news\/apple-loses-ui-chief-designer-alan-dye-to-meta\">Apple loses UI chief designer Alan Dye to Meta<\/a><\/li>\n\n\n\n<li><a href=\"https:\/\/www.apfelpatient.de\/en\/news\/ios-26-2-rc-releases-an-overview-of-all-new-features\">iOS 26.2 RC released: All new features at a glance<\/a><\/li>\n\n\n\n<li><a href=\"https:\/\/www.apfelpatient.de\/en\/news\/apple-tv-expands-its-offerings-with-your-friends-neighbours-s2\">Apple TV expands its offerings with Your Friends &amp; Neighbors S2<\/a><\/li>\n\n\n\n<li><a href=\"https:\/\/www.apfelpatient.de\/en\/news\/after-apples-resistance-india-abandons-its-mandatory-app-plans\">Following Apple's opposition, India scraps its mandatory app plans<\/a><\/li>\n\n\n\n<li><a href=\"https:\/\/www.apfelpatient.de\/en\/news\/apple-study-shows-potential-of-modern-heart-sensor-technology\">Apple study shows potential of modern heart sensor technology<\/a><\/li>\n\n\n\n<li><a href=\"https:\/\/www.apfelpatient.de\/en\/news\/apple-in-focus-eu-allows-antitrust-lawsuit-from-the-netherlands-to-proceed\">Apple in focus: EU allows antitrust lawsuit from the Netherlands<\/a><\/li>\n\n\n\n<li><a href=\"https:\/\/www.apfelpatient.de\/en\/news\/iphone-air-benefits-from-new-firmware-for-magsafe-battery\">iPhone Air benefits from new firmware for MagSafe battery<\/a><\/li>\n\n\n\n<li><a href=\"https:\/\/www.apfelpatient.de\/en\/news\/the-iphone-17-leads-to-significant-global-sales-records-for-apple\">The iPhone 17 has Apple celebrating significant global sales records<\/a><\/li>\n\n\n\n<li><a href=\"https:\/\/www.apfelpatient.de\/en\/news\/apple-and-app-tracking-are-the-focus-of-german-antitrust-authorities\">Apple and app tracking are in the spotlight of German antitrust authorities<\/a><\/li>\n\n\n\n<li><a href=\"https:\/\/www.apfelpatient.de\/en\/news\/apple-health-and-chatgpt-new-leak-reveals-possible-connection\">Apple Health and ChatGPT: New leak reveals possible integration<\/a><\/li>\n\n\n\n<li><a href=\"https:\/\/www.apfelpatient.de\/en\/news\/samsung-presents-a-triple-foldable-smartphone\">Samsung presents a triple-folding smartphone<\/a><\/li>\n\n\n\n<li><a href=\"https:\/\/www.apfelpatient.de\/en\/news\/apples-macos-cuts-security-bonuses-sparking-new-criticism\">macOS: Apple cuts security rewards, sparking new criticism<\/a><\/li>\n\n\n\n<li><a href=\"https:\/\/www.apfelpatient.de\/en\/news\/apple-is-reorganizing-its-ai-while-openai-is-responding-with-code-red\">Apple is reorganizing its AI while OpenAI responds with Code Red<\/a><\/li>\n\n\n\n<li><a href=\"https:\/\/www.apfelpatient.de\/en\/news\/apple-rejects-indias-mandatory-app-and-warns-about-data-privacy-concerns\">Apple rejects India's mandatory app and warns about data privacy concerns<\/a><\/li>\n\n\n\n<li><a href=\"https:\/\/www.apfelpatient.de\/en\/news\/apple-music-replay-2025-reveals-the-years-key-trends\">Apple Music Replay 2025 reveals the year&#039;s key trends<\/a><\/li>\n\n\n\n<li><a href=\"https:\/\/www.apfelpatient.de\/en\/news\/apple-reorganizes-ai-change-at-the-top-after-siri-flop\">Apple reorganizes AI: Change at the top after Siri flop<\/a><\/li>\n\n\n\n<li><a href=\"https:\/\/www.apfelpatient.de\/en\/news\/apple-in-india-government-forces-state-security-app\">Apple in India: Government forces state security app<\/a><\/li>\n\n\n\n<li><a href=\"https:\/\/www.apfelpatient.de\/en\/news\/google-is-partnering-with-aws-to-build-more-robust-cloud-networks\">Google is partnering with AWS to create more robust cloud networks<\/a><\/li>\n\n\n\n<li><a href=\"https:\/\/www.apfelpatient.de\/en\/news\/studio-display-m5-ipad-pro-suggests-a-major-update-is-coming\">Studio Display: M5 iPad Pro hints at a major update<\/a><\/li>\n\n\n\n<li><a href=\"https:\/\/www.apfelpatient.de\/en\/news\/apple-tv-surprises-with-strong-growth-in-2025-thanks-to-sports\">Apple TV surprises with strong growth in sports in 2025<\/a><\/li>\n<\/ul>\n\n\n\n<h6 class=\"wp-block-heading translation-block\" id=\"h-kennt-ihr-schon-unsere-amazon-storefront-dort-findet-ihr-eine-handverlesene-auswahl-von-diversen-produkten-f-r-euer-iphone-und-co-viel-spa-beim-st-bern\"><em>Have you already visited our Amazon Storefront? There you&#039;ll find a hand-picked selection of various products for your iPhone and other devices \u2013 <span class=\"has-inline-color has-vivid-red-color\"><a href=\"https:\/\/www.amazon.de\/shop\/apfelpatientofficial\" class=\"ek-link\" data-wpel-link=\"exclude\" rel=\"follow noopener\" target=\"_self\"><span style=\"text-decoration: underline\" class=\"ek-underline\">enjoy browsing<\/span><\/a> !<\/span><\/em><\/h6>\n\n\n\n<h6 class=\"wp-block-heading translation-block\" id=\"h-der-beitrag-enthalt-partnerlinks\">This post contains <a data-type=\"URL\" data-id=\"https:\/\/www.apfelpatient.de\/partnerprogramm\" href=\"https:\/\/www.apfelpatient.de\/en\/partner-program\" data-wpel-link=\"internal\" target=\"_self\">affiliate links<\/a>.<\/h6>","protected":false},"excerpt":{"rendered":"<p>Alan Dye leaves Apple, Steve Lemay takes over design. Internally, the change is being celebrated \u2013 here&#039;s what&#039;s changing at Apple.<\/p>","protected":false},"author":2,"featured_media":61653,"comment_status":"closed","ping_status":"open","sticky":false,"template":"","format":"standard","meta":{"jnews-multi-image_gallery":[],"jnews_single_post":{"format":"standard","override":[{"template":"2","parallax":"1","fullscreen":"1","layout":"right-sidebar","sidebar":"default-sidebar","second_sidebar":"default-sidebar","sticky_sidebar":"1","share_position":"top","share_float_style":"share-monocrhome","show_featured":"1","show_post_meta":"1","show_post_author":"1","show_post_author_image":"1","show_post_date":"1","post_date_format":"default","post_date_format_custom":"Y\/m\/d","show_post_reading_time":"0","post_reading_time_wpm":"300","post_calculate_word_method":"str_word_count","show_zoom_button":"0","zoom_button_out_step":"2","zoom_button_in_step":"3","show_post_tag":"1","show_prev_next_post":"1","show_popup_post":"1","show_comment_section":"1","number_popup_post":"1","show_author_box":"0","show_post_related":"0","show_inline_post_related":"0"}],"image_override":[{"single_post_thumbnail_size":"crop-500","single_post_gallery_size":"crop-500"}],"trending_post_position":"meta","trending_post_label":"Trending","sponsored_post_label":"Sponsored by","disable_ad":"0"},"jnews_primary_category":{"id":"9"},"footnotes":""},"categories":[9],"tags":[13],"class_list":["post-61654","post","type-post","status-publish","format-standard","has-post-thumbnail","hentry","category-news","tag-techpatient"],"yoast_head":"<!-- This site is optimized with the Yoast SEO Premium plugin v27.4 (Yoast SEO v27.4) - https:\/\/yoast.com\/product\/yoast-seo-premium-wordpress\/ -->\n<title>Apple: Warum der Abgang von Alan Dye als Chance gilt Apfelpatient<\/title>\n<meta name=\"description\" content=\"Alan Dye verl\u00e4sst Apple, Steve Lemay \u00fcbernimmt das Design. Intern wird der Wechsel gefeiert - was sich jetzt bei Apple ver\u00e4ndert.\" \/>\n<meta name=\"robots\" content=\"index, follow, max-snippet:-1, max-image-preview:large, max-video-preview:-1\" \/>\n<link rel=\"canonical\" href=\"https:\/\/www.apfelpatient.de\/en\/news\/apple-why-alan-dyes-departure-is-seen-as-an-opportunity\" \/>\n<meta property=\"og:locale\" content=\"en_US\" \/>\n<meta property=\"og:type\" content=\"article\" \/>\n<meta property=\"og:title\" content=\"Apple: Warum der Abgang von Alan Dye als Chance gilt\" \/>\n<meta property=\"og:description\" content=\"Alan Dye verl\u00e4sst Apple, Steve Lemay \u00fcbernimmt das Design. Intern wird der Wechsel gefeiert - was sich jetzt bei Apple ver\u00e4ndert.\" \/>\n<meta property=\"og:url\" content=\"https:\/\/www.apfelpatient.de\/en\/news\/apple-why-alan-dyes-departure-is-seen-as-an-opportunity\" \/>\n<meta property=\"og:site_name\" content=\"Apfelpatient\" \/>\n<meta property=\"article:publisher\" content=\"https:\/\/www.facebook.com\/apfelpatientOfficial\" \/>\n<meta property=\"article:author\" content=\"https:\/\/www.facebook.com\/apfelpatientOfficial\" \/>\n<meta property=\"article:published_time\" content=\"2025-12-04T13:14:56+00:00\" \/>\n<meta property=\"article:modified_time\" content=\"2025-12-04T13:15:00+00:00\" \/>\n<meta property=\"og:image\" content=\"https:\/\/www.apfelpatient.de\/wp-content\/uploads\/2025\/12\/shutterstock_1997683925.jpg\" \/>\n\t<meta property=\"og:image:width\" content=\"1600\" \/>\n\t<meta property=\"og:image:height\" content=\"1067\" \/>\n\t<meta property=\"og:image:type\" content=\"image\/jpeg\" \/>\n<meta name=\"author\" content=\"Milan\" \/>\n<meta name=\"twitter:card\" content=\"summary_large_image\" \/>\n<meta name=\"twitter:label1\" content=\"Written by\" \/>\n\t<meta name=\"twitter:data1\" content=\"Milan\" \/>\n\t<meta name=\"twitter:label2\" content=\"Est. reading time\" \/>\n\t<meta name=\"twitter:data2\" content=\"5 minutes\" \/>\n<script type=\"application\/ld+json\" class=\"yoast-schema-graph\">{\"@context\":\"https:\\\/\\\/schema.org\",\"@graph\":[{\"@type\":\"NewsArticle\",\"@id\":\"https:\\\/\\\/www.apfelpatient.de\\\/news\\\/apple-warum-der-abgang-von-alan-dye-als-chance-gilt#article\",\"isPartOf\":{\"@id\":\"https:\\\/\\\/www.apfelpatient.de\\\/news\\\/apple-warum-der-abgang-von-alan-dye-als-chance-gilt\"},\"author\":{\"@type\":\"Organization\",\"@id\":\"https:\\\/\\\/www.apfelpatient.de\\\/en\\\/#organization\",\"name\":\"Apfelpatient\",\"url\":\"https:\\\/\\\/www.apfelpatient.de\\\/en\\\/\"},\"headline\":\"Apple: Warum der Abgang von Alan Dye als Chance gilt\",\"datePublished\":\"2025-12-04T13:14:56+00:00\",\"dateModified\":\"2025-12-04T13:15:00+00:00\",\"mainEntityOfPage\":{\"@id\":\"https:\\\/\\\/www.apfelpatient.de\\\/news\\\/apple-warum-der-abgang-von-alan-dye-als-chance-gilt\"},\"wordCount\":806,\"publisher\":{\"@type\":\"Organization\",\"@id\":\"https:\\\/\\\/www.apfelpatient.de\\\/en\\\/#organization\",\"name\":\"Apfelpatient\",\"url\":\"https:\\\/\\\/www.apfelpatient.de\\\/en\\\/\"},\"image\":{\"@id\":\"https:\\\/\\\/www.apfelpatient.de\\\/news\\\/apple-warum-der-abgang-von-alan-dye-als-chance-gilt#primaryimage\"},\"thumbnailUrl\":\"https:\\\/\\\/www.apfelpatient.de\\\/wp-content\\\/uploads\\\/2025\\\/12\\\/shutterstock_1997683925.jpg\",\"keywords\":[\"TechPatient\"],\"articleSection\":\"News\",\"inLanguage\":\"en-US\",\"copyrightYear\":\"2025\",\"copyrightHolder\":{\"@id\":\"https:\\\/\\\/www.apfelpatient.de\\\/en\\\/#organization\"}},{\"@type\":\"WebPage\",\"@id\":\"https:\\\/\\\/www.apfelpatient.de\\\/news\\\/apple-warum-der-abgang-von-alan-dye-als-chance-gilt\",\"url\":\"https:\\\/\\\/www.apfelpatient.de\\\/news\\\/apple-warum-der-abgang-von-alan-dye-als-chance-gilt\",\"name\":\"Apple: Warum der Abgang von Alan Dye als Chance gilt Apfelpatient\",\"isPartOf\":{\"@id\":\"https:\\\/\\\/www.apfelpatient.de\\\/#website\"},\"primaryImageOfPage\":{\"@id\":\"https:\\\/\\\/www.apfelpatient.de\\\/news\\\/apple-warum-der-abgang-von-alan-dye-als-chance-gilt#primaryimage\"},\"image\":{\"@id\":\"https:\\\/\\\/www.apfelpatient.de\\\/news\\\/apple-warum-der-abgang-von-alan-dye-als-chance-gilt#primaryimage\"},\"thumbnailUrl\":\"https:\\\/\\\/www.apfelpatient.de\\\/wp-content\\\/uploads\\\/2025\\\/12\\\/shutterstock_1997683925.jpg\",\"datePublished\":\"2025-12-04T13:14:56+00:00\",\"dateModified\":\"2025-12-04T13:15:00+00:00\",\"description\":\"Alan Dye verl\u00e4sst Apple, Steve Lemay \u00fcbernimmt das Design. Intern wird der Wechsel gefeiert - was sich jetzt bei Apple ver\u00e4ndert.\",\"breadcrumb\":{\"@id\":\"https:\\\/\\\/www.apfelpatient.de\\\/news\\\/apple-warum-der-abgang-von-alan-dye-als-chance-gilt#breadcrumb\"},\"inLanguage\":\"en-US\",\"potentialAction\":[{\"@type\":\"ReadAction\",\"target\":[\"https:\\\/\\\/www.apfelpatient.de\\\/news\\\/apple-warum-der-abgang-von-alan-dye-als-chance-gilt\"]}]},{\"@type\":\"ImageObject\",\"inLanguage\":\"en-US\",\"@id\":\"https:\\\/\\\/www.apfelpatient.de\\\/news\\\/apple-warum-der-abgang-von-alan-dye-als-chance-gilt#primaryimage\",\"url\":\"https:\\\/\\\/www.apfelpatient.de\\\/wp-content\\\/uploads\\\/2025\\\/12\\\/shutterstock_1997683925.jpg\",\"contentUrl\":\"https:\\\/\\\/www.apfelpatient.de\\\/wp-content\\\/uploads\\\/2025\\\/12\\\/shutterstock_1997683925.jpg\",\"width\":1600,\"height\":1067,\"caption\":\"Bild: Shutterstock \\\/ Barbara Ash\"},{\"@type\":\"BreadcrumbList\",\"@id\":\"https:\\\/\\\/www.apfelpatient.de\\\/news\\\/apple-warum-der-abgang-von-alan-dye-als-chance-gilt#breadcrumb\",\"itemListElement\":[{\"@type\":\"ListItem\",\"position\":1,\"name\":\"Startseite\",\"item\":\"https:\\\/\\\/www.apfelpatient.de\\\/\"},{\"@type\":\"ListItem\",\"position\":2,\"name\":\"Apple: Warum der Abgang von Alan Dye als Chance gilt\"}]},{\"@type\":\"WebSite\",\"@id\":\"https:\\\/\\\/www.apfelpatient.de\\\/#website\",\"url\":\"https:\\\/\\\/www.apfelpatient.de\\\/\",\"name\":\"Apfelpatient\",\"description\":\"Alles rund um Apple!\",\"publisher\":{\"@type\":\"Organization\",\"@id\":\"https:\\\/\\\/www.apfelpatient.de\\\/en\\\/#organization\",\"name\":\"Apfelpatient\",\"url\":\"https:\\\/\\\/www.apfelpatient.de\\\/en\\\/\"},\"alternateName\":\"Apfelpatient\",\"potentialAction\":[{\"@type\":\"SearchAction\",\"target\":{\"@type\":\"EntryPoint\",\"urlTemplate\":\"https:\\\/\\\/www.apfelpatient.de\\\/?s={search_term_string}\"},\"query-input\":{\"@type\":\"PropertyValueSpecification\",\"valueRequired\":true,\"valueName\":\"search_term_string\"}}],\"inLanguage\":\"en-US\"},{\"@type\":[\"Person\",\"Organization\"],\"@id\":\"https:\\\/\\\/www.apfelpatient.de\\\/#\\\/schema\\\/person\\\/7dc56ad6c8e9824b76d2c08d4c140e13\",\"name\":\"Milan\",\"logo\":{\"@id\":\"https:\\\/\\\/www.apfelpatient.de\\\/#\\\/schema\\\/person\\\/image\\\/\"},\"description\":\"Hallo und herzlich willkommen auf meinem Technik-Blog! Als gro\u00dfer Apple-Fan berichte ich hier \u00fcber alles, was mit Apple zu tun hat: von den neuesten News und spannenden Ger\u00fcchten \u00fcber hilfreiche Tipps und Tricks bis hin zu ausf\u00fchrlichen Produkttests. Wenn du genauso technikbegeistert bist wie ich, bist du hier genau richtig!\",\"sameAs\":[\"https:\\\/\\\/www.facebook.com\\\/apfelpatientOfficial\",\"https:\\\/\\\/www.linkedin.com\\\/in\\\/milan-jovicic-42aa0231b\"],\"url\":\"https:\\\/\\\/www.apfelpatient.de\\\/en\\\/author\\\/apfeladmin\"}]}<\/script>\n<!-- \/ Yoast SEO Premium plugin. -->","yoast_head_json":{"title":"Apple: Why Alan Dye&#039;s departure is seen as an opportunity Apfelpatient","description":"Alan Dye leaves Apple, Steve Lemay takes over design. Internally, the change is being celebrated \u2013 here&#039;s what&#039;s changing at Apple.","robots":{"index":"index","follow":"follow","max-snippet":"max-snippet:-1","max-image-preview":"max-image-preview:large","max-video-preview":"max-video-preview:-1"},"canonical":"https:\/\/www.apfelpatient.de\/en\/news\/apple-why-alan-dyes-departure-is-seen-as-an-opportunity","og_locale":"en_US","og_type":"article","og_title":"Apple: Warum der Abgang von Alan Dye als Chance gilt","og_description":"Alan Dye verl\u00e4sst Apple, Steve Lemay \u00fcbernimmt das Design. Intern wird der Wechsel gefeiert - was sich jetzt bei Apple ver\u00e4ndert.","og_url":"https:\/\/www.apfelpatient.de\/en\/news\/apple-why-alan-dyes-departure-is-seen-as-an-opportunity","og_site_name":"Apfelpatient","article_publisher":"https:\/\/www.facebook.com\/apfelpatientOfficial","article_author":"https:\/\/www.facebook.com\/apfelpatientOfficial","article_published_time":"2025-12-04T13:14:56+00:00","article_modified_time":"2025-12-04T13:15:00+00:00","og_image":[{"width":1600,"height":1067,"url":"https:\/\/www.apfelpatient.de\/wp-content\/uploads\/2025\/12\/shutterstock_1997683925.jpg","type":"image\/jpeg"}],"author":"Milan","twitter_card":"summary_large_image","twitter_misc":{"Written by":"Milan","Est. reading time":"5 minutes"},"schema":{"@context":"https:\/\/schema.org","@graph":[{"@type":"NewsArticle","@id":"https:\/\/www.apfelpatient.de\/news\/apple-warum-der-abgang-von-alan-dye-als-chance-gilt#article","isPartOf":{"@id":"https:\/\/www.apfelpatient.de\/news\/apple-warum-der-abgang-von-alan-dye-als-chance-gilt"},"author":{"@type":"Organization","@id":"https:\/\/www.apfelpatient.de\/en\/#organization","name":"Apfelpatient","url":"https:\/\/www.apfelpatient.de\/en\/"},"headline":"Apple: Warum der Abgang von Alan Dye als Chance gilt","datePublished":"2025-12-04T13:14:56+00:00","dateModified":"2025-12-04T13:15:00+00:00","mainEntityOfPage":{"@id":"https:\/\/www.apfelpatient.de\/news\/apple-warum-der-abgang-von-alan-dye-als-chance-gilt"},"wordCount":806,"publisher":{"@type":"Organization","@id":"https:\/\/www.apfelpatient.de\/en\/#organization","name":"Apfelpatient","url":"https:\/\/www.apfelpatient.de\/en\/"},"image":{"@id":"https:\/\/www.apfelpatient.de\/news\/apple-warum-der-abgang-von-alan-dye-als-chance-gilt#primaryimage"},"thumbnailUrl":"https:\/\/www.apfelpatient.de\/wp-content\/uploads\/2025\/12\/shutterstock_1997683925.jpg","keywords":["TechPatient"],"articleSection":"News","inLanguage":"en-US","copyrightYear":"2025","copyrightHolder":{"@id":"https:\/\/www.apfelpatient.de\/en\/#organization"}},{"@type":"WebPage","@id":"https:\/\/www.apfelpatient.de\/news\/apple-warum-der-abgang-von-alan-dye-als-chance-gilt","url":"https:\/\/www.apfelpatient.de\/news\/apple-warum-der-abgang-von-alan-dye-als-chance-gilt","name":"Apple: Why Alan Dye&#039;s departure is seen as an opportunity Apfelpatient","isPartOf":{"@id":"https:\/\/www.apfelpatient.de\/#website"},"primaryImageOfPage":{"@id":"https:\/\/www.apfelpatient.de\/news\/apple-warum-der-abgang-von-alan-dye-als-chance-gilt#primaryimage"},"image":{"@id":"https:\/\/www.apfelpatient.de\/news\/apple-warum-der-abgang-von-alan-dye-als-chance-gilt#primaryimage"},"thumbnailUrl":"https:\/\/www.apfelpatient.de\/wp-content\/uploads\/2025\/12\/shutterstock_1997683925.jpg","datePublished":"2025-12-04T13:14:56+00:00","dateModified":"2025-12-04T13:15:00+00:00","description":"Alan Dye leaves Apple, Steve Lemay takes over design. Internally, the change is being celebrated \u2013 here&#039;s what&#039;s changing at Apple.","breadcrumb":{"@id":"https:\/\/www.apfelpatient.de\/news\/apple-warum-der-abgang-von-alan-dye-als-chance-gilt#breadcrumb"},"inLanguage":"en-US","potentialAction":[{"@type":"ReadAction","target":["https:\/\/www.apfelpatient.de\/news\/apple-warum-der-abgang-von-alan-dye-als-chance-gilt"]}]},{"@type":"ImageObject","inLanguage":"en-US","@id":"https:\/\/www.apfelpatient.de\/news\/apple-warum-der-abgang-von-alan-dye-als-chance-gilt#primaryimage","url":"https:\/\/www.apfelpatient.de\/wp-content\/uploads\/2025\/12\/shutterstock_1997683925.jpg","contentUrl":"https:\/\/www.apfelpatient.de\/wp-content\/uploads\/2025\/12\/shutterstock_1997683925.jpg","width":1600,"height":1067,"caption":"Bild: Shutterstock \/ Barbara Ash"},{"@type":"BreadcrumbList","@id":"https:\/\/www.apfelpatient.de\/news\/apple-warum-der-abgang-von-alan-dye-als-chance-gilt#breadcrumb","itemListElement":[{"@type":"ListItem","position":1,"name":"Startseite","item":"https:\/\/www.apfelpatient.de\/"},{"@type":"ListItem","position":2,"name":"Apple: Warum der Abgang von Alan Dye als Chance gilt"}]},{"@type":"WebSite","@id":"https:\/\/www.apfelpatient.de\/#website","url":"https:\/\/www.apfelpatient.de\/","name":"apple patient","description":"Everything about Apple!","publisher":{"@type":"Organization","@id":"https:\/\/www.apfelpatient.de\/en\/#organization","name":"Apfelpatient","url":"https:\/\/www.apfelpatient.de\/en\/"},"alternateName":"Apfelpatient","potentialAction":[{"@type":"SearchAction","target":{"@type":"EntryPoint","urlTemplate":"https:\/\/www.apfelpatient.de\/?s={search_term_string}"},"query-input":{"@type":"PropertyValueSpecification","valueRequired":true,"valueName":"search_term_string"}}],"inLanguage":"en-US"},{"@type":["Person","Organization"],"@id":"https:\/\/www.apfelpatient.de\/#\/schema\/person\/7dc56ad6c8e9824b76d2c08d4c140e13","name":"Milan","logo":{"@id":"https:\/\/www.apfelpatient.de\/#\/schema\/person\/image\/"},"description":"Hello and welcome to my technology blog! As a big Apple fan, I report on everything to do with Apple: from the latest news and exciting rumors to helpful tips and tricks and detailed product tests. If you are as enthusiastic about technology as I am, you have come to the right place!","sameAs":["https:\/\/www.facebook.com\/apfelpatientOfficial","https:\/\/www.linkedin.com\/in\/milan-jovicic-42aa0231b"],"url":"https:\/\/www.apfelpatient.de\/en\/author\/apfeladmin"}]}},"_links":{"self":[{"href":"https:\/\/www.apfelpatient.de\/en\/wp-json\/wp\/v2\/posts\/61654","targetHints":{"allow":["GET"]}}],"collection":[{"href":"https:\/\/www.apfelpatient.de\/en\/wp-json\/wp\/v2\/posts"}],"about":[{"href":"https:\/\/www.apfelpatient.de\/en\/wp-json\/wp\/v2\/types\/post"}],"author":[{"embeddable":true,"href":"https:\/\/www.apfelpatient.de\/en\/wp-json\/wp\/v2\/users\/2"}],"replies":[{"embeddable":true,"href":"https:\/\/www.apfelpatient.de\/en\/wp-json\/wp\/v2\/comments?post=61654"}],"version-history":[{"count":1,"href":"https:\/\/www.apfelpatient.de\/en\/wp-json\/wp\/v2\/posts\/61654\/revisions"}],"predecessor-version":[{"id":61655,"href":"https:\/\/www.apfelpatient.de\/en\/wp-json\/wp\/v2\/posts\/61654\/revisions\/61655"}],"wp:featuredmedia":[{"embeddable":true,"href":"https:\/\/www.apfelpatient.de\/en\/wp-json\/wp\/v2\/media\/61653"}],"wp:attachment":[{"href":"https:\/\/www.apfelpatient.de\/en\/wp-json\/wp\/v2\/media?parent=61654"}],"wp:term":[{"taxonomy":"category","embeddable":true,"href":"https:\/\/www.apfelpatient.de\/en\/wp-json\/wp\/v2\/categories?post=61654"},{"taxonomy":"post_tag","embeddable":true,"href":"https:\/\/www.apfelpatient.de\/en\/wp-json\/wp\/v2\/tags?post=61654"}],"curies":[{"name":"wp","href":"https:\/\/api.w.org\/{rel}","templated":true}]}}