{"id":61646,"date":"2025-12-03T21:36:18","date_gmt":"2025-12-03T20:36:18","guid":{"rendered":"https:\/\/www.apfelpatient.de\/?p=61646"},"modified":"2025-12-03T21:37:05","modified_gmt":"2025-12-03T20:37:05","slug":"apple-loses-ui-chief-designer-alan-dye-to-meta","status":"publish","type":"post","link":"https:\/\/www.apfelpatient.de\/en\/news\/apple-verliert-ui-chefdesigner-alan-dye-an-meta","title":{"rendered":"Apple loses UI chief designer Alan Dye to Meta"},"content":{"rendered":"<p class=\"has-drop-cap\"><strong>Alan Dye&#039;s departure is causing a stir in Apple&#039;s design world. After many years, the chief user interface designer is leaving the company to join Meta. His departure comes at a time when Apple is heavily focused on new platforms and design languages. For Meta, his appointment represents an important step in advancing its own hardware strategy.<\/strong><\/p>\n\n\n\n<p>Design plays a central role at Apple. Many of the modern interfaces that characterize Apple devices bear Alan Dye&#039;s signature. His departure therefore carries weight. At the same time, Apple is emphasizing continuity and handing over the reins of UI design to an experienced internal successor. Meta, in turn, is strengthening its efforts in consumer hardware and AI-powered devices with Dye&#039;s appointment.<\/p>\n\n\n\n<h4 class=\"wp-block-heading\" id=\"h-alan-dyes-weg-bei-apple\">Alan Dye&#039;s journey at Apple<\/h4>\n\n\n\n<p>Alan Dye joined Apple in 2006, initially working as Creative Director in the marketing and communications team. In 2012, he moved to Jony Ive&#039;s User Interface Team and became part of a fundamental transformation, as this was the time when iOS 7 was developed. The drastically redesigned interface ushered in a new era of visual language at Apple.<\/p>\n\n\n\n<p>Starting in 2015, Dye took over the leadership of all UI design after Jony Ive became Chief Design Officer. Under his leadership, Apple continuously developed the user interfaces for iOS, iPadOS, macOS, watchOS, and visionOS. Recent projects include work on the Vision Pro interface and the introduction of the redesigned Liquid Glass interface, which forms the basis for iOS 26 and macOS 26.<\/p>\n\n\n\n<h4 class=\"wp-block-heading\" id=\"h-apple-setzt-auf-kontinuitat-mit-stephen-lemay\">Apple is committed to continuity with Stephen Lemay.<\/h4>\n\n\n\n<p class=\"translation-block\">Dye will be replaced by Stephen Lemay. Lemay has been with Apple for more than 25 years and has contributed to all major Apple user interfaces since 1999. In a <a href=\"https:\/\/www.bloomberg.com\/news\/articles\/2025-12-03\/apple-design-executive-alan-dye-poached-by-meta-in-major-coup\" target=\"_blank\" rel=\"noreferrer noopener\" data-wpel-link=\"external\">statement,<\/a> Tim Cook praised Lemay&#039;s high standards and his close connection to the company&#039;s creative culture.<\/p>\n\n\n\n<p>This decision demonstrates how important a stable and experienced design team is to Apple. Especially now, as Apple continues to expand products like Vision Pro and integrate new AI features, a reliable design direction remains crucial.<\/p>\n\n\n\n<h4 class=\"wp-block-heading\" id=\"h-dyes-neuer-weg-bei-meta\">Dye&#039;s new path at Meta<\/h4>\n\n\n\n<p>On December 31st, Alan Dye will assume his new role as Chief Design Officer at Meta. He will lead a new design studio and drive hardware and software development. The focus will be on devices such as headsets and glasses, which will be more closely integrated with AI features.<\/p>\n\n\n\n<p>This move underscores how seriously Meta is taking its expansion in the consumer hardware market. With Dye, Meta gains a designer who not only shapes visual details but can also design entire interface systems. His experience at Apple is likely to significantly influence the development of new Meta devices.<\/p>\n\n\n\n<h4 class=\"wp-block-heading\" id=\"h-bedeutung-fur-apple\">Significance for Apple<\/h4>\n\n\n\n<p>Even though Dye&#039;s departure is a loss, Apple remains well-positioned with Stephen Lemay at the helm. Lemay knows the products, the teams, and the development processes that define Apple. Looking ahead, however, the question remains how strongly Apple will continue the Liquid Glass design pioneered by Dye, or whether new directions will emerge.<\/p>\n\n\n\n<p>The move could also intensify competition between Apple and Meta. Both companies are investing heavily in mixed reality, AI, and new hardware formats. Dye&#039;s expertise could help Meta close the gap with Apple.<\/p>\n\n\n\n<h3 class=\"wp-block-heading\" id=\"h-ein-wendepunkt-fur-apple-und-meta\">A turning point for Apple and Meta<\/h3>\n\n\n\n<p>The departure of Alan Dye marks a significant turning point for Apple. A designer who shaped key software interfaces for many years is now building Meta&#039;s design strategy. Apple is placing its trust in Stephen Lemay, an experienced successor, while Meta is focusing on fresh ideas. For both companies, this marks the beginning of a new phase in which design once again plays a pivotal role. (Image: Shutterstock \/ NorthSky Films)<\/p>\n\n\n\n<ul class=\"wp-block-list\">\n<li><a href=\"https:\/\/www.apfelpatient.de\/en\/news\/ios-26-2-rc-releases-an-overview-of-all-new-features\">iOS 26.2 RC released: All new features at a glance<\/a><\/li>\n\n\n\n<li><a href=\"https:\/\/www.apfelpatient.de\/en\/news\/apple-tv-expands-its-offerings-with-your-friends-neighbours-s2\">Apple TV expands its offerings with Your Friends &amp; Neighbors S2<\/a><\/li>\n\n\n\n<li><a href=\"https:\/\/www.apfelpatient.de\/en\/news\/after-apples-resistance-india-abandons-its-mandatory-app-plans\">Following Apple's opposition, India scraps its mandatory app plans<\/a><\/li>\n\n\n\n<li><a href=\"https:\/\/www.apfelpatient.de\/en\/news\/apple-study-shows-potential-of-modern-heart-sensor-technology\">Apple study shows potential of modern heart sensor technology<\/a><\/li>\n\n\n\n<li><a href=\"https:\/\/www.apfelpatient.de\/en\/news\/apple-in-focus-eu-allows-antitrust-lawsuit-from-the-netherlands-to-proceed\">Apple in focus: EU allows antitrust lawsuit from the Netherlands<\/a><\/li>\n\n\n\n<li><a href=\"https:\/\/www.apfelpatient.de\/en\/news\/iphone-air-benefits-from-new-firmware-for-magsafe-battery\">iPhone Air benefits from new firmware for MagSafe battery<\/a><\/li>\n\n\n\n<li><a href=\"https:\/\/www.apfelpatient.de\/en\/news\/the-iphone-17-leads-to-significant-global-sales-records-for-apple\">The iPhone 17 has Apple celebrating significant global sales records<\/a><\/li>\n\n\n\n<li><a href=\"https:\/\/www.apfelpatient.de\/en\/news\/apple-and-app-tracking-are-the-focus-of-german-antitrust-authorities\">Apple and app tracking are in the spotlight of German antitrust authorities<\/a><\/li>\n\n\n\n<li><a href=\"https:\/\/www.apfelpatient.de\/en\/news\/apple-health-and-chatgpt-new-leak-reveals-possible-connection\">Apple Health and ChatGPT: New leak reveals possible integration<\/a><\/li>\n\n\n\n<li><a href=\"https:\/\/www.apfelpatient.de\/en\/news\/samsung-presents-a-triple-foldable-smartphone\">Samsung presents a triple-folding smartphone<\/a><\/li>\n\n\n\n<li><a href=\"https:\/\/www.apfelpatient.de\/en\/news\/apples-macos-cuts-security-bonuses-sparking-new-criticism\">macOS: Apple cuts security rewards, sparking new criticism<\/a><\/li>\n\n\n\n<li><a href=\"https:\/\/www.apfelpatient.de\/en\/news\/apple-is-reorganizing-its-ai-while-openai-is-responding-with-code-red\">Apple is reorganizing its AI while OpenAI responds with Code Red<\/a><\/li>\n\n\n\n<li><a href=\"https:\/\/www.apfelpatient.de\/en\/news\/apple-rejects-indias-mandatory-app-and-warns-about-data-privacy-concerns\">Apple rejects India's mandatory app and warns about data privacy concerns<\/a><\/li>\n\n\n\n<li><a href=\"https:\/\/www.apfelpatient.de\/en\/news\/apple-music-replay-2025-reveals-the-years-key-trends\">Apple Music Replay 2025 reveals the year&#039;s key trends<\/a><\/li>\n\n\n\n<li><a href=\"https:\/\/www.apfelpatient.de\/en\/news\/apple-reorganizes-ai-change-at-the-top-after-siri-flop\">Apple reorganizes AI: Change at the top after Siri flop<\/a><\/li>\n\n\n\n<li><a href=\"https:\/\/www.apfelpatient.de\/en\/news\/apple-in-india-government-forces-state-security-app\">Apple in India: Government forces state security app<\/a><\/li>\n\n\n\n<li><a href=\"https:\/\/www.apfelpatient.de\/en\/news\/google-is-partnering-with-aws-to-build-more-robust-cloud-networks\">Google is partnering with AWS to create more robust cloud networks<\/a><\/li>\n\n\n\n<li><a href=\"https:\/\/www.apfelpatient.de\/en\/news\/studio-display-m5-ipad-pro-suggests-a-major-update-is-coming\">Studio Display: M5 iPad Pro hints at a major update<\/a><\/li>\n\n\n\n<li><a href=\"https:\/\/www.apfelpatient.de\/en\/news\/apple-tv-surprises-with-strong-growth-in-2025-thanks-to-sports\">Apple TV surprises with strong growth in sports in 2025<\/a><\/li>\n\n\n\n<li><a href=\"https:\/\/www.apfelpatient.de\/en\/news\/apple-classifies-the-iphone-se-and-other-devices-as-obsolete\">Apple classifies the iPhone SE and other devices as obsolete<\/a><\/li>\n\n\n\n<li><a href=\"https:\/\/www.apfelpatient.de\/en\/news\/chatgpt-notice-beta-version-provides-evidence-for-advertising\">ChatGPT Note: Beta version provides evidence of advertising<\/a><\/li>\n\n\n\n<li><a href=\"https:\/\/www.apfelpatient.de\/en\/news\/apple-in-the-crosshairs-politicians-demand-uniform-age-verification\">Apple in the crosshairs: Politicians demand uniform age verification<\/a><\/li>\n\n\n\n<li><a href=\"https:\/\/www.apfelpatient.de\/en\/news\/apple-in-focus-new-developments-in-the-dispute-with-xai\">Apple in focus: New developments in the dispute with xAI<\/a><\/li>\n\n\n\n<li><a href=\"https:\/\/www.apfelpatient.de\/en\/news\/apple-increases-donation-volume-through-limited-time-apple-pay-promotion\">Apple increases donation volume through limited-time Apple Pay promotion<\/a><\/li>\n<\/ul>\n\n\n\n<h6 class=\"wp-block-heading translation-block\" id=\"h-kennt-ihr-schon-unsere-amazon-storefront-dort-findet-ihr-eine-handverlesene-auswahl-von-diversen-produkten-f-r-euer-iphone-und-co-viel-spa-beim-st-bern\"><em>Have you already visited our Amazon Storefront? There you&#039;ll find a hand-picked selection of various products for your iPhone and other devices \u2013 <span class=\"has-inline-color has-vivid-red-color\"><a href=\"https:\/\/www.amazon.de\/shop\/apfelpatientofficial\" class=\"ek-link\" data-wpel-link=\"exclude\" rel=\"follow noopener\" target=\"_self\"><span style=\"text-decoration: underline\" class=\"ek-underline\">enjoy browsing<\/span><\/a> !<\/span><\/em><\/h6>\n\n\n\n<h6 class=\"wp-block-heading translation-block\" id=\"h-der-beitrag-enthalt-partnerlinks\">This post contains <a data-type=\"URL\" data-id=\"https:\/\/www.apfelpatient.de\/partnerprogramm\" href=\"https:\/\/www.apfelpatient.de\/en\/partner-program\" data-wpel-link=\"internal\" target=\"_self\">affiliate links<\/a>.<\/h6>","protected":false},"excerpt":{"rendered":"<p>Apple loses designer Alan Dye to Meta, which triggers new impulses for both companies and raises questions about the future design language.<\/p>","protected":false},"author":2,"featured_media":61645,"comment_status":"closed","ping_status":"open","sticky":false,"template":"","format":"standard","meta":{"jnews-multi-image_gallery":[],"jnews_single_post":{"format":"standard","override":[{"template":"2","parallax":"1","fullscreen":"1","layout":"right-sidebar","sidebar":"default-sidebar","second_sidebar":"default-sidebar","sticky_sidebar":"1","share_position":"top","share_float_style":"share-monocrhome","show_featured":"1","show_post_meta":"1","show_post_author":"1","show_post_author_image":"1","show_post_date":"1","post_date_format":"default","post_date_format_custom":"Y\/m\/d","show_post_reading_time":"0","post_reading_time_wpm":"300","post_calculate_word_method":"str_word_count","show_zoom_button":"0","zoom_button_out_step":"2","zoom_button_in_step":"3","show_post_tag":"1","show_prev_next_post":"1","show_popup_post":"1","show_comment_section":"1","number_popup_post":"1","show_author_box":"0","show_post_related":"0","show_inline_post_related":"0"}],"image_override":[{"single_post_thumbnail_size":"crop-500","single_post_gallery_size":"crop-500"}],"trending_post_position":"meta","trending_post_label":"Trending","sponsored_post_label":"Sponsored by","disable_ad":"0"},"jnews_primary_category":{"id":"9"},"footnotes":""},"categories":[9],"tags":[905,13],"class_list":["post-61646","post","type-post","status-publish","format-standard","has-post-thumbnail","hentry","category-news","tag-meta","tag-techpatient"],"yoast_head":"<!-- This site is optimized with the Yoast SEO Premium plugin v27.4 (Yoast SEO v27.4) - https:\/\/yoast.com\/product\/yoast-seo-premium-wordpress\/ -->\n<title>Apple verliert UI-Chefdesigner Alan Dye an Meta Apfelpatient<\/title>\n<meta name=\"description\" content=\"Apple verliert Designer Alan Dye an Meta, was neue Impulse f\u00fcr beide Unternehmen ausl\u00f6st und Fragen zur k\u00fcnftigen Designsprache stellt.\" \/>\n<meta name=\"robots\" content=\"index, follow, max-snippet:-1, max-image-preview:large, max-video-preview:-1\" \/>\n<link rel=\"canonical\" href=\"https:\/\/www.apfelpatient.de\/en\/news\/apple-loses-ui-chief-designer-alan-dye-to-meta\" \/>\n<meta property=\"og:locale\" content=\"en_US\" \/>\n<meta property=\"og:type\" content=\"article\" \/>\n<meta property=\"og:title\" content=\"Apple verliert UI-Chefdesigner Alan Dye an Meta\" \/>\n<meta property=\"og:description\" content=\"Apple verliert Designer Alan Dye an Meta, was neue Impulse f\u00fcr beide Unternehmen ausl\u00f6st und Fragen zur k\u00fcnftigen Designsprache stellt.\" \/>\n<meta property=\"og:url\" content=\"https:\/\/www.apfelpatient.de\/en\/news\/apple-loses-ui-chief-designer-alan-dye-to-meta\" \/>\n<meta property=\"og:site_name\" content=\"Apfelpatient\" \/>\n<meta property=\"article:publisher\" content=\"https:\/\/www.facebook.com\/apfelpatientOfficial\" \/>\n<meta property=\"article:author\" content=\"https:\/\/www.facebook.com\/apfelpatientOfficial\" \/>\n<meta property=\"article:published_time\" content=\"2025-12-03T20:36:18+00:00\" \/>\n<meta property=\"article:modified_time\" content=\"2025-12-03T20:37:05+00:00\" \/>\n<meta property=\"og:image\" content=\"https:\/\/www.apfelpatient.de\/wp-content\/uploads\/2025\/12\/shutterstock_2532647083.jpg\" \/>\n\t<meta property=\"og:image:width\" content=\"1600\" \/>\n\t<meta property=\"og:image:height\" content=\"1199\" \/>\n\t<meta property=\"og:image:type\" content=\"image\/jpeg\" \/>\n<meta name=\"author\" content=\"Milan\" \/>\n<meta name=\"twitter:card\" content=\"summary_large_image\" \/>\n<meta name=\"twitter:description\" content=\"Apple verliert Designer Alan Dye an Meta, was neue Impulse f\u00fcr beide Unternehmen ausl\u00f6st und Fragen zur k\u00fcnftigen Designsprache stellt.\" \/>\n<meta name=\"twitter:label1\" content=\"Written by\" \/>\n\t<meta name=\"twitter:data1\" content=\"Milan\" \/>\n\t<meta name=\"twitter:label2\" content=\"Est. reading time\" \/>\n\t<meta name=\"twitter:data2\" content=\"5 minutes\" \/>\n<script type=\"application\/ld+json\" class=\"yoast-schema-graph\">{\"@context\":\"https:\\\/\\\/schema.org\",\"@graph\":[{\"@type\":\"NewsArticle\",\"@id\":\"https:\\\/\\\/www.apfelpatient.de\\\/news\\\/apple-verliert-ui-chefdesigner-alan-dye-an-meta#article\",\"isPartOf\":{\"@id\":\"https:\\\/\\\/www.apfelpatient.de\\\/news\\\/apple-verliert-ui-chefdesigner-alan-dye-an-meta\"},\"author\":{\"@type\":\"Organization\",\"@id\":\"https:\\\/\\\/www.apfelpatient.de\\\/en\\\/#organization\",\"name\":\"Apfelpatient\",\"url\":\"https:\\\/\\\/www.apfelpatient.de\\\/en\\\/\"},\"headline\":\"Apple verliert UI-Chefdesigner Alan Dye an Meta\",\"datePublished\":\"2025-12-03T20:36:18+00:00\",\"dateModified\":\"2025-12-03T20:37:05+00:00\",\"mainEntityOfPage\":{\"@id\":\"https:\\\/\\\/www.apfelpatient.de\\\/news\\\/apple-verliert-ui-chefdesigner-alan-dye-an-meta\"},\"wordCount\":835,\"publisher\":{\"@type\":\"Organization\",\"@id\":\"https:\\\/\\\/www.apfelpatient.de\\\/en\\\/#organization\",\"name\":\"Apfelpatient\",\"url\":\"https:\\\/\\\/www.apfelpatient.de\\\/en\\\/\"},\"image\":{\"@id\":\"https:\\\/\\\/www.apfelpatient.de\\\/news\\\/apple-verliert-ui-chefdesigner-alan-dye-an-meta#primaryimage\"},\"thumbnailUrl\":\"https:\\\/\\\/www.apfelpatient.de\\\/wp-content\\\/uploads\\\/2025\\\/12\\\/shutterstock_2532647083.jpg\",\"keywords\":[\"Meta\",\"TechPatient\"],\"articleSection\":\"News\",\"inLanguage\":\"en-US\",\"copyrightYear\":\"2025\",\"copyrightHolder\":{\"@id\":\"https:\\\/\\\/www.apfelpatient.de\\\/en\\\/#organization\"}},{\"@type\":\"WebPage\",\"@id\":\"https:\\\/\\\/www.apfelpatient.de\\\/news\\\/apple-verliert-ui-chefdesigner-alan-dye-an-meta\",\"url\":\"https:\\\/\\\/www.apfelpatient.de\\\/news\\\/apple-verliert-ui-chefdesigner-alan-dye-an-meta\",\"name\":\"Apple verliert UI-Chefdesigner Alan Dye an Meta Apfelpatient\",\"isPartOf\":{\"@id\":\"https:\\\/\\\/www.apfelpatient.de\\\/#website\"},\"primaryImageOfPage\":{\"@id\":\"https:\\\/\\\/www.apfelpatient.de\\\/news\\\/apple-verliert-ui-chefdesigner-alan-dye-an-meta#primaryimage\"},\"image\":{\"@id\":\"https:\\\/\\\/www.apfelpatient.de\\\/news\\\/apple-verliert-ui-chefdesigner-alan-dye-an-meta#primaryimage\"},\"thumbnailUrl\":\"https:\\\/\\\/www.apfelpatient.de\\\/wp-content\\\/uploads\\\/2025\\\/12\\\/shutterstock_2532647083.jpg\",\"datePublished\":\"2025-12-03T20:36:18+00:00\",\"dateModified\":\"2025-12-03T20:37:05+00:00\",\"description\":\"Apple verliert Designer Alan Dye an Meta, was neue Impulse f\u00fcr beide Unternehmen ausl\u00f6st und Fragen zur k\u00fcnftigen Designsprache stellt.\",\"breadcrumb\":{\"@id\":\"https:\\\/\\\/www.apfelpatient.de\\\/news\\\/apple-verliert-ui-chefdesigner-alan-dye-an-meta#breadcrumb\"},\"inLanguage\":\"en-US\",\"potentialAction\":[{\"@type\":\"ReadAction\",\"target\":[\"https:\\\/\\\/www.apfelpatient.de\\\/news\\\/apple-verliert-ui-chefdesigner-alan-dye-an-meta\"]}]},{\"@type\":\"ImageObject\",\"inLanguage\":\"en-US\",\"@id\":\"https:\\\/\\\/www.apfelpatient.de\\\/news\\\/apple-verliert-ui-chefdesigner-alan-dye-an-meta#primaryimage\",\"url\":\"https:\\\/\\\/www.apfelpatient.de\\\/wp-content\\\/uploads\\\/2025\\\/12\\\/shutterstock_2532647083.jpg\",\"contentUrl\":\"https:\\\/\\\/www.apfelpatient.de\\\/wp-content\\\/uploads\\\/2025\\\/12\\\/shutterstock_2532647083.jpg\",\"width\":1600,\"height\":1199,\"caption\":\"Bild: Shutterstock \\\/ NorthSky Films\"},{\"@type\":\"BreadcrumbList\",\"@id\":\"https:\\\/\\\/www.apfelpatient.de\\\/news\\\/apple-verliert-ui-chefdesigner-alan-dye-an-meta#breadcrumb\",\"itemListElement\":[{\"@type\":\"ListItem\",\"position\":1,\"name\":\"Startseite\",\"item\":\"https:\\\/\\\/www.apfelpatient.de\\\/\"},{\"@type\":\"ListItem\",\"position\":2,\"name\":\"Apple verliert UI-Chefdesigner Alan Dye an Meta\"}]},{\"@type\":\"WebSite\",\"@id\":\"https:\\\/\\\/www.apfelpatient.de\\\/#website\",\"url\":\"https:\\\/\\\/www.apfelpatient.de\\\/\",\"name\":\"Apfelpatient\",\"description\":\"Alles rund um Apple!\",\"publisher\":{\"@type\":\"Organization\",\"@id\":\"https:\\\/\\\/www.apfelpatient.de\\\/en\\\/#organization\",\"name\":\"Apfelpatient\",\"url\":\"https:\\\/\\\/www.apfelpatient.de\\\/en\\\/\"},\"alternateName\":\"Apfelpatient\",\"potentialAction\":[{\"@type\":\"SearchAction\",\"target\":{\"@type\":\"EntryPoint\",\"urlTemplate\":\"https:\\\/\\\/www.apfelpatient.de\\\/?s={search_term_string}\"},\"query-input\":{\"@type\":\"PropertyValueSpecification\",\"valueRequired\":true,\"valueName\":\"search_term_string\"}}],\"inLanguage\":\"en-US\"},{\"@type\":[\"Person\",\"Organization\"],\"@id\":\"https:\\\/\\\/www.apfelpatient.de\\\/#\\\/schema\\\/person\\\/7dc56ad6c8e9824b76d2c08d4c140e13\",\"name\":\"Milan\",\"logo\":{\"@id\":\"https:\\\/\\\/www.apfelpatient.de\\\/#\\\/schema\\\/person\\\/image\\\/\"},\"description\":\"Hallo und herzlich willkommen auf meinem Technik-Blog! Als gro\u00dfer Apple-Fan berichte ich hier \u00fcber alles, was mit Apple zu tun hat: von den neuesten News und spannenden Ger\u00fcchten \u00fcber hilfreiche Tipps und Tricks bis hin zu ausf\u00fchrlichen Produkttests. Wenn du genauso technikbegeistert bist wie ich, bist du hier genau richtig!\",\"sameAs\":[\"https:\\\/\\\/www.facebook.com\\\/apfelpatientOfficial\",\"https:\\\/\\\/www.linkedin.com\\\/in\\\/milan-jovicic-42aa0231b\"],\"url\":\"https:\\\/\\\/www.apfelpatient.de\\\/en\\\/author\\\/apfeladmin\"}]}<\/script>\n<!-- \/ Yoast SEO Premium plugin. -->","yoast_head_json":{"title":"Apple loses UI chief designer Alan Dye to Meta Apfelpatient","description":"Apple loses designer Alan Dye to Meta, which triggers new impulses for both companies and raises questions about the future design language.","robots":{"index":"index","follow":"follow","max-snippet":"max-snippet:-1","max-image-preview":"max-image-preview:large","max-video-preview":"max-video-preview:-1"},"canonical":"https:\/\/www.apfelpatient.de\/en\/news\/apple-loses-ui-chief-designer-alan-dye-to-meta","og_locale":"en_US","og_type":"article","og_title":"Apple verliert UI-Chefdesigner Alan Dye an Meta","og_description":"Apple verliert Designer Alan Dye an Meta, was neue Impulse f\u00fcr beide Unternehmen ausl\u00f6st und Fragen zur k\u00fcnftigen Designsprache stellt.","og_url":"https:\/\/www.apfelpatient.de\/en\/news\/apple-loses-ui-chief-designer-alan-dye-to-meta","og_site_name":"Apfelpatient","article_publisher":"https:\/\/www.facebook.com\/apfelpatientOfficial","article_author":"https:\/\/www.facebook.com\/apfelpatientOfficial","article_published_time":"2025-12-03T20:36:18+00:00","article_modified_time":"2025-12-03T20:37:05+00:00","og_image":[{"width":1600,"height":1199,"url":"https:\/\/www.apfelpatient.de\/wp-content\/uploads\/2025\/12\/shutterstock_2532647083.jpg","type":"image\/jpeg"}],"author":"Milan","twitter_card":"summary_large_image","twitter_description":"Apple verliert Designer Alan Dye an Meta, was neue Impulse f\u00fcr beide Unternehmen ausl\u00f6st und Fragen zur k\u00fcnftigen Designsprache stellt.","twitter_misc":{"Written by":"Milan","Est. reading time":"5 minutes"},"schema":{"@context":"https:\/\/schema.org","@graph":[{"@type":"NewsArticle","@id":"https:\/\/www.apfelpatient.de\/news\/apple-verliert-ui-chefdesigner-alan-dye-an-meta#article","isPartOf":{"@id":"https:\/\/www.apfelpatient.de\/news\/apple-verliert-ui-chefdesigner-alan-dye-an-meta"},"author":{"@type":"Organization","@id":"https:\/\/www.apfelpatient.de\/en\/#organization","name":"Apfelpatient","url":"https:\/\/www.apfelpatient.de\/en\/"},"headline":"Apple verliert UI-Chefdesigner Alan Dye an Meta","datePublished":"2025-12-03T20:36:18+00:00","dateModified":"2025-12-03T20:37:05+00:00","mainEntityOfPage":{"@id":"https:\/\/www.apfelpatient.de\/news\/apple-verliert-ui-chefdesigner-alan-dye-an-meta"},"wordCount":835,"publisher":{"@type":"Organization","@id":"https:\/\/www.apfelpatient.de\/en\/#organization","name":"Apfelpatient","url":"https:\/\/www.apfelpatient.de\/en\/"},"image":{"@id":"https:\/\/www.apfelpatient.de\/news\/apple-verliert-ui-chefdesigner-alan-dye-an-meta#primaryimage"},"thumbnailUrl":"https:\/\/www.apfelpatient.de\/wp-content\/uploads\/2025\/12\/shutterstock_2532647083.jpg","keywords":["Meta","TechPatient"],"articleSection":"News","inLanguage":"en-US","copyrightYear":"2025","copyrightHolder":{"@id":"https:\/\/www.apfelpatient.de\/en\/#organization"}},{"@type":"WebPage","@id":"https:\/\/www.apfelpatient.de\/news\/apple-verliert-ui-chefdesigner-alan-dye-an-meta","url":"https:\/\/www.apfelpatient.de\/news\/apple-verliert-ui-chefdesigner-alan-dye-an-meta","name":"Apple loses UI chief designer Alan Dye to Meta Apfelpatient","isPartOf":{"@id":"https:\/\/www.apfelpatient.de\/#website"},"primaryImageOfPage":{"@id":"https:\/\/www.apfelpatient.de\/news\/apple-verliert-ui-chefdesigner-alan-dye-an-meta#primaryimage"},"image":{"@id":"https:\/\/www.apfelpatient.de\/news\/apple-verliert-ui-chefdesigner-alan-dye-an-meta#primaryimage"},"thumbnailUrl":"https:\/\/www.apfelpatient.de\/wp-content\/uploads\/2025\/12\/shutterstock_2532647083.jpg","datePublished":"2025-12-03T20:36:18+00:00","dateModified":"2025-12-03T20:37:05+00:00","description":"Apple loses designer Alan Dye to Meta, which triggers new impulses for both companies and raises questions about the future design language.","breadcrumb":{"@id":"https:\/\/www.apfelpatient.de\/news\/apple-verliert-ui-chefdesigner-alan-dye-an-meta#breadcrumb"},"inLanguage":"en-US","potentialAction":[{"@type":"ReadAction","target":["https:\/\/www.apfelpatient.de\/news\/apple-verliert-ui-chefdesigner-alan-dye-an-meta"]}]},{"@type":"ImageObject","inLanguage":"en-US","@id":"https:\/\/www.apfelpatient.de\/news\/apple-verliert-ui-chefdesigner-alan-dye-an-meta#primaryimage","url":"https:\/\/www.apfelpatient.de\/wp-content\/uploads\/2025\/12\/shutterstock_2532647083.jpg","contentUrl":"https:\/\/www.apfelpatient.de\/wp-content\/uploads\/2025\/12\/shutterstock_2532647083.jpg","width":1600,"height":1199,"caption":"Bild: Shutterstock \/ NorthSky Films"},{"@type":"BreadcrumbList","@id":"https:\/\/www.apfelpatient.de\/news\/apple-verliert-ui-chefdesigner-alan-dye-an-meta#breadcrumb","itemListElement":[{"@type":"ListItem","position":1,"name":"Startseite","item":"https:\/\/www.apfelpatient.de\/"},{"@type":"ListItem","position":2,"name":"Apple verliert UI-Chefdesigner Alan Dye an Meta"}]},{"@type":"WebSite","@id":"https:\/\/www.apfelpatient.de\/#website","url":"https:\/\/www.apfelpatient.de\/","name":"apple patient","description":"Everything about Apple!","publisher":{"@type":"Organization","@id":"https:\/\/www.apfelpatient.de\/en\/#organization","name":"Apfelpatient","url":"https:\/\/www.apfelpatient.de\/en\/"},"alternateName":"Apfelpatient","potentialAction":[{"@type":"SearchAction","target":{"@type":"EntryPoint","urlTemplate":"https:\/\/www.apfelpatient.de\/?s={search_term_string}"},"query-input":{"@type":"PropertyValueSpecification","valueRequired":true,"valueName":"search_term_string"}}],"inLanguage":"en-US"},{"@type":["Person","Organization"],"@id":"https:\/\/www.apfelpatient.de\/#\/schema\/person\/7dc56ad6c8e9824b76d2c08d4c140e13","name":"Milan","logo":{"@id":"https:\/\/www.apfelpatient.de\/#\/schema\/person\/image\/"},"description":"Hello and welcome to my technology blog! As a big Apple fan, I report on everything to do with Apple: from the latest news and exciting rumors to helpful tips and tricks and detailed product tests. If you are as enthusiastic about technology as I am, you have come to the right place!","sameAs":["https:\/\/www.facebook.com\/apfelpatientOfficial","https:\/\/www.linkedin.com\/in\/milan-jovicic-42aa0231b"],"url":"https:\/\/www.apfelpatient.de\/en\/author\/apfeladmin"}]}},"_links":{"self":[{"href":"https:\/\/www.apfelpatient.de\/en\/wp-json\/wp\/v2\/posts\/61646","targetHints":{"allow":["GET"]}}],"collection":[{"href":"https:\/\/www.apfelpatient.de\/en\/wp-json\/wp\/v2\/posts"}],"about":[{"href":"https:\/\/www.apfelpatient.de\/en\/wp-json\/wp\/v2\/types\/post"}],"author":[{"embeddable":true,"href":"https:\/\/www.apfelpatient.de\/en\/wp-json\/wp\/v2\/users\/2"}],"replies":[{"embeddable":true,"href":"https:\/\/www.apfelpatient.de\/en\/wp-json\/wp\/v2\/comments?post=61646"}],"version-history":[{"count":1,"href":"https:\/\/www.apfelpatient.de\/en\/wp-json\/wp\/v2\/posts\/61646\/revisions"}],"predecessor-version":[{"id":61647,"href":"https:\/\/www.apfelpatient.de\/en\/wp-json\/wp\/v2\/posts\/61646\/revisions\/61647"}],"wp:featuredmedia":[{"embeddable":true,"href":"https:\/\/www.apfelpatient.de\/en\/wp-json\/wp\/v2\/media\/61645"}],"wp:attachment":[{"href":"https:\/\/www.apfelpatient.de\/en\/wp-json\/wp\/v2\/media?parent=61646"}],"wp:term":[{"taxonomy":"category","embeddable":true,"href":"https:\/\/www.apfelpatient.de\/en\/wp-json\/wp\/v2\/categories?post=61646"},{"taxonomy":"post_tag","embeddable":true,"href":"https:\/\/www.apfelpatient.de\/en\/wp-json\/wp\/v2\/tags?post=61646"}],"curies":[{"name":"wp","href":"https:\/\/api.w.org\/{rel}","templated":true}]}}