{"id":6116,"date":"2019-09-19T17:42:40","date_gmt":"2019-09-19T15:42:40","guid":{"rendered":"https:\/\/www.apfelpatient.de\/?p=6116"},"modified":"2025-02-06T07:58:20","modified_gmt":"2025-02-06T06:58:20","slug":"iphone-11-pro-the-new-camera-has-its-own-ram","status":"publish","type":"post","link":"https:\/\/www.apfelpatient.de\/en\/rumors\/iphone-11-pro-hat-die-neue-kamera-einen-eigenen-ram","title":{"rendered":"iPhone 11 Pro \u2013 Does the new camera have its own RAM?"},"content":{"rendered":"<p class=\"p2\"><strong>Rumors that the new iPhone 11 Pro series will have around 6 GB of RAM are not letting up. Although an official document and the Xcode 11 beta confirmed the amount of RAM just yesterday, the rumor is still persistent - and there is now an explanation for it.<\/strong><\/p>\n<p class=\"p2\">All three iPhone models \u2013 iPhone 11, iPhone 11 Pro and iPhone 11 Pro Max \u2013 have 4 GB of RAM. This has been confirmed by an official <a href=\"https:\/\/www.apfelpatient.de\/en\">document<\/a> Chinese regulator revealed \u2013 and lines in the <a href=\"https:\/\/www.apfelpatient.de\/en\">Xcode 11 Beta<\/a> found that confirm the discovered document. But now the rumors about 2 more GB are not letting up. According to them, the RAM in the iPhone 11 Pro series would exceed these confirmed 4 GB, bringing the total of the new flagships to 6 GB. In this case, these 2 GB are specifically intended for photography and are not accessible to the user.<\/p>\n<p class=\"p2\"><strong>Analysis of iPhones required<\/strong><\/p>\n<p class=\"p2\">At first glance, this theory seems to make sense when you consider the performance behind the new camera module. The new functions are very performance-intensive, which is why a separate RAM for photography would be a clever move.<\/p>\n<p class=\"p1\"><\/p>\n<p class=\"p2\">Since Apple is silent on this topic, it remains pure speculation that is not entirely unreasonable. A final confirmation will come from a complete analysis of the devices - this should arrive this weekend, as the official sale of the new iPhone 11 series starts tomorrow. Here you can find the first test reports on the iPhone 11 Pro <a href=\"https:\/\/www.apfelpatient.de\/en\">summarized<\/a>. <em>(Photo by Usis \/ Bigstockphoto)<\/em><\/p>\n<h5><em><strong>You don&#039;t want to miss any more news? Then subscribe to our <a href=\"https:\/\/t.me\/apfelpatient_official\">Telegram channel<\/a><\/strong><\/em><\/h5>","protected":false},"excerpt":{"rendered":"<p>Ger\u00fcchte, wonach die neue iPhone 11 Pro Reihe rund 6 GB Arbeitsspeicher haben soll, wollen nicht nachlassen. Obwohl erst gestern ein offizielles Dokument sowie die Xcode 11 Beta die RAM-Anzahl best\u00e4tigt haben, h\u00e4lt sich das Ger\u00fccht weiterhin hartn\u00e4ckig &#8211; es gibt nun auch eine Erkl\u00e4rung daf\u00fcr. Alle drei iPhone Modelle &#8211; iPhone 11, iPhone 11 [&hellip;]<\/p>\n","protected":false},"author":2,"featured_media":6118,"comment_status":"closed","ping_status":"open","sticky":false,"template":"","format":"standard","meta":{"jnews-multi-image_gallery":[],"jnews_single_post":[],"jnews_primary_category":[],"footnotes":""},"categories":[25],"tags":[329,330],"class_list":["post-6116","post","type-post","status-publish","format-standard","has-post-thumbnail","hentry","category-rumors","tag-iphone-11-pro","tag-iphone-11-pro-max"],"yoast_head":"<!-- This site is optimized with the Yoast SEO Premium plugin v27.5 (Yoast SEO v27.5) - https:\/\/yoast.com\/product\/yoast-seo-premium-wordpress\/ -->\n<title>iPhone 11 Pro - Hat die neue Kamera einen eigenen RAM?<\/title>\n<meta name=\"description\" content=\"Ger\u00fcchte, wonach die neue iPhone 11 Pro Reihe rund 6 GB Arbeitsspeicher haben soll, wollen nicht nachlassen.\" \/>\n<meta name=\"robots\" content=\"index, follow, max-snippet:-1, max-image-preview:large, max-video-preview:-1\" \/>\n<link rel=\"canonical\" href=\"https:\/\/www.apfelpatient.de\/en\/rumors\/iphone-11-pro-the-new-camera-has-its-own-ram\" \/>\n<meta property=\"og:locale\" content=\"en_US\" \/>\n<meta property=\"og:type\" content=\"article\" \/>\n<meta property=\"og:title\" content=\"iPhone 11 Pro - Hat die neue Kamera einen eigenen RAM?\" \/>\n<meta property=\"og:description\" content=\"Ger\u00fcchte, wonach die neue iPhone 11 Pro Reihe rund 6 GB Arbeitsspeicher haben soll, wollen nicht nachlassen.\" \/>\n<meta property=\"og:url\" content=\"https:\/\/www.apfelpatient.de\/en\/rumors\/iphone-11-pro-the-new-camera-has-its-own-ram\" \/>\n<meta property=\"og:site_name\" content=\"Apfelpatient\" \/>\n<meta property=\"article:publisher\" content=\"https:\/\/www.facebook.com\/apfelpatientOfficial\" \/>\n<meta property=\"article:author\" content=\"https:\/\/www.facebook.com\/apfelpatientOfficial\" \/>\n<meta property=\"article:published_time\" content=\"2019-09-19T15:42:40+00:00\" \/>\n<meta property=\"article:modified_time\" content=\"2025-02-06T06:58:20+00:00\" \/>\n<meta property=\"og:image\" content=\"https:\/\/www.apfelpatient.de\/wp-content\/uploads\/2019\/09\/bigstock-Ai-Artificial-Intelligence-C-290181298.jpg\" \/>\n\t<meta property=\"og:image:width\" content=\"1024\" \/>\n\t<meta property=\"og:image:height\" content=\"683\" \/>\n\t<meta property=\"og:image:type\" content=\"image\/jpeg\" \/>\n<meta name=\"author\" content=\"Milan\" \/>\n<meta name=\"twitter:card\" content=\"summary_large_image\" \/>\n<meta name=\"twitter:label1\" content=\"Written by\" \/>\n\t<meta name=\"twitter:data1\" content=\"Milan\" \/>\n\t<meta name=\"twitter:label2\" content=\"Est. reading time\" \/>\n\t<meta name=\"twitter:data2\" content=\"1 minute\" \/>\n<script type=\"application\/ld+json\" class=\"yoast-schema-graph\">{\"@context\":\"https:\\\/\\\/schema.org\",\"@graph\":[{\"@type\":\"NewsArticle\",\"@id\":\"https:\\\/\\\/www.apfelpatient.de\\\/rumors\\\/iphone-11-pro-hat-die-neue-kamera-einen-eigenen-ram#article\",\"isPartOf\":{\"@id\":\"https:\\\/\\\/www.apfelpatient.de\\\/rumors\\\/iphone-11-pro-hat-die-neue-kamera-einen-eigenen-ram\"},\"author\":{\"@type\":\"Organization\",\"@id\":\"https:\\\/\\\/www.apfelpatient.de\\\/en\\\/#organization\",\"name\":\"Apfelpatient\",\"url\":\"https:\\\/\\\/www.apfelpatient.de\\\/en\\\/\"},\"headline\":\"iPhone 11 Pro &#8211; Hat die neue Kamera einen eigenen RAM?\",\"datePublished\":\"2019-09-19T15:42:40+00:00\",\"dateModified\":\"2025-02-06T06:58:20+00:00\",\"mainEntityOfPage\":{\"@id\":\"https:\\\/\\\/www.apfelpatient.de\\\/rumors\\\/iphone-11-pro-hat-die-neue-kamera-einen-eigenen-ram\"},\"wordCount\":283,\"publisher\":{\"@type\":\"Organization\",\"@id\":\"https:\\\/\\\/www.apfelpatient.de\\\/en\\\/#organization\",\"name\":\"Apfelpatient\",\"url\":\"https:\\\/\\\/www.apfelpatient.de\\\/en\\\/\"},\"image\":{\"@id\":\"https:\\\/\\\/www.apfelpatient.de\\\/rumors\\\/iphone-11-pro-hat-die-neue-kamera-einen-eigenen-ram#primaryimage\"},\"thumbnailUrl\":\"https:\\\/\\\/www.apfelpatient.de\\\/wp-content\\\/uploads\\\/2019\\\/09\\\/bigstock-Ai-Artificial-Intelligence-C-290181298.jpg\",\"keywords\":[\"iPhone 11 Pro\",\"iPhone 11 Pro Max\"],\"articleSection\":\"Rumors\",\"inLanguage\":\"en-US\",\"copyrightYear\":\"2019\",\"copyrightHolder\":{\"@id\":\"https:\\\/\\\/www.apfelpatient.de\\\/en\\\/#organization\"}},{\"@type\":\"WebPage\",\"@id\":\"https:\\\/\\\/www.apfelpatient.de\\\/rumors\\\/iphone-11-pro-hat-die-neue-kamera-einen-eigenen-ram\",\"url\":\"https:\\\/\\\/www.apfelpatient.de\\\/rumors\\\/iphone-11-pro-hat-die-neue-kamera-einen-eigenen-ram\",\"name\":\"iPhone 11 Pro - Hat die neue Kamera einen eigenen RAM?\",\"isPartOf\":{\"@id\":\"https:\\\/\\\/www.apfelpatient.de\\\/#website\"},\"primaryImageOfPage\":{\"@id\":\"https:\\\/\\\/www.apfelpatient.de\\\/rumors\\\/iphone-11-pro-hat-die-neue-kamera-einen-eigenen-ram#primaryimage\"},\"image\":{\"@id\":\"https:\\\/\\\/www.apfelpatient.de\\\/rumors\\\/iphone-11-pro-hat-die-neue-kamera-einen-eigenen-ram#primaryimage\"},\"thumbnailUrl\":\"https:\\\/\\\/www.apfelpatient.de\\\/wp-content\\\/uploads\\\/2019\\\/09\\\/bigstock-Ai-Artificial-Intelligence-C-290181298.jpg\",\"datePublished\":\"2019-09-19T15:42:40+00:00\",\"dateModified\":\"2025-02-06T06:58:20+00:00\",\"description\":\"Ger\u00fcchte, wonach die neue iPhone 11 Pro Reihe rund 6 GB Arbeitsspeicher haben soll, wollen nicht nachlassen.\",\"breadcrumb\":{\"@id\":\"https:\\\/\\\/www.apfelpatient.de\\\/rumors\\\/iphone-11-pro-hat-die-neue-kamera-einen-eigenen-ram#breadcrumb\"},\"inLanguage\":\"en-US\",\"potentialAction\":[{\"@type\":\"ReadAction\",\"target\":[\"https:\\\/\\\/www.apfelpatient.de\\\/rumors\\\/iphone-11-pro-hat-die-neue-kamera-einen-eigenen-ram\"]}]},{\"@type\":\"ImageObject\",\"inLanguage\":\"en-US\",\"@id\":\"https:\\\/\\\/www.apfelpatient.de\\\/rumors\\\/iphone-11-pro-hat-die-neue-kamera-einen-eigenen-ram#primaryimage\",\"url\":\"https:\\\/\\\/www.apfelpatient.de\\\/wp-content\\\/uploads\\\/2019\\\/09\\\/bigstock-Ai-Artificial-Intelligence-C-290181298.jpg\",\"contentUrl\":\"https:\\\/\\\/www.apfelpatient.de\\\/wp-content\\\/uploads\\\/2019\\\/09\\\/bigstock-Ai-Artificial-Intelligence-C-290181298.jpg\",\"width\":1600,\"height\":1067,\"caption\":\"AI - artificial intelligence concept. Machine learning. Central Computer Processors on the circuit board with luminous tracks. Encoded data. Computer chip over circuit background, 3D illustration\"},{\"@type\":\"BreadcrumbList\",\"@id\":\"https:\\\/\\\/www.apfelpatient.de\\\/rumors\\\/iphone-11-pro-hat-die-neue-kamera-einen-eigenen-ram#breadcrumb\",\"itemListElement\":[{\"@type\":\"ListItem\",\"position\":1,\"name\":\"Startseite\",\"item\":\"https:\\\/\\\/www.apfelpatient.de\\\/\"},{\"@type\":\"ListItem\",\"position\":2,\"name\":\"iPhone 11 Pro &#8211; Hat die neue Kamera einen eigenen RAM?\"}]},{\"@type\":\"WebSite\",\"@id\":\"https:\\\/\\\/www.apfelpatient.de\\\/#website\",\"url\":\"https:\\\/\\\/www.apfelpatient.de\\\/\",\"name\":\"Apfelpatient\",\"description\":\"Alles rund um Apple!\",\"publisher\":{\"@type\":\"Organization\",\"@id\":\"https:\\\/\\\/www.apfelpatient.de\\\/en\\\/#organization\",\"name\":\"Apfelpatient\",\"url\":\"https:\\\/\\\/www.apfelpatient.de\\\/en\\\/\"},\"alternateName\":\"Apfelpatient\",\"potentialAction\":[{\"@type\":\"SearchAction\",\"target\":{\"@type\":\"EntryPoint\",\"urlTemplate\":\"https:\\\/\\\/www.apfelpatient.de\\\/?s={search_term_string}\"},\"query-input\":{\"@type\":\"PropertyValueSpecification\",\"valueRequired\":true,\"valueName\":\"search_term_string\"}}],\"inLanguage\":\"en-US\"},{\"@type\":[\"Person\",\"Organization\"],\"@id\":\"https:\\\/\\\/www.apfelpatient.de\\\/#\\\/schema\\\/person\\\/7dc56ad6c8e9824b76d2c08d4c140e13\",\"name\":\"Milan\",\"logo\":{\"@id\":\"https:\\\/\\\/www.apfelpatient.de\\\/#\\\/schema\\\/person\\\/image\\\/\"},\"description\":\"Hallo und herzlich willkommen auf meinem Technik-Blog! Als gro\u00dfer Apple-Fan berichte ich hier \u00fcber alles, was mit Apple zu tun hat: von den neuesten News und spannenden Ger\u00fcchten \u00fcber hilfreiche Tipps und Tricks bis hin zu ausf\u00fchrlichen Produkttests. Wenn du genauso technikbegeistert bist wie ich, bist du hier genau richtig!\",\"sameAs\":[\"https:\\\/\\\/www.facebook.com\\\/apfelpatientOfficial\",\"https:\\\/\\\/www.linkedin.com\\\/in\\\/milan-jovicic-42aa0231b\"],\"url\":\"https:\\\/\\\/www.apfelpatient.de\\\/en\\\/author\\\/apfeladmin\"}]}<\/script>\n<!-- \/ Yoast SEO Premium plugin. -->","yoast_head_json":{"title":"iPhone 11 Pro - Does the new camera have its own RAM?","description":"Rumors that the new iPhone 11 Pro series will have around 6 GB of RAM show no signs of abating.","robots":{"index":"index","follow":"follow","max-snippet":"max-snippet:-1","max-image-preview":"max-image-preview:large","max-video-preview":"max-video-preview:-1"},"canonical":"https:\/\/www.apfelpatient.de\/en\/rumors\/iphone-11-pro-the-new-camera-has-its-own-ram","og_locale":"en_US","og_type":"article","og_title":"iPhone 11 Pro - Hat die neue Kamera einen eigenen RAM?","og_description":"Ger\u00fcchte, wonach die neue iPhone 11 Pro Reihe rund 6 GB Arbeitsspeicher haben soll, wollen nicht nachlassen.","og_url":"https:\/\/www.apfelpatient.de\/en\/rumors\/iphone-11-pro-the-new-camera-has-its-own-ram","og_site_name":"Apfelpatient","article_publisher":"https:\/\/www.facebook.com\/apfelpatientOfficial","article_author":"https:\/\/www.facebook.com\/apfelpatientOfficial","article_published_time":"2019-09-19T15:42:40+00:00","article_modified_time":"2025-02-06T06:58:20+00:00","og_image":[{"url":"https:\/\/www.apfelpatient.de\/wp-content\/uploads\/2019\/09\/bigstock-Ai-Artificial-Intelligence-C-290181298.jpg","width":1024,"height":683,"type":"image\/jpeg"}],"author":"Milan","twitter_card":"summary_large_image","twitter_misc":{"Written by":"Milan","Est. reading time":"1 minute"},"schema":{"@context":"https:\/\/schema.org","@graph":[{"@type":"NewsArticle","@id":"https:\/\/www.apfelpatient.de\/rumors\/iphone-11-pro-hat-die-neue-kamera-einen-eigenen-ram#article","isPartOf":{"@id":"https:\/\/www.apfelpatient.de\/rumors\/iphone-11-pro-hat-die-neue-kamera-einen-eigenen-ram"},"author":{"@type":"Organization","@id":"https:\/\/www.apfelpatient.de\/en\/#organization","name":"Apfelpatient","url":"https:\/\/www.apfelpatient.de\/en\/"},"headline":"iPhone 11 Pro &#8211; Hat die neue Kamera einen eigenen RAM?","datePublished":"2019-09-19T15:42:40+00:00","dateModified":"2025-02-06T06:58:20+00:00","mainEntityOfPage":{"@id":"https:\/\/www.apfelpatient.de\/rumors\/iphone-11-pro-hat-die-neue-kamera-einen-eigenen-ram"},"wordCount":283,"publisher":{"@type":"Organization","@id":"https:\/\/www.apfelpatient.de\/en\/#organization","name":"Apfelpatient","url":"https:\/\/www.apfelpatient.de\/en\/"},"image":{"@id":"https:\/\/www.apfelpatient.de\/rumors\/iphone-11-pro-hat-die-neue-kamera-einen-eigenen-ram#primaryimage"},"thumbnailUrl":"https:\/\/www.apfelpatient.de\/wp-content\/uploads\/2019\/09\/bigstock-Ai-Artificial-Intelligence-C-290181298.jpg","keywords":["iPhone 11 Pro","iPhone 11 Pro Max"],"articleSection":"Rumors","inLanguage":"en-US","copyrightYear":"2019","copyrightHolder":{"@id":"https:\/\/www.apfelpatient.de\/en\/#organization"}},{"@type":"WebPage","@id":"https:\/\/www.apfelpatient.de\/rumors\/iphone-11-pro-hat-die-neue-kamera-einen-eigenen-ram","url":"https:\/\/www.apfelpatient.de\/rumors\/iphone-11-pro-hat-die-neue-kamera-einen-eigenen-ram","name":"iPhone 11 Pro - Does the new camera have its own RAM?","isPartOf":{"@id":"https:\/\/www.apfelpatient.de\/#website"},"primaryImageOfPage":{"@id":"https:\/\/www.apfelpatient.de\/rumors\/iphone-11-pro-hat-die-neue-kamera-einen-eigenen-ram#primaryimage"},"image":{"@id":"https:\/\/www.apfelpatient.de\/rumors\/iphone-11-pro-hat-die-neue-kamera-einen-eigenen-ram#primaryimage"},"thumbnailUrl":"https:\/\/www.apfelpatient.de\/wp-content\/uploads\/2019\/09\/bigstock-Ai-Artificial-Intelligence-C-290181298.jpg","datePublished":"2019-09-19T15:42:40+00:00","dateModified":"2025-02-06T06:58:20+00:00","description":"Rumors that the new iPhone 11 Pro series will have around 6 GB of RAM show no signs of abating.","breadcrumb":{"@id":"https:\/\/www.apfelpatient.de\/rumors\/iphone-11-pro-hat-die-neue-kamera-einen-eigenen-ram#breadcrumb"},"inLanguage":"en-US","potentialAction":[{"@type":"ReadAction","target":["https:\/\/www.apfelpatient.de\/rumors\/iphone-11-pro-hat-die-neue-kamera-einen-eigenen-ram"]}]},{"@type":"ImageObject","inLanguage":"en-US","@id":"https:\/\/www.apfelpatient.de\/rumors\/iphone-11-pro-hat-die-neue-kamera-einen-eigenen-ram#primaryimage","url":"https:\/\/www.apfelpatient.de\/wp-content\/uploads\/2019\/09\/bigstock-Ai-Artificial-Intelligence-C-290181298.jpg","contentUrl":"https:\/\/www.apfelpatient.de\/wp-content\/uploads\/2019\/09\/bigstock-Ai-Artificial-Intelligence-C-290181298.jpg","width":1600,"height":1067,"caption":"AI - artificial intelligence concept. Machine learning. Central Computer Processors on the circuit board with luminous tracks. Encoded data. Computer chip over circuit background, 3D illustration"},{"@type":"BreadcrumbList","@id":"https:\/\/www.apfelpatient.de\/rumors\/iphone-11-pro-hat-die-neue-kamera-einen-eigenen-ram#breadcrumb","itemListElement":[{"@type":"ListItem","position":1,"name":"Startseite","item":"https:\/\/www.apfelpatient.de\/"},{"@type":"ListItem","position":2,"name":"iPhone 11 Pro &#8211; Hat die neue Kamera einen eigenen RAM?"}]},{"@type":"WebSite","@id":"https:\/\/www.apfelpatient.de\/#website","url":"https:\/\/www.apfelpatient.de\/","name":"apple patient","description":"Everything about Apple!","publisher":{"@type":"Organization","@id":"https:\/\/www.apfelpatient.de\/en\/#organization","name":"Apfelpatient","url":"https:\/\/www.apfelpatient.de\/en\/"},"alternateName":"Apfelpatient","potentialAction":[{"@type":"SearchAction","target":{"@type":"EntryPoint","urlTemplate":"https:\/\/www.apfelpatient.de\/?s={search_term_string}"},"query-input":{"@type":"PropertyValueSpecification","valueRequired":true,"valueName":"search_term_string"}}],"inLanguage":"en-US"},{"@type":["Person","Organization"],"@id":"https:\/\/www.apfelpatient.de\/#\/schema\/person\/7dc56ad6c8e9824b76d2c08d4c140e13","name":"Milan","logo":{"@id":"https:\/\/www.apfelpatient.de\/#\/schema\/person\/image\/"},"description":"Hello and welcome to my technology blog! As a big Apple fan, I report on everything to do with Apple: from the latest news and exciting rumors to helpful tips and tricks and detailed product tests. If you are as enthusiastic about technology as I am, you have come to the right place!","sameAs":["https:\/\/www.facebook.com\/apfelpatientOfficial","https:\/\/www.linkedin.com\/in\/milan-jovicic-42aa0231b"],"url":"https:\/\/www.apfelpatient.de\/en\/author\/apfeladmin"}]}},"_links":{"self":[{"href":"https:\/\/www.apfelpatient.de\/en\/wp-json\/wp\/v2\/posts\/6116","targetHints":{"allow":["GET"]}}],"collection":[{"href":"https:\/\/www.apfelpatient.de\/en\/wp-json\/wp\/v2\/posts"}],"about":[{"href":"https:\/\/www.apfelpatient.de\/en\/wp-json\/wp\/v2\/types\/post"}],"author":[{"embeddable":true,"href":"https:\/\/www.apfelpatient.de\/en\/wp-json\/wp\/v2\/users\/2"}],"replies":[{"embeddable":true,"href":"https:\/\/www.apfelpatient.de\/en\/wp-json\/wp\/v2\/comments?post=6116"}],"version-history":[{"count":0,"href":"https:\/\/www.apfelpatient.de\/en\/wp-json\/wp\/v2\/posts\/6116\/revisions"}],"wp:featuredmedia":[{"embeddable":true,"href":"https:\/\/www.apfelpatient.de\/en\/wp-json\/wp\/v2\/media\/6118"}],"wp:attachment":[{"href":"https:\/\/www.apfelpatient.de\/en\/wp-json\/wp\/v2\/media?parent=6116"}],"wp:term":[{"taxonomy":"category","embeddable":true,"href":"https:\/\/www.apfelpatient.de\/en\/wp-json\/wp\/v2\/categories?post=6116"},{"taxonomy":"post_tag","embeddable":true,"href":"https:\/\/www.apfelpatient.de\/en\/wp-json\/wp\/v2\/tags?post=6116"}],"curies":[{"name":"wp","href":"https:\/\/api.w.org\/{rel}","templated":true}]}}