{"id":6107,"date":"2019-09-18T21:07:37","date_gmt":"2019-09-18T19:07:37","guid":{"rendered":"https:\/\/www.apfelpatient.de\/?p=6107"},"modified":"2025-02-06T07:58:12","modified_gmt":"2025-02-06T06:58:12","slug":"ipad-pro-new-details-about-the-camera-surfaced","status":"publish","type":"post","link":"https:\/\/www.apfelpatient.de\/en\/rumors\/ipad-pro-neue-details-zur-kamera-aufgetaucht","title":{"rendered":"iPad Pro \u2013 New details about the camera have emerged"},"content":{"rendered":"<p class=\"p2\"><strong>When will Apple introduce the new iPad Pro generation? This question is currently being answered differently by several sources. Apple usually introduces new iPad Pro and Mac models in October - but some believe that this time there will be a new deviation.<\/strong><\/p>\n<p class=\"p2\">While some continue to believe that Apple will unveil the new iPad Pro this October, other sources believe that it will be presented in spring 2020. There is an important difference. The October camp claims to have learned that Apple will equip the new iPad Pro with a triple camera, while the spring 2020 camp still insists on using a 3D camera. Just yesterday, a picture surfaced showing an unfinished <a href=\"https:\/\/www.apfelpatient.de\/en\">prototypes of the new iPad Pro model<\/a> - according to the information, the device is due to be released in October. Now a new report has surfaced that says the professional tablet will be presented in spring 2020 - and it will be equipped with a 3D camera. According to the report, the Korean website The Elec writes that the new iPad Pro with a 3D camera - based on time-of-flight technology - will be released in spring 2020 - the sensor for this will be supplied by LG Electronics - according to the paper.<\/p>\n<p class=\"p2\"><strong>A confusing guessing game<\/strong><\/p>\n<p class=\"p2\">At the beginning of the year, Bloomberg journalist Mark Gurman also claimed that Apple was planning to introduce an iPad Pro with a 3D camera in spring 2020 - he recently corrected his statement and wrote that the new iPad Pro series will be updated by the end of 2019. Gurman usually has excellent sources and can convince with a high hit rate. The Japanese blog Macotakara also believes in an October presentation, as does Apple leaker Sonny Dickson - both claim to have learned that the new model will be released with a triple camera, known from the iPhone 11 Pro. A pretty confusing game, isn&#039;t it? Let&#039;s put the icing on the cake - after all, star analyst Ming-Chi Kuo has already commented on the topic. The well-known TFI Securities analyst naturally also claims to have learned details about the upcoming professional tablet. According to his current information, Apple will probably present a new iPad Pro in the fourth quarter of 2019 or the first quarter of 2020 - but this should have the Time-of-Flight technology.<\/p>\n<p class=\"p2\"><strong>3D camera in the iPhone 2020<\/strong><\/p>\n<p class=\"p2\">But what is true? After all, all sources so far have shown a solid hit rate - although Kuo&#039;s record is almost legendary. When the new tablet will actually be released and what camera technology it will have remains a matter of pure speculation at this point.<\/p>\n<p class=\"p1\"><\/p>\n<p class=\"p2\">The Elec of course did not fail to mention the iPhone 2020 in its latest report. The website also confirms an already known rumor that the iPhone 2020 will also have a 3D camera based on the Time-of-Flight technology. It remains to be seen whether The Elec will be right \u2013 most recently they were able to confirm a rumor about the size of the <a href=\"https:\/\/www.apfelpatient.de\/en\">iPhone 11 battery<\/a> show off \u2013 perhaps they will be right once again. <em>(Image: AdrianHancu \/ iStock by Getty Images)<\/em><\/p>\n<h5><em><strong>You don&#039;t want to miss any more news? Then subscribe to our <a href=\"https:\/\/t.me\/apfelpatient_official\">Telegram channel<\/a><\/strong><\/em><\/h5>","protected":false},"excerpt":{"rendered":"<p>Wann wird Apple die neue iPad Pro Generation vorstellen? Diese Frage wird aktuell von mehreren Quellen unterschiedlich beantwortet. In der Regel stellt Apple neue iPad Pro sowie Mac Modelle im Oktober vor &#8211; doch manche glauben dieses Mal an eine neue Abweichung. W\u00e4hrend einige weiterhin der Meinung sind, dass Apple das neue iPad Pro diesen [&hellip;]<\/p>\n","protected":false},"author":2,"featured_media":6103,"comment_status":"closed","ping_status":"open","sticky":false,"template":"","format":"standard","meta":{"jnews-multi-image_gallery":[],"jnews_single_post":[],"jnews_primary_category":[],"footnotes":""},"categories":[25],"tags":[18,184,307],"class_list":["post-6107","post","type-post","status-publish","format-standard","has-post-thumbnail","hentry","category-rumors","tag-ipad","tag-ipad-pro-2019","tag-ipad-pro-2020"],"yoast_head":"<!-- This site is optimized with the Yoast SEO Premium plugin v27.5 (Yoast SEO v27.5) - https:\/\/yoast.com\/product\/yoast-seo-premium-wordpress\/ -->\n<title>iPad Pro - Neue Details zur Kamera aufgetaucht<\/title>\n<meta name=\"description\" content=\"Wann wird Apple die neue iPad Pro Generation vorstellen? Diese Frage wird aktuell von mehreren Quellen unterschiedlich beantwortet.\" \/>\n<meta name=\"robots\" content=\"index, follow, max-snippet:-1, max-image-preview:large, max-video-preview:-1\" \/>\n<link rel=\"canonical\" href=\"https:\/\/www.apfelpatient.de\/en\/rumors\/ipad-pro-new-details-about-the-camera-surfaced\" \/>\n<meta property=\"og:locale\" content=\"en_US\" \/>\n<meta property=\"og:type\" content=\"article\" \/>\n<meta property=\"og:title\" content=\"iPad Pro - Neue Details zur Kamera aufgetaucht\" \/>\n<meta property=\"og:description\" content=\"Wann wird Apple die neue iPad Pro Generation vorstellen? Diese Frage wird aktuell von mehreren Quellen unterschiedlich beantwortet.\" \/>\n<meta property=\"og:url\" content=\"https:\/\/www.apfelpatient.de\/en\/rumors\/ipad-pro-new-details-about-the-camera-surfaced\" \/>\n<meta property=\"og:site_name\" content=\"Apfelpatient\" \/>\n<meta property=\"article:publisher\" content=\"https:\/\/www.facebook.com\/apfelpatientOfficial\" \/>\n<meta property=\"article:author\" content=\"https:\/\/www.facebook.com\/apfelpatientOfficial\" \/>\n<meta property=\"article:published_time\" content=\"2019-09-18T19:07:37+00:00\" \/>\n<meta property=\"article:modified_time\" content=\"2025-02-06T06:58:12+00:00\" \/>\n<meta property=\"og:image\" content=\"https:\/\/www.apfelpatient.de\/wp-content\/uploads\/2019\/09\/iStock-1154419726.jpg\" \/>\n\t<meta property=\"og:image:width\" content=\"1254\" \/>\n\t<meta property=\"og:image:height\" content=\"836\" \/>\n\t<meta property=\"og:image:type\" content=\"image\/jpeg\" \/>\n<meta name=\"author\" content=\"Milan\" \/>\n<meta name=\"twitter:card\" content=\"summary_large_image\" \/>\n<meta name=\"twitter:label1\" content=\"Written by\" \/>\n\t<meta name=\"twitter:data1\" content=\"Milan\" \/>\n\t<meta name=\"twitter:label2\" content=\"Est. reading time\" \/>\n\t<meta name=\"twitter:data2\" content=\"3 minutes\" \/>\n<script type=\"application\/ld+json\" class=\"yoast-schema-graph\">{\"@context\":\"https:\\\/\\\/schema.org\",\"@graph\":[{\"@type\":\"NewsArticle\",\"@id\":\"https:\\\/\\\/www.apfelpatient.de\\\/rumors\\\/ipad-pro-neue-details-zur-kamera-aufgetaucht#article\",\"isPartOf\":{\"@id\":\"https:\\\/\\\/www.apfelpatient.de\\\/rumors\\\/ipad-pro-neue-details-zur-kamera-aufgetaucht\"},\"author\":{\"@type\":\"Organization\",\"@id\":\"https:\\\/\\\/www.apfelpatient.de\\\/en\\\/#organization\",\"name\":\"Apfelpatient\",\"url\":\"https:\\\/\\\/www.apfelpatient.de\\\/en\\\/\"},\"headline\":\"iPad Pro &#8211; Neue Details zur Kamera aufgetaucht\",\"datePublished\":\"2019-09-18T19:07:37+00:00\",\"dateModified\":\"2025-02-06T06:58:12+00:00\",\"mainEntityOfPage\":{\"@id\":\"https:\\\/\\\/www.apfelpatient.de\\\/rumors\\\/ipad-pro-neue-details-zur-kamera-aufgetaucht\"},\"wordCount\":518,\"publisher\":{\"@type\":\"Organization\",\"@id\":\"https:\\\/\\\/www.apfelpatient.de\\\/en\\\/#organization\",\"name\":\"Apfelpatient\",\"url\":\"https:\\\/\\\/www.apfelpatient.de\\\/en\\\/\"},\"image\":{\"@id\":\"https:\\\/\\\/www.apfelpatient.de\\\/rumors\\\/ipad-pro-neue-details-zur-kamera-aufgetaucht#primaryimage\"},\"thumbnailUrl\":\"https:\\\/\\\/www.apfelpatient.de\\\/wp-content\\\/uploads\\\/2019\\\/09\\\/iStock-1154419726.jpg\",\"keywords\":[\"iPad\",\"iPad Pro 2019\",\"iPad Pro 2020\"],\"articleSection\":\"Rumors\",\"inLanguage\":\"en-US\",\"copyrightYear\":\"2019\",\"copyrightHolder\":{\"@id\":\"https:\\\/\\\/www.apfelpatient.de\\\/en\\\/#organization\"}},{\"@type\":\"WebPage\",\"@id\":\"https:\\\/\\\/www.apfelpatient.de\\\/rumors\\\/ipad-pro-neue-details-zur-kamera-aufgetaucht\",\"url\":\"https:\\\/\\\/www.apfelpatient.de\\\/rumors\\\/ipad-pro-neue-details-zur-kamera-aufgetaucht\",\"name\":\"iPad Pro - Neue Details zur Kamera aufgetaucht\",\"isPartOf\":{\"@id\":\"https:\\\/\\\/www.apfelpatient.de\\\/#website\"},\"primaryImageOfPage\":{\"@id\":\"https:\\\/\\\/www.apfelpatient.de\\\/rumors\\\/ipad-pro-neue-details-zur-kamera-aufgetaucht#primaryimage\"},\"image\":{\"@id\":\"https:\\\/\\\/www.apfelpatient.de\\\/rumors\\\/ipad-pro-neue-details-zur-kamera-aufgetaucht#primaryimage\"},\"thumbnailUrl\":\"https:\\\/\\\/www.apfelpatient.de\\\/wp-content\\\/uploads\\\/2019\\\/09\\\/iStock-1154419726.jpg\",\"datePublished\":\"2019-09-18T19:07:37+00:00\",\"dateModified\":\"2025-02-06T06:58:12+00:00\",\"description\":\"Wann wird Apple die neue iPad Pro Generation vorstellen? Diese Frage wird aktuell von mehreren Quellen unterschiedlich beantwortet.\",\"breadcrumb\":{\"@id\":\"https:\\\/\\\/www.apfelpatient.de\\\/rumors\\\/ipad-pro-neue-details-zur-kamera-aufgetaucht#breadcrumb\"},\"inLanguage\":\"en-US\",\"potentialAction\":[{\"@type\":\"ReadAction\",\"target\":[\"https:\\\/\\\/www.apfelpatient.de\\\/rumors\\\/ipad-pro-neue-details-zur-kamera-aufgetaucht\"]}]},{\"@type\":\"ImageObject\",\"inLanguage\":\"en-US\",\"@id\":\"https:\\\/\\\/www.apfelpatient.de\\\/rumors\\\/ipad-pro-neue-details-zur-kamera-aufgetaucht#primaryimage\",\"url\":\"https:\\\/\\\/www.apfelpatient.de\\\/wp-content\\\/uploads\\\/2019\\\/09\\\/iStock-1154419726.jpg\",\"contentUrl\":\"https:\\\/\\\/www.apfelpatient.de\\\/wp-content\\\/uploads\\\/2019\\\/09\\\/iStock-1154419726.jpg\",\"width\":1254,\"height\":836,\"caption\":\"Paris, France - Apr 15, 2019: Woman reading on iPad Pro Apple News Plus Nezavisimaya Gazeta digital newspaper featuring breaking neabout 16 governors list made by Vladimir Putin Russian President\"},{\"@type\":\"BreadcrumbList\",\"@id\":\"https:\\\/\\\/www.apfelpatient.de\\\/rumors\\\/ipad-pro-neue-details-zur-kamera-aufgetaucht#breadcrumb\",\"itemListElement\":[{\"@type\":\"ListItem\",\"position\":1,\"name\":\"Startseite\",\"item\":\"https:\\\/\\\/www.apfelpatient.de\\\/\"},{\"@type\":\"ListItem\",\"position\":2,\"name\":\"iPad Pro &#8211; Neue Details zur Kamera aufgetaucht\"}]},{\"@type\":\"WebSite\",\"@id\":\"https:\\\/\\\/www.apfelpatient.de\\\/#website\",\"url\":\"https:\\\/\\\/www.apfelpatient.de\\\/\",\"name\":\"Apfelpatient\",\"description\":\"Alles rund um Apple!\",\"publisher\":{\"@type\":\"Organization\",\"@id\":\"https:\\\/\\\/www.apfelpatient.de\\\/en\\\/#organization\",\"name\":\"Apfelpatient\",\"url\":\"https:\\\/\\\/www.apfelpatient.de\\\/en\\\/\"},\"alternateName\":\"Apfelpatient\",\"potentialAction\":[{\"@type\":\"SearchAction\",\"target\":{\"@type\":\"EntryPoint\",\"urlTemplate\":\"https:\\\/\\\/www.apfelpatient.de\\\/?s={search_term_string}\"},\"query-input\":{\"@type\":\"PropertyValueSpecification\",\"valueRequired\":true,\"valueName\":\"search_term_string\"}}],\"inLanguage\":\"en-US\"},{\"@type\":[\"Person\",\"Organization\"],\"@id\":\"https:\\\/\\\/www.apfelpatient.de\\\/#\\\/schema\\\/person\\\/7dc56ad6c8e9824b76d2c08d4c140e13\",\"name\":\"Milan\",\"logo\":{\"@id\":\"https:\\\/\\\/www.apfelpatient.de\\\/#\\\/schema\\\/person\\\/image\\\/\"},\"description\":\"Hallo und herzlich willkommen auf meinem Technik-Blog! Als gro\u00dfer Apple-Fan berichte ich hier \u00fcber alles, was mit Apple zu tun hat: von den neuesten News und spannenden Ger\u00fcchten \u00fcber hilfreiche Tipps und Tricks bis hin zu ausf\u00fchrlichen Produkttests. Wenn du genauso technikbegeistert bist wie ich, bist du hier genau richtig!\",\"sameAs\":[\"https:\\\/\\\/www.facebook.com\\\/apfelpatientOfficial\",\"https:\\\/\\\/www.linkedin.com\\\/in\\\/milan-jovicic-42aa0231b\"],\"url\":\"https:\\\/\\\/www.apfelpatient.de\\\/en\\\/author\\\/apfeladmin\"}]}<\/script>\n<!-- \/ Yoast SEO Premium plugin. -->","yoast_head_json":{"title":"iPad Pro - New details about the camera have emerged","description":"When will Apple introduce the new iPad Pro generation? This question is currently being answered differently by several sources.","robots":{"index":"index","follow":"follow","max-snippet":"max-snippet:-1","max-image-preview":"max-image-preview:large","max-video-preview":"max-video-preview:-1"},"canonical":"https:\/\/www.apfelpatient.de\/en\/rumors\/ipad-pro-new-details-about-the-camera-surfaced","og_locale":"en_US","og_type":"article","og_title":"iPad Pro - Neue Details zur Kamera aufgetaucht","og_description":"Wann wird Apple die neue iPad Pro Generation vorstellen? Diese Frage wird aktuell von mehreren Quellen unterschiedlich beantwortet.","og_url":"https:\/\/www.apfelpatient.de\/en\/rumors\/ipad-pro-new-details-about-the-camera-surfaced","og_site_name":"Apfelpatient","article_publisher":"https:\/\/www.facebook.com\/apfelpatientOfficial","article_author":"https:\/\/www.facebook.com\/apfelpatientOfficial","article_published_time":"2019-09-18T19:07:37+00:00","article_modified_time":"2025-02-06T06:58:12+00:00","og_image":[{"width":1254,"height":836,"url":"https:\/\/www.apfelpatient.de\/wp-content\/uploads\/2019\/09\/iStock-1154419726.jpg","type":"image\/jpeg"}],"author":"Milan","twitter_card":"summary_large_image","twitter_misc":{"Written by":"Milan","Est. reading time":"3 minutes"},"schema":{"@context":"https:\/\/schema.org","@graph":[{"@type":"NewsArticle","@id":"https:\/\/www.apfelpatient.de\/rumors\/ipad-pro-neue-details-zur-kamera-aufgetaucht#article","isPartOf":{"@id":"https:\/\/www.apfelpatient.de\/rumors\/ipad-pro-neue-details-zur-kamera-aufgetaucht"},"author":{"@type":"Organization","@id":"https:\/\/www.apfelpatient.de\/en\/#organization","name":"Apfelpatient","url":"https:\/\/www.apfelpatient.de\/en\/"},"headline":"iPad Pro &#8211; Neue Details zur Kamera aufgetaucht","datePublished":"2019-09-18T19:07:37+00:00","dateModified":"2025-02-06T06:58:12+00:00","mainEntityOfPage":{"@id":"https:\/\/www.apfelpatient.de\/rumors\/ipad-pro-neue-details-zur-kamera-aufgetaucht"},"wordCount":518,"publisher":{"@type":"Organization","@id":"https:\/\/www.apfelpatient.de\/en\/#organization","name":"Apfelpatient","url":"https:\/\/www.apfelpatient.de\/en\/"},"image":{"@id":"https:\/\/www.apfelpatient.de\/rumors\/ipad-pro-neue-details-zur-kamera-aufgetaucht#primaryimage"},"thumbnailUrl":"https:\/\/www.apfelpatient.de\/wp-content\/uploads\/2019\/09\/iStock-1154419726.jpg","keywords":["iPad","iPad Pro 2019","iPad Pro 2020"],"articleSection":"Rumors","inLanguage":"en-US","copyrightYear":"2019","copyrightHolder":{"@id":"https:\/\/www.apfelpatient.de\/en\/#organization"}},{"@type":"WebPage","@id":"https:\/\/www.apfelpatient.de\/rumors\/ipad-pro-neue-details-zur-kamera-aufgetaucht","url":"https:\/\/www.apfelpatient.de\/rumors\/ipad-pro-neue-details-zur-kamera-aufgetaucht","name":"iPad Pro - New details about the camera have emerged","isPartOf":{"@id":"https:\/\/www.apfelpatient.de\/#website"},"primaryImageOfPage":{"@id":"https:\/\/www.apfelpatient.de\/rumors\/ipad-pro-neue-details-zur-kamera-aufgetaucht#primaryimage"},"image":{"@id":"https:\/\/www.apfelpatient.de\/rumors\/ipad-pro-neue-details-zur-kamera-aufgetaucht#primaryimage"},"thumbnailUrl":"https:\/\/www.apfelpatient.de\/wp-content\/uploads\/2019\/09\/iStock-1154419726.jpg","datePublished":"2019-09-18T19:07:37+00:00","dateModified":"2025-02-06T06:58:12+00:00","description":"When will Apple introduce the new iPad Pro generation? This question is currently being answered differently by several sources.","breadcrumb":{"@id":"https:\/\/www.apfelpatient.de\/rumors\/ipad-pro-neue-details-zur-kamera-aufgetaucht#breadcrumb"},"inLanguage":"en-US","potentialAction":[{"@type":"ReadAction","target":["https:\/\/www.apfelpatient.de\/rumors\/ipad-pro-neue-details-zur-kamera-aufgetaucht"]}]},{"@type":"ImageObject","inLanguage":"en-US","@id":"https:\/\/www.apfelpatient.de\/rumors\/ipad-pro-neue-details-zur-kamera-aufgetaucht#primaryimage","url":"https:\/\/www.apfelpatient.de\/wp-content\/uploads\/2019\/09\/iStock-1154419726.jpg","contentUrl":"https:\/\/www.apfelpatient.de\/wp-content\/uploads\/2019\/09\/iStock-1154419726.jpg","width":1254,"height":836,"caption":"Paris, France - Apr 15, 2019: Woman reading on iPad Pro Apple News Plus Nezavisimaya Gazeta digital newspaper featuring breaking neabout 16 governors list made by Vladimir Putin Russian President"},{"@type":"BreadcrumbList","@id":"https:\/\/www.apfelpatient.de\/rumors\/ipad-pro-neue-details-zur-kamera-aufgetaucht#breadcrumb","itemListElement":[{"@type":"ListItem","position":1,"name":"Startseite","item":"https:\/\/www.apfelpatient.de\/"},{"@type":"ListItem","position":2,"name":"iPad Pro &#8211; Neue Details zur Kamera aufgetaucht"}]},{"@type":"WebSite","@id":"https:\/\/www.apfelpatient.de\/#website","url":"https:\/\/www.apfelpatient.de\/","name":"apple patient","description":"Everything about Apple!","publisher":{"@type":"Organization","@id":"https:\/\/www.apfelpatient.de\/en\/#organization","name":"Apfelpatient","url":"https:\/\/www.apfelpatient.de\/en\/"},"alternateName":"Apfelpatient","potentialAction":[{"@type":"SearchAction","target":{"@type":"EntryPoint","urlTemplate":"https:\/\/www.apfelpatient.de\/?s={search_term_string}"},"query-input":{"@type":"PropertyValueSpecification","valueRequired":true,"valueName":"search_term_string"}}],"inLanguage":"en-US"},{"@type":["Person","Organization"],"@id":"https:\/\/www.apfelpatient.de\/#\/schema\/person\/7dc56ad6c8e9824b76d2c08d4c140e13","name":"Milan","logo":{"@id":"https:\/\/www.apfelpatient.de\/#\/schema\/person\/image\/"},"description":"Hello and welcome to my technology blog! As a big Apple fan, I report on everything to do with Apple: from the latest news and exciting rumors to helpful tips and tricks and detailed product tests. If you are as enthusiastic about technology as I am, you have come to the right place!","sameAs":["https:\/\/www.facebook.com\/apfelpatientOfficial","https:\/\/www.linkedin.com\/in\/milan-jovicic-42aa0231b"],"url":"https:\/\/www.apfelpatient.de\/en\/author\/apfeladmin"}]}},"_links":{"self":[{"href":"https:\/\/www.apfelpatient.de\/en\/wp-json\/wp\/v2\/posts\/6107","targetHints":{"allow":["GET"]}}],"collection":[{"href":"https:\/\/www.apfelpatient.de\/en\/wp-json\/wp\/v2\/posts"}],"about":[{"href":"https:\/\/www.apfelpatient.de\/en\/wp-json\/wp\/v2\/types\/post"}],"author":[{"embeddable":true,"href":"https:\/\/www.apfelpatient.de\/en\/wp-json\/wp\/v2\/users\/2"}],"replies":[{"embeddable":true,"href":"https:\/\/www.apfelpatient.de\/en\/wp-json\/wp\/v2\/comments?post=6107"}],"version-history":[{"count":0,"href":"https:\/\/www.apfelpatient.de\/en\/wp-json\/wp\/v2\/posts\/6107\/revisions"}],"wp:featuredmedia":[{"embeddable":true,"href":"https:\/\/www.apfelpatient.de\/en\/wp-json\/wp\/v2\/media\/6103"}],"wp:attachment":[{"href":"https:\/\/www.apfelpatient.de\/en\/wp-json\/wp\/v2\/media?parent=6107"}],"wp:term":[{"taxonomy":"category","embeddable":true,"href":"https:\/\/www.apfelpatient.de\/en\/wp-json\/wp\/v2\/categories?post=6107"},{"taxonomy":"post_tag","embeddable":true,"href":"https:\/\/www.apfelpatient.de\/en\/wp-json\/wp\/v2\/tags?post=6107"}],"curies":[{"name":"wp","href":"https:\/\/api.w.org\/{rel}","templated":true}]}}