{"id":60275,"date":"2025-10-29T20:08:00","date_gmt":"2025-10-29T19:08:00","guid":{"rendered":"https:\/\/www.apfelpatient.de\/?p=60275"},"modified":"2025-10-29T20:10:08","modified_gmt":"2025-10-29T19:10:08","slug":"apples-iphone-fold-is-coming-in-2026-thats-the-perfect-moment","status":"publish","type":"post","link":"https:\/\/www.apfelpatient.de\/en\/news\/apples-iphone-fold-kommt-2026-das-ist-der-perfekte-moment","title":{"rendered":"Apple&#039;s iPhone Fold is coming in 2026 \u2013 that&#039;s the perfect moment."},"content":{"rendered":"<p class=\"has-drop-cap\"><strong>The iPhone Fold is no longer just a rumor. Increasing evidence suggests that Apple will unveil its first foldable iPhone in the fall of 2026. While other manufacturers have been gaining experience with this technology for years, Apple has waited \u2013 and that could prove to be an advantage. The market for foldable smartphones is currently experiencing a phase where technology, demand, and user interest are truly converging for the first time.<\/strong><\/p>\n\n\n\n<p>When Samsung unveiled its first foldable smartphone in 2019, the enthusiasm was huge \u2013 but it didn&#039;t last long. The devices were expensive, fragile, and technically underdeveloped. The idea was fascinating, but the implementation wasn&#039;t yet ready for mass production. Foldable smartphones remained a niche product for years.<\/p>\n\n\n\n<p class=\"translation-block\">That&#039;s changing now. New models are more robust, lighter, and better designed. The software adapts flexibly, the displays last significantly longer, and everyday usability has noticeably improved. According to an <a href=\"https:\/\/counterpointresearch.com\/en\/insights\/US-Foldable-Smartphone-Market-Poised-for-New-Phase-Apple-to-Reshape-2026-Landscape\" target=\"_blank\" rel=\"noreferrer noopener\" data-wpel-link=\"external\">analysis<\/a> by Counterpoint Research, 2025 could be the first real boom year for the market. Sales of foldable devices are expected to grow by around 68 percent this year, particularly in the US. This creates precisely the environment in which the iPhone Fold is set to debut.<\/p>\n\n\n\n<h4 class=\"wp-block-heading\" id=\"h-der-perfekte-zeitpunkt-fur-das-iphone-fold\">The perfect time for the iPhone Fold<\/h4>\n\n\n\n<p>Apple&#039;s entry into the market is late, but probably at just the right time. When the iPhone Fold is released in 2026, seven years will have passed since Samsung&#039;s first Galaxy Fold. While that might sound like a race to catch up, Apple is following its tried-and-tested strategy: preferring to wait until a technology is truly mature rather than releasing half-baked products.<\/p>\n\n\n\n<p>The company has successfully used this tactic several times before \u2013 for example with the iPod, the iPad, and the Apple Watch. Apple was never the first, but often the one that made a product category suitable for the masses. The iPhone Fold is likely to be no different.<\/p>\n\n\n\n<p>The current market offers the ideal opportunity. After years of testing and refinement, the technology has advanced to the point where foldable smartphones no longer require any technical compromises. Hinges last longer, displays are more durable, and the software makes efficient use of screen space. Manufacturers like Samsung, Motorola, and Google have experimented extensively \u2013 and largely eliminated the devices&#039; biggest teething problems.<\/p>\n\n\n\n<h4 class=\"wp-block-heading\" id=\"h-die-neue-dynamik-im-markt-fur-faltbare-smartphones\">The new dynamics in the foldable smartphone market<\/h4>\n\n\n\n<p>According to Liz Lee, deputy director at Counterpoint Research, the market is on the verge of a decisive turning point. Her analysis states:<\/p>\n\n\n\n<blockquote class=\"wp-block-quote is-layout-flow wp-block-quote-is-layout-flow\">\n<p>The US market for foldable smartphones is evolving from a novelty to a necessity.<\/p>\n<\/blockquote>\n\n\n\n<p>Samsung will remain the market leader, but the competition is catching up \u2013 especially Motorola with its clamshell design and Google with its AI approach. With Apple&#039;s market entry in 2026, the market will broaden considerably, and foldable devices will firmly establish themselves in the premium segment.<\/p>\n\n\n\n<p>This assessment aligns with recent market trends. Samsung is reporting strong sales figures for the Galaxy Z Fold 7 and emphasizes that the seventh generation &quot;offers an experience unlike any other device.&quot; This demonstrates how much the technology has improved in recent years. Consumers who were previously skeptical are now showing significantly more interest.<\/p>\n\n\n\n<p>This puts Apple in a favorable position. While other manufacturers have already paved the way, Apple can build on a mature foundation. When the iPhone Fold launches in 2026, it will reach an audience already familiar with the concept of foldable smartphones \u2013 but waiting for Apple&#039;s signature implementation.<\/p>\n\n\n\n<h4 class=\"wp-block-heading\" id=\"h-apple-als-moglicher-wendepunkt\">Apple as a possible turning point<\/h4>\n\n\n\n<p>The announcement of the iPhone Fold is likely to shake up the entire market. Apple has the ability to pick up on existing trends and bring them into the mainstream. Once the foldable iPhone is unveiled, it will probably serve as a benchmark for design, software integration, and everyday usability.<\/p>\n\n\n\n<p>Apple&#039;s entry into the market could also force manufacturers like Samsung and Google to innovate in order to maintain their position in the premium segment. At the same time, competition is expected to drive down the prices of foldable smartphones in the long run. This could make the devices attractive to a broader range of buyers \u2013 another factor that supports Apple&#039;s late but astute timing.<\/p>\n\n\n\n<h3 class=\"wp-block-heading\" id=\"h-apples-perfektes-timing-fur-das-iphone-fold\">Apple&#039;s perfect timing for the iPhone Fold<\/h3>\n\n\n\n<p>The iPhone Fold is late to the party, but it&#039;s arrived at the right time. After years in which foldable smartphones were more of a technological gimmick, the market has now stabilized. The devices are robust, suitable for everyday use, and technically mature.<\/p>\n\n\n\n<p>When Apple launches the iPhone Fold in fall 2026, the company will enter an environment ripe for the next step. The market is growing, the technology is compelling, and demand is rising. It looks like Apple is entering the market just when foldable smartphones are no longer just a novelty\u2014but a genuine alternative to traditional models. The timing couldn&#039;t be better. (Image: Shutterstock \/ tinhkhuong)<\/p>\n\n\n\n<ul class=\"wp-block-list\">\n<li><a href=\"https:\/\/www.apfelpatient.de\/en\/news\/apple-is-now-part-of-the-game-awards-advisory-board\">Apple is now part of the Game Awards advisory board.<\/a><\/li>\n\n\n\n<li><a href=\"https:\/\/www.apfelpatient.de\/en\/news\/nvidia-achieves-a-5-trillion-record-in-the-tech-world\">Nvidia reaches $5 trillion \u2013 a record in the tech world<\/a><\/li>\n\n\n\n<li><a href=\"https:\/\/www.apfelpatient.de\/en\/news\/bank-of-america-raises-price-target-for-apple-to-320\">Bank of America raises price target for Apple to $320<\/a><\/li>\n\n\n\n<li><a href=\"https:\/\/www.apfelpatient.de\/en\/news\/apple-will-spend-more-money-on-lobbying-in-brussels-in-2025\">Apple will spend more money on lobbying in Brussels in 2025.<\/a><\/li>\n\n\n\n<li><a href=\"https:\/\/www.apfelpatient.de\/en\/news\/apple-presents-ai-dataset-for-improved-image-editing\">Apple presents AI dataset for improved image processing<\/a><\/li>\n\n\n\n<li><a href=\"https:\/\/www.apfelpatient.de\/en\/news\/apple-makes-serious-allegations-against-former-engineer-and-oppo\">Apple makes serious allegations against former engineer and Oppo<\/a><\/li>\n\n\n\n<li><a href=\"https:\/\/www.apfelpatient.de\/en\/news\/apple-releases-ios-26-1-rc-final-version-is-ready\">Apple releases iOS 26.1 RC \u2013 final version is ready<\/a><\/li>\n\n\n\n<li><a href=\"https:\/\/www.apfelpatient.de\/en\/news\/iphone-air-battery-test-a-whole-day-despite-small-battery\">iPhone Air battery test: A whole day despite small battery<\/a><\/li>\n\n\n\n<li><a href=\"https:\/\/www.apfelpatient.de\/en\/news\/apple-continues-to-grow-iphone-boom-pushes-market-value-to-4-trillion\">Apple continues to grow: iPhone boom drives market value to 4 trillion<\/a><\/li>\n\n\n\n<li><a href=\"https:\/\/www.apfelpatient.de\/en\/news\/apples-service-revenue-expected-to-reach-100-billion-for-the-first-time\">Apple&#039;s service revenue is expected to reach $100 billion for the first time<\/a><\/li>\n\n\n\n<li><a href=\"https:\/\/www.apfelpatient.de\/en\/news\/threads-introduces-ghost-posts-posts-that-disappear\">Threads introduces ghost posts \u2013 posts that disappear<\/a><\/li>\n\n\n\n<li><a href=\"https:\/\/www.apfelpatient.de\/en\/news\/whatsapp-introduces-new-storage-management-for-individual-chats\">WhatsApp introduces new storage management for individual chats<\/a><\/li>\n\n\n\n<li><a href=\"https:\/\/www.apfelpatient.de\/en\/news\/eu-criticizes-meta-and-tiktok-for-lack-of-child-protection\">EU criticizes Meta and TikTok for lack of child protection<\/a><\/li>\n\n\n\n<li><a href=\"https:\/\/www.apfelpatient.de\/en\/news\/apple-remains-strong-j-p-morgan-now-sees-price-target-at-290\">Apple remains strong: JP Morgan now sees price target at $290<\/a><\/li>\n\n\n\n<li><a href=\"https:\/\/www.apfelpatient.de\/en\/news\/apple-held-an-exclusive-vision-pro-event-for-developers\">Apple held an exclusive Vision Pro event for developers<\/a><\/li>\n\n\n\n<li><a href=\"https:\/\/www.apfelpatient.de\/en\/news\/swift-sdk-android-support-marks-turning-point-for-apple\">Swift SDK: Android support marks a turning point for Apple<\/a><\/li>\n\n\n\n<li><a href=\"https:\/\/www.apfelpatient.de\/en\/news\/apple-significantly-expands-airpods-production-in-india\">Apple significantly expands AirPods production in India<\/a><\/li>\n\n\n\n<li><a href=\"https:\/\/www.apfelpatient.de\/en\/news\/ios-26-1-introduces-stable-photo-backups-for-third-party-apps\">iOS 26.1 introduces stable photo backups for third-party apps<\/a><\/li>\n\n\n\n<li><a href=\"https:\/\/www.apfelpatient.de\/en\/news\/apple-in-leak-lawsuit-fanboy-seeks-out-of-court-solution\">Apple in leak trial: Fanboy seeks out-of-court solution<\/a><\/li>\n\n\n\n<li><a href=\"https:\/\/www.apfelpatient.de\/en\/news\/m5-macbook-pro-in-teardown-performance-top-repair-flop\">M5 MacBook Pro teardown: top performance, repair flop<\/a><\/li>\n\n\n\n<li><a href=\"https:\/\/www.apfelpatient.de\/en\/news\/apple-surprises-with-strong-growth-in-mac-sales\">Apple surprises with strong growth in Mac sales<\/a><\/li>\n\n\n\n<li><a href=\"https:\/\/www.apfelpatient.de\/en\/news\/apple-accelerates-us-production-for-its-own-ai-servers\">Apple accelerates US production for its own AI servers<\/a><\/li>\n\n\n\n<li><a href=\"https:\/\/www.apfelpatient.de\/en\/news\/vimeo-expands-3d-support-for-apple-vision-pro\">Vimeo expands 3D support for Apple Vision Pro<\/a><\/li>\n\n\n\n<li><a href=\"https:\/\/www.apfelpatient.de\/en\/news\/apple-withdraws-app-tracking-protection-due-to-eu-pressure\">Is Apple withdrawing app tracking protection due to EU pressure?<\/a><\/li>\n\n\n\n<li><a href=\"https:\/\/www.apfelpatient.de\/en\/news\/future-iphone-could-get-greater-nfc-range\">Future iPhone could have greater NFC range<\/a><\/li>\n<\/ul>\n\n\n\n<h6 class=\"wp-block-heading translation-block\" id=\"h-kennt-ihr-schon-unsere-amazon-storefront-dort-findet-ihr-eine-handverlesene-auswahl-von-diversen-produkten-f-r-euer-iphone-und-co-viel-spa-beim-st-bern\"><em>Have you already visited our Amazon Storefront? There you&#039;ll find a hand-picked selection of various products for your iPhone and other devices \u2013 <span class=\"has-inline-color has-vivid-red-color\"><a href=\"https:\/\/www.amazon.de\/shop\/apfelpatientofficial\" class=\"ek-link\" data-wpel-link=\"exclude\" rel=\"follow noopener\" target=\"_self\"><span style=\"text-decoration: underline\" class=\"ek-underline\">enjoy browsing<\/span><\/a> !<\/span><\/em><\/h6>\n\n\n\n<h6 class=\"wp-block-heading translation-block\" id=\"h-der-beitrag-enthalt-partnerlinks\">This post contains <a data-type=\"URL\" data-id=\"https:\/\/www.apfelpatient.de\/partnerprogramm\" href=\"https:\/\/www.apfelpatient.de\/en\/partner-program\" data-wpel-link=\"internal\" target=\"_self\">affiliate links<\/a>.<\/h6>","protected":false},"excerpt":{"rendered":"<p>The iPhone Fold is coming in 2026 \u2013 Apple&#039;s foldable iPhone is launching at just the right moment and could completely change the market.<\/p>","protected":false},"author":2,"featured_media":60270,"comment_status":"closed","ping_status":"open","sticky":false,"template":"","format":"standard","meta":{"jnews-multi-image_gallery":[],"jnews_single_post":{"format":"standard","override":[{"template":"2","parallax":"1","fullscreen":"1","layout":"right-sidebar","sidebar":"default-sidebar","second_sidebar":"default-sidebar","sticky_sidebar":"1","share_position":"top","share_float_style":"share-monocrhome","show_featured":"1","show_post_meta":"1","show_post_author":"1","show_post_author_image":"1","show_post_date":"1","post_date_format":"default","post_date_format_custom":"Y\/m\/d","show_post_reading_time":"0","post_reading_time_wpm":"300","post_calculate_word_method":"str_word_count","show_zoom_button":"0","zoom_button_out_step":"2","zoom_button_in_step":"3","show_post_tag":"1","show_prev_next_post":"1","show_popup_post":"1","number_popup_post":"1","show_author_box":"0","show_post_related":"0","show_inline_post_related":"0"}],"image_override":[{"single_post_thumbnail_size":"crop-500","single_post_gallery_size":"crop-500"}],"trending_post_position":"meta","trending_post_label":"Trending","sponsored_post_label":"Sponsored by","disable_ad":"0"},"jnews_primary_category":{"id":"9"},"footnotes":""},"categories":[9],"tags":[8,825,824],"class_list":["post-60275","post","type-post","status-publish","format-standard","has-post-thumbnail","hentry","category-news","tag-iphone","tag-iphone-18","tag-iphone-2026"],"yoast_head":"<!-- This site is optimized with the Yoast SEO Premium plugin v27.5 (Yoast SEO v27.5) - https:\/\/yoast.com\/product\/yoast-seo-premium-wordpress\/ -->\n<title>Apples iPhone Fold kommt 2026 - das ist der perfekte Moment Apfelpatient<\/title>\n<meta name=\"description\" content=\"Das iPhone Fold kommt 2026 \u2013 Apples faltbares iPhone startet genau im richtigen Moment und k\u00f6nnte den Markt komplett ver\u00e4ndern.\" \/>\n<meta name=\"robots\" content=\"index, follow, max-snippet:-1, max-image-preview:large, max-video-preview:-1\" \/>\n<link rel=\"canonical\" href=\"https:\/\/www.apfelpatient.de\/en\/news\/apples-iphone-fold-is-coming-in-2026-thats-the-perfect-moment\" \/>\n<meta property=\"og:locale\" content=\"en_US\" \/>\n<meta property=\"og:type\" content=\"article\" \/>\n<meta property=\"og:title\" content=\"Apples iPhone Fold kommt 2026 - das ist der perfekte Moment\" \/>\n<meta property=\"og:description\" content=\"Das iPhone Fold kommt 2026 \u2013 Apples faltbares iPhone startet genau im richtigen Moment und k\u00f6nnte den Markt komplett ver\u00e4ndern.\" \/>\n<meta property=\"og:url\" content=\"https:\/\/www.apfelpatient.de\/en\/news\/apples-iphone-fold-is-coming-in-2026-thats-the-perfect-moment\" \/>\n<meta property=\"og:site_name\" content=\"Apfelpatient\" \/>\n<meta property=\"article:publisher\" content=\"https:\/\/www.facebook.com\/apfelpatientOfficial\" \/>\n<meta property=\"article:author\" content=\"https:\/\/www.facebook.com\/apfelpatientOfficial\" \/>\n<meta property=\"article:published_time\" content=\"2025-10-29T19:08:00+00:00\" \/>\n<meta property=\"article:modified_time\" content=\"2025-10-29T19:10:08+00:00\" \/>\n<meta property=\"og:image\" content=\"https:\/\/www.apfelpatient.de\/wp-content\/uploads\/2025\/10\/shutterstock_2662335491.jpg\" \/>\n\t<meta property=\"og:image:width\" content=\"1600\" \/>\n\t<meta property=\"og:image:height\" content=\"1067\" \/>\n\t<meta property=\"og:image:type\" content=\"image\/jpeg\" \/>\n<meta name=\"author\" content=\"Milan\" \/>\n<meta name=\"twitter:card\" content=\"summary_large_image\" \/>\n<meta name=\"twitter:description\" content=\"Das iPhone Fold kommt 2026 \u2013 Apples faltbares iPhone startet genau im richtigen Moment und k\u00f6nnte den Markt komplett ver\u00e4ndern.\" \/>\n<meta name=\"twitter:label1\" content=\"Written by\" \/>\n\t<meta name=\"twitter:data1\" content=\"Milan\" \/>\n\t<meta name=\"twitter:label2\" content=\"Est. reading time\" \/>\n\t<meta name=\"twitter:data2\" content=\"6 minutes\" \/>\n<script type=\"application\/ld+json\" class=\"yoast-schema-graph\">{\"@context\":\"https:\\\/\\\/schema.org\",\"@graph\":[{\"@type\":\"NewsArticle\",\"@id\":\"https:\\\/\\\/www.apfelpatient.de\\\/news\\\/apples-iphone-fold-kommt-2026-das-ist-der-perfekte-moment#article\",\"isPartOf\":{\"@id\":\"https:\\\/\\\/www.apfelpatient.de\\\/news\\\/apples-iphone-fold-kommt-2026-das-ist-der-perfekte-moment\"},\"author\":{\"@type\":\"Organization\",\"@id\":\"https:\\\/\\\/www.apfelpatient.de\\\/en\\\/#organization\",\"name\":\"Apfelpatient\",\"url\":\"https:\\\/\\\/www.apfelpatient.de\\\/en\\\/\"},\"headline\":\"Apples iPhone Fold kommt 2026 &#8211; das ist der perfekte Moment\",\"datePublished\":\"2025-10-29T19:08:00+00:00\",\"dateModified\":\"2025-10-29T19:10:08+00:00\",\"mainEntityOfPage\":{\"@id\":\"https:\\\/\\\/www.apfelpatient.de\\\/news\\\/apples-iphone-fold-kommt-2026-das-ist-der-perfekte-moment\"},\"wordCount\":1035,\"publisher\":{\"@type\":\"Organization\",\"@id\":\"https:\\\/\\\/www.apfelpatient.de\\\/en\\\/#organization\",\"name\":\"Apfelpatient\",\"url\":\"https:\\\/\\\/www.apfelpatient.de\\\/en\\\/\"},\"image\":{\"@id\":\"https:\\\/\\\/www.apfelpatient.de\\\/news\\\/apples-iphone-fold-kommt-2026-das-ist-der-perfekte-moment#primaryimage\"},\"thumbnailUrl\":\"https:\\\/\\\/www.apfelpatient.de\\\/wp-content\\\/uploads\\\/2025\\\/10\\\/shutterstock_2662335491.jpg\",\"keywords\":[\"iPhone\",\"iPhone 18\",\"iPhone 2026\"],\"articleSection\":\"News\",\"inLanguage\":\"en-US\",\"copyrightYear\":\"2025\",\"copyrightHolder\":{\"@id\":\"https:\\\/\\\/www.apfelpatient.de\\\/en\\\/#organization\"}},{\"@type\":\"WebPage\",\"@id\":\"https:\\\/\\\/www.apfelpatient.de\\\/news\\\/apples-iphone-fold-kommt-2026-das-ist-der-perfekte-moment\",\"url\":\"https:\\\/\\\/www.apfelpatient.de\\\/news\\\/apples-iphone-fold-kommt-2026-das-ist-der-perfekte-moment\",\"name\":\"Apples iPhone Fold kommt 2026 - das ist der perfekte Moment Apfelpatient\",\"isPartOf\":{\"@id\":\"https:\\\/\\\/www.apfelpatient.de\\\/#website\"},\"primaryImageOfPage\":{\"@id\":\"https:\\\/\\\/www.apfelpatient.de\\\/news\\\/apples-iphone-fold-kommt-2026-das-ist-der-perfekte-moment#primaryimage\"},\"image\":{\"@id\":\"https:\\\/\\\/www.apfelpatient.de\\\/news\\\/apples-iphone-fold-kommt-2026-das-ist-der-perfekte-moment#primaryimage\"},\"thumbnailUrl\":\"https:\\\/\\\/www.apfelpatient.de\\\/wp-content\\\/uploads\\\/2025\\\/10\\\/shutterstock_2662335491.jpg\",\"datePublished\":\"2025-10-29T19:08:00+00:00\",\"dateModified\":\"2025-10-29T19:10:08+00:00\",\"description\":\"Das iPhone Fold kommt 2026 \u2013 Apples faltbares iPhone startet genau im richtigen Moment und k\u00f6nnte den Markt komplett ver\u00e4ndern.\",\"breadcrumb\":{\"@id\":\"https:\\\/\\\/www.apfelpatient.de\\\/news\\\/apples-iphone-fold-kommt-2026-das-ist-der-perfekte-moment#breadcrumb\"},\"inLanguage\":\"en-US\",\"potentialAction\":[{\"@type\":\"ReadAction\",\"target\":[\"https:\\\/\\\/www.apfelpatient.de\\\/news\\\/apples-iphone-fold-kommt-2026-das-ist-der-perfekte-moment\"]}]},{\"@type\":\"ImageObject\",\"inLanguage\":\"en-US\",\"@id\":\"https:\\\/\\\/www.apfelpatient.de\\\/news\\\/apples-iphone-fold-kommt-2026-das-ist-der-perfekte-moment#primaryimage\",\"url\":\"https:\\\/\\\/www.apfelpatient.de\\\/wp-content\\\/uploads\\\/2025\\\/10\\\/shutterstock_2662335491.jpg\",\"contentUrl\":\"https:\\\/\\\/www.apfelpatient.de\\\/wp-content\\\/uploads\\\/2025\\\/10\\\/shutterstock_2662335491.jpg\",\"width\":1600,\"height\":1067,\"caption\":\"Bild: Shutterstock \\\/ tinhkhuong\"},{\"@type\":\"BreadcrumbList\",\"@id\":\"https:\\\/\\\/www.apfelpatient.de\\\/news\\\/apples-iphone-fold-kommt-2026-das-ist-der-perfekte-moment#breadcrumb\",\"itemListElement\":[{\"@type\":\"ListItem\",\"position\":1,\"name\":\"Startseite\",\"item\":\"https:\\\/\\\/www.apfelpatient.de\\\/\"},{\"@type\":\"ListItem\",\"position\":2,\"name\":\"Apples iPhone Fold kommt 2026 &#8211; das ist der perfekte Moment\"}]},{\"@type\":\"WebSite\",\"@id\":\"https:\\\/\\\/www.apfelpatient.de\\\/#website\",\"url\":\"https:\\\/\\\/www.apfelpatient.de\\\/\",\"name\":\"Apfelpatient\",\"description\":\"Alles rund um Apple!\",\"publisher\":{\"@type\":\"Organization\",\"@id\":\"https:\\\/\\\/www.apfelpatient.de\\\/en\\\/#organization\",\"name\":\"Apfelpatient\",\"url\":\"https:\\\/\\\/www.apfelpatient.de\\\/en\\\/\"},\"alternateName\":\"Apfelpatient\",\"potentialAction\":[{\"@type\":\"SearchAction\",\"target\":{\"@type\":\"EntryPoint\",\"urlTemplate\":\"https:\\\/\\\/www.apfelpatient.de\\\/?s={search_term_string}\"},\"query-input\":{\"@type\":\"PropertyValueSpecification\",\"valueRequired\":true,\"valueName\":\"search_term_string\"}}],\"inLanguage\":\"en-US\"},{\"@type\":[\"Person\",\"Organization\"],\"@id\":\"https:\\\/\\\/www.apfelpatient.de\\\/#\\\/schema\\\/person\\\/7dc56ad6c8e9824b76d2c08d4c140e13\",\"name\":\"Milan\",\"logo\":{\"@id\":\"https:\\\/\\\/www.apfelpatient.de\\\/#\\\/schema\\\/person\\\/image\\\/\"},\"description\":\"Hallo und herzlich willkommen auf meinem Technik-Blog! Als gro\u00dfer Apple-Fan berichte ich hier \u00fcber alles, was mit Apple zu tun hat: von den neuesten News und spannenden Ger\u00fcchten \u00fcber hilfreiche Tipps und Tricks bis hin zu ausf\u00fchrlichen Produkttests. Wenn du genauso technikbegeistert bist wie ich, bist du hier genau richtig!\",\"sameAs\":[\"https:\\\/\\\/www.facebook.com\\\/apfelpatientOfficial\",\"https:\\\/\\\/www.linkedin.com\\\/in\\\/milan-jovicic-42aa0231b\"],\"url\":\"https:\\\/\\\/www.apfelpatient.de\\\/en\\\/author\\\/apfeladmin\"}]}<\/script>\n<!-- \/ Yoast SEO Premium plugin. -->","yoast_head_json":{"title":"Apple&#039;s iPhone Fold is coming in 2026 - this is the perfect moment Apfelpatient","description":"The iPhone Fold is coming in 2026 \u2013 Apple&#039;s foldable iPhone is launching at just the right moment and could completely change the market.","robots":{"index":"index","follow":"follow","max-snippet":"max-snippet:-1","max-image-preview":"max-image-preview:large","max-video-preview":"max-video-preview:-1"},"canonical":"https:\/\/www.apfelpatient.de\/en\/news\/apples-iphone-fold-is-coming-in-2026-thats-the-perfect-moment","og_locale":"en_US","og_type":"article","og_title":"Apples iPhone Fold kommt 2026 - das ist der perfekte Moment","og_description":"Das iPhone Fold kommt 2026 \u2013 Apples faltbares iPhone startet genau im richtigen Moment und k\u00f6nnte den Markt komplett ver\u00e4ndern.","og_url":"https:\/\/www.apfelpatient.de\/en\/news\/apples-iphone-fold-is-coming-in-2026-thats-the-perfect-moment","og_site_name":"Apfelpatient","article_publisher":"https:\/\/www.facebook.com\/apfelpatientOfficial","article_author":"https:\/\/www.facebook.com\/apfelpatientOfficial","article_published_time":"2025-10-29T19:08:00+00:00","article_modified_time":"2025-10-29T19:10:08+00:00","og_image":[{"width":1600,"height":1067,"url":"https:\/\/www.apfelpatient.de\/wp-content\/uploads\/2025\/10\/shutterstock_2662335491.jpg","type":"image\/jpeg"}],"author":"Milan","twitter_card":"summary_large_image","twitter_description":"Das iPhone Fold kommt 2026 \u2013 Apples faltbares iPhone startet genau im richtigen Moment und k\u00f6nnte den Markt komplett ver\u00e4ndern.","twitter_misc":{"Written by":"Milan","Est. reading time":"6 minutes"},"schema":{"@context":"https:\/\/schema.org","@graph":[{"@type":"NewsArticle","@id":"https:\/\/www.apfelpatient.de\/news\/apples-iphone-fold-kommt-2026-das-ist-der-perfekte-moment#article","isPartOf":{"@id":"https:\/\/www.apfelpatient.de\/news\/apples-iphone-fold-kommt-2026-das-ist-der-perfekte-moment"},"author":{"@type":"Organization","@id":"https:\/\/www.apfelpatient.de\/en\/#organization","name":"Apfelpatient","url":"https:\/\/www.apfelpatient.de\/en\/"},"headline":"Apples iPhone Fold kommt 2026 &#8211; das ist der perfekte Moment","datePublished":"2025-10-29T19:08:00+00:00","dateModified":"2025-10-29T19:10:08+00:00","mainEntityOfPage":{"@id":"https:\/\/www.apfelpatient.de\/news\/apples-iphone-fold-kommt-2026-das-ist-der-perfekte-moment"},"wordCount":1035,"publisher":{"@type":"Organization","@id":"https:\/\/www.apfelpatient.de\/en\/#organization","name":"Apfelpatient","url":"https:\/\/www.apfelpatient.de\/en\/"},"image":{"@id":"https:\/\/www.apfelpatient.de\/news\/apples-iphone-fold-kommt-2026-das-ist-der-perfekte-moment#primaryimage"},"thumbnailUrl":"https:\/\/www.apfelpatient.de\/wp-content\/uploads\/2025\/10\/shutterstock_2662335491.jpg","keywords":["iPhone","iPhone 18","iPhone 2026"],"articleSection":"News","inLanguage":"en-US","copyrightYear":"2025","copyrightHolder":{"@id":"https:\/\/www.apfelpatient.de\/en\/#organization"}},{"@type":"WebPage","@id":"https:\/\/www.apfelpatient.de\/news\/apples-iphone-fold-kommt-2026-das-ist-der-perfekte-moment","url":"https:\/\/www.apfelpatient.de\/news\/apples-iphone-fold-kommt-2026-das-ist-der-perfekte-moment","name":"Apple&#039;s iPhone Fold is coming in 2026 - this is the perfect moment Apfelpatient","isPartOf":{"@id":"https:\/\/www.apfelpatient.de\/#website"},"primaryImageOfPage":{"@id":"https:\/\/www.apfelpatient.de\/news\/apples-iphone-fold-kommt-2026-das-ist-der-perfekte-moment#primaryimage"},"image":{"@id":"https:\/\/www.apfelpatient.de\/news\/apples-iphone-fold-kommt-2026-das-ist-der-perfekte-moment#primaryimage"},"thumbnailUrl":"https:\/\/www.apfelpatient.de\/wp-content\/uploads\/2025\/10\/shutterstock_2662335491.jpg","datePublished":"2025-10-29T19:08:00+00:00","dateModified":"2025-10-29T19:10:08+00:00","description":"The iPhone Fold is coming in 2026 \u2013 Apple&#039;s foldable iPhone is launching at just the right moment and could completely change the market.","breadcrumb":{"@id":"https:\/\/www.apfelpatient.de\/news\/apples-iphone-fold-kommt-2026-das-ist-der-perfekte-moment#breadcrumb"},"inLanguage":"en-US","potentialAction":[{"@type":"ReadAction","target":["https:\/\/www.apfelpatient.de\/news\/apples-iphone-fold-kommt-2026-das-ist-der-perfekte-moment"]}]},{"@type":"ImageObject","inLanguage":"en-US","@id":"https:\/\/www.apfelpatient.de\/news\/apples-iphone-fold-kommt-2026-das-ist-der-perfekte-moment#primaryimage","url":"https:\/\/www.apfelpatient.de\/wp-content\/uploads\/2025\/10\/shutterstock_2662335491.jpg","contentUrl":"https:\/\/www.apfelpatient.de\/wp-content\/uploads\/2025\/10\/shutterstock_2662335491.jpg","width":1600,"height":1067,"caption":"Bild: Shutterstock \/ tinhkhuong"},{"@type":"BreadcrumbList","@id":"https:\/\/www.apfelpatient.de\/news\/apples-iphone-fold-kommt-2026-das-ist-der-perfekte-moment#breadcrumb","itemListElement":[{"@type":"ListItem","position":1,"name":"Startseite","item":"https:\/\/www.apfelpatient.de\/"},{"@type":"ListItem","position":2,"name":"Apples iPhone Fold kommt 2026 &#8211; das ist der perfekte Moment"}]},{"@type":"WebSite","@id":"https:\/\/www.apfelpatient.de\/#website","url":"https:\/\/www.apfelpatient.de\/","name":"apple patient","description":"Everything about Apple!","publisher":{"@type":"Organization","@id":"https:\/\/www.apfelpatient.de\/en\/#organization","name":"Apfelpatient","url":"https:\/\/www.apfelpatient.de\/en\/"},"alternateName":"Apfelpatient","potentialAction":[{"@type":"SearchAction","target":{"@type":"EntryPoint","urlTemplate":"https:\/\/www.apfelpatient.de\/?s={search_term_string}"},"query-input":{"@type":"PropertyValueSpecification","valueRequired":true,"valueName":"search_term_string"}}],"inLanguage":"en-US"},{"@type":["Person","Organization"],"@id":"https:\/\/www.apfelpatient.de\/#\/schema\/person\/7dc56ad6c8e9824b76d2c08d4c140e13","name":"Milan","logo":{"@id":"https:\/\/www.apfelpatient.de\/#\/schema\/person\/image\/"},"description":"Hello and welcome to my technology blog! As a big Apple fan, I report on everything to do with Apple: from the latest news and exciting rumors to helpful tips and tricks and detailed product tests. If you are as enthusiastic about technology as I am, you have come to the right place!","sameAs":["https:\/\/www.facebook.com\/apfelpatientOfficial","https:\/\/www.linkedin.com\/in\/milan-jovicic-42aa0231b"],"url":"https:\/\/www.apfelpatient.de\/en\/author\/apfeladmin"}]}},"_links":{"self":[{"href":"https:\/\/www.apfelpatient.de\/en\/wp-json\/wp\/v2\/posts\/60275","targetHints":{"allow":["GET"]}}],"collection":[{"href":"https:\/\/www.apfelpatient.de\/en\/wp-json\/wp\/v2\/posts"}],"about":[{"href":"https:\/\/www.apfelpatient.de\/en\/wp-json\/wp\/v2\/types\/post"}],"author":[{"embeddable":true,"href":"https:\/\/www.apfelpatient.de\/en\/wp-json\/wp\/v2\/users\/2"}],"replies":[{"embeddable":true,"href":"https:\/\/www.apfelpatient.de\/en\/wp-json\/wp\/v2\/comments?post=60275"}],"version-history":[{"count":0,"href":"https:\/\/www.apfelpatient.de\/en\/wp-json\/wp\/v2\/posts\/60275\/revisions"}],"wp:featuredmedia":[{"embeddable":true,"href":"https:\/\/www.apfelpatient.de\/en\/wp-json\/wp\/v2\/media\/60270"}],"wp:attachment":[{"href":"https:\/\/www.apfelpatient.de\/en\/wp-json\/wp\/v2\/media?parent=60275"}],"wp:term":[{"taxonomy":"category","embeddable":true,"href":"https:\/\/www.apfelpatient.de\/en\/wp-json\/wp\/v2\/categories?post=60275"},{"taxonomy":"post_tag","embeddable":true,"href":"https:\/\/www.apfelpatient.de\/en\/wp-json\/wp\/v2\/tags?post=60275"}],"curies":[{"name":"wp","href":"https:\/\/api.w.org\/{rel}","templated":true}]}}