{"id":60142,"date":"2025-10-26T15:59:53","date_gmt":"2025-10-26T14:59:53","guid":{"rendered":"https:\/\/www.apfelpatient.de\/?p=60142"},"modified":"2025-10-26T16:00:56","modified_gmt":"2025-10-26T15:00:56","slug":"apple-held-an-exclusive-vision-pro-event-for-developers","status":"publish","type":"post","link":"https:\/\/www.apfelpatient.de\/en\/news\/apple-hielt-exklusives-vision-pro-event-fuer-entwickler-ab","title":{"rendered":"Apple held an exclusive Vision Pro event for developers"},"content":{"rendered":"<p class=\"has-drop-cap\"><strong>Apple hosted a two-day event for developers in the week of the new M5 Vision Pro&#039;s launch. The meeting at the Apple Developer Center in Cupertino was themed &quot;Meet with Apple&quot; and focused on developing immersive media and interactive apps for visionOS 26. This event further underscores Apple&#039;s commitment to pushing the boundaries of spatial computing with the Vision Pro and its new operating system, and to involving developers early on in this process.<\/strong><\/p>\n\n\n\n<p>With the M5 Vision Pro, Apple officially launches the next generation of immersive technologies. The headset combines advanced hardware with a new operating system designed for spatial interactions and lifelike media experiences. To optimally prepare developers for this platform, a special program was held in Cupertino that provided practical insights into the fundamentals and creative possibilities of visionOS 26. In several sessions, participants learned how immersive content is created, the necessary production processes, and the new tools Apple provides for this purpose.<\/p>\n\n\n\n<h4 class=\"wp-block-heading\" id=\"h-tag-eins-geschichten-erzahlen-mit-visionos-26\">Day one: Telling stories with visionOS 26<\/h4>\n\n\n\n<p>The first day of the event focused on how visionOS 26 can be used to create immersive and interactive stories. Apple demonstrated in a livestream how ideas can be translated into formats for Apple Immersive Video. This included demonstrating how spatial narrative structures and interactive elements can further engage an audience in an experience. Examples from previous productions were also shown, illustrating how visual depth and spatial movement can be used to add emotional impact to content.<\/p>\n\n\n\n<p>A key part of the first day revolved around features like SharePlay and spatial personas. These technologies are designed to connect users more closely, even when they are in different environments. SharePlay enables shared experiences within visionOS, while spatial personas allow the representation of realistic avatars. This allows ideas, presentations, or creative projects to be shared and experienced directly in an immersive environment.<\/p>\n\n\n\n<h4 class=\"wp-block-heading\" id=\"h-tag-zwei-immersive-medienproduktion-im-fokus\">Day two: Immersive media production in focus<\/h4>\n\n\n\n<p>The second day was entirely dedicated to Apple Immersive Video and Apple Spatial Audio. Developers learned how to design new production workflows to create content specifically for Vision Pro. Various production stages were presented \u2013 from planning and shooting to post-production. Apple used past immersive productions to demonstrate how image and sound work seamlessly together to create the most realistic spatial experience possible.<\/p>\n\n\n\n<p>A key point was the demonstration of Apple Spatial Audio. This technology creates the impression that sounds are actually coming from the surrounding environment, rather than simply from headphones or speakers. Combined with Apple Immersive Video, this creates an audiovisual experience that completely immerses the audience in the virtual environment.<\/p>\n\n\n\n<h4 class=\"wp-block-heading\" id=\"h-aufzeichnungen-und-inhalte-online-verfugbar\">Recordings and content available online<\/h4>\n\n\n\n<p class=\"translation-block\">Apple ensured that developers who couldn&#039;t attend in person in Cupertino would still have access to all the information. The full recordings from <a href=\"https:\/\/www.youtube.com\/live\/leGqoF8HJxU\" target=\"_blank\" rel=\"noreferrer noopener\" data-wpel-link=\"external\">day one<\/a> and <a href=\"https:\/\/www.youtube.com\/live\/4V_7-1bm4Rk\" target=\"_blank\" rel=\"noreferrer noopener\" data-wpel-link=\"external\">day two<\/a> are available on the official Apple Developer YouTube channel. This allows developers to view all the content retrospectively and develop their own projects based on the technologies presented.<\/p>\n\n\n\n<h4 class=\"wp-block-heading\" id=\"h-m5-vision-pro-marktstart-und-bedeutung\">M5 Vision Pro: Market launch and significance<\/h4>\n\n\n\n<p>The M5 Vision Pro was officially announced on October 15 and has been available in stores since October 22. The headset combines high-resolution displays, precise sensing, and innovative control technologies to enable a new kind of digital interaction. With the Vision Pro, Apple aims to make spatial computing accessible for everyday applications, creative processes, and media production.<\/p>\n\n\n\n<h3 class=\"wp-block-heading\" id=\"h-apple-setzt-mit-vision-pro-neue-massstabe-fur-immersive-medien\">Apple sets new standards for immersive media with Vision Pro<\/h3>\n\n\n\n<p>At the two-day &quot;Meet with Apple&quot; event, Apple showed developers how to fully utilize the capabilities of the M5 Vision Pro and visionOS 26. The focus was on practical insights, creative workflows, and real-life use cases from immersive media production. At the same time, Apple made it clear that immersion, interactivity, and spatial presence will play a central role in its ecosystem in the future. The M5 Vision Pro thus marks not just the launch of a new product, but the beginning of a new development phase for the entire Apple universe. (Image: Apple)<\/p>\n\n\n\n<ul class=\"wp-block-list\">\n<li><a href=\"https:\/\/www.apfelpatient.de\/en\/news\/swift-sdk-android-support-marks-turning-point-for-apple\">Swift SDK: Android support marks a turning point for Apple<\/a><\/li>\n\n\n\n<li><a href=\"https:\/\/www.apfelpatient.de\/en\/news\/apple-significantly-expands-airpods-production-in-india\">Apple significantly expands AirPods production in India<\/a><\/li>\n\n\n\n<li><a href=\"https:\/\/www.apfelpatient.de\/en\/news\/ios-26-1-introduces-stable-photo-backups-for-third-party-apps\">iOS 26.1 introduces stable photo backups for third-party apps<\/a><\/li>\n\n\n\n<li><a href=\"https:\/\/www.apfelpatient.de\/en\/news\/apple-in-leak-lawsuit-fanboy-seeks-out-of-court-solution\">Apple in leak trial: Fanboy seeks out-of-court solution<\/a><\/li>\n\n\n\n<li><a href=\"https:\/\/www.apfelpatient.de\/en\/news\/m5-macbook-pro-in-teardown-performance-top-repair-flop\">M5 MacBook Pro teardown: top performance, repair flop<\/a><\/li>\n\n\n\n<li><a href=\"https:\/\/www.apfelpatient.de\/en\/news\/apple-surprises-with-strong-growth-in-mac-sales\">Apple surprises with strong growth in Mac sales<\/a><\/li>\n\n\n\n<li><a href=\"https:\/\/www.apfelpatient.de\/en\/news\/apple-accelerates-us-production-for-its-own-ai-servers\">Apple accelerates US production for its own AI servers<\/a><\/li>\n\n\n\n<li><a href=\"https:\/\/www.apfelpatient.de\/en\/news\/vimeo-expands-3d-support-for-apple-vision-pro\">Vimeo expands 3D support for Apple Vision Pro<\/a><\/li>\n\n\n\n<li><a href=\"https:\/\/www.apfelpatient.de\/en\/news\/apple-withdraws-app-tracking-protection-due-to-eu-pressure\">Is Apple withdrawing app tracking protection due to EU pressure?<\/a><\/li>\n\n\n\n<li><a href=\"https:\/\/www.apfelpatient.de\/en\/news\/future-iphone-could-get-greater-nfc-range\">Future iPhone could have greater NFC range<\/a><\/li>\n\n\n\n<li><a href=\"https:\/\/www.apfelpatient.de\/en\/news\/iphone-air-production-drops-dramatically-after-sales-slump\">iPhone Air: Production drops drastically after sales slump<\/a><\/li>\n\n\n\n<li><a href=\"https:\/\/www.apfelpatient.de\/en\/news\/apple-stock-in-focus-wells-fargo-raises-target-to-290\">Apple stock in focus: Wells Fargo raises target to $290<\/a><\/li>\n\n\n\n<li><a href=\"https:\/\/www.apfelpatient.de\/en\/news\/apple-vision-pro-not-eligible-for-trade-in-according-to-apple\">Apple Vision Pro not eligible for trade-in, according to Apple<\/a><\/li>\n\n\n\n<li><a href=\"https:\/\/www.apfelpatient.de\/en\/news\/apple-is-working-on-a-tool-for-app-data-migration-to-android\">Apple is working on a tool for app data migration to Android<\/a><\/li>\n\n\n\n<li><a href=\"https:\/\/www.apfelpatient.de\/en\/news\/iphone-air-weakens-apple-relies-on-other-models\">iPhone Air weakens \u2013 Apple relies on other models<\/a><\/li>\n<\/ul>\n\n\n\n<h6 class=\"wp-block-heading translation-block\" id=\"h-kennt-ihr-schon-unsere-amazon-storefront-dort-findet-ihr-eine-handverlesene-auswahl-von-diversen-produkten-f-r-euer-iphone-und-co-viel-spa-beim-st-bern\"><em>Have you already visited our Amazon Storefront? There you&#039;ll find a hand-picked selection of various products for your iPhone and other devices \u2013 <span class=\"has-inline-color has-vivid-red-color\"><a href=\"https:\/\/www.amazon.de\/shop\/apfelpatientofficial\" class=\"ek-link\" data-wpel-link=\"exclude\" rel=\"follow noopener\" target=\"_self\"><span style=\"text-decoration: underline\" class=\"ek-underline\">enjoy browsing<\/span><\/a> !<\/span><\/em><\/h6>\n\n\n\n<h6 class=\"wp-block-heading translation-block\" id=\"h-der-beitrag-enthalt-partnerlinks\">This post contains <a data-type=\"URL\" data-id=\"https:\/\/www.apfelpatient.de\/partnerprogramm\" href=\"https:\/\/www.apfelpatient.de\/en\/partner-program\" data-wpel-link=\"internal\" target=\"_self\">affiliate links<\/a>.<\/h6>","protected":false},"excerpt":{"rendered":"<p>Apple hosted a Vision Pro event for developers and showcased new tools, workflows, and insights into visionOS 26.<\/p>","protected":false},"author":2,"featured_media":60042,"comment_status":"closed","ping_status":"open","sticky":false,"template":"","format":"standard","meta":{"jnews-multi-image_gallery":[],"jnews_single_post":{"format":"standard","override":[{"template":"2","parallax":"1","fullscreen":"1","layout":"right-sidebar","sidebar":"default-sidebar","second_sidebar":"default-sidebar","sticky_sidebar":"1","share_position":"top","share_float_style":"share-monocrhome","show_featured":"1","show_post_meta":"1","show_post_author":"1","show_post_author_image":"1","show_post_date":"1","post_date_format":"default","post_date_format_custom":"Y\/m\/d","show_post_reading_time":"0","post_reading_time_wpm":"300","post_calculate_word_method":"str_word_count","show_zoom_button":"0","zoom_button_out_step":"2","zoom_button_in_step":"3","show_post_tag":"1","show_prev_next_post":"1","show_popup_post":"1","number_popup_post":"1","show_author_box":"0","show_post_related":"0","show_inline_post_related":"0"}],"image_override":[{"single_post_thumbnail_size":"crop-500","single_post_gallery_size":"crop-500"}],"trending_post_position":"meta","trending_post_label":"Trending","sponsored_post_label":"Sponsored by","disable_ad":"0"},"jnews_primary_category":{"id":"9"},"footnotes":""},"categories":[9],"tags":[843,609,137,844,1224],"class_list":["post-60142","post","type-post","status-publish","format-standard","has-post-thumbnail","hentry","category-news","tag-apple-vision-pro","tag-apple-vr-ar","tag-developer","tag-visionos","tag-visionos-26"],"yoast_head":"<!-- This site is optimized with the Yoast SEO Premium plugin v27.5 (Yoast SEO v27.5) - https:\/\/yoast.com\/product\/yoast-seo-premium-wordpress\/ -->\n<title>Apple hielt exklusives Vision Pro-Event f\u00fcr Entwickler ab Apfelpatient<\/title>\n<meta name=\"description\" content=\"Apple veranstaltete ein Vision Pro-Event f\u00fcr Entwickler und pr\u00e4sentierte neue Tools, Workflows und Einblicke in visionOS 26.\" \/>\n<meta name=\"robots\" content=\"index, follow, max-snippet:-1, max-image-preview:large, max-video-preview:-1\" \/>\n<link rel=\"canonical\" href=\"https:\/\/www.apfelpatient.de\/en\/news\/apple-held-an-exclusive-vision-pro-event-for-developers\" \/>\n<meta property=\"og:locale\" content=\"en_US\" \/>\n<meta property=\"og:type\" content=\"article\" \/>\n<meta property=\"og:title\" content=\"Apple hielt exklusives Vision Pro-Event f\u00fcr Entwickler ab\" \/>\n<meta property=\"og:description\" content=\"Apple veranstaltete ein Vision Pro-Event f\u00fcr Entwickler und pr\u00e4sentierte neue Tools, Workflows und Einblicke in visionOS 26.\" \/>\n<meta property=\"og:url\" content=\"https:\/\/www.apfelpatient.de\/en\/news\/apple-held-an-exclusive-vision-pro-event-for-developers\" \/>\n<meta property=\"og:site_name\" content=\"Apfelpatient\" \/>\n<meta property=\"article:publisher\" content=\"https:\/\/www.facebook.com\/apfelpatientOfficial\" \/>\n<meta property=\"article:author\" content=\"https:\/\/www.facebook.com\/apfelpatientOfficial\" \/>\n<meta property=\"article:published_time\" content=\"2025-10-26T14:59:53+00:00\" \/>\n<meta property=\"article:modified_time\" content=\"2025-10-26T15:00:56+00:00\" \/>\n<meta property=\"og:image\" content=\"https:\/\/www.apfelpatient.de\/wp-content\/uploads\/2025\/10\/Apple-Vision-Pro-demo.jpg\" \/>\n\t<meta property=\"og:image:width\" content=\"1600\" \/>\n\t<meta property=\"og:image:height\" content=\"1121\" \/>\n\t<meta property=\"og:image:type\" content=\"image\/jpeg\" \/>\n<meta name=\"author\" content=\"Milan\" \/>\n<meta name=\"twitter:card\" content=\"summary_large_image\" \/>\n<meta name=\"twitter:description\" content=\"Apple veranstaltete ein Vision Pro-Event f\u00fcr Entwickler und pr\u00e4sentierte neue Tools, Workflows und Einblicke in visionOS 26.\" \/>\n<meta name=\"twitter:label1\" content=\"Written by\" \/>\n\t<meta name=\"twitter:data1\" content=\"Milan\" \/>\n\t<meta name=\"twitter:label2\" content=\"Est. reading time\" \/>\n\t<meta name=\"twitter:data2\" content=\"5 minutes\" \/>\n<script type=\"application\/ld+json\" class=\"yoast-schema-graph\">{\"@context\":\"https:\\\/\\\/schema.org\",\"@graph\":[{\"@type\":\"NewsArticle\",\"@id\":\"https:\\\/\\\/www.apfelpatient.de\\\/news\\\/apple-hielt-exklusives-vision-pro-event-fuer-entwickler-ab#article\",\"isPartOf\":{\"@id\":\"https:\\\/\\\/www.apfelpatient.de\\\/news\\\/apple-hielt-exklusives-vision-pro-event-fuer-entwickler-ab\"},\"author\":{\"@type\":\"Organization\",\"@id\":\"https:\\\/\\\/www.apfelpatient.de\\\/en\\\/#organization\",\"name\":\"Apfelpatient\",\"url\":\"https:\\\/\\\/www.apfelpatient.de\\\/en\\\/\"},\"headline\":\"Apple hielt exklusives Vision Pro-Event f\u00fcr Entwickler ab\",\"datePublished\":\"2025-10-26T14:59:53+00:00\",\"dateModified\":\"2025-10-26T15:00:56+00:00\",\"mainEntityOfPage\":{\"@id\":\"https:\\\/\\\/www.apfelpatient.de\\\/news\\\/apple-hielt-exklusives-vision-pro-event-fuer-entwickler-ab\"},\"wordCount\":826,\"publisher\":{\"@type\":\"Organization\",\"@id\":\"https:\\\/\\\/www.apfelpatient.de\\\/en\\\/#organization\",\"name\":\"Apfelpatient\",\"url\":\"https:\\\/\\\/www.apfelpatient.de\\\/en\\\/\"},\"image\":{\"@id\":\"https:\\\/\\\/www.apfelpatient.de\\\/news\\\/apple-hielt-exklusives-vision-pro-event-fuer-entwickler-ab#primaryimage\"},\"thumbnailUrl\":\"https:\\\/\\\/www.apfelpatient.de\\\/wp-content\\\/uploads\\\/2025\\\/10\\\/Apple-Vision-Pro-demo.jpg\",\"keywords\":[\"Apple Vision Pro\",\"Apple VR\\\/AR\",\"Developer\",\"visionOS\",\"visionOS 26\"],\"articleSection\":\"News\",\"inLanguage\":\"en-US\",\"copyrightYear\":\"2025\",\"copyrightHolder\":{\"@id\":\"https:\\\/\\\/www.apfelpatient.de\\\/en\\\/#organization\"}},{\"@type\":\"WebPage\",\"@id\":\"https:\\\/\\\/www.apfelpatient.de\\\/news\\\/apple-hielt-exklusives-vision-pro-event-fuer-entwickler-ab\",\"url\":\"https:\\\/\\\/www.apfelpatient.de\\\/news\\\/apple-hielt-exklusives-vision-pro-event-fuer-entwickler-ab\",\"name\":\"Apple hielt exklusives Vision Pro-Event f\u00fcr Entwickler ab Apfelpatient\",\"isPartOf\":{\"@id\":\"https:\\\/\\\/www.apfelpatient.de\\\/#website\"},\"primaryImageOfPage\":{\"@id\":\"https:\\\/\\\/www.apfelpatient.de\\\/news\\\/apple-hielt-exklusives-vision-pro-event-fuer-entwickler-ab#primaryimage\"},\"image\":{\"@id\":\"https:\\\/\\\/www.apfelpatient.de\\\/news\\\/apple-hielt-exklusives-vision-pro-event-fuer-entwickler-ab#primaryimage\"},\"thumbnailUrl\":\"https:\\\/\\\/www.apfelpatient.de\\\/wp-content\\\/uploads\\\/2025\\\/10\\\/Apple-Vision-Pro-demo.jpg\",\"datePublished\":\"2025-10-26T14:59:53+00:00\",\"dateModified\":\"2025-10-26T15:00:56+00:00\",\"description\":\"Apple veranstaltete ein Vision Pro-Event f\u00fcr Entwickler und pr\u00e4sentierte neue Tools, Workflows und Einblicke in visionOS 26.\",\"breadcrumb\":{\"@id\":\"https:\\\/\\\/www.apfelpatient.de\\\/news\\\/apple-hielt-exklusives-vision-pro-event-fuer-entwickler-ab#breadcrumb\"},\"inLanguage\":\"en-US\",\"potentialAction\":[{\"@type\":\"ReadAction\",\"target\":[\"https:\\\/\\\/www.apfelpatient.de\\\/news\\\/apple-hielt-exklusives-vision-pro-event-fuer-entwickler-ab\"]}]},{\"@type\":\"ImageObject\",\"inLanguage\":\"en-US\",\"@id\":\"https:\\\/\\\/www.apfelpatient.de\\\/news\\\/apple-hielt-exklusives-vision-pro-event-fuer-entwickler-ab#primaryimage\",\"url\":\"https:\\\/\\\/www.apfelpatient.de\\\/wp-content\\\/uploads\\\/2025\\\/10\\\/Apple-Vision-Pro-demo.jpg\",\"contentUrl\":\"https:\\\/\\\/www.apfelpatient.de\\\/wp-content\\\/uploads\\\/2025\\\/10\\\/Apple-Vision-Pro-demo.jpg\",\"width\":1600,\"height\":1121,\"caption\":\"Bild: Apple\"},{\"@type\":\"BreadcrumbList\",\"@id\":\"https:\\\/\\\/www.apfelpatient.de\\\/news\\\/apple-hielt-exklusives-vision-pro-event-fuer-entwickler-ab#breadcrumb\",\"itemListElement\":[{\"@type\":\"ListItem\",\"position\":1,\"name\":\"Startseite\",\"item\":\"https:\\\/\\\/www.apfelpatient.de\\\/\"},{\"@type\":\"ListItem\",\"position\":2,\"name\":\"Apple hielt exklusives Vision Pro-Event f\u00fcr Entwickler ab\"}]},{\"@type\":\"WebSite\",\"@id\":\"https:\\\/\\\/www.apfelpatient.de\\\/#website\",\"url\":\"https:\\\/\\\/www.apfelpatient.de\\\/\",\"name\":\"Apfelpatient\",\"description\":\"Alles rund um Apple!\",\"publisher\":{\"@type\":\"Organization\",\"@id\":\"https:\\\/\\\/www.apfelpatient.de\\\/en\\\/#organization\",\"name\":\"Apfelpatient\",\"url\":\"https:\\\/\\\/www.apfelpatient.de\\\/en\\\/\"},\"alternateName\":\"Apfelpatient\",\"potentialAction\":[{\"@type\":\"SearchAction\",\"target\":{\"@type\":\"EntryPoint\",\"urlTemplate\":\"https:\\\/\\\/www.apfelpatient.de\\\/?s={search_term_string}\"},\"query-input\":{\"@type\":\"PropertyValueSpecification\",\"valueRequired\":true,\"valueName\":\"search_term_string\"}}],\"inLanguage\":\"en-US\"},{\"@type\":[\"Person\",\"Organization\"],\"@id\":\"https:\\\/\\\/www.apfelpatient.de\\\/#\\\/schema\\\/person\\\/7dc56ad6c8e9824b76d2c08d4c140e13\",\"name\":\"Milan\",\"logo\":{\"@id\":\"https:\\\/\\\/www.apfelpatient.de\\\/#\\\/schema\\\/person\\\/image\\\/\"},\"description\":\"Hallo und herzlich willkommen auf meinem Technik-Blog! Als gro\u00dfer Apple-Fan berichte ich hier \u00fcber alles, was mit Apple zu tun hat: von den neuesten News und spannenden Ger\u00fcchten \u00fcber hilfreiche Tipps und Tricks bis hin zu ausf\u00fchrlichen Produkttests. Wenn du genauso technikbegeistert bist wie ich, bist du hier genau richtig!\",\"sameAs\":[\"https:\\\/\\\/www.facebook.com\\\/apfelpatientOfficial\",\"https:\\\/\\\/www.linkedin.com\\\/in\\\/milan-jovicic-42aa0231b\"],\"url\":\"https:\\\/\\\/www.apfelpatient.de\\\/en\\\/author\\\/apfeladmin\"}]}<\/script>\n<!-- \/ Yoast SEO Premium plugin. -->","yoast_head_json":{"title":"Apple held exclusive Vision Pro event for developers","description":"Apple hosted a Vision Pro event for developers and showcased new tools, workflows, and insights into visionOS 26.","robots":{"index":"index","follow":"follow","max-snippet":"max-snippet:-1","max-image-preview":"max-image-preview:large","max-video-preview":"max-video-preview:-1"},"canonical":"https:\/\/www.apfelpatient.de\/en\/news\/apple-held-an-exclusive-vision-pro-event-for-developers","og_locale":"en_US","og_type":"article","og_title":"Apple hielt exklusives Vision Pro-Event f\u00fcr Entwickler ab","og_description":"Apple veranstaltete ein Vision Pro-Event f\u00fcr Entwickler und pr\u00e4sentierte neue Tools, Workflows und Einblicke in visionOS 26.","og_url":"https:\/\/www.apfelpatient.de\/en\/news\/apple-held-an-exclusive-vision-pro-event-for-developers","og_site_name":"Apfelpatient","article_publisher":"https:\/\/www.facebook.com\/apfelpatientOfficial","article_author":"https:\/\/www.facebook.com\/apfelpatientOfficial","article_published_time":"2025-10-26T14:59:53+00:00","article_modified_time":"2025-10-26T15:00:56+00:00","og_image":[{"width":1600,"height":1121,"url":"https:\/\/www.apfelpatient.de\/wp-content\/uploads\/2025\/10\/Apple-Vision-Pro-demo.jpg","type":"image\/jpeg"}],"author":"Milan","twitter_card":"summary_large_image","twitter_description":"Apple veranstaltete ein Vision Pro-Event f\u00fcr Entwickler und pr\u00e4sentierte neue Tools, Workflows und Einblicke in visionOS 26.","twitter_misc":{"Written by":"Milan","Est. reading time":"5 minutes"},"schema":{"@context":"https:\/\/schema.org","@graph":[{"@type":"NewsArticle","@id":"https:\/\/www.apfelpatient.de\/news\/apple-hielt-exklusives-vision-pro-event-fuer-entwickler-ab#article","isPartOf":{"@id":"https:\/\/www.apfelpatient.de\/news\/apple-hielt-exklusives-vision-pro-event-fuer-entwickler-ab"},"author":{"@type":"Organization","@id":"https:\/\/www.apfelpatient.de\/en\/#organization","name":"Apfelpatient","url":"https:\/\/www.apfelpatient.de\/en\/"},"headline":"Apple hielt exklusives Vision Pro-Event f\u00fcr Entwickler ab","datePublished":"2025-10-26T14:59:53+00:00","dateModified":"2025-10-26T15:00:56+00:00","mainEntityOfPage":{"@id":"https:\/\/www.apfelpatient.de\/news\/apple-hielt-exklusives-vision-pro-event-fuer-entwickler-ab"},"wordCount":826,"publisher":{"@type":"Organization","@id":"https:\/\/www.apfelpatient.de\/en\/#organization","name":"Apfelpatient","url":"https:\/\/www.apfelpatient.de\/en\/"},"image":{"@id":"https:\/\/www.apfelpatient.de\/news\/apple-hielt-exklusives-vision-pro-event-fuer-entwickler-ab#primaryimage"},"thumbnailUrl":"https:\/\/www.apfelpatient.de\/wp-content\/uploads\/2025\/10\/Apple-Vision-Pro-demo.jpg","keywords":["Apple Vision Pro","Apple VR\/AR","Developer","visionOS","visionOS 26"],"articleSection":"News","inLanguage":"en-US","copyrightYear":"2025","copyrightHolder":{"@id":"https:\/\/www.apfelpatient.de\/en\/#organization"}},{"@type":"WebPage","@id":"https:\/\/www.apfelpatient.de\/news\/apple-hielt-exklusives-vision-pro-event-fuer-entwickler-ab","url":"https:\/\/www.apfelpatient.de\/news\/apple-hielt-exklusives-vision-pro-event-fuer-entwickler-ab","name":"Apple held exclusive Vision Pro event for developers","isPartOf":{"@id":"https:\/\/www.apfelpatient.de\/#website"},"primaryImageOfPage":{"@id":"https:\/\/www.apfelpatient.de\/news\/apple-hielt-exklusives-vision-pro-event-fuer-entwickler-ab#primaryimage"},"image":{"@id":"https:\/\/www.apfelpatient.de\/news\/apple-hielt-exklusives-vision-pro-event-fuer-entwickler-ab#primaryimage"},"thumbnailUrl":"https:\/\/www.apfelpatient.de\/wp-content\/uploads\/2025\/10\/Apple-Vision-Pro-demo.jpg","datePublished":"2025-10-26T14:59:53+00:00","dateModified":"2025-10-26T15:00:56+00:00","description":"Apple hosted a Vision Pro event for developers and showcased new tools, workflows, and insights into visionOS 26.","breadcrumb":{"@id":"https:\/\/www.apfelpatient.de\/news\/apple-hielt-exklusives-vision-pro-event-fuer-entwickler-ab#breadcrumb"},"inLanguage":"en-US","potentialAction":[{"@type":"ReadAction","target":["https:\/\/www.apfelpatient.de\/news\/apple-hielt-exklusives-vision-pro-event-fuer-entwickler-ab"]}]},{"@type":"ImageObject","inLanguage":"en-US","@id":"https:\/\/www.apfelpatient.de\/news\/apple-hielt-exklusives-vision-pro-event-fuer-entwickler-ab#primaryimage","url":"https:\/\/www.apfelpatient.de\/wp-content\/uploads\/2025\/10\/Apple-Vision-Pro-demo.jpg","contentUrl":"https:\/\/www.apfelpatient.de\/wp-content\/uploads\/2025\/10\/Apple-Vision-Pro-demo.jpg","width":1600,"height":1121,"caption":"Bild: Apple"},{"@type":"BreadcrumbList","@id":"https:\/\/www.apfelpatient.de\/news\/apple-hielt-exklusives-vision-pro-event-fuer-entwickler-ab#breadcrumb","itemListElement":[{"@type":"ListItem","position":1,"name":"Startseite","item":"https:\/\/www.apfelpatient.de\/"},{"@type":"ListItem","position":2,"name":"Apple hielt exklusives Vision Pro-Event f\u00fcr Entwickler ab"}]},{"@type":"WebSite","@id":"https:\/\/www.apfelpatient.de\/#website","url":"https:\/\/www.apfelpatient.de\/","name":"apple patient","description":"Everything about Apple!","publisher":{"@type":"Organization","@id":"https:\/\/www.apfelpatient.de\/en\/#organization","name":"Apfelpatient","url":"https:\/\/www.apfelpatient.de\/en\/"},"alternateName":"Apfelpatient","potentialAction":[{"@type":"SearchAction","target":{"@type":"EntryPoint","urlTemplate":"https:\/\/www.apfelpatient.de\/?s={search_term_string}"},"query-input":{"@type":"PropertyValueSpecification","valueRequired":true,"valueName":"search_term_string"}}],"inLanguage":"en-US"},{"@type":["Person","Organization"],"@id":"https:\/\/www.apfelpatient.de\/#\/schema\/person\/7dc56ad6c8e9824b76d2c08d4c140e13","name":"Milan","logo":{"@id":"https:\/\/www.apfelpatient.de\/#\/schema\/person\/image\/"},"description":"Hello and welcome to my technology blog! As a big Apple fan, I report on everything to do with Apple: from the latest news and exciting rumors to helpful tips and tricks and detailed product tests. If you are as enthusiastic about technology as I am, you have come to the right place!","sameAs":["https:\/\/www.facebook.com\/apfelpatientOfficial","https:\/\/www.linkedin.com\/in\/milan-jovicic-42aa0231b"],"url":"https:\/\/www.apfelpatient.de\/en\/author\/apfeladmin"}]}},"_links":{"self":[{"href":"https:\/\/www.apfelpatient.de\/en\/wp-json\/wp\/v2\/posts\/60142","targetHints":{"allow":["GET"]}}],"collection":[{"href":"https:\/\/www.apfelpatient.de\/en\/wp-json\/wp\/v2\/posts"}],"about":[{"href":"https:\/\/www.apfelpatient.de\/en\/wp-json\/wp\/v2\/types\/post"}],"author":[{"embeddable":true,"href":"https:\/\/www.apfelpatient.de\/en\/wp-json\/wp\/v2\/users\/2"}],"replies":[{"embeddable":true,"href":"https:\/\/www.apfelpatient.de\/en\/wp-json\/wp\/v2\/comments?post=60142"}],"version-history":[{"count":0,"href":"https:\/\/www.apfelpatient.de\/en\/wp-json\/wp\/v2\/posts\/60142\/revisions"}],"wp:featuredmedia":[{"embeddable":true,"href":"https:\/\/www.apfelpatient.de\/en\/wp-json\/wp\/v2\/media\/60042"}],"wp:attachment":[{"href":"https:\/\/www.apfelpatient.de\/en\/wp-json\/wp\/v2\/media?parent=60142"}],"wp:term":[{"taxonomy":"category","embeddable":true,"href":"https:\/\/www.apfelpatient.de\/en\/wp-json\/wp\/v2\/categories?post=60142"},{"taxonomy":"post_tag","embeddable":true,"href":"https:\/\/www.apfelpatient.de\/en\/wp-json\/wp\/v2\/tags?post=60142"}],"curies":[{"name":"wp","href":"https:\/\/api.w.org\/{rel}","templated":true}]}}