{"id":60135,"date":"2025-10-26T15:08:56","date_gmt":"2025-10-26T14:08:56","guid":{"rendered":"https:\/\/www.apfelpatient.de\/?p=60135"},"modified":"2025-10-26T15:10:48","modified_gmt":"2025-10-26T14:10:48","slug":"report-m6-ipad-pro-gets-vapor-chamber-cooling","status":"publish","type":"post","link":"https:\/\/www.apfelpatient.de\/en\/rumors\/bericht-m6-ipad-pro-bekommt-vapor-chamber-kuehlung","title":{"rendered":"Report: M6 iPad Pro gets vapor chamber cooling"},"content":{"rendered":"<p class=\"has-drop-cap\"><strong>The iPad Pro has stood for high performance and a minimalist design for years. Apple uses the device as the technological spearhead of its tablet lineup \u2013 and continues to develop it with every update. With the M6 model, the iPad Pro will now feature a new cooling technology previously only used in high-end smartphones and laptops: vapor chamber cooling. This is intended to make the tablet more powerful without increasing its thickness.<\/strong><\/p>\n\n\n\n<p>According to Mark Gurman&#039;s recent Power On newsletter, Apple is working on equipping the next generation iPad Pro with vapor chamber cooling. This should make the M6 iPad Pro run even more efficiently and stably, even under heavy computing loads. Apple had already redesigned the cooling system in the M4 model to better control heat buildup. The new plans demonstrate that the manufacturer is continuing to work on the boundaries between maximum performance and sleek design.<\/p>\n\n\n\n<h4 class=\"wp-block-heading\" id=\"h-ein-uberarbeitetes-kuhlsystem-beim-m4-ipad-pro\">A revised cooling system on the M4 iPad Pro<\/h4>\n\n\n\n<p>With the M4 iPad Pro, Apple used a copper heat sink for the first time. This dissipates heat via the Apple logo on the back. This system was an improvement, but apparently not sufficient to meet the increasing demands of the newer chips in the long term. Heat can build up in the device, especially during longer, computationally intensive tasks like video editing or 3D rendering.<\/p>\n\n\n\n<p>The solution is now said to be vapor chamber cooling. This technology distributes heat more evenly throughout the device by using a closed cycle of evaporation and condensation. This keeps the temperature stable, even when the processor is running at full load for extended periods.<\/p>\n\n\n\n<h4 class=\"wp-block-heading\" id=\"h-vapor-chamber-effiziente-warmeableitung-ohne-lufter\">Vapor Chamber: Efficient heat dissipation without a fan<\/h4>\n\n\n\n<p>A vapor chamber is a thin hollow space containing a minimal amount of liquid. When the system heats up, the liquid evaporates at the warmest point, transfers the heat, and condenses on a cooler surface. This creates even heat transfer across the entire surface of the chamber.<\/p>\n\n\n\n<p>The advantage is obvious: Heat is dissipated more quickly without the need for fans. This is ideal for a device like the iPad Pro, which is designed for a thin casing and silent operation. Apple already introduced such a cooling system in the iPhone 17 Pro and iPhone 17 Pro Max. There, it ensures that the devices hardly overheat, even during everyday tasks or while gaming. The positive experiences from this development will now be transferred to the iPad Pro.<\/p>\n\n\n\n<h4 class=\"wp-block-heading\" id=\"h-thermische-grenzen-und-die-rolle-des-m6-chips\">Thermal limits and the role of the M6 chip<\/h4>\n\n\n\n<p>Even devices with active cooling reach their limits as performance increases. This was evident with the 14-inch MacBook Pro with the M5 chip, where some users observed that the processor thermally throttled before it could reach its maximum performance. This means that the chip slows itself down to avoid overheating.<\/p>\n\n\n\n<p>This is precisely the problem Apple is trying to avoid with vapor chamber cooling in the upcoming iPad Pro. The new 2nm M6 chip, expected to debut in Macs late next year, is expected to consume significantly more power. Better cooling is crucial to ensure this performance can be utilized sustainably.<\/p>\n\n\n\n<p>The iPad Pro remains on track to be a device that competes with professional hardware despite its thin design. A vapor chamber allows the M6 chip to be fully utilized without sacrificing the tablet&#039;s signature quietness or portability.<\/p>\n\n\n\n<h4 class=\"wp-block-heading\" id=\"h-zeitplan-und-veroffentlichung\">Schedule and publication<\/h4>\n\n\n\n<p class=\"translation-block\">According to <a href=\"https:\/\/www.bloomberg.com\/news\/newsletters\/2025-10-26\/what-s-next-for-the-ipad-pro-iphone-17-pro-like-vapor-chamber-apple-maps-ads-mh7nq39h?cmpid=BBD102625_POWERON&amp;utm_medium=email&amp;utm_source=newsletter&amp;utm_term=251026&amp;utm_campaign=poweron\" target=\"_blank\" rel=\"noreferrer noopener\" data-wpel-link=\"external\">Gurman<\/a> , Apple plans to incorporate the vapor chamber into the next generation of iPad Pro. Since the company typically maintains an upgrade cycle of around 18 months, a market launch of the new M6 iPad Pro in spring 2027 would be realistic.<\/p>\n\n\n\n<p>The M5 iPad Pro was introduced just a few days ago. This means the upcoming model isn&#039;t just around the corner. So, those who value improved thermal management or regularly work with demanding applications might benefit from waiting for the M6 model.<\/p>\n\n\n\n<h3 class=\"wp-block-heading\" id=\"h-m6-chip-und-vapor-chamber-das-nachste-level-furs-ipad-pro\">M6 chip and vapor chamber: The next level for the iPad Pro<\/h3>\n\n\n\n<p>The iPad Pro is evolving \u2013 moving away from the classic tablet and toward a powerful work tool. With vapor chamber cooling, Apple aims to solve the next major thermal problem created by increasingly powerful chips. If the new technology works as planned, the 2027 iPad Pro could be the most efficient and stable model in its lineup yet.<\/p>\n\n\n\n<p>Combined with the new M6 processor, it should not only perform faster but also more consistently \u2013 whether for gaming, professional video editing, or multitasking. Apple seems determined to further blur the lines between tablet and laptop without sacrificing the renowned lightness and silence of the iPad Pro. (Image: Shutterstock \/ Johnny Michael)<\/p>\n\n\n\n<ul class=\"wp-block-list\">\n<li><a href=\"https:\/\/www.apfelpatient.de\/en\/rumors\/iphone-18-apple-plans-to-standardize-on-12-gb-ram-by-2026\">iPhone 18: Apple plans to use 12 GB RAM across the board by 2026<\/a><\/li>\n\n\n\n<li><a href=\"https:\/\/www.apfelpatient.de\/en\/rumors\/apple-is-apparently-rethinking-the-iphones-naming-scheme\">Apple is apparently rethinking the iPhone naming scheme<\/a><\/li>\n\n\n\n<li><a href=\"https:\/\/www.apfelpatient.de\/en\/rumors\/iphone-18-pro-could-get-5g-satellites-from-spacex\">iPhone 18 Pro could get satellite 5G from SpaceX<\/a><\/li>\n\n\n\n<li><a href=\"https:\/\/www.apfelpatient.de\/en\/rumors\/report-apple-considers-buying-warner-bros-mediathek\">Report: Apple considers buying Warner Bros. media library<\/a><\/li>\n\n\n\n<li><a href=\"https:\/\/www.apfelpatient.de\/en\/rumors\/iphone-18-apple-relies-on-2-nm-technology-despite-additional-costs\">iPhone 18: Apple relies on 2nm technology despite additional costs<\/a><\/li>\n\n\n\n<li><a href=\"https:\/\/www.apfelpatient.de\/en\/rumors\/iphone-2026-to-2028-apples-radical-design-strategy\">iPhone 2026 to 2028: Apple&#039;s radical design strategy<\/a><\/li>\n\n\n\n<li><a href=\"https:\/\/www.apfelpatient.de\/en\/rumors\/ipad-fold-apples-expensive-future-project-with-18-inch-display\">iPad Fold: Apple&#039;s expensive future project with 18-inch display<\/a><\/li>\n\n\n\n<li><a href=\"https:\/\/www.apfelpatient.de\/en\/rumors\/apple-internal-doubts-about-siri-performance-under-ios-26-4\">Apple internal: Doubts about Siri performance under iOS 26.4<\/a><\/li>\n\n\n\n<li><a href=\"https:\/\/www.apfelpatient.de\/en\/rumors\/iphone-fold-launch-could-be-delayed-until-2027\">iPhone Fold: Launch could be delayed until 2027<\/a><\/li>\n\n\n\n<li><a href=\"https:\/\/www.apfelpatient.de\/en\/rumors\/apple-is-working-on-the-m5-macbook-air-mac-studio-and-more\">Apple is working on M5 MacBook Air, Mac Studio and more<\/a><\/li>\n\n\n\n<li><a href=\"https:\/\/www.apfelpatient.de\/en\/rumors\/apple-prepares-major-macbook-pro-redesign-for-2026-2027\">Apple prepares major MacBook Pro redesign for 2026\/2027<\/a><\/li>\n\n\n\n<li><a href=\"https:\/\/www.apfelpatient.de\/en\/rumors\/iphone-18-pro-gets-first-camera-with-variable-aperture\">iPhone 18 Pro gets camera with variable aperture for the first time<\/a><\/li>\n\n\n\n<li><a href=\"https:\/\/www.apfelpatient.de\/en\/rumors\/apple-plans-smart-home-hub-with-display-launch-in-spring-2026\">Apple plans Smart Home Hub with display \u2013 launch in spring 2026<\/a><\/li>\n\n\n\n<li><a href=\"https:\/\/www.apfelpatient.de\/en\/rumors\/iphone-fold-apples-hinge-could-be-cheaper-than-expected\">iPhone Fold: Apple&#039;s hinge could be cheaper than expected<\/a><\/li>\n\n\n\n<li><a href=\"https:\/\/www.apfelpatient.de\/en\/rumors\/apple-develops-ar-glasses-with-two-modes-and-visionos-system\">Apple develops AR glasses with two modes and visionOS system<\/a><\/li>\n\n\n\n<li><a href=\"https:\/\/www.apfelpatient.de\/en\/rumors\/apple-develops-h3-chip-and-prepares-new-airpods-models\">Apple develops H3 chip and prepares new AirPods models<\/a><\/li>\n\n\n\n<li><a href=\"https:\/\/www.apfelpatient.de\/en\/news\/ios-26-0-2-coming-soon-apple-is-preparing-another-update\">iOS 26.0.2 coming soon \u2013 Apple prepares another update<\/a><\/li>\n\n\n\n<li><a href=\"https:\/\/www.apfelpatient.de\/en\/rumors\/apple-is-working-on-glasses-ar-experience-coming-with-successor-model\">Apple is working on glasses \u2013 AR experience comes with successor model<\/a><\/li>\n\n\n\n<li><a href=\"https:\/\/www.apfelpatient.de\/en\/rumors\/apple-healths-new-subscription-service-could-launch-in-2026\">Apple Health+: New subscription service could launch in 2026<\/a><\/li>\n\n\n\n<li><a href=\"https:\/\/www.apfelpatient.de\/en\/rumors\/iphone-fold-titanium-meets-aluminum-in-a-new-design\">iPhone Fold: Titanium meets aluminum in a new design<\/a><\/li>\n\n\n\n<li><a href=\"https:\/\/www.apfelpatient.de\/en\/rumors\/apple-is-close-to-an-agreement-with-formula-1\">Apple is close to an agreement with Formula 1<\/a><\/li>\n\n\n\n<li><a href=\"https:\/\/www.apfelpatient.de\/en\/rumors\/jony-ive-and-openai-three-problems-slow-down-ai-hardware\">Jony Ive and OpenAI: Three problems slow down AI hardware<\/a><\/li>\n\n\n\n<li><a href=\"https:\/\/www.apfelpatient.de\/en\/rumors\/ipad-mini-8-rumors-technical-features-release-date\">iPad mini 8: Rumors, technical features &amp; release date<\/a><\/li>\n<\/ul>\n\n\n\n<h6 class=\"wp-block-heading translation-block\" id=\"h-kennt-ihr-schon-unsere-amazon-storefront-dort-findet-ihr-eine-handverlesene-auswahl-von-diversen-produkten-f-r-euer-iphone-und-co-viel-spa-beim-st-bern\"><em>Have you already visited our Amazon Storefront? There you&#039;ll find a hand-picked selection of various products for your iPhone and other devices \u2013 <span class=\"has-inline-color has-vivid-red-color\"><a href=\"https:\/\/www.amazon.de\/shop\/apfelpatientofficial\" class=\"ek-link\" data-wpel-link=\"exclude\" rel=\"follow noopener\" target=\"_self\"><span style=\"text-decoration: underline\" class=\"ek-underline\">enjoy browsing<\/span><\/a> !<\/span><\/em><\/h6>\n\n\n\n<h6 class=\"wp-block-heading translation-block\" id=\"h-der-beitrag-enthalt-partnerlinks\">This post contains <a data-type=\"URL\" data-id=\"https:\/\/www.apfelpatient.de\/partnerprogramm\" href=\"https:\/\/www.apfelpatient.de\/en\/partner-program\" data-wpel-link=\"internal\" target=\"_self\">affiliate links<\/a>.<\/h6>","protected":false},"excerpt":{"rendered":"<p>Apple is upgrading the iPad Pro: Vapor chamber cooling is intended to solve heat problems and fully utilize the M6 chip.<\/p>","protected":false},"author":2,"featured_media":60133,"comment_status":"closed","ping_status":"open","sticky":false,"template":"","format":"standard","meta":{"jnews-multi-image_gallery":[],"jnews_single_post":{"format":"standard","override":[{"template":"2","parallax":"1","fullscreen":"1","layout":"right-sidebar","sidebar":"default-sidebar","second_sidebar":"default-sidebar","sticky_sidebar":"1","share_position":"top","share_float_style":"share-monocrhome","show_featured":"1","show_post_meta":"1","show_post_author":"1","show_post_author_image":"1","show_post_date":"1","post_date_format":"default","post_date_format_custom":"Y\/m\/d","show_post_reading_time":"0","post_reading_time_wpm":"300","post_calculate_word_method":"str_word_count","show_zoom_button":"0","zoom_button_out_step":"2","zoom_button_in_step":"3","show_post_tag":"1","show_prev_next_post":"1","show_popup_post":"1","number_popup_post":"1","show_author_box":"0","show_post_related":"0","show_inline_post_related":"0"}],"image_override":[{"single_post_thumbnail_size":"crop-500","single_post_gallery_size":"crop-500"}],"trending_post_position":"meta","trending_post_label":"Trending","sponsored_post_label":"Sponsored by","disable_ad":"0"},"jnews_primary_category":{"id":"25"},"footnotes":""},"categories":[25],"tags":[18,66],"class_list":["post-60135","post","type-post","status-publish","format-standard","has-post-thumbnail","hentry","category-rumors","tag-ipad","tag-ipad-pro"],"yoast_head":"<!-- This site is optimized with the Yoast SEO Premium plugin v27.5 (Yoast SEO v27.5) - https:\/\/yoast.com\/product\/yoast-seo-premium-wordpress\/ -->\n<title>Bericht: M6 iPad Pro bekommt Vapor-Chamber-K\u00fchlung Apfelpatient<\/title>\n<meta name=\"description\" content=\"Apple r\u00fcstet das iPad Pro auf: Vapor-Chamber-K\u00fchlung soll W\u00e4rmeprobleme l\u00f6sen und den M6-Chip voll ausnutzen.\" \/>\n<meta name=\"robots\" content=\"index, follow, max-snippet:-1, max-image-preview:large, max-video-preview:-1\" \/>\n<link rel=\"canonical\" href=\"https:\/\/www.apfelpatient.de\/en\/rumors\/report-m6-ipad-pro-gets-vapor-chamber-cooling\" \/>\n<meta property=\"og:locale\" content=\"en_US\" \/>\n<meta property=\"og:type\" content=\"article\" \/>\n<meta property=\"og:title\" content=\"Bericht: M6 iPad Pro bekommt Vapor-Chamber-K\u00fchlung\" \/>\n<meta property=\"og:description\" content=\"Apple r\u00fcstet das iPad Pro auf: Vapor-Chamber-K\u00fchlung soll W\u00e4rmeprobleme l\u00f6sen und den M6-Chip voll ausnutzen.\" \/>\n<meta property=\"og:url\" content=\"https:\/\/www.apfelpatient.de\/en\/rumors\/report-m6-ipad-pro-gets-vapor-chamber-cooling\" \/>\n<meta property=\"og:site_name\" content=\"Apfelpatient\" \/>\n<meta property=\"article:publisher\" content=\"https:\/\/www.facebook.com\/apfelpatientOfficial\" \/>\n<meta property=\"article:author\" content=\"https:\/\/www.facebook.com\/apfelpatientOfficial\" \/>\n<meta property=\"article:published_time\" content=\"2025-10-26T14:08:56+00:00\" \/>\n<meta property=\"article:modified_time\" content=\"2025-10-26T14:10:48+00:00\" \/>\n<meta property=\"og:image\" content=\"https:\/\/www.apfelpatient.de\/wp-content\/uploads\/2025\/10\/shutterstock_2369312897.jpg\" \/>\n\t<meta property=\"og:image:width\" content=\"1600\" \/>\n\t<meta property=\"og:image:height\" content=\"1067\" \/>\n\t<meta property=\"og:image:type\" content=\"image\/jpeg\" \/>\n<meta name=\"author\" content=\"Milan\" \/>\n<meta name=\"twitter:card\" content=\"summary_large_image\" \/>\n<meta name=\"twitter:description\" content=\"Apple r\u00fcstet das iPad Pro auf: Vapor-Chamber-K\u00fchlung soll W\u00e4rmeprobleme l\u00f6sen und den M6-Chip voll ausnutzen.\" \/>\n<meta name=\"twitter:label1\" content=\"Written by\" \/>\n\t<meta name=\"twitter:data1\" content=\"Milan\" \/>\n\t<meta name=\"twitter:label2\" content=\"Est. reading time\" \/>\n\t<meta name=\"twitter:data2\" content=\"6 minutes\" \/>\n<script type=\"application\/ld+json\" class=\"yoast-schema-graph\">{\"@context\":\"https:\\\/\\\/schema.org\",\"@graph\":[{\"@type\":\"NewsArticle\",\"@id\":\"https:\\\/\\\/www.apfelpatient.de\\\/rumors\\\/bericht-m6-ipad-pro-bekommt-vapor-chamber-kuehlung#article\",\"isPartOf\":{\"@id\":\"https:\\\/\\\/www.apfelpatient.de\\\/rumors\\\/bericht-m6-ipad-pro-bekommt-vapor-chamber-kuehlung\"},\"author\":{\"@type\":\"Organization\",\"@id\":\"https:\\\/\\\/www.apfelpatient.de\\\/en\\\/#organization\",\"name\":\"Apfelpatient\",\"url\":\"https:\\\/\\\/www.apfelpatient.de\\\/en\\\/\"},\"headline\":\"Bericht: M6 iPad Pro bekommt Vapor-Chamber-K\u00fchlung\",\"datePublished\":\"2025-10-26T14:08:56+00:00\",\"dateModified\":\"2025-10-26T14:10:48+00:00\",\"mainEntityOfPage\":{\"@id\":\"https:\\\/\\\/www.apfelpatient.de\\\/rumors\\\/bericht-m6-ipad-pro-bekommt-vapor-chamber-kuehlung\"},\"wordCount\":998,\"publisher\":{\"@type\":\"Organization\",\"@id\":\"https:\\\/\\\/www.apfelpatient.de\\\/en\\\/#organization\",\"name\":\"Apfelpatient\",\"url\":\"https:\\\/\\\/www.apfelpatient.de\\\/en\\\/\"},\"image\":{\"@id\":\"https:\\\/\\\/www.apfelpatient.de\\\/rumors\\\/bericht-m6-ipad-pro-bekommt-vapor-chamber-kuehlung#primaryimage\"},\"thumbnailUrl\":\"https:\\\/\\\/www.apfelpatient.de\\\/wp-content\\\/uploads\\\/2025\\\/10\\\/shutterstock_2369312897.jpg\",\"keywords\":[\"iPad\",\"iPad Pro\"],\"articleSection\":\"Rumors\",\"inLanguage\":\"en-US\",\"copyrightYear\":\"2025\",\"copyrightHolder\":{\"@id\":\"https:\\\/\\\/www.apfelpatient.de\\\/en\\\/#organization\"}},{\"@type\":\"WebPage\",\"@id\":\"https:\\\/\\\/www.apfelpatient.de\\\/rumors\\\/bericht-m6-ipad-pro-bekommt-vapor-chamber-kuehlung\",\"url\":\"https:\\\/\\\/www.apfelpatient.de\\\/rumors\\\/bericht-m6-ipad-pro-bekommt-vapor-chamber-kuehlung\",\"name\":\"Bericht: M6 iPad Pro bekommt Vapor-Chamber-K\u00fchlung Apfelpatient\",\"isPartOf\":{\"@id\":\"https:\\\/\\\/www.apfelpatient.de\\\/#website\"},\"primaryImageOfPage\":{\"@id\":\"https:\\\/\\\/www.apfelpatient.de\\\/rumors\\\/bericht-m6-ipad-pro-bekommt-vapor-chamber-kuehlung#primaryimage\"},\"image\":{\"@id\":\"https:\\\/\\\/www.apfelpatient.de\\\/rumors\\\/bericht-m6-ipad-pro-bekommt-vapor-chamber-kuehlung#primaryimage\"},\"thumbnailUrl\":\"https:\\\/\\\/www.apfelpatient.de\\\/wp-content\\\/uploads\\\/2025\\\/10\\\/shutterstock_2369312897.jpg\",\"datePublished\":\"2025-10-26T14:08:56+00:00\",\"dateModified\":\"2025-10-26T14:10:48+00:00\",\"description\":\"Apple r\u00fcstet das iPad Pro auf: Vapor-Chamber-K\u00fchlung soll W\u00e4rmeprobleme l\u00f6sen und den M6-Chip voll ausnutzen.\",\"breadcrumb\":{\"@id\":\"https:\\\/\\\/www.apfelpatient.de\\\/rumors\\\/bericht-m6-ipad-pro-bekommt-vapor-chamber-kuehlung#breadcrumb\"},\"inLanguage\":\"en-US\",\"potentialAction\":[{\"@type\":\"ReadAction\",\"target\":[\"https:\\\/\\\/www.apfelpatient.de\\\/rumors\\\/bericht-m6-ipad-pro-bekommt-vapor-chamber-kuehlung\"]}]},{\"@type\":\"ImageObject\",\"inLanguage\":\"en-US\",\"@id\":\"https:\\\/\\\/www.apfelpatient.de\\\/rumors\\\/bericht-m6-ipad-pro-bekommt-vapor-chamber-kuehlung#primaryimage\",\"url\":\"https:\\\/\\\/www.apfelpatient.de\\\/wp-content\\\/uploads\\\/2025\\\/10\\\/shutterstock_2369312897.jpg\",\"contentUrl\":\"https:\\\/\\\/www.apfelpatient.de\\\/wp-content\\\/uploads\\\/2025\\\/10\\\/shutterstock_2369312897.jpg\",\"width\":1600,\"height\":1067,\"caption\":\"Bild: Shutterstock \\\/ Johnny Michael\"},{\"@type\":\"BreadcrumbList\",\"@id\":\"https:\\\/\\\/www.apfelpatient.de\\\/rumors\\\/bericht-m6-ipad-pro-bekommt-vapor-chamber-kuehlung#breadcrumb\",\"itemListElement\":[{\"@type\":\"ListItem\",\"position\":1,\"name\":\"Startseite\",\"item\":\"https:\\\/\\\/www.apfelpatient.de\\\/\"},{\"@type\":\"ListItem\",\"position\":2,\"name\":\"Bericht: M6 iPad Pro bekommt Vapor-Chamber-K\u00fchlung\"}]},{\"@type\":\"WebSite\",\"@id\":\"https:\\\/\\\/www.apfelpatient.de\\\/#website\",\"url\":\"https:\\\/\\\/www.apfelpatient.de\\\/\",\"name\":\"Apfelpatient\",\"description\":\"Alles rund um Apple!\",\"publisher\":{\"@type\":\"Organization\",\"@id\":\"https:\\\/\\\/www.apfelpatient.de\\\/en\\\/#organization\",\"name\":\"Apfelpatient\",\"url\":\"https:\\\/\\\/www.apfelpatient.de\\\/en\\\/\"},\"alternateName\":\"Apfelpatient\",\"potentialAction\":[{\"@type\":\"SearchAction\",\"target\":{\"@type\":\"EntryPoint\",\"urlTemplate\":\"https:\\\/\\\/www.apfelpatient.de\\\/?s={search_term_string}\"},\"query-input\":{\"@type\":\"PropertyValueSpecification\",\"valueRequired\":true,\"valueName\":\"search_term_string\"}}],\"inLanguage\":\"en-US\"},{\"@type\":[\"Person\",\"Organization\"],\"@id\":\"https:\\\/\\\/www.apfelpatient.de\\\/#\\\/schema\\\/person\\\/7dc56ad6c8e9824b76d2c08d4c140e13\",\"name\":\"Milan\",\"logo\":{\"@id\":\"https:\\\/\\\/www.apfelpatient.de\\\/#\\\/schema\\\/person\\\/image\\\/\"},\"description\":\"Hallo und herzlich willkommen auf meinem Technik-Blog! Als gro\u00dfer Apple-Fan berichte ich hier \u00fcber alles, was mit Apple zu tun hat: von den neuesten News und spannenden Ger\u00fcchten \u00fcber hilfreiche Tipps und Tricks bis hin zu ausf\u00fchrlichen Produkttests. Wenn du genauso technikbegeistert bist wie ich, bist du hier genau richtig!\",\"sameAs\":[\"https:\\\/\\\/www.facebook.com\\\/apfelpatientOfficial\",\"https:\\\/\\\/www.linkedin.com\\\/in\\\/milan-jovicic-42aa0231b\"],\"url\":\"https:\\\/\\\/www.apfelpatient.de\\\/en\\\/author\\\/apfeladmin\"}]}<\/script>\n<!-- \/ Yoast SEO Premium plugin. -->","yoast_head_json":{"title":"Report: M6 iPad Pro gets vapor chamber cooling Apfelpatient","description":"Apple is upgrading the iPad Pro: Vapor chamber cooling is intended to solve heat problems and fully utilize the M6 chip.","robots":{"index":"index","follow":"follow","max-snippet":"max-snippet:-1","max-image-preview":"max-image-preview:large","max-video-preview":"max-video-preview:-1"},"canonical":"https:\/\/www.apfelpatient.de\/en\/rumors\/report-m6-ipad-pro-gets-vapor-chamber-cooling","og_locale":"en_US","og_type":"article","og_title":"Bericht: M6 iPad Pro bekommt Vapor-Chamber-K\u00fchlung","og_description":"Apple r\u00fcstet das iPad Pro auf: Vapor-Chamber-K\u00fchlung soll W\u00e4rmeprobleme l\u00f6sen und den M6-Chip voll ausnutzen.","og_url":"https:\/\/www.apfelpatient.de\/en\/rumors\/report-m6-ipad-pro-gets-vapor-chamber-cooling","og_site_name":"Apfelpatient","article_publisher":"https:\/\/www.facebook.com\/apfelpatientOfficial","article_author":"https:\/\/www.facebook.com\/apfelpatientOfficial","article_published_time":"2025-10-26T14:08:56+00:00","article_modified_time":"2025-10-26T14:10:48+00:00","og_image":[{"width":1600,"height":1067,"url":"https:\/\/www.apfelpatient.de\/wp-content\/uploads\/2025\/10\/shutterstock_2369312897.jpg","type":"image\/jpeg"}],"author":"Milan","twitter_card":"summary_large_image","twitter_description":"Apple r\u00fcstet das iPad Pro auf: Vapor-Chamber-K\u00fchlung soll W\u00e4rmeprobleme l\u00f6sen und den M6-Chip voll ausnutzen.","twitter_misc":{"Written by":"Milan","Est. reading time":"6 minutes"},"schema":{"@context":"https:\/\/schema.org","@graph":[{"@type":"NewsArticle","@id":"https:\/\/www.apfelpatient.de\/rumors\/bericht-m6-ipad-pro-bekommt-vapor-chamber-kuehlung#article","isPartOf":{"@id":"https:\/\/www.apfelpatient.de\/rumors\/bericht-m6-ipad-pro-bekommt-vapor-chamber-kuehlung"},"author":{"@type":"Organization","@id":"https:\/\/www.apfelpatient.de\/en\/#organization","name":"Apfelpatient","url":"https:\/\/www.apfelpatient.de\/en\/"},"headline":"Bericht: M6 iPad Pro bekommt Vapor-Chamber-K\u00fchlung","datePublished":"2025-10-26T14:08:56+00:00","dateModified":"2025-10-26T14:10:48+00:00","mainEntityOfPage":{"@id":"https:\/\/www.apfelpatient.de\/rumors\/bericht-m6-ipad-pro-bekommt-vapor-chamber-kuehlung"},"wordCount":998,"publisher":{"@type":"Organization","@id":"https:\/\/www.apfelpatient.de\/en\/#organization","name":"Apfelpatient","url":"https:\/\/www.apfelpatient.de\/en\/"},"image":{"@id":"https:\/\/www.apfelpatient.de\/rumors\/bericht-m6-ipad-pro-bekommt-vapor-chamber-kuehlung#primaryimage"},"thumbnailUrl":"https:\/\/www.apfelpatient.de\/wp-content\/uploads\/2025\/10\/shutterstock_2369312897.jpg","keywords":["iPad","iPad Pro"],"articleSection":"Rumors","inLanguage":"en-US","copyrightYear":"2025","copyrightHolder":{"@id":"https:\/\/www.apfelpatient.de\/en\/#organization"}},{"@type":"WebPage","@id":"https:\/\/www.apfelpatient.de\/rumors\/bericht-m6-ipad-pro-bekommt-vapor-chamber-kuehlung","url":"https:\/\/www.apfelpatient.de\/rumors\/bericht-m6-ipad-pro-bekommt-vapor-chamber-kuehlung","name":"Report: M6 iPad Pro gets vapor chamber cooling Apfelpatient","isPartOf":{"@id":"https:\/\/www.apfelpatient.de\/#website"},"primaryImageOfPage":{"@id":"https:\/\/www.apfelpatient.de\/rumors\/bericht-m6-ipad-pro-bekommt-vapor-chamber-kuehlung#primaryimage"},"image":{"@id":"https:\/\/www.apfelpatient.de\/rumors\/bericht-m6-ipad-pro-bekommt-vapor-chamber-kuehlung#primaryimage"},"thumbnailUrl":"https:\/\/www.apfelpatient.de\/wp-content\/uploads\/2025\/10\/shutterstock_2369312897.jpg","datePublished":"2025-10-26T14:08:56+00:00","dateModified":"2025-10-26T14:10:48+00:00","description":"Apple is upgrading the iPad Pro: Vapor chamber cooling is intended to solve heat problems and fully utilize the M6 chip.","breadcrumb":{"@id":"https:\/\/www.apfelpatient.de\/rumors\/bericht-m6-ipad-pro-bekommt-vapor-chamber-kuehlung#breadcrumb"},"inLanguage":"en-US","potentialAction":[{"@type":"ReadAction","target":["https:\/\/www.apfelpatient.de\/rumors\/bericht-m6-ipad-pro-bekommt-vapor-chamber-kuehlung"]}]},{"@type":"ImageObject","inLanguage":"en-US","@id":"https:\/\/www.apfelpatient.de\/rumors\/bericht-m6-ipad-pro-bekommt-vapor-chamber-kuehlung#primaryimage","url":"https:\/\/www.apfelpatient.de\/wp-content\/uploads\/2025\/10\/shutterstock_2369312897.jpg","contentUrl":"https:\/\/www.apfelpatient.de\/wp-content\/uploads\/2025\/10\/shutterstock_2369312897.jpg","width":1600,"height":1067,"caption":"Bild: Shutterstock \/ Johnny Michael"},{"@type":"BreadcrumbList","@id":"https:\/\/www.apfelpatient.de\/rumors\/bericht-m6-ipad-pro-bekommt-vapor-chamber-kuehlung#breadcrumb","itemListElement":[{"@type":"ListItem","position":1,"name":"Startseite","item":"https:\/\/www.apfelpatient.de\/"},{"@type":"ListItem","position":2,"name":"Bericht: M6 iPad Pro bekommt Vapor-Chamber-K\u00fchlung"}]},{"@type":"WebSite","@id":"https:\/\/www.apfelpatient.de\/#website","url":"https:\/\/www.apfelpatient.de\/","name":"apple patient","description":"Everything about Apple!","publisher":{"@type":"Organization","@id":"https:\/\/www.apfelpatient.de\/en\/#organization","name":"Apfelpatient","url":"https:\/\/www.apfelpatient.de\/en\/"},"alternateName":"Apfelpatient","potentialAction":[{"@type":"SearchAction","target":{"@type":"EntryPoint","urlTemplate":"https:\/\/www.apfelpatient.de\/?s={search_term_string}"},"query-input":{"@type":"PropertyValueSpecification","valueRequired":true,"valueName":"search_term_string"}}],"inLanguage":"en-US"},{"@type":["Person","Organization"],"@id":"https:\/\/www.apfelpatient.de\/#\/schema\/person\/7dc56ad6c8e9824b76d2c08d4c140e13","name":"Milan","logo":{"@id":"https:\/\/www.apfelpatient.de\/#\/schema\/person\/image\/"},"description":"Hello and welcome to my technology blog! As a big Apple fan, I report on everything to do with Apple: from the latest news and exciting rumors to helpful tips and tricks and detailed product tests. If you are as enthusiastic about technology as I am, you have come to the right place!","sameAs":["https:\/\/www.facebook.com\/apfelpatientOfficial","https:\/\/www.linkedin.com\/in\/milan-jovicic-42aa0231b"],"url":"https:\/\/www.apfelpatient.de\/en\/author\/apfeladmin"}]}},"_links":{"self":[{"href":"https:\/\/www.apfelpatient.de\/en\/wp-json\/wp\/v2\/posts\/60135","targetHints":{"allow":["GET"]}}],"collection":[{"href":"https:\/\/www.apfelpatient.de\/en\/wp-json\/wp\/v2\/posts"}],"about":[{"href":"https:\/\/www.apfelpatient.de\/en\/wp-json\/wp\/v2\/types\/post"}],"author":[{"embeddable":true,"href":"https:\/\/www.apfelpatient.de\/en\/wp-json\/wp\/v2\/users\/2"}],"replies":[{"embeddable":true,"href":"https:\/\/www.apfelpatient.de\/en\/wp-json\/wp\/v2\/comments?post=60135"}],"version-history":[{"count":0,"href":"https:\/\/www.apfelpatient.de\/en\/wp-json\/wp\/v2\/posts\/60135\/revisions"}],"wp:featuredmedia":[{"embeddable":true,"href":"https:\/\/www.apfelpatient.de\/en\/wp-json\/wp\/v2\/media\/60133"}],"wp:attachment":[{"href":"https:\/\/www.apfelpatient.de\/en\/wp-json\/wp\/v2\/media?parent=60135"}],"wp:term":[{"taxonomy":"category","embeddable":true,"href":"https:\/\/www.apfelpatient.de\/en\/wp-json\/wp\/v2\/categories?post=60135"},{"taxonomy":"post_tag","embeddable":true,"href":"https:\/\/www.apfelpatient.de\/en\/wp-json\/wp\/v2\/tags?post=60135"}],"curies":[{"name":"wp","href":"https:\/\/api.w.org\/{rel}","templated":true}]}}