{"id":60087,"date":"2025-10-24T00:03:53","date_gmt":"2025-10-23T22:03:53","guid":{"rendered":"https:\/\/www.apfelpatient.de\/?p=60087"},"modified":"2025-10-24T00:05:06","modified_gmt":"2025-10-23T22:05:06","slug":"apple-surprises-with-strong-growth-in-mac-sales","status":"publish","type":"post","link":"https:\/\/www.apfelpatient.de\/en\/news\/apple-ueberrascht-mit-starkem-wachstum-bei-mac-verkaeufen","title":{"rendered":"Apple surprises with strong growth in Mac sales"},"content":{"rendered":"<p class=\"has-drop-cap\"><strong>Apple performed significantly better than the rest of the PC market in the third quarter of 2025. According to new figures from Counterpoint Research, worldwide Mac shipments increased by 14.9 percent compared to the same quarter last year. This represents almost twice the growth rate of the overall market, which saw an overall increase of 8.1 percent. This growth comes at a time when the PC market is undergoing a period of flux due to several factors. In addition to the approaching end of Windows 10, strategic inventory adjustments and new tariff policies in the US are also providing momentum.<\/strong><\/p>\n\n\n\n<p>The PC market was characterized by restraint for a long time, but momentum is returning in the third quarter of 2025. A key trigger is the impending replacement of Windows 10. With Microsoft ending support for the operating system in the foreseeable future, many users and companies are replacing their older devices. According to Counterpoint Research, almost 40 percent of all installed PCs still run Windows 10\u2014presenting enormous potential for new sales. Apple is benefiting disproportionately from this environment. The new MacBook models are enjoying high demand, and Macs are also becoming increasingly important in businesses.<\/p>\n\n\n\n<h4 class=\"wp-block-heading\" id=\"h-macs-wachsen-fast-doppelt-so-stark-wie-der-markt\">Macs grow almost twice as fast as the market<\/h4>\n\n\n\n<p class=\"translation-block\">The Counterpoint Research <a href=\"https:\/\/counterpointresearch.com\/en\/insights\/global-pc-market-q3-2025\" target=\"_blank\" rel=\"noreferrer noopener\" data-wpel-link=\"external\">report<\/a> shows that the overall PC market grew by 8.1 percent year-on-year in the third quarter. However, Apple grew by 14.9 percent during the same period, ranking it second among the largest PC manufacturers.<\/p>\n\n\n\n<p>Lenovo leads the way with growth of 17 percent, followed by Apple and Asus, which grew by 14 percent. Dell was the only major brand to experience a decline, recording a 1 percent drop. The &quot;Other&quot; manufacturers group shrank by an average of 3 percent.<\/p>\n\n\n\n<p>Counterpoint attributes Apple&#039;s success primarily to the popular new MacBook models. They impress with their performance, energy efficiency, and design. Another driver is the company&#039;s stronger presence in the corporate environment, where Apple is increasingly gaining market share with the macOS ecosystem.<\/p>\n\n\n\n<h4 class=\"wp-block-heading\" id=\"h-der-markt-steht-vor-einer-neuen-phase\">The market is facing a new phase<\/h4>\n\n\n\n<p>Minsoo Kang, Senior Analyst at Counterpoint Research, assesses the current development:<\/p>\n\n\n\n<blockquote class=\"wp-block-quote is-layout-flow wp-block-quote-is-layout-flow\">\n<p>While current growth is primarily driven by operating system migration, the industry is facing an even more profound transformation with the advent of AI-powered PCs. However, this next wave of growth has not yet been fully reflected in the figures for the third quarter of 2025.<\/p>\n<\/blockquote>\n\n\n\n<p>This suggests that the current upswing could be just the beginning. Starting next year, so-called AI PCs are expected to further drive growth. These are devices that feature specialized AI chipsets and process tasks directly on the device rather than in the cloud. According to Counterpoint, major manufacturers\u2014including Apple\u2014will introduce new AI-capable processors that could transform the market in the long term.<\/p>\n\n\n\n<h4 class=\"wp-block-heading\" id=\"h-ausblick-auf-2026-und-daruber-hinaus\">Outlook for 2026 and beyond<\/h4>\n\n\n\n<p>Counterpoint Research expects the PC market to continue growing in the coming quarters, driven by the replacement of older devices and the increasing adoption of AI technologies. Apple is likely to play a key role in this development.<\/p>\n\n\n\n<p>The company is investing heavily in its own chips and in integrating artificial intelligence into macOS. Every MacBook generation already features a Neural Engine, enabling machine learning directly on the device. This puts Apple well prepared for a significant increase in demand for AI-powered PCs in the coming year.<\/p>\n\n\n\n<h3 class=\"wp-block-heading\" id=\"h-apples-unabhangigkeit-wird-zum-wettbewerbsvorteil\">Apple&#039;s independence becomes a competitive advantage<\/h3>\n\n\n\n<p>In the third quarter of 2025, Apple demonstrated that targeted product development and technological independence pay off. With growth of nearly 15 percent, the company not only outperformed the market average but also strengthened its position in the premium segment. While many manufacturers are still heavily dependent on external factors such as the end of Windows 10, Apple scores points with a clear product strategy, innovative strength, and a growing presence in the business sector. If the trend toward AI-powered PCs continues, Apple could be one of the biggest winners in the next market phase. (Image: Apple)<\/p>\n\n\n\n<ul class=\"wp-block-list\">\n<li><a href=\"https:\/\/www.apfelpatient.de\/en\/news\/apple-accelerates-us-production-for-its-own-ai-servers\">Apple accelerates US production for its own AI servers<\/a><\/li>\n\n\n\n<li><a href=\"https:\/\/www.apfelpatient.de\/en\/news\/vimeo-expands-3d-support-for-apple-vision-pro\">Vimeo expands 3D support for Apple Vision Pro<\/a><\/li>\n\n\n\n<li><a href=\"https:\/\/www.apfelpatient.de\/en\/news\/apple-withdraws-app-tracking-protection-due-to-eu-pressure\">Is Apple withdrawing app tracking protection due to EU pressure?<\/a><\/li>\n\n\n\n<li><a href=\"https:\/\/www.apfelpatient.de\/en\/news\/future-iphone-could-get-greater-nfc-range\">Future iPhone could have greater NFC range<\/a><\/li>\n\n\n\n<li><a href=\"https:\/\/www.apfelpatient.de\/en\/news\/iphone-air-production-drops-dramatically-after-sales-slump\">iPhone Air: Production drops drastically after sales slump<\/a><\/li>\n\n\n\n<li><a href=\"https:\/\/www.apfelpatient.de\/en\/news\/apple-stock-in-focus-wells-fargo-raises-target-to-290\">Apple stock in focus: Wells Fargo raises target to $290<\/a><\/li>\n\n\n\n<li><a href=\"https:\/\/www.apfelpatient.de\/en\/news\/apple-vision-pro-not-eligible-for-trade-in-according-to-apple\">Apple Vision Pro not eligible for trade-in, according to Apple<\/a><\/li>\n\n\n\n<li><a href=\"https:\/\/www.apfelpatient.de\/en\/news\/apple-is-working-on-a-tool-for-app-data-migration-to-android\">Apple is working on a tool for app data migration to Android<\/a><\/li>\n\n\n\n<li><a href=\"https:\/\/www.apfelpatient.de\/en\/news\/iphone-air-weakens-apple-relies-on-other-models\">iPhone Air weakens \u2013 Apple relies on other models<\/a><\/li>\n\n\n\n<li><a href=\"https:\/\/www.apfelpatient.de\/en\/news\/apple-vision-pro-apple-relies-on-vietnam-for-production\">Apple Vision Pro \u2013 Apple relies on Vietnam for manufacturing<\/a><\/li>\n\n\n\n<li><a href=\"https:\/\/www.apfelpatient.de\/en\/news\/samsung-galaxy-xr-the-new-mixed-reality-experience\">Samsung Galaxy XR \u2013 The new mixed reality experience<\/a><\/li>\n\n\n\n<li><a href=\"https:\/\/www.apfelpatient.de\/en\/news\/iphone-17-pro-turns-pink-whats-really-behind-it\">iPhone 17 Pro turning pink? What&#039;s really behind it?<\/a><\/li>\n\n\n\n<li><a href=\"https:\/\/www.apfelpatient.de\/en\/news\/iphone-17-booms-wedbush-raises-price-target-for-apple\">iPhone 17 booming \u2013 Wedbush raises price target for Apple<\/a><\/li>\n\n\n\n<li><a href=\"https:\/\/www.apfelpatient.de\/en\/news\/m5-macbook-pro-reviews-apples-professional-laptop-in-a-detailed-test\">M5 MacBook Pro Reviews: Apple&#039;s professional laptop in a detailed test<\/a><\/li>\n\n\n\n<li><a href=\"https:\/\/www.apfelpatient.de\/en\/news\/apple-vision-pro-2025-reviews-more-stable-sharper-better\">Apple Vision Pro 2025 reviews: More stable, sharper, better<\/a><\/li>\n\n\n\n<li><a href=\"https:\/\/www.apfelpatient.de\/en\/news\/new-ai-browser-chatgpt-atlas-more-than-just-a-search\">New AI browser ChatGPT Atlas: More than just a search<\/a><\/li>\n\n\n\n<li><a href=\"https:\/\/www.apfelpatient.de\/en\/news\/shrinking-season-3-premieres-in-january-2026-on-apple-tv\">Shrinking Season 3 starts in January 2026 on Apple TV<\/a><\/li>\n\n\n\n<li><a href=\"https:\/\/www.apfelpatient.de\/en\/news\/whatsapp-warns-of-fraud-new-protection-feature-activated\">WhatsApp warns of fraud: New protection feature active<\/a><\/li>\n\n\n\n<li><a href=\"https:\/\/www.apfelpatient.de\/en\/news\/m5-ipad-pro-reviews-more-performance-less-limit\">M5 iPad Pro reviews: More power, less limit<\/a><\/li>\n\n\n\n<li><a href=\"https:\/\/www.apfelpatient.de\/en\/news\/apple-takes-legal-action-against-the-digital-markets-act\">Apple takes legal action against the Digital Markets Act<\/a><\/li>\n<\/ul>\n\n\n\n<h6 class=\"wp-block-heading translation-block\" id=\"h-kennt-ihr-schon-unsere-amazon-storefront-dort-findet-ihr-eine-handverlesene-auswahl-von-diversen-produkten-f-r-euer-iphone-und-co-viel-spa-beim-st-bern\"><em>Have you already visited our Amazon Storefront? There you&#039;ll find a hand-picked selection of various products for your iPhone and other devices \u2013 <span class=\"has-inline-color has-vivid-red-color\"><a href=\"https:\/\/www.amazon.de\/shop\/apfelpatientofficial\" class=\"ek-link\" data-wpel-link=\"exclude\" rel=\"follow noopener\" target=\"_self\"><span style=\"text-decoration: underline\" class=\"ek-underline\">enjoy browsing<\/span><\/a> !<\/span><\/em><\/h6>\n\n\n\n<h6 class=\"wp-block-heading translation-block\" id=\"h-der-beitrag-enthalt-partnerlinks\">This post contains <a data-type=\"URL\" data-id=\"https:\/\/www.apfelpatient.de\/partnerprogramm\" href=\"https:\/\/www.apfelpatient.de\/en\/partner-program\" data-wpel-link=\"internal\" target=\"_self\">affiliate links<\/a>.<\/h6>","protected":false},"excerpt":{"rendered":"<p>Apple achieved strong growth in the third quarter of 2025. Macs grew by 14.9 percent\u2014almost twice as much as the entire PC market.<\/p>","protected":false},"author":2,"featured_media":60086,"comment_status":"closed","ping_status":"open","sticky":false,"template":"","format":"standard","meta":{"jnews-multi-image_gallery":[],"jnews_single_post":{"format":"standard","override":[{"template":"2","parallax":"1","fullscreen":"1","layout":"right-sidebar","sidebar":"default-sidebar","second_sidebar":"default-sidebar","sticky_sidebar":"1","share_position":"top","share_float_style":"share-monocrhome","show_featured":"1","show_post_meta":"1","show_post_author":"1","show_post_author_image":"1","show_post_date":"1","post_date_format":"default","post_date_format_custom":"Y\/m\/d","show_post_reading_time":"0","post_reading_time_wpm":"300","post_calculate_word_method":"str_word_count","show_zoom_button":"0","zoom_button_out_step":"2","zoom_button_in_step":"3","show_post_tag":"1","show_prev_next_post":"1","show_popup_post":"1","number_popup_post":"1","show_author_box":"0","show_post_related":"0","show_inline_post_related":"0"}],"image_override":[{"single_post_thumbnail_size":"crop-500","single_post_gallery_size":"crop-500"}],"trending_post_position":"meta","trending_post_label":"Trending","sponsored_post_label":"Sponsored by","disable_ad":"0"},"jnews_primary_category":{"id":"9"},"footnotes":""},"categories":[9],"tags":[40,13],"class_list":["post-60087","post","type-post","status-publish","format-standard","has-post-thumbnail","hentry","category-news","tag-mac","tag-techpatient"],"yoast_head":"<!-- This site is optimized with the Yoast SEO Premium plugin v27.5 (Yoast SEO v27.5) - https:\/\/yoast.com\/product\/yoast-seo-premium-wordpress\/ -->\n<title>Apple \u00fcberrascht mit starkem Wachstum bei Mac-Verk\u00e4ufen Apfelpatient<\/title>\n<meta name=\"description\" content=\"Apple erzielt im dritten Quartal 2025 starkes Wachstum. Macs legen um 14,9 % zu \u2013 fast doppelt so viel wie der gesamte PC-Markt.\" \/>\n<meta name=\"robots\" content=\"index, follow, max-snippet:-1, max-image-preview:large, max-video-preview:-1\" \/>\n<link rel=\"canonical\" href=\"https:\/\/www.apfelpatient.de\/en\/news\/apple-surprises-with-strong-growth-in-mac-sales\" \/>\n<meta property=\"og:locale\" content=\"en_US\" \/>\n<meta property=\"og:type\" content=\"article\" \/>\n<meta property=\"og:title\" content=\"Apple \u00fcberrascht mit starkem Wachstum bei Mac-Verk\u00e4ufen\" \/>\n<meta property=\"og:description\" content=\"Apple erzielt im dritten Quartal 2025 starkes Wachstum. Macs legen um 14,9 % zu \u2013 fast doppelt so viel wie der gesamte PC-Markt.\" \/>\n<meta property=\"og:url\" content=\"https:\/\/www.apfelpatient.de\/en\/news\/apple-surprises-with-strong-growth-in-mac-sales\" \/>\n<meta property=\"og:site_name\" content=\"Apfelpatient\" \/>\n<meta property=\"article:publisher\" content=\"https:\/\/www.facebook.com\/apfelpatientOfficial\" \/>\n<meta property=\"article:author\" content=\"https:\/\/www.facebook.com\/apfelpatientOfficial\" \/>\n<meta property=\"article:published_time\" content=\"2025-10-23T22:03:53+00:00\" \/>\n<meta property=\"article:modified_time\" content=\"2025-10-23T22:05:06+00:00\" \/>\n<meta property=\"og:image\" content=\"https:\/\/www.apfelpatient.de\/wp-content\/uploads\/2025\/10\/Apple-Mac-Devices.jpeg\" \/>\n\t<meta property=\"og:image:width\" content=\"1600\" \/>\n\t<meta property=\"og:image:height\" content=\"1067\" \/>\n\t<meta property=\"og:image:type\" content=\"image\/jpeg\" \/>\n<meta name=\"author\" content=\"Milan\" \/>\n<meta name=\"twitter:card\" content=\"summary_large_image\" \/>\n<meta name=\"twitter:description\" content=\"Apple erzielt im dritten Quartal 2025 starkes Wachstum. Macs legen um 14,9 % zu \u2013 fast doppelt so viel wie der gesamte PC-Markt.\" \/>\n<meta name=\"twitter:label1\" content=\"Written by\" \/>\n\t<meta name=\"twitter:data1\" content=\"Milan\" \/>\n\t<meta name=\"twitter:label2\" content=\"Est. reading time\" \/>\n\t<meta name=\"twitter:data2\" content=\"5 minutes\" \/>\n<script type=\"application\/ld+json\" class=\"yoast-schema-graph\">{\"@context\":\"https:\\\/\\\/schema.org\",\"@graph\":[{\"@type\":\"NewsArticle\",\"@id\":\"https:\\\/\\\/www.apfelpatient.de\\\/news\\\/apple-ueberrascht-mit-starkem-wachstum-bei-mac-verkaeufen#article\",\"isPartOf\":{\"@id\":\"https:\\\/\\\/www.apfelpatient.de\\\/news\\\/apple-ueberrascht-mit-starkem-wachstum-bei-mac-verkaeufen\"},\"author\":{\"@type\":\"Organization\",\"@id\":\"https:\\\/\\\/www.apfelpatient.de\\\/en\\\/#organization\",\"name\":\"Apfelpatient\",\"url\":\"https:\\\/\\\/www.apfelpatient.de\\\/en\\\/\"},\"headline\":\"Apple \u00fcberrascht mit starkem Wachstum bei Mac-Verk\u00e4ufen\",\"datePublished\":\"2025-10-23T22:03:53+00:00\",\"dateModified\":\"2025-10-23T22:05:06+00:00\",\"mainEntityOfPage\":{\"@id\":\"https:\\\/\\\/www.apfelpatient.de\\\/news\\\/apple-ueberrascht-mit-starkem-wachstum-bei-mac-verkaeufen\"},\"wordCount\":817,\"publisher\":{\"@type\":\"Organization\",\"@id\":\"https:\\\/\\\/www.apfelpatient.de\\\/en\\\/#organization\",\"name\":\"Apfelpatient\",\"url\":\"https:\\\/\\\/www.apfelpatient.de\\\/en\\\/\"},\"image\":{\"@id\":\"https:\\\/\\\/www.apfelpatient.de\\\/news\\\/apple-ueberrascht-mit-starkem-wachstum-bei-mac-verkaeufen#primaryimage\"},\"thumbnailUrl\":\"https:\\\/\\\/www.apfelpatient.de\\\/wp-content\\\/uploads\\\/2025\\\/10\\\/Apple-Mac-Devices.jpeg\",\"keywords\":[\"Mac\",\"TechPatient\"],\"articleSection\":\"News\",\"inLanguage\":\"en-US\",\"copyrightYear\":\"2025\",\"copyrightHolder\":{\"@id\":\"https:\\\/\\\/www.apfelpatient.de\\\/en\\\/#organization\"}},{\"@type\":\"WebPage\",\"@id\":\"https:\\\/\\\/www.apfelpatient.de\\\/news\\\/apple-ueberrascht-mit-starkem-wachstum-bei-mac-verkaeufen\",\"url\":\"https:\\\/\\\/www.apfelpatient.de\\\/news\\\/apple-ueberrascht-mit-starkem-wachstum-bei-mac-verkaeufen\",\"name\":\"Apple \u00fcberrascht mit starkem Wachstum bei Mac-Verk\u00e4ufen Apfelpatient\",\"isPartOf\":{\"@id\":\"https:\\\/\\\/www.apfelpatient.de\\\/#website\"},\"primaryImageOfPage\":{\"@id\":\"https:\\\/\\\/www.apfelpatient.de\\\/news\\\/apple-ueberrascht-mit-starkem-wachstum-bei-mac-verkaeufen#primaryimage\"},\"image\":{\"@id\":\"https:\\\/\\\/www.apfelpatient.de\\\/news\\\/apple-ueberrascht-mit-starkem-wachstum-bei-mac-verkaeufen#primaryimage\"},\"thumbnailUrl\":\"https:\\\/\\\/www.apfelpatient.de\\\/wp-content\\\/uploads\\\/2025\\\/10\\\/Apple-Mac-Devices.jpeg\",\"datePublished\":\"2025-10-23T22:03:53+00:00\",\"dateModified\":\"2025-10-23T22:05:06+00:00\",\"description\":\"Apple erzielt im dritten Quartal 2025 starkes Wachstum. Macs legen um 14,9 % zu \u2013 fast doppelt so viel wie der gesamte PC-Markt.\",\"breadcrumb\":{\"@id\":\"https:\\\/\\\/www.apfelpatient.de\\\/news\\\/apple-ueberrascht-mit-starkem-wachstum-bei-mac-verkaeufen#breadcrumb\"},\"inLanguage\":\"en-US\",\"potentialAction\":[{\"@type\":\"ReadAction\",\"target\":[\"https:\\\/\\\/www.apfelpatient.de\\\/news\\\/apple-ueberrascht-mit-starkem-wachstum-bei-mac-verkaeufen\"]}]},{\"@type\":\"ImageObject\",\"inLanguage\":\"en-US\",\"@id\":\"https:\\\/\\\/www.apfelpatient.de\\\/news\\\/apple-ueberrascht-mit-starkem-wachstum-bei-mac-verkaeufen#primaryimage\",\"url\":\"https:\\\/\\\/www.apfelpatient.de\\\/wp-content\\\/uploads\\\/2025\\\/10\\\/Apple-Mac-Devices.jpeg\",\"contentUrl\":\"https:\\\/\\\/www.apfelpatient.de\\\/wp-content\\\/uploads\\\/2025\\\/10\\\/Apple-Mac-Devices.jpeg\",\"width\":1600,\"height\":1067,\"caption\":\"Bild: Apple\"},{\"@type\":\"BreadcrumbList\",\"@id\":\"https:\\\/\\\/www.apfelpatient.de\\\/news\\\/apple-ueberrascht-mit-starkem-wachstum-bei-mac-verkaeufen#breadcrumb\",\"itemListElement\":[{\"@type\":\"ListItem\",\"position\":1,\"name\":\"Startseite\",\"item\":\"https:\\\/\\\/www.apfelpatient.de\\\/\"},{\"@type\":\"ListItem\",\"position\":2,\"name\":\"Apple \u00fcberrascht mit starkem Wachstum bei Mac-Verk\u00e4ufen\"}]},{\"@type\":\"WebSite\",\"@id\":\"https:\\\/\\\/www.apfelpatient.de\\\/#website\",\"url\":\"https:\\\/\\\/www.apfelpatient.de\\\/\",\"name\":\"Apfelpatient\",\"description\":\"Alles rund um Apple!\",\"publisher\":{\"@type\":\"Organization\",\"@id\":\"https:\\\/\\\/www.apfelpatient.de\\\/en\\\/#organization\",\"name\":\"Apfelpatient\",\"url\":\"https:\\\/\\\/www.apfelpatient.de\\\/en\\\/\"},\"alternateName\":\"Apfelpatient\",\"potentialAction\":[{\"@type\":\"SearchAction\",\"target\":{\"@type\":\"EntryPoint\",\"urlTemplate\":\"https:\\\/\\\/www.apfelpatient.de\\\/?s={search_term_string}\"},\"query-input\":{\"@type\":\"PropertyValueSpecification\",\"valueRequired\":true,\"valueName\":\"search_term_string\"}}],\"inLanguage\":\"en-US\"},{\"@type\":[\"Person\",\"Organization\"],\"@id\":\"https:\\\/\\\/www.apfelpatient.de\\\/#\\\/schema\\\/person\\\/7dc56ad6c8e9824b76d2c08d4c140e13\",\"name\":\"Milan\",\"logo\":{\"@id\":\"https:\\\/\\\/www.apfelpatient.de\\\/#\\\/schema\\\/person\\\/image\\\/\"},\"description\":\"Hallo und herzlich willkommen auf meinem Technik-Blog! Als gro\u00dfer Apple-Fan berichte ich hier \u00fcber alles, was mit Apple zu tun hat: von den neuesten News und spannenden Ger\u00fcchten \u00fcber hilfreiche Tipps und Tricks bis hin zu ausf\u00fchrlichen Produkttests. Wenn du genauso technikbegeistert bist wie ich, bist du hier genau richtig!\",\"sameAs\":[\"https:\\\/\\\/www.facebook.com\\\/apfelpatientOfficial\",\"https:\\\/\\\/www.linkedin.com\\\/in\\\/milan-jovicic-42aa0231b\"],\"url\":\"https:\\\/\\\/www.apfelpatient.de\\\/en\\\/author\\\/apfeladmin\"}]}<\/script>\n<!-- \/ Yoast SEO Premium plugin. -->","yoast_head_json":{"title":"Apple surprises with strong growth in Mac sales Apfelpatient","description":"Apple achieved strong growth in the third quarter of 2025. Macs grew by 14.9 percent\u2014almost twice as much as the entire PC market.","robots":{"index":"index","follow":"follow","max-snippet":"max-snippet:-1","max-image-preview":"max-image-preview:large","max-video-preview":"max-video-preview:-1"},"canonical":"https:\/\/www.apfelpatient.de\/en\/news\/apple-surprises-with-strong-growth-in-mac-sales","og_locale":"en_US","og_type":"article","og_title":"Apple \u00fcberrascht mit starkem Wachstum bei Mac-Verk\u00e4ufen","og_description":"Apple erzielt im dritten Quartal 2025 starkes Wachstum. Macs legen um 14,9 % zu \u2013 fast doppelt so viel wie der gesamte PC-Markt.","og_url":"https:\/\/www.apfelpatient.de\/en\/news\/apple-surprises-with-strong-growth-in-mac-sales","og_site_name":"Apfelpatient","article_publisher":"https:\/\/www.facebook.com\/apfelpatientOfficial","article_author":"https:\/\/www.facebook.com\/apfelpatientOfficial","article_published_time":"2025-10-23T22:03:53+00:00","article_modified_time":"2025-10-23T22:05:06+00:00","og_image":[{"width":1600,"height":1067,"url":"https:\/\/www.apfelpatient.de\/wp-content\/uploads\/2025\/10\/Apple-Mac-Devices.jpeg","type":"image\/jpeg"}],"author":"Milan","twitter_card":"summary_large_image","twitter_description":"Apple erzielt im dritten Quartal 2025 starkes Wachstum. Macs legen um 14,9 % zu \u2013 fast doppelt so viel wie der gesamte PC-Markt.","twitter_misc":{"Written by":"Milan","Est. reading time":"5 minutes"},"schema":{"@context":"https:\/\/schema.org","@graph":[{"@type":"NewsArticle","@id":"https:\/\/www.apfelpatient.de\/news\/apple-ueberrascht-mit-starkem-wachstum-bei-mac-verkaeufen#article","isPartOf":{"@id":"https:\/\/www.apfelpatient.de\/news\/apple-ueberrascht-mit-starkem-wachstum-bei-mac-verkaeufen"},"author":{"@type":"Organization","@id":"https:\/\/www.apfelpatient.de\/en\/#organization","name":"Apfelpatient","url":"https:\/\/www.apfelpatient.de\/en\/"},"headline":"Apple \u00fcberrascht mit starkem Wachstum bei Mac-Verk\u00e4ufen","datePublished":"2025-10-23T22:03:53+00:00","dateModified":"2025-10-23T22:05:06+00:00","mainEntityOfPage":{"@id":"https:\/\/www.apfelpatient.de\/news\/apple-ueberrascht-mit-starkem-wachstum-bei-mac-verkaeufen"},"wordCount":817,"publisher":{"@type":"Organization","@id":"https:\/\/www.apfelpatient.de\/en\/#organization","name":"Apfelpatient","url":"https:\/\/www.apfelpatient.de\/en\/"},"image":{"@id":"https:\/\/www.apfelpatient.de\/news\/apple-ueberrascht-mit-starkem-wachstum-bei-mac-verkaeufen#primaryimage"},"thumbnailUrl":"https:\/\/www.apfelpatient.de\/wp-content\/uploads\/2025\/10\/Apple-Mac-Devices.jpeg","keywords":["Mac","TechPatient"],"articleSection":"News","inLanguage":"en-US","copyrightYear":"2025","copyrightHolder":{"@id":"https:\/\/www.apfelpatient.de\/en\/#organization"}},{"@type":"WebPage","@id":"https:\/\/www.apfelpatient.de\/news\/apple-ueberrascht-mit-starkem-wachstum-bei-mac-verkaeufen","url":"https:\/\/www.apfelpatient.de\/news\/apple-ueberrascht-mit-starkem-wachstum-bei-mac-verkaeufen","name":"Apple surprises with strong growth in Mac sales Apfelpatient","isPartOf":{"@id":"https:\/\/www.apfelpatient.de\/#website"},"primaryImageOfPage":{"@id":"https:\/\/www.apfelpatient.de\/news\/apple-ueberrascht-mit-starkem-wachstum-bei-mac-verkaeufen#primaryimage"},"image":{"@id":"https:\/\/www.apfelpatient.de\/news\/apple-ueberrascht-mit-starkem-wachstum-bei-mac-verkaeufen#primaryimage"},"thumbnailUrl":"https:\/\/www.apfelpatient.de\/wp-content\/uploads\/2025\/10\/Apple-Mac-Devices.jpeg","datePublished":"2025-10-23T22:03:53+00:00","dateModified":"2025-10-23T22:05:06+00:00","description":"Apple achieved strong growth in the third quarter of 2025. Macs grew by 14.9 percent\u2014almost twice as much as the entire PC market.","breadcrumb":{"@id":"https:\/\/www.apfelpatient.de\/news\/apple-ueberrascht-mit-starkem-wachstum-bei-mac-verkaeufen#breadcrumb"},"inLanguage":"en-US","potentialAction":[{"@type":"ReadAction","target":["https:\/\/www.apfelpatient.de\/news\/apple-ueberrascht-mit-starkem-wachstum-bei-mac-verkaeufen"]}]},{"@type":"ImageObject","inLanguage":"en-US","@id":"https:\/\/www.apfelpatient.de\/news\/apple-ueberrascht-mit-starkem-wachstum-bei-mac-verkaeufen#primaryimage","url":"https:\/\/www.apfelpatient.de\/wp-content\/uploads\/2025\/10\/Apple-Mac-Devices.jpeg","contentUrl":"https:\/\/www.apfelpatient.de\/wp-content\/uploads\/2025\/10\/Apple-Mac-Devices.jpeg","width":1600,"height":1067,"caption":"Bild: Apple"},{"@type":"BreadcrumbList","@id":"https:\/\/www.apfelpatient.de\/news\/apple-ueberrascht-mit-starkem-wachstum-bei-mac-verkaeufen#breadcrumb","itemListElement":[{"@type":"ListItem","position":1,"name":"Startseite","item":"https:\/\/www.apfelpatient.de\/"},{"@type":"ListItem","position":2,"name":"Apple \u00fcberrascht mit starkem Wachstum bei Mac-Verk\u00e4ufen"}]},{"@type":"WebSite","@id":"https:\/\/www.apfelpatient.de\/#website","url":"https:\/\/www.apfelpatient.de\/","name":"apple patient","description":"Everything about Apple!","publisher":{"@type":"Organization","@id":"https:\/\/www.apfelpatient.de\/en\/#organization","name":"Apfelpatient","url":"https:\/\/www.apfelpatient.de\/en\/"},"alternateName":"Apfelpatient","potentialAction":[{"@type":"SearchAction","target":{"@type":"EntryPoint","urlTemplate":"https:\/\/www.apfelpatient.de\/?s={search_term_string}"},"query-input":{"@type":"PropertyValueSpecification","valueRequired":true,"valueName":"search_term_string"}}],"inLanguage":"en-US"},{"@type":["Person","Organization"],"@id":"https:\/\/www.apfelpatient.de\/#\/schema\/person\/7dc56ad6c8e9824b76d2c08d4c140e13","name":"Milan","logo":{"@id":"https:\/\/www.apfelpatient.de\/#\/schema\/person\/image\/"},"description":"Hello and welcome to my technology blog! As a big Apple fan, I report on everything to do with Apple: from the latest news and exciting rumors to helpful tips and tricks and detailed product tests. If you are as enthusiastic about technology as I am, you have come to the right place!","sameAs":["https:\/\/www.facebook.com\/apfelpatientOfficial","https:\/\/www.linkedin.com\/in\/milan-jovicic-42aa0231b"],"url":"https:\/\/www.apfelpatient.de\/en\/author\/apfeladmin"}]}},"_links":{"self":[{"href":"https:\/\/www.apfelpatient.de\/en\/wp-json\/wp\/v2\/posts\/60087","targetHints":{"allow":["GET"]}}],"collection":[{"href":"https:\/\/www.apfelpatient.de\/en\/wp-json\/wp\/v2\/posts"}],"about":[{"href":"https:\/\/www.apfelpatient.de\/en\/wp-json\/wp\/v2\/types\/post"}],"author":[{"embeddable":true,"href":"https:\/\/www.apfelpatient.de\/en\/wp-json\/wp\/v2\/users\/2"}],"replies":[{"embeddable":true,"href":"https:\/\/www.apfelpatient.de\/en\/wp-json\/wp\/v2\/comments?post=60087"}],"version-history":[{"count":0,"href":"https:\/\/www.apfelpatient.de\/en\/wp-json\/wp\/v2\/posts\/60087\/revisions"}],"wp:featuredmedia":[{"embeddable":true,"href":"https:\/\/www.apfelpatient.de\/en\/wp-json\/wp\/v2\/media\/60086"}],"wp:attachment":[{"href":"https:\/\/www.apfelpatient.de\/en\/wp-json\/wp\/v2\/media?parent=60087"}],"wp:term":[{"taxonomy":"category","embeddable":true,"href":"https:\/\/www.apfelpatient.de\/en\/wp-json\/wp\/v2\/categories?post=60087"},{"taxonomy":"post_tag","embeddable":true,"href":"https:\/\/www.apfelpatient.de\/en\/wp-json\/wp\/v2\/tags?post=60087"}],"curies":[{"name":"wp","href":"https:\/\/api.w.org\/{rel}","templated":true}]}}