{"id":60068,"date":"2025-10-23T20:31:29","date_gmt":"2025-10-23T18:31:29","guid":{"rendered":"https:\/\/www.apfelpatient.de\/?p=60068"},"modified":"2025-10-23T20:33:43","modified_gmt":"2025-10-23T18:33:43","slug":"vimeo-expands-3d-support-for-apple-vision-pro","status":"publish","type":"post","link":"https:\/\/www.apfelpatient.de\/en\/news\/vimeo-erweitert-3d-unterstuetzung-fuer-apple-vision-pro","title":{"rendered":"Vimeo expands 3D support for Apple Vision Pro"},"content":{"rendered":"<p class=\"has-drop-cap\"><strong>At its REFRAME event, Vimeo announced support for new 3D video formats on Apple Vision Pro. With this, the company further expands its platform for immersive video and positions itself as one of the first third-party platforms to support multiple Apple-specific 3D formats.<\/strong><\/p>\n\n\n\n<p class=\"translation-block\">Since the launch of the Vimeo app for Apple Vision Pro in October of last year, the range of spatial video content has evolved significantly. The app previously supported Apple&#039;s Spatial Video format, which already provided realistic depth effects. Now, Vimeo <a href=\"https:\/\/reframe.vimeo.com\" target=\"_blank\" rel=\"noreferrer noopener\" data-wpel-link=\"external\">is expanding<\/a> its range of features to include three additional formats: VR180, Apple Immersive Video, and the new Apple Projected Media Profile. The company also announced several new AI-based tools and video management features designed to make working with content more efficient.<\/p>\n\n\n\n<h4 class=\"wp-block-heading\" id=\"h-vr180-etablierter-3d-standard-mit-breitem-sichtfeld\">VR180: Established 3D standard with a wide field of view<\/h4>\n\n\n\n<p>The VR180 format is one of the most popular 3D video formats. It offers a 180-degree field of view and is typically recorded stereoscopically. Compared to 360-degree videos, VR180 is easier to produce because only the front half of the field of view is captured. Vimeo&#039;s new support should therefore lead to an increase in 3D content optimized for Apple Vision Pro.<\/p>\n\n\n\n<h4 class=\"wp-block-heading\" id=\"h-apple-immersive-video-hochwertige-3d-erlebnisse\">Apple Immersive Video: High-quality 3D experiences<\/h4>\n\n\n\n<p>Apple Immersive Video is Apple&#039;s preferred format for spatial content on Apple Vision Pro. It combines stereoscopic 8K video with spatial audio and uses a special projection algorithm that reduces distortion. This algorithm takes the camera used into account, providing a more natural rendering than the standard VR180 algorithm.<\/p>\n\n\n\n<p>Apple uses this format for its own original productions, such as the Wild Life episode about orangutans. Until now, Apple Immersive Video was available exclusively through the Apple TV app outside of mainland China, as well as through Migu Video and Tencent Video in China. The integration with Vimeo marks the first third-party platform supporting this format.<\/p>\n\n\n\n<h4 class=\"wp-block-heading\" id=\"h-apple-projected-media-profile-neues-format-fur-flexible-wiedergabe\">Apple Projected Media Profile: New format for flexible playback<\/h4>\n\n\n\n<p>The Apple Projected Media Profile (APMP) was introduced at WWDC25. It&#039;s a new media profile that supports 180, 360, and wide FOV videos. APMP allows 3D cameras to embed projection data and camera information directly into the file, making it easier and more accurate to display videos on Apple Vision Pro.<\/p>\n\n\n\n<p>The integration of APMP with Vimeo creates a seamless workflow. Videos can be shot with Blackmagic cameras, edited in Final Cut Pro, and then published directly to Vimeo. This creates a seamless production chain for professional creators from capture to immersive playback.<\/p>\n\n\n\n<h4 class=\"wp-block-heading\" id=\"h-weitere-neuerungen-auf-der-vimeo-reframe-veranstaltung\">Further innovations at the Vimeo REFRAME event<\/h4>\n\n\n\n<p>In addition to the new 3D formats, Vimeo has announced several additional features powered by artificial intelligence and efficient workflow management. These include:<\/p>\n\n\n\n<ul class=\"wp-block-list\">\n<li class=\"translation-block\"><strong>Ask Your Library:<\/strong> An advanced, AI-powered search function that allows you to search for content within your Vimeo library.<\/li>\n\n\n\n<li class=\"translation-block\"><strong>MCP support:<\/strong> The integration of multi-creator pipelines allows video libraries to be directly connected to AI agents and large language models.<\/li>\n\n\n\n<li class=\"translation-block\"><strong>Vimeo Review:<\/strong> New features for collaborative feedback management within teams and with customers.<\/li>\n\n\n\n<li class=\"translation-block\"><strong>Answer Engine Optimization:<\/strong> A technology that automatically generates metadata, chapters, and titles to make videos more discoverable.<\/li>\n<\/ul>\n\n\n\n<p>These additions demonstrate that Vimeo is not only focusing on immersive formats, but also on intelligent tools that simplify the production, organization, and publishing of video content.<\/p>\n\n\n\n<h3 class=\"wp-block-heading\" id=\"h-vimeo-starkt-das-okosystem-rund-um-apple-vision-pro\">Vimeo strengthens the ecosystem around Apple Vision Pro<\/h3>\n\n\n\n<p>Apple Vision Pro is considered one of the leading platforms for immersive experiences. Vimeo&#039;s expanded support strengthens this ecosystem and makes spatial video more accessible. The new VR180, Apple Immersive Video, and APMP formats significantly broaden the offerings for creators and viewers. Vimeo is thus further developing into a central platform for high-quality 3D and spatial video and is helping to ensure that Apple Vision Pro becomes even more firmly established in the field of immersive media in the future. (Image: Apple)<\/p>\n\n\n\n<ul class=\"wp-block-list\">\n<li><a href=\"https:\/\/www.apfelpatient.de\/en\/news\/apple-withdraws-app-tracking-protection-due-to-eu-pressure\">Is Apple withdrawing app tracking protection due to EU pressure?<\/a><\/li>\n\n\n\n<li><a href=\"https:\/\/www.apfelpatient.de\/en\/news\/future-iphone-could-get-greater-nfc-range\">Future iPhone could have greater NFC range<\/a><\/li>\n\n\n\n<li><a href=\"https:\/\/www.apfelpatient.de\/en\/news\/iphone-air-production-drops-dramatically-after-sales-slump\">iPhone Air: Production drops drastically after sales slump<\/a><\/li>\n\n\n\n<li><a href=\"https:\/\/www.apfelpatient.de\/en\/news\/apple-stock-in-focus-wells-fargo-raises-target-to-290\">Apple stock in focus: Wells Fargo raises target to $290<\/a><\/li>\n\n\n\n<li><a href=\"https:\/\/www.apfelpatient.de\/en\/news\/apple-vision-pro-not-eligible-for-trade-in-according-to-apple\">Apple Vision Pro not eligible for trade-in, according to Apple<\/a><\/li>\n\n\n\n<li><a href=\"https:\/\/www.apfelpatient.de\/en\/news\/apple-is-working-on-a-tool-for-app-data-migration-to-android\">Apple is working on a tool for app data migration to Android<\/a><\/li>\n\n\n\n<li><a href=\"https:\/\/www.apfelpatient.de\/en\/news\/iphone-air-weakens-apple-relies-on-other-models\">iPhone Air weakens \u2013 Apple relies on other models<\/a><\/li>\n\n\n\n<li><a href=\"https:\/\/www.apfelpatient.de\/en\/news\/apple-vision-pro-apple-relies-on-vietnam-for-production\">Apple Vision Pro \u2013 Apple relies on Vietnam for manufacturing<\/a><\/li>\n\n\n\n<li><a href=\"https:\/\/www.apfelpatient.de\/en\/news\/samsung-galaxy-xr-the-new-mixed-reality-experience\">Samsung Galaxy XR \u2013 The new mixed reality experience<\/a><\/li>\n\n\n\n<li><a href=\"https:\/\/www.apfelpatient.de\/en\/news\/iphone-17-pro-turns-pink-whats-really-behind-it\">iPhone 17 Pro turning pink? What&#039;s really behind it?<\/a><\/li>\n\n\n\n<li><a href=\"https:\/\/www.apfelpatient.de\/en\/news\/iphone-17-booms-wedbush-raises-price-target-for-apple\">iPhone 17 booming \u2013 Wedbush raises price target for Apple<\/a><\/li>\n\n\n\n<li><a href=\"https:\/\/www.apfelpatient.de\/en\/news\/m5-macbook-pro-reviews-apples-professional-laptop-in-a-detailed-test\">M5 MacBook Pro Reviews: Apple&#039;s professional laptop in a detailed test<\/a><\/li>\n\n\n\n<li><a href=\"https:\/\/www.apfelpatient.de\/en\/news\/apple-vision-pro-2025-reviews-more-stable-sharper-better\">Apple Vision Pro 2025 reviews: More stable, sharper, better<\/a><\/li>\n\n\n\n<li><a href=\"https:\/\/www.apfelpatient.de\/en\/news\/new-ai-browser-chatgpt-atlas-more-than-just-a-search\">New AI browser ChatGPT Atlas: More than just a search<\/a><\/li>\n\n\n\n<li><a href=\"https:\/\/www.apfelpatient.de\/en\/news\/shrinking-season-3-premieres-in-january-2026-on-apple-tv\">Shrinking Season 3 starts in January 2026 on Apple TV<\/a><\/li>\n\n\n\n<li><a href=\"https:\/\/www.apfelpatient.de\/en\/news\/whatsapp-warns-of-fraud-new-protection-feature-activated\">WhatsApp warns of fraud: New protection feature active<\/a><\/li>\n\n\n\n<li><a href=\"https:\/\/www.apfelpatient.de\/en\/news\/m5-ipad-pro-reviews-more-performance-less-limit\">M5 iPad Pro reviews: More power, less limit<\/a><\/li>\n\n\n\n<li><a href=\"https:\/\/www.apfelpatient.de\/en\/news\/apple-takes-legal-action-against-the-digital-markets-act\">Apple takes legal action against the Digital Markets Act<\/a><\/li>\n<\/ul>\n\n\n\n<h6 class=\"wp-block-heading translation-block\" id=\"h-kennt-ihr-schon-unsere-amazon-storefront-dort-findet-ihr-eine-handverlesene-auswahl-von-diversen-produkten-f-r-euer-iphone-und-co-viel-spa-beim-st-bern\"><em>Have you already visited our Amazon Storefront? There you&#039;ll find a hand-picked selection of various products for your iPhone and other devices \u2013 <span class=\"has-inline-color has-vivid-red-color\"><a href=\"https:\/\/www.amazon.de\/shop\/apfelpatientofficial\" class=\"ek-link\" data-wpel-link=\"exclude\" rel=\"follow noopener\" target=\"_self\"><span style=\"text-decoration: underline\" class=\"ek-underline\">enjoy browsing<\/span><\/a> !<\/span><\/em><\/h6>\n\n\n\n<h6 class=\"wp-block-heading translation-block\" id=\"h-der-beitrag-enthalt-partnerlinks\">This post contains <a data-type=\"URL\" data-id=\"https:\/\/www.apfelpatient.de\/partnerprogramm\" href=\"https:\/\/www.apfelpatient.de\/en\/partner-program\" data-wpel-link=\"internal\" target=\"_self\">affiliate links<\/a>.<\/h6>","protected":false},"excerpt":{"rendered":"<p>Vimeo expands support for 3D formats to Apple Vision Pro \u2013 including VR180, Immersive Video and the new APMP standard.<\/p>","protected":false},"author":2,"featured_media":60066,"comment_status":"closed","ping_status":"open","sticky":false,"template":"","format":"standard","meta":{"jnews-multi-image_gallery":[],"jnews_single_post":{"format":"standard","override":[{"template":"2","parallax":"1","fullscreen":"1","layout":"right-sidebar","sidebar":"default-sidebar","second_sidebar":"default-sidebar","sticky_sidebar":"1","share_position":"top","share_float_style":"share-monocrhome","show_featured":"1","show_post_meta":"1","show_post_author":"1","show_post_author_image":"1","show_post_date":"1","post_date_format":"default","post_date_format_custom":"Y\/m\/d","show_post_reading_time":"0","post_reading_time_wpm":"300","post_calculate_word_method":"str_word_count","show_zoom_button":"0","zoom_button_out_step":"2","zoom_button_in_step":"3","show_post_tag":"1","show_prev_next_post":"1","show_popup_post":"1","number_popup_post":"1","show_author_box":"0","show_post_related":"0","show_inline_post_related":"0"}],"image_override":[{"single_post_thumbnail_size":"crop-500","single_post_gallery_size":"crop-500"}],"trending_post_position":"meta","trending_post_label":"Trending","sponsored_post_label":"Sponsored by","disable_ad":"0"},"jnews_primary_category":{"id":"9"},"footnotes":""},"categories":[9],"tags":[843,609,844],"class_list":["post-60068","post","type-post","status-publish","format-standard","has-post-thumbnail","hentry","category-news","tag-apple-vision-pro","tag-apple-vr-ar","tag-visionos"],"yoast_head":"<!-- This site is optimized with the Yoast SEO Premium plugin v27.4 (Yoast SEO v27.4) - https:\/\/yoast.com\/product\/yoast-seo-premium-wordpress\/ -->\n<title>Vimeo erweitert 3D-Unterst\u00fctzung f\u00fcr Apple Vision Pro Apfelpatient<\/title>\n<meta name=\"description\" content=\"Vimeo erweitert die Unterst\u00fctzung f\u00fcr 3D-Formate auf Apple Vision Pro \u2013 inklusive VR180, Immersive Video und dem neuen APMP-Standard.\" \/>\n<meta name=\"robots\" content=\"index, follow, max-snippet:-1, max-image-preview:large, max-video-preview:-1\" \/>\n<link rel=\"canonical\" href=\"https:\/\/www.apfelpatient.de\/en\/news\/vimeo-expands-3d-support-for-apple-vision-pro\" \/>\n<meta property=\"og:locale\" content=\"en_US\" \/>\n<meta property=\"og:type\" content=\"article\" \/>\n<meta property=\"og:title\" content=\"Vimeo erweitert 3D-Unterst\u00fctzung f\u00fcr Apple Vision Pro\" \/>\n<meta property=\"og:description\" content=\"Vimeo erweitert die Unterst\u00fctzung f\u00fcr 3D-Formate auf Apple Vision Pro \u2013 inklusive VR180, Immersive Video und dem neuen APMP-Standard.\" \/>\n<meta property=\"og:url\" content=\"https:\/\/www.apfelpatient.de\/en\/news\/vimeo-expands-3d-support-for-apple-vision-pro\" \/>\n<meta property=\"og:site_name\" content=\"Apfelpatient\" \/>\n<meta property=\"article:publisher\" content=\"https:\/\/www.facebook.com\/apfelpatientOfficial\" \/>\n<meta property=\"article:author\" content=\"https:\/\/www.facebook.com\/apfelpatientOfficial\" \/>\n<meta property=\"article:published_time\" content=\"2025-10-23T18:31:29+00:00\" \/>\n<meta property=\"article:modified_time\" content=\"2025-10-23T18:33:43+00:00\" \/>\n<meta property=\"og:image\" content=\"https:\/\/www.apfelpatient.de\/wp-content\/uploads\/2025\/10\/Apple-Vision-Pro-availability-visionOS-home-1.jpg\" \/>\n\t<meta property=\"og:image:width\" content=\"1600\" \/>\n\t<meta property=\"og:image:height\" content=\"900\" \/>\n\t<meta property=\"og:image:type\" content=\"image\/jpeg\" \/>\n<meta name=\"author\" content=\"Milan\" \/>\n<meta name=\"twitter:card\" content=\"summary_large_image\" \/>\n<meta name=\"twitter:description\" content=\"Vimeo erweitert die Unterst\u00fctzung f\u00fcr 3D-Formate auf Apple Vision Pro \u2013 inklusive VR180, Immersive Video und dem neuen APMP-Standard.\" \/>\n<meta name=\"twitter:label1\" content=\"Written by\" \/>\n\t<meta name=\"twitter:data1\" content=\"Milan\" \/>\n\t<meta name=\"twitter:label2\" content=\"Est. reading time\" \/>\n\t<meta name=\"twitter:data2\" content=\"5 minutes\" \/>\n<script type=\"application\/ld+json\" class=\"yoast-schema-graph\">{\"@context\":\"https:\\\/\\\/schema.org\",\"@graph\":[{\"@type\":\"NewsArticle\",\"@id\":\"https:\\\/\\\/www.apfelpatient.de\\\/news\\\/vimeo-erweitert-3d-unterstuetzung-fuer-apple-vision-pro#article\",\"isPartOf\":{\"@id\":\"https:\\\/\\\/www.apfelpatient.de\\\/news\\\/vimeo-erweitert-3d-unterstuetzung-fuer-apple-vision-pro\"},\"author\":{\"@type\":\"Organization\",\"@id\":\"https:\\\/\\\/www.apfelpatient.de\\\/en\\\/#organization\",\"name\":\"Apfelpatient\",\"url\":\"https:\\\/\\\/www.apfelpatient.de\\\/en\\\/\"},\"headline\":\"Vimeo erweitert 3D-Unterst\u00fctzung f\u00fcr Apple Vision Pro\",\"datePublished\":\"2025-10-23T18:31:29+00:00\",\"dateModified\":\"2025-10-23T18:33:43+00:00\",\"mainEntityOfPage\":{\"@id\":\"https:\\\/\\\/www.apfelpatient.de\\\/news\\\/vimeo-erweitert-3d-unterstuetzung-fuer-apple-vision-pro\"},\"wordCount\":805,\"publisher\":{\"@type\":\"Organization\",\"@id\":\"https:\\\/\\\/www.apfelpatient.de\\\/en\\\/#organization\",\"name\":\"Apfelpatient\",\"url\":\"https:\\\/\\\/www.apfelpatient.de\\\/en\\\/\"},\"image\":{\"@id\":\"https:\\\/\\\/www.apfelpatient.de\\\/news\\\/vimeo-erweitert-3d-unterstuetzung-fuer-apple-vision-pro#primaryimage\"},\"thumbnailUrl\":\"https:\\\/\\\/www.apfelpatient.de\\\/wp-content\\\/uploads\\\/2025\\\/10\\\/Apple-Vision-Pro-availability-visionOS-home-1.jpg\",\"keywords\":[\"Apple Vision Pro\",\"Apple VR\\\/AR\",\"visionOS\"],\"articleSection\":\"News\",\"inLanguage\":\"en-US\",\"copyrightYear\":\"2025\",\"copyrightHolder\":{\"@id\":\"https:\\\/\\\/www.apfelpatient.de\\\/en\\\/#organization\"}},{\"@type\":\"WebPage\",\"@id\":\"https:\\\/\\\/www.apfelpatient.de\\\/news\\\/vimeo-erweitert-3d-unterstuetzung-fuer-apple-vision-pro\",\"url\":\"https:\\\/\\\/www.apfelpatient.de\\\/news\\\/vimeo-erweitert-3d-unterstuetzung-fuer-apple-vision-pro\",\"name\":\"Vimeo erweitert 3D-Unterst\u00fctzung f\u00fcr Apple Vision Pro Apfelpatient\",\"isPartOf\":{\"@id\":\"https:\\\/\\\/www.apfelpatient.de\\\/#website\"},\"primaryImageOfPage\":{\"@id\":\"https:\\\/\\\/www.apfelpatient.de\\\/news\\\/vimeo-erweitert-3d-unterstuetzung-fuer-apple-vision-pro#primaryimage\"},\"image\":{\"@id\":\"https:\\\/\\\/www.apfelpatient.de\\\/news\\\/vimeo-erweitert-3d-unterstuetzung-fuer-apple-vision-pro#primaryimage\"},\"thumbnailUrl\":\"https:\\\/\\\/www.apfelpatient.de\\\/wp-content\\\/uploads\\\/2025\\\/10\\\/Apple-Vision-Pro-availability-visionOS-home-1.jpg\",\"datePublished\":\"2025-10-23T18:31:29+00:00\",\"dateModified\":\"2025-10-23T18:33:43+00:00\",\"description\":\"Vimeo erweitert die Unterst\u00fctzung f\u00fcr 3D-Formate auf Apple Vision Pro \u2013 inklusive VR180, Immersive Video und dem neuen APMP-Standard.\",\"breadcrumb\":{\"@id\":\"https:\\\/\\\/www.apfelpatient.de\\\/news\\\/vimeo-erweitert-3d-unterstuetzung-fuer-apple-vision-pro#breadcrumb\"},\"inLanguage\":\"en-US\",\"potentialAction\":[{\"@type\":\"ReadAction\",\"target\":[\"https:\\\/\\\/www.apfelpatient.de\\\/news\\\/vimeo-erweitert-3d-unterstuetzung-fuer-apple-vision-pro\"]}]},{\"@type\":\"ImageObject\",\"inLanguage\":\"en-US\",\"@id\":\"https:\\\/\\\/www.apfelpatient.de\\\/news\\\/vimeo-erweitert-3d-unterstuetzung-fuer-apple-vision-pro#primaryimage\",\"url\":\"https:\\\/\\\/www.apfelpatient.de\\\/wp-content\\\/uploads\\\/2025\\\/10\\\/Apple-Vision-Pro-availability-visionOS-home-1.jpg\",\"contentUrl\":\"https:\\\/\\\/www.apfelpatient.de\\\/wp-content\\\/uploads\\\/2025\\\/10\\\/Apple-Vision-Pro-availability-visionOS-home-1.jpg\",\"width\":1600,\"height\":900,\"caption\":\"Bild: Apple\"},{\"@type\":\"BreadcrumbList\",\"@id\":\"https:\\\/\\\/www.apfelpatient.de\\\/news\\\/vimeo-erweitert-3d-unterstuetzung-fuer-apple-vision-pro#breadcrumb\",\"itemListElement\":[{\"@type\":\"ListItem\",\"position\":1,\"name\":\"Startseite\",\"item\":\"https:\\\/\\\/www.apfelpatient.de\\\/\"},{\"@type\":\"ListItem\",\"position\":2,\"name\":\"Vimeo erweitert 3D-Unterst\u00fctzung f\u00fcr Apple Vision Pro\"}]},{\"@type\":\"WebSite\",\"@id\":\"https:\\\/\\\/www.apfelpatient.de\\\/#website\",\"url\":\"https:\\\/\\\/www.apfelpatient.de\\\/\",\"name\":\"Apfelpatient\",\"description\":\"Alles rund um Apple!\",\"publisher\":{\"@type\":\"Organization\",\"@id\":\"https:\\\/\\\/www.apfelpatient.de\\\/en\\\/#organization\",\"name\":\"Apfelpatient\",\"url\":\"https:\\\/\\\/www.apfelpatient.de\\\/en\\\/\"},\"alternateName\":\"Apfelpatient\",\"potentialAction\":[{\"@type\":\"SearchAction\",\"target\":{\"@type\":\"EntryPoint\",\"urlTemplate\":\"https:\\\/\\\/www.apfelpatient.de\\\/?s={search_term_string}\"},\"query-input\":{\"@type\":\"PropertyValueSpecification\",\"valueRequired\":true,\"valueName\":\"search_term_string\"}}],\"inLanguage\":\"en-US\"},{\"@type\":[\"Person\",\"Organization\"],\"@id\":\"https:\\\/\\\/www.apfelpatient.de\\\/#\\\/schema\\\/person\\\/7dc56ad6c8e9824b76d2c08d4c140e13\",\"name\":\"Milan\",\"logo\":{\"@id\":\"https:\\\/\\\/www.apfelpatient.de\\\/#\\\/schema\\\/person\\\/image\\\/\"},\"description\":\"Hallo und herzlich willkommen auf meinem Technik-Blog! Als gro\u00dfer Apple-Fan berichte ich hier \u00fcber alles, was mit Apple zu tun hat: von den neuesten News und spannenden Ger\u00fcchten \u00fcber hilfreiche Tipps und Tricks bis hin zu ausf\u00fchrlichen Produkttests. Wenn du genauso technikbegeistert bist wie ich, bist du hier genau richtig!\",\"sameAs\":[\"https:\\\/\\\/www.facebook.com\\\/apfelpatientOfficial\",\"https:\\\/\\\/www.linkedin.com\\\/in\\\/milan-jovicic-42aa0231b\"],\"url\":\"https:\\\/\\\/www.apfelpatient.de\\\/en\\\/author\\\/apfeladmin\"}]}<\/script>\n<!-- \/ Yoast SEO Premium plugin. -->","yoast_head_json":{"title":"Vimeo expands 3D support for Apple Vision Pro Apfelpatient","description":"Vimeo expands support for 3D formats to Apple Vision Pro \u2013 including VR180, Immersive Video and the new APMP standard.","robots":{"index":"index","follow":"follow","max-snippet":"max-snippet:-1","max-image-preview":"max-image-preview:large","max-video-preview":"max-video-preview:-1"},"canonical":"https:\/\/www.apfelpatient.de\/en\/news\/vimeo-expands-3d-support-for-apple-vision-pro","og_locale":"en_US","og_type":"article","og_title":"Vimeo erweitert 3D-Unterst\u00fctzung f\u00fcr Apple Vision Pro","og_description":"Vimeo erweitert die Unterst\u00fctzung f\u00fcr 3D-Formate auf Apple Vision Pro \u2013 inklusive VR180, Immersive Video und dem neuen APMP-Standard.","og_url":"https:\/\/www.apfelpatient.de\/en\/news\/vimeo-expands-3d-support-for-apple-vision-pro","og_site_name":"Apfelpatient","article_publisher":"https:\/\/www.facebook.com\/apfelpatientOfficial","article_author":"https:\/\/www.facebook.com\/apfelpatientOfficial","article_published_time":"2025-10-23T18:31:29+00:00","article_modified_time":"2025-10-23T18:33:43+00:00","og_image":[{"width":1600,"height":900,"url":"https:\/\/www.apfelpatient.de\/wp-content\/uploads\/2025\/10\/Apple-Vision-Pro-availability-visionOS-home-1.jpg","type":"image\/jpeg"}],"author":"Milan","twitter_card":"summary_large_image","twitter_description":"Vimeo erweitert die Unterst\u00fctzung f\u00fcr 3D-Formate auf Apple Vision Pro \u2013 inklusive VR180, Immersive Video und dem neuen APMP-Standard.","twitter_misc":{"Written by":"Milan","Est. reading time":"5 minutes"},"schema":{"@context":"https:\/\/schema.org","@graph":[{"@type":"NewsArticle","@id":"https:\/\/www.apfelpatient.de\/news\/vimeo-erweitert-3d-unterstuetzung-fuer-apple-vision-pro#article","isPartOf":{"@id":"https:\/\/www.apfelpatient.de\/news\/vimeo-erweitert-3d-unterstuetzung-fuer-apple-vision-pro"},"author":{"@type":"Organization","@id":"https:\/\/www.apfelpatient.de\/en\/#organization","name":"Apfelpatient","url":"https:\/\/www.apfelpatient.de\/en\/"},"headline":"Vimeo erweitert 3D-Unterst\u00fctzung f\u00fcr Apple Vision Pro","datePublished":"2025-10-23T18:31:29+00:00","dateModified":"2025-10-23T18:33:43+00:00","mainEntityOfPage":{"@id":"https:\/\/www.apfelpatient.de\/news\/vimeo-erweitert-3d-unterstuetzung-fuer-apple-vision-pro"},"wordCount":805,"publisher":{"@type":"Organization","@id":"https:\/\/www.apfelpatient.de\/en\/#organization","name":"Apfelpatient","url":"https:\/\/www.apfelpatient.de\/en\/"},"image":{"@id":"https:\/\/www.apfelpatient.de\/news\/vimeo-erweitert-3d-unterstuetzung-fuer-apple-vision-pro#primaryimage"},"thumbnailUrl":"https:\/\/www.apfelpatient.de\/wp-content\/uploads\/2025\/10\/Apple-Vision-Pro-availability-visionOS-home-1.jpg","keywords":["Apple Vision Pro","Apple VR\/AR","visionOS"],"articleSection":"News","inLanguage":"en-US","copyrightYear":"2025","copyrightHolder":{"@id":"https:\/\/www.apfelpatient.de\/en\/#organization"}},{"@type":"WebPage","@id":"https:\/\/www.apfelpatient.de\/news\/vimeo-erweitert-3d-unterstuetzung-fuer-apple-vision-pro","url":"https:\/\/www.apfelpatient.de\/news\/vimeo-erweitert-3d-unterstuetzung-fuer-apple-vision-pro","name":"Vimeo expands 3D support for Apple Vision Pro Apfelpatient","isPartOf":{"@id":"https:\/\/www.apfelpatient.de\/#website"},"primaryImageOfPage":{"@id":"https:\/\/www.apfelpatient.de\/news\/vimeo-erweitert-3d-unterstuetzung-fuer-apple-vision-pro#primaryimage"},"image":{"@id":"https:\/\/www.apfelpatient.de\/news\/vimeo-erweitert-3d-unterstuetzung-fuer-apple-vision-pro#primaryimage"},"thumbnailUrl":"https:\/\/www.apfelpatient.de\/wp-content\/uploads\/2025\/10\/Apple-Vision-Pro-availability-visionOS-home-1.jpg","datePublished":"2025-10-23T18:31:29+00:00","dateModified":"2025-10-23T18:33:43+00:00","description":"Vimeo expands support for 3D formats to Apple Vision Pro \u2013 including VR180, Immersive Video and the new APMP standard.","breadcrumb":{"@id":"https:\/\/www.apfelpatient.de\/news\/vimeo-erweitert-3d-unterstuetzung-fuer-apple-vision-pro#breadcrumb"},"inLanguage":"en-US","potentialAction":[{"@type":"ReadAction","target":["https:\/\/www.apfelpatient.de\/news\/vimeo-erweitert-3d-unterstuetzung-fuer-apple-vision-pro"]}]},{"@type":"ImageObject","inLanguage":"en-US","@id":"https:\/\/www.apfelpatient.de\/news\/vimeo-erweitert-3d-unterstuetzung-fuer-apple-vision-pro#primaryimage","url":"https:\/\/www.apfelpatient.de\/wp-content\/uploads\/2025\/10\/Apple-Vision-Pro-availability-visionOS-home-1.jpg","contentUrl":"https:\/\/www.apfelpatient.de\/wp-content\/uploads\/2025\/10\/Apple-Vision-Pro-availability-visionOS-home-1.jpg","width":1600,"height":900,"caption":"Bild: Apple"},{"@type":"BreadcrumbList","@id":"https:\/\/www.apfelpatient.de\/news\/vimeo-erweitert-3d-unterstuetzung-fuer-apple-vision-pro#breadcrumb","itemListElement":[{"@type":"ListItem","position":1,"name":"Startseite","item":"https:\/\/www.apfelpatient.de\/"},{"@type":"ListItem","position":2,"name":"Vimeo erweitert 3D-Unterst\u00fctzung f\u00fcr Apple Vision Pro"}]},{"@type":"WebSite","@id":"https:\/\/www.apfelpatient.de\/#website","url":"https:\/\/www.apfelpatient.de\/","name":"apple patient","description":"Everything about Apple!","publisher":{"@type":"Organization","@id":"https:\/\/www.apfelpatient.de\/en\/#organization","name":"Apfelpatient","url":"https:\/\/www.apfelpatient.de\/en\/"},"alternateName":"Apfelpatient","potentialAction":[{"@type":"SearchAction","target":{"@type":"EntryPoint","urlTemplate":"https:\/\/www.apfelpatient.de\/?s={search_term_string}"},"query-input":{"@type":"PropertyValueSpecification","valueRequired":true,"valueName":"search_term_string"}}],"inLanguage":"en-US"},{"@type":["Person","Organization"],"@id":"https:\/\/www.apfelpatient.de\/#\/schema\/person\/7dc56ad6c8e9824b76d2c08d4c140e13","name":"Milan","logo":{"@id":"https:\/\/www.apfelpatient.de\/#\/schema\/person\/image\/"},"description":"Hello and welcome to my technology blog! As a big Apple fan, I report on everything to do with Apple: from the latest news and exciting rumors to helpful tips and tricks and detailed product tests. If you are as enthusiastic about technology as I am, you have come to the right place!","sameAs":["https:\/\/www.facebook.com\/apfelpatientOfficial","https:\/\/www.linkedin.com\/in\/milan-jovicic-42aa0231b"],"url":"https:\/\/www.apfelpatient.de\/en\/author\/apfeladmin"}]}},"_links":{"self":[{"href":"https:\/\/www.apfelpatient.de\/en\/wp-json\/wp\/v2\/posts\/60068","targetHints":{"allow":["GET"]}}],"collection":[{"href":"https:\/\/www.apfelpatient.de\/en\/wp-json\/wp\/v2\/posts"}],"about":[{"href":"https:\/\/www.apfelpatient.de\/en\/wp-json\/wp\/v2\/types\/post"}],"author":[{"embeddable":true,"href":"https:\/\/www.apfelpatient.de\/en\/wp-json\/wp\/v2\/users\/2"}],"replies":[{"embeddable":true,"href":"https:\/\/www.apfelpatient.de\/en\/wp-json\/wp\/v2\/comments?post=60068"}],"version-history":[{"count":0,"href":"https:\/\/www.apfelpatient.de\/en\/wp-json\/wp\/v2\/posts\/60068\/revisions"}],"wp:featuredmedia":[{"embeddable":true,"href":"https:\/\/www.apfelpatient.de\/en\/wp-json\/wp\/v2\/media\/60066"}],"wp:attachment":[{"href":"https:\/\/www.apfelpatient.de\/en\/wp-json\/wp\/v2\/media?parent=60068"}],"wp:term":[{"taxonomy":"category","embeddable":true,"href":"https:\/\/www.apfelpatient.de\/en\/wp-json\/wp\/v2\/categories?post=60068"},{"taxonomy":"post_tag","embeddable":true,"href":"https:\/\/www.apfelpatient.de\/en\/wp-json\/wp\/v2\/tags?post=60068"}],"curies":[{"name":"wp","href":"https:\/\/api.w.org\/{rel}","templated":true}]}}