{"id":60059,"date":"2025-10-23T14:47:48","date_gmt":"2025-10-23T12:47:48","guid":{"rendered":"https:\/\/www.apfelpatient.de\/?p=60059"},"modified":"2025-10-23T14:48:57","modified_gmt":"2025-10-23T12:48:57","slug":"apple-withdraws-app-tracking-protection-due-to-eu-pressure","status":"publish","type":"post","link":"https:\/\/www.apfelpatient.de\/en\/news\/zieht-apple-app-tracking-schutz-wegen-eu-druck-zurueck","title":{"rendered":"Is Apple withdrawing app tracking protection due to EU pressure?"},"content":{"rendered":"<p class=\"has-drop-cap\"><strong>Apple has been considered one of the companies that particularly emphasizes data protection for years. With the &quot;App Tracking Transparency&quot; (ATT) system, introduced in iOS 14.5, the company wanted to demonstrate that it was giving users more control over their data. Since then, apps have been required to ask for permission if they want to track activity for advertising purposes. This principle was seen by many as an important step against excessive data collection. Now, however, the measure is in jeopardy \u2013 especially in Europe, where several antitrust authorities have expressed doubts about Apple&#039;s handling of its own data protection standards.<\/strong><\/p>\n\n\n\n<p>Data is a currency in the digital economy. It determines how precisely targeted advertising is delivered and how successful business models are. Apple has changed the rules of the game with the introduction of ATT. The company presents itself as an advocate of privacy, while competitors like Meta and Google continue to rely on personalized advertising. But the measure that Apple once presented as a protective shield is increasingly coming under pressure itself. Authorities and competitors are questioning whether Apple is adhering to its own rules.<\/p>\n\n\n\n<h4 class=\"wp-block-heading\" id=\"h-app-tracking-transparency-was-dahintersteckt\">App Tracking Transparency \u2013 what\u2019s behind it<\/h4>\n\n\n\n<p>With ATT, Apple has created a feature that determines whether apps can track user behavior across different apps and websites. After updating to iOS 14.5, a notification appears when launching an app, requesting permission. This decision can be made for each app individually or globally in the settings. If tracking is rejected, app providers can no longer collect data about interests, usage habits, or locations.<\/p>\n\n\n\n<p>For many advertisers, this was a setback, as they lost important information for personalized ads. Apple, on the other hand, portrayed the feature as a step toward greater privacy\u2014a clear contrast to the business models of many competitors that rely on extensive data analysis.<\/p>\n\n\n\n<h4 class=\"wp-block-heading\" id=\"h-kritik-durch-wettbewerbsbehorden\">Criticism from competition authorities<\/h4>\n\n\n\n<p>While the system appears consistent at first glance, its implementation is controversial. Several antitrust authorities accuse Apple of applying double standards to its own services. While third-party apps are severely restricted, in-house applications like the App Store are to be allowed to continue collecting data. It is known that the App Store logs user behavior\u2014for example, which apps are viewed or downloaded.<\/p>\n\n\n\n<p>These exceptions are already having consequences: In France, Apple was fined \u20ac150 million. The company appealed, but similar proceedings are underway in other European countries, such as Germany and Italy. Critics argue that Apple is using ATT not only as a data protection measure, but also to strengthen its own market position in digital advertising. Advertisers are now increasingly forced to use Apple&#039;s own advertising platform for iOS campaigns, while third-party providers are disadvantaged by the tracking restrictions.<\/p>\n\n\n\n<h4 class=\"wp-block-heading\" id=\"h-ruckzug-von-att-in-europa\">Withdrawal of ATT in Europe?<\/h4>\n\n\n\n<p class=\"translation-block\"><a href=\"https:\/\/www.handelsblatt.com\/unternehmen\/industrie\/apple-iphone-konzern-koennte-anti-tracking-abfrage-in-deutschland-abschaffen\/100167197.html\" target=\"_blank\" rel=\"noreferrer noopener\" data-wpel-link=\"external\">According to<\/a> Handelsblatt, Apple could partially or completely withdraw ATT in Europe. The company states that this is &quot;to the detriment of European consumers,&quot; but is a response to ongoing competition investigations. Apple emphasizes that it has submitted various proposals to the authorities to find a legally sound solution that would allow the tool to be retained.<\/p>\n\n\n\n<p>The company is receiving support from the US data protection organization Electronic Privacy Information Center (EPIC). The organization considers the allegations against Apple unfounded and argues that ATT does not allow for preferential treatment of its own services. The system only prevents tracking across third-party providers, but not the internal analysis of anonymized usage data.<\/p>\n\n\n\n<p>If Apple were to actually withdraw ATT, it would have a significant impact on data protection in Europe. Without the feature, advertising networks would be able to collect significantly more data about users and create detailed profiles. This would be a step backward at a time when digital privacy is becoming increasingly important to many.<\/p>\n\n\n\n<h3 class=\"wp-block-heading\" id=\"h-apple-vor-der-bewahrungsprobe-halt-die-datenschutzpolitik-stand\">Apple faces a test: Will its data protection policy hold up?<\/h3>\n\n\n\n<p>Apple faces a difficult balancing act between data protection and competition in Europe. The company has set standards with ATT, but its implementation is generating legal disputes and criticism. If the feature were to disappear, it would not only be a setback for Apple&#039;s privacy strategy, but also for many users who have previously had greater control over their data. The decision on the future of ATT will show whether Apple can maintain its privacy policy \u2013 or whether economic pressure and regulatory requirements will undermine the concept. (Image: Apple)<\/p>\n\n\n\n<ul class=\"wp-block-list\">\n<li><a href=\"https:\/\/www.apfelpatient.de\/en\/news\/future-iphone-could-get-greater-nfc-range\">Future iPhone could have greater NFC range<\/a><\/li>\n\n\n\n<li><a href=\"https:\/\/www.apfelpatient.de\/en\/news\/iphone-air-production-drops-dramatically-after-sales-slump\">iPhone Air: Production drops drastically after sales slump<\/a><\/li>\n\n\n\n<li><a href=\"https:\/\/www.apfelpatient.de\/en\/news\/apple-stock-in-focus-wells-fargo-raises-target-to-290\">Apple stock in focus: Wells Fargo raises target to $290<\/a><\/li>\n\n\n\n<li><a href=\"https:\/\/www.apfelpatient.de\/en\/news\/apple-vision-pro-not-eligible-for-trade-in-according-to-apple\">Apple Vision Pro not eligible for trade-in, according to Apple<\/a><\/li>\n\n\n\n<li><a href=\"https:\/\/www.apfelpatient.de\/en\/news\/apple-is-working-on-a-tool-for-app-data-migration-to-android\">Apple is working on a tool for app data migration to Android<\/a><\/li>\n\n\n\n<li><a href=\"https:\/\/www.apfelpatient.de\/en\/news\/iphone-air-weakens-apple-relies-on-other-models\">iPhone Air weakens \u2013 Apple relies on other models<\/a><\/li>\n\n\n\n<li><a href=\"https:\/\/www.apfelpatient.de\/en\/news\/apple-vision-pro-apple-relies-on-vietnam-for-production\">Apple Vision Pro \u2013 Apple relies on Vietnam for manufacturing<\/a><\/li>\n\n\n\n<li><a href=\"https:\/\/www.apfelpatient.de\/en\/news\/samsung-galaxy-xr-the-new-mixed-reality-experience\">Samsung Galaxy XR \u2013 The new mixed reality experience<\/a><\/li>\n\n\n\n<li><a href=\"https:\/\/www.apfelpatient.de\/en\/news\/iphone-17-pro-turns-pink-whats-really-behind-it\">iPhone 17 Pro turning pink? What&#039;s really behind it?<\/a><\/li>\n\n\n\n<li><a href=\"https:\/\/www.apfelpatient.de\/en\/news\/iphone-17-booms-wedbush-raises-price-target-for-apple\">iPhone 17 booming \u2013 Wedbush raises price target for Apple<\/a><\/li>\n\n\n\n<li><a href=\"https:\/\/www.apfelpatient.de\/en\/news\/m5-macbook-pro-reviews-apples-professional-laptop-in-a-detailed-test\">M5 MacBook Pro Reviews: Apple&#039;s professional laptop in a detailed test<\/a><\/li>\n\n\n\n<li><a href=\"https:\/\/www.apfelpatient.de\/en\/news\/apple-vision-pro-2025-reviews-more-stable-sharper-better\">Apple Vision Pro 2025 reviews: More stable, sharper, better<\/a><\/li>\n\n\n\n<li><a href=\"https:\/\/www.apfelpatient.de\/en\/news\/new-ai-browser-chatgpt-atlas-more-than-just-a-search\">New AI browser ChatGPT Atlas: More than just a search<\/a><\/li>\n\n\n\n<li><a href=\"https:\/\/www.apfelpatient.de\/en\/news\/shrinking-season-3-premieres-in-january-2026-on-apple-tv\">Shrinking Season 3 starts in January 2026 on Apple TV<\/a><\/li>\n\n\n\n<li><a href=\"https:\/\/www.apfelpatient.de\/en\/news\/whatsapp-warns-of-fraud-new-protection-feature-activated\">WhatsApp warns of fraud: New protection feature active<\/a><\/li>\n\n\n\n<li><a href=\"https:\/\/www.apfelpatient.de\/en\/news\/m5-ipad-pro-reviews-more-performance-less-limit\">M5 iPad Pro reviews: More power, less limit<\/a><\/li>\n\n\n\n<li><a href=\"https:\/\/www.apfelpatient.de\/en\/news\/apple-takes-legal-action-against-the-digital-markets-act\">Apple takes legal action against the Digital Markets Act<\/a><\/li>\n<\/ul>\n\n\n\n<h6 class=\"wp-block-heading translation-block\" id=\"h-kennt-ihr-schon-unsere-amazon-storefront-dort-findet-ihr-eine-handverlesene-auswahl-von-diversen-produkten-f-r-euer-iphone-und-co-viel-spa-beim-st-bern\"><em>Have you already visited our Amazon Storefront? There you&#039;ll find a hand-picked selection of various products for your iPhone and other devices \u2013 <span class=\"has-inline-color has-vivid-red-color\"><a href=\"https:\/\/www.amazon.de\/shop\/apfelpatientofficial\" class=\"ek-link\" data-wpel-link=\"exclude\" rel=\"follow noopener\" target=\"_self\"><span style=\"text-decoration: underline\" class=\"ek-underline\">enjoy browsing<\/span><\/a> !<\/span><\/em><\/h6>\n\n\n\n<h6 class=\"wp-block-heading translation-block\" id=\"h-der-beitrag-enthalt-partnerlinks\">This post contains <a data-type=\"URL\" data-id=\"https:\/\/www.apfelpatient.de\/partnerprogramm\" href=\"https:\/\/www.apfelpatient.de\/en\/partner-program\" data-wpel-link=\"internal\" target=\"_self\">affiliate links<\/a>.<\/h6>","protected":false},"excerpt":{"rendered":"<p>Is the end of ATT imminent? Apple is coming under fire from authorities in Europe because of its anti-tracking measures \u2013 and is considering withdrawing.<\/p>","protected":false},"author":2,"featured_media":60058,"comment_status":"closed","ping_status":"open","sticky":false,"template":"","format":"standard","meta":{"jnews-multi-image_gallery":[],"jnews_single_post":{"format":"standard","override":[{"template":"2","parallax":"1","fullscreen":"1","layout":"right-sidebar","sidebar":"default-sidebar","second_sidebar":"default-sidebar","sticky_sidebar":"1","share_position":"top","share_float_style":"share-monocrhome","show_featured":"1","show_post_meta":"1","show_post_author":"1","show_post_author_image":"1","show_post_date":"1","post_date_format":"default","post_date_format_custom":"Y\/m\/d","show_post_reading_time":"0","post_reading_time_wpm":"300","post_calculate_word_method":"str_word_count","show_zoom_button":"0","zoom_button_out_step":"2","zoom_button_in_step":"3","show_post_tag":"1","show_prev_next_post":"1","show_popup_post":"1","number_popup_post":"1","show_author_box":"0","show_post_related":"0","show_inline_post_related":"0"}],"image_override":[{"single_post_thumbnail_size":"crop-500","single_post_gallery_size":"crop-500"}],"trending_post_position":"meta","trending_post_label":"Trending","sponsored_post_label":"Sponsored by","disable_ad":"0"},"jnews_primary_category":{"id":"9"},"footnotes":""},"categories":[9],"tags":[34,123,3,33],"class_list":["post-60059","post","type-post","status-publish","format-standard","has-post-thumbnail","hentry","category-news","tag-apple-dienste","tag-eu","tag-ios","tag-ipados"],"yoast_head":"<!-- This site is optimized with the Yoast SEO Premium plugin v27.4 (Yoast SEO v27.4) - https:\/\/yoast.com\/product\/yoast-seo-premium-wordpress\/ -->\n<title>Zieht Apple App-Tracking-Schutz wegen EU-Druck zur\u00fcck? Apfelpatient<\/title>\n<meta name=\"description\" content=\"Droht das Ende von ATT? Apple ger\u00e4t in Europa wegen seiner Anti-Tracking-Ma\u00dfnahme ins Visier der Beh\u00f6rden \u2013 und denkt \u00fcber R\u00fcckzug nach.\" \/>\n<meta name=\"robots\" content=\"index, follow, max-snippet:-1, max-image-preview:large, max-video-preview:-1\" \/>\n<link rel=\"canonical\" href=\"https:\/\/www.apfelpatient.de\/en\/news\/apple-withdraws-app-tracking-protection-due-to-eu-pressure\" \/>\n<meta property=\"og:locale\" content=\"en_US\" \/>\n<meta property=\"og:type\" content=\"article\" \/>\n<meta property=\"og:title\" content=\"Zieht Apple App-Tracking-Schutz wegen EU-Druck zur\u00fcck?\" \/>\n<meta property=\"og:description\" content=\"Droht das Ende von ATT? Apple ger\u00e4t in Europa wegen seiner Anti-Tracking-Ma\u00dfnahme ins Visier der Beh\u00f6rden \u2013 und denkt \u00fcber R\u00fcckzug nach.\" \/>\n<meta property=\"og:url\" content=\"https:\/\/www.apfelpatient.de\/en\/news\/apple-withdraws-app-tracking-protection-due-to-eu-pressure\" \/>\n<meta property=\"og:site_name\" content=\"Apfelpatient\" \/>\n<meta property=\"article:publisher\" content=\"https:\/\/www.facebook.com\/apfelpatientOfficial\" \/>\n<meta property=\"article:author\" content=\"https:\/\/www.facebook.com\/apfelpatientOfficial\" \/>\n<meta property=\"article:published_time\" content=\"2025-10-23T12:47:48+00:00\" \/>\n<meta property=\"article:modified_time\" content=\"2025-10-23T12:48:57+00:00\" \/>\n<meta property=\"og:image\" content=\"https:\/\/www.apfelpatient.de\/wp-content\/uploads\/2025\/10\/Apple-WWDC23-privacy-logo-230605-1.jpg\" \/>\n\t<meta property=\"og:image:width\" content=\"1600\" \/>\n\t<meta property=\"og:image:height\" content=\"900\" \/>\n\t<meta property=\"og:image:type\" content=\"image\/jpeg\" \/>\n<meta name=\"author\" content=\"Milan\" \/>\n<meta name=\"twitter:card\" content=\"summary_large_image\" \/>\n<meta name=\"twitter:description\" content=\"Droht das Ende von ATT? Apple ger\u00e4t in Europa wegen seiner Anti-Tracking-Ma\u00dfnahme ins Visier der Beh\u00f6rden \u2013 und denkt \u00fcber R\u00fcckzug nach.\" \/>\n<meta name=\"twitter:label1\" content=\"Written by\" \/>\n\t<meta name=\"twitter:data1\" content=\"Milan\" \/>\n\t<meta name=\"twitter:label2\" content=\"Est. reading time\" \/>\n\t<meta name=\"twitter:data2\" content=\"5 minutes\" \/>\n<script type=\"application\/ld+json\" class=\"yoast-schema-graph\">{\"@context\":\"https:\\\/\\\/schema.org\",\"@graph\":[{\"@type\":\"NewsArticle\",\"@id\":\"https:\\\/\\\/www.apfelpatient.de\\\/news\\\/zieht-apple-app-tracking-schutz-wegen-eu-druck-zurueck#article\",\"isPartOf\":{\"@id\":\"https:\\\/\\\/www.apfelpatient.de\\\/news\\\/zieht-apple-app-tracking-schutz-wegen-eu-druck-zurueck\"},\"author\":{\"@type\":\"Organization\",\"@id\":\"https:\\\/\\\/www.apfelpatient.de\\\/en\\\/#organization\",\"name\":\"Apfelpatient\",\"url\":\"https:\\\/\\\/www.apfelpatient.de\\\/en\\\/\"},\"headline\":\"Zieht Apple App-Tracking-Schutz wegen EU-Druck zur\u00fcck?\",\"datePublished\":\"2025-10-23T12:47:48+00:00\",\"dateModified\":\"2025-10-23T12:48:57+00:00\",\"mainEntityOfPage\":{\"@id\":\"https:\\\/\\\/www.apfelpatient.de\\\/news\\\/zieht-apple-app-tracking-schutz-wegen-eu-druck-zurueck\"},\"wordCount\":885,\"publisher\":{\"@type\":\"Organization\",\"@id\":\"https:\\\/\\\/www.apfelpatient.de\\\/en\\\/#organization\",\"name\":\"Apfelpatient\",\"url\":\"https:\\\/\\\/www.apfelpatient.de\\\/en\\\/\"},\"image\":{\"@id\":\"https:\\\/\\\/www.apfelpatient.de\\\/news\\\/zieht-apple-app-tracking-schutz-wegen-eu-druck-zurueck#primaryimage\"},\"thumbnailUrl\":\"https:\\\/\\\/www.apfelpatient.de\\\/wp-content\\\/uploads\\\/2025\\\/10\\\/Apple-WWDC23-privacy-logo-230605-1.jpg\",\"keywords\":[\"Apple Dienste\",\"EU\",\"iOS\",\"iPadOS\"],\"articleSection\":\"News\",\"inLanguage\":\"en-US\",\"copyrightYear\":\"2025\",\"copyrightHolder\":{\"@id\":\"https:\\\/\\\/www.apfelpatient.de\\\/en\\\/#organization\"}},{\"@type\":\"WebPage\",\"@id\":\"https:\\\/\\\/www.apfelpatient.de\\\/news\\\/zieht-apple-app-tracking-schutz-wegen-eu-druck-zurueck\",\"url\":\"https:\\\/\\\/www.apfelpatient.de\\\/news\\\/zieht-apple-app-tracking-schutz-wegen-eu-druck-zurueck\",\"name\":\"Zieht Apple App-Tracking-Schutz wegen EU-Druck zur\u00fcck? Apfelpatient\",\"isPartOf\":{\"@id\":\"https:\\\/\\\/www.apfelpatient.de\\\/#website\"},\"primaryImageOfPage\":{\"@id\":\"https:\\\/\\\/www.apfelpatient.de\\\/news\\\/zieht-apple-app-tracking-schutz-wegen-eu-druck-zurueck#primaryimage\"},\"image\":{\"@id\":\"https:\\\/\\\/www.apfelpatient.de\\\/news\\\/zieht-apple-app-tracking-schutz-wegen-eu-druck-zurueck#primaryimage\"},\"thumbnailUrl\":\"https:\\\/\\\/www.apfelpatient.de\\\/wp-content\\\/uploads\\\/2025\\\/10\\\/Apple-WWDC23-privacy-logo-230605-1.jpg\",\"datePublished\":\"2025-10-23T12:47:48+00:00\",\"dateModified\":\"2025-10-23T12:48:57+00:00\",\"description\":\"Droht das Ende von ATT? Apple ger\u00e4t in Europa wegen seiner Anti-Tracking-Ma\u00dfnahme ins Visier der Beh\u00f6rden \u2013 und denkt \u00fcber R\u00fcckzug nach.\",\"breadcrumb\":{\"@id\":\"https:\\\/\\\/www.apfelpatient.de\\\/news\\\/zieht-apple-app-tracking-schutz-wegen-eu-druck-zurueck#breadcrumb\"},\"inLanguage\":\"en-US\",\"potentialAction\":[{\"@type\":\"ReadAction\",\"target\":[\"https:\\\/\\\/www.apfelpatient.de\\\/news\\\/zieht-apple-app-tracking-schutz-wegen-eu-druck-zurueck\"]}]},{\"@type\":\"ImageObject\",\"inLanguage\":\"en-US\",\"@id\":\"https:\\\/\\\/www.apfelpatient.de\\\/news\\\/zieht-apple-app-tracking-schutz-wegen-eu-druck-zurueck#primaryimage\",\"url\":\"https:\\\/\\\/www.apfelpatient.de\\\/wp-content\\\/uploads\\\/2025\\\/10\\\/Apple-WWDC23-privacy-logo-230605-1.jpg\",\"contentUrl\":\"https:\\\/\\\/www.apfelpatient.de\\\/wp-content\\\/uploads\\\/2025\\\/10\\\/Apple-WWDC23-privacy-logo-230605-1.jpg\",\"width\":1600,\"height\":900,\"caption\":\"Bild: Apple\"},{\"@type\":\"BreadcrumbList\",\"@id\":\"https:\\\/\\\/www.apfelpatient.de\\\/news\\\/zieht-apple-app-tracking-schutz-wegen-eu-druck-zurueck#breadcrumb\",\"itemListElement\":[{\"@type\":\"ListItem\",\"position\":1,\"name\":\"Startseite\",\"item\":\"https:\\\/\\\/www.apfelpatient.de\\\/\"},{\"@type\":\"ListItem\",\"position\":2,\"name\":\"Zieht Apple App-Tracking-Schutz wegen EU-Druck zur\u00fcck?\"}]},{\"@type\":\"WebSite\",\"@id\":\"https:\\\/\\\/www.apfelpatient.de\\\/#website\",\"url\":\"https:\\\/\\\/www.apfelpatient.de\\\/\",\"name\":\"Apfelpatient\",\"description\":\"Alles rund um Apple!\",\"publisher\":{\"@type\":\"Organization\",\"@id\":\"https:\\\/\\\/www.apfelpatient.de\\\/en\\\/#organization\",\"name\":\"Apfelpatient\",\"url\":\"https:\\\/\\\/www.apfelpatient.de\\\/en\\\/\"},\"alternateName\":\"Apfelpatient\",\"potentialAction\":[{\"@type\":\"SearchAction\",\"target\":{\"@type\":\"EntryPoint\",\"urlTemplate\":\"https:\\\/\\\/www.apfelpatient.de\\\/?s={search_term_string}\"},\"query-input\":{\"@type\":\"PropertyValueSpecification\",\"valueRequired\":true,\"valueName\":\"search_term_string\"}}],\"inLanguage\":\"en-US\"},{\"@type\":[\"Person\",\"Organization\"],\"@id\":\"https:\\\/\\\/www.apfelpatient.de\\\/#\\\/schema\\\/person\\\/7dc56ad6c8e9824b76d2c08d4c140e13\",\"name\":\"Milan\",\"logo\":{\"@id\":\"https:\\\/\\\/www.apfelpatient.de\\\/#\\\/schema\\\/person\\\/image\\\/\"},\"description\":\"Hallo und herzlich willkommen auf meinem Technik-Blog! Als gro\u00dfer Apple-Fan berichte ich hier \u00fcber alles, was mit Apple zu tun hat: von den neuesten News und spannenden Ger\u00fcchten \u00fcber hilfreiche Tipps und Tricks bis hin zu ausf\u00fchrlichen Produkttests. Wenn du genauso technikbegeistert bist wie ich, bist du hier genau richtig!\",\"sameAs\":[\"https:\\\/\\\/www.facebook.com\\\/apfelpatientOfficial\",\"https:\\\/\\\/www.linkedin.com\\\/in\\\/milan-jovicic-42aa0231b\"],\"url\":\"https:\\\/\\\/www.apfelpatient.de\\\/en\\\/author\\\/apfeladmin\"}]}<\/script>\n<!-- \/ Yoast SEO Premium plugin. -->","yoast_head_json":{"title":"Is Apple withdrawing app tracking protection due to EU pressure?","description":"Is the end of ATT imminent? Apple is coming under fire from authorities in Europe because of its anti-tracking measures \u2013 and is considering withdrawing.","robots":{"index":"index","follow":"follow","max-snippet":"max-snippet:-1","max-image-preview":"max-image-preview:large","max-video-preview":"max-video-preview:-1"},"canonical":"https:\/\/www.apfelpatient.de\/en\/news\/apple-withdraws-app-tracking-protection-due-to-eu-pressure","og_locale":"en_US","og_type":"article","og_title":"Zieht Apple App-Tracking-Schutz wegen EU-Druck zur\u00fcck?","og_description":"Droht das Ende von ATT? Apple ger\u00e4t in Europa wegen seiner Anti-Tracking-Ma\u00dfnahme ins Visier der Beh\u00f6rden \u2013 und denkt \u00fcber R\u00fcckzug nach.","og_url":"https:\/\/www.apfelpatient.de\/en\/news\/apple-withdraws-app-tracking-protection-due-to-eu-pressure","og_site_name":"Apfelpatient","article_publisher":"https:\/\/www.facebook.com\/apfelpatientOfficial","article_author":"https:\/\/www.facebook.com\/apfelpatientOfficial","article_published_time":"2025-10-23T12:47:48+00:00","article_modified_time":"2025-10-23T12:48:57+00:00","og_image":[{"width":1600,"height":900,"url":"https:\/\/www.apfelpatient.de\/wp-content\/uploads\/2025\/10\/Apple-WWDC23-privacy-logo-230605-1.jpg","type":"image\/jpeg"}],"author":"Milan","twitter_card":"summary_large_image","twitter_description":"Droht das Ende von ATT? Apple ger\u00e4t in Europa wegen seiner Anti-Tracking-Ma\u00dfnahme ins Visier der Beh\u00f6rden \u2013 und denkt \u00fcber R\u00fcckzug nach.","twitter_misc":{"Written by":"Milan","Est. reading time":"5 minutes"},"schema":{"@context":"https:\/\/schema.org","@graph":[{"@type":"NewsArticle","@id":"https:\/\/www.apfelpatient.de\/news\/zieht-apple-app-tracking-schutz-wegen-eu-druck-zurueck#article","isPartOf":{"@id":"https:\/\/www.apfelpatient.de\/news\/zieht-apple-app-tracking-schutz-wegen-eu-druck-zurueck"},"author":{"@type":"Organization","@id":"https:\/\/www.apfelpatient.de\/en\/#organization","name":"Apfelpatient","url":"https:\/\/www.apfelpatient.de\/en\/"},"headline":"Zieht Apple App-Tracking-Schutz wegen EU-Druck zur\u00fcck?","datePublished":"2025-10-23T12:47:48+00:00","dateModified":"2025-10-23T12:48:57+00:00","mainEntityOfPage":{"@id":"https:\/\/www.apfelpatient.de\/news\/zieht-apple-app-tracking-schutz-wegen-eu-druck-zurueck"},"wordCount":885,"publisher":{"@type":"Organization","@id":"https:\/\/www.apfelpatient.de\/en\/#organization","name":"Apfelpatient","url":"https:\/\/www.apfelpatient.de\/en\/"},"image":{"@id":"https:\/\/www.apfelpatient.de\/news\/zieht-apple-app-tracking-schutz-wegen-eu-druck-zurueck#primaryimage"},"thumbnailUrl":"https:\/\/www.apfelpatient.de\/wp-content\/uploads\/2025\/10\/Apple-WWDC23-privacy-logo-230605-1.jpg","keywords":["Apple Dienste","EU","iOS","iPadOS"],"articleSection":"News","inLanguage":"en-US","copyrightYear":"2025","copyrightHolder":{"@id":"https:\/\/www.apfelpatient.de\/en\/#organization"}},{"@type":"WebPage","@id":"https:\/\/www.apfelpatient.de\/news\/zieht-apple-app-tracking-schutz-wegen-eu-druck-zurueck","url":"https:\/\/www.apfelpatient.de\/news\/zieht-apple-app-tracking-schutz-wegen-eu-druck-zurueck","name":"Is Apple withdrawing app tracking protection due to EU pressure?","isPartOf":{"@id":"https:\/\/www.apfelpatient.de\/#website"},"primaryImageOfPage":{"@id":"https:\/\/www.apfelpatient.de\/news\/zieht-apple-app-tracking-schutz-wegen-eu-druck-zurueck#primaryimage"},"image":{"@id":"https:\/\/www.apfelpatient.de\/news\/zieht-apple-app-tracking-schutz-wegen-eu-druck-zurueck#primaryimage"},"thumbnailUrl":"https:\/\/www.apfelpatient.de\/wp-content\/uploads\/2025\/10\/Apple-WWDC23-privacy-logo-230605-1.jpg","datePublished":"2025-10-23T12:47:48+00:00","dateModified":"2025-10-23T12:48:57+00:00","description":"Is the end of ATT imminent? Apple is coming under fire from authorities in Europe because of its anti-tracking measures \u2013 and is considering withdrawing.","breadcrumb":{"@id":"https:\/\/www.apfelpatient.de\/news\/zieht-apple-app-tracking-schutz-wegen-eu-druck-zurueck#breadcrumb"},"inLanguage":"en-US","potentialAction":[{"@type":"ReadAction","target":["https:\/\/www.apfelpatient.de\/news\/zieht-apple-app-tracking-schutz-wegen-eu-druck-zurueck"]}]},{"@type":"ImageObject","inLanguage":"en-US","@id":"https:\/\/www.apfelpatient.de\/news\/zieht-apple-app-tracking-schutz-wegen-eu-druck-zurueck#primaryimage","url":"https:\/\/www.apfelpatient.de\/wp-content\/uploads\/2025\/10\/Apple-WWDC23-privacy-logo-230605-1.jpg","contentUrl":"https:\/\/www.apfelpatient.de\/wp-content\/uploads\/2025\/10\/Apple-WWDC23-privacy-logo-230605-1.jpg","width":1600,"height":900,"caption":"Bild: Apple"},{"@type":"BreadcrumbList","@id":"https:\/\/www.apfelpatient.de\/news\/zieht-apple-app-tracking-schutz-wegen-eu-druck-zurueck#breadcrumb","itemListElement":[{"@type":"ListItem","position":1,"name":"Startseite","item":"https:\/\/www.apfelpatient.de\/"},{"@type":"ListItem","position":2,"name":"Zieht Apple App-Tracking-Schutz wegen EU-Druck zur\u00fcck?"}]},{"@type":"WebSite","@id":"https:\/\/www.apfelpatient.de\/#website","url":"https:\/\/www.apfelpatient.de\/","name":"apple patient","description":"Everything about Apple!","publisher":{"@type":"Organization","@id":"https:\/\/www.apfelpatient.de\/en\/#organization","name":"Apfelpatient","url":"https:\/\/www.apfelpatient.de\/en\/"},"alternateName":"Apfelpatient","potentialAction":[{"@type":"SearchAction","target":{"@type":"EntryPoint","urlTemplate":"https:\/\/www.apfelpatient.de\/?s={search_term_string}"},"query-input":{"@type":"PropertyValueSpecification","valueRequired":true,"valueName":"search_term_string"}}],"inLanguage":"en-US"},{"@type":["Person","Organization"],"@id":"https:\/\/www.apfelpatient.de\/#\/schema\/person\/7dc56ad6c8e9824b76d2c08d4c140e13","name":"Milan","logo":{"@id":"https:\/\/www.apfelpatient.de\/#\/schema\/person\/image\/"},"description":"Hello and welcome to my technology blog! As a big Apple fan, I report on everything to do with Apple: from the latest news and exciting rumors to helpful tips and tricks and detailed product tests. If you are as enthusiastic about technology as I am, you have come to the right place!","sameAs":["https:\/\/www.facebook.com\/apfelpatientOfficial","https:\/\/www.linkedin.com\/in\/milan-jovicic-42aa0231b"],"url":"https:\/\/www.apfelpatient.de\/en\/author\/apfeladmin"}]}},"_links":{"self":[{"href":"https:\/\/www.apfelpatient.de\/en\/wp-json\/wp\/v2\/posts\/60059","targetHints":{"allow":["GET"]}}],"collection":[{"href":"https:\/\/www.apfelpatient.de\/en\/wp-json\/wp\/v2\/posts"}],"about":[{"href":"https:\/\/www.apfelpatient.de\/en\/wp-json\/wp\/v2\/types\/post"}],"author":[{"embeddable":true,"href":"https:\/\/www.apfelpatient.de\/en\/wp-json\/wp\/v2\/users\/2"}],"replies":[{"embeddable":true,"href":"https:\/\/www.apfelpatient.de\/en\/wp-json\/wp\/v2\/comments?post=60059"}],"version-history":[{"count":0,"href":"https:\/\/www.apfelpatient.de\/en\/wp-json\/wp\/v2\/posts\/60059\/revisions"}],"wp:featuredmedia":[{"embeddable":true,"href":"https:\/\/www.apfelpatient.de\/en\/wp-json\/wp\/v2\/media\/60058"}],"wp:attachment":[{"href":"https:\/\/www.apfelpatient.de\/en\/wp-json\/wp\/v2\/media?parent=60059"}],"wp:term":[{"taxonomy":"category","embeddable":true,"href":"https:\/\/www.apfelpatient.de\/en\/wp-json\/wp\/v2\/categories?post=60059"},{"taxonomy":"post_tag","embeddable":true,"href":"https:\/\/www.apfelpatient.de\/en\/wp-json\/wp\/v2\/tags?post=60059"}],"curies":[{"name":"wp","href":"https:\/\/api.w.org\/{rel}","templated":true}]}}