{"id":5942,"date":"2019-09-10T19:38:09","date_gmt":"2019-09-10T17:38:09","guid":{"rendered":"https:\/\/www.apfelpatient.de\/?p=5942"},"modified":"2025-10-14T16:23:05","modified_gmt":"2025-10-14T14:23:05","slug":"be-innovation-only-appletv-comes","status":"publish","type":"post","link":"https:\/\/www.apfelpatient.de\/en\/news\/be-innovation-only-appletv-kommt","title":{"rendered":"\u201cBy innovation only\u201d \u2013 AppleTV+ is coming"},"content":{"rendered":"<p class=\"p2\"><strong>As expected, Apple took a closer look at its new streaming service AppleTV+ during the \u201cBy innovation only\u201d keynote.<\/strong><\/p>\n<p class=\"p2\">AppleTV+ is intended to be a new streaming service that will compete with platforms such as Netflix. TV and film content produced by Apple will be available. This content is produced by Hollywood greats such as Steven Spielberg, JJ Abrams, Octavia Spencer and Reese Witherspoon. Apple&#039;s goal is to become the first port of call in this area.<\/p>\n<p class=\"p2\"><strong>First content at a glance<\/strong><\/p>\n<p class=\"p2\">These include \u201cThe Morning Show,\u201d \u201cAmazing Stories,\u201d \u201cSee,\u201d \u201cTruth Be Told,\u201d and a documentary series about extravagant homes called \u201cHome,\u201d and more. Apple TV+ can be streamed the traditional way via Apple TV. Of course, the service is also available on iPhone, iPad, and Mac, as well as selected smart TVs via Apple&#039;s new TV app.<\/p>\n<p class=\"p2\"><strong>start date &amp; price<\/strong><\/p>\n<p class=\"p1\"><\/p>\n<p class=\"p2\">The service will launch on November 1st in over 100 countries. The subscription costs $4.99 per month. A trial month and family sharing are also included. <em>(Image: Apple)<\/em><\/p>\n<h5><em><strong>You don&#039;t want to miss any more news? Then subscribe to our <a href=\"https:\/\/t.me\/apfelpatient_official\">Telegram channel<\/a><\/strong><\/em><\/h5>","protected":false},"excerpt":{"rendered":"<p>Wie zu erwarten hat Apple im Rahmen der \u201eBy innovation only\u201c-Keynote seinen neuen Streaming-Dienst AppleTV+ n\u00e4her beleuchtet. Mit AppleTV+ soll ein neuer Streaming-Dienst entstehen und mit Plattformen wie Netflix konkurrieren. Verf\u00fcgbar sind dabei von Apple produzierte TV- und Filminhalte. Diese werden beispielsweise von Hollywood-Gr\u00f6\u00dfen wie Steven Spielberg, J.J. Abrams, Octavia Spencer und Reese Witherspoon produziert. [&hellip;]<\/p>\n","protected":false},"author":2,"featured_media":5943,"comment_status":"closed","ping_status":"open","sticky":false,"template":"","format":"standard","meta":{"jnews-multi-image_gallery":[],"jnews_single_post":[],"jnews_primary_category":[],"footnotes":""},"categories":[9],"tags":[156,248],"class_list":["post-5942","post","type-post","status-publish","format-standard","has-post-thumbnail","hentry","category-news","tag-apple-tv","tag-apple-tv-plus"],"yoast_head":"<!-- This site is optimized with the Yoast SEO Premium plugin v27.4 (Yoast SEO v27.4) - https:\/\/yoast.com\/product\/yoast-seo-premium-wordpress\/ -->\n<title>\u201eBy innovation only\u201c - AppleTV+ kommt Apfelpatient<\/title>\n<meta name=\"description\" content=\"- Wie zu erwarten hat Apple im Rahmen der \u201eBe innovation only\u201c-Keynote seinen neuen Streaming-Dienst AppleTV+ n\u00e4her beleuchtet.\" \/>\n<meta name=\"robots\" content=\"index, follow, max-snippet:-1, max-image-preview:large, max-video-preview:-1\" \/>\n<link rel=\"canonical\" href=\"https:\/\/www.apfelpatient.de\/en\/news\/be-innovation-only-appletv-comes\" \/>\n<meta property=\"og:locale\" content=\"en_US\" \/>\n<meta property=\"og:type\" content=\"article\" \/>\n<meta property=\"og:title\" content=\"\u201eBy innovation only\u201c - AppleTV+ kommt\" \/>\n<meta property=\"og:description\" content=\"- Wie zu erwarten hat Apple im Rahmen der \u201eBe innovation only\u201c-Keynote seinen neuen Streaming-Dienst AppleTV+ n\u00e4her beleuchtet.\" \/>\n<meta property=\"og:url\" content=\"https:\/\/www.apfelpatient.de\/en\/news\/be-innovation-only-appletv-comes\" \/>\n<meta property=\"og:site_name\" content=\"Apfelpatient\" \/>\n<meta property=\"article:publisher\" content=\"https:\/\/www.facebook.com\/apfelpatientOfficial\" \/>\n<meta property=\"article:author\" content=\"https:\/\/www.facebook.com\/apfelpatientOfficial\" \/>\n<meta property=\"article:published_time\" content=\"2019-09-10T17:38:09+00:00\" \/>\n<meta property=\"article:modified_time\" content=\"2025-10-14T14:23:05+00:00\" \/>\n<meta property=\"og:image\" content=\"https:\/\/www.apfelpatient.de\/wp-content\/uploads\/2019\/09\/Apple-tv-plus-launches-november-1-the-morning-show-screens-091019.jpg\" \/>\n\t<meta property=\"og:image:width\" content=\"1632\" \/>\n\t<meta property=\"og:image:height\" content=\"1190\" \/>\n\t<meta property=\"og:image:type\" content=\"image\/jpeg\" \/>\n<meta name=\"author\" content=\"Milan\" \/>\n<meta name=\"twitter:card\" content=\"summary_large_image\" \/>\n<meta name=\"twitter:label1\" content=\"Written by\" \/>\n\t<meta name=\"twitter:data1\" content=\"Milan\" \/>\n\t<meta name=\"twitter:label2\" content=\"Est. reading time\" \/>\n\t<meta name=\"twitter:data2\" content=\"1 minute\" \/>\n<script type=\"application\/ld+json\" class=\"yoast-schema-graph\">{\"@context\":\"https:\\\/\\\/schema.org\",\"@graph\":[{\"@type\":\"NewsArticle\",\"@id\":\"https:\\\/\\\/www.apfelpatient.de\\\/news\\\/be-innovation-only-appletv-kommt#article\",\"isPartOf\":{\"@id\":\"https:\\\/\\\/www.apfelpatient.de\\\/news\\\/be-innovation-only-appletv-kommt\"},\"author\":{\"@type\":\"Organization\",\"@id\":\"https:\\\/\\\/www.apfelpatient.de\\\/en\\\/#organization\",\"name\":\"Apfelpatient\",\"url\":\"https:\\\/\\\/www.apfelpatient.de\\\/en\\\/\"},\"headline\":\"\u201eBy innovation only\u201c &#8211; AppleTV+ kommt\",\"datePublished\":\"2019-09-10T17:38:09+00:00\",\"dateModified\":\"2025-10-14T14:23:05+00:00\",\"mainEntityOfPage\":{\"@id\":\"https:\\\/\\\/www.apfelpatient.de\\\/news\\\/be-innovation-only-appletv-kommt\"},\"wordCount\":181,\"publisher\":{\"@type\":\"Organization\",\"@id\":\"https:\\\/\\\/www.apfelpatient.de\\\/en\\\/#organization\",\"name\":\"Apfelpatient\",\"url\":\"https:\\\/\\\/www.apfelpatient.de\\\/en\\\/\"},\"image\":{\"@id\":\"https:\\\/\\\/www.apfelpatient.de\\\/news\\\/be-innovation-only-appletv-kommt#primaryimage\"},\"thumbnailUrl\":\"https:\\\/\\\/www.apfelpatient.de\\\/wp-content\\\/uploads\\\/2019\\\/09\\\/Apple-tv-plus-launches-november-1-the-morning-show-screens-091019.jpg\",\"keywords\":[\"Apple TV\",\"Apple TV Plus\"],\"articleSection\":\"News\",\"inLanguage\":\"en-US\",\"copyrightYear\":\"2019\",\"copyrightHolder\":{\"@id\":\"https:\\\/\\\/www.apfelpatient.de\\\/en\\\/#organization\"}},{\"@type\":\"WebPage\",\"@id\":\"https:\\\/\\\/www.apfelpatient.de\\\/news\\\/be-innovation-only-appletv-kommt\",\"url\":\"https:\\\/\\\/www.apfelpatient.de\\\/news\\\/be-innovation-only-appletv-kommt\",\"name\":\"\u201eBy innovation only\u201c - AppleTV+ kommt Apfelpatient\",\"isPartOf\":{\"@id\":\"https:\\\/\\\/www.apfelpatient.de\\\/#website\"},\"primaryImageOfPage\":{\"@id\":\"https:\\\/\\\/www.apfelpatient.de\\\/news\\\/be-innovation-only-appletv-kommt#primaryimage\"},\"image\":{\"@id\":\"https:\\\/\\\/www.apfelpatient.de\\\/news\\\/be-innovation-only-appletv-kommt#primaryimage\"},\"thumbnailUrl\":\"https:\\\/\\\/www.apfelpatient.de\\\/wp-content\\\/uploads\\\/2019\\\/09\\\/Apple-tv-plus-launches-november-1-the-morning-show-screens-091019.jpg\",\"datePublished\":\"2019-09-10T17:38:09+00:00\",\"dateModified\":\"2025-10-14T14:23:05+00:00\",\"description\":\"- Wie zu erwarten hat Apple im Rahmen der \u201eBe innovation only\u201c-Keynote seinen neuen Streaming-Dienst AppleTV+ n\u00e4her beleuchtet.\",\"breadcrumb\":{\"@id\":\"https:\\\/\\\/www.apfelpatient.de\\\/news\\\/be-innovation-only-appletv-kommt#breadcrumb\"},\"inLanguage\":\"en-US\",\"potentialAction\":[{\"@type\":\"ReadAction\",\"target\":[\"https:\\\/\\\/www.apfelpatient.de\\\/news\\\/be-innovation-only-appletv-kommt\"]}]},{\"@type\":\"ImageObject\",\"inLanguage\":\"en-US\",\"@id\":\"https:\\\/\\\/www.apfelpatient.de\\\/news\\\/be-innovation-only-appletv-kommt#primaryimage\",\"url\":\"https:\\\/\\\/www.apfelpatient.de\\\/wp-content\\\/uploads\\\/2019\\\/09\\\/Apple-tv-plus-launches-november-1-the-morning-show-screens-091019.jpg\",\"contentUrl\":\"https:\\\/\\\/www.apfelpatient.de\\\/wp-content\\\/uploads\\\/2019\\\/09\\\/Apple-tv-plus-launches-november-1-the-morning-show-screens-091019.jpg\",\"width\":1632,\"height\":1190,\"caption\":\"Bild: Apple\"},{\"@type\":\"BreadcrumbList\",\"@id\":\"https:\\\/\\\/www.apfelpatient.de\\\/news\\\/be-innovation-only-appletv-kommt#breadcrumb\",\"itemListElement\":[{\"@type\":\"ListItem\",\"position\":1,\"name\":\"Startseite\",\"item\":\"https:\\\/\\\/www.apfelpatient.de\\\/\"},{\"@type\":\"ListItem\",\"position\":2,\"name\":\"\u201eBy innovation only\u201c &#8211; AppleTV+ kommt\"}]},{\"@type\":\"WebSite\",\"@id\":\"https:\\\/\\\/www.apfelpatient.de\\\/#website\",\"url\":\"https:\\\/\\\/www.apfelpatient.de\\\/\",\"name\":\"Apfelpatient\",\"description\":\"Alles rund um Apple!\",\"publisher\":{\"@type\":\"Organization\",\"@id\":\"https:\\\/\\\/www.apfelpatient.de\\\/en\\\/#organization\",\"name\":\"Apfelpatient\",\"url\":\"https:\\\/\\\/www.apfelpatient.de\\\/en\\\/\"},\"alternateName\":\"Apfelpatient\",\"potentialAction\":[{\"@type\":\"SearchAction\",\"target\":{\"@type\":\"EntryPoint\",\"urlTemplate\":\"https:\\\/\\\/www.apfelpatient.de\\\/?s={search_term_string}\"},\"query-input\":{\"@type\":\"PropertyValueSpecification\",\"valueRequired\":true,\"valueName\":\"search_term_string\"}}],\"inLanguage\":\"en-US\"},{\"@type\":[\"Person\",\"Organization\"],\"@id\":\"https:\\\/\\\/www.apfelpatient.de\\\/#\\\/schema\\\/person\\\/7dc56ad6c8e9824b76d2c08d4c140e13\",\"name\":\"Milan\",\"logo\":{\"@id\":\"https:\\\/\\\/www.apfelpatient.de\\\/#\\\/schema\\\/person\\\/image\\\/\"},\"description\":\"Hallo und herzlich willkommen auf meinem Technik-Blog! Als gro\u00dfer Apple-Fan berichte ich hier \u00fcber alles, was mit Apple zu tun hat: von den neuesten News und spannenden Ger\u00fcchten \u00fcber hilfreiche Tipps und Tricks bis hin zu ausf\u00fchrlichen Produkttests. Wenn du genauso technikbegeistert bist wie ich, bist du hier genau richtig!\",\"sameAs\":[\"https:\\\/\\\/www.facebook.com\\\/apfelpatientOfficial\",\"https:\\\/\\\/www.linkedin.com\\\/in\\\/milan-jovicic-42aa0231b\"],\"url\":\"https:\\\/\\\/www.apfelpatient.de\\\/en\\\/author\\\/apfeladmin\"}]}<\/script>\n<!-- \/ Yoast SEO Premium plugin. -->","yoast_head_json":{"title":"\u201cBy innovation only\u201d - AppleTV+ is coming Apfelpatient","description":"- As expected, Apple took a closer look at its new streaming service AppleTV+ during the \u201cBe innovation only\u201d keynote.","robots":{"index":"index","follow":"follow","max-snippet":"max-snippet:-1","max-image-preview":"max-image-preview:large","max-video-preview":"max-video-preview:-1"},"canonical":"https:\/\/www.apfelpatient.de\/en\/news\/be-innovation-only-appletv-comes","og_locale":"en_US","og_type":"article","og_title":"\u201eBy innovation only\u201c - AppleTV+ kommt","og_description":"- Wie zu erwarten hat Apple im Rahmen der \u201eBe innovation only\u201c-Keynote seinen neuen Streaming-Dienst AppleTV+ n\u00e4her beleuchtet.","og_url":"https:\/\/www.apfelpatient.de\/en\/news\/be-innovation-only-appletv-comes","og_site_name":"Apfelpatient","article_publisher":"https:\/\/www.facebook.com\/apfelpatientOfficial","article_author":"https:\/\/www.facebook.com\/apfelpatientOfficial","article_published_time":"2019-09-10T17:38:09+00:00","article_modified_time":"2025-10-14T14:23:05+00:00","og_image":[{"width":1632,"height":1190,"url":"https:\/\/www.apfelpatient.de\/wp-content\/uploads\/2019\/09\/Apple-tv-plus-launches-november-1-the-morning-show-screens-091019.jpg","type":"image\/jpeg"}],"author":"Milan","twitter_card":"summary_large_image","twitter_misc":{"Written by":"Milan","Est. reading time":"1 minute"},"schema":{"@context":"https:\/\/schema.org","@graph":[{"@type":"NewsArticle","@id":"https:\/\/www.apfelpatient.de\/news\/be-innovation-only-appletv-kommt#article","isPartOf":{"@id":"https:\/\/www.apfelpatient.de\/news\/be-innovation-only-appletv-kommt"},"author":{"@type":"Organization","@id":"https:\/\/www.apfelpatient.de\/en\/#organization","name":"Apfelpatient","url":"https:\/\/www.apfelpatient.de\/en\/"},"headline":"\u201eBy innovation only\u201c &#8211; AppleTV+ kommt","datePublished":"2019-09-10T17:38:09+00:00","dateModified":"2025-10-14T14:23:05+00:00","mainEntityOfPage":{"@id":"https:\/\/www.apfelpatient.de\/news\/be-innovation-only-appletv-kommt"},"wordCount":181,"publisher":{"@type":"Organization","@id":"https:\/\/www.apfelpatient.de\/en\/#organization","name":"Apfelpatient","url":"https:\/\/www.apfelpatient.de\/en\/"},"image":{"@id":"https:\/\/www.apfelpatient.de\/news\/be-innovation-only-appletv-kommt#primaryimage"},"thumbnailUrl":"https:\/\/www.apfelpatient.de\/wp-content\/uploads\/2019\/09\/Apple-tv-plus-launches-november-1-the-morning-show-screens-091019.jpg","keywords":["Apple TV","Apple TV Plus"],"articleSection":"News","inLanguage":"en-US","copyrightYear":"2019","copyrightHolder":{"@id":"https:\/\/www.apfelpatient.de\/en\/#organization"}},{"@type":"WebPage","@id":"https:\/\/www.apfelpatient.de\/news\/be-innovation-only-appletv-kommt","url":"https:\/\/www.apfelpatient.de\/news\/be-innovation-only-appletv-kommt","name":"\u201cBy innovation only\u201d - AppleTV+ is coming Apfelpatient","isPartOf":{"@id":"https:\/\/www.apfelpatient.de\/#website"},"primaryImageOfPage":{"@id":"https:\/\/www.apfelpatient.de\/news\/be-innovation-only-appletv-kommt#primaryimage"},"image":{"@id":"https:\/\/www.apfelpatient.de\/news\/be-innovation-only-appletv-kommt#primaryimage"},"thumbnailUrl":"https:\/\/www.apfelpatient.de\/wp-content\/uploads\/2019\/09\/Apple-tv-plus-launches-november-1-the-morning-show-screens-091019.jpg","datePublished":"2019-09-10T17:38:09+00:00","dateModified":"2025-10-14T14:23:05+00:00","description":"- As expected, Apple took a closer look at its new streaming service AppleTV+ during the \u201cBe innovation only\u201d keynote.","breadcrumb":{"@id":"https:\/\/www.apfelpatient.de\/news\/be-innovation-only-appletv-kommt#breadcrumb"},"inLanguage":"en-US","potentialAction":[{"@type":"ReadAction","target":["https:\/\/www.apfelpatient.de\/news\/be-innovation-only-appletv-kommt"]}]},{"@type":"ImageObject","inLanguage":"en-US","@id":"https:\/\/www.apfelpatient.de\/news\/be-innovation-only-appletv-kommt#primaryimage","url":"https:\/\/www.apfelpatient.de\/wp-content\/uploads\/2019\/09\/Apple-tv-plus-launches-november-1-the-morning-show-screens-091019.jpg","contentUrl":"https:\/\/www.apfelpatient.de\/wp-content\/uploads\/2019\/09\/Apple-tv-plus-launches-november-1-the-morning-show-screens-091019.jpg","width":1632,"height":1190,"caption":"Bild: Apple"},{"@type":"BreadcrumbList","@id":"https:\/\/www.apfelpatient.de\/news\/be-innovation-only-appletv-kommt#breadcrumb","itemListElement":[{"@type":"ListItem","position":1,"name":"Startseite","item":"https:\/\/www.apfelpatient.de\/"},{"@type":"ListItem","position":2,"name":"\u201eBy innovation only\u201c &#8211; AppleTV+ kommt"}]},{"@type":"WebSite","@id":"https:\/\/www.apfelpatient.de\/#website","url":"https:\/\/www.apfelpatient.de\/","name":"apple patient","description":"Everything about Apple!","publisher":{"@type":"Organization","@id":"https:\/\/www.apfelpatient.de\/en\/#organization","name":"Apfelpatient","url":"https:\/\/www.apfelpatient.de\/en\/"},"alternateName":"Apfelpatient","potentialAction":[{"@type":"SearchAction","target":{"@type":"EntryPoint","urlTemplate":"https:\/\/www.apfelpatient.de\/?s={search_term_string}"},"query-input":{"@type":"PropertyValueSpecification","valueRequired":true,"valueName":"search_term_string"}}],"inLanguage":"en-US"},{"@type":["Person","Organization"],"@id":"https:\/\/www.apfelpatient.de\/#\/schema\/person\/7dc56ad6c8e9824b76d2c08d4c140e13","name":"Milan","logo":{"@id":"https:\/\/www.apfelpatient.de\/#\/schema\/person\/image\/"},"description":"Hello and welcome to my technology blog! As a big Apple fan, I report on everything to do with Apple: from the latest news and exciting rumors to helpful tips and tricks and detailed product tests. If you are as enthusiastic about technology as I am, you have come to the right place!","sameAs":["https:\/\/www.facebook.com\/apfelpatientOfficial","https:\/\/www.linkedin.com\/in\/milan-jovicic-42aa0231b"],"url":"https:\/\/www.apfelpatient.de\/en\/author\/apfeladmin"}]}},"_links":{"self":[{"href":"https:\/\/www.apfelpatient.de\/en\/wp-json\/wp\/v2\/posts\/5942","targetHints":{"allow":["GET"]}}],"collection":[{"href":"https:\/\/www.apfelpatient.de\/en\/wp-json\/wp\/v2\/posts"}],"about":[{"href":"https:\/\/www.apfelpatient.de\/en\/wp-json\/wp\/v2\/types\/post"}],"author":[{"embeddable":true,"href":"https:\/\/www.apfelpatient.de\/en\/wp-json\/wp\/v2\/users\/2"}],"replies":[{"embeddable":true,"href":"https:\/\/www.apfelpatient.de\/en\/wp-json\/wp\/v2\/comments?post=5942"}],"version-history":[{"count":0,"href":"https:\/\/www.apfelpatient.de\/en\/wp-json\/wp\/v2\/posts\/5942\/revisions"}],"wp:featuredmedia":[{"embeddable":true,"href":"https:\/\/www.apfelpatient.de\/en\/wp-json\/wp\/v2\/media\/5943"}],"wp:attachment":[{"href":"https:\/\/www.apfelpatient.de\/en\/wp-json\/wp\/v2\/media?parent=5942"}],"wp:term":[{"taxonomy":"category","embeddable":true,"href":"https:\/\/www.apfelpatient.de\/en\/wp-json\/wp\/v2\/categories?post=5942"},{"taxonomy":"post_tag","embeddable":true,"href":"https:\/\/www.apfelpatient.de\/en\/wp-json\/wp\/v2\/tags?post=5942"}],"curies":[{"name":"wp","href":"https:\/\/api.w.org\/{rel}","templated":true}]}}