{"id":5884,"date":"2019-09-07T23:46:11","date_gmt":"2019-09-07T21:46:11","guid":{"rendered":"https:\/\/www.apfelpatient.de\/?p=5884"},"modified":"2025-02-06T07:40:46","modified_gmt":"2025-02-06T06:40:46","slug":"iphone-11-apple-logo","status":"publish","type":"post","link":"https:\/\/www.apfelpatient.de\/en\/rumors\/iphone-11-apple-logo","title":{"rendered":"iPhone 11 \u2013 Apple logo is allegedly repositioned"},"content":{"rendered":"<p class=\"p2\"><strong>In three days, Apple will launch the new generation of iPhones and the rumor mill just won&#039;t stop churning. This time it&#039;s about the position of the Apple logo on the back of the iPhone 11 - it&#039;s supposedly getting a new position.<\/strong><\/p>\n<p class=\"p2\">The well-informed Bloomberg journalist Mark Gurman claims to have received a last-minute tip. According to his sources, Apple is planning to reposition the logo on the back of the iPhone 11 series. It will be placed in the middle of all three models. The reason for this is the new feature - bilateral wireless charging. This means that users of an iPhone 2019 model can wirelessly charge accessories such as the AirPods or the Apple Watch on the back of their iPhone - third-party accessories should also be able to benefit from this feature. The logo is supposed to be the contact - if the accessory is placed on it, the charging function is activated. Bilateral wireless charging is not new - Apple competitor Samsung already offers the feature in its latest Galaxy smartphone.<\/p>\n<p class=\"p2\"><strong>Will the \u201ciPhone\u201d branding be removed?<\/strong><\/p>\n<p class=\"p2\">At the end of July, an anonymous Foxconn employee said that the &quot;iPhone&quot; branding would no longer be visible on the back of the iPhone 11 series. At the time, this seemed quite unrealistic, but according to the new Bloomberg report, this rumor could also be true. This is what some observers believe. Based on the two rumors, Ben Geskin has published a new concept of the three iPhone 2019 models - see below.<\/p>\n<p class=\"p2\"><\/p>\n<p class=\"p2\">According to Gurman, the three new Apple smartphones will have a shatter-proof glass on the back. In addition, the water resistance has been improved. Gurman also writes that the iPhone XR will appear in a new green. However, fans of the Apple Watch will be a little disappointed, as the update will be quite minor. Two of the new smartwatch models will appear in a ceramic and titanium case. How to get Apple&#039;s upcoming <a href=\"https:\/\/www.apfelpatient.de\/en\">keynote<\/a> You can find out more in our summary. <a href=\"https:\/\/www.amazon.de\/gp\/product\/B07PYM8FB8\/ref=as_li_tl?ie=UTF8&amp;camp=1638&amp;creative=6742&amp;creativeASIN=B07PYM8FB8&amp;linkCode=as2&amp;tag=apfelpatient-21&amp;linkId=0cec1e8017c2cb2078ff07f1a24db3df\" target=\"_blank\" rel=\"noopener noreferrer\">Apple AirPods with wireless charging case on special offer on Amazon<\/a><img decoding=\"async\" style=\"border: none !important; margin: 0px !important;\" src=\"\/\/ir-de.amazon-adsystem.com\/e\/ir?t=apfelpatient-21&amp;l=am2&amp;o=3&amp;a=B07PYM8FB8\" alt=\"\" width=\"1\" height=\"1\" border=\"0\" \/> <em>(Photo by hadrian \/ Bigstockphoto)<\/em><\/p>\n<h5><em><strong>You don&#039;t want to miss any more news? Then subscribe to our <a href=\"https:\/\/t.me\/apfelpatient_official\">Telegram channel<\/a><\/strong><\/em><\/h5>\n<p>https:\/\/twitter.com\/BenGeskin\/status\/1169318425153421312<\/p>","protected":false},"excerpt":{"rendered":"<p>In drei Tagen wird Apple die neue Generation der iPhones einl\u00e4uten und die Ger\u00fcchtek\u00fcche will einfach nicht aufh\u00f6ren zu brodeln. Dieses Mal geht es um die Position des Apple-Logos auf der R\u00fcckseite des iPhone 11 &#8211; sie bekommt angeblich eine neue Position. Der gut informierte Bloomberg Journalist Mark Gurman will einen Last Minute Tipp bekommen [&hellip;]<\/p>\n","protected":false},"author":2,"featured_media":5883,"comment_status":"closed","ping_status":"open","sticky":false,"template":"","format":"standard","meta":{"jnews-multi-image_gallery":[],"jnews_single_post":[],"jnews_primary_category":[],"footnotes":""},"categories":[25],"tags":[8,204,183],"class_list":["post-5884","post","type-post","status-publish","format-standard","has-post-thumbnail","hentry","category-rumors","tag-iphone","tag-iphone-11","tag-iphone-2019"],"yoast_head":"<!-- This site is optimized with the Yoast SEO Premium plugin v27.5 (Yoast SEO v27.5) - https:\/\/yoast.com\/product\/yoast-seo-premium-wordpress\/ -->\n<title>iPhone 11 - Apple-Logo wird angeblich neu platziert Apfelpatient<\/title>\n<meta name=\"description\" content=\"- In drei Tagen wird Apple die neue Generation der iPhones einl\u00e4uten und die Ger\u00fcchtek\u00fcche will einfach nicht aufh\u00f6ren zu brodeln. Dieses Mal geht es um die Position des Apple-Logos auf der R\u00fcckseite des iPhone 11 - sie bekommt angeblich eine neue Position.\" \/>\n<meta name=\"robots\" content=\"index, follow, max-snippet:-1, max-image-preview:large, max-video-preview:-1\" \/>\n<link rel=\"canonical\" href=\"https:\/\/www.apfelpatient.de\/en\/rumors\/iphone-11-apple-logo\" \/>\n<meta property=\"og:locale\" content=\"en_US\" \/>\n<meta property=\"og:type\" content=\"article\" \/>\n<meta property=\"og:title\" content=\"iPhone 11 - Apple-Logo wird angeblich neu platziert\" \/>\n<meta property=\"og:description\" content=\"- In drei Tagen wird Apple die neue Generation der iPhones einl\u00e4uten und die Ger\u00fcchtek\u00fcche will einfach nicht aufh\u00f6ren zu brodeln. Dieses Mal geht es um die Position des Apple-Logos auf der R\u00fcckseite des iPhone 11 - sie bekommt angeblich eine neue Position.\" \/>\n<meta property=\"og:url\" content=\"https:\/\/www.apfelpatient.de\/en\/rumors\/iphone-11-apple-logo\" \/>\n<meta property=\"og:site_name\" content=\"Apfelpatient\" \/>\n<meta property=\"article:publisher\" content=\"https:\/\/www.facebook.com\/apfelpatientOfficial\" \/>\n<meta property=\"article:author\" content=\"https:\/\/www.facebook.com\/apfelpatientOfficial\" \/>\n<meta property=\"article:published_time\" content=\"2019-09-07T21:46:11+00:00\" \/>\n<meta property=\"article:modified_time\" content=\"2025-02-06T06:40:46+00:00\" \/>\n<meta property=\"og:image\" content=\"https:\/\/www.apfelpatient.de\/wp-content\/uploads\/2019\/09\/bigstock-Paris-France-Sep-260073700.jpg\" \/>\n\t<meta property=\"og:image:width\" content=\"1600\" \/>\n\t<meta property=\"og:image:height\" content=\"1067\" \/>\n\t<meta property=\"og:image:type\" content=\"image\/jpeg\" \/>\n<meta name=\"author\" content=\"Milan\" \/>\n<meta name=\"twitter:card\" content=\"summary_large_image\" \/>\n<meta name=\"twitter:label1\" content=\"Written by\" \/>\n\t<meta name=\"twitter:data1\" content=\"Milan\" \/>\n\t<meta name=\"twitter:label2\" content=\"Est. reading time\" \/>\n\t<meta name=\"twitter:data2\" content=\"2 minutes\" \/>\n<script type=\"application\/ld+json\" class=\"yoast-schema-graph\">{\"@context\":\"https:\\\/\\\/schema.org\",\"@graph\":[{\"@type\":\"NewsArticle\",\"@id\":\"https:\\\/\\\/www.apfelpatient.de\\\/rumors\\\/iphone-11-apple-logo#article\",\"isPartOf\":{\"@id\":\"https:\\\/\\\/www.apfelpatient.de\\\/rumors\\\/iphone-11-apple-logo\"},\"author\":{\"@type\":\"Organization\",\"@id\":\"https:\\\/\\\/www.apfelpatient.de\\\/en\\\/#organization\",\"name\":\"Apfelpatient\",\"url\":\"https:\\\/\\\/www.apfelpatient.de\\\/en\\\/\"},\"headline\":\"iPhone 11 &#8211; Apple-Logo wird angeblich neu platziert\",\"datePublished\":\"2019-09-07T21:46:11+00:00\",\"dateModified\":\"2025-02-06T06:40:46+00:00\",\"mainEntityOfPage\":{\"@id\":\"https:\\\/\\\/www.apfelpatient.de\\\/rumors\\\/iphone-11-apple-logo\"},\"wordCount\":368,\"publisher\":{\"@type\":\"Organization\",\"@id\":\"https:\\\/\\\/www.apfelpatient.de\\\/en\\\/#organization\",\"name\":\"Apfelpatient\",\"url\":\"https:\\\/\\\/www.apfelpatient.de\\\/en\\\/\"},\"image\":{\"@id\":\"https:\\\/\\\/www.apfelpatient.de\\\/rumors\\\/iphone-11-apple-logo#primaryimage\"},\"thumbnailUrl\":\"https:\\\/\\\/www.apfelpatient.de\\\/wp-content\\\/uploads\\\/2019\\\/09\\\/bigstock-Paris-France-Sep-260073700.jpg\",\"keywords\":[\"iPhone\",\"iPhone 11\",\"iPhone 2019\"],\"articleSection\":\"Rumors\",\"inLanguage\":\"en-US\",\"copyrightYear\":\"2019\",\"copyrightHolder\":{\"@id\":\"https:\\\/\\\/www.apfelpatient.de\\\/en\\\/#organization\"}},{\"@type\":\"WebPage\",\"@id\":\"https:\\\/\\\/www.apfelpatient.de\\\/rumors\\\/iphone-11-apple-logo\",\"url\":\"https:\\\/\\\/www.apfelpatient.de\\\/rumors\\\/iphone-11-apple-logo\",\"name\":\"iPhone 11 - Apple-Logo wird angeblich neu platziert Apfelpatient\",\"isPartOf\":{\"@id\":\"https:\\\/\\\/www.apfelpatient.de\\\/#website\"},\"primaryImageOfPage\":{\"@id\":\"https:\\\/\\\/www.apfelpatient.de\\\/rumors\\\/iphone-11-apple-logo#primaryimage\"},\"image\":{\"@id\":\"https:\\\/\\\/www.apfelpatient.de\\\/rumors\\\/iphone-11-apple-logo#primaryimage\"},\"thumbnailUrl\":\"https:\\\/\\\/www.apfelpatient.de\\\/wp-content\\\/uploads\\\/2019\\\/09\\\/bigstock-Paris-France-Sep-260073700.jpg\",\"datePublished\":\"2019-09-07T21:46:11+00:00\",\"dateModified\":\"2025-02-06T06:40:46+00:00\",\"description\":\"- In drei Tagen wird Apple die neue Generation der iPhones einl\u00e4uten und die Ger\u00fcchtek\u00fcche will einfach nicht aufh\u00f6ren zu brodeln. Dieses Mal geht es um die Position des Apple-Logos auf der R\u00fcckseite des iPhone 11 - sie bekommt angeblich eine neue Position.\",\"breadcrumb\":{\"@id\":\"https:\\\/\\\/www.apfelpatient.de\\\/rumors\\\/iphone-11-apple-logo#breadcrumb\"},\"inLanguage\":\"en-US\",\"potentialAction\":[{\"@type\":\"ReadAction\",\"target\":[\"https:\\\/\\\/www.apfelpatient.de\\\/rumors\\\/iphone-11-apple-logo\"]}]},{\"@type\":\"ImageObject\",\"inLanguage\":\"en-US\",\"@id\":\"https:\\\/\\\/www.apfelpatient.de\\\/rumors\\\/iphone-11-apple-logo#primaryimage\",\"url\":\"https:\\\/\\\/www.apfelpatient.de\\\/wp-content\\\/uploads\\\/2019\\\/09\\\/bigstock-Paris-France-Sep-260073700.jpg\",\"contentUrl\":\"https:\\\/\\\/www.apfelpatient.de\\\/wp-content\\\/uploads\\\/2019\\\/09\\\/bigstock-Paris-France-Sep-260073700.jpg\",\"width\":1600,\"height\":1067,\"caption\":\"PARIS, FRANCE - SEP 25, 2018: One above another iPhone Xs and Xs Max smartphone model by Apple Computers close up of newest golden iPhone mobile phone device on technology blue reflective background\"},{\"@type\":\"BreadcrumbList\",\"@id\":\"https:\\\/\\\/www.apfelpatient.de\\\/rumors\\\/iphone-11-apple-logo#breadcrumb\",\"itemListElement\":[{\"@type\":\"ListItem\",\"position\":1,\"name\":\"Startseite\",\"item\":\"https:\\\/\\\/www.apfelpatient.de\\\/\"},{\"@type\":\"ListItem\",\"position\":2,\"name\":\"iPhone 11 &#8211; Apple-Logo wird angeblich neu platziert\"}]},{\"@type\":\"WebSite\",\"@id\":\"https:\\\/\\\/www.apfelpatient.de\\\/#website\",\"url\":\"https:\\\/\\\/www.apfelpatient.de\\\/\",\"name\":\"Apfelpatient\",\"description\":\"Alles rund um Apple!\",\"publisher\":{\"@type\":\"Organization\",\"@id\":\"https:\\\/\\\/www.apfelpatient.de\\\/en\\\/#organization\",\"name\":\"Apfelpatient\",\"url\":\"https:\\\/\\\/www.apfelpatient.de\\\/en\\\/\"},\"alternateName\":\"Apfelpatient\",\"potentialAction\":[{\"@type\":\"SearchAction\",\"target\":{\"@type\":\"EntryPoint\",\"urlTemplate\":\"https:\\\/\\\/www.apfelpatient.de\\\/?s={search_term_string}\"},\"query-input\":{\"@type\":\"PropertyValueSpecification\",\"valueRequired\":true,\"valueName\":\"search_term_string\"}}],\"inLanguage\":\"en-US\"},{\"@type\":[\"Person\",\"Organization\"],\"@id\":\"https:\\\/\\\/www.apfelpatient.de\\\/#\\\/schema\\\/person\\\/7dc56ad6c8e9824b76d2c08d4c140e13\",\"name\":\"Milan\",\"logo\":{\"@id\":\"https:\\\/\\\/www.apfelpatient.de\\\/#\\\/schema\\\/person\\\/image\\\/\"},\"description\":\"Hallo und herzlich willkommen auf meinem Technik-Blog! Als gro\u00dfer Apple-Fan berichte ich hier \u00fcber alles, was mit Apple zu tun hat: von den neuesten News und spannenden Ger\u00fcchten \u00fcber hilfreiche Tipps und Tricks bis hin zu ausf\u00fchrlichen Produkttests. Wenn du genauso technikbegeistert bist wie ich, bist du hier genau richtig!\",\"sameAs\":[\"https:\\\/\\\/www.facebook.com\\\/apfelpatientOfficial\",\"https:\\\/\\\/www.linkedin.com\\\/in\\\/milan-jovicic-42aa0231b\"],\"url\":\"https:\\\/\\\/www.apfelpatient.de\\\/en\\\/author\\\/apfeladmin\"}]}<\/script>\n<!-- \/ Yoast SEO Premium plugin. -->","yoast_head_json":{"title":"iPhone 11 - Apple logo is allegedly being repositioned Apfelpatient","description":"- In three days, Apple will launch the new generation of iPhones and the rumor mill just won&#039;t stop churning. This time it&#039;s about the position of the Apple logo on the back of the iPhone 11 - it&#039;s supposedly getting a new position.","robots":{"index":"index","follow":"follow","max-snippet":"max-snippet:-1","max-image-preview":"max-image-preview:large","max-video-preview":"max-video-preview:-1"},"canonical":"https:\/\/www.apfelpatient.de\/en\/rumors\/iphone-11-apple-logo","og_locale":"en_US","og_type":"article","og_title":"iPhone 11 - Apple-Logo wird angeblich neu platziert","og_description":"- In drei Tagen wird Apple die neue Generation der iPhones einl\u00e4uten und die Ger\u00fcchtek\u00fcche will einfach nicht aufh\u00f6ren zu brodeln. Dieses Mal geht es um die Position des Apple-Logos auf der R\u00fcckseite des iPhone 11 - sie bekommt angeblich eine neue Position.","og_url":"https:\/\/www.apfelpatient.de\/en\/rumors\/iphone-11-apple-logo","og_site_name":"Apfelpatient","article_publisher":"https:\/\/www.facebook.com\/apfelpatientOfficial","article_author":"https:\/\/www.facebook.com\/apfelpatientOfficial","article_published_time":"2019-09-07T21:46:11+00:00","article_modified_time":"2025-02-06T06:40:46+00:00","og_image":[{"width":1600,"height":1067,"url":"https:\/\/www.apfelpatient.de\/wp-content\/uploads\/2019\/09\/bigstock-Paris-France-Sep-260073700.jpg","type":"image\/jpeg"}],"author":"Milan","twitter_card":"summary_large_image","twitter_misc":{"Written by":"Milan","Est. reading time":"2 minutes"},"schema":{"@context":"https:\/\/schema.org","@graph":[{"@type":"NewsArticle","@id":"https:\/\/www.apfelpatient.de\/rumors\/iphone-11-apple-logo#article","isPartOf":{"@id":"https:\/\/www.apfelpatient.de\/rumors\/iphone-11-apple-logo"},"author":{"@type":"Organization","@id":"https:\/\/www.apfelpatient.de\/en\/#organization","name":"Apfelpatient","url":"https:\/\/www.apfelpatient.de\/en\/"},"headline":"iPhone 11 &#8211; Apple-Logo wird angeblich neu platziert","datePublished":"2019-09-07T21:46:11+00:00","dateModified":"2025-02-06T06:40:46+00:00","mainEntityOfPage":{"@id":"https:\/\/www.apfelpatient.de\/rumors\/iphone-11-apple-logo"},"wordCount":368,"publisher":{"@type":"Organization","@id":"https:\/\/www.apfelpatient.de\/en\/#organization","name":"Apfelpatient","url":"https:\/\/www.apfelpatient.de\/en\/"},"image":{"@id":"https:\/\/www.apfelpatient.de\/rumors\/iphone-11-apple-logo#primaryimage"},"thumbnailUrl":"https:\/\/www.apfelpatient.de\/wp-content\/uploads\/2019\/09\/bigstock-Paris-France-Sep-260073700.jpg","keywords":["iPhone","iPhone 11","iPhone 2019"],"articleSection":"Rumors","inLanguage":"en-US","copyrightYear":"2019","copyrightHolder":{"@id":"https:\/\/www.apfelpatient.de\/en\/#organization"}},{"@type":"WebPage","@id":"https:\/\/www.apfelpatient.de\/rumors\/iphone-11-apple-logo","url":"https:\/\/www.apfelpatient.de\/rumors\/iphone-11-apple-logo","name":"iPhone 11 - Apple logo is allegedly being repositioned Apfelpatient","isPartOf":{"@id":"https:\/\/www.apfelpatient.de\/#website"},"primaryImageOfPage":{"@id":"https:\/\/www.apfelpatient.de\/rumors\/iphone-11-apple-logo#primaryimage"},"image":{"@id":"https:\/\/www.apfelpatient.de\/rumors\/iphone-11-apple-logo#primaryimage"},"thumbnailUrl":"https:\/\/www.apfelpatient.de\/wp-content\/uploads\/2019\/09\/bigstock-Paris-France-Sep-260073700.jpg","datePublished":"2019-09-07T21:46:11+00:00","dateModified":"2025-02-06T06:40:46+00:00","description":"- In three days, Apple will launch the new generation of iPhones and the rumor mill just won&#039;t stop churning. This time it&#039;s about the position of the Apple logo on the back of the iPhone 11 - it&#039;s supposedly getting a new position.","breadcrumb":{"@id":"https:\/\/www.apfelpatient.de\/rumors\/iphone-11-apple-logo#breadcrumb"},"inLanguage":"en-US","potentialAction":[{"@type":"ReadAction","target":["https:\/\/www.apfelpatient.de\/rumors\/iphone-11-apple-logo"]}]},{"@type":"ImageObject","inLanguage":"en-US","@id":"https:\/\/www.apfelpatient.de\/rumors\/iphone-11-apple-logo#primaryimage","url":"https:\/\/www.apfelpatient.de\/wp-content\/uploads\/2019\/09\/bigstock-Paris-France-Sep-260073700.jpg","contentUrl":"https:\/\/www.apfelpatient.de\/wp-content\/uploads\/2019\/09\/bigstock-Paris-France-Sep-260073700.jpg","width":1600,"height":1067,"caption":"PARIS, FRANCE - SEP 25, 2018: One above another iPhone Xs and Xs Max smartphone model by Apple Computers close up of newest golden iPhone mobile phone device on technology blue reflective background"},{"@type":"BreadcrumbList","@id":"https:\/\/www.apfelpatient.de\/rumors\/iphone-11-apple-logo#breadcrumb","itemListElement":[{"@type":"ListItem","position":1,"name":"Startseite","item":"https:\/\/www.apfelpatient.de\/"},{"@type":"ListItem","position":2,"name":"iPhone 11 &#8211; Apple-Logo wird angeblich neu platziert"}]},{"@type":"WebSite","@id":"https:\/\/www.apfelpatient.de\/#website","url":"https:\/\/www.apfelpatient.de\/","name":"apple patient","description":"Everything about Apple!","publisher":{"@type":"Organization","@id":"https:\/\/www.apfelpatient.de\/en\/#organization","name":"Apfelpatient","url":"https:\/\/www.apfelpatient.de\/en\/"},"alternateName":"Apfelpatient","potentialAction":[{"@type":"SearchAction","target":{"@type":"EntryPoint","urlTemplate":"https:\/\/www.apfelpatient.de\/?s={search_term_string}"},"query-input":{"@type":"PropertyValueSpecification","valueRequired":true,"valueName":"search_term_string"}}],"inLanguage":"en-US"},{"@type":["Person","Organization"],"@id":"https:\/\/www.apfelpatient.de\/#\/schema\/person\/7dc56ad6c8e9824b76d2c08d4c140e13","name":"Milan","logo":{"@id":"https:\/\/www.apfelpatient.de\/#\/schema\/person\/image\/"},"description":"Hello and welcome to my technology blog! As a big Apple fan, I report on everything to do with Apple: from the latest news and exciting rumors to helpful tips and tricks and detailed product tests. If you are as enthusiastic about technology as I am, you have come to the right place!","sameAs":["https:\/\/www.facebook.com\/apfelpatientOfficial","https:\/\/www.linkedin.com\/in\/milan-jovicic-42aa0231b"],"url":"https:\/\/www.apfelpatient.de\/en\/author\/apfeladmin"}]}},"_links":{"self":[{"href":"https:\/\/www.apfelpatient.de\/en\/wp-json\/wp\/v2\/posts\/5884","targetHints":{"allow":["GET"]}}],"collection":[{"href":"https:\/\/www.apfelpatient.de\/en\/wp-json\/wp\/v2\/posts"}],"about":[{"href":"https:\/\/www.apfelpatient.de\/en\/wp-json\/wp\/v2\/types\/post"}],"author":[{"embeddable":true,"href":"https:\/\/www.apfelpatient.de\/en\/wp-json\/wp\/v2\/users\/2"}],"replies":[{"embeddable":true,"href":"https:\/\/www.apfelpatient.de\/en\/wp-json\/wp\/v2\/comments?post=5884"}],"version-history":[{"count":0,"href":"https:\/\/www.apfelpatient.de\/en\/wp-json\/wp\/v2\/posts\/5884\/revisions"}],"wp:featuredmedia":[{"embeddable":true,"href":"https:\/\/www.apfelpatient.de\/en\/wp-json\/wp\/v2\/media\/5883"}],"wp:attachment":[{"href":"https:\/\/www.apfelpatient.de\/en\/wp-json\/wp\/v2\/media?parent=5884"}],"wp:term":[{"taxonomy":"category","embeddable":true,"href":"https:\/\/www.apfelpatient.de\/en\/wp-json\/wp\/v2\/categories?post=5884"},{"taxonomy":"post_tag","embeddable":true,"href":"https:\/\/www.apfelpatient.de\/en\/wp-json\/wp\/v2\/tags?post=5884"}],"curies":[{"name":"wp","href":"https:\/\/api.w.org\/{rel}","templated":true}]}}