{"id":58240,"date":"2025-09-11T14:20:53","date_gmt":"2025-09-11T12:20:53","guid":{"rendered":"https:\/\/www.apfelpatient.de\/?p=58240"},"modified":"2025-09-11T14:21:00","modified_gmt":"2025-09-11T12:21:00","slug":"iphone-air-in-detail-tim-cook-on-style-and-lightness","status":"publish","type":"post","link":"https:\/\/www.apfelpatient.de\/en\/news\/iphone-air-im-detail-tim-cook-ueber-stil-und-leichtigkeit","title":{"rendered":"iPhone Air in detail \u2013 Tim Cook on style and lightness"},"content":{"rendered":"<p class=\"has-drop-cap\"><strong>The iPhone Air is the focus of a new interview conducted by the Wall Street Journal with Apple CEO Tim Cook and design chiefs Molly Anderson and Alan Dye. In it, the executives explain how Apple is positioning the iPhone Air, the decisions behind its design, and its role alongside the Pro line. Their statements also leave room for speculation about the future\u2014including a possible foldable iPhone.<\/strong><\/p>\n\n\n\n<p>In recent years, Apple has focused on more clearly separating its iPhone portfolio. With its Pro models, the company targets power users, while its standard iPhones appeal to a broader audience. The iPhone Air now takes on a new role: extremely thin, light, and strongly focused on design and lifestyle. Tim Cook and his team members describe it as a device defined less by pure performance than by the way it feels when worn and used.<\/p>\n\n\n\n<h4 class=\"wp-block-heading\" id=\"h-ein-iphone-fur-die-ozempic-ara\">An iPhone for the \u201cOzempic Era\u201d<\/h4>\n\n\n\n<p class=\"translation-block\">The Wall Street Journal <a href=\"https:\/\/www.wsj.com\/tech\/apple-iphone-air-tim-cook-design-thin-case-b67d5d8b\" target=\"_blank\" rel=\"noreferrer noopener\" data-wpel-link=\"external\">calls<\/a> the iPhone Air &quot;an iPhone for the Oceanic era.&quot; While this comparison may seem unusual, it demonstrates Apple&#039;s strong emphasis on lightweight design and minimalism. The iPhone Air is intended to be less of a workhorse and more of a statement that consciously emphasizes elegance.<\/p>\n\n\n\n<h4 class=\"wp-block-heading\" id=\"h-materialien-und-oberflache\">Materials and surface<\/h4>\n\n\n\n<p>A central theme in the interview is the choice of materials. Unlike the Pro models, which have a more textured appearance, the iPhone Air features a highly polished surface. According to Molly Anderson, this effect contributes to the device&#039;s appearance, making it appear even thinner. At the same time, it&#039;s intended to create a more distinctive look. Anderson explains that the glossy surface conveys a different perception of what a smartphone is and how it&#039;s worn.<\/p>\n\n\n\n<h4 class=\"wp-block-heading\" id=\"h-air-oder-pro-die-schwierige-entscheidung\">Air or Pro \u2013 the difficult decision<\/h4>\n\n\n\n<p>Apple itself admits that users have to weigh things up when choosing between the iPhone Air and the iPhone Pro. Anderson deliberately describes the decision as difficult. The Pro model is tailored to photographers, filmmakers, and content creators and offers unique visual features, such as colors like &quot;cosmic orange.&quot; The iPhone Air, on the other hand, emphasizes lightness, style, and the freedom of carrying less weight. Both models have clear strengths\u2014and it&#039;s precisely this differentiation that should make them so appealing.<\/p>\n\n\n\n<h4 class=\"wp-block-heading\" id=\"h-raum-fur-spekulationen\">Room for speculation<\/h4>\n\n\n\n<p>Naturally, the question of a possible foldable iPhone also came up in the interview. When asked directly whether the iPhone Air was an intermediate step in that direction, Tim Cook simply replied:<\/p>\n\n\n\n<blockquote class=\"wp-block-quote is-layout-flow wp-block-quote-is-layout-flow\">\n<p>We&#039;re really good at keeping secrets.<\/p>\n<\/blockquote>\n\n\n\n<p>He declined to provide any concrete answer, but instead shifted the focus back to the current announcement. Nevertheless, speculation is that Apple is using the iPhone Air to gain experience on how to efficiently produce an extremely thin case. A comparison with the Samsung Fold 7 makes the possible background clear: The latter is 8.9 millimeters thin when closed and only 4.2 millimeters when opened\u2014a benchmark against which Apple could be measured in the future.<\/p>\n\n\n\n<h4 class=\"wp-block-heading\" id=\"h-zubehor-als-teil-des-konzepts\">Accessories as part of the concept<\/h4>\n\n\n\n<p>In addition to technical and design issues, accessories also played a role. Apple introduced the crossbody strap accessory, which allows the iPhone Air to be worn on the body. Tim Cook emphasized that this is a way to express one&#039;s own personality more fully. Since the iPhone has long been a constant companion for many, it should be not only functional but also a style-defining object.<\/p>\n\n\n\n<h3 class=\"wp-block-heading\" id=\"h-iphone-air-mehr-als-nur-die-leichte-alternative\">iPhone Air: More than just a lightweight alternative<\/h3>\n\n\n\n<p>The iPhone Air is more than just a slimmed-down version of the Pro models. It&#039;s Apple&#039;s attempt to establish an ultra-thin, lightweight, and stylish smartphone that captures the spirit of the times. With its polished finish, lifestyle focus, and reimagined accessories, it clearly stands out from the Pro lineup. At the same time, it raises questions about whether Apple is laying the foundation for a foldable iPhone. One thing is certain: The iPhone Air adds a new dimension to the iPhone family, putting design and everyday experience at the center. (Image: Apple)<\/p>\n\n\n\n<ul class=\"wp-block-list\">\n<li><a href=\"https:\/\/www.apfelpatient.de\/en\/news\/apple-and-politics-new-allegations-surrounding-ai-guidelines\">Apple and politics: New allegations surrounding AI guidelines<\/a><\/li>\n\n\n\n<li><a href=\"https:\/\/www.apfelpatient.de\/en\/news\/live-translation-remains-blocked-in-europe-for-the-time-being\">Live translation remains blocked in Europe for the time being<\/a><\/li>\n\n\n\n<li><a href=\"https:\/\/www.apfelpatient.de\/en\/news\/apple-remains-market-leader-in-the-premium-segment-despite-competition\">Apple remains market leader in the premium segment despite competition<\/a><\/li>\n\n\n\n<li><a href=\"https:\/\/www.apfelpatient.de\/en\/news\/apple-allegedly-trained-ai-with-pirated-copies-authors-sue\">Apple allegedly trained AI with pirated software: Authors sue<\/a><\/li>\n\n\n\n<li><a href=\"https:\/\/www.apfelpatient.de\/en\/rumors\/macbook-pro-2026-apple-is-planning-a-major-upgrade-with-oled\">MacBook Pro 2026: Apple plans major upgrade with OLED<\/a><\/li>\n\n\n\n<li><a href=\"https:\/\/www.apfelpatient.de\/en\/news\/apple-remains-market-leader-in-the-premium-segment-despite-competition\">Apple remains market leader in the premium segment despite competition<\/a><\/li>\n\n\n\n<li><a href=\"https:\/\/www.apfelpatient.de\/en\/news\/apple-launches-new-magsafe-charger-with-25w-qi2-support\">Apple launches new MagSafe charger with Qi2 25W support<\/a><\/li>\n\n\n\n<li><a href=\"https:\/\/www.apfelpatient.de\/en\/news\/iphone-17-and-5g-mmwave-remain-reserved-for-us-users\">iPhone 17 and 5G: mmWave remains reserved for US users<\/a><\/li>\n\n\n\n<li><a href=\"https:\/\/www.apfelpatient.de\/en\/news\/airpods-pro-3-battery-life-surprise-discovered\">AirPods Pro 3: Surprise discovered in battery life<\/a><\/li>\n\n\n\n<li><a href=\"https:\/\/www.apfelpatient.de\/en\/news\/iphone-17-differences-between-a19-and-a19-pro\">iPhone 17: Differences between A19 and A19 Pro<\/a><\/li>\n\n\n\n<li><a href=\"https:\/\/www.apfelpatient.de\/en\/news\/iphone-air-weight-comparison-of-all-current-apple-models\">iPhone Air weight: Comparison of all current Apple models<\/a><\/li>\n\n\n\n<li><a href=\"https:\/\/www.apfelpatient.de\/en\/news\/iphone-17-apple-brings-significantly-longer-battery-life\">iPhone 17: Apple brings significantly longer battery life<\/a><\/li>\n\n\n\n<li><a href=\"https:\/\/www.apfelpatient.de\/en\/news\/iphone-17-apple-brings-groundbreaking-security-feature\">iPhone 17: Apple introduces groundbreaking security feature<\/a><\/li>\n\n\n\n<li><a href=\"https:\/\/www.apfelpatient.de\/en\/news\/iphone-17-dual-capture-video-now-directly-in-the-camera-app\">iPhone 17: Dual Capture Video now directly in the Camera app<\/a><\/li>\n\n\n\n<li><a href=\"https:\/\/www.apfelpatient.de\/en\/news\/macos-26-brings-repair-assistant-for-calibration-parts\">macOS 26 brings repair assistant for calibration &amp; parts<\/a><\/li>\n\n\n\n<li><a href=\"https:\/\/www.apfelpatient.de\/en\/news\/iphone-air-with-c1x-modem-faster-more-efficient-better\">iPhone Air with C1X modem \u2013 faster, more efficient, better<\/a><\/li>\n\n\n\n<li><a href=\"https:\/\/www.apfelpatient.de\/en\/news\/iphone-17-pro-relies-on-aluminum-all-the-reasons-in-detail\">iPhone 17 Pro uses aluminum \u2013 all the reasons in detail<\/a><\/li>\n\n\n\n<li><a href=\"https:\/\/www.apfelpatient.de\/en\/news\/iphone-17-n1-chip-more-ram-and-battery-life-at-a-glance\">iPhone 17: N1 chip, more RAM and battery life at a glance<\/a><\/li>\n\n\n\n<li><a href=\"https:\/\/www.apfelpatient.de\/en\/news\/high-blood-pressure-warnings-coming-to-older-apple-watch-models\">High blood pressure warnings coming to older Apple Watch models<\/a><\/li>\n\n\n\n<li><a href=\"https:\/\/www.apfelpatient.de\/en\/news\/airpods-pro-2-and-airpods-4-get-live-translation-feature\">AirPods Pro 2 and AirPods 4 get live translation feature<\/a><\/li>\n\n\n\n<li><a href=\"https:\/\/www.apfelpatient.de\/en\/news\/magsafe-battery-exclusively-for-iphone-air-iphone-17-runs-out\">MagSafe battery exclusively for iPhone Air \u2013 iPhone 17 runs out of power<\/a><\/li>\n\n\n\n<li><a href=\"https:\/\/www.apfelpatient.de\/en\/news\/new-iphone-accessories-2025-cases-bumper-and-crossbody\">New iPhone accessories 2025: cases, bumpers and crossbody<\/a><\/li>\n\n\n\n<li><a href=\"https:\/\/www.apfelpatient.de\/en\/news\/final-cut-camera-2-0-all-new-features-at-a-glance\">Final Cut Camera 2.0: All new features at a glance<\/a><\/li>\n\n\n\n<li><a href=\"https:\/\/www.apfelpatient.de\/en\/news\/iphone-air-battery-life-comparison-with-iphone-17-predecessors\">iPhone Air battery life: Comparison with iPhone 17 and predecessors<\/a><\/li>\n\n\n\n<li><a href=\"https:\/\/www.apfelpatient.de\/en\/news\/iphone-17-no-longer-has-a-sim-slot-in-these-countries\">iPhone 17: There is no longer a SIM slot in these countries<\/a><\/li>\n<\/ul>\n\n\n\n<h6 class=\"wp-block-heading translation-block\" id=\"h-kennt-ihr-schon-unsere-amazon-storefront-dort-findet-ihr-eine-handverlesene-auswahl-von-diversen-produkten-f-r-euer-iphone-und-co-viel-spa-beim-st-bern\"><em>Have you already visited our Amazon Storefront? There you&#039;ll find a hand-picked selection of various products for your iPhone and other devices \u2013 <span class=\"has-inline-color has-vivid-red-color\"><a href=\"https:\/\/www.amazon.de\/shop\/apfelpatientofficial\" class=\"ek-link\" data-wpel-link=\"exclude\" rel=\"follow noopener\" target=\"_self\"><span style=\"text-decoration: underline\" class=\"ek-underline\">enjoy browsing<\/span><\/a> !<\/span><\/em><\/h6>\n\n\n\n<h6 class=\"wp-block-heading translation-block\" id=\"h-der-beitrag-enthalt-partnerlinks\">This post contains <a data-type=\"URL\" data-id=\"https:\/\/www.apfelpatient.de\/partnerprogramm\" href=\"https:\/\/www.apfelpatient.de\/en\/partner-program\" data-wpel-link=\"internal\" target=\"_self\">affiliate links<\/a>.<\/h6>","protected":false},"excerpt":{"rendered":"<p>The iPhone Air focuses on lightness and style. Learn what Tim Cook and Apple designers reveal about its design, accessories, and future plans.<\/p>","protected":false},"author":2,"featured_media":58037,"comment_status":"closed","ping_status":"open","sticky":false,"template":"","format":"standard","meta":{"jnews-multi-image_gallery":[],"jnews_single_post":{"format":"standard","override":[{"template":"2","parallax":"1","fullscreen":"1","layout":"right-sidebar","sidebar":"default-sidebar","second_sidebar":"default-sidebar","sticky_sidebar":"1","share_position":"top","share_float_style":"share-monocrhome","show_featured":"1","show_post_meta":"1","show_post_author":"1","show_post_author_image":"1","show_post_date":"1","post_date_format":"default","post_date_format_custom":"Y\/m\/d","show_post_reading_time":"0","post_reading_time_wpm":"300","post_calculate_word_method":"str_word_count","show_zoom_button":"0","zoom_button_out_step":"2","zoom_button_in_step":"3","show_post_tag":"1","show_prev_next_post":"1","show_popup_post":"1","number_popup_post":"1","show_author_box":"0","show_post_related":"0","show_inline_post_related":"0"}],"image_override":[{"single_post_thumbnail_size":"crop-500","single_post_gallery_size":"crop-500"}],"trending_post_position":"meta","trending_post_label":"Trending","sponsored_post_label":"Sponsored by","disable_ad":"0"},"jnews_primary_category":{"id":"9"},"footnotes":""},"categories":[9],"tags":[8,819,1250],"class_list":["post-58240","post","type-post","status-publish","format-standard","has-post-thumbnail","hentry","category-news","tag-iphone","tag-iphone-17","tag-iphone-air"],"yoast_head":"<!-- This site is optimized with the Yoast SEO Premium plugin v27.5 (Yoast SEO v27.5) - https:\/\/yoast.com\/product\/yoast-seo-premium-wordpress\/ -->\n<title>iPhone Air im Detail \u2013 Tim Cook \u00fcber Stil und Leichtigkeit Apfelpatient<\/title>\n<meta name=\"description\" content=\"Das iPhone Air setzt auf Leichtigkeit und Stil. Erfahre, was Tim Cook und Apple-Designer \u00fcber Design, Zubeh\u00f6r und Zukunftspl\u00e4ne verraten.\" \/>\n<meta name=\"robots\" content=\"index, follow, max-snippet:-1, max-image-preview:large, max-video-preview:-1\" \/>\n<link rel=\"canonical\" href=\"https:\/\/www.apfelpatient.de\/en\/news\/iphone-air-in-detail-tim-cook-on-style-and-lightness\" \/>\n<meta property=\"og:locale\" content=\"en_US\" \/>\n<meta property=\"og:type\" content=\"article\" \/>\n<meta property=\"og:title\" content=\"iPhone Air im Detail \u2013 Tim Cook \u00fcber Stil und Leichtigkeit\" \/>\n<meta property=\"og:description\" content=\"Das iPhone Air setzt auf Leichtigkeit und Stil. Erfahre, was Tim Cook und Apple-Designer \u00fcber Design, Zubeh\u00f6r und Zukunftspl\u00e4ne verraten.\" \/>\n<meta property=\"og:url\" content=\"https:\/\/www.apfelpatient.de\/en\/news\/iphone-air-in-detail-tim-cook-on-style-and-lightness\" \/>\n<meta property=\"og:site_name\" content=\"Apfelpatient\" \/>\n<meta property=\"article:publisher\" content=\"https:\/\/www.facebook.com\/apfelpatientOfficial\" \/>\n<meta property=\"article:author\" content=\"https:\/\/www.facebook.com\/apfelpatientOfficial\" \/>\n<meta property=\"article:published_time\" content=\"2025-09-11T12:20:53+00:00\" \/>\n<meta property=\"article:modified_time\" content=\"2025-09-11T12:21:00+00:00\" \/>\n<meta property=\"og:image\" content=\"https:\/\/www.apfelpatient.de\/wp-content\/uploads\/2025\/09\/Apple-iPhone-Air-hero-250909.jpg\" \/>\n\t<meta property=\"og:image:width\" content=\"1600\" \/>\n\t<meta property=\"og:image:height\" content=\"900\" \/>\n\t<meta property=\"og:image:type\" content=\"image\/jpeg\" \/>\n<meta name=\"author\" content=\"Milan\" \/>\n<meta name=\"twitter:card\" content=\"summary_large_image\" \/>\n<meta name=\"twitter:description\" content=\"Das iPhone Air setzt auf Leichtigkeit und Stil. Erfahre, was Tim Cook und Apple-Designer \u00fcber Design, Zubeh\u00f6r und Zukunftspl\u00e4ne verraten.\" \/>\n<meta name=\"twitter:label1\" content=\"Written by\" \/>\n\t<meta name=\"twitter:data1\" content=\"Milan\" \/>\n\t<meta name=\"twitter:label2\" content=\"Est. reading time\" \/>\n\t<meta name=\"twitter:data2\" content=\"5 minutes\" \/>\n<script type=\"application\/ld+json\" class=\"yoast-schema-graph\">{\"@context\":\"https:\\\/\\\/schema.org\",\"@graph\":[{\"@type\":\"NewsArticle\",\"@id\":\"https:\\\/\\\/www.apfelpatient.de\\\/news\\\/iphone-air-im-detail-tim-cook-ueber-stil-und-leichtigkeit#article\",\"isPartOf\":{\"@id\":\"https:\\\/\\\/www.apfelpatient.de\\\/news\\\/iphone-air-im-detail-tim-cook-ueber-stil-und-leichtigkeit\"},\"author\":{\"@type\":\"Organization\",\"@id\":\"https:\\\/\\\/www.apfelpatient.de\\\/en\\\/#organization\",\"name\":\"Apfelpatient\",\"url\":\"https:\\\/\\\/www.apfelpatient.de\\\/en\\\/\"},\"headline\":\"iPhone Air im Detail \u2013 Tim Cook \u00fcber Stil und Leichtigkeit\",\"datePublished\":\"2025-09-11T12:20:53+00:00\",\"dateModified\":\"2025-09-11T12:21:00+00:00\",\"mainEntityOfPage\":{\"@id\":\"https:\\\/\\\/www.apfelpatient.de\\\/news\\\/iphone-air-im-detail-tim-cook-ueber-stil-und-leichtigkeit\"},\"wordCount\":885,\"publisher\":{\"@type\":\"Organization\",\"@id\":\"https:\\\/\\\/www.apfelpatient.de\\\/en\\\/#organization\",\"name\":\"Apfelpatient\",\"url\":\"https:\\\/\\\/www.apfelpatient.de\\\/en\\\/\"},\"image\":{\"@id\":\"https:\\\/\\\/www.apfelpatient.de\\\/news\\\/iphone-air-im-detail-tim-cook-ueber-stil-und-leichtigkeit#primaryimage\"},\"thumbnailUrl\":\"https:\\\/\\\/www.apfelpatient.de\\\/wp-content\\\/uploads\\\/2025\\\/09\\\/Apple-iPhone-Air-hero-250909.jpg\",\"keywords\":[\"iPhone\",\"iPhone 17\",\"iPhone Air\"],\"articleSection\":\"News\",\"inLanguage\":\"en-US\",\"copyrightYear\":\"2025\",\"copyrightHolder\":{\"@id\":\"https:\\\/\\\/www.apfelpatient.de\\\/en\\\/#organization\"}},{\"@type\":\"WebPage\",\"@id\":\"https:\\\/\\\/www.apfelpatient.de\\\/news\\\/iphone-air-im-detail-tim-cook-ueber-stil-und-leichtigkeit\",\"url\":\"https:\\\/\\\/www.apfelpatient.de\\\/news\\\/iphone-air-im-detail-tim-cook-ueber-stil-und-leichtigkeit\",\"name\":\"iPhone Air im Detail \u2013 Tim Cook \u00fcber Stil und Leichtigkeit Apfelpatient\",\"isPartOf\":{\"@id\":\"https:\\\/\\\/www.apfelpatient.de\\\/#website\"},\"primaryImageOfPage\":{\"@id\":\"https:\\\/\\\/www.apfelpatient.de\\\/news\\\/iphone-air-im-detail-tim-cook-ueber-stil-und-leichtigkeit#primaryimage\"},\"image\":{\"@id\":\"https:\\\/\\\/www.apfelpatient.de\\\/news\\\/iphone-air-im-detail-tim-cook-ueber-stil-und-leichtigkeit#primaryimage\"},\"thumbnailUrl\":\"https:\\\/\\\/www.apfelpatient.de\\\/wp-content\\\/uploads\\\/2025\\\/09\\\/Apple-iPhone-Air-hero-250909.jpg\",\"datePublished\":\"2025-09-11T12:20:53+00:00\",\"dateModified\":\"2025-09-11T12:21:00+00:00\",\"description\":\"Das iPhone Air setzt auf Leichtigkeit und Stil. Erfahre, was Tim Cook und Apple-Designer \u00fcber Design, Zubeh\u00f6r und Zukunftspl\u00e4ne verraten.\",\"breadcrumb\":{\"@id\":\"https:\\\/\\\/www.apfelpatient.de\\\/news\\\/iphone-air-im-detail-tim-cook-ueber-stil-und-leichtigkeit#breadcrumb\"},\"inLanguage\":\"en-US\",\"potentialAction\":[{\"@type\":\"ReadAction\",\"target\":[\"https:\\\/\\\/www.apfelpatient.de\\\/news\\\/iphone-air-im-detail-tim-cook-ueber-stil-und-leichtigkeit\"]}]},{\"@type\":\"ImageObject\",\"inLanguage\":\"en-US\",\"@id\":\"https:\\\/\\\/www.apfelpatient.de\\\/news\\\/iphone-air-im-detail-tim-cook-ueber-stil-und-leichtigkeit#primaryimage\",\"url\":\"https:\\\/\\\/www.apfelpatient.de\\\/wp-content\\\/uploads\\\/2025\\\/09\\\/Apple-iPhone-Air-hero-250909.jpg\",\"contentUrl\":\"https:\\\/\\\/www.apfelpatient.de\\\/wp-content\\\/uploads\\\/2025\\\/09\\\/Apple-iPhone-Air-hero-250909.jpg\",\"width\":1600,\"height\":900,\"caption\":\"Bild: Apple\"},{\"@type\":\"BreadcrumbList\",\"@id\":\"https:\\\/\\\/www.apfelpatient.de\\\/news\\\/iphone-air-im-detail-tim-cook-ueber-stil-und-leichtigkeit#breadcrumb\",\"itemListElement\":[{\"@type\":\"ListItem\",\"position\":1,\"name\":\"Startseite\",\"item\":\"https:\\\/\\\/www.apfelpatient.de\\\/\"},{\"@type\":\"ListItem\",\"position\":2,\"name\":\"iPhone Air im Detail \u2013 Tim Cook \u00fcber Stil und Leichtigkeit\"}]},{\"@type\":\"WebSite\",\"@id\":\"https:\\\/\\\/www.apfelpatient.de\\\/#website\",\"url\":\"https:\\\/\\\/www.apfelpatient.de\\\/\",\"name\":\"Apfelpatient\",\"description\":\"Alles rund um Apple!\",\"publisher\":{\"@type\":\"Organization\",\"@id\":\"https:\\\/\\\/www.apfelpatient.de\\\/en\\\/#organization\",\"name\":\"Apfelpatient\",\"url\":\"https:\\\/\\\/www.apfelpatient.de\\\/en\\\/\"},\"alternateName\":\"Apfelpatient\",\"potentialAction\":[{\"@type\":\"SearchAction\",\"target\":{\"@type\":\"EntryPoint\",\"urlTemplate\":\"https:\\\/\\\/www.apfelpatient.de\\\/?s={search_term_string}\"},\"query-input\":{\"@type\":\"PropertyValueSpecification\",\"valueRequired\":true,\"valueName\":\"search_term_string\"}}],\"inLanguage\":\"en-US\"},{\"@type\":[\"Person\",\"Organization\"],\"@id\":\"https:\\\/\\\/www.apfelpatient.de\\\/#\\\/schema\\\/person\\\/7dc56ad6c8e9824b76d2c08d4c140e13\",\"name\":\"Milan\",\"logo\":{\"@id\":\"https:\\\/\\\/www.apfelpatient.de\\\/#\\\/schema\\\/person\\\/image\\\/\"},\"description\":\"Hallo und herzlich willkommen auf meinem Technik-Blog! Als gro\u00dfer Apple-Fan berichte ich hier \u00fcber alles, was mit Apple zu tun hat: von den neuesten News und spannenden Ger\u00fcchten \u00fcber hilfreiche Tipps und Tricks bis hin zu ausf\u00fchrlichen Produkttests. Wenn du genauso technikbegeistert bist wie ich, bist du hier genau richtig!\",\"sameAs\":[\"https:\\\/\\\/www.facebook.com\\\/apfelpatientOfficial\",\"https:\\\/\\\/www.linkedin.com\\\/in\\\/milan-jovicic-42aa0231b\"],\"url\":\"https:\\\/\\\/www.apfelpatient.de\\\/en\\\/author\\\/apfeladmin\"}]}<\/script>\n<!-- \/ Yoast SEO Premium plugin. -->","yoast_head_json":{"title":"iPhone Air in Detail \u2013 Tim Cook on Style and Lightness Apfelpatient","description":"The iPhone Air focuses on lightness and style. Learn what Tim Cook and Apple designers reveal about its design, accessories, and future plans.","robots":{"index":"index","follow":"follow","max-snippet":"max-snippet:-1","max-image-preview":"max-image-preview:large","max-video-preview":"max-video-preview:-1"},"canonical":"https:\/\/www.apfelpatient.de\/en\/news\/iphone-air-in-detail-tim-cook-on-style-and-lightness","og_locale":"en_US","og_type":"article","og_title":"iPhone Air im Detail \u2013 Tim Cook \u00fcber Stil und Leichtigkeit","og_description":"Das iPhone Air setzt auf Leichtigkeit und Stil. Erfahre, was Tim Cook und Apple-Designer \u00fcber Design, Zubeh\u00f6r und Zukunftspl\u00e4ne verraten.","og_url":"https:\/\/www.apfelpatient.de\/en\/news\/iphone-air-in-detail-tim-cook-on-style-and-lightness","og_site_name":"Apfelpatient","article_publisher":"https:\/\/www.facebook.com\/apfelpatientOfficial","article_author":"https:\/\/www.facebook.com\/apfelpatientOfficial","article_published_time":"2025-09-11T12:20:53+00:00","article_modified_time":"2025-09-11T12:21:00+00:00","og_image":[{"width":1600,"height":900,"url":"https:\/\/www.apfelpatient.de\/wp-content\/uploads\/2025\/09\/Apple-iPhone-Air-hero-250909.jpg","type":"image\/jpeg"}],"author":"Milan","twitter_card":"summary_large_image","twitter_description":"Das iPhone Air setzt auf Leichtigkeit und Stil. Erfahre, was Tim Cook und Apple-Designer \u00fcber Design, Zubeh\u00f6r und Zukunftspl\u00e4ne verraten.","twitter_misc":{"Written by":"Milan","Est. reading time":"5 minutes"},"schema":{"@context":"https:\/\/schema.org","@graph":[{"@type":"NewsArticle","@id":"https:\/\/www.apfelpatient.de\/news\/iphone-air-im-detail-tim-cook-ueber-stil-und-leichtigkeit#article","isPartOf":{"@id":"https:\/\/www.apfelpatient.de\/news\/iphone-air-im-detail-tim-cook-ueber-stil-und-leichtigkeit"},"author":{"@type":"Organization","@id":"https:\/\/www.apfelpatient.de\/en\/#organization","name":"Apfelpatient","url":"https:\/\/www.apfelpatient.de\/en\/"},"headline":"iPhone Air im Detail \u2013 Tim Cook \u00fcber Stil und Leichtigkeit","datePublished":"2025-09-11T12:20:53+00:00","dateModified":"2025-09-11T12:21:00+00:00","mainEntityOfPage":{"@id":"https:\/\/www.apfelpatient.de\/news\/iphone-air-im-detail-tim-cook-ueber-stil-und-leichtigkeit"},"wordCount":885,"publisher":{"@type":"Organization","@id":"https:\/\/www.apfelpatient.de\/en\/#organization","name":"Apfelpatient","url":"https:\/\/www.apfelpatient.de\/en\/"},"image":{"@id":"https:\/\/www.apfelpatient.de\/news\/iphone-air-im-detail-tim-cook-ueber-stil-und-leichtigkeit#primaryimage"},"thumbnailUrl":"https:\/\/www.apfelpatient.de\/wp-content\/uploads\/2025\/09\/Apple-iPhone-Air-hero-250909.jpg","keywords":["iPhone","iPhone 17","iPhone Air"],"articleSection":"News","inLanguage":"en-US","copyrightYear":"2025","copyrightHolder":{"@id":"https:\/\/www.apfelpatient.de\/en\/#organization"}},{"@type":"WebPage","@id":"https:\/\/www.apfelpatient.de\/news\/iphone-air-im-detail-tim-cook-ueber-stil-und-leichtigkeit","url":"https:\/\/www.apfelpatient.de\/news\/iphone-air-im-detail-tim-cook-ueber-stil-und-leichtigkeit","name":"iPhone Air in Detail \u2013 Tim Cook on Style and Lightness Apfelpatient","isPartOf":{"@id":"https:\/\/www.apfelpatient.de\/#website"},"primaryImageOfPage":{"@id":"https:\/\/www.apfelpatient.de\/news\/iphone-air-im-detail-tim-cook-ueber-stil-und-leichtigkeit#primaryimage"},"image":{"@id":"https:\/\/www.apfelpatient.de\/news\/iphone-air-im-detail-tim-cook-ueber-stil-und-leichtigkeit#primaryimage"},"thumbnailUrl":"https:\/\/www.apfelpatient.de\/wp-content\/uploads\/2025\/09\/Apple-iPhone-Air-hero-250909.jpg","datePublished":"2025-09-11T12:20:53+00:00","dateModified":"2025-09-11T12:21:00+00:00","description":"The iPhone Air focuses on lightness and style. Learn what Tim Cook and Apple designers reveal about its design, accessories, and future plans.","breadcrumb":{"@id":"https:\/\/www.apfelpatient.de\/news\/iphone-air-im-detail-tim-cook-ueber-stil-und-leichtigkeit#breadcrumb"},"inLanguage":"en-US","potentialAction":[{"@type":"ReadAction","target":["https:\/\/www.apfelpatient.de\/news\/iphone-air-im-detail-tim-cook-ueber-stil-und-leichtigkeit"]}]},{"@type":"ImageObject","inLanguage":"en-US","@id":"https:\/\/www.apfelpatient.de\/news\/iphone-air-im-detail-tim-cook-ueber-stil-und-leichtigkeit#primaryimage","url":"https:\/\/www.apfelpatient.de\/wp-content\/uploads\/2025\/09\/Apple-iPhone-Air-hero-250909.jpg","contentUrl":"https:\/\/www.apfelpatient.de\/wp-content\/uploads\/2025\/09\/Apple-iPhone-Air-hero-250909.jpg","width":1600,"height":900,"caption":"Bild: Apple"},{"@type":"BreadcrumbList","@id":"https:\/\/www.apfelpatient.de\/news\/iphone-air-im-detail-tim-cook-ueber-stil-und-leichtigkeit#breadcrumb","itemListElement":[{"@type":"ListItem","position":1,"name":"Startseite","item":"https:\/\/www.apfelpatient.de\/"},{"@type":"ListItem","position":2,"name":"iPhone Air im Detail \u2013 Tim Cook \u00fcber Stil und Leichtigkeit"}]},{"@type":"WebSite","@id":"https:\/\/www.apfelpatient.de\/#website","url":"https:\/\/www.apfelpatient.de\/","name":"apple patient","description":"Everything about Apple!","publisher":{"@type":"Organization","@id":"https:\/\/www.apfelpatient.de\/en\/#organization","name":"Apfelpatient","url":"https:\/\/www.apfelpatient.de\/en\/"},"alternateName":"Apfelpatient","potentialAction":[{"@type":"SearchAction","target":{"@type":"EntryPoint","urlTemplate":"https:\/\/www.apfelpatient.de\/?s={search_term_string}"},"query-input":{"@type":"PropertyValueSpecification","valueRequired":true,"valueName":"search_term_string"}}],"inLanguage":"en-US"},{"@type":["Person","Organization"],"@id":"https:\/\/www.apfelpatient.de\/#\/schema\/person\/7dc56ad6c8e9824b76d2c08d4c140e13","name":"Milan","logo":{"@id":"https:\/\/www.apfelpatient.de\/#\/schema\/person\/image\/"},"description":"Hello and welcome to my technology blog! As a big Apple fan, I report on everything to do with Apple: from the latest news and exciting rumors to helpful tips and tricks and detailed product tests. If you are as enthusiastic about technology as I am, you have come to the right place!","sameAs":["https:\/\/www.facebook.com\/apfelpatientOfficial","https:\/\/www.linkedin.com\/in\/milan-jovicic-42aa0231b"],"url":"https:\/\/www.apfelpatient.de\/en\/author\/apfeladmin"}]}},"_links":{"self":[{"href":"https:\/\/www.apfelpatient.de\/en\/wp-json\/wp\/v2\/posts\/58240","targetHints":{"allow":["GET"]}}],"collection":[{"href":"https:\/\/www.apfelpatient.de\/en\/wp-json\/wp\/v2\/posts"}],"about":[{"href":"https:\/\/www.apfelpatient.de\/en\/wp-json\/wp\/v2\/types\/post"}],"author":[{"embeddable":true,"href":"https:\/\/www.apfelpatient.de\/en\/wp-json\/wp\/v2\/users\/2"}],"replies":[{"embeddable":true,"href":"https:\/\/www.apfelpatient.de\/en\/wp-json\/wp\/v2\/comments?post=58240"}],"version-history":[{"count":0,"href":"https:\/\/www.apfelpatient.de\/en\/wp-json\/wp\/v2\/posts\/58240\/revisions"}],"wp:featuredmedia":[{"embeddable":true,"href":"https:\/\/www.apfelpatient.de\/en\/wp-json\/wp\/v2\/media\/58037"}],"wp:attachment":[{"href":"https:\/\/www.apfelpatient.de\/en\/wp-json\/wp\/v2\/media?parent=58240"}],"wp:term":[{"taxonomy":"category","embeddable":true,"href":"https:\/\/www.apfelpatient.de\/en\/wp-json\/wp\/v2\/categories?post=58240"},{"taxonomy":"post_tag","embeddable":true,"href":"https:\/\/www.apfelpatient.de\/en\/wp-json\/wp\/v2\/tags?post=58240"}],"curies":[{"name":"wp","href":"https:\/\/api.w.org\/{rel}","templated":true}]}}