{"id":57972,"date":"2025-09-07T12:16:55","date_gmt":"2025-09-07T10:16:55","guid":{"rendered":"https:\/\/www.apfelpatient.de\/?p=57972"},"modified":"2025-09-07T12:17:02","modified_gmt":"2025-09-07T10:17:02","slug":"kuo-airpods-pro-3-are-expected-to-be-released-in-september","status":"publish","type":"post","link":"https:\/\/www.apfelpatient.de\/en\/rumors\/kuo-airpods-pro-3-sollen-noch-im-september-erscheinen","title":{"rendered":"Kuo: AirPods Pro 3 to be released in September"},"content":{"rendered":"<p class=\"has-drop-cap\"><strong>Apple remains true to its release schedule. Three years after the AirPods Pro 2, the third generation is now upon us. The first version launched in 2019, the successor followed in 2022, and now it&#039;s the turn of the AirPods Pro 3 in 2025. The schedule is right, and there are no surprises. Nevertheless, it&#039;s worth taking a closer look, because the next generation brings more than just a minor update.<\/strong><\/p>\n\n\n\n<p class=\"translation-block\">Shortly before the upcoming Apple event, new information is circulating. Analyst Ming-Chi Kuo, known for his usually reliable predictions, has <a href=\"https:\/\/x.com\/mingchikuo\/status\/1964533958722670804\" target=\"_blank\" rel=\"noreferrer noopener\" data-wpel-link=\"external\">revised<\/a> his forecast for the market launch of the AirPods Pro 3. Just a few months ago, he expected a release no earlier than 2026. Now the word is: The devices are fully developed and should be released in the second half of 2025. The presentation is scheduled to take place during the iPhone event. This assessment is supported by reports from other sources, including Bloomberg. Apple appears to be working on another update in parallel, which could follow in 2026 \u2013 with significantly more extensive changes. One thing is already clear: The AirPods Pro 3 will not only be cosmetically revised, but will also undergo noticeable technical advancements.<\/p>\n\n\n\n<h3 class=\"wp-block-heading\" id=\"h-was-sich-mit-den-airpods-pro-3-andert\">What changes with the AirPods Pro 3<\/h3>\n\n\n\n<h4 class=\"wp-block-heading\" id=\"h-neuer-audiochip-und-biometrische-funktionen\">New audio chip and biometric functions<\/h4>\n\n\n\n<p>The most noticeable innovation is likely the new H3 chip. This is designed to deliver better sound quality, enable more stable connections, and improve energy efficiency. The upgrade from the H2 to the H3 should be particularly noticeable when paired with other Apple devices such as the iPhone, iPad, and Mac. Users can expect lower latency and overall smoother audio performance. A heart rate sensor is also planned\u2014a feature previously more commonly found in sports headphones, such as the Powerbeats Pro 2. The integration of this sensor into the AirPods Pro 3 could open up new application possibilities, for example, in conjunction with Apple&#039;s Fitness app or Health app.<\/p>\n\n\n\n<h4 class=\"wp-block-heading\" id=\"h-kompakteres-ladecase-geplant\">More compact charging case planned<\/h4>\n\n\n\n<p>A change is also planned for the charging case. According to current information, the case will be slightly smaller than the AirPods Pro 2. Whether this will result in a complete design overhaul or just minor adjustments remains to be seen. There are currently no indications of improved battery life or new features in the case itself.<\/p>\n\n\n\n<h4 class=\"wp-block-heading\" id=\"h-nachstes-modell-mit-kamera-in-planung\">Next model with camera in planning<\/h4>\n\n\n\n<p>According to Ming-Chi Kuo, another, significantly more ambitious AirPods model is planned for 2026. This one will be equipped with an infrared camera. The goal is closer integration with Apple&#039;s Vision Pro platform and future AR\/VR devices. The camera could detect head movements or spatial orientation, thus enabling new input methods\u2014for example, by combining gaze direction and audio feedback. Bloomberg has also reported on similar developments. Apple is reportedly already testing prototypes with integrated cameras. It&#039;s still unclear how advanced this technology is or whether it will actually end up in a consumer product. The only thing that is clear is that the direction goes well beyond traditional headphone functions.<\/p>\n\n\n\n<ul class=\"wp-block-list\">\n<li><a href=\"https:\/\/www.apfelpatient.de\/en\/generally\/apple-event-2025-everything-youll-see-next-week\">Apple Event 2025: Everything that will be presented next week<\/a><\/li>\n\n\n\n<li><a href=\"https:\/\/www.apfelpatient.de\/en\/generally\/watch-the-iphone-17-apple-event-live-on-september-9\">Watch the iPhone 17 Apple Event live on September 9<\/a><\/li>\n<\/ul>\n\n\n\n<h4 class=\"wp-block-heading\" id=\"h-airpods-pro-3-als-logische-weiterentwicklung\">AirPods Pro 3 as a logical development<\/h4>\n\n\n\n<p class=\"translation-block\">With the AirPods Pro 3, Apple isn&#039;t pursuing a radical new beginning, but rather a planned update. The new audio chip, the addition of a heart rate sensor, and the more compact charging case bring concrete improvements in several areas. The focus is on performance, health, and everyday usability. In parallel, Apple is already working on a follow-up concept for 2026 that could bring significantly more technological innovations. Until then, the AirPods Pro 3 represent a sensible interim step with practical upgrades. If you missed the event, you can find the complete coverage directly on apfelpatient.de. Current updates are also available via our <a href=\"https:\/\/www.facebook.com\/apfelpatientOfficial\" target=\"_blank\" rel=\"noreferrer noopener follow\" data-wpel-link=\"exclude\">Facebook<\/a> , <a href=\"https:\/\/www.instagram.com\/apfelpatient_official\" target=\"_blank\" rel=\"noreferrer noopener follow\" data-wpel-link=\"exclude\">Instagram<\/a> , and <a href=\"https:\/\/www.threads.net\/@apfelpatient_official\" target=\"_blank\" rel=\"noreferrer noopener follow\" data-wpel-link=\"exclude\">Threads<\/a> channels. (Image: Shutterstock \/ Ivan_Shenets)<\/p>\n\n\n\n<ul class=\"wp-block-list\">\n<li><a href=\"https:\/\/www.apfelpatient.de\/en\/rumors\/iphone-17-pro-carrier-leak-reveals-new-features\">iPhone 17 Pro: Carrier leak reveals new features<\/a><\/li>\n\n\n\n<li><a href=\"https:\/\/www.apfelpatient.de\/en\/rumors\/iphone-17-leak-shows-smaller-dynamic-island-in-pro-model\">iPhone 17: Leak shows smaller Dynamic Island in the Pro model<\/a><\/li>\n\n\n\n<li><a href=\"https:\/\/www.apfelpatient.de\/en\/rumors\/iphone-17-leak-the-pro-comes-in-bright-orange-for-the-first-time\">iPhone 17 leak: Will the Pro come in bright orange for the first time?<\/a><\/li>\n\n\n\n<li><a href=\"https:\/\/www.apfelpatient.de\/en\/rumors\/iphone-17-air-everything-about-features-price-and-release\">iPhone 17 Air \u2013 all about features, price and release<\/a><\/li>\n\n\n\n<li><a href=\"https:\/\/www.apfelpatient.de\/en\/rumors\/apple-will-make-siri-a-smart-answer-engine-with-ai-in-2026\">Apple will turn Siri into a smart answer engine with AI in 2026<\/a><\/li>\n\n\n\n<li><a href=\"https:\/\/www.apfelpatient.de\/en\/rumors\/report-iphone-fold-could-be-the-first-borderless-iphone\">Report: iPhone Fold could be the first edgeless iPhone<\/a><\/li>\n\n\n\n<li><a href=\"https:\/\/www.apfelpatient.de\/en\/rumors\/iphone-17-pro-leaks-brighter-display-longer-battery-life\">iPhone 17 Pro leaks: Brighter display, longer battery life<\/a><\/li>\n\n\n\n<li><a href=\"https:\/\/www.apfelpatient.de\/en\/rumors\/apple-vision-air-to-be-released-in-2027-lighter-and-cheaper\">Apple Vision Air to be lighter and cheaper in 2027<\/a><\/li>\n\n\n\n<li><a href=\"https:\/\/www.apfelpatient.de\/en\/rumors\/apple-launches-iphone-fold-in-2026-ipad-fold-arrives-in-2028\">Apple launches iPhone Fold in 2026, iPad Fold arrives in 2028<\/a><\/li>\n\n\n\n<li><a href=\"https:\/\/www.apfelpatient.de\/en\/rumors\/iphone-17-prices-remain-almost-unchanged\">iPhone 17: Will prices really remain almost unchanged?<\/a><\/li>\n\n\n\n<li><a href=\"https:\/\/www.apfelpatient.de\/en\/rumors\/airpods-pro-3-not-all-new-features-available-immediately\">AirPods Pro 3: Not all new features available right away?<\/a><\/li>\n\n\n\n<li><a href=\"https:\/\/www.apfelpatient.de\/en\/rumors\/apple-focuses-on-robotics-manufacturing-without-humans\">Apple relies on robotics: Focus on manufacturing without humans<\/a><\/li>\n\n\n\n<li><a href=\"https:\/\/www.apfelpatient.de\/en\/rumors\/iphone-fold-analyst-contradicts-rumor-about-touch-id-in-the-display\">iPhone Fold: Analyst refutes rumor about Touch ID in the display<\/a><\/li>\n\n\n\n<li><a href=\"https:\/\/www.apfelpatient.de\/en\/rumors\/apple-secures-almost-half-of-tsmcs-2-nm-chips\">Apple secures almost half of TSMC&#039;s 2nm chips<\/a><\/li>\n\n\n\n<li><a href=\"https:\/\/www.apfelpatient.de\/en\/rumors\/apple-is-testing-premium-ipad-pro-displays-for-future-iphones\">Apple is testing premium iPad Pro displays for future iPhones<\/a><\/li>\n\n\n\n<li><a href=\"https:\/\/www.apfelpatient.de\/en\/rumors\/iphone-future-plans-three-designs-in-three-years\">iPhone future plans: Three designs in three years<\/a><\/li>\n\n\n\n<li><a href=\"https:\/\/www.apfelpatient.de\/en\/rumors\/airpods-max-why-apple-isnt-planning-a-real-update\">AirPods Max: Why Apple isn&#039;t planning a real update<\/a><\/li>\n\n\n\n<li><a href=\"https:\/\/www.apfelpatient.de\/en\/rumors\/foldable-iphone-2026-apples-biggest-smartphone-leap\">Foldable iPhone 2026: Apple&#039;s biggest smartphone leap<\/a><\/li>\n\n\n\n<li><a href=\"https:\/\/www.apfelpatient.de\/en\/rumors\/iphone-18-apple-focuses-on-simplifying-the-camera-button\">iPhone 18: Apple focuses on simplifying the camera button<\/a><\/li>\n\n\n\n<li><a href=\"https:\/\/www.apfelpatient.de\/en\/rumors\/apple-is-planning-a-completely-new-strategy-for-the-iphone-18\">Apple is planning a completely new strategy for the iPhone 18<\/a><\/li>\n<\/ul>\n\n\n\n<h6 class=\"wp-block-heading translation-block\" id=\"h-kennt-ihr-schon-unsere-amazon-storefront-dort-findet-ihr-eine-handverlesene-auswahl-von-diversen-produkten-f-r-euer-iphone-und-co-viel-spa-beim-st-bern\"><em>Have you already visited our Amazon Storefront? There you&#039;ll find a hand-picked selection of various products for your iPhone and other devices \u2013 <span class=\"has-inline-color has-vivid-red-color\"><a href=\"https:\/\/www.amazon.de\/shop\/apfelpatientofficial\" class=\"ek-link\" data-wpel-link=\"exclude\" rel=\"follow noopener\" target=\"_self\"><span style=\"text-decoration: underline\" class=\"ek-underline\">enjoy browsing<\/span><\/a> !<\/span><\/em><\/h6>\n\n\n\n<h6 class=\"wp-block-heading translation-block\" id=\"h-der-beitrag-enthalt-partnerlinks\">This post contains <a data-type=\"URL\" data-id=\"https:\/\/www.apfelpatient.de\/partnerprogramm\" href=\"https:\/\/www.apfelpatient.de\/en\/partner-program\" data-wpel-link=\"internal\" target=\"_self\">affiliate links<\/a>.<\/h6>","protected":false},"excerpt":{"rendered":"<p>AirPods Pro 3 are about to launch. Apple is releasing an upgrade with new features \u2013 what&#039;s changing and when the release will take place.<\/p>","protected":false},"author":2,"featured_media":57968,"comment_status":"closed","ping_status":"open","sticky":false,"template":"","format":"standard","meta":{"jnews-multi-image_gallery":[],"jnews_single_post":{"format":"standard","override":[{"template":"2","parallax":"1","fullscreen":"1","layout":"right-sidebar","sidebar":"default-sidebar","second_sidebar":"default-sidebar","sticky_sidebar":"1","share_position":"top","share_float_style":"share-monocrhome","show_featured":"1","show_post_meta":"1","show_post_author":"1","show_post_author_image":"1","show_post_date":"1","post_date_format":"default","post_date_format_custom":"Y\/m\/d","show_post_reading_time":"0","post_reading_time_wpm":"300","post_calculate_word_method":"str_word_count","show_zoom_button":"0","zoom_button_out_step":"2","zoom_button_in_step":"3","show_post_tag":"1","show_prev_next_post":"1","show_popup_post":"1","number_popup_post":"1","show_author_box":"0","show_post_related":"0","show_inline_post_related":"0"}],"image_override":[{"single_post_thumbnail_size":"crop-500","single_post_gallery_size":"crop-500"}],"trending_post_position":"meta","trending_post_label":"Trending","sponsored_post_label":"Sponsored by","disable_ad":"0"},"jnews_primary_category":{"id":"25"},"footnotes":""},"categories":[25],"tags":[28,1127],"class_list":["post-57972","post","type-post","status-publish","format-standard","has-post-thumbnail","hentry","category-rumors","tag-airpods","tag-airpods-pro-3"],"yoast_head":"<!-- This site is optimized with the Yoast SEO Premium plugin v27.4 (Yoast SEO v27.4) - https:\/\/yoast.com\/product\/yoast-seo-premium-wordpress\/ -->\n<title>Kuo: AirPods Pro 3 sollen noch im September erscheinen Apfelpatient<\/title>\n<meta name=\"description\" content=\"AirPods Pro 3 stehen vor dem Marktstart. Apple bringt ein Upgrade mit neuen Funktionen \u2013 was sich \u00e4ndert und wann der Release erfolgt.\" \/>\n<meta name=\"robots\" content=\"index, follow, max-snippet:-1, max-image-preview:large, max-video-preview:-1\" \/>\n<link rel=\"canonical\" href=\"https:\/\/www.apfelpatient.de\/en\/rumors\/kuo-airpods-pro-3-are-expected-to-be-released-in-september\" \/>\n<meta property=\"og:locale\" content=\"en_US\" \/>\n<meta property=\"og:type\" content=\"article\" \/>\n<meta property=\"og:title\" content=\"Kuo: AirPods Pro 3 sollen noch im September erscheinen\" \/>\n<meta property=\"og:description\" content=\"AirPods Pro 3 stehen vor dem Marktstart. Apple bringt ein Upgrade mit neuen Funktionen \u2013 was sich \u00e4ndert und wann der Release erfolgt.\" \/>\n<meta property=\"og:url\" content=\"https:\/\/www.apfelpatient.de\/en\/rumors\/kuo-airpods-pro-3-are-expected-to-be-released-in-september\" \/>\n<meta property=\"og:site_name\" content=\"Apfelpatient\" \/>\n<meta property=\"article:publisher\" content=\"https:\/\/www.facebook.com\/apfelpatientOfficial\" \/>\n<meta property=\"article:author\" content=\"https:\/\/www.facebook.com\/apfelpatientOfficial\" \/>\n<meta property=\"article:published_time\" content=\"2025-09-07T10:16:55+00:00\" \/>\n<meta property=\"article:modified_time\" content=\"2025-09-07T10:17:02+00:00\" \/>\n<meta property=\"og:image\" content=\"https:\/\/www.apfelpatient.de\/wp-content\/uploads\/2025\/09\/shutterstock_1717067047.jpg\" \/>\n\t<meta property=\"og:image:width\" content=\"1600\" \/>\n\t<meta property=\"og:image:height\" content=\"1067\" \/>\n\t<meta property=\"og:image:type\" content=\"image\/jpeg\" \/>\n<meta name=\"author\" content=\"Milan\" \/>\n<meta name=\"twitter:card\" content=\"summary_large_image\" \/>\n<meta name=\"twitter:description\" content=\"AirPods Pro 3 stehen vor dem Marktstart. Apple bringt ein Upgrade mit neuen Funktionen \u2013 was sich \u00e4ndert und wann der Release erfolgt.\" \/>\n<meta name=\"twitter:label1\" content=\"Written by\" \/>\n\t<meta name=\"twitter:data1\" content=\"Milan\" \/>\n\t<meta name=\"twitter:label2\" content=\"Est. reading time\" \/>\n\t<meta name=\"twitter:data2\" content=\"5 minutes\" \/>\n<script type=\"application\/ld+json\" class=\"yoast-schema-graph\">{\"@context\":\"https:\\\/\\\/schema.org\",\"@graph\":[{\"@type\":\"NewsArticle\",\"@id\":\"https:\\\/\\\/www.apfelpatient.de\\\/rumors\\\/kuo-airpods-pro-3-sollen-noch-im-september-erscheinen#article\",\"isPartOf\":{\"@id\":\"https:\\\/\\\/www.apfelpatient.de\\\/rumors\\\/kuo-airpods-pro-3-sollen-noch-im-september-erscheinen\"},\"author\":{\"@type\":\"Organization\",\"@id\":\"https:\\\/\\\/www.apfelpatient.de\\\/en\\\/#organization\",\"name\":\"Apfelpatient\",\"url\":\"https:\\\/\\\/www.apfelpatient.de\\\/en\\\/\"},\"headline\":\"Kuo: AirPods Pro 3 sollen noch im September erscheinen\",\"datePublished\":\"2025-09-07T10:16:55+00:00\",\"dateModified\":\"2025-09-07T10:17:02+00:00\",\"mainEntityOfPage\":{\"@id\":\"https:\\\/\\\/www.apfelpatient.de\\\/rumors\\\/kuo-airpods-pro-3-sollen-noch-im-september-erscheinen\"},\"wordCount\":774,\"publisher\":{\"@type\":\"Organization\",\"@id\":\"https:\\\/\\\/www.apfelpatient.de\\\/en\\\/#organization\",\"name\":\"Apfelpatient\",\"url\":\"https:\\\/\\\/www.apfelpatient.de\\\/en\\\/\"},\"image\":{\"@id\":\"https:\\\/\\\/www.apfelpatient.de\\\/rumors\\\/kuo-airpods-pro-3-sollen-noch-im-september-erscheinen#primaryimage\"},\"thumbnailUrl\":\"https:\\\/\\\/www.apfelpatient.de\\\/wp-content\\\/uploads\\\/2025\\\/09\\\/shutterstock_1717067047.jpg\",\"keywords\":[\"AirPods\",\"AirPods Pro 3\"],\"articleSection\":\"Rumors\",\"inLanguage\":\"en-US\",\"copyrightYear\":\"2025\",\"copyrightHolder\":{\"@id\":\"https:\\\/\\\/www.apfelpatient.de\\\/en\\\/#organization\"}},{\"@type\":\"WebPage\",\"@id\":\"https:\\\/\\\/www.apfelpatient.de\\\/rumors\\\/kuo-airpods-pro-3-sollen-noch-im-september-erscheinen\",\"url\":\"https:\\\/\\\/www.apfelpatient.de\\\/rumors\\\/kuo-airpods-pro-3-sollen-noch-im-september-erscheinen\",\"name\":\"Kuo: AirPods Pro 3 sollen noch im September erscheinen Apfelpatient\",\"isPartOf\":{\"@id\":\"https:\\\/\\\/www.apfelpatient.de\\\/#website\"},\"primaryImageOfPage\":{\"@id\":\"https:\\\/\\\/www.apfelpatient.de\\\/rumors\\\/kuo-airpods-pro-3-sollen-noch-im-september-erscheinen#primaryimage\"},\"image\":{\"@id\":\"https:\\\/\\\/www.apfelpatient.de\\\/rumors\\\/kuo-airpods-pro-3-sollen-noch-im-september-erscheinen#primaryimage\"},\"thumbnailUrl\":\"https:\\\/\\\/www.apfelpatient.de\\\/wp-content\\\/uploads\\\/2025\\\/09\\\/shutterstock_1717067047.jpg\",\"datePublished\":\"2025-09-07T10:16:55+00:00\",\"dateModified\":\"2025-09-07T10:17:02+00:00\",\"description\":\"AirPods Pro 3 stehen vor dem Marktstart. Apple bringt ein Upgrade mit neuen Funktionen \u2013 was sich \u00e4ndert und wann der Release erfolgt.\",\"breadcrumb\":{\"@id\":\"https:\\\/\\\/www.apfelpatient.de\\\/rumors\\\/kuo-airpods-pro-3-sollen-noch-im-september-erscheinen#breadcrumb\"},\"inLanguage\":\"en-US\",\"potentialAction\":[{\"@type\":\"ReadAction\",\"target\":[\"https:\\\/\\\/www.apfelpatient.de\\\/rumors\\\/kuo-airpods-pro-3-sollen-noch-im-september-erscheinen\"]}]},{\"@type\":\"ImageObject\",\"inLanguage\":\"en-US\",\"@id\":\"https:\\\/\\\/www.apfelpatient.de\\\/rumors\\\/kuo-airpods-pro-3-sollen-noch-im-september-erscheinen#primaryimage\",\"url\":\"https:\\\/\\\/www.apfelpatient.de\\\/wp-content\\\/uploads\\\/2025\\\/09\\\/shutterstock_1717067047.jpg\",\"contentUrl\":\"https:\\\/\\\/www.apfelpatient.de\\\/wp-content\\\/uploads\\\/2025\\\/09\\\/shutterstock_1717067047.jpg\",\"width\":1600,\"height\":1067,\"caption\":\"Bild: Shutterstock \\\/ Ivan_Shenets\"},{\"@type\":\"BreadcrumbList\",\"@id\":\"https:\\\/\\\/www.apfelpatient.de\\\/rumors\\\/kuo-airpods-pro-3-sollen-noch-im-september-erscheinen#breadcrumb\",\"itemListElement\":[{\"@type\":\"ListItem\",\"position\":1,\"name\":\"Startseite\",\"item\":\"https:\\\/\\\/www.apfelpatient.de\\\/\"},{\"@type\":\"ListItem\",\"position\":2,\"name\":\"Kuo: AirPods Pro 3 sollen noch im September erscheinen\"}]},{\"@type\":\"WebSite\",\"@id\":\"https:\\\/\\\/www.apfelpatient.de\\\/#website\",\"url\":\"https:\\\/\\\/www.apfelpatient.de\\\/\",\"name\":\"Apfelpatient\",\"description\":\"Alles rund um Apple!\",\"publisher\":{\"@type\":\"Organization\",\"@id\":\"https:\\\/\\\/www.apfelpatient.de\\\/en\\\/#organization\",\"name\":\"Apfelpatient\",\"url\":\"https:\\\/\\\/www.apfelpatient.de\\\/en\\\/\"},\"alternateName\":\"Apfelpatient\",\"potentialAction\":[{\"@type\":\"SearchAction\",\"target\":{\"@type\":\"EntryPoint\",\"urlTemplate\":\"https:\\\/\\\/www.apfelpatient.de\\\/?s={search_term_string}\"},\"query-input\":{\"@type\":\"PropertyValueSpecification\",\"valueRequired\":true,\"valueName\":\"search_term_string\"}}],\"inLanguage\":\"en-US\"},{\"@type\":[\"Person\",\"Organization\"],\"@id\":\"https:\\\/\\\/www.apfelpatient.de\\\/#\\\/schema\\\/person\\\/7dc56ad6c8e9824b76d2c08d4c140e13\",\"name\":\"Milan\",\"logo\":{\"@id\":\"https:\\\/\\\/www.apfelpatient.de\\\/#\\\/schema\\\/person\\\/image\\\/\"},\"description\":\"Hallo und herzlich willkommen auf meinem Technik-Blog! Als gro\u00dfer Apple-Fan berichte ich hier \u00fcber alles, was mit Apple zu tun hat: von den neuesten News und spannenden Ger\u00fcchten \u00fcber hilfreiche Tipps und Tricks bis hin zu ausf\u00fchrlichen Produkttests. Wenn du genauso technikbegeistert bist wie ich, bist du hier genau richtig!\",\"sameAs\":[\"https:\\\/\\\/www.facebook.com\\\/apfelpatientOfficial\",\"https:\\\/\\\/www.linkedin.com\\\/in\\\/milan-jovicic-42aa0231b\"],\"url\":\"https:\\\/\\\/www.apfelpatient.de\\\/en\\\/author\\\/apfeladmin\"}]}<\/script>\n<!-- \/ Yoast SEO Premium plugin. -->","yoast_head_json":{"title":"Kuo: AirPods Pro 3 to be released in September Apfelpatient","description":"AirPods Pro 3 are about to launch. Apple is releasing an upgrade with new features \u2013 what&#039;s changing and when the release will take place.","robots":{"index":"index","follow":"follow","max-snippet":"max-snippet:-1","max-image-preview":"max-image-preview:large","max-video-preview":"max-video-preview:-1"},"canonical":"https:\/\/www.apfelpatient.de\/en\/rumors\/kuo-airpods-pro-3-are-expected-to-be-released-in-september","og_locale":"en_US","og_type":"article","og_title":"Kuo: AirPods Pro 3 sollen noch im September erscheinen","og_description":"AirPods Pro 3 stehen vor dem Marktstart. Apple bringt ein Upgrade mit neuen Funktionen \u2013 was sich \u00e4ndert und wann der Release erfolgt.","og_url":"https:\/\/www.apfelpatient.de\/en\/rumors\/kuo-airpods-pro-3-are-expected-to-be-released-in-september","og_site_name":"Apfelpatient","article_publisher":"https:\/\/www.facebook.com\/apfelpatientOfficial","article_author":"https:\/\/www.facebook.com\/apfelpatientOfficial","article_published_time":"2025-09-07T10:16:55+00:00","article_modified_time":"2025-09-07T10:17:02+00:00","og_image":[{"width":1600,"height":1067,"url":"https:\/\/www.apfelpatient.de\/wp-content\/uploads\/2025\/09\/shutterstock_1717067047.jpg","type":"image\/jpeg"}],"author":"Milan","twitter_card":"summary_large_image","twitter_description":"AirPods Pro 3 stehen vor dem Marktstart. Apple bringt ein Upgrade mit neuen Funktionen \u2013 was sich \u00e4ndert und wann der Release erfolgt.","twitter_misc":{"Written by":"Milan","Est. reading time":"5 minutes"},"schema":{"@context":"https:\/\/schema.org","@graph":[{"@type":"NewsArticle","@id":"https:\/\/www.apfelpatient.de\/rumors\/kuo-airpods-pro-3-sollen-noch-im-september-erscheinen#article","isPartOf":{"@id":"https:\/\/www.apfelpatient.de\/rumors\/kuo-airpods-pro-3-sollen-noch-im-september-erscheinen"},"author":{"@type":"Organization","@id":"https:\/\/www.apfelpatient.de\/en\/#organization","name":"Apfelpatient","url":"https:\/\/www.apfelpatient.de\/en\/"},"headline":"Kuo: AirPods Pro 3 sollen noch im September erscheinen","datePublished":"2025-09-07T10:16:55+00:00","dateModified":"2025-09-07T10:17:02+00:00","mainEntityOfPage":{"@id":"https:\/\/www.apfelpatient.de\/rumors\/kuo-airpods-pro-3-sollen-noch-im-september-erscheinen"},"wordCount":774,"publisher":{"@type":"Organization","@id":"https:\/\/www.apfelpatient.de\/en\/#organization","name":"Apfelpatient","url":"https:\/\/www.apfelpatient.de\/en\/"},"image":{"@id":"https:\/\/www.apfelpatient.de\/rumors\/kuo-airpods-pro-3-sollen-noch-im-september-erscheinen#primaryimage"},"thumbnailUrl":"https:\/\/www.apfelpatient.de\/wp-content\/uploads\/2025\/09\/shutterstock_1717067047.jpg","keywords":["AirPods","AirPods Pro 3"],"articleSection":"Rumors","inLanguage":"en-US","copyrightYear":"2025","copyrightHolder":{"@id":"https:\/\/www.apfelpatient.de\/en\/#organization"}},{"@type":"WebPage","@id":"https:\/\/www.apfelpatient.de\/rumors\/kuo-airpods-pro-3-sollen-noch-im-september-erscheinen","url":"https:\/\/www.apfelpatient.de\/rumors\/kuo-airpods-pro-3-sollen-noch-im-september-erscheinen","name":"Kuo: AirPods Pro 3 to be released in September Apfelpatient","isPartOf":{"@id":"https:\/\/www.apfelpatient.de\/#website"},"primaryImageOfPage":{"@id":"https:\/\/www.apfelpatient.de\/rumors\/kuo-airpods-pro-3-sollen-noch-im-september-erscheinen#primaryimage"},"image":{"@id":"https:\/\/www.apfelpatient.de\/rumors\/kuo-airpods-pro-3-sollen-noch-im-september-erscheinen#primaryimage"},"thumbnailUrl":"https:\/\/www.apfelpatient.de\/wp-content\/uploads\/2025\/09\/shutterstock_1717067047.jpg","datePublished":"2025-09-07T10:16:55+00:00","dateModified":"2025-09-07T10:17:02+00:00","description":"AirPods Pro 3 are about to launch. Apple is releasing an upgrade with new features \u2013 what&#039;s changing and when the release will take place.","breadcrumb":{"@id":"https:\/\/www.apfelpatient.de\/rumors\/kuo-airpods-pro-3-sollen-noch-im-september-erscheinen#breadcrumb"},"inLanguage":"en-US","potentialAction":[{"@type":"ReadAction","target":["https:\/\/www.apfelpatient.de\/rumors\/kuo-airpods-pro-3-sollen-noch-im-september-erscheinen"]}]},{"@type":"ImageObject","inLanguage":"en-US","@id":"https:\/\/www.apfelpatient.de\/rumors\/kuo-airpods-pro-3-sollen-noch-im-september-erscheinen#primaryimage","url":"https:\/\/www.apfelpatient.de\/wp-content\/uploads\/2025\/09\/shutterstock_1717067047.jpg","contentUrl":"https:\/\/www.apfelpatient.de\/wp-content\/uploads\/2025\/09\/shutterstock_1717067047.jpg","width":1600,"height":1067,"caption":"Bild: Shutterstock \/ Ivan_Shenets"},{"@type":"BreadcrumbList","@id":"https:\/\/www.apfelpatient.de\/rumors\/kuo-airpods-pro-3-sollen-noch-im-september-erscheinen#breadcrumb","itemListElement":[{"@type":"ListItem","position":1,"name":"Startseite","item":"https:\/\/www.apfelpatient.de\/"},{"@type":"ListItem","position":2,"name":"Kuo: AirPods Pro 3 sollen noch im September erscheinen"}]},{"@type":"WebSite","@id":"https:\/\/www.apfelpatient.de\/#website","url":"https:\/\/www.apfelpatient.de\/","name":"apple patient","description":"Everything about Apple!","publisher":{"@type":"Organization","@id":"https:\/\/www.apfelpatient.de\/en\/#organization","name":"Apfelpatient","url":"https:\/\/www.apfelpatient.de\/en\/"},"alternateName":"Apfelpatient","potentialAction":[{"@type":"SearchAction","target":{"@type":"EntryPoint","urlTemplate":"https:\/\/www.apfelpatient.de\/?s={search_term_string}"},"query-input":{"@type":"PropertyValueSpecification","valueRequired":true,"valueName":"search_term_string"}}],"inLanguage":"en-US"},{"@type":["Person","Organization"],"@id":"https:\/\/www.apfelpatient.de\/#\/schema\/person\/7dc56ad6c8e9824b76d2c08d4c140e13","name":"Milan","logo":{"@id":"https:\/\/www.apfelpatient.de\/#\/schema\/person\/image\/"},"description":"Hello and welcome to my technology blog! As a big Apple fan, I report on everything to do with Apple: from the latest news and exciting rumors to helpful tips and tricks and detailed product tests. If you are as enthusiastic about technology as I am, you have come to the right place!","sameAs":["https:\/\/www.facebook.com\/apfelpatientOfficial","https:\/\/www.linkedin.com\/in\/milan-jovicic-42aa0231b"],"url":"https:\/\/www.apfelpatient.de\/en\/author\/apfeladmin"}]}},"_links":{"self":[{"href":"https:\/\/www.apfelpatient.de\/en\/wp-json\/wp\/v2\/posts\/57972","targetHints":{"allow":["GET"]}}],"collection":[{"href":"https:\/\/www.apfelpatient.de\/en\/wp-json\/wp\/v2\/posts"}],"about":[{"href":"https:\/\/www.apfelpatient.de\/en\/wp-json\/wp\/v2\/types\/post"}],"author":[{"embeddable":true,"href":"https:\/\/www.apfelpatient.de\/en\/wp-json\/wp\/v2\/users\/2"}],"replies":[{"embeddable":true,"href":"https:\/\/www.apfelpatient.de\/en\/wp-json\/wp\/v2\/comments?post=57972"}],"version-history":[{"count":0,"href":"https:\/\/www.apfelpatient.de\/en\/wp-json\/wp\/v2\/posts\/57972\/revisions"}],"wp:featuredmedia":[{"embeddable":true,"href":"https:\/\/www.apfelpatient.de\/en\/wp-json\/wp\/v2\/media\/57968"}],"wp:attachment":[{"href":"https:\/\/www.apfelpatient.de\/en\/wp-json\/wp\/v2\/media?parent=57972"}],"wp:term":[{"taxonomy":"category","embeddable":true,"href":"https:\/\/www.apfelpatient.de\/en\/wp-json\/wp\/v2\/categories?post=57972"},{"taxonomy":"post_tag","embeddable":true,"href":"https:\/\/www.apfelpatient.de\/en\/wp-json\/wp\/v2\/tags?post=57972"}],"curies":[{"name":"wp","href":"https:\/\/api.w.org\/{rel}","templated":true}]}}