{"id":5763,"date":"2019-08-30T20:09:32","date_gmt":"2019-08-30T18:09:32","guid":{"rendered":"https:\/\/www.apfelpatient.de\/?p=5763"},"modified":"2025-02-06T07:47:06","modified_gmt":"2025-02-06T06:47:06","slug":"iphone-11-launch","status":"publish","type":"post","link":"https:\/\/www.apfelpatient.de\/en\/rumors\/iphone11-start","title":{"rendered":"iPhone 2019 \u2013 New details about the launch of the iPhone 11 have emerged"},"content":{"rendered":"<p class=\"p1\"><strong>Yesterday, as expected, Apple invited selected reporters to the next keynote. This means that the company has made an earlier announcement <a href=\"https:\/\/www.apfelpatient.de\/en\">iOS 13 Beta Leak<\/a> confirmed. Now new details about the launch of the three iPhone models have emerged.<\/strong><\/p>\n<p class=\"p1\">For many fans, Apple&#039;s September event is like Christmas and Easter combined - the month is also known as iPhone month. A few weeks ago, a rumor surfaced that Apple plans to put all three iPhone models on the shelves at the same time for the first time. Now our colleagues at MacRumors have received some interesting information from a major shipping company. The source confirms that Apple will deliver all three iPhones - the iPhone 11, iPhone 11 Pro and iPhone 11 Pro Max - on September 20th. Pre-orders will be accepted on September 13th. In addition to the rumors, this would also confirm the usual speculation about the process - so far, observers have assumed that Apple will stick to its usual September pattern.<\/p>\n<p class=\"p1\"><strong>A small change in the plan<\/strong><\/p>\n<p class=\"p1\">The only change is the market launch of all three devices. As a reminder: In 2017, Apple introduced the iPhone 8, iPhone 8 Plus and iPhone X - although three models were presented, Apple did not put all devices on the shelves at the same time. The market launch of the iPhone 8 took place as usual in September, while the iPhone X only debuted worldwide in early November.<\/p>\n<p class=\"p1\"><\/p>\n<p class=\"p1\">Apple followed a similar approach last year. In 2018, the iPhone XS, iPhone XS Max and iPhone XR were introduced. While the iPhone XS generation was launched in September, the iPhone XR had to wait until the end of October. The next Apple Keynote will take place as usual in the Steve Jobs Theater in Cupertino on <a href=\"https:\/\/www.apfelpatient.de\/en\">September 10th<\/a> In addition to new iPhone models, the fifth generation of the Apple Watch is also expected. <a href=\"https:\/\/www.amazon.de\/gp\/product\/B07PYM8FB8\/ref=as_li_tl?ie=UTF8&amp;camp=1638&amp;creative=6742&amp;creativeASIN=B07PYM8FB8&amp;linkCode=as2&amp;tag=apfelpatient-21&amp;linkId=0cec1e8017c2cb2078ff07f1a24db3df\" target=\"_blank\" rel=\"noopener noreferrer\">Apple AirPods with wireless charging case on special offer on Amazon<\/a><img decoding=\"async\" style=\"border: none !important; margin: 0px !important;\" src=\"\/\/ir-de.amazon-adsystem.com\/e\/ir?t=apfelpatient-21&amp;l=am2&amp;o=3&amp;a=B07PYM8FB8\" alt=\"\" width=\"1\" height=\"1\" border=\"0\" \/> <em>(Image: Apple)<\/em><\/p>\n<h5><em><strong>You don&#039;t want to miss any more news? Then subscribe to our <a href=\"https:\/\/t.me\/apfelpatient_official\">Telegram channel<\/a><\/strong><\/em><\/h5>","protected":false},"excerpt":{"rendered":"<p>Gestern hat Apple, wie erwartet, ausgew\u00e4hlte Reporter zur n\u00e4chsten Keynote eingeladen. Damit hat der Konzern einen fr\u00fcheren iOS 13 Beta Leak best\u00e4tigt. Nun sind neue Details zum Verkaufsstart der drei iPhone-Modelle aufgetaucht. Apples September-Event ist f\u00fcr viele Fans sowas wie Weihnachten und Ostern zusammen &#8211; der Monat gilt auch als iPhone-Monat. Vor einigen Wochen tauchte [&hellip;]<\/p>\n","protected":false},"author":2,"featured_media":4654,"comment_status":"closed","ping_status":"open","sticky":false,"template":"","format":"standard","meta":{"jnews-multi-image_gallery":[],"jnews_single_post":[],"jnews_primary_category":[],"footnotes":""},"categories":[25],"tags":[8,204,183],"class_list":["post-5763","post","type-post","status-publish","format-standard","has-post-thumbnail","hentry","category-rumors","tag-iphone","tag-iphone-11","tag-iphone-2019"],"yoast_head":"<!-- This site is optimized with the Yoast SEO Premium plugin v27.5 (Yoast SEO v27.5) - https:\/\/yoast.com\/product\/yoast-seo-premium-wordpress\/ -->\n<title>iPhone 2019 - Neue Details zum Start des iPhone 11 aufgetaucht Apfelpatient<\/title>\n<meta name=\"description\" content=\"- Gestern hat Appl, wie erwartet, ausgew\u00e4hlte Reporter zur n\u00e4chsten Keynote eingeladen. Damit hat der Konzern einen fr\u00fcheren iOS 13 Beta Leak best\u00e4tigt. Nun sind neue Details zum Verkaufsstart der drei iPhone-Modelle aufgetaucht.\" \/>\n<meta name=\"robots\" content=\"index, follow, max-snippet:-1, max-image-preview:large, max-video-preview:-1\" \/>\n<link rel=\"canonical\" href=\"https:\/\/www.apfelpatient.de\/en\/rumors\/iphone-11-launch\" \/>\n<meta property=\"og:locale\" content=\"en_US\" \/>\n<meta property=\"og:type\" content=\"article\" \/>\n<meta property=\"og:title\" content=\"iPhone 2019 - Neue Details zum Start des iPhone 11 aufgetaucht\" \/>\n<meta property=\"og:description\" content=\"- Gestern hat Appl, wie erwartet, ausgew\u00e4hlte Reporter zur n\u00e4chsten Keynote eingeladen. Damit hat der Konzern einen fr\u00fcheren iOS 13 Beta Leak best\u00e4tigt. Nun sind neue Details zum Verkaufsstart der drei iPhone-Modelle aufgetaucht.\" \/>\n<meta property=\"og:url\" content=\"https:\/\/www.apfelpatient.de\/en\/rumors\/iphone-11-launch\" \/>\n<meta property=\"og:site_name\" content=\"Apfelpatient\" \/>\n<meta property=\"article:publisher\" content=\"https:\/\/www.facebook.com\/apfelpatientOfficial\" \/>\n<meta property=\"article:author\" content=\"https:\/\/www.facebook.com\/apfelpatientOfficial\" \/>\n<meta property=\"article:published_time\" content=\"2019-08-30T18:09:32+00:00\" \/>\n<meta property=\"article:modified_time\" content=\"2025-02-06T06:47:06+00:00\" \/>\n<meta property=\"og:image\" content=\"https:\/\/www.apfelpatient.de\/wp-content\/uploads\/2019\/06\/apple-highlights-from-wwdc2019-tim-cook-welcomes-developers-060319.jpg\" \/>\n\t<meta property=\"og:image:width\" content=\"1632\" \/>\n\t<meta property=\"og:image:height\" content=\"1088\" \/>\n\t<meta property=\"og:image:type\" content=\"image\/jpeg\" \/>\n<meta name=\"author\" content=\"Milan\" \/>\n<meta name=\"twitter:card\" content=\"summary_large_image\" \/>\n<meta name=\"twitter:label1\" content=\"Written by\" \/>\n\t<meta name=\"twitter:data1\" content=\"Milan\" \/>\n\t<meta name=\"twitter:label2\" content=\"Est. reading time\" \/>\n\t<meta name=\"twitter:data2\" content=\"2 minutes\" \/>\n<script type=\"application\/ld+json\" class=\"yoast-schema-graph\">{\"@context\":\"https:\\\/\\\/schema.org\",\"@graph\":[{\"@type\":\"NewsArticle\",\"@id\":\"https:\\\/\\\/www.apfelpatient.de\\\/rumors\\\/iphone11-start#article\",\"isPartOf\":{\"@id\":\"https:\\\/\\\/www.apfelpatient.de\\\/rumors\\\/iphone11-start\"},\"author\":{\"@type\":\"Organization\",\"@id\":\"https:\\\/\\\/www.apfelpatient.de\\\/en\\\/#organization\",\"name\":\"Apfelpatient\",\"url\":\"https:\\\/\\\/www.apfelpatient.de\\\/en\\\/\"},\"headline\":\"iPhone 2019 &#8211; Neue Details zum Start des iPhone 11 aufgetaucht\",\"datePublished\":\"2019-08-30T18:09:32+00:00\",\"dateModified\":\"2025-02-06T06:47:06+00:00\",\"mainEntityOfPage\":{\"@id\":\"https:\\\/\\\/www.apfelpatient.de\\\/rumors\\\/iphone11-start\"},\"wordCount\":319,\"publisher\":{\"@type\":\"Organization\",\"@id\":\"https:\\\/\\\/www.apfelpatient.de\\\/en\\\/#organization\",\"name\":\"Apfelpatient\",\"url\":\"https:\\\/\\\/www.apfelpatient.de\\\/en\\\/\"},\"image\":{\"@id\":\"https:\\\/\\\/www.apfelpatient.de\\\/rumors\\\/iphone11-start#primaryimage\"},\"thumbnailUrl\":\"https:\\\/\\\/www.apfelpatient.de\\\/wp-content\\\/uploads\\\/2019\\\/06\\\/apple-highlights-from-wwdc2019-tim-cook-welcomes-developers-060319.jpg\",\"keywords\":[\"iPhone\",\"iPhone 11\",\"iPhone 2019\"],\"articleSection\":\"Rumors\",\"inLanguage\":\"en-US\",\"copyrightYear\":\"2019\",\"copyrightHolder\":{\"@id\":\"https:\\\/\\\/www.apfelpatient.de\\\/en\\\/#organization\"}},{\"@type\":\"WebPage\",\"@id\":\"https:\\\/\\\/www.apfelpatient.de\\\/rumors\\\/iphone11-start\",\"url\":\"https:\\\/\\\/www.apfelpatient.de\\\/rumors\\\/iphone11-start\",\"name\":\"iPhone 2019 - Neue Details zum Start des iPhone 11 aufgetaucht Apfelpatient\",\"isPartOf\":{\"@id\":\"https:\\\/\\\/www.apfelpatient.de\\\/#website\"},\"primaryImageOfPage\":{\"@id\":\"https:\\\/\\\/www.apfelpatient.de\\\/rumors\\\/iphone11-start#primaryimage\"},\"image\":{\"@id\":\"https:\\\/\\\/www.apfelpatient.de\\\/rumors\\\/iphone11-start#primaryimage\"},\"thumbnailUrl\":\"https:\\\/\\\/www.apfelpatient.de\\\/wp-content\\\/uploads\\\/2019\\\/06\\\/apple-highlights-from-wwdc2019-tim-cook-welcomes-developers-060319.jpg\",\"datePublished\":\"2019-08-30T18:09:32+00:00\",\"dateModified\":\"2025-02-06T06:47:06+00:00\",\"description\":\"- Gestern hat Appl, wie erwartet, ausgew\u00e4hlte Reporter zur n\u00e4chsten Keynote eingeladen. Damit hat der Konzern einen fr\u00fcheren iOS 13 Beta Leak best\u00e4tigt. Nun sind neue Details zum Verkaufsstart der drei iPhone-Modelle aufgetaucht.\",\"breadcrumb\":{\"@id\":\"https:\\\/\\\/www.apfelpatient.de\\\/rumors\\\/iphone11-start#breadcrumb\"},\"inLanguage\":\"en-US\",\"potentialAction\":[{\"@type\":\"ReadAction\",\"target\":[\"https:\\\/\\\/www.apfelpatient.de\\\/rumors\\\/iphone11-start\"]}]},{\"@type\":\"ImageObject\",\"inLanguage\":\"en-US\",\"@id\":\"https:\\\/\\\/www.apfelpatient.de\\\/rumors\\\/iphone11-start#primaryimage\",\"url\":\"https:\\\/\\\/www.apfelpatient.de\\\/wp-content\\\/uploads\\\/2019\\\/06\\\/apple-highlights-from-wwdc2019-tim-cook-welcomes-developers-060319.jpg\",\"contentUrl\":\"https:\\\/\\\/www.apfelpatient.de\\\/wp-content\\\/uploads\\\/2019\\\/06\\\/apple-highlights-from-wwdc2019-tim-cook-welcomes-developers-060319.jpg\",\"width\":1632,\"height\":1088,\"caption\":\"Bild: Apple\"},{\"@type\":\"BreadcrumbList\",\"@id\":\"https:\\\/\\\/www.apfelpatient.de\\\/rumors\\\/iphone11-start#breadcrumb\",\"itemListElement\":[{\"@type\":\"ListItem\",\"position\":1,\"name\":\"Startseite\",\"item\":\"https:\\\/\\\/www.apfelpatient.de\\\/\"},{\"@type\":\"ListItem\",\"position\":2,\"name\":\"iPhone 2019 &#8211; Neue Details zum Start des iPhone 11 aufgetaucht\"}]},{\"@type\":\"WebSite\",\"@id\":\"https:\\\/\\\/www.apfelpatient.de\\\/#website\",\"url\":\"https:\\\/\\\/www.apfelpatient.de\\\/\",\"name\":\"Apfelpatient\",\"description\":\"Alles rund um Apple!\",\"publisher\":{\"@type\":\"Organization\",\"@id\":\"https:\\\/\\\/www.apfelpatient.de\\\/en\\\/#organization\",\"name\":\"Apfelpatient\",\"url\":\"https:\\\/\\\/www.apfelpatient.de\\\/en\\\/\"},\"alternateName\":\"Apfelpatient\",\"potentialAction\":[{\"@type\":\"SearchAction\",\"target\":{\"@type\":\"EntryPoint\",\"urlTemplate\":\"https:\\\/\\\/www.apfelpatient.de\\\/?s={search_term_string}\"},\"query-input\":{\"@type\":\"PropertyValueSpecification\",\"valueRequired\":true,\"valueName\":\"search_term_string\"}}],\"inLanguage\":\"en-US\"},{\"@type\":[\"Person\",\"Organization\"],\"@id\":\"https:\\\/\\\/www.apfelpatient.de\\\/#\\\/schema\\\/person\\\/7dc56ad6c8e9824b76d2c08d4c140e13\",\"name\":\"Milan\",\"logo\":{\"@id\":\"https:\\\/\\\/www.apfelpatient.de\\\/#\\\/schema\\\/person\\\/image\\\/\"},\"description\":\"Hallo und herzlich willkommen auf meinem Technik-Blog! Als gro\u00dfer Apple-Fan berichte ich hier \u00fcber alles, was mit Apple zu tun hat: von den neuesten News und spannenden Ger\u00fcchten \u00fcber hilfreiche Tipps und Tricks bis hin zu ausf\u00fchrlichen Produkttests. Wenn du genauso technikbegeistert bist wie ich, bist du hier genau richtig!\",\"sameAs\":[\"https:\\\/\\\/www.facebook.com\\\/apfelpatientOfficial\",\"https:\\\/\\\/www.linkedin.com\\\/in\\\/milan-jovicic-42aa0231b\"],\"url\":\"https:\\\/\\\/www.apfelpatient.de\\\/en\\\/author\\\/apfeladmin\"}]}<\/script>\n<!-- \/ Yoast SEO Premium plugin. -->","yoast_head_json":{"title":"iPhone 2019 - New details about the launch of the iPhone 11 have emerged Apfelpatient","description":"- Yesterday, as expected, Apple invited selected reporters to the next keynote. The company thus confirmed an earlier iOS 13 beta leak. Now new details have emerged about the launch of the three iPhone models.","robots":{"index":"index","follow":"follow","max-snippet":"max-snippet:-1","max-image-preview":"max-image-preview:large","max-video-preview":"max-video-preview:-1"},"canonical":"https:\/\/www.apfelpatient.de\/en\/rumors\/iphone-11-launch","og_locale":"en_US","og_type":"article","og_title":"iPhone 2019 - Neue Details zum Start des iPhone 11 aufgetaucht","og_description":"- Gestern hat Appl, wie erwartet, ausgew\u00e4hlte Reporter zur n\u00e4chsten Keynote eingeladen. Damit hat der Konzern einen fr\u00fcheren iOS 13 Beta Leak best\u00e4tigt. Nun sind neue Details zum Verkaufsstart der drei iPhone-Modelle aufgetaucht.","og_url":"https:\/\/www.apfelpatient.de\/en\/rumors\/iphone-11-launch","og_site_name":"Apfelpatient","article_publisher":"https:\/\/www.facebook.com\/apfelpatientOfficial","article_author":"https:\/\/www.facebook.com\/apfelpatientOfficial","article_published_time":"2019-08-30T18:09:32+00:00","article_modified_time":"2025-02-06T06:47:06+00:00","og_image":[{"width":1632,"height":1088,"url":"https:\/\/www.apfelpatient.de\/wp-content\/uploads\/2019\/06\/apple-highlights-from-wwdc2019-tim-cook-welcomes-developers-060319.jpg","type":"image\/jpeg"}],"author":"Milan","twitter_card":"summary_large_image","twitter_misc":{"Written by":"Milan","Est. reading time":"2 minutes"},"schema":{"@context":"https:\/\/schema.org","@graph":[{"@type":"NewsArticle","@id":"https:\/\/www.apfelpatient.de\/rumors\/iphone11-start#article","isPartOf":{"@id":"https:\/\/www.apfelpatient.de\/rumors\/iphone11-start"},"author":{"@type":"Organization","@id":"https:\/\/www.apfelpatient.de\/en\/#organization","name":"Apfelpatient","url":"https:\/\/www.apfelpatient.de\/en\/"},"headline":"iPhone 2019 &#8211; Neue Details zum Start des iPhone 11 aufgetaucht","datePublished":"2019-08-30T18:09:32+00:00","dateModified":"2025-02-06T06:47:06+00:00","mainEntityOfPage":{"@id":"https:\/\/www.apfelpatient.de\/rumors\/iphone11-start"},"wordCount":319,"publisher":{"@type":"Organization","@id":"https:\/\/www.apfelpatient.de\/en\/#organization","name":"Apfelpatient","url":"https:\/\/www.apfelpatient.de\/en\/"},"image":{"@id":"https:\/\/www.apfelpatient.de\/rumors\/iphone11-start#primaryimage"},"thumbnailUrl":"https:\/\/www.apfelpatient.de\/wp-content\/uploads\/2019\/06\/apple-highlights-from-wwdc2019-tim-cook-welcomes-developers-060319.jpg","keywords":["iPhone","iPhone 11","iPhone 2019"],"articleSection":"Rumors","inLanguage":"en-US","copyrightYear":"2019","copyrightHolder":{"@id":"https:\/\/www.apfelpatient.de\/en\/#organization"}},{"@type":"WebPage","@id":"https:\/\/www.apfelpatient.de\/rumors\/iphone11-start","url":"https:\/\/www.apfelpatient.de\/rumors\/iphone11-start","name":"iPhone 2019 - New details about the launch of the iPhone 11 have emerged Apfelpatient","isPartOf":{"@id":"https:\/\/www.apfelpatient.de\/#website"},"primaryImageOfPage":{"@id":"https:\/\/www.apfelpatient.de\/rumors\/iphone11-start#primaryimage"},"image":{"@id":"https:\/\/www.apfelpatient.de\/rumors\/iphone11-start#primaryimage"},"thumbnailUrl":"https:\/\/www.apfelpatient.de\/wp-content\/uploads\/2019\/06\/apple-highlights-from-wwdc2019-tim-cook-welcomes-developers-060319.jpg","datePublished":"2019-08-30T18:09:32+00:00","dateModified":"2025-02-06T06:47:06+00:00","description":"- Yesterday, as expected, Apple invited selected reporters to the next keynote. The company thus confirmed an earlier iOS 13 beta leak. Now new details have emerged about the launch of the three iPhone models.","breadcrumb":{"@id":"https:\/\/www.apfelpatient.de\/rumors\/iphone11-start#breadcrumb"},"inLanguage":"en-US","potentialAction":[{"@type":"ReadAction","target":["https:\/\/www.apfelpatient.de\/rumors\/iphone11-start"]}]},{"@type":"ImageObject","inLanguage":"en-US","@id":"https:\/\/www.apfelpatient.de\/rumors\/iphone11-start#primaryimage","url":"https:\/\/www.apfelpatient.de\/wp-content\/uploads\/2019\/06\/apple-highlights-from-wwdc2019-tim-cook-welcomes-developers-060319.jpg","contentUrl":"https:\/\/www.apfelpatient.de\/wp-content\/uploads\/2019\/06\/apple-highlights-from-wwdc2019-tim-cook-welcomes-developers-060319.jpg","width":1632,"height":1088,"caption":"Bild: Apple"},{"@type":"BreadcrumbList","@id":"https:\/\/www.apfelpatient.de\/rumors\/iphone11-start#breadcrumb","itemListElement":[{"@type":"ListItem","position":1,"name":"Startseite","item":"https:\/\/www.apfelpatient.de\/"},{"@type":"ListItem","position":2,"name":"iPhone 2019 &#8211; Neue Details zum Start des iPhone 11 aufgetaucht"}]},{"@type":"WebSite","@id":"https:\/\/www.apfelpatient.de\/#website","url":"https:\/\/www.apfelpatient.de\/","name":"apple patient","description":"Everything about Apple!","publisher":{"@type":"Organization","@id":"https:\/\/www.apfelpatient.de\/en\/#organization","name":"Apfelpatient","url":"https:\/\/www.apfelpatient.de\/en\/"},"alternateName":"Apfelpatient","potentialAction":[{"@type":"SearchAction","target":{"@type":"EntryPoint","urlTemplate":"https:\/\/www.apfelpatient.de\/?s={search_term_string}"},"query-input":{"@type":"PropertyValueSpecification","valueRequired":true,"valueName":"search_term_string"}}],"inLanguage":"en-US"},{"@type":["Person","Organization"],"@id":"https:\/\/www.apfelpatient.de\/#\/schema\/person\/7dc56ad6c8e9824b76d2c08d4c140e13","name":"Milan","logo":{"@id":"https:\/\/www.apfelpatient.de\/#\/schema\/person\/image\/"},"description":"Hello and welcome to my technology blog! As a big Apple fan, I report on everything to do with Apple: from the latest news and exciting rumors to helpful tips and tricks and detailed product tests. If you are as enthusiastic about technology as I am, you have come to the right place!","sameAs":["https:\/\/www.facebook.com\/apfelpatientOfficial","https:\/\/www.linkedin.com\/in\/milan-jovicic-42aa0231b"],"url":"https:\/\/www.apfelpatient.de\/en\/author\/apfeladmin"}]}},"_links":{"self":[{"href":"https:\/\/www.apfelpatient.de\/en\/wp-json\/wp\/v2\/posts\/5763","targetHints":{"allow":["GET"]}}],"collection":[{"href":"https:\/\/www.apfelpatient.de\/en\/wp-json\/wp\/v2\/posts"}],"about":[{"href":"https:\/\/www.apfelpatient.de\/en\/wp-json\/wp\/v2\/types\/post"}],"author":[{"embeddable":true,"href":"https:\/\/www.apfelpatient.de\/en\/wp-json\/wp\/v2\/users\/2"}],"replies":[{"embeddable":true,"href":"https:\/\/www.apfelpatient.de\/en\/wp-json\/wp\/v2\/comments?post=5763"}],"version-history":[{"count":0,"href":"https:\/\/www.apfelpatient.de\/en\/wp-json\/wp\/v2\/posts\/5763\/revisions"}],"wp:featuredmedia":[{"embeddable":true,"href":"https:\/\/www.apfelpatient.de\/en\/wp-json\/wp\/v2\/media\/4654"}],"wp:attachment":[{"href":"https:\/\/www.apfelpatient.de\/en\/wp-json\/wp\/v2\/media?parent=5763"}],"wp:term":[{"taxonomy":"category","embeddable":true,"href":"https:\/\/www.apfelpatient.de\/en\/wp-json\/wp\/v2\/categories?post=5763"},{"taxonomy":"post_tag","embeddable":true,"href":"https:\/\/www.apfelpatient.de\/en\/wp-json\/wp\/v2\/tags?post=5763"}],"curies":[{"name":"wp","href":"https:\/\/api.w.org\/{rel}","templated":true}]}}