{"id":56947,"date":"2025-07-23T14:53:17","date_gmt":"2025-07-23T12:53:17","guid":{"rendered":"https:\/\/www.apfelpatient.de\/?p=56947"},"modified":"2025-07-23T14:53:19","modified_gmt":"2025-07-23T12:53:19","slug":"apple-launches-new-device-protection-plan-applecare-one","status":"publish","type":"post","link":"https:\/\/www.apfelpatient.de\/en\/news\/apple-bringt-neuen-geraeteschutz-plan-applecare-one","title":{"rendered":"Apple launches new device protection plan AppleCare One"},"content":{"rendered":"<p class=\"has-drop-cap\"><strong>Apple has launched a new service called AppleCare One in the US. The goal is to provide coverage for multiple devices with a single plan \u2013 clear, flexible, and more affordable than previous individual contracts. The new service is designed to help Apple users manage their products more easily while receiving comprehensive protection at a fixed monthly price.<\/strong><\/p>\n\n\n\n<p>Anyone who owns multiple Apple products\u2014such as an iPhone, iPad, and Apple Watch\u2014previously had to purchase a separate AppleCare+ plan for each device. This was not only expensive but also impractical. Apple wants to change that with AppleCare One. The new plan is aimed at anyone who wants to cover multiple devices as easily as possible. The most important AppleCare+ benefits remain the same but are bundled into a single contract.<\/p>\n\n\n\n<h4 class=\"wp-block-heading\" id=\"h-ein-paket-viele-vorteile\">One package \u2013 many advantages<\/h4>\n\n\n\n<p>AppleCare One costs $19.99 per month and covers up to three devices simultaneously. Whether it&#039;s an iPhone, an iPad, or an Apple Watch\u2014the price remains the same. Adding additional devices costs an additional $5.99 per device per month. This significantly reduces the total cost compared to individual plans. According to Apple, users can save up to $11 per month by insuring multiple devices together. All the familiar AppleCare+ benefits are included:<\/p>\n\n\n\n<ul class=\"wp-block-list\">\n<li>Unlimited repairs for accidental damage, such as drops or spills<\/li>\n\n\n\n<li>24\/7 support from Apple experts<\/li>\n\n\n\n<li>Fast repair by certified Apple technicians<\/li>\n\n\n\n<li>Battery protection and warranty<\/li>\n\n\n\n<li>Theft and loss protection, now not only for iPhone, but also for iPad and Apple Watch<\/li>\n<\/ul>\n\n\n\n<p>AppleCare One is designed specifically for users who use multiple Apple devices simultaneously and want to remain flexible. The contract is managed centrally, meaning that if an old, covered device is exchanged for a new one, AppleCare One automatically handles the switch. The new device is automatically added to the plan without the need for a new registration.<\/p>\n\n\n\n<h4 class=\"wp-block-heading\" id=\"h-auch-altere-gerate-konnen-eingebunden-werden\">Even older devices can be integrated<\/h4>\n\n\n\n<p>A major advantage of the new plan: Existing devices can also be added to the contract retroactively. The prerequisite is that they are no older than four years and in good condition. Headphones must be less than one year old. These devices can also only be included if they are registered in the user&#039;s Apple account. Before inclusion, a diagnostic check on the iPhone or iPad or in the Apple Store may be required to confirm the condition. This extends Apple&#039;s previous policy, which only allowed AppleCare+ to be purchased within 60 days of device purchase. AppleCare One significantly extends the time window, making the protection attractive for older devices as well.<\/p>\n\n\n\n<h4 class=\"wp-block-heading\" id=\"h-flexibel-kundbar-jederzeit-erweiterbar\">Flexible cancellation, expandable at any time<\/h4>\n\n\n\n<p>AppleCare One is designed as a monthly contract with a cancellation option. This offers maximum flexibility. Users can add or remove devices as needed. There is no fixed term. Anyone who sells or trades in a covered device can rest assured that it will be automatically removed from the plan. New devices can be added at any time.<\/p>\n\n\n\n<h4 class=\"wp-block-heading\" id=\"h-bisher-nur-in-den-usa-aber-mit-ausblick\">So far only in the USA \u2013 but with a view<\/h4>\n\n\n\n<p class=\"translation-block\">AppleCare One is currently available only in the United States. Apple has not yet officially <a href=\"https:\/\/www.apple.com\/newsroom\/2025\/07\/apple-introduces-applecare-one-streamlining-coverage-into-a-single-plan\/\" data-wpel-link=\"exclude\" rel=\"follow noopener\" target=\"_self\">announced<\/a> international availability, but it&#039;s likely that the service will be introduced in additional markets in the medium term. The rollout follows a clear strategy: Apple is bundling more services within its own ecosystem and simplifying the user experience.<\/p>\n\n\n\n<ul class=\"wp-block-list\">\n<li><a href=\"https:\/\/www.apfelpatient.de\/en\/tips-tricks\/iphone-insurance-is-worth-taking-out\">iPhone insurance: Is it worth taking out?<\/a><\/li>\n<\/ul>\n\n\n\n<h3 class=\"wp-block-heading\" id=\"h-applecare-one-vereinfacht-den-gerateschutz\">AppleCare One simplifies device protection<\/h3>\n\n\n\n<p>AppleCare One is an extension of the existing AppleCare+ offering and offers a centralized solution for users with multiple Apple devices. The service combines repair, warranty, and theft protection with a simple pricing model. The new offering is a particularly useful addition for long-time Apple users who value convenience and comprehensive protection. With the ability to integrate older devices and flexible management via a monthly plan, Apple is taking a step further toward user-friendliness. (Image: Apple)<\/p>\n\n\n\n<ul class=\"wp-block-list\">\n<li><a href=\"https:\/\/www.apfelpatient.de\/en\/news\/apple-close-to-breakthrough-in-app-store-conflict-with-the-eu\">Apple close to breakthrough in App Store conflict with the EU<\/a><\/li>\n\n\n\n<li><a href=\"https:\/\/www.apfelpatient.de\/en\/news\/morgan-stanley-warns-apple-should-not-buy-ai-company\">Morgan Stanley warns: Apple should not buy an AI company<\/a><\/li>\n<\/ul>\n\n\n\n<h6 class=\"wp-block-heading translation-block\" id=\"h-kennt-ihr-schon-unsere-amazon-storefront-dort-findet-ihr-eine-handverlesene-auswahl-von-diversen-produkten-f-r-euer-iphone-und-co-viel-spa-beim-st-bern\"><em>Have you already visited our Amazon Storefront? There you&#039;ll find a hand-picked selection of various products for your iPhone and other devices \u2013 <span class=\"has-inline-color has-vivid-red-color\"><a href=\"https:\/\/www.amazon.de\/shop\/apfelpatientofficial\" class=\"ek-link\" data-wpel-link=\"exclude\" rel=\"follow noopener\" target=\"_self\"><span style=\"text-decoration: underline\" class=\"ek-underline\">enjoy browsing<\/span><\/a> !<\/span><\/em><\/h6>\n\n\n\n<h6 class=\"wp-block-heading translation-block\" id=\"h-der-beitrag-enthalt-partnerlinks\">This post contains <a data-type=\"URL\" data-id=\"https:\/\/www.apfelpatient.de\/partnerprogramm\" href=\"https:\/\/www.apfelpatient.de\/en\/partner-program\" data-wpel-link=\"internal\" target=\"_self\">affiliate links<\/a>.<\/h6>","protected":false},"excerpt":{"rendered":"<p>Apple launches AppleCare One \u2013 a combined protection plan for all devices. Easy to manage, cancel monthly, directly from Apple.<\/p>","protected":false},"author":2,"featured_media":56946,"comment_status":"closed","ping_status":"closed","sticky":false,"template":"","format":"standard","meta":{"jnews-multi-image_gallery":[],"jnews_single_post":{"format":"standard","override":[{"template":"2","parallax":"1","fullscreen":"1","layout":"right-sidebar","sidebar":"default-sidebar","second_sidebar":"default-sidebar","sticky_sidebar":"1","share_position":"top","share_float_style":"share-monocrhome","show_featured":"1","show_post_meta":"1","show_post_author":"1","show_post_author_image":"1","show_post_date":"1","post_date_format":"default","post_date_format_custom":"Y\/m\/d","show_post_reading_time":"0","post_reading_time_wpm":"300","post_calculate_word_method":"str_word_count","show_zoom_button":"0","zoom_button_out_step":"2","zoom_button_in_step":"3","show_post_tag":"1","show_prev_next_post":"1","show_popup_post":"1","number_popup_post":"1","show_author_box":"0","show_post_related":"0","show_inline_post_related":"0"}],"image_override":[{"single_post_thumbnail_size":"crop-500","single_post_gallery_size":"crop-500"}],"trending_post_position":"meta","trending_post_label":"Trending","sponsored_post_label":"Sponsored by","disable_ad":"0"},"jnews_primary_category":{"id":"9"},"footnotes":""},"categories":[9],"tags":[34,152,1242],"class_list":["post-56947","post","type-post","status-publish","format-standard","has-post-thumbnail","hentry","category-news","tag-apple-dienste","tag-applecare","tag-applecare-one"],"yoast_head":"<!-- This site is optimized with the Yoast SEO Premium plugin v27.4 (Yoast SEO v27.4) - https:\/\/yoast.com\/product\/yoast-seo-premium-wordpress\/ -->\n<title>Apple bringt neuen Ger\u00e4teschutz-Plan AppleCare One Apfelpatient<\/title>\n<meta name=\"description\" content=\"Apple startet AppleCare One \u2013 ein kombinierter Schutzplan f\u00fcr alle Ger\u00e4te. Einfach verwalten, monatlich k\u00fcndigen, direkt bei Apple.\" \/>\n<meta name=\"robots\" content=\"index, follow, max-snippet:-1, max-image-preview:large, max-video-preview:-1\" \/>\n<link rel=\"canonical\" href=\"https:\/\/www.apfelpatient.de\/en\/news\/apple-launches-new-device-protection-plan-applecare-one\" \/>\n<meta property=\"og:locale\" content=\"en_US\" \/>\n<meta property=\"og:type\" content=\"article\" \/>\n<meta property=\"og:title\" content=\"Apple bringt neuen Ger\u00e4teschutz-Plan AppleCare One\" \/>\n<meta property=\"og:description\" content=\"Apple startet AppleCare One \u2013 ein kombinierter Schutzplan f\u00fcr alle Ger\u00e4te. Einfach verwalten, monatlich k\u00fcndigen, direkt bei Apple.\" \/>\n<meta property=\"og:url\" content=\"https:\/\/www.apfelpatient.de\/en\/news\/apple-launches-new-device-protection-plan-applecare-one\" \/>\n<meta property=\"og:site_name\" content=\"Apfelpatient\" \/>\n<meta property=\"article:publisher\" content=\"https:\/\/www.facebook.com\/apfelpatientOfficial\" \/>\n<meta property=\"article:author\" content=\"https:\/\/www.facebook.com\/apfelpatientOfficial\" \/>\n<meta property=\"article:published_time\" content=\"2025-07-23T12:53:17+00:00\" \/>\n<meta property=\"article:modified_time\" content=\"2025-07-23T12:53:19+00:00\" \/>\n<meta property=\"og:image\" content=\"https:\/\/www.apfelpatient.de\/wp-content\/uploads\/2025\/07\/Apple-AppleCare-One-hero.jpg\" \/>\n\t<meta property=\"og:image:width\" content=\"1600\" \/>\n\t<meta property=\"og:image:height\" content=\"900\" \/>\n\t<meta property=\"og:image:type\" content=\"image\/jpeg\" \/>\n<meta name=\"author\" content=\"Milan\" \/>\n<meta name=\"twitter:card\" content=\"summary_large_image\" \/>\n<meta name=\"twitter:description\" content=\"Apple startet AppleCare One \u2013 ein kombinierter Schutzplan f\u00fcr alle Ger\u00e4te. Einfach verwalten, monatlich k\u00fcndigen, direkt bei Apple.\" \/>\n<meta name=\"twitter:label1\" content=\"Written by\" \/>\n\t<meta name=\"twitter:data1\" content=\"Milan\" \/>\n\t<meta name=\"twitter:label2\" content=\"Est. reading time\" \/>\n\t<meta name=\"twitter:data2\" content=\"4 minutes\" \/>\n<script type=\"application\/ld+json\" class=\"yoast-schema-graph\">{\"@context\":\"https:\\\/\\\/schema.org\",\"@graph\":[{\"@type\":\"NewsArticle\",\"@id\":\"https:\\\/\\\/www.apfelpatient.de\\\/news\\\/apple-bringt-neuen-geraeteschutz-plan-applecare-one#article\",\"isPartOf\":{\"@id\":\"https:\\\/\\\/www.apfelpatient.de\\\/news\\\/apple-bringt-neuen-geraeteschutz-plan-applecare-one\"},\"author\":{\"@type\":\"Organization\",\"@id\":\"https:\\\/\\\/www.apfelpatient.de\\\/en\\\/#organization\",\"name\":\"Apfelpatient\",\"url\":\"https:\\\/\\\/www.apfelpatient.de\\\/en\\\/\"},\"headline\":\"Apple bringt neuen Ger\u00e4teschutz-Plan AppleCare One\",\"datePublished\":\"2025-07-23T12:53:17+00:00\",\"dateModified\":\"2025-07-23T12:53:19+00:00\",\"mainEntityOfPage\":{\"@id\":\"https:\\\/\\\/www.apfelpatient.de\\\/news\\\/apple-bringt-neuen-geraeteschutz-plan-applecare-one\"},\"wordCount\":707,\"publisher\":{\"@type\":\"Organization\",\"@id\":\"https:\\\/\\\/www.apfelpatient.de\\\/en\\\/#organization\",\"name\":\"Apfelpatient\",\"url\":\"https:\\\/\\\/www.apfelpatient.de\\\/en\\\/\"},\"image\":{\"@id\":\"https:\\\/\\\/www.apfelpatient.de\\\/news\\\/apple-bringt-neuen-geraeteschutz-plan-applecare-one#primaryimage\"},\"thumbnailUrl\":\"https:\\\/\\\/www.apfelpatient.de\\\/wp-content\\\/uploads\\\/2025\\\/07\\\/Apple-AppleCare-One-hero.jpg\",\"keywords\":[\"Apple Dienste\",\"AppleCare\",\"AppleCare One\"],\"articleSection\":\"News\",\"inLanguage\":\"en-US\",\"copyrightYear\":\"2025\",\"copyrightHolder\":{\"@id\":\"https:\\\/\\\/www.apfelpatient.de\\\/en\\\/#organization\"}},{\"@type\":\"WebPage\",\"@id\":\"https:\\\/\\\/www.apfelpatient.de\\\/news\\\/apple-bringt-neuen-geraeteschutz-plan-applecare-one\",\"url\":\"https:\\\/\\\/www.apfelpatient.de\\\/news\\\/apple-bringt-neuen-geraeteschutz-plan-applecare-one\",\"name\":\"Apple bringt neuen Ger\u00e4teschutz-Plan AppleCare One Apfelpatient\",\"isPartOf\":{\"@id\":\"https:\\\/\\\/www.apfelpatient.de\\\/#website\"},\"primaryImageOfPage\":{\"@id\":\"https:\\\/\\\/www.apfelpatient.de\\\/news\\\/apple-bringt-neuen-geraeteschutz-plan-applecare-one#primaryimage\"},\"image\":{\"@id\":\"https:\\\/\\\/www.apfelpatient.de\\\/news\\\/apple-bringt-neuen-geraeteschutz-plan-applecare-one#primaryimage\"},\"thumbnailUrl\":\"https:\\\/\\\/www.apfelpatient.de\\\/wp-content\\\/uploads\\\/2025\\\/07\\\/Apple-AppleCare-One-hero.jpg\",\"datePublished\":\"2025-07-23T12:53:17+00:00\",\"dateModified\":\"2025-07-23T12:53:19+00:00\",\"description\":\"Apple startet AppleCare One \u2013 ein kombinierter Schutzplan f\u00fcr alle Ger\u00e4te. Einfach verwalten, monatlich k\u00fcndigen, direkt bei Apple.\",\"breadcrumb\":{\"@id\":\"https:\\\/\\\/www.apfelpatient.de\\\/news\\\/apple-bringt-neuen-geraeteschutz-plan-applecare-one#breadcrumb\"},\"inLanguage\":\"en-US\",\"potentialAction\":[{\"@type\":\"ReadAction\",\"target\":[\"https:\\\/\\\/www.apfelpatient.de\\\/news\\\/apple-bringt-neuen-geraeteschutz-plan-applecare-one\"]}]},{\"@type\":\"ImageObject\",\"inLanguage\":\"en-US\",\"@id\":\"https:\\\/\\\/www.apfelpatient.de\\\/news\\\/apple-bringt-neuen-geraeteschutz-plan-applecare-one#primaryimage\",\"url\":\"https:\\\/\\\/www.apfelpatient.de\\\/wp-content\\\/uploads\\\/2025\\\/07\\\/Apple-AppleCare-One-hero.jpg\",\"contentUrl\":\"https:\\\/\\\/www.apfelpatient.de\\\/wp-content\\\/uploads\\\/2025\\\/07\\\/Apple-AppleCare-One-hero.jpg\",\"width\":1600,\"height\":900,\"caption\":\"Bild: Apple\"},{\"@type\":\"BreadcrumbList\",\"@id\":\"https:\\\/\\\/www.apfelpatient.de\\\/news\\\/apple-bringt-neuen-geraeteschutz-plan-applecare-one#breadcrumb\",\"itemListElement\":[{\"@type\":\"ListItem\",\"position\":1,\"name\":\"Startseite\",\"item\":\"https:\\\/\\\/www.apfelpatient.de\\\/\"},{\"@type\":\"ListItem\",\"position\":2,\"name\":\"Apple bringt neuen Ger\u00e4teschutz-Plan AppleCare One\"}]},{\"@type\":\"WebSite\",\"@id\":\"https:\\\/\\\/www.apfelpatient.de\\\/#website\",\"url\":\"https:\\\/\\\/www.apfelpatient.de\\\/\",\"name\":\"Apfelpatient\",\"description\":\"Alles rund um Apple!\",\"publisher\":{\"@type\":\"Organization\",\"@id\":\"https:\\\/\\\/www.apfelpatient.de\\\/en\\\/#organization\",\"name\":\"Apfelpatient\",\"url\":\"https:\\\/\\\/www.apfelpatient.de\\\/en\\\/\"},\"alternateName\":\"Apfelpatient\",\"potentialAction\":[{\"@type\":\"SearchAction\",\"target\":{\"@type\":\"EntryPoint\",\"urlTemplate\":\"https:\\\/\\\/www.apfelpatient.de\\\/?s={search_term_string}\"},\"query-input\":{\"@type\":\"PropertyValueSpecification\",\"valueRequired\":true,\"valueName\":\"search_term_string\"}}],\"inLanguage\":\"en-US\"},{\"@type\":[\"Person\",\"Organization\"],\"@id\":\"https:\\\/\\\/www.apfelpatient.de\\\/#\\\/schema\\\/person\\\/7dc56ad6c8e9824b76d2c08d4c140e13\",\"name\":\"Milan\",\"logo\":{\"@id\":\"https:\\\/\\\/www.apfelpatient.de\\\/#\\\/schema\\\/person\\\/image\\\/\"},\"description\":\"Hallo und herzlich willkommen auf meinem Technik-Blog! Als gro\u00dfer Apple-Fan berichte ich hier \u00fcber alles, was mit Apple zu tun hat: von den neuesten News und spannenden Ger\u00fcchten \u00fcber hilfreiche Tipps und Tricks bis hin zu ausf\u00fchrlichen Produkttests. Wenn du genauso technikbegeistert bist wie ich, bist du hier genau richtig!\",\"sameAs\":[\"https:\\\/\\\/www.facebook.com\\\/apfelpatientOfficial\",\"https:\\\/\\\/www.linkedin.com\\\/in\\\/milan-jovicic-42aa0231b\"],\"url\":\"https:\\\/\\\/www.apfelpatient.de\\\/en\\\/author\\\/apfeladmin\"}]}<\/script>\n<!-- \/ Yoast SEO Premium plugin. -->","yoast_head_json":{"title":"Apple launches new device protection plan AppleCare One Apfelpatient","description":"Apple launches AppleCare One \u2013 a combined protection plan for all devices. Easy to manage, cancel monthly, directly from Apple.","robots":{"index":"index","follow":"follow","max-snippet":"max-snippet:-1","max-image-preview":"max-image-preview:large","max-video-preview":"max-video-preview:-1"},"canonical":"https:\/\/www.apfelpatient.de\/en\/news\/apple-launches-new-device-protection-plan-applecare-one","og_locale":"en_US","og_type":"article","og_title":"Apple bringt neuen Ger\u00e4teschutz-Plan AppleCare One","og_description":"Apple startet AppleCare One \u2013 ein kombinierter Schutzplan f\u00fcr alle Ger\u00e4te. Einfach verwalten, monatlich k\u00fcndigen, direkt bei Apple.","og_url":"https:\/\/www.apfelpatient.de\/en\/news\/apple-launches-new-device-protection-plan-applecare-one","og_site_name":"Apfelpatient","article_publisher":"https:\/\/www.facebook.com\/apfelpatientOfficial","article_author":"https:\/\/www.facebook.com\/apfelpatientOfficial","article_published_time":"2025-07-23T12:53:17+00:00","article_modified_time":"2025-07-23T12:53:19+00:00","og_image":[{"width":1600,"height":900,"url":"https:\/\/www.apfelpatient.de\/wp-content\/uploads\/2025\/07\/Apple-AppleCare-One-hero.jpg","type":"image\/jpeg"}],"author":"Milan","twitter_card":"summary_large_image","twitter_description":"Apple startet AppleCare One \u2013 ein kombinierter Schutzplan f\u00fcr alle Ger\u00e4te. Einfach verwalten, monatlich k\u00fcndigen, direkt bei Apple.","twitter_misc":{"Written by":"Milan","Est. reading time":"4 minutes"},"schema":{"@context":"https:\/\/schema.org","@graph":[{"@type":"NewsArticle","@id":"https:\/\/www.apfelpatient.de\/news\/apple-bringt-neuen-geraeteschutz-plan-applecare-one#article","isPartOf":{"@id":"https:\/\/www.apfelpatient.de\/news\/apple-bringt-neuen-geraeteschutz-plan-applecare-one"},"author":{"@type":"Organization","@id":"https:\/\/www.apfelpatient.de\/en\/#organization","name":"Apfelpatient","url":"https:\/\/www.apfelpatient.de\/en\/"},"headline":"Apple bringt neuen Ger\u00e4teschutz-Plan AppleCare One","datePublished":"2025-07-23T12:53:17+00:00","dateModified":"2025-07-23T12:53:19+00:00","mainEntityOfPage":{"@id":"https:\/\/www.apfelpatient.de\/news\/apple-bringt-neuen-geraeteschutz-plan-applecare-one"},"wordCount":707,"publisher":{"@type":"Organization","@id":"https:\/\/www.apfelpatient.de\/en\/#organization","name":"Apfelpatient","url":"https:\/\/www.apfelpatient.de\/en\/"},"image":{"@id":"https:\/\/www.apfelpatient.de\/news\/apple-bringt-neuen-geraeteschutz-plan-applecare-one#primaryimage"},"thumbnailUrl":"https:\/\/www.apfelpatient.de\/wp-content\/uploads\/2025\/07\/Apple-AppleCare-One-hero.jpg","keywords":["Apple Dienste","AppleCare","AppleCare One"],"articleSection":"News","inLanguage":"en-US","copyrightYear":"2025","copyrightHolder":{"@id":"https:\/\/www.apfelpatient.de\/en\/#organization"}},{"@type":"WebPage","@id":"https:\/\/www.apfelpatient.de\/news\/apple-bringt-neuen-geraeteschutz-plan-applecare-one","url":"https:\/\/www.apfelpatient.de\/news\/apple-bringt-neuen-geraeteschutz-plan-applecare-one","name":"Apple launches new device protection plan AppleCare One Apfelpatient","isPartOf":{"@id":"https:\/\/www.apfelpatient.de\/#website"},"primaryImageOfPage":{"@id":"https:\/\/www.apfelpatient.de\/news\/apple-bringt-neuen-geraeteschutz-plan-applecare-one#primaryimage"},"image":{"@id":"https:\/\/www.apfelpatient.de\/news\/apple-bringt-neuen-geraeteschutz-plan-applecare-one#primaryimage"},"thumbnailUrl":"https:\/\/www.apfelpatient.de\/wp-content\/uploads\/2025\/07\/Apple-AppleCare-One-hero.jpg","datePublished":"2025-07-23T12:53:17+00:00","dateModified":"2025-07-23T12:53:19+00:00","description":"Apple launches AppleCare One \u2013 a combined protection plan for all devices. Easy to manage, cancel monthly, directly from Apple.","breadcrumb":{"@id":"https:\/\/www.apfelpatient.de\/news\/apple-bringt-neuen-geraeteschutz-plan-applecare-one#breadcrumb"},"inLanguage":"en-US","potentialAction":[{"@type":"ReadAction","target":["https:\/\/www.apfelpatient.de\/news\/apple-bringt-neuen-geraeteschutz-plan-applecare-one"]}]},{"@type":"ImageObject","inLanguage":"en-US","@id":"https:\/\/www.apfelpatient.de\/news\/apple-bringt-neuen-geraeteschutz-plan-applecare-one#primaryimage","url":"https:\/\/www.apfelpatient.de\/wp-content\/uploads\/2025\/07\/Apple-AppleCare-One-hero.jpg","contentUrl":"https:\/\/www.apfelpatient.de\/wp-content\/uploads\/2025\/07\/Apple-AppleCare-One-hero.jpg","width":1600,"height":900,"caption":"Bild: Apple"},{"@type":"BreadcrumbList","@id":"https:\/\/www.apfelpatient.de\/news\/apple-bringt-neuen-geraeteschutz-plan-applecare-one#breadcrumb","itemListElement":[{"@type":"ListItem","position":1,"name":"Startseite","item":"https:\/\/www.apfelpatient.de\/"},{"@type":"ListItem","position":2,"name":"Apple bringt neuen Ger\u00e4teschutz-Plan AppleCare One"}]},{"@type":"WebSite","@id":"https:\/\/www.apfelpatient.de\/#website","url":"https:\/\/www.apfelpatient.de\/","name":"apple patient","description":"Everything about Apple!","publisher":{"@type":"Organization","@id":"https:\/\/www.apfelpatient.de\/en\/#organization","name":"Apfelpatient","url":"https:\/\/www.apfelpatient.de\/en\/"},"alternateName":"Apfelpatient","potentialAction":[{"@type":"SearchAction","target":{"@type":"EntryPoint","urlTemplate":"https:\/\/www.apfelpatient.de\/?s={search_term_string}"},"query-input":{"@type":"PropertyValueSpecification","valueRequired":true,"valueName":"search_term_string"}}],"inLanguage":"en-US"},{"@type":["Person","Organization"],"@id":"https:\/\/www.apfelpatient.de\/#\/schema\/person\/7dc56ad6c8e9824b76d2c08d4c140e13","name":"Milan","logo":{"@id":"https:\/\/www.apfelpatient.de\/#\/schema\/person\/image\/"},"description":"Hello and welcome to my technology blog! As a big Apple fan, I report on everything to do with Apple: from the latest news and exciting rumors to helpful tips and tricks and detailed product tests. If you are as enthusiastic about technology as I am, you have come to the right place!","sameAs":["https:\/\/www.facebook.com\/apfelpatientOfficial","https:\/\/www.linkedin.com\/in\/milan-jovicic-42aa0231b"],"url":"https:\/\/www.apfelpatient.de\/en\/author\/apfeladmin"}]}},"_links":{"self":[{"href":"https:\/\/www.apfelpatient.de\/en\/wp-json\/wp\/v2\/posts\/56947","targetHints":{"allow":["GET"]}}],"collection":[{"href":"https:\/\/www.apfelpatient.de\/en\/wp-json\/wp\/v2\/posts"}],"about":[{"href":"https:\/\/www.apfelpatient.de\/en\/wp-json\/wp\/v2\/types\/post"}],"author":[{"embeddable":true,"href":"https:\/\/www.apfelpatient.de\/en\/wp-json\/wp\/v2\/users\/2"}],"replies":[{"embeddable":true,"href":"https:\/\/www.apfelpatient.de\/en\/wp-json\/wp\/v2\/comments?post=56947"}],"version-history":[{"count":0,"href":"https:\/\/www.apfelpatient.de\/en\/wp-json\/wp\/v2\/posts\/56947\/revisions"}],"wp:featuredmedia":[{"embeddable":true,"href":"https:\/\/www.apfelpatient.de\/en\/wp-json\/wp\/v2\/media\/56946"}],"wp:attachment":[{"href":"https:\/\/www.apfelpatient.de\/en\/wp-json\/wp\/v2\/media?parent=56947"}],"wp:term":[{"taxonomy":"category","embeddable":true,"href":"https:\/\/www.apfelpatient.de\/en\/wp-json\/wp\/v2\/categories?post=56947"},{"taxonomy":"post_tag","embeddable":true,"href":"https:\/\/www.apfelpatient.de\/en\/wp-json\/wp\/v2\/tags?post=56947"}],"curies":[{"name":"wp","href":"https:\/\/api.w.org\/{rel}","templated":true}]}}