{"id":56933,"date":"2025-07-23T13:00:41","date_gmt":"2025-07-23T11:00:41","guid":{"rendered":"https:\/\/www.apfelpatient.de\/?p=56933"},"modified":"2025-07-23T13:00:46","modified_gmt":"2025-07-23T11:00:46","slug":"iphone-fold-crease-free-display-and-compact-design","status":"publish","type":"post","link":"https:\/\/www.apfelpatient.de\/en\/rumors\/iphone-fold-faltenfreies-display-und-kompaktes-design","title":{"rendered":"iPhone Fold: Crease-free display and compact design"},"content":{"rendered":"<p class=\"has-drop-cap\"><strong>Apple is working on a foldable iPhone. The project was long considered speculation, but concrete clues about the features, design, and timing of the so-called iPhone Fold are now accumulating. Two independent sources have now confirmed key details about the planned display sizes for the first time. New information about the rest of the technology has also emerged.<\/strong><\/p>\n\n\n\n<p>The foldable market has so far been dominated by Samsung. Apple is holding back, apparently with the goal of bringing a technically mature product to market. Instead of rapid releases, the company is focusing on a finished system with a well-thought-out design. There are now clear hints about what the iPhone Fold might look like and when it will be released.<\/p>\n\n\n\n<h4 class=\"wp-block-heading\" id=\"h-displaygrossen-7-8-zoll-innen-5-5-zoll-aussen\">Display sizes: 7.8 inches inside, 5.5 inches outside<\/h4>\n\n\n\n<p class=\"translation-block\">According to Taiwanese research firm <a href=\"https:\/\/www.trendforce.com\/presscenter\/news\/20250722-12649.html\" target=\"_blank\" rel=\"noreferrer noopener\" data-wpel-link=\"external\">TrendForce<\/a> , the iPhone Fold will feature a 7.8-inch internal display, while the external display will measure 5.5 inches. These figures are consistent with a <a href=\"https:\/\/www.apfelpatient.de\/en\/rumors\/foldable-iphone-from-apple-everything-about-price-specs-and-design\" data-wpel-link=\"internal\" target=\"_self\">prediction<\/a> made by Apple analyst Ming-Chi Kuo in March. It&#039;s unclear whether TrendForce is using its own sources or relying on Kuo&#039;s statements, but the consistent figures still lend weight to the rumor. In comparison, the upcoming Samsung Galaxy Z Fold 7 offers an 8-inch internal screen and a 6.5-inch external display. Thus, Apple remains somewhat smaller than its competitors, suggesting a more compact form factor.<\/p>\n\n\n\n<h4 class=\"wp-block-heading\" id=\"h-voraussichtlicher-marktstart-in-der-zweiten-jahreshalfte-2026\">Expected market launch in the second half of 2026<\/h4>\n\n\n\n<p>TrendForce expects a market launch in the second half of 2026. This fits Apple&#039;s typical release schedule. A September launch would therefore be likely. Until then, Apple has enough time to perfect the hardware and adapt the software for the new form factor.<\/p>\n\n\n\n<h4 class=\"wp-block-heading\" id=\"h-faltenfreies-display-durch-spezielle-metallplatte\">Wrinkle-free display thanks to special metal plate<\/h4>\n\n\n\n<p>A key problem with foldable displays is the visible crease in the middle. Apple apparently wants to solve this problem technically. Ming-Chi Kuo reports that the iPhone Fold will have a virtually crease-free internal display. This is supposedly made possible by a laser-drilled metal display plate that evenly distributes mechanical stress during folding. This could make the display not only visually smoother but also more durable.<\/p>\n\n\n\n<h4 class=\"wp-block-heading\" id=\"h-technische-ausstattung-zwei-ruckkameras-touch-id-statt-face-id\">Technical features: Two rear cameras, Touch ID instead of Face ID<\/h4>\n\n\n\n<p>There&#039;s also new information about other features. The iPhone Fold is said to be equipped with two rear cameras and a front camera. A Touch ID sensor in the power button is planned as a biometric unlocking method. Face ID doesn&#039;t appear to be planned, possibly due to space constraints. The power button with a fingerprint sensor could be a space-saving alternative, as is also used in some iPads.<\/p>\n\n\n\n<h3 class=\"wp-block-heading\" id=\"h-iphone-fold-apples-foldable-wird-greifbar\">iPhone Fold: Apple&#039;s foldable phone becomes tangible<\/h3>\n\n\n\n<p>The iPhone Fold is taking shape. The leaked information on display sizes, display technology, and features paints a clear picture of what Apple is planning. Compared to Samsung, the device appears somewhat more compact, but technically ambitious\u2014especially with the goal of a crease-free display. With a market launch in 2026, Apple may be lagging behind the competition, but it could enter the market with a mature product. (Photo by seveniwe \/ Bigstockphoto)<\/p>\n\n\n\n<ul class=\"wp-block-list\">\n<li><a href=\"https:\/\/www.apfelpatient.de\/en\/rumors\/ios-27-apple-prepares-for-the-iphone-fold\">iOS 27: Apple prepares for the iPhone Fold<\/a><\/li>\n\n\n\n<li><a href=\"https:\/\/www.apfelpatient.de\/en\/rumors\/iphone-fold-comes-late-but-with-typical-apple-plan\">iPhone Fold comes late \u2013 but with a typical Apple plan<\/a><\/li>\n<\/ul>\n\n\n\n<h6 class=\"wp-block-heading translation-block\" id=\"h-kennt-ihr-schon-unsere-amazon-storefront-dort-findet-ihr-eine-handverlesene-auswahl-von-diversen-produkten-f-r-euer-iphone-und-co-viel-spa-beim-st-bern\"><em>Have you already visited our Amazon Storefront? There you&#039;ll find a hand-picked selection of various products for your iPhone and other devices \u2013 <span class=\"has-inline-color has-vivid-red-color\"><a href=\"https:\/\/www.amazon.de\/shop\/apfelpatientofficial\" class=\"ek-link\" data-wpel-link=\"exclude\" rel=\"follow noopener\" target=\"_self\"><span style=\"text-decoration: underline\" class=\"ek-underline\">enjoy browsing<\/span><\/a> !<\/span><\/em><\/h6>\n\n\n\n<h6 class=\"wp-block-heading translation-block\" id=\"h-der-beitrag-enthalt-partnerlinks\">This post contains <a data-type=\"URL\" data-id=\"https:\/\/www.apfelpatient.de\/partnerprogramm\" href=\"https:\/\/www.apfelpatient.de\/en\/partner-program\" data-wpel-link=\"internal\" target=\"_self\">affiliate links<\/a>.<\/h6>","protected":false},"excerpt":{"rendered":"<p>iPhone Fold: Apple is focusing on a foldable display and new technology. Leak reveals details on display sizes, release date, and camera setup.<\/p>","protected":false},"author":2,"featured_media":53041,"comment_status":"closed","ping_status":"closed","sticky":false,"template":"","format":"standard","meta":{"jnews-multi-image_gallery":[],"jnews_single_post":{"format":"standard","override":[{"template":"2","parallax":"1","fullscreen":"1","layout":"right-sidebar","sidebar":"default-sidebar","second_sidebar":"default-sidebar","sticky_sidebar":"1","share_position":"top","share_float_style":"share-monocrhome","show_featured":"1","show_post_meta":"1","show_post_author":"1","show_post_author_image":"1","show_post_date":"1","post_date_format":"default","post_date_format_custom":"Y\/m\/d","show_post_reading_time":"0","post_reading_time_wpm":"300","post_calculate_word_method":"str_word_count","show_zoom_button":"0","zoom_button_out_step":"2","zoom_button_in_step":"3","show_post_tag":"1","show_prev_next_post":"1","show_popup_post":"1","number_popup_post":"1","show_author_box":"0","show_post_related":"0","show_inline_post_related":"0"}],"image_override":[{"single_post_thumbnail_size":"crop-500","single_post_gallery_size":"crop-500"}],"trending_post_position":"meta","trending_post_label":"Trending","sponsored_post_label":"Sponsored by","disable_ad":"0"},"jnews_primary_category":{"id":"25"},"footnotes":""},"categories":[25],"tags":[8,825,824],"class_list":["post-56933","post","type-post","status-publish","format-standard","has-post-thumbnail","hentry","category-rumors","tag-iphone","tag-iphone-18","tag-iphone-2026"],"yoast_head":"<!-- This site is optimized with the Yoast SEO Premium plugin v27.4 (Yoast SEO v27.4) - https:\/\/yoast.com\/product\/yoast-seo-premium-wordpress\/ -->\n<title>iPhone Fold: Faltenfreies Display und kompaktes Design Apfelpatient<\/title>\n<meta name=\"description\" content=\"iPhone Fold: Apple setzt auf faltfreies Display und neue Technik. Leak zeigt Details zu Displaygr\u00f6\u00dfen, Release-Datum und Kamera-Setup.\" \/>\n<meta name=\"robots\" content=\"index, follow, max-snippet:-1, max-image-preview:large, max-video-preview:-1\" \/>\n<link rel=\"canonical\" href=\"https:\/\/www.apfelpatient.de\/en\/rumors\/iphone-fold-crease-free-display-and-compact-design\" \/>\n<meta property=\"og:locale\" content=\"en_US\" \/>\n<meta property=\"og:type\" content=\"article\" \/>\n<meta property=\"og:title\" content=\"iPhone Fold: Faltenfreies Display und kompaktes Design\" \/>\n<meta property=\"og:description\" content=\"iPhone Fold: Apple setzt auf faltfreies Display und neue Technik. Leak zeigt Details zu Displaygr\u00f6\u00dfen, Release-Datum und Kamera-Setup.\" \/>\n<meta property=\"og:url\" content=\"https:\/\/www.apfelpatient.de\/en\/rumors\/iphone-fold-crease-free-display-and-compact-design\" \/>\n<meta property=\"og:site_name\" content=\"Apfelpatient\" \/>\n<meta property=\"article:publisher\" content=\"https:\/\/www.facebook.com\/apfelpatientOfficial\" \/>\n<meta property=\"article:author\" content=\"https:\/\/www.facebook.com\/apfelpatientOfficial\" \/>\n<meta property=\"article:published_time\" content=\"2025-07-23T11:00:41+00:00\" \/>\n<meta property=\"article:modified_time\" content=\"2025-07-23T11:00:46+00:00\" \/>\n<meta property=\"og:image\" content=\"https:\/\/www.apfelpatient.de\/wp-content\/uploads\/2025\/03\/bigstock-Trendy-Flexible-Phone-Future-406083731.jpeg\" \/>\n\t<meta property=\"og:image:width\" content=\"1600\" \/>\n\t<meta property=\"og:image:height\" content=\"1067\" \/>\n\t<meta property=\"og:image:type\" content=\"image\/jpeg\" \/>\n<meta name=\"author\" content=\"Milan\" \/>\n<meta name=\"twitter:card\" content=\"summary_large_image\" \/>\n<meta name=\"twitter:description\" content=\"iPhone Fold: Apple setzt auf faltfreies Display und neue Technik. Leak zeigt Details zu Displaygr\u00f6\u00dfen, Release-Datum und Kamera-Setup.\" \/>\n<meta name=\"twitter:label1\" content=\"Written by\" \/>\n\t<meta name=\"twitter:data1\" content=\"Milan\" \/>\n\t<meta name=\"twitter:label2\" content=\"Est. reading time\" \/>\n\t<meta name=\"twitter:data2\" content=\"4 minutes\" \/>\n<script type=\"application\/ld+json\" class=\"yoast-schema-graph\">{\"@context\":\"https:\\\/\\\/schema.org\",\"@graph\":[{\"@type\":\"NewsArticle\",\"@id\":\"https:\\\/\\\/www.apfelpatient.de\\\/rumors\\\/iphone-fold-faltenfreies-display-und-kompaktes-design#article\",\"isPartOf\":{\"@id\":\"https:\\\/\\\/www.apfelpatient.de\\\/rumors\\\/iphone-fold-faltenfreies-display-und-kompaktes-design\"},\"author\":{\"@type\":\"Organization\",\"@id\":\"https:\\\/\\\/www.apfelpatient.de\\\/en\\\/#organization\",\"name\":\"Apfelpatient\",\"url\":\"https:\\\/\\\/www.apfelpatient.de\\\/en\\\/\"},\"headline\":\"iPhone Fold: Faltenfreies Display und kompaktes Design\",\"datePublished\":\"2025-07-23T11:00:41+00:00\",\"dateModified\":\"2025-07-23T11:00:46+00:00\",\"mainEntityOfPage\":{\"@id\":\"https:\\\/\\\/www.apfelpatient.de\\\/rumors\\\/iphone-fold-faltenfreies-display-und-kompaktes-design\"},\"wordCount\":509,\"publisher\":{\"@type\":\"Organization\",\"@id\":\"https:\\\/\\\/www.apfelpatient.de\\\/en\\\/#organization\",\"name\":\"Apfelpatient\",\"url\":\"https:\\\/\\\/www.apfelpatient.de\\\/en\\\/\"},\"image\":{\"@id\":\"https:\\\/\\\/www.apfelpatient.de\\\/rumors\\\/iphone-fold-faltenfreies-display-und-kompaktes-design#primaryimage\"},\"thumbnailUrl\":\"https:\\\/\\\/www.apfelpatient.de\\\/wp-content\\\/uploads\\\/2025\\\/03\\\/bigstock-Trendy-Flexible-Phone-Future-406083731.jpeg\",\"keywords\":[\"iPhone\",\"iPhone 18\",\"iPhone 2026\"],\"articleSection\":\"Rumors\",\"inLanguage\":\"en-US\",\"copyrightYear\":\"2025\",\"copyrightHolder\":{\"@id\":\"https:\\\/\\\/www.apfelpatient.de\\\/en\\\/#organization\"}},{\"@type\":\"WebPage\",\"@id\":\"https:\\\/\\\/www.apfelpatient.de\\\/rumors\\\/iphone-fold-faltenfreies-display-und-kompaktes-design\",\"url\":\"https:\\\/\\\/www.apfelpatient.de\\\/rumors\\\/iphone-fold-faltenfreies-display-und-kompaktes-design\",\"name\":\"iPhone Fold: Faltenfreies Display und kompaktes Design Apfelpatient\",\"isPartOf\":{\"@id\":\"https:\\\/\\\/www.apfelpatient.de\\\/#website\"},\"primaryImageOfPage\":{\"@id\":\"https:\\\/\\\/www.apfelpatient.de\\\/rumors\\\/iphone-fold-faltenfreies-display-und-kompaktes-design#primaryimage\"},\"image\":{\"@id\":\"https:\\\/\\\/www.apfelpatient.de\\\/rumors\\\/iphone-fold-faltenfreies-display-und-kompaktes-design#primaryimage\"},\"thumbnailUrl\":\"https:\\\/\\\/www.apfelpatient.de\\\/wp-content\\\/uploads\\\/2025\\\/03\\\/bigstock-Trendy-Flexible-Phone-Future-406083731.jpeg\",\"datePublished\":\"2025-07-23T11:00:41+00:00\",\"dateModified\":\"2025-07-23T11:00:46+00:00\",\"description\":\"iPhone Fold: Apple setzt auf faltfreies Display und neue Technik. Leak zeigt Details zu Displaygr\u00f6\u00dfen, Release-Datum und Kamera-Setup.\",\"breadcrumb\":{\"@id\":\"https:\\\/\\\/www.apfelpatient.de\\\/rumors\\\/iphone-fold-faltenfreies-display-und-kompaktes-design#breadcrumb\"},\"inLanguage\":\"en-US\",\"potentialAction\":[{\"@type\":\"ReadAction\",\"target\":[\"https:\\\/\\\/www.apfelpatient.de\\\/rumors\\\/iphone-fold-faltenfreies-display-und-kompaktes-design\"]}]},{\"@type\":\"ImageObject\",\"inLanguage\":\"en-US\",\"@id\":\"https:\\\/\\\/www.apfelpatient.de\\\/rumors\\\/iphone-fold-faltenfreies-display-und-kompaktes-design#primaryimage\",\"url\":\"https:\\\/\\\/www.apfelpatient.de\\\/wp-content\\\/uploads\\\/2025\\\/03\\\/bigstock-Trendy-Flexible-Phone-Future-406083731.jpeg\",\"contentUrl\":\"https:\\\/\\\/www.apfelpatient.de\\\/wp-content\\\/uploads\\\/2025\\\/03\\\/bigstock-Trendy-Flexible-Phone-Future-406083731.jpeg\",\"width\":1600,\"height\":1067,\"caption\":\"Photo by seveniwe \\\/ Bigstockphoto\"},{\"@type\":\"BreadcrumbList\",\"@id\":\"https:\\\/\\\/www.apfelpatient.de\\\/rumors\\\/iphone-fold-faltenfreies-display-und-kompaktes-design#breadcrumb\",\"itemListElement\":[{\"@type\":\"ListItem\",\"position\":1,\"name\":\"Startseite\",\"item\":\"https:\\\/\\\/www.apfelpatient.de\\\/\"},{\"@type\":\"ListItem\",\"position\":2,\"name\":\"iPhone Fold: Faltenfreies Display und kompaktes Design\"}]},{\"@type\":\"WebSite\",\"@id\":\"https:\\\/\\\/www.apfelpatient.de\\\/#website\",\"url\":\"https:\\\/\\\/www.apfelpatient.de\\\/\",\"name\":\"Apfelpatient\",\"description\":\"Alles rund um Apple!\",\"publisher\":{\"@type\":\"Organization\",\"@id\":\"https:\\\/\\\/www.apfelpatient.de\\\/en\\\/#organization\",\"name\":\"Apfelpatient\",\"url\":\"https:\\\/\\\/www.apfelpatient.de\\\/en\\\/\"},\"alternateName\":\"Apfelpatient\",\"potentialAction\":[{\"@type\":\"SearchAction\",\"target\":{\"@type\":\"EntryPoint\",\"urlTemplate\":\"https:\\\/\\\/www.apfelpatient.de\\\/?s={search_term_string}\"},\"query-input\":{\"@type\":\"PropertyValueSpecification\",\"valueRequired\":true,\"valueName\":\"search_term_string\"}}],\"inLanguage\":\"en-US\"},{\"@type\":[\"Person\",\"Organization\"],\"@id\":\"https:\\\/\\\/www.apfelpatient.de\\\/#\\\/schema\\\/person\\\/7dc56ad6c8e9824b76d2c08d4c140e13\",\"name\":\"Milan\",\"logo\":{\"@id\":\"https:\\\/\\\/www.apfelpatient.de\\\/#\\\/schema\\\/person\\\/image\\\/\"},\"description\":\"Hallo und herzlich willkommen auf meinem Technik-Blog! Als gro\u00dfer Apple-Fan berichte ich hier \u00fcber alles, was mit Apple zu tun hat: von den neuesten News und spannenden Ger\u00fcchten \u00fcber hilfreiche Tipps und Tricks bis hin zu ausf\u00fchrlichen Produkttests. Wenn du genauso technikbegeistert bist wie ich, bist du hier genau richtig!\",\"sameAs\":[\"https:\\\/\\\/www.facebook.com\\\/apfelpatientOfficial\",\"https:\\\/\\\/www.linkedin.com\\\/in\\\/milan-jovicic-42aa0231b\"],\"url\":\"https:\\\/\\\/www.apfelpatient.de\\\/en\\\/author\\\/apfeladmin\"}]}<\/script>\n<!-- \/ Yoast SEO Premium plugin. -->","yoast_head_json":{"title":"iPhone Fold: Crease-free display and compact design Apfelpatient","description":"iPhone Fold: Apple is focusing on a foldable display and new technology. Leak reveals details on display sizes, release date, and camera setup.","robots":{"index":"index","follow":"follow","max-snippet":"max-snippet:-1","max-image-preview":"max-image-preview:large","max-video-preview":"max-video-preview:-1"},"canonical":"https:\/\/www.apfelpatient.de\/en\/rumors\/iphone-fold-crease-free-display-and-compact-design","og_locale":"en_US","og_type":"article","og_title":"iPhone Fold: Faltenfreies Display und kompaktes Design","og_description":"iPhone Fold: Apple setzt auf faltfreies Display und neue Technik. Leak zeigt Details zu Displaygr\u00f6\u00dfen, Release-Datum und Kamera-Setup.","og_url":"https:\/\/www.apfelpatient.de\/en\/rumors\/iphone-fold-crease-free-display-and-compact-design","og_site_name":"Apfelpatient","article_publisher":"https:\/\/www.facebook.com\/apfelpatientOfficial","article_author":"https:\/\/www.facebook.com\/apfelpatientOfficial","article_published_time":"2025-07-23T11:00:41+00:00","article_modified_time":"2025-07-23T11:00:46+00:00","og_image":[{"width":1600,"height":1067,"url":"https:\/\/www.apfelpatient.de\/wp-content\/uploads\/2025\/03\/bigstock-Trendy-Flexible-Phone-Future-406083731.jpeg","type":"image\/jpeg"}],"author":"Milan","twitter_card":"summary_large_image","twitter_description":"iPhone Fold: Apple setzt auf faltfreies Display und neue Technik. Leak zeigt Details zu Displaygr\u00f6\u00dfen, Release-Datum und Kamera-Setup.","twitter_misc":{"Written by":"Milan","Est. reading time":"4 minutes"},"schema":{"@context":"https:\/\/schema.org","@graph":[{"@type":"NewsArticle","@id":"https:\/\/www.apfelpatient.de\/rumors\/iphone-fold-faltenfreies-display-und-kompaktes-design#article","isPartOf":{"@id":"https:\/\/www.apfelpatient.de\/rumors\/iphone-fold-faltenfreies-display-und-kompaktes-design"},"author":{"@type":"Organization","@id":"https:\/\/www.apfelpatient.de\/en\/#organization","name":"Apfelpatient","url":"https:\/\/www.apfelpatient.de\/en\/"},"headline":"iPhone Fold: Faltenfreies Display und kompaktes Design","datePublished":"2025-07-23T11:00:41+00:00","dateModified":"2025-07-23T11:00:46+00:00","mainEntityOfPage":{"@id":"https:\/\/www.apfelpatient.de\/rumors\/iphone-fold-faltenfreies-display-und-kompaktes-design"},"wordCount":509,"publisher":{"@type":"Organization","@id":"https:\/\/www.apfelpatient.de\/en\/#organization","name":"Apfelpatient","url":"https:\/\/www.apfelpatient.de\/en\/"},"image":{"@id":"https:\/\/www.apfelpatient.de\/rumors\/iphone-fold-faltenfreies-display-und-kompaktes-design#primaryimage"},"thumbnailUrl":"https:\/\/www.apfelpatient.de\/wp-content\/uploads\/2025\/03\/bigstock-Trendy-Flexible-Phone-Future-406083731.jpeg","keywords":["iPhone","iPhone 18","iPhone 2026"],"articleSection":"Rumors","inLanguage":"en-US","copyrightYear":"2025","copyrightHolder":{"@id":"https:\/\/www.apfelpatient.de\/en\/#organization"}},{"@type":"WebPage","@id":"https:\/\/www.apfelpatient.de\/rumors\/iphone-fold-faltenfreies-display-und-kompaktes-design","url":"https:\/\/www.apfelpatient.de\/rumors\/iphone-fold-faltenfreies-display-und-kompaktes-design","name":"iPhone Fold: Crease-free display and compact design Apfelpatient","isPartOf":{"@id":"https:\/\/www.apfelpatient.de\/#website"},"primaryImageOfPage":{"@id":"https:\/\/www.apfelpatient.de\/rumors\/iphone-fold-faltenfreies-display-und-kompaktes-design#primaryimage"},"image":{"@id":"https:\/\/www.apfelpatient.de\/rumors\/iphone-fold-faltenfreies-display-und-kompaktes-design#primaryimage"},"thumbnailUrl":"https:\/\/www.apfelpatient.de\/wp-content\/uploads\/2025\/03\/bigstock-Trendy-Flexible-Phone-Future-406083731.jpeg","datePublished":"2025-07-23T11:00:41+00:00","dateModified":"2025-07-23T11:00:46+00:00","description":"iPhone Fold: Apple is focusing on a foldable display and new technology. Leak reveals details on display sizes, release date, and camera setup.","breadcrumb":{"@id":"https:\/\/www.apfelpatient.de\/rumors\/iphone-fold-faltenfreies-display-und-kompaktes-design#breadcrumb"},"inLanguage":"en-US","potentialAction":[{"@type":"ReadAction","target":["https:\/\/www.apfelpatient.de\/rumors\/iphone-fold-faltenfreies-display-und-kompaktes-design"]}]},{"@type":"ImageObject","inLanguage":"en-US","@id":"https:\/\/www.apfelpatient.de\/rumors\/iphone-fold-faltenfreies-display-und-kompaktes-design#primaryimage","url":"https:\/\/www.apfelpatient.de\/wp-content\/uploads\/2025\/03\/bigstock-Trendy-Flexible-Phone-Future-406083731.jpeg","contentUrl":"https:\/\/www.apfelpatient.de\/wp-content\/uploads\/2025\/03\/bigstock-Trendy-Flexible-Phone-Future-406083731.jpeg","width":1600,"height":1067,"caption":"Photo by seveniwe \/ Bigstockphoto"},{"@type":"BreadcrumbList","@id":"https:\/\/www.apfelpatient.de\/rumors\/iphone-fold-faltenfreies-display-und-kompaktes-design#breadcrumb","itemListElement":[{"@type":"ListItem","position":1,"name":"Startseite","item":"https:\/\/www.apfelpatient.de\/"},{"@type":"ListItem","position":2,"name":"iPhone Fold: Faltenfreies Display und kompaktes Design"}]},{"@type":"WebSite","@id":"https:\/\/www.apfelpatient.de\/#website","url":"https:\/\/www.apfelpatient.de\/","name":"apple patient","description":"Everything about Apple!","publisher":{"@type":"Organization","@id":"https:\/\/www.apfelpatient.de\/en\/#organization","name":"Apfelpatient","url":"https:\/\/www.apfelpatient.de\/en\/"},"alternateName":"Apfelpatient","potentialAction":[{"@type":"SearchAction","target":{"@type":"EntryPoint","urlTemplate":"https:\/\/www.apfelpatient.de\/?s={search_term_string}"},"query-input":{"@type":"PropertyValueSpecification","valueRequired":true,"valueName":"search_term_string"}}],"inLanguage":"en-US"},{"@type":["Person","Organization"],"@id":"https:\/\/www.apfelpatient.de\/#\/schema\/person\/7dc56ad6c8e9824b76d2c08d4c140e13","name":"Milan","logo":{"@id":"https:\/\/www.apfelpatient.de\/#\/schema\/person\/image\/"},"description":"Hello and welcome to my technology blog! As a big Apple fan, I report on everything to do with Apple: from the latest news and exciting rumors to helpful tips and tricks and detailed product tests. If you are as enthusiastic about technology as I am, you have come to the right place!","sameAs":["https:\/\/www.facebook.com\/apfelpatientOfficial","https:\/\/www.linkedin.com\/in\/milan-jovicic-42aa0231b"],"url":"https:\/\/www.apfelpatient.de\/en\/author\/apfeladmin"}]}},"_links":{"self":[{"href":"https:\/\/www.apfelpatient.de\/en\/wp-json\/wp\/v2\/posts\/56933","targetHints":{"allow":["GET"]}}],"collection":[{"href":"https:\/\/www.apfelpatient.de\/en\/wp-json\/wp\/v2\/posts"}],"about":[{"href":"https:\/\/www.apfelpatient.de\/en\/wp-json\/wp\/v2\/types\/post"}],"author":[{"embeddable":true,"href":"https:\/\/www.apfelpatient.de\/en\/wp-json\/wp\/v2\/users\/2"}],"replies":[{"embeddable":true,"href":"https:\/\/www.apfelpatient.de\/en\/wp-json\/wp\/v2\/comments?post=56933"}],"version-history":[{"count":0,"href":"https:\/\/www.apfelpatient.de\/en\/wp-json\/wp\/v2\/posts\/56933\/revisions"}],"wp:featuredmedia":[{"embeddable":true,"href":"https:\/\/www.apfelpatient.de\/en\/wp-json\/wp\/v2\/media\/53041"}],"wp:attachment":[{"href":"https:\/\/www.apfelpatient.de\/en\/wp-json\/wp\/v2\/media?parent=56933"}],"wp:term":[{"taxonomy":"category","embeddable":true,"href":"https:\/\/www.apfelpatient.de\/en\/wp-json\/wp\/v2\/categories?post=56933"},{"taxonomy":"post_tag","embeddable":true,"href":"https:\/\/www.apfelpatient.de\/en\/wp-json\/wp\/v2\/tags?post=56933"}],"curies":[{"name":"wp","href":"https:\/\/api.w.org\/{rel}","templated":true}]}}